{"id":969,"date":"2025-01-08T11:56:40","date_gmt":"2025-01-08T11:56:40","guid":{"rendered":"https:\/\/tiempodetormentas.com\/?p=969"},"modified":"2025-01-08T12:21:31","modified_gmt":"2025-01-08T12:21:31","slug":"la-gran-pelicula-sobre-enrico-berlinguer","status":"publish","type":"post","link":"https:\/\/tiempodetormentas.com\/en\/cultura\/cine\/la-gran-pelicula-sobre-enrico-berlinguer\/","title":{"rendered":"LA GRAN PELICULA SOBRE ENRICO BERLINGUER"},"content":{"rendered":"<p>&nbsp;<\/p>\n<p><strong>ENRICO , TORNA SUBITO, PER FAVORE<\/strong><\/p>\n<p><img loading=\"lazy\" decoding=\"async\" class=\"aligncenter size-full wp-image-970\" src=\"https:\/\/tiempodetormentas.com\/wp-content\/uploads\/2025\/01\/LA-GRAN-AMBIZIONE.jpeg\" alt=\"\" width=\"1920\" height=\"1080\" srcset=\"https:\/\/tiempodetormentas.com\/wp-content\/uploads\/2025\/01\/LA-GRAN-AMBIZIONE.jpeg 1920w, https:\/\/tiempodetormentas.com\/wp-content\/uploads\/2025\/01\/LA-GRAN-AMBIZIONE-300x169.jpeg 300w, https:\/\/tiempodetormentas.com\/wp-content\/uploads\/2025\/01\/LA-GRAN-AMBIZIONE-1024x576.jpeg 1024w, https:\/\/tiempodetormentas.com\/wp-content\/uploads\/2025\/01\/LA-GRAN-AMBIZIONE-768x432.jpeg 768w, https:\/\/tiempodetormentas.com\/wp-content\/uploads\/2025\/01\/LA-GRAN-AMBIZIONE-1536x864.jpeg 1536w, https:\/\/tiempodetormentas.com\/wp-content\/uploads\/2025\/01\/LA-GRAN-AMBIZIONE-747x420.jpeg 747w, https:\/\/tiempodetormentas.com\/wp-content\/uploads\/2025\/01\/LA-GRAN-AMBIZIONE-150x84.jpeg 150w, https:\/\/tiempodetormentas.com\/wp-content\/uploads\/2025\/01\/LA-GRAN-AMBIZIONE-696x392.jpeg 696w, https:\/\/tiempodetormentas.com\/wp-content\/uploads\/2025\/01\/LA-GRAN-AMBIZIONE-1068x601.jpeg 1068w\" sizes=\"auto, (max-width: 1920px) 100vw, 1920px\" \/><\/p>\n<p>A primeros de noviembre, la pel\u00edcula\u00a0<em>Berlinguer: La gran ambici\u00f3n<\/em>, que narra cinco a\u00f1os clave en la vida del hist\u00f3rico secretario del Partido Comunista Italiano (PCI), figuraba entre las m\u00e1s taquilleras tras su estreno en Italia. Dirigida por Andrea Segre, el filme consegu\u00eda el premio al mejor actor \u2013el fant\u00e1stico Elio Germano\u2013, en el Festival de Cine de Roma en octubre.<\/p>\n<p><img loading=\"lazy\" decoding=\"async\" class=\"aligncenter size-full wp-image-971\" src=\"https:\/\/tiempodetormentas.com\/wp-content\/uploads\/2025\/01\/fotograma-la-gran-ambicion.jpg\" alt=\"\" width=\"800\" height=\"400\" srcset=\"https:\/\/tiempodetormentas.com\/wp-content\/uploads\/2025\/01\/fotograma-la-gran-ambicion.jpg 800w, https:\/\/tiempodetormentas.com\/wp-content\/uploads\/2025\/01\/fotograma-la-gran-ambicion-300x150.jpg 300w, https:\/\/tiempodetormentas.com\/wp-content\/uploads\/2025\/01\/fotograma-la-gran-ambicion-768x384.jpg 768w, https:\/\/tiempodetormentas.com\/wp-content\/uploads\/2025\/01\/fotograma-la-gran-ambicion-150x75.jpg 150w, https:\/\/tiempodetormentas.com\/wp-content\/uploads\/2025\/01\/fotograma-la-gran-ambicion-696x348.jpg 696w\" sizes=\"auto, (max-width: 800px) 100vw, 800px\" \/><\/p>\n<p>En plena Guerra Fr\u00eda, que comunistas y democristianos gobernaran juntos parec\u00eda impensable pero Berlinguer, tras convertir a su partido en el segundo m\u00e1s votado de Italia en 1976 con el 34% de los votos \u2013apenas un 4% menos que la Democracia Cristiana, en el poder desde hac\u00eda d\u00e9cadas\u2013, intent\u00f3 durante dos largos a\u00f1os convencer al partido de Giulio Andreotti para que dejara entrar a los comunistas en el gobierno.<\/p>\n<p>Fue un momento muy concreto de la historia de Italia y aquel sue\u00f1o de Berlinguer fue clave para llevar al pa\u00eds a hacer un esfuerzo com\u00fan y empujar por avances sociales. El sistema sanitario nacional, que naci\u00f3 despu\u00e9s, es fruto de aquel momento hist\u00f3rico\u201d explic\u00f3 Andrea Segre durante un encuentro con la prensa en el Festival de Cine de Roma.<img loading=\"lazy\" decoding=\"async\" class=\"aligncenter size-full wp-image-972\" src=\"https:\/\/tiempodetormentas.com\/wp-content\/uploads\/2025\/01\/berlinguer-y-pannunzio.jpg\" alt=\"\" width=\"710\" height=\"710\" srcset=\"https:\/\/tiempodetormentas.com\/wp-content\/uploads\/2025\/01\/berlinguer-y-pannunzio.jpg 710w, https:\/\/tiempodetormentas.com\/wp-content\/uploads\/2025\/01\/berlinguer-y-pannunzio-300x300.jpg 300w, https:\/\/tiempodetormentas.com\/wp-content\/uploads\/2025\/01\/berlinguer-y-pannunzio-150x150.jpg 150w, https:\/\/tiempodetormentas.com\/wp-content\/uploads\/2025\/01\/berlinguer-y-pannunzio-420x420.jpg 420w, https:\/\/tiempodetormentas.com\/wp-content\/uploads\/2025\/01\/berlinguer-y-pannunzio-696x696.jpg 696w\" sizes=\"auto, (max-width: 710px) 100vw, 710px\" \/><\/p>\n<p>La pel\u00edcula se centra en cinco a\u00f1os que marcaron a un pa\u00eds: de 1973, cuando public\u00f3 el documento \u201cReflexiones sobre Italia tras los acontecimientos de Chile\u201d, despu\u00e9s del golpe de Estado contra Salvador Allende y en el que propon\u00eda \u2018el compromiso hist\u00f3rico\u2019, que abri\u00f3 un intenso debate social, hasta el asesinato de Aldo Moro en 1978. Entre medias se aprob\u00f3 la ley del divorcio, se debati\u00f3 sobre el aborto, los comunistas conquistaron la mayor\u00eda de los ayuntamientos italianos en 1975, y un a\u00f1o despu\u00e9s, desafiando la foto fija de dos bloques creada tras la Segunda Guerra Mundial, las elecciones generales les acercaron como nunca al poder al conseguir casi 12 millones de votos.<\/p>\n<p>Todo esto ocurre con el trasfondo de un pa\u00eds en constante tensi\u00f3n. Son los a\u00f1os de plomo, con atentados terroristas constantes y dos poderes, Washington y Mosc\u00fa, utilizando Italia como mesa de operaciones geopol\u00edticas. De hecho, el propio Berlinguer escap\u00f3 por los pelos a un atentado en Sof\u00eda.Washington maniobraba en la sombra para que de ninguna manera el PCI consiguiera m\u00e1s poder.<\/p>\n<div class=\"z-movie\">\n<div id=\"left-column\">\n<dl class=\"margin-top movie-info\">\n<dd>\n<div class=\"pro-review\">\n<div>\n<h1 id=\"main-title\">Berlinguer. La grande ambizione<\/h1>\n<div class=\"z-movie\">\n<div class=\"margin-ntabs movie-tabs\">\n<div class=\"slick-list draggable\">\n<div class=\"slick-track\">\n<ul>\n<li class=\"active slick-slide slick-current slick-active\" tabindex=\"0\" data-slick-index=\"0\" aria-hidden=\"false\"><span style=\"color: #000000;\"><a style=\"color: #000000;\" tabindex=\"0\" href=\"https:\/\/www.filmaffinity.com\/es\/film492990.html\">Ficha\u00a0<\/a><\/span><\/li>\n<li class=\"slick-slide slick-active\" tabindex=\"0\" data-slick-index=\"1\" aria-hidden=\"false\"><span style=\"color: #000000;\"><a style=\"color: #000000;\" tabindex=\"0\" href=\"https:\/\/www.filmaffinity.com\/es\/fullcredits.php?movie_id=492990\">Cr\u00e9ditos\u00a0<\/a><\/span><\/li>\n<li class=\"slick-slide slick-active\" tabindex=\"0\" data-slick-index=\"2\" aria-hidden=\"false\"><span style=\"color: #000000;\"><a style=\"color: #000000;\" tabindex=\"0\" href=\"https:\/\/www.filmaffinity.com\/es\/evideos.php?movie_id=492990\">Tr\u00e1ilers\u00a0<\/a><\/span><\/li>\n<li class=\"slick-slide slick-active\" tabindex=\"0\" data-slick-index=\"3\" aria-hidden=\"false\"><span style=\"color: #000000;\"><a style=\"color: #000000;\" tabindex=\"0\" href=\"https:\/\/www.filmaffinity.com\/es\/filmimages.php?movie_id=492990\">Im\u00e1genes\u00a0<\/a><\/span><\/li>\n<\/ul>\n<\/div>\n<\/div>\n<\/div>\n<div id=\"right-column\">\n<div id=\"movie-main-image-container\"><a class=\"lightbox\" style=\"box-sizing: border-box; color: rgba(var(--bs-link-color-rgb), var(--bs-link-opacity, 1)); text-decoration: none; position: relative; outline: none; display: block;\" title=\"Berlinguer. La grande ambizione \" href=\"https:\/\/pics.filmaffinity.com\/berlinguer_la_grande_ambizione-613709109-large.jpg\" data-t=\"&lt;p style=font-size:9px;font-family:arial;color:#666666;&gt;El copyright de las im\u00e1genes pertenece a sus respectivos autores y\/o productoras\/distribuidoras.&lt;\/p&gt;\" data-movie-id=\"492990\"><img loading=\"lazy\" decoding=\"async\" src=\"https:\/\/pics.filmaffinity.com\/berlinguer_la_grande_ambizione-613709109-mmed.jpg\" alt=\"Berlinguer. La grande ambizione \" width=\"160\" height=\"240\" \/><\/a><\/div>\n<div class=\"add-movie-list-cont\">\n<div class=\"add-text-content\">\n<div class=\"add-movie-list-info add-to-list-button\"><\/div>\n<\/div>\n<div class=\"lists-box\"><\/div>\n<\/div>\n<\/div>\n<div id=\"left-column\">\n<dl class=\"movie-info\">\n<dt>T\u00edtulo original<\/dt>\n<dd>Berlinguer. La grande ambizione<\/dd>\n<dt>A\u00f1o<\/dt>\n<dd>2024<\/dd>\n<dt>Duraci\u00f3n<\/dt>\n<dd>95 min.<\/dd>\n<dt>Pa\u00eds<\/dt>\n<dd><span id=\"country-img\"><img decoding=\"async\" class=\"nflag\" src=\"https:\/\/www.filmaffinity.com\/imgs\/countries2\/IT.png\" alt=\"Italia\" \/><\/span>\u00a0Italia<\/dd>\n<dt>Direcci\u00f3n<\/dt>\n<dd class=\"directors\">\n<div class=\"credits\"><span class=\"nb\" style=\"color: #000000;\"><a class=\"link\" style=\"color: #000000;\" title=\"Andrea Segre\" href=\"https:\/\/www.filmaffinity.com\/es\/name.php?name-id=130035760\">Andrea Segre<\/a><\/span><\/div>\n<\/dd>\n<dt>Guion<\/dt>\n<dd>\n<div class=\"credits\"><span class=\"nb\"><a title=\"Marco Pettenello\" href=\"https:\/\/www.filmaffinity.com\/es\/name.php?name-id=154270277\"><span style=\"color: #000000;\">Marco Pettenello<\/span><\/a><span style=\"color: #000000;\">,<\/span><\/span>\u00a0<span class=\"nb\" style=\"color: #000000;\"><a style=\"color: #000000;\" title=\"Andrea Segre\" href=\"https:\/\/www.filmaffinity.com\/es\/name.php?name-id=130035760\">Andrea Segre<\/a><\/span><\/div>\n<\/dd>\n<dt>Reparto<\/dt>\n<dd class=\"card-cast-debug\">\n<div class=\"cast-wrapper\">\n<div class=\"slick-list draggable\">\n<div class=\"slick-track\">\n<ul>\n<li class=\"nb slick-slide slick-current slick-active\" tabindex=\"0\" data-slick-index=\"0\" aria-hidden=\"false\"><a class=\"link\" tabindex=\"0\" title=\"Elio Germano\" href=\"https:\/\/www.filmaffinity.com\/es\/name.php?name-id=923794085\"><img loading=\"lazy\" decoding=\"async\" src=\"https:\/\/pics.filmaffinity.com\/elio_germano-110148048260733-nm_200.jpg\" alt=\"Elio Germano\" width=\"80\" height=\"121\" \/><\/a>\n<div class=\"name\">Elio Germano<\/div>\n<\/li>\n<li class=\"nb slick-slide slick-active\" tabindex=\"0\" data-slick-index=\"1\" aria-hidden=\"false\"><a class=\"link\" tabindex=\"0\" title=\"Paolo Pierobon\" href=\"https:\/\/www.filmaffinity.com\/es\/name.php?name-id=732588409\"><img loading=\"lazy\" decoding=\"async\" src=\"https:\/\/pics.filmaffinity.com\/paolo_pierobon-197100699891008-nm_200.jpg\" alt=\"Paolo Pierobon\" width=\"80\" height=\"120\" \/><\/a>\n<div class=\"name\">Paolo Pierobon<\/div>\n<\/li>\n<li class=\"nb slick-slide slick-active\" tabindex=\"0\" data-slick-index=\"2\" aria-hidden=\"false\"><a class=\"link\" tabindex=\"0\" title=\"Roberto Citran\" href=\"https:\/\/www.filmaffinity.com\/es\/name.php?name-id=806091192\"><img loading=\"lazy\" decoding=\"async\" src=\"https:\/\/pics.filmaffinity.com\/roberto_citran-251534307881739-nm_200.jpg\" alt=\"Roberto Citran\" width=\"80\" height=\"121\" \/><\/a>\n<div class=\"name\">Roberto Citran<\/div>\n<\/li>\n<li class=\"nb slick-slide slick-active\" tabindex=\"0\" data-slick-index=\"3\" aria-hidden=\"false\"><a class=\"link\" tabindex=\"0\" title=\"Stefano Abbati\" href=\"https:\/\/www.filmaffinity.com\/es\/name.php?name-id=952673673\"><img loading=\"lazy\" decoding=\"async\" src=\"https:\/\/pics.filmaffinity.com\/stefano_abbati-172276290569052-nm_200.jpg\" alt=\"Stefano Abbati\" width=\"80\" height=\"121\" \/><\/a>\n<div class=\"name\">Stefano Abbati<\/div>\n<\/li>\n<li class=\"nb slick-slide slick-active\" tabindex=\"0\" data-slick-index=\"4\" aria-hidden=\"false\"><a class=\"link\" tabindex=\"0\" title=\"Francesco Acquaroli\" href=\"https:\/\/www.filmaffinity.com\/es\/name.php?name-id=747059320\"><img loading=\"lazy\" decoding=\"async\" src=\"https:\/\/pics.filmaffinity.com\/francesco_acquaroli-152174782072012-nm_200.jpg\" alt=\"Francesco Acquaroli\" width=\"80\" height=\"120\" \/><\/a>\n<div class=\"name\">Francesco Acquaroli<\/div>\n<\/li>\n<li class=\"nb slick-slide\" tabindex=\"-1\" data-slick-index=\"5\" aria-hidden=\"true\"><a class=\"link\" tabindex=\"-1\" title=\"Paolo Calabresi\" href=\"https:\/\/www.filmaffinity.com\/es\/name.php?name-id=568603923\"><img loading=\"lazy\" decoding=\"async\" src=\"https:\/\/pics.filmaffinity.com\/paolo_calabresi-005034693973867-nm_200.jpg\" alt=\"Paolo Calabresi\" width=\"80\" height=\"120\" \/><\/a>\n<div class=\"name\">Paolo Calabresi<\/div>\n<\/li>\n<li class=\"nb slick-slide\" tabindex=\"-1\" data-slick-index=\"6\" aria-hidden=\"true\"><a class=\"link\" tabindex=\"-1\" title=\"Andrea Pennacchi\" href=\"https:\/\/www.filmaffinity.com\/es\/name.php?name-id=807405769\"><img loading=\"lazy\" decoding=\"async\" src=\"https:\/\/pics.filmaffinity.com\/andrea_pennacchi-229114333216285-nm_200.jpg\" alt=\"Andrea Pennacchi\" width=\"80\" height=\"121\" \/><\/a>\n<div class=\"name\">Andrea Pennacchi<\/div>\n<\/li>\n<li class=\"nb slick-slide\" tabindex=\"-1\" data-slick-index=\"7\" aria-hidden=\"true\"><a class=\"link\" tabindex=\"-1\" title=\"Elena Radonicich\" href=\"https:\/\/www.filmaffinity.com\/es\/name.php?name-id=484316633\"><img loading=\"lazy\" decoding=\"async\" src=\"https:\/\/pics.filmaffinity.com\/elena_radonicich-052045397536859-nm_200.jpg\" alt=\"Elena Radonicich\" width=\"80\" height=\"120\" \/><\/a>\n<div class=\"name\">Elena Radonicich<\/div>\n<\/li>\n<li class=\"nb slick-slide\" tabindex=\"-1\" data-slick-index=\"8\" aria-hidden=\"true\"><a class=\"link\" tabindex=\"-1\" title=\"Fabrizia Sacchi\" href=\"https:\/\/www.filmaffinity.com\/es\/name.php?name-id=791770855\"><img loading=\"lazy\" decoding=\"async\" src=\"https:\/\/pics.filmaffinity.com\/fabrizia_sacchi-243672652619611-nm_200.jpg\" alt=\"Fabrizia Sacchi\" width=\"80\" height=\"120\" \/><\/a>\n<div class=\"name\">Fabrizia Sacchi<\/div>\n<\/li>\n<li class=\"nb slick-slide\" tabindex=\"-1\" data-slick-index=\"9\" aria-hidden=\"true\"><a class=\"link\" tabindex=\"-1\" title=\"Giorgio Tirabassi\" href=\"https:\/\/www.filmaffinity.com\/es\/name.php?name-id=717178338\"><img loading=\"lazy\" decoding=\"async\" src=\"https:\/\/pics.filmaffinity.com\/giorgio_tirabassi-151681516112963-nm_200.jpg\" alt=\"Giorgio Tirabassi\" width=\"80\" height=\"120\" \/><\/a>M\u00fasica<\/li>\n<\/ul>\n<\/div>\n<\/div>\n<\/div>\n<\/dd>\n<dd>\n<div class=\"credits\"><span class=\"nb\" style=\"color: #000000;\"><a style=\"color: #000000;\" title=\"Iosonouncane\" href=\"https:\/\/www.filmaffinity.com\/es\/name.php?name-id=787148213\">Iosonouncane<\/a><\/span><\/div>\n<\/dd>\n<dt>Fotograf\u00eda<\/dt>\n<dd>\n<div class=\"credits\"><span class=\"nb\" style=\"color: #000000;\"><a style=\"color: #000000;\" title=\"Beno\u00eet Dervaux\" href=\"https:\/\/www.filmaffinity.com\/es\/name.php?name-id=786715460\">Beno\u00eet Dervaux<\/a><\/span><\/div>\n<\/dd>\n<dt>Compa\u00f1\u00edas<\/dt>\n<dd class=\"card-producer\">Coproducci\u00f3n Italia-B\u00e9lgica-Bulgaria;<\/p>\n<div class=\"credits\"><span style=\"color: #000000;\"><span class=\"nb\"><a style=\"color: #000000;\" title=\"Jolefilm\" href=\"https:\/\/www.filmaffinity.com\/es\/name.php?name-id=115428621\">Jolefilm<\/a>,<\/span>\u00a0<span class=\"nb\"><a style=\"color: #000000;\" title=\"Vivo Film\" href=\"https:\/\/www.filmaffinity.com\/es\/name.php?name-id=755498640\">Vivo Film<\/a>,<\/span>\u00a0<span class=\"nb\"><a style=\"color: #000000;\" title=\"RAI Cinema\" href=\"https:\/\/www.filmaffinity.com\/es\/name.php?name-id=786044922\">RAI Cinema<\/a>,<\/span>\u00a0<span class=\"nb\"><a style=\"color: #000000;\" title=\"Tarantula\" href=\"https:\/\/www.filmaffinity.com\/es\/name.php?name-id=663444567\">Tarantula<\/a>,<\/span>\u00a0<span class=\"nb\"><a style=\"color: #000000;\" title=\"Agitprop\" href=\"https:\/\/www.filmaffinity.com\/es\/name.php?name-id=365568577\">Agitprop<\/a>,<\/span>\u00a0<\/span><span class=\"nb\"><a title=\"Ministero della Cultura\" href=\"https:\/\/www.filmaffinity.com\/es\/name.php?name-id=245893619\"><span style=\"color: #000000;\">Ministero della<\/span> <span style=\"color: #000000;\">Cultura<\/span><\/a>.<\/span><i>\u00a0Distribuidora:<\/i>\u00a0<span style=\"color: #000000;\"><span class=\"nb\"><a style=\"color: #000000;\" title=\"Lucky Red\" href=\"https:\/\/www.filmaffinity.com\/es\/name.php?name-id=303992839\">Lucky Red<\/a>,<\/span>\u00a0<span class=\"nb\"><a style=\"color: #000000;\" title=\"Fandango Produzione\" href=\"https:\/\/www.filmaffinity.com\/es\/name.php?name-id=210872782\">Fandango Produzione<\/a><\/span><\/span><\/div>\n<\/dd>\n<dt>G\u00e9nero<\/dt>\n<dd class=\"card-genres\"><span style=\"color: #000000;\"><a style=\"color: #000000;\" href=\"https:\/\/www.filmaffinity.com\/es\/moviegenre.php?genre=DR&amp;attr=rat_count&amp;nodoc\">Drama<\/a>\u00a0|\u00a0<a style=\"color: #000000;\" href=\"https:\/\/www.filmaffinity.com\/es\/movietopic.php?topic=213643&amp;attr=rat_count&amp;nodoc\">Pol\u00edtica<\/a>.\u00a0<a style=\"color: #000000;\" href=\"https:\/\/www.filmaffinity.com\/es\/movietopic.php?topic=374054&amp;attr=rat_count&amp;nodoc\">Hist\u00f3rico<\/a>.\u00a0<a style=\"color: #000000;\" href=\"https:\/\/www.filmaffinity.com\/es\/movietopic.php?topic=345640&amp;attr=rat_count&amp;nodoc\">Biogr\u00e1fico<\/a><\/span><\/dd>\n<dt>Sinopsis<\/dt>\n<dd class=\"\">La vida del gran y popular l\u00edder pol\u00edtico Enrico Berlinguer, que estuvo a punto de llevar al Partido Comunista de Italia al poder en 1978.<\/dd>\n<\/dl>\n<dl class=\"margin-top movie-info\"><\/dl>\n<dl class=\"margin-top movie-info\">\n<dt>Cr\u00edticas<\/dt>\n<dd>\n<ul id=\"pro-reviews\">\n<li>\n<div class=\"pro-review\">\n<div>\u00abUna reconstrucci\u00f3n fiel y casi documental del camino que condujo a la realizaci\u00f3n de esta gran ambici\u00f3n de lograr una sociedad justa\u00bb\u00a0<i class=\"fa-light fa-arrow-up-right-from-square\"><\/i><\/div>\n<\/div>\n<\/li>\n<\/ul>\n<\/dd>\n<\/dl>\n<\/div>\n<\/div>\n<\/div>\n<\/div>\n<\/dd>\n<\/dl>\n<\/div>\n<\/div>","protected":false},"excerpt":{"rendered":"<p>&nbsp; ENRICO , TORNA SUBITO, PER FAVORE A primeros de noviembre, la pel\u00edcula\u00a0Berlinguer: La gran ambici\u00f3n, que narra cinco a\u00f1os clave en la vida del hist\u00f3rico secretario del Partido Comunista Italiano (PCI), figuraba entre las m\u00e1s taquilleras tras su estreno en Italia. Dirigida por Andrea Segre, el filme consegu\u00eda el premio al mejor actor \u2013el [&hellip;]<\/p>","protected":false},"author":13,"featured_media":976,"comment_status":"open","ping_status":"open","sticky":true,"template":"","format":"standard","meta":{"footnotes":""},"categories":[28],"tags":[],"class_list":{"0":"post-969","1":"post","2":"type-post","3":"status-publish","4":"format-standard","5":"has-post-thumbnail","7":"category-cine"},"yoast_head":"<!-- This site is optimized with the Yoast SEO plugin v26.2 - https:\/\/yoast.com\/wordpress\/plugins\/seo\/ -->\n<title>LA GRAN PELICULA SOBRE ENRICO BERLINGUER - Tiempo de Tormentas<\/title>\n<meta name=\"robots\" content=\"index, follow, max-snippet:-1, max-image-preview:large, max-video-preview:-1\" \/>\n<link rel=\"canonical\" href=\"https:\/\/tiempodetormentas.com\/en\/cultura\/cine\/la-gran-pelicula-sobre-enrico-berlinguer\/\" \/>\n<meta property=\"og:locale\" content=\"en_GB\" \/>\n<meta property=\"og:type\" content=\"article\" \/>\n<meta property=\"og:title\" content=\"LA GRAN PELICULA SOBRE ENRICO BERLINGUER - Tiempo de Tormentas\" \/>\n<meta property=\"og:description\" content=\"&nbsp; ENRICO , TORNA SUBITO, PER FAVORE A primeros de noviembre, la pel\u00edcula\u00a0Berlinguer: La gran ambici\u00f3n, que narra cinco a\u00f1os clave en la vida del hist\u00f3rico secretario del Partido Comunista Italiano (PCI), figuraba entre las m\u00e1s taquilleras tras su estreno en Italia. Dirigida por Andrea Segre, el filme consegu\u00eda el premio al mejor actor \u2013el [&hellip;]\" \/>\n<meta property=\"og:url\" content=\"https:\/\/tiempodetormentas.com\/en\/cultura\/cine\/la-gran-pelicula-sobre-enrico-berlinguer\/\" \/>\n<meta property=\"og:site_name\" content=\"Tiempo de Tormentas\" \/>\n<meta property=\"article:published_time\" content=\"2025-01-08T11:56:40+00:00\" \/>\n<meta property=\"article:modified_time\" content=\"2025-01-08T12:21:31+00:00\" \/>\n<meta property=\"og:image\" content=\"https:\/\/tiempodetormentas.com\/wp-content\/uploads\/2025\/01\/images.jpeg\" \/>\n\t<meta property=\"og:image:width\" content=\"201\" \/>\n\t<meta property=\"og:image:height\" content=\"251\" \/>\n\t<meta property=\"og:image:type\" content=\"image\/jpeg\" \/>\n<meta name=\"author\" content=\"Tiempo de Tormentas\" \/>\n<meta name=\"twitter:card\" content=\"summary_large_image\" \/>\n<meta name=\"twitter:label1\" content=\"Written by\" \/>\n\t<meta name=\"twitter:data1\" content=\"Tiempo de Tormentas\" \/>\n\t<meta name=\"twitter:label2\" content=\"Estimated reading time\" \/>\n\t<meta name=\"twitter:data2\" content=\"6 minutes\" \/>\n<script type=\"application\/ld+json\" class=\"yoast-schema-graph\">{\"@context\":\"https:\/\/schema.org\",\"@graph\":[{\"@type\":\"Article\",\"@id\":\"https:\/\/tiempodetormentas.com\/cultura\/cine\/la-gran-pelicula-sobre-enrico-berlinguer\/#article\",\"isPartOf\":{\"@id\":\"https:\/\/tiempodetormentas.com\/cultura\/cine\/la-gran-pelicula-sobre-enrico-berlinguer\/\"},\"author\":{\"name\":\"Tiempo de Tormentas\",\"@id\":\"https:\/\/tiempodetormentas.com\/#\/schema\/person\/9a9e95f6209f068f15d4e1c74cc3718e\"},\"headline\":\"LA GRAN PELICULA SOBRE ENRICO BERLINGUER\",\"datePublished\":\"2025-01-08T11:56:40+00:00\",\"dateModified\":\"2025-01-08T12:21:31+00:00\",\"mainEntityOfPage\":{\"@id\":\"https:\/\/tiempodetormentas.com\/cultura\/cine\/la-gran-pelicula-sobre-enrico-berlinguer\/\"},\"wordCount\":550,\"commentCount\":4,\"publisher\":{\"@id\":\"https:\/\/tiempodetormentas.com\/#organization\"},\"image\":{\"@id\":\"https:\/\/tiempodetormentas.com\/cultura\/cine\/la-gran-pelicula-sobre-enrico-berlinguer\/#primaryimage\"},\"thumbnailUrl\":\"https:\/\/tiempodetormentas.com\/wp-content\/uploads\/2025\/01\/images.jpeg\",\"articleSection\":[\"Cine\"],\"inLanguage\":\"en-GB\",\"potentialAction\":[{\"@type\":\"CommentAction\",\"name\":\"Comment\",\"target\":[\"https:\/\/tiempodetormentas.com\/cultura\/cine\/la-gran-pelicula-sobre-enrico-berlinguer\/#respond\"]}]},{\"@type\":\"WebPage\",\"@id\":\"https:\/\/tiempodetormentas.com\/cultura\/cine\/la-gran-pelicula-sobre-enrico-berlinguer\/\",\"url\":\"https:\/\/tiempodetormentas.com\/cultura\/cine\/la-gran-pelicula-sobre-enrico-berlinguer\/\",\"name\":\"LA GRAN PELICULA SOBRE ENRICO BERLINGUER - Tiempo de Tormentas\",\"isPartOf\":{\"@id\":\"https:\/\/tiempodetormentas.com\/#website\"},\"primaryImageOfPage\":{\"@id\":\"https:\/\/tiempodetormentas.com\/cultura\/cine\/la-gran-pelicula-sobre-enrico-berlinguer\/#primaryimage\"},\"image\":{\"@id\":\"https:\/\/tiempodetormentas.com\/cultura\/cine\/la-gran-pelicula-sobre-enrico-berlinguer\/#primaryimage\"},\"thumbnailUrl\":\"https:\/\/tiempodetormentas.com\/wp-content\/uploads\/2025\/01\/images.jpeg\",\"datePublished\":\"2025-01-08T11:56:40+00:00\",\"dateModified\":\"2025-01-08T12:21:31+00:00\",\"breadcrumb\":{\"@id\":\"https:\/\/tiempodetormentas.com\/cultura\/cine\/la-gran-pelicula-sobre-enrico-berlinguer\/#breadcrumb\"},\"inLanguage\":\"en-GB\",\"potentialAction\":[{\"@type\":\"ReadAction\",\"target\":[\"https:\/\/tiempodetormentas.com\/cultura\/cine\/la-gran-pelicula-sobre-enrico-berlinguer\/\"]}]},{\"@type\":\"ImageObject\",\"inLanguage\":\"en-GB\",\"@id\":\"https:\/\/tiempodetormentas.com\/cultura\/cine\/la-gran-pelicula-sobre-enrico-berlinguer\/#primaryimage\",\"url\":\"https:\/\/tiempodetormentas.com\/wp-content\/uploads\/2025\/01\/images.jpeg\",\"contentUrl\":\"https:\/\/tiempodetormentas.com\/wp-content\/uploads\/2025\/01\/images.jpeg\",\"width\":201,\"height\":251},{\"@type\":\"BreadcrumbList\",\"@id\":\"https:\/\/tiempodetormentas.com\/cultura\/cine\/la-gran-pelicula-sobre-enrico-berlinguer\/#breadcrumb\",\"itemListElement\":[{\"@type\":\"ListItem\",\"position\":1,\"name\":\"Portada\",\"item\":\"https:\/\/tiempodetormentas.com\/\"},{\"@type\":\"ListItem\",\"position\":2,\"name\":\"LA GRAN PELICULA SOBRE ENRICO BERLINGUER\"}]},{\"@type\":\"WebSite\",\"@id\":\"https:\/\/tiempodetormentas.com\/#website\",\"url\":\"https:\/\/tiempodetormentas.com\/\",\"name\":\"Tiempo de Tormentas\",\"description\":\"Edita el club de la bruma\",\"publisher\":{\"@id\":\"https:\/\/tiempodetormentas.com\/#organization\"},\"potentialAction\":[{\"@type\":\"SearchAction\",\"target\":{\"@type\":\"EntryPoint\",\"urlTemplate\":\"https:\/\/tiempodetormentas.com\/?s={search_term_string}\"},\"query-input\":{\"@type\":\"PropertyValueSpecification\",\"valueRequired\":true,\"valueName\":\"search_term_string\"}}],\"inLanguage\":\"en-GB\"},{\"@type\":\"Organization\",\"@id\":\"https:\/\/tiempodetormentas.com\/#organization\",\"name\":\"Tiempo de Tormentas\",\"url\":\"https:\/\/tiempodetormentas.com\/\",\"logo\":{\"@type\":\"ImageObject\",\"inLanguage\":\"en-GB\",\"@id\":\"https:\/\/tiempodetormentas.com\/#\/schema\/logo\/image\/\",\"url\":\"https:\/\/tiempodetormentas.com\/wp-content\/uploads\/2022\/01\/tiempo-de-tormentas.png\",\"contentUrl\":\"https:\/\/tiempodetormentas.com\/wp-content\/uploads\/2022\/01\/tiempo-de-tormentas.png\",\"width\":448,\"height\":121,\"caption\":\"Tiempo de Tormentas\"},\"image\":{\"@id\":\"https:\/\/tiempodetormentas.com\/#\/schema\/logo\/image\/\"}},{\"@type\":\"Person\",\"@id\":\"https:\/\/tiempodetormentas.com\/#\/schema\/person\/9a9e95f6209f068f15d4e1c74cc3718e\",\"name\":\"Tiempo de Tormentas\",\"image\":{\"@type\":\"ImageObject\",\"inLanguage\":\"en-GB\",\"@id\":\"https:\/\/tiempodetormentas.com\/#\/schema\/person\/image\/\",\"url\":\"https:\/\/secure.gravatar.com\/avatar\/1b3c03cb36f6ab2f16882ddfcb878f0ebda1187829a7882b31ff8c8cfc477e50?s=96&d=mm&r=g\",\"contentUrl\":\"https:\/\/secure.gravatar.com\/avatar\/1b3c03cb36f6ab2f16882ddfcb878f0ebda1187829a7882b31ff8c8cfc477e50?s=96&d=mm&r=g\",\"caption\":\"Tiempo de Tormentas\"},\"url\":\"https:\/\/tiempodetormentas.com\/en\/author\/tiempo-de-tormentas\/\"}]}<\/script>\n<!-- \/ Yoast SEO plugin. -->","yoast_head_json":{"title":"LA GRAN PELICULA SOBRE ENRICO BERLINGUER - Tiempo de Tormentas","robots":{"index":"index","follow":"follow","max-snippet":"max-snippet:-1","max-image-preview":"max-image-preview:large","max-video-preview":"max-video-preview:-1"},"canonical":"https:\/\/tiempodetormentas.com\/en\/cultura\/cine\/la-gran-pelicula-sobre-enrico-berlinguer\/","og_locale":"en_GB","og_type":"article","og_title":"LA GRAN PELICULA SOBRE ENRICO BERLINGUER - Tiempo de Tormentas","og_description":"&nbsp; ENRICO , TORNA SUBITO, PER FAVORE A primeros de noviembre, la pel\u00edcula\u00a0Berlinguer: La gran ambici\u00f3n, que narra cinco a\u00f1os clave en la vida del hist\u00f3rico secretario del Partido Comunista Italiano (PCI), figuraba entre las m\u00e1s taquilleras tras su estreno en Italia. Dirigida por Andrea Segre, el filme consegu\u00eda el premio al mejor actor \u2013el [&hellip;]","og_url":"https:\/\/tiempodetormentas.com\/en\/cultura\/cine\/la-gran-pelicula-sobre-enrico-berlinguer\/","og_site_name":"Tiempo de Tormentas","article_published_time":"2025-01-08T11:56:40+00:00","article_modified_time":"2025-01-08T12:21:31+00:00","og_image":[{"width":201,"height":251,"url":"https:\/\/tiempodetormentas.com\/wp-content\/uploads\/2025\/01\/images.jpeg","type":"image\/jpeg"}],"author":"Tiempo de Tormentas","twitter_card":"summary_large_image","twitter_misc":{"Written by":"Tiempo de Tormentas","Estimated reading time":"6 minutes"},"schema":{"@context":"https:\/\/schema.org","@graph":[{"@type":"Article","@id":"https:\/\/tiempodetormentas.com\/cultura\/cine\/la-gran-pelicula-sobre-enrico-berlinguer\/#article","isPartOf":{"@id":"https:\/\/tiempodetormentas.com\/cultura\/cine\/la-gran-pelicula-sobre-enrico-berlinguer\/"},"author":{"name":"Tiempo de Tormentas","@id":"https:\/\/tiempodetormentas.com\/#\/schema\/person\/9a9e95f6209f068f15d4e1c74cc3718e"},"headline":"LA GRAN PELICULA SOBRE ENRICO BERLINGUER","datePublished":"2025-01-08T11:56:40+00:00","dateModified":"2025-01-08T12:21:31+00:00","mainEntityOfPage":{"@id":"https:\/\/tiempodetormentas.com\/cultura\/cine\/la-gran-pelicula-sobre-enrico-berlinguer\/"},"wordCount":550,"commentCount":4,"publisher":{"@id":"https:\/\/tiempodetormentas.com\/#organization"},"image":{"@id":"https:\/\/tiempodetormentas.com\/cultura\/cine\/la-gran-pelicula-sobre-enrico-berlinguer\/#primaryimage"},"thumbnailUrl":"https:\/\/tiempodetormentas.com\/wp-content\/uploads\/2025\/01\/images.jpeg","articleSection":["Cine"],"inLanguage":"en-GB","potentialAction":[{"@type":"CommentAction","name":"Comment","target":["https:\/\/tiempodetormentas.com\/cultura\/cine\/la-gran-pelicula-sobre-enrico-berlinguer\/#respond"]}]},{"@type":"WebPage","@id":"https:\/\/tiempodetormentas.com\/cultura\/cine\/la-gran-pelicula-sobre-enrico-berlinguer\/","url":"https:\/\/tiempodetormentas.com\/cultura\/cine\/la-gran-pelicula-sobre-enrico-berlinguer\/","name":"LA GRAN PELICULA SOBRE ENRICO BERLINGUER - Tiempo de Tormentas","isPartOf":{"@id":"https:\/\/tiempodetormentas.com\/#website"},"primaryImageOfPage":{"@id":"https:\/\/tiempodetormentas.com\/cultura\/cine\/la-gran-pelicula-sobre-enrico-berlinguer\/#primaryimage"},"image":{"@id":"https:\/\/tiempodetormentas.com\/cultura\/cine\/la-gran-pelicula-sobre-enrico-berlinguer\/#primaryimage"},"thumbnailUrl":"https:\/\/tiempodetormentas.com\/wp-content\/uploads\/2025\/01\/images.jpeg","datePublished":"2025-01-08T11:56:40+00:00","dateModified":"2025-01-08T12:21:31+00:00","breadcrumb":{"@id":"https:\/\/tiempodetormentas.com\/cultura\/cine\/la-gran-pelicula-sobre-enrico-berlinguer\/#breadcrumb"},"inLanguage":"en-GB","potentialAction":[{"@type":"ReadAction","target":["https:\/\/tiempodetormentas.com\/cultura\/cine\/la-gran-pelicula-sobre-enrico-berlinguer\/"]}]},{"@type":"ImageObject","inLanguage":"en-GB","@id":"https:\/\/tiempodetormentas.com\/cultura\/cine\/la-gran-pelicula-sobre-enrico-berlinguer\/#primaryimage","url":"https:\/\/tiempodetormentas.com\/wp-content\/uploads\/2025\/01\/images.jpeg","contentUrl":"https:\/\/tiempodetormentas.com\/wp-content\/uploads\/2025\/01\/images.jpeg","width":201,"height":251},{"@type":"BreadcrumbList","@id":"https:\/\/tiempodetormentas.com\/cultura\/cine\/la-gran-pelicula-sobre-enrico-berlinguer\/#breadcrumb","itemListElement":[{"@type":"ListItem","position":1,"name":"Portada","item":"https:\/\/tiempodetormentas.com\/"},{"@type":"ListItem","position":2,"name":"LA GRAN PELICULA SOBRE ENRICO BERLINGUER"}]},{"@type":"WebSite","@id":"https:\/\/tiempodetormentas.com\/#website","url":"https:\/\/tiempodetormentas.com\/","name":"Tiempo de Tormentas","description":"Edita el club de la bruma","publisher":{"@id":"https:\/\/tiempodetormentas.com\/#organization"},"potentialAction":[{"@type":"SearchAction","target":{"@type":"EntryPoint","urlTemplate":"https:\/\/tiempodetormentas.com\/?s={search_term_string}"},"query-input":{"@type":"PropertyValueSpecification","valueRequired":true,"valueName":"search_term_string"}}],"inLanguage":"en-GB"},{"@type":"Organization","@id":"https:\/\/tiempodetormentas.com\/#organization","name":"Tiempo de Tormentas","url":"https:\/\/tiempodetormentas.com\/","logo":{"@type":"ImageObject","inLanguage":"en-GB","@id":"https:\/\/tiempodetormentas.com\/#\/schema\/logo\/image\/","url":"https:\/\/tiempodetormentas.com\/wp-content\/uploads\/2022\/01\/tiempo-de-tormentas.png","contentUrl":"https:\/\/tiempodetormentas.com\/wp-content\/uploads\/2022\/01\/tiempo-de-tormentas.png","width":448,"height":121,"caption":"Tiempo de Tormentas"},"image":{"@id":"https:\/\/tiempodetormentas.com\/#\/schema\/logo\/image\/"}},{"@type":"Person","@id":"https:\/\/tiempodetormentas.com\/#\/schema\/person\/9a9e95f6209f068f15d4e1c74cc3718e","name":"Tiempo de Tormentas","image":{"@type":"ImageObject","inLanguage":"en-GB","@id":"https:\/\/tiempodetormentas.com\/#\/schema\/person\/image\/","url":"https:\/\/secure.gravatar.com\/avatar\/1b3c03cb36f6ab2f16882ddfcb878f0ebda1187829a7882b31ff8c8cfc477e50?s=96&d=mm&r=g","contentUrl":"https:\/\/secure.gravatar.com\/avatar\/1b3c03cb36f6ab2f16882ddfcb878f0ebda1187829a7882b31ff8c8cfc477e50?s=96&d=mm&r=g","caption":"Tiempo de Tormentas"},"url":"https:\/\/tiempodetormentas.com\/en\/author\/tiempo-de-tormentas\/"}]}},"_links":{"self":[{"href":"https:\/\/tiempodetormentas.com\/en\/wp-json\/wp\/v2\/posts\/969","targetHints":{"allow":["GET"]}}],"collection":[{"href":"https:\/\/tiempodetormentas.com\/en\/wp-json\/wp\/v2\/posts"}],"about":[{"href":"https:\/\/tiempodetormentas.com\/en\/wp-json\/wp\/v2\/types\/post"}],"author":[{"embeddable":true,"href":"https:\/\/tiempodetormentas.com\/en\/wp-json\/wp\/v2\/users\/13"}],"replies":[{"embeddable":true,"href":"https:\/\/tiempodetormentas.com\/en\/wp-json\/wp\/v2\/comments?post=969"}],"version-history":[{"count":1,"href":"https:\/\/tiempodetormentas.com\/en\/wp-json\/wp\/v2\/posts\/969\/revisions"}],"predecessor-version":[{"id":973,"href":"https:\/\/tiempodetormentas.com\/en\/wp-json\/wp\/v2\/posts\/969\/revisions\/973"}],"wp:featuredmedia":[{"embeddable":true,"href":"https:\/\/tiempodetormentas.com\/en\/wp-json\/wp\/v2\/media\/976"}],"wp:attachment":[{"href":"https:\/\/tiempodetormentas.com\/en\/wp-json\/wp\/v2\/media?parent=969"}],"wp:term":[{"taxonomy":"category","embeddable":true,"href":"https:\/\/tiempodetormentas.com\/en\/wp-json\/wp\/v2\/categories?post=969"},{"taxonomy":"post_tag","embeddable":true,"href":"https:\/\/tiempodetormentas.com\/en\/wp-json\/wp\/v2\/tags?post=969"}],"curies":[{"name":"wp","href":"https:\/\/api.w.org\/{rel}","templated":true}]}}