{"id":956,"date":"2025-01-07T17:54:44","date_gmt":"2025-01-07T17:54:44","guid":{"rendered":"https:\/\/tiempodetormentas.com\/?p=956"},"modified":"2025-01-07T19:09:04","modified_gmt":"2025-01-07T19:09:04","slug":"los-comunistas-de-madrid-eligen-su-nuevo-secretario-general","status":"publish","type":"post","link":"https:\/\/tiempodetormentas.com\/en\/humanidad\/espana\/los-comunistas-de-madrid-eligen-su-nuevo-secretario-general\/","title":{"rendered":"LOS COMUNISTAS DE MADRID ELIGEN SU NUEVO SECRETARIO GENERAL"},"content":{"rendered":"<p data-original-text-size=\"text-xl\"><strong>MIGUEL MONTERO NUEVO SECRETARIO GENERAL DEL PARTIDO COMUNISTA DE ESPA\u00d1A EN MADRID<\/strong><\/p>\n<p data-original-text-size=\"text-xl\"><img decoding=\"async\" src=\"https:\/\/pbs.twimg.com\/profile_images\/1787141585387261953\/KyeqjJj-_400x400.jpg\" alt=\"Miguel Montero (@MonterMigue) \/ X\" \/><\/p>\n<p data-original-text-size=\"text-xl\"><em>Miguel Montero<\/em><\/p>\n<p class=\"paragraph text-xl pb-7 w-full text-pretty [&amp;_&gt;a]:text-link-normal dark:[&amp;_&gt;a]:text-link-dark [&amp;_&gt;a]:decoration-1 [&amp;_&gt;a:hover]:underline [&amp;_&gt;a:hover]:text-link-hover [&amp;_&gt;a:hover]:decoration-2 [&amp;_b_a]:text-link-normal dark:[&amp;_b_a]:text-link-dark [&amp;_b_a]:decoration-1 [&amp;_b_a:hover]:underline [&amp;_b_a:hover]:text-link-hover desktop:leading-relaxed break-words font-serif\" style=\"border: 0px solid; box-sizing: border-box; --tw-border-spacing-x: 0; --tw-border-spacing-y: 0; --tw-translate-x: 0; --tw-translate-y: 0; --tw-rotate: 0; --tw-skew-x: 0; --tw-skew-y: 0; --tw-scale-x: 1; --tw-scale-y: 1; --tw-scroll-snap-strictness: proximity; --tw-ring-offset-width: 0px; --tw-ring-offset-color: #fff; --tw-ring-color: rgba(59,130,246,0.5); --tw-ring-offset-shadow: 0 0 #0000; --tw-ring-shadow: 0 0 #0000; --tw-shadow: 0 0 #0000; --tw-shadow-colored: 0 0 #0000; margin: 0px; width: 606px; overflow-wrap: break-word; padding-bottom: 1.75rem; font-family: L; font-size: 1.25rem; line-height: 1.625; word-break: break-word; color: #000000; font-style: normal; font-variant-ligatures: normal; font-variant-caps: normal; font-weight: 400; letter-spacing: normal; orphans: 2; text-align: start; text-indent: 0px; text-transform: none; white-space: normal; widows: 2; word-spacing: 0px; -webkit-text-stroke-width: 0px; background-color: #ffffff; text-decoration-thickness: initial; text-decoration-style: initial; text-decoration-color: initial;\" data-original-text-size=\"text-xl\">El Partido Comunista de Madrid\u00a0 (PCE) ha elegido como su nuevo secretario general a<b> Miguel Montero<\/b> la decisi\u00f3n ha sido tomada, seg\u00fan su Comit\u00e9 Regional, por su \u00abconocimiento de la estructura del partido y su realidad actual, su experiencia en direcci\u00f3n, y su bagaje ideol\u00f3gico y formativo\u00bb<\/p>\n<p><strong>El nuevo secretario general del PCM es defensor, al igual que el anterior secretario general y la mayor\u00eda del Partido Comunista de Madrid, del cumplimiento de los acuerdos aprobados en el \u00faltimo Congreso estatal del PCE para que este vuelva a ser una organizaci\u00f3n leninista.<\/strong><\/p>\n<p class=\"paragraph text-xl pb-7 w-full text-pretty [&amp;_&gt;a]:text-link-normal dark:[&amp;_&gt;a]:text-link-dark [&amp;_&gt;a]:decoration-1 [&amp;_&gt;a:hover]:underline [&amp;_&gt;a:hover]:text-link-hover [&amp;_&gt;a:hover]:decoration-2 [&amp;_b_a]:text-link-normal dark:[&amp;_b_a]:text-link-dark [&amp;_b_a]:decoration-1 [&amp;_b_a:hover]:underline [&amp;_b_a:hover]:text-link-hover desktop:leading-relaxed break-words font-serif\" style=\"border: 0px solid; box-sizing: border-box; --tw-border-spacing-x: 0; --tw-border-spacing-y: 0; --tw-translate-x: 0; --tw-translate-y: 0; --tw-rotate: 0; --tw-skew-x: 0; --tw-skew-y: 0; --tw-scale-x: 1; --tw-scale-y: 1; --tw-scroll-snap-strictness: proximity; --tw-ring-offset-width: 0px; --tw-ring-offset-color: #fff; --tw-ring-color: rgba(59,130,246,0.5); --tw-ring-offset-shadow: 0 0 #0000; --tw-ring-shadow: 0 0 #0000; --tw-shadow: 0 0 #0000; --tw-shadow-colored: 0 0 #0000; margin: 0px; width: 606px; overflow-wrap: break-word; padding-bottom: 1.75rem; font-family: L; font-size: 1.25rem; line-height: 1.625; word-break: break-word; color: #000000; font-style: normal; font-variant-ligatures: normal; font-variant-caps: normal; font-weight: 400; letter-spacing: normal; orphans: 2; text-align: start; text-indent: 0px; text-transform: none; white-space: normal; widows: 2; word-spacing: 0px; -webkit-text-stroke-width: 0px; background-color: #ffffff; text-decoration-thickness: initial; text-decoration-style: initial; text-decoration-color: initial;\" data-original-text-size=\"text-xl\">Montero, qui\u00e9n tiene 26 a\u00f1os de edad, milita en el Partido Comunista desde el a\u00f1o 2011. Es abogado de profesi\u00f3n y a los 18 a\u00f1os fue elegido como responsable de la delegaci\u00f3n madrile\u00f1a de la Uni\u00f3n de Juventudes Comunistas de Espa\u00f1a (UJCE), la organizaci\u00f3n juvenil del partido.<\/p>\n<p class=\"paragraph text-xl pb-7 w-full text-pretty [&amp;_&gt;a]:text-link-normal dark:[&amp;_&gt;a]:text-link-dark [&amp;_&gt;a]:decoration-1 [&amp;_&gt;a:hover]:underline [&amp;_&gt;a:hover]:text-link-hover [&amp;_&gt;a:hover]:decoration-2 [&amp;_b_a]:text-link-normal dark:[&amp;_b_a]:text-link-dark [&amp;_b_a]:decoration-1 [&amp;_b_a:hover]:underline [&amp;_b_a:hover]:text-link-hover desktop:leading-relaxed break-words font-serif\" style=\"border: 0px solid; box-sizing: border-box; --tw-border-spacing-x: 0; --tw-border-spacing-y: 0; --tw-translate-x: 0; --tw-translate-y: 0; --tw-rotate: 0; --tw-skew-x: 0; --tw-skew-y: 0; --tw-scale-x: 1; --tw-scale-y: 1; --tw-scroll-snap-strictness: proximity; --tw-ring-offset-width: 0px; --tw-ring-offset-color: #fff; --tw-ring-color: rgba(59,130,246,0.5); --tw-ring-offset-shadow: 0 0 #0000; --tw-ring-shadow: 0 0 #0000; --tw-shadow: 0 0 #0000; --tw-shadow-colored: 0 0 #0000; margin: 0px; width: 606px; overflow-wrap: break-word; padding-bottom: 1.75rem; font-family: L; font-size: 1.25rem; line-height: 1.625; word-break: break-word; color: #000000; font-style: normal; font-variant-ligatures: normal; font-variant-caps: normal; font-weight: 400; letter-spacing: normal; orphans: 2; text-align: start; text-indent: 0px; text-transform: none; white-space: normal; widows: 2; word-spacing: 0px; -webkit-text-stroke-width: 0px; background-color: #ffffff; text-decoration-thickness: initial; text-decoration-style: initial; text-decoration-color: initial;\" data-original-text-size=\"text-xl\">Asumir este cargo \u201ces una gran responsabilidad en un momento cr\u00edtico para nuestra regi\u00f3n y para nuestro pa\u00eds\u00bb, ha dicho el nuevo secretario general en Madrid; que ha asegurado que trabajar\u00e1n \u00abpara construir una comunidad de Madrid para la mayor\u00eda social trabajadora\u00bb.<\/p>\n<p class=\"paragraph text-xl pb-7 w-full text-pretty [&amp;_&gt;a]:text-link-normal dark:[&amp;_&gt;a]:text-link-dark [&amp;_&gt;a]:decoration-1 [&amp;_&gt;a:hover]:underline [&amp;_&gt;a:hover]:text-link-hover [&amp;_&gt;a:hover]:decoration-2 [&amp;_b_a]:text-link-normal dark:[&amp;_b_a]:text-link-dark [&amp;_b_a]:decoration-1 [&amp;_b_a:hover]:underline [&amp;_b_a:hover]:text-link-hover desktop:leading-relaxed break-words font-serif\" style=\"border: 0px solid; box-sizing: border-box; --tw-border-spacing-x: 0; --tw-border-spacing-y: 0; --tw-translate-x: 0; --tw-translate-y: 0; --tw-rotate: 0; --tw-skew-x: 0; --tw-skew-y: 0; --tw-scale-x: 1; --tw-scale-y: 1; --tw-scroll-snap-strictness: proximity; --tw-ring-offset-width: 0px; --tw-ring-offset-color: #fff; --tw-ring-color: rgba(59,130,246,0.5); --tw-ring-offset-shadow: 0 0 #0000; --tw-ring-shadow: 0 0 #0000; --tw-shadow: 0 0 #0000; --tw-shadow-colored: 0 0 #0000; margin: 0px; width: 606px; overflow-wrap: break-word; padding-bottom: 1.75rem; font-family: L; font-size: 1.25rem; line-height: 1.625; word-break: break-word; color: #000000; font-style: normal; font-variant-ligatures: normal; font-variant-caps: normal; font-weight: 400; letter-spacing: normal; orphans: 2; text-align: start; text-indent: 0px; text-transform: none; white-space: normal; widows: 2; word-spacing: 0px; -webkit-text-stroke-width: 0px; background-color: #ffffff; text-decoration-thickness: initial; text-decoration-style: initial; text-decoration-color: initial;\" data-original-text-size=\"text-xl\">Miguel Montero toma as\u00ed el testigo de la mano de <b>\u00c1lvaro Aguilera<\/b>, que ostentaba el cargo desde 2014. Aguilera, tambi\u00e9n coordinador de Izquierda Unida en Madrid, disput\u00f3 en la primavera de este a\u00f1o el cargo de coordinador federal de IU con Antonio Ma\u00edllo y Sira Rego. Su sucesor ha agradecido a Aguilera \u00absu empe\u00f1o y su tes\u00f3n\u00bb en la direcci\u00f3n del PCE madrile\u00f1o.<\/p>\n<p class=\"paragraph text-xl pb-7 w-full text-pretty [&amp;_&gt;a]:text-link-normal dark:[&amp;_&gt;a]:text-link-dark [&amp;_&gt;a]:decoration-1 [&amp;_&gt;a:hover]:underline [&amp;_&gt;a:hover]:text-link-hover [&amp;_&gt;a:hover]:decoration-2 [&amp;_b_a]:text-link-normal dark:[&amp;_b_a]:text-link-dark [&amp;_b_a]:decoration-1 [&amp;_b_a:hover]:underline [&amp;_b_a:hover]:text-link-hover desktop:leading-relaxed break-words font-serif\" style=\"border: 0px solid; box-sizing: border-box; --tw-border-spacing-x: 0; --tw-border-spacing-y: 0; --tw-translate-x: 0; --tw-translate-y: 0; --tw-rotate: 0; --tw-skew-x: 0; --tw-skew-y: 0; --tw-scale-x: 1; --tw-scale-y: 1; --tw-scroll-snap-strictness: proximity; --tw-ring-offset-width: 0px; --tw-ring-offset-color: #fff; --tw-ring-color: rgba(59,130,246,0.5); --tw-ring-offset-shadow: 0 0 #0000; --tw-ring-shadow: 0 0 #0000; --tw-shadow: 0 0 #0000; --tw-shadow-colored: 0 0 #0000; margin: 0px; width: 606px; overflow-wrap: break-word; padding-bottom: 1.75rem; font-family: L; font-size: 1.25rem; line-height: 1.625; word-break: break-word; color: #000000; font-style: normal; font-variant-ligatures: normal; font-variant-caps: normal; font-weight: 400; letter-spacing: normal; orphans: 2; text-align: start; text-indent: 0px; text-transform: none; white-space: normal; widows: 2; word-spacing: 0px; -webkit-text-stroke-width: 0px; background-color: #ffffff; text-decoration-thickness: initial; text-decoration-style: initial; text-decoration-color: initial;\" data-original-text-size=\"text-xl\"><img loading=\"lazy\" decoding=\"async\" class=\"aligncenter size-full wp-image-958\" src=\"https:\/\/tiempodetormentas.com\/wp-content\/uploads\/2025\/01\/Alvaro-Aguilera-y-Miguel-Montero-scaled.jpg\" alt=\"\" width=\"2560\" height=\"1920\" srcset=\"https:\/\/tiempodetormentas.com\/wp-content\/uploads\/2025\/01\/Alvaro-Aguilera-y-Miguel-Montero-scaled.jpg 2560w, https:\/\/tiempodetormentas.com\/wp-content\/uploads\/2025\/01\/Alvaro-Aguilera-y-Miguel-Montero-300x225.jpg 300w, https:\/\/tiempodetormentas.com\/wp-content\/uploads\/2025\/01\/Alvaro-Aguilera-y-Miguel-Montero-1024x768.jpg 1024w, https:\/\/tiempodetormentas.com\/wp-content\/uploads\/2025\/01\/Alvaro-Aguilera-y-Miguel-Montero-768x576.jpg 768w, https:\/\/tiempodetormentas.com\/wp-content\/uploads\/2025\/01\/Alvaro-Aguilera-y-Miguel-Montero-1536x1152.jpg 1536w, https:\/\/tiempodetormentas.com\/wp-content\/uploads\/2025\/01\/Alvaro-Aguilera-y-Miguel-Montero-2048x1536.jpg 2048w, https:\/\/tiempodetormentas.com\/wp-content\/uploads\/2025\/01\/Alvaro-Aguilera-y-Miguel-Montero-560x420.jpg 560w, https:\/\/tiempodetormentas.com\/wp-content\/uploads\/2025\/01\/Alvaro-Aguilera-y-Miguel-Montero-80x60.jpg 80w, https:\/\/tiempodetormentas.com\/wp-content\/uploads\/2025\/01\/Alvaro-Aguilera-y-Miguel-Montero-150x113.jpg 150w, https:\/\/tiempodetormentas.com\/wp-content\/uploads\/2025\/01\/Alvaro-Aguilera-y-Miguel-Montero-696x522.jpg 696w, https:\/\/tiempodetormentas.com\/wp-content\/uploads\/2025\/01\/Alvaro-Aguilera-y-Miguel-Montero-1068x801.jpg 1068w, https:\/\/tiempodetormentas.com\/wp-content\/uploads\/2025\/01\/Alvaro-Aguilera-y-Miguel-Montero-1920x1440.jpg 1920w\" sizes=\"auto, (max-width: 2560px) 100vw, 2560px\" \/><em>En la foto: Vanessa Lillo, \u00c1lvaro Aguilera y Miguel Montero<\/em><\/p>\n<p class=\"paragraph text-xl pb-7 w-full text-pretty [&amp;_&gt;a]:text-link-normal dark:[&amp;_&gt;a]:text-link-dark [&amp;_&gt;a]:decoration-1 [&amp;_&gt;a:hover]:underline [&amp;_&gt;a:hover]:text-link-hover [&amp;_&gt;a:hover]:decoration-2 [&amp;_b_a]:text-link-normal dark:[&amp;_b_a]:text-link-dark [&amp;_b_a]:decoration-1 [&amp;_b_a:hover]:underline [&amp;_b_a:hover]:text-link-hover desktop:leading-relaxed break-words font-serif\" style=\"border: 0px solid; box-sizing: border-box; --tw-border-spacing-x: 0; --tw-border-spacing-y: 0; --tw-translate-x: 0; --tw-translate-y: 0; --tw-rotate: 0; --tw-skew-x: 0; --tw-skew-y: 0; --tw-scale-x: 1; --tw-scale-y: 1; --tw-scroll-snap-strictness: proximity; --tw-ring-offset-width: 0px; --tw-ring-offset-color: #fff; --tw-ring-color: rgba(59,130,246,0.5); --tw-ring-offset-shadow: 0 0 #0000; --tw-ring-shadow: 0 0 #0000; --tw-shadow: 0 0 #0000; --tw-shadow-colored: 0 0 #0000; margin: 0px; width: 606px; overflow-wrap: break-word; padding-bottom: 1.75rem; font-family: L; font-size: 1.25rem; line-height: 1.625; word-break: break-word; color: #000000; font-style: normal; font-variant-ligatures: normal; font-variant-caps: normal; font-weight: 400; letter-spacing: normal; orphans: 2; text-align: start; text-indent: 0px; text-transform: none; white-space: normal; widows: 2; word-spacing: 0px; -webkit-text-stroke-width: 0px; background-color: #ffffff; text-decoration-thickness: initial; text-decoration-style: initial; text-decoration-color: initial;\" data-original-text-size=\"text-xl\"><strong>\u00c1lvaro Aguilera\u00a0<\/strong>asumi\u00f3 el cargo de un PCE en Madrid sin sede y claramente en descomposici\u00f3n, su legado ha sido la consolidaci\u00f3n de la organizaci\u00f3n territorial, el aumento significativo de la militancia y de la participaci\u00f3n pol\u00edtica en todas las \u00e1reas de trabajo interno y de los frentes de acci\u00f3n pol\u00edtica externos, as\u00ed como la adquisici\u00f3n de un local propio para el Comit\u00e9 Regional de Madrid. Motivo todo ello por lo que la militancia le despidi\u00f3 con un caluroso homenaje.<\/p>\n<p data-original-text-size=\"text-xl\"><img loading=\"lazy\" decoding=\"async\" class=\"aligncenter size-full wp-image-957\" src=\"https:\/\/tiempodetormentas.com\/wp-content\/uploads\/2025\/01\/Despedida-de-Alvaro-guilera-scaled.jpg\" alt=\"\" width=\"2560\" height=\"1920\" srcset=\"https:\/\/tiempodetormentas.com\/wp-content\/uploads\/2025\/01\/Despedida-de-Alvaro-guilera-scaled.jpg 2560w, https:\/\/tiempodetormentas.com\/wp-content\/uploads\/2025\/01\/Despedida-de-Alvaro-guilera-300x225.jpg 300w, https:\/\/tiempodetormentas.com\/wp-content\/uploads\/2025\/01\/Despedida-de-Alvaro-guilera-1024x768.jpg 1024w, https:\/\/tiempodetormentas.com\/wp-content\/uploads\/2025\/01\/Despedida-de-Alvaro-guilera-768x576.jpg 768w, https:\/\/tiempodetormentas.com\/wp-content\/uploads\/2025\/01\/Despedida-de-Alvaro-guilera-1536x1152.jpg 1536w, https:\/\/tiempodetormentas.com\/wp-content\/uploads\/2025\/01\/Despedida-de-Alvaro-guilera-2048x1536.jpg 2048w, https:\/\/tiempodetormentas.com\/wp-content\/uploads\/2025\/01\/Despedida-de-Alvaro-guilera-560x420.jpg 560w, https:\/\/tiempodetormentas.com\/wp-content\/uploads\/2025\/01\/Despedida-de-Alvaro-guilera-80x60.jpg 80w, https:\/\/tiempodetormentas.com\/wp-content\/uploads\/2025\/01\/Despedida-de-Alvaro-guilera-150x113.jpg 150w, https:\/\/tiempodetormentas.com\/wp-content\/uploads\/2025\/01\/Despedida-de-Alvaro-guilera-696x522.jpg 696w, https:\/\/tiempodetormentas.com\/wp-content\/uploads\/2025\/01\/Despedida-de-Alvaro-guilera-1068x801.jpg 1068w, https:\/\/tiempodetormentas.com\/wp-content\/uploads\/2025\/01\/Despedida-de-Alvaro-guilera-1920x1440.jpg 1920w\" sizes=\"auto, (max-width: 2560px) 100vw, 2560px\" \/><\/p>","protected":false},"excerpt":{"rendered":"<p>MIGUEL MONTERO NUEVO SECRETARIO GENERAL DEL PARTIDO COMUNISTA DE ESPA\u00d1A EN MADRID Miguel Montero El Partido Comunista de Madrid\u00a0 (PCE) ha elegido como su nuevo secretario general a Miguel Montero la decisi\u00f3n ha sido tomada, seg\u00fan su Comit\u00e9 Regional, por su \u00abconocimiento de la estructura del partido y su realidad actual, su experiencia en direcci\u00f3n, [&hellip;]<\/p>","protected":false},"author":13,"featured_media":960,"comment_status":"open","ping_status":"open","sticky":true,"template":"","format":"standard","meta":{"footnotes":""},"categories":[37],"tags":[],"class_list":{"0":"post-956","1":"post","2":"type-post","3":"status-publish","4":"format-standard","5":"has-post-thumbnail","7":"category-espana"},"yoast_head":"<!-- This site is optimized with the Yoast SEO plugin v26.2 - https:\/\/yoast.com\/wordpress\/plugins\/seo\/ -->\n<title>LOS COMUNISTAS DE MADRID ELIGEN SU NUEVO SECRETARIO GENERAL - Tiempo de Tormentas<\/title>\n<meta name=\"robots\" content=\"index, follow, max-snippet:-1, max-image-preview:large, max-video-preview:-1\" \/>\n<link rel=\"canonical\" href=\"https:\/\/tiempodetormentas.com\/en\/humanidad\/espana\/los-comunistas-de-madrid-eligen-su-nuevo-secretario-general\/\" \/>\n<meta property=\"og:locale\" content=\"en_GB\" \/>\n<meta property=\"og:type\" content=\"article\" \/>\n<meta property=\"og:title\" content=\"LOS COMUNISTAS DE MADRID ELIGEN SU NUEVO SECRETARIO GENERAL - Tiempo de Tormentas\" \/>\n<meta property=\"og:description\" content=\"MIGUEL MONTERO NUEVO SECRETARIO GENERAL DEL PARTIDO COMUNISTA DE ESPA\u00d1A EN MADRID Miguel Montero El Partido Comunista de Madrid\u00a0 (PCE) ha elegido como su nuevo secretario general a Miguel Montero la decisi\u00f3n ha sido tomada, seg\u00fan su Comit\u00e9 Regional, por su \u00abconocimiento de la estructura del partido y su realidad actual, su experiencia en direcci\u00f3n, [&hellip;]\" \/>\n<meta property=\"og:url\" content=\"https:\/\/tiempodetormentas.com\/en\/humanidad\/espana\/los-comunistas-de-madrid-eligen-su-nuevo-secretario-general\/\" \/>\n<meta property=\"og:site_name\" content=\"Tiempo de Tormentas\" \/>\n<meta property=\"article:published_time\" content=\"2025-01-07T17:54:44+00:00\" \/>\n<meta property=\"article:modified_time\" content=\"2025-01-07T19:09:04+00:00\" \/>\n<meta property=\"og:image\" content=\"https:\/\/tiempodetormentas.com\/wp-content\/uploads\/2025\/01\/MIGUEL-MONTERO.webp\" \/>\n\t<meta property=\"og:image:width\" content=\"1200\" \/>\n\t<meta property=\"og:image:height\" content=\"675\" \/>\n\t<meta property=\"og:image:type\" content=\"image\/webp\" \/>\n<meta name=\"author\" content=\"Tiempo de Tormentas\" \/>\n<meta name=\"twitter:card\" content=\"summary_large_image\" \/>\n<meta name=\"twitter:label1\" content=\"Written by\" \/>\n\t<meta name=\"twitter:data1\" content=\"Tiempo de Tormentas\" \/>\n\t<meta name=\"twitter:label2\" content=\"Estimated reading time\" \/>\n\t<meta name=\"twitter:data2\" content=\"6 minutes\" \/>\n<script type=\"application\/ld+json\" class=\"yoast-schema-graph\">{\"@context\":\"https:\/\/schema.org\",\"@graph\":[{\"@type\":\"Article\",\"@id\":\"https:\/\/tiempodetormentas.com\/humanidad\/espana\/los-comunistas-de-madrid-eligen-su-nuevo-secretario-general\/#article\",\"isPartOf\":{\"@id\":\"https:\/\/tiempodetormentas.com\/humanidad\/espana\/los-comunistas-de-madrid-eligen-su-nuevo-secretario-general\/\"},\"author\":{\"name\":\"Tiempo de Tormentas\",\"@id\":\"https:\/\/tiempodetormentas.com\/#\/schema\/person\/9a9e95f6209f068f15d4e1c74cc3718e\"},\"headline\":\"LOS COMUNISTAS DE MADRID ELIGEN SU NUEVO SECRETARIO GENERAL\",\"datePublished\":\"2025-01-07T17:54:44+00:00\",\"dateModified\":\"2025-01-07T19:09:04+00:00\",\"mainEntityOfPage\":{\"@id\":\"https:\/\/tiempodetormentas.com\/humanidad\/espana\/los-comunistas-de-madrid-eligen-su-nuevo-secretario-general\/\"},\"wordCount\":390,\"commentCount\":2,\"publisher\":{\"@id\":\"https:\/\/tiempodetormentas.com\/#organization\"},\"image\":{\"@id\":\"https:\/\/tiempodetormentas.com\/humanidad\/espana\/los-comunistas-de-madrid-eligen-su-nuevo-secretario-general\/#primaryimage\"},\"thumbnailUrl\":\"https:\/\/tiempodetormentas.com\/wp-content\/uploads\/2025\/01\/MIGUEL-MONTERO.webp\",\"articleSection\":[\"Espa\u00f1a\"],\"inLanguage\":\"en-GB\",\"potentialAction\":[{\"@type\":\"CommentAction\",\"name\":\"Comment\",\"target\":[\"https:\/\/tiempodetormentas.com\/humanidad\/espana\/los-comunistas-de-madrid-eligen-su-nuevo-secretario-general\/#respond\"]}]},{\"@type\":\"WebPage\",\"@id\":\"https:\/\/tiempodetormentas.com\/humanidad\/espana\/los-comunistas-de-madrid-eligen-su-nuevo-secretario-general\/\",\"url\":\"https:\/\/tiempodetormentas.com\/humanidad\/espana\/los-comunistas-de-madrid-eligen-su-nuevo-secretario-general\/\",\"name\":\"LOS COMUNISTAS DE MADRID ELIGEN SU NUEVO SECRETARIO GENERAL - Tiempo de Tormentas\",\"isPartOf\":{\"@id\":\"https:\/\/tiempodetormentas.com\/#website\"},\"primaryImageOfPage\":{\"@id\":\"https:\/\/tiempodetormentas.com\/humanidad\/espana\/los-comunistas-de-madrid-eligen-su-nuevo-secretario-general\/#primaryimage\"},\"image\":{\"@id\":\"https:\/\/tiempodetormentas.com\/humanidad\/espana\/los-comunistas-de-madrid-eligen-su-nuevo-secretario-general\/#primaryimage\"},\"thumbnailUrl\":\"https:\/\/tiempodetormentas.com\/wp-content\/uploads\/2025\/01\/MIGUEL-MONTERO.webp\",\"datePublished\":\"2025-01-07T17:54:44+00:00\",\"dateModified\":\"2025-01-07T19:09:04+00:00\",\"breadcrumb\":{\"@id\":\"https:\/\/tiempodetormentas.com\/humanidad\/espana\/los-comunistas-de-madrid-eligen-su-nuevo-secretario-general\/#breadcrumb\"},\"inLanguage\":\"en-GB\",\"potentialAction\":[{\"@type\":\"ReadAction\",\"target\":[\"https:\/\/tiempodetormentas.com\/humanidad\/espana\/los-comunistas-de-madrid-eligen-su-nuevo-secretario-general\/\"]}]},{\"@type\":\"ImageObject\",\"inLanguage\":\"en-GB\",\"@id\":\"https:\/\/tiempodetormentas.com\/humanidad\/espana\/los-comunistas-de-madrid-eligen-su-nuevo-secretario-general\/#primaryimage\",\"url\":\"https:\/\/tiempodetormentas.com\/wp-content\/uploads\/2025\/01\/MIGUEL-MONTERO.webp\",\"contentUrl\":\"https:\/\/tiempodetormentas.com\/wp-content\/uploads\/2025\/01\/MIGUEL-MONTERO.webp\",\"width\":1200,\"height\":675},{\"@type\":\"BreadcrumbList\",\"@id\":\"https:\/\/tiempodetormentas.com\/humanidad\/espana\/los-comunistas-de-madrid-eligen-su-nuevo-secretario-general\/#breadcrumb\",\"itemListElement\":[{\"@type\":\"ListItem\",\"position\":1,\"name\":\"Portada\",\"item\":\"https:\/\/tiempodetormentas.com\/\"},{\"@type\":\"ListItem\",\"position\":2,\"name\":\"LOS COMUNISTAS DE MADRID ELIGEN SU NUEVO SECRETARIO GENERAL\"}]},{\"@type\":\"WebSite\",\"@id\":\"https:\/\/tiempodetormentas.com\/#website\",\"url\":\"https:\/\/tiempodetormentas.com\/\",\"name\":\"Tiempo de Tormentas\",\"description\":\"Edita el club de la bruma\",\"publisher\":{\"@id\":\"https:\/\/tiempodetormentas.com\/#organization\"},\"potentialAction\":[{\"@type\":\"SearchAction\",\"target\":{\"@type\":\"EntryPoint\",\"urlTemplate\":\"https:\/\/tiempodetormentas.com\/?s={search_term_string}\"},\"query-input\":{\"@type\":\"PropertyValueSpecification\",\"valueRequired\":true,\"valueName\":\"search_term_string\"}}],\"inLanguage\":\"en-GB\"},{\"@type\":\"Organization\",\"@id\":\"https:\/\/tiempodetormentas.com\/#organization\",\"name\":\"Tiempo de Tormentas\",\"url\":\"https:\/\/tiempodetormentas.com\/\",\"logo\":{\"@type\":\"ImageObject\",\"inLanguage\":\"en-GB\",\"@id\":\"https:\/\/tiempodetormentas.com\/#\/schema\/logo\/image\/\",\"url\":\"https:\/\/tiempodetormentas.com\/wp-content\/uploads\/2022\/01\/tiempo-de-tormentas.png\",\"contentUrl\":\"https:\/\/tiempodetormentas.com\/wp-content\/uploads\/2022\/01\/tiempo-de-tormentas.png\",\"width\":448,\"height\":121,\"caption\":\"Tiempo de Tormentas\"},\"image\":{\"@id\":\"https:\/\/tiempodetormentas.com\/#\/schema\/logo\/image\/\"}},{\"@type\":\"Person\",\"@id\":\"https:\/\/tiempodetormentas.com\/#\/schema\/person\/9a9e95f6209f068f15d4e1c74cc3718e\",\"name\":\"Tiempo de Tormentas\",\"image\":{\"@type\":\"ImageObject\",\"inLanguage\":\"en-GB\",\"@id\":\"https:\/\/tiempodetormentas.com\/#\/schema\/person\/image\/\",\"url\":\"https:\/\/secure.gravatar.com\/avatar\/1b3c03cb36f6ab2f16882ddfcb878f0ebda1187829a7882b31ff8c8cfc477e50?s=96&d=mm&r=g\",\"contentUrl\":\"https:\/\/secure.gravatar.com\/avatar\/1b3c03cb36f6ab2f16882ddfcb878f0ebda1187829a7882b31ff8c8cfc477e50?s=96&d=mm&r=g\",\"caption\":\"Tiempo de Tormentas\"},\"url\":\"https:\/\/tiempodetormentas.com\/en\/author\/tiempo-de-tormentas\/\"}]}<\/script>\n<!-- \/ Yoast SEO plugin. -->","yoast_head_json":{"title":"LOS COMUNISTAS DE MADRID ELIGEN SU NUEVO SECRETARIO GENERAL - Tiempo de Tormentas","robots":{"index":"index","follow":"follow","max-snippet":"max-snippet:-1","max-image-preview":"max-image-preview:large","max-video-preview":"max-video-preview:-1"},"canonical":"https:\/\/tiempodetormentas.com\/en\/humanidad\/espana\/los-comunistas-de-madrid-eligen-su-nuevo-secretario-general\/","og_locale":"en_GB","og_type":"article","og_title":"LOS COMUNISTAS DE MADRID ELIGEN SU NUEVO SECRETARIO GENERAL - Tiempo de Tormentas","og_description":"MIGUEL MONTERO NUEVO SECRETARIO GENERAL DEL PARTIDO COMUNISTA DE ESPA\u00d1A EN MADRID Miguel Montero El Partido Comunista de Madrid\u00a0 (PCE) ha elegido como su nuevo secretario general a Miguel Montero la decisi\u00f3n ha sido tomada, seg\u00fan su Comit\u00e9 Regional, por su \u00abconocimiento de la estructura del partido y su realidad actual, su experiencia en direcci\u00f3n, [&hellip;]","og_url":"https:\/\/tiempodetormentas.com\/en\/humanidad\/espana\/los-comunistas-de-madrid-eligen-su-nuevo-secretario-general\/","og_site_name":"Tiempo de Tormentas","article_published_time":"2025-01-07T17:54:44+00:00","article_modified_time":"2025-01-07T19:09:04+00:00","og_image":[{"width":1200,"height":675,"url":"https:\/\/tiempodetormentas.com\/wp-content\/uploads\/2025\/01\/MIGUEL-MONTERO.webp","type":"image\/webp"}],"author":"Tiempo de Tormentas","twitter_card":"summary_large_image","twitter_misc":{"Written by":"Tiempo de Tormentas","Estimated reading time":"6 minutes"},"schema":{"@context":"https:\/\/schema.org","@graph":[{"@type":"Article","@id":"https:\/\/tiempodetormentas.com\/humanidad\/espana\/los-comunistas-de-madrid-eligen-su-nuevo-secretario-general\/#article","isPartOf":{"@id":"https:\/\/tiempodetormentas.com\/humanidad\/espana\/los-comunistas-de-madrid-eligen-su-nuevo-secretario-general\/"},"author":{"name":"Tiempo de Tormentas","@id":"https:\/\/tiempodetormentas.com\/#\/schema\/person\/9a9e95f6209f068f15d4e1c74cc3718e"},"headline":"LOS COMUNISTAS DE MADRID ELIGEN SU NUEVO SECRETARIO GENERAL","datePublished":"2025-01-07T17:54:44+00:00","dateModified":"2025-01-07T19:09:04+00:00","mainEntityOfPage":{"@id":"https:\/\/tiempodetormentas.com\/humanidad\/espana\/los-comunistas-de-madrid-eligen-su-nuevo-secretario-general\/"},"wordCount":390,"commentCount":2,"publisher":{"@id":"https:\/\/tiempodetormentas.com\/#organization"},"image":{"@id":"https:\/\/tiempodetormentas.com\/humanidad\/espana\/los-comunistas-de-madrid-eligen-su-nuevo-secretario-general\/#primaryimage"},"thumbnailUrl":"https:\/\/tiempodetormentas.com\/wp-content\/uploads\/2025\/01\/MIGUEL-MONTERO.webp","articleSection":["Espa\u00f1a"],"inLanguage":"en-GB","potentialAction":[{"@type":"CommentAction","name":"Comment","target":["https:\/\/tiempodetormentas.com\/humanidad\/espana\/los-comunistas-de-madrid-eligen-su-nuevo-secretario-general\/#respond"]}]},{"@type":"WebPage","@id":"https:\/\/tiempodetormentas.com\/humanidad\/espana\/los-comunistas-de-madrid-eligen-su-nuevo-secretario-general\/","url":"https:\/\/tiempodetormentas.com\/humanidad\/espana\/los-comunistas-de-madrid-eligen-su-nuevo-secretario-general\/","name":"LOS COMUNISTAS DE MADRID ELIGEN SU NUEVO SECRETARIO GENERAL - Tiempo de Tormentas","isPartOf":{"@id":"https:\/\/tiempodetormentas.com\/#website"},"primaryImageOfPage":{"@id":"https:\/\/tiempodetormentas.com\/humanidad\/espana\/los-comunistas-de-madrid-eligen-su-nuevo-secretario-general\/#primaryimage"},"image":{"@id":"https:\/\/tiempodetormentas.com\/humanidad\/espana\/los-comunistas-de-madrid-eligen-su-nuevo-secretario-general\/#primaryimage"},"thumbnailUrl":"https:\/\/tiempodetormentas.com\/wp-content\/uploads\/2025\/01\/MIGUEL-MONTERO.webp","datePublished":"2025-01-07T17:54:44+00:00","dateModified":"2025-01-07T19:09:04+00:00","breadcrumb":{"@id":"https:\/\/tiempodetormentas.com\/humanidad\/espana\/los-comunistas-de-madrid-eligen-su-nuevo-secretario-general\/#breadcrumb"},"inLanguage":"en-GB","potentialAction":[{"@type":"ReadAction","target":["https:\/\/tiempodetormentas.com\/humanidad\/espana\/los-comunistas-de-madrid-eligen-su-nuevo-secretario-general\/"]}]},{"@type":"ImageObject","inLanguage":"en-GB","@id":"https:\/\/tiempodetormentas.com\/humanidad\/espana\/los-comunistas-de-madrid-eligen-su-nuevo-secretario-general\/#primaryimage","url":"https:\/\/tiempodetormentas.com\/wp-content\/uploads\/2025\/01\/MIGUEL-MONTERO.webp","contentUrl":"https:\/\/tiempodetormentas.com\/wp-content\/uploads\/2025\/01\/MIGUEL-MONTERO.webp","width":1200,"height":675},{"@type":"BreadcrumbList","@id":"https:\/\/tiempodetormentas.com\/humanidad\/espana\/los-comunistas-de-madrid-eligen-su-nuevo-secretario-general\/#breadcrumb","itemListElement":[{"@type":"ListItem","position":1,"name":"Portada","item":"https:\/\/tiempodetormentas.com\/"},{"@type":"ListItem","position":2,"name":"LOS COMUNISTAS DE MADRID ELIGEN SU NUEVO SECRETARIO GENERAL"}]},{"@type":"WebSite","@id":"https:\/\/tiempodetormentas.com\/#website","url":"https:\/\/tiempodetormentas.com\/","name":"Tiempo de Tormentas","description":"Edita el club de la bruma","publisher":{"@id":"https:\/\/tiempodetormentas.com\/#organization"},"potentialAction":[{"@type":"SearchAction","target":{"@type":"EntryPoint","urlTemplate":"https:\/\/tiempodetormentas.com\/?s={search_term_string}"},"query-input":{"@type":"PropertyValueSpecification","valueRequired":true,"valueName":"search_term_string"}}],"inLanguage":"en-GB"},{"@type":"Organization","@id":"https:\/\/tiempodetormentas.com\/#organization","name":"Tiempo de Tormentas","url":"https:\/\/tiempodetormentas.com\/","logo":{"@type":"ImageObject","inLanguage":"en-GB","@id":"https:\/\/tiempodetormentas.com\/#\/schema\/logo\/image\/","url":"https:\/\/tiempodetormentas.com\/wp-content\/uploads\/2022\/01\/tiempo-de-tormentas.png","contentUrl":"https:\/\/tiempodetormentas.com\/wp-content\/uploads\/2022\/01\/tiempo-de-tormentas.png","width":448,"height":121,"caption":"Tiempo de Tormentas"},"image":{"@id":"https:\/\/tiempodetormentas.com\/#\/schema\/logo\/image\/"}},{"@type":"Person","@id":"https:\/\/tiempodetormentas.com\/#\/schema\/person\/9a9e95f6209f068f15d4e1c74cc3718e","name":"Tiempo de Tormentas","image":{"@type":"ImageObject","inLanguage":"en-GB","@id":"https:\/\/tiempodetormentas.com\/#\/schema\/person\/image\/","url":"https:\/\/secure.gravatar.com\/avatar\/1b3c03cb36f6ab2f16882ddfcb878f0ebda1187829a7882b31ff8c8cfc477e50?s=96&d=mm&r=g","contentUrl":"https:\/\/secure.gravatar.com\/avatar\/1b3c03cb36f6ab2f16882ddfcb878f0ebda1187829a7882b31ff8c8cfc477e50?s=96&d=mm&r=g","caption":"Tiempo de Tormentas"},"url":"https:\/\/tiempodetormentas.com\/en\/author\/tiempo-de-tormentas\/"}]}},"_links":{"self":[{"href":"https:\/\/tiempodetormentas.com\/en\/wp-json\/wp\/v2\/posts\/956","targetHints":{"allow":["GET"]}}],"collection":[{"href":"https:\/\/tiempodetormentas.com\/en\/wp-json\/wp\/v2\/posts"}],"about":[{"href":"https:\/\/tiempodetormentas.com\/en\/wp-json\/wp\/v2\/types\/post"}],"author":[{"embeddable":true,"href":"https:\/\/tiempodetormentas.com\/en\/wp-json\/wp\/v2\/users\/13"}],"replies":[{"embeddable":true,"href":"https:\/\/tiempodetormentas.com\/en\/wp-json\/wp\/v2\/comments?post=956"}],"version-history":[{"count":3,"href":"https:\/\/tiempodetormentas.com\/en\/wp-json\/wp\/v2\/posts\/956\/revisions"}],"predecessor-version":[{"id":962,"href":"https:\/\/tiempodetormentas.com\/en\/wp-json\/wp\/v2\/posts\/956\/revisions\/962"}],"wp:featuredmedia":[{"embeddable":true,"href":"https:\/\/tiempodetormentas.com\/en\/wp-json\/wp\/v2\/media\/960"}],"wp:attachment":[{"href":"https:\/\/tiempodetormentas.com\/en\/wp-json\/wp\/v2\/media?parent=956"}],"wp:term":[{"taxonomy":"category","embeddable":true,"href":"https:\/\/tiempodetormentas.com\/en\/wp-json\/wp\/v2\/categories?post=956"},{"taxonomy":"post_tag","embeddable":true,"href":"https:\/\/tiempodetormentas.com\/en\/wp-json\/wp\/v2\/tags?post=956"}],"curies":[{"name":"wp","href":"https:\/\/api.w.org\/{rel}","templated":true}]}}