{"id":953,"date":"2025-01-07T17:08:24","date_gmt":"2025-01-07T17:08:24","guid":{"rendered":"https:\/\/tiempodetormentas.com\/?p=953"},"modified":"2025-01-07T17:08:24","modified_gmt":"2025-01-07T17:08:24","slug":"presentacion-del-nuevo-libro-de-isabel-ruiz-ruiz-un-imprescindible-homenaje-a-margarita-gil-roesset","status":"publish","type":"post","link":"https:\/\/tiempodetormentas.com\/en\/cartelera\/presentacion-del-nuevo-libro-de-isabel-ruiz-ruiz-un-imprescindible-homenaje-a-margarita-gil-roesset\/","title":{"rendered":"PRESENTACION DEL NUEVO LIBRO DE ISABEL RU\u00cdZ RU\u00cdZ , UN IMPRESCINDIBLE HOMENAJE A MARGARITA GIL RO\u00cbSSET"},"content":{"rendered":"<p><strong>PRESENTACION DEL LIBRO\u00a0<\/strong><\/p>\n<p><strong>\u00abYO&#8230;CON LO INFINITO\u00bb<\/strong><\/p>\n<p><img loading=\"lazy\" decoding=\"async\" class=\"aligncenter size-full wp-image-954\" src=\"https:\/\/tiempodetormentas.com\/wp-content\/uploads\/2025\/01\/Presentacion-libro-PCE.jpg\" alt=\"\" width=\"1080\" height=\"1350\" srcset=\"https:\/\/tiempodetormentas.com\/wp-content\/uploads\/2025\/01\/Presentacion-libro-PCE.jpg 1080w, https:\/\/tiempodetormentas.com\/wp-content\/uploads\/2025\/01\/Presentacion-libro-PCE-240x300.jpg 240w, https:\/\/tiempodetormentas.com\/wp-content\/uploads\/2025\/01\/Presentacion-libro-PCE-819x1024.jpg 819w, https:\/\/tiempodetormentas.com\/wp-content\/uploads\/2025\/01\/Presentacion-libro-PCE-768x960.jpg 768w, https:\/\/tiempodetormentas.com\/wp-content\/uploads\/2025\/01\/Presentacion-libro-PCE-336x420.jpg 336w, https:\/\/tiempodetormentas.com\/wp-content\/uploads\/2025\/01\/Presentacion-libro-PCE-150x188.jpg 150w, https:\/\/tiempodetormentas.com\/wp-content\/uploads\/2025\/01\/Presentacion-libro-PCE-300x375.jpg 300w, https:\/\/tiempodetormentas.com\/wp-content\/uploads\/2025\/01\/Presentacion-libro-PCE-696x870.jpg 696w, https:\/\/tiempodetormentas.com\/wp-content\/uploads\/2025\/01\/Presentacion-libro-PCE-1068x1335.jpg 1068w\" sizes=\"auto, (max-width: 1080px) 100vw, 1080px\" \/><\/p>\n<p>La ilustradora Isabel Ru\u00edz Ru\u00edz presenta su libro \u00abYo con lo infinito\u00bb.<br \/>\nSe trata de un \u00e1lbum ilustrado que pretende rescatar la obra de la artista espa\u00f1ola Marga Gil Ro\u00ebsset.<img decoding=\"async\" src=\"https:\/\/retraiteenespagne.com\/wp-content\/uploads\/2020\/09\/Optimized-capture-20200928-133452.jpg.webp\" alt=\"margarita gil roesset\" \/><\/p>\n<p><b>Marga Gil Ro\u00ebsset<\/b>\u00a0(<span style=\"color: #000000;\"><a style=\"color: #000000;\" title=\"Las Rozas de Madrid\" href=\"https:\/\/es.wikipedia.org\/wiki\/Las_Rozas_de_Madrid\">Las Rozas de Madrid<\/a><\/span>, 3 de marzo de 1908 &#8211; Las Rozas de Madrid, 28 de julio de 1932) fue una\u00a0<span style=\"color: #000000;\"><a style=\"color: #000000;\" title=\"Escultura\" href=\"https:\/\/es.wikipedia.org\/wiki\/Escultura\">escultora<\/a>,\u00a0<a style=\"color: #000000;\" title=\"Ilustrador\" href=\"https:\/\/es.wikipedia.org\/wiki\/Ilustrador\">ilustradora<\/a>\u00a0y\u00a0<a style=\"color: #000000;\" title=\"Poeta\" href=\"https:\/\/es.wikipedia.org\/wiki\/Poeta\">poetisa<\/a>\u00a0<a style=\"color: #000000;\" title=\"Spain\" href=\"https:\/\/es.wikipedia.org\/wiki\/Espa%C3%B1a\">espa\u00f1ola<\/a><\/span>\u00a0perteneciente a la\u00a0<a title=\"Generaci\u00f3n del 27\" href=\"https:\/\/es.wikipedia.org\/wiki\/Generaci%C3%B3n_del_27\"><span style=\"color: #000000;\">Generaci\u00f3n del<\/span> <span style=\"color: #000000;\">27<\/span><\/a>. Se la considera una ni\u00f1a prodigio que fue admirada en su \u00e9poca por la intelectualidad. Muri\u00f3 muy joven por lo que su polifac\u00e9tica obra es escasa. Sus ilustraciones inspiraron al escritor e ilustrador\u00a0<span style=\"background-color: #ffffff; color: #000000;\"><a style=\"background-color: #ffffff; color: #000000;\" title=\"Antoine de Saint-Exup\u00e9ry\" href=\"https:\/\/es.wikipedia.org\/wiki\/Antoine_de_Saint-Exup%C3%A9ry\">Antoine de Saint-Exup\u00e9ry<\/a>\u00a0<\/span>para su obra de\u00a0<i><a title=\"El principito\" href=\"https:\/\/es.wikipedia.org\/wiki\/El_principito\"><span style=\"color: #000000;\">El<\/span> <span style=\"color: #000000;\">principito<\/span><\/a><\/i><span style=\"color: #000000;\">,<\/span> quien las conoc\u00eda por sus habituales visitas a Espa\u00f1a. <strong>La presentaci\u00f3n tendr\u00e1 lugar este viernes 10 de enero a las 19.00 en Pasillo Verde Ferroviario, calle Mart\u00edn de Vargas 46, de Madrid a las 19.00h<\/strong><\/p>\n<p><img loading=\"lazy\" decoding=\"async\" class=\"\" src=\"https:\/\/upload.wikimedia.org\/wikipedia\/commons\/thumb\/a\/ac\/Marga_Gil_Ro%C3%ABsset.jpg\/1024px-Marga_Gil_Ro%C3%ABsset.jpg\" alt=\"undefined\" width=\"515\" height=\"694\" \/><\/p>\n<p><span style=\"color: #000000;\"><strong>Gil Ro\u00ebsset<\/strong> fue una\u00a0<a style=\"color: #000000;\" title=\"Ni\u00f1o prodigio\" href=\"https:\/\/es.wikipedia.org\/wiki\/Ni%C3%B1o_prodigio\">ni\u00f1a prodigio<\/a>. A los siete a\u00f1os ya mostraba una extraordinaria capacidad para el dibujo. Es de esta edad la obra m\u00e1s temprana que se conserva de ella, un cuento que escribi\u00f3 e ilustr\u00f3 para su madre. Pero este talento queda patente con la publicaci\u00f3n en 1920 de un cuento de su hermana titulado\u00a0<i>El ni\u00f1o de oro<\/i>, primorosamente ilustrado por ella.<sup id=\"cite_ref-:0_6-1\" class=\"reference separada\"><\/sup>\u200b<\/span><\/p>\n<p><span style=\"color: #000000;\">En 1923, en\u00a0<a style=\"color: #000000;\" title=\"Par\u00eds\" href=\"https:\/\/es.wikipedia.org\/wiki\/Par%C3%ADs\">Par\u00eds<\/a>, ambas hermanas publicaron otro cuento,\u00a0<i>Rose des Bois<\/i>. Marga ten\u00eda 15 a\u00f1os en ese momento y ya hab\u00eda alcanzado la maestr\u00eda. Fue entonces cuando dio un giro absoluto y empez\u00f3 a dedicarse a la\u00a0<a style=\"color: #000000;\" title=\"Escultura\" href=\"https:\/\/es.wikipedia.org\/wiki\/Escultura\">escultura<\/a>. Su madre siempre hab\u00eda querido rodear a sus hijas con lo mejor y siguiendo esta l\u00ednea la llev\u00f3 a\u00a0<a style=\"color: #000000;\" title=\"Victorio Macho\" href=\"https:\/\/es.wikipedia.org\/wiki\/Victorio_Macho\">Victorio Macho<\/a>, escultor espa\u00f1ol, precursor de la\u00a0<a style=\"color: #000000;\" title=\"Escultura contempor\u00e1nea\" href=\"https:\/\/es.wikipedia.org\/wiki\/Escultura_contempor%C3%A1nea\">escultura contempor\u00e1nea<\/a>\u00a0espa\u00f1ola, que se neg\u00f3 a darle clase por miedo a estropear su talento. Fue, por tanto, completamente\u00a0<a style=\"color: #000000;\" title=\"Autoaprendizaje\" href=\"https:\/\/es.wikipedia.org\/wiki\/Autoaprendizaje\">autodidacta<\/a>. En palabras de\u00a0<a style=\"color: #000000;\" title=\"Jos\u00e9 Franc\u00e9s\" href=\"https:\/\/es.wikipedia.org\/wiki\/Jos%C3%A9_Franc%C3%A9s\">Jos\u00e9 Franc\u00e9s<\/a>, como escultora \u201cMarga ES\u201d.<sup id=\"cite_ref-:0_6-2\" class=\"reference separada\"><\/sup>\u200b<\/span><\/p>\n<p><span style=\"color: #000000;\">En 1929, el cr\u00edtico de arte\u00a0<a style=\"color: #000000;\" title=\"Jos\u00e9 Franc\u00e9s\" href=\"https:\/\/es.wikipedia.org\/wiki\/Jos%C3%A9_Franc%C3%A9s\">Jos\u00e9 Franc\u00e9s<\/a>\u00a0escribi\u00f3 un art\u00edculo en\u00a0<i><a style=\"color: #000000;\" title=\"La Esfera\" href=\"https:\/\/es.wikipedia.org\/wiki\/La_Esfera\">La Esfera<\/a><\/i>\u00a0sobre sus esculturas en el que defend\u00eda su obra.<sup id=\"cite_ref-8\" class=\"reference separada\"><a style=\"color: #000000;\" href=\"https:\/\/es.wikipedia.org\/wiki\/Margarita_Gil_Ro%C3%ABsset#cite_note-8\">8<\/a><\/sup>\u200b En 1930, a los 22 a\u00f1os, present\u00f3 un\u00a0<i>Ad\u00e1n y Eva<\/i>\u00a0cercano en su orientaci\u00f3n a\u00a0<a style=\"color: #000000;\" title=\"Ivan Me\u0161trovi\u0107\" href=\"https:\/\/es.wikipedia.org\/wiki\/Ivan_Me%C5%A1trovi%C4%87\">Ivan Me\u0161trovi\u0107<\/a>\u00a0y el\u00a0<a style=\"color: #000000;\" title=\"Expresionismo\" href=\"https:\/\/es.wikipedia.org\/wiki\/Expresionismo\">expresionismo europeo<\/a>\u00a0en la\u00a0<a style=\"color: #000000;\" title=\"Exposici\u00f3n Nacional de Bellas Artes (Espa\u00f1a)\" href=\"https:\/\/es.wikipedia.org\/wiki\/Exposici%C3%B3n_Nacional_de_Bellas_Artes_(Espa%C3%B1a)\">Exposici\u00f3n Nacional de Bellas Artes<\/a>, obteniendo un notable \u00e9xito,<sup id=\"cite_ref-:2_9-0\" class=\"reference separada\"><a style=\"color: #000000;\" href=\"https:\/\/es.wikipedia.org\/wiki\/Margarita_Gil_Ro%C3%ABsset#cite_note-:2-9\">9<\/a><\/sup>\u200b y fue por ello entrevistada por la escritora\u00a0<a style=\"color: #000000;\" title=\"Rosa Arciniega\" href=\"https:\/\/es.wikipedia.org\/wiki\/Rosa_Arciniega\">Rosa Arciniega<\/a>\u00a0en la revista\u00a0<i><a style=\"color: #000000;\" title=\"Cr\u00f3nica (revista)\" href=\"https:\/\/es.wikipedia.org\/wiki\/Cr%C3%B3nica_(revista)\">Cr\u00f3nica<\/a><\/i>. En 1931, concurri\u00f3 a la exposici\u00f3n anual del\u00a0<a style=\"color: #000000;\" title=\"C\u00edrculo de Bellas Artes\" href=\"https:\/\/es.wikipedia.org\/wiki\/C%C3%ADrculo_de_Bellas_Artes\">C\u00edrculo de Bellas Artes<\/a>, al Concurso Nacional de Escultura y sus libros y dibujos se expusieron en la Exposici\u00f3n Internacional del Libro de Arte, organizada por la Asociaci\u00f3n Internacional del Libro de arte franc\u00e9s en el\u00a0<a style=\"color: #000000;\" title=\"Petit Palais\" href=\"https:\/\/es.wikipedia.org\/wiki\/Petit_Palais\">Petit Palais<\/a>\u00a0de\u00a0<a style=\"color: #000000;\" title=\"Par\u00eds\" href=\"https:\/\/es.wikipedia.org\/wiki\/Par%C3%ADs\">Par\u00eds<\/a>.<\/span><\/p>\n<p><span style=\"color: #000000;\"><img decoding=\"async\" src=\"https:\/\/mercurio.fundacionjmlara.es\/wp-content\/uploads\/2014\/12\/JRJ-Marga.jpg\" \/><\/span><\/p>\n<p>La tr\u00e1gica figura de Marga Gil Ro\u00ebsset (1908-1932), dibujante y escultora de vanguardia, est\u00e1 marcada por su temprano suicidio a los 22 a\u00f1os de edad a causa del amor no correspondido que sent\u00eda por Juan Ram\u00f3n Jim\u00e9nez. De temperamento rebelde y personalidad decidida \u2014\u201cejemplo de vitalidad exaltada, de voluntad constante, de capricho en\u00e9rgico\u201d\u2014, Marga se hab\u00eda declarado sin \u00e9xito al poeta, que contaba entonces 50 a\u00f1os y lament\u00f3 profundamente la muerte de su admiradora. Rescatada del olvido en los \u00faltimos a\u00f1os, la escasa obra conservada de Marga ha sido celebrada por una originalidad que la equipara a las principales artistas europeas del periodo.<\/p>\n<p>Juan Ram\u00f3n Jim\u00e9nez guard\u00f3 el Diario de Marga en una carpeta junto con otros papeles asociados a su vida y muerte, incluidos varios borradores de un \u00edndice con los contenidos que llevar\u00eda el libro dedicado a su memoria. \u201cSi pensaste al morir \u2014leemos en una semblanza p\u00f3stuma, hoy a\u00f1adida al corpus de\u00a0<em>Espa\u00f1oles de tres mundos<\/em>\u2014 que ibas a ser bien recordada, no te equivocaste, Marga. Acaso te recordaremos pocos, pero nuestro recuerdo te ser\u00e1 fiel y firme\u201d. La edici\u00f3n de<em>\u00a0Marga<\/em>\u00a0ofrece a los lectores un valioso testimonio que es, tambi\u00e9n, una forma de homenaje.<\/p>\n<p><strong><span style=\"color: #000000;\">NOTAS SOBRE LA AUTORA DE ESTE LIBRO<\/span><\/strong><\/p>\n<p><strong>Isabel Ru\u00edz Ru\u00edz<\/strong> es una ilustradora\u00a0 especializada en narrar historias de mujeres que han sido borradas de forma deliberada del relato cultural colectivo.<\/p>\n<p><img decoding=\"async\" src=\"https:\/\/upload.wikimedia.org\/wikipedia\/commons\/thumb\/7\/72\/Isabel_Ruiz_Ruiz.jpg\/800px-Isabel_Ruiz_Ruiz.jpg\" alt=\"Archivo:Isabel Ruiz Ruiz.jpg\" \/><\/p>\n<p><b>Isabel\u00a0Ruiz Ruiz<\/b>\u00a0(<span style=\"color: #000000;\"><a style=\"color: #000000;\" title=\"\u00dabeda\" href=\"https:\/\/es.wikipedia.org\/wiki\/%C3%9Abeda\">\u00dabeda<\/a>,<\/span> 26 de mayo de 1977) es una\u00a0<a title=\"Ilustrador\" href=\"https:\/\/es.wikipedia.org\/wiki\/Ilustrador\"><span style=\"color: #000000;\">ilustradora<\/span><\/a><span style=\"color: #000000;\">\u00a0<\/span>y\u00a0<a title=\"Director de fotograf\u00eda\" href=\"https:\/\/es.wikipedia.org\/wiki\/Director_de_fotograf%C3%ADa\"><span style=\"color: #000000;\">directora de<\/span> <span style=\"color: #000000;\">fotograf\u00eda<\/span><\/a>\u00a0audiovisual\u00a0<span style=\"color: #000000;\"><a style=\"color: #000000;\" title=\"Spain\" href=\"https:\/\/es.wikipedia.org\/wiki\/Espa%C3%B1a\">espa\u00f1ola<\/a><\/span>. Creadora de una colecci\u00f3n de libros ilustrados dirigidos a visibilizar a las mujeres referentes en las distintas disciplinas\u00a0<a class=\"mw-redirect\" title=\"Art\u00edsticas y culturales\" href=\"https:\/\/es.wikipedia.org\/wiki\/Art%C3%ADsticas_y_culturales\"><span style=\"color: #000000;\">art\u00edsticas y<\/span> <span style=\"color: #000000;\">culturales<\/span><\/a><span style=\"color: #000000;\">,\u00a0<a class=\"mw-redirect\" style=\"color: #000000;\" title=\"Literarias\" href=\"https:\/\/es.wikipedia.org\/wiki\/Literarias\">literarias<\/a>,\u00a0<a style=\"color: #000000;\" title=\"Cient\u00edfico\" href=\"https:\/\/es.wikipedia.org\/wiki\/Cient%C3%ADfico\">cient\u00edficas<\/a>\u00a0y\u00a0<a class=\"mw-redirect\" style=\"color: #000000;\" title=\"Filos\u00f3ficas\" href=\"https:\/\/es.wikipedia.org\/wiki\/Filos%C3%B3ficas\">filos\u00f3ficas<\/a>.<\/span>\u200b<\/p>\n<div class=\"mw-heading mw-heading2\">\n<h2 id=\"Trayectoria\">Trayectoria<\/h2>\n<\/div>\n<p><span style=\"color: #000000;\">Estudi\u00f3\u00a0<a style=\"color: #000000;\" title=\"Bellas artes\" href=\"https:\/\/es.wikipedia.org\/wiki\/Bellas_artes\">Bellas artes<\/a>\u00a0en\u00a0<a style=\"color: #000000;\" title=\"Granada\" href=\"https:\/\/es.wikipedia.org\/wiki\/Granada\">Granada<\/a>\u00a0y se licenci\u00f3 en\u00a0<a style=\"color: #000000;\" title=\"Artes pl\u00e1sticas\" href=\"https:\/\/es.wikipedia.org\/wiki\/Artes_pl%C3%A1sticas\">Artes pl\u00e1sticas<\/a>. Se traslad\u00f3 a\u00a0<a style=\"color: #000000;\" title=\"Madrid\" href=\"https:\/\/es.wikipedia.org\/wiki\/Madrid\">Madrid<\/a>\u00a0para profundizar en su formaci\u00f3n como fot\u00f3grafa, donde estudi\u00f3\u00a0Direcci\u00f3n de Fotograf\u00eda en la\u00a0<a style=\"color: #000000;\" title=\"Escuela de Cinematograf\u00eda y del Audiovisual de la Comunidad de Madrid\" href=\"https:\/\/es.wikipedia.org\/wiki\/Escuela_de_Cinematograf%C3%ADa_y_del_Audiovisual_de_la_Comunidad_de_Madrid\">Escuela de Cinematograf\u00eda y del Audiovisual<\/a>\u00a0de la\u00a0<a style=\"color: #000000;\" title=\"Comunidad de Madrid\" href=\"https:\/\/es.wikipedia.org\/wiki\/Comunidad_de_Madrid\">Comunidad de Madrid<\/a> (ECAM).\u200b<\/span><\/p>\n<p>En el \u00e1mbito audiovisual, ha trabajado tanto en ficci\u00f3n como en documental y publicidad, ejerciendo como directora de fotograf\u00eda y c\u00e1mara <span style=\"color: #000000;\">en\u00a0<a style=\"color: #000000;\" title=\"Largometraje\" href=\"https:\/\/es.wikipedia.org\/wiki\/Largometraje\">largometrajes<\/a>,\u00a0<a style=\"color: #000000;\" title=\"Cortometraje\" href=\"https:\/\/es.wikipedia.org\/wiki\/Cortometraje\">cortometrajes<\/a>,\u00a0<a style=\"color: #000000;\" title=\"Documental\" href=\"https:\/\/es.wikipedia.org\/wiki\/Documental\">documentales<\/a>,\u00a0<a style=\"color: #000000;\" title=\"Videoclip\" href=\"https:\/\/es.wikipedia.org\/wiki\/Videoclip\">videoclips<\/a>, v\u00eddeos corporativos y\u00a0<a style=\"color: #000000;\" title=\"Publicidad\" href=\"https:\/\/es.wikipedia.org\/wiki\/Publicidad\">publicidad<\/a>. Destaca su participaci\u00f3n como directora de fotograf\u00eda en los trabajos documentales\u00a0<i>El\u00edas Querejeta, el productor<\/i>, de\u00a0<a style=\"color: #000000;\" title=\"Fernando M\u00e9ndez-Leite\" href=\"https:\/\/es.wikipedia.org\/wiki\/Fernando_M%C3%A9ndez-Leite\">Fernando M\u00e9ndez-Leite<\/a>;\u00a0<i>Sol<\/i>, de\u00a0<a style=\"color: #000000;\" title=\"Javier Aguirre Fern\u00e1ndez\" href=\"https:\/\/es.wikipedia.org\/wiki\/Javier_Aguirre_Fern%C3%A1ndez\">Javier Aguirre<\/a>; y\u00a0<i><a style=\"color: #000000;\" title=\"Las maestras de la Rep\u00fablica\" href=\"https:\/\/es.wikipedia.org\/wiki\/Las_maestras_de_la_Rep%C3%BAblica\">Las maestras de la Rep\u00fablica<\/a><\/i>, de\u00a0<a style=\"color: #000000;\" title=\"Pilar P\u00e9rez Solano\" href=\"https:\/\/es.wikipedia.org\/wiki\/Pilar_P%C3%A9rez_Solano\">Pilar P\u00e9rez Solano<\/a>, que obtuvo el\u00a0<a class=\"mw-redirect\" style=\"color: #000000;\" title=\"Premios Goya a la mejor pelicula\" href=\"https:\/\/es.wikipedia.org\/wiki\/Premios_Goya_a_la_mejor_pelicula\">Premio Goya a la mejor pel\u00edcula documental<\/a>\u00a0en su edici\u00f3n de 2014 y aborda el legado de las maestras de la\u00a0<a class=\"mw-redirect\" style=\"color: #000000;\" title=\"Segunda Rep\u00fablica Espa\u00f1ola\" href=\"https:\/\/es.wikipedia.org\/wiki\/Segunda_Rep%C3%BAblica_Espa%C3%B1ola\">II Rep\u00fablica<\/a>.\u200b<\/span><\/p>\n<p><span style=\"color: #000000;\">Es miembro desde 2012 de la\u00a0<a style=\"color: #000000;\" title=\"Asociaci\u00f3n de mujeres cineastas y de medios audiovisuales\" href=\"https:\/\/es.wikipedia.org\/wiki\/Asociaci%C3%B3n_de_mujeres_cineastas_y_de_medios_audiovisuales\">Asociaci\u00f3n de mujeres cineastas y de medios audiovisuales<\/a> (CIMA), cuyo objetivo es promover la igualdad de oportunidades para mujeres y hombres en el acceso a los puestos de direcci\u00f3n y decisi\u00f3n en el \u00e1mbito audiovisual y cinematogr\u00e1fico, donde ha desarrollado labores como delegada de especialidades t\u00e9cnicas y ocupado el puesto de vocal dentro de la Junta Directiva.\u200b<\/span><\/p>\n<p>Como ilustradora, cre\u00f3 el sello editorial\u00a0<i>Ilustropos<\/i>, desde el cual ha publicado, entre otras, la colecci\u00f3n\u00a0<i>Mujeres<\/i>, una serie de \u00e1lbumes ilustrados dirigidos a visibilizar referentes de mujeres en la historia y en todos los \u00e1mbitos creativos.\u200b<\/p>\n<p>Isabel Ruiz ha rescatado con sus ilustraciones en el libro\u00a0<i>Dentro<\/i> las vivencias de las mujeres que fueron preseas pol\u00edticas durante el franquismo, muestra un recorrido por las c\u00e1rceles donde estuvieron presas y la represi\u00f3n que sobre ellas ejerci\u00f3 el r\u00e9gimen dictatorial de Franco.<\/p>\n<p><strong>Presentaci\u00f3n y firma de ejemplares el viernes 10 de enero del 2025 en PASILLO VERDE FERROVIARIO c\/ Mart\u00edn de Vargas, 10 a las 19h\u200b Madrid<\/strong><\/p>\n<p>&nbsp;<\/p>","protected":false},"excerpt":{"rendered":"<p>PRESENTACION DEL LIBRO\u00a0 \u00abYO&#8230;CON LO INFINITO\u00bb La ilustradora Isabel Ru\u00edz Ru\u00edz presenta su libro \u00abYo con lo infinito\u00bb. Se trata de un \u00e1lbum ilustrado que pretende rescatar la obra de la artista espa\u00f1ola Marga Gil Ro\u00ebsset. Marga Gil Ro\u00ebsset\u00a0(Las Rozas de Madrid, 3 de marzo de 1908 &#8211; Las Rozas de Madrid, 28 de julio [&hellip;]<\/p>","protected":false},"author":1,"featured_media":954,"comment_status":"open","ping_status":"open","sticky":true,"template":"","format":"standard","meta":{"footnotes":""},"categories":[8],"tags":[],"class_list":{"0":"post-953","1":"post","2":"type-post","3":"status-publish","4":"format-standard","5":"has-post-thumbnail","7":"category-cartelera"},"yoast_head":"<!-- This site is optimized with the Yoast SEO plugin v26.2 - https:\/\/yoast.com\/wordpress\/plugins\/seo\/ -->\n<title>PRESENTACION DEL NUEVO LIBRO DE ISABEL RU\u00cdZ RU\u00cdZ , UN IMPRESCINDIBLE HOMENAJE A MARGARITA GIL RO\u00cbSSET - Tiempo de Tormentas<\/title>\n<meta name=\"robots\" content=\"index, follow, max-snippet:-1, max-image-preview:large, max-video-preview:-1\" \/>\n<link rel=\"canonical\" href=\"https:\/\/tiempodetormentas.com\/en\/cartelera\/presentacion-del-nuevo-libro-de-isabel-ruiz-ruiz-un-imprescindible-homenaje-a-margarita-gil-roesset\/\" \/>\n<meta property=\"og:locale\" content=\"en_GB\" \/>\n<meta property=\"og:type\" content=\"article\" \/>\n<meta property=\"og:title\" content=\"PRESENTACION DEL NUEVO LIBRO DE ISABEL RU\u00cdZ RU\u00cdZ , UN IMPRESCINDIBLE HOMENAJE A MARGARITA GIL RO\u00cbSSET - Tiempo de Tormentas\" \/>\n<meta property=\"og:description\" content=\"PRESENTACION DEL LIBRO\u00a0 \u00abYO&#8230;CON LO INFINITO\u00bb La ilustradora Isabel Ru\u00edz Ru\u00edz presenta su libro \u00abYo con lo infinito\u00bb. Se trata de un \u00e1lbum ilustrado que pretende rescatar la obra de la artista espa\u00f1ola Marga Gil Ro\u00ebsset. Marga Gil Ro\u00ebsset\u00a0(Las Rozas de Madrid, 3 de marzo de 1908 &#8211; Las Rozas de Madrid, 28 de julio [&hellip;]\" \/>\n<meta property=\"og:url\" content=\"https:\/\/tiempodetormentas.com\/en\/cartelera\/presentacion-del-nuevo-libro-de-isabel-ruiz-ruiz-un-imprescindible-homenaje-a-margarita-gil-roesset\/\" \/>\n<meta property=\"og:site_name\" content=\"Tiempo de Tormentas\" \/>\n<meta property=\"article:published_time\" content=\"2025-01-07T17:08:24+00:00\" \/>\n<meta property=\"og:image\" content=\"https:\/\/tiempodetormentas.com\/wp-content\/uploads\/2025\/01\/Presentacion-libro-PCE.jpg\" \/>\n\t<meta property=\"og:image:width\" content=\"1080\" \/>\n\t<meta property=\"og:image:height\" content=\"1350\" \/>\n\t<meta property=\"og:image:type\" content=\"image\/jpeg\" \/>\n<meta name=\"author\" content=\"Ray Lorens\" \/>\n<meta name=\"twitter:card\" content=\"summary_large_image\" \/>\n<meta name=\"twitter:label1\" content=\"Written by\" \/>\n\t<meta name=\"twitter:data1\" content=\"Ray Lorens\" \/>\n\t<meta name=\"twitter:label2\" content=\"Estimated reading time\" \/>\n\t<meta name=\"twitter:data2\" content=\"6 minutes\" \/>\n<script type=\"application\/ld+json\" class=\"yoast-schema-graph\">{\"@context\":\"https:\/\/schema.org\",\"@graph\":[{\"@type\":\"Article\",\"@id\":\"https:\/\/tiempodetormentas.com\/cartelera\/presentacion-del-nuevo-libro-de-isabel-ruiz-ruiz-un-imprescindible-homenaje-a-margarita-gil-roesset\/#article\",\"isPartOf\":{\"@id\":\"https:\/\/tiempodetormentas.com\/cartelera\/presentacion-del-nuevo-libro-de-isabel-ruiz-ruiz-un-imprescindible-homenaje-a-margarita-gil-roesset\/\"},\"author\":{\"name\":\"Ray Lorens\",\"@id\":\"https:\/\/tiempodetormentas.com\/#\/schema\/person\/7e59b0ab3f525f413b127a9f2727eee7\"},\"headline\":\"PRESENTACION DEL NUEVO LIBRO DE ISABEL RU\u00cdZ RU\u00cdZ , UN IMPRESCINDIBLE HOMENAJE A MARGARITA GIL RO\u00cbSSET\",\"datePublished\":\"2025-01-07T17:08:24+00:00\",\"mainEntityOfPage\":{\"@id\":\"https:\/\/tiempodetormentas.com\/cartelera\/presentacion-del-nuevo-libro-de-isabel-ruiz-ruiz-un-imprescindible-homenaje-a-margarita-gil-roesset\/\"},\"wordCount\":1096,\"commentCount\":2,\"publisher\":{\"@id\":\"https:\/\/tiempodetormentas.com\/#organization\"},\"image\":{\"@id\":\"https:\/\/tiempodetormentas.com\/cartelera\/presentacion-del-nuevo-libro-de-isabel-ruiz-ruiz-un-imprescindible-homenaje-a-margarita-gil-roesset\/#primaryimage\"},\"thumbnailUrl\":\"https:\/\/tiempodetormentas.com\/wp-content\/uploads\/2025\/01\/Presentacion-libro-PCE.jpg\",\"articleSection\":[\"Cartelera\"],\"inLanguage\":\"en-GB\",\"potentialAction\":[{\"@type\":\"CommentAction\",\"name\":\"Comment\",\"target\":[\"https:\/\/tiempodetormentas.com\/cartelera\/presentacion-del-nuevo-libro-de-isabel-ruiz-ruiz-un-imprescindible-homenaje-a-margarita-gil-roesset\/#respond\"]}]},{\"@type\":\"WebPage\",\"@id\":\"https:\/\/tiempodetormentas.com\/cartelera\/presentacion-del-nuevo-libro-de-isabel-ruiz-ruiz-un-imprescindible-homenaje-a-margarita-gil-roesset\/\",\"url\":\"https:\/\/tiempodetormentas.com\/cartelera\/presentacion-del-nuevo-libro-de-isabel-ruiz-ruiz-un-imprescindible-homenaje-a-margarita-gil-roesset\/\",\"name\":\"PRESENTACION DEL NUEVO LIBRO DE ISABEL RU\u00cdZ RU\u00cdZ , UN IMPRESCINDIBLE HOMENAJE A MARGARITA GIL RO\u00cbSSET - Tiempo de Tormentas\",\"isPartOf\":{\"@id\":\"https:\/\/tiempodetormentas.com\/#website\"},\"primaryImageOfPage\":{\"@id\":\"https:\/\/tiempodetormentas.com\/cartelera\/presentacion-del-nuevo-libro-de-isabel-ruiz-ruiz-un-imprescindible-homenaje-a-margarita-gil-roesset\/#primaryimage\"},\"image\":{\"@id\":\"https:\/\/tiempodetormentas.com\/cartelera\/presentacion-del-nuevo-libro-de-isabel-ruiz-ruiz-un-imprescindible-homenaje-a-margarita-gil-roesset\/#primaryimage\"},\"thumbnailUrl\":\"https:\/\/tiempodetormentas.com\/wp-content\/uploads\/2025\/01\/Presentacion-libro-PCE.jpg\",\"datePublished\":\"2025-01-07T17:08:24+00:00\",\"breadcrumb\":{\"@id\":\"https:\/\/tiempodetormentas.com\/cartelera\/presentacion-del-nuevo-libro-de-isabel-ruiz-ruiz-un-imprescindible-homenaje-a-margarita-gil-roesset\/#breadcrumb\"},\"inLanguage\":\"en-GB\",\"potentialAction\":[{\"@type\":\"ReadAction\",\"target\":[\"https:\/\/tiempodetormentas.com\/cartelera\/presentacion-del-nuevo-libro-de-isabel-ruiz-ruiz-un-imprescindible-homenaje-a-margarita-gil-roesset\/\"]}]},{\"@type\":\"ImageObject\",\"inLanguage\":\"en-GB\",\"@id\":\"https:\/\/tiempodetormentas.com\/cartelera\/presentacion-del-nuevo-libro-de-isabel-ruiz-ruiz-un-imprescindible-homenaje-a-margarita-gil-roesset\/#primaryimage\",\"url\":\"https:\/\/tiempodetormentas.com\/wp-content\/uploads\/2025\/01\/Presentacion-libro-PCE.jpg\",\"contentUrl\":\"https:\/\/tiempodetormentas.com\/wp-content\/uploads\/2025\/01\/Presentacion-libro-PCE.jpg\",\"width\":1080,\"height\":1350},{\"@type\":\"BreadcrumbList\",\"@id\":\"https:\/\/tiempodetormentas.com\/cartelera\/presentacion-del-nuevo-libro-de-isabel-ruiz-ruiz-un-imprescindible-homenaje-a-margarita-gil-roesset\/#breadcrumb\",\"itemListElement\":[{\"@type\":\"ListItem\",\"position\":1,\"name\":\"Portada\",\"item\":\"https:\/\/tiempodetormentas.com\/\"},{\"@type\":\"ListItem\",\"position\":2,\"name\":\"PRESENTACION DEL NUEVO LIBRO DE ISABEL RU\u00cdZ RU\u00cdZ , UN IMPRESCINDIBLE HOMENAJE A MARGARITA GIL RO\u00cbSSET\"}]},{\"@type\":\"WebSite\",\"@id\":\"https:\/\/tiempodetormentas.com\/#website\",\"url\":\"https:\/\/tiempodetormentas.com\/\",\"name\":\"Tiempo de Tormentas\",\"description\":\"Edita el club de la bruma\",\"publisher\":{\"@id\":\"https:\/\/tiempodetormentas.com\/#organization\"},\"potentialAction\":[{\"@type\":\"SearchAction\",\"target\":{\"@type\":\"EntryPoint\",\"urlTemplate\":\"https:\/\/tiempodetormentas.com\/?s={search_term_string}\"},\"query-input\":{\"@type\":\"PropertyValueSpecification\",\"valueRequired\":true,\"valueName\":\"search_term_string\"}}],\"inLanguage\":\"en-GB\"},{\"@type\":\"Organization\",\"@id\":\"https:\/\/tiempodetormentas.com\/#organization\",\"name\":\"Tiempo de Tormentas\",\"url\":\"https:\/\/tiempodetormentas.com\/\",\"logo\":{\"@type\":\"ImageObject\",\"inLanguage\":\"en-GB\",\"@id\":\"https:\/\/tiempodetormentas.com\/#\/schema\/logo\/image\/\",\"url\":\"https:\/\/tiempodetormentas.com\/wp-content\/uploads\/2022\/01\/tiempo-de-tormentas.png\",\"contentUrl\":\"https:\/\/tiempodetormentas.com\/wp-content\/uploads\/2022\/01\/tiempo-de-tormentas.png\",\"width\":448,\"height\":121,\"caption\":\"Tiempo de Tormentas\"},\"image\":{\"@id\":\"https:\/\/tiempodetormentas.com\/#\/schema\/logo\/image\/\"}},{\"@type\":\"Person\",\"@id\":\"https:\/\/tiempodetormentas.com\/#\/schema\/person\/7e59b0ab3f525f413b127a9f2727eee7\",\"name\":\"Ray Lorens\",\"image\":{\"@type\":\"ImageObject\",\"inLanguage\":\"en-GB\",\"@id\":\"https:\/\/tiempodetormentas.com\/#\/schema\/person\/image\/\",\"url\":\"https:\/\/secure.gravatar.com\/avatar\/455622daf1ca0bf2f3b43adae4fc14ec90d08bdcfdbfc9c5f24527bb1d711a5a?s=96&d=mm&r=g\",\"contentUrl\":\"https:\/\/secure.gravatar.com\/avatar\/455622daf1ca0bf2f3b43adae4fc14ec90d08bdcfdbfc9c5f24527bb1d711a5a?s=96&d=mm&r=g\",\"caption\":\"Ray Lorens\"},\"description\":\"cineasta, escritor, periodista\",\"sameAs\":[\"https:\/\/tiempodetormentas.com\"],\"url\":\"https:\/\/tiempodetormentas.com\/en\/author\/ray\/\"}]}<\/script>\n<!-- \/ Yoast SEO plugin. -->","yoast_head_json":{"title":"PRESENTACION DEL NUEVO LIBRO DE ISABEL RU\u00cdZ RU\u00cdZ , UN IMPRESCINDIBLE HOMENAJE A MARGARITA GIL RO\u00cbSSET - Tiempo de Tormentas","robots":{"index":"index","follow":"follow","max-snippet":"max-snippet:-1","max-image-preview":"max-image-preview:large","max-video-preview":"max-video-preview:-1"},"canonical":"https:\/\/tiempodetormentas.com\/en\/cartelera\/presentacion-del-nuevo-libro-de-isabel-ruiz-ruiz-un-imprescindible-homenaje-a-margarita-gil-roesset\/","og_locale":"en_GB","og_type":"article","og_title":"PRESENTACION DEL NUEVO LIBRO DE ISABEL RU\u00cdZ RU\u00cdZ , UN IMPRESCINDIBLE HOMENAJE A MARGARITA GIL RO\u00cbSSET - Tiempo de Tormentas","og_description":"PRESENTACION DEL LIBRO\u00a0 \u00abYO&#8230;CON LO INFINITO\u00bb La ilustradora Isabel Ru\u00edz Ru\u00edz presenta su libro \u00abYo con lo infinito\u00bb. Se trata de un \u00e1lbum ilustrado que pretende rescatar la obra de la artista espa\u00f1ola Marga Gil Ro\u00ebsset. Marga Gil Ro\u00ebsset\u00a0(Las Rozas de Madrid, 3 de marzo de 1908 &#8211; Las Rozas de Madrid, 28 de julio [&hellip;]","og_url":"https:\/\/tiempodetormentas.com\/en\/cartelera\/presentacion-del-nuevo-libro-de-isabel-ruiz-ruiz-un-imprescindible-homenaje-a-margarita-gil-roesset\/","og_site_name":"Tiempo de Tormentas","article_published_time":"2025-01-07T17:08:24+00:00","og_image":[{"width":1080,"height":1350,"url":"https:\/\/tiempodetormentas.com\/wp-content\/uploads\/2025\/01\/Presentacion-libro-PCE.jpg","type":"image\/jpeg"}],"author":"Ray Lorens","twitter_card":"summary_large_image","twitter_misc":{"Written by":"Ray Lorens","Estimated reading time":"6 minutes"},"schema":{"@context":"https:\/\/schema.org","@graph":[{"@type":"Article","@id":"https:\/\/tiempodetormentas.com\/cartelera\/presentacion-del-nuevo-libro-de-isabel-ruiz-ruiz-un-imprescindible-homenaje-a-margarita-gil-roesset\/#article","isPartOf":{"@id":"https:\/\/tiempodetormentas.com\/cartelera\/presentacion-del-nuevo-libro-de-isabel-ruiz-ruiz-un-imprescindible-homenaje-a-margarita-gil-roesset\/"},"author":{"name":"Ray Lorens","@id":"https:\/\/tiempodetormentas.com\/#\/schema\/person\/7e59b0ab3f525f413b127a9f2727eee7"},"headline":"PRESENTACION DEL NUEVO LIBRO DE ISABEL RU\u00cdZ RU\u00cdZ , UN IMPRESCINDIBLE HOMENAJE A MARGARITA GIL RO\u00cbSSET","datePublished":"2025-01-07T17:08:24+00:00","mainEntityOfPage":{"@id":"https:\/\/tiempodetormentas.com\/cartelera\/presentacion-del-nuevo-libro-de-isabel-ruiz-ruiz-un-imprescindible-homenaje-a-margarita-gil-roesset\/"},"wordCount":1096,"commentCount":2,"publisher":{"@id":"https:\/\/tiempodetormentas.com\/#organization"},"image":{"@id":"https:\/\/tiempodetormentas.com\/cartelera\/presentacion-del-nuevo-libro-de-isabel-ruiz-ruiz-un-imprescindible-homenaje-a-margarita-gil-roesset\/#primaryimage"},"thumbnailUrl":"https:\/\/tiempodetormentas.com\/wp-content\/uploads\/2025\/01\/Presentacion-libro-PCE.jpg","articleSection":["Cartelera"],"inLanguage":"en-GB","potentialAction":[{"@type":"CommentAction","name":"Comment","target":["https:\/\/tiempodetormentas.com\/cartelera\/presentacion-del-nuevo-libro-de-isabel-ruiz-ruiz-un-imprescindible-homenaje-a-margarita-gil-roesset\/#respond"]}]},{"@type":"WebPage","@id":"https:\/\/tiempodetormentas.com\/cartelera\/presentacion-del-nuevo-libro-de-isabel-ruiz-ruiz-un-imprescindible-homenaje-a-margarita-gil-roesset\/","url":"https:\/\/tiempodetormentas.com\/cartelera\/presentacion-del-nuevo-libro-de-isabel-ruiz-ruiz-un-imprescindible-homenaje-a-margarita-gil-roesset\/","name":"PRESENTACION DEL NUEVO LIBRO DE ISABEL RU\u00cdZ RU\u00cdZ , UN IMPRESCINDIBLE HOMENAJE A MARGARITA GIL RO\u00cbSSET - Tiempo de Tormentas","isPartOf":{"@id":"https:\/\/tiempodetormentas.com\/#website"},"primaryImageOfPage":{"@id":"https:\/\/tiempodetormentas.com\/cartelera\/presentacion-del-nuevo-libro-de-isabel-ruiz-ruiz-un-imprescindible-homenaje-a-margarita-gil-roesset\/#primaryimage"},"image":{"@id":"https:\/\/tiempodetormentas.com\/cartelera\/presentacion-del-nuevo-libro-de-isabel-ruiz-ruiz-un-imprescindible-homenaje-a-margarita-gil-roesset\/#primaryimage"},"thumbnailUrl":"https:\/\/tiempodetormentas.com\/wp-content\/uploads\/2025\/01\/Presentacion-libro-PCE.jpg","datePublished":"2025-01-07T17:08:24+00:00","breadcrumb":{"@id":"https:\/\/tiempodetormentas.com\/cartelera\/presentacion-del-nuevo-libro-de-isabel-ruiz-ruiz-un-imprescindible-homenaje-a-margarita-gil-roesset\/#breadcrumb"},"inLanguage":"en-GB","potentialAction":[{"@type":"ReadAction","target":["https:\/\/tiempodetormentas.com\/cartelera\/presentacion-del-nuevo-libro-de-isabel-ruiz-ruiz-un-imprescindible-homenaje-a-margarita-gil-roesset\/"]}]},{"@type":"ImageObject","inLanguage":"en-GB","@id":"https:\/\/tiempodetormentas.com\/cartelera\/presentacion-del-nuevo-libro-de-isabel-ruiz-ruiz-un-imprescindible-homenaje-a-margarita-gil-roesset\/#primaryimage","url":"https:\/\/tiempodetormentas.com\/wp-content\/uploads\/2025\/01\/Presentacion-libro-PCE.jpg","contentUrl":"https:\/\/tiempodetormentas.com\/wp-content\/uploads\/2025\/01\/Presentacion-libro-PCE.jpg","width":1080,"height":1350},{"@type":"BreadcrumbList","@id":"https:\/\/tiempodetormentas.com\/cartelera\/presentacion-del-nuevo-libro-de-isabel-ruiz-ruiz-un-imprescindible-homenaje-a-margarita-gil-roesset\/#breadcrumb","itemListElement":[{"@type":"ListItem","position":1,"name":"Portada","item":"https:\/\/tiempodetormentas.com\/"},{"@type":"ListItem","position":2,"name":"PRESENTACION DEL NUEVO LIBRO DE ISABEL RU\u00cdZ RU\u00cdZ , UN IMPRESCINDIBLE HOMENAJE A MARGARITA GIL RO\u00cbSSET"}]},{"@type":"WebSite","@id":"https:\/\/tiempodetormentas.com\/#website","url":"https:\/\/tiempodetormentas.com\/","name":"Tiempo de Tormentas","description":"Edita el club de la bruma","publisher":{"@id":"https:\/\/tiempodetormentas.com\/#organization"},"potentialAction":[{"@type":"SearchAction","target":{"@type":"EntryPoint","urlTemplate":"https:\/\/tiempodetormentas.com\/?s={search_term_string}"},"query-input":{"@type":"PropertyValueSpecification","valueRequired":true,"valueName":"search_term_string"}}],"inLanguage":"en-GB"},{"@type":"Organization","@id":"https:\/\/tiempodetormentas.com\/#organization","name":"Tiempo de Tormentas","url":"https:\/\/tiempodetormentas.com\/","logo":{"@type":"ImageObject","inLanguage":"en-GB","@id":"https:\/\/tiempodetormentas.com\/#\/schema\/logo\/image\/","url":"https:\/\/tiempodetormentas.com\/wp-content\/uploads\/2022\/01\/tiempo-de-tormentas.png","contentUrl":"https:\/\/tiempodetormentas.com\/wp-content\/uploads\/2022\/01\/tiempo-de-tormentas.png","width":448,"height":121,"caption":"Tiempo de Tormentas"},"image":{"@id":"https:\/\/tiempodetormentas.com\/#\/schema\/logo\/image\/"}},{"@type":"Person","@id":"https:\/\/tiempodetormentas.com\/#\/schema\/person\/7e59b0ab3f525f413b127a9f2727eee7","name":"Ray Lorens","image":{"@type":"ImageObject","inLanguage":"en-GB","@id":"https:\/\/tiempodetormentas.com\/#\/schema\/person\/image\/","url":"https:\/\/secure.gravatar.com\/avatar\/455622daf1ca0bf2f3b43adae4fc14ec90d08bdcfdbfc9c5f24527bb1d711a5a?s=96&d=mm&r=g","contentUrl":"https:\/\/secure.gravatar.com\/avatar\/455622daf1ca0bf2f3b43adae4fc14ec90d08bdcfdbfc9c5f24527bb1d711a5a?s=96&d=mm&r=g","caption":"Ray Lorens"},"description":"cineasta, escritor, periodista","sameAs":["https:\/\/tiempodetormentas.com"],"url":"https:\/\/tiempodetormentas.com\/en\/author\/ray\/"}]}},"_links":{"self":[{"href":"https:\/\/tiempodetormentas.com\/en\/wp-json\/wp\/v2\/posts\/953","targetHints":{"allow":["GET"]}}],"collection":[{"href":"https:\/\/tiempodetormentas.com\/en\/wp-json\/wp\/v2\/posts"}],"about":[{"href":"https:\/\/tiempodetormentas.com\/en\/wp-json\/wp\/v2\/types\/post"}],"author":[{"embeddable":true,"href":"https:\/\/tiempodetormentas.com\/en\/wp-json\/wp\/v2\/users\/1"}],"replies":[{"embeddable":true,"href":"https:\/\/tiempodetormentas.com\/en\/wp-json\/wp\/v2\/comments?post=953"}],"version-history":[{"count":1,"href":"https:\/\/tiempodetormentas.com\/en\/wp-json\/wp\/v2\/posts\/953\/revisions"}],"predecessor-version":[{"id":955,"href":"https:\/\/tiempodetormentas.com\/en\/wp-json\/wp\/v2\/posts\/953\/revisions\/955"}],"wp:featuredmedia":[{"embeddable":true,"href":"https:\/\/tiempodetormentas.com\/en\/wp-json\/wp\/v2\/media\/954"}],"wp:attachment":[{"href":"https:\/\/tiempodetormentas.com\/en\/wp-json\/wp\/v2\/media?parent=953"}],"wp:term":[{"taxonomy":"category","embeddable":true,"href":"https:\/\/tiempodetormentas.com\/en\/wp-json\/wp\/v2\/categories?post=953"},{"taxonomy":"post_tag","embeddable":true,"href":"https:\/\/tiempodetormentas.com\/en\/wp-json\/wp\/v2\/tags?post=953"}],"curies":[{"name":"wp","href":"https:\/\/api.w.org\/{rel}","templated":true}]}}