{"id":884,"date":"2024-08-31T20:23:49","date_gmt":"2024-08-31T20:23:49","guid":{"rendered":"https:\/\/tiempodetormentas.com\/?p=884"},"modified":"2024-08-31T20:23:49","modified_gmt":"2024-08-31T20:23:49","slug":"sobre-documentales-y-cortos-de-boris-kozlov","status":"publish","type":"post","link":"https:\/\/tiempodetormentas.com\/en\/cultura\/sobre-documentales-y-cortos-de-boris-kozlov\/","title":{"rendered":"Sobre documentales y cortos de Boris Kozlov"},"content":{"rendered":"<p>En tiempos de superabundancia de im\u00e1genes e historias insustanciales es dif\u00edcil encontrar algo que capture la atenci\u00f3n, especialmente cuando uno ha visto miles de horas de metraje. Ciertamente navegar en youtube es lo m\u00e1s parecido a caminar por una monta\u00f1a de basura con el riesgo de muerte s\u00fabita por asfixia consecuente a un derrumbamiento.<\/p>\n<p>Hay un joven realizador, Boris Kozlov, al cual he llegado por casualidad cuando reun\u00eda material sobre la primera guerra en Europa Occidental despu\u00e9s de la II guerra mundial (no, no es la guerra en Ucrania, fue la guerra en Yugoeslavia) para \u201cComo construir un imperio\u201d, estudio en el que vengo trabajando hace a\u00f1os. Y es que Kozlov ha realizado un magn\u00edfico y breve documental sobre esa guerra imperial. Cierto es que para entender esta guerra es necesario tener en cuenta, aparte de lo que se dice en el documental, que es esencialmente correcto, la motivaci\u00f3n financiera -no solo geopol\u00edtica- y el lugar de los agentes locales de la guerra hibrida, los \u201cestudiantes\u201d de la organizaci\u00f3n Otpor!, \u201cestudiantes\u201d entrenados con la correspondiente subvenci\u00f3n imperial en las t\u00e1cticas de la \u201cresistencia no violenta\u201d que, en la estela del poco conocido pero muy activo, operativo Gene Sharp, dan cuenta de la \u201cBulldozer Revolution\u201d.<\/p>\n<p>La motivaci\u00f3n financiera da cuenta de quien manda sobre el sheriff y lo poco heroico de este (a diferencia de lo que nos contaba Hollywood en las viejas pel\u00edculas del oeste) y explica por qu\u00e9 ca\u00edan bombas desde el cielo en las hermosas tierras de Yugoeslavia, para gran alborozo de \u201csocialdem\u00f3cratas\u201d como el asertivo predicador Solana, gran \u201ccampeador de la democracia imperial\u201d, sin necesidad de invocar teor\u00eda de la conspiraci\u00f3n alguna.<\/p>\n<p>Y es que, en enero de 1991, Milosevic<a href=\"#_edn1\" name=\"_ednref1\">[i]<\/a> consigui\u00f3 que se aprobara una ley que ordenaba la emisi\u00f3n del equivalente a $1.8 billones de nueva moneda para pagar pensionistas, agricultores y evitar el cierre de empresas. Esto le liberaba del suicidio pol\u00edtico al que pretend\u00edan condenarle los banqueros imperiales imponi\u00e9ndole las conocidas y repetidas pol\u00edticas de \u201causteridad\u201d. Y fue esa decisi\u00f3n la que los llev\u00f3 a ordenar al sheriff que se liara a bombazos desde el aire<a href=\"#_edn2\" name=\"_ednref2\">[ii]<\/a> (Parenti, 2002). El mecanismo de influencia de los financieros imperiales sobre el sheriff est\u00e1 muy bien engrasado; uno de sus pilares -ni mucho menos el \u00fanico- es el The Council on Foreign Relations (Shoup, 2019). Las consecuencias para los diferentes microestados en los que se dividi\u00f3 la antigua Yugoeslavia llegan hasta hoy y han sido particularmente delet\u00e9reas para Serbia<a href=\"#_edn3\" name=\"_ednref3\">[iii]<\/a>.<\/p>\n<p>Un buen recurso para entrar en esta estrategia de desestabilizaci\u00f3n, que sigue operativa a d\u00eda de hoy (Korybko, 2015)\u00a0(Korybko, 2017), inspirando lo que se ha llamado (impropiamente) segunda guerra fr\u00eda (Moniz_Bandeira, 2017), operativamente enriquecida con nuevas herramientas, particularmente las redes sociales, son dos art\u00edculos de Marcie Smith. En el primero de ellos <a href=\"https:\/\/nonsite.org\/change-agent-gene-sharps-neoliberal-nonviolence-part-one\/#foot_src_175-11830\">https:\/\/nonsite.org\/change-agent-gene-sharps-neoliberal-nonviolence-part-one\/#foot_src_175-11830<\/a> \u00a0detalla la relaci\u00f3n entre Sharp y los cambios de r\u00e9gimen que no han venido siguiendo las instrucciones del imperio (y el silencio sobre los que si se han plegado). En el segundo <a href=\"https:\/\/nonsite.org\/change-agent-gene-sharps-neoliberal-nonviolence-part-two\/\">https:\/\/nonsite.org\/change-agent-gene-sharps-neoliberal-nonviolence-part-two\/<\/a> \u00a0detalla c\u00f3mo esos enfoques han contaminado, hasta volverlos irrelevantes, castr\u00e1ndolos de cualquier potencia de cambio, a los \u201cmovimientos sociales\u201d en USA y el resto del imperio.<\/p>\n<p>Volviendo a Kozlov, que es el motivo principal de este texto, adem\u00e1s del documental al que hemos hecho referencia, visible aqu\u00ed https:\/\/www.youtube.com\/watch?v=9cK_YgZHZf8&amp;t=0s, altamente recomendable, en su canal en youtube <a href=\"https:\/\/www.youtube.com\/@bkv9999\">https:\/\/www.youtube.com\/@bkv9999<\/a> , Kozlov ha colgado dos minifilms -algo m\u00e1s que un corto y algo menos que una pel\u00edcula- de una magnifica factura: el m\u00e1s reciente The ring 2.0. A new solution, otro, unos meses m\u00e1s antiguo, El m\u00e9todo Pigs y el \u00faltimo, que ya tiene varios a\u00f1os The Postmodern Pioneer Plaque.<\/p>\n<p>He disfrutado de la experiencia visual -y eso es realmente dif\u00edcil- y me ha entretenido la experiencia intelectual. En The Ring 2.0 https:\/\/www.youtube.com\/watch?v=yLp2IrKA_04 \u00a0hace un paralelo entre el m\u00f3vil y el anillo. En El m\u00e9todo Pigs <a href=\"https:\/\/www.youtube.com\/watch?v=PoZemW-FOVM\">https:\/\/www.youtube.com\/watch?v=PoZemW-FOVM<\/a> muestra como la apariencia de la nueva \u201cemprendur\u00eda\u201d (si quieres, puedes, chaval) que oculta la realidad de los estragos de la desigualdad. Y en Postmodern Pionner Plaque <a href=\"https:\/\/www.youtube.com\/watch?v=8gfDffpkQI0\">https:\/\/www.youtube.com\/watch?v=8gfDffpkQI0<\/a> muestra el absurdo de la multiplicaci\u00f3n identitaria. Esta multiplicaci\u00f3n, que a algunos les parece espont\u00e1nea expresi\u00f3n de la explosi\u00f3n de libertad -y puede que en parte sea as\u00ed, aunque no s\u00e9 en qu\u00e9 parte- es usada, hasta provocar v\u00f3mito por indigesti\u00f3n, por las miles de ONGs a las que el imperio encarga, US$ (y alg\u00fan \u20ac) mediante, el trabajo sucio a escala planetaria<a href=\"#_edn4\" name=\"_ednref4\">[iv]<\/a> contra todo aqu\u00e9l estado, e incluso individuo, que no se pliega a sus designios, bajo una capa de modernidad.<\/p>\n<p>Si desde la inmediata postguerra la cruzada anticomunista multiherramienta<a href=\"#_edn5\" name=\"_ednref5\">[v]<\/a> moviliz\u00f3 a los \u201cintelectuales\u201d y promovi\u00f3 activamente la izquierda no comunista -sindicatos incluidos- en todos los pa\u00edses de los 1000 millones (Europa Occidental, Nueva Zelanda, Australia y Jap\u00f3n) y en los territorios del antiguo imperio brit\u00e1nico (India, \u00c1frica) y espa\u00f1ol (Sudam\u00e9rica), como ha documentado, con todo lujo de detalles, La Cia y la guerra fr\u00eda cultural (Saunders, 2013), en esta segunda d\u00e9cada del sxxi nada de eso ha desparecido, si bien la panoplia se ha enriquecido enormemente. Particularmente notorio, entre otras varias innovaciones -i.e. la multiplicaci\u00f3n de ONGs, &#8211; en ese enriquecimiento, es la \u201cautomatizaci\u00f3n\u201d de la influencia de masas en las diferentes redes sociales, impulsadas en su original desarrollo por \u201ccapital riesgo\u201d bajo formatos como In-Q-Tel Investments, nutrido con fondos federales a trav\u00e9s de la CIA. O el desarrollo de apps de mensajer\u00eda como Signal. Suma y sigue. Lo definitivo es que la m\u00fasica de la \u201clibertad\u201d no se detenga y el prometido horizonte de felicidad se aleje al tiempo que parece estar llegando.<\/p>\n<p><img loading=\"lazy\" decoding=\"async\" class=\"size-medium wp-image-886 alignleft\" src=\"https:\/\/tiempodetormentas.com\/wp-content\/uploads\/2024\/08\/BK_El-nino_de_oro_1-300x205.png\" alt=\"\" width=\"300\" height=\"205\" srcset=\"https:\/\/tiempodetormentas.com\/wp-content\/uploads\/2024\/08\/BK_El-nino_de_oro_1-300x205.png 300w, https:\/\/tiempodetormentas.com\/wp-content\/uploads\/2024\/08\/BK_El-nino_de_oro_1-150x102.png 150w, https:\/\/tiempodetormentas.com\/wp-content\/uploads\/2024\/08\/BK_El-nino_de_oro_1-218x150.png 218w, https:\/\/tiempodetormentas.com\/wp-content\/uploads\/2024\/08\/BK_El-nino_de_oro_1.png 355w\" sizes=\"auto, (max-width: 300px) 100vw, 300px\" \/>Visto en retrospectiva, sin nostalgia alguna, encontrarse con viejos conocidos -i.e. Denis de Rougemont, \u00a0Raymond Aron, Isaiah Berlin, Michel Polanyi, Andr\u00e9 Malraux, Anna Arendt<a href=\"#_edn6\" name=\"_ednref6\">[vi]<\/a>, por citar algunos de los que forman parte de mi biblioteca personal- de los cuales, en el momento que los le\u00ed, dado el aislamiento intelectual del pa\u00eds, desconoc\u00eda su naturaleza de \u201coperativos\u201d<a href=\"#_edn7\" name=\"_ednref7\">[vii]<\/a>, contribuye a un actual escepticismo absoluto sobre todos aqu\u00e9llos que de un modo \u201ccamuflado\u201d sostienen discursos pro imperiales -de los que lo hacen expl\u00edcitamente, no cabe dudar-. \u00a0Puede que no sean activos en n\u00f3mina, pero lo parecen. Mejor pecar de falsos positivos que dejarse enga\u00f1ar de nuevo<a href=\"#_edn8\" name=\"_ednref8\">[viii]<\/a>. Esta actitud no nos sit\u00faa en la \u201cfilosof\u00eda de la sospecha\u201d, esa idiotez que populariz\u00f3 Ricoeur, ni tampoco nos hace adictos a \u201cteor\u00edas de la conspiraci\u00f3n\u201d, toda vez que estudie lo que estudie, desde Venezuela hasta Egipto, Georgia o Banglad\u00e9s<a href=\"#_edn9\" name=\"_ednref9\">[ix]<\/a>, encuentro y reconozco los mismos patrones y narrativas. Todo basado en datos. Y todo espont\u00e1neo, como la basura.<\/p>\n<p>La que llamaron en aquel documento \u201cMilitant Liberty\u201d<a href=\"#_edn10\" name=\"_ednref10\">[x]<\/a> (y hoy algunos han reutilizado como \u201cMilitant Democracy\u201d) al servicio de la cual pusieron las mejoras t\u00e9cnicas de guerra psicol\u00f3gica que conoc\u00edan<a href=\"#_edn11\" name=\"_ednref11\">[xi]<\/a> fue entonces, y es hoy, \u201cMilitant Imperialism\u201d, pues nada de lo que el imperio exporta es m\u00e1s peligroso que su versi\u00f3n de democracia, como bien sabe un insider que manipul\u00f3 la mercanc\u00eda (Blum, 2022). Este dios de la democracia ha ca\u00eddo, aunque camina por inercia, como para desgracia de los comunes cayeron otros (Koestler &amp; et alt., 1949). Cierto es que algunos contin\u00faan ador\u00e1ndolo, particularmente las \u00e9lites subordinadas que dependen del US$ y \u20ac, que les llega como man\u00e1 ca\u00eddo del cielo, a trav\u00e9s de los miles de ONGs. Esos dioses no son los de la estepa, con nos cont\u00f3 Kadar\u00e9, son los dioses de la isla. Y probablemente morir\u00e1n ahogados, cuando sus portaaviones zozobren. Eso suceder\u00e1. La fecha no me ha sido comunicada, aunque seguro que est\u00e1 escrita en alg\u00fan legajo del palacio de los sue\u00f1os.<\/p>\n<p>El trabajo cinematogr\u00e1fico de Boris Kozlov es testimonio de \u00e9poca, aparte de entretenido y disfrutable. Y por esas dos razones, altamente recomendable.<\/p>\n<p>__________________<\/p>\n<p>Notas<\/p>\n<p><a href=\"#_ednref1\" name=\"_edn1\">[i]<\/a> Los \u00fanicos \u201cblancos\u201d que han sido llevados ante la llamada \u201cCorte Penal Internacional\u201d que tanto alborozo le generaba a otro ilustre \u201csocialdem\u00f3crata\u201d, el vaquero sevillano, Felipe Gonz\u00e1lez, son justamente gentes de Yugoeslavia., entre ellos Milosevic, que, a \u201cdios gracias\u201d fue exonerado de toda culpa, despu\u00e9s de muerto. Los verdaderos responsables, nunca han sido llevados ante esa gran corte imperial.<\/p>\n<p><a href=\"#_ednref2\" name=\"_edn2\">[ii]<\/a> Los da\u00f1os documentados de la llamada Allied Force Operation, que dur\u00f3 78 d\u00edas fueron la destrucci\u00f3n de 25,000 edificios residenciales, 470 km de carreteras, 595 km de v\u00edas de tren. Los muertos entre militares y polic\u00edas fueron de 1,008 y entre civiles entre 1.200 y 1.500 (aparte de los da\u00f1os posteriores resultado del uso de bombas con uranio \u201cempobrecido\u201d. Un total de 22.000 toneladas de bombas cayeron, de las cuales al menos 37.000 eran de tipo cluster. Datos publicados por \u0418\u0433\u043e\u0440\u044c \u0413\u043e\u0439\u043a\u043e\u0432\u0438\u0447 en <a href=\"https:\/\/interaffairs.ru\/news\/show\/21857\">https:\/\/interaffairs.ru\/news\/show\/21857<\/a> (Acceso: 2024\/08\/01).<\/p>\n<p><a href=\"#_ednref3\" name=\"_edn3\">[iii]<\/a> Esto es particularmente notorio en la adjudicaci\u00f3n del estatus de neo colonia, como puede apreciarse, por ejemplo, en la pretendida explotaci\u00f3n de las reservas de litio. En agosto de 2024 hubo fuertes manifestaciones contra la explotaci\u00f3n de litio en Serbia debido a que, bajo la presi\u00f3n de la UE (<a href=\"https:\/\/www.agenzianova.com\/en\/news\/Serbia-EU-begins-agreement-on-lithium-extraction-oppositions-and-environmentalists-protesting\/\">https:\/\/www.agenzianova.com\/en\/news\/Serbia-EU-begins-agreement-on-lithium-extraction-oppositions-and-environmentalists-protesting\/<\/a> ) (Acceso: 2024\/08\/28), se ha reactivado el proyecto minero de Rio Tinto que hab\u00eda sido paralizado en 2022 (bajo la presi\u00f3n igualmente de manifestaciones p\u00fablicas). En un magn\u00edfico art\u00edculo de ese a\u00f1o, Le Monde diplomatique, explicaba lo que estaba en juego (<a href=\"https:\/\/www.monde-diplomatique.fr\/2022\/09\/DRAGOJLO\/65034\">https:\/\/www.monde-diplomatique.fr\/2022\/09\/DRAGOJLO\/65034<\/a> ). En ese art\u00edculo se se\u00f1alaba el enfoque neocolonial, con detalles nada conspiranoicos sobre c\u00f3mo se despliega en la pr\u00e1ctica, y cuya cara m\u00e1s notoria es Alemania; en este pa\u00eds existen reservas de litio superiores a las que hay en Serbia (3% del total de las reservas mundiales frente al 1,3%) , pero los verdes locales, hasta el momento, se han opuesto a la extracci\u00f3n, por las mismas razones que se oponen en Serbia: porque contamina. Adem\u00e1s, es m\u00e1s que probable que los ingresos que la explotaci\u00f3n minera deje en Serbia son inferiores a las que otros usos sostenibles de la tierra puedan aportar (como sucede con todas las explotaciones mineras coloniales).\u00a0 En un creciente r\u00e9gimen de guerra, est\u00e1 por ver lo que suceder\u00e1 con el litio: golpe de estado, revoluci\u00f3n de colores, \u2026<\/p>\n<p><a href=\"#_ednref4\" name=\"_edn4\">[iv]<\/a> Por ejemplo, solo en Georgia, en el C\u00e1ucaso, que he visitado recientemente, operan m\u00e1s de 7.000. Una ley recientemente aprobada, que obliga a declarar el origen de los fondos -si superan el 20% de los ingresos- y con sanciones rid\u00edculas -menos de \u20ac 10.000 si la infringen, ha provocado movimientos hostiles de USA y la UE, que ir\u00e1n a m\u00e1s, toda vez que hac\u00eda el final del 2024 habr\u00e1 elecciones parlamentarias y presidenciales. Es previsible que, si los resultados electorales no gustan al imperio, tirar\u00e1n de manual y las declararan ileg\u00edtimas, con el benepl\u00e1cito de la OSCE (cuya selecci\u00f3n de observadores electorales es fruto de la m\u00e1s absoluta de las corrupciones, como he comprobado y documentado).<\/p>\n<p><a href=\"#_ednref5\" name=\"_edn5\">[v]<\/a> Por supuesto no solamente inclu\u00eda operaciones soft, sino, entonces como ahora, guerras hibridas, golpes de estado, provocaci\u00f3n de guerras proxy (vendidas como civiles) y ataques directos.<\/p>\n<p><a href=\"#_ednref6\" name=\"_edn6\">[vi]<\/a> Esta \u00faltima reus\u00f3 el t\u00edtulo, por lo dem\u00e1s nada original, de la condici\u00f3n humana \u2026<\/p>\n<p><a href=\"#_ednref7\" name=\"_edn7\">[vii]<\/a> Los \u201coperativos\u201d responsables de la organizaci\u00f3n fueron en su mayor parte jud\u00edos procedentes del este y\/o trotskistas. Las tres categor\u00edas tambi\u00e9n est\u00e1n representadas en los autores \u201cpremiados\u201d, pero no en igual medida que entre los responsables de la organizaci\u00f3n.<\/p>\n<p><a href=\"#_ednref8\" name=\"_edn8\">[viii]<\/a> Afortunadamente, dada la enorme larga lista de liberalilotas subvencionados, hay otros muchos \u201coperativos\u201d en los cuales no perd\u00ed mi tiempo.<\/p>\n<p><a href=\"#_ednref9\" name=\"_edn9\">[ix]<\/a> En este \u00faltimo pa\u00eds, la reciente \u201crevoluci\u00f3n\u201d (agosto 2024), ha llevado al ap\u00f3stol de los micro prestamos, Muhammad Yunus, a la presidencia del pa\u00eds.<\/p>\n<p><a href=\"#_ednref10\" name=\"_edn10\">[x]<\/a> Disponible en este enlace <a href=\"https:\/\/books.google.es\/books?id=JQo0AAAAIAAJ&amp;printsec=frontcover&amp;source=gbs_ge_summary_r&amp;cad=0#v=onepage&amp;q&amp;f=false\">https:\/\/books.google.es\/books?id=JQo0AAAAIAAJ&amp;printsec=frontcover&amp;source=gbs_ge_summary_r&amp;cad=0#v=onepage&amp;q&amp;f=false<\/a><\/p>\n<p><a href=\"#_ednref11\" name=\"_edn11\">[xi]<\/a> <a href=\"https:\/\/www.cia.gov\/readingroom\/docs\/CIA-RDP80R01731R003200050006-0.pdf\">https:\/\/www.cia.gov\/readingroom\/docs\/CIA-RDP80R01731R003200050006-0.pdf<\/a><\/p>\n<p>______________<\/p>\n<p>Referencias<\/p>\n<p>Blum, W. (2022). <em>America&#8217;s deadliest export.<\/em> London: Bloomsbury Academic.<\/p>\n<p>Koestler, A., &amp; et alt. (1949). <em>The God that Failed.<\/em> Harper and Brothers Publishers.<\/p>\n<p>Korybko, A. (2015). <em>Hybrid Wars: The Indirect Adaptive Approach To Regime Change.<\/em> MoscowPeoples\u2019 Friendship University of Russia.<\/p>\n<p>Korybko, A. (2017). <em>The Law Of Hybridwar: Eastern hemisphere.<\/em> Korybko Self Edition.<\/p>\n<p>Moniz_Bandeira, L. A. (2017). <em>The Second Cold War.<\/em> Cham: Springer.<\/p>\n<p>Parenti, M. (2002). <em>To kill a nation<\/em>. Verso.<\/p>\n<p>Saunders, F. S. (2013). <em>La CIA y la guerra fr\u00eda cultural.<\/em> DEBATE.<\/p>\n<p>Shoup, L. H. (2019). <em>Wall Street\u2019s think tank: the Council on Foreign Relations and the empire of neoliberal geopolitics,1976\u20132014.<\/em> New York: Monthly Review Press.<\/p>\n<p>&nbsp;<\/p>\n<p>&nbsp;<\/p>\n<p>&nbsp;<\/p>","protected":false},"excerpt":{"rendered":"<p>En tiempos de superabundancia de im\u00e1genes e historias insustanciales es dif\u00edcil encontrar algo que capture la atenci\u00f3n, especialmente cuando uno ha visto miles de horas de metraje. Ciertamente navegar en youtube es lo m\u00e1s parecido a caminar por una monta\u00f1a de basura con el riesgo de muerte s\u00fabita por asfixia consecuente a un derrumbamiento. Hay [&hellip;]<\/p>","protected":false},"author":7,"featured_media":887,"comment_status":"open","ping_status":"open","sticky":false,"template":"","format":"standard","meta":{"footnotes":""},"categories":[28,6],"tags":[],"class_list":{"0":"post-884","1":"post","2":"type-post","3":"status-publish","4":"format-standard","5":"has-post-thumbnail","7":"category-cine","8":"category-cultura"},"yoast_head":"<!-- This site is optimized with the Yoast SEO plugin v26.2 - https:\/\/yoast.com\/wordpress\/plugins\/seo\/ -->\n<title>Sobre documentales y cortos de Boris Kozlov - Tiempo de Tormentas<\/title>\n<meta name=\"robots\" content=\"index, follow, max-snippet:-1, max-image-preview:large, max-video-preview:-1\" \/>\n<link rel=\"canonical\" href=\"https:\/\/tiempodetormentas.com\/en\/cultura\/sobre-documentales-y-cortos-de-boris-kozlov\/\" \/>\n<meta property=\"og:locale\" content=\"en_GB\" \/>\n<meta property=\"og:type\" content=\"article\" \/>\n<meta property=\"og:title\" content=\"Sobre documentales y cortos de Boris Kozlov - Tiempo de Tormentas\" \/>\n<meta property=\"og:description\" content=\"En tiempos de superabundancia de im\u00e1genes e historias insustanciales es dif\u00edcil encontrar algo que capture la atenci\u00f3n, especialmente cuando uno ha visto miles de horas de metraje. Ciertamente navegar en youtube es lo m\u00e1s parecido a caminar por una monta\u00f1a de basura con el riesgo de muerte s\u00fabita por asfixia consecuente a un derrumbamiento. Hay [&hellip;]\" \/>\n<meta property=\"og:url\" content=\"https:\/\/tiempodetormentas.com\/en\/cultura\/sobre-documentales-y-cortos-de-boris-kozlov\/\" \/>\n<meta property=\"og:site_name\" content=\"Tiempo de Tormentas\" \/>\n<meta property=\"article:published_time\" content=\"2024-08-31T20:23:49+00:00\" \/>\n<meta property=\"og:image\" content=\"https:\/\/tiempodetormentas.com\/wp-content\/uploads\/2024\/08\/BK_Jerzy_Lec_12.png\" \/>\n\t<meta property=\"og:image:width\" content=\"486\" \/>\n\t<meta property=\"og:image:height\" content=\"763\" \/>\n\t<meta property=\"og:image:type\" content=\"image\/png\" \/>\n<meta name=\"author\" content=\"Manuel N\u00fa\u00f1ez\" \/>\n<meta name=\"twitter:card\" content=\"summary_large_image\" \/>\n<meta name=\"twitter:label1\" content=\"Written by\" \/>\n\t<meta name=\"twitter:data1\" content=\"Manuel N\u00fa\u00f1ez\" \/>\n\t<meta name=\"twitter:label2\" content=\"Estimated reading time\" \/>\n\t<meta name=\"twitter:data2\" content=\"10 minutes\" \/>\n<script type=\"application\/ld+json\" class=\"yoast-schema-graph\">{\"@context\":\"https:\/\/schema.org\",\"@graph\":[{\"@type\":\"Article\",\"@id\":\"https:\/\/tiempodetormentas.com\/cultura\/sobre-documentales-y-cortos-de-boris-kozlov\/#article\",\"isPartOf\":{\"@id\":\"https:\/\/tiempodetormentas.com\/cultura\/sobre-documentales-y-cortos-de-boris-kozlov\/\"},\"author\":{\"name\":\"Manuel N\u00fa\u00f1ez\",\"@id\":\"https:\/\/tiempodetormentas.com\/#\/schema\/person\/3de7dd02e8d216ab9f542e8355fd4983\"},\"headline\":\"Sobre documentales y cortos de Boris Kozlov\",\"datePublished\":\"2024-08-31T20:23:49+00:00\",\"mainEntityOfPage\":{\"@id\":\"https:\/\/tiempodetormentas.com\/cultura\/sobre-documentales-y-cortos-de-boris-kozlov\/\"},\"wordCount\":2232,\"commentCount\":0,\"publisher\":{\"@id\":\"https:\/\/tiempodetormentas.com\/#organization\"},\"image\":{\"@id\":\"https:\/\/tiempodetormentas.com\/cultura\/sobre-documentales-y-cortos-de-boris-kozlov\/#primaryimage\"},\"thumbnailUrl\":\"https:\/\/tiempodetormentas.com\/wp-content\/uploads\/2024\/08\/BK_Jerzy_Lec_12.png\",\"articleSection\":[\"Cine\",\"Cultura\"],\"inLanguage\":\"en-GB\",\"potentialAction\":[{\"@type\":\"CommentAction\",\"name\":\"Comment\",\"target\":[\"https:\/\/tiempodetormentas.com\/cultura\/sobre-documentales-y-cortos-de-boris-kozlov\/#respond\"]}]},{\"@type\":\"WebPage\",\"@id\":\"https:\/\/tiempodetormentas.com\/cultura\/sobre-documentales-y-cortos-de-boris-kozlov\/\",\"url\":\"https:\/\/tiempodetormentas.com\/cultura\/sobre-documentales-y-cortos-de-boris-kozlov\/\",\"name\":\"Sobre documentales y cortos de Boris Kozlov - Tiempo de Tormentas\",\"isPartOf\":{\"@id\":\"https:\/\/tiempodetormentas.com\/#website\"},\"primaryImageOfPage\":{\"@id\":\"https:\/\/tiempodetormentas.com\/cultura\/sobre-documentales-y-cortos-de-boris-kozlov\/#primaryimage\"},\"image\":{\"@id\":\"https:\/\/tiempodetormentas.com\/cultura\/sobre-documentales-y-cortos-de-boris-kozlov\/#primaryimage\"},\"thumbnailUrl\":\"https:\/\/tiempodetormentas.com\/wp-content\/uploads\/2024\/08\/BK_Jerzy_Lec_12.png\",\"datePublished\":\"2024-08-31T20:23:49+00:00\",\"breadcrumb\":{\"@id\":\"https:\/\/tiempodetormentas.com\/cultura\/sobre-documentales-y-cortos-de-boris-kozlov\/#breadcrumb\"},\"inLanguage\":\"en-GB\",\"potentialAction\":[{\"@type\":\"ReadAction\",\"target\":[\"https:\/\/tiempodetormentas.com\/cultura\/sobre-documentales-y-cortos-de-boris-kozlov\/\"]}]},{\"@type\":\"ImageObject\",\"inLanguage\":\"en-GB\",\"@id\":\"https:\/\/tiempodetormentas.com\/cultura\/sobre-documentales-y-cortos-de-boris-kozlov\/#primaryimage\",\"url\":\"https:\/\/tiempodetormentas.com\/wp-content\/uploads\/2024\/08\/BK_Jerzy_Lec_12.png\",\"contentUrl\":\"https:\/\/tiempodetormentas.com\/wp-content\/uploads\/2024\/08\/BK_Jerzy_Lec_12.png\",\"width\":486,\"height\":763},{\"@type\":\"BreadcrumbList\",\"@id\":\"https:\/\/tiempodetormentas.com\/cultura\/sobre-documentales-y-cortos-de-boris-kozlov\/#breadcrumb\",\"itemListElement\":[{\"@type\":\"ListItem\",\"position\":1,\"name\":\"Portada\",\"item\":\"https:\/\/tiempodetormentas.com\/\"},{\"@type\":\"ListItem\",\"position\":2,\"name\":\"Sobre documentales y cortos de Boris Kozlov\"}]},{\"@type\":\"WebSite\",\"@id\":\"https:\/\/tiempodetormentas.com\/#website\",\"url\":\"https:\/\/tiempodetormentas.com\/\",\"name\":\"Tiempo de Tormentas\",\"description\":\"Edita el club de la bruma\",\"publisher\":{\"@id\":\"https:\/\/tiempodetormentas.com\/#organization\"},\"potentialAction\":[{\"@type\":\"SearchAction\",\"target\":{\"@type\":\"EntryPoint\",\"urlTemplate\":\"https:\/\/tiempodetormentas.com\/?s={search_term_string}\"},\"query-input\":{\"@type\":\"PropertyValueSpecification\",\"valueRequired\":true,\"valueName\":\"search_term_string\"}}],\"inLanguage\":\"en-GB\"},{\"@type\":\"Organization\",\"@id\":\"https:\/\/tiempodetormentas.com\/#organization\",\"name\":\"Tiempo de Tormentas\",\"url\":\"https:\/\/tiempodetormentas.com\/\",\"logo\":{\"@type\":\"ImageObject\",\"inLanguage\":\"en-GB\",\"@id\":\"https:\/\/tiempodetormentas.com\/#\/schema\/logo\/image\/\",\"url\":\"https:\/\/tiempodetormentas.com\/wp-content\/uploads\/2022\/01\/tiempo-de-tormentas.png\",\"contentUrl\":\"https:\/\/tiempodetormentas.com\/wp-content\/uploads\/2022\/01\/tiempo-de-tormentas.png\",\"width\":448,\"height\":121,\"caption\":\"Tiempo de Tormentas\"},\"image\":{\"@id\":\"https:\/\/tiempodetormentas.com\/#\/schema\/logo\/image\/\"}},{\"@type\":\"Person\",\"@id\":\"https:\/\/tiempodetormentas.com\/#\/schema\/person\/3de7dd02e8d216ab9f542e8355fd4983\",\"name\":\"Manuel N\u00fa\u00f1ez\",\"image\":{\"@type\":\"ImageObject\",\"inLanguage\":\"en-GB\",\"@id\":\"https:\/\/tiempodetormentas.com\/#\/schema\/person\/image\/\",\"url\":\"https:\/\/secure.gravatar.com\/avatar\/8e1e935a7082812d076463689f354fb8be70250c92f0e9864254b86cd83585c6?s=96&d=mm&r=g\",\"contentUrl\":\"https:\/\/secure.gravatar.com\/avatar\/8e1e935a7082812d076463689f354fb8be70250c92f0e9864254b86cd83585c6?s=96&d=mm&r=g\",\"caption\":\"Manuel N\u00fa\u00f1ez\"},\"url\":\"https:\/\/tiempodetormentas.com\/en\/author\/mn\/\"}]}<\/script>\n<!-- \/ Yoast SEO plugin. -->","yoast_head_json":{"title":"Sobre documentales y cortos de Boris Kozlov - Tiempo de Tormentas","robots":{"index":"index","follow":"follow","max-snippet":"max-snippet:-1","max-image-preview":"max-image-preview:large","max-video-preview":"max-video-preview:-1"},"canonical":"https:\/\/tiempodetormentas.com\/en\/cultura\/sobre-documentales-y-cortos-de-boris-kozlov\/","og_locale":"en_GB","og_type":"article","og_title":"Sobre documentales y cortos de Boris Kozlov - Tiempo de Tormentas","og_description":"En tiempos de superabundancia de im\u00e1genes e historias insustanciales es dif\u00edcil encontrar algo que capture la atenci\u00f3n, especialmente cuando uno ha visto miles de horas de metraje. Ciertamente navegar en youtube es lo m\u00e1s parecido a caminar por una monta\u00f1a de basura con el riesgo de muerte s\u00fabita por asfixia consecuente a un derrumbamiento. Hay [&hellip;]","og_url":"https:\/\/tiempodetormentas.com\/en\/cultura\/sobre-documentales-y-cortos-de-boris-kozlov\/","og_site_name":"Tiempo de Tormentas","article_published_time":"2024-08-31T20:23:49+00:00","og_image":[{"width":486,"height":763,"url":"https:\/\/tiempodetormentas.com\/wp-content\/uploads\/2024\/08\/BK_Jerzy_Lec_12.png","type":"image\/png"}],"author":"Manuel N\u00fa\u00f1ez","twitter_card":"summary_large_image","twitter_misc":{"Written by":"Manuel N\u00fa\u00f1ez","Estimated reading time":"10 minutes"},"schema":{"@context":"https:\/\/schema.org","@graph":[{"@type":"Article","@id":"https:\/\/tiempodetormentas.com\/cultura\/sobre-documentales-y-cortos-de-boris-kozlov\/#article","isPartOf":{"@id":"https:\/\/tiempodetormentas.com\/cultura\/sobre-documentales-y-cortos-de-boris-kozlov\/"},"author":{"name":"Manuel N\u00fa\u00f1ez","@id":"https:\/\/tiempodetormentas.com\/#\/schema\/person\/3de7dd02e8d216ab9f542e8355fd4983"},"headline":"Sobre documentales y cortos de Boris Kozlov","datePublished":"2024-08-31T20:23:49+00:00","mainEntityOfPage":{"@id":"https:\/\/tiempodetormentas.com\/cultura\/sobre-documentales-y-cortos-de-boris-kozlov\/"},"wordCount":2232,"commentCount":0,"publisher":{"@id":"https:\/\/tiempodetormentas.com\/#organization"},"image":{"@id":"https:\/\/tiempodetormentas.com\/cultura\/sobre-documentales-y-cortos-de-boris-kozlov\/#primaryimage"},"thumbnailUrl":"https:\/\/tiempodetormentas.com\/wp-content\/uploads\/2024\/08\/BK_Jerzy_Lec_12.png","articleSection":["Cine","Cultura"],"inLanguage":"en-GB","potentialAction":[{"@type":"CommentAction","name":"Comment","target":["https:\/\/tiempodetormentas.com\/cultura\/sobre-documentales-y-cortos-de-boris-kozlov\/#respond"]}]},{"@type":"WebPage","@id":"https:\/\/tiempodetormentas.com\/cultura\/sobre-documentales-y-cortos-de-boris-kozlov\/","url":"https:\/\/tiempodetormentas.com\/cultura\/sobre-documentales-y-cortos-de-boris-kozlov\/","name":"Sobre documentales y cortos de Boris Kozlov - Tiempo de Tormentas","isPartOf":{"@id":"https:\/\/tiempodetormentas.com\/#website"},"primaryImageOfPage":{"@id":"https:\/\/tiempodetormentas.com\/cultura\/sobre-documentales-y-cortos-de-boris-kozlov\/#primaryimage"},"image":{"@id":"https:\/\/tiempodetormentas.com\/cultura\/sobre-documentales-y-cortos-de-boris-kozlov\/#primaryimage"},"thumbnailUrl":"https:\/\/tiempodetormentas.com\/wp-content\/uploads\/2024\/08\/BK_Jerzy_Lec_12.png","datePublished":"2024-08-31T20:23:49+00:00","breadcrumb":{"@id":"https:\/\/tiempodetormentas.com\/cultura\/sobre-documentales-y-cortos-de-boris-kozlov\/#breadcrumb"},"inLanguage":"en-GB","potentialAction":[{"@type":"ReadAction","target":["https:\/\/tiempodetormentas.com\/cultura\/sobre-documentales-y-cortos-de-boris-kozlov\/"]}]},{"@type":"ImageObject","inLanguage":"en-GB","@id":"https:\/\/tiempodetormentas.com\/cultura\/sobre-documentales-y-cortos-de-boris-kozlov\/#primaryimage","url":"https:\/\/tiempodetormentas.com\/wp-content\/uploads\/2024\/08\/BK_Jerzy_Lec_12.png","contentUrl":"https:\/\/tiempodetormentas.com\/wp-content\/uploads\/2024\/08\/BK_Jerzy_Lec_12.png","width":486,"height":763},{"@type":"BreadcrumbList","@id":"https:\/\/tiempodetormentas.com\/cultura\/sobre-documentales-y-cortos-de-boris-kozlov\/#breadcrumb","itemListElement":[{"@type":"ListItem","position":1,"name":"Portada","item":"https:\/\/tiempodetormentas.com\/"},{"@type":"ListItem","position":2,"name":"Sobre documentales y cortos de Boris Kozlov"}]},{"@type":"WebSite","@id":"https:\/\/tiempodetormentas.com\/#website","url":"https:\/\/tiempodetormentas.com\/","name":"Tiempo de Tormentas","description":"Edita el club de la bruma","publisher":{"@id":"https:\/\/tiempodetormentas.com\/#organization"},"potentialAction":[{"@type":"SearchAction","target":{"@type":"EntryPoint","urlTemplate":"https:\/\/tiempodetormentas.com\/?s={search_term_string}"},"query-input":{"@type":"PropertyValueSpecification","valueRequired":true,"valueName":"search_term_string"}}],"inLanguage":"en-GB"},{"@type":"Organization","@id":"https:\/\/tiempodetormentas.com\/#organization","name":"Tiempo de Tormentas","url":"https:\/\/tiempodetormentas.com\/","logo":{"@type":"ImageObject","inLanguage":"en-GB","@id":"https:\/\/tiempodetormentas.com\/#\/schema\/logo\/image\/","url":"https:\/\/tiempodetormentas.com\/wp-content\/uploads\/2022\/01\/tiempo-de-tormentas.png","contentUrl":"https:\/\/tiempodetormentas.com\/wp-content\/uploads\/2022\/01\/tiempo-de-tormentas.png","width":448,"height":121,"caption":"Tiempo de Tormentas"},"image":{"@id":"https:\/\/tiempodetormentas.com\/#\/schema\/logo\/image\/"}},{"@type":"Person","@id":"https:\/\/tiempodetormentas.com\/#\/schema\/person\/3de7dd02e8d216ab9f542e8355fd4983","name":"Manuel N\u00fa\u00f1ez","image":{"@type":"ImageObject","inLanguage":"en-GB","@id":"https:\/\/tiempodetormentas.com\/#\/schema\/person\/image\/","url":"https:\/\/secure.gravatar.com\/avatar\/8e1e935a7082812d076463689f354fb8be70250c92f0e9864254b86cd83585c6?s=96&d=mm&r=g","contentUrl":"https:\/\/secure.gravatar.com\/avatar\/8e1e935a7082812d076463689f354fb8be70250c92f0e9864254b86cd83585c6?s=96&d=mm&r=g","caption":"Manuel N\u00fa\u00f1ez"},"url":"https:\/\/tiempodetormentas.com\/en\/author\/mn\/"}]}},"_links":{"self":[{"href":"https:\/\/tiempodetormentas.com\/en\/wp-json\/wp\/v2\/posts\/884","targetHints":{"allow":["GET"]}}],"collection":[{"href":"https:\/\/tiempodetormentas.com\/en\/wp-json\/wp\/v2\/posts"}],"about":[{"href":"https:\/\/tiempodetormentas.com\/en\/wp-json\/wp\/v2\/types\/post"}],"author":[{"embeddable":true,"href":"https:\/\/tiempodetormentas.com\/en\/wp-json\/wp\/v2\/users\/7"}],"replies":[{"embeddable":true,"href":"https:\/\/tiempodetormentas.com\/en\/wp-json\/wp\/v2\/comments?post=884"}],"version-history":[{"count":2,"href":"https:\/\/tiempodetormentas.com\/en\/wp-json\/wp\/v2\/posts\/884\/revisions"}],"predecessor-version":[{"id":888,"href":"https:\/\/tiempodetormentas.com\/en\/wp-json\/wp\/v2\/posts\/884\/revisions\/888"}],"wp:featuredmedia":[{"embeddable":true,"href":"https:\/\/tiempodetormentas.com\/en\/wp-json\/wp\/v2\/media\/887"}],"wp:attachment":[{"href":"https:\/\/tiempodetormentas.com\/en\/wp-json\/wp\/v2\/media?parent=884"}],"wp:term":[{"taxonomy":"category","embeddable":true,"href":"https:\/\/tiempodetormentas.com\/en\/wp-json\/wp\/v2\/categories?post=884"},{"taxonomy":"post_tag","embeddable":true,"href":"https:\/\/tiempodetormentas.com\/en\/wp-json\/wp\/v2\/tags?post=884"}],"curies":[{"name":"wp","href":"https:\/\/api.w.org\/{rel}","templated":true}]}}