{"id":878,"date":"2024-08-28T21:35:08","date_gmt":"2024-08-28T21:35:08","guid":{"rendered":"https:\/\/tiempodetormentas.com\/?p=878"},"modified":"2024-08-28T21:35:08","modified_gmt":"2024-08-28T21:35:08","slug":"alemania-tiempo-de-revision","status":"publish","type":"post","link":"https:\/\/tiempodetormentas.com\/en\/opinion\/alemania-tiempo-de-revision\/","title":{"rendered":"Alemania, tiempo de revisi\u00f3n"},"content":{"rendered":"<p>Los mitos fundacionales de la UE son varios; entre ellos que su raz\u00f3n de ser era evitar las guerras entre sus belicosos estados, muy particularmente Alemania y Francia. Esta raz\u00f3n tiene poco que ver con la causa originaria de la creaci\u00f3n de la comunidad del carb\u00f3n y el acero, antecedente directo a la UE. Son otras las razones, de las cuales no nos vamos a ocupar ahora (parcialmente nos hemos ocupado aqu\u00ed <a href=\"https:\/\/tiempodetormentas.com\/en\/opinion\/analisis\/a-donde-vas-europa\/\">https:\/\/tiempodetormentas.com\/opinion\/analisis\/a-donde-vas-europa\/<\/a><\/p>\n<p>Ciertamente estos dos estados, Francia y Alemania, cuyos territorios han estado subsumidos durante largos per\u00edodos en las mismas unidades pol\u00edticas, i.e. el imperio carolingio, son belicosos. Alemania, a la que se otorg\u00f3 un papel relativamente secundario en el reparto colonial (Hoyer, Blood and Iron, 2021), ha sido derrotada dos veces durante el siglo xx. Pero aun as\u00ed, los n\u00fameros 1 y 2 del podio de estados belicosos en los \u00faltimos cientos de a\u00f1os, est\u00e1n ocupados por otros: la isla al otro lado del Canal de la Mancha \u00a0(Laycock, 2012) y el estado colonial que se ha erigido en su heredero, otra isla al otro lado del Atl\u00e1ntico\u00a0(Laycock &amp; Kelly, 2015).<\/p>\n<p>Parece que es posible encontrar una cierta regularidad: son los estados mar\u00edtimos (i.e. Atenas), no los continentales (i.e Sparta), los m\u00e1s belicosos si por estados belicosos se entiende la pasi\u00f3n por invadir y reclamar para si el espacio que ocupan otras gentes. Por tanto, pese a que Alemania ha protagonizado las dos llamadas guerras mundiales del siglo xx, no es por ser el estado m\u00e1s belicoso por lo que se le puede caracterizar.<\/p>\n<p>Hay al menos seis mitos que caracterizan a la moderna Alemania: (i) es un estado independiente, no una colonia, capaz de liderar a la UE; (ii) la Rep\u00fablica Democr\u00e1tica de Alemania nunca existi\u00f3; (iii) las dos Alemanias se \u201creunificaron\u201d en un proceso mod\u00e9lico; (iv) en Alemania tuvo lugar un mod\u00e9lico proceso de \u201cdesnazificaci\u00f3n\u201d; (v) Alemania ha aprendido la lecci\u00f3n hist\u00f3rica del antisemitismo; (vi) la industriosidad alemana, la abeja Maya, explica el \u00e9xito exportador de Alemania. Estos mitos son puro \u201cdeutungshoheit\u201d, para fabricar un \u201cvergangenheitsbew\u00e4lti\u201d, tan imaginario como falso.<\/p>\n<p>Mito 1: Alemania es un estado independiente. Falso. Alemania es una colonia. Alemania es un estado intervenido con bases nucleares imperiales en su territorio. La \u00faltima prueba de la continuaci\u00f3n de su derrota hist\u00f3rica es hacer posible la destrucci\u00f3n de su base industrial exportadora, dependiente de energ\u00eda procedente del este, permitiendo la destrucci\u00f3n de la infraestructura en la que se basaba, los gaseoductos. Adem\u00e1s de esto Alemania arrastra problemas hist\u00f3ricos en gran medida resultado de las perversiones a donde la ha llevado su particular versi\u00f3n del neoliberalismo, una cada vez m\u00e1s degenerada e inconsistente versi\u00f3n del viejo ordoliberalismo (que con el paso del tiempo perdi\u00f3 el superficial cromado social que se hab\u00eda condensado en esa sucesi\u00f3n accidental de palabras: Soziale Marktwirtschaft), que ha conducido al est\u00fapido topado constitucional de la deuda. Topado que, junto con la independencia del banco central europeo (para subir los tipos de inter\u00e9s) conduce necesariamente a esas peligrosas pol\u00edticas de austeridad, que ya estuvieron en el trasfondo del ascenso nazi. A estos se suman problemas derivados de los cambios en la divisi\u00f3n internacional del trabajo, especialmente con el ascenso industrial de China, que ocupa de un modo imparable, cada vez m\u00e1s espacios de lo que una vez fueron los nichos exportadores alemanes. No, Alemania no est\u00e1 en condiciones de liderar la UE. Y sin ese liderazgo es cada vez m\u00e1s improbable que pueda articular un camino \u201cdemocr\u00e1tico\u201d hacia su reinvenci\u00f3n. Y esa soluci\u00f3n pasa por superar el cors\u00e9 del imperialismo, lo que choca radicalmente con los intereses de las actuales \u00e9lites dependientes. \u00a0\u201cNein\u201d \u00e0 \u201cJein\u201d\u00e0\u201dJa\u201d, es como responde una \u00e9lite dependiente.<\/p>\n<p>Mito 2: La Rep\u00fablica Democr\u00e1tica de Alemania nunca existi\u00f3. Falso. La RDA existi\u00f3 y fue un exitoso modelo de implementaci\u00f3n de ciertos rasgos de socialismo (Hoyer, 2023), m\u00e1s all\u00e1 de la caricatura como \u201cStasi-Land\u201d. El sexo, al menos el de las mujeres, era mejor (Ghodsee, 2018). El pleno empleo era una realidad, al igual que lo fue, desde su desaparici\u00f3n, el desempleo y la desindustrializaci\u00f3n: los empleos industriales pasaron de 4 millones a 1,4 millones al final de 1994, con algunas ciudades perdiendo el 90% del empleo industrial, ie. Leipzig perdi\u00f3 90.000 de sus 100.000 empleos industriales, empleos que nunca se han recuperado.\u00a0 El intento de eliminaci\u00f3n sistem\u00e1tica de la memoria y los relatos del pasado, que llega incluso a la eliminaci\u00f3n o ignorancia deliberada de la literatura procedente del este, es un caso, como otros muchos, de \u201celite capture\u201d (T\u00e1\u00edw\u00f2, 2022), adem\u00e1s de que la historia la escriben los vencedores (\u00bfc\u00f3mo puede haber vencedores sin guerra, ni civil ni interestatal? \u00a1Ah, es la lucha de clases, ciudadano!).<\/p>\n<p>Esa discrepancia es la misma que han vivido una gran parte de la poblaci\u00f3n de la misma Rusia: lo que las \u00e9lites cuentan sobre lo que fue la URSS y lo que experimentaron las gentes del com\u00fan que vivieron en ella, en nada se parecen (\u00a1gloria \u0410\u043b\u0435\u043a\u0441\u0430\u0301\u043d\u0434\u0440 \u0418\u0441\u0430\u0301\u0435\u0432\u0438\u0447 \u0421\u043e\u043b\u0436\u0435\u043d\u0438\u0301\u0446\u044b\u043d!). Esas gentes del com\u00fan votaron contra su disoluci\u00f3n, muy poco antes de ser disuelta por las \u00e9lites que hab\u00edan capturado el Estado. Las ep\u00edgonas de esas \u00e9lites, cuando se trasladan buscando el calor de las monedas del imperio, llegan incluso a afirmar, que no existi\u00f3 nada parecido a la igualdad en la Rusia sovi\u00e9tica (Lankina, 2021), sin perjuicio de que efectivamente los mecanismos de transmisi\u00f3n de la desigualdad son mucho m\u00e1s resilientes de lo que asumen los profetas de la igualdad de oportunidades y la selecci\u00f3n de funcionarios por oposici\u00f3n. Las gentes del com\u00fan son invitadas a ver lo que es una imposici\u00f3n imperial de un fracaso colectivo, como un fracaso individual, moral, de debilidad de car\u00e1cter (Hilmar, 2023). La llamada ciencia econ\u00f3mica, reciclando viejos recursos teol\u00f3gicos, proporciona el argumentario para construir el relato. Un relato donde los mecanismos causales est\u00e1n invertidos y\/o tergiversados. Pero para queremos la verdad, si la verdad no nos hace libres (y la mentira tampoco).<\/p>\n<p>La l\u00f3gica de la \u201cunificaci\u00f3n\u201d tiene m\u00e1s que ver con los procesos de colonizaci\u00f3n que con procesos de integraci\u00f3n. Si toda Alemania sufre un proceso de schrumpfung, en los territorios de la RDA esos procesos han sido mucho m\u00e1s notorios, i.e. Leipzig ha perdido la mitad de su poblaci\u00f3n en solo 17 a\u00f1os (Florentin, Fol, &amp; Roth, 2009).\u00a0 Cuando en la segunda d\u00e9cada del sxxi el proceso comienza a revertirse, gracias a inversiones p\u00fablicas ingentes, viene con todos los problemas asociados a los crecimientos urbanos descontrolados (ausencia de vivienda pagable, tr\u00e1fico inasumible, \u2026) (Rink, Bontje, Haase, Kabisch, &amp; Wolff, 2022). La desaparici\u00f3n absoluta de la RDA fue un proceso deliberado (Offenstadt, 2018), conducido por unas \u00e9lites tributarias imperiales, que ni siquiera cont\u00f3 con el \u201cfreno nacionalista\u201d de otros territorios del este de Europa, y desplaz\u00f3 1,8 millones de habitantes de la RDA al oeste entre 1991 \u00e0 2011.\u00a0 Como reza el dicho siciliano \u00bf\u201dCu nesci arrinesci\u201d? Salir, irse, es triunfar. Lo dudo.<\/p>\n<p>Mito 3: La actual Alemania es el resultado de un mod\u00e9lico proceso de integraci\u00f3n. Falso. La llamada integraci\u00f3n se realiz\u00f3 con criterios econ\u00f3micos puramente especulativos e ideol\u00f3gicos. Estos \u00faltimos dictaban borrar todo, s\u00edmbolos incluidos, que recordaran el \u201csocialismo real\u201d, aunque tras su destrucci\u00f3n solo quede un desierto urbano y civil. Contra funcionarios de la RDA se abrieron 110.000 procesos penales y se dictaron 1.500 condenas, muy por encima de lo que sucedi\u00f3 en la llamada \u201cdesnazificaci\u00f3n\u201d (Moralis, 2008). La mayor parte de las acusaciones o eran rid\u00edculas (Honecker fue acusado de corrupci\u00f3n y de traici\u00f3n) o no ten\u00edan otra base que una atribuci\u00f3n de agresividad a la Stasi (cuya violencia, ni vista con telescopio, se acerca a la Gestapo). Y los criterios econ\u00f3micos fueron puramente especulativos sobre el territorio y de eliminaci\u00f3n de competencia en favor de las empresas occidentales. Un caso paradigm\u00e1tico del que tuve noticia cuando hac\u00eda consultor\u00eda sobre luminarias, es la bombilla que duraba 25 a\u00f1os, de la cual no se ha vuelto a saber, toda vez que \u201ccon una tecnolog\u00eda as\u00ed, te arruinas\u201d. Mientras que otros pa\u00edses del \u201ceste\u201d han tardado 28 a\u00f1os en recuperar el PIB anterior a la desaparici\u00f3n de la URSS, la RDA nunca lo ha recuperado, ni se espera que lo haga. Pero lo reprimido vuelve. Si en Hungr\u00eda o en Polonia aparecieron eso que los \u201cliberalilotas\u201d llaman \u201creg\u00edmenes iliberales\u201d, en los antiguos territorios de la RDA crece el AFD (cuyos fundadores, sin embargo, proceden del Oeste) y un enigma llamado BSW. Si ambos se repartir\u00e1n el electorado que ha superado los l\u00edmites de tolerancia con el sistema o lo expandir\u00e1n hacia mayor\u00edas, est\u00e1 por ver.<\/p>\n<p><img loading=\"lazy\" decoding=\"async\" class=\"size-medium wp-image-882 alignleft\" src=\"https:\/\/tiempodetormentas.com\/wp-content\/uploads\/2024\/08\/Alemania_3-216x300.jpg\" alt=\"\" width=\"216\" height=\"300\" srcset=\"https:\/\/tiempodetormentas.com\/wp-content\/uploads\/2024\/08\/Alemania_3-216x300.jpg 216w, https:\/\/tiempodetormentas.com\/wp-content\/uploads\/2024\/08\/Alemania_3-736x1024.jpg 736w, https:\/\/tiempodetormentas.com\/wp-content\/uploads\/2024\/08\/Alemania_3-768x1069.jpg 768w, https:\/\/tiempodetormentas.com\/wp-content\/uploads\/2024\/08\/Alemania_3-302x420.jpg 302w, https:\/\/tiempodetormentas.com\/wp-content\/uploads\/2024\/08\/Alemania_3-150x209.jpg 150w, https:\/\/tiempodetormentas.com\/wp-content\/uploads\/2024\/08\/Alemania_3-300x418.jpg 300w, https:\/\/tiempodetormentas.com\/wp-content\/uploads\/2024\/08\/Alemania_3-696x969.jpg 696w, https:\/\/tiempodetormentas.com\/wp-content\/uploads\/2024\/08\/Alemania_3.jpg 862w\" sizes=\"auto, (max-width: 216px) 100vw, 216px\" \/>Mito 4: Alemania fue desnazificada. Falso. Los procesos de Nuremberg fueron altamente rituales. Unos cuantos prescindibles fueron ejecutados. Los imprescindibles, seleccionados no necesariamente sobre competencias t\u00e9cnicas necesarias para mantener el estado en funcionamiento, sino como armas en la batalla contra el comunismo (i.e. el general Reinhard Gehlen al frente del espionaje militar especializado en la URSS, Wehrmacht Fremde Heere Ost) fueron perfectamente reciclados. Y sobre ellos se apalanc\u00f3 para montar operaciones de informaci\u00f3n y desestabilizaci\u00f3n en el este (i.e. Aerodynamic -el nombre m\u00e1s utilizado-, y m\u00e1s tarde a Qrdynamic, Pddynamic y Qrplumb) y se coordinaron activos como el Ej\u00e9rcito Insurgente Ucraniano -UPA- que supuestamente en 1946 atac\u00f3 la infraestructura electica de Lviv, ataque que a d\u00eda de hoy se desconoce si fue real o puramente inventada (la \u00fanica fuente disponible son documentos desclasificados de la CIA). Posteriormente se apalanc\u00f3 sobre estos activos para crear medios de propaganda como la editorial Prolog (formalmente una editorial \u201cindependiente\u201d localizada en Munich, al frente de la cual estaba Mikola Lebed, un genocida ucraniano reciclado como respetable ciudadano norteamericano), y por supuesto Voice of Am\u00e9rica y Radio Liberty.<\/p>\n<p>Mito 5: Alemania ha superado el antisemitismo. Falso. Desde el final mismo de la segunda guerra mundial, Alemania ha dado soporte al estado sionista de Israel en su continuado genocidio del pueblo palestino. La colaboraci\u00f3n genocida ha estado incluso soportada por antiguos altos oficiales al servicio del nazismo que colaboraron, indistintamente en el genocidio del pueblo jud\u00edo. Superar el anti semitismo habr\u00eda pasado por haber creado un estado jud\u00edo independiente en territorios ocupados por los alemanes. Y por entender la lecci\u00f3n universal: no hay genocidio justificable, tampoco cuando lo practica una etnia que fue v\u00edctima del m\u00e1s grande.<\/p>\n<p><img loading=\"lazy\" decoding=\"async\" class=\"size-medium wp-image-881 alignleft\" src=\"https:\/\/tiempodetormentas.com\/wp-content\/uploads\/2024\/08\/Alemania_2-300x230.jpg\" alt=\"\" width=\"300\" height=\"230\" srcset=\"https:\/\/tiempodetormentas.com\/wp-content\/uploads\/2024\/08\/Alemania_2-300x230.jpg 300w, https:\/\/tiempodetormentas.com\/wp-content\/uploads\/2024\/08\/Alemania_2-548x420.jpg 548w, https:\/\/tiempodetormentas.com\/wp-content\/uploads\/2024\/08\/Alemania_2-80x60.jpg 80w, https:\/\/tiempodetormentas.com\/wp-content\/uploads\/2024\/08\/Alemania_2-150x115.jpg 150w, https:\/\/tiempodetormentas.com\/wp-content\/uploads\/2024\/08\/Alemania_2-696x534.jpg 696w, https:\/\/tiempodetormentas.com\/wp-content\/uploads\/2024\/08\/Alemania_2.jpg 760w\" sizes=\"auto, (max-width: 300px) 100vw, 300px\" \/>Mito 6. La industriosidad alemana, herencia calvinista protestante, explica el \u00e9xito econ\u00f3mico y exportador de Alemania. Falso. Hay otras muchas razones tanto o m\u00e1s poderosas. Entre ellas: (a) la ingente afluencia de US$ en el esquema conocido como \u201cPlan Marshall; (b) la ventaja de la centralidad geogr\u00e1fica, una vez que el Este conoci\u00f3 el m\u00e1s grande proceso industrializador de la historia (hasta la llegada del milagro chino) con la URSS. La desaparici\u00f3n del Este<a href=\"#_edn1\" name=\"_ednref1\">[1]<\/a> (Mikanowski, 2023) que algunos celebraron y celebran, (si no tienes un trozo de muro de Berl\u00edn en tu sal\u00f3n es que no estabas en el momento adecuado en el lugar adecuado, cuando lleg\u00f3 el fin de la historia) supuso un primer golpe que requiri\u00f3 brutales pol\u00edticas de estabilizaci\u00f3n bajo los gobiernos de Schroeder; (c) la energ\u00eda barata procedente del este, imprescindible para sostener una de las claves exportadoras: la industria qu\u00edmica. Y esa base quebr\u00f3, al seguir ciegamente los dictum imperiales, llegando incluso a esconderse tras las charadas de las autor\u00edas fantasiosas de la destrucci\u00f3n de los Nord Stream<a href=\"#_edn2\" name=\"_ednref2\">[2]<\/a>; (d) la llegada de ingente mano de obra cualificada de las destruidas econom\u00edas del este, consecuentes a la autodisoluci\u00f3n de la URSS.<\/p>\n<p>\u00bfA d\u00f3nde nos lleva todo esto? Dos conclusiones: (i) Hay un desajuste absoluto entre las aspiraciones de las \u00e9lites alemanas a liderar la UE y sus capacidades reales para hacerlo (Schoeller, 2023), en tanto que estado tributario del imperio y uno de los m\u00e1s militarizados despu\u00e9s de Corea del Sur y Filipinas (Cernadas, Erskog, Moreno, &amp; Veneziale, 2024). Ese desajuste solo puede crecer en los pr\u00f3ximos a\u00f1os y va a conducir a la UE a una crisis de proporciones impredecibles. El \u201cmicronismo\u201d franc\u00e9s no est\u00e1 en condiciones de compensar y a\u00fan menos lo que vendr\u00e1 despu\u00e9s. Ni tampoco las oscilaciones entre tecnocracia y extrema derecha en Italia. (ii) Lo reprimido no resuelto, vuelve de modo crecientemente virulento. De nada sirve buscar explicaciones en la \u201cpsicolog\u00eda de las masas\u201d<a href=\"#_edn3\" name=\"_ednref3\">[3]<\/a>, puesta de moda a finales del xix y la primera mitad del xx. Necesitamos menos psicologismo, menos \u201cmoral grandstanding\u201d y m\u00e1s econom\u00eda pol\u00edtica. Y sobre todo, organizaci\u00f3n. No vendr\u00e1n tiempos futuros que nos har\u00e1n mejores. El futuro es el pasado, con nuevos ropajes. No hay \u201cprincipio esperanza\u201d. Solo un futuro previsible de violencia, bajo m\u00faltiples formas, no solo cin\u00e9tica.<\/p>\n<p>Las elecciones regionales est\u00e1n pr\u00f3ximas. Veremos.<\/p>\n<p>______________<\/p>\n<p>Notas<\/p>\n<p><a href=\"#_ednref1\" name=\"_edn1\">[1]<\/a> Tambi\u00e9n fineses y estonios, letonios y lituanos celebraron el fin de la URSS, de la que viv\u00edan c\u00f3modamente. Ahora provocan para la disoluci\u00f3n de Rusia, de la viv\u00edan c\u00f3modamente antes de la URSS. Sus \u00e9lites son probablemente las m\u00e1s incompetentes en esta tercera d\u00e9cada del sxxi.<\/p>\n<p><a href=\"#_ednref2\" name=\"_edn2\">[2]<\/a> Por m\u00e1s que los beneficiarios son, por este orden, USA, lo que resta de Ucrania y Polonia.<\/p>\n<p><a href=\"#_ednref3\" name=\"_edn3\">[3]<\/a> No hay nada original, nada, en la Rebeli\u00f3n de las masas de Ortega y Gasset. Copia y recopia. Recu\u00e9rdese que los maledicentes contempor\u00e1neos no se\u00f1alaban su brillantez intelectual, sino sexual, como \u201csodomizador de marquesas\u201d.<\/p>\n<p>_________<\/p>\n<p>Referencias citadas<\/p>\n<p>Cernadas, G., Erskog, M. N., Moreno, T., &amp; Veneziale, D. (2024). <em>Hyper-imperialism. A dangerous decadent new stage.<\/em> Tricontinental Insititute for Social Research.<\/p>\n<p>Florentin, D., Fol, S., &amp; Roth, H. (2009). La \u201cStadtschrumpfung\u201d ou \u201cr\u00e9tr\u00e9cissement urbain\u201d en Allemagne\u00a0: un champ de recherche \u00e9mergent. <em>Cybergeo<\/em>. doi:10.4000\/cybergeo.22123<\/p>\n<p>Ghodsee, K. R. (2018). <em>Why Women Have Better Sex under Socialism And Other Arguments for Economic Independence.<\/em> PublicAffairs.<\/p>\n<p>Hilmar, T. (2023). <em>Deserved Economic Memories after the Fall of the Iron Curtain.<\/em> Columbia University Press.<\/p>\n<p>Hoyer, K. (2021). <em>Blood and Iron.<\/em> Cheltenham: The History Press.<\/p>\n<p>Hoyer, K. (2023). <em>Beyond the wall<\/em> (First US edition ed.). New York: Basic Books.<\/p>\n<p>Lankina, T. V. (2021). <em>Estate Origins of Democracy in Russia.<\/em> University of Cambridge ESOL Examinations.<\/p>\n<p>Laycock, S. (2012). <em>All the Countries We&#8217;ve Ever Invaded.<\/em> New York: The History Press.<\/p>\n<p>Laycock, S., &amp; Kelly, C. (2015). <em>All the Countries the Americans Have Ever Invaded.<\/em> Amberley Publishing.<\/p>\n<p>Mikanowski, J. (2023). <em>Goodbye Eastern Europe.<\/em> London: Oneworld.<\/p>\n<p>Moralis, G. (2008). <em>Une \u00e9puration allemande. Le RDA en process 1949-2004.<\/em> Librairie Arth\u00e8me Fayard.<\/p>\n<p>Offenstadt, N. (2018). <em>Le pays disparu. Sur les traces de la RDA.<\/em> \u00c9ditions Stock.<\/p>\n<p>Rink, D., Bontje, M., Haase, A., Kabisch, S., &amp; Wolff, M. (2022). <em>Chapter 9: Challenges and problems of re-growth. The case of Leipzig (Eastern Germany) en Growth and change in post-socialist cities of Central Europe.<\/em> (W. Cudny, &amp; J. Kunc, Edits.) Milton Park, Abingdon, Oxon: Routledge,.<\/p>\n<p>Schoeller, M. G. (2023). Leadership aspirations versus reality: Germany\u2019s self-concept in Europe. <em>International Affairs, 99<\/em>, 1615\u20131634. doi:10.1093\/ia\/iiad121<\/p>\n<p>T\u00e1\u00edw\u00f2, O. O. (2022). <em>Elite Capture How the Powerful Took over Identity Politics.<\/em> Haymarket Books.<\/p>\n<p>&nbsp;<\/p>","protected":false},"excerpt":{"rendered":"<p>Los mitos fundacionales de la UE son varios; entre ellos que su raz\u00f3n de ser era evitar las guerras entre sus belicosos estados, muy particularmente Alemania y Francia. Esta raz\u00f3n tiene poco que ver con la causa originaria de la creaci\u00f3n de la comunidad del carb\u00f3n y el acero, antecedente directo a la UE. Son [&hellip;]<\/p>","protected":false},"author":7,"featured_media":880,"comment_status":"open","ping_status":"open","sticky":false,"template":"","format":"standard","meta":{"footnotes":""},"categories":[47,1],"tags":[],"class_list":{"0":"post-878","1":"post","2":"type-post","3":"status-publish","4":"format-standard","5":"has-post-thumbnail","7":"category-analisis","8":"category-opinion"},"yoast_head":"<!-- This site is optimized with the Yoast SEO plugin v26.2 - https:\/\/yoast.com\/wordpress\/plugins\/seo\/ -->\n<title>Alemania, tiempo de revisi\u00f3n - Tiempo de Tormentas<\/title>\n<meta name=\"robots\" content=\"index, follow, max-snippet:-1, max-image-preview:large, max-video-preview:-1\" \/>\n<link rel=\"canonical\" href=\"https:\/\/tiempodetormentas.com\/en\/opinion\/alemania-tiempo-de-revision\/\" \/>\n<meta property=\"og:locale\" content=\"en_GB\" \/>\n<meta property=\"og:type\" content=\"article\" \/>\n<meta property=\"og:title\" content=\"Alemania, tiempo de revisi\u00f3n - Tiempo de Tormentas\" \/>\n<meta property=\"og:description\" content=\"Los mitos fundacionales de la UE son varios; entre ellos que su raz\u00f3n de ser era evitar las guerras entre sus belicosos estados, muy particularmente Alemania y Francia. Esta raz\u00f3n tiene poco que ver con la causa originaria de la creaci\u00f3n de la comunidad del carb\u00f3n y el acero, antecedente directo a la UE. Son [&hellip;]\" \/>\n<meta property=\"og:url\" content=\"https:\/\/tiempodetormentas.com\/en\/opinion\/alemania-tiempo-de-revision\/\" \/>\n<meta property=\"og:site_name\" content=\"Tiempo de Tormentas\" \/>\n<meta property=\"article:published_time\" content=\"2024-08-28T21:35:08+00:00\" \/>\n<meta property=\"og:image\" content=\"https:\/\/tiempodetormentas.com\/wp-content\/uploads\/2024\/08\/Alemania_1.png\" \/>\n\t<meta property=\"og:image:width\" content=\"229\" \/>\n\t<meta property=\"og:image:height\" content=\"272\" \/>\n\t<meta property=\"og:image:type\" content=\"image\/png\" \/>\n<meta name=\"author\" content=\"Manuel N\u00fa\u00f1ez\" \/>\n<meta name=\"twitter:card\" content=\"summary_large_image\" \/>\n<meta name=\"twitter:label1\" content=\"Written by\" \/>\n\t<meta name=\"twitter:data1\" content=\"Manuel N\u00fa\u00f1ez\" \/>\n\t<meta name=\"twitter:label2\" content=\"Estimated reading time\" \/>\n\t<meta name=\"twitter:data2\" content=\"12 minutes\" \/>\n<script type=\"application\/ld+json\" class=\"yoast-schema-graph\">{\"@context\":\"https:\/\/schema.org\",\"@graph\":[{\"@type\":\"Article\",\"@id\":\"https:\/\/tiempodetormentas.com\/opinion\/alemania-tiempo-de-revision\/#article\",\"isPartOf\":{\"@id\":\"https:\/\/tiempodetormentas.com\/opinion\/alemania-tiempo-de-revision\/\"},\"author\":{\"name\":\"Manuel N\u00fa\u00f1ez\",\"@id\":\"https:\/\/tiempodetormentas.com\/#\/schema\/person\/3de7dd02e8d216ab9f542e8355fd4983\"},\"headline\":\"Alemania, tiempo de revisi\u00f3n\",\"datePublished\":\"2024-08-28T21:35:08+00:00\",\"mainEntityOfPage\":{\"@id\":\"https:\/\/tiempodetormentas.com\/opinion\/alemania-tiempo-de-revision\/\"},\"wordCount\":2599,\"commentCount\":0,\"publisher\":{\"@id\":\"https:\/\/tiempodetormentas.com\/#organization\"},\"image\":{\"@id\":\"https:\/\/tiempodetormentas.com\/opinion\/alemania-tiempo-de-revision\/#primaryimage\"},\"thumbnailUrl\":\"https:\/\/tiempodetormentas.com\/wp-content\/uploads\/2024\/08\/Alemania_1.png\",\"articleSection\":[\"An\u00e1lisis\",\"Opini\u00f3n\"],\"inLanguage\":\"en-GB\",\"potentialAction\":[{\"@type\":\"CommentAction\",\"name\":\"Comment\",\"target\":[\"https:\/\/tiempodetormentas.com\/opinion\/alemania-tiempo-de-revision\/#respond\"]}]},{\"@type\":\"WebPage\",\"@id\":\"https:\/\/tiempodetormentas.com\/opinion\/alemania-tiempo-de-revision\/\",\"url\":\"https:\/\/tiempodetormentas.com\/opinion\/alemania-tiempo-de-revision\/\",\"name\":\"Alemania, tiempo de revisi\u00f3n - Tiempo de Tormentas\",\"isPartOf\":{\"@id\":\"https:\/\/tiempodetormentas.com\/#website\"},\"primaryImageOfPage\":{\"@id\":\"https:\/\/tiempodetormentas.com\/opinion\/alemania-tiempo-de-revision\/#primaryimage\"},\"image\":{\"@id\":\"https:\/\/tiempodetormentas.com\/opinion\/alemania-tiempo-de-revision\/#primaryimage\"},\"thumbnailUrl\":\"https:\/\/tiempodetormentas.com\/wp-content\/uploads\/2024\/08\/Alemania_1.png\",\"datePublished\":\"2024-08-28T21:35:08+00:00\",\"breadcrumb\":{\"@id\":\"https:\/\/tiempodetormentas.com\/opinion\/alemania-tiempo-de-revision\/#breadcrumb\"},\"inLanguage\":\"en-GB\",\"potentialAction\":[{\"@type\":\"ReadAction\",\"target\":[\"https:\/\/tiempodetormentas.com\/opinion\/alemania-tiempo-de-revision\/\"]}]},{\"@type\":\"ImageObject\",\"inLanguage\":\"en-GB\",\"@id\":\"https:\/\/tiempodetormentas.com\/opinion\/alemania-tiempo-de-revision\/#primaryimage\",\"url\":\"https:\/\/tiempodetormentas.com\/wp-content\/uploads\/2024\/08\/Alemania_1.png\",\"contentUrl\":\"https:\/\/tiempodetormentas.com\/wp-content\/uploads\/2024\/08\/Alemania_1.png\",\"width\":229,\"height\":272},{\"@type\":\"BreadcrumbList\",\"@id\":\"https:\/\/tiempodetormentas.com\/opinion\/alemania-tiempo-de-revision\/#breadcrumb\",\"itemListElement\":[{\"@type\":\"ListItem\",\"position\":1,\"name\":\"Portada\",\"item\":\"https:\/\/tiempodetormentas.com\/\"},{\"@type\":\"ListItem\",\"position\":2,\"name\":\"Alemania, tiempo de revisi\u00f3n\"}]},{\"@type\":\"WebSite\",\"@id\":\"https:\/\/tiempodetormentas.com\/#website\",\"url\":\"https:\/\/tiempodetormentas.com\/\",\"name\":\"Tiempo de Tormentas\",\"description\":\"Edita el club de la bruma\",\"publisher\":{\"@id\":\"https:\/\/tiempodetormentas.com\/#organization\"},\"potentialAction\":[{\"@type\":\"SearchAction\",\"target\":{\"@type\":\"EntryPoint\",\"urlTemplate\":\"https:\/\/tiempodetormentas.com\/?s={search_term_string}\"},\"query-input\":{\"@type\":\"PropertyValueSpecification\",\"valueRequired\":true,\"valueName\":\"search_term_string\"}}],\"inLanguage\":\"en-GB\"},{\"@type\":\"Organization\",\"@id\":\"https:\/\/tiempodetormentas.com\/#organization\",\"name\":\"Tiempo de Tormentas\",\"url\":\"https:\/\/tiempodetormentas.com\/\",\"logo\":{\"@type\":\"ImageObject\",\"inLanguage\":\"en-GB\",\"@id\":\"https:\/\/tiempodetormentas.com\/#\/schema\/logo\/image\/\",\"url\":\"https:\/\/tiempodetormentas.com\/wp-content\/uploads\/2022\/01\/tiempo-de-tormentas.png\",\"contentUrl\":\"https:\/\/tiempodetormentas.com\/wp-content\/uploads\/2022\/01\/tiempo-de-tormentas.png\",\"width\":448,\"height\":121,\"caption\":\"Tiempo de Tormentas\"},\"image\":{\"@id\":\"https:\/\/tiempodetormentas.com\/#\/schema\/logo\/image\/\"}},{\"@type\":\"Person\",\"@id\":\"https:\/\/tiempodetormentas.com\/#\/schema\/person\/3de7dd02e8d216ab9f542e8355fd4983\",\"name\":\"Manuel N\u00fa\u00f1ez\",\"image\":{\"@type\":\"ImageObject\",\"inLanguage\":\"en-GB\",\"@id\":\"https:\/\/tiempodetormentas.com\/#\/schema\/person\/image\/\",\"url\":\"https:\/\/secure.gravatar.com\/avatar\/8e1e935a7082812d076463689f354fb8be70250c92f0e9864254b86cd83585c6?s=96&d=mm&r=g\",\"contentUrl\":\"https:\/\/secure.gravatar.com\/avatar\/8e1e935a7082812d076463689f354fb8be70250c92f0e9864254b86cd83585c6?s=96&d=mm&r=g\",\"caption\":\"Manuel N\u00fa\u00f1ez\"},\"url\":\"https:\/\/tiempodetormentas.com\/en\/author\/mn\/\"}]}<\/script>\n<!-- \/ Yoast SEO plugin. -->","yoast_head_json":{"title":"Alemania, tiempo de revisi\u00f3n - Tiempo de Tormentas","robots":{"index":"index","follow":"follow","max-snippet":"max-snippet:-1","max-image-preview":"max-image-preview:large","max-video-preview":"max-video-preview:-1"},"canonical":"https:\/\/tiempodetormentas.com\/en\/opinion\/alemania-tiempo-de-revision\/","og_locale":"en_GB","og_type":"article","og_title":"Alemania, tiempo de revisi\u00f3n - Tiempo de Tormentas","og_description":"Los mitos fundacionales de la UE son varios; entre ellos que su raz\u00f3n de ser era evitar las guerras entre sus belicosos estados, muy particularmente Alemania y Francia. Esta raz\u00f3n tiene poco que ver con la causa originaria de la creaci\u00f3n de la comunidad del carb\u00f3n y el acero, antecedente directo a la UE. Son [&hellip;]","og_url":"https:\/\/tiempodetormentas.com\/en\/opinion\/alemania-tiempo-de-revision\/","og_site_name":"Tiempo de Tormentas","article_published_time":"2024-08-28T21:35:08+00:00","og_image":[{"width":229,"height":272,"url":"https:\/\/tiempodetormentas.com\/wp-content\/uploads\/2024\/08\/Alemania_1.png","type":"image\/png"}],"author":"Manuel N\u00fa\u00f1ez","twitter_card":"summary_large_image","twitter_misc":{"Written by":"Manuel N\u00fa\u00f1ez","Estimated reading time":"12 minutes"},"schema":{"@context":"https:\/\/schema.org","@graph":[{"@type":"Article","@id":"https:\/\/tiempodetormentas.com\/opinion\/alemania-tiempo-de-revision\/#article","isPartOf":{"@id":"https:\/\/tiempodetormentas.com\/opinion\/alemania-tiempo-de-revision\/"},"author":{"name":"Manuel N\u00fa\u00f1ez","@id":"https:\/\/tiempodetormentas.com\/#\/schema\/person\/3de7dd02e8d216ab9f542e8355fd4983"},"headline":"Alemania, tiempo de revisi\u00f3n","datePublished":"2024-08-28T21:35:08+00:00","mainEntityOfPage":{"@id":"https:\/\/tiempodetormentas.com\/opinion\/alemania-tiempo-de-revision\/"},"wordCount":2599,"commentCount":0,"publisher":{"@id":"https:\/\/tiempodetormentas.com\/#organization"},"image":{"@id":"https:\/\/tiempodetormentas.com\/opinion\/alemania-tiempo-de-revision\/#primaryimage"},"thumbnailUrl":"https:\/\/tiempodetormentas.com\/wp-content\/uploads\/2024\/08\/Alemania_1.png","articleSection":["An\u00e1lisis","Opini\u00f3n"],"inLanguage":"en-GB","potentialAction":[{"@type":"CommentAction","name":"Comment","target":["https:\/\/tiempodetormentas.com\/opinion\/alemania-tiempo-de-revision\/#respond"]}]},{"@type":"WebPage","@id":"https:\/\/tiempodetormentas.com\/opinion\/alemania-tiempo-de-revision\/","url":"https:\/\/tiempodetormentas.com\/opinion\/alemania-tiempo-de-revision\/","name":"Alemania, tiempo de revisi\u00f3n - Tiempo de Tormentas","isPartOf":{"@id":"https:\/\/tiempodetormentas.com\/#website"},"primaryImageOfPage":{"@id":"https:\/\/tiempodetormentas.com\/opinion\/alemania-tiempo-de-revision\/#primaryimage"},"image":{"@id":"https:\/\/tiempodetormentas.com\/opinion\/alemania-tiempo-de-revision\/#primaryimage"},"thumbnailUrl":"https:\/\/tiempodetormentas.com\/wp-content\/uploads\/2024\/08\/Alemania_1.png","datePublished":"2024-08-28T21:35:08+00:00","breadcrumb":{"@id":"https:\/\/tiempodetormentas.com\/opinion\/alemania-tiempo-de-revision\/#breadcrumb"},"inLanguage":"en-GB","potentialAction":[{"@type":"ReadAction","target":["https:\/\/tiempodetormentas.com\/opinion\/alemania-tiempo-de-revision\/"]}]},{"@type":"ImageObject","inLanguage":"en-GB","@id":"https:\/\/tiempodetormentas.com\/opinion\/alemania-tiempo-de-revision\/#primaryimage","url":"https:\/\/tiempodetormentas.com\/wp-content\/uploads\/2024\/08\/Alemania_1.png","contentUrl":"https:\/\/tiempodetormentas.com\/wp-content\/uploads\/2024\/08\/Alemania_1.png","width":229,"height":272},{"@type":"BreadcrumbList","@id":"https:\/\/tiempodetormentas.com\/opinion\/alemania-tiempo-de-revision\/#breadcrumb","itemListElement":[{"@type":"ListItem","position":1,"name":"Portada","item":"https:\/\/tiempodetormentas.com\/"},{"@type":"ListItem","position":2,"name":"Alemania, tiempo de revisi\u00f3n"}]},{"@type":"WebSite","@id":"https:\/\/tiempodetormentas.com\/#website","url":"https:\/\/tiempodetormentas.com\/","name":"Tiempo de Tormentas","description":"Edita el club de la bruma","publisher":{"@id":"https:\/\/tiempodetormentas.com\/#organization"},"potentialAction":[{"@type":"SearchAction","target":{"@type":"EntryPoint","urlTemplate":"https:\/\/tiempodetormentas.com\/?s={search_term_string}"},"query-input":{"@type":"PropertyValueSpecification","valueRequired":true,"valueName":"search_term_string"}}],"inLanguage":"en-GB"},{"@type":"Organization","@id":"https:\/\/tiempodetormentas.com\/#organization","name":"Tiempo de Tormentas","url":"https:\/\/tiempodetormentas.com\/","logo":{"@type":"ImageObject","inLanguage":"en-GB","@id":"https:\/\/tiempodetormentas.com\/#\/schema\/logo\/image\/","url":"https:\/\/tiempodetormentas.com\/wp-content\/uploads\/2022\/01\/tiempo-de-tormentas.png","contentUrl":"https:\/\/tiempodetormentas.com\/wp-content\/uploads\/2022\/01\/tiempo-de-tormentas.png","width":448,"height":121,"caption":"Tiempo de Tormentas"},"image":{"@id":"https:\/\/tiempodetormentas.com\/#\/schema\/logo\/image\/"}},{"@type":"Person","@id":"https:\/\/tiempodetormentas.com\/#\/schema\/person\/3de7dd02e8d216ab9f542e8355fd4983","name":"Manuel N\u00fa\u00f1ez","image":{"@type":"ImageObject","inLanguage":"en-GB","@id":"https:\/\/tiempodetormentas.com\/#\/schema\/person\/image\/","url":"https:\/\/secure.gravatar.com\/avatar\/8e1e935a7082812d076463689f354fb8be70250c92f0e9864254b86cd83585c6?s=96&d=mm&r=g","contentUrl":"https:\/\/secure.gravatar.com\/avatar\/8e1e935a7082812d076463689f354fb8be70250c92f0e9864254b86cd83585c6?s=96&d=mm&r=g","caption":"Manuel N\u00fa\u00f1ez"},"url":"https:\/\/tiempodetormentas.com\/en\/author\/mn\/"}]}},"_links":{"self":[{"href":"https:\/\/tiempodetormentas.com\/en\/wp-json\/wp\/v2\/posts\/878","targetHints":{"allow":["GET"]}}],"collection":[{"href":"https:\/\/tiempodetormentas.com\/en\/wp-json\/wp\/v2\/posts"}],"about":[{"href":"https:\/\/tiempodetormentas.com\/en\/wp-json\/wp\/v2\/types\/post"}],"author":[{"embeddable":true,"href":"https:\/\/tiempodetormentas.com\/en\/wp-json\/wp\/v2\/users\/7"}],"replies":[{"embeddable":true,"href":"https:\/\/tiempodetormentas.com\/en\/wp-json\/wp\/v2\/comments?post=878"}],"version-history":[{"count":2,"href":"https:\/\/tiempodetormentas.com\/en\/wp-json\/wp\/v2\/posts\/878\/revisions"}],"predecessor-version":[{"id":883,"href":"https:\/\/tiempodetormentas.com\/en\/wp-json\/wp\/v2\/posts\/878\/revisions\/883"}],"wp:featuredmedia":[{"embeddable":true,"href":"https:\/\/tiempodetormentas.com\/en\/wp-json\/wp\/v2\/media\/880"}],"wp:attachment":[{"href":"https:\/\/tiempodetormentas.com\/en\/wp-json\/wp\/v2\/media?parent=878"}],"wp:term":[{"taxonomy":"category","embeddable":true,"href":"https:\/\/tiempodetormentas.com\/en\/wp-json\/wp\/v2\/categories?post=878"},{"taxonomy":"post_tag","embeddable":true,"href":"https:\/\/tiempodetormentas.com\/en\/wp-json\/wp\/v2\/tags?post=878"}],"curies":[{"name":"wp","href":"https:\/\/api.w.org\/{rel}","templated":true}]}}