{"id":4840,"date":"2026-07-16T15:25:52","date_gmt":"2026-07-16T15:25:52","guid":{"rendered":"https:\/\/tiempodetormentas.com\/?p=4840"},"modified":"2026-07-16T22:03:18","modified_gmt":"2026-07-16T22:03:18","slug":"__trashed","status":"publish","type":"post","link":"https:\/\/tiempodetormentas.com\/en\/opinion\/__trashed\/","title":{"rendered":"MEDIDAS PARA SALVAR LA JUSTICIA ESPA\u00d1OLA DE S\u00cd MISMA"},"content":{"rendered":"<h1>MEDIDAS PARA SALVAR UNA JUSTICIA DE S\u00cd MISMA<\/h1>\n<h1><img decoding=\"async\" src=\"https:\/\/encuentrosdykinson.com\/wp-content\/uploads\/2024\/02\/istockphoto-1248096842-612x612-1.jpg\" alt=\"D\u00eda Internacional de la Justicia Social - Encuentros Dykinson\" \/><\/h1>\n<p><strong>Por Ray Lorens<\/strong><\/p>\n<p>El\u00a0 buen \u00abhacer\u00bb de la justicia en Espa\u00f1a est\u00e1 siendo cuestionado y saliendo bastante mal parada ante la opini\u00f3n p\u00fablica espa\u00f1ola e internacional. El 65% de los espa\u00f1oles piensa que hay Lawfare, seg\u00fan un estudio publicado por el diario El Pa\u00eds.<\/p>\n<p>Con este panorama y para evitar que se produzca m\u00e1s da\u00f1o a la justicia y a la credibilidad de las instituciones democr\u00e1ticas es preciso actuar de forma decidida, transparente y contundente.<\/p>\n<p>El pueblo debe de ser conscientes de que toda democracia liberal se sustenta en tres poderes separados: el poder legislativo que emana del pueblo, qui\u00e9n expresa su mandato en las urnas, el poder ejecutivo que emana del parlamento y el poder judicial que en Espa\u00f1a se regula as\u00ed mismo y que s\u00f3lo es controlado por si mismo. Es un gran error permitir que solo los jueces nombren jueces, que s\u00f3lo los jueces sancionen jueces, que s\u00f3lo los jueces designen a sus jueces para sucederles. En un mecanismo as\u00ed el poder legislativo y ejecutivo quedan al albur de los caprichos del tercer poder todopoderoso. Un tercer poder que en la pr\u00e1ctica puede tener un gobierno intervenido en base a imputaciones y apertura de juicios.<\/p>\n<p>En el a\u00f1o 2015, con el gobierno de Mariano Rajoy, se aprob\u00f3 la ley que exoneraba a los jueces de responsabilidad civil por errores judiciales, abusos judiciales o posible quiebra de derechos fundamentales. Mariano Rajoy tuvo que ser, el PP tuvo que ser, el Partido con m\u00e1s casos de corrupci\u00f3n de la democracia espa\u00f1ola tuvo que convertir a los jueces en una suerte de HOMBRES-DIOS ante el silencio del resto de fuerzas pol\u00edticas.<\/p>\n<p>Las consecuencias las tenemos todos frente a nuestras narices.<\/p>\n<p>Me parece muy bien las quejas, el rasgarse las vestiduras, el exigirle al presidente del gobierno -como hace Rufi\u00e1n- que haga algo, que agotar la legislatura est\u00e1 bien pero para hacer qu\u00e9. l asunto es que lo suelta en su intervenci\u00f3n parlamentaria y no hace ninguna propuesta concreta, nada.<\/p>\n<p>La derecha y la extrema derecha, que en Espa\u00f1a es lo mismo, que pena que no existan dem\u00f3cratas cristianos, liberales de verdad, no esa gentuza de neoliberales que pretenden robar a los espa\u00f1oles todo: las pensiones, la educaci\u00f3n, la sanidad, todo&#8230;; y que pena que tampoco existan los comunistas de verdad, bien organizados y fuerte y haci\u00e9ndose escuchar con la que ha sido su coherencia ideol\u00f3gica de siempre como alternativa a esa otra izquierda l\u00edquida de pupurr\u00ed ideol\u00f3gico; pues bien, la derecha y la extrema derecha, que en Espa\u00f1a es lo mismo, utiliza la justicia para que ante la opini\u00f3n p\u00fablica espa\u00f1ola no se vean todos los casos de corrupci\u00f3n pendientes del Partido Popular por llen\u00e1rse los bolsillos con dinero p\u00fablico, atentando contra la democracia con su creaci\u00f3n de la \u00abpolic\u00eda patri\u00f3tica\u00bb o usando de ariete a la justicia en un juego tramposo que\u00a0 pretende destrozar a partidos pol\u00edticos, como antes de qu l tocara al PSOE hicieron con PODEMOS quienes sufrieron aproximadamente treinta juicios por corrupci\u00f3n que resultaron ser falsos pero efectivos, pero que les castig\u00f3 pues perdieron la credibilidad entre sus votantes por\u00a0 una mala e inmerecida fama que terminaron pagando con un descalabro en las urnas. Y todo, mientras el PSOE guardaba silencio por pensar que electoralmente ello les favorec\u00eda al convertir sus candidaturas en candidaturas recolectoras de los votos a su izquierda. Y por eso ahora, el mismo PSOE,\u00a0 est\u00e1 pagando las consecuencias. Los compa\u00f1eros te gustar\u00e1n m\u00e1s o te gustar\u00e1n menos, pero cuando a los compa\u00f1eros se les ataca de forma injusta mirar para otro lado no debe de volver a ocurrir m\u00e1s.<\/p>\n<p><strong>Dicho esto, \u00bfQu\u00e9 hacer ahora?<\/strong><\/p>\n<p>Ante una situaci\u00f3n de tal gravedad, que pone a la misma democracia en peligro, el Gobierno de Espa\u00f1a, o a propuesta de dos grupos parlamentarios, seg\u00fan marca el reglamento de la c\u00e1mara, deben de poner de inmediato a la Comisi\u00f3n Parlamentaria de Justicia a investigar a todos aquellos jueces de los que existen indicios de corrupci\u00f3n y de contaminaci\u00f3n pol\u00edtica de un \u00f3rgano y unas profesiones, jueces, magistrados, fiscales que deben de velar por mantener su objetividad absoluta para garantizar que siempre se aplicar\u00e1 una justicia limpia.<\/p>\n<p><strong>EL PARLAMENTO DE ESPA\u00d1A DEB DE PONER A LA COMISI\u00d3N PARLAMENTARIA DE JUSTICIA A TRABAJAR PARA INVESTIGAR EL PAPEL DE JUECES Y FISCALES\u00a0 <\/strong><\/p>\n<p>La Mesa del Congreso, dos grupos parlamentarios o la quinta parte de los diputados pueden proponer al Pleno la creaci\u00f3n de una Comisi\u00f3n de Investigaci\u00f3n.<\/p>\n<p>La Comisi\u00f3n de Justicia Parlamentaria para evaluar la situaci\u00f3n y convocar tanto a los miembros del Tribunal Supremo como del Consejo del Poder Judicial y al resto de los jueces, para aclarar si hay o no \u00abpresunto\u00bb comportamiento contaminado.<\/p>\n<p>Recordando que \u00bb Todos los ciudadanos espa\u00f1oles y extranjeros que residan en Espa\u00f1a est\u00e1n obligados a comparecer ante una comisi\u00f3n de investigaci\u00f3n si as\u00ed se les solicita, de acuerdo con determinados procedimientos\u00bb.<\/p>\n<p><strong>EL PODER EMANA DEL PUEBLO, NO DE LOS JUECES POR ESO LOS JUECES Y FISCALES CUYAS ACTUACIONES SEAN SOSPECHOSAS DE CONTAMINACI\u00d3N EST\u00c1N OBLIGADOS A COMPARECER ANTE LOS GRUPOS PARLAMENTARIOS<\/strong><\/p>\n<p>Lo que significa obligar a jueces y fiscales a sentarse, en calidad de \u00abcomparecientes\u00bb en el Congreso obligados a contestar a todas las preguntas de los grupos parlamentarios ante las c\u00e1maras y medios de comunicaci\u00f3n nacionales y extranjeros.<\/p>\n<p>Y si se les ocurre esgrimir , para evitar las comparecencias democr\u00e1ticas, acusar de intentos de injerencia en la justicia por parte del gobierno y del poder legislativo ser\u00e1 necesario resituarlos recordando que el poder s\u00f3lo emana de las urnas y que est\u00e1n obligados a rendir cuentas a los ciudadanos.<\/p>\n<p><strong>ANTE \u00abPRESUNTA\u00bb INCOMPATIBILIDAD DE COMPARECER SOBRE CASOS DE\u00a0 PROCSOS JUDICIALES EN CURSO<\/strong><\/p>\n<p>Se\u00a0 les deber\u00e1 de obligar a comparecer por las juicios ya concluidos, aunque est\u00e9n recurridos y elevados a otras instancias, para contestar al menos a las siguientes cuestiones que a toda la sociedad le preocupa. Y para ello deber\u00e1n sentarse como comparecientes, por muy jueces y magistrados que sean, los miembros del Tribunal Supremo, la jueza Beatriz Belmaz, el Juez Juan Carlos Peinado para responder ante sus se\u00f1or\u00edas electas de ver:<\/p>\n<ol>\n<li>\u00bfC\u00f3mo es posible establecer una sentencia de culpabilidad sin pruebas concluyentes, en contra de las declaraciones de los testigos y dando m\u00e1s valor a las conjeturas de un mando policial o de conjeturas vertidas y sospechas?<\/li>\n<li>\u00bfC\u00f3mo es posible que se ejecute un registro en el despacho del Fiscal General del Estado dando lugar a un quebrantamiento del poder y a una violaci\u00f3n clara del delito al honor y a la privacidad y, que as\u00ed mismo, el hecho de que se hubieran borrado datos del tel\u00e9fono sirviera para incriminar a un fiscal perro que se acepte para el novio de la presidenta madrile\u00f1a?<\/li>\n<li>\u00bfC\u00f3mo es posible que existiera relaci\u00f3n entre personas que presentaron la denuncia y participaron de la causa con la contrataci\u00f3n pagada de una conferencia del presidente de ese tribunal?<\/li>\n<li>\u00bfCuales son las \u00abpresuntas\u00bb relaciones entre los miembros del Tribunal Supremo con el P.P y con Vox?<\/li>\n<li>\u00bf C\u00f3mo es posible que la jueza encargada del caso contra David S\u00e1nchez fuera una jueza acusada ante la Audiencia Provincial de Badajoz de forma reiterada de quebrar derechos fundamentales en sus causas y que se la tapara en instancias superiores sg\u00fan denuncian magistrados que la denunciaron?<\/li>\n<li>\u00bfC\u00f3mo es posible\u00a0 que la jueza Beatriz Belmaz aceptara iniciar un proceso contra un ciudadano s\u00f3lo por la publicaci\u00f3n de art\u00edculos sin que se les aportara pruebas s\u00f3lidas?<\/li>\n<li>\u00bfC\u00f3mo es posible que se aceptar\u00e1 que la jueza Beatriz Belmaz, qui\u00e9n ha participado en una manifestaci\u00f3n \u00abcontra el gobierno sanch\u00edsta\u00bb y contra \u00abla ley Bola\u00f1os\u00bb no se le declarara incompatibilidad en el caso?<\/li>\n<li>\u00bfC\u00f3mo es posible que por art\u00edculos publicados sin pruebas y denuncias de asociaciones de extrema derecha , en las que no aportan una sola prueba, el juez Juan Carlos Peinado acepte el caso?<\/li>\n<li>\u00bfC\u00f3mo es posible que aunque la investigaci\u00f3n de la UCO aporte que no hay enriquecimiento alguno de Bego\u00f1a G\u00f3mez, ni se compruebe delito de malversaci\u00f3n de fodos, ni tr\u00e1fico de influencias, el juez Juan Carlos Pinado contin\u00fae con la instrucci\u00f3n, le retire el pasaporte, le amenace a la esposa del presidente del gobierno a conducirla por la fuerza a declarar si no se presenta, se le impida asistir a la cumbre de la OTAN a Ankara, se le niegue en definitiva su presunci\u00f3n de inocencia y se le pida un jurado popular?.<\/li>\n<li>\u00bfC\u00f3mo es posible que la audiencia provincial de Madrid apruebe un juicio popular contra una persona a la que se ha denunciado pero cuyas denuncias no aportan una sola prueba? Respuestas que s\u00f3lo los miembros que integran la Audiencia Provincial de Madrid deber\u00e1n responder person\u00e1ndose en calidad de Comparecientes ante la Comisi\u00f3n Parlamentaria de Justicia para responder obligados a todas estas preguntas.<\/li>\n<li>\u00bf Es cierto que el juez Juan Carlos Peinado vulnerando la ley tiene otras formas de financiaci\u00f3n personal o negocios y una casa que esta edificada sobre un terreno qu no es urbano?<\/li>\n<li>\u00bf Cuales son las relaciones, nexos o vinculos ntre el juez Juan Carlos Peinado con el P.P? \u00bfEs cierto que su esposa trabaja para el ayuntamiento del PP, en calidad de qu\u00e9? \u00bfEs cierto que una de sus hijas trabaja como concejala electa del PP en un pueblo?<\/li>\n<\/ol>\n<p>&nbsp;<\/p>\n<p>Estos son algunos de los ejemplos que pongo para invitar a los grupos parlamentarios y a la mesa del Congreso para que trabajen.<\/p>\n<p>Pero hay bastantes m\u00e1s.<\/p>\n<p>NO DEBE QUEDAR IMPUNE NINGUNA ACTITUD \u00abPRESUNTAMENTE\u00bb INDIGNA QUE PROCEDIENDO DE LA JUSTICIA A QUEBRANTADO EL PODER O EL DERECHO DE LAS PERSONAS.<\/p>\n<p>Los jueces, fiscales, magistrados, autores del caso de los ERES de Andaluc\u00eda a comparecer, porque despu\u00e9s de mucho tiempo se demostr\u00f3 que las acusaciones resultaron falsas ya que los ERE fuero aprobados por unanimidad, esto es con los votos tambi\u00e9n del PP, por el Parlamento Andaluz.<\/p>\n<p>Los treinta casos llevados contra el partido PODEMOS, a\u00fan a sabiendas que eran falsos, deber\u00e1n sentarse tambi\u00e9n en la mesa del Congreso los jueces, fiscales y magistrados, entre ellos Garc\u00eda Castell\u00f3n, y mandos policiales que participaron de ellos. Todos en calidad de comparecientes y obligados a contestar como comparecientes las preguntas de los grupos parlamentarios.<\/p>\n<p>Y, por supuesto, cuando los juicios a\u00fan en proceso vayan terminando sus se\u00f1or\u00edas deber\u00edan ir a rendir cuentas. Pues , por ejemplo:<\/p>\n<ol>\n<li>\u00bfC\u00f3mo es posible que el caso Zapatero el juez acepte como prueba conversaciones de tel\u00e9fonos clonados fuera de Espa\u00f1a por los norteamericanos y filtrados por ese mismo pa\u00eds?<\/li>\n<li>\u00bfC\u00f3mo es posible que Isabel D\u00edez Ayuso supiera que se le echaba encima una operaci\u00f3n policial a Zapatero?<\/li>\n<li>\u00bfC\u00f3mo es posible emitir sin una prueba una orden de registro en el despacho del ex presidente?<\/li>\n<\/ol>\n<p>IMPRESCINDIBLE LA COMPARECENCIA DE TODOS LOS JUECES Y FISCALES QUE SE REUNIERON CON ALBERTO FEIJOO PARA OFRECERLE SU APOYO AL PP<\/p>\n<p>La reuni\u00f3n fue convocada por la conservadora Asociaci\u00f3n de Fiscales el pasado 18 de abril con el l\u00edder del PP, <strong>Alberto N\u00fa\u00f1ez Feij\u00f3o<\/strong>. Muchos miembros de la carrera judicial consideran \u00abescandaloso\u00bb c\u00f3mo se pronunciaron los participantes de \u00e9sta, porque abandonaron \u00abtoda la neutralidad que se exige\u00bb a la carrera Fiscal al mostrar abiertamente su deseo de que Feij\u00f3o gane las elecciones.<\/p>\n<p>Recalcan que <strong>all\u00ed se encontraban \u00abtodos los l\u00edderes de la fiscal\u00eda conservadora\u00bb planteando \u00abun asalto al Estado\u00bb y que su actitud \u201cresta legitimidad\u201d a sus decisiones judiciales<\/strong>.<\/p>\n<p>subrayan que <strong>Antonio Narv\u00e1ez<\/strong>, que mostr\u00f3 abiertamente su deseo de que gobierne Feij\u00f3o y defini\u00f3 como \u00abfiloetarras\u00bb a Bildu seg\u00fan El Pa\u00eds, es en la actualidad fiscal de la Sala de lo Contencioso del Supremo, donde acaban los recursos contra las leyes del Gobierno, y que hasta hace poco fue magistrado del Constitucional, donde fue ponente de varias sentencias para declarar inconstitucional el Estado de Alarma.<\/p>\n<p>La actitud de Narv\u00e1ez en la reuni\u00f3n pone en entredicho si su motivaci\u00f3n fue pol\u00edtica a la hora de redactar esas sentencias, seg\u00fan estas fuentes.<\/p>\n<p>\u201c\u00bfLe ha sobrevenido de repente ese fervor por el PP y Feij\u00f3o o ya estaba influenciado por \u00e9l cuando redact\u00f3 las ponencias sobre el Estado de Alarma?\u201d, se preguntan, para concluir que \u201cahora est\u00e1n en cuesti\u00f3n aquellos textos\u201d Distintos jueces y fiscales consultados por la SER lo definiron en sos t\u00e9rminos.<\/p>\n<p><strong>Consuelo Madrigal<\/strong>, tambi\u00e9n fue autora de un pol\u00e9mico art\u00edculo contra el Estado de Alarma y presion\u00f3 al fiscal jefe del Supremo para admitir querellas contra el Gobierno por ese supuesto. Tambi\u00e9n se opuso al indulto en el proc\u00e8s y realiz\u00f3 comentarios partidistas en el c\u00f3nclave. Recientemente se opuso a la admisi\u00f3n de la querella contra el presidente de la Audiencia Nacional, <strong>Jos\u00e9 Ram\u00f3n Navarro<\/strong>, por sus WhatsApp con el exn\u00famero 2 de Interior con el PP, Francisco Mart\u00ednez, en plena investigaci\u00f3n secreta de la operaci\u00f3n Kitchen, en un escrito plagado de errores y omisiones.<\/p>\n<p>Distintas fuentes coinciden en lamentar que estos fiscales, que criticaron con dureza al Gobierno y abogaron por una victoria de Feij\u00f3o, le aplaudieron en la reuni\u00f3n cuando les revel\u00f3 que no pensaba renovar el Poder Judicial, en contra de su mandato constitucional.<\/p>\n<p>Cuando la SER se ha puesto en contacto con la presidenta de la conservadora Asociaci\u00f3n de Fiscales, Cristina Dexeus, para explicar el contenido de esa reuni\u00f3n que organiz\u00f3 con el l\u00edder de la oposici\u00f3n, pero ha declinado hacer declaraciones.<\/p>\n<p><strong>Pero pod\u00eda continuar y continuar con una larga lista de preguntas que suscitan inter\u00e9s sean respondidas, pero dejemos ese trabajo a los abogados<\/strong><\/p>\n<p>Y esto es fundamental porque lo que est\u00e1 llegando a la sociedad espa\u00f1ola por una mayor\u00eda de medios de comunicaci\u00f3n conservadores y de extrema derecha es un discurso cerrado, en bloque, tendencioso y manipulador que no pretende informar ya que lo que hace es utilizar los derechos de la libertad de expresi\u00f3n para desinformar y crear una muy amplia animadversi\u00f3n contra partidos pol\u00edticos o personas que pudieran ser inocentes al objeto de reconducir las preferencias electorales de los espa\u00f1oles.<\/p>\n<p><strong>HAY QUE ROMPER EL RELATO MONOTEM\u00c1TICO E INTERESADO\u00a0 DE LA DERECHA Y ESO SE CONSIGUE FORZANDO COMPARECENCIAS A LUZ Y TAQUIGRAFOS DE LOS TOGADOS RESPONDIENDO AL PARLAMENTO.<\/strong><\/p>\n<p>Y esto es as\u00ed, porque mientras juzgaban y condenaban- sin pruebas- a un Fiscal General del Estado acus\u00e1ndole de filtraciones a medios , dsde los tribunales de justicia no se han parado de filtrar que iban a procesar a Bego\u00f1a G\u00f3mez, al mismo Fiscal General del Estado, al hermano de Zapatero, al ex presidente del gobierno Jos\u00e9 Luis Rodriguez Zapatero a pol\u00edticos del P.P y de Vox que no han parado en jactarse de tener buenas y privilegiadas informaciones. Ilegalidad total y reiterada manifiesta.<\/p>\n<p>&nbsp;<\/p>\n<p><strong>EL ANUNCIO DEL INICIO DE LA COMISION DE INVESTIGACION PARLAMENTARIA DE JUSTICIA ARMAR\u00c1 UN GRAN REVUELO<\/strong><\/p>\n<p>Sin duda, pero si hay golpismo institucional, si este existiera, les va a hacer cambiar el paso, las coartadas y los tiempos. Y de eso se trata. De saber si hay golpismo o no. Y si hay golpismo poner nombre y apellidos a los culpables es obligatorio.<\/p>\n<p>El revuelo que ocasionar\u00e1 que la Comisi\u00f3n Parlamentaria se ponga a trabajar tambi\u00e9n cambiar\u00e1 determinados argumentos entre los socios del gobierno de coalici\u00f3n:<\/p>\n<p><strong>Nadie podr\u00e1 decir ya que no se hace nada<\/strong>, ni que el gobierno se mantiene de brazos cruzados. Evidentemente la catetada de \u00abConfianza en la justicia\u00bb es necesario dejar de repetirla como un mantra, por lo menos, hasta tener el informe de la Comisi\u00f3n Parlamentaria. Ya que lo a est\u00e1s alturas es evidente es que la justicia espa\u00f1ola tiene su credibilidad por los suelos.<\/p>\n<p>La confianza se gana pero no se regala. Y las actuaciones de esta justicia ha arrastrado su nombre por el barro.<\/p>\n<p>Hoy que la noticia enorme es como el Tribunal de Justicia de la Uni\u00f3n Europea dictamina que la ley de amnist\u00eda est\u00e1 bien hecha y de acuerdo a la legalidad dando la raz\u00f3n al gobierno. Hoy, justamente han esperado hasta hoy para anunciar que la esposa del presidente del gobierno ser\u00e1 juzgada por un jurado popular. Hasta los tiempos y la agenda la marcan ellos, los togados. Eso no debe de seguir siendo as\u00ed.<\/p>\n<p>Ni se debe de permitir la imputaci\u00f3n de Mercedes Gonz\u00e1lez por reunirse con Leire D\u00edaz \u00a1 Qu se re\u00fana con qui\u00e9n la salga del co\u00f1o!\u00a0 Ya est\u00e1 bien de inquisidores. Mandan los civiles elegidos por las urnas no funcionarios cuya obligaci\u00f3n es la de acatar \u00f3rdenes , no de cuestionar o quebrar cadenas de mando.\u00a0 Como esos generales de la Guardia Civil que se permiten poner a car de un burro en declaraciones o en Rdes Sociales al DAO de la Guardia Civil. \u00bfQuieren hacer pol\u00edtica? Pues que se presenten a las elecciones. No quieren hacer pol\u00edtica pues que se callen. No hay otra. Porque parecen una pandilla de machirulos y damas de hierro con unos u otros uniformes o sotanas vestidos intentando imponer sus santos reales , la democracia no es que tu ganas las elecciones pero tienes que contar conmigo a ver si me gustan tus cambios o te echo pulsos e invento como intervenirte. Ahhh \u00bfQu\u00e9 no es eso? Pus \u00abpresuntamente\u00bb , enmarqumos en grande, subrayado y con negrilla lo de \u00abPresuntamnte\u00bb y \u00abPresunto\u00bb.<\/p>\n<p><strong>Ahora se les debe obligar a comparecer a todos ellos hasta poder elaborar un informe tan minucioso que entre otras cosas deber\u00e1 contestar :<\/strong><\/p>\n<ol>\n<li>Si ha habido violaci\u00f3n, retorcimiento e incumplimiento de las leyes y de los derechos fundamentales de los acusados. Si se ha quebrado el derecho garantista, el trabajo de los abogados defensores, si ha habido ocultamiento de pruebas qu demostraran la inocencia o, por lo menos, que no han sido tenidas en cuenta para elaborar una sentencia. Posibles conexiones de jueces, magistrados, fiscales de los casos con el Partido Popular y Vox; si se han tapado denuncias contra jueces y fiscales acusados de corrupci\u00f3n y s les ha dejado que contin\u00faen oficiando o no, y de haberlos quienes son y quienes les han tapado y por qu\u00e9; Si existe o no en la magistratura, en el poder judicial, n la carrera fiscal y judicial de juecs que violando la ley tienen otras formas de ingresos y actividades econ\u00f3micas a su nombre o de sus hijos pero con indicios que fueran suyas.<\/li>\n<li>Si hay mandos policiales y de las fuerzas de seguridad\u00a0 del Estado con conexiones con el PP o Vox o asociaciones de extrema derecha y los jueces y fiscales conservadores que han abierto instrucciones\u00a0 o bien ya celebrados contra partidos, asociaciones, personas del \u00e1mbito progresista que resultaran casos falsos.<\/li>\n<li>Si hay garant\u00eda procesal y judicial que de garant\u00eda a los espa\u00f1oles de contar con un poder judicial ejemplar y confiable o no.<\/li>\n<\/ol>\n<p><strong>Un informe que deber\u00eda ser presentado por igual a la Mesa del Congreso<\/strong>, al gobierno, a los grupos parlamentarios y publicado en la web del Congreso de los Diputados en abierto,\u00a0 <strong>para ser debatido en Cort\u00e9s, con car\u00e1cter de urgencia, la necesidad o no de presentar al parlamento un Proyecto de ley integral de Reforma de la Justicia, pero que lo vote el Parlamento en esta misma legislatura .<\/strong><\/p>\n<p><strong>No debe volver a tolerarse m\u00e1s criterios clasistas para argumentar<\/strong> que ante la dificultad que entra\u00f1a el conocimiento de la justicia sea el poder ejecutivo, <strong>que son los que conocen las leyes, los que deber\u00e1n estar encargados de seleccionar los candidatos a jueces o fiscales que se presenten a cubrir plazas, o los encargados de sancionar llegado el caso<\/strong>. Error.<\/p>\n<p>Las diversas c\u00fapulas del poder judicial deben ser renovadas por cuatros a\u00f1os, el mismo plazo con el que cuenta una legislatura para gobernar, los \u00f3rganos\u00a0 judiciales y de fiscales ser\u00e1n disueltos por ley al cumplimiento de cada legislatura y renovados en base proporcional real al resultado arrojado por las urnas para cada grupo con representaci\u00f3n parlamentaria.<\/p>\n<p>Y <strong>deben de crearse comisiones institucionales con capacidad sancionadora y de adjudicaci\u00f3n de plazas vacantes o suspensi\u00f3n de juicios improcedentes que quiebren los derechos fundamentales<\/strong>. Comisiones que en ning\u00fan momento deber\u00e1n estar subyugadas al poder judicial<\/p>\n<p><strong>En el pecado est\u00e1 el castigo , <\/strong>las largas d\u00e9cadas de repartirse a espalda del resto de fuerzas parlamentarias las mayor\u00edas en los \u00f3rganos del poder judicial, Consejo General del Poder Judicial y otros, entre el PP y el PSOE (de Felipe Gonz\u00e1lez) son tiempos que han dado lugar a esto.<\/p>\n<p>He de decir, para ir terminando, que <strong>considero ciertamente escandaloso que<\/strong> una vez consultada la web del Congreso de los Diputados, como lo pueden hacer cualquiera de ustedes, <strong>observ\u00e9 que la Comisi\u00f3n Parlamentaria de Justicia no registra actividad -que deber\u00eda ser de m\u00e1xima urgencia- ni tiene fijada reuni\u00f3n a corto plazo de la misma.<\/strong><\/p>\n<p><strong>Esto a mi forma de ver es irresponsable<\/strong>, pero cuando recordamos que todos ellos mensualmente mantienen el cobro de sus sueldos como parlamentarios, resulta ya como m\u00ednimo urticante.<\/p>\n<p><strong>No creo que sea suficiente tampoco la \u00abley Bola\u00f1os\u00bb qui\u00e9n busca incluir cientos y cientos de nuevos jueces y fiscales, porque mi muy estimado ministro me temo que ser\u00e1 un coladero de hijos, amigos, primos, hijos de amigos cu\u00f1ados y casi todos de la misma cuerda.<\/strong> El poder judicial es un poder que se regula as\u00ed mismo, s\u00f3lo los jueces eligen a los juces, s\u00f3lo los juces sancionan a los fiscales y a los jueces. Y cuando un poder separado del estado goza de ese caparaz\u00f3n protector las posibilidades de la injerencia de competencias contra el poder ejecutivo y judicial van en aumento. Entre otras cosas porque juntando una m\u00ednimo de 144 diputados y u m\u00e1ximo de 164 diputados, contando con el apoyo de medios de comunicaci\u00f3n, el apoyo para obtener acusaciones privadas y ah\u00ed est\u00e1n las asociaciones de extrema derecha m\u00e1s los partidos con representaci\u00f3n parlamentaria interesados, pueden permitirse \u00abpresuntas\u00bb aperturas de procesos aceptando las denuncias que terminen en suplicatorios al Congreso para que aprueben la aplicaci\u00f3n de <strong>los art\u00edculos 102.1 y 102.2 de la Constituci\u00f3n espa\u00f1ola para sentar -si quieren- al presidente del gobierno y sus ministros ante los tribunales<\/strong> <strong>donde se les pedir\u00e1 a\u00f1os de c\u00e1rcel por cargos que no importara si los han cometido o no.<\/strong> Es esto y no otra cosa lo que est\u00e1 en juego.<\/p>\n<p>Es un \u00abpresunto\u00bb golpe de Estado, sin tanques pero que buscar\u00eda tener el gobierno en la c\u00e1rcel acusados de la corrupci\u00f3n que no tuvieron y eso no s\u00f3lo es hacer trampas, es m\u00e1s grave, porque tambi\u00e9n es privarles de ser reconocidos si llega a darse el caso no como perseguidos o presos pol\u00edticos sino como presos comunes , justificaci\u00f3n que ser\u00e1 esgrimida ante la opin\u00f3n p\u00fablica y la comunidad internacional y siempre en nombre de la Democracia y la Libertad.Porque para eso \u00ablos jueces son jueces y saben lo que hacen que han estudiado para ello\u00bb una cantinela que se repite y se escucha por no pocos sitios mientras de la Gurtel, de la Kitchen, de la P\u00fanica cada vez se habla menos, cada vez hay m\u00e1s gnte qu no sabe ni que casos son esos.<\/p>\n<p>Es perverso.<\/p>\n<p>No comparto con Arnaldo Otegui su visi\u00f3n de que los poderes f\u00e1cticos del r\u00e9gimen del 78 quieren cerrar la ventana de oportunidad qu significa este gobierno de coalici\u00f3n progresista para acabar con este PSOE y recuperar el PSOE de Felipe Gonz\u00e1lez para recuperar el r\u00e9gimen del 78. Y no estoy de acuerdo en que quieran recuperar el PSOE de Felipe Gonz\u00e1lez. Ellos viven en el r\u00e9gimen del 78 todo el rato, nunca existi\u00f3 depuraci\u00f3n fascista como en Alemania, Italia o Francia. Tienen la percepci\u00f3n de que el pa\u00eds es de su propiedad y ahora la coyuntura internacional les beneficia. PP y VOX son un \u00fanico alicate propiedad de Jos\u00e9 Mar\u00eda Aznar y la FAES ya ha dado por amortizado el PSOE, quieren volver al bipartidismo de una \u00abdemocracia\u00bb a medida en que s\u00f3lo exista PP y VOX, VOX y PP&lt;; as\u00ed de peligroso porque al igual que en Argentina, esperan una oleada de apoyos de un pueblo que har\u00e1 un simil entre ser de izquierdas y ser ladr\u00f3n.<\/p>\n<p>Trump ya lo ha dicho \u00abellos dicen que son socialdem\u00f3cratas, pero eso no existe, son comunistas y les barreremos\u00bb , azdem\u00e1s en diversas ocasiones ha advertido a Espa\u00f1a y luego esta Netanyahu y su gobierno llenando junto a Ayuso que fue este pasado nero a Tel Aviv a firmar contratos on empresas de ciber seguridad israel\u00edes (esp\u00edas) para garantizarse el triunfo electoral. Las derechas denuncian al Gobierno de Pedro S\u00e1nchez de preparar un pucherazo electoral, pero no s\u00f3lo por si no ganan, sino porque el pucherazo piensan darlo ellos junto a las empresas que la presidenta de la Comunidad se ha tra\u00eddo como Black Core, tambi\u00e9n conocido como Black Cube.<\/p>\n<p>Si esto se resuelve positivamente, a favor del juego limpio y de la democracia, nadie que haya qubrado garant\u00edas procsal4s, derechos de los acusados o participado en crear acusaciones falsas o a dictar sentencias injustas a\u00fan sabiendo que lo hac\u00edan deber\u00e1n disfrutar de una jubilaci\u00f3n paradisiaca, ni ncontrar un hueco para gozar de ning\u00fan tipo de impunidad. El honor de todas sus v\u00edctimas requerir\u00e1 ser recuperado, inclu\u00eddo el de esos cientos de miles de espa\u00f1oles asesinados y que a\u00fan yacen en las fosas comunes repartidas por toda Espa\u00f1a. Todo tiene un l\u00edmite y ya hay que pon\u00e9rselo.<\/p>\n<p>NOTAS:<\/p>\n<p><strong class=\"Yjhzub\" data-sfc-root=\"ep\" data-sfc-cb=\"\" data-complete=\"true\" data-copy-service-computed-style=\"font-family: &quot;Google Sans&quot;, Arial, sans-serif; font-size: 16px; font-weight: 700; margin: 0px; text-decoration: none solid rgb(10, 10, 10); border-bottom: 0px none rgb(10, 10, 10);\">lawfare<!--TgQPHd||[]--><\/strong> (traducido al espa\u00f1ol como \u00abguerra jur\u00eddica\u00bb) fue inventado por un militar: el general estadounidense <strong class=\"Yjhzub\" data-sfc-root=\"ep\" data-sfc-cb=\"\" data-complete=\"true\" data-copy-service-computed-style=\"font-family: &quot;Google Sans&quot;, Arial, sans-serif; font-size: 16px; font-weight: 700; margin: 0px; text-decoration: none solid rgb(10, 10, 10); border-bottom: 0px none rgb(10, 10, 10);\">Charles Dunlap Jr., <\/strong>quien adem\u00e1s de militar fue profesor de derecho en la Universidad de Duke.<span class=\"T286Pc\" data-sfc-cp=\"\" data-sfc-root=\"ep\" data-sfc-cb=\"\" data-complete=\"true\" data-copy-service-computed-style=\"font-family: &quot;Google Sans&quot;, Arial, sans-serif; font-size: 16px; font-weight: 400; margin: 0px; text-decoration: none solid rgb(10, 10, 10); border-bottom: 0px none rgb(10, 10, 10);\"> Se refiere con lawfare al uso abusivo o estrat\u00e9gico de las leyes y los tribunales para perjudicar, destruir o inhabilitar a un adversario pol\u00edtico o institucional, bajo una apariencia de legalidad. Es decir, usar la justicia como si fuera un arma de guerra.<strong class=\"Yjhzub\" data-sfc-root=\"ep\" data-sfc-cb=\"\" data-complete=\"true\" data-copy-service-computed-style=\"font-family: &quot;Google Sans&quot;, Arial, sans-serif; font-size: 16px; font-weight: 700; margin: 0px; text-decoration: none solid rgb(10, 10, 10); border-bottom: 0px none rgb(10, 10, 10);\">Orde F. Kittrie:<!--TgQPHd||[]--><\/strong> Profesor de Derecho de la Universidad de Arizona y exabogado del Departamento de Defensa de EE. UU., public\u00f3 en 2016 el libro fundamental <em class=\"eujQNb\" data-sfc-root=\"ep\" data-sfc-cb=\"\" data-complete=\"true\" data-copy-service-computed-style=\"font-family: &quot;Google Sans&quot;, Arial, sans-serif; font-size: 16px; font-weight: 400; margin: 0px; text-decoration: none solid rgb(10, 10, 10); border-bottom: 0px none rgb(10, 10, 10);\">Lawfare: A Law as a Weapon of War. <strong class=\"Yjhzub\" data-sfc-root=\"ep\" data-sfc-cb=\"\" data-complete=\"true\" data-copy-service-computed-style=\"font-family: &quot;Google Sans&quot;, Arial, sans-serif; font-size: 16px; font-weight: 700; margin: 0px; text-decoration: none solid rgb(10, 10, 10); border-bottom: 0px none rgb(10, 10, 10);\">Benjamin Wittes, Jack Goldsmith y Robert Chesney:<!--TgQPHd||[]--><\/strong> Son profesores de prestigiosas universidades como Harvard y Texas que popularizaron el concepto al fundar el blog especializado <span class=\"\" data-sfc-cp=\"\" data-sfc-root=\"ep\" data-sfc-cb=\"\" data-complete=\"true\" data-sfc-inited=\"2\" data-copy-service-computed-style=\"font-family: &quot;Google Sans&quot;, Arial, sans-serif; font-size: 16px; font-weight: 400; margin: 0px; text-decoration: none solid rgb(10, 10, 10); border-bottom: 0px none rgb(10, 10, 10);\"><a class=\"H23r4e\" href=\"https:\/\/en.wikipedia.org\/wiki\/Lawfare_(website)\" target=\"_blank\" rel=\"noopener\" data-ved=\"2ahUKEwi38r2UldiVAxXcTKQEHRD4AtMQy_kOegoIAggACAAIDBAJ\" data-hveid=\"CAIIAAgACAwQCQ\" aria-label=\"Lawfare. Vista previa del enlace. Sitio: Wikipedia. T\u00edtulo: Lawfare (sitio web) - Wikipedia. URL: https:\/\/en.wikipedia.org\/wiki\/Lawfare_(website).\" data-copy-service-computed-style=\"font-family: &quot;Google Sans&quot;, Arial, sans-serif; font-size: 16px; font-weight: 500; margin: 0px; text-decoration: underline 1px solid rgb(26, 13, 171); border-bottom: 0px none rgb(26, 13, 171);\">Lawfare<\/a><!--TgQPHd||[[&quot;https:\/\/en.wikipedia.org\/wiki\/Lawfare_(website)&quot;,null,null,[null,null,null,null,null,null,null,null,null,null,null,null,null,null,null,[{&quot;1218&quot;:[16]}]],16,null,&quot;Lawfare (sitio web) - Wikipedia&quot;,&quot;Lawfare fue fundado como un blog en septiembre de 2010 por Benjamin Wittes (antiguo editorialista de The Washington Post), Jack Goldsmith, profesor de la Facultad de Derecho de Harvard, y Robert Chesney, profesor de derecho de la Universidad de Texas en Austin.&quot;,null,&quot;Wikipedia&quot;,&quot;https:\/\/encrypted-tbn1.gstatic.com\/faviconV2?url\\u003dhttps:\/\/en.wikipedia.org\\u0026client\\u003dAIM\\u0026size\\u003d128\\u0026type\\u003dFAVICON\\u0026fallback_opts\\u003dTYPE,SIZE,URL&quot;,[[1784238174075191,77876444,3540187152],null,null,null,null,[[2,0,0,14]]],null,&quot;0c062c3f-a96c-4794-bbb6-a332f66457ca&quot;]]--><\/span> en el a\u00f1o 2010.<\/em><\/span><\/p>\n<section id=\"mwIA\" data-mw-section-id=\"1\" aria-labelledby=\"Background\">\n<p id=\"mwIQ\"><span dir=\"auto\" style=\"color: #000000;\">Goldsmith fue el jefe de la\u00a0<a id=\"mwMw\" style=\"color: #000000;\" title=\"Oficina de Asesor\u00eda Jur\u00eddica\" href=\"https:\/\/en.wikipedia.org\/wiki\/Office_of_Legal_Counsel\" rel=\"mw:WikiLink\">Oficina de Asesor\u00eda Legal<\/a>\u00a0del\u00a0<a id=\"mwNQ\" style=\"color: #000000;\" title=\"Departamento de Justicia de los Estados Unidos\" href=\"https:\/\/en.wikipedia.org\/wiki\/United_States_Department_of_Justice\" rel=\"mw:WikiLink\">Departamento de Justicia<\/a>\u00a0de la\u00a0<a id=\"mwNA\" class=\"mw-redirect\" style=\"color: #000000;\" title=\"Administraci\u00f3n de George W. Bush\" href=\"https:\/\/en.wikipedia.org\/wiki\/George_W._Bush_administration\" rel=\"mw:WikiLink\">administraci\u00f3n de George W. Bush<\/a>\u00a0, y Chesney form\u00f3 parte de un grupo de trabajo sobre pol\u00edticas de detenci\u00f3n en la\u00a0<a id=\"mwNg\" class=\"mw-redirect\" style=\"color: #000000;\" title=\"Administraci\u00f3n Obama\" href=\"https:\/\/en.wikipedia.org\/wiki\/Obama_administration\" rel=\"mw:WikiLink\">administraci\u00f3n de Obama<\/a> .\u00a0Entre sus colaboradores se encuentran juristas, estudiantes de derecho y exfuncionarios de\u00a0<a id=\"mwOw\" style=\"color: #000000;\" title=\"Presidencia de George W. Bush\" href=\"https:\/\/en.wikipedia.org\/wiki\/Presidency_of_George_W._Bush\" rel=\"mw:WikiLink\">las administraciones de George W. Bush<\/a>\u00a0y\u00a0<a id=\"mwPA\" style=\"color: #000000;\" title=\"Presidencia de Barack Obama\" href=\"https:\/\/en.wikipedia.org\/wiki\/Presidency_of_Barack_Obama\" rel=\"mw:WikiLink\">Barack Obama<\/a> .\u00a0<\/span><\/p>\n<p id=\"mwQQ\"><span dir=\"auto\">El 28 de junio de 2023, Wittes dijo que\u00a0<\/span><i id=\"mwQg\"><span dir=\"auto\">Lawfare<\/span><\/i><span dir=\"auto\"> se ha convertido en \u00abuna revista multimedia completa\u00bb.<\/span><\/p>\n<\/section>\n<section id=\"mwRw\" data-mw-section-id=\"2\" aria-labelledby=\"Coverage_of_the_first_Donald_Trump_presidency\">\n<p id=\"mwSA\"><span style=\"color: #000000;\"><i id=\"mwSQ\"><\/i><span dir=\"auto\"><span id=\"mwSg\" class=\"nowrap\" data-mw=\"{&quot;parts&quot;:[{&quot;template&quot;:{&quot;target&quot;:{&quot;wt&quot;:&quot;'s&quot;,&quot;href&quot;:&quot;.\/Template:'s&quot;},&quot;params&quot;:{},&quot;i&quot;:0}}]}\">La<\/span>\u00a0cobertura de Lawfare sobre\u00a0<\/span><span id=\"mwSg\" class=\"nowrap\" data-mw=\"{&quot;parts&quot;:[{&quot;template&quot;:{&quot;target&quot;:{&quot;wt&quot;:&quot;'s&quot;,&quot;href&quot;:&quot;.\/Template:'s&quot;},&quot;params&quot;:{},&quot;i&quot;:0}}]}\"><span dir=\"auto\">asuntos<\/span><\/span><span dir=\"auto\"><i id=\"mwSQ\">\u00a0legales\u00a0<\/i><a id=\"mwTA\" style=\"color: #000000;\" title=\"Judicial\" href=\"https:\/\/en.wikipedia.org\/wiki\/Judiciary\" rel=\"mw:WikiLink\">y<\/a>\u00a0de\u00a0<\/span><a id=\"mwSw\" style=\"color: #000000;\" title=\"An\u00e1lisis de inteligencia\" href=\"https:\/\/en.wikipedia.org\/wiki\/Intelligence_analysis\" rel=\"mw:WikiLink\"><span dir=\"auto\">inteligencia<\/span><\/a><span dir=\"auto\">\u00a0relacionados con la\u00a0<a id=\"mwTQ\" style=\"color: #000000;\" title=\"Primera presidencia de Donald Trump\" href=\"https:\/\/en.wikipedia.org\/wiki\/First_presidency_of_Donald_Trump#Administration\" rel=\"mw:WikiLink\">administraci\u00f3n Trump<\/a> ha generado un aumento significativo en el n\u00famero de lectores y en la atenci\u00f3n nacional del sitio web.\u00a0<sup id=\"cite_ref-6\" class=\"mw-ref reference\" data-mw=\"{&quot;name&quot;:&quot;ref&quot;,&quot;attrs&quot;:{},&quot;body&quot;:{&quot;id&quot;:&quot;mw-reference-text-cite_note-6&quot;}}\"><\/sup><\/span><\/span><\/p>\n<\/section>\n<p>&nbsp;<\/p>\n<p>&nbsp;<\/p>","protected":false},"excerpt":{"rendered":"<p>MEDIDAS PARA SALVAR UNA JUSTICIA DE S\u00cd MISMA Por Ray Lorens El\u00a0 buen \u00abhacer\u00bb de la justicia en Espa\u00f1a est\u00e1 siendo cuestionado y saliendo bastante mal parada ante la opini\u00f3n p\u00fablica espa\u00f1ola e internacional. El 65% de los espa\u00f1oles piensa que hay Lawfare, seg\u00fan un estudio publicado por el diario El Pa\u00eds. Con este panorama [&hellip;]<\/p>","protected":false},"author":1,"featured_media":4857,"comment_status":"open","ping_status":"open","sticky":false,"template":"","format":"standard","meta":{"footnotes":""},"categories":[1],"tags":[],"class_list":["post-4840","post","type-post","status-publish","format-standard","has-post-thumbnail","category-opinion"],"yoast_head":"<!-- This site is optimized with the Yoast SEO plugin v26.2 - https:\/\/yoast.com\/wordpress\/plugins\/seo\/ -->\n<title>MEDIDAS PARA SALVAR LA JUSTICIA ESPA\u00d1OLA DE S\u00cd MISMA - Tiempo de Tormentas<\/title>\n<meta name=\"description\" content=\"Ante una situaci\u00f3n de tal gravedad, que pone a la misma democracia en peligro, el Gobierno de Espa\u00f1a, o a propuesta de dos grupos parlamentarios, seg\u00fan marca el reglamento de la c\u00e1mara, deben de poner de inmediato a la Comisi\u00f3n Parlamentaria de Justicia a investigar a todos aquellos jueces de los que existen indicios de corrupci\u00f3n y de contaminaci\u00f3n pol\u00edtica de un \u00f3rgano y unas profesiones, jueces, magistrados, fiscales que deben de velar por mantener su objetividad absoluta para garantizar que siempre se aplicar\u00e1 una justicia limpia.\" \/>\n<meta name=\"robots\" content=\"index, follow, max-snippet:-1, max-image-preview:large, max-video-preview:-1\" \/>\n<link rel=\"canonical\" href=\"https:\/\/tiempodetormentas.com\/en\/opinion\/__trashed\/\" \/>\n<meta property=\"og:locale\" content=\"en_GB\" \/>\n<meta property=\"og:type\" content=\"article\" \/>\n<meta property=\"og:title\" content=\"MEDIDAS PARA SALVAR LA JUSTICIA ESPA\u00d1OLA DE S\u00cd MISMA - Tiempo de Tormentas\" \/>\n<meta property=\"og:description\" content=\"Ante una situaci\u00f3n de tal gravedad, que pone a la misma democracia en peligro, el Gobierno de Espa\u00f1a, o a propuesta de dos grupos parlamentarios, seg\u00fan marca el reglamento de la c\u00e1mara, deben de poner de inmediato a la Comisi\u00f3n Parlamentaria de Justicia a investigar a todos aquellos jueces de los que existen indicios de corrupci\u00f3n y de contaminaci\u00f3n pol\u00edtica de un \u00f3rgano y unas profesiones, jueces, magistrados, fiscales que deben de velar por mantener su objetividad absoluta para garantizar que siempre se aplicar\u00e1 una justicia limpia.\" \/>\n<meta property=\"og:url\" content=\"https:\/\/tiempodetormentas.com\/en\/opinion\/__trashed\/\" \/>\n<meta property=\"og:site_name\" content=\"Tiempo de Tormentas\" \/>\n<meta property=\"article:published_time\" content=\"2026-07-16T15:25:52+00:00\" \/>\n<meta property=\"article:modified_time\" content=\"2026-07-16T22:03:18+00:00\" \/>\n<meta property=\"og:image\" content=\"https:\/\/tiempodetormentas.com\/wp-content\/uploads\/2026\/07\/Justicia-ciega.jpeg\" \/>\n\t<meta property=\"og:image:width\" content=\"615\" \/>\n\t<meta property=\"og:image:height\" content=\"382\" \/>\n\t<meta property=\"og:image:type\" content=\"image\/jpeg\" \/>\n<meta name=\"author\" content=\"Ray Lorens\" \/>\n<meta name=\"twitter:card\" content=\"summary_large_image\" \/>\n<meta name=\"twitter:label1\" content=\"Written by\" \/>\n\t<meta name=\"twitter:data1\" content=\"Ray Lorens\" \/>\n\t<meta name=\"twitter:label2\" content=\"Estimated reading time\" \/>\n\t<meta name=\"twitter:data2\" content=\"21 minutes\" \/>\n<script type=\"application\/ld+json\" class=\"yoast-schema-graph\">{\"@context\":\"https:\/\/schema.org\",\"@graph\":[{\"@type\":\"Article\",\"@id\":\"https:\/\/tiempodetormentas.com\/opinion\/__trashed\/#article\",\"isPartOf\":{\"@id\":\"https:\/\/tiempodetormentas.com\/opinion\/__trashed\/\"},\"author\":{\"name\":\"Ray Lorens\",\"@id\":\"https:\/\/tiempodetormentas.com\/#\/schema\/person\/7e59b0ab3f525f413b127a9f2727eee7\"},\"headline\":\"MEDIDAS PARA SALVAR LA JUSTICIA ESPA\u00d1OLA DE S\u00cd MISMA\",\"datePublished\":\"2026-07-16T15:25:52+00:00\",\"dateModified\":\"2026-07-16T22:03:18+00:00\",\"mainEntityOfPage\":{\"@id\":\"https:\/\/tiempodetormentas.com\/opinion\/__trashed\/\"},\"wordCount\":4733,\"commentCount\":0,\"publisher\":{\"@id\":\"https:\/\/tiempodetormentas.com\/#organization\"},\"image\":{\"@id\":\"https:\/\/tiempodetormentas.com\/opinion\/__trashed\/#primaryimage\"},\"thumbnailUrl\":\"https:\/\/tiempodetormentas.com\/wp-content\/uploads\/2026\/07\/Justicia-ciega.jpeg\",\"articleSection\":[\"Opini\u00f3n\"],\"inLanguage\":\"en-GB\",\"potentialAction\":[{\"@type\":\"CommentAction\",\"name\":\"Comment\",\"target\":[\"https:\/\/tiempodetormentas.com\/opinion\/__trashed\/#respond\"]}]},{\"@type\":\"WebPage\",\"@id\":\"https:\/\/tiempodetormentas.com\/opinion\/__trashed\/\",\"url\":\"https:\/\/tiempodetormentas.com\/opinion\/__trashed\/\",\"name\":\"MEDIDAS PARA SALVAR LA JUSTICIA ESPA\u00d1OLA DE S\u00cd MISMA - Tiempo de Tormentas\",\"isPartOf\":{\"@id\":\"https:\/\/tiempodetormentas.com\/#website\"},\"primaryImageOfPage\":{\"@id\":\"https:\/\/tiempodetormentas.com\/opinion\/__trashed\/#primaryimage\"},\"image\":{\"@id\":\"https:\/\/tiempodetormentas.com\/opinion\/__trashed\/#primaryimage\"},\"thumbnailUrl\":\"https:\/\/tiempodetormentas.com\/wp-content\/uploads\/2026\/07\/Justicia-ciega.jpeg\",\"datePublished\":\"2026-07-16T15:25:52+00:00\",\"dateModified\":\"2026-07-16T22:03:18+00:00\",\"description\":\"Ante una situaci\u00f3n de tal gravedad, que pone a la misma democracia en peligro, el Gobierno de Espa\u00f1a, o a propuesta de dos grupos parlamentarios, seg\u00fan marca el reglamento de la c\u00e1mara, deben de poner de inmediato a la Comisi\u00f3n Parlamentaria de Justicia a investigar a todos aquellos jueces de los que existen indicios de corrupci\u00f3n y de contaminaci\u00f3n pol\u00edtica de un \u00f3rgano y unas profesiones, jueces, magistrados, fiscales que deben de velar por mantener su objetividad absoluta para garantizar que siempre se aplicar\u00e1 una justicia limpia.\",\"breadcrumb\":{\"@id\":\"https:\/\/tiempodetormentas.com\/opinion\/__trashed\/#breadcrumb\"},\"inLanguage\":\"en-GB\",\"potentialAction\":[{\"@type\":\"ReadAction\",\"target\":[\"https:\/\/tiempodetormentas.com\/opinion\/__trashed\/\"]}]},{\"@type\":\"ImageObject\",\"inLanguage\":\"en-GB\",\"@id\":\"https:\/\/tiempodetormentas.com\/opinion\/__trashed\/#primaryimage\",\"url\":\"https:\/\/tiempodetormentas.com\/wp-content\/uploads\/2026\/07\/Justicia-ciega.jpeg\",\"contentUrl\":\"https:\/\/tiempodetormentas.com\/wp-content\/uploads\/2026\/07\/Justicia-ciega.jpeg\",\"width\":615,\"height\":382},{\"@type\":\"BreadcrumbList\",\"@id\":\"https:\/\/tiempodetormentas.com\/opinion\/__trashed\/#breadcrumb\",\"itemListElement\":[{\"@type\":\"ListItem\",\"position\":1,\"name\":\"Portada\",\"item\":\"https:\/\/tiempodetormentas.com\/\"},{\"@type\":\"ListItem\",\"position\":2,\"name\":\"MEDIDAS PARA SALVAR LA JUSTICIA ESPA\u00d1OLA DE S\u00cd MISMA\"}]},{\"@type\":\"WebSite\",\"@id\":\"https:\/\/tiempodetormentas.com\/#website\",\"url\":\"https:\/\/tiempodetormentas.com\/\",\"name\":\"Tiempo de Tormentas\",\"description\":\"Edita el club de la bruma\",\"publisher\":{\"@id\":\"https:\/\/tiempodetormentas.com\/#organization\"},\"potentialAction\":[{\"@type\":\"SearchAction\",\"target\":{\"@type\":\"EntryPoint\",\"urlTemplate\":\"https:\/\/tiempodetormentas.com\/?s={search_term_string}\"},\"query-input\":{\"@type\":\"PropertyValueSpecification\",\"valueRequired\":true,\"valueName\":\"search_term_string\"}}],\"inLanguage\":\"en-GB\"},{\"@type\":\"Organization\",\"@id\":\"https:\/\/tiempodetormentas.com\/#organization\",\"name\":\"Tiempo de Tormentas\",\"url\":\"https:\/\/tiempodetormentas.com\/\",\"logo\":{\"@type\":\"ImageObject\",\"inLanguage\":\"en-GB\",\"@id\":\"https:\/\/tiempodetormentas.com\/#\/schema\/logo\/image\/\",\"url\":\"https:\/\/tiempodetormentas.com\/wp-content\/uploads\/2022\/01\/tiempo-de-tormentas.png\",\"contentUrl\":\"https:\/\/tiempodetormentas.com\/wp-content\/uploads\/2022\/01\/tiempo-de-tormentas.png\",\"width\":448,\"height\":121,\"caption\":\"Tiempo de Tormentas\"},\"image\":{\"@id\":\"https:\/\/tiempodetormentas.com\/#\/schema\/logo\/image\/\"}},{\"@type\":\"Person\",\"@id\":\"https:\/\/tiempodetormentas.com\/#\/schema\/person\/7e59b0ab3f525f413b127a9f2727eee7\",\"name\":\"Ray Lorens\",\"image\":{\"@type\":\"ImageObject\",\"inLanguage\":\"en-GB\",\"@id\":\"https:\/\/tiempodetormentas.com\/#\/schema\/person\/image\/\",\"url\":\"https:\/\/secure.gravatar.com\/avatar\/455622daf1ca0bf2f3b43adae4fc14ec90d08bdcfdbfc9c5f24527bb1d711a5a?s=96&d=mm&r=g\",\"contentUrl\":\"https:\/\/secure.gravatar.com\/avatar\/455622daf1ca0bf2f3b43adae4fc14ec90d08bdcfdbfc9c5f24527bb1d711a5a?s=96&d=mm&r=g\",\"caption\":\"Ray Lorens\"},\"description\":\"cineasta, escritor, periodista\",\"sameAs\":[\"https:\/\/tiempodetormentas.com\"],\"url\":\"https:\/\/tiempodetormentas.com\/en\/author\/ray\/\"}]}<\/script>\n<!-- \/ Yoast SEO plugin. -->","yoast_head_json":{"title":"MEDIDAS PARA SALVAR LA JUSTICIA ESPA\u00d1OLA DE S\u00cd MISMA - Tiempo de Tormentas","description":"Ante una situaci\u00f3n de tal gravedad, que pone a la misma democracia en peligro, el Gobierno de Espa\u00f1a, o a propuesta de dos grupos parlamentarios, seg\u00fan marca el reglamento de la c\u00e1mara, deben de poner de inmediato a la Comisi\u00f3n Parlamentaria de Justicia a investigar a todos aquellos jueces de los que existen indicios de corrupci\u00f3n y de contaminaci\u00f3n pol\u00edtica de un \u00f3rgano y unas profesiones, jueces, magistrados, fiscales que deben de velar por mantener su objetividad absoluta para garantizar que siempre se aplicar\u00e1 una justicia limpia.","robots":{"index":"index","follow":"follow","max-snippet":"max-snippet:-1","max-image-preview":"max-image-preview:large","max-video-preview":"max-video-preview:-1"},"canonical":"https:\/\/tiempodetormentas.com\/en\/opinion\/__trashed\/","og_locale":"en_GB","og_type":"article","og_title":"MEDIDAS PARA SALVAR LA JUSTICIA ESPA\u00d1OLA DE S\u00cd MISMA - Tiempo de Tormentas","og_description":"Ante una situaci\u00f3n de tal gravedad, que pone a la misma democracia en peligro, el Gobierno de Espa\u00f1a, o a propuesta de dos grupos parlamentarios, seg\u00fan marca el reglamento de la c\u00e1mara, deben de poner de inmediato a la Comisi\u00f3n Parlamentaria de Justicia a investigar a todos aquellos jueces de los que existen indicios de corrupci\u00f3n y de contaminaci\u00f3n pol\u00edtica de un \u00f3rgano y unas profesiones, jueces, magistrados, fiscales que deben de velar por mantener su objetividad absoluta para garantizar que siempre se aplicar\u00e1 una justicia limpia.","og_url":"https:\/\/tiempodetormentas.com\/en\/opinion\/__trashed\/","og_site_name":"Tiempo de Tormentas","article_published_time":"2026-07-16T15:25:52+00:00","article_modified_time":"2026-07-16T22:03:18+00:00","og_image":[{"width":615,"height":382,"url":"https:\/\/tiempodetormentas.com\/wp-content\/uploads\/2026\/07\/Justicia-ciega.jpeg","type":"image\/jpeg"}],"author":"Ray Lorens","twitter_card":"summary_large_image","twitter_misc":{"Written by":"Ray Lorens","Estimated reading time":"21 minutes"},"schema":{"@context":"https:\/\/schema.org","@graph":[{"@type":"Article","@id":"https:\/\/tiempodetormentas.com\/opinion\/__trashed\/#article","isPartOf":{"@id":"https:\/\/tiempodetormentas.com\/opinion\/__trashed\/"},"author":{"name":"Ray Lorens","@id":"https:\/\/tiempodetormentas.com\/#\/schema\/person\/7e59b0ab3f525f413b127a9f2727eee7"},"headline":"MEDIDAS PARA SALVAR LA JUSTICIA ESPA\u00d1OLA DE S\u00cd MISMA","datePublished":"2026-07-16T15:25:52+00:00","dateModified":"2026-07-16T22:03:18+00:00","mainEntityOfPage":{"@id":"https:\/\/tiempodetormentas.com\/opinion\/__trashed\/"},"wordCount":4733,"commentCount":0,"publisher":{"@id":"https:\/\/tiempodetormentas.com\/#organization"},"image":{"@id":"https:\/\/tiempodetormentas.com\/opinion\/__trashed\/#primaryimage"},"thumbnailUrl":"https:\/\/tiempodetormentas.com\/wp-content\/uploads\/2026\/07\/Justicia-ciega.jpeg","articleSection":["Opini\u00f3n"],"inLanguage":"en-GB","potentialAction":[{"@type":"CommentAction","name":"Comment","target":["https:\/\/tiempodetormentas.com\/opinion\/__trashed\/#respond"]}]},{"@type":"WebPage","@id":"https:\/\/tiempodetormentas.com\/opinion\/__trashed\/","url":"https:\/\/tiempodetormentas.com\/opinion\/__trashed\/","name":"MEDIDAS PARA SALVAR LA JUSTICIA ESPA\u00d1OLA DE S\u00cd MISMA - Tiempo de Tormentas","isPartOf":{"@id":"https:\/\/tiempodetormentas.com\/#website"},"primaryImageOfPage":{"@id":"https:\/\/tiempodetormentas.com\/opinion\/__trashed\/#primaryimage"},"image":{"@id":"https:\/\/tiempodetormentas.com\/opinion\/__trashed\/#primaryimage"},"thumbnailUrl":"https:\/\/tiempodetormentas.com\/wp-content\/uploads\/2026\/07\/Justicia-ciega.jpeg","datePublished":"2026-07-16T15:25:52+00:00","dateModified":"2026-07-16T22:03:18+00:00","description":"Ante una situaci\u00f3n de tal gravedad, que pone a la misma democracia en peligro, el Gobierno de Espa\u00f1a, o a propuesta de dos grupos parlamentarios, seg\u00fan marca el reglamento de la c\u00e1mara, deben de poner de inmediato a la Comisi\u00f3n Parlamentaria de Justicia a investigar a todos aquellos jueces de los que existen indicios de corrupci\u00f3n y de contaminaci\u00f3n pol\u00edtica de un \u00f3rgano y unas profesiones, jueces, magistrados, fiscales que deben de velar por mantener su objetividad absoluta para garantizar que siempre se aplicar\u00e1 una justicia limpia.","breadcrumb":{"@id":"https:\/\/tiempodetormentas.com\/opinion\/__trashed\/#breadcrumb"},"inLanguage":"en-GB","potentialAction":[{"@type":"ReadAction","target":["https:\/\/tiempodetormentas.com\/opinion\/__trashed\/"]}]},{"@type":"ImageObject","inLanguage":"en-GB","@id":"https:\/\/tiempodetormentas.com\/opinion\/__trashed\/#primaryimage","url":"https:\/\/tiempodetormentas.com\/wp-content\/uploads\/2026\/07\/Justicia-ciega.jpeg","contentUrl":"https:\/\/tiempodetormentas.com\/wp-content\/uploads\/2026\/07\/Justicia-ciega.jpeg","width":615,"height":382},{"@type":"BreadcrumbList","@id":"https:\/\/tiempodetormentas.com\/opinion\/__trashed\/#breadcrumb","itemListElement":[{"@type":"ListItem","position":1,"name":"Portada","item":"https:\/\/tiempodetormentas.com\/"},{"@type":"ListItem","position":2,"name":"MEDIDAS PARA SALVAR LA JUSTICIA ESPA\u00d1OLA DE S\u00cd MISMA"}]},{"@type":"WebSite","@id":"https:\/\/tiempodetormentas.com\/#website","url":"https:\/\/tiempodetormentas.com\/","name":"Tiempo de Tormentas","description":"Edita el club de la bruma","publisher":{"@id":"https:\/\/tiempodetormentas.com\/#organization"},"potentialAction":[{"@type":"SearchAction","target":{"@type":"EntryPoint","urlTemplate":"https:\/\/tiempodetormentas.com\/?s={search_term_string}"},"query-input":{"@type":"PropertyValueSpecification","valueRequired":true,"valueName":"search_term_string"}}],"inLanguage":"en-GB"},{"@type":"Organization","@id":"https:\/\/tiempodetormentas.com\/#organization","name":"Tiempo de Tormentas","url":"https:\/\/tiempodetormentas.com\/","logo":{"@type":"ImageObject","inLanguage":"en-GB","@id":"https:\/\/tiempodetormentas.com\/#\/schema\/logo\/image\/","url":"https:\/\/tiempodetormentas.com\/wp-content\/uploads\/2022\/01\/tiempo-de-tormentas.png","contentUrl":"https:\/\/tiempodetormentas.com\/wp-content\/uploads\/2022\/01\/tiempo-de-tormentas.png","width":448,"height":121,"caption":"Tiempo de Tormentas"},"image":{"@id":"https:\/\/tiempodetormentas.com\/#\/schema\/logo\/image\/"}},{"@type":"Person","@id":"https:\/\/tiempodetormentas.com\/#\/schema\/person\/7e59b0ab3f525f413b127a9f2727eee7","name":"Ray Lorens","image":{"@type":"ImageObject","inLanguage":"en-GB","@id":"https:\/\/tiempodetormentas.com\/#\/schema\/person\/image\/","url":"https:\/\/secure.gravatar.com\/avatar\/455622daf1ca0bf2f3b43adae4fc14ec90d08bdcfdbfc9c5f24527bb1d711a5a?s=96&d=mm&r=g","contentUrl":"https:\/\/secure.gravatar.com\/avatar\/455622daf1ca0bf2f3b43adae4fc14ec90d08bdcfdbfc9c5f24527bb1d711a5a?s=96&d=mm&r=g","caption":"Ray Lorens"},"description":"cineasta, escritor, periodista","sameAs":["https:\/\/tiempodetormentas.com"],"url":"https:\/\/tiempodetormentas.com\/en\/author\/ray\/"}]}},"_links":{"self":[{"href":"https:\/\/tiempodetormentas.com\/en\/wp-json\/wp\/v2\/posts\/4840","targetHints":{"allow":["GET"]}}],"collection":[{"href":"https:\/\/tiempodetormentas.com\/en\/wp-json\/wp\/v2\/posts"}],"about":[{"href":"https:\/\/tiempodetormentas.com\/en\/wp-json\/wp\/v2\/types\/post"}],"author":[{"embeddable":true,"href":"https:\/\/tiempodetormentas.com\/en\/wp-json\/wp\/v2\/users\/1"}],"replies":[{"embeddable":true,"href":"https:\/\/tiempodetormentas.com\/en\/wp-json\/wp\/v2\/comments?post=4840"}],"version-history":[{"count":7,"href":"https:\/\/tiempodetormentas.com\/en\/wp-json\/wp\/v2\/posts\/4840\/revisions"}],"predecessor-version":[{"id":4860,"href":"https:\/\/tiempodetormentas.com\/en\/wp-json\/wp\/v2\/posts\/4840\/revisions\/4860"}],"wp:featuredmedia":[{"embeddable":true,"href":"https:\/\/tiempodetormentas.com\/en\/wp-json\/wp\/v2\/media\/4857"}],"wp:attachment":[{"href":"https:\/\/tiempodetormentas.com\/en\/wp-json\/wp\/v2\/media?parent=4840"}],"wp:term":[{"taxonomy":"category","embeddable":true,"href":"https:\/\/tiempodetormentas.com\/en\/wp-json\/wp\/v2\/categories?post=4840"},{"taxonomy":"post_tag","embeddable":true,"href":"https:\/\/tiempodetormentas.com\/en\/wp-json\/wp\/v2\/tags?post=4840"}],"curies":[{"name":"wp","href":"https:\/\/api.w.org\/{rel}","templated":true}]}}