{"id":4756,"date":"2026-04-29T12:14:36","date_gmt":"2026-04-29T12:14:36","guid":{"rendered":"https:\/\/tiempodetormentas.com\/?p=4756"},"modified":"2026-04-29T12:14:36","modified_gmt":"2026-04-29T12:14:36","slug":"los-planes-psicopatas-de-palantir-para-la-humanidad","status":"publish","type":"post","link":"https:\/\/tiempodetormentas.com\/en\/humanidad\/los-planes-psicopatas-de-palantir-para-la-humanidad\/","title":{"rendered":"LOS PLANES PSIC\u00d3PATAS DE \u00abPALANTIR\u00bb PARA LA HUMANIDAD"},"content":{"rendered":"<header class=\"post-header\">\n<div class=\"post-header-heading wrapper\">\n<h1>LOS PLANES PSIC\u00d3PATAS DE \u00abPALANTIR\u00bb PARA LA HUMANIDAD<\/h1>\n<h2><\/h2>\n<h2 class=\"post-title\">La \u2018Rep\u00fablica Tecnol\u00f3gica\u2019 de Palantir: Servicio militar obligatorio universal, supremacismo cultural occidental y control social y represi\u00f3n<\/h2>\n<div class=\"post-excerpt\">\n<p>El manifiesto de la multinacional de vigilancia pide la fusi\u00f3n entre las \u2018Big Tech\u2019 y el Pent\u00e1gono para una oleada de militarizaci\u00f3n global con inteligencia artificial.<\/p>\n<\/div>\n<\/div>\n<div class=\"post-image\"><img decoding=\"async\" src=\"https:\/\/diariosocialista.net\/content\/images\/2026\/04\/Copy-of-Copy-of-Feature-Images-24.png\" alt=\"Imagen de archivo de Alexander C. Karp, consejero delegado de Palantir, y su libro The Technological Republic. Foto: The Old Reader\" \/><\/p>\n<div class=\"post-image-meta\">\n<h6 class=\"post-image-meta-caption\"><em>Imagen de archivo de Alexander C. Karp, consejero delegado de Palantir, y su libro The Technological Republic. Foto: <a href=\"https:\/\/theoldreader.com\/\" rel=\"noreferrer\">The Old Reader<\/a><\/em><\/h6>\n<p>&nbsp;<\/p>\n<\/div>\n<\/div>\n<div class=\"post-meta wrapper center-tablet\"><\/div>\n<\/header>\n<div class=\"post-body wrapper\">\n<div class=\"post-content\">\n<div class=\"post-text\">\n<p>La empresa proveedora de software de an\u00e1lisis de datos para servicios de inteligencia y defensa,\u00a0<a href=\"https:\/\/www.elsaltodiario.com\/asalto-podcast\/palantir-fin-del-mundo-golpe-clic\" rel=\"noreferrer\">Palantir<\/a>, ha hecho p\u00fablico un manifiesto donde resume sus tesis pol\u00edticas, pidiendo abiertamente un cambio de rumbo en Silicon Valley para ponerla al servicio directo de la maquinaria militar de Estados Unidos. A trav\u00e9s de la cuenta oficial de la compa\u00f1\u00eda en X y citando el libro\u00a0<em>The Technological Republic<\/em> \u2014escrito por su consejero delegado, Alexander C. Karp, y su adjunto, Nicholas W. Zamiska\u2014, la corporaci\u00f3n sostiene que la \u00ab\u00e9lite ingenieril\u00bb tiene la \u00abobligaci\u00f3n afirmativa de participar en la defensa de la naci\u00f3n\u00bb.\u00a0 Muy peligroso, pues apuestan por un mundo b\u00e9lico s\u00f3lo para enriquecerse y de control absoluto de los individuos:<\/p>\n<p>Abajo est\u00e1 el manifiesto que Palantir y su cara m\u00e1s visible, Alexander C. Karp, publicaron en X (Twitter), junto con algunos enlaces que pueden dar m\u00e1s contexto. No es un texto corto, y no tiene un TL;DR.:<\/p>\n<p>La Rep\u00fablica Tecnol\u00f3gica, en resumen.<\/p>\n<ol>\n<li><strong>Silicon Valley le debe una deuda moral al pa\u00eds que hizo posible su auge.<\/strong>\u00a0La \u00e9lite de la ingenier\u00eda de Silicon Valley tiene la obligaci\u00f3n de participar en la defensa de la naci\u00f3n.<\/li>\n<li><strong>Debemos rebelarnos contra la tiran\u00eda de las apps.<\/strong>\u00a0\u00bfEs el iPhone nuestro mayor logro creativo, por no decir el coronamiento, como civilizaci\u00f3n? El objeto ha cambiado nuestras vidas, pero ahora tambi\u00e9n puede estar limitando y constri\u00f1endo nuestro sentido de lo posible.<\/li>\n<li><strong>El correo electr\u00f3nico gratuito no es suficiente.<\/strong>\u00a0La decadencia de una cultura o civilizaci\u00f3n, y de hecho de su clase dirigente, solo ser\u00e1 perdonada si esa cultura es capaz de generar crecimiento econ\u00f3mico y seguridad para el p\u00fablico.<\/li>\n<li><strong>Los l\u00edmites del poder blando, de la ret\u00f3rica grandilocuente por s\u00ed sola, han quedado expuestos.<\/strong>\u00a0La capacidad de las sociedades libres y democr\u00e1ticas para prevalecer requiere algo m\u00e1s que el atractivo moral. Requiere poder duro, y el poder duro en este siglo se construir\u00e1 sobre software.<\/li>\n<li><strong>La pregunta no es si se construir\u00e1n armas de IA; es qui\u00e9n las construir\u00e1 y con qu\u00e9 prop\u00f3sito.<\/strong>\u00a0Nuestros adversarios no se detendr\u00e1n a participar en debates teatrales sobre los m\u00e9ritos de desarrollar tecnolog\u00edas con aplicaciones militares y de seguridad nacional cr\u00edticas. Ellos seguir\u00e1n adelante.<\/li>\n<li><strong>El servicio nacional deber\u00eda ser un deber universal.<\/strong>\u00a0Deber\u00edamos, como sociedad, considerar seriamente alejarnos de una fuerza totalmente voluntaria y solo luchar en la pr\u00f3xima guerra si todos comparten el riesgo y el coste.<\/li>\n<li><strong>Si un marine estadounidense pide un rifle mejor, deber\u00edamos construirlo; y lo mismo ocurre con el software.<\/strong>\u00a0Deber\u00edamos, como pa\u00eds, ser capaces de continuar un debate sobre la idoneidad de la acci\u00f3n militar en el extranjero, sin dejar de ser firmes en nuestro compromiso con aquellos a los que hemos pedido que se pongan en peligro.<\/li>\n<li><strong>Los funcionarios p\u00fablicos no tienen por qu\u00e9 ser nuestros sacerdotes.<\/strong>\u00a0Cualquier empresa que compensara a sus empleados de la forma en que el gobierno federal compensa a los funcionarios p\u00fablicos tendr\u00eda dificultades para sobrevivir.<\/li>\n<li><strong>Deber\u00edamos mostrar mucha m\u00e1s gracia hacia aquellos que se han sometido a la vida p\u00fablica.<\/strong>\u00a0La erradicaci\u00f3n de cualquier espacio para el perd\u00f3n \u2014el descarte de cualquier tolerancia hacia las complejidades y contradicciones de la psique humana\u2014 puede dejarnos con un elenco de personajes al frente que llegaremos a lamentar.<\/li>\n<li><strong>La psicologizaci\u00f3n de la pol\u00edtica moderna nos est\u00e1 llevando por mal camino.<\/strong>\u00a0Aquellos que buscan en la arena pol\u00edtica nutrir su alma y su sentido de s\u00ed mismos, que conf\u00edan demasiado en que su vida interna encuentre expresi\u00f3n en personas a las que quiz\u00e1s nunca conozcan, se sentir\u00e1n decepcionados.<\/li>\n<li><strong>Nuestra sociedad se ha vuelto demasiado ansiosa por apresurar, y a menudo se alegra de, la desaparici\u00f3n de sus enemigos.<\/strong>\u00a0La derrota de un oponente es un momento para hacer una pausa, no para regocijarse.<\/li>\n<li><strong>La era at\u00f3mica est\u00e1 terminando.<\/strong>\u00a0Una era de disuasi\u00f3n, la era at\u00f3mica, est\u00e1 terminando, y una nueva era de disuasi\u00f3n construida sobre la IA est\u00e1 a punto de comenzar.<\/li>\n<li><strong>Ning\u00fan otro pa\u00eds en la historia del mundo ha avanzado los valores progresistas m\u00e1s que este.<\/strong>\u00a0Estados Unidos est\u00e1 lejos de ser perfecto. Pero es f\u00e1cil olvidar cu\u00e1nta m\u00e1s oportunidad existe en este pa\u00eds para aquellos que no son \u00e9lites hereditarias que en cualquier otra naci\u00f3n del planeta.<\/li>\n<li><strong>El poder estadounidense ha hecho posible una paz extraordinariamente larga.<\/strong>\u00a0Demasiados han olvidado o quiz\u00e1s dan por sentado que casi un siglo de alguna versi\u00f3n de paz ha prevalecido en el mundo sin un gran conflicto militar de poder. Al menos tres generaciones \u2014miles de millones de personas y sus hijos y ahora nietos\u2014 nunca han conocido una guerra mundial.<\/li>\n<li><strong>Hay que deshacer la castraci\u00f3n de Alemania y Jap\u00f3n despu\u00e9s de la guerra.<\/strong>\u00a0La desmilitarizaci\u00f3n de Alemania fue una correcci\u00f3n excesiva por la que Europa ahora est\u00e1 pagando un alto precio. Un compromiso similar y muy teatral con el pacifismo japon\u00e9s, si se mantiene, tambi\u00e9n amenazar\u00e1 con cambiar el equilibrio de poder en Asia.<\/li>\n<li><strong>Deber\u00edamos aplaudir a aquellos que intentan construir donde el mercado no ha actuado.<\/strong>\u00a0La cultura casi se burla del inter\u00e9s de Musk por la gran narrativa, como si los multimillonarios simplemente debieran quedarse en su carril de enriquecerse . . . . Cualquier curiosidad o inter\u00e9s genuino en el valor de lo que ha creado es esencialmente descartado, o quiz\u00e1s acecha desde debajo de un desprecio apenas velado.<\/li>\n<li><strong>Silicon Valley debe desempe\u00f1ar un papel en la lucha contra la delincuencia violenta.<\/strong>\u00a0Muchos pol\u00edticos de todo Estados Unidos esencialmente se han encogido de hombros cuando se trata de la delincuencia violenta, abandonando cualquier esfuerzo serio para abordar el problema o asumir cualquier riesgo con sus electores o donantes para encontrar soluciones y experimentos en lo que deber\u00eda ser una apuesta desesperada por salvar vidas.<\/li>\n<li><strong>La despiadada exposici\u00f3n de la vida privada de las figuras p\u00fablicas aleja demasiado talento del servicio gubernamental.<\/strong>\u00a0La arena p\u00fablica \u2014y los ataques superficiales y mezquinos contra aquellos que se atreven a hacer algo m\u00e1s que enriquecerse\u2014 se ha vuelto tan implacable que la rep\u00fablica se queda con una lista significativa de recipientes ineficaces y vac\u00edos cuya ambici\u00f3n uno perdonar\u00eda si hubiera alguna estructura de creencias genuina al acecho en su interior.<\/li>\n<li><strong>La cautela en la vida p\u00fablica que fomentamos sin darnos cuenta es corrosiva.<\/strong>\u00a0Los que no dicen nada malo a menudo no dicen mucho en absoluto.<\/li>\n<li><strong>La intolerancia generalizada de las creencias religiosas en ciertos c\u00edrculos debe ser resistida.<\/strong>\u00a0La intolerancia de la \u00e9lite hacia las creencias religiosas es quiz\u00e1s uno de los signos m\u00e1s reveladores de que su proyecto pol\u00edtico constituye un movimiento intelectual menos abierto de lo que muchos dentro de \u00e9l afirman.<\/li>\n<li><strong>Algunas culturas han producido avances vitales; otras siguen siendo disfuncionales y regresivas.<\/strong>\u00a0Todas las culturas son ahora iguales. La cr\u00edtica y los juicios de valor est\u00e1n prohibidos. Sin embargo, este nuevo dogma pasa por alto el hecho de que ciertas culturas y, de hecho, subculturas . . . han producido maravillas. Otras han demostrado ser mediocres y, lo que es peor, regresivas y perjudiciales.<\/li>\n<li><strong>Debemos resistir la tentaci\u00f3n superficial de un pluralismo vac\u00edo y hueco.<\/strong>\u00a0Nosotros, en Estados Unidos y, en t\u00e9rminos m\u00e1s amplios, Occidente, hemos resistido durante el \u00faltimo medio siglo la definici\u00f3n de culturas nacionales en nombre de la inclusi\u00f3n. \u00bfPero la inclusi\u00f3n en qu\u00e9?<\/li>\n<\/ol>\n<p>Extractos del #1 en la lista de los m\u00e1s vendidos del New York Times La Rep\u00fablica Tecnol\u00f3gica: Poder duro, creencia blanda y el futuro de Occidente, de Alexander C. Karp y Nicholas W. Zamiska.<\/p>\n<h2>UN MUNDO DE ESCLAVOS CUYAS VIDAS Y MUERTES ESTAR\u00c1N AL SERVICIO ABSOLUTO DE LAS \u00c9LITES<\/h2>\n<p>Como hemos podido leer, el documento presentado por la multinacional aboga por el fin de las restricciones militares impuestas tras la Segunda Guerra Mundial, afirmando que \u00abla neutralizaci\u00f3n de posguerra de Alemania y Jap\u00f3n debe deshacerse\u00bb. Seg\u00fan los autores de Palantir, el desarme de Alemania fue una \u00absobre-correcci\u00f3n\u00bb y el \u00abpacifismo\u00bb japon\u00e9s constituir\u00eda una \u00abamenaza\u00bb para el \u00abequilibrio de poder en Asia\u00bb en el escenario de la actual disputa geopol\u00edtica con China. Esta postura se alinea con la necesidad de expansi\u00f3n de los monopolios tecnol\u00f3gicos hacia nuevos mercados militares, proponiendo que la capacidad de las sociedades para prevalecer requiere \u00abpoder duro\u00bb y que, en este siglo, dicho poder \u00abse construir\u00e1 sobre software\u00bb.<\/p>\n<h3 id=\"servicio-militar-obligatorio-universal\">Servicio militar obligatorio universal<\/h3>\n<p>En el \u00e1mbito laboral y social, Karp y Zamiska proponen recuperar el \u00abservicio nacional\u00bb como un \u00abdeber universal\u00bb, sugiriendo el fin de las fuerzas militares totalmente voluntarias para que la sociedad comparta el \u00abriesgo y el costo\u00bb de las futuras guerras. Asimismo, el manifiesto carga contra la gesti\u00f3n p\u00fablica actual, comparando la compensaci\u00f3n de los funcionarios con la de las empresas privadas para se\u00f1alar que el Gobierno federal \u00abluchar\u00eda por sobrevivir\u00bb bajo criterios de eficiencia empresarial. Seg\u00fan los autores, la nueva era de disuasi\u00f3n ya no ser\u00e1 at\u00f3mica, sino que estar\u00e1 basada en el desarrollo acelerado de \u00abarmas de IA\u00bb, un campo donde aseguran que los adversarios de Estados Unidos no se detendr\u00e1n en \u00abdebates teatrales\u00bb sobre \u00e9tica o seguridad.<\/p>\n<h3 id=\"supremacismo-cultural-occidental\">Supremacismo cultural occidental<\/h3>\n<p>La ret\u00f3rica de Palantir tambi\u00e9n arremete contra el pluralismo y la neutralidad cultural, afirmando que \u00abciertas culturas han producido avances vitales\u00bb mientras otras permanecen \u00abdisfuncionales y regresivas\u00bb. Los directivos de la compa\u00f1\u00eda instan a \u00abresistir la tentaci\u00f3n superficial de un pluralismo vac\u00edo\u00bb, vinculando el \u00e9xito tecnol\u00f3gico y econ\u00f3mico con la capacidad de las potencias imperialistas para definir lo que ellos entienden como una \u00abidentidad fuerte\u00bb frente a la \u00abinclusividad\u00bb global. Al defender la figura de grandes capitalistas como Elon Musk, la empresa proveedora de an\u00e1lisis de datos reivindica el desarrollo de \u00abnarrativas grandiosas\u00bb y la implicaci\u00f3n en la \u00abseguridad nacional\u00bb ser\u00edan \u00abesenciales\u00bb para evitar lo que consideran la \u00abdecadencia de la cultura occidental\u00bb.<\/p>\n<h3 id=\"control-social-y-represi%C3%B3n\">Control social y represi\u00f3n<\/h3>\n<p>Finalmente, el texto vincula la seguridad nacional con la represi\u00f3n interna del \u00abcrimen violento\u00bb, criticando a los pol\u00edticos que \u00abse encogen de hombros\u00bb ante este problema y pidiendo que el sector tecnol\u00f3gico juegue un rol activo en la vigilancia y el control social de las poblaciones. Palantir advierte que la hegemon\u00eda de Estados Unidos, que a su juicio ha permitido un siglo de \u00abpaz extraordinaria\u00bb, depende ahora de que la industria del software renueve su compromiso con las aplicaciones cr\u00edticas militares. Este proyecto pol\u00edtico, que los autores definen como la \u00abRep\u00fablica Tecnol\u00f3gica\u00bb, busca consolidar la transferencia de recursos p\u00fablicos hacia el desarrollo de tecnolog\u00eda de guerra, priorizando la acumulaci\u00f3n de capital a trav\u00e9s del control algor\u00edtmico, la destrucci\u00f3n en conflictos internacionales y el establecimiento de una distop\u00eda de hipervigilancia altamenta tecnologizada v\u00eda control algor\u00edtmico en el interior de las potencias imperialistas.<\/p>\n<figure class=\"kg-card kg-embed-card\">\n<div class=\"twitter-tweet twitter-tweet-rendered\"><iframe id=\"twitter-widget-0\" class=\"\" title=\"X Post\" src=\"https:\/\/platform.twitter.com\/embed\/Tweet.html?dnt=false&amp;embedId=twitter-widget-0&amp;features=eyJ0ZndfdGltZWxpbmVfbGlzdCI6eyJidWNrZXQiOltdLCJ2ZXJzaW9uIjpudWxsfSwidGZ3X2ZvbGxvd2VyX2NvdW50X3N1bnNldCI6eyJidWNrZXQiOnRydWUsInZlcnNpb24iOm51bGx9LCJ0ZndfdHdlZXRfZWRpdF9iYWNrZW5kIjp7ImJ1Y2tldCI6Im9uIiwidmVyc2lvbiI6bnVsbH0sInRmd19yZWZzcmNfc2Vzc2lvbiI6eyJidWNrZXQiOiJvbiIsInZlcnNpb24iOm51bGx9LCJ0ZndfZm9zbnJfc29mdF9pbnRlcnZlbnRpb25zX2VuYWJsZWQiOnsiYnVja2V0Ijoib24iLCJ2ZXJzaW9uIjpudWxsfSwidGZ3X21peGVkX21lZGlhXzE1ODk3Ijp7ImJ1Y2tldCI6InRyZWF0bWVudCIsInZlcnNpb24iOm51bGx9LCJ0ZndfZXhwZXJpbWVudHNfY29va2llX2V4cGlyYXRpb24iOnsiYnVja2V0IjoxMjA5NjAwLCJ2ZXJzaW9uIjpudWxsfSwidGZ3X3Nob3dfYmlyZHdhdGNoX3Bpdm90c19lbmFibGVkIjp7ImJ1Y2tldCI6Im9uIiwidmVyc2lvbiI6bnVsbH0sInRmd19kdXBsaWNhdGVfc2NyaWJlc190b19zZXR0aW5ncyI6eyJidWNrZXQiOiJvbiIsInZlcnNpb24iOm51bGx9LCJ0ZndfdXNlX3Byb2ZpbGVfaW1hZ2Vfc2hhcGVfZW5hYmxlZCI6eyJidWNrZXQiOiJvbiIsInZlcnNpb24iOm51bGx9LCJ0ZndfdmlkZW9faGxzX2R5bmFtaWNfbWFuaWZlc3RzXzE1MDgyIjp7ImJ1Y2tldCI6InRydWVfYml0cmF0ZSIsInZlcnNpb24iOm51bGx9LCJ0ZndfbGVnYWN5X3RpbWVsaW5lX3N1bnNldCI6eyJidWNrZXQiOnRydWUsInZlcnNpb24iOm51bGx9LCJ0ZndfdHdlZXRfZWRpdF9mcm9udGVuZCI6eyJidWNrZXQiOiJvbiIsInZlcnNpb24iOm51bGx9fQ%3D%3D&amp;frame=false&amp;hideCard=false&amp;hideThread=false&amp;id=2045574398573453312&amp;lang=es&amp;origin=https%3A%2F%2Fdiariosocialista.net%2F2026%2F04%2F20%2Fla-republica-tecnologica-de-palantir-militarizacion-total-del-software-y-rearme-de-alemania-y-japon%2F&amp;sessionId=b3fa94cf4d081dbe46361e661bae77c4b42c64e2&amp;siteScreenName=DSocialista_&amp;theme=light&amp;widgetsVersion=2615f7e52b7e0%3A1702314776716&amp;width=550px\" frameborder=\"0\" scrolling=\"no\" allowfullscreen=\"allowfullscreen\" data-tweet-id=\"2045574398573453312\" data-mce-fragment=\"1\"><\/iframe><\/div>\n<\/figure>\n<h3 id=\"conexi%C3%B3n-epstein\">Conexi\u00f3n Epstein<\/h3>\n<p>Las conexiones entre Palantir y el multimillonario pederasta Jeffrey Epstein se centran en el cofundador Peter Thiel. Archivos judiciales del Departamento de Justicia de EEUU y reportes de\u00a0<em>The New York Times\u00a0<\/em>revelan que Thiel y Epstein mantuvieron correspondencia y reuniones entre 2014 y 2017. Epstein invirti\u00f3 unos 40 millones de d\u00f3lares en 2015-2016 en fondos de Valar Ventures, cofundado por Thiel, una posici\u00f3n que ha multiplicado su precio en bolsa. Thiel asesor\u00f3 a Epstein sobre posibles inversiones en Palantir y Epstein facilit\u00f3 contactos, como con Ehud Barak, mencionando la compa\u00f1\u00eda en grabaciones in\u00e9ditas. Palantir ha declarado \u00abno tener conocimiento de ninguna inversi\u00f3n directa de Epstein\u00bb en la empresa ni v\u00ednculos corporativos. Por el momento, no hay evidencia p\u00fablica de que el CEO Alexander Karp mantuviera relaciones personales o financieras con Epstein, pero las menciones han generado debate sobre posibles conflictos en contratos gubernamentales de Palantir, aunque la documentaci\u00f3n revelada no implica de momento a la compa\u00f1\u00eda como entidad.<\/p>\n<h3 id=\"el-genocidio-en-gaza-e-ice\">El genocidio en Gaza e ICE<\/h3>\n<p>Palantir tambi\u00e9n mantiene contratos significativos tanto con el ICE (Immigration and Customs Enforcement) de Estados Unidos como con el Ministerio de Defensa de Israel en el genocidio en Gaza. Desde 2011, la compa\u00f1\u00eda proporciona a ICE plataformas como el Investigative Case Management (ICM) y, en 2025, firm\u00f3 un contrato de 30 millones de d\u00f3lares para desarrollar ImmigrationOS, un sistema de vigilancia que ofrece visibilidad en tiempo casi real sobre personas migrantes, prioriza deportaciones (incluyendo prolongaciones de visas y perfiles de \u201ccriminales violentos\u201d), rastrea auto-deportaciones y genera perfiles detallados mediante herramientas como ELITE, que integra datos de diversas fuentes gubernamentales.<\/p>\n<p>En paralelo, en enero de 2024 Palantir anunci\u00f3 una \u201casociaci\u00f3n estrat\u00e9gica\u201d con el Ministerio de Defensa israel\u00ed para misiones relacionadas con la \u201cguerra\u201d , suministrando plataformas de an\u00e1lisis de datos e IA (como Gotham) que, seg\u00fan informes y una evaluaci\u00f3n de la relatora especial de la ONU Francesca Albanese, han sido utilizadas para marcar objetivos y vigilar a la poblaci\u00f3n palestina en Gaza. Adem\u00f1as, la empresa ha expresado p\u00fablicamente su apoyo a Israel y ha mantenido presencia operativa en centros de coordinaci\u00f3n militar en la regi\u00f3n. Palantir ha negado implicaci\u00f3n directa en sistemas espec\u00edficos como Lavender o Gospel, pero sus contratos con ambos gobiernos durante actuaciones que han atentado directamente contra la vida y la libertad de millones de personas han levantado cr\u00edticas y protestas por el rol de su tecnolog\u00eda en operaciones de control migratorio y militar con ambiciones dist\u00f3picas que no parecen tener l\u00edmites.<\/p>\n<\/div>\n<div class=\"post-footer\">\n<div class=\"post-footer-widget\">\n<div class=\"post-footer-widget-header\"><\/div>\n<\/div>\n<\/div>\n<\/div>\n<\/div>","protected":false},"excerpt":{"rendered":"<p>LOS PLANES PSIC\u00d3PATAS DE \u00abPALANTIR\u00bb PARA LA HUMANIDAD La \u2018Rep\u00fablica Tecnol\u00f3gica\u2019 de Palantir: Servicio militar obligatorio universal, supremacismo cultural occidental y control social y represi\u00f3n El manifiesto de la multinacional de vigilancia pide la fusi\u00f3n entre las \u2018Big Tech\u2019 y el Pent\u00e1gono para una oleada de militarizaci\u00f3n global con inteligencia artificial. Imagen de archivo de [&hellip;]<\/p>","protected":false},"author":13,"featured_media":4757,"comment_status":"open","ping_status":"open","sticky":false,"template":"","format":"standard","meta":{"footnotes":""},"categories":[35,2],"tags":[],"class_list":{"0":"post-4756","1":"post","2":"type-post","3":"status-publish","4":"format-standard","5":"has-post-thumbnail","7":"category-internacional","8":"category-humanidad"},"yoast_head":"<!-- This site is optimized with the Yoast SEO plugin v26.2 - https:\/\/yoast.com\/wordpress\/plugins\/seo\/ -->\n<title>LOS PLANES PSIC\u00d3PATAS DE &quot;PALANTIR&quot; PARA LA HUMANIDAD - Tiempo de Tormentas<\/title>\n<meta name=\"robots\" content=\"index, follow, max-snippet:-1, max-image-preview:large, max-video-preview:-1\" \/>\n<link rel=\"canonical\" href=\"https:\/\/tiempodetormentas.com\/en\/humanidad\/los-planes-psicopatas-de-palantir-para-la-humanidad\/\" \/>\n<meta property=\"og:locale\" content=\"en_GB\" \/>\n<meta property=\"og:type\" content=\"article\" \/>\n<meta property=\"og:title\" content=\"LOS PLANES PSIC\u00d3PATAS DE &quot;PALANTIR&quot; PARA LA HUMANIDAD - Tiempo de Tormentas\" \/>\n<meta property=\"og:description\" content=\"LOS PLANES PSIC\u00d3PATAS DE \u00abPALANTIR\u00bb PARA LA HUMANIDAD La \u2018Rep\u00fablica Tecnol\u00f3gica\u2019 de Palantir: Servicio militar obligatorio universal, supremacismo cultural occidental y control social y represi\u00f3n El manifiesto de la multinacional de vigilancia pide la fusi\u00f3n entre las \u2018Big Tech\u2019 y el Pent\u00e1gono para una oleada de militarizaci\u00f3n global con inteligencia artificial. Imagen de archivo de [&hellip;]\" \/>\n<meta property=\"og:url\" content=\"https:\/\/tiempodetormentas.com\/en\/humanidad\/los-planes-psicopatas-de-palantir-para-la-humanidad\/\" \/>\n<meta property=\"og:site_name\" content=\"Tiempo de Tormentas\" \/>\n<meta property=\"article:published_time\" content=\"2026-04-29T12:14:36+00:00\" \/>\n<meta property=\"og:image\" content=\"https:\/\/tiempodetormentas.com\/wp-content\/uploads\/2026\/04\/PALANTIR.jpeg\" \/>\n\t<meta property=\"og:image:width\" content=\"686\" \/>\n\t<meta property=\"og:image:height\" content=\"386\" \/>\n\t<meta property=\"og:image:type\" content=\"image\/jpeg\" \/>\n<meta name=\"author\" content=\"Tiempo de Tormentas\" \/>\n<meta name=\"twitter:card\" content=\"summary_large_image\" \/>\n<meta name=\"twitter:label1\" content=\"Written by\" \/>\n\t<meta name=\"twitter:data1\" content=\"Tiempo de Tormentas\" \/>\n\t<meta name=\"twitter:label2\" content=\"Estimated reading time\" \/>\n\t<meta name=\"twitter:data2\" content=\"11 minutes\" \/>\n<script type=\"application\/ld+json\" class=\"yoast-schema-graph\">{\"@context\":\"https:\/\/schema.org\",\"@graph\":[{\"@type\":\"Article\",\"@id\":\"https:\/\/tiempodetormentas.com\/humanidad\/los-planes-psicopatas-de-palantir-para-la-humanidad\/#article\",\"isPartOf\":{\"@id\":\"https:\/\/tiempodetormentas.com\/humanidad\/los-planes-psicopatas-de-palantir-para-la-humanidad\/\"},\"author\":{\"name\":\"Tiempo de Tormentas\",\"@id\":\"https:\/\/tiempodetormentas.com\/#\/schema\/person\/9a9e95f6209f068f15d4e1c74cc3718e\"},\"headline\":\"LOS PLANES PSIC\u00d3PATAS DE \u00abPALANTIR\u00bb PARA LA HUMANIDAD\",\"datePublished\":\"2026-04-29T12:14:36+00:00\",\"mainEntityOfPage\":{\"@id\":\"https:\/\/tiempodetormentas.com\/humanidad\/los-planes-psicopatas-de-palantir-para-la-humanidad\/\"},\"wordCount\":2419,\"commentCount\":0,\"publisher\":{\"@id\":\"https:\/\/tiempodetormentas.com\/#organization\"},\"image\":{\"@id\":\"https:\/\/tiempodetormentas.com\/humanidad\/los-planes-psicopatas-de-palantir-para-la-humanidad\/#primaryimage\"},\"thumbnailUrl\":\"https:\/\/tiempodetormentas.com\/wp-content\/uploads\/2026\/04\/PALANTIR.jpeg\",\"articleSection\":[\"Internacional\",\"La Humanidad\"],\"inLanguage\":\"en-GB\",\"potentialAction\":[{\"@type\":\"CommentAction\",\"name\":\"Comment\",\"target\":[\"https:\/\/tiempodetormentas.com\/humanidad\/los-planes-psicopatas-de-palantir-para-la-humanidad\/#respond\"]}]},{\"@type\":\"WebPage\",\"@id\":\"https:\/\/tiempodetormentas.com\/humanidad\/los-planes-psicopatas-de-palantir-para-la-humanidad\/\",\"url\":\"https:\/\/tiempodetormentas.com\/humanidad\/los-planes-psicopatas-de-palantir-para-la-humanidad\/\",\"name\":\"LOS PLANES PSIC\u00d3PATAS DE \\\"PALANTIR\\\" PARA LA HUMANIDAD - Tiempo de Tormentas\",\"isPartOf\":{\"@id\":\"https:\/\/tiempodetormentas.com\/#website\"},\"primaryImageOfPage\":{\"@id\":\"https:\/\/tiempodetormentas.com\/humanidad\/los-planes-psicopatas-de-palantir-para-la-humanidad\/#primaryimage\"},\"image\":{\"@id\":\"https:\/\/tiempodetormentas.com\/humanidad\/los-planes-psicopatas-de-palantir-para-la-humanidad\/#primaryimage\"},\"thumbnailUrl\":\"https:\/\/tiempodetormentas.com\/wp-content\/uploads\/2026\/04\/PALANTIR.jpeg\",\"datePublished\":\"2026-04-29T12:14:36+00:00\",\"breadcrumb\":{\"@id\":\"https:\/\/tiempodetormentas.com\/humanidad\/los-planes-psicopatas-de-palantir-para-la-humanidad\/#breadcrumb\"},\"inLanguage\":\"en-GB\",\"potentialAction\":[{\"@type\":\"ReadAction\",\"target\":[\"https:\/\/tiempodetormentas.com\/humanidad\/los-planes-psicopatas-de-palantir-para-la-humanidad\/\"]}]},{\"@type\":\"ImageObject\",\"inLanguage\":\"en-GB\",\"@id\":\"https:\/\/tiempodetormentas.com\/humanidad\/los-planes-psicopatas-de-palantir-para-la-humanidad\/#primaryimage\",\"url\":\"https:\/\/tiempodetormentas.com\/wp-content\/uploads\/2026\/04\/PALANTIR.jpeg\",\"contentUrl\":\"https:\/\/tiempodetormentas.com\/wp-content\/uploads\/2026\/04\/PALANTIR.jpeg\",\"width\":686,\"height\":386},{\"@type\":\"BreadcrumbList\",\"@id\":\"https:\/\/tiempodetormentas.com\/humanidad\/los-planes-psicopatas-de-palantir-para-la-humanidad\/#breadcrumb\",\"itemListElement\":[{\"@type\":\"ListItem\",\"position\":1,\"name\":\"Portada\",\"item\":\"https:\/\/tiempodetormentas.com\/\"},{\"@type\":\"ListItem\",\"position\":2,\"name\":\"LOS PLANES PSIC\u00d3PATAS DE \u00abPALANTIR\u00bb PARA LA HUMANIDAD\"}]},{\"@type\":\"WebSite\",\"@id\":\"https:\/\/tiempodetormentas.com\/#website\",\"url\":\"https:\/\/tiempodetormentas.com\/\",\"name\":\"Tiempo de Tormentas\",\"description\":\"Edita el club de la bruma\",\"publisher\":{\"@id\":\"https:\/\/tiempodetormentas.com\/#organization\"},\"potentialAction\":[{\"@type\":\"SearchAction\",\"target\":{\"@type\":\"EntryPoint\",\"urlTemplate\":\"https:\/\/tiempodetormentas.com\/?s={search_term_string}\"},\"query-input\":{\"@type\":\"PropertyValueSpecification\",\"valueRequired\":true,\"valueName\":\"search_term_string\"}}],\"inLanguage\":\"en-GB\"},{\"@type\":\"Organization\",\"@id\":\"https:\/\/tiempodetormentas.com\/#organization\",\"name\":\"Tiempo de Tormentas\",\"url\":\"https:\/\/tiempodetormentas.com\/\",\"logo\":{\"@type\":\"ImageObject\",\"inLanguage\":\"en-GB\",\"@id\":\"https:\/\/tiempodetormentas.com\/#\/schema\/logo\/image\/\",\"url\":\"https:\/\/tiempodetormentas.com\/wp-content\/uploads\/2022\/01\/tiempo-de-tormentas.png\",\"contentUrl\":\"https:\/\/tiempodetormentas.com\/wp-content\/uploads\/2022\/01\/tiempo-de-tormentas.png\",\"width\":448,\"height\":121,\"caption\":\"Tiempo de Tormentas\"},\"image\":{\"@id\":\"https:\/\/tiempodetormentas.com\/#\/schema\/logo\/image\/\"}},{\"@type\":\"Person\",\"@id\":\"https:\/\/tiempodetormentas.com\/#\/schema\/person\/9a9e95f6209f068f15d4e1c74cc3718e\",\"name\":\"Tiempo de Tormentas\",\"image\":{\"@type\":\"ImageObject\",\"inLanguage\":\"en-GB\",\"@id\":\"https:\/\/tiempodetormentas.com\/#\/schema\/person\/image\/\",\"url\":\"https:\/\/secure.gravatar.com\/avatar\/1b3c03cb36f6ab2f16882ddfcb878f0ebda1187829a7882b31ff8c8cfc477e50?s=96&d=mm&r=g\",\"contentUrl\":\"https:\/\/secure.gravatar.com\/avatar\/1b3c03cb36f6ab2f16882ddfcb878f0ebda1187829a7882b31ff8c8cfc477e50?s=96&d=mm&r=g\",\"caption\":\"Tiempo de Tormentas\"},\"url\":\"https:\/\/tiempodetormentas.com\/en\/author\/tiempo-de-tormentas\/\"}]}<\/script>\n<!-- \/ Yoast SEO plugin. -->","yoast_head_json":{"title":"LOS PLANES PSIC\u00d3PATAS DE \"PALANTIR\" PARA LA HUMANIDAD - Tiempo de Tormentas","robots":{"index":"index","follow":"follow","max-snippet":"max-snippet:-1","max-image-preview":"max-image-preview:large","max-video-preview":"max-video-preview:-1"},"canonical":"https:\/\/tiempodetormentas.com\/en\/humanidad\/los-planes-psicopatas-de-palantir-para-la-humanidad\/","og_locale":"en_GB","og_type":"article","og_title":"LOS PLANES PSIC\u00d3PATAS DE \"PALANTIR\" PARA LA HUMANIDAD - Tiempo de Tormentas","og_description":"LOS PLANES PSIC\u00d3PATAS DE \u00abPALANTIR\u00bb PARA LA HUMANIDAD La \u2018Rep\u00fablica Tecnol\u00f3gica\u2019 de Palantir: Servicio militar obligatorio universal, supremacismo cultural occidental y control social y represi\u00f3n El manifiesto de la multinacional de vigilancia pide la fusi\u00f3n entre las \u2018Big Tech\u2019 y el Pent\u00e1gono para una oleada de militarizaci\u00f3n global con inteligencia artificial. Imagen de archivo de [&hellip;]","og_url":"https:\/\/tiempodetormentas.com\/en\/humanidad\/los-planes-psicopatas-de-palantir-para-la-humanidad\/","og_site_name":"Tiempo de Tormentas","article_published_time":"2026-04-29T12:14:36+00:00","og_image":[{"width":686,"height":386,"url":"https:\/\/tiempodetormentas.com\/wp-content\/uploads\/2026\/04\/PALANTIR.jpeg","type":"image\/jpeg"}],"author":"Tiempo de Tormentas","twitter_card":"summary_large_image","twitter_misc":{"Written by":"Tiempo de Tormentas","Estimated reading time":"11 minutes"},"schema":{"@context":"https:\/\/schema.org","@graph":[{"@type":"Article","@id":"https:\/\/tiempodetormentas.com\/humanidad\/los-planes-psicopatas-de-palantir-para-la-humanidad\/#article","isPartOf":{"@id":"https:\/\/tiempodetormentas.com\/humanidad\/los-planes-psicopatas-de-palantir-para-la-humanidad\/"},"author":{"name":"Tiempo de Tormentas","@id":"https:\/\/tiempodetormentas.com\/#\/schema\/person\/9a9e95f6209f068f15d4e1c74cc3718e"},"headline":"LOS PLANES PSIC\u00d3PATAS DE \u00abPALANTIR\u00bb PARA LA HUMANIDAD","datePublished":"2026-04-29T12:14:36+00:00","mainEntityOfPage":{"@id":"https:\/\/tiempodetormentas.com\/humanidad\/los-planes-psicopatas-de-palantir-para-la-humanidad\/"},"wordCount":2419,"commentCount":0,"publisher":{"@id":"https:\/\/tiempodetormentas.com\/#organization"},"image":{"@id":"https:\/\/tiempodetormentas.com\/humanidad\/los-planes-psicopatas-de-palantir-para-la-humanidad\/#primaryimage"},"thumbnailUrl":"https:\/\/tiempodetormentas.com\/wp-content\/uploads\/2026\/04\/PALANTIR.jpeg","articleSection":["Internacional","La Humanidad"],"inLanguage":"en-GB","potentialAction":[{"@type":"CommentAction","name":"Comment","target":["https:\/\/tiempodetormentas.com\/humanidad\/los-planes-psicopatas-de-palantir-para-la-humanidad\/#respond"]}]},{"@type":"WebPage","@id":"https:\/\/tiempodetormentas.com\/humanidad\/los-planes-psicopatas-de-palantir-para-la-humanidad\/","url":"https:\/\/tiempodetormentas.com\/humanidad\/los-planes-psicopatas-de-palantir-para-la-humanidad\/","name":"LOS PLANES PSIC\u00d3PATAS DE \"PALANTIR\" PARA LA HUMANIDAD - Tiempo de Tormentas","isPartOf":{"@id":"https:\/\/tiempodetormentas.com\/#website"},"primaryImageOfPage":{"@id":"https:\/\/tiempodetormentas.com\/humanidad\/los-planes-psicopatas-de-palantir-para-la-humanidad\/#primaryimage"},"image":{"@id":"https:\/\/tiempodetormentas.com\/humanidad\/los-planes-psicopatas-de-palantir-para-la-humanidad\/#primaryimage"},"thumbnailUrl":"https:\/\/tiempodetormentas.com\/wp-content\/uploads\/2026\/04\/PALANTIR.jpeg","datePublished":"2026-04-29T12:14:36+00:00","breadcrumb":{"@id":"https:\/\/tiempodetormentas.com\/humanidad\/los-planes-psicopatas-de-palantir-para-la-humanidad\/#breadcrumb"},"inLanguage":"en-GB","potentialAction":[{"@type":"ReadAction","target":["https:\/\/tiempodetormentas.com\/humanidad\/los-planes-psicopatas-de-palantir-para-la-humanidad\/"]}]},{"@type":"ImageObject","inLanguage":"en-GB","@id":"https:\/\/tiempodetormentas.com\/humanidad\/los-planes-psicopatas-de-palantir-para-la-humanidad\/#primaryimage","url":"https:\/\/tiempodetormentas.com\/wp-content\/uploads\/2026\/04\/PALANTIR.jpeg","contentUrl":"https:\/\/tiempodetormentas.com\/wp-content\/uploads\/2026\/04\/PALANTIR.jpeg","width":686,"height":386},{"@type":"BreadcrumbList","@id":"https:\/\/tiempodetormentas.com\/humanidad\/los-planes-psicopatas-de-palantir-para-la-humanidad\/#breadcrumb","itemListElement":[{"@type":"ListItem","position":1,"name":"Portada","item":"https:\/\/tiempodetormentas.com\/"},{"@type":"ListItem","position":2,"name":"LOS PLANES PSIC\u00d3PATAS DE \u00abPALANTIR\u00bb PARA LA HUMANIDAD"}]},{"@type":"WebSite","@id":"https:\/\/tiempodetormentas.com\/#website","url":"https:\/\/tiempodetormentas.com\/","name":"Tiempo de Tormentas","description":"Edita el club de la bruma","publisher":{"@id":"https:\/\/tiempodetormentas.com\/#organization"},"potentialAction":[{"@type":"SearchAction","target":{"@type":"EntryPoint","urlTemplate":"https:\/\/tiempodetormentas.com\/?s={search_term_string}"},"query-input":{"@type":"PropertyValueSpecification","valueRequired":true,"valueName":"search_term_string"}}],"inLanguage":"en-GB"},{"@type":"Organization","@id":"https:\/\/tiempodetormentas.com\/#organization","name":"Tiempo de Tormentas","url":"https:\/\/tiempodetormentas.com\/","logo":{"@type":"ImageObject","inLanguage":"en-GB","@id":"https:\/\/tiempodetormentas.com\/#\/schema\/logo\/image\/","url":"https:\/\/tiempodetormentas.com\/wp-content\/uploads\/2022\/01\/tiempo-de-tormentas.png","contentUrl":"https:\/\/tiempodetormentas.com\/wp-content\/uploads\/2022\/01\/tiempo-de-tormentas.png","width":448,"height":121,"caption":"Tiempo de Tormentas"},"image":{"@id":"https:\/\/tiempodetormentas.com\/#\/schema\/logo\/image\/"}},{"@type":"Person","@id":"https:\/\/tiempodetormentas.com\/#\/schema\/person\/9a9e95f6209f068f15d4e1c74cc3718e","name":"Tiempo de Tormentas","image":{"@type":"ImageObject","inLanguage":"en-GB","@id":"https:\/\/tiempodetormentas.com\/#\/schema\/person\/image\/","url":"https:\/\/secure.gravatar.com\/avatar\/1b3c03cb36f6ab2f16882ddfcb878f0ebda1187829a7882b31ff8c8cfc477e50?s=96&d=mm&r=g","contentUrl":"https:\/\/secure.gravatar.com\/avatar\/1b3c03cb36f6ab2f16882ddfcb878f0ebda1187829a7882b31ff8c8cfc477e50?s=96&d=mm&r=g","caption":"Tiempo de Tormentas"},"url":"https:\/\/tiempodetormentas.com\/en\/author\/tiempo-de-tormentas\/"}]}},"_links":{"self":[{"href":"https:\/\/tiempodetormentas.com\/en\/wp-json\/wp\/v2\/posts\/4756","targetHints":{"allow":["GET"]}}],"collection":[{"href":"https:\/\/tiempodetormentas.com\/en\/wp-json\/wp\/v2\/posts"}],"about":[{"href":"https:\/\/tiempodetormentas.com\/en\/wp-json\/wp\/v2\/types\/post"}],"author":[{"embeddable":true,"href":"https:\/\/tiempodetormentas.com\/en\/wp-json\/wp\/v2\/users\/13"}],"replies":[{"embeddable":true,"href":"https:\/\/tiempodetormentas.com\/en\/wp-json\/wp\/v2\/comments?post=4756"}],"version-history":[{"count":1,"href":"https:\/\/tiempodetormentas.com\/en\/wp-json\/wp\/v2\/posts\/4756\/revisions"}],"predecessor-version":[{"id":4758,"href":"https:\/\/tiempodetormentas.com\/en\/wp-json\/wp\/v2\/posts\/4756\/revisions\/4758"}],"wp:featuredmedia":[{"embeddable":true,"href":"https:\/\/tiempodetormentas.com\/en\/wp-json\/wp\/v2\/media\/4757"}],"wp:attachment":[{"href":"https:\/\/tiempodetormentas.com\/en\/wp-json\/wp\/v2\/media?parent=4756"}],"wp:term":[{"taxonomy":"category","embeddable":true,"href":"https:\/\/tiempodetormentas.com\/en\/wp-json\/wp\/v2\/categories?post=4756"},{"taxonomy":"post_tag","embeddable":true,"href":"https:\/\/tiempodetormentas.com\/en\/wp-json\/wp\/v2\/tags?post=4756"}],"curies":[{"name":"wp","href":"https:\/\/api.w.org\/{rel}","templated":true}]}}