{"id":456,"date":"2022-02-25T23:01:13","date_gmt":"2022-02-25T23:01:13","guid":{"rendered":"https:\/\/tiempodetormentas.com\/?p=456"},"modified":"2023-12-13T22:09:33","modified_gmt":"2023-12-13T22:09:33","slug":"jonas-salk-el-autor-de-la-vacuna-contra-la-polio-que-no-quiso-patentarla","status":"publish","type":"post","link":"https:\/\/tiempodetormentas.com\/en\/ciencias\/jonas-salk-el-autor-de-la-vacuna-contra-la-polio-que-no-quiso-patentarla\/","title":{"rendered":"Jonas Salk: el autor de la vacuna contra la polio que no quiso patentarla"},"content":{"rendered":"<p><strong>\u201cNO SE PUEDE PATENTAR EL SOL, ESTA ES UNA VACUNA PARA LA GENTE\u201d.<\/strong><\/p>\n<p>Jonas Salk (1914-1955), autor de la vacuna contra la polio.<\/p>\n<p>Nacido en New York y proveniente de familias inmigrantes ruso-jud\u00edas de origen humilde. Destac\u00f3 por su destreza acad\u00e9mica en la Universidad de New York y decidi\u00f3 dedicarse a las investigaciones m\u00e9dicas en lugar de convertirse en m\u00e9dico.<\/p>\n<p>Hasta que Salk en 1955, present\u00f3 la vacuna, la poliomielitis se consider\u00f3 el mayor problema de salud p\u00fablica en los EE UU. De los casi 58.000 casos reportados ese a\u00f1o, 3.145 fallecieron y 21. 269 quedaron afectados por la par\u00e1lisis siendo ni\u00f1os la mayor parte de las v\u00edctimas. El Hermano presidente Franklin D. Roosevelt fue la v\u00edctima m\u00e1s reconocida de esta enfermedad y lleg\u00f3 a formar una fundaci\u00f3n para conseguir la vacuna.<\/p>\n<h2>En 1947 el Dr. Salk acept\u00f3 un nombramiento en la Escuela de medicina de la Universidad de Pittsburg.<\/h2>\n<p>Al a\u00f1o siguiente emprendi\u00f3 un proyecto creado por la Fundaci\u00f3n Nacional para la Par\u00e1lisis Infantil para determinar el n\u00famero de tipos diferentes de virus de la Poliomielitis. Durante los siguientes siete a\u00f1os dedic\u00f3 sus esfuerzos en desarrollar una vacuna contra la polio. El comit\u00e9 seleccionado para probar la vacuna de Salk fue el m\u00e1s elaborado de su tipo en la historia ya que contaba con veinte mil m\u00e9dicos y agentes de la salud p\u00fablica, sesenta y cuatro mil acad\u00e9micos y veinte mil voluntarios. Nadie cobro nada por su trabajo y las vacunas fueron pagadas exclusivamente con el dinero del Doctor Jonas Salk.<br \/>\nEl 12 de abril de 1955, cuando se hizo p\u00fablico el \u00e9xito de la vacuna, Salk fue aclamado como un \u201ctrabajador milagroso\u201d y el d\u00eda se convirti\u00f3 casi en una fiesta nacional. Hab\u00eda llevado a cabo su tarea \u00fanicamente para desarrollar una vacuna segura<\/p>\n<p>Y efectiva lo m\u00e1s r\u00e1pido posible, sin interesarse en su beneficio personal. Cuando le preguntaron en una entrevista televisiva qui\u00e9n pose\u00eda la patente de la vacuna nuestro Hermano Salk respondi\u00f3: \u201cNo hay patente. \u00bfSe puede patentar el Sol? El Sol es para la gente, esta vacuna es para la gente\u201d.<\/p>","protected":false},"excerpt":{"rendered":"<p>\u201cNO SE PUEDE PATENTAR EL SOL, ESTA ES UNA VACUNA PARA LA GENTE\u201d. Jonas Salk (1914-1955), autor de la vacuna contra la polio. Nacido en New York y proveniente de familias inmigrantes ruso-jud\u00edas de origen humilde. Destac\u00f3 por su destreza acad\u00e9mica en la Universidad de New York y decidi\u00f3 dedicarse a las investigaciones m\u00e9dicas en [&hellip;]<\/p>","protected":false},"author":1,"featured_media":457,"comment_status":"open","ping_status":"open","sticky":false,"template":"","format":"standard","meta":{"footnotes":""},"categories":[7,38],"tags":[],"class_list":{"0":"post-456","1":"post","2":"type-post","3":"status-publish","4":"format-standard","5":"has-post-thumbnail","7":"category-ciencias","8":"category-salud"},"yoast_head":"<!-- This site is optimized with the Yoast SEO plugin v26.2 - https:\/\/yoast.com\/wordpress\/plugins\/seo\/ -->\n<title>Jonas Salk: el autor de la vacuna contra la polio que no quiso patentarla - Tiempo de Tormentas<\/title>\n<meta name=\"description\" content=\"Nacido en New York y proveniente de familias inmigrantes ruso-jud\u00edas de origen humilde. Destac\u00f3 por su destreza acad\u00e9mica en la Universidad de New York y decidi\u00f3 dedicarse a las investigaciones m\u00e9dicas en lugar de convertirse en m\u00e9dico.\" \/>\n<meta name=\"robots\" content=\"index, follow, max-snippet:-1, max-image-preview:large, max-video-preview:-1\" \/>\n<link rel=\"canonical\" href=\"https:\/\/tiempodetormentas.com\/en\/ciencias\/jonas-salk-el-autor-de-la-vacuna-contra-la-polio-que-no-quiso-patentarla\/\" \/>\n<meta property=\"og:locale\" content=\"en_GB\" \/>\n<meta property=\"og:type\" content=\"article\" \/>\n<meta property=\"og:title\" content=\"Jonas Salk: el autor de la vacuna contra la polio que no quiso patentarla - Tiempo de Tormentas\" \/>\n<meta property=\"og:description\" content=\"Nacido en New York y proveniente de familias inmigrantes ruso-jud\u00edas de origen humilde. Destac\u00f3 por su destreza acad\u00e9mica en la Universidad de New York y decidi\u00f3 dedicarse a las investigaciones m\u00e9dicas en lugar de convertirse en m\u00e9dico.\" \/>\n<meta property=\"og:url\" content=\"https:\/\/tiempodetormentas.com\/en\/ciencias\/jonas-salk-el-autor-de-la-vacuna-contra-la-polio-que-no-quiso-patentarla\/\" \/>\n<meta property=\"og:site_name\" content=\"Tiempo de Tormentas\" \/>\n<meta property=\"article:published_time\" content=\"2022-02-25T23:01:13+00:00\" \/>\n<meta property=\"article:modified_time\" content=\"2023-12-13T22:09:33+00:00\" \/>\n<meta property=\"og:image\" content=\"https:\/\/tiempodetormentas.com\/wp-content\/uploads\/2022\/02\/salk.jpg\" \/>\n\t<meta property=\"og:image:width\" content=\"1800\" \/>\n\t<meta property=\"og:image:height\" content=\"1641\" \/>\n\t<meta property=\"og:image:type\" content=\"image\/jpeg\" \/>\n<meta name=\"author\" content=\"Ray Lorens\" \/>\n<meta name=\"twitter:card\" content=\"summary_large_image\" \/>\n<meta name=\"twitter:label1\" content=\"Written by\" \/>\n\t<meta name=\"twitter:data1\" content=\"Ray Lorens\" \/>\n\t<meta name=\"twitter:label2\" content=\"Estimated reading time\" \/>\n\t<meta name=\"twitter:data2\" content=\"2 minutes\" \/>\n<script type=\"application\/ld+json\" class=\"yoast-schema-graph\">{\"@context\":\"https:\/\/schema.org\",\"@graph\":[{\"@type\":\"Article\",\"@id\":\"https:\/\/tiempodetormentas.com\/ciencias\/jonas-salk-el-autor-de-la-vacuna-contra-la-polio-que-no-quiso-patentarla\/#article\",\"isPartOf\":{\"@id\":\"https:\/\/tiempodetormentas.com\/ciencias\/jonas-salk-el-autor-de-la-vacuna-contra-la-polio-que-no-quiso-patentarla\/\"},\"author\":{\"name\":\"Ray Lorens\",\"@id\":\"https:\/\/tiempodetormentas.com\/#\/schema\/person\/7e59b0ab3f525f413b127a9f2727eee7\"},\"headline\":\"Jonas Salk: el autor de la vacuna contra la polio que no quiso patentarla\",\"datePublished\":\"2022-02-25T23:01:13+00:00\",\"dateModified\":\"2023-12-13T22:09:33+00:00\",\"mainEntityOfPage\":{\"@id\":\"https:\/\/tiempodetormentas.com\/ciencias\/jonas-salk-el-autor-de-la-vacuna-contra-la-polio-que-no-quiso-patentarla\/\"},\"wordCount\":380,\"commentCount\":3,\"publisher\":{\"@id\":\"https:\/\/tiempodetormentas.com\/#organization\"},\"image\":{\"@id\":\"https:\/\/tiempodetormentas.com\/ciencias\/jonas-salk-el-autor-de-la-vacuna-contra-la-polio-que-no-quiso-patentarla\/#primaryimage\"},\"thumbnailUrl\":\"https:\/\/tiempodetormentas.com\/wp-content\/uploads\/2022\/02\/salk.jpg\",\"articleSection\":[\"Ciencias\",\"Salud\"],\"inLanguage\":\"en-GB\",\"potentialAction\":[{\"@type\":\"CommentAction\",\"name\":\"Comment\",\"target\":[\"https:\/\/tiempodetormentas.com\/ciencias\/jonas-salk-el-autor-de-la-vacuna-contra-la-polio-que-no-quiso-patentarla\/#respond\"]}]},{\"@type\":\"WebPage\",\"@id\":\"https:\/\/tiempodetormentas.com\/ciencias\/jonas-salk-el-autor-de-la-vacuna-contra-la-polio-que-no-quiso-patentarla\/\",\"url\":\"https:\/\/tiempodetormentas.com\/ciencias\/jonas-salk-el-autor-de-la-vacuna-contra-la-polio-que-no-quiso-patentarla\/\",\"name\":\"Jonas Salk: el autor de la vacuna contra la polio que no quiso patentarla - Tiempo de Tormentas\",\"isPartOf\":{\"@id\":\"https:\/\/tiempodetormentas.com\/#website\"},\"primaryImageOfPage\":{\"@id\":\"https:\/\/tiempodetormentas.com\/ciencias\/jonas-salk-el-autor-de-la-vacuna-contra-la-polio-que-no-quiso-patentarla\/#primaryimage\"},\"image\":{\"@id\":\"https:\/\/tiempodetormentas.com\/ciencias\/jonas-salk-el-autor-de-la-vacuna-contra-la-polio-que-no-quiso-patentarla\/#primaryimage\"},\"thumbnailUrl\":\"https:\/\/tiempodetormentas.com\/wp-content\/uploads\/2022\/02\/salk.jpg\",\"datePublished\":\"2022-02-25T23:01:13+00:00\",\"dateModified\":\"2023-12-13T22:09:33+00:00\",\"description\":\"Nacido en New York y proveniente de familias inmigrantes ruso-jud\u00edas de origen humilde. Destac\u00f3 por su destreza acad\u00e9mica en la Universidad de New York y decidi\u00f3 dedicarse a las investigaciones m\u00e9dicas en lugar de convertirse en m\u00e9dico.\",\"breadcrumb\":{\"@id\":\"https:\/\/tiempodetormentas.com\/ciencias\/jonas-salk-el-autor-de-la-vacuna-contra-la-polio-que-no-quiso-patentarla\/#breadcrumb\"},\"inLanguage\":\"en-GB\",\"potentialAction\":[{\"@type\":\"ReadAction\",\"target\":[\"https:\/\/tiempodetormentas.com\/ciencias\/jonas-salk-el-autor-de-la-vacuna-contra-la-polio-que-no-quiso-patentarla\/\"]}]},{\"@type\":\"ImageObject\",\"inLanguage\":\"en-GB\",\"@id\":\"https:\/\/tiempodetormentas.com\/ciencias\/jonas-salk-el-autor-de-la-vacuna-contra-la-polio-que-no-quiso-patentarla\/#primaryimage\",\"url\":\"https:\/\/tiempodetormentas.com\/wp-content\/uploads\/2022\/02\/salk.jpg\",\"contentUrl\":\"https:\/\/tiempodetormentas.com\/wp-content\/uploads\/2022\/02\/salk.jpg\",\"width\":1800,\"height\":1641},{\"@type\":\"BreadcrumbList\",\"@id\":\"https:\/\/tiempodetormentas.com\/ciencias\/jonas-salk-el-autor-de-la-vacuna-contra-la-polio-que-no-quiso-patentarla\/#breadcrumb\",\"itemListElement\":[{\"@type\":\"ListItem\",\"position\":1,\"name\":\"Portada\",\"item\":\"https:\/\/tiempodetormentas.com\/\"},{\"@type\":\"ListItem\",\"position\":2,\"name\":\"Jonas Salk: el autor de la vacuna contra la polio que no quiso patentarla\"}]},{\"@type\":\"WebSite\",\"@id\":\"https:\/\/tiempodetormentas.com\/#website\",\"url\":\"https:\/\/tiempodetormentas.com\/\",\"name\":\"Tiempo de Tormentas\",\"description\":\"Edita el club de la bruma\",\"publisher\":{\"@id\":\"https:\/\/tiempodetormentas.com\/#organization\"},\"potentialAction\":[{\"@type\":\"SearchAction\",\"target\":{\"@type\":\"EntryPoint\",\"urlTemplate\":\"https:\/\/tiempodetormentas.com\/?s={search_term_string}\"},\"query-input\":{\"@type\":\"PropertyValueSpecification\",\"valueRequired\":true,\"valueName\":\"search_term_string\"}}],\"inLanguage\":\"en-GB\"},{\"@type\":\"Organization\",\"@id\":\"https:\/\/tiempodetormentas.com\/#organization\",\"name\":\"Tiempo de Tormentas\",\"url\":\"https:\/\/tiempodetormentas.com\/\",\"logo\":{\"@type\":\"ImageObject\",\"inLanguage\":\"en-GB\",\"@id\":\"https:\/\/tiempodetormentas.com\/#\/schema\/logo\/image\/\",\"url\":\"https:\/\/tiempodetormentas.com\/wp-content\/uploads\/2022\/01\/tiempo-de-tormentas.png\",\"contentUrl\":\"https:\/\/tiempodetormentas.com\/wp-content\/uploads\/2022\/01\/tiempo-de-tormentas.png\",\"width\":448,\"height\":121,\"caption\":\"Tiempo de Tormentas\"},\"image\":{\"@id\":\"https:\/\/tiempodetormentas.com\/#\/schema\/logo\/image\/\"}},{\"@type\":\"Person\",\"@id\":\"https:\/\/tiempodetormentas.com\/#\/schema\/person\/7e59b0ab3f525f413b127a9f2727eee7\",\"name\":\"Ray Lorens\",\"image\":{\"@type\":\"ImageObject\",\"inLanguage\":\"en-GB\",\"@id\":\"https:\/\/tiempodetormentas.com\/#\/schema\/person\/image\/\",\"url\":\"https:\/\/secure.gravatar.com\/avatar\/455622daf1ca0bf2f3b43adae4fc14ec90d08bdcfdbfc9c5f24527bb1d711a5a?s=96&d=mm&r=g\",\"contentUrl\":\"https:\/\/secure.gravatar.com\/avatar\/455622daf1ca0bf2f3b43adae4fc14ec90d08bdcfdbfc9c5f24527bb1d711a5a?s=96&d=mm&r=g\",\"caption\":\"Ray Lorens\"},\"description\":\"cineasta, escritor, periodista\",\"sameAs\":[\"https:\/\/tiempodetormentas.com\"],\"url\":\"https:\/\/tiempodetormentas.com\/en\/author\/ray\/\"}]}<\/script>\n<!-- \/ Yoast SEO plugin. -->","yoast_head_json":{"title":"Jonas Salk: el autor de la vacuna contra la polio que no quiso patentarla - Tiempo de Tormentas","description":"Nacido en New York y proveniente de familias inmigrantes ruso-jud\u00edas de origen humilde. Destac\u00f3 por su destreza acad\u00e9mica en la Universidad de New York y decidi\u00f3 dedicarse a las investigaciones m\u00e9dicas en lugar de convertirse en m\u00e9dico.","robots":{"index":"index","follow":"follow","max-snippet":"max-snippet:-1","max-image-preview":"max-image-preview:large","max-video-preview":"max-video-preview:-1"},"canonical":"https:\/\/tiempodetormentas.com\/en\/ciencias\/jonas-salk-el-autor-de-la-vacuna-contra-la-polio-que-no-quiso-patentarla\/","og_locale":"en_GB","og_type":"article","og_title":"Jonas Salk: el autor de la vacuna contra la polio que no quiso patentarla - Tiempo de Tormentas","og_description":"Nacido en New York y proveniente de familias inmigrantes ruso-jud\u00edas de origen humilde. Destac\u00f3 por su destreza acad\u00e9mica en la Universidad de New York y decidi\u00f3 dedicarse a las investigaciones m\u00e9dicas en lugar de convertirse en m\u00e9dico.","og_url":"https:\/\/tiempodetormentas.com\/en\/ciencias\/jonas-salk-el-autor-de-la-vacuna-contra-la-polio-que-no-quiso-patentarla\/","og_site_name":"Tiempo de Tormentas","article_published_time":"2022-02-25T23:01:13+00:00","article_modified_time":"2023-12-13T22:09:33+00:00","og_image":[{"width":1800,"height":1641,"url":"https:\/\/tiempodetormentas.com\/wp-content\/uploads\/2022\/02\/salk.jpg","type":"image\/jpeg"}],"author":"Ray Lorens","twitter_card":"summary_large_image","twitter_misc":{"Written by":"Ray Lorens","Estimated reading time":"2 minutes"},"schema":{"@context":"https:\/\/schema.org","@graph":[{"@type":"Article","@id":"https:\/\/tiempodetormentas.com\/ciencias\/jonas-salk-el-autor-de-la-vacuna-contra-la-polio-que-no-quiso-patentarla\/#article","isPartOf":{"@id":"https:\/\/tiempodetormentas.com\/ciencias\/jonas-salk-el-autor-de-la-vacuna-contra-la-polio-que-no-quiso-patentarla\/"},"author":{"name":"Ray Lorens","@id":"https:\/\/tiempodetormentas.com\/#\/schema\/person\/7e59b0ab3f525f413b127a9f2727eee7"},"headline":"Jonas Salk: el autor de la vacuna contra la polio que no quiso patentarla","datePublished":"2022-02-25T23:01:13+00:00","dateModified":"2023-12-13T22:09:33+00:00","mainEntityOfPage":{"@id":"https:\/\/tiempodetormentas.com\/ciencias\/jonas-salk-el-autor-de-la-vacuna-contra-la-polio-que-no-quiso-patentarla\/"},"wordCount":380,"commentCount":3,"publisher":{"@id":"https:\/\/tiempodetormentas.com\/#organization"},"image":{"@id":"https:\/\/tiempodetormentas.com\/ciencias\/jonas-salk-el-autor-de-la-vacuna-contra-la-polio-que-no-quiso-patentarla\/#primaryimage"},"thumbnailUrl":"https:\/\/tiempodetormentas.com\/wp-content\/uploads\/2022\/02\/salk.jpg","articleSection":["Ciencias","Salud"],"inLanguage":"en-GB","potentialAction":[{"@type":"CommentAction","name":"Comment","target":["https:\/\/tiempodetormentas.com\/ciencias\/jonas-salk-el-autor-de-la-vacuna-contra-la-polio-que-no-quiso-patentarla\/#respond"]}]},{"@type":"WebPage","@id":"https:\/\/tiempodetormentas.com\/ciencias\/jonas-salk-el-autor-de-la-vacuna-contra-la-polio-que-no-quiso-patentarla\/","url":"https:\/\/tiempodetormentas.com\/ciencias\/jonas-salk-el-autor-de-la-vacuna-contra-la-polio-que-no-quiso-patentarla\/","name":"Jonas Salk: el autor de la vacuna contra la polio que no quiso patentarla - Tiempo de Tormentas","isPartOf":{"@id":"https:\/\/tiempodetormentas.com\/#website"},"primaryImageOfPage":{"@id":"https:\/\/tiempodetormentas.com\/ciencias\/jonas-salk-el-autor-de-la-vacuna-contra-la-polio-que-no-quiso-patentarla\/#primaryimage"},"image":{"@id":"https:\/\/tiempodetormentas.com\/ciencias\/jonas-salk-el-autor-de-la-vacuna-contra-la-polio-que-no-quiso-patentarla\/#primaryimage"},"thumbnailUrl":"https:\/\/tiempodetormentas.com\/wp-content\/uploads\/2022\/02\/salk.jpg","datePublished":"2022-02-25T23:01:13+00:00","dateModified":"2023-12-13T22:09:33+00:00","description":"Nacido en New York y proveniente de familias inmigrantes ruso-jud\u00edas de origen humilde. Destac\u00f3 por su destreza acad\u00e9mica en la Universidad de New York y decidi\u00f3 dedicarse a las investigaciones m\u00e9dicas en lugar de convertirse en m\u00e9dico.","breadcrumb":{"@id":"https:\/\/tiempodetormentas.com\/ciencias\/jonas-salk-el-autor-de-la-vacuna-contra-la-polio-que-no-quiso-patentarla\/#breadcrumb"},"inLanguage":"en-GB","potentialAction":[{"@type":"ReadAction","target":["https:\/\/tiempodetormentas.com\/ciencias\/jonas-salk-el-autor-de-la-vacuna-contra-la-polio-que-no-quiso-patentarla\/"]}]},{"@type":"ImageObject","inLanguage":"en-GB","@id":"https:\/\/tiempodetormentas.com\/ciencias\/jonas-salk-el-autor-de-la-vacuna-contra-la-polio-que-no-quiso-patentarla\/#primaryimage","url":"https:\/\/tiempodetormentas.com\/wp-content\/uploads\/2022\/02\/salk.jpg","contentUrl":"https:\/\/tiempodetormentas.com\/wp-content\/uploads\/2022\/02\/salk.jpg","width":1800,"height":1641},{"@type":"BreadcrumbList","@id":"https:\/\/tiempodetormentas.com\/ciencias\/jonas-salk-el-autor-de-la-vacuna-contra-la-polio-que-no-quiso-patentarla\/#breadcrumb","itemListElement":[{"@type":"ListItem","position":1,"name":"Portada","item":"https:\/\/tiempodetormentas.com\/"},{"@type":"ListItem","position":2,"name":"Jonas Salk: el autor de la vacuna contra la polio que no quiso patentarla"}]},{"@type":"WebSite","@id":"https:\/\/tiempodetormentas.com\/#website","url":"https:\/\/tiempodetormentas.com\/","name":"Tiempo de Tormentas","description":"Edita el club de la bruma","publisher":{"@id":"https:\/\/tiempodetormentas.com\/#organization"},"potentialAction":[{"@type":"SearchAction","target":{"@type":"EntryPoint","urlTemplate":"https:\/\/tiempodetormentas.com\/?s={search_term_string}"},"query-input":{"@type":"PropertyValueSpecification","valueRequired":true,"valueName":"search_term_string"}}],"inLanguage":"en-GB"},{"@type":"Organization","@id":"https:\/\/tiempodetormentas.com\/#organization","name":"Tiempo de Tormentas","url":"https:\/\/tiempodetormentas.com\/","logo":{"@type":"ImageObject","inLanguage":"en-GB","@id":"https:\/\/tiempodetormentas.com\/#\/schema\/logo\/image\/","url":"https:\/\/tiempodetormentas.com\/wp-content\/uploads\/2022\/01\/tiempo-de-tormentas.png","contentUrl":"https:\/\/tiempodetormentas.com\/wp-content\/uploads\/2022\/01\/tiempo-de-tormentas.png","width":448,"height":121,"caption":"Tiempo de Tormentas"},"image":{"@id":"https:\/\/tiempodetormentas.com\/#\/schema\/logo\/image\/"}},{"@type":"Person","@id":"https:\/\/tiempodetormentas.com\/#\/schema\/person\/7e59b0ab3f525f413b127a9f2727eee7","name":"Ray Lorens","image":{"@type":"ImageObject","inLanguage":"en-GB","@id":"https:\/\/tiempodetormentas.com\/#\/schema\/person\/image\/","url":"https:\/\/secure.gravatar.com\/avatar\/455622daf1ca0bf2f3b43adae4fc14ec90d08bdcfdbfc9c5f24527bb1d711a5a?s=96&d=mm&r=g","contentUrl":"https:\/\/secure.gravatar.com\/avatar\/455622daf1ca0bf2f3b43adae4fc14ec90d08bdcfdbfc9c5f24527bb1d711a5a?s=96&d=mm&r=g","caption":"Ray Lorens"},"description":"cineasta, escritor, periodista","sameAs":["https:\/\/tiempodetormentas.com"],"url":"https:\/\/tiempodetormentas.com\/en\/author\/ray\/"}]}},"_links":{"self":[{"href":"https:\/\/tiempodetormentas.com\/en\/wp-json\/wp\/v2\/posts\/456","targetHints":{"allow":["GET"]}}],"collection":[{"href":"https:\/\/tiempodetormentas.com\/en\/wp-json\/wp\/v2\/posts"}],"about":[{"href":"https:\/\/tiempodetormentas.com\/en\/wp-json\/wp\/v2\/types\/post"}],"author":[{"embeddable":true,"href":"https:\/\/tiempodetormentas.com\/en\/wp-json\/wp\/v2\/users\/1"}],"replies":[{"embeddable":true,"href":"https:\/\/tiempodetormentas.com\/en\/wp-json\/wp\/v2\/comments?post=456"}],"version-history":[{"count":1,"href":"https:\/\/tiempodetormentas.com\/en\/wp-json\/wp\/v2\/posts\/456\/revisions"}],"predecessor-version":[{"id":458,"href":"https:\/\/tiempodetormentas.com\/en\/wp-json\/wp\/v2\/posts\/456\/revisions\/458"}],"wp:featuredmedia":[{"embeddable":true,"href":"https:\/\/tiempodetormentas.com\/en\/wp-json\/wp\/v2\/media\/457"}],"wp:attachment":[{"href":"https:\/\/tiempodetormentas.com\/en\/wp-json\/wp\/v2\/media?parent=456"}],"wp:term":[{"taxonomy":"category","embeddable":true,"href":"https:\/\/tiempodetormentas.com\/en\/wp-json\/wp\/v2\/categories?post=456"},{"taxonomy":"post_tag","embeddable":true,"href":"https:\/\/tiempodetormentas.com\/en\/wp-json\/wp\/v2\/tags?post=456"}],"curies":[{"name":"wp","href":"https:\/\/api.w.org\/{rel}","templated":true}]}}