{"id":438,"date":"2022-02-25T22:49:17","date_gmt":"2022-02-25T22:49:17","guid":{"rendered":"https:\/\/tiempodetormentas.com\/?p=438"},"modified":"2023-12-11T12:37:39","modified_gmt":"2023-12-11T12:37:39","slug":"las-llamas-que-arrasaron-el-mundo","status":"publish","type":"post","link":"https:\/\/tiempodetormentas.com\/en\/ecologia\/cambio-climatico\/las-llamas-que-arrasaron-el-mundo\/","title":{"rendered":"Las llamas que arrasaron el mundo"},"content":{"rendered":"<p><strong>Los incendios<\/strong>\u00a0forestales a nivel global en\u00a0<strong>2021<\/strong>, han generado un total estimado de 1.760 megatoneladas de emisiones de carbono, lo que equivale a 6.450 megatoneladas de di\u00f3xido de carbono (CO<sub>2<\/sub>).<\/p>\n<p>Un informe publicado por el Programa de las Naciones Unidas para el Medio Ambiente (Pnuma) sugiere que es hora de \u00abaprender a vivir con el fuego\u00bb y adaptarse al aumento de la\u00a0<a href=\"https:\/\/cnnespanol.cnn.com\/2021\/08\/02\/temporada-incendios-forestales-superior-al-promedio-septiembre-trax\/\">frecuencia<\/a>\u00a0y la\u00a0<a href=\"https:\/\/cnnespanol.cnn.com\/2021\/08\/10\/grecia-desastre-incendios-trax\/\">gravedad de los incendios forestales<\/a>, que inevitablemente pondr\u00e1n en peligro m\u00e1s vidas y econom\u00edas.<\/p>\n<p>El n\u00famero de incendios forestales extremos aumentar\u00e1 hasta un 14% en 2030, seg\u00fan el an\u00e1lisis del informe. En 2050, el aumento ser\u00e1 del 30%. Incluso con los esfuerzos m\u00e1s ambiciosos para reducir las emisiones que atrapan el calor, el informe muestra que esas consecuencias a corto plazo est\u00e1n aseguradas.<\/p>\n<p><!--more--><\/p>\n<p style=\"text-align: center;\">Arde Siberia<img loading=\"lazy\" decoding=\"async\" class=\"aligncenter wp-image-634\" src=\"https:\/\/tiempodetormentas.com\/wp-content\/uploads\/2023\/12\/Arde_Siberia.jpg\" alt=\"\" width=\"267\" height=\"149\" srcset=\"https:\/\/tiempodetormentas.com\/wp-content\/uploads\/2023\/12\/Arde_Siberia.jpg 254w, https:\/\/tiempodetormentas.com\/wp-content\/uploads\/2023\/12\/Arde_Siberia-150x84.jpg 150w\" sizes=\"auto, (max-width: 267px) 100vw, 267px\" \/><br \/>\n<!--more-->Arde Amazonas<img loading=\"lazy\" decoding=\"async\" class=\"wp-image-439 aligncenter\" src=\"https:\/\/tiempodetormentas.com\/wp-content\/uploads\/2022\/02\/amazonas.jpg\" alt=\"\" width=\"263\" height=\"177\" srcset=\"https:\/\/tiempodetormentas.com\/wp-content\/uploads\/2022\/02\/amazonas.jpg 389w, https:\/\/tiempodetormentas.com\/wp-content\/uploads\/2022\/02\/amazonas-300x202.jpg 300w, https:\/\/tiempodetormentas.com\/wp-content\/uploads\/2022\/02\/amazonas-150x101.jpg 150w\" sizes=\"auto, (max-width: 263px) 100vw, 263px\" \/><!--more--><\/p>\n<p style=\"text-align: center;\">Arde Australia<img loading=\"lazy\" decoding=\"async\" class=\"aligncenter wp-image-631\" src=\"https:\/\/tiempodetormentas.com\/wp-content\/uploads\/2023\/12\/Arde_Australia.jpg\" alt=\"\" width=\"268\" height=\"157\" srcset=\"https:\/\/tiempodetormentas.com\/wp-content\/uploads\/2023\/12\/Arde_Australia.jpg 293w, https:\/\/tiempodetormentas.com\/wp-content\/uploads\/2023\/12\/Arde_Australia-150x88.jpg 150w\" sizes=\"auto, (max-width: 268px) 100vw, 268px\" \/><!--more--><\/p>\n<p style=\"text-align: center;\">Arde \u00c1frica<img loading=\"lazy\" decoding=\"async\" class=\"aligncenter wp-image-629\" src=\"https:\/\/tiempodetormentas.com\/wp-content\/uploads\/2023\/12\/Arde_Africa.jpg\" alt=\"\" width=\"273\" height=\"153\" srcset=\"https:\/\/tiempodetormentas.com\/wp-content\/uploads\/2023\/12\/Arde_Africa.jpg 400w, https:\/\/tiempodetormentas.com\/wp-content\/uploads\/2023\/12\/Arde_Africa-300x168.jpg 300w, https:\/\/tiempodetormentas.com\/wp-content\/uploads\/2023\/12\/Arde_Africa-150x84.jpg 150w\" sizes=\"auto, (max-width: 273px) 100vw, 273px\" \/><!--more--><\/p>\n<p style=\"text-align: center;\">Arde Usa<img loading=\"lazy\" decoding=\"async\" class=\"aligncenter wp-image-630\" src=\"https:\/\/tiempodetormentas.com\/wp-content\/uploads\/2023\/12\/Arde_America.jpg\" alt=\"\" width=\"282\" height=\"148\" srcset=\"https:\/\/tiempodetormentas.com\/wp-content\/uploads\/2023\/12\/Arde_America.jpg 331w, https:\/\/tiempodetormentas.com\/wp-content\/uploads\/2023\/12\/Arde_America-300x157.jpg 300w, https:\/\/tiempodetormentas.com\/wp-content\/uploads\/2023\/12\/Arde_America-150x78.jpg 150w\" sizes=\"auto, (max-width: 282px) 100vw, 282px\" \/><!--more--><\/p>","protected":false},"excerpt":{"rendered":"<p>Los incendios\u00a0forestales a nivel global en\u00a02021, han generado un total estimado de 1.760 megatoneladas de emisiones de carbono, lo que equivale a 6.450 megatoneladas de di\u00f3xido de carbono (CO2). Un informe publicado por el Programa de las Naciones Unidas para el Medio Ambiente (Pnuma) sugiere que es hora de \u00abaprender a vivir con el fuego\u00bb [&hellip;]<\/p>","protected":false},"author":1,"featured_media":632,"comment_status":"open","ping_status":"open","sticky":false,"template":"","format":"standard","meta":{"footnotes":""},"categories":[42,5],"tags":[],"class_list":{"0":"post-438","1":"post","2":"type-post","3":"status-publish","4":"format-standard","5":"has-post-thumbnail","7":"category-cambio-climatico","8":"category-ecologia"},"yoast_head":"<!-- This site is optimized with the Yoast SEO plugin v26.2 - https:\/\/yoast.com\/wordpress\/plugins\/seo\/ -->\n<title>Las llamas que arrasaron el mundo - Tiempo de Tormentas<\/title>\n<meta name=\"robots\" content=\"index, follow, max-snippet:-1, max-image-preview:large, max-video-preview:-1\" \/>\n<link rel=\"canonical\" href=\"https:\/\/tiempodetormentas.com\/en\/ecologia\/cambio-climatico\/las-llamas-que-arrasaron-el-mundo\/\" \/>\n<meta property=\"og:locale\" content=\"en_GB\" \/>\n<meta property=\"og:type\" content=\"article\" \/>\n<meta property=\"og:title\" content=\"Las llamas que arrasaron el mundo - Tiempo de Tormentas\" \/>\n<meta property=\"og:description\" content=\"Los incendios\u00a0forestales a nivel global en\u00a02021, han generado un total estimado de 1.760 megatoneladas de emisiones de carbono, lo que equivale a 6.450 megatoneladas de di\u00f3xido de carbono (CO2). Un informe publicado por el Programa de las Naciones Unidas para el Medio Ambiente (Pnuma) sugiere que es hora de \u00abaprender a vivir con el fuego\u00bb [&hellip;]\" \/>\n<meta property=\"og:url\" content=\"https:\/\/tiempodetormentas.com\/en\/ecologia\/cambio-climatico\/las-llamas-que-arrasaron-el-mundo\/\" \/>\n<meta property=\"og:site_name\" content=\"Tiempo de Tormentas\" \/>\n<meta property=\"article:published_time\" content=\"2022-02-25T22:49:17+00:00\" \/>\n<meta property=\"article:modified_time\" content=\"2023-12-11T12:37:39+00:00\" \/>\n<meta property=\"og:image\" content=\"https:\/\/tiempodetormentas.com\/wp-content\/uploads\/2023\/12\/Arde_El-mundo_en_llamas.jpg\" \/>\n\t<meta property=\"og:image:width\" content=\"417\" \/>\n\t<meta property=\"og:image:height\" content=\"200\" \/>\n\t<meta property=\"og:image:type\" content=\"image\/jpeg\" \/>\n<meta name=\"author\" content=\"Ray Lorens\" \/>\n<meta name=\"twitter:card\" content=\"summary_large_image\" \/>\n<meta name=\"twitter:label1\" content=\"Written by\" \/>\n\t<meta name=\"twitter:data1\" content=\"Ray Lorens\" \/>\n\t<meta name=\"twitter:label2\" content=\"Estimated reading time\" \/>\n\t<meta name=\"twitter:data2\" content=\"2 minutes\" \/>\n<script type=\"application\/ld+json\" class=\"yoast-schema-graph\">{\"@context\":\"https:\/\/schema.org\",\"@graph\":[{\"@type\":\"Article\",\"@id\":\"https:\/\/tiempodetormentas.com\/ecologia\/cambio-climatico\/las-llamas-que-arrasaron-el-mundo\/#article\",\"isPartOf\":{\"@id\":\"https:\/\/tiempodetormentas.com\/ecologia\/cambio-climatico\/las-llamas-que-arrasaron-el-mundo\/\"},\"author\":{\"name\":\"Ray Lorens\",\"@id\":\"https:\/\/tiempodetormentas.com\/#\/schema\/person\/7e59b0ab3f525f413b127a9f2727eee7\"},\"headline\":\"Las llamas que arrasaron el mundo\",\"datePublished\":\"2022-02-25T22:49:17+00:00\",\"dateModified\":\"2023-12-11T12:37:39+00:00\",\"mainEntityOfPage\":{\"@id\":\"https:\/\/tiempodetormentas.com\/ecologia\/cambio-climatico\/las-llamas-que-arrasaron-el-mundo\/\"},\"wordCount\":147,\"commentCount\":3,\"publisher\":{\"@id\":\"https:\/\/tiempodetormentas.com\/#organization\"},\"image\":{\"@id\":\"https:\/\/tiempodetormentas.com\/ecologia\/cambio-climatico\/las-llamas-que-arrasaron-el-mundo\/#primaryimage\"},\"thumbnailUrl\":\"https:\/\/tiempodetormentas.com\/wp-content\/uploads\/2023\/12\/Arde_El-mundo_en_llamas.jpg\",\"articleSection\":[\"Cambio Clim\u00e1tico\",\"Ecolog\u00eda\"],\"inLanguage\":\"en-GB\",\"potentialAction\":[{\"@type\":\"CommentAction\",\"name\":\"Comment\",\"target\":[\"https:\/\/tiempodetormentas.com\/ecologia\/cambio-climatico\/las-llamas-que-arrasaron-el-mundo\/#respond\"]}]},{\"@type\":\"WebPage\",\"@id\":\"https:\/\/tiempodetormentas.com\/ecologia\/cambio-climatico\/las-llamas-que-arrasaron-el-mundo\/\",\"url\":\"https:\/\/tiempodetormentas.com\/ecologia\/cambio-climatico\/las-llamas-que-arrasaron-el-mundo\/\",\"name\":\"Las llamas que arrasaron el mundo - Tiempo de Tormentas\",\"isPartOf\":{\"@id\":\"https:\/\/tiempodetormentas.com\/#website\"},\"primaryImageOfPage\":{\"@id\":\"https:\/\/tiempodetormentas.com\/ecologia\/cambio-climatico\/las-llamas-que-arrasaron-el-mundo\/#primaryimage\"},\"image\":{\"@id\":\"https:\/\/tiempodetormentas.com\/ecologia\/cambio-climatico\/las-llamas-que-arrasaron-el-mundo\/#primaryimage\"},\"thumbnailUrl\":\"https:\/\/tiempodetormentas.com\/wp-content\/uploads\/2023\/12\/Arde_El-mundo_en_llamas.jpg\",\"datePublished\":\"2022-02-25T22:49:17+00:00\",\"dateModified\":\"2023-12-11T12:37:39+00:00\",\"breadcrumb\":{\"@id\":\"https:\/\/tiempodetormentas.com\/ecologia\/cambio-climatico\/las-llamas-que-arrasaron-el-mundo\/#breadcrumb\"},\"inLanguage\":\"en-GB\",\"potentialAction\":[{\"@type\":\"ReadAction\",\"target\":[\"https:\/\/tiempodetormentas.com\/ecologia\/cambio-climatico\/las-llamas-que-arrasaron-el-mundo\/\"]}]},{\"@type\":\"ImageObject\",\"inLanguage\":\"en-GB\",\"@id\":\"https:\/\/tiempodetormentas.com\/ecologia\/cambio-climatico\/las-llamas-que-arrasaron-el-mundo\/#primaryimage\",\"url\":\"https:\/\/tiempodetormentas.com\/wp-content\/uploads\/2023\/12\/Arde_El-mundo_en_llamas.jpg\",\"contentUrl\":\"https:\/\/tiempodetormentas.com\/wp-content\/uploads\/2023\/12\/Arde_El-mundo_en_llamas.jpg\",\"width\":417,\"height\":200},{\"@type\":\"BreadcrumbList\",\"@id\":\"https:\/\/tiempodetormentas.com\/ecologia\/cambio-climatico\/las-llamas-que-arrasaron-el-mundo\/#breadcrumb\",\"itemListElement\":[{\"@type\":\"ListItem\",\"position\":1,\"name\":\"Portada\",\"item\":\"https:\/\/tiempodetormentas.com\/\"},{\"@type\":\"ListItem\",\"position\":2,\"name\":\"Las llamas que arrasaron el mundo\"}]},{\"@type\":\"WebSite\",\"@id\":\"https:\/\/tiempodetormentas.com\/#website\",\"url\":\"https:\/\/tiempodetormentas.com\/\",\"name\":\"Tiempo de Tormentas\",\"description\":\"Edita el club de la bruma\",\"publisher\":{\"@id\":\"https:\/\/tiempodetormentas.com\/#organization\"},\"potentialAction\":[{\"@type\":\"SearchAction\",\"target\":{\"@type\":\"EntryPoint\",\"urlTemplate\":\"https:\/\/tiempodetormentas.com\/?s={search_term_string}\"},\"query-input\":{\"@type\":\"PropertyValueSpecification\",\"valueRequired\":true,\"valueName\":\"search_term_string\"}}],\"inLanguage\":\"en-GB\"},{\"@type\":\"Organization\",\"@id\":\"https:\/\/tiempodetormentas.com\/#organization\",\"name\":\"Tiempo de Tormentas\",\"url\":\"https:\/\/tiempodetormentas.com\/\",\"logo\":{\"@type\":\"ImageObject\",\"inLanguage\":\"en-GB\",\"@id\":\"https:\/\/tiempodetormentas.com\/#\/schema\/logo\/image\/\",\"url\":\"https:\/\/tiempodetormentas.com\/wp-content\/uploads\/2022\/01\/tiempo-de-tormentas.png\",\"contentUrl\":\"https:\/\/tiempodetormentas.com\/wp-content\/uploads\/2022\/01\/tiempo-de-tormentas.png\",\"width\":448,\"height\":121,\"caption\":\"Tiempo de Tormentas\"},\"image\":{\"@id\":\"https:\/\/tiempodetormentas.com\/#\/schema\/logo\/image\/\"}},{\"@type\":\"Person\",\"@id\":\"https:\/\/tiempodetormentas.com\/#\/schema\/person\/7e59b0ab3f525f413b127a9f2727eee7\",\"name\":\"Ray Lorens\",\"image\":{\"@type\":\"ImageObject\",\"inLanguage\":\"en-GB\",\"@id\":\"https:\/\/tiempodetormentas.com\/#\/schema\/person\/image\/\",\"url\":\"https:\/\/secure.gravatar.com\/avatar\/455622daf1ca0bf2f3b43adae4fc14ec90d08bdcfdbfc9c5f24527bb1d711a5a?s=96&d=mm&r=g\",\"contentUrl\":\"https:\/\/secure.gravatar.com\/avatar\/455622daf1ca0bf2f3b43adae4fc14ec90d08bdcfdbfc9c5f24527bb1d711a5a?s=96&d=mm&r=g\",\"caption\":\"Ray Lorens\"},\"description\":\"cineasta, escritor, periodista\",\"sameAs\":[\"https:\/\/tiempodetormentas.com\"],\"url\":\"https:\/\/tiempodetormentas.com\/en\/author\/ray\/\"}]}<\/script>\n<!-- \/ Yoast SEO plugin. -->","yoast_head_json":{"title":"Las llamas que arrasaron el mundo - Tiempo de Tormentas","robots":{"index":"index","follow":"follow","max-snippet":"max-snippet:-1","max-image-preview":"max-image-preview:large","max-video-preview":"max-video-preview:-1"},"canonical":"https:\/\/tiempodetormentas.com\/en\/ecologia\/cambio-climatico\/las-llamas-que-arrasaron-el-mundo\/","og_locale":"en_GB","og_type":"article","og_title":"Las llamas que arrasaron el mundo - Tiempo de Tormentas","og_description":"Los incendios\u00a0forestales a nivel global en\u00a02021, han generado un total estimado de 1.760 megatoneladas de emisiones de carbono, lo que equivale a 6.450 megatoneladas de di\u00f3xido de carbono (CO2). Un informe publicado por el Programa de las Naciones Unidas para el Medio Ambiente (Pnuma) sugiere que es hora de \u00abaprender a vivir con el fuego\u00bb [&hellip;]","og_url":"https:\/\/tiempodetormentas.com\/en\/ecologia\/cambio-climatico\/las-llamas-que-arrasaron-el-mundo\/","og_site_name":"Tiempo de Tormentas","article_published_time":"2022-02-25T22:49:17+00:00","article_modified_time":"2023-12-11T12:37:39+00:00","og_image":[{"width":417,"height":200,"url":"https:\/\/tiempodetormentas.com\/wp-content\/uploads\/2023\/12\/Arde_El-mundo_en_llamas.jpg","type":"image\/jpeg"}],"author":"Ray Lorens","twitter_card":"summary_large_image","twitter_misc":{"Written by":"Ray Lorens","Estimated reading time":"2 minutes"},"schema":{"@context":"https:\/\/schema.org","@graph":[{"@type":"Article","@id":"https:\/\/tiempodetormentas.com\/ecologia\/cambio-climatico\/las-llamas-que-arrasaron-el-mundo\/#article","isPartOf":{"@id":"https:\/\/tiempodetormentas.com\/ecologia\/cambio-climatico\/las-llamas-que-arrasaron-el-mundo\/"},"author":{"name":"Ray Lorens","@id":"https:\/\/tiempodetormentas.com\/#\/schema\/person\/7e59b0ab3f525f413b127a9f2727eee7"},"headline":"Las llamas que arrasaron el mundo","datePublished":"2022-02-25T22:49:17+00:00","dateModified":"2023-12-11T12:37:39+00:00","mainEntityOfPage":{"@id":"https:\/\/tiempodetormentas.com\/ecologia\/cambio-climatico\/las-llamas-que-arrasaron-el-mundo\/"},"wordCount":147,"commentCount":3,"publisher":{"@id":"https:\/\/tiempodetormentas.com\/#organization"},"image":{"@id":"https:\/\/tiempodetormentas.com\/ecologia\/cambio-climatico\/las-llamas-que-arrasaron-el-mundo\/#primaryimage"},"thumbnailUrl":"https:\/\/tiempodetormentas.com\/wp-content\/uploads\/2023\/12\/Arde_El-mundo_en_llamas.jpg","articleSection":["Cambio Clim\u00e1tico","Ecolog\u00eda"],"inLanguage":"en-GB","potentialAction":[{"@type":"CommentAction","name":"Comment","target":["https:\/\/tiempodetormentas.com\/ecologia\/cambio-climatico\/las-llamas-que-arrasaron-el-mundo\/#respond"]}]},{"@type":"WebPage","@id":"https:\/\/tiempodetormentas.com\/ecologia\/cambio-climatico\/las-llamas-que-arrasaron-el-mundo\/","url":"https:\/\/tiempodetormentas.com\/ecologia\/cambio-climatico\/las-llamas-que-arrasaron-el-mundo\/","name":"Las llamas que arrasaron el mundo - Tiempo de Tormentas","isPartOf":{"@id":"https:\/\/tiempodetormentas.com\/#website"},"primaryImageOfPage":{"@id":"https:\/\/tiempodetormentas.com\/ecologia\/cambio-climatico\/las-llamas-que-arrasaron-el-mundo\/#primaryimage"},"image":{"@id":"https:\/\/tiempodetormentas.com\/ecologia\/cambio-climatico\/las-llamas-que-arrasaron-el-mundo\/#primaryimage"},"thumbnailUrl":"https:\/\/tiempodetormentas.com\/wp-content\/uploads\/2023\/12\/Arde_El-mundo_en_llamas.jpg","datePublished":"2022-02-25T22:49:17+00:00","dateModified":"2023-12-11T12:37:39+00:00","breadcrumb":{"@id":"https:\/\/tiempodetormentas.com\/ecologia\/cambio-climatico\/las-llamas-que-arrasaron-el-mundo\/#breadcrumb"},"inLanguage":"en-GB","potentialAction":[{"@type":"ReadAction","target":["https:\/\/tiempodetormentas.com\/ecologia\/cambio-climatico\/las-llamas-que-arrasaron-el-mundo\/"]}]},{"@type":"ImageObject","inLanguage":"en-GB","@id":"https:\/\/tiempodetormentas.com\/ecologia\/cambio-climatico\/las-llamas-que-arrasaron-el-mundo\/#primaryimage","url":"https:\/\/tiempodetormentas.com\/wp-content\/uploads\/2023\/12\/Arde_El-mundo_en_llamas.jpg","contentUrl":"https:\/\/tiempodetormentas.com\/wp-content\/uploads\/2023\/12\/Arde_El-mundo_en_llamas.jpg","width":417,"height":200},{"@type":"BreadcrumbList","@id":"https:\/\/tiempodetormentas.com\/ecologia\/cambio-climatico\/las-llamas-que-arrasaron-el-mundo\/#breadcrumb","itemListElement":[{"@type":"ListItem","position":1,"name":"Portada","item":"https:\/\/tiempodetormentas.com\/"},{"@type":"ListItem","position":2,"name":"Las llamas que arrasaron el mundo"}]},{"@type":"WebSite","@id":"https:\/\/tiempodetormentas.com\/#website","url":"https:\/\/tiempodetormentas.com\/","name":"Tiempo de Tormentas","description":"Edita el club de la bruma","publisher":{"@id":"https:\/\/tiempodetormentas.com\/#organization"},"potentialAction":[{"@type":"SearchAction","target":{"@type":"EntryPoint","urlTemplate":"https:\/\/tiempodetormentas.com\/?s={search_term_string}"},"query-input":{"@type":"PropertyValueSpecification","valueRequired":true,"valueName":"search_term_string"}}],"inLanguage":"en-GB"},{"@type":"Organization","@id":"https:\/\/tiempodetormentas.com\/#organization","name":"Tiempo de Tormentas","url":"https:\/\/tiempodetormentas.com\/","logo":{"@type":"ImageObject","inLanguage":"en-GB","@id":"https:\/\/tiempodetormentas.com\/#\/schema\/logo\/image\/","url":"https:\/\/tiempodetormentas.com\/wp-content\/uploads\/2022\/01\/tiempo-de-tormentas.png","contentUrl":"https:\/\/tiempodetormentas.com\/wp-content\/uploads\/2022\/01\/tiempo-de-tormentas.png","width":448,"height":121,"caption":"Tiempo de Tormentas"},"image":{"@id":"https:\/\/tiempodetormentas.com\/#\/schema\/logo\/image\/"}},{"@type":"Person","@id":"https:\/\/tiempodetormentas.com\/#\/schema\/person\/7e59b0ab3f525f413b127a9f2727eee7","name":"Ray Lorens","image":{"@type":"ImageObject","inLanguage":"en-GB","@id":"https:\/\/tiempodetormentas.com\/#\/schema\/person\/image\/","url":"https:\/\/secure.gravatar.com\/avatar\/455622daf1ca0bf2f3b43adae4fc14ec90d08bdcfdbfc9c5f24527bb1d711a5a?s=96&d=mm&r=g","contentUrl":"https:\/\/secure.gravatar.com\/avatar\/455622daf1ca0bf2f3b43adae4fc14ec90d08bdcfdbfc9c5f24527bb1d711a5a?s=96&d=mm&r=g","caption":"Ray Lorens"},"description":"cineasta, escritor, periodista","sameAs":["https:\/\/tiempodetormentas.com"],"url":"https:\/\/tiempodetormentas.com\/en\/author\/ray\/"}]}},"_links":{"self":[{"href":"https:\/\/tiempodetormentas.com\/en\/wp-json\/wp\/v2\/posts\/438","targetHints":{"allow":["GET"]}}],"collection":[{"href":"https:\/\/tiempodetormentas.com\/en\/wp-json\/wp\/v2\/posts"}],"about":[{"href":"https:\/\/tiempodetormentas.com\/en\/wp-json\/wp\/v2\/types\/post"}],"author":[{"embeddable":true,"href":"https:\/\/tiempodetormentas.com\/en\/wp-json\/wp\/v2\/users\/1"}],"replies":[{"embeddable":true,"href":"https:\/\/tiempodetormentas.com\/en\/wp-json\/wp\/v2\/comments?post=438"}],"version-history":[{"count":4,"href":"https:\/\/tiempodetormentas.com\/en\/wp-json\/wp\/v2\/posts\/438\/revisions"}],"predecessor-version":[{"id":650,"href":"https:\/\/tiempodetormentas.com\/en\/wp-json\/wp\/v2\/posts\/438\/revisions\/650"}],"wp:featuredmedia":[{"embeddable":true,"href":"https:\/\/tiempodetormentas.com\/en\/wp-json\/wp\/v2\/media\/632"}],"wp:attachment":[{"href":"https:\/\/tiempodetormentas.com\/en\/wp-json\/wp\/v2\/media?parent=438"}],"wp:term":[{"taxonomy":"category","embeddable":true,"href":"https:\/\/tiempodetormentas.com\/en\/wp-json\/wp\/v2\/categories?post=438"},{"taxonomy":"post_tag","embeddable":true,"href":"https:\/\/tiempodetormentas.com\/en\/wp-json\/wp\/v2\/tags?post=438"}],"curies":[{"name":"wp","href":"https:\/\/api.w.org\/{rel}","templated":true}]}}