{"id":4311,"date":"2026-01-16T12:06:36","date_gmt":"2026-01-16T12:06:36","guid":{"rendered":"https:\/\/tiempodetormentas.com\/?p=4311"},"modified":"2026-01-16T12:13:41","modified_gmt":"2026-01-16T12:13:41","slug":"accion-del-gobierno-de-espana-en-la-comunidad-de-madrid","status":"publish","type":"post","link":"https:\/\/tiempodetormentas.com\/en\/humanidad\/espana\/accion-del-gobierno-de-espana-en-la-comunidad-de-madrid\/","title":{"rendered":"ACCI\u00d3N DEL GOBIERNO DE ESPA\u00d1A EN LA COMUNIDAD DE MADRID"},"content":{"rendered":"<h1>ACCI\u00d3N DEL GOBIERNO DE ESPA\u00d1A EN LA<br \/>\nCOMUNIDAD DE MADRID<\/h1>\n<p>&nbsp;<\/p>\n<p><img loading=\"lazy\" decoding=\"async\" class=\"aligncenter wp-image-4314\" src=\"https:\/\/tiempodetormentas.com\/wp-content\/uploads\/2026\/01\/pedrito.jpeg\" alt=\"\" width=\"560\" height=\"274\" srcset=\"https:\/\/tiempodetormentas.com\/wp-content\/uploads\/2026\/01\/pedrito.jpeg 321w, https:\/\/tiempodetormentas.com\/wp-content\/uploads\/2026\/01\/pedrito-300x147.jpeg 300w, https:\/\/tiempodetormentas.com\/wp-content\/uploads\/2026\/01\/pedrito-18x9.jpeg 18w, https:\/\/tiempodetormentas.com\/wp-content\/uploads\/2026\/01\/pedrito-150x73.jpeg 150w\" sizes=\"auto, (max-width: 560px) 100vw, 560px\" \/><\/p>\n<p>&nbsp;<\/p>\n<h2>RESUMEN EJECUTIVO<\/h2>\n<h4>\u2713 En siete a\u00f1os de Gobierno de Pedro S\u00e1nchez (2019-2025), la<br \/>\nComunidad de Madrid va a recibir un 49,7% m\u00e1s de recursos para<br \/>\nfinanciar los servicios p\u00fablicos que en los siete a\u00f1os de Rajoy (2012-2018):<br \/>\n43.063M\u20ac m\u00e1s. La condonaci\u00f3n de la deuda del Estado alcanza los<br \/>\n8.644M\u20ac, lo que supondr\u00e1 reducir la deuda de la C. Madrid un 24%<br \/>\nrespecto a 2023.<br \/>\n\u2713 En 2026, entre las entregas a cuenta y la liquidaci\u00f3n de 2024, C. Madrid<br \/>\nrecibir\u00e1 la cifra r\u00e9cord de 23.153M\u20ac (+9% que en 2025) y la senda de d\u00e9ficit<br \/>\npropuesta por el Gobierno para 2026-2028 le permitir\u00e1 un margen fiscal<br \/>\nde 1.088M\u20ac.<br \/>\n\u2713 El Plan de Recuperaci\u00f3n, Transformaci\u00f3n y Resiliencia (PRTR) ha<br \/>\ndestinado a la C. Madrid una inversi\u00f3n total de 9.582M\u20ac, de los que<br \/>\n6.134M\u20ac proceden de la Administraci\u00f3n General del Estado, con 233.141<br \/>\nbeneficiarios (datos noviembre).<br \/>\no PERTE VEC (veh\u00edculo el\u00e9ctrico y conectado): 395M\u20ac de los que<br \/>\n243M\u20ac son para el Plan MOVES III, con m\u00e1s de 75.233 beneficiarios.<br \/>\no PERTE AEROESPACIAL: De los 934M\u20ac, inversi\u00f3n de 227M\u20ac en<br \/>\nAirbus Getafe para proyectos con hidr\u00f3geno verde o IA.<\/h4>\n<h4>\u2713 El ministerio de Industria y Turismo ha invertido desde 2019 en la C.<br \/>\nMadrid 2.116,3M\u20ac, +210% (1.433,3M\u20ac) que en los siete a\u00f1os del Gobierno del<br \/>\nPP (683M\u20ac).<br \/>\n\u2713 Transportes ha invertido 802,8M\u20ac\/a\u00f1o desde 2018, frente a los 476,4M\u20ac<br \/>\ncon el PP: cerca de un 70% m\u00e1s anual de media (326,3M\u20ac\/a\u00f1o) y 2.760,9M\u20ac<br \/>\nm\u00e1s en total en el per\u00edodo de Gobierno del PSOE.<\/h4>\n<h4><\/h4>\n<h4>El Plan de Cercan\u00edas 2018-2025: incremento de la inversi\u00f3n un 40%<br \/>\npara cumplir con las necesidades de la red (de 5.089,81M\u20ac en 2018<br \/>\na 7.115,92M\u20ac en 2023).<\/h4>\n<h4>\u2713 La inversi\u00f3n en vivienda en C. Madrid es de 2.508,8M\u20ac, para los Planes<br \/>\nEstatales de Vivienda (409,9M\u20ac); el PRTR (558,5M\u20ac); el Programa de Impulso<br \/>\na la Rehabilitaci\u00f3n de los Edificios P\u00fablicos PIREP (98M\u20ac); el Bono joven<br \/>\n(127,2M\u20ac); Casa 47-Entidad Estatal de Vivienda (1.085M\u20ac); pr\u00e9stamos ICO<br \/>\n(204,9M\u20ac); y subvenciones nominativas (25,1M\u20ac).<br \/>\no Viviendas: 18.508 en construcci\u00f3n (sin SAREB ni AGE) y 47.377 en<br \/>\nrehabilitaci\u00f3n.<\/h4>\n<h4>\u2713 Con el Gobierno de Pedro S\u00e1nchez, la pensi\u00f3n media de jubilaci\u00f3n en la<br \/>\nC. Madrid ha subido 432 euros: ha pasado de 1.300 euros a 1.732, euros<br \/>\n(respecto a noviembre 2018).<br \/>\no Con el PP la pensi\u00f3n de jubilaci\u00f3n ser\u00eda hoy, siete a\u00f1os despu\u00e9s,<br \/>\nde tan solo 1.325 euros.<\/h4>\n<h4>\u2713 La pol\u00edtica laboral del Gobierno tiene claros efectos positivos en C.<br \/>\nMadrid:<br \/>\no EPA: Cierra el tercer trimestre con una reducci\u00f3n de la tasa de paro<br \/>\ndel 11,8% al 7,9% (respecto al tercer trimestre de 2018).<br \/>\no M\u00e1s afiliados a la Seguridad Social (SS): En noviembre hay 3.864.266<br \/>\nafiliados a la SS, 671.627 personas m\u00e1s que en 2018.<br \/>\no Tras la reforma laboral, se han incrementado los contratos<br \/>\nindefinidos: 1.023.010 en C. Madrid, 552.012 m\u00e1s (+117,2%) que en<br \/>\n2019.Importantes partidas en C. Madrid en 2025 para protecci\u00f3n<br \/>\npor desempleo (2.471M\u20ac); y pol\u00edticas activas de empleo (344,6M\u20ac).<br \/>\n\u2713 En Educaci\u00f3n, C. Madrid ha recibido del Ministerio un total de 2.952,9M\u20ac<br \/>\nen estos 7 a\u00f1os de gobierno (2019-2025). Su presupuesto ha pasado de<br \/>\n192,3M\u20ac en 2018 con Rajoy a 455,1M\u20ac en 2025, lo que supone un incremento<br \/>\nde 262,8M\u20ac (+136%).<br \/>\no Becas: 134.491 beneficiarios en el curso 2024\/25.<br \/>\no FP: M\u00e1s de 761M\u20ac (2020-2025), con r\u00e9cord de 180.581 estudiantes.<\/h4>\n<h4>\u2713 En cuanto al escudo social, en C. Madrid hay 195.619 perceptores del<br \/>\nIngreso M\u00ednimo Vital (noviembre) y 187.639 del bono social el\u00e9ctrico<br \/>\n(octubre).<br \/>\n\u2713 Sanidad ha invertido m\u00e1s de 53,8M\u20ac en diferentes programas sanitarios,<br \/>\nde los cu\u00e1les, 25,2M\u20ac se han destinado a reforzar la Atenci\u00f3n Primaria.<br \/>\n\u2713 Igualdad ha destinado a C. Madrid 17M\u20ac para desarrollar el Pacto de<br \/>\nEstado contra la Violencia de G\u00e9nero y 16,4M\u20ac para el Plan<br \/>\nCorresponsables.<br \/>\n\u2713 Incremento de la inversi\u00f3n de Transformaci\u00f3n Digital y Funci\u00f3n P\u00fablica<br \/>\ndel 2.200% (1.558,2M\u20ac): de 71,9M\u20ac en los 7 de a\u00f1os de Rajoy a 1.630,1M\u20ac<br \/>\no Gran impulso a la conectividad; digitalizaci\u00f3n de pymes y<br \/>\naut\u00f3nomos con el Kit Digital (476.8M\u20ac para 122.059 concesiones y<br \/>\n396.600 beneficiarios); y aumento del 25% de empleados p\u00fablicos,<br \/>\n91.019 funcionarios m\u00e1s que con Rajoy.<br \/>\n\u2713 Grandes inversiones de Cultura en la C. Madrid:<br \/>\no Monasterio Nuestra Se\u00f1ora de El Paular en Rascafr\u00eda (3,7M\u20ac)<br \/>\no Biblioteca Nacional de Espa\u00f1a (10,5M\u20ac)<br \/>\no Tabacalera (14M\u20ac)<br \/>\no Museo Sorolla (10,3M\u20ac)<br \/>\no Museo del Traje (13M\u20ac)<br \/>\n\u2713 En Memoria Democr\u00e1tica: 2,2M\u20ac para exhumaciones (2020\/2025)<br \/>\nECONOM\u00cdA Y EMPLEO<br \/>\n\u2713 Se ha incrementado el n\u00famero de personas afiliadas a la Seguridad<br \/>\nSocial, llegando a la cifra de 3.864.266 afiliados en noviembre de 2025,<br \/>\n671.627 m\u00e1s que en noviembre del 2018.<br \/>\n\u2713 Se han superado el mill\u00f3n de contratos indefinidos (1.023.010), un 117%<br \/>\nm\u00e1s que en 2019.<\/h4>\n<h4>\u2713 391.800 personas se han beneficiado en 2025 de la subida del SMI hasta<br \/>\nlos 1.184 euros mensuales.<br \/>\n\u2713 9.582 millones de euros se han asignado a la Comunidad de Madrid para<br \/>\nel despliegue de inversiones del Plan de Recuperaci\u00f3n, Transformaci\u00f3n y<br \/>\nResiliencia en sus \u00e1mbitos de competencias.<br \/>\no 6.134 millones de euros del Plan han sido resueltos por la<br \/>\nAdministraci\u00f3n General del Estado en la Comunidad de Madrid y<br \/>\n3.448 millones de euros han sido asignados en conferencias<br \/>\nsectoriales.<\/h4>\n<h4>\u2713 233.141 empresas, instituciones y ciudadanos y ciudadanas se han visto<br \/>\nbeneficiadas a trav\u00e9s de los Fondos Europeos Next Generation.<br \/>\n\u2713 Se ha autorizado el contrato para la redacci\u00f3n, construcci\u00f3n y explotaci\u00f3n<br \/>\ndel Palacio de Congresos de Madrid, por importe de 1.279 millones de<br \/>\neuros, que permitir\u00e1 la reapertura de este espacio dedicado a la celebraci\u00f3n<br \/>\nde eventos y congresos, tras m\u00e1s de 13 a\u00f1os cerrado.<br \/>\n\u2713 Se ha resuelto la convocatoria NEOTEC 2024 con 19,3 millones de euros<br \/>\npara 62 pymes espa\u00f1olas innovadoras, destinando 6,9 millones de euros<br \/>\npara pymes de Madrid.<br \/>\n\u2713 Se ha formalizado una inversi\u00f3n de 200 millones de euros hasta 2037,<br \/>\nfinanciada por el Gobierno de Espa\u00f1a (120 millones), la Comunidad de<br \/>\nMadrid y la UAM para el futuro Centro Nacional de Neurotecnolog\u00eda (Spain<br \/>\nNeurotech), ubicado en la Universidad Aut\u00f3noma de Madrid<br \/>\nFORTALECER EL ESTADO DE BIENESTAR<br \/>\n\u2713 Le pensi\u00f3n media en la Comunidad de Madrid ha alcanzado los 1.732<br \/>\n\u20ac\/mes, 432 \u20ac m\u00e1s que en 2018 y 408 \u20ac m\u00e1s que en caso de haberse aplicado<br \/>\nlas subidas del 0,25 % de la reforma del PP.<\/h4>\n<p><img loading=\"lazy\" decoding=\"async\" class=\"aligncenter size-full wp-image-4313\" src=\"https:\/\/tiempodetormentas.com\/wp-content\/uploads\/2026\/01\/reyes-maroto.webp\" alt=\"\" width=\"1200\" height=\"840\" srcset=\"https:\/\/tiempodetormentas.com\/wp-content\/uploads\/2026\/01\/reyes-maroto.webp 1200w, https:\/\/tiempodetormentas.com\/wp-content\/uploads\/2026\/01\/reyes-maroto-300x210.webp 300w, https:\/\/tiempodetormentas.com\/wp-content\/uploads\/2026\/01\/reyes-maroto-1024x717.webp 1024w, https:\/\/tiempodetormentas.com\/wp-content\/uploads\/2026\/01\/reyes-maroto-768x538.webp 768w, https:\/\/tiempodetormentas.com\/wp-content\/uploads\/2026\/01\/reyes-maroto-18x12.webp 18w, https:\/\/tiempodetormentas.com\/wp-content\/uploads\/2026\/01\/reyes-maroto-600x420.webp 600w, https:\/\/tiempodetormentas.com\/wp-content\/uploads\/2026\/01\/reyes-maroto-150x105.webp 150w, https:\/\/tiempodetormentas.com\/wp-content\/uploads\/2026\/01\/reyes-maroto-696x487.webp 696w, https:\/\/tiempodetormentas.com\/wp-content\/uploads\/2026\/01\/reyes-maroto-1068x748.webp 1068w\" sizes=\"auto, (max-width: 1200px) 100vw, 1200px\" \/><\/p>\n<p>Reyes Maroto, portavoz del grupo del PSOE en el Ayuntamiento de Madrid<\/p>\n<h4>\u2713 El Ingreso M\u00ednimo Vital est\u00e1 alcanzando a 195.619 personas<br \/>\nbeneficiarias, 289.980 perceptores han recibido el IMV desde el 2020.<br \/>\n\u2713 134.491 madrile\u00f1os y madrile\u00f1as son beneficiarios de una beca por<br \/>\nestudios del Ministerio de Educaci\u00f3n.<br \/>\n\u2713 Se han transferido 344,7 millones de euros a la Comunidad de Madrid<br \/>\npara Pol\u00edticas Activas de Empleo en el ejercicio 2025.<br \/>\n\u2713 187.639 personas han sido beneficiarias del bono social el\u00e9ctrico en la<br \/>\nComunidad de Madrid, un incremento de m\u00e1s de 47.000 respecto a 2019.<br \/>\n\u2713 1.176.451 pensionistas de la Comunidad de Madrid se han beneficiado de<br \/>\nla revalorizaci\u00f3n de pensiones conforme al IPC en 2025.<br \/>\n\u2713 Se ha financiado la contrataci\u00f3n de 656 profesores\/as ayudantes doctor,<br \/>\ncon una inversi\u00f3n de 170 millones de euros en 6 a\u00f1os a trav\u00e9s del Programa<br \/>\nMar\u00eda Goyri.<br \/>\n\u2713 Se ha impulsado la creaci\u00f3n de 4.514 nuevas plazas de Formaci\u00f3n<br \/>\nProfesional, respondiendo a la creciente demanda de este tipo de<br \/>\nense\u00f1anza y fomentando la formaci\u00f3n en sectores estrat\u00e9gicos para el<br \/>\nempleo.<br \/>\no Adem\u00e1s, se han anunciado 1.753 nuevas plazas para la educaci\u00f3n<br \/>\ninfantil (0 a 3 a\u00f1os), ampliando la escolarizaci\u00f3n temprana y<br \/>\napoyando a las familias de la regi\u00f3n.<\/h4>\n<h4>\u2713 Se han invertido 140,1 millones de euros para la rehabilitaci\u00f3n de 2.801<br \/>\nviviendas dentro del programa de ayuda a la construcci\u00f3n de viviendas en<br \/>\nalquiler social en edificios energ\u00e9ticamente eficientes.<br \/>\n\u2713 La inversi\u00f3n en vivienda en C. Madrid es de 2.508,8M\u20ac, para los Planes<br \/>\nEstatales de Vivienda (409,9M\u20ac); el PRTR (558,5M\u20ac); el Programa de<br \/>\nImpulso a la Rehabilitaci\u00f3n de los Edificios P\u00fablicos PIREP (98M\u20ac); el Bono<\/h4>\n<h4>joven (127,2M\u20ac); Casa 47-Entidad Estatal de Vivienda (1.085M\u20ac); pr\u00e9stamos<br \/>\nICO (204,9M\u20ac); y subvenciones nominativas (25,1M\u20ac).<br \/>\no Viviendas: 18.508 en construcci\u00f3n (sin SAREB ni AGE) y 47.377 en<br \/>\nrehabilitaci\u00f3n.<\/h4>\n<h4>\u2713 Se han notificado a las plataformas digitales el registro de 1.531 pisos<br \/>\ntur\u00edsticos ilegales, obligando la retirada de los anuncios online y<br \/>\nfavoreciendo su incorporaci\u00f3n al mercado del alquiler residencial.<br \/>\n\u2713 Se han destinado 31,8 millones de euros para la financiaci\u00f3n del Bono<br \/>\nAlquiler Joven.<br \/>\n\u2713 125.169 mujeres se han beneficiado del complemento para reducir la<br \/>\nbrecha de g\u00e9nero en las pensiones.<br \/>\n\u2713 Han entrado en funcionamiento los primeros 14 Tribunales de Instancia<br \/>\nen la Comunidad de Madrid, dentro de la primera fase de la implantaci\u00f3n<br \/>\nde la Ley de Eficiencia del Servicio P\u00fablico de Justicia.<br \/>\n\u2713 Se han destinado 25,2 millones de euros para atenci\u00f3n primaria, dentro<br \/>\ndel Marco Estrat\u00e9gico de Atenci\u00f3n Primaria y Comunitario.<br \/>\n\u2713 Se ha aprobado la creaci\u00f3n de 6 nuevas plazas de jueces en la<br \/>\nComunidad de Madrid para reforzar las Secciones de Violencia sobre la<br \/>\nMujer y la implantaci\u00f3n de Secci\u00f3n especializada en Violencia sobre la<br \/>\nInfancia y la Adolescencia en el partido judicial de Madrid.<br \/>\n\u2713 El Gobierno de Espa\u00f1a ha declarado 10 Lugares de Memoria<br \/>\nDemocr\u00e1tica en la Comunidad de Madrid.<br \/>\n\u2713 Se ha aprobado la financiaci\u00f3n de la identificaci\u00f3n de los restos de 108<br \/>\nv\u00edctimas exhumadas en el cementerio madrile\u00f1o de Colmenar Viejo.<br \/>\n\u2713 Se ha destinado una inversi\u00f3n de m\u00e1s de 16,1 millones de euros para la<br \/>\nadquisici\u00f3n de equipamiento cient\u00edfico-t\u00e9cnico en centros p\u00fablicos de<br \/>\ninvestigaci\u00f3n y universidades del pa\u00eds<\/h4>\n<h4>\u2713 Se han incorporado a la Administraci\u00f3n General del Estado m\u00e1s de 2.310<br \/>\nadministrativos para reforzar los servicios p\u00fablicos esenciales en la<br \/>\nComunidad de Madrid.<br \/>\n\u2713 Se ha concedido 26,7 millones de euros para financiar nuevas plazas de<br \/>\nMedicina, incluidas 214 plazas en universidades madrile\u00f1as.<br \/>\n\u2713 Se ha acordado el reparto de 102,7 millones de euros a la Comunidad de<br \/>\nMadrid para la financiaci\u00f3n del SAAD (Sistema de Autonom\u00eda y Atenci\u00f3n a<br \/>\nla Dependencia).<br \/>\n\u2713 Se ha autorizado destinar cerca de 40,5 millones de euros a la<br \/>\nComunidad de Madrid para financiar programas de inter\u00e9s social, del<br \/>\nimporte recaudado en la asignaci\u00f3n tributaria del 0,7% del IRPF y del<br \/>\nImpuesto sobre Sociedades entre los gobiernos de las comunidades y<br \/>\nciudades aut\u00f3nomas.<br \/>\n\u2713 Se ha puesto en marcha el centro ATENPRO, ubicado en el Centro de<br \/>\nCreaci\u00f3n de las Artes de Alcorc\u00f3n, con una inversi\u00f3n de 32 millones de<br \/>\neuros, para brindar teleasistencia y apoyo psicosocial a mujeres v\u00edctimas de<br \/>\nviolencia de g\u00e9nero.<br \/>\nADAPTACI\u00d3N Y MITIGACI\u00d3N A LA EMERGENCIA CLIM\u00c1TICA<br \/>\n\u2713 Se ha iniciado la fase de audiencia p\u00fablica de la Propuesta inicial de<br \/>\ndesarrollo de la red de transporte de energ\u00eda el\u00e9ctrica con horizonte 2030,<br \/>\nque prev\u00e9 160 nuevas posiciones el\u00e9ctricas en Espa\u00f1a, con apoyo a la<br \/>\nindustria y atenci\u00f3n a los grandes desarrollos urban\u00edsticos previstos en<br \/>\nMadrid.<br \/>\n\u2713 Se han asignado 3,9 millones de euros correspondientes a la aportaci\u00f3n<br \/>\nestatal a las intervenciones auton\u00f3micas de desarrollo rural incluidas en el<br \/>\nPlan Estrat\u00e9gico de la Pol\u00edtica Agr\u00edcola Com\u00fan (PAC) 2023-2027.<\/h4>\n<h4>\u2713 En las pr\u00f3ximas semanas, el Ministerio de Agricultura adelantar\u00e1 18,2<br \/>\nmillones de euros de las ayudas directas de PAC para los agricultores y<br \/>\nganaderos de la Comunidad de Madrid.<br \/>\n\u2713 Se han destinado 3,1 millones de euros para los programas de promoci\u00f3n<br \/>\ndel vino en mercados de terceros pa\u00edses para el 2025.<br \/>\n\u2713 Se han invertido m\u00e1s de 1,3 millones de euros para impulsar el desarrollo<br \/>\nde proyectos innovadores y sostenibles en la Comunidad de Madrid.<br \/>\n\u2713 Se ha aprobado por el Ministerio para la Transici\u00f3n Ecol\u00f3gica m\u00faltiples<br \/>\nproyectos con ayudas a entidades locales de entre 2 y 4 millones de euros,<br \/>\npara la renaturalizaci\u00f3n de las ciudades, como San Sebasti\u00e1n de los Reyes<br \/>\no Fuenlabrada.<br \/>\n\u2713 Se ha aprobado la convocatoria de Misiones Ciencia e Innovaci\u00f3n por<br \/>\n83,5 millones para 49 proyectos. La Comunidad de Madrid se posiciona en 1o<br \/>\nlugar con un 23% de los fondos (m\u00e1s de 22,5 millones de euros).<\/h4>\n<h2>\nFORTALECIMIENTO DE NUESTRAS INSTITUCIONES Y DE LA COHESI\u00d3N<br \/>\nTERRITORIAL<\/h2>\n<h4><\/h4>\n<h4>\u00a0En 2026, la Comunidad de Madrid recibir\u00e1 las mayores entregas a cuenta<br \/>\nde su historia con 21.904 millones de euros, un 6,9% m\u00e1s que 2025. Es decir,<br \/>\n1.455 millones m\u00e1s por este concepto.<br \/>\no En total, incluyendo la liquidaci\u00f3n de 2024, la Comunidad de Madrid<br \/>\nrecibir\u00e1 en 2026 del sistema de financiaci\u00f3n 23.050 millones de<br \/>\neuros, un 8,5% m\u00e1s que en 2025.<br \/>\no Entre 2019 y 2026, la Comunidad de Madrid habr\u00e1 recibido 152.677<br \/>\nmillones. Son 19.085 millones al a\u00f1o, lo que supone 6.718 millones<br \/>\nm\u00e1s anuales de lo recibido durante la etapa de Rajoy.<\/h4>\n<h4>\u2713 La financiaci\u00f3n de la Comunidad de Madrid en el periodo 2019-2025 ha<br \/>\naumentado en 43.063,5 millones de euros con respecto al periodo 2012-<br \/>\n2018, un aumento de 49,7%<\/h4>\n<h4>\u2713 Se ha aprobado la concesi\u00f3n directa de ayudas para compensar los da\u00f1os<br \/>\nproducidos sobre la actividad agraria por los grandes incendios acaecidos<br \/>\nen 2025, que incluye a los municipios madrile\u00f1os de Alcobendas, Colmenar<br \/>\nVIejo, Navalcarnero, Villamanta, Tres Cantos y Madrid.<br \/>\n\u2713 Se ha asignado 58.,5 millones de euros para 12 proyectos de desarrollo<br \/>\nsostenible de Entidades Locales, con el objetivo de reforzar la cohesi\u00f3n y el<br \/>\nreequilibrio territorial, en el marco del Plan EDIL.<br \/>\n\u2713 Entregas a cuenta a los Ayuntamientos madrile\u00f1os del r\u00e9gimen de<br \/>\ncesi\u00f3n:<\/h4>\n<h4>Municipio 2023 2024 2025 AUMENTO:<br \/>\nAlcal\u00e1 de Henares 64.960.349,38 68.242.686,05 77.553.735,32 16,24%<br \/>\nAlcobendas 36.931.306,85 39.705.683,24 44.658.515,66 17,30%<br \/>\nAlcorc\u00f3n 56.093.186,51 59.138.443,06 66.924.806,70 16,18%<br \/>\nCoslada 27.251.542,85 28.594.586,54 32.455.441,07 16,03%<br \/>\nFuenlabrada 68.658.969,72 72.014.106,34 81.804.155,76 16,07%<br \/>\nGetafe 61.647.297,84 64.869.769,10 73.869.264,84 16,55%<br \/>\nLegan\u00e9s 64.900.879,66 68.108.091,89 77.621.458,41 16,39%<br \/>\nMadrid 2.058.543.165, 712.171.239.317,012.457.306.066,2916,23%<br \/>\nM\u00f3stoles 71.121.635,42 74.634.669,36 84.911.697,34 16,24%<br \/>\nParla 29.917.798,24 31.312.627,66 35.840.447,97 16,53%<br \/>\nPozuelo deAlarc\u00f3n 23.748.157,81 25.637.413,60 28.628.546,50 17,05%<\/h4>\n<h4>Rivas-Vaciamadrid 22.657.770,84 24.062.855,95 27.671.176,73 18,12%<\/h4>\n<h4>Rozas deMadrid (Las) 22.757.160,89 24.257.506,85 27.628.490,61 17,63%<br \/>\nSanSebasti\u00e1n de los Reyes 22.365.685,76 23.708.236,02 27.099.726,10 17,47%<\/h4>\n<h4>Torrej\u00f3n de Ardoz 37.991.092,06 39.931.948,05 44.140.635,44 13,93%<br \/>\nValdemoro 20.596.933,29 20.497.579,06 23.450.721,36 12,17%<\/h4>\n<h4>\u2713 Se ha aprobado la asignaci\u00f3n para 2025 del Mecanismo de Pago a<br \/>\nProveedores para la atenci\u00f3n por parte de las Entidades Locales de sus obligaciones pendientes de pago a proveedores, beneficiando a 20<br \/>\nmunicipios de Madrid (Arroyomolinos, Estremera, Legan\u00e9s, Moraleja de<br \/>\nEnmedio, Parla, Pozuelo de Alarc\u00f3n, Torrej\u00f3n de Velasco, Aranjuez, Brea de<br \/>\nTajo, Brunete, Casarrubuelos, Cenicientos, Mejorada del Campo,<br \/>\nNavalagamella, Los Santos de la Humosa, Sevilla la Nueva, Valdaracete,<br \/>\nValdemanco, Valverde de Alcal\u00e1 y Villarejo de Salvan\u00e9s) por un importe total<br \/>\nde 50,7 millones de euros.<br \/>\n\u2713 Se ha acordado la mejora de las condiciones del Fondo de Financiaci\u00f3n<br \/>\npara garantizar la sostenibilidad financiera de ayuntamientos con<br \/>\ndificultades, por una cuant\u00eda superior a los 4.223 millones de euros en toda<br \/>\nEspa\u00f1a, del que se beneficiar\u00e1n 13 municipios madrile\u00f1os: Aranjuez,<br \/>\nArganda del Rey, Brunete, Casarrubuelos, Cenicientos, Moreleja de<br \/>\nEnmedio, Navalcarnero, Parla, Quijorna, Torrej\u00f3n de la Calzada, Torrej\u00f3n de<br \/>\nVelasco, Villaconejos y Villanueva de Perales<\/h4>\n<h4>\u2713 Se ha aprobado la condonaci\u00f3n de deuda de la Comunidades<br \/>\nAut\u00f3nomas por el estado, asumiendo 83.252 millones de euros<br \/>\ncorrespondiendo a la Comunidad de Madrid 8.644 millones de euros seg\u00fan<br \/>\nla metodolog\u00eda utilizada.<\/h4>\n<h2>INVERSI\u00d3N EN INFRAESTRUCTURAS<\/h2>\n<h4>\u2713 El Ministerio de Transportes y Movilidad Sostenible ya est\u00e1 trabajando en<br \/>\nla redacci\u00f3n de los pliegos para licitar un nuevo estudio de viabilidad para<br \/>\nhacerse cargo de las obras que quedar\u00edan pendientes para terminar de<br \/>\nextender la red de Cercan\u00edas hasta la localidad de Navalcarnero, que<br \/>\nbeneficiar\u00eda tambi\u00e9n a municipios como Cenicientos, Sevilla la Nueva o<br \/>\nNavas del Rey.<br \/>\n\u2713 Se ha aprobado la concesi\u00f3n directa de 126,89 millones de euros para el<br \/>\nConsorcio Regional de Transportes de Madrid con el objetivo de financiar<br \/>\nel transporte p\u00fablico colectivo.<\/h4>\n<h4>\u2713 Se han finalizado las obras de mejora del enlace de El Barrial entre la A-6<br \/>\ny la M-40, con una inversi\u00f3n de casi 44 millones de euros para mejorar la<br \/>\nfluidez del tr\u00e1fico y la seguridad vial.<br \/>\n\u2713 Se ha anunciado una inversi\u00f3n de 1.000 millones para modernizar los<br \/>\ntalleres de mantenimiento de Renfe, entre ellos los de Aranjuez, M\u00f3stoles-El<br \/>\nSoto y Fuencarral.<br \/>\n\u2713 Se encuentra en ejecuci\u00f3n una inversi\u00f3n de m\u00e1s de 110 millones de euros<br \/>\npara construir la plataforma ferroviaria de un ramal directo de enlace entre<br \/>\nlas l\u00edneas de alta velocidad Madrid-Barcelona y Madrid-Levante.<br \/>\n\u2713 Se ha adjudicado por 11 millones de euros las obras para adecuar el<br \/>\ntr\u00e1nsito de peatones y bicis unos 4,6 kil\u00f3metros de la A-1A a su paso por los<br \/>\nmunicipios de El Molar y Pedrezuela.<br \/>\n\u2713 Se han financiado las obras de reforma del Laboratorio Central de<br \/>\nVeterinaria de Algete por importe de 13,3 millones de euros.<br \/>\n\u2713 Se ha licitado la rehabilitaci\u00f3n de firme de la A-5, entre sus kms 10 y 36,7,<br \/>\na su paso por Alcorc\u00f3n, M\u00f3stoles y Navalcarnero, por importe de 21,85<br \/>\nmillones de euros, permitiendo alargar su vida \u00fatil y garantizando unas<br \/>\ncondiciones de circulaci\u00f3n y seguridad vial adecuadas.<br \/>\n\u2713 Se han adjudicado 6,17 millones de euros para la renovaci\u00f3n integral del<br \/>\nt\u00fanel ferroviario de Guadarrama que une la Comunidad de Madrid con<br \/>\nSegovia, reforzando la sostenibilidad, resiliencia y calidad de la<br \/>\ninfraestructura por la que transcurren servicios ferroviarios de Media<br \/>\nDistancia.<br \/>\n\u2713 Se est\u00e1 invirtiendo 63 millones de euros en el nuevo acceso ferroviario<br \/>\nen ancho est\u00e1ndar al Aeropuerto Adolfo Su\u00e1rez-Madrid Barajas, para<br \/>\nmejorar su conexi\u00f3n con el resto de Espa\u00f1a y fomentar la intermodalidad<br \/>\na\u00e9reo-ferroviaria para los viajes de media y larga distancia.<\/h4>\n<h4>\u2713 Se han asignado 4.000 millones de euros al Aeropuerto Adolfo Su\u00e1rez<br \/>\nMadrid-Barajas para su expansi\u00f3n y modernizaci\u00f3n, siendo esta la<br \/>\nasignaci\u00f3n m\u00e1s elevada dentro del nuevo plan de inversiones de casi 13.000<br \/>\nmillones de euros. En Madrid-Barajas, se emplear\u00e1n principalmente en la<br \/>\nampliaci\u00f3n de la Terminal 4 y su sat\u00e9lite (T4S), y en la creaci\u00f3n de un nuevo<br \/>\nprocesador que unificar\u00e1 y renovar\u00e1 las terminales 1, 2 y 3.<br \/>\n\u2713 Se ha concluido la primera fase de transformaci\u00f3n de la estaci\u00f3n de<br \/>\nMadrid Chamart\u00edn-Clara Campoamor, con una inversi\u00f3n ya ejecutada de<br \/>\nm\u00e1s de 312 millones de euros.<br \/>\n\u2713 Se ha anunciado la construcci\u00f3n de una estaci\u00f3n de trenes de Alta<br \/>\nVelocidad (AVE) en Parla dentro del proyecto renovaci\u00f3n de la l\u00ednea entre<br \/>\nMadrid y Barcelona, que pretende reducir el tiempo trayecto a menos de dos<br \/>\nhoras.<br \/>\n\u2713 Se han destinado 10,2 millones de euros para la mejora de accesos en el<br \/>\nentorno del estadio Riyadh Air Metropolitano, a trav\u00e9s de nuevos ramales de<br \/>\nconexi\u00f3n de la M-14 y M-21 con v\u00eda de servicio interior de la M-40.<br \/>\n\u2713 Se est\u00e1n invirtiendo 38,8 millones de euros en las obras del enlace de la<br \/>\nM-40 con la A-6 y las nuevas conexiones de la A-6 con la Avenida de la<br \/>\nVictoria (enlace de El Barrial).<br \/>\n\u2713 El nuevo carril bus-VAO de la autov\u00eda A-2 empezar\u00e1 a funcionar en el<br \/>\nprimer trimestre de 2026, tras una inversi\u00f3n de 13,9 millones de euros.<br \/>\n\u2713 Se ha activado la gratuidad de la autopista R-5 para autobuses y<br \/>\nmicrobuses durante los cortes de tr\u00e1fico previstos por las obras de<br \/>\nsoterramiento de la A-5 impulsadas por el Ayuntamiento de Madrid.<br \/>\n\u2713 Se han licitado 28 millones de euros para la realizaci\u00f3n de obras para reducir el ruido con la instalaci\u00f3n de pantallas antirruido en tramos de la A-<br \/>\n5 a su paso por Navalcarnero, Alcorc\u00f3n y M\u00f3stoles y de la A-1 en Alcobendas.<\/h4>\n<h4>\u2713 Se han invertido 1,96 millones de euros en obras para reducir el ruido de<br \/>\nla A-42 a su paso por Getafe.<br \/>\n\u2713 En el \u00e1mbito de Cercan\u00edas:<br \/>\no El presupuesto del Plan de Cercan\u00edas ha aumentado hasta los 7.116<br \/>\nmillones de euros, un 40 % m\u00e1s que el presupuesto inicial de 2018.<br \/>\nSe est\u00e1n impulsando actualmente 160 actuaciones por un volumen<br \/>\nglobal de 2.269 millones de euros.<br \/>\no 166,7 millones de euros se est\u00e1n destinando a nuevas estaciones<br \/>\nde Cercan\u00edas en Madrid, estando ya en ejecuci\u00f3n las de La Tener\u00eda<br \/>\n(13,1 M\u20ac) y Parla Norte (24,4 M\u20ac).<br \/>\no 22,4 millones de euros se han destinado a las obras para la<br \/>\nimplantaci\u00f3n del Esquema 4+4+2 en la estaci\u00f3n de Atocha<br \/>\nCercan\u00edas, actualmente en ejecuci\u00f3n, con el objetivo de<br \/>\nincrementar la capacidad y reorganizar las v\u00edas.<br \/>\no Se ha licitado por 2,15 millones de euros el proyecto para mejorar<br \/>\nel servicio de Cercan\u00edas en el Corredor de Henares, con<br \/>\nremodelaci\u00f3n de v\u00edas y andenes de las estaciones de La Garena,<br \/>\nSoto del Henares y Alcal\u00e1 de Henares, donde se desplegar\u00e1 un<br \/>\nnuevo vest\u00edbulo de acceso.<br \/>\no Se han destinado 5,8 millones de euros, a trav\u00e9s del PRTR<br \/>\nfinanciado por los fondos Next Generation EU, para la mejora de las<br \/>\nl\u00edneas de Cercan\u00edas del Corredor del Henares y la prolongaci\u00f3n de la<br \/>\nl\u00ednea C-4b desde Colmenar Viejo hasta Soto del Real, donde se<br \/>\nest\u00e1n invirtiendo 17 millones de euros en la nueva estaci\u00f3n de<br \/>\nSoto Sur.<br \/>\no Se ha licitado por el Ministerio de Transportes, por 27,3 millones de<br \/>\neuros, el mantenimiento de ascensores y escaleras mec\u00e1nicas en<br \/>\n120 estaciones ferroviarias, incluidas las de Atocha Almudena<br \/>\nGrandes y Chamart\u00edn Clara Campoamor en Madrid.<\/h4>\n<p>Fuente:<\/p>\n<h4><strong>DELEGACI\u00d3N<\/strong><br \/>\n<strong>DEL GOBIERNO<\/strong><br \/>\n<strong>EN MADRID<\/strong><\/h4>\n<h5>C\/ MIGUEL \u00c1NGEL, 25<br \/>\n28071 &#8211; MADRID<br \/>\nTEL: 91 272 92 50 \/ 51<br \/>\nFAX: 91 272 91 90<\/h5>\n<h4><\/h4>","protected":false},"excerpt":{"rendered":"<p>ACCI\u00d3N DEL GOBIERNO DE ESPA\u00d1A EN LA COMUNIDAD DE MADRID &nbsp; &nbsp; RESUMEN EJECUTIVO \u2713 En siete a\u00f1os de Gobierno de Pedro S\u00e1nchez (2019-2025), la Comunidad de Madrid va a recibir un 49,7% m\u00e1s de recursos para financiar los servicios p\u00fablicos que en los siete a\u00f1os de Rajoy (2012-2018): 43.063M\u20ac m\u00e1s. La condonaci\u00f3n de la [&hellip;]<\/p>","protected":false},"author":13,"featured_media":4315,"comment_status":"open","ping_status":"open","sticky":false,"template":"","format":"standard","meta":{"footnotes":""},"categories":[37,52],"tags":[],"class_list":["post-4311","post","type-post","status-publish","format-standard","has-post-thumbnail","category-espana","category-madrid"],"yoast_head":"<!-- This site is optimized with the Yoast SEO plugin v26.2 - https:\/\/yoast.com\/wordpress\/plugins\/seo\/ -->\n<title>ACCI\u00d3N DEL GOBIERNO DE ESPA\u00d1A EN LA COMUNIDAD DE MADRID - Tiempo de Tormentas<\/title>\n<meta name=\"robots\" content=\"index, follow, max-snippet:-1, max-image-preview:large, max-video-preview:-1\" \/>\n<link rel=\"canonical\" href=\"https:\/\/tiempodetormentas.com\/en\/humanidad\/espana\/accion-del-gobierno-de-espana-en-la-comunidad-de-madrid\/\" \/>\n<meta property=\"og:locale\" content=\"en_GB\" \/>\n<meta property=\"og:type\" content=\"article\" \/>\n<meta property=\"og:title\" content=\"ACCI\u00d3N DEL GOBIERNO DE ESPA\u00d1A EN LA COMUNIDAD DE MADRID - Tiempo de Tormentas\" \/>\n<meta property=\"og:description\" content=\"ACCI\u00d3N DEL GOBIERNO DE ESPA\u00d1A EN LA COMUNIDAD DE MADRID &nbsp; &nbsp; RESUMEN EJECUTIVO \u2713 En siete a\u00f1os de Gobierno de Pedro S\u00e1nchez (2019-2025), la Comunidad de Madrid va a recibir un 49,7% m\u00e1s de recursos para financiar los servicios p\u00fablicos que en los siete a\u00f1os de Rajoy (2012-2018): 43.063M\u20ac m\u00e1s. La condonaci\u00f3n de la [&hellip;]\" \/>\n<meta property=\"og:url\" content=\"https:\/\/tiempodetormentas.com\/en\/humanidad\/espana\/accion-del-gobierno-de-espana-en-la-comunidad-de-madrid\/\" \/>\n<meta property=\"og:site_name\" content=\"Tiempo de Tormentas\" \/>\n<meta property=\"article:published_time\" content=\"2026-01-16T12:06:36+00:00\" \/>\n<meta property=\"article:modified_time\" content=\"2026-01-16T12:13:41+00:00\" \/>\n<meta property=\"og:image\" content=\"https:\/\/tiempodetormentas.com\/wp-content\/uploads\/2026\/01\/oscar.jpeg\" \/>\n\t<meta property=\"og:image:width\" content=\"1600\" \/>\n\t<meta property=\"og:image:height\" content=\"666\" \/>\n\t<meta property=\"og:image:type\" content=\"image\/jpeg\" \/>\n<meta name=\"author\" content=\"Tiempo de Tormentas\" \/>\n<meta name=\"twitter:card\" content=\"summary_large_image\" \/>\n<meta name=\"twitter:label1\" content=\"Written by\" \/>\n\t<meta name=\"twitter:data1\" content=\"Tiempo de Tormentas\" \/>\n\t<meta name=\"twitter:label2\" content=\"Estimated reading time\" \/>\n\t<meta name=\"twitter:data2\" content=\"17 minutes\" \/>\n<script type=\"application\/ld+json\" class=\"yoast-schema-graph\">{\"@context\":\"https:\/\/schema.org\",\"@graph\":[{\"@type\":\"Article\",\"@id\":\"https:\/\/tiempodetormentas.com\/humanidad\/espana\/accion-del-gobierno-de-espana-en-la-comunidad-de-madrid\/#article\",\"isPartOf\":{\"@id\":\"https:\/\/tiempodetormentas.com\/humanidad\/espana\/accion-del-gobierno-de-espana-en-la-comunidad-de-madrid\/\"},\"author\":{\"name\":\"Tiempo de Tormentas\",\"@id\":\"https:\/\/tiempodetormentas.com\/#\/schema\/person\/9a9e95f6209f068f15d4e1c74cc3718e\"},\"headline\":\"ACCI\u00d3N DEL GOBIERNO DE ESPA\u00d1A EN LA COMUNIDAD DE MADRID\",\"datePublished\":\"2026-01-16T12:06:36+00:00\",\"dateModified\":\"2026-01-16T12:13:41+00:00\",\"mainEntityOfPage\":{\"@id\":\"https:\/\/tiempodetormentas.com\/humanidad\/espana\/accion-del-gobierno-de-espana-en-la-comunidad-de-madrid\/\"},\"wordCount\":3467,\"commentCount\":0,\"publisher\":{\"@id\":\"https:\/\/tiempodetormentas.com\/#organization\"},\"image\":{\"@id\":\"https:\/\/tiempodetormentas.com\/humanidad\/espana\/accion-del-gobierno-de-espana-en-la-comunidad-de-madrid\/#primaryimage\"},\"thumbnailUrl\":\"https:\/\/tiempodetormentas.com\/wp-content\/uploads\/2026\/01\/oscar.jpeg\",\"articleSection\":[\"Espa\u00f1a\",\"Madrid\"],\"inLanguage\":\"en-GB\",\"potentialAction\":[{\"@type\":\"CommentAction\",\"name\":\"Comment\",\"target\":[\"https:\/\/tiempodetormentas.com\/humanidad\/espana\/accion-del-gobierno-de-espana-en-la-comunidad-de-madrid\/#respond\"]}]},{\"@type\":\"WebPage\",\"@id\":\"https:\/\/tiempodetormentas.com\/humanidad\/espana\/accion-del-gobierno-de-espana-en-la-comunidad-de-madrid\/\",\"url\":\"https:\/\/tiempodetormentas.com\/humanidad\/espana\/accion-del-gobierno-de-espana-en-la-comunidad-de-madrid\/\",\"name\":\"ACCI\u00d3N DEL GOBIERNO DE ESPA\u00d1A EN LA COMUNIDAD DE MADRID - Tiempo de Tormentas\",\"isPartOf\":{\"@id\":\"https:\/\/tiempodetormentas.com\/#website\"},\"primaryImageOfPage\":{\"@id\":\"https:\/\/tiempodetormentas.com\/humanidad\/espana\/accion-del-gobierno-de-espana-en-la-comunidad-de-madrid\/#primaryimage\"},\"image\":{\"@id\":\"https:\/\/tiempodetormentas.com\/humanidad\/espana\/accion-del-gobierno-de-espana-en-la-comunidad-de-madrid\/#primaryimage\"},\"thumbnailUrl\":\"https:\/\/tiempodetormentas.com\/wp-content\/uploads\/2026\/01\/oscar.jpeg\",\"datePublished\":\"2026-01-16T12:06:36+00:00\",\"dateModified\":\"2026-01-16T12:13:41+00:00\",\"breadcrumb\":{\"@id\":\"https:\/\/tiempodetormentas.com\/humanidad\/espana\/accion-del-gobierno-de-espana-en-la-comunidad-de-madrid\/#breadcrumb\"},\"inLanguage\":\"en-GB\",\"potentialAction\":[{\"@type\":\"ReadAction\",\"target\":[\"https:\/\/tiempodetormentas.com\/humanidad\/espana\/accion-del-gobierno-de-espana-en-la-comunidad-de-madrid\/\"]}]},{\"@type\":\"ImageObject\",\"inLanguage\":\"en-GB\",\"@id\":\"https:\/\/tiempodetormentas.com\/humanidad\/espana\/accion-del-gobierno-de-espana-en-la-comunidad-de-madrid\/#primaryimage\",\"url\":\"https:\/\/tiempodetormentas.com\/wp-content\/uploads\/2026\/01\/oscar.jpeg\",\"contentUrl\":\"https:\/\/tiempodetormentas.com\/wp-content\/uploads\/2026\/01\/oscar.jpeg\",\"width\":1600,\"height\":666},{\"@type\":\"BreadcrumbList\",\"@id\":\"https:\/\/tiempodetormentas.com\/humanidad\/espana\/accion-del-gobierno-de-espana-en-la-comunidad-de-madrid\/#breadcrumb\",\"itemListElement\":[{\"@type\":\"ListItem\",\"position\":1,\"name\":\"Portada\",\"item\":\"https:\/\/tiempodetormentas.com\/\"},{\"@type\":\"ListItem\",\"position\":2,\"name\":\"ACCI\u00d3N DEL GOBIERNO DE ESPA\u00d1A EN LA COMUNIDAD DE MADRID\"}]},{\"@type\":\"WebSite\",\"@id\":\"https:\/\/tiempodetormentas.com\/#website\",\"url\":\"https:\/\/tiempodetormentas.com\/\",\"name\":\"Tiempo de Tormentas\",\"description\":\"Edita el club de la bruma\",\"publisher\":{\"@id\":\"https:\/\/tiempodetormentas.com\/#organization\"},\"potentialAction\":[{\"@type\":\"SearchAction\",\"target\":{\"@type\":\"EntryPoint\",\"urlTemplate\":\"https:\/\/tiempodetormentas.com\/?s={search_term_string}\"},\"query-input\":{\"@type\":\"PropertyValueSpecification\",\"valueRequired\":true,\"valueName\":\"search_term_string\"}}],\"inLanguage\":\"en-GB\"},{\"@type\":\"Organization\",\"@id\":\"https:\/\/tiempodetormentas.com\/#organization\",\"name\":\"Tiempo de Tormentas\",\"url\":\"https:\/\/tiempodetormentas.com\/\",\"logo\":{\"@type\":\"ImageObject\",\"inLanguage\":\"en-GB\",\"@id\":\"https:\/\/tiempodetormentas.com\/#\/schema\/logo\/image\/\",\"url\":\"https:\/\/tiempodetormentas.com\/wp-content\/uploads\/2022\/01\/tiempo-de-tormentas.png\",\"contentUrl\":\"https:\/\/tiempodetormentas.com\/wp-content\/uploads\/2022\/01\/tiempo-de-tormentas.png\",\"width\":448,\"height\":121,\"caption\":\"Tiempo de Tormentas\"},\"image\":{\"@id\":\"https:\/\/tiempodetormentas.com\/#\/schema\/logo\/image\/\"}},{\"@type\":\"Person\",\"@id\":\"https:\/\/tiempodetormentas.com\/#\/schema\/person\/9a9e95f6209f068f15d4e1c74cc3718e\",\"name\":\"Tiempo de Tormentas\",\"image\":{\"@type\":\"ImageObject\",\"inLanguage\":\"en-GB\",\"@id\":\"https:\/\/tiempodetormentas.com\/#\/schema\/person\/image\/\",\"url\":\"https:\/\/secure.gravatar.com\/avatar\/1b3c03cb36f6ab2f16882ddfcb878f0ebda1187829a7882b31ff8c8cfc477e50?s=96&d=mm&r=g\",\"contentUrl\":\"https:\/\/secure.gravatar.com\/avatar\/1b3c03cb36f6ab2f16882ddfcb878f0ebda1187829a7882b31ff8c8cfc477e50?s=96&d=mm&r=g\",\"caption\":\"Tiempo de Tormentas\"},\"url\":\"https:\/\/tiempodetormentas.com\/en\/author\/tiempo-de-tormentas\/\"}]}<\/script>\n<!-- \/ Yoast SEO plugin. -->","yoast_head_json":{"title":"ACCI\u00d3N DEL GOBIERNO DE ESPA\u00d1A EN LA COMUNIDAD DE MADRID - Tiempo de Tormentas","robots":{"index":"index","follow":"follow","max-snippet":"max-snippet:-1","max-image-preview":"max-image-preview:large","max-video-preview":"max-video-preview:-1"},"canonical":"https:\/\/tiempodetormentas.com\/en\/humanidad\/espana\/accion-del-gobierno-de-espana-en-la-comunidad-de-madrid\/","og_locale":"en_GB","og_type":"article","og_title":"ACCI\u00d3N DEL GOBIERNO DE ESPA\u00d1A EN LA COMUNIDAD DE MADRID - Tiempo de Tormentas","og_description":"ACCI\u00d3N DEL GOBIERNO DE ESPA\u00d1A EN LA COMUNIDAD DE MADRID &nbsp; &nbsp; RESUMEN EJECUTIVO \u2713 En siete a\u00f1os de Gobierno de Pedro S\u00e1nchez (2019-2025), la Comunidad de Madrid va a recibir un 49,7% m\u00e1s de recursos para financiar los servicios p\u00fablicos que en los siete a\u00f1os de Rajoy (2012-2018): 43.063M\u20ac m\u00e1s. La condonaci\u00f3n de la [&hellip;]","og_url":"https:\/\/tiempodetormentas.com\/en\/humanidad\/espana\/accion-del-gobierno-de-espana-en-la-comunidad-de-madrid\/","og_site_name":"Tiempo de Tormentas","article_published_time":"2026-01-16T12:06:36+00:00","article_modified_time":"2026-01-16T12:13:41+00:00","og_image":[{"width":1600,"height":666,"url":"https:\/\/tiempodetormentas.com\/wp-content\/uploads\/2026\/01\/oscar.jpeg","type":"image\/jpeg"}],"author":"Tiempo de Tormentas","twitter_card":"summary_large_image","twitter_misc":{"Written by":"Tiempo de Tormentas","Estimated reading time":"17 minutes"},"schema":{"@context":"https:\/\/schema.org","@graph":[{"@type":"Article","@id":"https:\/\/tiempodetormentas.com\/humanidad\/espana\/accion-del-gobierno-de-espana-en-la-comunidad-de-madrid\/#article","isPartOf":{"@id":"https:\/\/tiempodetormentas.com\/humanidad\/espana\/accion-del-gobierno-de-espana-en-la-comunidad-de-madrid\/"},"author":{"name":"Tiempo de Tormentas","@id":"https:\/\/tiempodetormentas.com\/#\/schema\/person\/9a9e95f6209f068f15d4e1c74cc3718e"},"headline":"ACCI\u00d3N DEL GOBIERNO DE ESPA\u00d1A EN LA COMUNIDAD DE MADRID","datePublished":"2026-01-16T12:06:36+00:00","dateModified":"2026-01-16T12:13:41+00:00","mainEntityOfPage":{"@id":"https:\/\/tiempodetormentas.com\/humanidad\/espana\/accion-del-gobierno-de-espana-en-la-comunidad-de-madrid\/"},"wordCount":3467,"commentCount":0,"publisher":{"@id":"https:\/\/tiempodetormentas.com\/#organization"},"image":{"@id":"https:\/\/tiempodetormentas.com\/humanidad\/espana\/accion-del-gobierno-de-espana-en-la-comunidad-de-madrid\/#primaryimage"},"thumbnailUrl":"https:\/\/tiempodetormentas.com\/wp-content\/uploads\/2026\/01\/oscar.jpeg","articleSection":["Espa\u00f1a","Madrid"],"inLanguage":"en-GB","potentialAction":[{"@type":"CommentAction","name":"Comment","target":["https:\/\/tiempodetormentas.com\/humanidad\/espana\/accion-del-gobierno-de-espana-en-la-comunidad-de-madrid\/#respond"]}]},{"@type":"WebPage","@id":"https:\/\/tiempodetormentas.com\/humanidad\/espana\/accion-del-gobierno-de-espana-en-la-comunidad-de-madrid\/","url":"https:\/\/tiempodetormentas.com\/humanidad\/espana\/accion-del-gobierno-de-espana-en-la-comunidad-de-madrid\/","name":"ACCI\u00d3N DEL GOBIERNO DE ESPA\u00d1A EN LA COMUNIDAD DE MADRID - Tiempo de Tormentas","isPartOf":{"@id":"https:\/\/tiempodetormentas.com\/#website"},"primaryImageOfPage":{"@id":"https:\/\/tiempodetormentas.com\/humanidad\/espana\/accion-del-gobierno-de-espana-en-la-comunidad-de-madrid\/#primaryimage"},"image":{"@id":"https:\/\/tiempodetormentas.com\/humanidad\/espana\/accion-del-gobierno-de-espana-en-la-comunidad-de-madrid\/#primaryimage"},"thumbnailUrl":"https:\/\/tiempodetormentas.com\/wp-content\/uploads\/2026\/01\/oscar.jpeg","datePublished":"2026-01-16T12:06:36+00:00","dateModified":"2026-01-16T12:13:41+00:00","breadcrumb":{"@id":"https:\/\/tiempodetormentas.com\/humanidad\/espana\/accion-del-gobierno-de-espana-en-la-comunidad-de-madrid\/#breadcrumb"},"inLanguage":"en-GB","potentialAction":[{"@type":"ReadAction","target":["https:\/\/tiempodetormentas.com\/humanidad\/espana\/accion-del-gobierno-de-espana-en-la-comunidad-de-madrid\/"]}]},{"@type":"ImageObject","inLanguage":"en-GB","@id":"https:\/\/tiempodetormentas.com\/humanidad\/espana\/accion-del-gobierno-de-espana-en-la-comunidad-de-madrid\/#primaryimage","url":"https:\/\/tiempodetormentas.com\/wp-content\/uploads\/2026\/01\/oscar.jpeg","contentUrl":"https:\/\/tiempodetormentas.com\/wp-content\/uploads\/2026\/01\/oscar.jpeg","width":1600,"height":666},{"@type":"BreadcrumbList","@id":"https:\/\/tiempodetormentas.com\/humanidad\/espana\/accion-del-gobierno-de-espana-en-la-comunidad-de-madrid\/#breadcrumb","itemListElement":[{"@type":"ListItem","position":1,"name":"Portada","item":"https:\/\/tiempodetormentas.com\/"},{"@type":"ListItem","position":2,"name":"ACCI\u00d3N DEL GOBIERNO DE ESPA\u00d1A EN LA COMUNIDAD DE MADRID"}]},{"@type":"WebSite","@id":"https:\/\/tiempodetormentas.com\/#website","url":"https:\/\/tiempodetormentas.com\/","name":"Tiempo de Tormentas","description":"Edita el club de la bruma","publisher":{"@id":"https:\/\/tiempodetormentas.com\/#organization"},"potentialAction":[{"@type":"SearchAction","target":{"@type":"EntryPoint","urlTemplate":"https:\/\/tiempodetormentas.com\/?s={search_term_string}"},"query-input":{"@type":"PropertyValueSpecification","valueRequired":true,"valueName":"search_term_string"}}],"inLanguage":"en-GB"},{"@type":"Organization","@id":"https:\/\/tiempodetormentas.com\/#organization","name":"Tiempo de Tormentas","url":"https:\/\/tiempodetormentas.com\/","logo":{"@type":"ImageObject","inLanguage":"en-GB","@id":"https:\/\/tiempodetormentas.com\/#\/schema\/logo\/image\/","url":"https:\/\/tiempodetormentas.com\/wp-content\/uploads\/2022\/01\/tiempo-de-tormentas.png","contentUrl":"https:\/\/tiempodetormentas.com\/wp-content\/uploads\/2022\/01\/tiempo-de-tormentas.png","width":448,"height":121,"caption":"Tiempo de Tormentas"},"image":{"@id":"https:\/\/tiempodetormentas.com\/#\/schema\/logo\/image\/"}},{"@type":"Person","@id":"https:\/\/tiempodetormentas.com\/#\/schema\/person\/9a9e95f6209f068f15d4e1c74cc3718e","name":"Tiempo de Tormentas","image":{"@type":"ImageObject","inLanguage":"en-GB","@id":"https:\/\/tiempodetormentas.com\/#\/schema\/person\/image\/","url":"https:\/\/secure.gravatar.com\/avatar\/1b3c03cb36f6ab2f16882ddfcb878f0ebda1187829a7882b31ff8c8cfc477e50?s=96&d=mm&r=g","contentUrl":"https:\/\/secure.gravatar.com\/avatar\/1b3c03cb36f6ab2f16882ddfcb878f0ebda1187829a7882b31ff8c8cfc477e50?s=96&d=mm&r=g","caption":"Tiempo de Tormentas"},"url":"https:\/\/tiempodetormentas.com\/en\/author\/tiempo-de-tormentas\/"}]}},"_links":{"self":[{"href":"https:\/\/tiempodetormentas.com\/en\/wp-json\/wp\/v2\/posts\/4311","targetHints":{"allow":["GET"]}}],"collection":[{"href":"https:\/\/tiempodetormentas.com\/en\/wp-json\/wp\/v2\/posts"}],"about":[{"href":"https:\/\/tiempodetormentas.com\/en\/wp-json\/wp\/v2\/types\/post"}],"author":[{"embeddable":true,"href":"https:\/\/tiempodetormentas.com\/en\/wp-json\/wp\/v2\/users\/13"}],"replies":[{"embeddable":true,"href":"https:\/\/tiempodetormentas.com\/en\/wp-json\/wp\/v2\/comments?post=4311"}],"version-history":[{"count":3,"href":"https:\/\/tiempodetormentas.com\/en\/wp-json\/wp\/v2\/posts\/4311\/revisions"}],"predecessor-version":[{"id":4321,"href":"https:\/\/tiempodetormentas.com\/en\/wp-json\/wp\/v2\/posts\/4311\/revisions\/4321"}],"wp:featuredmedia":[{"embeddable":true,"href":"https:\/\/tiempodetormentas.com\/en\/wp-json\/wp\/v2\/media\/4315"}],"wp:attachment":[{"href":"https:\/\/tiempodetormentas.com\/en\/wp-json\/wp\/v2\/media?parent=4311"}],"wp:term":[{"taxonomy":"category","embeddable":true,"href":"https:\/\/tiempodetormentas.com\/en\/wp-json\/wp\/v2\/categories?post=4311"},{"taxonomy":"post_tag","embeddable":true,"href":"https:\/\/tiempodetormentas.com\/en\/wp-json\/wp\/v2\/tags?post=4311"}],"curies":[{"name":"wp","href":"https:\/\/api.w.org\/{rel}","templated":true}]}}