{"id":3465,"date":"2025-10-01T12:58:09","date_gmt":"2025-10-01T12:58:09","guid":{"rendered":"https:\/\/tiempodetormentas.com\/?p=3465"},"modified":"2025-10-01T12:58:09","modified_gmt":"2025-10-01T12:58:09","slug":"irresponsable-por-peligrosa-campana-de-vacunacion-en-madrid","status":"publish","type":"post","link":"https:\/\/tiempodetormentas.com\/en\/opinion\/irresponsable-por-peligrosa-campana-de-vacunacion-en-madrid\/","title":{"rendered":"IRRESPONSABLE POR PELIGROSA CAMPA\u00d1A DE VACUNACION EN MADRID"},"content":{"rendered":"<h1><strong>IRRESPONSABLE POR PELIGROSA CAMPA\u00d1A DE VACUNACION EN MADRID<\/strong><\/h1>\n<p>&nbsp;<\/p>\n<h2>Otra vez la mala fe de la presidenta de la Comunidad de Madrid , Isabel D\u00edaz Ayuso, y su m\u00e1ldito e inepto gobierno compuesto de aut\u00e9ntica gentuza, pone en riesgo a la poblaci\u00f3n madrile\u00f1a a negarse a vacunar contra el covid a las personas menores de 70 a\u00f1os ni al personal sanitario.<img loading=\"lazy\" decoding=\"async\" class=\"\" src=\"https:\/\/imagenes.elpais.com\/resizer\/v2\/DJKCJN2X4UKRDJXN5VR46LQCBQ.jpg?auth=4b6b3e469019ea505cea9ac3d1ffbe37533cd8fe1f90cfb1f362881319644f6c&amp;width=414\" width=\"920\" height=\"613\" \/><\/h2>\n<p><em>Foto: FERNANDO ALVARADO (EFE)<\/em><\/p>\n<h4><strong>La medida oculta otro intento m\u00e1s de colapsar los servicios p\u00fablicos\u00a0 y destinar m\u00e1s dinero p\u00fablico a las empresas privadas del sector sanitario.<\/strong><\/h4>\n<h4>La Consejer\u00eda de Sanidad de la Comunidad de Madrid ya ha hecho p\u00fablica la circular de que este a\u00f1o s\u00f3lo se vacunar\u00e1n contra el covid a enfermos de riesgo y mayores de 70 a\u00f1os pero no al personal sanitario.<\/h4>\n<h4>En la sanidad alucina todo el mundo ya, el personal sanitario no es personal de riesgo y no ser\u00e1 vacunado.<\/h4>\n<p>No vacunan contra el neumococo hasta los 62 a\u00f1os.<\/p>\n<p>No vacunan contra el Herp\u00e9s Zoster hasta los 65 a\u00f1os<\/p>\n<p>Y ahora no vacunar\u00e1n del Covid hasta los 70 a\u00f1os<\/p>\n<p>A esto le tenemos que a\u00f1adir 7.291 v\u00edctimas en las residencias de ancianos por falta de atenci\u00f3n m\u00e9dica y los muertos que se est\u00e1n produciendo a causa de las colas de espera por no ser , los pacientes, diagnosticados a tiempo de enfermedades con desenlaces mortales; mientras han derivado 5.000 millones del dinero de los contribuyentes destinados a la sanidad p\u00fablica a la empresa privada como Quir\u00f3n.<\/p>\n<p>Esta es \u00abGentuza\u00bb y no la gente que se manifest\u00f3 contra el genocidio.<\/p>\n<h4>La \u00fanica forma de definir con exactitud a la gente que gobierna en Madrid es como \u00abmalas personas\u00bb. Comprobado.<\/h4>\n<p>&nbsp;<\/p>\n<p>&nbsp;<\/p>","protected":false},"excerpt":{"rendered":"<p>IRRESPONSABLE POR PELIGROSA CAMPA\u00d1A DE VACUNACION EN MADRID &nbsp; Otra vez la mala fe de la presidenta de la Comunidad de Madrid , Isabel D\u00edaz Ayuso, y su m\u00e1ldito e inepto gobierno compuesto de aut\u00e9ntica gentuza, pone en riesgo a la poblaci\u00f3n madrile\u00f1a a negarse a vacunar contra el covid a las personas menores de [&hellip;]<\/p>","protected":false},"author":13,"featured_media":3466,"comment_status":"open","ping_status":"open","sticky":false,"template":"","format":"standard","meta":{"footnotes":""},"categories":[1],"tags":[],"class_list":{"0":"post-3465","1":"post","2":"type-post","3":"status-publish","4":"format-standard","5":"has-post-thumbnail","7":"category-opinion"},"yoast_head":"<!-- This site is optimized with the Yoast SEO plugin v26.2 - https:\/\/yoast.com\/wordpress\/plugins\/seo\/ -->\n<title>IRRESPONSABLE POR PELIGROSA CAMPA\u00d1A DE VACUNACION EN MADRID - Tiempo de Tormentas<\/title>\n<meta name=\"description\" content=\"La Consejer\u00eda de Sanidad de la Comunidad de Madrid ya ha hecho p\u00fablica la circular de que este a\u00f1o s\u00f3lo se vacunar\u00e1n contra el covid a enfermos de riesgo y mayores de 70 a\u00f1os pero no al personal sanitario.\" \/>\n<meta name=\"robots\" content=\"index, follow, max-snippet:-1, max-image-preview:large, max-video-preview:-1\" \/>\n<link rel=\"canonical\" href=\"https:\/\/tiempodetormentas.com\/en\/opinion\/irresponsable-por-peligrosa-campana-de-vacunacion-en-madrid\/\" \/>\n<meta property=\"og:locale\" content=\"en_GB\" \/>\n<meta property=\"og:type\" content=\"article\" \/>\n<meta property=\"og:title\" content=\"IRRESPONSABLE POR PELIGROSA CAMPA\u00d1A DE VACUNACION EN MADRID - Tiempo de Tormentas\" \/>\n<meta property=\"og:description\" content=\"La Consejer\u00eda de Sanidad de la Comunidad de Madrid ya ha hecho p\u00fablica la circular de que este a\u00f1o s\u00f3lo se vacunar\u00e1n contra el covid a enfermos de riesgo y mayores de 70 a\u00f1os pero no al personal sanitario.\" \/>\n<meta property=\"og:url\" content=\"https:\/\/tiempodetormentas.com\/en\/opinion\/irresponsable-por-peligrosa-campana-de-vacunacion-en-madrid\/\" \/>\n<meta property=\"og:site_name\" content=\"Tiempo de Tormentas\" \/>\n<meta property=\"article:published_time\" content=\"2025-10-01T12:58:09+00:00\" \/>\n<meta property=\"og:image\" content=\"https:\/\/tiempodetormentas.com\/wp-content\/uploads\/2025\/10\/ayuso.jpg\" \/>\n\t<meta property=\"og:image:width\" content=\"557\" \/>\n\t<meta property=\"og:image:height\" content=\"418\" \/>\n\t<meta property=\"og:image:type\" content=\"image\/jpeg\" \/>\n<meta name=\"author\" content=\"Tiempo de Tormentas\" \/>\n<meta name=\"twitter:card\" content=\"summary_large_image\" \/>\n<meta name=\"twitter:label1\" content=\"Written by\" \/>\n\t<meta name=\"twitter:data1\" content=\"Tiempo de Tormentas\" \/>\n\t<meta name=\"twitter:label2\" content=\"Estimated reading time\" \/>\n\t<meta name=\"twitter:data2\" content=\"2 minutes\" \/>\n<script type=\"application\/ld+json\" class=\"yoast-schema-graph\">{\"@context\":\"https:\/\/schema.org\",\"@graph\":[{\"@type\":\"Article\",\"@id\":\"https:\/\/tiempodetormentas.com\/opinion\/irresponsable-por-peligrosa-campana-de-vacunacion-en-madrid\/#article\",\"isPartOf\":{\"@id\":\"https:\/\/tiempodetormentas.com\/opinion\/irresponsable-por-peligrosa-campana-de-vacunacion-en-madrid\/\"},\"author\":{\"name\":\"Tiempo de Tormentas\",\"@id\":\"https:\/\/tiempodetormentas.com\/#\/schema\/person\/9a9e95f6209f068f15d4e1c74cc3718e\"},\"headline\":\"IRRESPONSABLE POR PELIGROSA CAMPA\u00d1A DE VACUNACION EN MADRID\",\"datePublished\":\"2025-10-01T12:58:09+00:00\",\"mainEntityOfPage\":{\"@id\":\"https:\/\/tiempodetormentas.com\/opinion\/irresponsable-por-peligrosa-campana-de-vacunacion-en-madrid\/\"},\"wordCount\":306,\"commentCount\":0,\"publisher\":{\"@id\":\"https:\/\/tiempodetormentas.com\/#organization\"},\"image\":{\"@id\":\"https:\/\/tiempodetormentas.com\/opinion\/irresponsable-por-peligrosa-campana-de-vacunacion-en-madrid\/#primaryimage\"},\"thumbnailUrl\":\"https:\/\/tiempodetormentas.com\/wp-content\/uploads\/2025\/10\/ayuso.jpg\",\"articleSection\":[\"Opini\u00f3n\"],\"inLanguage\":\"en-GB\",\"potentialAction\":[{\"@type\":\"CommentAction\",\"name\":\"Comment\",\"target\":[\"https:\/\/tiempodetormentas.com\/opinion\/irresponsable-por-peligrosa-campana-de-vacunacion-en-madrid\/#respond\"]}]},{\"@type\":\"WebPage\",\"@id\":\"https:\/\/tiempodetormentas.com\/opinion\/irresponsable-por-peligrosa-campana-de-vacunacion-en-madrid\/\",\"url\":\"https:\/\/tiempodetormentas.com\/opinion\/irresponsable-por-peligrosa-campana-de-vacunacion-en-madrid\/\",\"name\":\"IRRESPONSABLE POR PELIGROSA CAMPA\u00d1A DE VACUNACION EN MADRID - Tiempo de Tormentas\",\"isPartOf\":{\"@id\":\"https:\/\/tiempodetormentas.com\/#website\"},\"primaryImageOfPage\":{\"@id\":\"https:\/\/tiempodetormentas.com\/opinion\/irresponsable-por-peligrosa-campana-de-vacunacion-en-madrid\/#primaryimage\"},\"image\":{\"@id\":\"https:\/\/tiempodetormentas.com\/opinion\/irresponsable-por-peligrosa-campana-de-vacunacion-en-madrid\/#primaryimage\"},\"thumbnailUrl\":\"https:\/\/tiempodetormentas.com\/wp-content\/uploads\/2025\/10\/ayuso.jpg\",\"datePublished\":\"2025-10-01T12:58:09+00:00\",\"description\":\"La Consejer\u00eda de Sanidad de la Comunidad de Madrid ya ha hecho p\u00fablica la circular de que este a\u00f1o s\u00f3lo se vacunar\u00e1n contra el covid a enfermos de riesgo y mayores de 70 a\u00f1os pero no al personal sanitario.\",\"breadcrumb\":{\"@id\":\"https:\/\/tiempodetormentas.com\/opinion\/irresponsable-por-peligrosa-campana-de-vacunacion-en-madrid\/#breadcrumb\"},\"inLanguage\":\"en-GB\",\"potentialAction\":[{\"@type\":\"ReadAction\",\"target\":[\"https:\/\/tiempodetormentas.com\/opinion\/irresponsable-por-peligrosa-campana-de-vacunacion-en-madrid\/\"]}]},{\"@type\":\"ImageObject\",\"inLanguage\":\"en-GB\",\"@id\":\"https:\/\/tiempodetormentas.com\/opinion\/irresponsable-por-peligrosa-campana-de-vacunacion-en-madrid\/#primaryimage\",\"url\":\"https:\/\/tiempodetormentas.com\/wp-content\/uploads\/2025\/10\/ayuso.jpg\",\"contentUrl\":\"https:\/\/tiempodetormentas.com\/wp-content\/uploads\/2025\/10\/ayuso.jpg\",\"width\":557,\"height\":418},{\"@type\":\"BreadcrumbList\",\"@id\":\"https:\/\/tiempodetormentas.com\/opinion\/irresponsable-por-peligrosa-campana-de-vacunacion-en-madrid\/#breadcrumb\",\"itemListElement\":[{\"@type\":\"ListItem\",\"position\":1,\"name\":\"Portada\",\"item\":\"https:\/\/tiempodetormentas.com\/\"},{\"@type\":\"ListItem\",\"position\":2,\"name\":\"IRRESPONSABLE POR PELIGROSA CAMPA\u00d1A DE VACUNACION EN MADRID\"}]},{\"@type\":\"WebSite\",\"@id\":\"https:\/\/tiempodetormentas.com\/#website\",\"url\":\"https:\/\/tiempodetormentas.com\/\",\"name\":\"Tiempo de Tormentas\",\"description\":\"Edita el club de la bruma\",\"publisher\":{\"@id\":\"https:\/\/tiempodetormentas.com\/#organization\"},\"potentialAction\":[{\"@type\":\"SearchAction\",\"target\":{\"@type\":\"EntryPoint\",\"urlTemplate\":\"https:\/\/tiempodetormentas.com\/?s={search_term_string}\"},\"query-input\":{\"@type\":\"PropertyValueSpecification\",\"valueRequired\":true,\"valueName\":\"search_term_string\"}}],\"inLanguage\":\"en-GB\"},{\"@type\":\"Organization\",\"@id\":\"https:\/\/tiempodetormentas.com\/#organization\",\"name\":\"Tiempo de Tormentas\",\"url\":\"https:\/\/tiempodetormentas.com\/\",\"logo\":{\"@type\":\"ImageObject\",\"inLanguage\":\"en-GB\",\"@id\":\"https:\/\/tiempodetormentas.com\/#\/schema\/logo\/image\/\",\"url\":\"https:\/\/tiempodetormentas.com\/wp-content\/uploads\/2022\/01\/tiempo-de-tormentas.png\",\"contentUrl\":\"https:\/\/tiempodetormentas.com\/wp-content\/uploads\/2022\/01\/tiempo-de-tormentas.png\",\"width\":448,\"height\":121,\"caption\":\"Tiempo de Tormentas\"},\"image\":{\"@id\":\"https:\/\/tiempodetormentas.com\/#\/schema\/logo\/image\/\"}},{\"@type\":\"Person\",\"@id\":\"https:\/\/tiempodetormentas.com\/#\/schema\/person\/9a9e95f6209f068f15d4e1c74cc3718e\",\"name\":\"Tiempo de Tormentas\",\"image\":{\"@type\":\"ImageObject\",\"inLanguage\":\"en-GB\",\"@id\":\"https:\/\/tiempodetormentas.com\/#\/schema\/person\/image\/\",\"url\":\"https:\/\/secure.gravatar.com\/avatar\/1b3c03cb36f6ab2f16882ddfcb878f0ebda1187829a7882b31ff8c8cfc477e50?s=96&d=mm&r=g\",\"contentUrl\":\"https:\/\/secure.gravatar.com\/avatar\/1b3c03cb36f6ab2f16882ddfcb878f0ebda1187829a7882b31ff8c8cfc477e50?s=96&d=mm&r=g\",\"caption\":\"Tiempo de Tormentas\"},\"url\":\"https:\/\/tiempodetormentas.com\/en\/author\/tiempo-de-tormentas\/\"}]}<\/script>\n<!-- \/ Yoast SEO plugin. -->","yoast_head_json":{"title":"IRRESPONSABLE POR PELIGROSA CAMPA\u00d1A DE VACUNACION EN MADRID - Tiempo de Tormentas","description":"La Consejer\u00eda de Sanidad de la Comunidad de Madrid ya ha hecho p\u00fablica la circular de que este a\u00f1o s\u00f3lo se vacunar\u00e1n contra el covid a enfermos de riesgo y mayores de 70 a\u00f1os pero no al personal sanitario.","robots":{"index":"index","follow":"follow","max-snippet":"max-snippet:-1","max-image-preview":"max-image-preview:large","max-video-preview":"max-video-preview:-1"},"canonical":"https:\/\/tiempodetormentas.com\/en\/opinion\/irresponsable-por-peligrosa-campana-de-vacunacion-en-madrid\/","og_locale":"en_GB","og_type":"article","og_title":"IRRESPONSABLE POR PELIGROSA CAMPA\u00d1A DE VACUNACION EN MADRID - Tiempo de Tormentas","og_description":"La Consejer\u00eda de Sanidad de la Comunidad de Madrid ya ha hecho p\u00fablica la circular de que este a\u00f1o s\u00f3lo se vacunar\u00e1n contra el covid a enfermos de riesgo y mayores de 70 a\u00f1os pero no al personal sanitario.","og_url":"https:\/\/tiempodetormentas.com\/en\/opinion\/irresponsable-por-peligrosa-campana-de-vacunacion-en-madrid\/","og_site_name":"Tiempo de Tormentas","article_published_time":"2025-10-01T12:58:09+00:00","og_image":[{"width":557,"height":418,"url":"https:\/\/tiempodetormentas.com\/wp-content\/uploads\/2025\/10\/ayuso.jpg","type":"image\/jpeg"}],"author":"Tiempo de Tormentas","twitter_card":"summary_large_image","twitter_misc":{"Written by":"Tiempo de Tormentas","Estimated reading time":"2 minutes"},"schema":{"@context":"https:\/\/schema.org","@graph":[{"@type":"Article","@id":"https:\/\/tiempodetormentas.com\/opinion\/irresponsable-por-peligrosa-campana-de-vacunacion-en-madrid\/#article","isPartOf":{"@id":"https:\/\/tiempodetormentas.com\/opinion\/irresponsable-por-peligrosa-campana-de-vacunacion-en-madrid\/"},"author":{"name":"Tiempo de Tormentas","@id":"https:\/\/tiempodetormentas.com\/#\/schema\/person\/9a9e95f6209f068f15d4e1c74cc3718e"},"headline":"IRRESPONSABLE POR PELIGROSA CAMPA\u00d1A DE VACUNACION EN MADRID","datePublished":"2025-10-01T12:58:09+00:00","mainEntityOfPage":{"@id":"https:\/\/tiempodetormentas.com\/opinion\/irresponsable-por-peligrosa-campana-de-vacunacion-en-madrid\/"},"wordCount":306,"commentCount":0,"publisher":{"@id":"https:\/\/tiempodetormentas.com\/#organization"},"image":{"@id":"https:\/\/tiempodetormentas.com\/opinion\/irresponsable-por-peligrosa-campana-de-vacunacion-en-madrid\/#primaryimage"},"thumbnailUrl":"https:\/\/tiempodetormentas.com\/wp-content\/uploads\/2025\/10\/ayuso.jpg","articleSection":["Opini\u00f3n"],"inLanguage":"en-GB","potentialAction":[{"@type":"CommentAction","name":"Comment","target":["https:\/\/tiempodetormentas.com\/opinion\/irresponsable-por-peligrosa-campana-de-vacunacion-en-madrid\/#respond"]}]},{"@type":"WebPage","@id":"https:\/\/tiempodetormentas.com\/opinion\/irresponsable-por-peligrosa-campana-de-vacunacion-en-madrid\/","url":"https:\/\/tiempodetormentas.com\/opinion\/irresponsable-por-peligrosa-campana-de-vacunacion-en-madrid\/","name":"IRRESPONSABLE POR PELIGROSA CAMPA\u00d1A DE VACUNACION EN MADRID - Tiempo de Tormentas","isPartOf":{"@id":"https:\/\/tiempodetormentas.com\/#website"},"primaryImageOfPage":{"@id":"https:\/\/tiempodetormentas.com\/opinion\/irresponsable-por-peligrosa-campana-de-vacunacion-en-madrid\/#primaryimage"},"image":{"@id":"https:\/\/tiempodetormentas.com\/opinion\/irresponsable-por-peligrosa-campana-de-vacunacion-en-madrid\/#primaryimage"},"thumbnailUrl":"https:\/\/tiempodetormentas.com\/wp-content\/uploads\/2025\/10\/ayuso.jpg","datePublished":"2025-10-01T12:58:09+00:00","description":"La Consejer\u00eda de Sanidad de la Comunidad de Madrid ya ha hecho p\u00fablica la circular de que este a\u00f1o s\u00f3lo se vacunar\u00e1n contra el covid a enfermos de riesgo y mayores de 70 a\u00f1os pero no al personal sanitario.","breadcrumb":{"@id":"https:\/\/tiempodetormentas.com\/opinion\/irresponsable-por-peligrosa-campana-de-vacunacion-en-madrid\/#breadcrumb"},"inLanguage":"en-GB","potentialAction":[{"@type":"ReadAction","target":["https:\/\/tiempodetormentas.com\/opinion\/irresponsable-por-peligrosa-campana-de-vacunacion-en-madrid\/"]}]},{"@type":"ImageObject","inLanguage":"en-GB","@id":"https:\/\/tiempodetormentas.com\/opinion\/irresponsable-por-peligrosa-campana-de-vacunacion-en-madrid\/#primaryimage","url":"https:\/\/tiempodetormentas.com\/wp-content\/uploads\/2025\/10\/ayuso.jpg","contentUrl":"https:\/\/tiempodetormentas.com\/wp-content\/uploads\/2025\/10\/ayuso.jpg","width":557,"height":418},{"@type":"BreadcrumbList","@id":"https:\/\/tiempodetormentas.com\/opinion\/irresponsable-por-peligrosa-campana-de-vacunacion-en-madrid\/#breadcrumb","itemListElement":[{"@type":"ListItem","position":1,"name":"Portada","item":"https:\/\/tiempodetormentas.com\/"},{"@type":"ListItem","position":2,"name":"IRRESPONSABLE POR PELIGROSA CAMPA\u00d1A DE VACUNACION EN MADRID"}]},{"@type":"WebSite","@id":"https:\/\/tiempodetormentas.com\/#website","url":"https:\/\/tiempodetormentas.com\/","name":"Tiempo de Tormentas","description":"Edita el club de la bruma","publisher":{"@id":"https:\/\/tiempodetormentas.com\/#organization"},"potentialAction":[{"@type":"SearchAction","target":{"@type":"EntryPoint","urlTemplate":"https:\/\/tiempodetormentas.com\/?s={search_term_string}"},"query-input":{"@type":"PropertyValueSpecification","valueRequired":true,"valueName":"search_term_string"}}],"inLanguage":"en-GB"},{"@type":"Organization","@id":"https:\/\/tiempodetormentas.com\/#organization","name":"Tiempo de Tormentas","url":"https:\/\/tiempodetormentas.com\/","logo":{"@type":"ImageObject","inLanguage":"en-GB","@id":"https:\/\/tiempodetormentas.com\/#\/schema\/logo\/image\/","url":"https:\/\/tiempodetormentas.com\/wp-content\/uploads\/2022\/01\/tiempo-de-tormentas.png","contentUrl":"https:\/\/tiempodetormentas.com\/wp-content\/uploads\/2022\/01\/tiempo-de-tormentas.png","width":448,"height":121,"caption":"Tiempo de Tormentas"},"image":{"@id":"https:\/\/tiempodetormentas.com\/#\/schema\/logo\/image\/"}},{"@type":"Person","@id":"https:\/\/tiempodetormentas.com\/#\/schema\/person\/9a9e95f6209f068f15d4e1c74cc3718e","name":"Tiempo de Tormentas","image":{"@type":"ImageObject","inLanguage":"en-GB","@id":"https:\/\/tiempodetormentas.com\/#\/schema\/person\/image\/","url":"https:\/\/secure.gravatar.com\/avatar\/1b3c03cb36f6ab2f16882ddfcb878f0ebda1187829a7882b31ff8c8cfc477e50?s=96&d=mm&r=g","contentUrl":"https:\/\/secure.gravatar.com\/avatar\/1b3c03cb36f6ab2f16882ddfcb878f0ebda1187829a7882b31ff8c8cfc477e50?s=96&d=mm&r=g","caption":"Tiempo de Tormentas"},"url":"https:\/\/tiempodetormentas.com\/en\/author\/tiempo-de-tormentas\/"}]}},"_links":{"self":[{"href":"https:\/\/tiempodetormentas.com\/en\/wp-json\/wp\/v2\/posts\/3465","targetHints":{"allow":["GET"]}}],"collection":[{"href":"https:\/\/tiempodetormentas.com\/en\/wp-json\/wp\/v2\/posts"}],"about":[{"href":"https:\/\/tiempodetormentas.com\/en\/wp-json\/wp\/v2\/types\/post"}],"author":[{"embeddable":true,"href":"https:\/\/tiempodetormentas.com\/en\/wp-json\/wp\/v2\/users\/13"}],"replies":[{"embeddable":true,"href":"https:\/\/tiempodetormentas.com\/en\/wp-json\/wp\/v2\/comments?post=3465"}],"version-history":[{"count":1,"href":"https:\/\/tiempodetormentas.com\/en\/wp-json\/wp\/v2\/posts\/3465\/revisions"}],"predecessor-version":[{"id":3467,"href":"https:\/\/tiempodetormentas.com\/en\/wp-json\/wp\/v2\/posts\/3465\/revisions\/3467"}],"wp:featuredmedia":[{"embeddable":true,"href":"https:\/\/tiempodetormentas.com\/en\/wp-json\/wp\/v2\/media\/3466"}],"wp:attachment":[{"href":"https:\/\/tiempodetormentas.com\/en\/wp-json\/wp\/v2\/media?parent=3465"}],"wp:term":[{"taxonomy":"category","embeddable":true,"href":"https:\/\/tiempodetormentas.com\/en\/wp-json\/wp\/v2\/categories?post=3465"},{"taxonomy":"post_tag","embeddable":true,"href":"https:\/\/tiempodetormentas.com\/en\/wp-json\/wp\/v2\/tags?post=3465"}],"curies":[{"name":"wp","href":"https:\/\/api.w.org\/{rel}","templated":true}]}}