{"id":3159,"date":"2025-06-28T17:32:11","date_gmt":"2025-06-28T17:32:11","guid":{"rendered":"https:\/\/tiempodetormentas.com\/?p=3159"},"modified":"2025-07-05T17:01:06","modified_gmt":"2025-07-05T17:01:06","slug":"el-odio-de-carla-toscano-contra-los-homosexuales","status":"publish","type":"post","link":"https:\/\/tiempodetormentas.com\/en\/humanidad\/el-odio-de-carla-toscano-contra-los-homosexuales\/","title":{"rendered":"EL ODIO DE CARLA TOSCANO CONTRA LOS HOMOSEXUALES"},"content":{"rendered":"<p>&nbsp;<\/p>\n<h1>EL ODIO DE CARLA TOSCANO CONTRA LOS HOMOSEXUALES<\/h1>\n<h1><img decoding=\"async\" src=\"https:\/\/fotografias.lasexta.com\/clipping\/cmsimages02\/2025\/06\/28\/135A35B2-D1FC-4279-BAAC-7B3D2E48796E\/carla-toscano-concejal-vox-madrid_69.jpg?crop=1920,1080,x0,y0&amp;width=1280&amp;height=720&amp;optimize=low&amp;format=webply\" alt=\"La ultraderecha saca su discurso de odio en el Orgullo: del &quot;adoctrinamiento LGTBI lleva a la pederastia&quot; a la &quot;corrupci\u00f3n de menores&quot;\" \/><\/h1>\n<h1>La edil de Vox en el Ayuntamiento de Madrid esta semana ha pronunciado un discurso de propagaci\u00f3n de odio contra la comunidad homosexual.<\/h1>\n<h4 class=\"titulo\">Arc\u00f3poli denunciar\u00e1 a Toscano (Vox) por sus declaraciones contra el colectivo LGTBI por \u00abpresunto delito de odio\u00bb<\/h4>\n<h4>Arc\u00f3poli ha anunciado que trabaja para interponer una denuncia contra la concejala de Vox Carla Toscano por las \u00abgrav\u00edsimas declaraciones cargadas de desprecio\u00bb hacia el colectivo LGTBI y a la asociaci\u00f3n por \u00abconstituir presuntos delitos de odio e injurias graves\u00bb.<\/h4>\n<p>Leer m\u00e1s:\u00a0<a href=\"https:\/\/www.europapress.es\/madrid\/noticia-arcopoli-denunciara-toscano-vox-declaraciones-contra-colectivo-lgtbi-presunto-delito-odio-20250626171711.html\">https:\/\/www.europapress.es\/madrid\/noticia-arcopoli-denunciara-toscano-vox-declaraciones-contra-colectivo-lgtbi-presunto-delito-odio-20250626171711.html<\/a><\/p>\n<p>(c) 2025 Europa Press. Est\u00e1 expresamente prohibida la redistribuci\u00f3n y la redifusi\u00f3n de este contenido sin su previo y expreso consentimiento.<\/p>\n<p>&nbsp;<\/p>\n<h4>Con el voto en contra del conjunto de la izquierda &#8211;<strong>PSOE<\/strong>\u00a0y\u00a0<strong>M\u00e1s Madrid<\/strong>&#8211; pero tambi\u00e9n del Partido Popular , Carla Toscano \u00a0pronunci\u00f3 el discurso para defender la \u00faltima proposici\u00f3n del orden del d\u00eda en el pleno de Cibeles: aprobar la retirada de todos los servicios municipales orientados al colectivo LGTBI.<\/h4>\n<p>&nbsp;<\/p>\n<h4>Los grupos Socialista y\u00a0 de M\u00e1s Madrid lamentaron que la presidencia no llamara al orden a Toscano.<\/h4>\n<p>&nbsp;<\/p>\n<p>Las gotas de veneno destinado por esa lengua de claro perfil psicop\u00e1tico son las siguientes:<\/p>\n<p>\u201cla fiesta del Orgullo no va de igualdad\u201d, sino\u00a0<strong>\u201cde sexo y de dinero\u201d\u00a0<\/strong>o que el \u201cadoctrinamiento LGTBI a los ni\u00f1os es corrupci\u00f3n de menores y lleva a la pederastia\u201d.<\/p>\n<p>Llama la atenci\u00f3n que l<strong>os casos de pederastia\u00a0 relacionados con la Iglesia Cat\u00f3lica, que no son pocos,\u00a0 no son citados<\/strong> por esta hembra delirante de Vox.<\/p>\n<p>\u201cQuiere\u00a0<strong>propagar la homosexualidad y la transexualidad<\/strong>\u00a0en adultos y ni\u00f1os (\u2026)\u00a0<strong>No te quiere feliz<\/strong>, te quiere esclavo y herido\u201d. Y mezclando cosas que no ten\u00edan nada que ver -de distintos \u00e1mbitos- la concejal aprovech\u00f3 para decir que \u201cel PSOE es el partido m\u00e1s corrupto de la democracia y el PP el m\u00e1s cobarde\u201d. \u201cLa ideolog\u00eda de g\u00e9nero\u00a0<strong>te odia<\/strong>, odia las familias y odia el bien\u201d.<\/p>\n<p>Lo que hay que debatir es por qu\u00e9 la sociedad debe de soportar hist\u00e9ricas e hist\u00e9ricos delirantes como estos de Vox mintiendo, enciza\u00f1ando e inyectando odio en una sociedad democr\u00e1tica.<\/p>\n<p>&nbsp;<\/p>\n<h1 class=\"titular\">Arc\u00f3poli denunciar\u00e1 a Toscano (Vox) por sus declaraciones contra el colectivo LGTBI por \u00abpresunto delito de odio\u00bb<\/h1>\n<p>&nbsp;<\/p>\n<p>Arc\u00f3poli ha anunciado que trabaja para interponer una denuncia contra la concejala de Vox Carla Toscano por las \u00abgrav\u00edsimas declaraciones cargadas de desprecio\u00bb hacia el colectivo LGTBI y a la asociaci\u00f3n por \u00abconstituir presuntos delitos de odio e injurias graves\u00bb.<\/p>\n<p><em>Nosotras no aceptamos que se nos calumnie ni que se siembre odio contra nuestro trabajo. Lo que ha hecho Carla Toscano es intolerable, y por eso estamos trabajando en una denuncia. Esperamos que la justicia act\u00fae con la seriedad que merece este caso\u201d<\/em>, ha declarado Luis Fernando Rosales, Coordinador General de Arc\u00f3poli.<\/p>\n<p>Toscano acus\u00f3 a Arc\u00f3poli de \u201cdedicarse a hablar de sexo a los ni\u00f1os\u201d, rest\u00f3 valor a las denuncias que gestionamos en el Observatorio Madrile\u00f1o contra la LGTBIfobia afirmando que se recogen \u201ccosas sin pruebas, sin sentencias y sin condenas\u201d, y lleg\u00f3 a vincular directamente la bandera LGTBI+ con \u201cla corrupci\u00f3n de menores\u201d, afirmando que:<\/p>\n<blockquote>\n<h4><em>\u201c<span style=\"color: #000000;\">La bandera LGTBI representa una ideolog\u00eda que promueve una concepci\u00f3n absolutamente destructiva de la persona, y representa el totalitarismo. La bandera LGTBI es la bandera de la ideolog\u00eda de g\u00e9nero, del adoctrinamiento, d<strong>e la corrupci\u00f3n de menores<\/strong>, del victimismo,\u00a0<strong>de los privilegios y de la desigualdad<\/strong>\u201d.<\/span><\/em><\/h4>\n<\/blockquote>\n<p>Adem\u00e1s, tach\u00f3 el reparto de preservativos y lubricantes dentro del marco del Orgullo LGTBI+ promovido por la Comunidad de Madrid\u2014 como parte de \u201cla org\u00eda del Orgullo\u201d, en un claro intento de sexualizar, estigmatizar y ridiculizar las acciones de prevenci\u00f3n.<\/p>\n<p>Toscano tambi\u00e9n asegur\u00f3 que \u201cno siempre que se agrede a una persona homosexual, es por ser homosexual\u201d, negando la existencia misma de la LGTBIfobia. Y a\u00f1adi\u00f3:<\/p>\n<blockquote>\n<h4><span style=\"color: #000000;\"><em>\u201cSi a alguien no le gusta una persona homosexual, \u00bfy qu\u00e9? [\u2026] \u00bfHacemos chiringuitos por cada persona que no nos gusta?\u201d<\/em><\/span><\/h4>\n<\/blockquote>\n<p>Este discurso no solo trivializa las violencias que sufrimos las personas LGTBI+, sino que las blanquea desde la tribuna institucional, cuestionando abiertamente la necesidad de protegernos ante delitos de odio.<\/p>\n<p>&nbsp;<\/p>","protected":false},"excerpt":{"rendered":"<p>&nbsp; EL ODIO DE CARLA TOSCANO CONTRA LOS HOMOSEXUALES La edil de Vox en el Ayuntamiento de Madrid esta semana ha pronunciado un discurso de propagaci\u00f3n de odio contra la comunidad homosexual. Arc\u00f3poli denunciar\u00e1 a Toscano (Vox) por sus declaraciones contra el colectivo LGTBI por \u00abpresunto delito de odio\u00bb Arc\u00f3poli ha anunciado que trabaja para [&hellip;]<\/p>","protected":false},"author":13,"featured_media":3283,"comment_status":"open","ping_status":"open","sticky":false,"template":"","format":"standard","meta":{"footnotes":""},"categories":[37,2],"tags":[],"class_list":{"0":"post-3159","1":"post","2":"type-post","3":"status-publish","4":"format-standard","5":"has-post-thumbnail","7":"category-espana","8":"category-humanidad"},"yoast_head":"<!-- This site is optimized with the Yoast SEO plugin v26.2 - https:\/\/yoast.com\/wordpress\/plugins\/seo\/ -->\n<title>EL ODIO DE CARLA TOSCANO CONTRA LOS HOMOSEXUALES - Tiempo de Tormentas<\/title>\n<meta name=\"description\" content=\"La fabrica de Odio de Vox ataca al colectivo LGTBI\" \/>\n<meta name=\"robots\" content=\"index, follow, max-snippet:-1, max-image-preview:large, max-video-preview:-1\" \/>\n<link rel=\"canonical\" href=\"https:\/\/tiempodetormentas.com\/en\/humanidad\/el-odio-de-carla-toscano-contra-los-homosexuales\/\" \/>\n<meta property=\"og:locale\" content=\"en_GB\" \/>\n<meta property=\"og:type\" content=\"article\" \/>\n<meta property=\"og:title\" content=\"EL ODIO DE CARLA TOSCANO CONTRA LOS HOMOSEXUALES - Tiempo de Tormentas\" \/>\n<meta property=\"og:description\" content=\"La fabrica de Odio de Vox ataca al colectivo LGTBI\" \/>\n<meta property=\"og:url\" content=\"https:\/\/tiempodetormentas.com\/en\/humanidad\/el-odio-de-carla-toscano-contra-los-homosexuales\/\" \/>\n<meta property=\"og:site_name\" content=\"Tiempo de Tormentas\" \/>\n<meta property=\"article:published_time\" content=\"2025-06-28T17:32:11+00:00\" \/>\n<meta property=\"article:modified_time\" content=\"2025-07-05T17:01:06+00:00\" \/>\n<meta property=\"og:image\" content=\"https:\/\/tiempodetormentas.com\/wp-content\/uploads\/2025\/06\/javiert-ortega-smith-y-carla-toscano-ep_4_800x450.jpeg\" \/>\n\t<meta property=\"og:image:width\" content=\"800\" \/>\n\t<meta property=\"og:image:height\" content=\"450\" \/>\n\t<meta property=\"og:image:type\" content=\"image\/jpeg\" \/>\n<meta name=\"author\" content=\"Tiempo de Tormentas\" \/>\n<meta name=\"twitter:card\" content=\"summary_large_image\" \/>\n<meta name=\"twitter:label1\" content=\"Written by\" \/>\n\t<meta name=\"twitter:data1\" content=\"Tiempo de Tormentas\" \/>\n\t<meta name=\"twitter:label2\" content=\"Estimated reading time\" \/>\n\t<meta name=\"twitter:data2\" content=\"4 minutes\" \/>\n<script type=\"application\/ld+json\" class=\"yoast-schema-graph\">{\"@context\":\"https:\/\/schema.org\",\"@graph\":[{\"@type\":\"Article\",\"@id\":\"https:\/\/tiempodetormentas.com\/humanidad\/el-odio-de-carla-toscano-contra-los-homosexuales\/#article\",\"isPartOf\":{\"@id\":\"https:\/\/tiempodetormentas.com\/humanidad\/el-odio-de-carla-toscano-contra-los-homosexuales\/\"},\"author\":{\"name\":\"Tiempo de Tormentas\",\"@id\":\"https:\/\/tiempodetormentas.com\/#\/schema\/person\/9a9e95f6209f068f15d4e1c74cc3718e\"},\"headline\":\"EL ODIO DE CARLA TOSCANO CONTRA LOS HOMOSEXUALES\",\"datePublished\":\"2025-06-28T17:32:11+00:00\",\"dateModified\":\"2025-07-05T17:01:06+00:00\",\"mainEntityOfPage\":{\"@id\":\"https:\/\/tiempodetormentas.com\/humanidad\/el-odio-de-carla-toscano-contra-los-homosexuales\/\"},\"wordCount\":741,\"commentCount\":0,\"publisher\":{\"@id\":\"https:\/\/tiempodetormentas.com\/#organization\"},\"image\":{\"@id\":\"https:\/\/tiempodetormentas.com\/humanidad\/el-odio-de-carla-toscano-contra-los-homosexuales\/#primaryimage\"},\"thumbnailUrl\":\"https:\/\/tiempodetormentas.com\/wp-content\/uploads\/2025\/06\/javiert-ortega-smith-y-carla-toscano-ep_4_800x450.jpeg\",\"articleSection\":[\"Espa\u00f1a\",\"La Humanidad\"],\"inLanguage\":\"en-GB\",\"potentialAction\":[{\"@type\":\"CommentAction\",\"name\":\"Comment\",\"target\":[\"https:\/\/tiempodetormentas.com\/humanidad\/el-odio-de-carla-toscano-contra-los-homosexuales\/#respond\"]}]},{\"@type\":\"WebPage\",\"@id\":\"https:\/\/tiempodetormentas.com\/humanidad\/el-odio-de-carla-toscano-contra-los-homosexuales\/\",\"url\":\"https:\/\/tiempodetormentas.com\/humanidad\/el-odio-de-carla-toscano-contra-los-homosexuales\/\",\"name\":\"EL ODIO DE CARLA TOSCANO CONTRA LOS HOMOSEXUALES - Tiempo de Tormentas\",\"isPartOf\":{\"@id\":\"https:\/\/tiempodetormentas.com\/#website\"},\"primaryImageOfPage\":{\"@id\":\"https:\/\/tiempodetormentas.com\/humanidad\/el-odio-de-carla-toscano-contra-los-homosexuales\/#primaryimage\"},\"image\":{\"@id\":\"https:\/\/tiempodetormentas.com\/humanidad\/el-odio-de-carla-toscano-contra-los-homosexuales\/#primaryimage\"},\"thumbnailUrl\":\"https:\/\/tiempodetormentas.com\/wp-content\/uploads\/2025\/06\/javiert-ortega-smith-y-carla-toscano-ep_4_800x450.jpeg\",\"datePublished\":\"2025-06-28T17:32:11+00:00\",\"dateModified\":\"2025-07-05T17:01:06+00:00\",\"description\":\"La fabrica de Odio de Vox ataca al colectivo LGTBI\",\"breadcrumb\":{\"@id\":\"https:\/\/tiempodetormentas.com\/humanidad\/el-odio-de-carla-toscano-contra-los-homosexuales\/#breadcrumb\"},\"inLanguage\":\"en-GB\",\"potentialAction\":[{\"@type\":\"ReadAction\",\"target\":[\"https:\/\/tiempodetormentas.com\/humanidad\/el-odio-de-carla-toscano-contra-los-homosexuales\/\"]}]},{\"@type\":\"ImageObject\",\"inLanguage\":\"en-GB\",\"@id\":\"https:\/\/tiempodetormentas.com\/humanidad\/el-odio-de-carla-toscano-contra-los-homosexuales\/#primaryimage\",\"url\":\"https:\/\/tiempodetormentas.com\/wp-content\/uploads\/2025\/06\/javiert-ortega-smith-y-carla-toscano-ep_4_800x450.jpeg\",\"contentUrl\":\"https:\/\/tiempodetormentas.com\/wp-content\/uploads\/2025\/06\/javiert-ortega-smith-y-carla-toscano-ep_4_800x450.jpeg\",\"width\":800,\"height\":450},{\"@type\":\"BreadcrumbList\",\"@id\":\"https:\/\/tiempodetormentas.com\/humanidad\/el-odio-de-carla-toscano-contra-los-homosexuales\/#breadcrumb\",\"itemListElement\":[{\"@type\":\"ListItem\",\"position\":1,\"name\":\"Portada\",\"item\":\"https:\/\/tiempodetormentas.com\/\"},{\"@type\":\"ListItem\",\"position\":2,\"name\":\"EL ODIO DE CARLA TOSCANO CONTRA LOS HOMOSEXUALES\"}]},{\"@type\":\"WebSite\",\"@id\":\"https:\/\/tiempodetormentas.com\/#website\",\"url\":\"https:\/\/tiempodetormentas.com\/\",\"name\":\"Tiempo de Tormentas\",\"description\":\"Edita el club de la bruma\",\"publisher\":{\"@id\":\"https:\/\/tiempodetormentas.com\/#organization\"},\"potentialAction\":[{\"@type\":\"SearchAction\",\"target\":{\"@type\":\"EntryPoint\",\"urlTemplate\":\"https:\/\/tiempodetormentas.com\/?s={search_term_string}\"},\"query-input\":{\"@type\":\"PropertyValueSpecification\",\"valueRequired\":true,\"valueName\":\"search_term_string\"}}],\"inLanguage\":\"en-GB\"},{\"@type\":\"Organization\",\"@id\":\"https:\/\/tiempodetormentas.com\/#organization\",\"name\":\"Tiempo de Tormentas\",\"url\":\"https:\/\/tiempodetormentas.com\/\",\"logo\":{\"@type\":\"ImageObject\",\"inLanguage\":\"en-GB\",\"@id\":\"https:\/\/tiempodetormentas.com\/#\/schema\/logo\/image\/\",\"url\":\"https:\/\/tiempodetormentas.com\/wp-content\/uploads\/2022\/01\/tiempo-de-tormentas.png\",\"contentUrl\":\"https:\/\/tiempodetormentas.com\/wp-content\/uploads\/2022\/01\/tiempo-de-tormentas.png\",\"width\":448,\"height\":121,\"caption\":\"Tiempo de Tormentas\"},\"image\":{\"@id\":\"https:\/\/tiempodetormentas.com\/#\/schema\/logo\/image\/\"}},{\"@type\":\"Person\",\"@id\":\"https:\/\/tiempodetormentas.com\/#\/schema\/person\/9a9e95f6209f068f15d4e1c74cc3718e\",\"name\":\"Tiempo de Tormentas\",\"image\":{\"@type\":\"ImageObject\",\"inLanguage\":\"en-GB\",\"@id\":\"https:\/\/tiempodetormentas.com\/#\/schema\/person\/image\/\",\"url\":\"https:\/\/secure.gravatar.com\/avatar\/1b3c03cb36f6ab2f16882ddfcb878f0ebda1187829a7882b31ff8c8cfc477e50?s=96&d=mm&r=g\",\"contentUrl\":\"https:\/\/secure.gravatar.com\/avatar\/1b3c03cb36f6ab2f16882ddfcb878f0ebda1187829a7882b31ff8c8cfc477e50?s=96&d=mm&r=g\",\"caption\":\"Tiempo de Tormentas\"},\"url\":\"https:\/\/tiempodetormentas.com\/en\/author\/tiempo-de-tormentas\/\"}]}<\/script>\n<!-- \/ Yoast SEO plugin. -->","yoast_head_json":{"title":"EL ODIO DE CARLA TOSCANO CONTRA LOS HOMOSEXUALES - Tiempo de Tormentas","description":"La fabrica de Odio de Vox ataca al colectivo LGTBI","robots":{"index":"index","follow":"follow","max-snippet":"max-snippet:-1","max-image-preview":"max-image-preview:large","max-video-preview":"max-video-preview:-1"},"canonical":"https:\/\/tiempodetormentas.com\/en\/humanidad\/el-odio-de-carla-toscano-contra-los-homosexuales\/","og_locale":"en_GB","og_type":"article","og_title":"EL ODIO DE CARLA TOSCANO CONTRA LOS HOMOSEXUALES - Tiempo de Tormentas","og_description":"La fabrica de Odio de Vox ataca al colectivo LGTBI","og_url":"https:\/\/tiempodetormentas.com\/en\/humanidad\/el-odio-de-carla-toscano-contra-los-homosexuales\/","og_site_name":"Tiempo de Tormentas","article_published_time":"2025-06-28T17:32:11+00:00","article_modified_time":"2025-07-05T17:01:06+00:00","og_image":[{"width":800,"height":450,"url":"https:\/\/tiempodetormentas.com\/wp-content\/uploads\/2025\/06\/javiert-ortega-smith-y-carla-toscano-ep_4_800x450.jpeg","type":"image\/jpeg"}],"author":"Tiempo de Tormentas","twitter_card":"summary_large_image","twitter_misc":{"Written by":"Tiempo de Tormentas","Estimated reading time":"4 minutes"},"schema":{"@context":"https:\/\/schema.org","@graph":[{"@type":"Article","@id":"https:\/\/tiempodetormentas.com\/humanidad\/el-odio-de-carla-toscano-contra-los-homosexuales\/#article","isPartOf":{"@id":"https:\/\/tiempodetormentas.com\/humanidad\/el-odio-de-carla-toscano-contra-los-homosexuales\/"},"author":{"name":"Tiempo de Tormentas","@id":"https:\/\/tiempodetormentas.com\/#\/schema\/person\/9a9e95f6209f068f15d4e1c74cc3718e"},"headline":"EL ODIO DE CARLA TOSCANO CONTRA LOS HOMOSEXUALES","datePublished":"2025-06-28T17:32:11+00:00","dateModified":"2025-07-05T17:01:06+00:00","mainEntityOfPage":{"@id":"https:\/\/tiempodetormentas.com\/humanidad\/el-odio-de-carla-toscano-contra-los-homosexuales\/"},"wordCount":741,"commentCount":0,"publisher":{"@id":"https:\/\/tiempodetormentas.com\/#organization"},"image":{"@id":"https:\/\/tiempodetormentas.com\/humanidad\/el-odio-de-carla-toscano-contra-los-homosexuales\/#primaryimage"},"thumbnailUrl":"https:\/\/tiempodetormentas.com\/wp-content\/uploads\/2025\/06\/javiert-ortega-smith-y-carla-toscano-ep_4_800x450.jpeg","articleSection":["Espa\u00f1a","La Humanidad"],"inLanguage":"en-GB","potentialAction":[{"@type":"CommentAction","name":"Comment","target":["https:\/\/tiempodetormentas.com\/humanidad\/el-odio-de-carla-toscano-contra-los-homosexuales\/#respond"]}]},{"@type":"WebPage","@id":"https:\/\/tiempodetormentas.com\/humanidad\/el-odio-de-carla-toscano-contra-los-homosexuales\/","url":"https:\/\/tiempodetormentas.com\/humanidad\/el-odio-de-carla-toscano-contra-los-homosexuales\/","name":"EL ODIO DE CARLA TOSCANO CONTRA LOS HOMOSEXUALES - Tiempo de Tormentas","isPartOf":{"@id":"https:\/\/tiempodetormentas.com\/#website"},"primaryImageOfPage":{"@id":"https:\/\/tiempodetormentas.com\/humanidad\/el-odio-de-carla-toscano-contra-los-homosexuales\/#primaryimage"},"image":{"@id":"https:\/\/tiempodetormentas.com\/humanidad\/el-odio-de-carla-toscano-contra-los-homosexuales\/#primaryimage"},"thumbnailUrl":"https:\/\/tiempodetormentas.com\/wp-content\/uploads\/2025\/06\/javiert-ortega-smith-y-carla-toscano-ep_4_800x450.jpeg","datePublished":"2025-06-28T17:32:11+00:00","dateModified":"2025-07-05T17:01:06+00:00","description":"La fabrica de Odio de Vox ataca al colectivo LGTBI","breadcrumb":{"@id":"https:\/\/tiempodetormentas.com\/humanidad\/el-odio-de-carla-toscano-contra-los-homosexuales\/#breadcrumb"},"inLanguage":"en-GB","potentialAction":[{"@type":"ReadAction","target":["https:\/\/tiempodetormentas.com\/humanidad\/el-odio-de-carla-toscano-contra-los-homosexuales\/"]}]},{"@type":"ImageObject","inLanguage":"en-GB","@id":"https:\/\/tiempodetormentas.com\/humanidad\/el-odio-de-carla-toscano-contra-los-homosexuales\/#primaryimage","url":"https:\/\/tiempodetormentas.com\/wp-content\/uploads\/2025\/06\/javiert-ortega-smith-y-carla-toscano-ep_4_800x450.jpeg","contentUrl":"https:\/\/tiempodetormentas.com\/wp-content\/uploads\/2025\/06\/javiert-ortega-smith-y-carla-toscano-ep_4_800x450.jpeg","width":800,"height":450},{"@type":"BreadcrumbList","@id":"https:\/\/tiempodetormentas.com\/humanidad\/el-odio-de-carla-toscano-contra-los-homosexuales\/#breadcrumb","itemListElement":[{"@type":"ListItem","position":1,"name":"Portada","item":"https:\/\/tiempodetormentas.com\/"},{"@type":"ListItem","position":2,"name":"EL ODIO DE CARLA TOSCANO CONTRA LOS HOMOSEXUALES"}]},{"@type":"WebSite","@id":"https:\/\/tiempodetormentas.com\/#website","url":"https:\/\/tiempodetormentas.com\/","name":"Tiempo de Tormentas","description":"Edita el club de la bruma","publisher":{"@id":"https:\/\/tiempodetormentas.com\/#organization"},"potentialAction":[{"@type":"SearchAction","target":{"@type":"EntryPoint","urlTemplate":"https:\/\/tiempodetormentas.com\/?s={search_term_string}"},"query-input":{"@type":"PropertyValueSpecification","valueRequired":true,"valueName":"search_term_string"}}],"inLanguage":"en-GB"},{"@type":"Organization","@id":"https:\/\/tiempodetormentas.com\/#organization","name":"Tiempo de Tormentas","url":"https:\/\/tiempodetormentas.com\/","logo":{"@type":"ImageObject","inLanguage":"en-GB","@id":"https:\/\/tiempodetormentas.com\/#\/schema\/logo\/image\/","url":"https:\/\/tiempodetormentas.com\/wp-content\/uploads\/2022\/01\/tiempo-de-tormentas.png","contentUrl":"https:\/\/tiempodetormentas.com\/wp-content\/uploads\/2022\/01\/tiempo-de-tormentas.png","width":448,"height":121,"caption":"Tiempo de Tormentas"},"image":{"@id":"https:\/\/tiempodetormentas.com\/#\/schema\/logo\/image\/"}},{"@type":"Person","@id":"https:\/\/tiempodetormentas.com\/#\/schema\/person\/9a9e95f6209f068f15d4e1c74cc3718e","name":"Tiempo de Tormentas","image":{"@type":"ImageObject","inLanguage":"en-GB","@id":"https:\/\/tiempodetormentas.com\/#\/schema\/person\/image\/","url":"https:\/\/secure.gravatar.com\/avatar\/1b3c03cb36f6ab2f16882ddfcb878f0ebda1187829a7882b31ff8c8cfc477e50?s=96&d=mm&r=g","contentUrl":"https:\/\/secure.gravatar.com\/avatar\/1b3c03cb36f6ab2f16882ddfcb878f0ebda1187829a7882b31ff8c8cfc477e50?s=96&d=mm&r=g","caption":"Tiempo de Tormentas"},"url":"https:\/\/tiempodetormentas.com\/en\/author\/tiempo-de-tormentas\/"}]}},"_links":{"self":[{"href":"https:\/\/tiempodetormentas.com\/en\/wp-json\/wp\/v2\/posts\/3159","targetHints":{"allow":["GET"]}}],"collection":[{"href":"https:\/\/tiempodetormentas.com\/en\/wp-json\/wp\/v2\/posts"}],"about":[{"href":"https:\/\/tiempodetormentas.com\/en\/wp-json\/wp\/v2\/types\/post"}],"author":[{"embeddable":true,"href":"https:\/\/tiempodetormentas.com\/en\/wp-json\/wp\/v2\/users\/13"}],"replies":[{"embeddable":true,"href":"https:\/\/tiempodetormentas.com\/en\/wp-json\/wp\/v2\/comments?post=3159"}],"version-history":[{"count":2,"href":"https:\/\/tiempodetormentas.com\/en\/wp-json\/wp\/v2\/posts\/3159\/revisions"}],"predecessor-version":[{"id":3284,"href":"https:\/\/tiempodetormentas.com\/en\/wp-json\/wp\/v2\/posts\/3159\/revisions\/3284"}],"wp:featuredmedia":[{"embeddable":true,"href":"https:\/\/tiempodetormentas.com\/en\/wp-json\/wp\/v2\/media\/3283"}],"wp:attachment":[{"href":"https:\/\/tiempodetormentas.com\/en\/wp-json\/wp\/v2\/media?parent=3159"}],"wp:term":[{"taxonomy":"category","embeddable":true,"href":"https:\/\/tiempodetormentas.com\/en\/wp-json\/wp\/v2\/categories?post=3159"},{"taxonomy":"post_tag","embeddable":true,"href":"https:\/\/tiempodetormentas.com\/en\/wp-json\/wp\/v2\/tags?post=3159"}],"curies":[{"name":"wp","href":"https:\/\/api.w.org\/{rel}","templated":true}]}}