{"id":3156,"date":"2025-06-28T16:54:57","date_gmt":"2025-06-28T16:54:57","guid":{"rendered":"https:\/\/tiempodetormentas.com\/?p=3156"},"modified":"2025-07-05T13:53:17","modified_gmt":"2025-07-05T13:53:17","slug":"el-partido-podrido","status":"publish","type":"post","link":"https:\/\/tiempodetormentas.com\/en\/humanidad\/el-partido-podrido\/","title":{"rendered":"EL PARTIDO PODRIDO"},"content":{"rendered":"<h1>EL PARTIDO PODRIDO<\/h1>\n<h2>El PP de Alberto N\u00fa\u00f1ez Feij\u00f3o e Isabel D\u00edaz Ayuso enfrenta 30 casos judiciales pendientes entre 2025 y 2030.<\/h2>\n<h2><img decoding=\"async\" src=\"https:\/\/www.psoe.es\/media-content\/2025\/01\/Dise%C3%B1o-sin-t%C3%ADtulo-67-630x354.jpg\" \/><\/h2>\n<p>Un informe, publicado recientemente denominado \u00abMapa de la Corrupci\u00f3n\u00bb, detalla el aumento de las causas judiciales vinculadas al PP , pasando de 28 a 30 desde septiembre de 2024.<\/p>\n<p>Un amplio cat\u00e1logo de delitos, desde prevaricaci\u00f3n y malversaci\u00f3n de fondos p\u00fablicos hasta tr\u00e1fico de influencias y fraude fiscal.<\/p>\n<h1 class=\"a_t\">30 causas por corrupci\u00f3n abiertas hace un lustro asedian al PP<\/h1>\n<h2 class=\"a_st\">Los tribunales preparan juicios en los pr\u00f3ximos meses de los casos G\u00fcrtel, Lezo, P\u00fanica, Erial, Kitchen y otros contra relevantes exdirigentes populares<\/h2>\n<p><img decoding=\"async\" src=\"https:\/\/pbs.twimg.com\/media\/GH7VnE2aEAAwERK.png\" alt=\"Rosa Mar\u00eda Artal on X: &quot;Lista de los casos de corrupci\u00f3n del PP, desactualizada. A\u00fan hay m\u00e1s. https:\/\/t.co\/5mnca1noAV&quot; \/ X\" \/><i><b><\/b><\/i><\/p>\n<p><span style=\"color: #000000;\"><i><b>Caso G\u00fcrtel<\/b><\/i><b>, 14 a\u00f1os despu\u00e9s, cuatro causas pendientes.\u00a0<\/b>El juez Baltasar Garz\u00f3n desarticul\u00f3 el 6 de febrero de 2009\u00a0<a style=\"color: #000000;\" href=\"https:\/\/elpais.com\/espana\/2021-11-01\/el-saldo-acumulado-en-gurtel-69-condenados-a-mas-de-570-anos-de-carcel.html\" target=\"_blank\" rel=\"noopener\" data-link-track-dtm=\"\" data-mrf-link=\"https:\/\/elpais.com\/espana\/2021-11-01\/el-saldo-acumulado-en-gurtel-69-condenados-a-mas-de-570-anos-de-carcel.html\">una de las m\u00e1s extensas tramas de corrupci\u00f3n conocida en democracia<\/a>. La red hab\u00eda colonizado m\u00e1s de una decena de administraciones gobernadas por el PP en Madrid, Comunidad Valenciana, Castilla y Le\u00f3n y Andaluc\u00eda. <\/span><\/p>\n<p>&nbsp;<\/p>\n<p><span style=\"color: #000000;\"><b>Cajas b del PP nacional y del PP de Madrid pendientes de juicio o de recurso.<\/b>\u00a0El Supremo responder\u00e1 en las pr\u00f3ximas semanas a los recursos contra la sentencia de la Audiencia Nacional por el denominado\u00a0<a style=\"color: #000000;\" href=\"https:\/\/elpais.com\/noticias\/caso-barcenas\/\" target=\"_blank\" rel=\"noopener\" data-link-track-dtm=\"\" data-mrf-link=\"https:\/\/elpais.com\/noticias\/caso-barcenas\/\"><i>caso B\u00e1rcenas<\/i><\/a>, la caja b del PP que financi\u00f3 parte del coste de las obras de la sede de G\u00e9nova, 13.<\/span><\/p>\n<p><span style=\"color: #000000;\"><b>Espionaje ilegal para proteger al PP.\u00a0<\/b><i><b>Caso Kitchen<\/b><\/i><b>.\u00a0<\/b>Otra investigaci\u00f3n judicial concluida y pendiente de juicio llevar\u00e1 al banquillo al exministro del Interior, Jorge Fern\u00e1ndez D\u00edaz, a su n\u00famero dos, Francisco Mart\u00ednez y a media docena de comisarios de polic\u00eda. Todos ellos est\u00e1n acusados de\u00a0<a style=\"color: #000000;\" href=\"https:\/\/elpais.com\/espana\/2023-10-13\/los-11-de-kitchen-acusados-penas-y-hechos.html\" target=\"_blank\" rel=\"noopener\" data-link-track-dtm=\"\" data-mrf-link=\"https:\/\/elpais.com\/espana\/2023-10-13\/los-11-de-kitchen-acusados-penas-y-hechos.html\">perpetrar una operaci\u00f3n a espaldas del juez<\/a>\u00a0para espiar a la familia de Luis B\u00e1rcenas, extesorero del PP, con la intenci\u00f3n de robar documentaci\u00f3n que pudiera implicar al Gobierno de Mariano Rajoy en diversos delitos de corrupci\u00f3n.<\/span><\/p>\n<p><span style=\"color: #000000;\"><b>Los exministros Rato y Zaplana se enfrentan a altas penas de c\u00e1rcel.\u00a0<\/b>Rodrigo Rato, exministro de Econom\u00eda y expresidente de Bankia,\u00a0<a style=\"color: #000000;\" href=\"https:\/\/elpais.com\/economia\/2023-12-20\/la-batalla-entre-la-fiscalia-y-las-defensas-se-intensifica-en-el-juicio-contra-rodrigo-rato.html\" target=\"_blank\" rel=\"noopener\" data-link-track-dtm=\"\" data-mrf-link=\"https:\/\/elpais.com\/economia\/2023-12-20\/la-batalla-entre-la-fiscalia-y-las-defensas-se-intensifica-en-el-juicio-contra-rodrigo-rato.html\">se sienta en el banquillo\u00a0<\/a>desde hace semanas.\u00a0<\/span><\/p>\n<p>Estos casos no solo afectan a la c\u00fapula del partido, sino que tambi\u00e9n salpica a figuras clave como Ayuso y Feij\u00f3o.<\/p>\n<p>Uno de los casos m\u00e1s nombrados es el esc\u00e1ndalo de los contratos de Formaci\u00f3n Profesional (FP) en la Comunidad de Madrid, que ha implicado a una decena de centros educativos por pr\u00e1cticas irregulares en la adjudicaci\u00f3n de obras.<\/p>\n<p>La Fiscal\u00eda ha remitido al juzgado m\u00e1s ejemplos de contratos fraccionados y adjudicados a dedo, lo que podr\u00eda constituir un delito de prevaricaci\u00f3n. Este caso pone en evidencia la falta de transparencia y la gesti\u00f3n opaca de los recursos p\u00fablicos .<\/p>\n<p>Adem\u00e1s, la\u00a0 implicaci\u00f3n de figuras cercanas a Ayuso, como su novio, quien enfrenta acusaciones de fraude fiscal. La falta de respuestas y la evasiva de los l\u00edderes del PP ante estos esc\u00e1ndalos\u00a0 reflejan una preocupante falta de responsabilidad y \u00e9tica en la gesti\u00f3n p\u00fablica.<\/p>\n<p>&nbsp;<\/p>\n<p>Los casi 30 casos judiciales que se perfilan entre 2025 y 2030 est\u00e1n dispersos en diversas fases procesales, lo que significa que, adem\u00e1s de las condenas que ya han ca\u00eddo, el peso de la justicia continuar\u00e1 recayendo sobre los responsables. Desde juicios orales que ya se celebran, como el caso P\u00fanica en la Comunidad de Madrid, hasta los casos m\u00e1s complejos a\u00fan pendientes de juicio, como el escandaloso caso Desaladora en Murcia, el panorama judicial es devastador para el PP.<\/p>\n<p>Lo m\u00e1s revelador de este panorama no es solo el n\u00famero de casos, sino el tiempo que ha pasado sin que los responsables hayan enfrentado las consecuencias de sus actos. La justicia espa\u00f1ola parece haber estado lidiando con estos casos durante a\u00f1os, como en el caso Rato o el caso Erial, cuyas investigaciones se remontan a 2015. Las consecuencias, sin embargo, siguen sin ser definitivas, lo que refleja un sistema judicial con una carga de trabajo abrumadora y una falta de recursos adecuada para abordar con eficacia la magnitud de la corrupci\u00f3n de la derecha espa\u00f1ola.<\/p>\n<p>En t\u00e9rminos de la dimensi\u00f3n pol\u00edtica, estos casos no son aislados. Hablan de una estructura profunda de corrupci\u00f3n que afect\u00f3 a varios niveles del PP y que involucr\u00f3 a una notable cantidad de sus altos dirigentes. Algunos, como Rodrigo Rato, condenado por fraude fiscal y blanqueo de capitales, o Eduardo Zaplana, quien enfrent\u00f3 sentencias por cohecho y blanqueo de capitales, son nombres que han marcado la historia reciente de la pol\u00edtica espa\u00f1ola. Sin embargo, la lista de figuras procesadas o investigadas es a\u00fan m\u00e1s larga, y su n\u00famero no hace sino aumentar con el tiempo.<\/p>\n<p>El PP, con Alberto N\u00fa\u00f1ez Feij\u00f3o a la cabeza, sigue sumido en un mar de procesos judiciales que cuestionan su legitimidad para gobernar. Su implicaci\u00f3n en estos casos y su incapacidad para desprenderse de las sombras del pasado ponen en evidencia un partido que se resiste a enfrentar sus propios demonios. En este sentido, el PSOE, como alternativa pol\u00edtica responsable, debe seguir luchando por una justicia efectiva y por un futuro libre de impunidad.<\/p>\n<p>Es imposible olvidar que el PP ha sido el \u00fanico partido condenado como responsable civil en diversas ocasiones por delitos relacionados con la corrupci\u00f3n. El Partido Popular no solo ha sido el \u00fanico en mantener una caja B activa durante a\u00f1os declarada por Sentencia, sino que ha sido tambi\u00e9n el \u00fanico partido nacional que ha tenido a sus principales dirigentes por ello desfilando por los tribunales, ya como acusados o como testigo y volver\u00e1 a ocurrir por las operaciones ilegales del Ministerio del Interior, en la trama Kitchen. Este entramado de corrupci\u00f3n no es solo un asunto de unos pocos; es el reflejo de un sistema podrido que ha alimentado la corrupci\u00f3n como una pr\u00e1ctica com\u00fan dentro de la pol\u00edtica espa\u00f1ola.<\/p>\n<p>A medida que avanzamos hacia 2025, y a medida que estos 30 casos judiciales contin\u00faan su curso, no podemos evitar reflexionar sobre la profunda necesidad de una reforma del sistema pol\u00edtico espa\u00f1ol. La prolongaci\u00f3n de estos procesos hasta 2030 nos recuerda que la justicia no debe ser un lujo, sino un derecho. Cada d\u00eda que pase sin que se d\u00e9 un cierre a estas tramas de corrupci\u00f3n ser\u00e1 un d\u00eda m\u00e1s en el que el PP se burla de la ciudadan\u00eda.<\/p>\n<p>&nbsp;<\/p>\n<p>&nbsp;<\/p>","protected":false},"excerpt":{"rendered":"<p>EL PARTIDO PODRIDO El PP de Alberto N\u00fa\u00f1ez Feij\u00f3o e Isabel D\u00edaz Ayuso enfrenta 30 casos judiciales pendientes entre 2025 y 2030. Un informe, publicado recientemente denominado \u00abMapa de la Corrupci\u00f3n\u00bb, detalla el aumento de las causas judiciales vinculadas al PP , pasando de 28 a 30 desde septiembre de 2024. Un amplio cat\u00e1logo de [&hellip;]<\/p>","protected":false},"author":1,"featured_media":3271,"comment_status":"open","ping_status":"open","sticky":false,"template":"","format":"standard","meta":{"footnotes":""},"categories":[37,2],"tags":[],"class_list":{"0":"post-3156","1":"post","2":"type-post","3":"status-publish","4":"format-standard","5":"has-post-thumbnail","7":"category-espana","8":"category-humanidad"},"yoast_head":"<!-- This site is optimized with the Yoast SEO plugin v26.2 - https:\/\/yoast.com\/wordpress\/plugins\/seo\/ -->\n<title>EL PARTIDO PODRIDO - Tiempo de Tormentas<\/title>\n<meta name=\"description\" content=\"El PP de Alberto N\u00fa\u00f1ez Feij\u00f3o e Isabel D\u00edaz Ayuso enfrenta 30 casos judiciales pendientes entre 2025 y 2030. Por eso la estrategia del ruidocontra el gobierno.el acoso y derribo\" \/>\n<meta name=\"robots\" content=\"index, follow, max-snippet:-1, max-image-preview:large, max-video-preview:-1\" \/>\n<link rel=\"canonical\" href=\"https:\/\/tiempodetormentas.com\/en\/humanidad\/el-partido-podrido\/\" \/>\n<meta property=\"og:locale\" content=\"en_GB\" \/>\n<meta property=\"og:type\" content=\"article\" \/>\n<meta property=\"og:title\" content=\"EL PARTIDO PODRIDO - Tiempo de Tormentas\" \/>\n<meta property=\"og:description\" content=\"El PP de Alberto N\u00fa\u00f1ez Feij\u00f3o e Isabel D\u00edaz Ayuso enfrenta 30 casos judiciales pendientes entre 2025 y 2030. Por eso la estrategia del ruidocontra el gobierno.el acoso y derribo\" \/>\n<meta property=\"og:url\" content=\"https:\/\/tiempodetormentas.com\/en\/humanidad\/el-partido-podrido\/\" \/>\n<meta property=\"og:site_name\" content=\"Tiempo de Tormentas\" \/>\n<meta property=\"article:published_time\" content=\"2025-06-28T16:54:57+00:00\" \/>\n<meta property=\"article:modified_time\" content=\"2025-07-05T13:53:17+00:00\" \/>\n<meta property=\"og:image\" content=\"https:\/\/tiempodetormentas.com\/wp-content\/uploads\/2025\/06\/Partido-Podrido.webp\" \/>\n\t<meta property=\"og:image:width\" content=\"972\" \/>\n\t<meta property=\"og:image:height\" content=\"600\" \/>\n\t<meta property=\"og:image:type\" content=\"image\/webp\" \/>\n<meta name=\"author\" content=\"Ray Lorens\" \/>\n<meta name=\"twitter:card\" content=\"summary_large_image\" \/>\n<meta name=\"twitter:label1\" content=\"Written by\" \/>\n\t<meta name=\"twitter:data1\" content=\"Ray Lorens\" \/>\n\t<meta name=\"twitter:label2\" content=\"Estimated reading time\" \/>\n\t<meta name=\"twitter:data2\" content=\"6 minutes\" \/>\n<script type=\"application\/ld+json\" class=\"yoast-schema-graph\">{\"@context\":\"https:\/\/schema.org\",\"@graph\":[{\"@type\":\"Article\",\"@id\":\"https:\/\/tiempodetormentas.com\/humanidad\/el-partido-podrido\/#article\",\"isPartOf\":{\"@id\":\"https:\/\/tiempodetormentas.com\/humanidad\/el-partido-podrido\/\"},\"author\":{\"name\":\"Ray Lorens\",\"@id\":\"https:\/\/tiempodetormentas.com\/#\/schema\/person\/7e59b0ab3f525f413b127a9f2727eee7\"},\"headline\":\"EL PARTIDO PODRIDO\",\"datePublished\":\"2025-06-28T16:54:57+00:00\",\"dateModified\":\"2025-07-05T13:53:17+00:00\",\"mainEntityOfPage\":{\"@id\":\"https:\/\/tiempodetormentas.com\/humanidad\/el-partido-podrido\/\"},\"wordCount\":1105,\"commentCount\":0,\"publisher\":{\"@id\":\"https:\/\/tiempodetormentas.com\/#organization\"},\"image\":{\"@id\":\"https:\/\/tiempodetormentas.com\/humanidad\/el-partido-podrido\/#primaryimage\"},\"thumbnailUrl\":\"https:\/\/tiempodetormentas.com\/wp-content\/uploads\/2025\/06\/Partido-Podrido.webp\",\"articleSection\":[\"Espa\u00f1a\",\"La Humanidad\"],\"inLanguage\":\"en-GB\",\"potentialAction\":[{\"@type\":\"CommentAction\",\"name\":\"Comment\",\"target\":[\"https:\/\/tiempodetormentas.com\/humanidad\/el-partido-podrido\/#respond\"]}]},{\"@type\":\"WebPage\",\"@id\":\"https:\/\/tiempodetormentas.com\/humanidad\/el-partido-podrido\/\",\"url\":\"https:\/\/tiempodetormentas.com\/humanidad\/el-partido-podrido\/\",\"name\":\"EL PARTIDO PODRIDO - Tiempo de Tormentas\",\"isPartOf\":{\"@id\":\"https:\/\/tiempodetormentas.com\/#website\"},\"primaryImageOfPage\":{\"@id\":\"https:\/\/tiempodetormentas.com\/humanidad\/el-partido-podrido\/#primaryimage\"},\"image\":{\"@id\":\"https:\/\/tiempodetormentas.com\/humanidad\/el-partido-podrido\/#primaryimage\"},\"thumbnailUrl\":\"https:\/\/tiempodetormentas.com\/wp-content\/uploads\/2025\/06\/Partido-Podrido.webp\",\"datePublished\":\"2025-06-28T16:54:57+00:00\",\"dateModified\":\"2025-07-05T13:53:17+00:00\",\"description\":\"El PP de Alberto N\u00fa\u00f1ez Feij\u00f3o e Isabel D\u00edaz Ayuso enfrenta 30 casos judiciales pendientes entre 2025 y 2030. Por eso la estrategia del ruidocontra el gobierno.el acoso y derribo\",\"breadcrumb\":{\"@id\":\"https:\/\/tiempodetormentas.com\/humanidad\/el-partido-podrido\/#breadcrumb\"},\"inLanguage\":\"en-GB\",\"potentialAction\":[{\"@type\":\"ReadAction\",\"target\":[\"https:\/\/tiempodetormentas.com\/humanidad\/el-partido-podrido\/\"]}]},{\"@type\":\"ImageObject\",\"inLanguage\":\"en-GB\",\"@id\":\"https:\/\/tiempodetormentas.com\/humanidad\/el-partido-podrido\/#primaryimage\",\"url\":\"https:\/\/tiempodetormentas.com\/wp-content\/uploads\/2025\/06\/Partido-Podrido.webp\",\"contentUrl\":\"https:\/\/tiempodetormentas.com\/wp-content\/uploads\/2025\/06\/Partido-Podrido.webp\",\"width\":972,\"height\":600},{\"@type\":\"BreadcrumbList\",\"@id\":\"https:\/\/tiempodetormentas.com\/humanidad\/el-partido-podrido\/#breadcrumb\",\"itemListElement\":[{\"@type\":\"ListItem\",\"position\":1,\"name\":\"Portada\",\"item\":\"https:\/\/tiempodetormentas.com\/\"},{\"@type\":\"ListItem\",\"position\":2,\"name\":\"EL PARTIDO PODRIDO\"}]},{\"@type\":\"WebSite\",\"@id\":\"https:\/\/tiempodetormentas.com\/#website\",\"url\":\"https:\/\/tiempodetormentas.com\/\",\"name\":\"Tiempo de Tormentas\",\"description\":\"Edita el club de la bruma\",\"publisher\":{\"@id\":\"https:\/\/tiempodetormentas.com\/#organization\"},\"potentialAction\":[{\"@type\":\"SearchAction\",\"target\":{\"@type\":\"EntryPoint\",\"urlTemplate\":\"https:\/\/tiempodetormentas.com\/?s={search_term_string}\"},\"query-input\":{\"@type\":\"PropertyValueSpecification\",\"valueRequired\":true,\"valueName\":\"search_term_string\"}}],\"inLanguage\":\"en-GB\"},{\"@type\":\"Organization\",\"@id\":\"https:\/\/tiempodetormentas.com\/#organization\",\"name\":\"Tiempo de Tormentas\",\"url\":\"https:\/\/tiempodetormentas.com\/\",\"logo\":{\"@type\":\"ImageObject\",\"inLanguage\":\"en-GB\",\"@id\":\"https:\/\/tiempodetormentas.com\/#\/schema\/logo\/image\/\",\"url\":\"https:\/\/tiempodetormentas.com\/wp-content\/uploads\/2022\/01\/tiempo-de-tormentas.png\",\"contentUrl\":\"https:\/\/tiempodetormentas.com\/wp-content\/uploads\/2022\/01\/tiempo-de-tormentas.png\",\"width\":448,\"height\":121,\"caption\":\"Tiempo de Tormentas\"},\"image\":{\"@id\":\"https:\/\/tiempodetormentas.com\/#\/schema\/logo\/image\/\"}},{\"@type\":\"Person\",\"@id\":\"https:\/\/tiempodetormentas.com\/#\/schema\/person\/7e59b0ab3f525f413b127a9f2727eee7\",\"name\":\"Ray Lorens\",\"image\":{\"@type\":\"ImageObject\",\"inLanguage\":\"en-GB\",\"@id\":\"https:\/\/tiempodetormentas.com\/#\/schema\/person\/image\/\",\"url\":\"https:\/\/secure.gravatar.com\/avatar\/455622daf1ca0bf2f3b43adae4fc14ec90d08bdcfdbfc9c5f24527bb1d711a5a?s=96&d=mm&r=g\",\"contentUrl\":\"https:\/\/secure.gravatar.com\/avatar\/455622daf1ca0bf2f3b43adae4fc14ec90d08bdcfdbfc9c5f24527bb1d711a5a?s=96&d=mm&r=g\",\"caption\":\"Ray Lorens\"},\"description\":\"cineasta, escritor, periodista\",\"sameAs\":[\"https:\/\/tiempodetormentas.com\"],\"url\":\"https:\/\/tiempodetormentas.com\/en\/author\/ray\/\"}]}<\/script>\n<!-- \/ Yoast SEO plugin. -->","yoast_head_json":{"title":"EL PARTIDO PODRIDO - Tiempo de Tormentas","description":"El PP de Alberto N\u00fa\u00f1ez Feij\u00f3o e Isabel D\u00edaz Ayuso enfrenta 30 casos judiciales pendientes entre 2025 y 2030. Por eso la estrategia del ruidocontra el gobierno.el acoso y derribo","robots":{"index":"index","follow":"follow","max-snippet":"max-snippet:-1","max-image-preview":"max-image-preview:large","max-video-preview":"max-video-preview:-1"},"canonical":"https:\/\/tiempodetormentas.com\/en\/humanidad\/el-partido-podrido\/","og_locale":"en_GB","og_type":"article","og_title":"EL PARTIDO PODRIDO - Tiempo de Tormentas","og_description":"El PP de Alberto N\u00fa\u00f1ez Feij\u00f3o e Isabel D\u00edaz Ayuso enfrenta 30 casos judiciales pendientes entre 2025 y 2030. Por eso la estrategia del ruidocontra el gobierno.el acoso y derribo","og_url":"https:\/\/tiempodetormentas.com\/en\/humanidad\/el-partido-podrido\/","og_site_name":"Tiempo de Tormentas","article_published_time":"2025-06-28T16:54:57+00:00","article_modified_time":"2025-07-05T13:53:17+00:00","og_image":[{"width":972,"height":600,"url":"https:\/\/tiempodetormentas.com\/wp-content\/uploads\/2025\/06\/Partido-Podrido.webp","type":"image\/webp"}],"author":"Ray Lorens","twitter_card":"summary_large_image","twitter_misc":{"Written by":"Ray Lorens","Estimated reading time":"6 minutes"},"schema":{"@context":"https:\/\/schema.org","@graph":[{"@type":"Article","@id":"https:\/\/tiempodetormentas.com\/humanidad\/el-partido-podrido\/#article","isPartOf":{"@id":"https:\/\/tiempodetormentas.com\/humanidad\/el-partido-podrido\/"},"author":{"name":"Ray Lorens","@id":"https:\/\/tiempodetormentas.com\/#\/schema\/person\/7e59b0ab3f525f413b127a9f2727eee7"},"headline":"EL PARTIDO PODRIDO","datePublished":"2025-06-28T16:54:57+00:00","dateModified":"2025-07-05T13:53:17+00:00","mainEntityOfPage":{"@id":"https:\/\/tiempodetormentas.com\/humanidad\/el-partido-podrido\/"},"wordCount":1105,"commentCount":0,"publisher":{"@id":"https:\/\/tiempodetormentas.com\/#organization"},"image":{"@id":"https:\/\/tiempodetormentas.com\/humanidad\/el-partido-podrido\/#primaryimage"},"thumbnailUrl":"https:\/\/tiempodetormentas.com\/wp-content\/uploads\/2025\/06\/Partido-Podrido.webp","articleSection":["Espa\u00f1a","La Humanidad"],"inLanguage":"en-GB","potentialAction":[{"@type":"CommentAction","name":"Comment","target":["https:\/\/tiempodetormentas.com\/humanidad\/el-partido-podrido\/#respond"]}]},{"@type":"WebPage","@id":"https:\/\/tiempodetormentas.com\/humanidad\/el-partido-podrido\/","url":"https:\/\/tiempodetormentas.com\/humanidad\/el-partido-podrido\/","name":"EL PARTIDO PODRIDO - Tiempo de Tormentas","isPartOf":{"@id":"https:\/\/tiempodetormentas.com\/#website"},"primaryImageOfPage":{"@id":"https:\/\/tiempodetormentas.com\/humanidad\/el-partido-podrido\/#primaryimage"},"image":{"@id":"https:\/\/tiempodetormentas.com\/humanidad\/el-partido-podrido\/#primaryimage"},"thumbnailUrl":"https:\/\/tiempodetormentas.com\/wp-content\/uploads\/2025\/06\/Partido-Podrido.webp","datePublished":"2025-06-28T16:54:57+00:00","dateModified":"2025-07-05T13:53:17+00:00","description":"El PP de Alberto N\u00fa\u00f1ez Feij\u00f3o e Isabel D\u00edaz Ayuso enfrenta 30 casos judiciales pendientes entre 2025 y 2030. Por eso la estrategia del ruidocontra el gobierno.el acoso y derribo","breadcrumb":{"@id":"https:\/\/tiempodetormentas.com\/humanidad\/el-partido-podrido\/#breadcrumb"},"inLanguage":"en-GB","potentialAction":[{"@type":"ReadAction","target":["https:\/\/tiempodetormentas.com\/humanidad\/el-partido-podrido\/"]}]},{"@type":"ImageObject","inLanguage":"en-GB","@id":"https:\/\/tiempodetormentas.com\/humanidad\/el-partido-podrido\/#primaryimage","url":"https:\/\/tiempodetormentas.com\/wp-content\/uploads\/2025\/06\/Partido-Podrido.webp","contentUrl":"https:\/\/tiempodetormentas.com\/wp-content\/uploads\/2025\/06\/Partido-Podrido.webp","width":972,"height":600},{"@type":"BreadcrumbList","@id":"https:\/\/tiempodetormentas.com\/humanidad\/el-partido-podrido\/#breadcrumb","itemListElement":[{"@type":"ListItem","position":1,"name":"Portada","item":"https:\/\/tiempodetormentas.com\/"},{"@type":"ListItem","position":2,"name":"EL PARTIDO PODRIDO"}]},{"@type":"WebSite","@id":"https:\/\/tiempodetormentas.com\/#website","url":"https:\/\/tiempodetormentas.com\/","name":"Tiempo de Tormentas","description":"Edita el club de la bruma","publisher":{"@id":"https:\/\/tiempodetormentas.com\/#organization"},"potentialAction":[{"@type":"SearchAction","target":{"@type":"EntryPoint","urlTemplate":"https:\/\/tiempodetormentas.com\/?s={search_term_string}"},"query-input":{"@type":"PropertyValueSpecification","valueRequired":true,"valueName":"search_term_string"}}],"inLanguage":"en-GB"},{"@type":"Organization","@id":"https:\/\/tiempodetormentas.com\/#organization","name":"Tiempo de Tormentas","url":"https:\/\/tiempodetormentas.com\/","logo":{"@type":"ImageObject","inLanguage":"en-GB","@id":"https:\/\/tiempodetormentas.com\/#\/schema\/logo\/image\/","url":"https:\/\/tiempodetormentas.com\/wp-content\/uploads\/2022\/01\/tiempo-de-tormentas.png","contentUrl":"https:\/\/tiempodetormentas.com\/wp-content\/uploads\/2022\/01\/tiempo-de-tormentas.png","width":448,"height":121,"caption":"Tiempo de Tormentas"},"image":{"@id":"https:\/\/tiempodetormentas.com\/#\/schema\/logo\/image\/"}},{"@type":"Person","@id":"https:\/\/tiempodetormentas.com\/#\/schema\/person\/7e59b0ab3f525f413b127a9f2727eee7","name":"Ray Lorens","image":{"@type":"ImageObject","inLanguage":"en-GB","@id":"https:\/\/tiempodetormentas.com\/#\/schema\/person\/image\/","url":"https:\/\/secure.gravatar.com\/avatar\/455622daf1ca0bf2f3b43adae4fc14ec90d08bdcfdbfc9c5f24527bb1d711a5a?s=96&d=mm&r=g","contentUrl":"https:\/\/secure.gravatar.com\/avatar\/455622daf1ca0bf2f3b43adae4fc14ec90d08bdcfdbfc9c5f24527bb1d711a5a?s=96&d=mm&r=g","caption":"Ray Lorens"},"description":"cineasta, escritor, periodista","sameAs":["https:\/\/tiempodetormentas.com"],"url":"https:\/\/tiempodetormentas.com\/en\/author\/ray\/"}]}},"_links":{"self":[{"href":"https:\/\/tiempodetormentas.com\/en\/wp-json\/wp\/v2\/posts\/3156","targetHints":{"allow":["GET"]}}],"collection":[{"href":"https:\/\/tiempodetormentas.com\/en\/wp-json\/wp\/v2\/posts"}],"about":[{"href":"https:\/\/tiempodetormentas.com\/en\/wp-json\/wp\/v2\/types\/post"}],"author":[{"embeddable":true,"href":"https:\/\/tiempodetormentas.com\/en\/wp-json\/wp\/v2\/users\/1"}],"replies":[{"embeddable":true,"href":"https:\/\/tiempodetormentas.com\/en\/wp-json\/wp\/v2\/comments?post=3156"}],"version-history":[{"count":1,"href":"https:\/\/tiempodetormentas.com\/en\/wp-json\/wp\/v2\/posts\/3156\/revisions"}],"predecessor-version":[{"id":3158,"href":"https:\/\/tiempodetormentas.com\/en\/wp-json\/wp\/v2\/posts\/3156\/revisions\/3158"}],"wp:featuredmedia":[{"embeddable":true,"href":"https:\/\/tiempodetormentas.com\/en\/wp-json\/wp\/v2\/media\/3271"}],"wp:attachment":[{"href":"https:\/\/tiempodetormentas.com\/en\/wp-json\/wp\/v2\/media?parent=3156"}],"wp:term":[{"taxonomy":"category","embeddable":true,"href":"https:\/\/tiempodetormentas.com\/en\/wp-json\/wp\/v2\/categories?post=3156"},{"taxonomy":"post_tag","embeddable":true,"href":"https:\/\/tiempodetormentas.com\/en\/wp-json\/wp\/v2\/tags?post=3156"}],"curies":[{"name":"wp","href":"https:\/\/api.w.org\/{rel}","templated":true}]}}