{"id":3150,"date":"2025-06-28T16:24:22","date_gmt":"2025-06-28T16:24:22","guid":{"rendered":"https:\/\/tiempodetormentas.com\/?p=3150"},"modified":"2025-07-05T13:58:43","modified_gmt":"2025-07-05T13:58:43","slug":"un-socialista-vence-en-las-primarias-a-la-alcaldia-de-nueva-york","status":"publish","type":"post","link":"https:\/\/tiempodetormentas.com\/en\/humanidad\/un-socialista-vence-en-las-primarias-a-la-alcaldia-de-nueva-york\/","title":{"rendered":"Un socialista vence en las primarias a la alcald\u00eda de Nueva York"},"content":{"rendered":"<h1>Un socialista vence en las primarias a la alcald\u00eda de Nueva York<\/h1>\n<h2>\u00abEsta noche hicimos historia\u00bb<\/h2>\n<h2><strong>Zohran Mamdani,<\/strong><strong>\u00a0<\/strong>socialista y musulm\u00e1n, vence en las primarias del partido dem\u00f3crata para ser el candidato a la alcald\u00eda de Nevv York.<\/h2>\n<p>&nbsp;<\/p>\n<h6><img decoding=\"async\" src=\"https:\/\/media.mdzol.com\/p\/3e0d42d184a8e7a2c701882abba40dda\/adjuntos\/373\/imagenes\/001\/385\/0001385862\/1200x675\/smart\/httpswwwbbccommundoarticlesc62gz7p0xjpo.jpg\" alt=\"Qui\u00e9n es Zohran Mamdani, el joven socialista y musulm\u00e1n que venci\u00f3 a uno de los de los m\u00e1s experimentados pol\u00edticos dem\u00f3cratas en la candidatura por la alcald\u00eda de Nueva York\" \/><em>Mamdani es miembro del partido Dem\u00f3crata y de los Dem\u00f3cratas Socialistas de Estados Unidos.\u00a0<span class=\"font-bold\">Getty Images<\/span><\/em><\/h6>\n<p>Fuente: BBC<\/p>\n<h4>Con el 95% de las papeletas escrutadas, Mamdani\u00a0 de 33 a\u00f1os, lidera las primarias dem\u00f3cratas con un 43% frente al 36% del exgobernador Andrew Cuomo -quien renunci\u00f3 a ese cargo tras acusaciones de acoso sexual en 2021-, impulsado por una ola de apoyo popular y una audaz plataforma de izquierda.<\/h4>\n<h4>Nacido en Kampala, Uganda, Mamdani se traslad\u00f3 a Nueva York con su familia a los siete a\u00f1os. Estudi\u00f3 en el Bronx High School of Science y m\u00e1s tarde se licenci\u00f3 en Estudios Africanos en el Bowdoin College, donde cofund\u00f3 la secci\u00f3n universitaria de Estudiantes por la Justicia en Palestina.<\/h4>\n<h4>Este\u00a0<em>millennial\u00a0<\/em>progresista, que ser\u00eda el primer alcalde musulm\u00e1n y sudasi\u00e1tico de la ciudad, ha abrazado en sus ra\u00edces en una ciudad diversa.<\/h4>\n<h4>Public\u00f3 un video de campa\u00f1a \u00edntegramente en urdu, mezclado con fragmentos de pel\u00edculas de Bollywood. En otro, habla espa\u00f1ol.<\/h4>\n<h4>Mamdani y su esposa, Rama Duwaji, artista siria de 27 a\u00f1os residente en Brooklyn, se conocieron en la aplicaci\u00f3n de citas Hinge.<\/h4>\n<h4>Su madre, Mira Nair, es una c\u00e9lebre directora de cine, y su padre, el profesor Mahmood Mamdani, ense\u00f1a en Columbia. Ambos son ex alumnos de Harvard.<\/h4>\n<h4>Antes de entrar en pol\u00edtica, trabaj\u00f3 como asesor de vivienda, ayudando a los propietarios de casas con bajos ingresos del barrio neoyorquino de Queens a luchar contra el desahucio.<\/h4>\n<h4>Tambi\u00e9n ha hecho de su fe musulmana una parte visible de su campa\u00f1a. Visit\u00f3 mezquitas con regularidad y public\u00f3 un video de campa\u00f1a en urdu sobre la crisis del coste de la vida en la ciudad.<\/h4>\n<h4>\u00abSabemos que presentarse en p\u00fablico como musulm\u00e1n es tambi\u00e9n sacrificar la seguridad que a veces podemos encontrar en la sombra\u00bb, dijo en un mit\u00edn esta primavera.<\/h4>\n<h4>\u00abNo hay nadie que represente la totalidad de las cuestiones que realmente me preocupan que se presente a la alcald\u00eda, aparte de Zohran\u00bb<\/h4>\n<h4>\u00abEsta es una ciudad donde una de cada cuatro personas vive en la pobreza, una ciudad donde 500.000 ni\u00f1os se van a dormir con hambre cada noche\u00bb, dijo a la BBC en un evento reciente. \u00abY, en \u00faltima instancia, es una ciudad que est\u00e1 en peligro de perder aquello que la hace tan especial\u00bb.<\/h4>\n<h4>Ha propuesto:<\/h4>\n<ul>\n<li>\n<h4>Servicio de autobuses gratuito en toda la ciudad<\/h4>\n<\/li>\n<li>\n<h4>Congelaci\u00f3n de alquileres y mayor responsabilidad para los propietarios negligentes<\/h4>\n<\/li>\n<li>\n<h4>Una cadena de supermercados de propiedad municipal centrada en la asequibilidad<\/h4>\n<\/li>\n<li>\n<h4>Cuidado infantil universal para ni\u00f1os de seis semanas a cinco a\u00f1os<\/h4>\n<\/li>\n<li>\n<h4>Triplicar la producci\u00f3n de viviendas estabilizadas en alquiler construidas por sindicatos.<\/h4>\n<\/li>\n<\/ul>\n<h4>Su plan tambi\u00e9n incluye una \u00abreforma integral\u00bb de la Oficina del Alcalde para responsabilizar a los propietarios y una expansi\u00f3n masiva de la vivienda permanentemente asequible.<\/h4>\n<h4>Durante su campa\u00f1a, vincul\u00f3 estas pol\u00edticas a gestos muy visuales y virales. Se zambull\u00f3 en el Atl\u00e1ntico por la congelaci\u00f3n de alquileres y rompi\u00f3 el ayuno del Ramad\u00e1n en un tren subterr\u00e1neo con un burrito para destacar la inseguridad alimentaria. D\u00edas antes de las primarias, camin\u00f3 a lo largo de todo Manhattan, deteni\u00e9ndose para tomarse selfies con votantes.<\/h4>\n<h4>Aunque insiste en que puede hacer que la ciudad sea m\u00e1s asequible, los cr\u00edticos cuestionan la viabilidad de promesas tan ambiciosas.<\/h4>\n<h4>El New York Times no respald\u00f3 a ning\u00fan candidato en las primarias para la alcald\u00eda y critic\u00f3 en general a los postulantes. Su consejo editorial afirm\u00f3 que la agenda de Mamdani est\u00e1 \u00abparticularmente mal adaptada a los desaf\u00edos de la ciudad\u00bb y \u00aba menudo ignora los sacrificios inevitables de gobernar\u00bb.<\/h4>\n<h4>Seg\u00fan el consejo, su propuesta de congelar los alquileres limitar\u00eda la oferta de viviendas.<\/h4>\n<h4>Trip Yang, un estratega pol\u00edtico, dijo que la \u00abexperiencia\u00bb no es necesariamente un punto de inflexi\u00f3n en esta era pol\u00edtica. Y gane o no Mamdani, Yang cree que su campa\u00f1a ha hecho \u00ablo impensable\u00bb.<\/h4>\n<h4>\u00abZohran est\u00e1 impulsado por decenas de miles de voluntarios, cientos de miles de donantes \u00fanicos. Es muy raro ver una campa\u00f1a de primarias dem\u00f3cratas locales en Nueva York con esta cantidad de voluntarios y entusiasmo popular\u00bb, afirm\u00f3.<\/h4>\n<h4>\u00ab\u00c9l nos entiende. Pertenece a nosotros. Es de nuestra comunidad, de la comunidad inmigrante\u00bb, a\u00f1adi\u00f3 Lokmani Rai.<\/h4>\n<h4>Israel y territorios palestinos<\/h4>\n<h4>En un reciente acto de campa\u00f1a de Mamdani en un parque de Jackson Heights, una de las comunidades m\u00e1s diversas del pa\u00eds, los ni\u00f1os corr\u00edan y jugaban en los columpios, mientras vendedores latinos de comida vend\u00edan helados y bocadillos.<\/h4>\n<h4>En muchos sentidos, la escena reflejaba perfectamente la diversidad de la ciudad, lo que muchos dem\u00f3cratas consideran el mayor activo de Nueva York. Pero la ciudad no est\u00e1 exenta de tensiones raciales y pol\u00edticas. Mamdani dijo que ha recibido amenazas islam\u00f3fobas a diario, algunas dirigidas a su familia. Seg\u00fan la polic\u00eda, se est\u00e1 llevando a cabo una investigaci\u00f3n sobre delitos motivados por el odio.<\/h4>\n<h4>Declar\u00f3 a la BBC que el racismo es indicativo de lo que est\u00e1 roto en la pol\u00edtica estadounidense y critic\u00f3 a un Partido Dem\u00f3crata \u00abque permiti\u00f3 la reelecci\u00f3n de Donald Trump\u00bb y no ha defendido a los trabajadores \u00absin importar qui\u00e9nes eran o de d\u00f3nde ven\u00edan\u00bb.<\/h4>\n<h4>Las posturas de los candidatos sobre la guerra entre Israel y Gaza tambi\u00e9n estuvieron probablemente en la mente de los votantes.<\/h4>\n<h4>La campa\u00f1a de Mamdani cont\u00f3 con un amplio despliegue por la ciudad, pero tambi\u00e9n en distintas redes sociales.<\/h4>\n<h4>El firme apoyo de Mamdani a los palestinos y sus cr\u00edticas a Israel le enfrentaron a la mayor parte de la clase dirigente dem\u00f3crata. El asamble\u00edsta present\u00f3 un proyecto de ley para poner fin a la exenci\u00f3n fiscal de las organizaciones ben\u00e9ficas de Nueva York vinculadas a asentamientos israel\u00edes que violan la legislaci\u00f3n internacional sobre derechos humanos.<\/h4>\n<h4>Tambi\u00e9n ha dicho que cree que el primer ministro israel\u00ed, Benjamin Netanyahu, deber\u00eda ser detenido.<\/h4>\n<h4>La prensa le ha presionado numerosas veces en entrevistas para que declare si apoya el derecho de Israel a existir como Estado jud\u00edo y en una ocasi\u00f3n dijo: \u00abNo me siento c\u00f3modo apoyando a ning\u00fan Estado que tenga una jerarqu\u00eda de ciudadan\u00eda basada en la religi\u00f3n o en cualquier otra cosa, creo que de la forma que tenemos en este pa\u00eds, la igualdad deber\u00eda estar consagrada en todos los pa\u00edses del mundo. Esa es mi creencia\u00bb.<\/h4>\n<h4><\/h4>","protected":false},"excerpt":{"rendered":"<p>Un socialista vence en las primarias a la alcald\u00eda de Nueva York \u00abEsta noche hicimos historia\u00bb Zohran Mamdani,\u00a0socialista y musulm\u00e1n, vence en las primarias del partido dem\u00f3crata para ser el candidato a la alcald\u00eda de Nevv York. &nbsp; Mamdani es miembro del partido Dem\u00f3crata y de los Dem\u00f3cratas Socialistas de Estados Unidos.\u00a0Getty Images Fuente: BBC [&hellip;]<\/p>","protected":false},"author":13,"featured_media":3275,"comment_status":"open","ping_status":"open","sticky":false,"template":"","format":"standard","meta":{"footnotes":""},"categories":[35,2],"tags":[],"class_list":{"0":"post-3150","1":"post","2":"type-post","3":"status-publish","4":"format-standard","5":"has-post-thumbnail","7":"category-internacional","8":"category-humanidad"},"yoast_head":"<!-- This site is optimized with the Yoast SEO plugin v26.2 - https:\/\/yoast.com\/wordpress\/plugins\/seo\/ -->\n<title>Un socialista vence en las primarias a la alcald\u00eda de Nueva York - Tiempo de Tormentas<\/title>\n<meta name=\"description\" content=\"&quot;Esta noche hicimos historia&quot;Zohran Mamdani,\u00a0socialista y musulm\u00e1n, vence en las primarias del partido dem\u00f3crata para ser el candidato a la alcald\u00eda de Nevv York.\" \/>\n<meta name=\"robots\" content=\"index, follow, max-snippet:-1, max-image-preview:large, max-video-preview:-1\" \/>\n<link rel=\"canonical\" href=\"https:\/\/tiempodetormentas.com\/en\/humanidad\/un-socialista-vence-en-las-primarias-a-la-alcaldia-de-nueva-york\/\" \/>\n<meta property=\"og:locale\" content=\"en_GB\" \/>\n<meta property=\"og:type\" content=\"article\" \/>\n<meta property=\"og:title\" content=\"Un socialista vence en las primarias a la alcald\u00eda de Nueva York - Tiempo de Tormentas\" \/>\n<meta property=\"og:description\" content=\"&quot;Esta noche hicimos historia&quot;Zohran Mamdani,\u00a0socialista y musulm\u00e1n, vence en las primarias del partido dem\u00f3crata para ser el candidato a la alcald\u00eda de Nevv York.\" \/>\n<meta property=\"og:url\" content=\"https:\/\/tiempodetormentas.com\/en\/humanidad\/un-socialista-vence-en-las-primarias-a-la-alcaldia-de-nueva-york\/\" \/>\n<meta property=\"og:site_name\" content=\"Tiempo de Tormentas\" \/>\n<meta property=\"article:published_time\" content=\"2025-06-28T16:24:22+00:00\" \/>\n<meta property=\"article:modified_time\" content=\"2025-07-05T13:58:43+00:00\" \/>\n<meta property=\"og:image\" content=\"https:\/\/tiempodetormentas.com\/wp-content\/uploads\/2025\/06\/mamdani.webp\" \/>\n\t<meta property=\"og:image:width\" content=\"760\" \/>\n\t<meta property=\"og:image:height\" content=\"428\" \/>\n\t<meta property=\"og:image:type\" content=\"image\/webp\" \/>\n<meta name=\"author\" content=\"Tiempo de Tormentas\" \/>\n<meta name=\"twitter:card\" content=\"summary_large_image\" \/>\n<meta name=\"twitter:label1\" content=\"Written by\" \/>\n\t<meta name=\"twitter:data1\" content=\"Tiempo de Tormentas\" \/>\n\t<meta name=\"twitter:label2\" content=\"Estimated reading time\" \/>\n\t<meta name=\"twitter:data2\" content=\"6 minutes\" \/>\n<script type=\"application\/ld+json\" class=\"yoast-schema-graph\">{\"@context\":\"https:\/\/schema.org\",\"@graph\":[{\"@type\":\"Article\",\"@id\":\"https:\/\/tiempodetormentas.com\/humanidad\/un-socialista-vence-en-las-primarias-a-la-alcaldia-de-nueva-york\/#article\",\"isPartOf\":{\"@id\":\"https:\/\/tiempodetormentas.com\/humanidad\/un-socialista-vence-en-las-primarias-a-la-alcaldia-de-nueva-york\/\"},\"author\":{\"name\":\"Tiempo de Tormentas\",\"@id\":\"https:\/\/tiempodetormentas.com\/#\/schema\/person\/9a9e95f6209f068f15d4e1c74cc3718e\"},\"headline\":\"Un socialista vence en las primarias a la alcald\u00eda de Nueva York\",\"datePublished\":\"2025-06-28T16:24:22+00:00\",\"dateModified\":\"2025-07-05T13:58:43+00:00\",\"mainEntityOfPage\":{\"@id\":\"https:\/\/tiempodetormentas.com\/humanidad\/un-socialista-vence-en-las-primarias-a-la-alcaldia-de-nueva-york\/\"},\"wordCount\":1171,\"commentCount\":0,\"publisher\":{\"@id\":\"https:\/\/tiempodetormentas.com\/#organization\"},\"image\":{\"@id\":\"https:\/\/tiempodetormentas.com\/humanidad\/un-socialista-vence-en-las-primarias-a-la-alcaldia-de-nueva-york\/#primaryimage\"},\"thumbnailUrl\":\"https:\/\/tiempodetormentas.com\/wp-content\/uploads\/2025\/06\/mamdani.webp\",\"articleSection\":[\"Internacional\",\"La Humanidad\"],\"inLanguage\":\"en-GB\",\"potentialAction\":[{\"@type\":\"CommentAction\",\"name\":\"Comment\",\"target\":[\"https:\/\/tiempodetormentas.com\/humanidad\/un-socialista-vence-en-las-primarias-a-la-alcaldia-de-nueva-york\/#respond\"]}]},{\"@type\":\"WebPage\",\"@id\":\"https:\/\/tiempodetormentas.com\/humanidad\/un-socialista-vence-en-las-primarias-a-la-alcaldia-de-nueva-york\/\",\"url\":\"https:\/\/tiempodetormentas.com\/humanidad\/un-socialista-vence-en-las-primarias-a-la-alcaldia-de-nueva-york\/\",\"name\":\"Un socialista vence en las primarias a la alcald\u00eda de Nueva York - Tiempo de Tormentas\",\"isPartOf\":{\"@id\":\"https:\/\/tiempodetormentas.com\/#website\"},\"primaryImageOfPage\":{\"@id\":\"https:\/\/tiempodetormentas.com\/humanidad\/un-socialista-vence-en-las-primarias-a-la-alcaldia-de-nueva-york\/#primaryimage\"},\"image\":{\"@id\":\"https:\/\/tiempodetormentas.com\/humanidad\/un-socialista-vence-en-las-primarias-a-la-alcaldia-de-nueva-york\/#primaryimage\"},\"thumbnailUrl\":\"https:\/\/tiempodetormentas.com\/wp-content\/uploads\/2025\/06\/mamdani.webp\",\"datePublished\":\"2025-06-28T16:24:22+00:00\",\"dateModified\":\"2025-07-05T13:58:43+00:00\",\"description\":\"\\\"Esta noche hicimos historia\\\"Zohran Mamdani,\u00a0socialista y musulm\u00e1n, vence en las primarias del partido dem\u00f3crata para ser el candidato a la alcald\u00eda de Nevv York.\",\"breadcrumb\":{\"@id\":\"https:\/\/tiempodetormentas.com\/humanidad\/un-socialista-vence-en-las-primarias-a-la-alcaldia-de-nueva-york\/#breadcrumb\"},\"inLanguage\":\"en-GB\",\"potentialAction\":[{\"@type\":\"ReadAction\",\"target\":[\"https:\/\/tiempodetormentas.com\/humanidad\/un-socialista-vence-en-las-primarias-a-la-alcaldia-de-nueva-york\/\"]}]},{\"@type\":\"ImageObject\",\"inLanguage\":\"en-GB\",\"@id\":\"https:\/\/tiempodetormentas.com\/humanidad\/un-socialista-vence-en-las-primarias-a-la-alcaldia-de-nueva-york\/#primaryimage\",\"url\":\"https:\/\/tiempodetormentas.com\/wp-content\/uploads\/2025\/06\/mamdani.webp\",\"contentUrl\":\"https:\/\/tiempodetormentas.com\/wp-content\/uploads\/2025\/06\/mamdani.webp\",\"width\":760,\"height\":428},{\"@type\":\"BreadcrumbList\",\"@id\":\"https:\/\/tiempodetormentas.com\/humanidad\/un-socialista-vence-en-las-primarias-a-la-alcaldia-de-nueva-york\/#breadcrumb\",\"itemListElement\":[{\"@type\":\"ListItem\",\"position\":1,\"name\":\"Portada\",\"item\":\"https:\/\/tiempodetormentas.com\/\"},{\"@type\":\"ListItem\",\"position\":2,\"name\":\"Un socialista vence en las primarias a la alcald\u00eda de Nueva York\"}]},{\"@type\":\"WebSite\",\"@id\":\"https:\/\/tiempodetormentas.com\/#website\",\"url\":\"https:\/\/tiempodetormentas.com\/\",\"name\":\"Tiempo de Tormentas\",\"description\":\"Edita el club de la bruma\",\"publisher\":{\"@id\":\"https:\/\/tiempodetormentas.com\/#organization\"},\"potentialAction\":[{\"@type\":\"SearchAction\",\"target\":{\"@type\":\"EntryPoint\",\"urlTemplate\":\"https:\/\/tiempodetormentas.com\/?s={search_term_string}\"},\"query-input\":{\"@type\":\"PropertyValueSpecification\",\"valueRequired\":true,\"valueName\":\"search_term_string\"}}],\"inLanguage\":\"en-GB\"},{\"@type\":\"Organization\",\"@id\":\"https:\/\/tiempodetormentas.com\/#organization\",\"name\":\"Tiempo de Tormentas\",\"url\":\"https:\/\/tiempodetormentas.com\/\",\"logo\":{\"@type\":\"ImageObject\",\"inLanguage\":\"en-GB\",\"@id\":\"https:\/\/tiempodetormentas.com\/#\/schema\/logo\/image\/\",\"url\":\"https:\/\/tiempodetormentas.com\/wp-content\/uploads\/2022\/01\/tiempo-de-tormentas.png\",\"contentUrl\":\"https:\/\/tiempodetormentas.com\/wp-content\/uploads\/2022\/01\/tiempo-de-tormentas.png\",\"width\":448,\"height\":121,\"caption\":\"Tiempo de Tormentas\"},\"image\":{\"@id\":\"https:\/\/tiempodetormentas.com\/#\/schema\/logo\/image\/\"}},{\"@type\":\"Person\",\"@id\":\"https:\/\/tiempodetormentas.com\/#\/schema\/person\/9a9e95f6209f068f15d4e1c74cc3718e\",\"name\":\"Tiempo de Tormentas\",\"image\":{\"@type\":\"ImageObject\",\"inLanguage\":\"en-GB\",\"@id\":\"https:\/\/tiempodetormentas.com\/#\/schema\/person\/image\/\",\"url\":\"https:\/\/secure.gravatar.com\/avatar\/1b3c03cb36f6ab2f16882ddfcb878f0ebda1187829a7882b31ff8c8cfc477e50?s=96&d=mm&r=g\",\"contentUrl\":\"https:\/\/secure.gravatar.com\/avatar\/1b3c03cb36f6ab2f16882ddfcb878f0ebda1187829a7882b31ff8c8cfc477e50?s=96&d=mm&r=g\",\"caption\":\"Tiempo de Tormentas\"},\"url\":\"https:\/\/tiempodetormentas.com\/en\/author\/tiempo-de-tormentas\/\"}]}<\/script>\n<!-- \/ Yoast SEO plugin. -->","yoast_head_json":{"title":"Un socialista vence en las primarias a la alcald\u00eda de Nueva York - Tiempo de Tormentas","description":"\"Esta noche hicimos historia\"Zohran Mamdani,\u00a0socialista y musulm\u00e1n, vence en las primarias del partido dem\u00f3crata para ser el candidato a la alcald\u00eda de Nevv York.","robots":{"index":"index","follow":"follow","max-snippet":"max-snippet:-1","max-image-preview":"max-image-preview:large","max-video-preview":"max-video-preview:-1"},"canonical":"https:\/\/tiempodetormentas.com\/en\/humanidad\/un-socialista-vence-en-las-primarias-a-la-alcaldia-de-nueva-york\/","og_locale":"en_GB","og_type":"article","og_title":"Un socialista vence en las primarias a la alcald\u00eda de Nueva York - Tiempo de Tormentas","og_description":"\"Esta noche hicimos historia\"Zohran Mamdani,\u00a0socialista y musulm\u00e1n, vence en las primarias del partido dem\u00f3crata para ser el candidato a la alcald\u00eda de Nevv York.","og_url":"https:\/\/tiempodetormentas.com\/en\/humanidad\/un-socialista-vence-en-las-primarias-a-la-alcaldia-de-nueva-york\/","og_site_name":"Tiempo de Tormentas","article_published_time":"2025-06-28T16:24:22+00:00","article_modified_time":"2025-07-05T13:58:43+00:00","og_image":[{"width":760,"height":428,"url":"https:\/\/tiempodetormentas.com\/wp-content\/uploads\/2025\/06\/mamdani.webp","type":"image\/webp"}],"author":"Tiempo de Tormentas","twitter_card":"summary_large_image","twitter_misc":{"Written by":"Tiempo de Tormentas","Estimated reading time":"6 minutes"},"schema":{"@context":"https:\/\/schema.org","@graph":[{"@type":"Article","@id":"https:\/\/tiempodetormentas.com\/humanidad\/un-socialista-vence-en-las-primarias-a-la-alcaldia-de-nueva-york\/#article","isPartOf":{"@id":"https:\/\/tiempodetormentas.com\/humanidad\/un-socialista-vence-en-las-primarias-a-la-alcaldia-de-nueva-york\/"},"author":{"name":"Tiempo de Tormentas","@id":"https:\/\/tiempodetormentas.com\/#\/schema\/person\/9a9e95f6209f068f15d4e1c74cc3718e"},"headline":"Un socialista vence en las primarias a la alcald\u00eda de Nueva York","datePublished":"2025-06-28T16:24:22+00:00","dateModified":"2025-07-05T13:58:43+00:00","mainEntityOfPage":{"@id":"https:\/\/tiempodetormentas.com\/humanidad\/un-socialista-vence-en-las-primarias-a-la-alcaldia-de-nueva-york\/"},"wordCount":1171,"commentCount":0,"publisher":{"@id":"https:\/\/tiempodetormentas.com\/#organization"},"image":{"@id":"https:\/\/tiempodetormentas.com\/humanidad\/un-socialista-vence-en-las-primarias-a-la-alcaldia-de-nueva-york\/#primaryimage"},"thumbnailUrl":"https:\/\/tiempodetormentas.com\/wp-content\/uploads\/2025\/06\/mamdani.webp","articleSection":["Internacional","La Humanidad"],"inLanguage":"en-GB","potentialAction":[{"@type":"CommentAction","name":"Comment","target":["https:\/\/tiempodetormentas.com\/humanidad\/un-socialista-vence-en-las-primarias-a-la-alcaldia-de-nueva-york\/#respond"]}]},{"@type":"WebPage","@id":"https:\/\/tiempodetormentas.com\/humanidad\/un-socialista-vence-en-las-primarias-a-la-alcaldia-de-nueva-york\/","url":"https:\/\/tiempodetormentas.com\/humanidad\/un-socialista-vence-en-las-primarias-a-la-alcaldia-de-nueva-york\/","name":"Un socialista vence en las primarias a la alcald\u00eda de Nueva York - Tiempo de Tormentas","isPartOf":{"@id":"https:\/\/tiempodetormentas.com\/#website"},"primaryImageOfPage":{"@id":"https:\/\/tiempodetormentas.com\/humanidad\/un-socialista-vence-en-las-primarias-a-la-alcaldia-de-nueva-york\/#primaryimage"},"image":{"@id":"https:\/\/tiempodetormentas.com\/humanidad\/un-socialista-vence-en-las-primarias-a-la-alcaldia-de-nueva-york\/#primaryimage"},"thumbnailUrl":"https:\/\/tiempodetormentas.com\/wp-content\/uploads\/2025\/06\/mamdani.webp","datePublished":"2025-06-28T16:24:22+00:00","dateModified":"2025-07-05T13:58:43+00:00","description":"\"Esta noche hicimos historia\"Zohran Mamdani,\u00a0socialista y musulm\u00e1n, vence en las primarias del partido dem\u00f3crata para ser el candidato a la alcald\u00eda de Nevv York.","breadcrumb":{"@id":"https:\/\/tiempodetormentas.com\/humanidad\/un-socialista-vence-en-las-primarias-a-la-alcaldia-de-nueva-york\/#breadcrumb"},"inLanguage":"en-GB","potentialAction":[{"@type":"ReadAction","target":["https:\/\/tiempodetormentas.com\/humanidad\/un-socialista-vence-en-las-primarias-a-la-alcaldia-de-nueva-york\/"]}]},{"@type":"ImageObject","inLanguage":"en-GB","@id":"https:\/\/tiempodetormentas.com\/humanidad\/un-socialista-vence-en-las-primarias-a-la-alcaldia-de-nueva-york\/#primaryimage","url":"https:\/\/tiempodetormentas.com\/wp-content\/uploads\/2025\/06\/mamdani.webp","contentUrl":"https:\/\/tiempodetormentas.com\/wp-content\/uploads\/2025\/06\/mamdani.webp","width":760,"height":428},{"@type":"BreadcrumbList","@id":"https:\/\/tiempodetormentas.com\/humanidad\/un-socialista-vence-en-las-primarias-a-la-alcaldia-de-nueva-york\/#breadcrumb","itemListElement":[{"@type":"ListItem","position":1,"name":"Portada","item":"https:\/\/tiempodetormentas.com\/"},{"@type":"ListItem","position":2,"name":"Un socialista vence en las primarias a la alcald\u00eda de Nueva York"}]},{"@type":"WebSite","@id":"https:\/\/tiempodetormentas.com\/#website","url":"https:\/\/tiempodetormentas.com\/","name":"Tiempo de Tormentas","description":"Edita el club de la bruma","publisher":{"@id":"https:\/\/tiempodetormentas.com\/#organization"},"potentialAction":[{"@type":"SearchAction","target":{"@type":"EntryPoint","urlTemplate":"https:\/\/tiempodetormentas.com\/?s={search_term_string}"},"query-input":{"@type":"PropertyValueSpecification","valueRequired":true,"valueName":"search_term_string"}}],"inLanguage":"en-GB"},{"@type":"Organization","@id":"https:\/\/tiempodetormentas.com\/#organization","name":"Tiempo de Tormentas","url":"https:\/\/tiempodetormentas.com\/","logo":{"@type":"ImageObject","inLanguage":"en-GB","@id":"https:\/\/tiempodetormentas.com\/#\/schema\/logo\/image\/","url":"https:\/\/tiempodetormentas.com\/wp-content\/uploads\/2022\/01\/tiempo-de-tormentas.png","contentUrl":"https:\/\/tiempodetormentas.com\/wp-content\/uploads\/2022\/01\/tiempo-de-tormentas.png","width":448,"height":121,"caption":"Tiempo de Tormentas"},"image":{"@id":"https:\/\/tiempodetormentas.com\/#\/schema\/logo\/image\/"}},{"@type":"Person","@id":"https:\/\/tiempodetormentas.com\/#\/schema\/person\/9a9e95f6209f068f15d4e1c74cc3718e","name":"Tiempo de Tormentas","image":{"@type":"ImageObject","inLanguage":"en-GB","@id":"https:\/\/tiempodetormentas.com\/#\/schema\/person\/image\/","url":"https:\/\/secure.gravatar.com\/avatar\/1b3c03cb36f6ab2f16882ddfcb878f0ebda1187829a7882b31ff8c8cfc477e50?s=96&d=mm&r=g","contentUrl":"https:\/\/secure.gravatar.com\/avatar\/1b3c03cb36f6ab2f16882ddfcb878f0ebda1187829a7882b31ff8c8cfc477e50?s=96&d=mm&r=g","caption":"Tiempo de Tormentas"},"url":"https:\/\/tiempodetormentas.com\/en\/author\/tiempo-de-tormentas\/"}]}},"_links":{"self":[{"href":"https:\/\/tiempodetormentas.com\/en\/wp-json\/wp\/v2\/posts\/3150","targetHints":{"allow":["GET"]}}],"collection":[{"href":"https:\/\/tiempodetormentas.com\/en\/wp-json\/wp\/v2\/posts"}],"about":[{"href":"https:\/\/tiempodetormentas.com\/en\/wp-json\/wp\/v2\/types\/post"}],"author":[{"embeddable":true,"href":"https:\/\/tiempodetormentas.com\/en\/wp-json\/wp\/v2\/users\/13"}],"replies":[{"embeddable":true,"href":"https:\/\/tiempodetormentas.com\/en\/wp-json\/wp\/v2\/comments?post=3150"}],"version-history":[{"count":1,"href":"https:\/\/tiempodetormentas.com\/en\/wp-json\/wp\/v2\/posts\/3150\/revisions"}],"predecessor-version":[{"id":3155,"href":"https:\/\/tiempodetormentas.com\/en\/wp-json\/wp\/v2\/posts\/3150\/revisions\/3155"}],"wp:featuredmedia":[{"embeddable":true,"href":"https:\/\/tiempodetormentas.com\/en\/wp-json\/wp\/v2\/media\/3275"}],"wp:attachment":[{"href":"https:\/\/tiempodetormentas.com\/en\/wp-json\/wp\/v2\/media?parent=3150"}],"wp:term":[{"taxonomy":"category","embeddable":true,"href":"https:\/\/tiempodetormentas.com\/en\/wp-json\/wp\/v2\/categories?post=3150"},{"taxonomy":"post_tag","embeddable":true,"href":"https:\/\/tiempodetormentas.com\/en\/wp-json\/wp\/v2\/tags?post=3150"}],"curies":[{"name":"wp","href":"https:\/\/api.w.org\/{rel}","templated":true}]}}