{"id":2907,"date":"2025-06-02T12:27:10","date_gmt":"2025-06-02T12:27:10","guid":{"rendered":"https:\/\/tiempodetormentas.com\/?p=2907"},"modified":"2025-06-03T11:28:39","modified_gmt":"2025-06-03T11:28:39","slug":"el-psoe-segun-sanchez-en-el-referente-de-la-izquierda-europea","status":"publish","type":"post","link":"https:\/\/tiempodetormentas.com\/en\/humanidad\/el-psoe-segun-sanchez-en-el-referente-de-la-izquierda-europea\/","title":{"rendered":"El PSOE , seg\u00fan S\u00e1nchez, en el referente de la izquierda europea"},"content":{"rendered":"<div class=\"row mgbot50\">\n<div class=\"col_xl_12\">\n<h3>Ante la inexistencia program\u00e1tica de los Partidos Comunistas disueltos todos ellos en una miscel\u00e1nea de grupos heterog\u00e9neos<\/h3>\n<h1 class=\"x50 lh60 sm_x40 sm_lh50 xs_x26 xs_lh26 xfont2 bold mgbot15\">S\u00e1nchez convierte al PSOE en el referente de la izquierda europea<\/h1>\n<h1 class=\"x50 lh60 sm_x40 sm_lh50 xs_x26 xs_lh26 xfont2 bold mgbot15\"><img loading=\"lazy\" decoding=\"async\" class=\"aligncenter size-full wp-image-2908\" src=\"https:\/\/tiempodetormentas.com\/wp-content\/uploads\/2025\/06\/161123-sanchez-investidura.jpeg\" alt=\"\" width=\"2000\" height=\"1333\" srcset=\"https:\/\/tiempodetormentas.com\/wp-content\/uploads\/2025\/06\/161123-sanchez-investidura.jpeg 2000w, https:\/\/tiempodetormentas.com\/wp-content\/uploads\/2025\/06\/161123-sanchez-investidura-300x200.jpeg 300w, https:\/\/tiempodetormentas.com\/wp-content\/uploads\/2025\/06\/161123-sanchez-investidura-1024x682.jpeg 1024w, https:\/\/tiempodetormentas.com\/wp-content\/uploads\/2025\/06\/161123-sanchez-investidura-768x512.jpeg 768w, https:\/\/tiempodetormentas.com\/wp-content\/uploads\/2025\/06\/161123-sanchez-investidura-1536x1024.jpeg 1536w, https:\/\/tiempodetormentas.com\/wp-content\/uploads\/2025\/06\/161123-sanchez-investidura-630x420.jpeg 630w, https:\/\/tiempodetormentas.com\/wp-content\/uploads\/2025\/06\/161123-sanchez-investidura-150x100.jpeg 150w, https:\/\/tiempodetormentas.com\/wp-content\/uploads\/2025\/06\/161123-sanchez-investidura-696x464.jpeg 696w, https:\/\/tiempodetormentas.com\/wp-content\/uploads\/2025\/06\/161123-sanchez-investidura-1068x712.jpeg 1068w, https:\/\/tiempodetormentas.com\/wp-content\/uploads\/2025\/06\/161123-sanchez-investidura-1920x1280.jpeg 1920w\" sizes=\"auto, (max-width: 2000px) 100vw, 2000px\" \/><\/h1>\n<h2 class=\"x24 xs_x16 xfont2 bold mgbot15\">El presidente del Gobierno prioriza la creaci\u00f3n de empleo, la redistribuci\u00f3n de la riqueza, mejorar el acceso a la vivienda y fortalecer el Estado del bienestar S\u00e1nchez convierte al PSOE en el referente de la izquierda europea. <span style=\"color: var(--td_text_color, #111111);\">El presidente del Gobierno prioriza la creaci\u00f3n de empleo, la redistribuci\u00f3n de la riqueza, mejorar el acceso a la vivienda y fortalecer el Estado del bienestar<\/span><\/h2>\n<div class=\"row mgbot50\">\n<div class=\"col_xl_12\">\n<p class=\"x12 grey mgbot50\"><img loading=\"lazy\" decoding=\"async\" class=\"aligncenter size-full wp-image-2908\" src=\"https:\/\/tiempodetormentas.com\/wp-content\/uploads\/2025\/06\/161123-sanchez-investidura.jpeg\" alt=\"\" width=\"2000\" height=\"1333\" srcset=\"https:\/\/tiempodetormentas.com\/wp-content\/uploads\/2025\/06\/161123-sanchez-investidura.jpeg 2000w, https:\/\/tiempodetormentas.com\/wp-content\/uploads\/2025\/06\/161123-sanchez-investidura-300x200.jpeg 300w, https:\/\/tiempodetormentas.com\/wp-content\/uploads\/2025\/06\/161123-sanchez-investidura-1024x682.jpeg 1024w, https:\/\/tiempodetormentas.com\/wp-content\/uploads\/2025\/06\/161123-sanchez-investidura-768x512.jpeg 768w, https:\/\/tiempodetormentas.com\/wp-content\/uploads\/2025\/06\/161123-sanchez-investidura-1536x1024.jpeg 1536w, https:\/\/tiempodetormentas.com\/wp-content\/uploads\/2025\/06\/161123-sanchez-investidura-630x420.jpeg 630w, https:\/\/tiempodetormentas.com\/wp-content\/uploads\/2025\/06\/161123-sanchez-investidura-150x100.jpeg 150w, https:\/\/tiempodetormentas.com\/wp-content\/uploads\/2025\/06\/161123-sanchez-investidura-696x464.jpeg 696w, https:\/\/tiempodetormentas.com\/wp-content\/uploads\/2025\/06\/161123-sanchez-investidura-1068x712.jpeg 1068w, https:\/\/tiempodetormentas.com\/wp-content\/uploads\/2025\/06\/161123-sanchez-investidura-1920x1280.jpeg 1920w\" sizes=\"auto, (max-width: 2000px) 100vw, 2000px\" \/><\/p>\n<div class=\"share_line\">\n<div class=\"inner bg_lgrey\">\n<h6 class=\"x16 upper dinblock vmid\"><em><span style=\"font-family: Verdana, BlinkMacSystemFont, -apple-system, 'Segoe UI', Roboto, Oxygen, Ubuntu, Cantarell, 'Open Sans', 'Helvetica Neue', sans-serif;\">foto: pedro-sanchez-en-el-congreso<\/span><\/em><\/h6>\n<h2 class=\"x16 upper dinblock vmid\"><em><span style=\"font-family: Verdana, BlinkMacSystemFont, -apple-system, 'Segoe UI', Roboto, Oxygen, Ubuntu, Cantarell, 'Open Sans', 'Helvetica Neue', sans-serif;\">\u201cYa no buscamos ejemplos fuera. El ejemplo somos nosotros y nosotras\u201d.<\/span><\/em><\/h2>\n<\/div>\n<\/div>\n<\/div>\n<\/div>\n<div class=\"row\">\n<div class=\"col_xl_8 col_xs_12 xs_mgbot30\">\n<div class=\"left_col bg_white\">\n<div class=\"inner\">\n<div class=\"article-content\">\n<p>El secretario general del PSOE y presidente del Gobierno, Pedro S\u00e1nchez, lo tiene claro: el PSOE es el referente de la izquierda en Europa. Frente a una ola reaccionaria que recorre el mundo, el presidente del Gobierno reuni\u00f3 el pasado martes a los Grupos Socialistas de Congreso y Senado para fijar rumbo y dejar un mensaje n\u00edtido: \u201cYa no buscamos ejemplos fuera. El ejemplo somos nosotros y nosotras\u201d.<\/p>\n<p>Un Gobierno para avanzar y ganar. S\u00e1nchez marca el camino hasta 2027: avanzar y ganar. Dos verbos, un objetivo: proteger a la gente. Y lo tiene claro: para lograrlo, los diputados y senadores deben estar a pie de calle, siendo la voz y el escudo de quienes m\u00e1s lo necesitan. \u201cQuiero que cada uno de vosotros siga siendo un aliado de la gente\u201d, apunt\u00f3.<\/p>\n<p>En este sentido, marc\u00f3 varias prioridades, como la de seguir creciendo econ\u00f3micamente y creando empleo, un milagro que la derecha dijo que era imposible. Bajo la f\u00f3rmula socialista, Espa\u00f1a lidera Europa. Y no es un eslogan, son datos: \u00abCreamos el 50% del crecimiento econ\u00f3mico de la eurozona y el 30% de sus nuevos empleos, siendo solo el 10% de su PIB\u00bb. El PSOE ha desmentido el viejo dogma neoliberal: se puede crear riqueza y, a la vez, redistribuirla. \u00bfC\u00f3mo? Con pol\u00edticas progresistas que protegen a la clase trabajadora y a los m\u00e1s vulnerables.<\/p>\n<h3>En vivienda el Gobierno intervendr\u00e1 el mercado<\/h3>\n<p>En vivienda no se dar\u00e1 ni un paso atr\u00e1s frente a la especulaci\u00f3n. S\u00e1nchez fue rotundo: la vivienda no es un negocio, es un derecho. Por eso, el Gobierno intervendr\u00e1 el mercado, igual que hizo con la energ\u00eda. Frente a los recortes y las privatizaciones que propone la derecha, m\u00e1s control, m\u00e1s alquiler social y m\u00e1s viviendas p\u00fablicas.<\/p>\n<p>En cuanto a salarios dignos, el PSOE busca reducir la desigualdad con hechos, no palabras. Con el PSOE, m\u00e1s derechos laborales: subida del salario m\u00ednimo y reducci\u00f3n de la jornada laboral. Los resultados son claros: Espa\u00f1a es uno de los pa\u00edses que m\u00e1s ha reducido la desigualdad y, adem\u00e1s, ha recortado la brecha de g\u00e9nero, demostrando que la igualdad es justicia social.<\/p>\n<p>Y, en Europa con Espa\u00f1a y por Espa\u00f1a. S\u00e1nchez lidera una pol\u00edtica internacional con claridad y firmeza. El presidente lo dijo sin rodeos: \u201cUna guerra comercial no beneficia a nadie. Pero si ocurre, estaremos con Europa. Porque defender a la Uni\u00f3n Europea es defender los intereses de Espa\u00f1a\u201d. Y la pregunta es: \u00bfqu\u00e9 har\u00e1 la ultraderecha? \u00bfApoyar\u00e1 a Espa\u00f1a o volver\u00e1 a boicotearla, como ya hizo en Bruselas? Frente a la demagogia y el ruido de la derecha, hechos y avances.<\/p>\n<h3>Ante la inexistencia program\u00e1tica de los Partidos Comunistas rid\u00edculamente invisibles, todos ellos, en una miscel\u00e1nea de grupos heterog\u00e9neos no es posible anclar a los socialdem\u00f3cratas a pol\u00edticas m\u00e1s a la izquierda y con alianzas program\u00e1ticas m\u00e1s fuertes.<\/h3>\n<h3><img decoding=\"async\" src=\"https:\/\/berlinguervitavivente.it\/wp-content\/uploads\/2017\/05\/cropped-COVER-BERLINGUER.jpg\" alt=\"Materiali \u2013 Berlinguer\" \/><\/h3>\n<p>&nbsp;<\/p>\n<p>S\u00ed ser\u00eda posible llegar a pol\u00edticas m\u00e1s de izquierdas , m\u00e1s coherentes, recuperar el ideal de las sociedades de pleno empleo y de la planificaci\u00f3n econ\u00f3mica frente a la selva mercantilista; pero no ser\u00e1 posible mientras los agujeros negros del mapa pol\u00edtico en Europa y el mundo se mantengan.<\/p>\n<p>Ya han pasado d\u00e9cadas desde la desaparici\u00f3n en la primera l\u00ednea de los partidos comunistas y su sumisi\u00f3n a puzzles compuestos por fuerzas no pocas veces min\u00fasculas e ideol\u00f3gicamente difusas aunque , en no pocas ocasiones, usurpadoras de los discursos de los antiguos comunistas. Su incapacidad para entrar en los charcos ha hecho que en los antiguos caladeros de votos comunistas ahora pesque con notable \u00e9xito la extrema derecha que si que consigue atar a los conservadores cada vez m\u00e1s lejos de las posiciones centristas, Una situaci\u00f3n que provoca un ambiente de crispaci\u00f3n pol\u00edtica en todo el viejo continente.<\/p>\n<p>El deslizamiento de Europa hacia la extrema derecha y de las pol\u00edticas guerreristas y armament\u00edsticas ya es un hecho que s\u00f3lo ser\u00e1 frenada y progresivamente reducida cuando la solidez te\u00f3rico ideol\u00f3gica alternativa al sistema y que sea expresada en un cuerpo organizativo \u00fanico a la izquierda de los socialdem\u00f3cratas vuelva a recoger el testigo de su compromiso hist\u00f3rico.<\/p>\n<p>Obviamente estos tiempos requieren honestidad intelectual y argumental. Nada tiene que ver la Europa Occidental, edificada sobre los valores de la Ilustraci\u00f3n, con una Europa Oriental ajena a esa influencia de gran calado humanista.\u00a0 De hecho son los brit\u00e1nicos, los grandes enemigos hist\u00f3ricos de la organizaci\u00f3n pol\u00edtica europea, los grandes beneficiarios de la ampliaci\u00f3n de Europa a unos pa\u00edses carentes de vocaci\u00f3n europea y cuyo posicionamiento est\u00e1 en la defensa de lo neoliberal en lo econ\u00f3mico y neoconservador en lo pol\u00edtico. As\u00ed que su presencia dentro s\u00f3lo sirve como elemento desintegrador que es acelerado por sus pulsos pro b\u00e9licos contra Rusia, el mismo sue\u00f1o h\u00famedo ingl\u00e9s expresado por el ge\u00f3grafo Mackinder.<\/p>\n<p>Ursula von der Leyen declar\u00f3 que la U.E y la OTAN se han fusionado. Expresi\u00f3n de la gran traici\u00f3n a la construcci\u00f3n europea y su aceptaci\u00f3n de ser colonia anglosajona. Arruinar econ\u00f3micamente a Europa y conducirla a un conflicto armado directo s\u00f3lo beneficia a aquel que necesita salir de su irrelevancia pol\u00edtica y econ\u00f3mica eclipsando a todo un continente y ese es el Reino Unido y a su \u00abamistad especial\u00bb con los EE.UU.<\/p>\n<p>Ante estos retos la izquierda existente a la izquierda de los partidos socialistas es, sencillamente, inexistente e intelectualmente an\u00e9mica. La ciudadan\u00eda s\u00f3lo percibe los pulsos cr\u00f3nicos de entre sus miembros para colocarse en puestos con posibilidades en las listas electorales que son cargos p\u00fablicos siempre remunerados. Adem\u00e1s su continua confusi\u00f3n entre derechos civiles y derechos laborales hace que la mayor\u00eda terminen absorbidos por el sistema y, de facto, acaben con discursos que no cuestionan el sistema del libre capital.<\/p>\n<p>La ca\u00edda de Europa al precipicio ser\u00e1 evitada cuando no pocas voces empiecen a reconocer lo que el aventurerismo, el personalismo y la improvisaci\u00f3n ha tra\u00eddo de vuelta a Europa y empiecen a recordar y a rescatar los planteamientos de un Togliatti o de un Enrico Berlinguer de cara a volver a poner encima de la mesa el racionalismo pol\u00edtico de un referente de izquierdas que no est\u00e1 atrapado por el sistema.<\/p>\n<p>Y no, no caer\u00a0 en la trampa del reame para frenar la amenaza rusa con la que los imperialistas pretenden robar nuestros recursos , m\u00e1s de 800.000 millones de euros que terminar\u00edan en manos de oligarcas armament\u00edsticos americanos y de un sector de los belicistas europeos a costa de no hacer m\u00e1s hospitales, guarder\u00edas, residencias, escuelas, universidades, ayudas sociales, contribuciones para el desarrollo de las naciones del denominado tercer mundo; es decir un no rotundo a dejar que nos roben nuestro desarrollo y futuro.<\/p>\n<p>No querer y denunciar las barbaridades antidemocr\u00e1ticas del gobierno de Zelensky y las fuerzas nazis que lo mantienen; denunciar como esa guerra ha sido largamente dise\u00f1ada por la alianza anglosajona para hacer implotar la construcci\u00f3n pol\u00edtica de una uni\u00f3n europea progresista y soberanista no significa estar de acuerdo con el actual ideario de la llamada Federaci\u00f3n Rusa, hoy tambi\u00e9n capitalista.<\/p>\n<h1><\/h1>\n<p>&nbsp;<\/p>\n<\/div>\n<\/div>\n<\/div>\n<\/div>\n<\/div>\n<\/div>\n<\/div>\n<div class=\"row\">\n<div class=\"col_xl_8 col_xs_12 xs_mgbot30\">\n<div class=\"left_col bg_white\">\n<div class=\"resp_img mgbot20\"><\/div>\n<div class=\"inner\">\n<div class=\"article-content\">\n<p>&nbsp;<\/p>\n<\/div>\n<\/div>\n<\/div>\n<\/div>\n<\/div>","protected":false},"excerpt":{"rendered":"<p>Ante la inexistencia program\u00e1tica de los Partidos Comunistas disueltos todos ellos en una miscel\u00e1nea de grupos heterog\u00e9neos S\u00e1nchez convierte al PSOE en el referente de la izquierda europea El presidente del Gobierno prioriza la creaci\u00f3n de empleo, la redistribuci\u00f3n de la riqueza, mejorar el acceso a la vivienda y fortalecer el Estado del bienestar S\u00e1nchez [&hellip;]<\/p>","protected":false},"author":13,"featured_media":2909,"comment_status":"open","ping_status":"open","sticky":false,"template":"","format":"standard","meta":{"footnotes":""},"categories":[37,36,2],"tags":[],"class_list":{"0":"post-2907","1":"post","2":"type-post","3":"status-publish","4":"format-standard","5":"has-post-thumbnail","7":"category-espana","8":"category-europa","9":"category-humanidad"},"yoast_head":"<!-- This site is optimized with the Yoast SEO plugin v26.2 - https:\/\/yoast.com\/wordpress\/plugins\/seo\/ -->\n<title>El PSOE , seg\u00fan S\u00e1nchez, en el referente de la izquierda europea - Tiempo de Tormentas<\/title>\n<meta name=\"robots\" content=\"index, follow, max-snippet:-1, max-image-preview:large, max-video-preview:-1\" \/>\n<link rel=\"canonical\" href=\"https:\/\/tiempodetormentas.com\/en\/humanidad\/el-psoe-segun-sanchez-en-el-referente-de-la-izquierda-europea\/\" \/>\n<meta property=\"og:locale\" content=\"en_GB\" \/>\n<meta property=\"og:type\" content=\"article\" \/>\n<meta property=\"og:title\" content=\"El PSOE , seg\u00fan S\u00e1nchez, en el referente de la izquierda europea - Tiempo de Tormentas\" \/>\n<meta property=\"og:description\" content=\"Ante la inexistencia program\u00e1tica de los Partidos Comunistas disueltos todos ellos en una miscel\u00e1nea de grupos heterog\u00e9neos S\u00e1nchez convierte al PSOE en el referente de la izquierda europea El presidente del Gobierno prioriza la creaci\u00f3n de empleo, la redistribuci\u00f3n de la riqueza, mejorar el acceso a la vivienda y fortalecer el Estado del bienestar S\u00e1nchez [&hellip;]\" \/>\n<meta property=\"og:url\" content=\"https:\/\/tiempodetormentas.com\/en\/humanidad\/el-psoe-segun-sanchez-en-el-referente-de-la-izquierda-europea\/\" \/>\n<meta property=\"og:site_name\" content=\"Tiempo de Tormentas\" \/>\n<meta property=\"article:published_time\" content=\"2025-06-02T12:27:10+00:00\" \/>\n<meta property=\"article:modified_time\" content=\"2025-06-03T11:28:39+00:00\" \/>\n<meta property=\"og:image\" content=\"https:\/\/tiempodetormentas.com\/wp-content\/uploads\/2025\/06\/SOCIALISTAS-EUROPEOS.jpg\" \/>\n\t<meta property=\"og:image:width\" content=\"1200\" \/>\n\t<meta property=\"og:image:height\" content=\"900\" \/>\n\t<meta property=\"og:image:type\" content=\"image\/jpeg\" \/>\n<meta name=\"author\" content=\"Tiempo de Tormentas\" \/>\n<meta name=\"twitter:card\" content=\"summary_large_image\" \/>\n<meta name=\"twitter:label1\" content=\"Written by\" \/>\n\t<meta name=\"twitter:data1\" content=\"Tiempo de Tormentas\" \/>\n\t<meta name=\"twitter:label2\" content=\"Estimated reading time\" \/>\n\t<meta name=\"twitter:data2\" content=\"7 minutes\" \/>\n<script type=\"application\/ld+json\" class=\"yoast-schema-graph\">{\"@context\":\"https:\/\/schema.org\",\"@graph\":[{\"@type\":\"Article\",\"@id\":\"https:\/\/tiempodetormentas.com\/humanidad\/el-psoe-segun-sanchez-en-el-referente-de-la-izquierda-europea\/#article\",\"isPartOf\":{\"@id\":\"https:\/\/tiempodetormentas.com\/humanidad\/el-psoe-segun-sanchez-en-el-referente-de-la-izquierda-europea\/\"},\"author\":{\"name\":\"Tiempo de Tormentas\",\"@id\":\"https:\/\/tiempodetormentas.com\/#\/schema\/person\/9a9e95f6209f068f15d4e1c74cc3718e\"},\"headline\":\"El PSOE , seg\u00fan S\u00e1nchez, en el referente de la izquierda europea\",\"datePublished\":\"2025-06-02T12:27:10+00:00\",\"dateModified\":\"2025-06-03T11:28:39+00:00\",\"mainEntityOfPage\":{\"@id\":\"https:\/\/tiempodetormentas.com\/humanidad\/el-psoe-segun-sanchez-en-el-referente-de-la-izquierda-europea\/\"},\"wordCount\":1393,\"commentCount\":0,\"publisher\":{\"@id\":\"https:\/\/tiempodetormentas.com\/#organization\"},\"image\":{\"@id\":\"https:\/\/tiempodetormentas.com\/humanidad\/el-psoe-segun-sanchez-en-el-referente-de-la-izquierda-europea\/#primaryimage\"},\"thumbnailUrl\":\"https:\/\/tiempodetormentas.com\/wp-content\/uploads\/2025\/06\/SOCIALISTAS-EUROPEOS.jpg\",\"articleSection\":[\"Espa\u00f1a\",\"Europa\",\"La Humanidad\"],\"inLanguage\":\"en-GB\",\"potentialAction\":[{\"@type\":\"CommentAction\",\"name\":\"Comment\",\"target\":[\"https:\/\/tiempodetormentas.com\/humanidad\/el-psoe-segun-sanchez-en-el-referente-de-la-izquierda-europea\/#respond\"]}]},{\"@type\":\"WebPage\",\"@id\":\"https:\/\/tiempodetormentas.com\/humanidad\/el-psoe-segun-sanchez-en-el-referente-de-la-izquierda-europea\/\",\"url\":\"https:\/\/tiempodetormentas.com\/humanidad\/el-psoe-segun-sanchez-en-el-referente-de-la-izquierda-europea\/\",\"name\":\"El PSOE , seg\u00fan S\u00e1nchez, en el referente de la izquierda europea - Tiempo de Tormentas\",\"isPartOf\":{\"@id\":\"https:\/\/tiempodetormentas.com\/#website\"},\"primaryImageOfPage\":{\"@id\":\"https:\/\/tiempodetormentas.com\/humanidad\/el-psoe-segun-sanchez-en-el-referente-de-la-izquierda-europea\/#primaryimage\"},\"image\":{\"@id\":\"https:\/\/tiempodetormentas.com\/humanidad\/el-psoe-segun-sanchez-en-el-referente-de-la-izquierda-europea\/#primaryimage\"},\"thumbnailUrl\":\"https:\/\/tiempodetormentas.com\/wp-content\/uploads\/2025\/06\/SOCIALISTAS-EUROPEOS.jpg\",\"datePublished\":\"2025-06-02T12:27:10+00:00\",\"dateModified\":\"2025-06-03T11:28:39+00:00\",\"breadcrumb\":{\"@id\":\"https:\/\/tiempodetormentas.com\/humanidad\/el-psoe-segun-sanchez-en-el-referente-de-la-izquierda-europea\/#breadcrumb\"},\"inLanguage\":\"en-GB\",\"potentialAction\":[{\"@type\":\"ReadAction\",\"target\":[\"https:\/\/tiempodetormentas.com\/humanidad\/el-psoe-segun-sanchez-en-el-referente-de-la-izquierda-europea\/\"]}]},{\"@type\":\"ImageObject\",\"inLanguage\":\"en-GB\",\"@id\":\"https:\/\/tiempodetormentas.com\/humanidad\/el-psoe-segun-sanchez-en-el-referente-de-la-izquierda-europea\/#primaryimage\",\"url\":\"https:\/\/tiempodetormentas.com\/wp-content\/uploads\/2025\/06\/SOCIALISTAS-EUROPEOS.jpg\",\"contentUrl\":\"https:\/\/tiempodetormentas.com\/wp-content\/uploads\/2025\/06\/SOCIALISTAS-EUROPEOS.jpg\",\"width\":1200,\"height\":900},{\"@type\":\"BreadcrumbList\",\"@id\":\"https:\/\/tiempodetormentas.com\/humanidad\/el-psoe-segun-sanchez-en-el-referente-de-la-izquierda-europea\/#breadcrumb\",\"itemListElement\":[{\"@type\":\"ListItem\",\"position\":1,\"name\":\"Portada\",\"item\":\"https:\/\/tiempodetormentas.com\/\"},{\"@type\":\"ListItem\",\"position\":2,\"name\":\"El PSOE , seg\u00fan S\u00e1nchez, en el referente de la izquierda europea\"}]},{\"@type\":\"WebSite\",\"@id\":\"https:\/\/tiempodetormentas.com\/#website\",\"url\":\"https:\/\/tiempodetormentas.com\/\",\"name\":\"Tiempo de Tormentas\",\"description\":\"Edita el club de la bruma\",\"publisher\":{\"@id\":\"https:\/\/tiempodetormentas.com\/#organization\"},\"potentialAction\":[{\"@type\":\"SearchAction\",\"target\":{\"@type\":\"EntryPoint\",\"urlTemplate\":\"https:\/\/tiempodetormentas.com\/?s={search_term_string}\"},\"query-input\":{\"@type\":\"PropertyValueSpecification\",\"valueRequired\":true,\"valueName\":\"search_term_string\"}}],\"inLanguage\":\"en-GB\"},{\"@type\":\"Organization\",\"@id\":\"https:\/\/tiempodetormentas.com\/#organization\",\"name\":\"Tiempo de Tormentas\",\"url\":\"https:\/\/tiempodetormentas.com\/\",\"logo\":{\"@type\":\"ImageObject\",\"inLanguage\":\"en-GB\",\"@id\":\"https:\/\/tiempodetormentas.com\/#\/schema\/logo\/image\/\",\"url\":\"https:\/\/tiempodetormentas.com\/wp-content\/uploads\/2022\/01\/tiempo-de-tormentas.png\",\"contentUrl\":\"https:\/\/tiempodetormentas.com\/wp-content\/uploads\/2022\/01\/tiempo-de-tormentas.png\",\"width\":448,\"height\":121,\"caption\":\"Tiempo de Tormentas\"},\"image\":{\"@id\":\"https:\/\/tiempodetormentas.com\/#\/schema\/logo\/image\/\"}},{\"@type\":\"Person\",\"@id\":\"https:\/\/tiempodetormentas.com\/#\/schema\/person\/9a9e95f6209f068f15d4e1c74cc3718e\",\"name\":\"Tiempo de Tormentas\",\"image\":{\"@type\":\"ImageObject\",\"inLanguage\":\"en-GB\",\"@id\":\"https:\/\/tiempodetormentas.com\/#\/schema\/person\/image\/\",\"url\":\"https:\/\/secure.gravatar.com\/avatar\/1b3c03cb36f6ab2f16882ddfcb878f0ebda1187829a7882b31ff8c8cfc477e50?s=96&d=mm&r=g\",\"contentUrl\":\"https:\/\/secure.gravatar.com\/avatar\/1b3c03cb36f6ab2f16882ddfcb878f0ebda1187829a7882b31ff8c8cfc477e50?s=96&d=mm&r=g\",\"caption\":\"Tiempo de Tormentas\"},\"url\":\"https:\/\/tiempodetormentas.com\/en\/author\/tiempo-de-tormentas\/\"}]}<\/script>\n<!-- \/ Yoast SEO plugin. -->","yoast_head_json":{"title":"El PSOE , seg\u00fan S\u00e1nchez, en el referente de la izquierda europea - Tiempo de Tormentas","robots":{"index":"index","follow":"follow","max-snippet":"max-snippet:-1","max-image-preview":"max-image-preview:large","max-video-preview":"max-video-preview:-1"},"canonical":"https:\/\/tiempodetormentas.com\/en\/humanidad\/el-psoe-segun-sanchez-en-el-referente-de-la-izquierda-europea\/","og_locale":"en_GB","og_type":"article","og_title":"El PSOE , seg\u00fan S\u00e1nchez, en el referente de la izquierda europea - Tiempo de Tormentas","og_description":"Ante la inexistencia program\u00e1tica de los Partidos Comunistas disueltos todos ellos en una miscel\u00e1nea de grupos heterog\u00e9neos S\u00e1nchez convierte al PSOE en el referente de la izquierda europea El presidente del Gobierno prioriza la creaci\u00f3n de empleo, la redistribuci\u00f3n de la riqueza, mejorar el acceso a la vivienda y fortalecer el Estado del bienestar S\u00e1nchez [&hellip;]","og_url":"https:\/\/tiempodetormentas.com\/en\/humanidad\/el-psoe-segun-sanchez-en-el-referente-de-la-izquierda-europea\/","og_site_name":"Tiempo de Tormentas","article_published_time":"2025-06-02T12:27:10+00:00","article_modified_time":"2025-06-03T11:28:39+00:00","og_image":[{"width":1200,"height":900,"url":"https:\/\/tiempodetormentas.com\/wp-content\/uploads\/2025\/06\/SOCIALISTAS-EUROPEOS.jpg","type":"image\/jpeg"}],"author":"Tiempo de Tormentas","twitter_card":"summary_large_image","twitter_misc":{"Written by":"Tiempo de Tormentas","Estimated reading time":"7 minutes"},"schema":{"@context":"https:\/\/schema.org","@graph":[{"@type":"Article","@id":"https:\/\/tiempodetormentas.com\/humanidad\/el-psoe-segun-sanchez-en-el-referente-de-la-izquierda-europea\/#article","isPartOf":{"@id":"https:\/\/tiempodetormentas.com\/humanidad\/el-psoe-segun-sanchez-en-el-referente-de-la-izquierda-europea\/"},"author":{"name":"Tiempo de Tormentas","@id":"https:\/\/tiempodetormentas.com\/#\/schema\/person\/9a9e95f6209f068f15d4e1c74cc3718e"},"headline":"El PSOE , seg\u00fan S\u00e1nchez, en el referente de la izquierda europea","datePublished":"2025-06-02T12:27:10+00:00","dateModified":"2025-06-03T11:28:39+00:00","mainEntityOfPage":{"@id":"https:\/\/tiempodetormentas.com\/humanidad\/el-psoe-segun-sanchez-en-el-referente-de-la-izquierda-europea\/"},"wordCount":1393,"commentCount":0,"publisher":{"@id":"https:\/\/tiempodetormentas.com\/#organization"},"image":{"@id":"https:\/\/tiempodetormentas.com\/humanidad\/el-psoe-segun-sanchez-en-el-referente-de-la-izquierda-europea\/#primaryimage"},"thumbnailUrl":"https:\/\/tiempodetormentas.com\/wp-content\/uploads\/2025\/06\/SOCIALISTAS-EUROPEOS.jpg","articleSection":["Espa\u00f1a","Europa","La Humanidad"],"inLanguage":"en-GB","potentialAction":[{"@type":"CommentAction","name":"Comment","target":["https:\/\/tiempodetormentas.com\/humanidad\/el-psoe-segun-sanchez-en-el-referente-de-la-izquierda-europea\/#respond"]}]},{"@type":"WebPage","@id":"https:\/\/tiempodetormentas.com\/humanidad\/el-psoe-segun-sanchez-en-el-referente-de-la-izquierda-europea\/","url":"https:\/\/tiempodetormentas.com\/humanidad\/el-psoe-segun-sanchez-en-el-referente-de-la-izquierda-europea\/","name":"El PSOE , seg\u00fan S\u00e1nchez, en el referente de la izquierda europea - Tiempo de Tormentas","isPartOf":{"@id":"https:\/\/tiempodetormentas.com\/#website"},"primaryImageOfPage":{"@id":"https:\/\/tiempodetormentas.com\/humanidad\/el-psoe-segun-sanchez-en-el-referente-de-la-izquierda-europea\/#primaryimage"},"image":{"@id":"https:\/\/tiempodetormentas.com\/humanidad\/el-psoe-segun-sanchez-en-el-referente-de-la-izquierda-europea\/#primaryimage"},"thumbnailUrl":"https:\/\/tiempodetormentas.com\/wp-content\/uploads\/2025\/06\/SOCIALISTAS-EUROPEOS.jpg","datePublished":"2025-06-02T12:27:10+00:00","dateModified":"2025-06-03T11:28:39+00:00","breadcrumb":{"@id":"https:\/\/tiempodetormentas.com\/humanidad\/el-psoe-segun-sanchez-en-el-referente-de-la-izquierda-europea\/#breadcrumb"},"inLanguage":"en-GB","potentialAction":[{"@type":"ReadAction","target":["https:\/\/tiempodetormentas.com\/humanidad\/el-psoe-segun-sanchez-en-el-referente-de-la-izquierda-europea\/"]}]},{"@type":"ImageObject","inLanguage":"en-GB","@id":"https:\/\/tiempodetormentas.com\/humanidad\/el-psoe-segun-sanchez-en-el-referente-de-la-izquierda-europea\/#primaryimage","url":"https:\/\/tiempodetormentas.com\/wp-content\/uploads\/2025\/06\/SOCIALISTAS-EUROPEOS.jpg","contentUrl":"https:\/\/tiempodetormentas.com\/wp-content\/uploads\/2025\/06\/SOCIALISTAS-EUROPEOS.jpg","width":1200,"height":900},{"@type":"BreadcrumbList","@id":"https:\/\/tiempodetormentas.com\/humanidad\/el-psoe-segun-sanchez-en-el-referente-de-la-izquierda-europea\/#breadcrumb","itemListElement":[{"@type":"ListItem","position":1,"name":"Portada","item":"https:\/\/tiempodetormentas.com\/"},{"@type":"ListItem","position":2,"name":"El PSOE , seg\u00fan S\u00e1nchez, en el referente de la izquierda europea"}]},{"@type":"WebSite","@id":"https:\/\/tiempodetormentas.com\/#website","url":"https:\/\/tiempodetormentas.com\/","name":"Tiempo de Tormentas","description":"Edita el club de la bruma","publisher":{"@id":"https:\/\/tiempodetormentas.com\/#organization"},"potentialAction":[{"@type":"SearchAction","target":{"@type":"EntryPoint","urlTemplate":"https:\/\/tiempodetormentas.com\/?s={search_term_string}"},"query-input":{"@type":"PropertyValueSpecification","valueRequired":true,"valueName":"search_term_string"}}],"inLanguage":"en-GB"},{"@type":"Organization","@id":"https:\/\/tiempodetormentas.com\/#organization","name":"Tiempo de Tormentas","url":"https:\/\/tiempodetormentas.com\/","logo":{"@type":"ImageObject","inLanguage":"en-GB","@id":"https:\/\/tiempodetormentas.com\/#\/schema\/logo\/image\/","url":"https:\/\/tiempodetormentas.com\/wp-content\/uploads\/2022\/01\/tiempo-de-tormentas.png","contentUrl":"https:\/\/tiempodetormentas.com\/wp-content\/uploads\/2022\/01\/tiempo-de-tormentas.png","width":448,"height":121,"caption":"Tiempo de Tormentas"},"image":{"@id":"https:\/\/tiempodetormentas.com\/#\/schema\/logo\/image\/"}},{"@type":"Person","@id":"https:\/\/tiempodetormentas.com\/#\/schema\/person\/9a9e95f6209f068f15d4e1c74cc3718e","name":"Tiempo de Tormentas","image":{"@type":"ImageObject","inLanguage":"en-GB","@id":"https:\/\/tiempodetormentas.com\/#\/schema\/person\/image\/","url":"https:\/\/secure.gravatar.com\/avatar\/1b3c03cb36f6ab2f16882ddfcb878f0ebda1187829a7882b31ff8c8cfc477e50?s=96&d=mm&r=g","contentUrl":"https:\/\/secure.gravatar.com\/avatar\/1b3c03cb36f6ab2f16882ddfcb878f0ebda1187829a7882b31ff8c8cfc477e50?s=96&d=mm&r=g","caption":"Tiempo de Tormentas"},"url":"https:\/\/tiempodetormentas.com\/en\/author\/tiempo-de-tormentas\/"}]}},"_links":{"self":[{"href":"https:\/\/tiempodetormentas.com\/en\/wp-json\/wp\/v2\/posts\/2907","targetHints":{"allow":["GET"]}}],"collection":[{"href":"https:\/\/tiempodetormentas.com\/en\/wp-json\/wp\/v2\/posts"}],"about":[{"href":"https:\/\/tiempodetormentas.com\/en\/wp-json\/wp\/v2\/types\/post"}],"author":[{"embeddable":true,"href":"https:\/\/tiempodetormentas.com\/en\/wp-json\/wp\/v2\/users\/13"}],"replies":[{"embeddable":true,"href":"https:\/\/tiempodetormentas.com\/en\/wp-json\/wp\/v2\/comments?post=2907"}],"version-history":[{"count":1,"href":"https:\/\/tiempodetormentas.com\/en\/wp-json\/wp\/v2\/posts\/2907\/revisions"}],"predecessor-version":[{"id":2910,"href":"https:\/\/tiempodetormentas.com\/en\/wp-json\/wp\/v2\/posts\/2907\/revisions\/2910"}],"wp:featuredmedia":[{"embeddable":true,"href":"https:\/\/tiempodetormentas.com\/en\/wp-json\/wp\/v2\/media\/2909"}],"wp:attachment":[{"href":"https:\/\/tiempodetormentas.com\/en\/wp-json\/wp\/v2\/media?parent=2907"}],"wp:term":[{"taxonomy":"category","embeddable":true,"href":"https:\/\/tiempodetormentas.com\/en\/wp-json\/wp\/v2\/categories?post=2907"},{"taxonomy":"post_tag","embeddable":true,"href":"https:\/\/tiempodetormentas.com\/en\/wp-json\/wp\/v2\/tags?post=2907"}],"curies":[{"name":"wp","href":"https:\/\/api.w.org\/{rel}","templated":true}]}}