{"id":2830,"date":"2025-05-27T18:31:56","date_gmt":"2025-05-27T18:31:56","guid":{"rendered":"https:\/\/tiempodetormentas.com\/?p=2830"},"modified":"2025-05-27T18:37:05","modified_gmt":"2025-05-27T18:37:05","slug":"europa-sin-consulta-a-sus-ciudadanos-declara-la-guerra-a-rusia","status":"publish","type":"post","link":"https:\/\/tiempodetormentas.com\/en\/humanidad\/internacional\/europa-sin-consulta-a-sus-ciudadanos-declara-la-guerra-a-rusia\/","title":{"rendered":"EUROPA SIN CONSULTAR A SUS CIUDADANOS PREPARA LA GUERRA CONTRA RUSIA"},"content":{"rendered":"<h1>EUROPA SIN CONSULTAR A SUS CIUDADANOS DAN LUZ VERDE A LA GUERRA CONTRA RUSIA<\/h1>\n<h1><img decoding=\"async\" src=\"https:\/\/s3.abcstatics.com\/abc\/www\/multimedia\/internacional\/2025\/05\/27\/merz-finlandia-ep-kuyF-U701041950737Q9-1200x840@diario_abc.jpg\" alt=\"El canciller alem\u00e1n, Friedrich Merz, con el el presidente finland\u00e9s, Alexander Stubb\" \/><\/h1>\n<p><em>Foto: <span style=\"font-family: Verdana, BlinkMacSystemFont, -apple-system, 'Segoe UI', Roboto, Oxygen, Ubuntu, Cantarell, 'Open Sans', 'Helvetica Neue', sans-serif;\">El canciller alem\u00e1n, Friedrich Merz, con el el presidente finland\u00e9s, Alexander Stubb\u00a0<\/span><span class=\"voc-figcaption voc-figcaption--author\" style=\"font-family: Verdana, BlinkMacSystemFont, -apple-system, 'Segoe UI', Roboto, Oxygen, Ubuntu, Cantarell, 'Open Sans', 'Helvetica Neue', sans-serif;\">EP<\/span><\/em><\/p>\n<div class=\"voc-d\" data-voc-component=\"voc-d\">\n<section class=\"voc-author\" data-mrf-recirculation=\"Autor\">\n<div class=\"voc-author__item voc-author__item--1\">\n<div class=\"voc-author__container\">\n<div class=\"voc-author__subitem voc-author__subitem--1\">\n<p class=\"voc-author__special\">\n<\/div>\n<div class=\"voc-author__subitem voc-author__subitem--2\"><\/div>\n<\/div>\n<\/div>\n<\/section>\n<\/div>\n<p>El canciller alem\u00e1n Merz anuncia \u00abv\u00eda libre para la utilizaci\u00f3n de armas de largo alcance contra Rusia\u00bb.<\/p>\n<p>Las voces se distancian de Merz que en la misma Alemania responden que eso no ha sido as\u00ed y que no le han dado luz verde al canciller.<\/p>\n<p>Merz asegura que Alemania, Inglaterra, Francia, Italia y Polonia han autorizado a Ucrania a usar armas de largo alcance contra Rusia.<\/p>\n<p>Esto significa la guerra abierta y Lavrov acusa a la U.E de \u00bb perturbar el proceso de negociaci\u00f3n\u00bb emprendido y que ya fue saboteado -como siempre &#8211; por el Reino Unido en 1922 en Estambul.<\/p>\n<p>En la U.E deben de tener claro que sus dirigentes quieren una guerra contra Rusia estados Unidos se va a quitar de enmedio dado sus intereses geoestrat\u00e9gicos Indopac\u00edfico.<\/p>\n<h2>solo en la Uni\u00f3n Europea hay 800.000 insumisos ucranianos.<\/h2>\n<h4>Frente a la propaganda inicial sobre el hero\u00edsmo del pueblo ucraniano que estaba dispuesto a derramar hasta la \u00faltima gota de su sangre, se abre paso la realidad. En la Uni\u00f3n Europea hay 4,1 millones de refugiados ucranianos y de ellos se calcula que un 22 % est\u00e1n en edad de reclutamiento. Los llamamientos de Kiev para que vuelvan y se alisten est\u00e1n siendo totalmente deso\u00eddos. Por eso, entre otros, el ministro de Exteriores de Polonia,\u00a0<a href=\"https:\/\/www.elsaltodiario.com\/ucrania\/claves-conflicto-ruso-ucraniano-posibles-escenarios-futuros-propuestas-para-desescalada\" target=\"_blank\" rel=\"noopener\">Rados\u0142aw Sikorski<\/a>, ha vuelto a solicitar a los gobiernos de la UE que dejen de prestar ayuda social a los refugiados ucranianos en edad de combatir. Podr\u00edamos afirmar que solo en la Uni\u00f3n Europea hay 800.000 insumisos ucranianos.<\/h4>\n<p>&nbsp;<\/p>\n<h2>NADIE EN EUROPA QUIERE LA GUERRA SALVO SUS DIRIGENTES<\/h2>\n<p>El absurdo m\u00e1s impresionante es conocer el potencial an\u00e9mico de los ej\u00e9rcitos europeos y su falta de capacidad para crear una industria militar capaz de competir con la de la Federaci\u00f3n Rusa. La U.E no la tiene y crear una tarda, al menos diez a\u00f1os, en esta realidad una guerra contra Rusia s\u00f3lo puede causar la derrota econ\u00f3mica y militar de la U.E y, evidentemente, la supremac\u00eda econ\u00f3mica brit\u00e1nica sobre el continente. Si. la victoria ser\u00eda inglesa, aunque perdieran la guerra, pues el Mercado interior europeo y muy probablemente el euro como moneda desaparcer\u00edan en cuyo caso volver\u00eda el esplendor de la Libra y la superioridad del Reino Unido sobre una Europa imb\u00e9cil que ha seguido el juego de los ingleses y americanos.<\/p>\n<p>El dicho \u00abRusia fuera, Europa abajo y el Imperio arriba\u00bb no es nuevo. Lo espantoso es que nuestros dirigentes le sigan el juego. La guerra de Ucrania s\u00f3lo tiene un culpable, sus instigadores y organizadores que son los neoliberales cuyas ra\u00edces est\u00e1n en el reino Unido y Norteam\u00e9rica.<\/p>\n<p>Las armas de largo alcance s\u00f3lo pueden ser guiadas a trav\u00e9s del control satelital y ese control no est\u00e1 en poder de las fuerzas armadas ucranianas sino de la OTAN. Su utilizaci\u00f3n implica un acto de guerra directo de la OTAN contra Rusia y \u00e9sta si decde responder ser\u00e1 en l\u00f3gica defensa propia. \u00bfNo ser\u00eda mejor pol\u00edtica apostar por la paz en Ucrania y s desmilitarizaci\u00f3n? Pues s\u00ed. Con lo cual cabe preguntarse quienes gobiernan a nuestros gobiernos. Que son t\u00edteres est\u00e1 claro.<\/p>\n<p>&nbsp;<\/p>\n<p>&nbsp;<\/p>\n<p>&nbsp;<\/p>\n<p>&nbsp;<\/p>","protected":false},"excerpt":{"rendered":"<p>EUROPA SIN CONSULTAR A SUS CIUDADANOS DAN LUZ VERDE A LA GUERRA CONTRA RUSIA Foto: El canciller alem\u00e1n, Friedrich Merz, con el el presidente finland\u00e9s, Alexander Stubb\u00a0EP El canciller alem\u00e1n Merz anuncia \u00abv\u00eda libre para la utilizaci\u00f3n de armas de largo alcance contra Rusia\u00bb. Las voces se distancian de Merz que en la misma Alemania [&hellip;]<\/p>","protected":false},"author":13,"featured_media":2681,"comment_status":"open","ping_status":"open","sticky":false,"template":"","format":"standard","meta":{"footnotes":""},"categories":[36,35],"tags":[],"class_list":{"0":"post-2830","1":"post","2":"type-post","3":"status-publish","4":"format-standard","5":"has-post-thumbnail","7":"category-europa","8":"category-internacional"},"yoast_head":"<!-- This site is optimized with the Yoast SEO plugin v26.2 - https:\/\/yoast.com\/wordpress\/plugins\/seo\/ -->\n<title>EUROPA SIN CONSULTAR A SUS CIUDADANOS PREPARA LA GUERRA CONTRA RUSIA - Tiempo de Tormentas<\/title>\n<meta name=\"robots\" content=\"index, follow, max-snippet:-1, max-image-preview:large, max-video-preview:-1\" \/>\n<link rel=\"canonical\" href=\"https:\/\/tiempodetormentas.com\/en\/humanidad\/internacional\/europa-sin-consulta-a-sus-ciudadanos-declara-la-guerra-a-rusia\/\" \/>\n<meta property=\"og:locale\" content=\"en_GB\" \/>\n<meta property=\"og:type\" content=\"article\" \/>\n<meta property=\"og:title\" content=\"EUROPA SIN CONSULTAR A SUS CIUDADANOS PREPARA LA GUERRA CONTRA RUSIA - Tiempo de Tormentas\" \/>\n<meta property=\"og:description\" content=\"EUROPA SIN CONSULTAR A SUS CIUDADANOS DAN LUZ VERDE A LA GUERRA CONTRA RUSIA Foto: El canciller alem\u00e1n, Friedrich Merz, con el el presidente finland\u00e9s, Alexander Stubb\u00a0EP El canciller alem\u00e1n Merz anuncia \u00abv\u00eda libre para la utilizaci\u00f3n de armas de largo alcance contra Rusia\u00bb. Las voces se distancian de Merz que en la misma Alemania [&hellip;]\" \/>\n<meta property=\"og:url\" content=\"https:\/\/tiempodetormentas.com\/en\/humanidad\/internacional\/europa-sin-consulta-a-sus-ciudadanos-declara-la-guerra-a-rusia\/\" \/>\n<meta property=\"og:site_name\" content=\"Tiempo de Tormentas\" \/>\n<meta property=\"article:published_time\" content=\"2025-05-27T18:31:56+00:00\" \/>\n<meta property=\"article:modified_time\" content=\"2025-05-27T18:37:05+00:00\" \/>\n<meta property=\"og:image\" content=\"https:\/\/tiempodetormentas.com\/wp-content\/uploads\/2025\/05\/merz-aplaudido.jpeg\" \/>\n\t<meta property=\"og:image:width\" content=\"1480\" \/>\n\t<meta property=\"og:image:height\" content=\"833\" \/>\n\t<meta property=\"og:image:type\" content=\"image\/jpeg\" \/>\n<meta name=\"author\" content=\"Tiempo de Tormentas\" \/>\n<meta name=\"twitter:card\" content=\"summary_large_image\" \/>\n<meta name=\"twitter:label1\" content=\"Written by\" \/>\n\t<meta name=\"twitter:data1\" content=\"Tiempo de Tormentas\" \/>\n\t<meta name=\"twitter:label2\" content=\"Estimated reading time\" \/>\n\t<meta name=\"twitter:data2\" content=\"3 minutes\" \/>\n<script type=\"application\/ld+json\" class=\"yoast-schema-graph\">{\"@context\":\"https:\/\/schema.org\",\"@graph\":[{\"@type\":\"Article\",\"@id\":\"https:\/\/tiempodetormentas.com\/humanidad\/internacional\/europa-sin-consulta-a-sus-ciudadanos-declara-la-guerra-a-rusia\/#article\",\"isPartOf\":{\"@id\":\"https:\/\/tiempodetormentas.com\/humanidad\/internacional\/europa-sin-consulta-a-sus-ciudadanos-declara-la-guerra-a-rusia\/\"},\"author\":{\"name\":\"Tiempo de Tormentas\",\"@id\":\"https:\/\/tiempodetormentas.com\/#\/schema\/person\/9a9e95f6209f068f15d4e1c74cc3718e\"},\"headline\":\"EUROPA SIN CONSULTAR A SUS CIUDADANOS PREPARA LA GUERRA CONTRA RUSIA\",\"datePublished\":\"2025-05-27T18:31:56+00:00\",\"dateModified\":\"2025-05-27T18:37:05+00:00\",\"mainEntityOfPage\":{\"@id\":\"https:\/\/tiempodetormentas.com\/humanidad\/internacional\/europa-sin-consulta-a-sus-ciudadanos-declara-la-guerra-a-rusia\/\"},\"wordCount\":599,\"commentCount\":0,\"publisher\":{\"@id\":\"https:\/\/tiempodetormentas.com\/#organization\"},\"image\":{\"@id\":\"https:\/\/tiempodetormentas.com\/humanidad\/internacional\/europa-sin-consulta-a-sus-ciudadanos-declara-la-guerra-a-rusia\/#primaryimage\"},\"thumbnailUrl\":\"https:\/\/tiempodetormentas.com\/wp-content\/uploads\/2025\/05\/merz-aplaudido.jpeg\",\"articleSection\":[\"Europa\",\"Internacional\"],\"inLanguage\":\"en-GB\",\"potentialAction\":[{\"@type\":\"CommentAction\",\"name\":\"Comment\",\"target\":[\"https:\/\/tiempodetormentas.com\/humanidad\/internacional\/europa-sin-consulta-a-sus-ciudadanos-declara-la-guerra-a-rusia\/#respond\"]}]},{\"@type\":\"WebPage\",\"@id\":\"https:\/\/tiempodetormentas.com\/humanidad\/internacional\/europa-sin-consulta-a-sus-ciudadanos-declara-la-guerra-a-rusia\/\",\"url\":\"https:\/\/tiempodetormentas.com\/humanidad\/internacional\/europa-sin-consulta-a-sus-ciudadanos-declara-la-guerra-a-rusia\/\",\"name\":\"EUROPA SIN CONSULTAR A SUS CIUDADANOS PREPARA LA GUERRA CONTRA RUSIA - Tiempo de Tormentas\",\"isPartOf\":{\"@id\":\"https:\/\/tiempodetormentas.com\/#website\"},\"primaryImageOfPage\":{\"@id\":\"https:\/\/tiempodetormentas.com\/humanidad\/internacional\/europa-sin-consulta-a-sus-ciudadanos-declara-la-guerra-a-rusia\/#primaryimage\"},\"image\":{\"@id\":\"https:\/\/tiempodetormentas.com\/humanidad\/internacional\/europa-sin-consulta-a-sus-ciudadanos-declara-la-guerra-a-rusia\/#primaryimage\"},\"thumbnailUrl\":\"https:\/\/tiempodetormentas.com\/wp-content\/uploads\/2025\/05\/merz-aplaudido.jpeg\",\"datePublished\":\"2025-05-27T18:31:56+00:00\",\"dateModified\":\"2025-05-27T18:37:05+00:00\",\"breadcrumb\":{\"@id\":\"https:\/\/tiempodetormentas.com\/humanidad\/internacional\/europa-sin-consulta-a-sus-ciudadanos-declara-la-guerra-a-rusia\/#breadcrumb\"},\"inLanguage\":\"en-GB\",\"potentialAction\":[{\"@type\":\"ReadAction\",\"target\":[\"https:\/\/tiempodetormentas.com\/humanidad\/internacional\/europa-sin-consulta-a-sus-ciudadanos-declara-la-guerra-a-rusia\/\"]}]},{\"@type\":\"ImageObject\",\"inLanguage\":\"en-GB\",\"@id\":\"https:\/\/tiempodetormentas.com\/humanidad\/internacional\/europa-sin-consulta-a-sus-ciudadanos-declara-la-guerra-a-rusia\/#primaryimage\",\"url\":\"https:\/\/tiempodetormentas.com\/wp-content\/uploads\/2025\/05\/merz-aplaudido.jpeg\",\"contentUrl\":\"https:\/\/tiempodetormentas.com\/wp-content\/uploads\/2025\/05\/merz-aplaudido.jpeg\",\"width\":1480,\"height\":833},{\"@type\":\"BreadcrumbList\",\"@id\":\"https:\/\/tiempodetormentas.com\/humanidad\/internacional\/europa-sin-consulta-a-sus-ciudadanos-declara-la-guerra-a-rusia\/#breadcrumb\",\"itemListElement\":[{\"@type\":\"ListItem\",\"position\":1,\"name\":\"Portada\",\"item\":\"https:\/\/tiempodetormentas.com\/\"},{\"@type\":\"ListItem\",\"position\":2,\"name\":\"EUROPA SIN CONSULTAR A SUS CIUDADANOS PREPARA LA GUERRA CONTRA RUSIA\"}]},{\"@type\":\"WebSite\",\"@id\":\"https:\/\/tiempodetormentas.com\/#website\",\"url\":\"https:\/\/tiempodetormentas.com\/\",\"name\":\"Tiempo de Tormentas\",\"description\":\"Edita el club de la bruma\",\"publisher\":{\"@id\":\"https:\/\/tiempodetormentas.com\/#organization\"},\"potentialAction\":[{\"@type\":\"SearchAction\",\"target\":{\"@type\":\"EntryPoint\",\"urlTemplate\":\"https:\/\/tiempodetormentas.com\/?s={search_term_string}\"},\"query-input\":{\"@type\":\"PropertyValueSpecification\",\"valueRequired\":true,\"valueName\":\"search_term_string\"}}],\"inLanguage\":\"en-GB\"},{\"@type\":\"Organization\",\"@id\":\"https:\/\/tiempodetormentas.com\/#organization\",\"name\":\"Tiempo de Tormentas\",\"url\":\"https:\/\/tiempodetormentas.com\/\",\"logo\":{\"@type\":\"ImageObject\",\"inLanguage\":\"en-GB\",\"@id\":\"https:\/\/tiempodetormentas.com\/#\/schema\/logo\/image\/\",\"url\":\"https:\/\/tiempodetormentas.com\/wp-content\/uploads\/2022\/01\/tiempo-de-tormentas.png\",\"contentUrl\":\"https:\/\/tiempodetormentas.com\/wp-content\/uploads\/2022\/01\/tiempo-de-tormentas.png\",\"width\":448,\"height\":121,\"caption\":\"Tiempo de Tormentas\"},\"image\":{\"@id\":\"https:\/\/tiempodetormentas.com\/#\/schema\/logo\/image\/\"}},{\"@type\":\"Person\",\"@id\":\"https:\/\/tiempodetormentas.com\/#\/schema\/person\/9a9e95f6209f068f15d4e1c74cc3718e\",\"name\":\"Tiempo de Tormentas\",\"image\":{\"@type\":\"ImageObject\",\"inLanguage\":\"en-GB\",\"@id\":\"https:\/\/tiempodetormentas.com\/#\/schema\/person\/image\/\",\"url\":\"https:\/\/secure.gravatar.com\/avatar\/1b3c03cb36f6ab2f16882ddfcb878f0ebda1187829a7882b31ff8c8cfc477e50?s=96&d=mm&r=g\",\"contentUrl\":\"https:\/\/secure.gravatar.com\/avatar\/1b3c03cb36f6ab2f16882ddfcb878f0ebda1187829a7882b31ff8c8cfc477e50?s=96&d=mm&r=g\",\"caption\":\"Tiempo de Tormentas\"},\"url\":\"https:\/\/tiempodetormentas.com\/en\/author\/tiempo-de-tormentas\/\"}]}<\/script>\n<!-- \/ Yoast SEO plugin. -->","yoast_head_json":{"title":"EUROPA SIN CONSULTAR A SUS CIUDADANOS PREPARA LA GUERRA CONTRA RUSIA - Tiempo de Tormentas","robots":{"index":"index","follow":"follow","max-snippet":"max-snippet:-1","max-image-preview":"max-image-preview:large","max-video-preview":"max-video-preview:-1"},"canonical":"https:\/\/tiempodetormentas.com\/en\/humanidad\/internacional\/europa-sin-consulta-a-sus-ciudadanos-declara-la-guerra-a-rusia\/","og_locale":"en_GB","og_type":"article","og_title":"EUROPA SIN CONSULTAR A SUS CIUDADANOS PREPARA LA GUERRA CONTRA RUSIA - Tiempo de Tormentas","og_description":"EUROPA SIN CONSULTAR A SUS CIUDADANOS DAN LUZ VERDE A LA GUERRA CONTRA RUSIA Foto: El canciller alem\u00e1n, Friedrich Merz, con el el presidente finland\u00e9s, Alexander Stubb\u00a0EP El canciller alem\u00e1n Merz anuncia \u00abv\u00eda libre para la utilizaci\u00f3n de armas de largo alcance contra Rusia\u00bb. Las voces se distancian de Merz que en la misma Alemania [&hellip;]","og_url":"https:\/\/tiempodetormentas.com\/en\/humanidad\/internacional\/europa-sin-consulta-a-sus-ciudadanos-declara-la-guerra-a-rusia\/","og_site_name":"Tiempo de Tormentas","article_published_time":"2025-05-27T18:31:56+00:00","article_modified_time":"2025-05-27T18:37:05+00:00","og_image":[{"width":1480,"height":833,"url":"https:\/\/tiempodetormentas.com\/wp-content\/uploads\/2025\/05\/merz-aplaudido.jpeg","type":"image\/jpeg"}],"author":"Tiempo de Tormentas","twitter_card":"summary_large_image","twitter_misc":{"Written by":"Tiempo de Tormentas","Estimated reading time":"3 minutes"},"schema":{"@context":"https:\/\/schema.org","@graph":[{"@type":"Article","@id":"https:\/\/tiempodetormentas.com\/humanidad\/internacional\/europa-sin-consulta-a-sus-ciudadanos-declara-la-guerra-a-rusia\/#article","isPartOf":{"@id":"https:\/\/tiempodetormentas.com\/humanidad\/internacional\/europa-sin-consulta-a-sus-ciudadanos-declara-la-guerra-a-rusia\/"},"author":{"name":"Tiempo de Tormentas","@id":"https:\/\/tiempodetormentas.com\/#\/schema\/person\/9a9e95f6209f068f15d4e1c74cc3718e"},"headline":"EUROPA SIN CONSULTAR A SUS CIUDADANOS PREPARA LA GUERRA CONTRA RUSIA","datePublished":"2025-05-27T18:31:56+00:00","dateModified":"2025-05-27T18:37:05+00:00","mainEntityOfPage":{"@id":"https:\/\/tiempodetormentas.com\/humanidad\/internacional\/europa-sin-consulta-a-sus-ciudadanos-declara-la-guerra-a-rusia\/"},"wordCount":599,"commentCount":0,"publisher":{"@id":"https:\/\/tiempodetormentas.com\/#organization"},"image":{"@id":"https:\/\/tiempodetormentas.com\/humanidad\/internacional\/europa-sin-consulta-a-sus-ciudadanos-declara-la-guerra-a-rusia\/#primaryimage"},"thumbnailUrl":"https:\/\/tiempodetormentas.com\/wp-content\/uploads\/2025\/05\/merz-aplaudido.jpeg","articleSection":["Europa","Internacional"],"inLanguage":"en-GB","potentialAction":[{"@type":"CommentAction","name":"Comment","target":["https:\/\/tiempodetormentas.com\/humanidad\/internacional\/europa-sin-consulta-a-sus-ciudadanos-declara-la-guerra-a-rusia\/#respond"]}]},{"@type":"WebPage","@id":"https:\/\/tiempodetormentas.com\/humanidad\/internacional\/europa-sin-consulta-a-sus-ciudadanos-declara-la-guerra-a-rusia\/","url":"https:\/\/tiempodetormentas.com\/humanidad\/internacional\/europa-sin-consulta-a-sus-ciudadanos-declara-la-guerra-a-rusia\/","name":"EUROPA SIN CONSULTAR A SUS CIUDADANOS PREPARA LA GUERRA CONTRA RUSIA - Tiempo de Tormentas","isPartOf":{"@id":"https:\/\/tiempodetormentas.com\/#website"},"primaryImageOfPage":{"@id":"https:\/\/tiempodetormentas.com\/humanidad\/internacional\/europa-sin-consulta-a-sus-ciudadanos-declara-la-guerra-a-rusia\/#primaryimage"},"image":{"@id":"https:\/\/tiempodetormentas.com\/humanidad\/internacional\/europa-sin-consulta-a-sus-ciudadanos-declara-la-guerra-a-rusia\/#primaryimage"},"thumbnailUrl":"https:\/\/tiempodetormentas.com\/wp-content\/uploads\/2025\/05\/merz-aplaudido.jpeg","datePublished":"2025-05-27T18:31:56+00:00","dateModified":"2025-05-27T18:37:05+00:00","breadcrumb":{"@id":"https:\/\/tiempodetormentas.com\/humanidad\/internacional\/europa-sin-consulta-a-sus-ciudadanos-declara-la-guerra-a-rusia\/#breadcrumb"},"inLanguage":"en-GB","potentialAction":[{"@type":"ReadAction","target":["https:\/\/tiempodetormentas.com\/humanidad\/internacional\/europa-sin-consulta-a-sus-ciudadanos-declara-la-guerra-a-rusia\/"]}]},{"@type":"ImageObject","inLanguage":"en-GB","@id":"https:\/\/tiempodetormentas.com\/humanidad\/internacional\/europa-sin-consulta-a-sus-ciudadanos-declara-la-guerra-a-rusia\/#primaryimage","url":"https:\/\/tiempodetormentas.com\/wp-content\/uploads\/2025\/05\/merz-aplaudido.jpeg","contentUrl":"https:\/\/tiempodetormentas.com\/wp-content\/uploads\/2025\/05\/merz-aplaudido.jpeg","width":1480,"height":833},{"@type":"BreadcrumbList","@id":"https:\/\/tiempodetormentas.com\/humanidad\/internacional\/europa-sin-consulta-a-sus-ciudadanos-declara-la-guerra-a-rusia\/#breadcrumb","itemListElement":[{"@type":"ListItem","position":1,"name":"Portada","item":"https:\/\/tiempodetormentas.com\/"},{"@type":"ListItem","position":2,"name":"EUROPA SIN CONSULTAR A SUS CIUDADANOS PREPARA LA GUERRA CONTRA RUSIA"}]},{"@type":"WebSite","@id":"https:\/\/tiempodetormentas.com\/#website","url":"https:\/\/tiempodetormentas.com\/","name":"Tiempo de Tormentas","description":"Edita el club de la bruma","publisher":{"@id":"https:\/\/tiempodetormentas.com\/#organization"},"potentialAction":[{"@type":"SearchAction","target":{"@type":"EntryPoint","urlTemplate":"https:\/\/tiempodetormentas.com\/?s={search_term_string}"},"query-input":{"@type":"PropertyValueSpecification","valueRequired":true,"valueName":"search_term_string"}}],"inLanguage":"en-GB"},{"@type":"Organization","@id":"https:\/\/tiempodetormentas.com\/#organization","name":"Tiempo de Tormentas","url":"https:\/\/tiempodetormentas.com\/","logo":{"@type":"ImageObject","inLanguage":"en-GB","@id":"https:\/\/tiempodetormentas.com\/#\/schema\/logo\/image\/","url":"https:\/\/tiempodetormentas.com\/wp-content\/uploads\/2022\/01\/tiempo-de-tormentas.png","contentUrl":"https:\/\/tiempodetormentas.com\/wp-content\/uploads\/2022\/01\/tiempo-de-tormentas.png","width":448,"height":121,"caption":"Tiempo de Tormentas"},"image":{"@id":"https:\/\/tiempodetormentas.com\/#\/schema\/logo\/image\/"}},{"@type":"Person","@id":"https:\/\/tiempodetormentas.com\/#\/schema\/person\/9a9e95f6209f068f15d4e1c74cc3718e","name":"Tiempo de Tormentas","image":{"@type":"ImageObject","inLanguage":"en-GB","@id":"https:\/\/tiempodetormentas.com\/#\/schema\/person\/image\/","url":"https:\/\/secure.gravatar.com\/avatar\/1b3c03cb36f6ab2f16882ddfcb878f0ebda1187829a7882b31ff8c8cfc477e50?s=96&d=mm&r=g","contentUrl":"https:\/\/secure.gravatar.com\/avatar\/1b3c03cb36f6ab2f16882ddfcb878f0ebda1187829a7882b31ff8c8cfc477e50?s=96&d=mm&r=g","caption":"Tiempo de Tormentas"},"url":"https:\/\/tiempodetormentas.com\/en\/author\/tiempo-de-tormentas\/"}]}},"_links":{"self":[{"href":"https:\/\/tiempodetormentas.com\/en\/wp-json\/wp\/v2\/posts\/2830","targetHints":{"allow":["GET"]}}],"collection":[{"href":"https:\/\/tiempodetormentas.com\/en\/wp-json\/wp\/v2\/posts"}],"about":[{"href":"https:\/\/tiempodetormentas.com\/en\/wp-json\/wp\/v2\/types\/post"}],"author":[{"embeddable":true,"href":"https:\/\/tiempodetormentas.com\/en\/wp-json\/wp\/v2\/users\/13"}],"replies":[{"embeddable":true,"href":"https:\/\/tiempodetormentas.com\/en\/wp-json\/wp\/v2\/comments?post=2830"}],"version-history":[{"count":3,"href":"https:\/\/tiempodetormentas.com\/en\/wp-json\/wp\/v2\/posts\/2830\/revisions"}],"predecessor-version":[{"id":2834,"href":"https:\/\/tiempodetormentas.com\/en\/wp-json\/wp\/v2\/posts\/2830\/revisions\/2834"}],"wp:featuredmedia":[{"embeddable":true,"href":"https:\/\/tiempodetormentas.com\/en\/wp-json\/wp\/v2\/media\/2681"}],"wp:attachment":[{"href":"https:\/\/tiempodetormentas.com\/en\/wp-json\/wp\/v2\/media?parent=2830"}],"wp:term":[{"taxonomy":"category","embeddable":true,"href":"https:\/\/tiempodetormentas.com\/en\/wp-json\/wp\/v2\/categories?post=2830"},{"taxonomy":"post_tag","embeddable":true,"href":"https:\/\/tiempodetormentas.com\/en\/wp-json\/wp\/v2\/tags?post=2830"}],"curies":[{"name":"wp","href":"https:\/\/api.w.org\/{rel}","templated":true}]}}