{"id":2652,"date":"2025-05-06T10:55:39","date_gmt":"2025-05-06T10:55:39","guid":{"rendered":"https:\/\/tiempodetormentas.com\/?p=2652"},"modified":"2025-05-06T10:55:39","modified_gmt":"2025-05-06T10:55:39","slug":"piden-a-los-reyes-suspendan-viaje-a-mauthausen","status":"publish","type":"post","link":"https:\/\/tiempodetormentas.com\/en\/humanidad\/piden-a-los-reyes-suspendan-viaje-a-mauthausen\/","title":{"rendered":"PIDEN A LOS REYES SUSPENDAN VIAJE A MAUTHAUSEN"},"content":{"rendered":"<h1><strong>Piden a la Casa Real que suspenda su viaje a la conmemoraci\u00f3n de los 80 a\u00f1os de la liberaci\u00f3n de Mauthausen<\/strong><\/h1>\n<p><em>FUENTE: ARMH<\/em><\/p>\n<div class=\"lead mt-3 mb-4\">\n<h2>La\u00a0Asociaci\u00f3n para la Recuperaci\u00f3n de la Memoria Hist\u00f3rica\u00a0lo considera una\u00a0falta de respeto a la identidad republicana de los espa\u00f1oles deportados.<\/h2>\n<h3>\u201cCuando\u00a0no han condenado la dictadura franquista\u00a0ni todo el\u00a0da\u00f1o que le caus\u00f3 el dictador a millones de v\u00edctimas, un viaje que deber\u00eda ser\u00a0\u00e9tico\u00a0se convierte en algo meramente\u00a0est\u00e9tico\u201d.<\/h3>\n<p><img decoding=\"async\" src=\"https:\/\/www.tercerainformacion.es\/wp-content\/uploads\/2025\/05\/Pancarta-Mauthausen-mayo-2023-2-1024x682.jpeg\" \/><\/p>\n<\/div>\n<p>La Asociaci\u00f3n para la Recuperaci\u00f3n de la Memoria Hist\u00f3rica (ARMH) ha registrado, a trav\u00e9s del Portal de Transparencia, un escrito dirigido a la Casa Real en el que se invita a la instituci\u00f3n a valorar la posibilidad de suspender la visita que Felipe de Borb\u00f3n y Letizia Ortiz tienen previsto llevar a cabo a los actos de conmemoraci\u00f3n del 80 aniversario del campo de concentraci\u00f3n de Mauthausen.<\/p>\n<p>En la misiva se explica que cuando <strong>en el a\u00f1o 1969 Juan Carlos de Borb\u00f3n propuso los principios del movimiento para declararse heredero del dictador Francisco Franco recibi\u00f3 como leg\u00edtimas todas sus decisiones, incluida la demanda a las autoridades nazis de la deportaci\u00f3n de miles de republicanos espa\u00f1oles que se encontraban al otro lado de los Pirineos y tambi\u00e9n la decisi\u00f3n de que los republicanos deportados a los campos nazis no pudieron regresar a su pa\u00eds despu\u00e9s de haber sido liberados en Mauthausen.<\/strong><\/p>\n<p><img loading=\"lazy\" decoding=\"async\" class=\"\" src=\"https:\/\/www.publico.es\/files\/image_horizontal_mobile\/uploads\/2024\/11\/16\/6738f437990a7.jpeg\" alt=\"Juan Carlos de Borb\u00f3n junto al dictador Francisco Franco. EFE\" width=\"828\" height=\"466\" \/><\/p>\n<p>Es m\u00e1s, <strong>en las dos ocasiones en las que Juan Carlos de Borb\u00f3n fue jefe de Estado en la dictadura por baja por enfermedad de Franco, mantuvo la misma decisi\u00f3n que hizo que la mayor\u00eda de esos deportados muriesen lejos de donde nacieron sin poder elegir el regreso a su pa\u00eds.<\/strong><\/p>\n<p>Y en esta fecha importante para las familias de los republicanos deportados y para recuperar su historia y su memoria, como es el 80 aniversario de la liberaci\u00f3n del campo de Mauthausen, creemos que no es el momento para que los representantes de una monarqu\u00eda que sucedi\u00f3 sin refer\u00e9ndum a una dictadura invada el espacio que leg\u00edtimamente pertenece a la identidad republicana de los deportados; a la de los cerca de 4.700 que murieron asesinados en los campos nazis ya los aproximadamente 5.000 que sobrevivieron y que vivieron esparcidos, en su mayor\u00eda, por pa\u00edses europeos.<\/p>\n<p>&nbsp;<\/p>\n<p><strong>Miguel Nogu\u00e9s Garc\u00eda<\/strong>, nieto de Juan Antonio Garc\u00eda Acero, asesinado en Gusen el d\u00eda 23 de diciembre de 1941, considera \u201c\u00a0<em><strong>obscena la visita de los citados Reyes, pues en calidad de los descendientes de su tutor, Francisco Franco, jam\u00e1s se interesaron por los sufrimientos que pasaron los espa\u00f1oles leales a la Rep\u00fablica que han sido absolutamente abandonados y olvidados<\/strong>\u201d.<\/em><\/p>\n<p>La carta contin\u00faa.<\/p>\n<p>El mejor ejemplo del abandono que han sufrido los deportados por parte de las instituciones de la democracia recuperada es que el \u00faltimo superviviente republicano espa\u00f1ol deportado a un campo nazi, Juan Romero, falleci\u00f3 en 2020 a la edad de 101 un a\u00f1os ya pesar de su longevidad el \u00fanico homenaje que se le hizo en suelo espa\u00f1ol con una representaci\u00f3n del Estado fue de car\u00e1cter p\u00f3stumo.<\/p>\n<p><img decoding=\"async\" src=\"https:\/\/www.tercerainformacion.es\/wp-content\/uploads\/2025\/05\/Familiares-pancarta-frente-al-Congreso-de-los-Diputados-1024x682.jpeg\" \/><\/p>\n<p><strong>Emilio Silva<\/strong>, presidente de la ARMH, explica que \u00ab<strong>cuando no han condenado la dictadura franquista ni todo el da\u00f1o que le provoc\u00f3 el dictador a millones de v\u00edctimas un viaje que deber\u00eda ser \u00e9tico se convierte en algo meramente est\u00e9tico<\/strong>. No se puede guardar en Espa\u00f1a silencio sobre los cr\u00edmenes del franquismo y salir de las fronteras representando que han sido condenados. Ese m\u00e9todo lo estren\u00f3 Juan Carlos de Borb\u00f3n el 20 de noviembre de 1978 visitando a la viuda de Manuel Aza\u00f1a en M\u00e9xico pero se ha demostrado con el paso de los a\u00f1os que s\u00f3lo es una estrategia\u201d.<\/p>\n<p>&nbsp;<\/p>","protected":false},"excerpt":{"rendered":"<p>Piden a la Casa Real que suspenda su viaje a la conmemoraci\u00f3n de los 80 a\u00f1os de la liberaci\u00f3n de Mauthausen FUENTE: ARMH La\u00a0Asociaci\u00f3n para la Recuperaci\u00f3n de la Memoria Hist\u00f3rica\u00a0lo considera una\u00a0falta de respeto a la identidad republicana de los espa\u00f1oles deportados. \u201cCuando\u00a0no han condenado la dictadura franquista\u00a0ni todo el\u00a0da\u00f1o que le caus\u00f3 el [&hellip;]<\/p>","protected":false},"author":13,"featured_media":2653,"comment_status":"open","ping_status":"open","sticky":false,"template":"","format":"standard","meta":{"footnotes":""},"categories":[37,36,2],"tags":[],"class_list":{"0":"post-2652","1":"post","2":"type-post","3":"status-publish","4":"format-standard","5":"has-post-thumbnail","7":"category-espana","8":"category-europa","9":"category-humanidad"},"yoast_head":"<!-- This site is optimized with the Yoast SEO plugin v26.2 - https:\/\/yoast.com\/wordpress\/plugins\/seo\/ -->\n<title>PIDEN A LOS REYES SUSPENDAN VIAJE A MAUTHAUSEN - Tiempo de Tormentas<\/title>\n<meta name=\"robots\" content=\"index, follow, max-snippet:-1, max-image-preview:large, max-video-preview:-1\" \/>\n<link rel=\"canonical\" href=\"https:\/\/tiempodetormentas.com\/en\/humanidad\/piden-a-los-reyes-suspendan-viaje-a-mauthausen\/\" \/>\n<meta property=\"og:locale\" content=\"en_GB\" \/>\n<meta property=\"og:type\" content=\"article\" \/>\n<meta property=\"og:title\" content=\"PIDEN A LOS REYES SUSPENDAN VIAJE A MAUTHAUSEN - Tiempo de Tormentas\" \/>\n<meta property=\"og:description\" content=\"Piden a la Casa Real que suspenda su viaje a la conmemoraci\u00f3n de los 80 a\u00f1os de la liberaci\u00f3n de Mauthausen FUENTE: ARMH La\u00a0Asociaci\u00f3n para la Recuperaci\u00f3n de la Memoria Hist\u00f3rica\u00a0lo considera una\u00a0falta de respeto a la identidad republicana de los espa\u00f1oles deportados. \u201cCuando\u00a0no han condenado la dictadura franquista\u00a0ni todo el\u00a0da\u00f1o que le caus\u00f3 el [&hellip;]\" \/>\n<meta property=\"og:url\" content=\"https:\/\/tiempodetormentas.com\/en\/humanidad\/piden-a-los-reyes-suspendan-viaje-a-mauthausen\/\" \/>\n<meta property=\"og:site_name\" content=\"Tiempo de Tormentas\" \/>\n<meta property=\"article:published_time\" content=\"2025-05-06T10:55:39+00:00\" \/>\n<meta property=\"og:image\" content=\"https:\/\/tiempodetormentas.com\/wp-content\/uploads\/2025\/05\/liberacion-de-mathausen.jpeg\" \/>\n\t<meta property=\"og:image:width\" content=\"992\" \/>\n\t<meta property=\"og:image:height\" content=\"657\" \/>\n\t<meta property=\"og:image:type\" content=\"image\/jpeg\" \/>\n<meta name=\"author\" content=\"Tiempo de Tormentas\" \/>\n<meta name=\"twitter:card\" content=\"summary_large_image\" \/>\n<meta name=\"twitter:label1\" content=\"Written by\" \/>\n\t<meta name=\"twitter:data1\" content=\"Tiempo de Tormentas\" \/>\n\t<meta name=\"twitter:label2\" content=\"Estimated reading time\" \/>\n\t<meta name=\"twitter:data2\" content=\"4 minutes\" \/>\n<script type=\"application\/ld+json\" class=\"yoast-schema-graph\">{\"@context\":\"https:\/\/schema.org\",\"@graph\":[{\"@type\":\"Article\",\"@id\":\"https:\/\/tiempodetormentas.com\/humanidad\/piden-a-los-reyes-suspendan-viaje-a-mauthausen\/#article\",\"isPartOf\":{\"@id\":\"https:\/\/tiempodetormentas.com\/humanidad\/piden-a-los-reyes-suspendan-viaje-a-mauthausen\/\"},\"author\":{\"name\":\"Tiempo de Tormentas\",\"@id\":\"https:\/\/tiempodetormentas.com\/#\/schema\/person\/9a9e95f6209f068f15d4e1c74cc3718e\"},\"headline\":\"PIDEN A LOS REYES SUSPENDAN VIAJE A MAUTHAUSEN\",\"datePublished\":\"2025-05-06T10:55:39+00:00\",\"mainEntityOfPage\":{\"@id\":\"https:\/\/tiempodetormentas.com\/humanidad\/piden-a-los-reyes-suspendan-viaje-a-mauthausen\/\"},\"wordCount\":666,\"commentCount\":0,\"publisher\":{\"@id\":\"https:\/\/tiempodetormentas.com\/#organization\"},\"image\":{\"@id\":\"https:\/\/tiempodetormentas.com\/humanidad\/piden-a-los-reyes-suspendan-viaje-a-mauthausen\/#primaryimage\"},\"thumbnailUrl\":\"https:\/\/tiempodetormentas.com\/wp-content\/uploads\/2025\/05\/liberacion-de-mathausen.jpeg\",\"articleSection\":[\"Espa\u00f1a\",\"Europa\",\"La Humanidad\"],\"inLanguage\":\"en-GB\",\"potentialAction\":[{\"@type\":\"CommentAction\",\"name\":\"Comment\",\"target\":[\"https:\/\/tiempodetormentas.com\/humanidad\/piden-a-los-reyes-suspendan-viaje-a-mauthausen\/#respond\"]}]},{\"@type\":\"WebPage\",\"@id\":\"https:\/\/tiempodetormentas.com\/humanidad\/piden-a-los-reyes-suspendan-viaje-a-mauthausen\/\",\"url\":\"https:\/\/tiempodetormentas.com\/humanidad\/piden-a-los-reyes-suspendan-viaje-a-mauthausen\/\",\"name\":\"PIDEN A LOS REYES SUSPENDAN VIAJE A MAUTHAUSEN - Tiempo de Tormentas\",\"isPartOf\":{\"@id\":\"https:\/\/tiempodetormentas.com\/#website\"},\"primaryImageOfPage\":{\"@id\":\"https:\/\/tiempodetormentas.com\/humanidad\/piden-a-los-reyes-suspendan-viaje-a-mauthausen\/#primaryimage\"},\"image\":{\"@id\":\"https:\/\/tiempodetormentas.com\/humanidad\/piden-a-los-reyes-suspendan-viaje-a-mauthausen\/#primaryimage\"},\"thumbnailUrl\":\"https:\/\/tiempodetormentas.com\/wp-content\/uploads\/2025\/05\/liberacion-de-mathausen.jpeg\",\"datePublished\":\"2025-05-06T10:55:39+00:00\",\"breadcrumb\":{\"@id\":\"https:\/\/tiempodetormentas.com\/humanidad\/piden-a-los-reyes-suspendan-viaje-a-mauthausen\/#breadcrumb\"},\"inLanguage\":\"en-GB\",\"potentialAction\":[{\"@type\":\"ReadAction\",\"target\":[\"https:\/\/tiempodetormentas.com\/humanidad\/piden-a-los-reyes-suspendan-viaje-a-mauthausen\/\"]}]},{\"@type\":\"ImageObject\",\"inLanguage\":\"en-GB\",\"@id\":\"https:\/\/tiempodetormentas.com\/humanidad\/piden-a-los-reyes-suspendan-viaje-a-mauthausen\/#primaryimage\",\"url\":\"https:\/\/tiempodetormentas.com\/wp-content\/uploads\/2025\/05\/liberacion-de-mathausen.jpeg\",\"contentUrl\":\"https:\/\/tiempodetormentas.com\/wp-content\/uploads\/2025\/05\/liberacion-de-mathausen.jpeg\",\"width\":992,\"height\":657},{\"@type\":\"BreadcrumbList\",\"@id\":\"https:\/\/tiempodetormentas.com\/humanidad\/piden-a-los-reyes-suspendan-viaje-a-mauthausen\/#breadcrumb\",\"itemListElement\":[{\"@type\":\"ListItem\",\"position\":1,\"name\":\"Portada\",\"item\":\"https:\/\/tiempodetormentas.com\/\"},{\"@type\":\"ListItem\",\"position\":2,\"name\":\"PIDEN A LOS REYES SUSPENDAN VIAJE A MAUTHAUSEN\"}]},{\"@type\":\"WebSite\",\"@id\":\"https:\/\/tiempodetormentas.com\/#website\",\"url\":\"https:\/\/tiempodetormentas.com\/\",\"name\":\"Tiempo de Tormentas\",\"description\":\"Edita el club de la bruma\",\"publisher\":{\"@id\":\"https:\/\/tiempodetormentas.com\/#organization\"},\"potentialAction\":[{\"@type\":\"SearchAction\",\"target\":{\"@type\":\"EntryPoint\",\"urlTemplate\":\"https:\/\/tiempodetormentas.com\/?s={search_term_string}\"},\"query-input\":{\"@type\":\"PropertyValueSpecification\",\"valueRequired\":true,\"valueName\":\"search_term_string\"}}],\"inLanguage\":\"en-GB\"},{\"@type\":\"Organization\",\"@id\":\"https:\/\/tiempodetormentas.com\/#organization\",\"name\":\"Tiempo de Tormentas\",\"url\":\"https:\/\/tiempodetormentas.com\/\",\"logo\":{\"@type\":\"ImageObject\",\"inLanguage\":\"en-GB\",\"@id\":\"https:\/\/tiempodetormentas.com\/#\/schema\/logo\/image\/\",\"url\":\"https:\/\/tiempodetormentas.com\/wp-content\/uploads\/2022\/01\/tiempo-de-tormentas.png\",\"contentUrl\":\"https:\/\/tiempodetormentas.com\/wp-content\/uploads\/2022\/01\/tiempo-de-tormentas.png\",\"width\":448,\"height\":121,\"caption\":\"Tiempo de Tormentas\"},\"image\":{\"@id\":\"https:\/\/tiempodetormentas.com\/#\/schema\/logo\/image\/\"}},{\"@type\":\"Person\",\"@id\":\"https:\/\/tiempodetormentas.com\/#\/schema\/person\/9a9e95f6209f068f15d4e1c74cc3718e\",\"name\":\"Tiempo de Tormentas\",\"image\":{\"@type\":\"ImageObject\",\"inLanguage\":\"en-GB\",\"@id\":\"https:\/\/tiempodetormentas.com\/#\/schema\/person\/image\/\",\"url\":\"https:\/\/secure.gravatar.com\/avatar\/1b3c03cb36f6ab2f16882ddfcb878f0ebda1187829a7882b31ff8c8cfc477e50?s=96&d=mm&r=g\",\"contentUrl\":\"https:\/\/secure.gravatar.com\/avatar\/1b3c03cb36f6ab2f16882ddfcb878f0ebda1187829a7882b31ff8c8cfc477e50?s=96&d=mm&r=g\",\"caption\":\"Tiempo de Tormentas\"},\"url\":\"https:\/\/tiempodetormentas.com\/en\/author\/tiempo-de-tormentas\/\"}]}<\/script>\n<!-- \/ Yoast SEO plugin. -->","yoast_head_json":{"title":"PIDEN A LOS REYES SUSPENDAN VIAJE A MAUTHAUSEN - Tiempo de Tormentas","robots":{"index":"index","follow":"follow","max-snippet":"max-snippet:-1","max-image-preview":"max-image-preview:large","max-video-preview":"max-video-preview:-1"},"canonical":"https:\/\/tiempodetormentas.com\/en\/humanidad\/piden-a-los-reyes-suspendan-viaje-a-mauthausen\/","og_locale":"en_GB","og_type":"article","og_title":"PIDEN A LOS REYES SUSPENDAN VIAJE A MAUTHAUSEN - Tiempo de Tormentas","og_description":"Piden a la Casa Real que suspenda su viaje a la conmemoraci\u00f3n de los 80 a\u00f1os de la liberaci\u00f3n de Mauthausen FUENTE: ARMH La\u00a0Asociaci\u00f3n para la Recuperaci\u00f3n de la Memoria Hist\u00f3rica\u00a0lo considera una\u00a0falta de respeto a la identidad republicana de los espa\u00f1oles deportados. \u201cCuando\u00a0no han condenado la dictadura franquista\u00a0ni todo el\u00a0da\u00f1o que le caus\u00f3 el [&hellip;]","og_url":"https:\/\/tiempodetormentas.com\/en\/humanidad\/piden-a-los-reyes-suspendan-viaje-a-mauthausen\/","og_site_name":"Tiempo de Tormentas","article_published_time":"2025-05-06T10:55:39+00:00","og_image":[{"width":992,"height":657,"url":"https:\/\/tiempodetormentas.com\/wp-content\/uploads\/2025\/05\/liberacion-de-mathausen.jpeg","type":"image\/jpeg"}],"author":"Tiempo de Tormentas","twitter_card":"summary_large_image","twitter_misc":{"Written by":"Tiempo de Tormentas","Estimated reading time":"4 minutes"},"schema":{"@context":"https:\/\/schema.org","@graph":[{"@type":"Article","@id":"https:\/\/tiempodetormentas.com\/humanidad\/piden-a-los-reyes-suspendan-viaje-a-mauthausen\/#article","isPartOf":{"@id":"https:\/\/tiempodetormentas.com\/humanidad\/piden-a-los-reyes-suspendan-viaje-a-mauthausen\/"},"author":{"name":"Tiempo de Tormentas","@id":"https:\/\/tiempodetormentas.com\/#\/schema\/person\/9a9e95f6209f068f15d4e1c74cc3718e"},"headline":"PIDEN A LOS REYES SUSPENDAN VIAJE A MAUTHAUSEN","datePublished":"2025-05-06T10:55:39+00:00","mainEntityOfPage":{"@id":"https:\/\/tiempodetormentas.com\/humanidad\/piden-a-los-reyes-suspendan-viaje-a-mauthausen\/"},"wordCount":666,"commentCount":0,"publisher":{"@id":"https:\/\/tiempodetormentas.com\/#organization"},"image":{"@id":"https:\/\/tiempodetormentas.com\/humanidad\/piden-a-los-reyes-suspendan-viaje-a-mauthausen\/#primaryimage"},"thumbnailUrl":"https:\/\/tiempodetormentas.com\/wp-content\/uploads\/2025\/05\/liberacion-de-mathausen.jpeg","articleSection":["Espa\u00f1a","Europa","La Humanidad"],"inLanguage":"en-GB","potentialAction":[{"@type":"CommentAction","name":"Comment","target":["https:\/\/tiempodetormentas.com\/humanidad\/piden-a-los-reyes-suspendan-viaje-a-mauthausen\/#respond"]}]},{"@type":"WebPage","@id":"https:\/\/tiempodetormentas.com\/humanidad\/piden-a-los-reyes-suspendan-viaje-a-mauthausen\/","url":"https:\/\/tiempodetormentas.com\/humanidad\/piden-a-los-reyes-suspendan-viaje-a-mauthausen\/","name":"PIDEN A LOS REYES SUSPENDAN VIAJE A MAUTHAUSEN - Tiempo de Tormentas","isPartOf":{"@id":"https:\/\/tiempodetormentas.com\/#website"},"primaryImageOfPage":{"@id":"https:\/\/tiempodetormentas.com\/humanidad\/piden-a-los-reyes-suspendan-viaje-a-mauthausen\/#primaryimage"},"image":{"@id":"https:\/\/tiempodetormentas.com\/humanidad\/piden-a-los-reyes-suspendan-viaje-a-mauthausen\/#primaryimage"},"thumbnailUrl":"https:\/\/tiempodetormentas.com\/wp-content\/uploads\/2025\/05\/liberacion-de-mathausen.jpeg","datePublished":"2025-05-06T10:55:39+00:00","breadcrumb":{"@id":"https:\/\/tiempodetormentas.com\/humanidad\/piden-a-los-reyes-suspendan-viaje-a-mauthausen\/#breadcrumb"},"inLanguage":"en-GB","potentialAction":[{"@type":"ReadAction","target":["https:\/\/tiempodetormentas.com\/humanidad\/piden-a-los-reyes-suspendan-viaje-a-mauthausen\/"]}]},{"@type":"ImageObject","inLanguage":"en-GB","@id":"https:\/\/tiempodetormentas.com\/humanidad\/piden-a-los-reyes-suspendan-viaje-a-mauthausen\/#primaryimage","url":"https:\/\/tiempodetormentas.com\/wp-content\/uploads\/2025\/05\/liberacion-de-mathausen.jpeg","contentUrl":"https:\/\/tiempodetormentas.com\/wp-content\/uploads\/2025\/05\/liberacion-de-mathausen.jpeg","width":992,"height":657},{"@type":"BreadcrumbList","@id":"https:\/\/tiempodetormentas.com\/humanidad\/piden-a-los-reyes-suspendan-viaje-a-mauthausen\/#breadcrumb","itemListElement":[{"@type":"ListItem","position":1,"name":"Portada","item":"https:\/\/tiempodetormentas.com\/"},{"@type":"ListItem","position":2,"name":"PIDEN A LOS REYES SUSPENDAN VIAJE A MAUTHAUSEN"}]},{"@type":"WebSite","@id":"https:\/\/tiempodetormentas.com\/#website","url":"https:\/\/tiempodetormentas.com\/","name":"Tiempo de Tormentas","description":"Edita el club de la bruma","publisher":{"@id":"https:\/\/tiempodetormentas.com\/#organization"},"potentialAction":[{"@type":"SearchAction","target":{"@type":"EntryPoint","urlTemplate":"https:\/\/tiempodetormentas.com\/?s={search_term_string}"},"query-input":{"@type":"PropertyValueSpecification","valueRequired":true,"valueName":"search_term_string"}}],"inLanguage":"en-GB"},{"@type":"Organization","@id":"https:\/\/tiempodetormentas.com\/#organization","name":"Tiempo de Tormentas","url":"https:\/\/tiempodetormentas.com\/","logo":{"@type":"ImageObject","inLanguage":"en-GB","@id":"https:\/\/tiempodetormentas.com\/#\/schema\/logo\/image\/","url":"https:\/\/tiempodetormentas.com\/wp-content\/uploads\/2022\/01\/tiempo-de-tormentas.png","contentUrl":"https:\/\/tiempodetormentas.com\/wp-content\/uploads\/2022\/01\/tiempo-de-tormentas.png","width":448,"height":121,"caption":"Tiempo de Tormentas"},"image":{"@id":"https:\/\/tiempodetormentas.com\/#\/schema\/logo\/image\/"}},{"@type":"Person","@id":"https:\/\/tiempodetormentas.com\/#\/schema\/person\/9a9e95f6209f068f15d4e1c74cc3718e","name":"Tiempo de Tormentas","image":{"@type":"ImageObject","inLanguage":"en-GB","@id":"https:\/\/tiempodetormentas.com\/#\/schema\/person\/image\/","url":"https:\/\/secure.gravatar.com\/avatar\/1b3c03cb36f6ab2f16882ddfcb878f0ebda1187829a7882b31ff8c8cfc477e50?s=96&d=mm&r=g","contentUrl":"https:\/\/secure.gravatar.com\/avatar\/1b3c03cb36f6ab2f16882ddfcb878f0ebda1187829a7882b31ff8c8cfc477e50?s=96&d=mm&r=g","caption":"Tiempo de Tormentas"},"url":"https:\/\/tiempodetormentas.com\/en\/author\/tiempo-de-tormentas\/"}]}},"_links":{"self":[{"href":"https:\/\/tiempodetormentas.com\/en\/wp-json\/wp\/v2\/posts\/2652","targetHints":{"allow":["GET"]}}],"collection":[{"href":"https:\/\/tiempodetormentas.com\/en\/wp-json\/wp\/v2\/posts"}],"about":[{"href":"https:\/\/tiempodetormentas.com\/en\/wp-json\/wp\/v2\/types\/post"}],"author":[{"embeddable":true,"href":"https:\/\/tiempodetormentas.com\/en\/wp-json\/wp\/v2\/users\/13"}],"replies":[{"embeddable":true,"href":"https:\/\/tiempodetormentas.com\/en\/wp-json\/wp\/v2\/comments?post=2652"}],"version-history":[{"count":1,"href":"https:\/\/tiempodetormentas.com\/en\/wp-json\/wp\/v2\/posts\/2652\/revisions"}],"predecessor-version":[{"id":2654,"href":"https:\/\/tiempodetormentas.com\/en\/wp-json\/wp\/v2\/posts\/2652\/revisions\/2654"}],"wp:featuredmedia":[{"embeddable":true,"href":"https:\/\/tiempodetormentas.com\/en\/wp-json\/wp\/v2\/media\/2653"}],"wp:attachment":[{"href":"https:\/\/tiempodetormentas.com\/en\/wp-json\/wp\/v2\/media?parent=2652"}],"wp:term":[{"taxonomy":"category","embeddable":true,"href":"https:\/\/tiempodetormentas.com\/en\/wp-json\/wp\/v2\/categories?post=2652"},{"taxonomy":"post_tag","embeddable":true,"href":"https:\/\/tiempodetormentas.com\/en\/wp-json\/wp\/v2\/tags?post=2652"}],"curies":[{"name":"wp","href":"https:\/\/api.w.org\/{rel}","templated":true}]}}