{"id":2640,"date":"2025-05-05T07:27:45","date_gmt":"2025-05-05T07:27:45","guid":{"rendered":"https:\/\/tiempodetormentas.com\/?p=2640"},"modified":"2025-05-05T07:28:50","modified_gmt":"2025-05-05T07:28:50","slug":"memorias-de-una-luchadora","status":"publish","type":"post","link":"https:\/\/tiempodetormentas.com\/en\/cartelera\/memorias-de-una-luchadora\/","title":{"rendered":"MEMORIAS DE UNA LUCHADORA"},"content":{"rendered":"<h1><strong>PRESENTACI\u00d3N DEL LIBRO:<\/strong><\/h1>\n<h1><strong>MEMORIAS DE UNA LUCHADORA<\/strong><\/h1>\n<h1><img loading=\"lazy\" decoding=\"async\" class=\"aligncenter size-full wp-image-2641\" src=\"https:\/\/tiempodetormentas.com\/wp-content\/uploads\/2025\/05\/IMG-20250505-WA0000.jpeg\" alt=\"\" width=\"1080\" height=\"1350\" srcset=\"https:\/\/tiempodetormentas.com\/wp-content\/uploads\/2025\/05\/IMG-20250505-WA0000.jpeg 1080w, https:\/\/tiempodetormentas.com\/wp-content\/uploads\/2025\/05\/IMG-20250505-WA0000-240x300.jpeg 240w, https:\/\/tiempodetormentas.com\/wp-content\/uploads\/2025\/05\/IMG-20250505-WA0000-819x1024.jpeg 819w, https:\/\/tiempodetormentas.com\/wp-content\/uploads\/2025\/05\/IMG-20250505-WA0000-768x960.jpeg 768w, https:\/\/tiempodetormentas.com\/wp-content\/uploads\/2025\/05\/IMG-20250505-WA0000-336x420.jpeg 336w, https:\/\/tiempodetormentas.com\/wp-content\/uploads\/2025\/05\/IMG-20250505-WA0000-150x188.jpeg 150w, https:\/\/tiempodetormentas.com\/wp-content\/uploads\/2025\/05\/IMG-20250505-WA0000-300x375.jpeg 300w, https:\/\/tiempodetormentas.com\/wp-content\/uploads\/2025\/05\/IMG-20250505-WA0000-696x870.jpeg 696w, https:\/\/tiempodetormentas.com\/wp-content\/uploads\/2025\/05\/IMG-20250505-WA0000-1068x1335.jpeg 1068w\" sizes=\"auto, (max-width: 1080px) 100vw, 1080px\" \/><\/h1>\n<p><strong>D\u00cdA:<\/strong> 8 DE MAYO 19.00H<\/p>\n<p><strong>LUGAR:<\/strong> CALLE MART\u00cdN DE VARGAS, 46 MADRID 28005<\/p>\n<p>&nbsp;<\/p>","protected":false},"excerpt":{"rendered":"<p>PRESENTACI\u00d3N DEL LIBRO: MEMORIAS DE UNA LUCHADORA D\u00cdA: 8 DE MAYO 19.00H LUGAR: CALLE MART\u00cdN DE VARGAS, 46 MADRID 28005 &nbsp;<\/p>","protected":false},"author":13,"featured_media":2641,"comment_status":"open","ping_status":"open","sticky":false,"template":"","format":"standard","meta":{"footnotes":""},"categories":[8],"tags":[],"class_list":{"0":"post-2640","1":"post","2":"type-post","3":"status-publish","4":"format-standard","5":"has-post-thumbnail","7":"category-cartelera"},"yoast_head":"<!-- This site is optimized with the Yoast SEO plugin v26.2 - https:\/\/yoast.com\/wordpress\/plugins\/seo\/ -->\n<title>MEMORIAS DE UNA LUCHADORA - Tiempo de Tormentas<\/title>\n<meta name=\"robots\" content=\"index, follow, max-snippet:-1, max-image-preview:large, max-video-preview:-1\" \/>\n<link rel=\"canonical\" href=\"https:\/\/tiempodetormentas.com\/en\/cartelera\/memorias-de-una-luchadora\/\" \/>\n<meta property=\"og:locale\" content=\"en_GB\" \/>\n<meta property=\"og:type\" content=\"article\" \/>\n<meta property=\"og:title\" content=\"MEMORIAS DE UNA LUCHADORA - Tiempo de Tormentas\" \/>\n<meta property=\"og:description\" content=\"PRESENTACI\u00d3N DEL LIBRO: MEMORIAS DE UNA LUCHADORA D\u00cdA: 8 DE MAYO 19.00H LUGAR: CALLE MART\u00cdN DE VARGAS, 46 MADRID 28005 &nbsp;\" \/>\n<meta property=\"og:url\" content=\"https:\/\/tiempodetormentas.com\/en\/cartelera\/memorias-de-una-luchadora\/\" \/>\n<meta property=\"og:site_name\" content=\"Tiempo de Tormentas\" \/>\n<meta property=\"article:published_time\" content=\"2025-05-05T07:27:45+00:00\" \/>\n<meta property=\"article:modified_time\" content=\"2025-05-05T07:28:50+00:00\" \/>\n<meta property=\"og:image\" content=\"https:\/\/tiempodetormentas.com\/wp-content\/uploads\/2025\/05\/IMG-20250505-WA0000.jpeg\" \/>\n\t<meta property=\"og:image:width\" content=\"1080\" \/>\n\t<meta property=\"og:image:height\" content=\"1350\" \/>\n\t<meta property=\"og:image:type\" content=\"image\/jpeg\" \/>\n<meta name=\"author\" content=\"Tiempo de Tormentas\" \/>\n<meta name=\"twitter:card\" content=\"summary_large_image\" \/>\n<meta name=\"twitter:label1\" content=\"Written by\" \/>\n\t<meta name=\"twitter:data1\" content=\"Tiempo de Tormentas\" \/>\n\t<meta name=\"twitter:label2\" content=\"Estimated reading time\" \/>\n\t<meta name=\"twitter:data2\" content=\"1 minute\" \/>\n<script type=\"application\/ld+json\" class=\"yoast-schema-graph\">{\"@context\":\"https:\/\/schema.org\",\"@graph\":[{\"@type\":\"Article\",\"@id\":\"https:\/\/tiempodetormentas.com\/cartelera\/memorias-de-una-luchadora\/#article\",\"isPartOf\":{\"@id\":\"https:\/\/tiempodetormentas.com\/cartelera\/memorias-de-una-luchadora\/\"},\"author\":{\"name\":\"Tiempo de Tormentas\",\"@id\":\"https:\/\/tiempodetormentas.com\/#\/schema\/person\/9a9e95f6209f068f15d4e1c74cc3718e\"},\"headline\":\"MEMORIAS DE UNA LUCHADORA\",\"datePublished\":\"2025-05-05T07:27:45+00:00\",\"dateModified\":\"2025-05-05T07:28:50+00:00\",\"mainEntityOfPage\":{\"@id\":\"https:\/\/tiempodetormentas.com\/cartelera\/memorias-de-una-luchadora\/\"},\"wordCount\":25,\"commentCount\":0,\"publisher\":{\"@id\":\"https:\/\/tiempodetormentas.com\/#organization\"},\"image\":{\"@id\":\"https:\/\/tiempodetormentas.com\/cartelera\/memorias-de-una-luchadora\/#primaryimage\"},\"thumbnailUrl\":\"https:\/\/tiempodetormentas.com\/wp-content\/uploads\/2025\/05\/IMG-20250505-WA0000.jpeg\",\"articleSection\":[\"Cartelera\"],\"inLanguage\":\"en-GB\",\"potentialAction\":[{\"@type\":\"CommentAction\",\"name\":\"Comment\",\"target\":[\"https:\/\/tiempodetormentas.com\/cartelera\/memorias-de-una-luchadora\/#respond\"]}]},{\"@type\":\"WebPage\",\"@id\":\"https:\/\/tiempodetormentas.com\/cartelera\/memorias-de-una-luchadora\/\",\"url\":\"https:\/\/tiempodetormentas.com\/cartelera\/memorias-de-una-luchadora\/\",\"name\":\"MEMORIAS DE UNA LUCHADORA - Tiempo de Tormentas\",\"isPartOf\":{\"@id\":\"https:\/\/tiempodetormentas.com\/#website\"},\"primaryImageOfPage\":{\"@id\":\"https:\/\/tiempodetormentas.com\/cartelera\/memorias-de-una-luchadora\/#primaryimage\"},\"image\":{\"@id\":\"https:\/\/tiempodetormentas.com\/cartelera\/memorias-de-una-luchadora\/#primaryimage\"},\"thumbnailUrl\":\"https:\/\/tiempodetormentas.com\/wp-content\/uploads\/2025\/05\/IMG-20250505-WA0000.jpeg\",\"datePublished\":\"2025-05-05T07:27:45+00:00\",\"dateModified\":\"2025-05-05T07:28:50+00:00\",\"breadcrumb\":{\"@id\":\"https:\/\/tiempodetormentas.com\/cartelera\/memorias-de-una-luchadora\/#breadcrumb\"},\"inLanguage\":\"en-GB\",\"potentialAction\":[{\"@type\":\"ReadAction\",\"target\":[\"https:\/\/tiempodetormentas.com\/cartelera\/memorias-de-una-luchadora\/\"]}]},{\"@type\":\"ImageObject\",\"inLanguage\":\"en-GB\",\"@id\":\"https:\/\/tiempodetormentas.com\/cartelera\/memorias-de-una-luchadora\/#primaryimage\",\"url\":\"https:\/\/tiempodetormentas.com\/wp-content\/uploads\/2025\/05\/IMG-20250505-WA0000.jpeg\",\"contentUrl\":\"https:\/\/tiempodetormentas.com\/wp-content\/uploads\/2025\/05\/IMG-20250505-WA0000.jpeg\",\"width\":1080,\"height\":1350},{\"@type\":\"BreadcrumbList\",\"@id\":\"https:\/\/tiempodetormentas.com\/cartelera\/memorias-de-una-luchadora\/#breadcrumb\",\"itemListElement\":[{\"@type\":\"ListItem\",\"position\":1,\"name\":\"Portada\",\"item\":\"https:\/\/tiempodetormentas.com\/\"},{\"@type\":\"ListItem\",\"position\":2,\"name\":\"MEMORIAS DE UNA LUCHADORA\"}]},{\"@type\":\"WebSite\",\"@id\":\"https:\/\/tiempodetormentas.com\/#website\",\"url\":\"https:\/\/tiempodetormentas.com\/\",\"name\":\"Tiempo de Tormentas\",\"description\":\"Edita el club de la bruma\",\"publisher\":{\"@id\":\"https:\/\/tiempodetormentas.com\/#organization\"},\"potentialAction\":[{\"@type\":\"SearchAction\",\"target\":{\"@type\":\"EntryPoint\",\"urlTemplate\":\"https:\/\/tiempodetormentas.com\/?s={search_term_string}\"},\"query-input\":{\"@type\":\"PropertyValueSpecification\",\"valueRequired\":true,\"valueName\":\"search_term_string\"}}],\"inLanguage\":\"en-GB\"},{\"@type\":\"Organization\",\"@id\":\"https:\/\/tiempodetormentas.com\/#organization\",\"name\":\"Tiempo de Tormentas\",\"url\":\"https:\/\/tiempodetormentas.com\/\",\"logo\":{\"@type\":\"ImageObject\",\"inLanguage\":\"en-GB\",\"@id\":\"https:\/\/tiempodetormentas.com\/#\/schema\/logo\/image\/\",\"url\":\"https:\/\/tiempodetormentas.com\/wp-content\/uploads\/2022\/01\/tiempo-de-tormentas.png\",\"contentUrl\":\"https:\/\/tiempodetormentas.com\/wp-content\/uploads\/2022\/01\/tiempo-de-tormentas.png\",\"width\":448,\"height\":121,\"caption\":\"Tiempo de Tormentas\"},\"image\":{\"@id\":\"https:\/\/tiempodetormentas.com\/#\/schema\/logo\/image\/\"}},{\"@type\":\"Person\",\"@id\":\"https:\/\/tiempodetormentas.com\/#\/schema\/person\/9a9e95f6209f068f15d4e1c74cc3718e\",\"name\":\"Tiempo de Tormentas\",\"image\":{\"@type\":\"ImageObject\",\"inLanguage\":\"en-GB\",\"@id\":\"https:\/\/tiempodetormentas.com\/#\/schema\/person\/image\/\",\"url\":\"https:\/\/secure.gravatar.com\/avatar\/1b3c03cb36f6ab2f16882ddfcb878f0ebda1187829a7882b31ff8c8cfc477e50?s=96&d=mm&r=g\",\"contentUrl\":\"https:\/\/secure.gravatar.com\/avatar\/1b3c03cb36f6ab2f16882ddfcb878f0ebda1187829a7882b31ff8c8cfc477e50?s=96&d=mm&r=g\",\"caption\":\"Tiempo de Tormentas\"},\"url\":\"https:\/\/tiempodetormentas.com\/en\/author\/tiempo-de-tormentas\/\"}]}<\/script>\n<!-- \/ Yoast SEO plugin. -->","yoast_head_json":{"title":"MEMORIAS DE UNA LUCHADORA - Tiempo de Tormentas","robots":{"index":"index","follow":"follow","max-snippet":"max-snippet:-1","max-image-preview":"max-image-preview:large","max-video-preview":"max-video-preview:-1"},"canonical":"https:\/\/tiempodetormentas.com\/en\/cartelera\/memorias-de-una-luchadora\/","og_locale":"en_GB","og_type":"article","og_title":"MEMORIAS DE UNA LUCHADORA - Tiempo de Tormentas","og_description":"PRESENTACI\u00d3N DEL LIBRO: MEMORIAS DE UNA LUCHADORA D\u00cdA: 8 DE MAYO 19.00H LUGAR: CALLE MART\u00cdN DE VARGAS, 46 MADRID 28005 &nbsp;","og_url":"https:\/\/tiempodetormentas.com\/en\/cartelera\/memorias-de-una-luchadora\/","og_site_name":"Tiempo de Tormentas","article_published_time":"2025-05-05T07:27:45+00:00","article_modified_time":"2025-05-05T07:28:50+00:00","og_image":[{"width":1080,"height":1350,"url":"https:\/\/tiempodetormentas.com\/wp-content\/uploads\/2025\/05\/IMG-20250505-WA0000.jpeg","type":"image\/jpeg"}],"author":"Tiempo de Tormentas","twitter_card":"summary_large_image","twitter_misc":{"Written by":"Tiempo de Tormentas","Estimated reading time":"1 minute"},"schema":{"@context":"https:\/\/schema.org","@graph":[{"@type":"Article","@id":"https:\/\/tiempodetormentas.com\/cartelera\/memorias-de-una-luchadora\/#article","isPartOf":{"@id":"https:\/\/tiempodetormentas.com\/cartelera\/memorias-de-una-luchadora\/"},"author":{"name":"Tiempo de Tormentas","@id":"https:\/\/tiempodetormentas.com\/#\/schema\/person\/9a9e95f6209f068f15d4e1c74cc3718e"},"headline":"MEMORIAS DE UNA LUCHADORA","datePublished":"2025-05-05T07:27:45+00:00","dateModified":"2025-05-05T07:28:50+00:00","mainEntityOfPage":{"@id":"https:\/\/tiempodetormentas.com\/cartelera\/memorias-de-una-luchadora\/"},"wordCount":25,"commentCount":0,"publisher":{"@id":"https:\/\/tiempodetormentas.com\/#organization"},"image":{"@id":"https:\/\/tiempodetormentas.com\/cartelera\/memorias-de-una-luchadora\/#primaryimage"},"thumbnailUrl":"https:\/\/tiempodetormentas.com\/wp-content\/uploads\/2025\/05\/IMG-20250505-WA0000.jpeg","articleSection":["Cartelera"],"inLanguage":"en-GB","potentialAction":[{"@type":"CommentAction","name":"Comment","target":["https:\/\/tiempodetormentas.com\/cartelera\/memorias-de-una-luchadora\/#respond"]}]},{"@type":"WebPage","@id":"https:\/\/tiempodetormentas.com\/cartelera\/memorias-de-una-luchadora\/","url":"https:\/\/tiempodetormentas.com\/cartelera\/memorias-de-una-luchadora\/","name":"MEMORIAS DE UNA LUCHADORA - Tiempo de Tormentas","isPartOf":{"@id":"https:\/\/tiempodetormentas.com\/#website"},"primaryImageOfPage":{"@id":"https:\/\/tiempodetormentas.com\/cartelera\/memorias-de-una-luchadora\/#primaryimage"},"image":{"@id":"https:\/\/tiempodetormentas.com\/cartelera\/memorias-de-una-luchadora\/#primaryimage"},"thumbnailUrl":"https:\/\/tiempodetormentas.com\/wp-content\/uploads\/2025\/05\/IMG-20250505-WA0000.jpeg","datePublished":"2025-05-05T07:27:45+00:00","dateModified":"2025-05-05T07:28:50+00:00","breadcrumb":{"@id":"https:\/\/tiempodetormentas.com\/cartelera\/memorias-de-una-luchadora\/#breadcrumb"},"inLanguage":"en-GB","potentialAction":[{"@type":"ReadAction","target":["https:\/\/tiempodetormentas.com\/cartelera\/memorias-de-una-luchadora\/"]}]},{"@type":"ImageObject","inLanguage":"en-GB","@id":"https:\/\/tiempodetormentas.com\/cartelera\/memorias-de-una-luchadora\/#primaryimage","url":"https:\/\/tiempodetormentas.com\/wp-content\/uploads\/2025\/05\/IMG-20250505-WA0000.jpeg","contentUrl":"https:\/\/tiempodetormentas.com\/wp-content\/uploads\/2025\/05\/IMG-20250505-WA0000.jpeg","width":1080,"height":1350},{"@type":"BreadcrumbList","@id":"https:\/\/tiempodetormentas.com\/cartelera\/memorias-de-una-luchadora\/#breadcrumb","itemListElement":[{"@type":"ListItem","position":1,"name":"Portada","item":"https:\/\/tiempodetormentas.com\/"},{"@type":"ListItem","position":2,"name":"MEMORIAS DE UNA LUCHADORA"}]},{"@type":"WebSite","@id":"https:\/\/tiempodetormentas.com\/#website","url":"https:\/\/tiempodetormentas.com\/","name":"Tiempo de Tormentas","description":"Edita el club de la bruma","publisher":{"@id":"https:\/\/tiempodetormentas.com\/#organization"},"potentialAction":[{"@type":"SearchAction","target":{"@type":"EntryPoint","urlTemplate":"https:\/\/tiempodetormentas.com\/?s={search_term_string}"},"query-input":{"@type":"PropertyValueSpecification","valueRequired":true,"valueName":"search_term_string"}}],"inLanguage":"en-GB"},{"@type":"Organization","@id":"https:\/\/tiempodetormentas.com\/#organization","name":"Tiempo de Tormentas","url":"https:\/\/tiempodetormentas.com\/","logo":{"@type":"ImageObject","inLanguage":"en-GB","@id":"https:\/\/tiempodetormentas.com\/#\/schema\/logo\/image\/","url":"https:\/\/tiempodetormentas.com\/wp-content\/uploads\/2022\/01\/tiempo-de-tormentas.png","contentUrl":"https:\/\/tiempodetormentas.com\/wp-content\/uploads\/2022\/01\/tiempo-de-tormentas.png","width":448,"height":121,"caption":"Tiempo de Tormentas"},"image":{"@id":"https:\/\/tiempodetormentas.com\/#\/schema\/logo\/image\/"}},{"@type":"Person","@id":"https:\/\/tiempodetormentas.com\/#\/schema\/person\/9a9e95f6209f068f15d4e1c74cc3718e","name":"Tiempo de Tormentas","image":{"@type":"ImageObject","inLanguage":"en-GB","@id":"https:\/\/tiempodetormentas.com\/#\/schema\/person\/image\/","url":"https:\/\/secure.gravatar.com\/avatar\/1b3c03cb36f6ab2f16882ddfcb878f0ebda1187829a7882b31ff8c8cfc477e50?s=96&d=mm&r=g","contentUrl":"https:\/\/secure.gravatar.com\/avatar\/1b3c03cb36f6ab2f16882ddfcb878f0ebda1187829a7882b31ff8c8cfc477e50?s=96&d=mm&r=g","caption":"Tiempo de Tormentas"},"url":"https:\/\/tiempodetormentas.com\/en\/author\/tiempo-de-tormentas\/"}]}},"_links":{"self":[{"href":"https:\/\/tiempodetormentas.com\/en\/wp-json\/wp\/v2\/posts\/2640","targetHints":{"allow":["GET"]}}],"collection":[{"href":"https:\/\/tiempodetormentas.com\/en\/wp-json\/wp\/v2\/posts"}],"about":[{"href":"https:\/\/tiempodetormentas.com\/en\/wp-json\/wp\/v2\/types\/post"}],"author":[{"embeddable":true,"href":"https:\/\/tiempodetormentas.com\/en\/wp-json\/wp\/v2\/users\/13"}],"replies":[{"embeddable":true,"href":"https:\/\/tiempodetormentas.com\/en\/wp-json\/wp\/v2\/comments?post=2640"}],"version-history":[{"count":2,"href":"https:\/\/tiempodetormentas.com\/en\/wp-json\/wp\/v2\/posts\/2640\/revisions"}],"predecessor-version":[{"id":2643,"href":"https:\/\/tiempodetormentas.com\/en\/wp-json\/wp\/v2\/posts\/2640\/revisions\/2643"}],"wp:featuredmedia":[{"embeddable":true,"href":"https:\/\/tiempodetormentas.com\/en\/wp-json\/wp\/v2\/media\/2641"}],"wp:attachment":[{"href":"https:\/\/tiempodetormentas.com\/en\/wp-json\/wp\/v2\/media?parent=2640"}],"wp:term":[{"taxonomy":"category","embeddable":true,"href":"https:\/\/tiempodetormentas.com\/en\/wp-json\/wp\/v2\/categories?post=2640"},{"taxonomy":"post_tag","embeddable":true,"href":"https:\/\/tiempodetormentas.com\/en\/wp-json\/wp\/v2\/tags?post=2640"}],"curies":[{"name":"wp","href":"https:\/\/api.w.org\/{rel}","templated":true}]}}