{"id":2537,"date":"2025-04-29T12:06:15","date_gmt":"2025-04-29T12:06:15","guid":{"rendered":"https:\/\/tiempodetormentas.com\/?p=2537"},"modified":"2025-04-29T12:22:51","modified_gmt":"2025-04-29T12:22:51","slug":"el-fracaso-del-gran-apagon-frente-a-una-ciudadania-ejemplar","status":"publish","type":"post","link":"https:\/\/tiempodetormentas.com\/en\/humanidad\/el-fracaso-del-gran-apagon-frente-a-una-ciudadania-ejemplar\/","title":{"rendered":"EL GRAN APAG\u00d3N QUE PERDI\u00d3 FRENTE A UNA CIUDADAN\u00cdA EJEMPLAR"},"content":{"rendered":"<h1>EL GRAN APAG\u00d3N QUE PERDI\u00d3 FRENTE A UNA CIUDADAN\u00cdA EJEMPLAR<\/h1>\n<p><img loading=\"lazy\" decoding=\"async\" class=\"aligncenter size-full wp-image-2538\" src=\"https:\/\/tiempodetormentas.com\/wp-content\/uploads\/2025\/04\/apagon-II.jpeg\" alt=\"\" width=\"1300\" height=\"731\" srcset=\"https:\/\/tiempodetormentas.com\/wp-content\/uploads\/2025\/04\/apagon-II.jpeg 1300w, https:\/\/tiempodetormentas.com\/wp-content\/uploads\/2025\/04\/apagon-II-300x169.jpeg 300w, https:\/\/tiempodetormentas.com\/wp-content\/uploads\/2025\/04\/apagon-II-1024x576.jpeg 1024w, https:\/\/tiempodetormentas.com\/wp-content\/uploads\/2025\/04\/apagon-II-768x432.jpeg 768w, https:\/\/tiempodetormentas.com\/wp-content\/uploads\/2025\/04\/apagon-II-747x420.jpeg 747w, https:\/\/tiempodetormentas.com\/wp-content\/uploads\/2025\/04\/apagon-II-150x84.jpeg 150w, https:\/\/tiempodetormentas.com\/wp-content\/uploads\/2025\/04\/apagon-II-696x391.jpeg 696w, https:\/\/tiempodetormentas.com\/wp-content\/uploads\/2025\/04\/apagon-II-1068x601.jpeg 1068w\" sizes=\"auto, (max-width: 1300px) 100vw, 1300px\" \/><em>Foto:EFE\/Borja S\u00e1nchez-Trillo<\/em><\/p>\n<p>&nbsp;<\/p>\n<h2>EL COMPORTAMIENTO EJEMPLAR DE UNA CIUDADAN\u00cdA RESPONSABLE<\/h2>\n<h4>La ciudadan\u00eda responsable implica el compromiso activo del ciudadano con su Comunidad y la sociedad en general. Y eso es exactamente lo que ocurri\u00f3 ayer 28 de abril, desde las 12.33 mn, en toda Espa\u00f1a.<mark class=\"QVRyCf\"><\/mark><\/h4>\n<h4>Coches parando a la salida de las ciudades para llevar voluntarios a viandantes que no sab\u00edan c\u00f3mo volver a sus casas. Ciudadanos, hombres y mujeres, poni\u00e9ndose chalecos amarillos para ayudar a dirigir el tr\u00e1fico en un pa\u00eds que los sem\u00e1foros dejaron de funcionar. Personas con bandejas de bocadillos, frutas y bebidas que repart\u00edan por las salas de estaciones de autobuses, marquesinas, estaciones de trenes o aeropuertos por toda Espa\u00f1a y atendiendo a ni\u00f1os y a ancianos. As\u00ed por toda la naci\u00f3n, por toda la geograf\u00eda espa\u00f1ola.<\/h4>\n<h4>El pueblo combati\u00f3 el apag\u00f3n con simpat\u00eda y solidaridad compartida, con tranquilidad, cabeza fr\u00eda y ejemplaridad en el ejercicio de la comprensi\u00f3n y ayuda mutua.<\/h4>\n<h4>La forma en que este pueblo afront\u00f3 la pandemia, aplaudi\u00f3 a sus sanitarios cada d\u00eda y cada pocas horas, honr\u00f3 a sus v\u00edctimas y ejerci\u00f3 la ayuda mutua entre ellos, se repiti\u00f3 con el desastre natural del volc\u00e1n de la isla de La Palma; con las 227 v\u00edctimas de la tragedia de la Dana y en la forma en que cada d\u00eda cientos de miles de voluntarios de toda Espa\u00f1a, en filas interminables, acud\u00edan en veh\u00edculos privados, autobuses y trenes cuando no andando con v\u00edveres, agua, escobas y todo tipo de objetos y maquinaria pr\u00e1ctica para ayudar a los valencianos y barrer y limpiar sus calles de barro y escombros.<\/h4>\n<h4>El gran apag\u00f3n de ayer les llov\u00eda ya sobre mojado a este pueblo abnegado y trabajador que ha demostrado poseer un sobresaliente en el arte de la convivencia para la ciudadan\u00eda.<\/h4>\n<h4>Y en todos estos casos al lado de un gobierno, que fakes y bulos a parte, ha demostrado eficacia, resoluci\u00f3n y compromiso de ir todos a uno, remando en l misma direcci\u00f3n como pueblo.<\/h4>\n<h4>Miedo da pensar c\u00f3mo hubieran sido las cosas si en cada una de estas crisis hubiera gobernado la derecha del Partido Popular o de la extrema derecha de Vox. Y escribo que miedo da porque cada vez que han gobernado han gobernado de forma irresponsable y sin piedad:<\/h4>\n<h4>&#8211; Negaron al Prestige entrar en puerto para ser reparado causando la mayor tragedia ecol\u00f3gica de Galicia<\/h4>\n<h4>&#8211; Se cumplen 20 a\u00f1os de la foto del &#8216;tr\u00edo de las Azores&#8217;, el que formaban George Bush, Tony Blair y Jos\u00e9 Mar\u00eda Aznar, y lo recordamos como una anatom\u00eda de ese instante en el que se sell\u00f3 el destino de millones de iraqu\u00edes. Con la acusaci\u00f3n falsa de poseer \u00abarmas de destrucci\u00f3n masiva\u00bb invadieron, asesinaron civiles y destruyeron todo un pa\u00eds.<\/h4>\n<h4>&#8211; Se ha cumplido 22 a\u00f1os del accidente de avi\u00f3n de Trillo, un Yakovlev 42 que se estrell\u00f3 causando la muerte de 73 personas, <span data-huuid=\"9473018132916879710\">incluyendo militares espa\u00f1oles y miembros de la tripulaci\u00f3n. <\/span><span data-huuid=\"9473018132916882213\">El accidente fue la peor tragedia del ej\u00e9rcito espa\u00f1ol en tiempo de paz.\u00a0<\/span><span data-huuid=\"9473018132916880620\">El informe del Consejo de Estado se\u00f1al\u00f3 la responsabilidad patrimonial del Ministerio de Defensa, entonces dirigido por Federico Trillo, en el accidente.<span class=\"pjBG2e\" data-cid=\"823e6ec2-800e-4bd1-b617-fe655339cd86\"><span class=\"UV3uM\"> Mezclaron hasta los cad\u00e1veres, jugando con los sentimientos de las familias de las v\u00edctimas,\u00a0 para dar una salida r\u00e1pida a una crisis en la que evitaban se descubriera que avi\u00f3n autorizado a volar en un avi\u00f3n que por viejo ya estaba desaconsejado.<\/span><\/span><\/span><\/h4>\n<h4>&#8211; Negaron los medicamentos , condenando de esta forma a muerte, a no pocos enfermos de la hepatitis C a\u00fan existiendo un medicamento que les pod\u00eda salvar la vida. Y lo hicieron para ahorrar presupuestos.<\/h4>\n<h4>&#8211; Dejaron morir a 7.291 ancianos en residencias porque no ten\u00edan seguros privados y, sin dejarles salir con sus familiares para que los atendieran, les negaron la medicalizaci\u00f3n necesaria y les condujeron hacia una muerte segura y cruel por negaci\u00f3n de auxilio. Y eso ocurri\u00f3 en Madrid.<\/h4>\n<h4>&#8211; Mantuvieron a los trabajadores espa\u00f1oles durante a\u00f1os con sueldos m\u00ednimos de 465 euros mensuales sin limitaci\u00f3n horaria, dando paso a la explotaci\u00f3n real de los asalariados.<\/h4>\n<h4>&#8211; En las Comunidades Aut\u00f3nomas gobernadas por la derecha, aunque perciben del Estado Central, los fondos destinados a la Sanidad P\u00fablica, despiden personal sanitario o no contratan; cierran plantas de hospitales y provocan colas de espera en los pacientes para provocar la desesperaci\u00f3n y desconfianza que les obligue a contratar seguros privados m\u00e9dicos; adem\u00e1s de derivar enfermos a realizar pruebas o ser atendidos por personal sanitario que trabaja para la medicina privada, desviando as\u00ed el dinero p\u00fablico en beneficio de contratas sanitarias. <strong>Ser\u00e1 necesario comenzar a realizar informes para saber cu\u00e1ntos de estos pacientes han muerto y pueden morir por no ser atendidos a tiempo, por no poder haber establecido un diagn\u00f3stico en su momento, pero que al no haberse hecho y poder haber sido tratados a tiempo han sufrido un desenlace mortal de enfermedades que les han condenado a la muerte o a estar esperando como reci\u00e9n llegados a tan macabro como innecesario corredor de la muerte. <\/strong>Y en esto, los familiares y el Estado central deben de intervenir poniendo a disposici\u00f3n de las v\u00edctimas y familiares la fiscal\u00eda del Estado.<\/h4>\n<h4>\u00bfC\u00f3mo est\u00e1n amuebladas esas cabezas para dar prioridad al negocio a la vida y la calidad de vida ? No son m\u00e1s que miserables con corbatas, coche de lujo, o vestidos de lujo y peluquer\u00eda diaria. Gentes que tienen que invertir en brillar por fuera para ocultar los agujeros negros que anidan en sus entra\u00f1as.<\/h4>\n<h4>&#8211; E innumerables casos m\u00e1s de corrupci\u00f3n .<\/h4>\n<h4>Y, sin embargo, a pesar de todo ello, los espa\u00f1oles demuestran en cada crisis dist\u00f3pica y enorme estar muy por encima de la altura moral de muchos de sus pol\u00edticos y gobernantes. Dan y nos siguen dando unas lecciones de civismo y comportamiento, cada vez que tienen ocasi\u00f3n, m\u00e1s y m\u00e1s magistrales.<\/h4>\n<h4>Por su parte, el gobierno y un ej\u00e9rcito de t\u00e9cnicos y funcionarios altamente cualificados recuper\u00f3 el suministro en nueve horas y 30 minutos en la mayor\u00eda de las ciudades y poblaciones, antes que en Portugal y en sur de Francia. Todo un trabajo de equipo. Vaya , para todos, un merecido aplauso emotivo.<\/h4>\n<p>&nbsp;<\/p>\n<p>&nbsp;<\/p>\n<p>&nbsp;<\/p>","protected":false},"excerpt":{"rendered":"<p>EL GRAN APAG\u00d3N QUE PERDI\u00d3 FRENTE A UNA CIUDADAN\u00cdA EJEMPLAR Foto:EFE\/Borja S\u00e1nchez-Trillo &nbsp; EL COMPORTAMIENTO EJEMPLAR DE UNA CIUDADAN\u00cdA RESPONSABLE La ciudadan\u00eda responsable implica el compromiso activo del ciudadano con su Comunidad y la sociedad en general. Y eso es exactamente lo que ocurri\u00f3 ayer 28 de abril, desde las 12.33 mn, en toda Espa\u00f1a. [&hellip;]<\/p>","protected":false},"author":1,"featured_media":2540,"comment_status":"open","ping_status":"open","sticky":false,"template":"","format":"standard","meta":{"footnotes":""},"categories":[37,36,2],"tags":[],"class_list":{"0":"post-2537","1":"post","2":"type-post","3":"status-publish","4":"format-standard","5":"has-post-thumbnail","7":"category-espana","8":"category-europa","9":"category-humanidad"},"yoast_head":"<!-- This site is optimized with the Yoast SEO plugin v26.2 - https:\/\/yoast.com\/wordpress\/plugins\/seo\/ -->\n<title>EL GRAN APAG\u00d3N QUE PERDI\u00d3 FRENTE A UNA CIUDADAN\u00cdA EJEMPLAR - Tiempo de Tormentas<\/title>\n<meta name=\"robots\" content=\"index, follow, max-snippet:-1, max-image-preview:large, max-video-preview:-1\" \/>\n<link rel=\"canonical\" href=\"https:\/\/tiempodetormentas.com\/en\/humanidad\/el-fracaso-del-gran-apagon-frente-a-una-ciudadania-ejemplar\/\" \/>\n<meta property=\"og:locale\" content=\"en_GB\" \/>\n<meta property=\"og:type\" content=\"article\" \/>\n<meta property=\"og:title\" content=\"EL GRAN APAG\u00d3N QUE PERDI\u00d3 FRENTE A UNA CIUDADAN\u00cdA EJEMPLAR - Tiempo de Tormentas\" \/>\n<meta property=\"og:description\" content=\"EL GRAN APAG\u00d3N QUE PERDI\u00d3 FRENTE A UNA CIUDADAN\u00cdA EJEMPLAR Foto:EFE\/Borja S\u00e1nchez-Trillo &nbsp; EL COMPORTAMIENTO EJEMPLAR DE UNA CIUDADAN\u00cdA RESPONSABLE La ciudadan\u00eda responsable implica el compromiso activo del ciudadano con su Comunidad y la sociedad en general. Y eso es exactamente lo que ocurri\u00f3 ayer 28 de abril, desde las 12.33 mn, en toda Espa\u00f1a. [&hellip;]\" \/>\n<meta property=\"og:url\" content=\"https:\/\/tiempodetormentas.com\/en\/humanidad\/el-fracaso-del-gran-apagon-frente-a-una-ciudadania-ejemplar\/\" \/>\n<meta property=\"og:site_name\" content=\"Tiempo de Tormentas\" \/>\n<meta property=\"article:published_time\" content=\"2025-04-29T12:06:15+00:00\" \/>\n<meta property=\"article:modified_time\" content=\"2025-04-29T12:22:51+00:00\" \/>\n<meta property=\"og:image\" content=\"https:\/\/tiempodetormentas.com\/wp-content\/uploads\/2025\/04\/apagon.jpeg\" \/>\n\t<meta property=\"og:image:width\" content=\"900\" \/>\n\t<meta property=\"og:image:height\" content=\"507\" \/>\n\t<meta property=\"og:image:type\" content=\"image\/jpeg\" \/>\n<meta name=\"author\" content=\"Ray Lorens\" \/>\n<meta name=\"twitter:card\" content=\"summary_large_image\" \/>\n<meta name=\"twitter:label1\" content=\"Written by\" \/>\n\t<meta name=\"twitter:data1\" content=\"Ray Lorens\" \/>\n\t<meta name=\"twitter:label2\" content=\"Estimated reading time\" \/>\n\t<meta name=\"twitter:data2\" content=\"6 minutes\" \/>\n<script type=\"application\/ld+json\" class=\"yoast-schema-graph\">{\"@context\":\"https:\/\/schema.org\",\"@graph\":[{\"@type\":\"Article\",\"@id\":\"https:\/\/tiempodetormentas.com\/humanidad\/el-fracaso-del-gran-apagon-frente-a-una-ciudadania-ejemplar\/#article\",\"isPartOf\":{\"@id\":\"https:\/\/tiempodetormentas.com\/humanidad\/el-fracaso-del-gran-apagon-frente-a-una-ciudadania-ejemplar\/\"},\"author\":{\"name\":\"Ray Lorens\",\"@id\":\"https:\/\/tiempodetormentas.com\/#\/schema\/person\/7e59b0ab3f525f413b127a9f2727eee7\"},\"headline\":\"EL GRAN APAG\u00d3N QUE PERDI\u00d3 FRENTE A UNA CIUDADAN\u00cdA EJEMPLAR\",\"datePublished\":\"2025-04-29T12:06:15+00:00\",\"dateModified\":\"2025-04-29T12:22:51+00:00\",\"mainEntityOfPage\":{\"@id\":\"https:\/\/tiempodetormentas.com\/humanidad\/el-fracaso-del-gran-apagon-frente-a-una-ciudadania-ejemplar\/\"},\"wordCount\":1136,\"commentCount\":5,\"publisher\":{\"@id\":\"https:\/\/tiempodetormentas.com\/#organization\"},\"image\":{\"@id\":\"https:\/\/tiempodetormentas.com\/humanidad\/el-fracaso-del-gran-apagon-frente-a-una-ciudadania-ejemplar\/#primaryimage\"},\"thumbnailUrl\":\"https:\/\/tiempodetormentas.com\/wp-content\/uploads\/2025\/04\/apagon.jpeg\",\"articleSection\":[\"Espa\u00f1a\",\"Europa\",\"La Humanidad\"],\"inLanguage\":\"en-GB\",\"potentialAction\":[{\"@type\":\"CommentAction\",\"name\":\"Comment\",\"target\":[\"https:\/\/tiempodetormentas.com\/humanidad\/el-fracaso-del-gran-apagon-frente-a-una-ciudadania-ejemplar\/#respond\"]}]},{\"@type\":\"WebPage\",\"@id\":\"https:\/\/tiempodetormentas.com\/humanidad\/el-fracaso-del-gran-apagon-frente-a-una-ciudadania-ejemplar\/\",\"url\":\"https:\/\/tiempodetormentas.com\/humanidad\/el-fracaso-del-gran-apagon-frente-a-una-ciudadania-ejemplar\/\",\"name\":\"EL GRAN APAG\u00d3N QUE PERDI\u00d3 FRENTE A UNA CIUDADAN\u00cdA EJEMPLAR - Tiempo de Tormentas\",\"isPartOf\":{\"@id\":\"https:\/\/tiempodetormentas.com\/#website\"},\"primaryImageOfPage\":{\"@id\":\"https:\/\/tiempodetormentas.com\/humanidad\/el-fracaso-del-gran-apagon-frente-a-una-ciudadania-ejemplar\/#primaryimage\"},\"image\":{\"@id\":\"https:\/\/tiempodetormentas.com\/humanidad\/el-fracaso-del-gran-apagon-frente-a-una-ciudadania-ejemplar\/#primaryimage\"},\"thumbnailUrl\":\"https:\/\/tiempodetormentas.com\/wp-content\/uploads\/2025\/04\/apagon.jpeg\",\"datePublished\":\"2025-04-29T12:06:15+00:00\",\"dateModified\":\"2025-04-29T12:22:51+00:00\",\"breadcrumb\":{\"@id\":\"https:\/\/tiempodetormentas.com\/humanidad\/el-fracaso-del-gran-apagon-frente-a-una-ciudadania-ejemplar\/#breadcrumb\"},\"inLanguage\":\"en-GB\",\"potentialAction\":[{\"@type\":\"ReadAction\",\"target\":[\"https:\/\/tiempodetormentas.com\/humanidad\/el-fracaso-del-gran-apagon-frente-a-una-ciudadania-ejemplar\/\"]}]},{\"@type\":\"ImageObject\",\"inLanguage\":\"en-GB\",\"@id\":\"https:\/\/tiempodetormentas.com\/humanidad\/el-fracaso-del-gran-apagon-frente-a-una-ciudadania-ejemplar\/#primaryimage\",\"url\":\"https:\/\/tiempodetormentas.com\/wp-content\/uploads\/2025\/04\/apagon.jpeg\",\"contentUrl\":\"https:\/\/tiempodetormentas.com\/wp-content\/uploads\/2025\/04\/apagon.jpeg\",\"width\":900,\"height\":507},{\"@type\":\"BreadcrumbList\",\"@id\":\"https:\/\/tiempodetormentas.com\/humanidad\/el-fracaso-del-gran-apagon-frente-a-una-ciudadania-ejemplar\/#breadcrumb\",\"itemListElement\":[{\"@type\":\"ListItem\",\"position\":1,\"name\":\"Portada\",\"item\":\"https:\/\/tiempodetormentas.com\/\"},{\"@type\":\"ListItem\",\"position\":2,\"name\":\"EL GRAN APAG\u00d3N QUE PERDI\u00d3 FRENTE A UNA CIUDADAN\u00cdA EJEMPLAR\"}]},{\"@type\":\"WebSite\",\"@id\":\"https:\/\/tiempodetormentas.com\/#website\",\"url\":\"https:\/\/tiempodetormentas.com\/\",\"name\":\"Tiempo de Tormentas\",\"description\":\"Edita el club de la bruma\",\"publisher\":{\"@id\":\"https:\/\/tiempodetormentas.com\/#organization\"},\"potentialAction\":[{\"@type\":\"SearchAction\",\"target\":{\"@type\":\"EntryPoint\",\"urlTemplate\":\"https:\/\/tiempodetormentas.com\/?s={search_term_string}\"},\"query-input\":{\"@type\":\"PropertyValueSpecification\",\"valueRequired\":true,\"valueName\":\"search_term_string\"}}],\"inLanguage\":\"en-GB\"},{\"@type\":\"Organization\",\"@id\":\"https:\/\/tiempodetormentas.com\/#organization\",\"name\":\"Tiempo de Tormentas\",\"url\":\"https:\/\/tiempodetormentas.com\/\",\"logo\":{\"@type\":\"ImageObject\",\"inLanguage\":\"en-GB\",\"@id\":\"https:\/\/tiempodetormentas.com\/#\/schema\/logo\/image\/\",\"url\":\"https:\/\/tiempodetormentas.com\/wp-content\/uploads\/2022\/01\/tiempo-de-tormentas.png\",\"contentUrl\":\"https:\/\/tiempodetormentas.com\/wp-content\/uploads\/2022\/01\/tiempo-de-tormentas.png\",\"width\":448,\"height\":121,\"caption\":\"Tiempo de Tormentas\"},\"image\":{\"@id\":\"https:\/\/tiempodetormentas.com\/#\/schema\/logo\/image\/\"}},{\"@type\":\"Person\",\"@id\":\"https:\/\/tiempodetormentas.com\/#\/schema\/person\/7e59b0ab3f525f413b127a9f2727eee7\",\"name\":\"Ray Lorens\",\"image\":{\"@type\":\"ImageObject\",\"inLanguage\":\"en-GB\",\"@id\":\"https:\/\/tiempodetormentas.com\/#\/schema\/person\/image\/\",\"url\":\"https:\/\/secure.gravatar.com\/avatar\/455622daf1ca0bf2f3b43adae4fc14ec90d08bdcfdbfc9c5f24527bb1d711a5a?s=96&d=mm&r=g\",\"contentUrl\":\"https:\/\/secure.gravatar.com\/avatar\/455622daf1ca0bf2f3b43adae4fc14ec90d08bdcfdbfc9c5f24527bb1d711a5a?s=96&d=mm&r=g\",\"caption\":\"Ray Lorens\"},\"description\":\"cineasta, escritor, periodista\",\"sameAs\":[\"https:\/\/tiempodetormentas.com\"],\"url\":\"https:\/\/tiempodetormentas.com\/en\/author\/ray\/\"}]}<\/script>\n<!-- \/ Yoast SEO plugin. -->","yoast_head_json":{"title":"EL GRAN APAG\u00d3N QUE PERDI\u00d3 FRENTE A UNA CIUDADAN\u00cdA EJEMPLAR - Tiempo de Tormentas","robots":{"index":"index","follow":"follow","max-snippet":"max-snippet:-1","max-image-preview":"max-image-preview:large","max-video-preview":"max-video-preview:-1"},"canonical":"https:\/\/tiempodetormentas.com\/en\/humanidad\/el-fracaso-del-gran-apagon-frente-a-una-ciudadania-ejemplar\/","og_locale":"en_GB","og_type":"article","og_title":"EL GRAN APAG\u00d3N QUE PERDI\u00d3 FRENTE A UNA CIUDADAN\u00cdA EJEMPLAR - Tiempo de Tormentas","og_description":"EL GRAN APAG\u00d3N QUE PERDI\u00d3 FRENTE A UNA CIUDADAN\u00cdA EJEMPLAR Foto:EFE\/Borja S\u00e1nchez-Trillo &nbsp; EL COMPORTAMIENTO EJEMPLAR DE UNA CIUDADAN\u00cdA RESPONSABLE La ciudadan\u00eda responsable implica el compromiso activo del ciudadano con su Comunidad y la sociedad en general. Y eso es exactamente lo que ocurri\u00f3 ayer 28 de abril, desde las 12.33 mn, en toda Espa\u00f1a. [&hellip;]","og_url":"https:\/\/tiempodetormentas.com\/en\/humanidad\/el-fracaso-del-gran-apagon-frente-a-una-ciudadania-ejemplar\/","og_site_name":"Tiempo de Tormentas","article_published_time":"2025-04-29T12:06:15+00:00","article_modified_time":"2025-04-29T12:22:51+00:00","og_image":[{"width":900,"height":507,"url":"https:\/\/tiempodetormentas.com\/wp-content\/uploads\/2025\/04\/apagon.jpeg","type":"image\/jpeg"}],"author":"Ray Lorens","twitter_card":"summary_large_image","twitter_misc":{"Written by":"Ray Lorens","Estimated reading time":"6 minutes"},"schema":{"@context":"https:\/\/schema.org","@graph":[{"@type":"Article","@id":"https:\/\/tiempodetormentas.com\/humanidad\/el-fracaso-del-gran-apagon-frente-a-una-ciudadania-ejemplar\/#article","isPartOf":{"@id":"https:\/\/tiempodetormentas.com\/humanidad\/el-fracaso-del-gran-apagon-frente-a-una-ciudadania-ejemplar\/"},"author":{"name":"Ray Lorens","@id":"https:\/\/tiempodetormentas.com\/#\/schema\/person\/7e59b0ab3f525f413b127a9f2727eee7"},"headline":"EL GRAN APAG\u00d3N QUE PERDI\u00d3 FRENTE A UNA CIUDADAN\u00cdA EJEMPLAR","datePublished":"2025-04-29T12:06:15+00:00","dateModified":"2025-04-29T12:22:51+00:00","mainEntityOfPage":{"@id":"https:\/\/tiempodetormentas.com\/humanidad\/el-fracaso-del-gran-apagon-frente-a-una-ciudadania-ejemplar\/"},"wordCount":1136,"commentCount":5,"publisher":{"@id":"https:\/\/tiempodetormentas.com\/#organization"},"image":{"@id":"https:\/\/tiempodetormentas.com\/humanidad\/el-fracaso-del-gran-apagon-frente-a-una-ciudadania-ejemplar\/#primaryimage"},"thumbnailUrl":"https:\/\/tiempodetormentas.com\/wp-content\/uploads\/2025\/04\/apagon.jpeg","articleSection":["Espa\u00f1a","Europa","La Humanidad"],"inLanguage":"en-GB","potentialAction":[{"@type":"CommentAction","name":"Comment","target":["https:\/\/tiempodetormentas.com\/humanidad\/el-fracaso-del-gran-apagon-frente-a-una-ciudadania-ejemplar\/#respond"]}]},{"@type":"WebPage","@id":"https:\/\/tiempodetormentas.com\/humanidad\/el-fracaso-del-gran-apagon-frente-a-una-ciudadania-ejemplar\/","url":"https:\/\/tiempodetormentas.com\/humanidad\/el-fracaso-del-gran-apagon-frente-a-una-ciudadania-ejemplar\/","name":"EL GRAN APAG\u00d3N QUE PERDI\u00d3 FRENTE A UNA CIUDADAN\u00cdA EJEMPLAR - Tiempo de Tormentas","isPartOf":{"@id":"https:\/\/tiempodetormentas.com\/#website"},"primaryImageOfPage":{"@id":"https:\/\/tiempodetormentas.com\/humanidad\/el-fracaso-del-gran-apagon-frente-a-una-ciudadania-ejemplar\/#primaryimage"},"image":{"@id":"https:\/\/tiempodetormentas.com\/humanidad\/el-fracaso-del-gran-apagon-frente-a-una-ciudadania-ejemplar\/#primaryimage"},"thumbnailUrl":"https:\/\/tiempodetormentas.com\/wp-content\/uploads\/2025\/04\/apagon.jpeg","datePublished":"2025-04-29T12:06:15+00:00","dateModified":"2025-04-29T12:22:51+00:00","breadcrumb":{"@id":"https:\/\/tiempodetormentas.com\/humanidad\/el-fracaso-del-gran-apagon-frente-a-una-ciudadania-ejemplar\/#breadcrumb"},"inLanguage":"en-GB","potentialAction":[{"@type":"ReadAction","target":["https:\/\/tiempodetormentas.com\/humanidad\/el-fracaso-del-gran-apagon-frente-a-una-ciudadania-ejemplar\/"]}]},{"@type":"ImageObject","inLanguage":"en-GB","@id":"https:\/\/tiempodetormentas.com\/humanidad\/el-fracaso-del-gran-apagon-frente-a-una-ciudadania-ejemplar\/#primaryimage","url":"https:\/\/tiempodetormentas.com\/wp-content\/uploads\/2025\/04\/apagon.jpeg","contentUrl":"https:\/\/tiempodetormentas.com\/wp-content\/uploads\/2025\/04\/apagon.jpeg","width":900,"height":507},{"@type":"BreadcrumbList","@id":"https:\/\/tiempodetormentas.com\/humanidad\/el-fracaso-del-gran-apagon-frente-a-una-ciudadania-ejemplar\/#breadcrumb","itemListElement":[{"@type":"ListItem","position":1,"name":"Portada","item":"https:\/\/tiempodetormentas.com\/"},{"@type":"ListItem","position":2,"name":"EL GRAN APAG\u00d3N QUE PERDI\u00d3 FRENTE A UNA CIUDADAN\u00cdA EJEMPLAR"}]},{"@type":"WebSite","@id":"https:\/\/tiempodetormentas.com\/#website","url":"https:\/\/tiempodetormentas.com\/","name":"Tiempo de Tormentas","description":"Edita el club de la bruma","publisher":{"@id":"https:\/\/tiempodetormentas.com\/#organization"},"potentialAction":[{"@type":"SearchAction","target":{"@type":"EntryPoint","urlTemplate":"https:\/\/tiempodetormentas.com\/?s={search_term_string}"},"query-input":{"@type":"PropertyValueSpecification","valueRequired":true,"valueName":"search_term_string"}}],"inLanguage":"en-GB"},{"@type":"Organization","@id":"https:\/\/tiempodetormentas.com\/#organization","name":"Tiempo de Tormentas","url":"https:\/\/tiempodetormentas.com\/","logo":{"@type":"ImageObject","inLanguage":"en-GB","@id":"https:\/\/tiempodetormentas.com\/#\/schema\/logo\/image\/","url":"https:\/\/tiempodetormentas.com\/wp-content\/uploads\/2022\/01\/tiempo-de-tormentas.png","contentUrl":"https:\/\/tiempodetormentas.com\/wp-content\/uploads\/2022\/01\/tiempo-de-tormentas.png","width":448,"height":121,"caption":"Tiempo de Tormentas"},"image":{"@id":"https:\/\/tiempodetormentas.com\/#\/schema\/logo\/image\/"}},{"@type":"Person","@id":"https:\/\/tiempodetormentas.com\/#\/schema\/person\/7e59b0ab3f525f413b127a9f2727eee7","name":"Ray Lorens","image":{"@type":"ImageObject","inLanguage":"en-GB","@id":"https:\/\/tiempodetormentas.com\/#\/schema\/person\/image\/","url":"https:\/\/secure.gravatar.com\/avatar\/455622daf1ca0bf2f3b43adae4fc14ec90d08bdcfdbfc9c5f24527bb1d711a5a?s=96&d=mm&r=g","contentUrl":"https:\/\/secure.gravatar.com\/avatar\/455622daf1ca0bf2f3b43adae4fc14ec90d08bdcfdbfc9c5f24527bb1d711a5a?s=96&d=mm&r=g","caption":"Ray Lorens"},"description":"cineasta, escritor, periodista","sameAs":["https:\/\/tiempodetormentas.com"],"url":"https:\/\/tiempodetormentas.com\/en\/author\/ray\/"}]}},"_links":{"self":[{"href":"https:\/\/tiempodetormentas.com\/en\/wp-json\/wp\/v2\/posts\/2537","targetHints":{"allow":["GET"]}}],"collection":[{"href":"https:\/\/tiempodetormentas.com\/en\/wp-json\/wp\/v2\/posts"}],"about":[{"href":"https:\/\/tiempodetormentas.com\/en\/wp-json\/wp\/v2\/types\/post"}],"author":[{"embeddable":true,"href":"https:\/\/tiempodetormentas.com\/en\/wp-json\/wp\/v2\/users\/1"}],"replies":[{"embeddable":true,"href":"https:\/\/tiempodetormentas.com\/en\/wp-json\/wp\/v2\/comments?post=2537"}],"version-history":[{"count":5,"href":"https:\/\/tiempodetormentas.com\/en\/wp-json\/wp\/v2\/posts\/2537\/revisions"}],"predecessor-version":[{"id":2545,"href":"https:\/\/tiempodetormentas.com\/en\/wp-json\/wp\/v2\/posts\/2537\/revisions\/2545"}],"wp:featuredmedia":[{"embeddable":true,"href":"https:\/\/tiempodetormentas.com\/en\/wp-json\/wp\/v2\/media\/2540"}],"wp:attachment":[{"href":"https:\/\/tiempodetormentas.com\/en\/wp-json\/wp\/v2\/media?parent=2537"}],"wp:term":[{"taxonomy":"category","embeddable":true,"href":"https:\/\/tiempodetormentas.com\/en\/wp-json\/wp\/v2\/categories?post=2537"},{"taxonomy":"post_tag","embeddable":true,"href":"https:\/\/tiempodetormentas.com\/en\/wp-json\/wp\/v2\/tags?post=2537"}],"curies":[{"name":"wp","href":"https:\/\/api.w.org\/{rel}","templated":true}]}}