{"id":2421,"date":"2025-04-02T21:18:54","date_gmt":"2025-04-02T21:18:54","guid":{"rendered":"https:\/\/tiempodetormentas.com\/?p=2421"},"modified":"2025-04-08T14:30:14","modified_gmt":"2025-04-08T14:30:14","slug":"sanidad-publica-y-sanidad-privada-un-negocio-de-unos-pocos-cercanos-a-la-extrema-derecha","status":"publish","type":"post","link":"https:\/\/tiempodetormentas.com\/en\/humanidad\/espana\/sanidad-publica-y-sanidad-privada-un-negocio-de-unos-pocos-cercanos-a-la-extrema-derecha\/","title":{"rendered":"Sanidad P\u00fablica y Sanidad Privada. Un negocio de unos pocos cercanos a la Extrema Derecha"},"content":{"rendered":"<p>&nbsp;<\/p>\n<h1>Sanidad P\u00fablica y Sanidad Privada. Secuestro<br \/>\nInstitucional. Un negocio de unos pocos cercanos a la<br \/>\nExtrema Derecha y la Derecha Extrema Espa\u00f1ola.<\/h1>\n<h6><strong>Por Rafael Egido P\u00e9rez<\/strong> 01 Abril 2.025<\/h6>\n<h6>Soci\u00f3logo y Doctor en Econom\u00eda Aplicada<\/h6>\n<h4><\/h4>\n<h4>Esta ma\u00f1ana, ante la imposibilidad de conseguir una cita por tel\u00e9fono<br \/>\n(comunica permanentemente) he pedido hora de forma presencial con el<br \/>\nm\u00e9dico de cabecera o m\u00e9dico de familia en el ambulatorio publico donde me<br \/>\nsuelen atender. Siendo hoy 1 de abril, me han dado hora para el 14 de abril,<br \/>\nen plena Semana Santa. Tambi\u00e9n ped\u00ed hora para que me viera la enfermera\/o<br \/>\nque me corresponde y me han dado para el d\u00eda 4 de abril. Ante mis protestas el<br \/>\nadministrativo que estaba atendiendo a una cola interminable, dijo que a ellos<br \/>\ntambi\u00e9n les molesta que no haya suficiente personal para que las citas fueran<br \/>\nantes.<\/h4>\n<h4>Mi alegato era que, si fuera con una bronquitis, o un resfriado, el medico me<br \/>\niba a ver, mucho despu\u00e9s de que se me curara dicha enfermedad, en un<br \/>\nalarde de atenci\u00f3n sanitaria publica que no responde a las necesidades de los<br \/>\npacientes, lo que induce a ir a la sanidad privada para poder tener una atenci\u00f3n<br \/>\nsanitaria digna, preguntando al funcionario de la ventanilla \u00bfsi, ellos tienen una<br \/>\nparticipaci\u00f3n en dicho negocio para recoger recursos de las personas<br \/>\nenfermas? La contestaci\u00f3n que ya he referido, demuestra que son victimas<br \/>\nigual que los pacientes de una Organizaci\u00f3n Sanitaria que no responde a<br \/>\nlas necesidades de la poblaci\u00f3n, sino a las necesidades de conseguir una<br \/>\nclientela en la Sanidad Privada en Madrid, harta de no ser atendida en tiempo y<br \/>\nforma, que huye de estas situaciones y se ve obligada a contratar con Sanitas,<br \/>\nQuir\u00f3n, Adeslas, Asisa, Muface,\u2026que est\u00e1n como buitres carro\u00f1eros<br \/>\ndispuestos a dar esa atenci\u00f3n sanitaria, de la misma forma que se dio en la<br \/>\nPandemia del Covid19,\u2026 previo pago de ciertas cantidades de dinero, a pesar<br \/>\nde que todos los ciudadanos espa\u00f1oles, hayamos dado nuestra contribuci\u00f3n a<br \/>\nla Sanidad P\u00fablica a trav\u00e9s de los descuentos en n\u00f3mina, de trabajadores en<br \/>\nactivo y las contribuciones de las empresas, que mantienen la Seguridad<br \/>\nSocial, junto a las de los aut\u00f3nomos y profesionales.<\/h4>\n<h4>Es decir, todos hemos contribuido a la Seguridad Social para que<br \/>\nfuncione, pero con la Consejer\u00eda de Sanidad Madrile\u00f1a, no lo hace. Y \u00bfpor<br \/>\nqu\u00e9 ocurre esto?, \u00bfQui\u00e9n se beneficia de estas situaciones? . El personal<br \/>\nsanitario p\u00fablico, seg\u00fan dicen ellos, no es as\u00ed, el personal sanitario que atiende<br \/>\nen las distintas compa\u00f1\u00edas de atenci\u00f3n sanitaria privadas, tampoco se<br \/>\nbeneficia, los pacientes interesados en la atenci\u00f3n sanitaria menos, lo cual nos<br \/>\nlleva a una clase dirigente de las aseguradoras privadas que est\u00e1n<br \/>\nhaciendo hucha, y que coinciden en estar siempre cercanas al Partido<br \/>\nPopular y a Vox, con sus influencias y sus actuaciones (el novio o pareja de<br \/>\nIsabel Diaz Ayuso en Quir\u00f3n como comisionista millonario), haciendo de<br \/>\nsubsidiarios de la Sanidad P\u00fablica.<\/h4>\n<h4>Podr\u00eda ocurrir que esto, solo ocurriera en el Ambulatorio Publico donde me<br \/>\natienden, \u00a1pues, no!, y me baso en que antes me atend\u00edan en otro ambulatorio<br \/>\ndonde se demoraban entre 10 y 15 d\u00edas en atenderme. Puse una reclamaci\u00f3n<br \/>\ny me remitieron una carta pidiendo disculpas, y llamaron la atenci\u00f3n a mi<br \/>\nm\u00e9dico de cabecera o de familia. Fue entre 2010 y 2019, ya reclamado por<br \/>\ntres veces y por tres veces la contestaci\u00f3n fue la misma, carta, disculpas, y<br \/>\nllamada de atenci\u00f3n al m\u00e9dico de familia, con lo que me cambie de<br \/>\nambulatorio a uno que al principio tardaba 2 d\u00edas, pero poco a poco es el que<br \/>\nactualmente me atienden con 15 d\u00edas de demora, como ya he dicho, pero<br \/>\nfuera del \u00e1mbito domiciliario donde tengo mi domicilio, con la perdida de la<br \/>\natenci\u00f3n domiciliaria a la que tengo derecho en la Seguridad Social, al ser otro<br \/>\nbarrio.<\/h4>\n<h4>Ya sabemos gracias al documental 7.291 que los centros sanitarios privados,<br \/>\nno atendieron nada mas que a sus asegurados en la Pandemia Covid19,<br \/>\nmanteni\u00e9ndolos semivac\u00edos mientras en la Estructura Publica, estaban<br \/>\ndesbordados, y murieron muchos pacientes, as\u00ed como personal sanitario que<br \/>\nse sacrificaron por seguir atendiendo la emergencia de salud p\u00fablica e incluso<br \/>\nhubo muchos sin poderles atender. El abandono a su suerte de 7.291<br \/>\nancianos en Residencias Privadas demuestran los cuidados que pueden<br \/>\ndar estas entidades con \u00e1nimo de lucro, a pesar de lo que cobran por los<br \/>\ncuidados.<\/h4>\n<h4>Ahora, nos enteramos de que hay personas que viven solas, y con la cobertura<br \/>\nsanitaria, se permite desahuciarlas de sus casas, incautarles su pensi\u00f3n y sus<br \/>\nbienes, para pagar una Residencia Privada de Mayores, a la espera de su<br \/>\ndesaparici\u00f3n, salt\u00e1ndose sus derechos individuales, convirtiendo la Residencia<br \/>\nen un Centro de detenci\u00f3n obligado, con el benepl\u00e1cito de la Comunidad de<br \/>\nMadrid, que por edad, dejan de considerarlo un secuestro, aunque lo sea de<br \/>\nforma institucional, con un precio de entre 2.000 y 3.000 \u20ac .<\/h4>\n<h4>Tambi\u00e9n hay que decir, que personas que no tienen la residencia administrativa<br \/>\nen Madrid, migrantes, al tener un hijo\/a, se ven obligados a admitir que su<br \/>\nnuevo miembro familiar les ponga en acogimiento familiar, por unos Servicios<br \/>\nSociales que est\u00e1n Privatizados a empresas donde les obligan a ceder su<br \/>\nhijo\/a para la adopci\u00f3n o el acogimiento, con el consentimiento de la<br \/>\nComunidad de Madrid, secuestrando de forma institucional, al reci\u00e9n nacido en<br \/>\ncontra de los deseos de la madre, y haciendo toda clase de chambalajes para<br \/>\nsolventar un negocio redondo donde los ni\u00f1os\/as son la mercanc\u00eda para<br \/>\ncubrir unos beneficios que tienen dudosa legalidad.<\/h4>\n<h4>Todas estas pr\u00e1cticas, se basan siempre en las concesiones administrativas<br \/>\npara ofrecer un servicio p\u00fablico que se da a trav\u00e9s de empresas interpuestas<br \/>\nque no siempre cumplen lo que dicen los papeles que entregan con los<br \/>\nconcursos ordinarios, ante los ayuntamientos que no quieren tener esos<br \/>\nservicios sociales en su \u00e1mbito de actuaci\u00f3n y como lo ocurrido hace unos d\u00edas<br \/>\ncon el piso tutelado en la Comunidad de Castilla y Le\u00f3n que acabaron con la<br \/>\ncuidadora, los adolescentes que supuestamente ten\u00eda que cuidar, ya que la<\/h4>\n<h4>cuidadora era ella sola, aunque deber\u00eda tener alguien m\u00e1s, en dicho piso, pero<br \/>\neso encarecer\u00eda los costes y la empresa concesionaria y la comunidad<br \/>\naut\u00f3noma, no est\u00e1n dispuestas a asumir esos costes, dificultando la labor<br \/>\nnecesaria para dichos servicios sociales.<\/h4>\n<h4>Todo ello, lo de la Atenci\u00f3n Sanitaria demorada, como la atenci\u00f3n a los<br \/>\nMayores, que viven solos, como la Atenci\u00f3n a los Menores y a los Migrantes<br \/>\nesta en muchos casos derivada a empresas que se han creado al calor de las<br \/>\nadministraciones p\u00fablicas, de forma clientelar, con amiguismos personales, y<br \/>\nsobre todo en las corporaciones gobernadas por el Partido Popular que han<br \/>\nvisto una oportunidad de enriquecerse y hacer grandes negocios sanitarios,<br \/>\naunque estos sean a costa de las personas m\u00e1s d\u00e9biles en nuestra sociedad<br \/>\ndel Bienestar.<\/h4>\n<h4>Parece que no se quieren enterar de las irregularidades que est\u00e1n<br \/>\ncometiendo en muchos casos, abusando de su concesi\u00f3n administrativa,<br \/>\ny actuando de forma delictiva en perjuicio de los m\u00e1s vulnerables, ancianos,<br \/>\nni\u00f1os, y personas de los barrios obreros, que dif\u00edcilmente denuncian estos<br \/>\nhechos. En la Comunidad de Madrid despu\u00e9s de m\u00e1s de 30 a\u00f1os de los<br \/>\ngobiernos del PP, es un ejemplo de lo que no se debe hacer con este tipo de<br \/>\nempresas que est\u00e1n condicionando sus pol\u00edticas sociales, aunque es algo<br \/>\nque al PPVOX no les interesan nada de nada. Abandono a su suerte,<br \/>\nSecuestro y Trata de Menores, creo que es suficientemente grave como para<br \/>\ntomar cartas en el asunto, a nivel Local, de Comunidad Aut\u00f3noma y a nivel<br \/>\nNacional.<\/h4>","protected":false},"excerpt":{"rendered":"<p>&nbsp; Sanidad P\u00fablica y Sanidad Privada. Secuestro Institucional. Un negocio de unos pocos cercanos a la Extrema Derecha y la Derecha Extrema Espa\u00f1ola. Por Rafael Egido P\u00e9rez 01 Abril 2.025 Soci\u00f3logo y Doctor en Econom\u00eda Aplicada Esta ma\u00f1ana, ante la imposibilidad de conseguir una cita por tel\u00e9fono (comunica permanentemente) he pedido hora de forma presencial [&hellip;]<\/p>","protected":false},"author":13,"featured_media":2433,"comment_status":"open","ping_status":"open","sticky":false,"template":"","format":"standard","meta":{"footnotes":""},"categories":[37,2,52],"tags":[],"class_list":{"0":"post-2421","1":"post","2":"type-post","3":"status-publish","4":"format-standard","5":"has-post-thumbnail","7":"category-espana","8":"category-humanidad","9":"category-madrid"},"yoast_head":"<!-- This site is optimized with the Yoast SEO plugin v26.2 - https:\/\/yoast.com\/wordpress\/plugins\/seo\/ -->\n<title>Sanidad P\u00fablica y Sanidad Privada. Un negocio de unos pocos cercanos a la Extrema Derecha - Tiempo de Tormentas<\/title>\n<meta name=\"robots\" content=\"index, follow, max-snippet:-1, max-image-preview:large, max-video-preview:-1\" \/>\n<link rel=\"canonical\" href=\"https:\/\/tiempodetormentas.com\/en\/humanidad\/espana\/sanidad-publica-y-sanidad-privada-un-negocio-de-unos-pocos-cercanos-a-la-extrema-derecha\/\" \/>\n<meta property=\"og:locale\" content=\"en_GB\" \/>\n<meta property=\"og:type\" content=\"article\" \/>\n<meta property=\"og:title\" content=\"Sanidad P\u00fablica y Sanidad Privada. Un negocio de unos pocos cercanos a la Extrema Derecha - Tiempo de Tormentas\" \/>\n<meta property=\"og:description\" content=\"&nbsp; Sanidad P\u00fablica y Sanidad Privada. Secuestro Institucional. Un negocio de unos pocos cercanos a la Extrema Derecha y la Derecha Extrema Espa\u00f1ola. Por Rafael Egido P\u00e9rez 01 Abril 2.025 Soci\u00f3logo y Doctor en Econom\u00eda Aplicada Esta ma\u00f1ana, ante la imposibilidad de conseguir una cita por tel\u00e9fono (comunica permanentemente) he pedido hora de forma presencial [&hellip;]\" \/>\n<meta property=\"og:url\" content=\"https:\/\/tiempodetormentas.com\/en\/humanidad\/espana\/sanidad-publica-y-sanidad-privada-un-negocio-de-unos-pocos-cercanos-a-la-extrema-derecha\/\" \/>\n<meta property=\"og:site_name\" content=\"Tiempo de Tormentas\" \/>\n<meta property=\"article:published_time\" content=\"2025-04-02T21:18:54+00:00\" \/>\n<meta property=\"article:modified_time\" content=\"2025-04-08T14:30:14+00:00\" \/>\n<meta property=\"og:image\" content=\"https:\/\/tiempodetormentas.com\/wp-content\/uploads\/2025\/04\/sanidad-publica.jpeg\" \/>\n\t<meta property=\"og:image:width\" content=\"1200\" \/>\n\t<meta property=\"og:image:height\" content=\"675\" \/>\n\t<meta property=\"og:image:type\" content=\"image\/jpeg\" \/>\n<meta name=\"author\" content=\"Tiempo de Tormentas\" \/>\n<meta name=\"twitter:card\" content=\"summary_large_image\" \/>\n<meta name=\"twitter:label1\" content=\"Written by\" \/>\n\t<meta name=\"twitter:data1\" content=\"Tiempo de Tormentas\" \/>\n\t<meta name=\"twitter:label2\" content=\"Estimated reading time\" \/>\n\t<meta name=\"twitter:data2\" content=\"6 minutes\" \/>\n<script type=\"application\/ld+json\" class=\"yoast-schema-graph\">{\"@context\":\"https:\/\/schema.org\",\"@graph\":[{\"@type\":\"Article\",\"@id\":\"https:\/\/tiempodetormentas.com\/humanidad\/espana\/sanidad-publica-y-sanidad-privada-un-negocio-de-unos-pocos-cercanos-a-la-extrema-derecha\/#article\",\"isPartOf\":{\"@id\":\"https:\/\/tiempodetormentas.com\/humanidad\/espana\/sanidad-publica-y-sanidad-privada-un-negocio-de-unos-pocos-cercanos-a-la-extrema-derecha\/\"},\"author\":{\"name\":\"Tiempo de Tormentas\",\"@id\":\"https:\/\/tiempodetormentas.com\/#\/schema\/person\/9a9e95f6209f068f15d4e1c74cc3718e\"},\"headline\":\"Sanidad P\u00fablica y Sanidad Privada. Un negocio de unos pocos cercanos a la Extrema Derecha\",\"datePublished\":\"2025-04-02T21:18:54+00:00\",\"dateModified\":\"2025-04-08T14:30:14+00:00\",\"mainEntityOfPage\":{\"@id\":\"https:\/\/tiempodetormentas.com\/humanidad\/espana\/sanidad-publica-y-sanidad-privada-un-negocio-de-unos-pocos-cercanos-a-la-extrema-derecha\/\"},\"wordCount\":1351,\"commentCount\":0,\"publisher\":{\"@id\":\"https:\/\/tiempodetormentas.com\/#organization\"},\"image\":{\"@id\":\"https:\/\/tiempodetormentas.com\/humanidad\/espana\/sanidad-publica-y-sanidad-privada-un-negocio-de-unos-pocos-cercanos-a-la-extrema-derecha\/#primaryimage\"},\"thumbnailUrl\":\"https:\/\/tiempodetormentas.com\/wp-content\/uploads\/2025\/04\/sanidad-publica.jpeg\",\"articleSection\":[\"Espa\u00f1a\",\"La Humanidad\",\"Madrid\"],\"inLanguage\":\"en-GB\",\"potentialAction\":[{\"@type\":\"CommentAction\",\"name\":\"Comment\",\"target\":[\"https:\/\/tiempodetormentas.com\/humanidad\/espana\/sanidad-publica-y-sanidad-privada-un-negocio-de-unos-pocos-cercanos-a-la-extrema-derecha\/#respond\"]}]},{\"@type\":\"WebPage\",\"@id\":\"https:\/\/tiempodetormentas.com\/humanidad\/espana\/sanidad-publica-y-sanidad-privada-un-negocio-de-unos-pocos-cercanos-a-la-extrema-derecha\/\",\"url\":\"https:\/\/tiempodetormentas.com\/humanidad\/espana\/sanidad-publica-y-sanidad-privada-un-negocio-de-unos-pocos-cercanos-a-la-extrema-derecha\/\",\"name\":\"Sanidad P\u00fablica y Sanidad Privada. Un negocio de unos pocos cercanos a la Extrema Derecha - Tiempo de Tormentas\",\"isPartOf\":{\"@id\":\"https:\/\/tiempodetormentas.com\/#website\"},\"primaryImageOfPage\":{\"@id\":\"https:\/\/tiempodetormentas.com\/humanidad\/espana\/sanidad-publica-y-sanidad-privada-un-negocio-de-unos-pocos-cercanos-a-la-extrema-derecha\/#primaryimage\"},\"image\":{\"@id\":\"https:\/\/tiempodetormentas.com\/humanidad\/espana\/sanidad-publica-y-sanidad-privada-un-negocio-de-unos-pocos-cercanos-a-la-extrema-derecha\/#primaryimage\"},\"thumbnailUrl\":\"https:\/\/tiempodetormentas.com\/wp-content\/uploads\/2025\/04\/sanidad-publica.jpeg\",\"datePublished\":\"2025-04-02T21:18:54+00:00\",\"dateModified\":\"2025-04-08T14:30:14+00:00\",\"breadcrumb\":{\"@id\":\"https:\/\/tiempodetormentas.com\/humanidad\/espana\/sanidad-publica-y-sanidad-privada-un-negocio-de-unos-pocos-cercanos-a-la-extrema-derecha\/#breadcrumb\"},\"inLanguage\":\"en-GB\",\"potentialAction\":[{\"@type\":\"ReadAction\",\"target\":[\"https:\/\/tiempodetormentas.com\/humanidad\/espana\/sanidad-publica-y-sanidad-privada-un-negocio-de-unos-pocos-cercanos-a-la-extrema-derecha\/\"]}]},{\"@type\":\"ImageObject\",\"inLanguage\":\"en-GB\",\"@id\":\"https:\/\/tiempodetormentas.com\/humanidad\/espana\/sanidad-publica-y-sanidad-privada-un-negocio-de-unos-pocos-cercanos-a-la-extrema-derecha\/#primaryimage\",\"url\":\"https:\/\/tiempodetormentas.com\/wp-content\/uploads\/2025\/04\/sanidad-publica.jpeg\",\"contentUrl\":\"https:\/\/tiempodetormentas.com\/wp-content\/uploads\/2025\/04\/sanidad-publica.jpeg\",\"width\":1200,\"height\":675},{\"@type\":\"BreadcrumbList\",\"@id\":\"https:\/\/tiempodetormentas.com\/humanidad\/espana\/sanidad-publica-y-sanidad-privada-un-negocio-de-unos-pocos-cercanos-a-la-extrema-derecha\/#breadcrumb\",\"itemListElement\":[{\"@type\":\"ListItem\",\"position\":1,\"name\":\"Portada\",\"item\":\"https:\/\/tiempodetormentas.com\/\"},{\"@type\":\"ListItem\",\"position\":2,\"name\":\"Sanidad P\u00fablica y Sanidad Privada. Un negocio de unos pocos cercanos a la Extrema Derecha\"}]},{\"@type\":\"WebSite\",\"@id\":\"https:\/\/tiempodetormentas.com\/#website\",\"url\":\"https:\/\/tiempodetormentas.com\/\",\"name\":\"Tiempo de Tormentas\",\"description\":\"Edita el club de la bruma\",\"publisher\":{\"@id\":\"https:\/\/tiempodetormentas.com\/#organization\"},\"potentialAction\":[{\"@type\":\"SearchAction\",\"target\":{\"@type\":\"EntryPoint\",\"urlTemplate\":\"https:\/\/tiempodetormentas.com\/?s={search_term_string}\"},\"query-input\":{\"@type\":\"PropertyValueSpecification\",\"valueRequired\":true,\"valueName\":\"search_term_string\"}}],\"inLanguage\":\"en-GB\"},{\"@type\":\"Organization\",\"@id\":\"https:\/\/tiempodetormentas.com\/#organization\",\"name\":\"Tiempo de Tormentas\",\"url\":\"https:\/\/tiempodetormentas.com\/\",\"logo\":{\"@type\":\"ImageObject\",\"inLanguage\":\"en-GB\",\"@id\":\"https:\/\/tiempodetormentas.com\/#\/schema\/logo\/image\/\",\"url\":\"https:\/\/tiempodetormentas.com\/wp-content\/uploads\/2022\/01\/tiempo-de-tormentas.png\",\"contentUrl\":\"https:\/\/tiempodetormentas.com\/wp-content\/uploads\/2022\/01\/tiempo-de-tormentas.png\",\"width\":448,\"height\":121,\"caption\":\"Tiempo de Tormentas\"},\"image\":{\"@id\":\"https:\/\/tiempodetormentas.com\/#\/schema\/logo\/image\/\"}},{\"@type\":\"Person\",\"@id\":\"https:\/\/tiempodetormentas.com\/#\/schema\/person\/9a9e95f6209f068f15d4e1c74cc3718e\",\"name\":\"Tiempo de Tormentas\",\"image\":{\"@type\":\"ImageObject\",\"inLanguage\":\"en-GB\",\"@id\":\"https:\/\/tiempodetormentas.com\/#\/schema\/person\/image\/\",\"url\":\"https:\/\/secure.gravatar.com\/avatar\/1b3c03cb36f6ab2f16882ddfcb878f0ebda1187829a7882b31ff8c8cfc477e50?s=96&d=mm&r=g\",\"contentUrl\":\"https:\/\/secure.gravatar.com\/avatar\/1b3c03cb36f6ab2f16882ddfcb878f0ebda1187829a7882b31ff8c8cfc477e50?s=96&d=mm&r=g\",\"caption\":\"Tiempo de Tormentas\"},\"url\":\"https:\/\/tiempodetormentas.com\/en\/author\/tiempo-de-tormentas\/\"}]}<\/script>\n<!-- \/ Yoast SEO plugin. -->","yoast_head_json":{"title":"Sanidad P\u00fablica y Sanidad Privada. Un negocio de unos pocos cercanos a la Extrema Derecha - Tiempo de Tormentas","robots":{"index":"index","follow":"follow","max-snippet":"max-snippet:-1","max-image-preview":"max-image-preview:large","max-video-preview":"max-video-preview:-1"},"canonical":"https:\/\/tiempodetormentas.com\/en\/humanidad\/espana\/sanidad-publica-y-sanidad-privada-un-negocio-de-unos-pocos-cercanos-a-la-extrema-derecha\/","og_locale":"en_GB","og_type":"article","og_title":"Sanidad P\u00fablica y Sanidad Privada. Un negocio de unos pocos cercanos a la Extrema Derecha - Tiempo de Tormentas","og_description":"&nbsp; Sanidad P\u00fablica y Sanidad Privada. Secuestro Institucional. Un negocio de unos pocos cercanos a la Extrema Derecha y la Derecha Extrema Espa\u00f1ola. Por Rafael Egido P\u00e9rez 01 Abril 2.025 Soci\u00f3logo y Doctor en Econom\u00eda Aplicada Esta ma\u00f1ana, ante la imposibilidad de conseguir una cita por tel\u00e9fono (comunica permanentemente) he pedido hora de forma presencial [&hellip;]","og_url":"https:\/\/tiempodetormentas.com\/en\/humanidad\/espana\/sanidad-publica-y-sanidad-privada-un-negocio-de-unos-pocos-cercanos-a-la-extrema-derecha\/","og_site_name":"Tiempo de Tormentas","article_published_time":"2025-04-02T21:18:54+00:00","article_modified_time":"2025-04-08T14:30:14+00:00","og_image":[{"width":1200,"height":675,"url":"https:\/\/tiempodetormentas.com\/wp-content\/uploads\/2025\/04\/sanidad-publica.jpeg","type":"image\/jpeg"}],"author":"Tiempo de Tormentas","twitter_card":"summary_large_image","twitter_misc":{"Written by":"Tiempo de Tormentas","Estimated reading time":"6 minutes"},"schema":{"@context":"https:\/\/schema.org","@graph":[{"@type":"Article","@id":"https:\/\/tiempodetormentas.com\/humanidad\/espana\/sanidad-publica-y-sanidad-privada-un-negocio-de-unos-pocos-cercanos-a-la-extrema-derecha\/#article","isPartOf":{"@id":"https:\/\/tiempodetormentas.com\/humanidad\/espana\/sanidad-publica-y-sanidad-privada-un-negocio-de-unos-pocos-cercanos-a-la-extrema-derecha\/"},"author":{"name":"Tiempo de Tormentas","@id":"https:\/\/tiempodetormentas.com\/#\/schema\/person\/9a9e95f6209f068f15d4e1c74cc3718e"},"headline":"Sanidad P\u00fablica y Sanidad Privada. Un negocio de unos pocos cercanos a la Extrema Derecha","datePublished":"2025-04-02T21:18:54+00:00","dateModified":"2025-04-08T14:30:14+00:00","mainEntityOfPage":{"@id":"https:\/\/tiempodetormentas.com\/humanidad\/espana\/sanidad-publica-y-sanidad-privada-un-negocio-de-unos-pocos-cercanos-a-la-extrema-derecha\/"},"wordCount":1351,"commentCount":0,"publisher":{"@id":"https:\/\/tiempodetormentas.com\/#organization"},"image":{"@id":"https:\/\/tiempodetormentas.com\/humanidad\/espana\/sanidad-publica-y-sanidad-privada-un-negocio-de-unos-pocos-cercanos-a-la-extrema-derecha\/#primaryimage"},"thumbnailUrl":"https:\/\/tiempodetormentas.com\/wp-content\/uploads\/2025\/04\/sanidad-publica.jpeg","articleSection":["Espa\u00f1a","La Humanidad","Madrid"],"inLanguage":"en-GB","potentialAction":[{"@type":"CommentAction","name":"Comment","target":["https:\/\/tiempodetormentas.com\/humanidad\/espana\/sanidad-publica-y-sanidad-privada-un-negocio-de-unos-pocos-cercanos-a-la-extrema-derecha\/#respond"]}]},{"@type":"WebPage","@id":"https:\/\/tiempodetormentas.com\/humanidad\/espana\/sanidad-publica-y-sanidad-privada-un-negocio-de-unos-pocos-cercanos-a-la-extrema-derecha\/","url":"https:\/\/tiempodetormentas.com\/humanidad\/espana\/sanidad-publica-y-sanidad-privada-un-negocio-de-unos-pocos-cercanos-a-la-extrema-derecha\/","name":"Sanidad P\u00fablica y Sanidad Privada. Un negocio de unos pocos cercanos a la Extrema Derecha - Tiempo de Tormentas","isPartOf":{"@id":"https:\/\/tiempodetormentas.com\/#website"},"primaryImageOfPage":{"@id":"https:\/\/tiempodetormentas.com\/humanidad\/espana\/sanidad-publica-y-sanidad-privada-un-negocio-de-unos-pocos-cercanos-a-la-extrema-derecha\/#primaryimage"},"image":{"@id":"https:\/\/tiempodetormentas.com\/humanidad\/espana\/sanidad-publica-y-sanidad-privada-un-negocio-de-unos-pocos-cercanos-a-la-extrema-derecha\/#primaryimage"},"thumbnailUrl":"https:\/\/tiempodetormentas.com\/wp-content\/uploads\/2025\/04\/sanidad-publica.jpeg","datePublished":"2025-04-02T21:18:54+00:00","dateModified":"2025-04-08T14:30:14+00:00","breadcrumb":{"@id":"https:\/\/tiempodetormentas.com\/humanidad\/espana\/sanidad-publica-y-sanidad-privada-un-negocio-de-unos-pocos-cercanos-a-la-extrema-derecha\/#breadcrumb"},"inLanguage":"en-GB","potentialAction":[{"@type":"ReadAction","target":["https:\/\/tiempodetormentas.com\/humanidad\/espana\/sanidad-publica-y-sanidad-privada-un-negocio-de-unos-pocos-cercanos-a-la-extrema-derecha\/"]}]},{"@type":"ImageObject","inLanguage":"en-GB","@id":"https:\/\/tiempodetormentas.com\/humanidad\/espana\/sanidad-publica-y-sanidad-privada-un-negocio-de-unos-pocos-cercanos-a-la-extrema-derecha\/#primaryimage","url":"https:\/\/tiempodetormentas.com\/wp-content\/uploads\/2025\/04\/sanidad-publica.jpeg","contentUrl":"https:\/\/tiempodetormentas.com\/wp-content\/uploads\/2025\/04\/sanidad-publica.jpeg","width":1200,"height":675},{"@type":"BreadcrumbList","@id":"https:\/\/tiempodetormentas.com\/humanidad\/espana\/sanidad-publica-y-sanidad-privada-un-negocio-de-unos-pocos-cercanos-a-la-extrema-derecha\/#breadcrumb","itemListElement":[{"@type":"ListItem","position":1,"name":"Portada","item":"https:\/\/tiempodetormentas.com\/"},{"@type":"ListItem","position":2,"name":"Sanidad P\u00fablica y Sanidad Privada. Un negocio de unos pocos cercanos a la Extrema Derecha"}]},{"@type":"WebSite","@id":"https:\/\/tiempodetormentas.com\/#website","url":"https:\/\/tiempodetormentas.com\/","name":"Tiempo de Tormentas","description":"Edita el club de la bruma","publisher":{"@id":"https:\/\/tiempodetormentas.com\/#organization"},"potentialAction":[{"@type":"SearchAction","target":{"@type":"EntryPoint","urlTemplate":"https:\/\/tiempodetormentas.com\/?s={search_term_string}"},"query-input":{"@type":"PropertyValueSpecification","valueRequired":true,"valueName":"search_term_string"}}],"inLanguage":"en-GB"},{"@type":"Organization","@id":"https:\/\/tiempodetormentas.com\/#organization","name":"Tiempo de Tormentas","url":"https:\/\/tiempodetormentas.com\/","logo":{"@type":"ImageObject","inLanguage":"en-GB","@id":"https:\/\/tiempodetormentas.com\/#\/schema\/logo\/image\/","url":"https:\/\/tiempodetormentas.com\/wp-content\/uploads\/2022\/01\/tiempo-de-tormentas.png","contentUrl":"https:\/\/tiempodetormentas.com\/wp-content\/uploads\/2022\/01\/tiempo-de-tormentas.png","width":448,"height":121,"caption":"Tiempo de Tormentas"},"image":{"@id":"https:\/\/tiempodetormentas.com\/#\/schema\/logo\/image\/"}},{"@type":"Person","@id":"https:\/\/tiempodetormentas.com\/#\/schema\/person\/9a9e95f6209f068f15d4e1c74cc3718e","name":"Tiempo de Tormentas","image":{"@type":"ImageObject","inLanguage":"en-GB","@id":"https:\/\/tiempodetormentas.com\/#\/schema\/person\/image\/","url":"https:\/\/secure.gravatar.com\/avatar\/1b3c03cb36f6ab2f16882ddfcb878f0ebda1187829a7882b31ff8c8cfc477e50?s=96&d=mm&r=g","contentUrl":"https:\/\/secure.gravatar.com\/avatar\/1b3c03cb36f6ab2f16882ddfcb878f0ebda1187829a7882b31ff8c8cfc477e50?s=96&d=mm&r=g","caption":"Tiempo de Tormentas"},"url":"https:\/\/tiempodetormentas.com\/en\/author\/tiempo-de-tormentas\/"}]}},"_links":{"self":[{"href":"https:\/\/tiempodetormentas.com\/en\/wp-json\/wp\/v2\/posts\/2421","targetHints":{"allow":["GET"]}}],"collection":[{"href":"https:\/\/tiempodetormentas.com\/en\/wp-json\/wp\/v2\/posts"}],"about":[{"href":"https:\/\/tiempodetormentas.com\/en\/wp-json\/wp\/v2\/types\/post"}],"author":[{"embeddable":true,"href":"https:\/\/tiempodetormentas.com\/en\/wp-json\/wp\/v2\/users\/13"}],"replies":[{"embeddable":true,"href":"https:\/\/tiempodetormentas.com\/en\/wp-json\/wp\/v2\/comments?post=2421"}],"version-history":[{"count":4,"href":"https:\/\/tiempodetormentas.com\/en\/wp-json\/wp\/v2\/posts\/2421\/revisions"}],"predecessor-version":[{"id":2434,"href":"https:\/\/tiempodetormentas.com\/en\/wp-json\/wp\/v2\/posts\/2421\/revisions\/2434"}],"wp:featuredmedia":[{"embeddable":true,"href":"https:\/\/tiempodetormentas.com\/en\/wp-json\/wp\/v2\/media\/2433"}],"wp:attachment":[{"href":"https:\/\/tiempodetormentas.com\/en\/wp-json\/wp\/v2\/media?parent=2421"}],"wp:term":[{"taxonomy":"category","embeddable":true,"href":"https:\/\/tiempodetormentas.com\/en\/wp-json\/wp\/v2\/categories?post=2421"},{"taxonomy":"post_tag","embeddable":true,"href":"https:\/\/tiempodetormentas.com\/en\/wp-json\/wp\/v2\/tags?post=2421"}],"curies":[{"name":"wp","href":"https:\/\/api.w.org\/{rel}","templated":true}]}}