{"id":2402,"date":"2025-03-28T20:50:23","date_gmt":"2025-03-28T20:50:23","guid":{"rendered":"https:\/\/tiempodetormentas.com\/?p=2402"},"modified":"2025-12-31T19:11:40","modified_gmt":"2025-12-31T19:11:40","slug":"el-hombre-inimitable","status":"publish","type":"post","link":"https:\/\/tiempodetormentas.com\/en\/cultura\/libros\/el-hombre-inimitable\/","title":{"rendered":"El hombre inimitable"},"content":{"rendered":"<p>&nbsp;<\/p>\n<p>&nbsp;<\/p>\n<p>Con motivo de la participaci\u00f3n de L. Ram\u00f3n Garc\u00eda del Pomar en el acto sobre \u00abLa Prox\u00e9mica en la Movida Madrile\u00f1a\u00bb, que tendr\u00e1 lugar en <strong>El Congreso de los Diputados<\/strong> de Espa\u00f1a a propuesta del Congreso y de <strong>El Club de la Bruma<\/strong>, el pr\u00f3ximo viernes 23 de mayo a las 17.00h,\u00a0 Tiempo de Tormentas, p\u00fablica esta entrevista realizada con motivo de la aparici\u00f3n de su nuevo libro \u00abProx\u00e9mica\u00bb.<\/p>\n<p>&nbsp;<\/p>\n<h1><strong>ENTREVISTA<\/strong><\/h1>\n<h1>L. Ram\u00f3n G. del Pomar.<br \/>\nEl hombre inimitable.<\/h1>\n<h2>Hablemos de Prox\u00e9mica, su nuevo libro.<img decoding=\"async\" src=\"https:\/\/tiempodetormentas.com\/wp-content\/uploads\/2025\/03\/libro-pomar.jpg\" \/><\/h2>\n<h2><strong>Por David Dom\u00ednguez<\/strong><\/h2>\n<h4>Desde que all\u00e1 por el a\u00f1o 2014, <strong>Luis<\/strong><br \/>\n<strong>Ram\u00f3n Garc\u00eda del Pomar<\/strong>, publicara dos<br \/>\nlibros casi simult\u00e1neamente, El subjuntivo<br \/>\nerrante, Editorial Polibea, y Subjetividades,<br \/>\nHuerga y Fierro Editores, siendo yo uno de<br \/>\nsus m\u00e1s rendidos seguidores esperaba con<\/h4>\n<h4>ganas que le llegara el momento de<br \/>\nregresar a esa expresi\u00f3n literaria por la que<br \/>\ntanto le admiro y sigo su huella. Ahora por<br \/>\nfin, tras once a\u00f1os de espera, aqu\u00ed le tengo<br \/>\nhoy con esta magn\u00edfica obra que ha<br \/>\npublicado con Averso Poes\u00eda, en su<br \/>\ncolecci\u00f3n Perversa, y que se titula<br \/>\nProx\u00e9mica.<\/h4>\n<h3><strong>\u201cLos oficios de creaci\u00f3n no permiten el estancamiento\u201d.<\/strong><\/h3>\n<p><img loading=\"lazy\" decoding=\"async\" class=\"aligncenter size-full wp-image-2412\" src=\"https:\/\/tiempodetormentas.com\/wp-content\/uploads\/2025\/03\/Neo-Pomar-III.jpg\" alt=\"\" width=\"1080\" height=\"1920\" srcset=\"https:\/\/tiempodetormentas.com\/wp-content\/uploads\/2025\/03\/Neo-Pomar-III.jpg 1080w, https:\/\/tiempodetormentas.com\/wp-content\/uploads\/2025\/03\/Neo-Pomar-III-169x300.jpg 169w, https:\/\/tiempodetormentas.com\/wp-content\/uploads\/2025\/03\/Neo-Pomar-III-576x1024.jpg 576w, https:\/\/tiempodetormentas.com\/wp-content\/uploads\/2025\/03\/Neo-Pomar-III-768x1365.jpg 768w, https:\/\/tiempodetormentas.com\/wp-content\/uploads\/2025\/03\/Neo-Pomar-III-864x1536.jpg 864w, https:\/\/tiempodetormentas.com\/wp-content\/uploads\/2025\/03\/Neo-Pomar-III-236x420.jpg 236w, https:\/\/tiempodetormentas.com\/wp-content\/uploads\/2025\/03\/Neo-Pomar-III-150x267.jpg 150w, https:\/\/tiempodetormentas.com\/wp-content\/uploads\/2025\/03\/Neo-Pomar-III-300x533.jpg 300w, https:\/\/tiempodetormentas.com\/wp-content\/uploads\/2025\/03\/Neo-Pomar-III-696x1237.jpg 696w, https:\/\/tiempodetormentas.com\/wp-content\/uploads\/2025\/03\/Neo-Pomar-III-1068x1899.jpg 1068w\" sizes=\"auto, (max-width: 1080px) 100vw, 1080px\" \/><\/p>\n<h6><em>foto: L. Ram\u00f3n Garc\u00eda del Pomar<\/em><\/h6>\n<h4>Antes de entrar en materia y por hacer<br \/>\nhonor a la verdad, perm\u00edtaseme presumir<br \/>\nun poquito al confesar que he tenido el<br \/>\nprivilegio, a petici\u00f3n del autor, de ser la<br \/>\nprimera persona en recibir esta maravilla<br \/>\nde poemario. Y a la vista de lo que he le\u00eddo<br \/>\ny sentido, les cuento que Prox\u00e9mica<br \/>\nmerece todos mis elogios, es un libro con<br \/>\nel que Garc\u00eda del Pomar testimonia la<br \/>\ngrandeza de su humanidad.<\/h4>\n<h4>Prox\u00e9mica es todo un b\u00e1lsamo de vida<br \/>\ny sentimiento po\u00e9tico. En cada uno de sus<br \/>\nversos siento un fogonazo de luz y<br \/>\nsensibilidad id\u00edlica. He llegado a leer sus<\/h4>\n<h4>inspiraciones como si yo mismo estuviera<br \/>\npromulgando nuevos dogmas de fe hacia lo<br \/>\nhumano, con lo que este libro extiende mi<br \/>\nrespeto hacia la persona del autor y me<br \/>\nabre camino hacia toda una pl\u00e9yade de<br \/>\nsentimientos con huellas y sabores<br \/>\nimborrables.<\/h4>\n<h4>Gracias a <strong>Ram\u00f3n G. del Pomar<\/strong> he<br \/>\nconocido a un hombre con versos en faldas<br \/>\nas\u00ed que, consinti\u00e9ndome parafrasear el<br \/>\nt\u00edtulo del libro c\u00e1tedra escrito por <strong>Jaime Gil<\/strong><br \/>\n<strong>de Biedma<\/strong>, Las personas del verbo, en<br \/>\nProx\u00e9mica siempre he visto la segunda<br \/>\nparte de las personas, el verbo\u2026<br \/>\nMientras desayuno con \u00e9l en una<br \/>\ncafeter\u00eda de Madrid muy pr\u00f3xima al Paseo<br \/>\nde La Castellana -los dos tomando caf\u00e9 con<br \/>\nleche y bizcocho al lim\u00f3n-, entre sorbo y<br \/>\nbocado, ataco:<\/h4>\n<h4>\u2014<strong>Buenos d\u00edas, Ram\u00f3n. En este libro,<\/strong><br \/>\n<strong>Prox\u00e9mica, hay un ahora o nunca.<\/strong><\/h4>\n<p><img loading=\"lazy\" decoding=\"async\" class=\"aligncenter size-full wp-image-2405\" src=\"https:\/\/tiempodetormentas.com\/wp-content\/uploads\/2025\/03\/Pomar-IV.jpg\" alt=\"\" width=\"425\" height=\"573\" srcset=\"https:\/\/tiempodetormentas.com\/wp-content\/uploads\/2025\/03\/Pomar-IV.jpg 425w, https:\/\/tiempodetormentas.com\/wp-content\/uploads\/2025\/03\/Pomar-IV-223x300.jpg 223w, https:\/\/tiempodetormentas.com\/wp-content\/uploads\/2025\/03\/Pomar-IV-312x420.jpg 312w, https:\/\/tiempodetormentas.com\/wp-content\/uploads\/2025\/03\/Pomar-IV-150x202.jpg 150w, https:\/\/tiempodetormentas.com\/wp-content\/uploads\/2025\/03\/Pomar-IV-300x404.jpg 300w\" sizes=\"auto, (max-width: 425px) 100vw, 425px\" \/><\/p>\n<h6>\u00a0 \u00a0 \u00a0 \u00a0 \u00a0 \u00a0 \u00a0 \u00a0 \u00a0 \u00a0 \u00a0 \u00a0 \u00a0 <em>foto: L. Ram\u00f3n Garc\u00eda del Pomar<\/em><\/h6>\n<h4>\u2014S\u00ed, tienes raz\u00f3n. Ya sabes que soy un<br \/>\ncurrante y durante estos a\u00f1os que llevo sin<br \/>\npublicar poes\u00eda he empleado mi tiempo en<br \/>\nsacar a la luz tres novelas -la \u00faltima<br \/>\ngalardonada con el Premio Internacional<br \/>\nFam Cultura Pop-Eye, La materia de mis<br \/>\nedades. Adem\u00e1s, he realizado algunas<br \/>\nobras de teatro, participado en varias<br \/>\npel\u00edculas, en dos de ellas he sido candidato<br \/>\na la nominaci\u00f3n del Premios Goya como<br \/>\nactor de reparto. Ahora estoy a la espera<br \/>\ndel estreno de La ley de Sodoma,<br \/>\nmaravillosa obra f\u00edlmica de <strong>Rafael Gordon<\/strong><br \/>\nen la que soy coprotagonista. Al margen de<br \/>\nesto o paralelamente, decid\u00ed matricularme<br \/>\nen la Universidad Carlos III de Getafe y<br \/>\nseguir un extraordinario grado que se<br \/>\nllam\u00f3 \u201cLa pervivencia del mundo antiguo<br \/>\nen la cultura contempor\u00e1nea\u201d. Entre tanto<br \/>\ny en la misma Universidad, particip\u00e9 en<br \/>\nunos cursos de escritura, llevados a cabo<br \/>\nentre la Carlos III, la Universidad de<\/h4>\n<h4>Logro\u00f1o y el C\u00edrculo de Bellas Artes de<br \/>\nMadrid, que igualmente me abrieron la<br \/>\nmente como artista multidisciplinar y<br \/>\npersona. Dotar mis recursos de nuevas<br \/>\nherramientas para agilizar los resultados<br \/>\nsimbi\u00f3ticos entre idea y expresi\u00f3n, entre el<br \/>\n\u00e9ter y la carnalidad que quiera simular mi<br \/>\nabstracci\u00f3n desde los procesos<br \/>\nneurol\u00f3gicos disparados para los sentidos<br \/>\nsolo son circunstancias que asumo. Lo<br \/>\ncierto es, para resumir, que nunca s\u00e9 lo<br \/>\nsuficiente y los oficios de creaci\u00f3n no me<br \/>\npermiten el estancamiento. La desidia<br \/>\nexige esfuerzos sobrehumanos y no soy de<br \/>\nlos que procrastinan. S\u00e9 que tengo que<br \/>\ndefenderme de mi inestable equilibrio<br \/>\nemocional y la resiliencia es la medicina<br \/>\nm\u00e1s eficaz contra las dudas y sus<br \/>\naprensiones.<\/h4>\n<h4>\u2014<strong>\u00bfHay que neutralizar todo aquello<\/strong><br \/>\n<strong>que se anteponga entre la verdad<\/strong><br \/>\n<strong>subjetiva del autor y el ego de quien lee?<\/strong><\/h4>\n<p>&nbsp;<\/p>\n<h4>\u2014La buena praxis para realizar ideas,<br \/>\nen este caso poes\u00eda, requiere de agilidad<br \/>\npara evitar caer en trampas intelectuales,<br \/>\nen pudor moral, verg\u00fcenzas o miedo a lo<br \/>\nque pudieran decir aquellos que analicen<br \/>\ndesde su personal experiencia lo que narre<br \/>\nla sinraz\u00f3n del artista, lo que dispare su<br \/>\ningenio. Y s\u00ed, creo que es muy conveniente<br \/>\ncontrarrestar la fuerza arrasadora de todo<br \/>\nego, somos de agua. Dej\u00e9monos llevar por<br \/>\ncada experiencia. Gracias a estas<br \/>\ncontemplaciones me he visto preparado<br \/>\npara regresar a la poes\u00eda letrada.<\/h4>\n<p><img loading=\"lazy\" decoding=\"async\" class=\"aligncenter wp-image-2409\" src=\"https:\/\/tiempodetormentas.com\/wp-content\/uploads\/2025\/03\/Pomar-VII-1.jpg\" alt=\"\" width=\"653\" height=\"435\" srcset=\"https:\/\/tiempodetormentas.com\/wp-content\/uploads\/2025\/03\/Pomar-VII-1.jpg 425w, https:\/\/tiempodetormentas.com\/wp-content\/uploads\/2025\/03\/Pomar-VII-1-300x200.jpg 300w, https:\/\/tiempodetormentas.com\/wp-content\/uploads\/2025\/03\/Pomar-VII-1-150x100.jpg 150w\" sizes=\"auto, (max-width: 653px) 100vw, 653px\" \/><\/p>\n<h6>\u00a0 \u00a0 \u00a0 \u00a0<em> foto: L.Ram\u00f3n Garc\u00eda del Pomar<\/em><\/h6>\n<h4>\u2014<strong style=\"color: var(--td_text_color, #111111);\">\u00bfPodr\u00eda decirse que este regreso se<\/strong><\/h4>\n<h4><strong>debe al compromiso que asumes contigo<\/strong><br \/>\n<strong>mismo y forma parte de tu honestidad<\/strong><br \/>\n<strong>frente a la euforia por superarte?<\/strong><\/h4>\n<h4>\u2014Me cuesta decidirme por una idea<br \/>\nconcreta, tu pregunta me sugiere acuerdos<br \/>\ny desacuerdos. La euforia puede<br \/>\nsignificarse tanto por el compromiso con<br \/>\nun af\u00e1n de superaci\u00f3n, como por la huida<\/h4>\n<h4>de lo mismo. La ignorancia tambi\u00e9n<br \/>\nesgrime su prepotencia bajo los pliegues<br \/>\nde un pragmatismo que se justifica en s\u00ed y<br \/>\nsu fuerza es tan f\u00e9rrea como la aparente<br \/>\nl\u00f3gica, el miedo, la voluntad ac\u00e9rrima y la<br \/>\ntraumatizante verg\u00fcenza. No todos<br \/>\nqueremos disponer de ese lugar sacro y<br \/>\nm\u00edstico que nos mantiene en la b\u00fasqueda<br \/>\nconstante del grial interior, el que deposita<br \/>\nla sangre que nos hace ser y cosa. La poes\u00eda<br \/>\nes inherente a nuestra humanidad. En mi<br \/>\ncaso y lejos de cualquier manierismo<br \/>\nprof\u00e9tico, es la forma de tocar mi<br \/>\nconocimiento para vivir en relaci\u00f3n al filtro<br \/>\ncrom\u00e1tico con el que quiero contarme los<br \/>\nacontecimientos que me circundan, sean<br \/>\npropios o ajenos, para degustarlos como si<br \/>\nfueran los platos de una comida a la carta y<br \/>\nseleccionar seg\u00fan las emociones que<br \/>\nquisiera paladear para mi buena salud y<br \/>\nuna madurez m\u00e1s solidaria o consecuente<br \/>\ncon lo que sea para el bien com\u00fan. \u00bfAcaso<\/h4>\n<h4>este es el compromiso conmigo mismo,<br \/>\ncon mi honestidad y la euforia por<br \/>\nsuperarme? No lo s\u00e9. A veces y sin darme<br \/>\ncuenta, como si me poseyera una acci\u00f3n<br \/>\nmec\u00e1nica integrada en mi psique, me<br \/>\nrefugio en corazas que me protejan de m\u00ed.<br \/>\nPuede que ahora mismo est\u00e9 gobernado<br \/>\npor alguno de estas armaduras seudo<br \/>\npragm\u00e1ticas y no alcance a ser m\u00e1s<br \/>\nconcreto con tu pregunta.<\/h4>\n<p><img loading=\"lazy\" decoding=\"async\" class=\"aligncenter size-full wp-image-2404\" src=\"https:\/\/tiempodetormentas.com\/wp-content\/uploads\/2025\/03\/Pomar-II.jpg\" alt=\"\" width=\"1304\" height=\"1332\" srcset=\"https:\/\/tiempodetormentas.com\/wp-content\/uploads\/2025\/03\/Pomar-II.jpg 1304w, https:\/\/tiempodetormentas.com\/wp-content\/uploads\/2025\/03\/Pomar-II-294x300.jpg 294w, https:\/\/tiempodetormentas.com\/wp-content\/uploads\/2025\/03\/Pomar-II-1002x1024.jpg 1002w, https:\/\/tiempodetormentas.com\/wp-content\/uploads\/2025\/03\/Pomar-II-768x784.jpg 768w, https:\/\/tiempodetormentas.com\/wp-content\/uploads\/2025\/03\/Pomar-II-411x420.jpg 411w, https:\/\/tiempodetormentas.com\/wp-content\/uploads\/2025\/03\/Pomar-II-150x153.jpg 150w, https:\/\/tiempodetormentas.com\/wp-content\/uploads\/2025\/03\/Pomar-II-300x306.jpg 300w, https:\/\/tiempodetormentas.com\/wp-content\/uploads\/2025\/03\/Pomar-II-696x711.jpg 696w, https:\/\/tiempodetormentas.com\/wp-content\/uploads\/2025\/03\/Pomar-II-1068x1091.jpg 1068w\" sizes=\"auto, (max-width: 1304px) 100vw, 1304px\" \/><\/p>\n<h6><em>foto: L. Ram\u00f3n Garc\u00eda del Pomar<\/em><\/h6>\n<h4>\u2014<strong>Entonces, \u00bfqui\u00e9n es y qui\u00e9n era<\/strong><br \/>\n<strong>Ram\u00f3n Garc\u00eda del Pomar?<\/strong><\/h4>\n<h4>\u2014Esta te la contesto r\u00e1pido. Estaba en<br \/>\nel Ateneo de Madrid y hablaba con el<br \/>\nprologuista de Prox\u00e9mica, nuestro querido<br \/>\ny sabio amigo <strong>Miguel Losada<\/strong>. Se acerc\u00f3 a<br \/>\nsaludarle la siempre sorprendente <strong>Amparo<\/strong><br \/>\n<strong>Corral<\/strong> mientras yo permanec\u00ed en un<br \/>\nc\u00f3modo tercer plano, posici\u00f3n altamente<br \/>\nrecomendable cuando la suerte nos<br \/>\ndispone ante tan altos iconos del saber.<br \/>\nAs\u00ed, discretamente, para usarla donde me<\/h4>\n<h4>procediera, vi\u00e9ndome absolutamente<br \/>\nreflejado en la frase con la que Amparo se<br \/>\ndefini\u00f3 pude anotarla en mi tel\u00e9fono. El<br \/>\nazar elige el d\u00eda de hoy para que me sirva al<br \/>\nresponderte a ti: \u201cAhora soy un hombre<br \/>\nque recuerda las pautas y recopila<br \/>\nargumentos\u201d.<br \/>\nY en cuanto a qui\u00e9n era, lo defino en<br \/>\nuno de los poemas de Prox\u00e9mica: \u201cUn ni\u00f1o<br \/>\ndesnudo y completamente anestesiado por<br \/>\nmi af\u00e1n literario\u201d. Hablando ayer por<br \/>\ntel\u00e9fono me dijiste que en este libro hab\u00eda<br \/>\nm\u00e1s Ram\u00f3n al desnudo que en todos los<br \/>\nanteriores. He de aclararte que no todos<br \/>\nlos poemas que escribo en primera<br \/>\npersona son experiencias propias, yo no<br \/>\nsoy un ni\u00f1o asesinado en Palestina,<br \/>\ntampoco soy v\u00edctima de violencia vicaria.<br \/>\nEstos poemas est\u00e1n ah\u00ed por mi empat\u00eda con<br \/>\nlos martirizados, por mi necesidad de pedir<br \/>\njusticia como individuo revolucionario. El<br \/>\npoeta espa\u00f1ol, <strong>Gabriel Celaya<\/strong>, escribi\u00f3 que<\/h4>\n<h4>la poes\u00eda es un arma cargada de futuro. Yo<br \/>\nlo tomo como bandera y lo veo en las<br \/>\nconsecuencias que genera la prox\u00e9mica en<br \/>\nsu efecto pr\u00e1ctico porque, sea cual sea la<br \/>\ndistancia medial que establezcamos entre<br \/>\nseres y cosas, la vida nos hace tan \u00fanicos<br \/>\ncomo universales: todos somos uno, pero<br \/>\nen cada uno, vestidos o en pelotas,<br \/>\nestamos todos.<\/h4>\n<p><img loading=\"lazy\" decoding=\"async\" class=\"aligncenter size-full wp-image-2415\" src=\"https:\/\/tiempodetormentas.com\/wp-content\/uploads\/2025\/03\/Losada-y-Pomar.jpg\" alt=\"\" width=\"1600\" height=\"900\" srcset=\"https:\/\/tiempodetormentas.com\/wp-content\/uploads\/2025\/03\/Losada-y-Pomar.jpg 1600w, https:\/\/tiempodetormentas.com\/wp-content\/uploads\/2025\/03\/Losada-y-Pomar-300x169.jpg 300w, https:\/\/tiempodetormentas.com\/wp-content\/uploads\/2025\/03\/Losada-y-Pomar-1024x576.jpg 1024w, https:\/\/tiempodetormentas.com\/wp-content\/uploads\/2025\/03\/Losada-y-Pomar-768x432.jpg 768w, https:\/\/tiempodetormentas.com\/wp-content\/uploads\/2025\/03\/Losada-y-Pomar-1536x864.jpg 1536w, https:\/\/tiempodetormentas.com\/wp-content\/uploads\/2025\/03\/Losada-y-Pomar-747x420.jpg 747w, https:\/\/tiempodetormentas.com\/wp-content\/uploads\/2025\/03\/Losada-y-Pomar-150x84.jpg 150w, https:\/\/tiempodetormentas.com\/wp-content\/uploads\/2025\/03\/Losada-y-Pomar-696x392.jpg 696w, https:\/\/tiempodetormentas.com\/wp-content\/uploads\/2025\/03\/Losada-y-Pomar-1068x601.jpg 1068w\" sizes=\"auto, (max-width: 1600px) 100vw, 1600px\" \/><\/p>\n<h6><em>Foto: L. Ram\u00f3n Garc\u00eda del Pomar y Miguel Losada<\/em><\/h6>\n<h4>\u2014<strong>Pues f\u00edjate, Ram\u00f3n. Yo te ten\u00eda<\/strong><br \/>\n<strong>preparada una pregunta que desech\u00e9 pero<\/strong><br \/>\n<strong>que, justamente ahora por lo que dices,<\/strong><br \/>\n<strong>retomo porque viene en congruencia.<\/strong><br \/>\n<strong>\u00bfDesnudo o vida?<\/strong><\/h4>\n<h4>\u2014Hilas fino, amigo. Las dos condiciones<br \/>\nson fuente de conocimiento, aun cuando<br \/>\ndesnudos estemos donde pudiera parecer<br \/>\nun inapropiado contexto. \u00a1Vivos siempre!<br \/>\nHasta para derrocharnos sin m\u00e1s<br \/>\nmiramiento que lo pautado por nuestras<br \/>\nansias de libertad y la lucidez s\u00fabita.<\/h4>\n<p><img loading=\"lazy\" decoding=\"async\" class=\"aligncenter size-full wp-image-2414\" src=\"https:\/\/tiempodetormentas.com\/wp-content\/uploads\/2025\/03\/Neopomar.jpg\" alt=\"\" width=\"1272\" height=\"1696\" srcset=\"https:\/\/tiempodetormentas.com\/wp-content\/uploads\/2025\/03\/Neopomar.jpg 1272w, https:\/\/tiempodetormentas.com\/wp-content\/uploads\/2025\/03\/Neopomar-225x300.jpg 225w, https:\/\/tiempodetormentas.com\/wp-content\/uploads\/2025\/03\/Neopomar-768x1024.jpg 768w, https:\/\/tiempodetormentas.com\/wp-content\/uploads\/2025\/03\/Neopomar-1152x1536.jpg 1152w, https:\/\/tiempodetormentas.com\/wp-content\/uploads\/2025\/03\/Neopomar-315x420.jpg 315w, https:\/\/tiempodetormentas.com\/wp-content\/uploads\/2025\/03\/Neopomar-150x200.jpg 150w, https:\/\/tiempodetormentas.com\/wp-content\/uploads\/2025\/03\/Neopomar-300x400.jpg 300w, https:\/\/tiempodetormentas.com\/wp-content\/uploads\/2025\/03\/Neopomar-696x928.jpg 696w, https:\/\/tiempodetormentas.com\/wp-content\/uploads\/2025\/03\/Neopomar-1068x1424.jpg 1068w\" sizes=\"auto, (max-width: 1272px) 100vw, 1272px\" \/><\/p>\n<h6><em>foto: L. Ram\u00f3n Garc\u00eda del Pomar<\/em><\/h6>\n<h4>\u2014<strong>\u00bfLuz o vida?<\/strong><\/h4>\n<h4>\u2014Sin luz puede haber vida, pero sin<br \/>\nvida no puede haber luz. Es ella quien me<br \/>\nentrega al roce c\u00e1lido de los deseos y me<br \/>\ndeja una sensaci\u00f3n cercana a la fuente que<br \/>\nme dota de sensibilidad. Ah\u00ed hay una luz<br \/>\nque tambi\u00e9n me adiestra para so\u00f1ar. En la<br \/>\nvida todo es vida, se dice en el <strong>Zen<\/strong>, tanto<br \/>\ncomo en la muerte todo es muerte. El eco<br \/>\nde lo incorp\u00f3reo no siempre resulta visible<br \/>\nal desgaste de la madrugada, por eso luz y<br \/>\nvida pueden ser inmisericorde fuera y<br \/>\ndentro de s\u00ed. A veces veo que la existencia<br \/>\nhumana es una perversi\u00f3n de los dioses,<br \/>\nensart\u00e1ndonos en un asador para<br \/>\nmantenernos girando sobre las brasas de<br \/>\nun incendio inextinguible. Para que seamos<br \/>\nluz durante la vida, lo importante es<br \/>\nce\u00f1irse a una frase que repite mi amigo y<br \/>\ntocayo <strong>Ram\u00f3n Llorente<\/strong> y que viene del<br \/>\ncineasta <strong>Frank Capra<\/strong>: \u201cMe gusta rodar<br \/>\npel\u00edculas que consigan hacer al espectador<br \/>\nsentirse mejor persona que antes de haber<\/h4>\n<h4>entrado al cine\u201d. Y yo, Luis Ram\u00f3n, digo<br \/>\nque esto mismo me gustar\u00eda que hicieran<br \/>\nmis libros en el lector.<\/h4>\n<h4>\u2014<strong>\u00bfCrees que la poes\u00eda est\u00e1 utilizada<\/strong><br \/>\n<strong>por personas que se creen poetas, pero no<\/strong><br \/>\n<strong>lo son?<\/strong><\/h4>\n<h4>\u2014Puf! Creo que existe la complejidad y<br \/>\nque las etiquetas pueden significar males<br \/>\ncr\u00edpticos. Una bailarina lo es desde que da<br \/>\nsus primeros pasos y tropieza; un m\u00fasico lo<br \/>\nes desde que marca las primeras notas,<br \/>\naun cuando lo haga con imprecisi\u00f3n y sin<br \/>\ncomp\u00e1s. Ya sabes que viajo por los recintos<br \/>\npenitenciaros de Espa\u00f1a creando<br \/>\nespect\u00e1culos con los reclusos y rescatando<br \/>\nlos poemas que ellos escriben sin reglas<br \/>\ngramaticales ni ortogr\u00e1ficas. M\u00e1s tarde los<br \/>\npublica \u201cEdiciones Tant\u00edn, de Cantabria\u201d.<br \/>\nEn este itinerario suelo encontrar poemas<br \/>\nmaravillosos que un acad\u00e9mico definir\u00eda<br \/>\ncomo aberrantes. Igualmente, tanto el<br \/>\nrecluso como yo pudi\u00e9ramos considerar<\/h4>\n<h4>aberrante la poes\u00eda del docto. Ya se sabe<br \/>\nque la filosof\u00eda es ahondar en lo no<br \/>\npensado y que la poes\u00eda es decir las cosas<br \/>\ncomo no est\u00e9n dichas a\u00fan. Lo dem\u00e1s es ser<br \/>\nsinceros y dejarnos llevar por el alma.<\/h4>\n<h4>\u2014<strong>Se ha hecho de la cultura un<\/strong><br \/>\n<strong>mercadillo para burgueses, mientras que<\/strong><br \/>\n<strong>t\u00fa eres esa rara avis que rompe la<\/strong><br \/>\n<strong>banalidad. \u00bfHay verdad dentro de la<\/strong><br \/>\n<strong>poes\u00eda?<\/strong><\/h4>\n<h4>\u2014Creo que eres muy generoso<br \/>\nconmigo, pero muy duro o tajante con los<br \/>\ndem\u00e1s. T\u00fa mismo tienes amistades en el<br \/>\nmundo de las artes \u2014gracias por incluirme<br \/>\nentre ellos\u2014que son aut\u00e9nticos volcanes<br \/>\nescupiendo lava fraguada en un intenso<br \/>\nmagma de talento y verdad.<\/h4>\n<p><img loading=\"lazy\" decoding=\"async\" class=\"aligncenter size-full wp-image-2406\" src=\"https:\/\/tiempodetormentas.com\/wp-content\/uploads\/2025\/03\/Pomar-V.jpg\" alt=\"\" width=\"568\" height=\"824\" srcset=\"https:\/\/tiempodetormentas.com\/wp-content\/uploads\/2025\/03\/Pomar-V.jpg 568w, https:\/\/tiempodetormentas.com\/wp-content\/uploads\/2025\/03\/Pomar-V-207x300.jpg 207w, https:\/\/tiempodetormentas.com\/wp-content\/uploads\/2025\/03\/Pomar-V-290x420.jpg 290w, https:\/\/tiempodetormentas.com\/wp-content\/uploads\/2025\/03\/Pomar-V-150x218.jpg 150w, https:\/\/tiempodetormentas.com\/wp-content\/uploads\/2025\/03\/Pomar-V-300x435.jpg 300w\" sizes=\"auto, (max-width: 568px) 100vw, 568px\" \/><\/p>\n<h6>\u00a0 \u00a0 \u00a0 \u00a0 \u00a0 \u00a0<em> foto: L. Ram\u00f3n Garc\u00eda del Pomar<\/em><\/h6>\n<h4>&#8211; <strong>\u00bfPor qu\u00e9 Prox\u00e9mica?, \u00bfqu\u00e9 ofreces?<\/strong><\/h4>\n<h4>Nada, no ofrezco nada. Las cosas complejas<br \/>\npueden seducir con facilidad, yo prefiero<br \/>\nlas sinceras, resultan exquisitas. Prox\u00e9mica<br \/>\nse debe a mi urgencia por crear, a la<\/h4>\n<h4>necesidad de compartir pensamientos y<br \/>\nexperiencias propias o ajenas,<br \/>\nmaterializ\u00e1ndolas dentro del<br \/>\ndesplazamiento de unos renglones y de los<br \/>\nl\u00edmites espec\u00edficos que se airean en una<br \/>\ndisciplina art\u00edstica expresada con sujetos,<br \/>\nverbos, predicados, puntos, comas y todos<br \/>\nlos signos de nuestra rica lengua.<br \/>\nAlej\u00e1ndome de deudas est\u00e9ticas u otros<br \/>\ncompromisos que me priven de libertad o<br \/>\nme sujeten a normas preestablecidas, a<br \/>\nveces tambi\u00e9n ladro. Prox\u00e9mica se<br \/>\ncaracteriza por la precisa descripci\u00f3n de<br \/>\nacontecimientos y sus emociones, todo<br \/>\ndesde los criterios de mi experiencia<br \/>\nactual. Esto quiere decir que quedo<br \/>\nexpuesto a contradecirme en cualquier<br \/>\nlectura que haga de este libro y de la<br \/>\nparticularizada descripci\u00f3n de sus<br \/>\nopciones, de manera que dejo lugar a la<br \/>\nnaturalidad de las interpretaciones y a la<br \/>\nparticipaci\u00f3n del lector o de los oyentes.<\/h4>\n<h4><\/h4>\n<h4>\u2014<strong>\u00bfPor qu\u00e9 la originalidad de<\/strong><br \/>\n<strong>presentar en un libro de poes\u00eda varios<\/strong><br \/>\n<strong>c\u00f3digos QR?<\/strong><\/h4>\n<h4>\u2014Prox\u00e9mica no es solo una po\u00e9tica,<br \/>\ntambi\u00e9n he incluido alg\u00fan ensayo y relatos.<br \/>\nEl ensayo responde a mi gusto por la<br \/>\nantropolog\u00eda, motivo por el que fui<br \/>\ninvitado a participar epistolarmente en una<br \/>\nexposici\u00f3n colectiva sobre la prox\u00e9mica.<br \/>\nEsto fue en el Museo de Arte<br \/>\nContempor\u00e1neo Carrillo Gil de M\u00e9xico,<br \/>\ncomisariada por <strong>Barbara Chiloiro<\/strong> y<br \/>\n<strong>Pancrazio de Padova<\/strong>. En cuanto a los<br \/>\nrelatos, basados en hechos reales, son<br \/>\nacontecimientos impresionantes que me<br \/>\nhan tocado de cerca y no siempre para<br \/>\ndarme gusto o disgusto. Otros c\u00f3digos<br \/>\ncorresponden a performances que he<br \/>\nllevado a escena y que entran dentro del<br \/>\nconcepto prox\u00e9mica para medir nuestro<br \/>\nespacio \u00edntimo: espacio casual\/personal,<\/h4>\n<h4>espacio social\/consultivo, espacio p\u00fablico y<br \/>\nlenguaje no verbal.<\/h4>\n<p><img loading=\"lazy\" decoding=\"async\" class=\"aligncenter size-full wp-image-2417\" src=\"https:\/\/tiempodetormentas.com\/wp-content\/uploads\/2025\/03\/poemaII.jpg\" alt=\"\" width=\"1152\" height=\"2048\" srcset=\"https:\/\/tiempodetormentas.com\/wp-content\/uploads\/2025\/03\/poemaII.jpg 1152w, https:\/\/tiempodetormentas.com\/wp-content\/uploads\/2025\/03\/poemaII-169x300.jpg 169w, https:\/\/tiempodetormentas.com\/wp-content\/uploads\/2025\/03\/poemaII-576x1024.jpg 576w, https:\/\/tiempodetormentas.com\/wp-content\/uploads\/2025\/03\/poemaII-768x1365.jpg 768w, https:\/\/tiempodetormentas.com\/wp-content\/uploads\/2025\/03\/poemaII-864x1536.jpg 864w, https:\/\/tiempodetormentas.com\/wp-content\/uploads\/2025\/03\/poemaII-236x420.jpg 236w, https:\/\/tiempodetormentas.com\/wp-content\/uploads\/2025\/03\/poemaII-150x267.jpg 150w, https:\/\/tiempodetormentas.com\/wp-content\/uploads\/2025\/03\/poemaII-300x533.jpg 300w, https:\/\/tiempodetormentas.com\/wp-content\/uploads\/2025\/03\/poemaII-696x1237.jpg 696w, https:\/\/tiempodetormentas.com\/wp-content\/uploads\/2025\/03\/poemaII-1068x1899.jpg 1068w\" sizes=\"auto, (max-width: 1152px) 100vw, 1152px\" \/><\/p>\n<h6><em>foto: Interiores del libro \u00abProx\u00e9mica\u00bb<\/em><\/h6>\n<h4>Tomo la palabra para ir despidi\u00e9ndome no sin antes<\/h4>\n<h4>remarcar que este libro tiene un ep\u00edlogo que corresponde a la escritora<br \/>\nmexicana y doctora en Artes Esc\u00e9nicas, <strong>Ser<\/strong><br \/>\n<strong>Brenda Mitchelle<\/strong>, que contempla la<br \/>\nprox\u00e9mica desde el lenguaje no verbal.<br \/>\n<strong>Juan Jos\u00e9 G\u00f3miz Le\u00f3n<\/strong>, doctor especialista<br \/>\nen Urolog\u00eda, cierra Prox\u00e9mica con su<br \/>\nan\u00e1lisis sobre el libro y su autor.<\/h4>\n<p><img loading=\"lazy\" decoding=\"async\" class=\"aligncenter size-full wp-image-2416\" src=\"https:\/\/tiempodetormentas.com\/wp-content\/uploads\/2025\/03\/poema.jpg\" alt=\"\" width=\"1152\" height=\"2048\" srcset=\"https:\/\/tiempodetormentas.com\/wp-content\/uploads\/2025\/03\/poema.jpg 1152w, https:\/\/tiempodetormentas.com\/wp-content\/uploads\/2025\/03\/poema-169x300.jpg 169w, https:\/\/tiempodetormentas.com\/wp-content\/uploads\/2025\/03\/poema-576x1024.jpg 576w, https:\/\/tiempodetormentas.com\/wp-content\/uploads\/2025\/03\/poema-768x1365.jpg 768w, https:\/\/tiempodetormentas.com\/wp-content\/uploads\/2025\/03\/poema-864x1536.jpg 864w, https:\/\/tiempodetormentas.com\/wp-content\/uploads\/2025\/03\/poema-236x420.jpg 236w, https:\/\/tiempodetormentas.com\/wp-content\/uploads\/2025\/03\/poema-150x267.jpg 150w, https:\/\/tiempodetormentas.com\/wp-content\/uploads\/2025\/03\/poema-300x533.jpg 300w, https:\/\/tiempodetormentas.com\/wp-content\/uploads\/2025\/03\/poema-696x1237.jpg 696w, https:\/\/tiempodetormentas.com\/wp-content\/uploads\/2025\/03\/poema-1068x1899.jpg 1068w\" sizes=\"auto, (max-width: 1152px) 100vw, 1152px\" \/><\/p>\n<h6><em>foto: Interiores del libro \u00abProx\u00e9mica\u00bb<\/em><\/h6>\n<h4 style=\"text-align: left;\">Desde luego que mi entrevistado es<br \/>\n\u00fanico, inimitable. En \u00e9l se personifican<br \/>\nalegr\u00eda, vida, inquietud, esperanza,<br \/>\ngenerosidad, sabidur\u00eda y humildad.<br \/>\nDurante la entrevista tuvo junto a sus<br \/>\npiernas a <strong>Gus<\/strong>. Los dos se miraban con<br \/>\naut\u00e9ntica adoraci\u00f3n. Este perro define un<br \/>\nantes y un despu\u00e9s en la vida de su<br \/>\ncuidador. Antes de <strong>Gus<\/strong> y entre todas las<br \/>\nm\u00faltiples acciones de este poeta est\u00e1n<br \/>\notras muchas que se ha callado como, por<br \/>\nejemplo, sus a\u00f1os dedicado a la atenci\u00f3n<br \/>\nde pacientes como especialista en Hipnosis<br \/>\nCl\u00e1sica Eriksoniana, P.N.L y otras terapias<br \/>\nhol\u00edsticas. El resto ya son voluntades y<br \/>\nconfidencias del Universo Cu\u00e1ntico, lo<br \/>\nimportante es que el poeta sigue<br \/>\nconsumiendo los latidos pautados desde<br \/>\nque fue fecundado en el mes de<br \/>\nseptiembre de 1949 en Los Corrales de<br \/>\nBuelna, Cantabria. Ram\u00f3n lleg\u00f3 con la<br \/>\nprimavera de tauro, en 1950 para ofrecernos <span style=\"color: var(--td_text_color, #111111);\">la<\/span><\/h4>\n<p><img loading=\"lazy\" decoding=\"async\" class=\"aligncenter wp-image-2403\" src=\"https:\/\/tiempodetormentas.com\/wp-content\/uploads\/2025\/03\/Pomar-1.jpg\" alt=\"\" width=\"681\" height=\"981\" srcset=\"https:\/\/tiempodetormentas.com\/wp-content\/uploads\/2025\/03\/Pomar-1.jpg 425w, https:\/\/tiempodetormentas.com\/wp-content\/uploads\/2025\/03\/Pomar-1-208x300.jpg 208w, https:\/\/tiempodetormentas.com\/wp-content\/uploads\/2025\/03\/Pomar-1-292x420.jpg 292w, https:\/\/tiempodetormentas.com\/wp-content\/uploads\/2025\/03\/Pomar-1-150x216.jpg 150w, https:\/\/tiempodetormentas.com\/wp-content\/uploads\/2025\/03\/Pomar-1-300x432.jpg 300w\" sizes=\"auto, (max-width: 681px) 100vw, 681px\" \/><\/p>\n<h6>\u00a0<em>foto: L. Ram\u00f3n Garc\u00eda del Pomar<\/em><\/h6>\n<h4 style=\"text-align: left;\"><span style=\"color: var(--td_text_color, #111111);\">prox\u00e9mica <\/span><span style=\"color: var(--td_text_color, #111111);\">de nuestras vidas <\/span>como animales humanos en estado puro.<\/h4>\n<h4>Para m\u00ed, de alguien as\u00ed es desde donde<br \/>\nmejor me llega la poes\u00eda. El poeta, aunque<br \/>\nelija derramarse desde un estado clemente<br \/>\n\u2014tambi\u00e9n puede ser indolente, histri\u00f3nico,<br \/>\nm\u00edstico o lo que sienta desde su momento<br \/>\nde sinceridad\u2014 el hecho es que tiene que<br \/>\nser reflejo de lo renovable, continuamente<br \/>\ndebe agonizar para reverdecer. Todo lo<br \/>\nque se salga de este compromiso es<br \/>\nmercader\u00eda para alcanzar retos de venta o<br \/>\nposiciones ante la banalidad de las<br \/>\napariencias que se inflan simulando post\u00edn.<br \/>\nA d\u00eda de hoy, entre los poetas que se libran<br \/>\nde mi menosprecio sit\u00fao a mi querido<br \/>\namigo y maestro <strong>Javier Lostal\u00e9<\/strong> y a mi<br \/>\nigualmente amigo Ram\u00f3n. Quedan<br \/>\npendiente otros nombres honrosos, los<br \/>\nir\u00e1n conociendo en sucesivas entrevistas.<br \/>\nHasta aqu\u00ed he tratado de sintetizar lo<br \/>\nhablado con Ram\u00f3n o Luis o Luis Ram\u00f3n,<\/h4>\n<p><img loading=\"lazy\" decoding=\"async\" class=\"aligncenter wp-image-2410\" src=\"https:\/\/tiempodetormentas.com\/wp-content\/uploads\/2025\/03\/Pomar-X.jpg\" alt=\"\" width=\"570\" height=\"471\" srcset=\"https:\/\/tiempodetormentas.com\/wp-content\/uploads\/2025\/03\/Pomar-X.jpg 425w, https:\/\/tiempodetormentas.com\/wp-content\/uploads\/2025\/03\/Pomar-X-300x248.jpg 300w, https:\/\/tiempodetormentas.com\/wp-content\/uploads\/2025\/03\/Pomar-X-150x124.jpg 150w\" sizes=\"auto, (max-width: 570px) 100vw, 570px\" \/><\/p>\n<h6>\u00a0 \u00a0 \u00a0 \u00a0 \u00a0 \u00a0<em> Foto: Gus Garc\u00eda del Pomar y L. Ram\u00f3n Garc\u00eda del Pomar<\/em><\/h6>\n<h4>en su pueblo le llaman \u2014<strong>El Chinito<\/strong>\u2014. En la<br \/>\ngrabadora de mi tel\u00e9fono dejo muchas<br \/>\npreguntas con sus respuestas, incluso<br \/>\npuede que algunas tengan m\u00e1s valor que<br \/>\nlas que les comparto. Fueron dos los<br \/>\ndesayunos que tuvimos en d\u00edas alternos y,<br \/>\nen fin, mi madre est\u00e1 malita, a m\u00ed me toca<br \/>\npreparar la cena y a ustedes les queda<br \/>\nimitarme para evidenciar todo lo<br \/>\nextraordinario que tiene Prox\u00e9mica, la<br \/>\n\u00faltima obra literaria de un excelente autor<br \/>\ncontempor\u00e1neo que fue basti\u00f3n<br \/>\nimprescindible para que La Movida<br \/>\nMadrile\u00f1a llegara a buen puerto.<\/h4>\n<h4><\/h4>\n<h4><strong>ACTO SOBRE LA PR\u00d3XEMICA DURANTE LA MOVIDA MADRILE\u00d1A<\/strong><\/h4>\n<p><strong>Fecha<\/strong>: 23 mayo 2025<\/p>\n<p><strong>Hora<\/strong>: A las 17.00h<\/p>\n<p><strong>Lugar<\/strong>: Congreso de los Diputados de Espa\u00f1a<\/p>\n<p><strong>Organizan<\/strong>:<\/p>\n<p>El Congreso de los Diputados<\/p>\n<p>y<\/p>\n<p>El Club de la Bruma<\/p>\n<h4>.<\/h4>","protected":false},"excerpt":{"rendered":"<p>&nbsp; &nbsp; Con motivo de la participaci\u00f3n de L. Ram\u00f3n Garc\u00eda del Pomar en el acto sobre \u00abLa Prox\u00e9mica en la Movida Madrile\u00f1a\u00bb, que tendr\u00e1 lugar en El Congreso de los Diputados de Espa\u00f1a a propuesta del Congreso y de El Club de la Bruma, el pr\u00f3ximo viernes 23 de mayo a las 17.00h,\u00a0 Tiempo [&hellip;]<\/p>","protected":false},"author":13,"featured_media":2412,"comment_status":"open","ping_status":"open","sticky":false,"template":"","format":"standard","meta":{"footnotes":""},"categories":[33],"tags":[],"class_list":{"0":"post-2402","1":"post","2":"type-post","3":"status-publish","4":"format-standard","5":"has-post-thumbnail","7":"category-libros"},"yoast_head":"<!-- This site is optimized with the Yoast SEO plugin v26.2 - https:\/\/yoast.com\/wordpress\/plugins\/seo\/ -->\n<title>El hombre inimitable - Tiempo de Tormentas<\/title>\n<meta name=\"robots\" content=\"index, follow, max-snippet:-1, max-image-preview:large, max-video-preview:-1\" \/>\n<link rel=\"canonical\" href=\"https:\/\/tiempodetormentas.com\/en\/cultura\/libros\/el-hombre-inimitable\/\" \/>\n<meta property=\"og:locale\" content=\"en_GB\" \/>\n<meta property=\"og:type\" content=\"article\" \/>\n<meta property=\"og:title\" content=\"El hombre inimitable - Tiempo de Tormentas\" \/>\n<meta property=\"og:description\" content=\"&nbsp; &nbsp; Con motivo de la participaci\u00f3n de L. Ram\u00f3n Garc\u00eda del Pomar en el acto sobre \u00abLa Prox\u00e9mica en la Movida Madrile\u00f1a\u00bb, que tendr\u00e1 lugar en El Congreso de los Diputados de Espa\u00f1a a propuesta del Congreso y de El Club de la Bruma, el pr\u00f3ximo viernes 23 de mayo a las 17.00h,\u00a0 Tiempo [&hellip;]\" \/>\n<meta property=\"og:url\" content=\"https:\/\/tiempodetormentas.com\/en\/cultura\/libros\/el-hombre-inimitable\/\" \/>\n<meta property=\"og:site_name\" content=\"Tiempo de Tormentas\" \/>\n<meta property=\"article:published_time\" content=\"2025-03-28T20:50:23+00:00\" \/>\n<meta property=\"article:modified_time\" content=\"2025-12-31T19:11:40+00:00\" \/>\n<meta property=\"og:image\" content=\"https:\/\/tiempodetormentas.com\/wp-content\/uploads\/2025\/03\/Neo-Pomar-III.jpg\" \/>\n\t<meta property=\"og:image:width\" content=\"1080\" \/>\n\t<meta property=\"og:image:height\" content=\"1920\" \/>\n\t<meta property=\"og:image:type\" content=\"image\/jpeg\" \/>\n<meta name=\"author\" content=\"Tiempo de Tormentas\" \/>\n<meta name=\"twitter:card\" content=\"summary_large_image\" \/>\n<meta name=\"twitter:label1\" content=\"Written by\" \/>\n\t<meta name=\"twitter:data1\" content=\"Tiempo de Tormentas\" \/>\n\t<meta name=\"twitter:label2\" content=\"Estimated reading time\" \/>\n\t<meta name=\"twitter:data2\" content=\"15 minutes\" \/>\n<script type=\"application\/ld+json\" class=\"yoast-schema-graph\">{\"@context\":\"https:\/\/schema.org\",\"@graph\":[{\"@type\":\"Article\",\"@id\":\"https:\/\/tiempodetormentas.com\/cultura\/libros\/el-hombre-inimitable\/#article\",\"isPartOf\":{\"@id\":\"https:\/\/tiempodetormentas.com\/cultura\/libros\/el-hombre-inimitable\/\"},\"author\":{\"name\":\"Tiempo de Tormentas\",\"@id\":\"https:\/\/tiempodetormentas.com\/#\/schema\/person\/9a9e95f6209f068f15d4e1c74cc3718e\"},\"headline\":\"El hombre inimitable\",\"datePublished\":\"2025-03-28T20:50:23+00:00\",\"dateModified\":\"2025-12-31T19:11:40+00:00\",\"mainEntityOfPage\":{\"@id\":\"https:\/\/tiempodetormentas.com\/cultura\/libros\/el-hombre-inimitable\/\"},\"wordCount\":2915,\"commentCount\":1,\"publisher\":{\"@id\":\"https:\/\/tiempodetormentas.com\/#organization\"},\"image\":{\"@id\":\"https:\/\/tiempodetormentas.com\/cultura\/libros\/el-hombre-inimitable\/#primaryimage\"},\"thumbnailUrl\":\"https:\/\/tiempodetormentas.com\/wp-content\/uploads\/2025\/03\/Neo-Pomar-III.jpg\",\"articleSection\":[\"Libros\"],\"inLanguage\":\"en-GB\",\"potentialAction\":[{\"@type\":\"CommentAction\",\"name\":\"Comment\",\"target\":[\"https:\/\/tiempodetormentas.com\/cultura\/libros\/el-hombre-inimitable\/#respond\"]}]},{\"@type\":\"WebPage\",\"@id\":\"https:\/\/tiempodetormentas.com\/cultura\/libros\/el-hombre-inimitable\/\",\"url\":\"https:\/\/tiempodetormentas.com\/cultura\/libros\/el-hombre-inimitable\/\",\"name\":\"El hombre inimitable - Tiempo de Tormentas\",\"isPartOf\":{\"@id\":\"https:\/\/tiempodetormentas.com\/#website\"},\"primaryImageOfPage\":{\"@id\":\"https:\/\/tiempodetormentas.com\/cultura\/libros\/el-hombre-inimitable\/#primaryimage\"},\"image\":{\"@id\":\"https:\/\/tiempodetormentas.com\/cultura\/libros\/el-hombre-inimitable\/#primaryimage\"},\"thumbnailUrl\":\"https:\/\/tiempodetormentas.com\/wp-content\/uploads\/2025\/03\/Neo-Pomar-III.jpg\",\"datePublished\":\"2025-03-28T20:50:23+00:00\",\"dateModified\":\"2025-12-31T19:11:40+00:00\",\"breadcrumb\":{\"@id\":\"https:\/\/tiempodetormentas.com\/cultura\/libros\/el-hombre-inimitable\/#breadcrumb\"},\"inLanguage\":\"en-GB\",\"potentialAction\":[{\"@type\":\"ReadAction\",\"target\":[\"https:\/\/tiempodetormentas.com\/cultura\/libros\/el-hombre-inimitable\/\"]}]},{\"@type\":\"ImageObject\",\"inLanguage\":\"en-GB\",\"@id\":\"https:\/\/tiempodetormentas.com\/cultura\/libros\/el-hombre-inimitable\/#primaryimage\",\"url\":\"https:\/\/tiempodetormentas.com\/wp-content\/uploads\/2025\/03\/Neo-Pomar-III.jpg\",\"contentUrl\":\"https:\/\/tiempodetormentas.com\/wp-content\/uploads\/2025\/03\/Neo-Pomar-III.jpg\",\"width\":1080,\"height\":1920},{\"@type\":\"BreadcrumbList\",\"@id\":\"https:\/\/tiempodetormentas.com\/cultura\/libros\/el-hombre-inimitable\/#breadcrumb\",\"itemListElement\":[{\"@type\":\"ListItem\",\"position\":1,\"name\":\"Portada\",\"item\":\"https:\/\/tiempodetormentas.com\/\"},{\"@type\":\"ListItem\",\"position\":2,\"name\":\"El hombre inimitable\"}]},{\"@type\":\"WebSite\",\"@id\":\"https:\/\/tiempodetormentas.com\/#website\",\"url\":\"https:\/\/tiempodetormentas.com\/\",\"name\":\"Tiempo de Tormentas\",\"description\":\"Edita el club de la bruma\",\"publisher\":{\"@id\":\"https:\/\/tiempodetormentas.com\/#organization\"},\"potentialAction\":[{\"@type\":\"SearchAction\",\"target\":{\"@type\":\"EntryPoint\",\"urlTemplate\":\"https:\/\/tiempodetormentas.com\/?s={search_term_string}\"},\"query-input\":{\"@type\":\"PropertyValueSpecification\",\"valueRequired\":true,\"valueName\":\"search_term_string\"}}],\"inLanguage\":\"en-GB\"},{\"@type\":\"Organization\",\"@id\":\"https:\/\/tiempodetormentas.com\/#organization\",\"name\":\"Tiempo de Tormentas\",\"url\":\"https:\/\/tiempodetormentas.com\/\",\"logo\":{\"@type\":\"ImageObject\",\"inLanguage\":\"en-GB\",\"@id\":\"https:\/\/tiempodetormentas.com\/#\/schema\/logo\/image\/\",\"url\":\"https:\/\/tiempodetormentas.com\/wp-content\/uploads\/2022\/01\/tiempo-de-tormentas.png\",\"contentUrl\":\"https:\/\/tiempodetormentas.com\/wp-content\/uploads\/2022\/01\/tiempo-de-tormentas.png\",\"width\":448,\"height\":121,\"caption\":\"Tiempo de Tormentas\"},\"image\":{\"@id\":\"https:\/\/tiempodetormentas.com\/#\/schema\/logo\/image\/\"}},{\"@type\":\"Person\",\"@id\":\"https:\/\/tiempodetormentas.com\/#\/schema\/person\/9a9e95f6209f068f15d4e1c74cc3718e\",\"name\":\"Tiempo de Tormentas\",\"image\":{\"@type\":\"ImageObject\",\"inLanguage\":\"en-GB\",\"@id\":\"https:\/\/tiempodetormentas.com\/#\/schema\/person\/image\/\",\"url\":\"https:\/\/secure.gravatar.com\/avatar\/1b3c03cb36f6ab2f16882ddfcb878f0ebda1187829a7882b31ff8c8cfc477e50?s=96&d=mm&r=g\",\"contentUrl\":\"https:\/\/secure.gravatar.com\/avatar\/1b3c03cb36f6ab2f16882ddfcb878f0ebda1187829a7882b31ff8c8cfc477e50?s=96&d=mm&r=g\",\"caption\":\"Tiempo de Tormentas\"},\"url\":\"https:\/\/tiempodetormentas.com\/en\/author\/tiempo-de-tormentas\/\"}]}<\/script>\n<!-- \/ Yoast SEO plugin. -->","yoast_head_json":{"title":"El hombre inimitable - Tiempo de Tormentas","robots":{"index":"index","follow":"follow","max-snippet":"max-snippet:-1","max-image-preview":"max-image-preview:large","max-video-preview":"max-video-preview:-1"},"canonical":"https:\/\/tiempodetormentas.com\/en\/cultura\/libros\/el-hombre-inimitable\/","og_locale":"en_GB","og_type":"article","og_title":"El hombre inimitable - Tiempo de Tormentas","og_description":"&nbsp; &nbsp; Con motivo de la participaci\u00f3n de L. Ram\u00f3n Garc\u00eda del Pomar en el acto sobre \u00abLa Prox\u00e9mica en la Movida Madrile\u00f1a\u00bb, que tendr\u00e1 lugar en El Congreso de los Diputados de Espa\u00f1a a propuesta del Congreso y de El Club de la Bruma, el pr\u00f3ximo viernes 23 de mayo a las 17.00h,\u00a0 Tiempo [&hellip;]","og_url":"https:\/\/tiempodetormentas.com\/en\/cultura\/libros\/el-hombre-inimitable\/","og_site_name":"Tiempo de Tormentas","article_published_time":"2025-03-28T20:50:23+00:00","article_modified_time":"2025-12-31T19:11:40+00:00","og_image":[{"width":1080,"height":1920,"url":"https:\/\/tiempodetormentas.com\/wp-content\/uploads\/2025\/03\/Neo-Pomar-III.jpg","type":"image\/jpeg"}],"author":"Tiempo de Tormentas","twitter_card":"summary_large_image","twitter_misc":{"Written by":"Tiempo de Tormentas","Estimated reading time":"15 minutes"},"schema":{"@context":"https:\/\/schema.org","@graph":[{"@type":"Article","@id":"https:\/\/tiempodetormentas.com\/cultura\/libros\/el-hombre-inimitable\/#article","isPartOf":{"@id":"https:\/\/tiempodetormentas.com\/cultura\/libros\/el-hombre-inimitable\/"},"author":{"name":"Tiempo de Tormentas","@id":"https:\/\/tiempodetormentas.com\/#\/schema\/person\/9a9e95f6209f068f15d4e1c74cc3718e"},"headline":"El hombre inimitable","datePublished":"2025-03-28T20:50:23+00:00","dateModified":"2025-12-31T19:11:40+00:00","mainEntityOfPage":{"@id":"https:\/\/tiempodetormentas.com\/cultura\/libros\/el-hombre-inimitable\/"},"wordCount":2915,"commentCount":1,"publisher":{"@id":"https:\/\/tiempodetormentas.com\/#organization"},"image":{"@id":"https:\/\/tiempodetormentas.com\/cultura\/libros\/el-hombre-inimitable\/#primaryimage"},"thumbnailUrl":"https:\/\/tiempodetormentas.com\/wp-content\/uploads\/2025\/03\/Neo-Pomar-III.jpg","articleSection":["Libros"],"inLanguage":"en-GB","potentialAction":[{"@type":"CommentAction","name":"Comment","target":["https:\/\/tiempodetormentas.com\/cultura\/libros\/el-hombre-inimitable\/#respond"]}]},{"@type":"WebPage","@id":"https:\/\/tiempodetormentas.com\/cultura\/libros\/el-hombre-inimitable\/","url":"https:\/\/tiempodetormentas.com\/cultura\/libros\/el-hombre-inimitable\/","name":"El hombre inimitable - Tiempo de Tormentas","isPartOf":{"@id":"https:\/\/tiempodetormentas.com\/#website"},"primaryImageOfPage":{"@id":"https:\/\/tiempodetormentas.com\/cultura\/libros\/el-hombre-inimitable\/#primaryimage"},"image":{"@id":"https:\/\/tiempodetormentas.com\/cultura\/libros\/el-hombre-inimitable\/#primaryimage"},"thumbnailUrl":"https:\/\/tiempodetormentas.com\/wp-content\/uploads\/2025\/03\/Neo-Pomar-III.jpg","datePublished":"2025-03-28T20:50:23+00:00","dateModified":"2025-12-31T19:11:40+00:00","breadcrumb":{"@id":"https:\/\/tiempodetormentas.com\/cultura\/libros\/el-hombre-inimitable\/#breadcrumb"},"inLanguage":"en-GB","potentialAction":[{"@type":"ReadAction","target":["https:\/\/tiempodetormentas.com\/cultura\/libros\/el-hombre-inimitable\/"]}]},{"@type":"ImageObject","inLanguage":"en-GB","@id":"https:\/\/tiempodetormentas.com\/cultura\/libros\/el-hombre-inimitable\/#primaryimage","url":"https:\/\/tiempodetormentas.com\/wp-content\/uploads\/2025\/03\/Neo-Pomar-III.jpg","contentUrl":"https:\/\/tiempodetormentas.com\/wp-content\/uploads\/2025\/03\/Neo-Pomar-III.jpg","width":1080,"height":1920},{"@type":"BreadcrumbList","@id":"https:\/\/tiempodetormentas.com\/cultura\/libros\/el-hombre-inimitable\/#breadcrumb","itemListElement":[{"@type":"ListItem","position":1,"name":"Portada","item":"https:\/\/tiempodetormentas.com\/"},{"@type":"ListItem","position":2,"name":"El hombre inimitable"}]},{"@type":"WebSite","@id":"https:\/\/tiempodetormentas.com\/#website","url":"https:\/\/tiempodetormentas.com\/","name":"Tiempo de Tormentas","description":"Edita el club de la bruma","publisher":{"@id":"https:\/\/tiempodetormentas.com\/#organization"},"potentialAction":[{"@type":"SearchAction","target":{"@type":"EntryPoint","urlTemplate":"https:\/\/tiempodetormentas.com\/?s={search_term_string}"},"query-input":{"@type":"PropertyValueSpecification","valueRequired":true,"valueName":"search_term_string"}}],"inLanguage":"en-GB"},{"@type":"Organization","@id":"https:\/\/tiempodetormentas.com\/#organization","name":"Tiempo de Tormentas","url":"https:\/\/tiempodetormentas.com\/","logo":{"@type":"ImageObject","inLanguage":"en-GB","@id":"https:\/\/tiempodetormentas.com\/#\/schema\/logo\/image\/","url":"https:\/\/tiempodetormentas.com\/wp-content\/uploads\/2022\/01\/tiempo-de-tormentas.png","contentUrl":"https:\/\/tiempodetormentas.com\/wp-content\/uploads\/2022\/01\/tiempo-de-tormentas.png","width":448,"height":121,"caption":"Tiempo de Tormentas"},"image":{"@id":"https:\/\/tiempodetormentas.com\/#\/schema\/logo\/image\/"}},{"@type":"Person","@id":"https:\/\/tiempodetormentas.com\/#\/schema\/person\/9a9e95f6209f068f15d4e1c74cc3718e","name":"Tiempo de Tormentas","image":{"@type":"ImageObject","inLanguage":"en-GB","@id":"https:\/\/tiempodetormentas.com\/#\/schema\/person\/image\/","url":"https:\/\/secure.gravatar.com\/avatar\/1b3c03cb36f6ab2f16882ddfcb878f0ebda1187829a7882b31ff8c8cfc477e50?s=96&d=mm&r=g","contentUrl":"https:\/\/secure.gravatar.com\/avatar\/1b3c03cb36f6ab2f16882ddfcb878f0ebda1187829a7882b31ff8c8cfc477e50?s=96&d=mm&r=g","caption":"Tiempo de Tormentas"},"url":"https:\/\/tiempodetormentas.com\/en\/author\/tiempo-de-tormentas\/"}]}},"_links":{"self":[{"href":"https:\/\/tiempodetormentas.com\/en\/wp-json\/wp\/v2\/posts\/2402","targetHints":{"allow":["GET"]}}],"collection":[{"href":"https:\/\/tiempodetormentas.com\/en\/wp-json\/wp\/v2\/posts"}],"about":[{"href":"https:\/\/tiempodetormentas.com\/en\/wp-json\/wp\/v2\/types\/post"}],"author":[{"embeddable":true,"href":"https:\/\/tiempodetormentas.com\/en\/wp-json\/wp\/v2\/users\/13"}],"replies":[{"embeddable":true,"href":"https:\/\/tiempodetormentas.com\/en\/wp-json\/wp\/v2\/comments?post=2402"}],"version-history":[{"count":17,"href":"https:\/\/tiempodetormentas.com\/en\/wp-json\/wp\/v2\/posts\/2402\/revisions"}],"predecessor-version":[{"id":2604,"href":"https:\/\/tiempodetormentas.com\/en\/wp-json\/wp\/v2\/posts\/2402\/revisions\/2604"}],"wp:featuredmedia":[{"embeddable":true,"href":"https:\/\/tiempodetormentas.com\/en\/wp-json\/wp\/v2\/media\/2412"}],"wp:attachment":[{"href":"https:\/\/tiempodetormentas.com\/en\/wp-json\/wp\/v2\/media?parent=2402"}],"wp:term":[{"taxonomy":"category","embeddable":true,"href":"https:\/\/tiempodetormentas.com\/en\/wp-json\/wp\/v2\/categories?post=2402"},{"taxonomy":"post_tag","embeddable":true,"href":"https:\/\/tiempodetormentas.com\/en\/wp-json\/wp\/v2\/tags?post=2402"}],"curies":[{"name":"wp","href":"https:\/\/api.w.org\/{rel}","templated":true}]}}