{"id":2322,"date":"2025-03-10T20:04:36","date_gmt":"2025-03-10T20:04:36","guid":{"rendered":"https:\/\/tiempodetormentas.com\/?p=2322"},"modified":"2025-03-11T21:38:00","modified_gmt":"2025-03-11T21:38:00","slug":"2322","status":"publish","type":"post","link":"https:\/\/tiempodetormentas.com\/en\/humanidad\/2322\/","title":{"rendered":"M\u00e1s de 1.000 muertos civiles en dos d\u00edas ejecutados a sangre fr\u00eda en Siria"},"content":{"rendered":"<h1>Ejecutados a sangre fr\u00eda en Siria<\/h1>\n<h1 id=\"content\" class=\"bbc-14gqcmb e1p3vdyi0\" tabindex=\"-1\">M\u00e1s de 1.000 muertos civiles en dos d\u00edas<img loading=\"lazy\" decoding=\"async\" class=\"aligncenter size-full wp-image-2331\" src=\"https:\/\/tiempodetormentas.com\/wp-content\/uploads\/2025\/03\/siria-terror.webp\" alt=\"\" width=\"1920\" height=\"1280\" srcset=\"https:\/\/tiempodetormentas.com\/wp-content\/uploads\/2025\/03\/siria-terror.webp 1920w, https:\/\/tiempodetormentas.com\/wp-content\/uploads\/2025\/03\/siria-terror-300x200.webp 300w, https:\/\/tiempodetormentas.com\/wp-content\/uploads\/2025\/03\/siria-terror-1024x683.webp 1024w, https:\/\/tiempodetormentas.com\/wp-content\/uploads\/2025\/03\/siria-terror-768x512.webp 768w, https:\/\/tiempodetormentas.com\/wp-content\/uploads\/2025\/03\/siria-terror-1536x1024.webp 1536w, https:\/\/tiempodetormentas.com\/wp-content\/uploads\/2025\/03\/siria-terror-630x420.webp 630w, https:\/\/tiempodetormentas.com\/wp-content\/uploads\/2025\/03\/siria-terror-150x100.webp 150w, https:\/\/tiempodetormentas.com\/wp-content\/uploads\/2025\/03\/siria-terror-696x464.webp 696w, https:\/\/tiempodetormentas.com\/wp-content\/uploads\/2025\/03\/siria-terror-1068x712.webp 1068w\" sizes=\"auto, (max-width: 1920px) 100vw, 1920px\" \/><\/h1>\n<p>Foto: Efe<\/p>\n<h2 class=\"bbc-14gqcmb e1p3vdyi0\" tabindex=\"-1\">Unos 745 civiles que habr\u00edan sido asesinados \u00aba sangre fr\u00eda\u00bb en unas 30 \u00abmasacres\u00bb sectarias dirigidas por las fuerzas de seguridad contra la minor\u00eda alauita este viernes y s\u00e1bado en la zona de la costa mediterr\u00e1nea del pa\u00eds.<\/h2>\n<h3 class=\"bbc-14gqcmb e1p3vdyi0\" tabindex=\"-1\">Se ha reportado que cientos de personas han huido de sus hogares en las provincias costeras de Latakia y Tart\u00fas<\/h3>\n<p>&nbsp;<\/p>\n<p><span style=\"color: #000000;\">el\u00a0<a style=\"color: #000000;\" href=\"https:\/\/www.france24.com\/es\/tag\/consejo-seguridad\/\" target=\"_self\">Consejo de Seguridad de Naciones Unidas<\/a> se re\u00fane este lunes a puerta cerrada para tratar de Siria \u00bfPor qu\u00e9 a puerta cerrada nos preguntamos en <strong>tiempodetormentas.com<\/strong> ? \u00a1Basta ya de cambalaches y reuniones para acordar planes por intereses y de espaldas a la opini\u00f3n p\u00fablica mundial!<\/span><\/p>\n<p><span style=\"color: #000000;\">El alto comisionado de Naciones Unidas para los Derechos Humanos, <a style=\"color: #000000;\" href=\"https:\/\/www.france24.com\/es\/tag\/volker-t%C3%BCrk\/\" target=\"_self\">Volker T\u00fcrk<\/a>, se\u00f1al\u00f3 que est\u00e1 recibiendo informaci\u00f3n de Siria sobre ejecuciones sumarias con trasfondo sectario\u00a0y cometidas por elementos asociados con el anterior gobierno, pero tambi\u00e9n miembros de las fuerzas de seguridad de las autoridades interinas actuales y personas no identificadas.<img loading=\"lazy\" decoding=\"async\" class=\"aligncenter size-full wp-image-2324\" src=\"https:\/\/tiempodetormentas.com\/wp-content\/uploads\/2025\/03\/volker.webp\" alt=\"\" width=\"312\" height=\"312\" srcset=\"https:\/\/tiempodetormentas.com\/wp-content\/uploads\/2025\/03\/volker.webp 312w, https:\/\/tiempodetormentas.com\/wp-content\/uploads\/2025\/03\/volker-300x300.webp 300w, https:\/\/tiempodetormentas.com\/wp-content\/uploads\/2025\/03\/volker-150x150.webp 150w\" sizes=\"auto, (max-width: 312px) 100vw, 312px\" \/><\/span><\/p>\n<p>foto: Volker T\u00fcrk<\/p>\n<p>Las declaraciones de Volker T\u00fcrk no se ajusta exactamente a lo que la\u00a0 Comunidad internacional est\u00e1 viendo horrorizada por las ejecuciones en masa de civiles, mujeres y ni\u00f1as violadas y despu\u00e9s asesinadas.<\/p>\n<p>Las gentes de las poblaciones cercanas y residentes de la zona reportan escenas de saqueos y asesinatos en masa, incluso de ni\u00f1os.<\/p>\n<p>Los residentes dicen que las calles est\u00e1n llenas de cuerpos dispersos, amontonados y cubiertos de sangre. Hombres de diferentes edades fueron asesinados a tiros all\u00ed.<\/p>\n<p>\u00abDebemos preservar la unidad nacional y la paz civil en la medida de lo posible y, si Dios quiere, podremos vivir juntos en este pa\u00eds\u00bb, dijo de forma hip\u00f3crita el l\u00edder terrorista del grupo criminal autor de los sucesos, Ahmed el Sharaa, desde una mezquita de Damasco.<\/p>\n<p>Las embajadas de los EE.UU podr\u00e1n haber escondido \u00f3 tirado los carteles en los que su administraci\u00f3n ofrec\u00eda 10 millones de d\u00f3lares por su captura hasta hace unos meses, pero no toda la opini\u00f3n p\u00fablica mundial ha bailado al son tocado por la administraci\u00f3n de Joe Biden.<\/p>\n<h2>Unos 125 miembros de las fuerzas de seguridad gubernamentales dirigidas por islamistas y 148 combatientes pro-Assad han muerto en la violencia.<\/h2>\n<h4>Seg\u00fan informadores de la agencia AP, hombres armados descritos como \u00absunitas leales al gobierno\u00bb iniciaron el viernes una campa\u00f1a de asesinatos revanchistas contra pueblos y ciudades de mayor\u00eda alauita corriente sunita del Islam.<img loading=\"lazy\" decoding=\"async\" class=\"aligncenter wp-image-2333\" src=\"https:\/\/tiempodetormentas.com\/wp-content\/uploads\/2025\/03\/las-fuerzas-de-seguridad-del-nuevo-gobierno-sirio-HGBSKYT4TJG7VPZGMP2DUWZ5TA-1.jpeg\" alt=\"\" width=\"594\" height=\"396\" srcset=\"https:\/\/tiempodetormentas.com\/wp-content\/uploads\/2025\/03\/las-fuerzas-de-seguridad-del-nuevo-gobierno-sirio-HGBSKYT4TJG7VPZGMP2DUWZ5TA-1.jpeg 420w, https:\/\/tiempodetormentas.com\/wp-content\/uploads\/2025\/03\/las-fuerzas-de-seguridad-del-nuevo-gobierno-sirio-HGBSKYT4TJG7VPZGMP2DUWZ5TA-1-300x200.jpeg 300w, https:\/\/tiempodetormentas.com\/wp-content\/uploads\/2025\/03\/las-fuerzas-de-seguridad-del-nuevo-gobierno-sirio-HGBSKYT4TJG7VPZGMP2DUWZ5TA-1-150x100.jpeg 150w\" sizes=\"auto, (max-width: 594px) 100vw, 594px\" \/><\/h4>\n<h6>\u00a0 \u00a0 \u00a0 \u00a0 \u00a0 \u00a0 \u00a0<em>Foto:Omar Sanadiki &#8211; AP<\/em><\/h6>\n<h4>Dispararon contra vecinos, en su mayor\u00eda hombres, en plena calle o en las puertas de sus casas. Muchos hogares fueron saqueados e incendiados.<\/h4>\n<h4>\u00abEn la ciudad de Baniyas, una de las m\u00e1s afectadas, los residentes relataron que los muertos quedaron en mitad de las calles, en sus casas o en los tejados de los edificios sin recoger, ya que los hombres armados se lo impidieron\u00bb, narraron a AP.<\/h4>\n<h2>Pidieron la documentaci\u00f3n a los vecinos para comprobar su secta y religi\u00f3n antes de dispararles.<\/h2>\n<h2><img loading=\"lazy\" decoding=\"async\" class=\"aligncenter size-full wp-image-2332\" src=\"https:\/\/tiempodetormentas.com\/wp-content\/uploads\/2025\/03\/detenidos.png\" alt=\"\" width=\"880\" height=\"494\" srcset=\"https:\/\/tiempodetormentas.com\/wp-content\/uploads\/2025\/03\/detenidos.png 880w, https:\/\/tiempodetormentas.com\/wp-content\/uploads\/2025\/03\/detenidos-300x168.png 300w, https:\/\/tiempodetormentas.com\/wp-content\/uploads\/2025\/03\/detenidos-768x431.png 768w, https:\/\/tiempodetormentas.com\/wp-content\/uploads\/2025\/03\/detenidos-748x420.png 748w, https:\/\/tiempodetormentas.com\/wp-content\/uploads\/2025\/03\/detenidos-150x84.png 150w, https:\/\/tiempodetormentas.com\/wp-content\/uploads\/2025\/03\/detenidos-696x391.png 696w\" sizes=\"auto, (max-width: 880px) 100vw, 880px\" \/><\/h2>\n<h6><em>Foto:Omar Sanadiki &#8211; AP<\/em><\/h6>\n<h4><\/h4>\n<h4>Dispararon indiscriminadamente contra las casas y los residentes y que al menos en un incidente del que se tuvo constancia, los atacantes pidieron la documentaci\u00f3n a los vecinos para comprobar su secta y religi\u00f3n antes de dispararles.<\/h4>\n<h4>Las nuevas fuerzas de seguridad sirias est\u00e1n compuestas en su gran mayor\u00eda por milicianos de la ahora disuelta alianza islamista Hayat Tahrir el Sham (HTS), la agrupaci\u00f3n que lider\u00f3 la ofensiva contra las fuerzas de Al Assad y que tiene sus or\u00edgenes en el Frente al Nusra, antigua filial de Al Qaeda en Siria.<\/h4>\n<h2><img loading=\"lazy\" decoding=\"async\" class=\"aligncenter size-full wp-image-2327\" src=\"https:\/\/tiempodetormentas.com\/wp-content\/uploads\/2025\/03\/baseIV.jpg\" alt=\"\" width=\"920\" height=\"613\" srcset=\"https:\/\/tiempodetormentas.com\/wp-content\/uploads\/2025\/03\/baseIV.jpg 920w, https:\/\/tiempodetormentas.com\/wp-content\/uploads\/2025\/03\/baseIV-300x200.jpg 300w, https:\/\/tiempodetormentas.com\/wp-content\/uploads\/2025\/03\/baseIV-768x512.jpg 768w, https:\/\/tiempodetormentas.com\/wp-content\/uploads\/2025\/03\/baseIV-630x420.jpg 630w, https:\/\/tiempodetormentas.com\/wp-content\/uploads\/2025\/03\/baseIV-150x100.jpg 150w, https:\/\/tiempodetormentas.com\/wp-content\/uploads\/2025\/03\/baseIV-696x464.jpg 696w\" sizes=\"auto, (max-width: 920px) 100vw, 920px\" \/><\/h2>\n<p><em>Foto: Efe<\/em><\/p>\n<h2>Grandes multitudes buscaron refugio en una base militar rusa en Hmeimim, en Latakia<img loading=\"lazy\" decoding=\"async\" class=\"aligncenter size-full wp-image-2330\" src=\"https:\/\/tiempodetormentas.com\/wp-content\/uploads\/2025\/03\/turkia-siria-muga-errefuxiatuak-efe_foto960.jpg\" alt=\"\" width=\"960\" height=\"614\" srcset=\"https:\/\/tiempodetormentas.com\/wp-content\/uploads\/2025\/03\/turkia-siria-muga-errefuxiatuak-efe_foto960.jpg 960w, https:\/\/tiempodetormentas.com\/wp-content\/uploads\/2025\/03\/turkia-siria-muga-errefuxiatuak-efe_foto960-300x192.jpg 300w, https:\/\/tiempodetormentas.com\/wp-content\/uploads\/2025\/03\/turkia-siria-muga-errefuxiatuak-efe_foto960-768x491.jpg 768w, https:\/\/tiempodetormentas.com\/wp-content\/uploads\/2025\/03\/turkia-siria-muga-errefuxiatuak-efe_foto960-657x420.jpg 657w, https:\/\/tiempodetormentas.com\/wp-content\/uploads\/2025\/03\/turkia-siria-muga-errefuxiatuak-efe_foto960-150x96.jpg 150w, https:\/\/tiempodetormentas.com\/wp-content\/uploads\/2025\/03\/turkia-siria-muga-errefuxiatuak-efe_foto960-696x445.jpg 696w\" sizes=\"auto, (max-width: 960px) 100vw, 960px\" \/><\/h2>\n<p><em>Foto: Efe<\/em><\/p>\n<p>La Comunidad alau\u00edta est\u00e1 en estado terror. Cientos de personas habr\u00edan huido de las zonas afectadas. Y grandes multitudes buscaron refugio en una base militar rusa en Hmeimim, en Latakia, seg\u00fan la agencia de noticias Reuters.<\/p>\n<p><img loading=\"lazy\" decoding=\"async\" class=\"aligncenter size-full wp-image-2329\" src=\"https:\/\/tiempodetormentas.com\/wp-content\/uploads\/2025\/03\/base-rusa-III.jpeg\" alt=\"\" width=\"1600\" height=\"900\" srcset=\"https:\/\/tiempodetormentas.com\/wp-content\/uploads\/2025\/03\/base-rusa-III.jpeg 1600w, https:\/\/tiempodetormentas.com\/wp-content\/uploads\/2025\/03\/base-rusa-III-300x169.jpeg 300w, https:\/\/tiempodetormentas.com\/wp-content\/uploads\/2025\/03\/base-rusa-III-1024x576.jpeg 1024w, https:\/\/tiempodetormentas.com\/wp-content\/uploads\/2025\/03\/base-rusa-III-768x432.jpeg 768w, https:\/\/tiempodetormentas.com\/wp-content\/uploads\/2025\/03\/base-rusa-III-1536x864.jpeg 1536w, https:\/\/tiempodetormentas.com\/wp-content\/uploads\/2025\/03\/base-rusa-III-747x420.jpeg 747w, https:\/\/tiempodetormentas.com\/wp-content\/uploads\/2025\/03\/base-rusa-III-150x84.jpeg 150w, https:\/\/tiempodetormentas.com\/wp-content\/uploads\/2025\/03\/base-rusa-III-696x392.jpeg 696w, https:\/\/tiempodetormentas.com\/wp-content\/uploads\/2025\/03\/base-rusa-III-1068x601.jpeg 1068w\" sizes=\"auto, (max-width: 1600px) 100vw, 1600px\" \/><\/p>\n<p><em>foto: Efe<\/em><\/p>\n<p>Un v\u00eddeo compartido por Reuters mostr\u00f3 a decenas de personas coreando <strong>\u00abel pueblo quiere protecci\u00f3n rusa\u00bb frente a la base.<\/strong> Y decenas de familias han huido al vecino L\u00edbano, seg\u00fan los medios de comunicaci\u00f3n locales.<img loading=\"lazy\" decoding=\"async\" class=\"aligncenter size-full wp-image-2328\" src=\"https:\/\/tiempodetormentas.com\/wp-content\/uploads\/2025\/03\/base-rusa.jpg\" alt=\"\" width=\"1200\" height=\"800\" srcset=\"https:\/\/tiempodetormentas.com\/wp-content\/uploads\/2025\/03\/base-rusa.jpg 1200w, https:\/\/tiempodetormentas.com\/wp-content\/uploads\/2025\/03\/base-rusa-300x200.jpg 300w, https:\/\/tiempodetormentas.com\/wp-content\/uploads\/2025\/03\/base-rusa-1024x683.jpg 1024w, https:\/\/tiempodetormentas.com\/wp-content\/uploads\/2025\/03\/base-rusa-768x512.jpg 768w, https:\/\/tiempodetormentas.com\/wp-content\/uploads\/2025\/03\/base-rusa-630x420.jpg 630w, https:\/\/tiempodetormentas.com\/wp-content\/uploads\/2025\/03\/base-rusa-150x100.jpg 150w, https:\/\/tiempodetormentas.com\/wp-content\/uploads\/2025\/03\/base-rusa-696x464.jpg 696w, https:\/\/tiempodetormentas.com\/wp-content\/uploads\/2025\/03\/base-rusa-1068x712.jpg 1068w\" sizes=\"auto, (max-width: 1200px) 100vw, 1200px\" \/><\/p>\n<h3>EL DIPLOM\u00c1TICO DE LA U.E PIDE QUE NO SE DESESTABILICE \u00abPARA NO PONER EN PELIGRO UNA TRANSICI\u00d3N POL\u00cdTICA CRE\u00cdBLE E INTEGRADORA\u00bb<\/h3>\n<p>&nbsp;<\/p>\n<p><img decoding=\"async\" src=\"https:\/\/encrypted-tbn2.gstatic.com\/images?q=tbn:ANd9GcT2gozcipIFjrsBM25TguHxWOdnbulJhqrOWb7h489u_iW-WSJ2eQlREbsPgNFuRlYwDkTC5MQt4u5IuuDEWZV1VQ\" alt=\"UN Special Envoy for Syria to Take Part in Astana Talks\" \/><\/p>\n<h6>Geir Pedersen, el diplom\u00e1tico noruego enviado especial de la ONU para Siria.<\/h6>\n<p>&nbsp;<\/p>\n<p>El enviado especial de la ONU para Siria, Geir Pedersen, se mostr\u00f3 \u00abprofundamente alarmado\u00bb por los \u00abpreocupantes informes sobre v\u00edctimas civiles\u00bb. Y <span style=\"font-family: Verdana, BlinkMacSystemFont, -apple-system, 'Segoe UI', Roboto, Oxygen, Ubuntu, Cantarell, 'Open Sans', 'Helvetica Neue', sans-serif;\">pidi\u00f3 a todas las partes que se abstuvieran de llevar a cabo acciones que pudieran \u00abdesestabilizar\u00bb el pa\u00eds y poner en peligro una \u00abtransici\u00f3n pol\u00edtica cre\u00edble e integradora\u00bb.<\/span><\/p>\n<p>Asombra la cara dura de Occidente, especialmente de la Uni\u00f3n Europea, cuando lo que le preocupa es estabilizar a una banda de terroristas islamistas salafistas \u00abcortacuellos\u00bb para que puedan asentarse en el gobierno de Siria. Y todo, no importa el sufrimiento de la poblaci\u00f3n local,\u00a0 por un golpe al tablero para desplazar a los rusos de su enclave estrat\u00e9gico en Siria. El cin\u00edsmo y sadismo de Europa empieza a ser alarmante. Pues hay una cosa inequivoca, si Siria era un Estado Laico la transici\u00f3n, por tanto, s\u00f3lo es explicable como un viaje en la direcci\u00f3n opuesta, la de un Estado religioso: la teocracia de Al Quaeda.<\/p>\n<p>La Liga \u00c1rabe conden\u00f3 en un comunicado los ataques contra las fuerzas de seguridad, as\u00ed como los \u00abasesinatos indiscriminados\u00bb y \u00abcualquier injerencia extranjera que pretenda agravar las condiciones internas, poner en peligro la paz civil y exacerbar los retos actuales a los que se enfrenta Siria\u00bb. Y, todo ello, a pesar de haberse alegrado de la formaci\u00f3n del nuevo gobierno y de la ca\u00edda de Bashar al Assad.<\/p>\n<p>&nbsp;<\/p>\n<div class=\"bbc-19j92fr ebmt73l0\" dir=\"ltr\">\n<p class=\"bbc-hhl7in e17g058b0\" dir=\"ltr\">\n<\/div>\n<p>&nbsp;<\/p>\n<p>&nbsp;<\/p>","protected":false},"excerpt":{"rendered":"<p>Ejecutados a sangre fr\u00eda en Siria M\u00e1s de 1.000 muertos civiles en dos d\u00edas Foto: Efe Unos 745 civiles que habr\u00edan sido asesinados \u00aba sangre fr\u00eda\u00bb en unas 30 \u00abmasacres\u00bb sectarias dirigidas por las fuerzas de seguridad contra la minor\u00eda alauita este viernes y s\u00e1bado en la zona de la costa mediterr\u00e1nea del pa\u00eds. Se [&hellip;]<\/p>","protected":false},"author":1,"featured_media":2334,"comment_status":"open","ping_status":"open","sticky":true,"template":"","format":"standard","meta":{"footnotes":""},"categories":[35,2],"tags":[],"class_list":{"0":"post-2322","1":"post","2":"type-post","3":"status-publish","4":"format-standard","5":"has-post-thumbnail","7":"category-internacional","8":"category-humanidad"},"yoast_head":"<!-- This site is optimized with the Yoast SEO plugin v26.2 - https:\/\/yoast.com\/wordpress\/plugins\/seo\/ -->\n<title>M\u00e1s de 1.000 muertos civiles en dos d\u00edas ejecutados a sangre fr\u00eda en Siria - Tiempo de Tormentas<\/title>\n<meta name=\"robots\" content=\"index, follow, max-snippet:-1, max-image-preview:large, max-video-preview:-1\" \/>\n<link rel=\"canonical\" href=\"https:\/\/tiempodetormentas.com\/en\/humanidad\/2322\/\" \/>\n<meta property=\"og:locale\" content=\"en_GB\" \/>\n<meta property=\"og:type\" content=\"article\" \/>\n<meta property=\"og:title\" content=\"M\u00e1s de 1.000 muertos civiles en dos d\u00edas ejecutados a sangre fr\u00eda en Siria - Tiempo de Tormentas\" \/>\n<meta property=\"og:description\" content=\"Ejecutados a sangre fr\u00eda en Siria M\u00e1s de 1.000 muertos civiles en dos d\u00edas Foto: Efe Unos 745 civiles que habr\u00edan sido asesinados \u00aba sangre fr\u00eda\u00bb en unas 30 \u00abmasacres\u00bb sectarias dirigidas por las fuerzas de seguridad contra la minor\u00eda alauita este viernes y s\u00e1bado en la zona de la costa mediterr\u00e1nea del pa\u00eds. Se [&hellip;]\" \/>\n<meta property=\"og:url\" content=\"https:\/\/tiempodetormentas.com\/en\/humanidad\/2322\/\" \/>\n<meta property=\"og:site_name\" content=\"Tiempo de Tormentas\" \/>\n<meta property=\"article:published_time\" content=\"2025-03-10T20:04:36+00:00\" \/>\n<meta property=\"article:modified_time\" content=\"2025-03-11T21:38:00+00:00\" \/>\n<meta property=\"og:image\" content=\"https:\/\/tiempodetormentas.com\/wp-content\/uploads\/2025\/03\/siria.jpg\" \/>\n\t<meta property=\"og:image:width\" content=\"1200\" \/>\n\t<meta property=\"og:image:height\" content=\"900\" \/>\n\t<meta property=\"og:image:type\" content=\"image\/jpeg\" \/>\n<meta name=\"author\" content=\"Ray Lorens\" \/>\n<meta name=\"twitter:card\" content=\"summary_large_image\" \/>\n<meta name=\"twitter:label1\" content=\"Written by\" \/>\n\t<meta name=\"twitter:data1\" content=\"Ray Lorens\" \/>\n\t<meta name=\"twitter:label2\" content=\"Estimated reading time\" \/>\n\t<meta name=\"twitter:data2\" content=\"7 minutes\" \/>\n<script type=\"application\/ld+json\" class=\"yoast-schema-graph\">{\"@context\":\"https:\/\/schema.org\",\"@graph\":[{\"@type\":\"Article\",\"@id\":\"https:\/\/tiempodetormentas.com\/humanidad\/2322\/#article\",\"isPartOf\":{\"@id\":\"https:\/\/tiempodetormentas.com\/humanidad\/2322\/\"},\"author\":{\"name\":\"Ray Lorens\",\"@id\":\"https:\/\/tiempodetormentas.com\/#\/schema\/person\/7e59b0ab3f525f413b127a9f2727eee7\"},\"headline\":\"M\u00e1s de 1.000 muertos civiles en dos d\u00edas ejecutados a sangre fr\u00eda en Siria\",\"datePublished\":\"2025-03-10T20:04:36+00:00\",\"dateModified\":\"2025-03-11T21:38:00+00:00\",\"mainEntityOfPage\":{\"@id\":\"https:\/\/tiempodetormentas.com\/humanidad\/2322\/\"},\"wordCount\":1023,\"commentCount\":3,\"publisher\":{\"@id\":\"https:\/\/tiempodetormentas.com\/#organization\"},\"image\":{\"@id\":\"https:\/\/tiempodetormentas.com\/humanidad\/2322\/#primaryimage\"},\"thumbnailUrl\":\"https:\/\/tiempodetormentas.com\/wp-content\/uploads\/2025\/03\/siria.jpg\",\"articleSection\":[\"Internacional\",\"La Humanidad\"],\"inLanguage\":\"en-GB\",\"potentialAction\":[{\"@type\":\"CommentAction\",\"name\":\"Comment\",\"target\":[\"https:\/\/tiempodetormentas.com\/humanidad\/2322\/#respond\"]}]},{\"@type\":\"WebPage\",\"@id\":\"https:\/\/tiempodetormentas.com\/humanidad\/2322\/\",\"url\":\"https:\/\/tiempodetormentas.com\/humanidad\/2322\/\",\"name\":\"M\u00e1s de 1.000 muertos civiles en dos d\u00edas ejecutados a sangre fr\u00eda en Siria - Tiempo de Tormentas\",\"isPartOf\":{\"@id\":\"https:\/\/tiempodetormentas.com\/#website\"},\"primaryImageOfPage\":{\"@id\":\"https:\/\/tiempodetormentas.com\/humanidad\/2322\/#primaryimage\"},\"image\":{\"@id\":\"https:\/\/tiempodetormentas.com\/humanidad\/2322\/#primaryimage\"},\"thumbnailUrl\":\"https:\/\/tiempodetormentas.com\/wp-content\/uploads\/2025\/03\/siria.jpg\",\"datePublished\":\"2025-03-10T20:04:36+00:00\",\"dateModified\":\"2025-03-11T21:38:00+00:00\",\"breadcrumb\":{\"@id\":\"https:\/\/tiempodetormentas.com\/humanidad\/2322\/#breadcrumb\"},\"inLanguage\":\"en-GB\",\"potentialAction\":[{\"@type\":\"ReadAction\",\"target\":[\"https:\/\/tiempodetormentas.com\/humanidad\/2322\/\"]}]},{\"@type\":\"ImageObject\",\"inLanguage\":\"en-GB\",\"@id\":\"https:\/\/tiempodetormentas.com\/humanidad\/2322\/#primaryimage\",\"url\":\"https:\/\/tiempodetormentas.com\/wp-content\/uploads\/2025\/03\/siria.jpg\",\"contentUrl\":\"https:\/\/tiempodetormentas.com\/wp-content\/uploads\/2025\/03\/siria.jpg\",\"width\":1200,\"height\":900},{\"@type\":\"BreadcrumbList\",\"@id\":\"https:\/\/tiempodetormentas.com\/humanidad\/2322\/#breadcrumb\",\"itemListElement\":[{\"@type\":\"ListItem\",\"position\":1,\"name\":\"Portada\",\"item\":\"https:\/\/tiempodetormentas.com\/\"},{\"@type\":\"ListItem\",\"position\":2,\"name\":\"M\u00e1s de 1.000 muertos civiles en dos d\u00edas ejecutados a sangre fr\u00eda en Siria\"}]},{\"@type\":\"WebSite\",\"@id\":\"https:\/\/tiempodetormentas.com\/#website\",\"url\":\"https:\/\/tiempodetormentas.com\/\",\"name\":\"Tiempo de Tormentas\",\"description\":\"Edita el club de la bruma\",\"publisher\":{\"@id\":\"https:\/\/tiempodetormentas.com\/#organization\"},\"potentialAction\":[{\"@type\":\"SearchAction\",\"target\":{\"@type\":\"EntryPoint\",\"urlTemplate\":\"https:\/\/tiempodetormentas.com\/?s={search_term_string}\"},\"query-input\":{\"@type\":\"PropertyValueSpecification\",\"valueRequired\":true,\"valueName\":\"search_term_string\"}}],\"inLanguage\":\"en-GB\"},{\"@type\":\"Organization\",\"@id\":\"https:\/\/tiempodetormentas.com\/#organization\",\"name\":\"Tiempo de Tormentas\",\"url\":\"https:\/\/tiempodetormentas.com\/\",\"logo\":{\"@type\":\"ImageObject\",\"inLanguage\":\"en-GB\",\"@id\":\"https:\/\/tiempodetormentas.com\/#\/schema\/logo\/image\/\",\"url\":\"https:\/\/tiempodetormentas.com\/wp-content\/uploads\/2022\/01\/tiempo-de-tormentas.png\",\"contentUrl\":\"https:\/\/tiempodetormentas.com\/wp-content\/uploads\/2022\/01\/tiempo-de-tormentas.png\",\"width\":448,\"height\":121,\"caption\":\"Tiempo de Tormentas\"},\"image\":{\"@id\":\"https:\/\/tiempodetormentas.com\/#\/schema\/logo\/image\/\"}},{\"@type\":\"Person\",\"@id\":\"https:\/\/tiempodetormentas.com\/#\/schema\/person\/7e59b0ab3f525f413b127a9f2727eee7\",\"name\":\"Ray Lorens\",\"image\":{\"@type\":\"ImageObject\",\"inLanguage\":\"en-GB\",\"@id\":\"https:\/\/tiempodetormentas.com\/#\/schema\/person\/image\/\",\"url\":\"https:\/\/secure.gravatar.com\/avatar\/455622daf1ca0bf2f3b43adae4fc14ec90d08bdcfdbfc9c5f24527bb1d711a5a?s=96&d=mm&r=g\",\"contentUrl\":\"https:\/\/secure.gravatar.com\/avatar\/455622daf1ca0bf2f3b43adae4fc14ec90d08bdcfdbfc9c5f24527bb1d711a5a?s=96&d=mm&r=g\",\"caption\":\"Ray Lorens\"},\"description\":\"cineasta, escritor, periodista\",\"sameAs\":[\"https:\/\/tiempodetormentas.com\"],\"url\":\"https:\/\/tiempodetormentas.com\/en\/author\/ray\/\"}]}<\/script>\n<!-- \/ Yoast SEO plugin. -->","yoast_head_json":{"title":"M\u00e1s de 1.000 muertos civiles en dos d\u00edas ejecutados a sangre fr\u00eda en Siria - Tiempo de Tormentas","robots":{"index":"index","follow":"follow","max-snippet":"max-snippet:-1","max-image-preview":"max-image-preview:large","max-video-preview":"max-video-preview:-1"},"canonical":"https:\/\/tiempodetormentas.com\/en\/humanidad\/2322\/","og_locale":"en_GB","og_type":"article","og_title":"M\u00e1s de 1.000 muertos civiles en dos d\u00edas ejecutados a sangre fr\u00eda en Siria - Tiempo de Tormentas","og_description":"Ejecutados a sangre fr\u00eda en Siria M\u00e1s de 1.000 muertos civiles en dos d\u00edas Foto: Efe Unos 745 civiles que habr\u00edan sido asesinados \u00aba sangre fr\u00eda\u00bb en unas 30 \u00abmasacres\u00bb sectarias dirigidas por las fuerzas de seguridad contra la minor\u00eda alauita este viernes y s\u00e1bado en la zona de la costa mediterr\u00e1nea del pa\u00eds. Se [&hellip;]","og_url":"https:\/\/tiempodetormentas.com\/en\/humanidad\/2322\/","og_site_name":"Tiempo de Tormentas","article_published_time":"2025-03-10T20:04:36+00:00","article_modified_time":"2025-03-11T21:38:00+00:00","og_image":[{"width":1200,"height":900,"url":"https:\/\/tiempodetormentas.com\/wp-content\/uploads\/2025\/03\/siria.jpg","type":"image\/jpeg"}],"author":"Ray Lorens","twitter_card":"summary_large_image","twitter_misc":{"Written by":"Ray Lorens","Estimated reading time":"7 minutes"},"schema":{"@context":"https:\/\/schema.org","@graph":[{"@type":"Article","@id":"https:\/\/tiempodetormentas.com\/humanidad\/2322\/#article","isPartOf":{"@id":"https:\/\/tiempodetormentas.com\/humanidad\/2322\/"},"author":{"name":"Ray Lorens","@id":"https:\/\/tiempodetormentas.com\/#\/schema\/person\/7e59b0ab3f525f413b127a9f2727eee7"},"headline":"M\u00e1s de 1.000 muertos civiles en dos d\u00edas ejecutados a sangre fr\u00eda en Siria","datePublished":"2025-03-10T20:04:36+00:00","dateModified":"2025-03-11T21:38:00+00:00","mainEntityOfPage":{"@id":"https:\/\/tiempodetormentas.com\/humanidad\/2322\/"},"wordCount":1023,"commentCount":3,"publisher":{"@id":"https:\/\/tiempodetormentas.com\/#organization"},"image":{"@id":"https:\/\/tiempodetormentas.com\/humanidad\/2322\/#primaryimage"},"thumbnailUrl":"https:\/\/tiempodetormentas.com\/wp-content\/uploads\/2025\/03\/siria.jpg","articleSection":["Internacional","La Humanidad"],"inLanguage":"en-GB","potentialAction":[{"@type":"CommentAction","name":"Comment","target":["https:\/\/tiempodetormentas.com\/humanidad\/2322\/#respond"]}]},{"@type":"WebPage","@id":"https:\/\/tiempodetormentas.com\/humanidad\/2322\/","url":"https:\/\/tiempodetormentas.com\/humanidad\/2322\/","name":"M\u00e1s de 1.000 muertos civiles en dos d\u00edas ejecutados a sangre fr\u00eda en Siria - Tiempo de Tormentas","isPartOf":{"@id":"https:\/\/tiempodetormentas.com\/#website"},"primaryImageOfPage":{"@id":"https:\/\/tiempodetormentas.com\/humanidad\/2322\/#primaryimage"},"image":{"@id":"https:\/\/tiempodetormentas.com\/humanidad\/2322\/#primaryimage"},"thumbnailUrl":"https:\/\/tiempodetormentas.com\/wp-content\/uploads\/2025\/03\/siria.jpg","datePublished":"2025-03-10T20:04:36+00:00","dateModified":"2025-03-11T21:38:00+00:00","breadcrumb":{"@id":"https:\/\/tiempodetormentas.com\/humanidad\/2322\/#breadcrumb"},"inLanguage":"en-GB","potentialAction":[{"@type":"ReadAction","target":["https:\/\/tiempodetormentas.com\/humanidad\/2322\/"]}]},{"@type":"ImageObject","inLanguage":"en-GB","@id":"https:\/\/tiempodetormentas.com\/humanidad\/2322\/#primaryimage","url":"https:\/\/tiempodetormentas.com\/wp-content\/uploads\/2025\/03\/siria.jpg","contentUrl":"https:\/\/tiempodetormentas.com\/wp-content\/uploads\/2025\/03\/siria.jpg","width":1200,"height":900},{"@type":"BreadcrumbList","@id":"https:\/\/tiempodetormentas.com\/humanidad\/2322\/#breadcrumb","itemListElement":[{"@type":"ListItem","position":1,"name":"Portada","item":"https:\/\/tiempodetormentas.com\/"},{"@type":"ListItem","position":2,"name":"M\u00e1s de 1.000 muertos civiles en dos d\u00edas ejecutados a sangre fr\u00eda en Siria"}]},{"@type":"WebSite","@id":"https:\/\/tiempodetormentas.com\/#website","url":"https:\/\/tiempodetormentas.com\/","name":"Tiempo de Tormentas","description":"Edita el club de la bruma","publisher":{"@id":"https:\/\/tiempodetormentas.com\/#organization"},"potentialAction":[{"@type":"SearchAction","target":{"@type":"EntryPoint","urlTemplate":"https:\/\/tiempodetormentas.com\/?s={search_term_string}"},"query-input":{"@type":"PropertyValueSpecification","valueRequired":true,"valueName":"search_term_string"}}],"inLanguage":"en-GB"},{"@type":"Organization","@id":"https:\/\/tiempodetormentas.com\/#organization","name":"Tiempo de Tormentas","url":"https:\/\/tiempodetormentas.com\/","logo":{"@type":"ImageObject","inLanguage":"en-GB","@id":"https:\/\/tiempodetormentas.com\/#\/schema\/logo\/image\/","url":"https:\/\/tiempodetormentas.com\/wp-content\/uploads\/2022\/01\/tiempo-de-tormentas.png","contentUrl":"https:\/\/tiempodetormentas.com\/wp-content\/uploads\/2022\/01\/tiempo-de-tormentas.png","width":448,"height":121,"caption":"Tiempo de Tormentas"},"image":{"@id":"https:\/\/tiempodetormentas.com\/#\/schema\/logo\/image\/"}},{"@type":"Person","@id":"https:\/\/tiempodetormentas.com\/#\/schema\/person\/7e59b0ab3f525f413b127a9f2727eee7","name":"Ray Lorens","image":{"@type":"ImageObject","inLanguage":"en-GB","@id":"https:\/\/tiempodetormentas.com\/#\/schema\/person\/image\/","url":"https:\/\/secure.gravatar.com\/avatar\/455622daf1ca0bf2f3b43adae4fc14ec90d08bdcfdbfc9c5f24527bb1d711a5a?s=96&d=mm&r=g","contentUrl":"https:\/\/secure.gravatar.com\/avatar\/455622daf1ca0bf2f3b43adae4fc14ec90d08bdcfdbfc9c5f24527bb1d711a5a?s=96&d=mm&r=g","caption":"Ray Lorens"},"description":"cineasta, escritor, periodista","sameAs":["https:\/\/tiempodetormentas.com"],"url":"https:\/\/tiempodetormentas.com\/en\/author\/ray\/"}]}},"_links":{"self":[{"href":"https:\/\/tiempodetormentas.com\/en\/wp-json\/wp\/v2\/posts\/2322","targetHints":{"allow":["GET"]}}],"collection":[{"href":"https:\/\/tiempodetormentas.com\/en\/wp-json\/wp\/v2\/posts"}],"about":[{"href":"https:\/\/tiempodetormentas.com\/en\/wp-json\/wp\/v2\/types\/post"}],"author":[{"embeddable":true,"href":"https:\/\/tiempodetormentas.com\/en\/wp-json\/wp\/v2\/users\/1"}],"replies":[{"embeddable":true,"href":"https:\/\/tiempodetormentas.com\/en\/wp-json\/wp\/v2\/comments?post=2322"}],"version-history":[{"count":4,"href":"https:\/\/tiempodetormentas.com\/en\/wp-json\/wp\/v2\/posts\/2322\/revisions"}],"predecessor-version":[{"id":2342,"href":"https:\/\/tiempodetormentas.com\/en\/wp-json\/wp\/v2\/posts\/2322\/revisions\/2342"}],"wp:featuredmedia":[{"embeddable":true,"href":"https:\/\/tiempodetormentas.com\/en\/wp-json\/wp\/v2\/media\/2334"}],"wp:attachment":[{"href":"https:\/\/tiempodetormentas.com\/en\/wp-json\/wp\/v2\/media?parent=2322"}],"wp:term":[{"taxonomy":"category","embeddable":true,"href":"https:\/\/tiempodetormentas.com\/en\/wp-json\/wp\/v2\/categories?post=2322"},{"taxonomy":"post_tag","embeddable":true,"href":"https:\/\/tiempodetormentas.com\/en\/wp-json\/wp\/v2\/tags?post=2322"}],"curies":[{"name":"wp","href":"https:\/\/api.w.org\/{rel}","templated":true}]}}