{"id":23,"date":"2022-01-26T13:19:10","date_gmt":"2022-01-26T13:19:10","guid":{"rendered":"https:\/\/tiempodetormentas.com\/?p=23"},"modified":"2023-12-13T22:16:18","modified_gmt":"2023-12-13T22:16:18","slug":"la-esclavitud-en-el-mundo-en-datos-y-graficos","status":"publish","type":"post","link":"https:\/\/tiempodetormentas.com\/en\/humanidad\/internacional\/la-esclavitud-en-el-mundo-en-datos-y-graficos\/","title":{"rendered":"La esclavitud en el mundo, en datos y gr\u00e1ficos"},"content":{"rendered":"<p>En pa\u00edses como Corea del Norte o Eritrea, la esclavitud moderna sigue afectando a casi 100 personas de cada mil. Sin embargo,\u00a0<strong>los pa\u00edses m\u00e1s vulnerables del mundo son la Rep\u00fablica Centraofricana, Sud\u00e1n del Sur y Afganist\u00e1n<\/strong>. Uno de los mayores motivos son, seg\u00fan la ONG australiana Walk Free, los efectos de los conflictos. Con motivo del D\u00eda Internacional del Recuerdo de la Trata de Esclavos y de su Abolici\u00f3n, recogemos estos y otros datos.<\/p>\n<p><a href=\"https:\/\/www.europapress.es\/epsocial\/derechos-humanos\/noticia-esclavitud-no-desaparecido-45-millones-personas-son-victimas-trata-coacciones-trabajo-forzoso-20180823121908.html\">En la actualidad hay m\u00e1s de 40 millones de personas v\u00edctimas de la llamada &#8216;esclavitud moderna&#8217;<\/a>, seg\u00fan la Organizaci\u00f3n Internacional de Trabajo (OIT) y la ONG australiana Walk Free, responsable esta \u00faltima del &#8216;\u00cdndice de esclavitud moderna&#8217;, con datos de 2016.<\/p>\n<p>La ONG describe la esclavitud moderna como un \u00abparaguas\u00bb que engloba los\u00a0<strong>trabajos forzados<\/strong>, el\u00a0<strong>tr\u00e1fico de personas<\/strong>\u00a0y la\u00a0<strong>esclavitud en su sentido m\u00e1s estricto<\/strong>. Algunas pr\u00e1cticas actuales forman parte de algunos de estos problemas, como el matrimonio forzado, que seg\u00fan Walk Free da como resultado el trabajo forzado.<\/p>\n<h1>\u00bfD\u00f3nde est\u00e1 la esclavitud hoy d\u00eda?<\/h1>\n<p>Las nuevas formas de esclavitud, seg\u00fan Naciones Unidas, responden a\u00a0<strong>situaciones en las que una persona, mediante amenazas, violencia, coacci\u00f3n, abuso de poder o enga\u00f1o<\/strong>, le quita a otra la libertad para controlar su cuerpo o para elegir o rechazar un determinado trabajo. El resultado es que la v\u00edctima no puede negarse o abandonar la situaci\u00f3n.<\/p>\n<p>Seg\u00fan Walk Free,\u00a0<strong>los pa\u00edses donde hay m\u00e1s v\u00edctimas son Corea del Norte, Eritrea y Burundi.<\/strong><\/p>\n<p>La organizaci\u00f3n mide la vulnerabilidad de un pa\u00eds a la esclavitud a trav\u00e9s de cinco factores principales:\u00a0<strong>cuestiones de gobernabilidad, carencia de necesidades b\u00e1sicas, desigualdad, grupos privados de derechos y efectos de conflictos<\/strong>. Cada cual tiene su propio \u00edndice, del 1 al 100; y el promedio de todos los factores da lugar a un \u00edndice que, seg\u00fan los \u00faltimos datos, ponen a la Rep\u00fablica Centroafricana, Sud\u00e1n del Sur y Afganist\u00e1n como los tres pa\u00edses del mundo m\u00e1s vulnerables a la esclavitud.<\/p>\n<p><img loading=\"lazy\" decoding=\"async\" class=\"aligncenter wp-image-25 size-full\" src=\"https:\/\/tiempodetormentas.com\/wp-content\/uploads\/2022\/01\/exclavitud-actual.jpg\" alt=\"\" width=\"1299\" height=\"873\" srcset=\"https:\/\/tiempodetormentas.com\/wp-content\/uploads\/2022\/01\/exclavitud-actual.jpg 1299w, https:\/\/tiempodetormentas.com\/wp-content\/uploads\/2022\/01\/exclavitud-actual-300x202.jpg 300w, https:\/\/tiempodetormentas.com\/wp-content\/uploads\/2022\/01\/exclavitud-actual-1024x688.jpg 1024w, https:\/\/tiempodetormentas.com\/wp-content\/uploads\/2022\/01\/exclavitud-actual-768x516.jpg 768w\" sizes=\"auto, (max-width: 1299px) 100vw, 1299px\" \/><\/p>\n<h1>Breve retrospectiva<\/h1>\n<p><strong>\u00c1frica ha sido una de las regiones del mundo m\u00e1s castigadas por la esclavitud<\/strong>. Seg\u00fan recoge la UNESCO,\u00a0<strong>a mediados del siglo XIX hubiera doblado su poblaci\u00f3n de no haber existido la esclavitud<\/strong>.<\/p>\n<p><img loading=\"lazy\" decoding=\"async\" class=\"aligncenter wp-image-27 size-full\" src=\"https:\/\/tiempodetormentas.com\/wp-content\/uploads\/2022\/01\/exclavitud-moderna.jpg\" alt=\"\" width=\"1219\" height=\"547\" srcset=\"https:\/\/tiempodetormentas.com\/wp-content\/uploads\/2022\/01\/exclavitud-moderna.jpg 1219w, https:\/\/tiempodetormentas.com\/wp-content\/uploads\/2022\/01\/exclavitud-moderna-300x135.jpg 300w, https:\/\/tiempodetormentas.com\/wp-content\/uploads\/2022\/01\/exclavitud-moderna-1024x459.jpg 1024w, https:\/\/tiempodetormentas.com\/wp-content\/uploads\/2022\/01\/exclavitud-moderna-768x345.jpg 768w\" sizes=\"auto, (max-width: 1219px) 100vw, 1219px\" \/><\/p>\n<p>Hasta el siglo XIX existieron dos rutas de comercio de esclavos principales: la\u00a0<strong>ruta Transatl\u00e1ntica<\/strong>, que sal\u00eda de los puertos del Golfo de Guinea en direcci\u00f3n a Europa y Am\u00e9rica; y la\u00a0<strong>ruta Transahariana<\/strong>, procedente del norte y el este de \u00c1frica y Europa en direcci\u00f3n a Asia Central y Oriental.<\/p>\n<p><strong>Una pr\u00e1ctica del pasado fue la importaci\u00f3n de esclavos desde \u00c1frica en Am\u00e9rica<\/strong>. De los llegados a la costa oriental de Am\u00e9rica\u00a0<strong>los principales destinos fueron el Caribe (40%), Brasil (40%), el Cono Sur (10%) y Estados Unidos (10%)<\/strong>.<\/p>\n<p>La UNESCO recoge que\u00a0<strong>los primeros abolicionistas fueron los propios esclavos<\/strong>, que emplearon rebeliones y suicidios como forma de resistencia. El ecosistema colonial americano se vio, como consecuencia de ello, turbado por las revueltas a partir del siglo XVIII.<\/p>\n<p>La Organizaci\u00f3n se\u00f1ala\u00a0<strong>el inicio de la destrucci\u00f3n del sistema de la esclavitud en la colonia de Santo Domingo (Hait\u00ed)<\/strong>\u00a0en 1791 que llev\u00f3 a su abolici\u00f3n dos a\u00f1os despu\u00e9s. A lo largo del siglo XIX las prohibiciones llegaron a pa\u00edses como Dinamarca (1803), Pa\u00edses Bajos (1814), Chile (1823) o Reino Unido (1807) y sus colonias (entre 1833 y 1838).<\/p>\n<p>Estos acontecimientos se encuentran\u00a0<strong>vinculados al fin de las grandes rutas en el siglo XIX<\/strong>. Sin embargo, el Alto Comisionado de las Naciones Unidas,\u00a0<a href=\"https:\/\/www.europapress.es\/internacional\/noticia-articulo-declaracion-derechos-humanos-ser-libre-esclavitud-20181122172754.html\">con motivo del 70 aniversario de la Declaraci\u00f3n Universal de Derechos Humanos<\/a>, se\u00f1al\u00f3 que a quien pensara que la esclavitud desapareci\u00f3 con el fin del comercio trasatl\u00e1ntico de esclavos, se sorprender\u00eda con ciertas situaciones actuales.<\/p>\n<p>Entre ellas, destac\u00f3 la\u00a0<strong>situaci\u00f3n de los pescadores que suministran productos del mar a los principales supermercados del mundo<\/strong>, el destino de las mujeres en el llamado\u00a0<strong>Estado Isl\u00e1mico<\/strong>\u00a0o de las mujeres migrantes en los\u00a0<strong>burdeles de Europa<\/strong>\u00a0y en otros lugares. \u00abO la realidad actual en\u00a0<strong>Mauritania<\/strong>, el \u00faltimo pa\u00eds del mundo en prohibir oficialmente la esclavitud\u00bb, a\u00f1adi\u00f3.<\/p>\n<p><strong>\u00bfPor qu\u00e9 los pa\u00edses son vulnerables a la esclavitud?<\/strong><\/p>\n<p>De los indicadores analizados por Walk Free, los conflictos armados son la principal causa detr\u00e1s de la alta vulnerabilidad a la esclavitud de pa\u00edses como Siria, Afganist\u00e1n, Rep\u00fablica Democr\u00e1tica del Congo y Sud\u00e1n del Sur. Las cuestiones de gobernabilidad son el principal factor en la Rep\u00fablica Centroafricana y el segundo en el resto de los pa\u00edses principales.<\/p>\n<p>Por otro lado, la organizaci\u00f3n se\u00f1ala\u00a0<strong>el papel de los gobiernos en la implementaci\u00f3n de leyes, pol\u00edticas y programas para prevenir la esclavitud moderna<\/strong>. Los datos de Walk Free tambi\u00e9n incluyen una evaluaci\u00f3n de las acciones que los gobiernos est\u00e1n tomando para responder a la esclavitud moderna.<\/p>\n<p>En su \u00faltimo informe en el que<strong>\u00a0eval\u00faa la acci\u00f3n global contra la esclavitud<\/strong>, indica que existe una relaci\u00f3n entre la paridad del poder adquisitivo (PPA) y la respuesta de los gobiernos a la esclavitud. El PPA es un indicador que hace referencia al coste por habitante de cada pa\u00eds para acceder a los mismos bienes y servicios. Es la suma de los bienes y servicios producidos en un pa\u00eds divididos por su poblaci\u00f3n a mediados del mismo a\u00f1o.<\/p>\n<p>Al relacionar estas dos variables se observa que muchos pa\u00edses con una acci\u00f3n robusta contra la esclavitud son tambi\u00e9n aquellos que tienen las econom\u00edas m\u00e1s fuertes. Son los casos de Estados Unidos, los Pa\u00edses Bajos o Suiza. Walk Free destaca, no obstante, la capacidad de otros pa\u00edses \u00abcon menos recursos\u00bb como\u00a0<strong>Georgia, Nigeria, Ucrania, Etiop\u00eda, Moldavia o Mozambique<\/strong><\/p>\n<p>&nbsp;<\/p>\n<p>DOCUMENTAL: \u201cLAS MANOS INVISIBLES\u201d<\/p>\n<p><a href=\"https:\/\/www.youtube.com\/watch?v=fxf7ikC4v2Y\">https:\/\/www.youtube.com\/watch?v=fxf7ikC4v2Y<\/a><\/p>\n<p>&nbsp;<\/p>","protected":false},"excerpt":{"rendered":"<p>Las nuevas formas de esclavitud, seg\u00fan Naciones Unidas, responden a\u00a0situaciones en las que una persona, mediante amenazas, violencia, coacci\u00f3n, abuso de poder o enga\u00f1o, le quita a otra la libertad para controlar su cuerpo o para elegir o rechazar un determinado trabajo. El resultado es que la v\u00edctima no puede negarse o abandonar la situaci\u00f3n.<\/p>","protected":false},"author":1,"featured_media":24,"comment_status":"open","ping_status":"open","sticky":false,"template":"","format":"standard","meta":{"footnotes":""},"categories":[35,2],"tags":[],"class_list":{"0":"post-23","1":"post","2":"type-post","3":"status-publish","4":"format-standard","5":"has-post-thumbnail","7":"category-internacional","8":"category-humanidad"},"yoast_head":"<!-- This site is optimized with the Yoast SEO plugin v26.2 - https:\/\/yoast.com\/wordpress\/plugins\/seo\/ -->\n<title>La esclavitud en el mundo, en datos y gr\u00e1ficos - Tiempo de Tormentas<\/title>\n<meta name=\"robots\" content=\"index, follow, max-snippet:-1, max-image-preview:large, max-video-preview:-1\" \/>\n<link rel=\"canonical\" href=\"https:\/\/tiempodetormentas.com\/en\/humanidad\/internacional\/la-esclavitud-en-el-mundo-en-datos-y-graficos\/\" \/>\n<meta property=\"og:locale\" content=\"en_GB\" \/>\n<meta property=\"og:type\" content=\"article\" \/>\n<meta property=\"og:title\" content=\"La esclavitud en el mundo, en datos y gr\u00e1ficos - Tiempo de Tormentas\" \/>\n<meta property=\"og:description\" content=\"Las nuevas formas de esclavitud, seg\u00fan Naciones Unidas, responden a\u00a0situaciones en las que una persona, mediante amenazas, violencia, coacci\u00f3n, abuso de poder o enga\u00f1o, le quita a otra la libertad para controlar su cuerpo o para elegir o rechazar un determinado trabajo. El resultado es que la v\u00edctima no puede negarse o abandonar la situaci\u00f3n.\" \/>\n<meta property=\"og:url\" content=\"https:\/\/tiempodetormentas.com\/en\/humanidad\/internacional\/la-esclavitud-en-el-mundo-en-datos-y-graficos\/\" \/>\n<meta property=\"og:site_name\" content=\"Tiempo de Tormentas\" \/>\n<meta property=\"article:published_time\" content=\"2022-01-26T13:19:10+00:00\" \/>\n<meta property=\"article:modified_time\" content=\"2023-12-13T22:16:18+00:00\" \/>\n<meta property=\"og:image\" content=\"https:\/\/tiempodetormentas.com\/wp-content\/uploads\/2022\/01\/exclavitud.jpg\" \/>\n\t<meta property=\"og:image:width\" content=\"1299\" \/>\n\t<meta property=\"og:image:height\" content=\"801\" \/>\n\t<meta property=\"og:image:type\" content=\"image\/jpeg\" \/>\n<meta name=\"author\" content=\"Ray Lorens\" \/>\n<meta name=\"twitter:card\" content=\"summary_large_image\" \/>\n<meta name=\"twitter:label1\" content=\"Written by\" \/>\n\t<meta name=\"twitter:data1\" content=\"Ray Lorens\" \/>\n\t<meta name=\"twitter:label2\" content=\"Estimated reading time\" \/>\n\t<meta name=\"twitter:data2\" content=\"5 minutes\" \/>\n<script type=\"application\/ld+json\" class=\"yoast-schema-graph\">{\"@context\":\"https:\/\/schema.org\",\"@graph\":[{\"@type\":\"Article\",\"@id\":\"https:\/\/tiempodetormentas.com\/humanidad\/internacional\/la-esclavitud-en-el-mundo-en-datos-y-graficos\/#article\",\"isPartOf\":{\"@id\":\"https:\/\/tiempodetormentas.com\/humanidad\/internacional\/la-esclavitud-en-el-mundo-en-datos-y-graficos\/\"},\"author\":{\"name\":\"Ray Lorens\",\"@id\":\"https:\/\/tiempodetormentas.com\/#\/schema\/person\/7e59b0ab3f525f413b127a9f2727eee7\"},\"headline\":\"La esclavitud en el mundo, en datos y gr\u00e1ficos\",\"datePublished\":\"2022-01-26T13:19:10+00:00\",\"dateModified\":\"2023-12-13T22:16:18+00:00\",\"mainEntityOfPage\":{\"@id\":\"https:\/\/tiempodetormentas.com\/humanidad\/internacional\/la-esclavitud-en-el-mundo-en-datos-y-graficos\/\"},\"wordCount\":1025,\"commentCount\":4,\"publisher\":{\"@id\":\"https:\/\/tiempodetormentas.com\/#organization\"},\"image\":{\"@id\":\"https:\/\/tiempodetormentas.com\/humanidad\/internacional\/la-esclavitud-en-el-mundo-en-datos-y-graficos\/#primaryimage\"},\"thumbnailUrl\":\"https:\/\/tiempodetormentas.com\/wp-content\/uploads\/2022\/01\/exclavitud.jpg\",\"articleSection\":[\"Internacional\",\"La Humanidad\"],\"inLanguage\":\"en-GB\",\"potentialAction\":[{\"@type\":\"CommentAction\",\"name\":\"Comment\",\"target\":[\"https:\/\/tiempodetormentas.com\/humanidad\/internacional\/la-esclavitud-en-el-mundo-en-datos-y-graficos\/#respond\"]}]},{\"@type\":\"WebPage\",\"@id\":\"https:\/\/tiempodetormentas.com\/humanidad\/internacional\/la-esclavitud-en-el-mundo-en-datos-y-graficos\/\",\"url\":\"https:\/\/tiempodetormentas.com\/humanidad\/internacional\/la-esclavitud-en-el-mundo-en-datos-y-graficos\/\",\"name\":\"La esclavitud en el mundo, en datos y gr\u00e1ficos - Tiempo de Tormentas\",\"isPartOf\":{\"@id\":\"https:\/\/tiempodetormentas.com\/#website\"},\"primaryImageOfPage\":{\"@id\":\"https:\/\/tiempodetormentas.com\/humanidad\/internacional\/la-esclavitud-en-el-mundo-en-datos-y-graficos\/#primaryimage\"},\"image\":{\"@id\":\"https:\/\/tiempodetormentas.com\/humanidad\/internacional\/la-esclavitud-en-el-mundo-en-datos-y-graficos\/#primaryimage\"},\"thumbnailUrl\":\"https:\/\/tiempodetormentas.com\/wp-content\/uploads\/2022\/01\/exclavitud.jpg\",\"datePublished\":\"2022-01-26T13:19:10+00:00\",\"dateModified\":\"2023-12-13T22:16:18+00:00\",\"breadcrumb\":{\"@id\":\"https:\/\/tiempodetormentas.com\/humanidad\/internacional\/la-esclavitud-en-el-mundo-en-datos-y-graficos\/#breadcrumb\"},\"inLanguage\":\"en-GB\",\"potentialAction\":[{\"@type\":\"ReadAction\",\"target\":[\"https:\/\/tiempodetormentas.com\/humanidad\/internacional\/la-esclavitud-en-el-mundo-en-datos-y-graficos\/\"]}]},{\"@type\":\"ImageObject\",\"inLanguage\":\"en-GB\",\"@id\":\"https:\/\/tiempodetormentas.com\/humanidad\/internacional\/la-esclavitud-en-el-mundo-en-datos-y-graficos\/#primaryimage\",\"url\":\"https:\/\/tiempodetormentas.com\/wp-content\/uploads\/2022\/01\/exclavitud.jpg\",\"contentUrl\":\"https:\/\/tiempodetormentas.com\/wp-content\/uploads\/2022\/01\/exclavitud.jpg\",\"width\":1299,\"height\":801},{\"@type\":\"BreadcrumbList\",\"@id\":\"https:\/\/tiempodetormentas.com\/humanidad\/internacional\/la-esclavitud-en-el-mundo-en-datos-y-graficos\/#breadcrumb\",\"itemListElement\":[{\"@type\":\"ListItem\",\"position\":1,\"name\":\"Portada\",\"item\":\"https:\/\/tiempodetormentas.com\/\"},{\"@type\":\"ListItem\",\"position\":2,\"name\":\"La esclavitud en el mundo, en datos y gr\u00e1ficos\"}]},{\"@type\":\"WebSite\",\"@id\":\"https:\/\/tiempodetormentas.com\/#website\",\"url\":\"https:\/\/tiempodetormentas.com\/\",\"name\":\"Tiempo de Tormentas\",\"description\":\"Edita el club de la bruma\",\"publisher\":{\"@id\":\"https:\/\/tiempodetormentas.com\/#organization\"},\"potentialAction\":[{\"@type\":\"SearchAction\",\"target\":{\"@type\":\"EntryPoint\",\"urlTemplate\":\"https:\/\/tiempodetormentas.com\/?s={search_term_string}\"},\"query-input\":{\"@type\":\"PropertyValueSpecification\",\"valueRequired\":true,\"valueName\":\"search_term_string\"}}],\"inLanguage\":\"en-GB\"},{\"@type\":\"Organization\",\"@id\":\"https:\/\/tiempodetormentas.com\/#organization\",\"name\":\"Tiempo de Tormentas\",\"url\":\"https:\/\/tiempodetormentas.com\/\",\"logo\":{\"@type\":\"ImageObject\",\"inLanguage\":\"en-GB\",\"@id\":\"https:\/\/tiempodetormentas.com\/#\/schema\/logo\/image\/\",\"url\":\"https:\/\/tiempodetormentas.com\/wp-content\/uploads\/2022\/01\/tiempo-de-tormentas.png\",\"contentUrl\":\"https:\/\/tiempodetormentas.com\/wp-content\/uploads\/2022\/01\/tiempo-de-tormentas.png\",\"width\":448,\"height\":121,\"caption\":\"Tiempo de Tormentas\"},\"image\":{\"@id\":\"https:\/\/tiempodetormentas.com\/#\/schema\/logo\/image\/\"}},{\"@type\":\"Person\",\"@id\":\"https:\/\/tiempodetormentas.com\/#\/schema\/person\/7e59b0ab3f525f413b127a9f2727eee7\",\"name\":\"Ray Lorens\",\"image\":{\"@type\":\"ImageObject\",\"inLanguage\":\"en-GB\",\"@id\":\"https:\/\/tiempodetormentas.com\/#\/schema\/person\/image\/\",\"url\":\"https:\/\/secure.gravatar.com\/avatar\/455622daf1ca0bf2f3b43adae4fc14ec90d08bdcfdbfc9c5f24527bb1d711a5a?s=96&d=mm&r=g\",\"contentUrl\":\"https:\/\/secure.gravatar.com\/avatar\/455622daf1ca0bf2f3b43adae4fc14ec90d08bdcfdbfc9c5f24527bb1d711a5a?s=96&d=mm&r=g\",\"caption\":\"Ray Lorens\"},\"description\":\"cineasta, escritor, periodista\",\"sameAs\":[\"https:\/\/tiempodetormentas.com\"],\"url\":\"https:\/\/tiempodetormentas.com\/en\/author\/ray\/\"}]}<\/script>\n<!-- \/ Yoast SEO plugin. -->","yoast_head_json":{"title":"La esclavitud en el mundo, en datos y gr\u00e1ficos - Tiempo de Tormentas","robots":{"index":"index","follow":"follow","max-snippet":"max-snippet:-1","max-image-preview":"max-image-preview:large","max-video-preview":"max-video-preview:-1"},"canonical":"https:\/\/tiempodetormentas.com\/en\/humanidad\/internacional\/la-esclavitud-en-el-mundo-en-datos-y-graficos\/","og_locale":"en_GB","og_type":"article","og_title":"La esclavitud en el mundo, en datos y gr\u00e1ficos - Tiempo de Tormentas","og_description":"Las nuevas formas de esclavitud, seg\u00fan Naciones Unidas, responden a\u00a0situaciones en las que una persona, mediante amenazas, violencia, coacci\u00f3n, abuso de poder o enga\u00f1o, le quita a otra la libertad para controlar su cuerpo o para elegir o rechazar un determinado trabajo. El resultado es que la v\u00edctima no puede negarse o abandonar la situaci\u00f3n.","og_url":"https:\/\/tiempodetormentas.com\/en\/humanidad\/internacional\/la-esclavitud-en-el-mundo-en-datos-y-graficos\/","og_site_name":"Tiempo de Tormentas","article_published_time":"2022-01-26T13:19:10+00:00","article_modified_time":"2023-12-13T22:16:18+00:00","og_image":[{"width":1299,"height":801,"url":"https:\/\/tiempodetormentas.com\/wp-content\/uploads\/2022\/01\/exclavitud.jpg","type":"image\/jpeg"}],"author":"Ray Lorens","twitter_card":"summary_large_image","twitter_misc":{"Written by":"Ray Lorens","Estimated reading time":"5 minutes"},"schema":{"@context":"https:\/\/schema.org","@graph":[{"@type":"Article","@id":"https:\/\/tiempodetormentas.com\/humanidad\/internacional\/la-esclavitud-en-el-mundo-en-datos-y-graficos\/#article","isPartOf":{"@id":"https:\/\/tiempodetormentas.com\/humanidad\/internacional\/la-esclavitud-en-el-mundo-en-datos-y-graficos\/"},"author":{"name":"Ray Lorens","@id":"https:\/\/tiempodetormentas.com\/#\/schema\/person\/7e59b0ab3f525f413b127a9f2727eee7"},"headline":"La esclavitud en el mundo, en datos y gr\u00e1ficos","datePublished":"2022-01-26T13:19:10+00:00","dateModified":"2023-12-13T22:16:18+00:00","mainEntityOfPage":{"@id":"https:\/\/tiempodetormentas.com\/humanidad\/internacional\/la-esclavitud-en-el-mundo-en-datos-y-graficos\/"},"wordCount":1025,"commentCount":4,"publisher":{"@id":"https:\/\/tiempodetormentas.com\/#organization"},"image":{"@id":"https:\/\/tiempodetormentas.com\/humanidad\/internacional\/la-esclavitud-en-el-mundo-en-datos-y-graficos\/#primaryimage"},"thumbnailUrl":"https:\/\/tiempodetormentas.com\/wp-content\/uploads\/2022\/01\/exclavitud.jpg","articleSection":["Internacional","La Humanidad"],"inLanguage":"en-GB","potentialAction":[{"@type":"CommentAction","name":"Comment","target":["https:\/\/tiempodetormentas.com\/humanidad\/internacional\/la-esclavitud-en-el-mundo-en-datos-y-graficos\/#respond"]}]},{"@type":"WebPage","@id":"https:\/\/tiempodetormentas.com\/humanidad\/internacional\/la-esclavitud-en-el-mundo-en-datos-y-graficos\/","url":"https:\/\/tiempodetormentas.com\/humanidad\/internacional\/la-esclavitud-en-el-mundo-en-datos-y-graficos\/","name":"La esclavitud en el mundo, en datos y gr\u00e1ficos - Tiempo de Tormentas","isPartOf":{"@id":"https:\/\/tiempodetormentas.com\/#website"},"primaryImageOfPage":{"@id":"https:\/\/tiempodetormentas.com\/humanidad\/internacional\/la-esclavitud-en-el-mundo-en-datos-y-graficos\/#primaryimage"},"image":{"@id":"https:\/\/tiempodetormentas.com\/humanidad\/internacional\/la-esclavitud-en-el-mundo-en-datos-y-graficos\/#primaryimage"},"thumbnailUrl":"https:\/\/tiempodetormentas.com\/wp-content\/uploads\/2022\/01\/exclavitud.jpg","datePublished":"2022-01-26T13:19:10+00:00","dateModified":"2023-12-13T22:16:18+00:00","breadcrumb":{"@id":"https:\/\/tiempodetormentas.com\/humanidad\/internacional\/la-esclavitud-en-el-mundo-en-datos-y-graficos\/#breadcrumb"},"inLanguage":"en-GB","potentialAction":[{"@type":"ReadAction","target":["https:\/\/tiempodetormentas.com\/humanidad\/internacional\/la-esclavitud-en-el-mundo-en-datos-y-graficos\/"]}]},{"@type":"ImageObject","inLanguage":"en-GB","@id":"https:\/\/tiempodetormentas.com\/humanidad\/internacional\/la-esclavitud-en-el-mundo-en-datos-y-graficos\/#primaryimage","url":"https:\/\/tiempodetormentas.com\/wp-content\/uploads\/2022\/01\/exclavitud.jpg","contentUrl":"https:\/\/tiempodetormentas.com\/wp-content\/uploads\/2022\/01\/exclavitud.jpg","width":1299,"height":801},{"@type":"BreadcrumbList","@id":"https:\/\/tiempodetormentas.com\/humanidad\/internacional\/la-esclavitud-en-el-mundo-en-datos-y-graficos\/#breadcrumb","itemListElement":[{"@type":"ListItem","position":1,"name":"Portada","item":"https:\/\/tiempodetormentas.com\/"},{"@type":"ListItem","position":2,"name":"La esclavitud en el mundo, en datos y gr\u00e1ficos"}]},{"@type":"WebSite","@id":"https:\/\/tiempodetormentas.com\/#website","url":"https:\/\/tiempodetormentas.com\/","name":"Tiempo de Tormentas","description":"Edita el club de la bruma","publisher":{"@id":"https:\/\/tiempodetormentas.com\/#organization"},"potentialAction":[{"@type":"SearchAction","target":{"@type":"EntryPoint","urlTemplate":"https:\/\/tiempodetormentas.com\/?s={search_term_string}"},"query-input":{"@type":"PropertyValueSpecification","valueRequired":true,"valueName":"search_term_string"}}],"inLanguage":"en-GB"},{"@type":"Organization","@id":"https:\/\/tiempodetormentas.com\/#organization","name":"Tiempo de Tormentas","url":"https:\/\/tiempodetormentas.com\/","logo":{"@type":"ImageObject","inLanguage":"en-GB","@id":"https:\/\/tiempodetormentas.com\/#\/schema\/logo\/image\/","url":"https:\/\/tiempodetormentas.com\/wp-content\/uploads\/2022\/01\/tiempo-de-tormentas.png","contentUrl":"https:\/\/tiempodetormentas.com\/wp-content\/uploads\/2022\/01\/tiempo-de-tormentas.png","width":448,"height":121,"caption":"Tiempo de Tormentas"},"image":{"@id":"https:\/\/tiempodetormentas.com\/#\/schema\/logo\/image\/"}},{"@type":"Person","@id":"https:\/\/tiempodetormentas.com\/#\/schema\/person\/7e59b0ab3f525f413b127a9f2727eee7","name":"Ray Lorens","image":{"@type":"ImageObject","inLanguage":"en-GB","@id":"https:\/\/tiempodetormentas.com\/#\/schema\/person\/image\/","url":"https:\/\/secure.gravatar.com\/avatar\/455622daf1ca0bf2f3b43adae4fc14ec90d08bdcfdbfc9c5f24527bb1d711a5a?s=96&d=mm&r=g","contentUrl":"https:\/\/secure.gravatar.com\/avatar\/455622daf1ca0bf2f3b43adae4fc14ec90d08bdcfdbfc9c5f24527bb1d711a5a?s=96&d=mm&r=g","caption":"Ray Lorens"},"description":"cineasta, escritor, periodista","sameAs":["https:\/\/tiempodetormentas.com"],"url":"https:\/\/tiempodetormentas.com\/en\/author\/ray\/"}]}},"_links":{"self":[{"href":"https:\/\/tiempodetormentas.com\/en\/wp-json\/wp\/v2\/posts\/23","targetHints":{"allow":["GET"]}}],"collection":[{"href":"https:\/\/tiempodetormentas.com\/en\/wp-json\/wp\/v2\/posts"}],"about":[{"href":"https:\/\/tiempodetormentas.com\/en\/wp-json\/wp\/v2\/types\/post"}],"author":[{"embeddable":true,"href":"https:\/\/tiempodetormentas.com\/en\/wp-json\/wp\/v2\/users\/1"}],"replies":[{"embeddable":true,"href":"https:\/\/tiempodetormentas.com\/en\/wp-json\/wp\/v2\/comments?post=23"}],"version-history":[{"count":4,"href":"https:\/\/tiempodetormentas.com\/en\/wp-json\/wp\/v2\/posts\/23\/revisions"}],"predecessor-version":[{"id":243,"href":"https:\/\/tiempodetormentas.com\/en\/wp-json\/wp\/v2\/posts\/23\/revisions\/243"}],"wp:featuredmedia":[{"embeddable":true,"href":"https:\/\/tiempodetormentas.com\/en\/wp-json\/wp\/v2\/media\/24"}],"wp:attachment":[{"href":"https:\/\/tiempodetormentas.com\/en\/wp-json\/wp\/v2\/media?parent=23"}],"wp:term":[{"taxonomy":"category","embeddable":true,"href":"https:\/\/tiempodetormentas.com\/en\/wp-json\/wp\/v2\/categories?post=23"},{"taxonomy":"post_tag","embeddable":true,"href":"https:\/\/tiempodetormentas.com\/en\/wp-json\/wp\/v2\/tags?post=23"}],"curies":[{"name":"wp","href":"https:\/\/api.w.org\/{rel}","templated":true}]}}