{"id":2258,"date":"2025-03-07T00:35:17","date_gmt":"2025-03-07T00:35:17","guid":{"rendered":"https:\/\/tiempodetormentas.com\/?p=2258"},"modified":"2025-03-07T12:50:26","modified_gmt":"2025-03-07T12:50:26","slug":"exitosas-las-i-jornadas-de-mujer-y-cultura-de-pasillo-verde-ferroviario","status":"publish","type":"post","link":"https:\/\/tiempodetormentas.com\/en\/cultura\/exitosas-las-i-jornadas-de-mujer-y-cultura-de-pasillo-verde-ferroviario\/","title":{"rendered":"EXITOSA CONVOCATORIA DE LAS I JORNADAS DE MUJER Y CULTURA, de pasillo verde ferroviario"},"content":{"rendered":"<h1>Con motivo del pr\u00f3ximo 8 de Marzo, d\u00eda de la Mujer<\/h1>\n<p><img loading=\"lazy\" decoding=\"async\" class=\"aligncenter size-full wp-image-2260\" src=\"https:\/\/tiempodetormentas.com\/wp-content\/uploads\/2025\/03\/114314-cuba-protagonista-de-la-i-jornada-mujer-y-cultura-en-madrid-con-la-escritora-rosa-maria-fernandez-y-la-cantautora-katia-marquez-6-de-marzo.jpg\" alt=\"\" width=\"400\" height=\"566\" srcset=\"https:\/\/tiempodetormentas.com\/wp-content\/uploads\/2025\/03\/114314-cuba-protagonista-de-la-i-jornada-mujer-y-cultura-en-madrid-con-la-escritora-rosa-maria-fernandez-y-la-cantautora-katia-marquez-6-de-marzo.jpg 400w, https:\/\/tiempodetormentas.com\/wp-content\/uploads\/2025\/03\/114314-cuba-protagonista-de-la-i-jornada-mujer-y-cultura-en-madrid-con-la-escritora-rosa-maria-fernandez-y-la-cantautora-katia-marquez-6-de-marzo-212x300.jpg 212w, https:\/\/tiempodetormentas.com\/wp-content\/uploads\/2025\/03\/114314-cuba-protagonista-de-la-i-jornada-mujer-y-cultura-en-madrid-con-la-escritora-rosa-maria-fernandez-y-la-cantautora-katia-marquez-6-de-marzo-297x420.jpg 297w, https:\/\/tiempodetormentas.com\/wp-content\/uploads\/2025\/03\/114314-cuba-protagonista-de-la-i-jornada-mujer-y-cultura-en-madrid-con-la-escritora-rosa-maria-fernandez-y-la-cantautora-katia-marquez-6-de-marzo-150x212.jpg 150w, https:\/\/tiempodetormentas.com\/wp-content\/uploads\/2025\/03\/114314-cuba-protagonista-de-la-i-jornada-mujer-y-cultura-en-madrid-con-la-escritora-rosa-maria-fernandez-y-la-cantautora-katia-marquez-6-de-marzo-300x425.jpg 300w\" sizes=\"auto, (max-width: 400px) 100vw, 400px\" \/><\/p>\n<p>Pasillo verde ferroviario y PCM han organizado este 6 de marzo un acto muy emotivo y de alta calidad art\u00edstica en el que han participado\u00a0 <strong>Rosa Mar\u00eda Fern\u00e1ndez Sof\u00eda<\/strong> , que ha presentado su obra \u00abLa pasi\u00f3n sin matices\u00bb, testimonio de vida y obra de <strong>Sara Gonz\u00e1lez<\/strong>, una revolucionaria cubana\u00a0 que fue fundadora de la Nueva Trova, y que ha contado con la participaci\u00f3n de la poeta y cantautora <strong>Katia M\u00e1rquez<\/strong>.<\/p>\n<p><img loading=\"lazy\" decoding=\"async\" class=\"aligncenter size-full wp-image-2264\" src=\"https:\/\/tiempodetormentas.com\/wp-content\/uploads\/2025\/03\/a-tope.jpg\" alt=\"\" width=\"1600\" height=\"737\" srcset=\"https:\/\/tiempodetormentas.com\/wp-content\/uploads\/2025\/03\/a-tope.jpg 1600w, https:\/\/tiempodetormentas.com\/wp-content\/uploads\/2025\/03\/a-tope-300x138.jpg 300w, https:\/\/tiempodetormentas.com\/wp-content\/uploads\/2025\/03\/a-tope-1024x472.jpg 1024w, https:\/\/tiempodetormentas.com\/wp-content\/uploads\/2025\/03\/a-tope-768x354.jpg 768w, https:\/\/tiempodetormentas.com\/wp-content\/uploads\/2025\/03\/a-tope-1536x708.jpg 1536w, https:\/\/tiempodetormentas.com\/wp-content\/uploads\/2025\/03\/a-tope-912x420.jpg 912w, https:\/\/tiempodetormentas.com\/wp-content\/uploads\/2025\/03\/a-tope-150x69.jpg 150w, https:\/\/tiempodetormentas.com\/wp-content\/uploads\/2025\/03\/a-tope-696x321.jpg 696w, https:\/\/tiempodetormentas.com\/wp-content\/uploads\/2025\/03\/a-tope-1068x492.jpg 1068w\" sizes=\"auto, (max-width: 1600px) 100vw, 1600px\" \/><\/p>\n<h6><em>foto: Lleno total en el acto sobre las mujeres de la Trova Cubana<\/em><\/h6>\n<p><img loading=\"lazy\" decoding=\"async\" class=\"aligncenter size-full wp-image-2278\" src=\"https:\/\/tiempodetormentas.com\/wp-content\/uploads\/2025\/03\/zumel.jpg\" alt=\"\" width=\"1600\" height=\"1287\" srcset=\"https:\/\/tiempodetormentas.com\/wp-content\/uploads\/2025\/03\/zumel.jpg 1600w, https:\/\/tiempodetormentas.com\/wp-content\/uploads\/2025\/03\/zumel-300x241.jpg 300w, https:\/\/tiempodetormentas.com\/wp-content\/uploads\/2025\/03\/zumel-1024x824.jpg 1024w, https:\/\/tiempodetormentas.com\/wp-content\/uploads\/2025\/03\/zumel-768x618.jpg 768w, https:\/\/tiempodetormentas.com\/wp-content\/uploads\/2025\/03\/zumel-1536x1236.jpg 1536w, https:\/\/tiempodetormentas.com\/wp-content\/uploads\/2025\/03\/zumel-522x420.jpg 522w, https:\/\/tiempodetormentas.com\/wp-content\/uploads\/2025\/03\/zumel-150x121.jpg 150w, https:\/\/tiempodetormentas.com\/wp-content\/uploads\/2025\/03\/zumel-696x560.jpg 696w, https:\/\/tiempodetormentas.com\/wp-content\/uploads\/2025\/03\/zumel-1068x859.jpg 1068w\" sizes=\"auto, (max-width: 1600px) 100vw, 1600px\" \/><\/p>\n<h6><em>foto: Pilar Zumel, presentadora y coordinadora de la actividad<\/em><\/h6>\n<h6>En el acto han participado <strong>Pilar Zumel<\/strong>, <strong>Elena P\u00e9rez<\/strong>, <strong>Sian Jones<\/strong> y una representaci\u00f3n de la embajada cubana en Madrid.<\/h6>\n<p>El acto se abri\u00f3 con la presentaci\u00f3n del libro \u00abLa pasi\u00f3n sin matices\u00bb que cont\u00f3 con la presencia de su autora, Rosa Mar\u00eda Fern\u00e1ndez Sof\u00eda.<\/p>\n<h1 id=\"title\" class=\"a-spacing-none a-text-normal\"><span id=\"productTitle\" class=\"a-size-large celwidget\" data-csa-c-id=\"whxzz5-pohpp3-qcls0i-3yi0o9\" data-cel-widget=\"productTitle\">La pasi\u00f3n sin matices: Es un testimonio sobre Sara Gonz\u00e1lez y la Nueva Trova Cubana en su 50 aniversario<\/span><\/h1>\n<p>Un libro imprescindible para los amantes del arte cubano. Su autora merece una buena presentaci\u00f3n para los lectores de tiempodetormentas.com<\/p>\n<h1 class=\"section-headline article-title\">ROSA MAR\u00cdA FERN\u00c1NDEZ SOF\u00cdA<\/h1>\n<div class=\"article-headline\">Periodista. Graduada de la Facultad de Artes y Letras. Reportera de televisi\u00f3n y prensa escrita. Documentalista. Fungi\u00f3 como directora general de los telecentros Solvisi\u00f3n (en Guant\u00e1namo), CHTV (en La Habana), y del noticiero nacional de televisi\u00f3n \u00abTV noticias\u00bb. Ganadora de importantes cert\u00e1menes del gremio, se desempe\u00f1\u00f3 adem\u00e1s como jurado en concursos period\u00edsticos. Autora de El Che conf\u00eda en m\u00ed, un testimonio de Alberto Granado (2009). Ha colaborado con Cubadebate, 80 grados, El Nuevo D\u00eda, Claridad, Cubavisi\u00f3n Internacional y el Sistema informativo de la televisi\u00f3n cubana.<\/div>\n<div><\/div>\n<div class=\"article-headline\"><img decoding=\"async\" src=\"http:\/\/www.contextolatinoamericano.com\/files\/daniel%20santos.jpg\" \/><\/div>\n<h6><em>foto de archivo: la escritora cubana Rosa Mar\u00eda Fern\u00e1ndez Sof\u00eda en la presentaci\u00f3n de su otro libro \u00abLa Habana que hay en m\u00ed\u00bb.<\/em><\/h6>\n<p><img loading=\"lazy\" decoding=\"async\" class=\"aligncenter size-full wp-image-2261\" src=\"https:\/\/tiempodetormentas.com\/wp-content\/uploads\/2025\/03\/pasillo.jpg\" alt=\"\" width=\"1600\" height=\"1200\" srcset=\"https:\/\/tiempodetormentas.com\/wp-content\/uploads\/2025\/03\/pasillo.jpg 1600w, https:\/\/tiempodetormentas.com\/wp-content\/uploads\/2025\/03\/pasillo-300x225.jpg 300w, https:\/\/tiempodetormentas.com\/wp-content\/uploads\/2025\/03\/pasillo-1024x768.jpg 1024w, https:\/\/tiempodetormentas.com\/wp-content\/uploads\/2025\/03\/pasillo-768x576.jpg 768w, https:\/\/tiempodetormentas.com\/wp-content\/uploads\/2025\/03\/pasillo-1536x1152.jpg 1536w, https:\/\/tiempodetormentas.com\/wp-content\/uploads\/2025\/03\/pasillo-560x420.jpg 560w, https:\/\/tiempodetormentas.com\/wp-content\/uploads\/2025\/03\/pasillo-80x60.jpg 80w, https:\/\/tiempodetormentas.com\/wp-content\/uploads\/2025\/03\/pasillo-150x113.jpg 150w, https:\/\/tiempodetormentas.com\/wp-content\/uploads\/2025\/03\/pasillo-696x522.jpg 696w, https:\/\/tiempodetormentas.com\/wp-content\/uploads\/2025\/03\/pasillo-1068x801.jpg 1068w\" sizes=\"auto, (max-width: 1600px) 100vw, 1600px\" \/><\/p>\n<p><img loading=\"lazy\" decoding=\"async\" class=\"aligncenter size-full wp-image-2264\" src=\"https:\/\/tiempodetormentas.com\/wp-content\/uploads\/2025\/03\/a-tope.jpg\" alt=\"\" width=\"1600\" height=\"737\" srcset=\"https:\/\/tiempodetormentas.com\/wp-content\/uploads\/2025\/03\/a-tope.jpg 1600w, https:\/\/tiempodetormentas.com\/wp-content\/uploads\/2025\/03\/a-tope-300x138.jpg 300w, https:\/\/tiempodetormentas.com\/wp-content\/uploads\/2025\/03\/a-tope-1024x472.jpg 1024w, https:\/\/tiempodetormentas.com\/wp-content\/uploads\/2025\/03\/a-tope-768x354.jpg 768w, https:\/\/tiempodetormentas.com\/wp-content\/uploads\/2025\/03\/a-tope-1536x708.jpg 1536w, https:\/\/tiempodetormentas.com\/wp-content\/uploads\/2025\/03\/a-tope-912x420.jpg 912w, https:\/\/tiempodetormentas.com\/wp-content\/uploads\/2025\/03\/a-tope-150x69.jpg 150w, https:\/\/tiempodetormentas.com\/wp-content\/uploads\/2025\/03\/a-tope-696x321.jpg 696w, https:\/\/tiempodetormentas.com\/wp-content\/uploads\/2025\/03\/a-tope-1068x492.jpg 1068w\" sizes=\"auto, (max-width: 1600px) 100vw, 1600px\" \/><\/p>\n<h6><em>fotos: diversos momentos del acto\u00a0<\/em><\/h6>\n<p>&nbsp;<\/p>\n<div class=\"article-headline\">Con la incertidumbre vivida en la etapa pand\u00e9mica, desde el 2020 hasta hoy, ni siquiera imagin\u00f3 que el acercamiento al ser humano que hab\u00eda sido Sara, la llevar\u00eda de camino a la fecha de celebraci\u00f3n de la Nueva Trova cubana que, en diciembre de 2022, cumpli\u00f3 sus 50 a\u00f1os de creada. La b\u00fasqueda se convirti\u00f3 en un di\u00e1logo sobre el crecimiento de estos j\u00f3venes rebeldes, dirigido a quienes no pueden saberlo, si no se les cuenta honestamente. Porque habl\u00f3 directamente a los lectores que se reconocen en la canci\u00f3n, especialmente la de la Nueva Trova. As\u00ed lo siente <span class=\"a-text-italic\">Rosa Mar\u00eda Fern\u00e1ndez Sof\u00eda , su autora.<\/span><\/div>\n<div><\/div>\n<p><img loading=\"lazy\" decoding=\"async\" class=\"aligncenter size-full wp-image-2259\" src=\"https:\/\/tiempodetormentas.com\/wp-content\/uploads\/2025\/03\/61jURFBTggL._SY466la-pasion-sin-matices.jpg\" alt=\"\" width=\"293\" height=\"466\" srcset=\"https:\/\/tiempodetormentas.com\/wp-content\/uploads\/2025\/03\/61jURFBTggL._SY466la-pasion-sin-matices.jpg 293w, https:\/\/tiempodetormentas.com\/wp-content\/uploads\/2025\/03\/61jURFBTggL._SY466la-pasion-sin-matices-189x300.jpg 189w, https:\/\/tiempodetormentas.com\/wp-content\/uploads\/2025\/03\/61jURFBTggL._SY466la-pasion-sin-matices-264x420.jpg 264w, https:\/\/tiempodetormentas.com\/wp-content\/uploads\/2025\/03\/61jURFBTggL._SY466la-pasion-sin-matices-150x239.jpg 150w\" sizes=\"auto, (max-width: 293px) 100vw, 293px\" \/>\u00abRecuerdo que cuando mi generaci\u00f3n empez\u00f3 a cantar, parte de lo que hac\u00edamos no se entend\u00eda. No s\u00f3lo eran tem\u00e1ticas nuevas, sino formas de hacer tambi\u00e9n distintas.Por aquellos a\u00f1os algunos trovadores de mi generaci\u00f3n est\u00e1bamos marginados de la radio, la televisi\u00f3n y la prensa. Desde hoy pudiera decir que la superestructura del pa\u00eds, no se pon\u00eda de acuerdo sobre nosotros. Unos nos ve\u00edan como muchachos conflictivos que hac\u00edan canciones raras y \u2014afortunadamente\u2014 otros nos ve\u00edan como los j\u00f3venes que \u00e9ramos\u00bb. <span class=\"a-text-italic\">Silvio Rodr\u00edguez, La Gaceta de Cuba, 1989.<\/span><\/p>\n<p><span class=\"a-text-italic\"><img decoding=\"async\" src=\"https:\/\/noticiasclave.net\/pubimg\/banner_right_972.jpg\" alt=\"Fallece la trovadora cubana Sara Gonz\u00e1lez\" \/><\/span><\/p>\n<h6><em>foto: la cantautora Sara Gonz\u00e1lez<\/em><\/h6>\n<h6><em><img decoding=\"async\" src=\"https:\/\/i.ytimg.com\/vi\/hJMuXLBn2Yo\/hqdefault.jpg\" alt=\"Pablo Milanes y Sara Gonzalez &quot;de que callada amanera&quot; en concierto\" \/><\/em><\/h6>\n<h6><em>foto: Sara Gonz\u00e1lez y Pablo Milan\u00e9s<\/em><\/h6>\n<p>\u00abSupe que Sara exist\u00eda una tarde, posiblemente de 1970, en un concierto en la sala Che Guevara de Casa de las Am\u00e9ricas. Sara empez\u00f3 como una int\u00e9rprete de una fuerza tel\u00farica, de una convicci\u00f3n impresionante y un buen d\u00eda empez\u00f3 a componer. <strong>Lleg\u00f3 a hacer canciones memorables sobre la mujer, sobre Cuba y sobre el tiempo que le toc\u00f3 vivir<\/strong>. Prefiero no separar la int\u00e9rprete de la compositora, porque las veo como facetas \u2014y logros\u2014 de una misma pasi\u00f3n\u00bb. <span class=\"a-text-italic\">Silvio Rodr\u00edguez, La pasi\u00f3n sin matices, 2022.<\/span><\/p>\n<p>As\u00ed se expresaba <strong>Silvio Rodr\u00edguez<\/strong> sobre esta hero\u00edna cubana<\/p>\n<h2>Sobre Katia M\u00e1rquez<\/h2>\n<p><img decoding=\"async\" src=\"https:\/\/clubdeescritura.com\/wp-content\/uploads\/users-102\/user-101150\/2019\/07\/img_0462-81c3cfea44d0a994694ea8881b0343af-300x300.jpg\" alt=\"Katia M\u00e1rquez | Club de Escritura Fuentetaja\" \/><\/p>\n<h6><em>foto: la cantautora cubana Katia M\u00e1rquez<\/em><\/h6>\n<p>&nbsp;<\/p>\n<p>Para el p\u00fablico europeo indicar que<strong> Katia M\u00e1rquez<\/strong> es una cantautora cubana impregnada de poes\u00eda destello, poseedora de una luz especial y \u00fanica que emite desde el primer acorde que hace sonar con su guitarra para vestir al verso con esas alas que llegan al interior de cada ser que tenga la suerte de escucharla.<\/p>\n<p>Tal y como ella se describe y presenta:<\/p>\n<div id=\"1012194758\" class=\"dmRespRow\">\n<div id=\"1073364486\" class=\"dmRespColsWrapper\">\n<div id=\"1617586742\" class=\"dmRespCol small-12 large-6 medium-6\">\n<div id=\"1533846482\" class=\"u_1533846482 dmNewParagraph\" data-element-type=\"paragraph\">\n<div><span class=\"font-size-22 lh-1\">A los 16 a\u00f1os su mejor amiga se suicid\u00f3. Tras largos a\u00f1os de b\u00fasqueda sin consuelo y sin poder salir de la depresi\u00f3n, de la p\u00e9rdida, del encierro en su propio yo, de la desconfianza , del miedo, encontr\u00f3 dos aliadas que han sido hasta el d\u00eda de hoy sus mejores compa\u00f1eras: la m\u00fasica y la poes\u00eda, entonces descubri\u00f3 el poder de la palabra y m\u00e1s a\u00fan, el poder de la m\u00fasica para sanar los corazones rotos por la tristeza y la soledad, descubri\u00f3 que entre palabras y melod\u00edas siempre se pod\u00eda dejar una huella de amor, esperanza, compromiso social y alegr\u00eda.<\/span><\/div>\n<div>\n<div><span class=\"font-size-22 lh-1\">\u00a0<\/span><\/div>\n<div><span class=\"font-size-22 lh-1\">Ha experimentado su propio rescate gracias a la fuerza de la palabra y ha aprendido que el dolor solo se vence con Esperanza. Se define como una mujer fuerte, apasionada, entregada que se ha reconciliado con la vida.\u00a0<\/span><\/div>\n<div><span class=\"font-size-22 lh-1\">\u00a0<\/span><\/div>\n<div><span class=\"font-size-22 lh-1\">Se dedica a cantar todo lo que escribe , que es simplemente todo lo que siente , lleva m\u00e1s de 30 a\u00f1os escribiendo y cantando poemas y canciones y se ha volcado en las personas, en intentar comprenderlas, buscando siempre la cercan\u00eda, por lo que viene realizando voluntariados desde hace m\u00e1s de 14 a\u00f1os. <\/span><\/div>\n<div><\/div>\n<div><span class=\"font-size-22 lh-1\">Actualmente colabora como m\u00fasico con la fundaci\u00f3n m\u00fasicos por la salud realizando micro conciertos en hospitales, centros de acogida , residencias de mayores y muchos otros centros con personas en grave peligro de exclusi\u00f3n social, y tambi\u00e9n con pacientes con lesiones medulares y otras patolog\u00edas, lo que le ha permitido estar m\u00e1s cerca del ser humano y sus necesidades. Su misi\u00f3n es intentar que el otro tambi\u00e9n encuentre su camino, su luz y su paz y acompa\u00f1arle en su proceso de la mejor forma que sabe, desde la canci\u00f3n y la poes\u00eda, que fueron su salvaci\u00f3n.<\/span><\/div>\n<div><span class=\"font-size-20 lh-1\"><b>\u00a0<\/b><\/span><\/div>\n<div><span class=\"lh-1 font-size-22\"><b>Su canci\u00f3n y su pluma, pretenden ser la compa\u00f1era de su angustia y su alegr\u00eda. \u00abEstoy aqu\u00ed para ti, con melod\u00edas que protegen. Palabras que sanan y cuidan el alma\u00bb, asegura.<\/b><\/span><\/div>\n<div><\/div>\n<\/div>\n<div>Un acto que ha sido todo un lujo poder presenciar y participar de su celebraci\u00f3n. Un encuentro digno y a la altura de lo que la Nueva Trova Cubana representa y ha dado al mundo.<\/div>\n<div><\/div>\n<div>\n<div><\/div>\n<\/div>\n<\/div>\n<\/div>\n<\/div>\n<\/div>\n<div id=\"1464905629\" class=\"dmRespRow\">\n<div id=\"1022496297\" class=\"dmRespColsWrapper\">\n<div id=\"1472723049\" class=\"dmRespCol large-12 medium-12 small-12\">\n<div id=\"1704950369\" class=\"imageWidget align-center u_1704950369\" data-element-type=\"image\" data-widget-type=\"image\"><\/div>\n<div data-element-type=\"image\" data-widget-type=\"image\"><\/div>\n<\/div>\n<\/div>\n<\/div>","protected":false},"excerpt":{"rendered":"<p>Con motivo del pr\u00f3ximo 8 de Marzo, d\u00eda de la Mujer Pasillo verde ferroviario y PCM han organizado este 6 de marzo un acto muy emotivo y de alta calidad art\u00edstica en el que han participado\u00a0 Rosa Mar\u00eda Fern\u00e1ndez Sof\u00eda , que ha presentado su obra \u00abLa pasi\u00f3n sin matices\u00bb, testimonio de vida y obra [&hellip;]<\/p>","protected":false},"author":1,"featured_media":2260,"comment_status":"open","ping_status":"open","sticky":true,"template":"","format":"standard","meta":{"footnotes":""},"categories":[8,6,27],"tags":[],"class_list":{"0":"post-2258","1":"post","2":"type-post","3":"status-publish","4":"format-standard","5":"has-post-thumbnail","7":"category-cartelera","8":"category-cultura","9":"category-musica"},"yoast_head":"<!-- This site is optimized with the Yoast SEO plugin v26.2 - https:\/\/yoast.com\/wordpress\/plugins\/seo\/ -->\n<title>EXITOSA CONVOCATORIA DE LAS I JORNADAS DE MUJER Y CULTURA, de pasillo verde ferroviario - Tiempo de Tormentas<\/title>\n<meta name=\"robots\" content=\"index, follow, max-snippet:-1, max-image-preview:large, max-video-preview:-1\" \/>\n<link rel=\"canonical\" href=\"https:\/\/tiempodetormentas.com\/en\/cultura\/exitosas-las-i-jornadas-de-mujer-y-cultura-de-pasillo-verde-ferroviario\/\" \/>\n<meta property=\"og:locale\" content=\"en_GB\" \/>\n<meta property=\"og:type\" content=\"article\" \/>\n<meta property=\"og:title\" content=\"EXITOSA CONVOCATORIA DE LAS I JORNADAS DE MUJER Y CULTURA, de pasillo verde ferroviario - Tiempo de Tormentas\" \/>\n<meta property=\"og:description\" content=\"Con motivo del pr\u00f3ximo 8 de Marzo, d\u00eda de la Mujer Pasillo verde ferroviario y PCM han organizado este 6 de marzo un acto muy emotivo y de alta calidad art\u00edstica en el que han participado\u00a0 Rosa Mar\u00eda Fern\u00e1ndez Sof\u00eda , que ha presentado su obra \u00abLa pasi\u00f3n sin matices\u00bb, testimonio de vida y obra [&hellip;]\" \/>\n<meta property=\"og:url\" content=\"https:\/\/tiempodetormentas.com\/en\/cultura\/exitosas-las-i-jornadas-de-mujer-y-cultura-de-pasillo-verde-ferroviario\/\" \/>\n<meta property=\"og:site_name\" content=\"Tiempo de Tormentas\" \/>\n<meta property=\"article:published_time\" content=\"2025-03-07T00:35:17+00:00\" \/>\n<meta property=\"article:modified_time\" content=\"2025-03-07T12:50:26+00:00\" \/>\n<meta property=\"og:image\" content=\"https:\/\/tiempodetormentas.com\/wp-content\/uploads\/2025\/03\/114314-cuba-protagonista-de-la-i-jornada-mujer-y-cultura-en-madrid-con-la-escritora-rosa-maria-fernandez-y-la-cantautora-katia-marquez-6-de-marzo.jpg\" \/>\n\t<meta property=\"og:image:width\" content=\"400\" \/>\n\t<meta property=\"og:image:height\" content=\"566\" \/>\n\t<meta property=\"og:image:type\" content=\"image\/jpeg\" \/>\n<meta name=\"author\" content=\"Ray Lorens\" \/>\n<meta name=\"twitter:card\" content=\"summary_large_image\" \/>\n<meta name=\"twitter:label1\" content=\"Written by\" \/>\n\t<meta name=\"twitter:data1\" content=\"Ray Lorens\" \/>\n\t<meta name=\"twitter:label2\" content=\"Estimated reading time\" \/>\n\t<meta name=\"twitter:data2\" content=\"7 minutes\" \/>\n<script type=\"application\/ld+json\" class=\"yoast-schema-graph\">{\"@context\":\"https:\/\/schema.org\",\"@graph\":[{\"@type\":\"Article\",\"@id\":\"https:\/\/tiempodetormentas.com\/cultura\/exitosas-las-i-jornadas-de-mujer-y-cultura-de-pasillo-verde-ferroviario\/#article\",\"isPartOf\":{\"@id\":\"https:\/\/tiempodetormentas.com\/cultura\/exitosas-las-i-jornadas-de-mujer-y-cultura-de-pasillo-verde-ferroviario\/\"},\"author\":{\"name\":\"Ray Lorens\",\"@id\":\"https:\/\/tiempodetormentas.com\/#\/schema\/person\/7e59b0ab3f525f413b127a9f2727eee7\"},\"headline\":\"EXITOSA CONVOCATORIA DE LAS I JORNADAS DE MUJER Y CULTURA, de pasillo verde ferroviario\",\"datePublished\":\"2025-03-07T00:35:17+00:00\",\"dateModified\":\"2025-03-07T12:50:26+00:00\",\"mainEntityOfPage\":{\"@id\":\"https:\/\/tiempodetormentas.com\/cultura\/exitosas-las-i-jornadas-de-mujer-y-cultura-de-pasillo-verde-ferroviario\/\"},\"wordCount\":1154,\"commentCount\":3,\"publisher\":{\"@id\":\"https:\/\/tiempodetormentas.com\/#organization\"},\"image\":{\"@id\":\"https:\/\/tiempodetormentas.com\/cultura\/exitosas-las-i-jornadas-de-mujer-y-cultura-de-pasillo-verde-ferroviario\/#primaryimage\"},\"thumbnailUrl\":\"https:\/\/tiempodetormentas.com\/wp-content\/uploads\/2025\/03\/114314-cuba-protagonista-de-la-i-jornada-mujer-y-cultura-en-madrid-con-la-escritora-rosa-maria-fernandez-y-la-cantautora-katia-marquez-6-de-marzo.jpg\",\"articleSection\":[\"Cartelera\",\"Cultura\",\"M\u00fasica\"],\"inLanguage\":\"en-GB\",\"potentialAction\":[{\"@type\":\"CommentAction\",\"name\":\"Comment\",\"target\":[\"https:\/\/tiempodetormentas.com\/cultura\/exitosas-las-i-jornadas-de-mujer-y-cultura-de-pasillo-verde-ferroviario\/#respond\"]}]},{\"@type\":\"WebPage\",\"@id\":\"https:\/\/tiempodetormentas.com\/cultura\/exitosas-las-i-jornadas-de-mujer-y-cultura-de-pasillo-verde-ferroviario\/\",\"url\":\"https:\/\/tiempodetormentas.com\/cultura\/exitosas-las-i-jornadas-de-mujer-y-cultura-de-pasillo-verde-ferroviario\/\",\"name\":\"EXITOSA CONVOCATORIA DE LAS I JORNADAS DE MUJER Y CULTURA, de pasillo verde ferroviario - Tiempo de Tormentas\",\"isPartOf\":{\"@id\":\"https:\/\/tiempodetormentas.com\/#website\"},\"primaryImageOfPage\":{\"@id\":\"https:\/\/tiempodetormentas.com\/cultura\/exitosas-las-i-jornadas-de-mujer-y-cultura-de-pasillo-verde-ferroviario\/#primaryimage\"},\"image\":{\"@id\":\"https:\/\/tiempodetormentas.com\/cultura\/exitosas-las-i-jornadas-de-mujer-y-cultura-de-pasillo-verde-ferroviario\/#primaryimage\"},\"thumbnailUrl\":\"https:\/\/tiempodetormentas.com\/wp-content\/uploads\/2025\/03\/114314-cuba-protagonista-de-la-i-jornada-mujer-y-cultura-en-madrid-con-la-escritora-rosa-maria-fernandez-y-la-cantautora-katia-marquez-6-de-marzo.jpg\",\"datePublished\":\"2025-03-07T00:35:17+00:00\",\"dateModified\":\"2025-03-07T12:50:26+00:00\",\"breadcrumb\":{\"@id\":\"https:\/\/tiempodetormentas.com\/cultura\/exitosas-las-i-jornadas-de-mujer-y-cultura-de-pasillo-verde-ferroviario\/#breadcrumb\"},\"inLanguage\":\"en-GB\",\"potentialAction\":[{\"@type\":\"ReadAction\",\"target\":[\"https:\/\/tiempodetormentas.com\/cultura\/exitosas-las-i-jornadas-de-mujer-y-cultura-de-pasillo-verde-ferroviario\/\"]}]},{\"@type\":\"ImageObject\",\"inLanguage\":\"en-GB\",\"@id\":\"https:\/\/tiempodetormentas.com\/cultura\/exitosas-las-i-jornadas-de-mujer-y-cultura-de-pasillo-verde-ferroviario\/#primaryimage\",\"url\":\"https:\/\/tiempodetormentas.com\/wp-content\/uploads\/2025\/03\/114314-cuba-protagonista-de-la-i-jornada-mujer-y-cultura-en-madrid-con-la-escritora-rosa-maria-fernandez-y-la-cantautora-katia-marquez-6-de-marzo.jpg\",\"contentUrl\":\"https:\/\/tiempodetormentas.com\/wp-content\/uploads\/2025\/03\/114314-cuba-protagonista-de-la-i-jornada-mujer-y-cultura-en-madrid-con-la-escritora-rosa-maria-fernandez-y-la-cantautora-katia-marquez-6-de-marzo.jpg\",\"width\":400,\"height\":566},{\"@type\":\"BreadcrumbList\",\"@id\":\"https:\/\/tiempodetormentas.com\/cultura\/exitosas-las-i-jornadas-de-mujer-y-cultura-de-pasillo-verde-ferroviario\/#breadcrumb\",\"itemListElement\":[{\"@type\":\"ListItem\",\"position\":1,\"name\":\"Portada\",\"item\":\"https:\/\/tiempodetormentas.com\/\"},{\"@type\":\"ListItem\",\"position\":2,\"name\":\"EXITOSA CONVOCATORIA DE LAS I JORNADAS DE MUJER Y CULTURA, de pasillo verde ferroviario\"}]},{\"@type\":\"WebSite\",\"@id\":\"https:\/\/tiempodetormentas.com\/#website\",\"url\":\"https:\/\/tiempodetormentas.com\/\",\"name\":\"Tiempo de Tormentas\",\"description\":\"Edita el club de la bruma\",\"publisher\":{\"@id\":\"https:\/\/tiempodetormentas.com\/#organization\"},\"potentialAction\":[{\"@type\":\"SearchAction\",\"target\":{\"@type\":\"EntryPoint\",\"urlTemplate\":\"https:\/\/tiempodetormentas.com\/?s={search_term_string}\"},\"query-input\":{\"@type\":\"PropertyValueSpecification\",\"valueRequired\":true,\"valueName\":\"search_term_string\"}}],\"inLanguage\":\"en-GB\"},{\"@type\":\"Organization\",\"@id\":\"https:\/\/tiempodetormentas.com\/#organization\",\"name\":\"Tiempo de Tormentas\",\"url\":\"https:\/\/tiempodetormentas.com\/\",\"logo\":{\"@type\":\"ImageObject\",\"inLanguage\":\"en-GB\",\"@id\":\"https:\/\/tiempodetormentas.com\/#\/schema\/logo\/image\/\",\"url\":\"https:\/\/tiempodetormentas.com\/wp-content\/uploads\/2022\/01\/tiempo-de-tormentas.png\",\"contentUrl\":\"https:\/\/tiempodetormentas.com\/wp-content\/uploads\/2022\/01\/tiempo-de-tormentas.png\",\"width\":448,\"height\":121,\"caption\":\"Tiempo de Tormentas\"},\"image\":{\"@id\":\"https:\/\/tiempodetormentas.com\/#\/schema\/logo\/image\/\"}},{\"@type\":\"Person\",\"@id\":\"https:\/\/tiempodetormentas.com\/#\/schema\/person\/7e59b0ab3f525f413b127a9f2727eee7\",\"name\":\"Ray Lorens\",\"image\":{\"@type\":\"ImageObject\",\"inLanguage\":\"en-GB\",\"@id\":\"https:\/\/tiempodetormentas.com\/#\/schema\/person\/image\/\",\"url\":\"https:\/\/secure.gravatar.com\/avatar\/455622daf1ca0bf2f3b43adae4fc14ec90d08bdcfdbfc9c5f24527bb1d711a5a?s=96&d=mm&r=g\",\"contentUrl\":\"https:\/\/secure.gravatar.com\/avatar\/455622daf1ca0bf2f3b43adae4fc14ec90d08bdcfdbfc9c5f24527bb1d711a5a?s=96&d=mm&r=g\",\"caption\":\"Ray Lorens\"},\"description\":\"cineasta, escritor, periodista\",\"sameAs\":[\"https:\/\/tiempodetormentas.com\"],\"url\":\"https:\/\/tiempodetormentas.com\/en\/author\/ray\/\"}]}<\/script>\n<!-- \/ Yoast SEO plugin. -->","yoast_head_json":{"title":"EXITOSA CONVOCATORIA DE LAS I JORNADAS DE MUJER Y CULTURA, de pasillo verde ferroviario - Tiempo de Tormentas","robots":{"index":"index","follow":"follow","max-snippet":"max-snippet:-1","max-image-preview":"max-image-preview:large","max-video-preview":"max-video-preview:-1"},"canonical":"https:\/\/tiempodetormentas.com\/en\/cultura\/exitosas-las-i-jornadas-de-mujer-y-cultura-de-pasillo-verde-ferroviario\/","og_locale":"en_GB","og_type":"article","og_title":"EXITOSA CONVOCATORIA DE LAS I JORNADAS DE MUJER Y CULTURA, de pasillo verde ferroviario - Tiempo de Tormentas","og_description":"Con motivo del pr\u00f3ximo 8 de Marzo, d\u00eda de la Mujer Pasillo verde ferroviario y PCM han organizado este 6 de marzo un acto muy emotivo y de alta calidad art\u00edstica en el que han participado\u00a0 Rosa Mar\u00eda Fern\u00e1ndez Sof\u00eda , que ha presentado su obra \u00abLa pasi\u00f3n sin matices\u00bb, testimonio de vida y obra [&hellip;]","og_url":"https:\/\/tiempodetormentas.com\/en\/cultura\/exitosas-las-i-jornadas-de-mujer-y-cultura-de-pasillo-verde-ferroviario\/","og_site_name":"Tiempo de Tormentas","article_published_time":"2025-03-07T00:35:17+00:00","article_modified_time":"2025-03-07T12:50:26+00:00","og_image":[{"width":400,"height":566,"url":"https:\/\/tiempodetormentas.com\/wp-content\/uploads\/2025\/03\/114314-cuba-protagonista-de-la-i-jornada-mujer-y-cultura-en-madrid-con-la-escritora-rosa-maria-fernandez-y-la-cantautora-katia-marquez-6-de-marzo.jpg","type":"image\/jpeg"}],"author":"Ray Lorens","twitter_card":"summary_large_image","twitter_misc":{"Written by":"Ray Lorens","Estimated reading time":"7 minutes"},"schema":{"@context":"https:\/\/schema.org","@graph":[{"@type":"Article","@id":"https:\/\/tiempodetormentas.com\/cultura\/exitosas-las-i-jornadas-de-mujer-y-cultura-de-pasillo-verde-ferroviario\/#article","isPartOf":{"@id":"https:\/\/tiempodetormentas.com\/cultura\/exitosas-las-i-jornadas-de-mujer-y-cultura-de-pasillo-verde-ferroviario\/"},"author":{"name":"Ray Lorens","@id":"https:\/\/tiempodetormentas.com\/#\/schema\/person\/7e59b0ab3f525f413b127a9f2727eee7"},"headline":"EXITOSA CONVOCATORIA DE LAS I JORNADAS DE MUJER Y CULTURA, de pasillo verde ferroviario","datePublished":"2025-03-07T00:35:17+00:00","dateModified":"2025-03-07T12:50:26+00:00","mainEntityOfPage":{"@id":"https:\/\/tiempodetormentas.com\/cultura\/exitosas-las-i-jornadas-de-mujer-y-cultura-de-pasillo-verde-ferroviario\/"},"wordCount":1154,"commentCount":3,"publisher":{"@id":"https:\/\/tiempodetormentas.com\/#organization"},"image":{"@id":"https:\/\/tiempodetormentas.com\/cultura\/exitosas-las-i-jornadas-de-mujer-y-cultura-de-pasillo-verde-ferroviario\/#primaryimage"},"thumbnailUrl":"https:\/\/tiempodetormentas.com\/wp-content\/uploads\/2025\/03\/114314-cuba-protagonista-de-la-i-jornada-mujer-y-cultura-en-madrid-con-la-escritora-rosa-maria-fernandez-y-la-cantautora-katia-marquez-6-de-marzo.jpg","articleSection":["Cartelera","Cultura","M\u00fasica"],"inLanguage":"en-GB","potentialAction":[{"@type":"CommentAction","name":"Comment","target":["https:\/\/tiempodetormentas.com\/cultura\/exitosas-las-i-jornadas-de-mujer-y-cultura-de-pasillo-verde-ferroviario\/#respond"]}]},{"@type":"WebPage","@id":"https:\/\/tiempodetormentas.com\/cultura\/exitosas-las-i-jornadas-de-mujer-y-cultura-de-pasillo-verde-ferroviario\/","url":"https:\/\/tiempodetormentas.com\/cultura\/exitosas-las-i-jornadas-de-mujer-y-cultura-de-pasillo-verde-ferroviario\/","name":"EXITOSA CONVOCATORIA DE LAS I JORNADAS DE MUJER Y CULTURA, de pasillo verde ferroviario - Tiempo de Tormentas","isPartOf":{"@id":"https:\/\/tiempodetormentas.com\/#website"},"primaryImageOfPage":{"@id":"https:\/\/tiempodetormentas.com\/cultura\/exitosas-las-i-jornadas-de-mujer-y-cultura-de-pasillo-verde-ferroviario\/#primaryimage"},"image":{"@id":"https:\/\/tiempodetormentas.com\/cultura\/exitosas-las-i-jornadas-de-mujer-y-cultura-de-pasillo-verde-ferroviario\/#primaryimage"},"thumbnailUrl":"https:\/\/tiempodetormentas.com\/wp-content\/uploads\/2025\/03\/114314-cuba-protagonista-de-la-i-jornada-mujer-y-cultura-en-madrid-con-la-escritora-rosa-maria-fernandez-y-la-cantautora-katia-marquez-6-de-marzo.jpg","datePublished":"2025-03-07T00:35:17+00:00","dateModified":"2025-03-07T12:50:26+00:00","breadcrumb":{"@id":"https:\/\/tiempodetormentas.com\/cultura\/exitosas-las-i-jornadas-de-mujer-y-cultura-de-pasillo-verde-ferroviario\/#breadcrumb"},"inLanguage":"en-GB","potentialAction":[{"@type":"ReadAction","target":["https:\/\/tiempodetormentas.com\/cultura\/exitosas-las-i-jornadas-de-mujer-y-cultura-de-pasillo-verde-ferroviario\/"]}]},{"@type":"ImageObject","inLanguage":"en-GB","@id":"https:\/\/tiempodetormentas.com\/cultura\/exitosas-las-i-jornadas-de-mujer-y-cultura-de-pasillo-verde-ferroviario\/#primaryimage","url":"https:\/\/tiempodetormentas.com\/wp-content\/uploads\/2025\/03\/114314-cuba-protagonista-de-la-i-jornada-mujer-y-cultura-en-madrid-con-la-escritora-rosa-maria-fernandez-y-la-cantautora-katia-marquez-6-de-marzo.jpg","contentUrl":"https:\/\/tiempodetormentas.com\/wp-content\/uploads\/2025\/03\/114314-cuba-protagonista-de-la-i-jornada-mujer-y-cultura-en-madrid-con-la-escritora-rosa-maria-fernandez-y-la-cantautora-katia-marquez-6-de-marzo.jpg","width":400,"height":566},{"@type":"BreadcrumbList","@id":"https:\/\/tiempodetormentas.com\/cultura\/exitosas-las-i-jornadas-de-mujer-y-cultura-de-pasillo-verde-ferroviario\/#breadcrumb","itemListElement":[{"@type":"ListItem","position":1,"name":"Portada","item":"https:\/\/tiempodetormentas.com\/"},{"@type":"ListItem","position":2,"name":"EXITOSA CONVOCATORIA DE LAS I JORNADAS DE MUJER Y CULTURA, de pasillo verde ferroviario"}]},{"@type":"WebSite","@id":"https:\/\/tiempodetormentas.com\/#website","url":"https:\/\/tiempodetormentas.com\/","name":"Tiempo de Tormentas","description":"Edita el club de la bruma","publisher":{"@id":"https:\/\/tiempodetormentas.com\/#organization"},"potentialAction":[{"@type":"SearchAction","target":{"@type":"EntryPoint","urlTemplate":"https:\/\/tiempodetormentas.com\/?s={search_term_string}"},"query-input":{"@type":"PropertyValueSpecification","valueRequired":true,"valueName":"search_term_string"}}],"inLanguage":"en-GB"},{"@type":"Organization","@id":"https:\/\/tiempodetormentas.com\/#organization","name":"Tiempo de Tormentas","url":"https:\/\/tiempodetormentas.com\/","logo":{"@type":"ImageObject","inLanguage":"en-GB","@id":"https:\/\/tiempodetormentas.com\/#\/schema\/logo\/image\/","url":"https:\/\/tiempodetormentas.com\/wp-content\/uploads\/2022\/01\/tiempo-de-tormentas.png","contentUrl":"https:\/\/tiempodetormentas.com\/wp-content\/uploads\/2022\/01\/tiempo-de-tormentas.png","width":448,"height":121,"caption":"Tiempo de Tormentas"},"image":{"@id":"https:\/\/tiempodetormentas.com\/#\/schema\/logo\/image\/"}},{"@type":"Person","@id":"https:\/\/tiempodetormentas.com\/#\/schema\/person\/7e59b0ab3f525f413b127a9f2727eee7","name":"Ray Lorens","image":{"@type":"ImageObject","inLanguage":"en-GB","@id":"https:\/\/tiempodetormentas.com\/#\/schema\/person\/image\/","url":"https:\/\/secure.gravatar.com\/avatar\/455622daf1ca0bf2f3b43adae4fc14ec90d08bdcfdbfc9c5f24527bb1d711a5a?s=96&d=mm&r=g","contentUrl":"https:\/\/secure.gravatar.com\/avatar\/455622daf1ca0bf2f3b43adae4fc14ec90d08bdcfdbfc9c5f24527bb1d711a5a?s=96&d=mm&r=g","caption":"Ray Lorens"},"description":"cineasta, escritor, periodista","sameAs":["https:\/\/tiempodetormentas.com"],"url":"https:\/\/tiempodetormentas.com\/en\/author\/ray\/"}]}},"_links":{"self":[{"href":"https:\/\/tiempodetormentas.com\/en\/wp-json\/wp\/v2\/posts\/2258","targetHints":{"allow":["GET"]}}],"collection":[{"href":"https:\/\/tiempodetormentas.com\/en\/wp-json\/wp\/v2\/posts"}],"about":[{"href":"https:\/\/tiempodetormentas.com\/en\/wp-json\/wp\/v2\/types\/post"}],"author":[{"embeddable":true,"href":"https:\/\/tiempodetormentas.com\/en\/wp-json\/wp\/v2\/users\/1"}],"replies":[{"embeddable":true,"href":"https:\/\/tiempodetormentas.com\/en\/wp-json\/wp\/v2\/comments?post=2258"}],"version-history":[{"count":4,"href":"https:\/\/tiempodetormentas.com\/en\/wp-json\/wp\/v2\/posts\/2258\/revisions"}],"predecessor-version":[{"id":2279,"href":"https:\/\/tiempodetormentas.com\/en\/wp-json\/wp\/v2\/posts\/2258\/revisions\/2279"}],"wp:featuredmedia":[{"embeddable":true,"href":"https:\/\/tiempodetormentas.com\/en\/wp-json\/wp\/v2\/media\/2260"}],"wp:attachment":[{"href":"https:\/\/tiempodetormentas.com\/en\/wp-json\/wp\/v2\/media?parent=2258"}],"wp:term":[{"taxonomy":"category","embeddable":true,"href":"https:\/\/tiempodetormentas.com\/en\/wp-json\/wp\/v2\/categories?post=2258"},{"taxonomy":"post_tag","embeddable":true,"href":"https:\/\/tiempodetormentas.com\/en\/wp-json\/wp\/v2\/tags?post=2258"}],"curies":[{"name":"wp","href":"https:\/\/api.w.org\/{rel}","templated":true}]}}