{"id":2248,"date":"2025-03-05T20:56:39","date_gmt":"2025-03-05T20:56:39","guid":{"rendered":"https:\/\/tiempodetormentas.com\/?p=2248"},"modified":"2025-03-05T20:56:39","modified_gmt":"2025-03-05T20:56:39","slug":"50-anos-de-islandia-primera-victoria-feminista-de-la-historia-1975","status":"publish","type":"post","link":"https:\/\/tiempodetormentas.com\/en\/humanidad\/50-anos-de-islandia-primera-victoria-feminista-de-la-historia-1975\/","title":{"rendered":"50 A\u00d1OS DE ISLANDIA PRIMERA VICTORIA FEMINISTA DE LA HISTORIA, 1975"},"content":{"rendered":"<p>&nbsp;<\/p>\n<p>&nbsp;<\/p>\n<h1 id=\"title-0\" class=\"L6-news-detail__title\">50 a\u00f1os del paro en que las mujeres islandesas pararon el pa\u00eds y lo transformaron radicalmente.<\/h1>\n<h1 class=\"L6-news-detail__title\"><img decoding=\"async\" src=\"https:\/\/cadenaser.com\/resizer\/v2\/T7YLB2HESRON5OX6WDN4OLPKJA.jpg?auth=2f2bba12668bb31bce145a5939fabc678c83f508bb793c33d311dab123b33980\" alt=\"La primera huelga feminista de la historia | Sociedad | Actualidad | Cadena  SER\" \/><\/h1>\n<div class=\"L6-news-detail__intro\">\n<h2 class=\"L6-news-detail__text\">En 1975, el 90% de las mujeres Islandesas salieron de sus trabajos, pararon la producci\u00f3n de todo un pa\u00eds, para exigir igualdad de g\u00e9nero, desencadenando la aprobaci\u00f3n de leyes que lo hicieron posible<\/h2>\n<aside class=\"L6-news__supports L6-news__supports--LasClaves\">\n<h4>Los hombres se encargaron de las tareas del hogar y del cuidado de los ni\u00f1os, quiz\u00e1 por eso llamaron a la jornada\u00a0 \u00abviernes largo\u00bb<\/h4>\n<h4>Pasado un a\u00f1o Islandia aprob\u00f3 una ley de igualdad salarial y eleg\u00eda cuatro a\u00f1os m\u00e1s tarde a la primera presidenta del mundo, <strong>Vigd\u00eds Finnbogad\u00f3ttir<\/strong>.<\/h4>\n<p>&nbsp;<\/p>\n<p><img decoding=\"async\" src=\"https:\/\/www.sopitas.com\/wp-content\/uploads\/2020\/03\/huelga-islandia.jpg\" alt=\"24 de octubre de 1975: El d\u00eda que las mujeres paralizaron Islandia\" \/><\/p>\n<h4><span style=\"font-family: Verdana, BlinkMacSystemFont, -apple-system, 'Segoe UI', Roboto, Oxygen, Ubuntu, Cantarell, 'Open Sans', 'Helvetica Neue', sans-serif;\">Este A\u00d1O DEL 2025, de cara al 8 de marzo se van a cumplir\u00a0 50 a\u00f1os desde aqul 24 de octubre de <\/span><b style=\"font-family: Verdana, BlinkMacSystemFont, -apple-system, 'Segoe UI', Roboto, Oxygen, Ubuntu, Cantarell, 'Open Sans', 'Helvetica Neue', sans-serif;\">la huelga de mujeres en Islandia de 1975<\/b><span style=\"font-family: Verdana, BlinkMacSystemFont, -apple-system, 'Segoe UI', Roboto, Oxygen, Ubuntu, Cantarell, 'Open Sans', 'Helvetica Neue', sans-serif;\">.<\/span><\/h4>\n<\/aside>\n<\/div>\n<div id=\"intext\" class=\"L6-news-detail__body\">\n<h4 class=\"L6-news-detail__text\">Aproximadamente un 90% de las mujeres abandonaron sus trabajos, tanto fuera de casa como dentro de ellas, parando todo un pa\u00eds con un \u00e9xito de convocatoria sin precedentes.<\/h4>\n<h4 class=\"L6-news-detail__text\">Las mujeres tomaban las calles pidiendo el fin de la discriminaci\u00f3n en todas las materias, la igualdad salarial, el reparto justo de las tareas del hogar y un sistema educativo que garantizara las mismas oportunidades para ni\u00f1as y ni\u00f1os.<\/h4>\n<h4 class=\"L6-news-detail__text\"><b>Despu\u00e9s de aquella jornada nada result\u00f3 igual, un hito que marc\u00f3 un antes y un despu\u00e9s<\/b>. Al d\u00eda de hoy el pa\u00eds encabeza los rankings de igualdad de g\u00e9nero, con el mayor n\u00famero de diputadas en Europa, un permiso parental equitativo y leyes que obligan a las empresas a certificar la igualdad salarial.<\/h4>\n<h4 class=\"L6-news-detail__text\"><img decoding=\"async\" src=\"https:\/\/casmujer.com\/wp-content\/uploads\/2020\/03\/PORTADA-1-12-1024x538-1-e1583359030889.jpg\" \/><\/h4>\n<p class=\"L6-news-detail__text\">En 1975, en Espa\u00f1a las mujeres continuaban con el permiso marital, que las obligaba a pedir autorizaci\u00f3n a sus maridos para trabajar o abrir una cuenta bancaria. Cincuenta a\u00f1os m\u00e1s tarde, <b>Espa\u00f1a ha avanzado y ocupa el d\u00e9cimo puesto en igualdad de g\u00e9nero. <\/b>En <b>tiempodetormentas.com <\/b>recordamos esa fecha de\u00a0 la huelga islandesa como ejemplo de lo que se logra cuando las mujeres se unen y dicen basta.<\/p>\n<\/div>","protected":false},"excerpt":{"rendered":"<p>&nbsp; &nbsp; 50 a\u00f1os del paro en que las mujeres islandesas pararon el pa\u00eds y lo transformaron radicalmente. En 1975, el 90% de las mujeres Islandesas salieron de sus trabajos, pararon la producci\u00f3n de todo un pa\u00eds, para exigir igualdad de g\u00e9nero, desencadenando la aprobaci\u00f3n de leyes que lo hicieron posible Los hombres se encargaron [&hellip;]<\/p>","protected":false},"author":1,"featured_media":2249,"comment_status":"open","ping_status":"open","sticky":true,"template":"","format":"standard","meta":{"footnotes":""},"categories":[36,35,2],"tags":[],"class_list":{"0":"post-2248","1":"post","2":"type-post","3":"status-publish","4":"format-standard","5":"has-post-thumbnail","7":"category-europa","8":"category-internacional","9":"category-humanidad"},"yoast_head":"<!-- This site is optimized with the Yoast SEO plugin v26.2 - https:\/\/yoast.com\/wordpress\/plugins\/seo\/ -->\n<title>50 A\u00d1OS DE ISLANDIA PRIMERA VICTORIA FEMINISTA DE LA HISTORIA, 1975 - Tiempo de Tormentas<\/title>\n<meta name=\"robots\" content=\"index, follow, max-snippet:-1, max-image-preview:large, max-video-preview:-1\" \/>\n<link rel=\"canonical\" href=\"https:\/\/tiempodetormentas.com\/en\/humanidad\/50-anos-de-islandia-primera-victoria-feminista-de-la-historia-1975\/\" \/>\n<meta property=\"og:locale\" content=\"en_GB\" \/>\n<meta property=\"og:type\" content=\"article\" \/>\n<meta property=\"og:title\" content=\"50 A\u00d1OS DE ISLANDIA PRIMERA VICTORIA FEMINISTA DE LA HISTORIA, 1975 - Tiempo de Tormentas\" \/>\n<meta property=\"og:description\" content=\"&nbsp; &nbsp; 50 a\u00f1os del paro en que las mujeres islandesas pararon el pa\u00eds y lo transformaron radicalmente. En 1975, el 90% de las mujeres Islandesas salieron de sus trabajos, pararon la producci\u00f3n de todo un pa\u00eds, para exigir igualdad de g\u00e9nero, desencadenando la aprobaci\u00f3n de leyes que lo hicieron posible Los hombres se encargaron [&hellip;]\" \/>\n<meta property=\"og:url\" content=\"https:\/\/tiempodetormentas.com\/en\/humanidad\/50-anos-de-islandia-primera-victoria-feminista-de-la-historia-1975\/\" \/>\n<meta property=\"og:site_name\" content=\"Tiempo de Tormentas\" \/>\n<meta property=\"article:published_time\" content=\"2025-03-05T20:56:39+00:00\" \/>\n<meta property=\"og:image\" content=\"https:\/\/tiempodetormentas.com\/wp-content\/uploads\/2025\/03\/huelga-islandia-8M-1.webp\" \/>\n\t<meta property=\"og:image:width\" content=\"1128\" \/>\n\t<meta property=\"og:image:height\" content=\"581\" \/>\n\t<meta property=\"og:image:type\" content=\"image\/webp\" \/>\n<meta name=\"author\" content=\"Ray Lorens\" \/>\n<meta name=\"twitter:card\" content=\"summary_large_image\" \/>\n<meta name=\"twitter:label1\" content=\"Written by\" \/>\n\t<meta name=\"twitter:data1\" content=\"Ray Lorens\" \/>\n\t<meta name=\"twitter:label2\" content=\"Estimated reading time\" \/>\n\t<meta name=\"twitter:data2\" content=\"3 minutes\" \/>\n<script type=\"application\/ld+json\" class=\"yoast-schema-graph\">{\"@context\":\"https:\/\/schema.org\",\"@graph\":[{\"@type\":\"Article\",\"@id\":\"https:\/\/tiempodetormentas.com\/humanidad\/50-anos-de-islandia-primera-victoria-feminista-de-la-historia-1975\/#article\",\"isPartOf\":{\"@id\":\"https:\/\/tiempodetormentas.com\/humanidad\/50-anos-de-islandia-primera-victoria-feminista-de-la-historia-1975\/\"},\"author\":{\"name\":\"Ray Lorens\",\"@id\":\"https:\/\/tiempodetormentas.com\/#\/schema\/person\/7e59b0ab3f525f413b127a9f2727eee7\"},\"headline\":\"50 A\u00d1OS DE ISLANDIA PRIMERA VICTORIA FEMINISTA DE LA HISTORIA, 1975\",\"datePublished\":\"2025-03-05T20:56:39+00:00\",\"mainEntityOfPage\":{\"@id\":\"https:\/\/tiempodetormentas.com\/humanidad\/50-anos-de-islandia-primera-victoria-feminista-de-la-historia-1975\/\"},\"wordCount\":350,\"commentCount\":3,\"publisher\":{\"@id\":\"https:\/\/tiempodetormentas.com\/#organization\"},\"image\":{\"@id\":\"https:\/\/tiempodetormentas.com\/humanidad\/50-anos-de-islandia-primera-victoria-feminista-de-la-historia-1975\/#primaryimage\"},\"thumbnailUrl\":\"https:\/\/tiempodetormentas.com\/wp-content\/uploads\/2025\/03\/huelga-islandia-8M-1.webp\",\"articleSection\":[\"Europa\",\"Internacional\",\"La Humanidad\"],\"inLanguage\":\"en-GB\",\"potentialAction\":[{\"@type\":\"CommentAction\",\"name\":\"Comment\",\"target\":[\"https:\/\/tiempodetormentas.com\/humanidad\/50-anos-de-islandia-primera-victoria-feminista-de-la-historia-1975\/#respond\"]}]},{\"@type\":\"WebPage\",\"@id\":\"https:\/\/tiempodetormentas.com\/humanidad\/50-anos-de-islandia-primera-victoria-feminista-de-la-historia-1975\/\",\"url\":\"https:\/\/tiempodetormentas.com\/humanidad\/50-anos-de-islandia-primera-victoria-feminista-de-la-historia-1975\/\",\"name\":\"50 A\u00d1OS DE ISLANDIA PRIMERA VICTORIA FEMINISTA DE LA HISTORIA, 1975 - Tiempo de Tormentas\",\"isPartOf\":{\"@id\":\"https:\/\/tiempodetormentas.com\/#website\"},\"primaryImageOfPage\":{\"@id\":\"https:\/\/tiempodetormentas.com\/humanidad\/50-anos-de-islandia-primera-victoria-feminista-de-la-historia-1975\/#primaryimage\"},\"image\":{\"@id\":\"https:\/\/tiempodetormentas.com\/humanidad\/50-anos-de-islandia-primera-victoria-feminista-de-la-historia-1975\/#primaryimage\"},\"thumbnailUrl\":\"https:\/\/tiempodetormentas.com\/wp-content\/uploads\/2025\/03\/huelga-islandia-8M-1.webp\",\"datePublished\":\"2025-03-05T20:56:39+00:00\",\"breadcrumb\":{\"@id\":\"https:\/\/tiempodetormentas.com\/humanidad\/50-anos-de-islandia-primera-victoria-feminista-de-la-historia-1975\/#breadcrumb\"},\"inLanguage\":\"en-GB\",\"potentialAction\":[{\"@type\":\"ReadAction\",\"target\":[\"https:\/\/tiempodetormentas.com\/humanidad\/50-anos-de-islandia-primera-victoria-feminista-de-la-historia-1975\/\"]}]},{\"@type\":\"ImageObject\",\"inLanguage\":\"en-GB\",\"@id\":\"https:\/\/tiempodetormentas.com\/humanidad\/50-anos-de-islandia-primera-victoria-feminista-de-la-historia-1975\/#primaryimage\",\"url\":\"https:\/\/tiempodetormentas.com\/wp-content\/uploads\/2025\/03\/huelga-islandia-8M-1.webp\",\"contentUrl\":\"https:\/\/tiempodetormentas.com\/wp-content\/uploads\/2025\/03\/huelga-islandia-8M-1.webp\",\"width\":1128,\"height\":581},{\"@type\":\"BreadcrumbList\",\"@id\":\"https:\/\/tiempodetormentas.com\/humanidad\/50-anos-de-islandia-primera-victoria-feminista-de-la-historia-1975\/#breadcrumb\",\"itemListElement\":[{\"@type\":\"ListItem\",\"position\":1,\"name\":\"Portada\",\"item\":\"https:\/\/tiempodetormentas.com\/\"},{\"@type\":\"ListItem\",\"position\":2,\"name\":\"50 A\u00d1OS DE ISLANDIA PRIMERA VICTORIA FEMINISTA DE LA HISTORIA, 1975\"}]},{\"@type\":\"WebSite\",\"@id\":\"https:\/\/tiempodetormentas.com\/#website\",\"url\":\"https:\/\/tiempodetormentas.com\/\",\"name\":\"Tiempo de Tormentas\",\"description\":\"Edita el club de la bruma\",\"publisher\":{\"@id\":\"https:\/\/tiempodetormentas.com\/#organization\"},\"potentialAction\":[{\"@type\":\"SearchAction\",\"target\":{\"@type\":\"EntryPoint\",\"urlTemplate\":\"https:\/\/tiempodetormentas.com\/?s={search_term_string}\"},\"query-input\":{\"@type\":\"PropertyValueSpecification\",\"valueRequired\":true,\"valueName\":\"search_term_string\"}}],\"inLanguage\":\"en-GB\"},{\"@type\":\"Organization\",\"@id\":\"https:\/\/tiempodetormentas.com\/#organization\",\"name\":\"Tiempo de Tormentas\",\"url\":\"https:\/\/tiempodetormentas.com\/\",\"logo\":{\"@type\":\"ImageObject\",\"inLanguage\":\"en-GB\",\"@id\":\"https:\/\/tiempodetormentas.com\/#\/schema\/logo\/image\/\",\"url\":\"https:\/\/tiempodetormentas.com\/wp-content\/uploads\/2022\/01\/tiempo-de-tormentas.png\",\"contentUrl\":\"https:\/\/tiempodetormentas.com\/wp-content\/uploads\/2022\/01\/tiempo-de-tormentas.png\",\"width\":448,\"height\":121,\"caption\":\"Tiempo de Tormentas\"},\"image\":{\"@id\":\"https:\/\/tiempodetormentas.com\/#\/schema\/logo\/image\/\"}},{\"@type\":\"Person\",\"@id\":\"https:\/\/tiempodetormentas.com\/#\/schema\/person\/7e59b0ab3f525f413b127a9f2727eee7\",\"name\":\"Ray Lorens\",\"image\":{\"@type\":\"ImageObject\",\"inLanguage\":\"en-GB\",\"@id\":\"https:\/\/tiempodetormentas.com\/#\/schema\/person\/image\/\",\"url\":\"https:\/\/secure.gravatar.com\/avatar\/455622daf1ca0bf2f3b43adae4fc14ec90d08bdcfdbfc9c5f24527bb1d711a5a?s=96&d=mm&r=g\",\"contentUrl\":\"https:\/\/secure.gravatar.com\/avatar\/455622daf1ca0bf2f3b43adae4fc14ec90d08bdcfdbfc9c5f24527bb1d711a5a?s=96&d=mm&r=g\",\"caption\":\"Ray Lorens\"},\"description\":\"cineasta, escritor, periodista\",\"sameAs\":[\"https:\/\/tiempodetormentas.com\"],\"url\":\"https:\/\/tiempodetormentas.com\/en\/author\/ray\/\"}]}<\/script>\n<!-- \/ Yoast SEO plugin. -->","yoast_head_json":{"title":"50 A\u00d1OS DE ISLANDIA PRIMERA VICTORIA FEMINISTA DE LA HISTORIA, 1975 - Tiempo de Tormentas","robots":{"index":"index","follow":"follow","max-snippet":"max-snippet:-1","max-image-preview":"max-image-preview:large","max-video-preview":"max-video-preview:-1"},"canonical":"https:\/\/tiempodetormentas.com\/en\/humanidad\/50-anos-de-islandia-primera-victoria-feminista-de-la-historia-1975\/","og_locale":"en_GB","og_type":"article","og_title":"50 A\u00d1OS DE ISLANDIA PRIMERA VICTORIA FEMINISTA DE LA HISTORIA, 1975 - Tiempo de Tormentas","og_description":"&nbsp; &nbsp; 50 a\u00f1os del paro en que las mujeres islandesas pararon el pa\u00eds y lo transformaron radicalmente. En 1975, el 90% de las mujeres Islandesas salieron de sus trabajos, pararon la producci\u00f3n de todo un pa\u00eds, para exigir igualdad de g\u00e9nero, desencadenando la aprobaci\u00f3n de leyes que lo hicieron posible Los hombres se encargaron [&hellip;]","og_url":"https:\/\/tiempodetormentas.com\/en\/humanidad\/50-anos-de-islandia-primera-victoria-feminista-de-la-historia-1975\/","og_site_name":"Tiempo de Tormentas","article_published_time":"2025-03-05T20:56:39+00:00","og_image":[{"width":1128,"height":581,"url":"https:\/\/tiempodetormentas.com\/wp-content\/uploads\/2025\/03\/huelga-islandia-8M-1.webp","type":"image\/webp"}],"author":"Ray Lorens","twitter_card":"summary_large_image","twitter_misc":{"Written by":"Ray Lorens","Estimated reading time":"3 minutes"},"schema":{"@context":"https:\/\/schema.org","@graph":[{"@type":"Article","@id":"https:\/\/tiempodetormentas.com\/humanidad\/50-anos-de-islandia-primera-victoria-feminista-de-la-historia-1975\/#article","isPartOf":{"@id":"https:\/\/tiempodetormentas.com\/humanidad\/50-anos-de-islandia-primera-victoria-feminista-de-la-historia-1975\/"},"author":{"name":"Ray Lorens","@id":"https:\/\/tiempodetormentas.com\/#\/schema\/person\/7e59b0ab3f525f413b127a9f2727eee7"},"headline":"50 A\u00d1OS DE ISLANDIA PRIMERA VICTORIA FEMINISTA DE LA HISTORIA, 1975","datePublished":"2025-03-05T20:56:39+00:00","mainEntityOfPage":{"@id":"https:\/\/tiempodetormentas.com\/humanidad\/50-anos-de-islandia-primera-victoria-feminista-de-la-historia-1975\/"},"wordCount":350,"commentCount":3,"publisher":{"@id":"https:\/\/tiempodetormentas.com\/#organization"},"image":{"@id":"https:\/\/tiempodetormentas.com\/humanidad\/50-anos-de-islandia-primera-victoria-feminista-de-la-historia-1975\/#primaryimage"},"thumbnailUrl":"https:\/\/tiempodetormentas.com\/wp-content\/uploads\/2025\/03\/huelga-islandia-8M-1.webp","articleSection":["Europa","Internacional","La Humanidad"],"inLanguage":"en-GB","potentialAction":[{"@type":"CommentAction","name":"Comment","target":["https:\/\/tiempodetormentas.com\/humanidad\/50-anos-de-islandia-primera-victoria-feminista-de-la-historia-1975\/#respond"]}]},{"@type":"WebPage","@id":"https:\/\/tiempodetormentas.com\/humanidad\/50-anos-de-islandia-primera-victoria-feminista-de-la-historia-1975\/","url":"https:\/\/tiempodetormentas.com\/humanidad\/50-anos-de-islandia-primera-victoria-feminista-de-la-historia-1975\/","name":"50 A\u00d1OS DE ISLANDIA PRIMERA VICTORIA FEMINISTA DE LA HISTORIA, 1975 - Tiempo de Tormentas","isPartOf":{"@id":"https:\/\/tiempodetormentas.com\/#website"},"primaryImageOfPage":{"@id":"https:\/\/tiempodetormentas.com\/humanidad\/50-anos-de-islandia-primera-victoria-feminista-de-la-historia-1975\/#primaryimage"},"image":{"@id":"https:\/\/tiempodetormentas.com\/humanidad\/50-anos-de-islandia-primera-victoria-feminista-de-la-historia-1975\/#primaryimage"},"thumbnailUrl":"https:\/\/tiempodetormentas.com\/wp-content\/uploads\/2025\/03\/huelga-islandia-8M-1.webp","datePublished":"2025-03-05T20:56:39+00:00","breadcrumb":{"@id":"https:\/\/tiempodetormentas.com\/humanidad\/50-anos-de-islandia-primera-victoria-feminista-de-la-historia-1975\/#breadcrumb"},"inLanguage":"en-GB","potentialAction":[{"@type":"ReadAction","target":["https:\/\/tiempodetormentas.com\/humanidad\/50-anos-de-islandia-primera-victoria-feminista-de-la-historia-1975\/"]}]},{"@type":"ImageObject","inLanguage":"en-GB","@id":"https:\/\/tiempodetormentas.com\/humanidad\/50-anos-de-islandia-primera-victoria-feminista-de-la-historia-1975\/#primaryimage","url":"https:\/\/tiempodetormentas.com\/wp-content\/uploads\/2025\/03\/huelga-islandia-8M-1.webp","contentUrl":"https:\/\/tiempodetormentas.com\/wp-content\/uploads\/2025\/03\/huelga-islandia-8M-1.webp","width":1128,"height":581},{"@type":"BreadcrumbList","@id":"https:\/\/tiempodetormentas.com\/humanidad\/50-anos-de-islandia-primera-victoria-feminista-de-la-historia-1975\/#breadcrumb","itemListElement":[{"@type":"ListItem","position":1,"name":"Portada","item":"https:\/\/tiempodetormentas.com\/"},{"@type":"ListItem","position":2,"name":"50 A\u00d1OS DE ISLANDIA PRIMERA VICTORIA FEMINISTA DE LA HISTORIA, 1975"}]},{"@type":"WebSite","@id":"https:\/\/tiempodetormentas.com\/#website","url":"https:\/\/tiempodetormentas.com\/","name":"Tiempo de Tormentas","description":"Edita el club de la bruma","publisher":{"@id":"https:\/\/tiempodetormentas.com\/#organization"},"potentialAction":[{"@type":"SearchAction","target":{"@type":"EntryPoint","urlTemplate":"https:\/\/tiempodetormentas.com\/?s={search_term_string}"},"query-input":{"@type":"PropertyValueSpecification","valueRequired":true,"valueName":"search_term_string"}}],"inLanguage":"en-GB"},{"@type":"Organization","@id":"https:\/\/tiempodetormentas.com\/#organization","name":"Tiempo de Tormentas","url":"https:\/\/tiempodetormentas.com\/","logo":{"@type":"ImageObject","inLanguage":"en-GB","@id":"https:\/\/tiempodetormentas.com\/#\/schema\/logo\/image\/","url":"https:\/\/tiempodetormentas.com\/wp-content\/uploads\/2022\/01\/tiempo-de-tormentas.png","contentUrl":"https:\/\/tiempodetormentas.com\/wp-content\/uploads\/2022\/01\/tiempo-de-tormentas.png","width":448,"height":121,"caption":"Tiempo de Tormentas"},"image":{"@id":"https:\/\/tiempodetormentas.com\/#\/schema\/logo\/image\/"}},{"@type":"Person","@id":"https:\/\/tiempodetormentas.com\/#\/schema\/person\/7e59b0ab3f525f413b127a9f2727eee7","name":"Ray Lorens","image":{"@type":"ImageObject","inLanguage":"en-GB","@id":"https:\/\/tiempodetormentas.com\/#\/schema\/person\/image\/","url":"https:\/\/secure.gravatar.com\/avatar\/455622daf1ca0bf2f3b43adae4fc14ec90d08bdcfdbfc9c5f24527bb1d711a5a?s=96&d=mm&r=g","contentUrl":"https:\/\/secure.gravatar.com\/avatar\/455622daf1ca0bf2f3b43adae4fc14ec90d08bdcfdbfc9c5f24527bb1d711a5a?s=96&d=mm&r=g","caption":"Ray Lorens"},"description":"cineasta, escritor, periodista","sameAs":["https:\/\/tiempodetormentas.com"],"url":"https:\/\/tiempodetormentas.com\/en\/author\/ray\/"}]}},"_links":{"self":[{"href":"https:\/\/tiempodetormentas.com\/en\/wp-json\/wp\/v2\/posts\/2248","targetHints":{"allow":["GET"]}}],"collection":[{"href":"https:\/\/tiempodetormentas.com\/en\/wp-json\/wp\/v2\/posts"}],"about":[{"href":"https:\/\/tiempodetormentas.com\/en\/wp-json\/wp\/v2\/types\/post"}],"author":[{"embeddable":true,"href":"https:\/\/tiempodetormentas.com\/en\/wp-json\/wp\/v2\/users\/1"}],"replies":[{"embeddable":true,"href":"https:\/\/tiempodetormentas.com\/en\/wp-json\/wp\/v2\/comments?post=2248"}],"version-history":[{"count":1,"href":"https:\/\/tiempodetormentas.com\/en\/wp-json\/wp\/v2\/posts\/2248\/revisions"}],"predecessor-version":[{"id":2250,"href":"https:\/\/tiempodetormentas.com\/en\/wp-json\/wp\/v2\/posts\/2248\/revisions\/2250"}],"wp:featuredmedia":[{"embeddable":true,"href":"https:\/\/tiempodetormentas.com\/en\/wp-json\/wp\/v2\/media\/2249"}],"wp:attachment":[{"href":"https:\/\/tiempodetormentas.com\/en\/wp-json\/wp\/v2\/media?parent=2248"}],"wp:term":[{"taxonomy":"category","embeddable":true,"href":"https:\/\/tiempodetormentas.com\/en\/wp-json\/wp\/v2\/categories?post=2248"},{"taxonomy":"post_tag","embeddable":true,"href":"https:\/\/tiempodetormentas.com\/en\/wp-json\/wp\/v2\/tags?post=2248"}],"curies":[{"name":"wp","href":"https:\/\/api.w.org\/{rel}","templated":true}]}}