{"id":2233,"date":"2025-03-05T00:01:09","date_gmt":"2025-03-05T00:01:09","guid":{"rendered":"https:\/\/tiempodetormentas.com\/?p=2233"},"modified":"2025-03-05T00:01:09","modified_gmt":"2025-03-05T00:01:09","slug":"estados-unidos-corta-los-envios-militares-a-ucrania","status":"publish","type":"post","link":"https:\/\/tiempodetormentas.com\/en\/humanidad\/estados-unidos-corta-los-envios-militares-a-ucrania\/","title":{"rendered":"Estados Unidos corta los env\u00edos militares a Ucrania"},"content":{"rendered":"<h1><img loading=\"lazy\" decoding=\"async\" class=\"aligncenter  wp-image-1148\" src=\"https:\/\/tiempodetormentas.com\/wp-content\/uploads\/2025\/01\/1737545210335.gif\" alt=\"\" width=\"587\" height=\"330\" \/><\/h1>\n<h1 class=\"card-title\"><a title=\"Leer: Estados Unidos corta los env\u00edos militares a Ucrania para que Zelensky firme el acuerdo propuesto por Trump\" href=\"https:\/\/www.elsaltodiario.com\/guerra-en-ucrania\/estados-unidos-corta-suministros-militares-forzar-ucrania-firmar-acuerdo-propuesto-trump\" target=\"\">Estados Unidos corta los env\u00edos militares a Ucrania .<\/a><\/h1>\n<div class=\"bajo d-flex flex-items--end align-items--end coment\">\n<h3 class=\"autores d-flex flex-row flex-wrap\">Preocupado por la vida de millones de j\u00f3venes ucranianos y rusos que no parar de morir por miles cada d\u00eda en esta guerra, eso dijo en el encuentro con Zelenski en la Casa Blanca, Donald Trump, el l\u00edder del \u00abmundo libre\u00bb, ha cortado todo el suministro de armas y ayuda a Zelenski hasta que deje de odiar tanto a Putin \u00abporque as\u00ed no se puede intermediar entre los dos mientras se caigan mal\u00bb. Y firm\u00f3 la suspensi\u00f3n de toda ayuda militar.<\/h3>\n<h3 class=\"autores d-flex flex-row flex-wrap\"><img loading=\"lazy\" decoding=\"async\" class=\"\" src=\"https:\/\/images.thenightly.com.au\/publication\/C-17888928\/49ca3aea0870509832aa2623d994909413b02bd6-4x3-x33y0w195h146.gif?imwidth=140\" alt=\"Trump and Zelensky's fiery press conference\" width=\"429\" height=\"241\" \/><\/h3>\n<h3>El Show Oval de Trump con su estrella invitada termin\u00f3 muy mal, de hecho le hech\u00f3 de casa, no sin buen humor, ya que cuando Zelensky abandonaba el recinto Trump le dijo \u00bb Ey, no olvides tu chaqueta\u00bb.<\/h3>\n<\/div>\n<p>Al d\u00eda siguiente y despu\u00e9s de que el peso pluma ucraniano dijera ante los medios de comunicaci\u00f3n aquello de : \u00bb el final de la guerra est\u00e1 muy, muy lejos, y a\u00fan tardar\u00e1 a\u00f1os en terminar\u00bb Donald Trump reuni\u00f3 su equipo y dio orden de cortar los suministros militares y equipamientos satelitales de ayuda hasta que\u00a0 Volodimir est\u00e9\u00a0 preparado para la paz.<\/p>\n<p>Con Joe Biden\u00a0 la Casa Blanca aprob\u00f3 74 paquetes de ayuda militar por valor de 65.900 millones de euros desde febrero de 2022, seg\u00fanThe Guardian. Tambi\u00e9n el sistema de defensa de misiles tierra-aire Patriot, 12 misiles Nasam, m\u00e1s de 3.000 misiles antia\u00e9reos Stinger, m\u00e1s de 200 obuses de 155mm con tres millones de proyectiles y 700.000 morteros, sin olvidar los m\u00e1s de 20.000 misiles antitanque, 20 helic\u00f3pteros, 31 tanques pesados, 300 veh\u00edculos de combate, 6.300 veh\u00edculos blindados de transporte militar y de personal y 500 millones de cartuchos de munici\u00f3n entre una largu\u00edsima lista repleta de muchos accesorios.<\/p>\n<h3 class=\"autores d-flex flex-row flex-wrap\">Trump adem\u00e1s le ha insistido en que firme el acuerdo a Volodimir Zelenski por el que se compromete a barrer todo el piso de Ucrania hasta que no quede ni una mota de tierra rara. Adem\u00e1s \u00e9l mismo se har\u00eda cargo del transporte porque toda esa tierra le vendr\u00eda muy bien para el \u00bb jard\u00edn estadounidense\u00bb sin que le haga falta el asesoramiento de Josep Borrell (un amigo de Biden al que no piensa contratar ni para adornar los floreros del despacho oval por su apoyo a los dem\u00f3cratas). Eso s\u00ed insiste que quiere que Zelenski le devuelva su dinero o le entregue el barro raro.El presidente de EEUU se mostr\u00f3 dispuesto a retomar las negociaciones con Zelensky sobre la extracci\u00f3n de las tierras raras . Siempre que muestre agradecimiento y deje de comportarse como un cr\u00edo exigente y mal educado.<\/h3>\n<h3 class=\"autores d-flex flex-row flex-wrap\"><img decoding=\"async\" src=\"https:\/\/i.imgflip.com\/9lunxi.gif\" alt=\"Putin laughing at Zelensky - Imgflip\" \/><\/h3>\n<p>La entrega de tierras raras se convierte en un asunto crucial para la nueva administraci\u00f3n republicana. \u00abEl est\u00fapido de Biden te di\u00f3 350.000 millones y queremos recuperarlo y no que vengas aqu\u00ed exigiendo 300.000 millones m\u00e1s para tu guerra. Est\u00e1s jugando con la III guerra mundial y eso est\u00e1 muy mal. Tienes que dar las gracias y querer la Paz porque est\u00e1s siendo muy desconsiderado con el pueblo norteamericano. Queremos recuperar nuestro dinero\u00bb<\/p>\n<h6 class=\"autores d-flex flex-row flex-wrap\"><img decoding=\"async\" src=\"https:\/\/i.imgflip.com\/9d1z5b.gif\" alt=\"When Trump met Zelensky - Imgflip\" \/>El presidente de EEUU se mostr\u00f3 dispuesto a retomar las negociaciones con Zelensky sobre la extracci\u00f3n de las tierras raras . Siempre que muestre agradecimiento y deje de comportarse como un cr\u00edo exigente y mal educado. O le devuelva la pasta.<\/h6>\n<div class=\"bajo d-flex flex-items--end align-items--end coment\">\n<h3 class=\"autores d-flex flex-row flex-wrap\"><\/h3>\n<\/div>\n<div class=\"bajo d-flex flex-items--end align-items--end coment\">\n<p>&nbsp;<\/p>\n<\/div>","protected":false},"excerpt":{"rendered":"<p>Estados Unidos corta los env\u00edos militares a Ucrania . Preocupado por la vida de millones de j\u00f3venes ucranianos y rusos que no parar de morir por miles cada d\u00eda en esta guerra, eso dijo en el encuentro con Zelenski en la Casa Blanca, Donald Trump, el l\u00edder del \u00abmundo libre\u00bb, ha cortado todo el suministro [&hellip;]<\/p>","protected":false},"author":13,"featured_media":2235,"comment_status":"open","ping_status":"open","sticky":true,"template":"","format":"standard","meta":{"footnotes":""},"categories":[35,2],"tags":[],"class_list":{"0":"post-2233","1":"post","2":"type-post","3":"status-publish","4":"format-standard","5":"has-post-thumbnail","7":"category-internacional","8":"category-humanidad"},"yoast_head":"<!-- This site is optimized with the Yoast SEO plugin v26.2 - https:\/\/yoast.com\/wordpress\/plugins\/seo\/ -->\n<title>Estados Unidos corta los env\u00edos militares a Ucrania - Tiempo de Tormentas<\/title>\n<meta name=\"robots\" content=\"index, follow, max-snippet:-1, max-image-preview:large, max-video-preview:-1\" \/>\n<link rel=\"canonical\" href=\"https:\/\/tiempodetormentas.com\/en\/humanidad\/estados-unidos-corta-los-envios-militares-a-ucrania\/\" \/>\n<meta property=\"og:locale\" content=\"en_GB\" \/>\n<meta property=\"og:type\" content=\"article\" \/>\n<meta property=\"og:title\" content=\"Estados Unidos corta los env\u00edos militares a Ucrania - Tiempo de Tormentas\" \/>\n<meta property=\"og:description\" content=\"Estados Unidos corta los env\u00edos militares a Ucrania . Preocupado por la vida de millones de j\u00f3venes ucranianos y rusos que no parar de morir por miles cada d\u00eda en esta guerra, eso dijo en el encuentro con Zelenski en la Casa Blanca, Donald Trump, el l\u00edder del \u00abmundo libre\u00bb, ha cortado todo el suministro [&hellip;]\" \/>\n<meta property=\"og:url\" content=\"https:\/\/tiempodetormentas.com\/en\/humanidad\/estados-unidos-corta-los-envios-militares-a-ucrania\/\" \/>\n<meta property=\"og:site_name\" content=\"Tiempo de Tormentas\" \/>\n<meta property=\"article:published_time\" content=\"2025-03-05T00:01:09+00:00\" \/>\n<meta property=\"og:image\" content=\"https:\/\/tiempodetormentas.com\/wp-content\/uploads\/2025\/03\/trump-zelensky-latest-clash-oval-office.gif\" \/>\n\t<meta property=\"og:image:width\" content=\"850\" \/>\n\t<meta property=\"og:image:height\" content=\"500\" \/>\n\t<meta property=\"og:image:type\" content=\"image\/gif\" \/>\n<meta name=\"author\" content=\"Tiempo de Tormentas\" \/>\n<meta name=\"twitter:card\" content=\"summary_large_image\" \/>\n<meta name=\"twitter:label1\" content=\"Written by\" \/>\n\t<meta name=\"twitter:data1\" content=\"Tiempo de Tormentas\" \/>\n\t<meta name=\"twitter:label2\" content=\"Estimated reading time\" \/>\n\t<meta name=\"twitter:data2\" content=\"4 minutes\" \/>\n<script type=\"application\/ld+json\" class=\"yoast-schema-graph\">{\"@context\":\"https:\/\/schema.org\",\"@graph\":[{\"@type\":\"Article\",\"@id\":\"https:\/\/tiempodetormentas.com\/humanidad\/estados-unidos-corta-los-envios-militares-a-ucrania\/#article\",\"isPartOf\":{\"@id\":\"https:\/\/tiempodetormentas.com\/humanidad\/estados-unidos-corta-los-envios-militares-a-ucrania\/\"},\"author\":{\"name\":\"Tiempo de Tormentas\",\"@id\":\"https:\/\/tiempodetormentas.com\/#\/schema\/person\/9a9e95f6209f068f15d4e1c74cc3718e\"},\"headline\":\"Estados Unidos corta los env\u00edos militares a Ucrania\",\"datePublished\":\"2025-03-05T00:01:09+00:00\",\"mainEntityOfPage\":{\"@id\":\"https:\/\/tiempodetormentas.com\/humanidad\/estados-unidos-corta-los-envios-militares-a-ucrania\/\"},\"wordCount\":568,\"commentCount\":1,\"publisher\":{\"@id\":\"https:\/\/tiempodetormentas.com\/#organization\"},\"image\":{\"@id\":\"https:\/\/tiempodetormentas.com\/humanidad\/estados-unidos-corta-los-envios-militares-a-ucrania\/#primaryimage\"},\"thumbnailUrl\":\"https:\/\/tiempodetormentas.com\/wp-content\/uploads\/2025\/03\/trump-zelensky-latest-clash-oval-office.gif\",\"articleSection\":[\"Internacional\",\"La Humanidad\"],\"inLanguage\":\"en-GB\",\"potentialAction\":[{\"@type\":\"CommentAction\",\"name\":\"Comment\",\"target\":[\"https:\/\/tiempodetormentas.com\/humanidad\/estados-unidos-corta-los-envios-militares-a-ucrania\/#respond\"]}]},{\"@type\":\"WebPage\",\"@id\":\"https:\/\/tiempodetormentas.com\/humanidad\/estados-unidos-corta-los-envios-militares-a-ucrania\/\",\"url\":\"https:\/\/tiempodetormentas.com\/humanidad\/estados-unidos-corta-los-envios-militares-a-ucrania\/\",\"name\":\"Estados Unidos corta los env\u00edos militares a Ucrania - Tiempo de Tormentas\",\"isPartOf\":{\"@id\":\"https:\/\/tiempodetormentas.com\/#website\"},\"primaryImageOfPage\":{\"@id\":\"https:\/\/tiempodetormentas.com\/humanidad\/estados-unidos-corta-los-envios-militares-a-ucrania\/#primaryimage\"},\"image\":{\"@id\":\"https:\/\/tiempodetormentas.com\/humanidad\/estados-unidos-corta-los-envios-militares-a-ucrania\/#primaryimage\"},\"thumbnailUrl\":\"https:\/\/tiempodetormentas.com\/wp-content\/uploads\/2025\/03\/trump-zelensky-latest-clash-oval-office.gif\",\"datePublished\":\"2025-03-05T00:01:09+00:00\",\"breadcrumb\":{\"@id\":\"https:\/\/tiempodetormentas.com\/humanidad\/estados-unidos-corta-los-envios-militares-a-ucrania\/#breadcrumb\"},\"inLanguage\":\"en-GB\",\"potentialAction\":[{\"@type\":\"ReadAction\",\"target\":[\"https:\/\/tiempodetormentas.com\/humanidad\/estados-unidos-corta-los-envios-militares-a-ucrania\/\"]}]},{\"@type\":\"ImageObject\",\"inLanguage\":\"en-GB\",\"@id\":\"https:\/\/tiempodetormentas.com\/humanidad\/estados-unidos-corta-los-envios-militares-a-ucrania\/#primaryimage\",\"url\":\"https:\/\/tiempodetormentas.com\/wp-content\/uploads\/2025\/03\/trump-zelensky-latest-clash-oval-office.gif\",\"contentUrl\":\"https:\/\/tiempodetormentas.com\/wp-content\/uploads\/2025\/03\/trump-zelensky-latest-clash-oval-office.gif\",\"width\":850,\"height\":500},{\"@type\":\"BreadcrumbList\",\"@id\":\"https:\/\/tiempodetormentas.com\/humanidad\/estados-unidos-corta-los-envios-militares-a-ucrania\/#breadcrumb\",\"itemListElement\":[{\"@type\":\"ListItem\",\"position\":1,\"name\":\"Portada\",\"item\":\"https:\/\/tiempodetormentas.com\/\"},{\"@type\":\"ListItem\",\"position\":2,\"name\":\"Estados Unidos corta los env\u00edos militares a Ucrania\"}]},{\"@type\":\"WebSite\",\"@id\":\"https:\/\/tiempodetormentas.com\/#website\",\"url\":\"https:\/\/tiempodetormentas.com\/\",\"name\":\"Tiempo de Tormentas\",\"description\":\"Edita el club de la bruma\",\"publisher\":{\"@id\":\"https:\/\/tiempodetormentas.com\/#organization\"},\"potentialAction\":[{\"@type\":\"SearchAction\",\"target\":{\"@type\":\"EntryPoint\",\"urlTemplate\":\"https:\/\/tiempodetormentas.com\/?s={search_term_string}\"},\"query-input\":{\"@type\":\"PropertyValueSpecification\",\"valueRequired\":true,\"valueName\":\"search_term_string\"}}],\"inLanguage\":\"en-GB\"},{\"@type\":\"Organization\",\"@id\":\"https:\/\/tiempodetormentas.com\/#organization\",\"name\":\"Tiempo de Tormentas\",\"url\":\"https:\/\/tiempodetormentas.com\/\",\"logo\":{\"@type\":\"ImageObject\",\"inLanguage\":\"en-GB\",\"@id\":\"https:\/\/tiempodetormentas.com\/#\/schema\/logo\/image\/\",\"url\":\"https:\/\/tiempodetormentas.com\/wp-content\/uploads\/2022\/01\/tiempo-de-tormentas.png\",\"contentUrl\":\"https:\/\/tiempodetormentas.com\/wp-content\/uploads\/2022\/01\/tiempo-de-tormentas.png\",\"width\":448,\"height\":121,\"caption\":\"Tiempo de Tormentas\"},\"image\":{\"@id\":\"https:\/\/tiempodetormentas.com\/#\/schema\/logo\/image\/\"}},{\"@type\":\"Person\",\"@id\":\"https:\/\/tiempodetormentas.com\/#\/schema\/person\/9a9e95f6209f068f15d4e1c74cc3718e\",\"name\":\"Tiempo de Tormentas\",\"image\":{\"@type\":\"ImageObject\",\"inLanguage\":\"en-GB\",\"@id\":\"https:\/\/tiempodetormentas.com\/#\/schema\/person\/image\/\",\"url\":\"https:\/\/secure.gravatar.com\/avatar\/1b3c03cb36f6ab2f16882ddfcb878f0ebda1187829a7882b31ff8c8cfc477e50?s=96&d=mm&r=g\",\"contentUrl\":\"https:\/\/secure.gravatar.com\/avatar\/1b3c03cb36f6ab2f16882ddfcb878f0ebda1187829a7882b31ff8c8cfc477e50?s=96&d=mm&r=g\",\"caption\":\"Tiempo de Tormentas\"},\"url\":\"https:\/\/tiempodetormentas.com\/en\/author\/tiempo-de-tormentas\/\"}]}<\/script>\n<!-- \/ Yoast SEO plugin. -->","yoast_head_json":{"title":"Estados Unidos corta los env\u00edos militares a Ucrania - Tiempo de Tormentas","robots":{"index":"index","follow":"follow","max-snippet":"max-snippet:-1","max-image-preview":"max-image-preview:large","max-video-preview":"max-video-preview:-1"},"canonical":"https:\/\/tiempodetormentas.com\/en\/humanidad\/estados-unidos-corta-los-envios-militares-a-ucrania\/","og_locale":"en_GB","og_type":"article","og_title":"Estados Unidos corta los env\u00edos militares a Ucrania - Tiempo de Tormentas","og_description":"Estados Unidos corta los env\u00edos militares a Ucrania . Preocupado por la vida de millones de j\u00f3venes ucranianos y rusos que no parar de morir por miles cada d\u00eda en esta guerra, eso dijo en el encuentro con Zelenski en la Casa Blanca, Donald Trump, el l\u00edder del \u00abmundo libre\u00bb, ha cortado todo el suministro [&hellip;]","og_url":"https:\/\/tiempodetormentas.com\/en\/humanidad\/estados-unidos-corta-los-envios-militares-a-ucrania\/","og_site_name":"Tiempo de Tormentas","article_published_time":"2025-03-05T00:01:09+00:00","og_image":[{"width":850,"height":500,"url":"https:\/\/tiempodetormentas.com\/wp-content\/uploads\/2025\/03\/trump-zelensky-latest-clash-oval-office.gif","type":"image\/gif"}],"author":"Tiempo de Tormentas","twitter_card":"summary_large_image","twitter_misc":{"Written by":"Tiempo de Tormentas","Estimated reading time":"4 minutes"},"schema":{"@context":"https:\/\/schema.org","@graph":[{"@type":"Article","@id":"https:\/\/tiempodetormentas.com\/humanidad\/estados-unidos-corta-los-envios-militares-a-ucrania\/#article","isPartOf":{"@id":"https:\/\/tiempodetormentas.com\/humanidad\/estados-unidos-corta-los-envios-militares-a-ucrania\/"},"author":{"name":"Tiempo de Tormentas","@id":"https:\/\/tiempodetormentas.com\/#\/schema\/person\/9a9e95f6209f068f15d4e1c74cc3718e"},"headline":"Estados Unidos corta los env\u00edos militares a Ucrania","datePublished":"2025-03-05T00:01:09+00:00","mainEntityOfPage":{"@id":"https:\/\/tiempodetormentas.com\/humanidad\/estados-unidos-corta-los-envios-militares-a-ucrania\/"},"wordCount":568,"commentCount":1,"publisher":{"@id":"https:\/\/tiempodetormentas.com\/#organization"},"image":{"@id":"https:\/\/tiempodetormentas.com\/humanidad\/estados-unidos-corta-los-envios-militares-a-ucrania\/#primaryimage"},"thumbnailUrl":"https:\/\/tiempodetormentas.com\/wp-content\/uploads\/2025\/03\/trump-zelensky-latest-clash-oval-office.gif","articleSection":["Internacional","La Humanidad"],"inLanguage":"en-GB","potentialAction":[{"@type":"CommentAction","name":"Comment","target":["https:\/\/tiempodetormentas.com\/humanidad\/estados-unidos-corta-los-envios-militares-a-ucrania\/#respond"]}]},{"@type":"WebPage","@id":"https:\/\/tiempodetormentas.com\/humanidad\/estados-unidos-corta-los-envios-militares-a-ucrania\/","url":"https:\/\/tiempodetormentas.com\/humanidad\/estados-unidos-corta-los-envios-militares-a-ucrania\/","name":"Estados Unidos corta los env\u00edos militares a Ucrania - Tiempo de Tormentas","isPartOf":{"@id":"https:\/\/tiempodetormentas.com\/#website"},"primaryImageOfPage":{"@id":"https:\/\/tiempodetormentas.com\/humanidad\/estados-unidos-corta-los-envios-militares-a-ucrania\/#primaryimage"},"image":{"@id":"https:\/\/tiempodetormentas.com\/humanidad\/estados-unidos-corta-los-envios-militares-a-ucrania\/#primaryimage"},"thumbnailUrl":"https:\/\/tiempodetormentas.com\/wp-content\/uploads\/2025\/03\/trump-zelensky-latest-clash-oval-office.gif","datePublished":"2025-03-05T00:01:09+00:00","breadcrumb":{"@id":"https:\/\/tiempodetormentas.com\/humanidad\/estados-unidos-corta-los-envios-militares-a-ucrania\/#breadcrumb"},"inLanguage":"en-GB","potentialAction":[{"@type":"ReadAction","target":["https:\/\/tiempodetormentas.com\/humanidad\/estados-unidos-corta-los-envios-militares-a-ucrania\/"]}]},{"@type":"ImageObject","inLanguage":"en-GB","@id":"https:\/\/tiempodetormentas.com\/humanidad\/estados-unidos-corta-los-envios-militares-a-ucrania\/#primaryimage","url":"https:\/\/tiempodetormentas.com\/wp-content\/uploads\/2025\/03\/trump-zelensky-latest-clash-oval-office.gif","contentUrl":"https:\/\/tiempodetormentas.com\/wp-content\/uploads\/2025\/03\/trump-zelensky-latest-clash-oval-office.gif","width":850,"height":500},{"@type":"BreadcrumbList","@id":"https:\/\/tiempodetormentas.com\/humanidad\/estados-unidos-corta-los-envios-militares-a-ucrania\/#breadcrumb","itemListElement":[{"@type":"ListItem","position":1,"name":"Portada","item":"https:\/\/tiempodetormentas.com\/"},{"@type":"ListItem","position":2,"name":"Estados Unidos corta los env\u00edos militares a Ucrania"}]},{"@type":"WebSite","@id":"https:\/\/tiempodetormentas.com\/#website","url":"https:\/\/tiempodetormentas.com\/","name":"Tiempo de Tormentas","description":"Edita el club de la bruma","publisher":{"@id":"https:\/\/tiempodetormentas.com\/#organization"},"potentialAction":[{"@type":"SearchAction","target":{"@type":"EntryPoint","urlTemplate":"https:\/\/tiempodetormentas.com\/?s={search_term_string}"},"query-input":{"@type":"PropertyValueSpecification","valueRequired":true,"valueName":"search_term_string"}}],"inLanguage":"en-GB"},{"@type":"Organization","@id":"https:\/\/tiempodetormentas.com\/#organization","name":"Tiempo de Tormentas","url":"https:\/\/tiempodetormentas.com\/","logo":{"@type":"ImageObject","inLanguage":"en-GB","@id":"https:\/\/tiempodetormentas.com\/#\/schema\/logo\/image\/","url":"https:\/\/tiempodetormentas.com\/wp-content\/uploads\/2022\/01\/tiempo-de-tormentas.png","contentUrl":"https:\/\/tiempodetormentas.com\/wp-content\/uploads\/2022\/01\/tiempo-de-tormentas.png","width":448,"height":121,"caption":"Tiempo de Tormentas"},"image":{"@id":"https:\/\/tiempodetormentas.com\/#\/schema\/logo\/image\/"}},{"@type":"Person","@id":"https:\/\/tiempodetormentas.com\/#\/schema\/person\/9a9e95f6209f068f15d4e1c74cc3718e","name":"Tiempo de Tormentas","image":{"@type":"ImageObject","inLanguage":"en-GB","@id":"https:\/\/tiempodetormentas.com\/#\/schema\/person\/image\/","url":"https:\/\/secure.gravatar.com\/avatar\/1b3c03cb36f6ab2f16882ddfcb878f0ebda1187829a7882b31ff8c8cfc477e50?s=96&d=mm&r=g","contentUrl":"https:\/\/secure.gravatar.com\/avatar\/1b3c03cb36f6ab2f16882ddfcb878f0ebda1187829a7882b31ff8c8cfc477e50?s=96&d=mm&r=g","caption":"Tiempo de Tormentas"},"url":"https:\/\/tiempodetormentas.com\/en\/author\/tiempo-de-tormentas\/"}]}},"_links":{"self":[{"href":"https:\/\/tiempodetormentas.com\/en\/wp-json\/wp\/v2\/posts\/2233","targetHints":{"allow":["GET"]}}],"collection":[{"href":"https:\/\/tiempodetormentas.com\/en\/wp-json\/wp\/v2\/posts"}],"about":[{"href":"https:\/\/tiempodetormentas.com\/en\/wp-json\/wp\/v2\/types\/post"}],"author":[{"embeddable":true,"href":"https:\/\/tiempodetormentas.com\/en\/wp-json\/wp\/v2\/users\/13"}],"replies":[{"embeddable":true,"href":"https:\/\/tiempodetormentas.com\/en\/wp-json\/wp\/v2\/comments?post=2233"}],"version-history":[{"count":1,"href":"https:\/\/tiempodetormentas.com\/en\/wp-json\/wp\/v2\/posts\/2233\/revisions"}],"predecessor-version":[{"id":2236,"href":"https:\/\/tiempodetormentas.com\/en\/wp-json\/wp\/v2\/posts\/2233\/revisions\/2236"}],"wp:featuredmedia":[{"embeddable":true,"href":"https:\/\/tiempodetormentas.com\/en\/wp-json\/wp\/v2\/media\/2235"}],"wp:attachment":[{"href":"https:\/\/tiempodetormentas.com\/en\/wp-json\/wp\/v2\/media?parent=2233"}],"wp:term":[{"taxonomy":"category","embeddable":true,"href":"https:\/\/tiempodetormentas.com\/en\/wp-json\/wp\/v2\/categories?post=2233"},{"taxonomy":"post_tag","embeddable":true,"href":"https:\/\/tiempodetormentas.com\/en\/wp-json\/wp\/v2\/tags?post=2233"}],"curies":[{"name":"wp","href":"https:\/\/api.w.org\/{rel}","templated":true}]}}