{"id":2061,"date":"2025-02-25T04:57:11","date_gmt":"2025-02-25T04:57:11","guid":{"rendered":"https:\/\/tiempodetormentas.com\/?p=2061"},"modified":"2025-02-25T05:06:51","modified_gmt":"2025-02-25T05:06:51","slug":"un-transito-desde-la-oscuridad-a-la-alegria-13-al-28-m","status":"publish","type":"post","link":"https:\/\/tiempodetormentas.com\/en\/cartelera\/un-transito-desde-la-oscuridad-a-la-alegria-13-al-28-m\/","title":{"rendered":"Un tr\u00e1nsito desde la oscuridad a la alegr\u00eda 13 al 28 M"},"content":{"rendered":"<p>&nbsp;<\/p>\n<h1><strong>Murmullo<\/strong><\/h1>\n<p><strong>13 \u00a0&#8211; 28 marzo 25<\/strong><\/p>\n<p><strong><img decoding=\"async\" src=\"https:\/\/ci3.googleusercontent.com\/meips\/ADKq_NZOJP-AffzlLA2f0a0D42_kYGIZZyEsogslDBUAEPVjVQLGRKxq--9ck1RU6OxPpA9vhBFLPM0Rd0s92nndLUN0i_e76Hmp9nNKTb65c8OnDufN4YKp62PJzK2zl6LXxSYIwQE832ZqxDAQxAOfBQgCtn0Qz__lcRU=s0-d-e1-ft#https:\/\/mcusercontent.com\/358c6cd830b6852108aab5ced\/images\/29cdb208-091a-b747-8234-70fb9553a345.jpg\" \/><\/strong><\/p>\n<h2>Un tr\u00e1nsito desde la oscuridad a la alegr\u00eda<\/h2>\n<p>&nbsp;<\/p>\n<p><em><strong>Murmullo<\/strong><\/em>\u00a0es la segunda parte del\u00a0<a href=\"https:\/\/cuartapared.us12.list-manage.com\/track\/click?u=358c6cd830b6852108aab5ced&amp;id=19e5a34bb0&amp;e=e02719fd21\" target=\"_blank\" rel=\"noreferrer noopener\" data-saferedirecturl=\"https:\/\/www.google.com\/url?q=https:\/\/cuartapared.us12.list-manage.com\/track\/click?u%3D358c6cd830b6852108aab5ced%26id%3D19e5a34bb0%26e%3De02719fd21&amp;source=gmail&amp;ust=1740543833842000&amp;usg=AOvVaw0TiiSW4D5qu2HLnh827IZN\"><strong>Tr\u00edptico de la Vida<\/strong><\/a>, el \u00faltimo proyecto de la\u00a0<strong>Compa\u00f1\u00eda Cuarta Pared\u00a0<\/strong>que, por su\u00a0<a href=\"https:\/\/cuartapared.us12.list-manage.com\/track\/click?u=358c6cd830b6852108aab5ced&amp;id=eb663215d8&amp;e=e02719fd21\" target=\"_blank\" rel=\"noreferrer noopener\" data-saferedirecturl=\"https:\/\/www.google.com\/url?q=https:\/\/cuartapared.us12.list-manage.com\/track\/click?u%3D358c6cd830b6852108aab5ced%26id%3Deb663215d8%26e%3De02719fd21&amp;source=gmail&amp;ust=1740543833842000&amp;usg=AOvVaw2jXsSNLJOhdn8O4frwvpp2\"><strong>40\u00ba aniversario<\/strong><\/a>, plante\u00f3 a tres directoras vinculadas a su trayectoria a desarrollar tres propuestas esc\u00e9nicas que partieron de unas mismas inquietudes:<em>\u00a0\u00bfC\u00f3mo se aprende a vivir? \u00bfC\u00f3mo afrontamos los fracasos y las alegr\u00edas? \u00bfQu\u00e9 sucede cuando tenemos que elegir?<\/em>\u00a0<em>\u00bfSe puede contar la vida?<\/em><\/p>\n<p>&nbsp;<\/p>\n<p><em><strong>Aitana Sar<\/strong>, junto con\u00a0<strong>Miguel Valent\u00edn<\/strong> en la dramaturgia, ha transformado esas preguntas en una fundamental: \u00bfA qu\u00e9 nos aferramos para seguir viviendo? Y, precisamente, un antiguo cuento persa,\u00a0El lenguaje de los p\u00e1jaros, inspira la respuesta a esta pregunta.<\/em><\/p>\n<p><em><img decoding=\"async\" src=\"https:\/\/ci3.googleusercontent.com\/meips\/ADKq_NaXAEzDdv9ocH5kEEXW_C1SxVrfJWSp1BUTjAKfYlYzI_FrtqVDCAksrwJmhxdGA9VdwZVeDnEKI3obvAD2mr7vY8QgD6B88wgsihZaYzfE-5UfyaCOKv8uEzGL6NZnxg1b_5p_r9sWFQ2pXXBZIKCYqt1b8W-breFk=s0-d-e1-ft#https:\/\/mcusercontent.com\/358c6cd830b6852108aab5ced\/images\/9acd9ec7-2e3e-bfd1-bfe3-097a0a688333.jpeg\" \/><\/em><\/p>\n<p><em><strong>Murmullo<\/strong><\/em> habla del viaje de cuatro amigos y amigas que est\u00e1n compartiendo una sobremesa, en la terraza de un bar, tras regresar del velatorio de otro que acaba de fallecer. Hay algo un poco extra\u00f1o en ese bar, un halo on\u00edrico, misterioso, irreal\u2026<\/p>\n<p><img decoding=\"async\" src=\"https:\/\/ci3.googleusercontent.com\/meips\/ADKq_NaH7B5YR23e6DRGX0UuNni45EprEOTmeIST8ZfFJGQi0U62d9iXE9LHRu7g0UsLVkZy_Ja1EqCRG9eBiuVTFhTyHUdRnws4VlsTnMefe6EugT9Nkz1yuw-Tyd4yTBEiJIqfRt-IHFPgVw3aB1MXH9egTt-3CAYcqKw=s0-d-e1-ft#https:\/\/mcusercontent.com\/358c6cd830b6852108aab5ced\/images\/33f71210-b5ff-cbf2-29d0-fa5275300e4b.jpg\" \/><\/p>\n<p>En alg\u00fan momento, alguien habla de un cuento; un cuento persa antiguo que habla sobre p\u00e1jaros que vuelan juntos para llegar m\u00e1s lejos, para encontrar a un rey p\u00e1jaro que les va a ayudar a salir del caos en el que viven. Se trata de\u00a0<em>El lenguaje de los p\u00e1jaros<\/em>.<\/p>\n<p>Juntos, empiezan a contarse ese cuento y, al igual que los p\u00e1jaros emprenden su propio vuelo y su propio tr\u00e1nsito, en compa\u00f1\u00eda, hacia la superaci\u00f3n del duelo.<\/p>\n<p><em><strong>Murmullo<\/strong><\/em>\u00a0<strong>es un viaje hermoso, emocionante y vitalista;<\/strong><\/p>\n<p><strong>un tr\u00e1nsito desde la oscuridad hacia la alegr\u00eda;<\/strong><\/p>\n<p><strong>el vuelo sincronizado de un duelo.<\/strong><\/p>\n<p><strong><img decoding=\"async\" src=\"https:\/\/ci3.googleusercontent.com\/meips\/ADKq_NYELhBCybldZDsuTGCRYRVlumvAgqYyvOHHLgAaNOd_VWj9aoPBM9DtY29xosi9eOeltEYlLAQxm5k4jhL0LeMo7NRZARiwY3w-93PfA-Uny53WqyfdNhRNTrrD9sEjaRdn1Li2GEPVLd1GaotrcSj8-TDAlEDPlgkA=s0-d-e1-ft#https:\/\/mcusercontent.com\/358c6cd830b6852108aab5ced\/images\/a9fd932b-1374-9d4c-0f8c-0070f2f7f1fb.jpeg\" \/><\/strong><\/p>\n<table role=\"presentation\" border=\"0\" width=\"100%\" cellspacing=\"0\" cellpadding=\"0\">\n<tbody>\n<tr>\n<td valign=\"top\">\n<table width=\"100%\">\n<tbody>\n<tr>\n<td>\n<div id=\"m_8932872112539136437yiv5290484881dataBlockId-192\">\n<p><em><strong>Murmullo<\/strong><\/em>\u00a0versa sobre la muerte, sobre la p\u00e9rdida; pero, sobre todo, de lo que hacemos para aferrarnos a la vida: celebrar, cantar una canci\u00f3n, llorar y re\u00edr\u2026 todo a la vez.<\/p>\n<\/div>\n<\/td>\n<\/tr>\n<\/tbody>\n<\/table>\n<\/td>\n<\/tr>\n<tr>\n<td valign=\"top\">\n<table width=\"100%\">\n<tbody>\n<tr>\n<td>\n<div id=\"m_8932872112539136437yiv5290484881dataBlockId-193\">Se trata de una obra vitalista, bella y divertida sobre la superaci\u00f3n de una p\u00e9rdida; y sobre c\u00f3mo el otro, a veces, nos ayuda a sobrevivir. La alegr\u00eda y el estar juntos es una v\u00eda para volar m\u00e1s lejos.<\/div>\n<\/td>\n<\/tr>\n<\/tbody>\n<\/table>\n<p><img decoding=\"async\" src=\"https:\/\/ci3.googleusercontent.com\/meips\/ADKq_NYilNh8pdAskstZiQBzk2YvOcS857RBPbakf5jzfvkmz-YxF1Cb6FiBK9yd1hxUADZlsKXTSIyrUnmGkNkS2Z8aw9kGZGNvUGUED6E3qda9AZeMpnEKoIob6xxswpRtL6FtFmpIRxC5Pcz_aJEnIV4VVLnM72Xq3eT6=s0-d-e1-ft#https:\/\/mcusercontent.com\/358c6cd830b6852108aab5ced\/images\/bceda753-3c2a-698f-8971-3d4dc95dd44e.jpeg\" \/><\/td>\n<\/tr>\n<\/tbody>\n<\/table>\n<p><em><strong>Murmullo<\/strong><\/em>\u00a0tambi\u00e9n habla de c\u00f3mo necesitamos el relato para vivir: buscamos los relatos para mantener vivas las relaciones con quienes ya no est\u00e1n. Un relato siempre es una relaci\u00f3n. De hecho, \u2018relato\u2019 significa \u2018relaci\u00f3n\u2019. Por eso, siempre queremos que nos cuenten; para estar en contacto con lo que no podemos ver, con el otro lado de las cosas, con lo que no podemos comprender.<\/p>\n<p>En la funci\u00f3n, conviven aparentemente dos mundos, el mundo de los p\u00e1jaros y el mundo de la sobremesa; hasta que se funden en uno s\u00f3lo y donde los personajes nos hacen dudar de qu\u00e9 es lo real y qu\u00e9 lo imaginario.<\/p>\n<p><img decoding=\"async\" src=\"https:\/\/ci3.googleusercontent.com\/meips\/ADKq_NYb_NTaQ7xomwzfqqpajo94eRZZV4svhIdXdVJpJ_ZccUCKetIQY3y8JGOFxuyBnLU7SfcyrO96AFxZGosqXy4TCsZYHIVfHUvqO2JZra0UMl5jPupYoOcUuFlkEcrpZOF2M4O4hC0rVZ6q7prre37uPPbau7mkW88=s0-d-e1-ft#https:\/\/mcusercontent.com\/358c6cd830b6852108aab5ced\/images\/7215cf69-2a61-b7dc-b5f5-af5f787194fa.jpg\" \/><\/p>\n<table role=\"presentation\" border=\"0\" width=\"100%\" cellspacing=\"0\" cellpadding=\"0\">\n<tbody>\n<tr>\n<td id=\"m_8932872112539136437yiv5290484881gutterContainerId-155\" valign=\"top\">\n<table role=\"presentation\" border=\"0\" width=\"100%\" cellspacing=\"0\" cellpadding=\"0\">\n<tbody>\n<tr>\n<td valign=\"top\">\n<table id=\"m_8932872112539136437yiv5290484881section_3a66b36394d9bd228e09ce03cb3b10d8\" role=\"presentation\" border=\"0\" width=\"100%\" cellspacing=\"0\" cellpadding=\"0\" align=\"center\">\n<tbody>\n<tr>\n<td valign=\"top\">\n<table role=\"presentation\" border=\"0\" width=\"100%\" cellspacing=\"0\" cellpadding=\"0\">\n<tbody>\n<tr>\n<td colspan=\"12\" valign=\"top\" width=\"100%\">\n<table role=\"presentation\" border=\"0\" width=\"100%\" cellspacing=\"0\" cellpadding=\"0\">\n<tbody>\n<tr>\n<td align=\"center\" valign=\"top\">\n<table role=\"presentation\" border=\"0\" width=\"100%\" cellspacing=\"0\" cellpadding=\"0\" align=\"center\">\n<tbody>\n<tr>\n<td valign=\"top\">\n<table role=\"presentation\" border=\"0\" width=\"100%\" cellspacing=\"0\" cellpadding=\"0\">\n<tbody>\n<tr>\n<td colspan=\"12\" valign=\"top\" width=\"100%\">\n<table role=\"presentation\" border=\"0\" width=\"100%\" cellspacing=\"0\" cellpadding=\"0\">\n<tbody>\n<tr>\n<td valign=\"top\">\n<table role=\"presentation\" border=\"0\" width=\"100%\" cellspacing=\"0\" cellpadding=\"0\" align=\"center\">\n<tbody>\n<tr>\n<td valign=\"top\">\n<table role=\"presentation\" border=\"0\" width=\"100%\" cellspacing=\"24\" cellpadding=\"0\">\n<tbody>\n<tr>\n<td colspan=\"6\" valign=\"top\" width=\"50%\">\n<table role=\"presentation\" border=\"0\" width=\"100%\" cellspacing=\"0\" cellpadding=\"0\">\n<tbody>\n<tr>\n<td valign=\"top\">\n<table width=\"100%\">\n<tbody>\n<tr>\n<td>\n<div id=\"m_8932872112539136437yiv5290484881dataBlockId-154\">\n<p><strong>COMPA\u00d1\u00cdA CUARTA PARED<\/strong><\/p>\n<p><strong>Direcci\u00f3n:\u00a0<\/strong>Aitana Sar<\/p>\n<p><strong>Dramaturgia:\u00a0<\/strong>Miguel Valent\u00edn y Aitana Sar<\/p>\n<p><strong>Texto:\u00a0<\/strong>Miguel Valent\u00edn*<\/p>\n<p><strong>Ayudante de direcci\u00f3n y creaci\u00f3n:\u00a0<\/strong>V\u00edctor Barahona<\/p>\n<p><strong>Reparto:\u00a0<\/strong>Nataliya Andru, Marina Herranz, Andr\u00e9s Picazo y Fran V\u00e9lez<\/p>\n<p><strong>Vestuario y escenograf\u00eda:\u00a0<\/strong>Berta Navas<\/p>\n<p><strong>Sonido y audiovisuales:\u00a0<\/strong>Kevin Dornan<\/p>\n<p><strong>Dise\u00f1o de iluminaci\u00f3n:\u00a0<\/strong>Nuria Henr\u00edquez<\/p>\n<p><strong>Movimiento:\u00a0<\/strong>Nataliya Andru<\/p>\n<p><strong>Fotograf\u00eda:\u00a0<\/strong>La Meg\u00edas Fotos y Mar\u00eda Moreno Novoa<\/p>\n<p><strong>Grabaci\u00f3n y edici\u00f3n de v\u00eddeo:\u00a0<\/strong>David P\u00e9rez L\u00f3pez y Mar\u00eda Moreno Novoa<\/p>\n<p><strong>Dise\u00f1o de cartel:\u00a0<\/strong>Irene Glez Lara (Verde Pistacha)<\/p>\n<p><strong>Producci\u00f3n, distribuci\u00f3n y comunicaci\u00f3n:\u00a0<\/strong>Cuarta Pared<\/p>\n<p><strong>Agradecimientos:\u00a0<\/strong>Juan Ollero, Miguel Garc\u00eda Lozano, Carlos Mira Morales, Natalia Rem\u00f3n Vila, Pablo Rodero y Javier Victorio<\/p>\n<\/div>\n<\/td>\n<\/tr>\n<\/tbody>\n<\/table>\n<\/td>\n<\/tr>\n<\/tbody>\n<\/table>\n<\/td>\n<\/tr>\n<\/tbody>\n<\/table>\n<\/td>\n<\/tr>\n<\/tbody>\n<\/table>\n<\/td>\n<\/tr>\n<\/tbody>\n<\/table>\n<\/td>\n<\/tr>\n<\/tbody>\n<\/table>\n<\/td>\n<\/tr>\n<\/tbody>\n<\/table>\n<\/td>\n<\/tr>\n<\/tbody>\n<\/table>\n<\/td>\n<\/tr>\n<\/tbody>\n<\/table>\n<\/td>\n<\/tr>\n<\/tbody>\n<\/table>\n<\/td>\n<\/tr>\n<\/tbody>\n<\/table>\n<\/td>\n<\/tr>\n<tr>\n<td valign=\"top\">\n<table width=\"100%\">\n<tbody>\n<tr>\n<td>\n<div id=\"m_8932872112539136437yiv5290484881dataBlockId-200\">\n<p>*El texto se ha escrito a partir de una estructura prefijada, con la ayuda de improvisaciones de los actores y fragmentos del cuento de Farid Uddin Attar\u00a0<em>El lenguaje de los p\u00e1jaros<\/em>. Este texto contiene ideas y aportaciones de Aitana, V\u00edctor, Marina, Fran, Nataliya y Andr\u00e9s.<\/p>\n<\/div>\n<\/td>\n<\/tr>\n<\/tbody>\n<\/table>\n<\/td>\n<\/tr>\n<\/tbody>\n<\/table>\n<p><img decoding=\"async\" src=\"https:\/\/ci3.googleusercontent.com\/meips\/ADKq_NZOJP-AffzlLA2f0a0D42_kYGIZZyEsogslDBUAEPVjVQLGRKxq--9ck1RU6OxPpA9vhBFLPM0Rd0s92nndLUN0i_e76Hmp9nNKTb65c8OnDufN4YKp62PJzK2zl6LXxSYIwQE832ZqxDAQxAOfBQgCtn0Qz__lcRU=s0-d-e1-ft#https:\/\/mcusercontent.com\/358c6cd830b6852108aab5ced\/images\/29cdb208-091a-b747-8234-70fb9553a345.jpg\" \/><\/p>\n<p>&nbsp;<\/p>\n<table style=\"height: 2857px;\" role=\"presentation\" border=\"0\" width=\"686\" cellspacing=\"0\" cellpadding=\"0\">\n<tbody>\n<tr>\n<td valign=\"top\">\n<table width=\"100%\">\n<tbody>\n<tr>\n<td>\n<div id=\"m_8932872112539136437yiv5290484881dataBlockId-103\">\n<p><strong>FECHAS: Del 13 al 28 de marzo de 2025 | HORARIO: De jueves a s\u00e1bado y mi\u00e9rcoles 26 de marzo a las 20h30 | DURACI\u00d3N: 85min<\/strong><\/p>\n<\/div>\n<\/td>\n<\/tr>\n<\/tbody>\n<\/table>\n<\/td>\n<\/tr>\n<tr>\n<td id=\"m_8932872112539136437yiv5290484881gutterContainerId-131\" valign=\"top\">\n<table role=\"presentation\" border=\"0\" width=\"100%\" cellspacing=\"0\" cellpadding=\"0\">\n<tbody>\n<tr>\n<td valign=\"top\">\n<table id=\"m_8932872112539136437yiv5290484881section_928430e971224c16d9edfb6899689014\" role=\"presentation\" border=\"0\" width=\"100%\" cellspacing=\"0\" cellpadding=\"0\" align=\"center\">\n<tbody>\n<tr>\n<td valign=\"top\">\n<table role=\"presentation\" border=\"0\" width=\"100%\" cellspacing=\"0\" cellpadding=\"0\">\n<tbody>\n<tr>\n<td colspan=\"12\" valign=\"top\" width=\"100%\">\n<table role=\"presentation\" border=\"0\" width=\"100%\" cellspacing=\"0\" cellpadding=\"0\">\n<tbody>\n<tr>\n<td align=\"center\" valign=\"top\">\n<table role=\"presentation\" border=\"0\" width=\"100%\" cellspacing=\"0\" cellpadding=\"0\" align=\"center\">\n<tbody>\n<tr>\n<td valign=\"top\">\n<table role=\"presentation\" border=\"0\" width=\"100%\" cellspacing=\"0\" cellpadding=\"0\">\n<tbody>\n<tr>\n<td colspan=\"12\" valign=\"top\" width=\"100%\">\n<table role=\"presentation\" border=\"0\" width=\"100%\" cellspacing=\"0\" cellpadding=\"0\">\n<tbody>\n<tr>\n<td valign=\"top\">\n<table role=\"presentation\" border=\"0\" width=\"100%\" cellspacing=\"0\" cellpadding=\"0\" align=\"center\">\n<tbody>\n<tr>\n<td valign=\"top\">\n<table role=\"presentation\" border=\"0\" width=\"100%\" cellspacing=\"24\" cellpadding=\"0\">\n<colgroup>\n<col span=\"1\" width=\"8.333333333333332%\" \/>\n<col span=\"1\" width=\"8.333333333333332%\" \/>\n<col span=\"1\" width=\"8.333333333333332%\" \/>\n<col span=\"1\" width=\"8.333333333333332%\" \/>\n<col span=\"1\" width=\"8.333333333333332%\" \/>\n<col span=\"1\" width=\"8.333333333333332%\" \/>\n<col span=\"1\" width=\"8.333333333333332%\" \/>\n<col span=\"1\" width=\"8.333333333333332%\" \/>\n<col span=\"1\" width=\"8.333333333333332%\" \/>\n<col span=\"1\" width=\"8.333333333333332%\" \/>\n<col span=\"1\" width=\"8.333333333333332%\" \/>\n<col span=\"1\" width=\"8.333333333333332%\" \/><\/colgroup>\n<tbody>\n<tr>\n<td colspan=\"6\" valign=\"top\" width=\"50%\">\n<table role=\"presentation\" border=\"0\" width=\"100%\" cellspacing=\"0\" cellpadding=\"0\">\n<tbody>\n<tr>\n<td align=\"center\" valign=\"top\"><\/td>\n<\/tr>\n<\/tbody>\n<\/table>\n<\/td>\n<td colspan=\"6\" valign=\"top\" width=\"50%\"><\/td>\n<\/tr>\n<\/tbody>\n<\/table>\n<\/td>\n<\/tr>\n<\/tbody>\n<\/table>\n<\/td>\n<\/tr>\n<\/tbody>\n<\/table>\n<\/td>\n<\/tr>\n<\/tbody>\n<\/table>\n<\/td>\n<\/tr>\n<\/tbody>\n<\/table>\n<\/td>\n<\/tr>\n<\/tbody>\n<\/table>\n<\/td>\n<\/tr>\n<\/tbody>\n<\/table>\n<\/td>\n<\/tr>\n<\/tbody>\n<\/table>\n<\/td>\n<\/tr>\n<\/tbody>\n<\/table>\n<\/td>\n<\/tr>\n<tr>\n<td valign=\"top\">\n<table role=\"presentation\" border=\"0\" width=\"100%\" cellspacing=\"0\" cellpadding=\"0\" align=\"center\">\n<tbody>\n<tr>\n<td valign=\"top\"><\/td>\n<\/tr>\n<\/tbody>\n<\/table>\n<\/td>\n<\/tr>\n<tr>\n<td id=\"m_8932872112539136437yiv5290484881gutterContainerId-165\" valign=\"top\">\n<table role=\"presentation\" border=\"0\" width=\"100%\" cellspacing=\"0\" cellpadding=\"0\">\n<tbody>\n<tr>\n<td valign=\"top\">\n<table id=\"m_8932872112539136437yiv5290484881section_2ce50cba027249703a8cc6d9a79de1c0\" role=\"presentation\" border=\"0\" width=\"100%\" cellspacing=\"0\" cellpadding=\"0\" align=\"center\">\n<tbody>\n<tr>\n<td valign=\"top\">\n<table role=\"presentation\" border=\"0\" width=\"100%\" cellspacing=\"0\" cellpadding=\"0\">\n<tbody>\n<tr>\n<td colspan=\"12\" valign=\"top\" width=\"100%\">\n<table role=\"presentation\" border=\"0\" width=\"100%\" cellspacing=\"0\" cellpadding=\"0\">\n<tbody>\n<tr>\n<td align=\"center\" valign=\"top\">\n<table role=\"presentation\" border=\"0\" width=\"100%\" cellspacing=\"0\" cellpadding=\"0\" align=\"center\">\n<tbody>\n<tr>\n<td valign=\"top\">\n<table role=\"presentation\" border=\"0\" width=\"100%\" cellspacing=\"0\" cellpadding=\"0\">\n<tbody>\n<tr>\n<td colspan=\"12\" valign=\"top\" width=\"100%\">\n<table role=\"presentation\" border=\"0\" width=\"100%\" cellspacing=\"0\" cellpadding=\"0\">\n<tbody>\n<tr>\n<td valign=\"top\">\n<table role=\"presentation\" border=\"0\" width=\"100%\" cellspacing=\"0\" cellpadding=\"0\" align=\"center\">\n<tbody>\n<tr>\n<td valign=\"top\">\n<table role=\"presentation\" border=\"0\" width=\"100%\" cellspacing=\"24\" cellpadding=\"0\">\n<colgroup>\n<col span=\"1\" width=\"8.333333333333332%\" \/>\n<col span=\"1\" width=\"8.333333333333332%\" \/>\n<col span=\"1\" width=\"8.333333333333332%\" \/>\n<col span=\"1\" width=\"8.333333333333332%\" \/>\n<col span=\"1\" width=\"8.333333333333332%\" \/>\n<col span=\"1\" width=\"8.333333333333332%\" \/>\n<col span=\"1\" width=\"8.333333333333332%\" \/>\n<col span=\"1\" width=\"8.333333333333332%\" \/>\n<col span=\"1\" width=\"8.333333333333332%\" \/>\n<col span=\"1\" width=\"8.333333333333332%\" \/>\n<col span=\"1\" width=\"8.333333333333332%\" \/>\n<col span=\"1\" width=\"8.333333333333332%\" \/><\/colgroup>\n<tbody>\n<tr>\n<td colspan=\"6\" valign=\"top\" width=\"50%\">\n<table role=\"presentation\" border=\"0\" width=\"100%\" cellspacing=\"0\" cellpadding=\"0\">\n<tbody>\n<tr>\n<td align=\"center\" valign=\"top\"><\/td>\n<\/tr>\n<\/tbody>\n<\/table>\n<p><a href=\"https:\/\/cuartapared.us12.list-manage.com\/track\/click?u=358c6cd830b6852108aab5ced&amp;id=3b5981f330&amp;e=e02719fd21\" target=\"_blank\" rel=\"noreferrer noopener\" data-saferedirecturl=\"https:\/\/www.google.com\/url?q=https:\/\/cuartapared.us12.list-manage.com\/track\/click?u%3D358c6cd830b6852108aab5ced%26id%3D3b5981f330%26e%3De02719fd21&amp;source=gmail&amp;ust=1740543833842000&amp;usg=AOvVaw3MJgLhfV7D7nfQZTaXOfN1\"><img loading=\"lazy\" decoding=\"async\" id=\"m_8932872112539136437ymail_ctr_id_-386885-15\" class=\"CToWUd\" src=\"https:\/\/ci3.googleusercontent.com\/meips\/ADKq_NaUffOpNRn85G5ei3RFUwLsrl68xSHBaMMy-5jy1lxJeIi6ekZddzZCW5gLQD6dy0YBKbAdMVz-G5lCdPH_iqIIdTU42o_ZQpXNsXlJs237JhjT3cDib_iXrZwvsw5MKphqoKJ4ot8ie_LkGmUQX2IB15tYZs1jG4Q=s0-d-e1-ft#https:\/\/mcusercontent.com\/358c6cd830b6852108aab5ced\/images\/99b93009-ca6a-e9bb-bf33-2be8c297af8e.jpg\" alt=\"\" width=\"375\" height=\"501\" data-bit=\"iit\" \/><\/a><\/td>\n<td colspan=\"6\" valign=\"top\" width=\"50%\">\n<table role=\"presentation\" border=\"0\" width=\"100%\" cellspacing=\"0\" cellpadding=\"0\">\n<tbody>\n<tr>\n<td valign=\"top\">\n<table width=\"100%\">\n<tbody>\n<tr>\n<td>\n<div id=\"m_8932872112539136437yiv5290484881dataBlockId-130\">\n<p><strong>TR\u00cdPTICO DE LA VIDA III \/ ABRIL 2025<\/strong><\/p>\n<\/div>\n<\/td>\n<\/tr>\n<\/tbody>\n<\/table>\n<\/td>\n<\/tr>\n<tr>\n<td valign=\"top\">\n<table width=\"100%\">\n<tbody>\n<tr>\n<td>\n<div id=\"m_8932872112539136437yiv5290484881dataBlockId-110\">\n<p><em><strong>Todo lo que veo me sobrevivir\u00e1<\/strong><\/em>\u00a0es la suma de cinco relatos y un recuerdo de infancia. Cuenta la historia de cinco personajes de distintas edades que se enfrentan de forma inesperada a una decisi\u00f3n vital. Personajes a quienes la vida les sorprende en los lugares m\u00e1s inoportunos. \u00bfQu\u00e9 les sucede cuando contemplan aquello que no se puede explicar? \u00bfC\u00f3mo se enfrentan a estos momentos y c\u00f3mo los atraviesan?<\/p>\n<p>Un viaje de lo individual a lo colectivo, de lo invisible a lo visible, de lo anecd\u00f3tico a la totalidad. Es una invitaci\u00f3n a pararnos y mirar.<\/p>\n<\/div>\n<\/td>\n<\/tr>\n<\/tbody>\n<\/table>\n<\/td>\n<\/tr>\n<\/tbody>\n<\/table>\n<\/td>\n<\/tr>\n<\/tbody>\n<\/table>\n<\/td>\n<\/tr>\n<\/tbody>\n<\/table>\n<\/td>\n<\/tr>\n<\/tbody>\n<\/table>\n<\/td>\n<\/tr>\n<\/tbody>\n<\/table>\n<\/td>\n<\/tr>\n<\/tbody>\n<\/table>\n<\/td>\n<\/tr>\n<\/tbody>\n<\/table>\n<\/td>\n<\/tr>\n<\/tbody>\n<\/table>\n<\/td>\n<\/tr>\n<\/tbody>\n<\/table>\n<\/td>\n<\/tr>\n<\/tbody>\n<\/table>\n<\/td>\n<\/tr>\n<tr>\n<td valign=\"top\">\n<table role=\"presentation\" border=\"0\" width=\"100%\" cellspacing=\"0\" cellpadding=\"0\" align=\"center\">\n<tbody>\n<tr>\n<td valign=\"top\"><\/td>\n<\/tr>\n<\/tbody>\n<\/table>\n<\/td>\n<\/tr>\n<tr>\n<td valign=\"top\">\n<table width=\"100%\">\n<tbody>\n<tr>\n<td>\n<div id=\"m_8932872112539136437yiv5290484881dataBlockId-88\">\n<h1>\u00bfQu\u00e9 es el\u00a0Tr\u00edptico de la Vida?<\/h1>\n<\/div>\n<\/td>\n<\/tr>\n<\/tbody>\n<\/table>\n<\/td>\n<\/tr>\n<tr>\n<td valign=\"top\">\n<table width=\"100%\">\n<tbody>\n<tr>\n<td>\n<div id=\"m_8932872112539136437yiv5290484881dataBlockId-91\">\n<p><strong>Una obra de teatro no puede abarcar la vida. Por eso hemos necesitado tres.\u00a0<\/strong>El\u00a0<strong>Tr\u00edptico de la vida<\/strong>\u00a0es un ambicioso proyecto art\u00edstico de la\u00a0<strong>Compa\u00f1\u00eda Cuarta Pared<\/strong>\u00a0que, en su\u00a0<strong>40 aniversario<\/strong>, ha propuesto a\u00a0<strong>tres directoras<\/strong>\u00a0vinculadas a su trayectoria a desarrollar el proyecto:\u00a0<strong>Aldara Molero<\/strong>,\u00a0<strong>Aitana Sar<\/strong>\u00a0y\u00a0<strong>Raquel Alarc\u00f3n<\/strong>. Tres directoras que,\u00a0<strong>partiendo de la misma pregunta<\/strong>, han aportado tres miradas distintas y genuinas sobre aquello que construye la vida, nuestras vidas.\u00a0<em>\u00bfC\u00f3mo se aprende a vivir? \u00bfC\u00f3mo afrontamos los fracasos y las alegr\u00edas? \u00bfQu\u00e9 sucede cuando tenemos que elegir?<\/em><\/p>\n<\/div>\n<\/td>\n<\/tr>\n<\/tbody>\n<\/table>\n<\/td>\n<\/tr>\n<tr>\n<td valign=\"top\">\n<table width=\"100%\">\n<tbody>\n<tr>\n<td>\n<div id=\"m_8932872112539136437yiv5290484881dataBlockId-93\">\n<p>Ellas han involucrado a\u00a0<strong>siete dramaturgos\/as<\/strong>\u00a0y a un\u00a0<strong>equipo art\u00edstico de m\u00e1s de 20 personas<\/strong>\u00a0que llevar\u00e1n a escena\u00a0<em><strong>Todas las casas<\/strong><\/em>,\u00a0<em><strong>Murmullo<\/strong><\/em>\u00a0y\u00a0<em><strong>Todo lo que veo me sobrevivir\u00e1<\/strong><\/em>, las tres partes del Tr\u00edptico, y que\u00a0<strong>se estrenar\u00e1n sucesivamente en febrero, marzo y abril de 2025<\/strong>.<\/p>\n<\/div>\n<\/td>\n<\/tr>\n<\/tbody>\n<\/table>\n<\/td>\n<\/tr>\n<tr>\n<td align=\"center\" valign=\"top\"><a href=\"https:\/\/cuartapared.us12.list-manage.com\/track\/click?u=358c6cd830b6852108aab5ced&amp;id=e8a58eb089&amp;e=e02719fd21\" target=\"_blank\" rel=\"noreferrer noopener\" data-saferedirecturl=\"https:\/\/www.google.com\/url?q=https:\/\/cuartapared.us12.list-manage.com\/track\/click?u%3D358c6cd830b6852108aab5ced%26id%3De8a58eb089%26e%3De02719fd21&amp;source=gmail&amp;ust=1740543833843000&amp;usg=AOvVaw0xUSrJ_UuvmDulXMwQp8Pl\"><img decoding=\"async\" id=\"m_8932872112539136437ymail_ctr_id_-88831-16\" class=\"CToWUd\" src=\"https:\/\/ci3.googleusercontent.com\/meips\/ADKq_NarsPT1ZdXsMObBzvlmQ6WSKwNjMIJJrvNpmnzMXdxDuvAajBA9fUGPCDCcrpvUVbgLv2TBYC5fL_IT6x2JMhjKdm7AMepB2qKX6LK2NnX1szwGgZtJZRc0WpJUdWE4_9Buxgh1Ux02ugh45K0s5S4FRc3n_VRieKk=s0-d-e1-ft#https:\/\/mcusercontent.com\/358c6cd830b6852108aab5ced\/images\/38938aa7-aae0-1873-d2d9-6807e2ea0018.jpg\" alt=\"\" width=\"660\" height=\"auto\" data-bit=\"iit\" \/><\/a><\/td>\n<\/tr>\n<tr>\n<td valign=\"top\">\n<table width=\"100%\">\n<tbody>\n<tr>\n<td>\n<div id=\"m_8932872112539136437yiv5290484881dataBlockId-95\">\n<p>El Tr\u00edptico de la Vida\u00a0<strong>parte de una idea que ha estado en la base de toda la trayectoria de Cuarta Pared<\/strong>: desarrollar proyectos fuera de las imposiciones temporales que impone el \u201cmercado\u201d,\u00a0<strong>proyectos cocinados a fuego lento<\/strong>, para poder profundizar en las ideas huyendo as\u00ed de lo anecd\u00f3tico.\u00a0<strong>Este proyecto se ha desarrollado a lo largo de los dos \u00faltimos a\u00f1os<\/strong>.<\/p>\n<\/div>\n<\/td>\n<\/tr>\n<\/tbody>\n<\/table>\n<\/td>\n<\/tr>\n<tr>\n<td valign=\"top\">\n<table width=\"100%\">\n<tbody>\n<tr>\n<td>\n<div id=\"m_8932872112539136437yiv5290484881dataBlockId-102\">\n<p>Considerando el teatro como un hecho colectivo, las directoras han ido trabajando de manera conjunta en el inicio para luego ir dando forma a cada uno de los proyectos que, siendo complementarios, son muy diferentes entre s\u00ed.<\/p>\n<\/div>\n<\/td>\n<\/tr>\n<\/tbody>\n<\/table>\n<\/td>\n<\/tr>\n<\/tbody>\n<\/table>","protected":false},"excerpt":{"rendered":"<p>&nbsp; Murmullo 13 \u00a0&#8211; 28 marzo 25 Un tr\u00e1nsito desde la oscuridad a la alegr\u00eda &nbsp; Murmullo\u00a0es la segunda parte del\u00a0Tr\u00edptico de la Vida, el \u00faltimo proyecto de la\u00a0Compa\u00f1\u00eda Cuarta Pared\u00a0que, por su\u00a040\u00ba aniversario, plante\u00f3 a tres directoras vinculadas a su trayectoria a desarrollar tres propuestas esc\u00e9nicas que partieron de unas mismas inquietudes:\u00a0\u00bfC\u00f3mo se aprende [&hellip;]<\/p>","protected":false},"author":13,"featured_media":2062,"comment_status":"open","ping_status":"open","sticky":false,"template":"","format":"standard","meta":{"footnotes":""},"categories":[8],"tags":[],"class_list":["post-2061","post","type-post","status-publish","format-standard","has-post-thumbnail","category-cartelera"],"yoast_head":"<!-- This site is optimized with the Yoast SEO plugin v26.2 - https:\/\/yoast.com\/wordpress\/plugins\/seo\/ -->\n<title>Un tr\u00e1nsito desde la oscuridad a la alegr\u00eda 13 al 28 M - Tiempo de Tormentas<\/title>\n<meta name=\"robots\" content=\"index, follow, max-snippet:-1, max-image-preview:large, max-video-preview:-1\" \/>\n<link rel=\"canonical\" href=\"https:\/\/tiempodetormentas.com\/en\/cartelera\/un-transito-desde-la-oscuridad-a-la-alegria-13-al-28-m\/\" \/>\n<meta property=\"og:locale\" content=\"en_GB\" \/>\n<meta property=\"og:type\" content=\"article\" \/>\n<meta property=\"og:title\" content=\"Un tr\u00e1nsito desde la oscuridad a la alegr\u00eda 13 al 28 M - Tiempo de Tormentas\" \/>\n<meta property=\"og:description\" content=\"&nbsp; Murmullo 13 \u00a0&#8211; 28 marzo 25 Un tr\u00e1nsito desde la oscuridad a la alegr\u00eda &nbsp; Murmullo\u00a0es la segunda parte del\u00a0Tr\u00edptico de la Vida, el \u00faltimo proyecto de la\u00a0Compa\u00f1\u00eda Cuarta Pared\u00a0que, por su\u00a040\u00ba aniversario, plante\u00f3 a tres directoras vinculadas a su trayectoria a desarrollar tres propuestas esc\u00e9nicas que partieron de unas mismas inquietudes:\u00a0\u00bfC\u00f3mo se aprende [&hellip;]\" \/>\n<meta property=\"og:url\" content=\"https:\/\/tiempodetormentas.com\/en\/cartelera\/un-transito-desde-la-oscuridad-a-la-alegria-13-al-28-m\/\" \/>\n<meta property=\"og:site_name\" content=\"Tiempo de Tormentas\" \/>\n<meta property=\"article:published_time\" content=\"2025-02-25T04:57:11+00:00\" \/>\n<meta property=\"article:modified_time\" content=\"2025-02-25T05:06:51+00:00\" \/>\n<meta property=\"og:image\" content=\"https:\/\/tiempodetormentas.com\/wp-content\/uploads\/2025\/02\/triptico-scaled.jpg\" \/>\n\t<meta property=\"og:image:width\" content=\"2560\" \/>\n\t<meta property=\"og:image:height\" content=\"1919\" \/>\n\t<meta property=\"og:image:type\" content=\"image\/jpeg\" \/>\n<meta name=\"author\" content=\"Tiempo de Tormentas\" \/>\n<meta name=\"twitter:card\" content=\"summary_large_image\" \/>\n<meta name=\"twitter:label1\" content=\"Written by\" \/>\n\t<meta name=\"twitter:data1\" content=\"Tiempo de Tormentas\" \/>\n\t<meta name=\"twitter:label2\" content=\"Estimated reading time\" \/>\n\t<meta name=\"twitter:data2\" content=\"7 minutes\" \/>\n<script type=\"application\/ld+json\" class=\"yoast-schema-graph\">{\"@context\":\"https:\/\/schema.org\",\"@graph\":[{\"@type\":\"Article\",\"@id\":\"https:\/\/tiempodetormentas.com\/cartelera\/un-transito-desde-la-oscuridad-a-la-alegria-13-al-28-m\/#article\",\"isPartOf\":{\"@id\":\"https:\/\/tiempodetormentas.com\/cartelera\/un-transito-desde-la-oscuridad-a-la-alegria-13-al-28-m\/\"},\"author\":{\"name\":\"Tiempo de Tormentas\",\"@id\":\"https:\/\/tiempodetormentas.com\/#\/schema\/person\/9a9e95f6209f068f15d4e1c74cc3718e\"},\"headline\":\"Un tr\u00e1nsito desde la oscuridad a la alegr\u00eda 13 al 28 M\",\"datePublished\":\"2025-02-25T04:57:11+00:00\",\"dateModified\":\"2025-02-25T05:06:51+00:00\",\"mainEntityOfPage\":{\"@id\":\"https:\/\/tiempodetormentas.com\/cartelera\/un-transito-desde-la-oscuridad-a-la-alegria-13-al-28-m\/\"},\"wordCount\":1062,\"commentCount\":0,\"publisher\":{\"@id\":\"https:\/\/tiempodetormentas.com\/#organization\"},\"image\":{\"@id\":\"https:\/\/tiempodetormentas.com\/cartelera\/un-transito-desde-la-oscuridad-a-la-alegria-13-al-28-m\/#primaryimage\"},\"thumbnailUrl\":\"https:\/\/tiempodetormentas.com\/wp-content\/uploads\/2025\/02\/triptico-scaled.jpg\",\"articleSection\":[\"Cartelera\"],\"inLanguage\":\"en-GB\",\"potentialAction\":[{\"@type\":\"CommentAction\",\"name\":\"Comment\",\"target\":[\"https:\/\/tiempodetormentas.com\/cartelera\/un-transito-desde-la-oscuridad-a-la-alegria-13-al-28-m\/#respond\"]}]},{\"@type\":\"WebPage\",\"@id\":\"https:\/\/tiempodetormentas.com\/cartelera\/un-transito-desde-la-oscuridad-a-la-alegria-13-al-28-m\/\",\"url\":\"https:\/\/tiempodetormentas.com\/cartelera\/un-transito-desde-la-oscuridad-a-la-alegria-13-al-28-m\/\",\"name\":\"Un tr\u00e1nsito desde la oscuridad a la alegr\u00eda 13 al 28 M - Tiempo de Tormentas\",\"isPartOf\":{\"@id\":\"https:\/\/tiempodetormentas.com\/#website\"},\"primaryImageOfPage\":{\"@id\":\"https:\/\/tiempodetormentas.com\/cartelera\/un-transito-desde-la-oscuridad-a-la-alegria-13-al-28-m\/#primaryimage\"},\"image\":{\"@id\":\"https:\/\/tiempodetormentas.com\/cartelera\/un-transito-desde-la-oscuridad-a-la-alegria-13-al-28-m\/#primaryimage\"},\"thumbnailUrl\":\"https:\/\/tiempodetormentas.com\/wp-content\/uploads\/2025\/02\/triptico-scaled.jpg\",\"datePublished\":\"2025-02-25T04:57:11+00:00\",\"dateModified\":\"2025-02-25T05:06:51+00:00\",\"breadcrumb\":{\"@id\":\"https:\/\/tiempodetormentas.com\/cartelera\/un-transito-desde-la-oscuridad-a-la-alegria-13-al-28-m\/#breadcrumb\"},\"inLanguage\":\"en-GB\",\"potentialAction\":[{\"@type\":\"ReadAction\",\"target\":[\"https:\/\/tiempodetormentas.com\/cartelera\/un-transito-desde-la-oscuridad-a-la-alegria-13-al-28-m\/\"]}]},{\"@type\":\"ImageObject\",\"inLanguage\":\"en-GB\",\"@id\":\"https:\/\/tiempodetormentas.com\/cartelera\/un-transito-desde-la-oscuridad-a-la-alegria-13-al-28-m\/#primaryimage\",\"url\":\"https:\/\/tiempodetormentas.com\/wp-content\/uploads\/2025\/02\/triptico-scaled.jpg\",\"contentUrl\":\"https:\/\/tiempodetormentas.com\/wp-content\/uploads\/2025\/02\/triptico-scaled.jpg\",\"width\":2560,\"height\":1919},{\"@type\":\"BreadcrumbList\",\"@id\":\"https:\/\/tiempodetormentas.com\/cartelera\/un-transito-desde-la-oscuridad-a-la-alegria-13-al-28-m\/#breadcrumb\",\"itemListElement\":[{\"@type\":\"ListItem\",\"position\":1,\"name\":\"Portada\",\"item\":\"https:\/\/tiempodetormentas.com\/\"},{\"@type\":\"ListItem\",\"position\":2,\"name\":\"Un tr\u00e1nsito desde la oscuridad a la alegr\u00eda 13 al 28 M\"}]},{\"@type\":\"WebSite\",\"@id\":\"https:\/\/tiempodetormentas.com\/#website\",\"url\":\"https:\/\/tiempodetormentas.com\/\",\"name\":\"Tiempo de Tormentas\",\"description\":\"Edita el club de la bruma\",\"publisher\":{\"@id\":\"https:\/\/tiempodetormentas.com\/#organization\"},\"potentialAction\":[{\"@type\":\"SearchAction\",\"target\":{\"@type\":\"EntryPoint\",\"urlTemplate\":\"https:\/\/tiempodetormentas.com\/?s={search_term_string}\"},\"query-input\":{\"@type\":\"PropertyValueSpecification\",\"valueRequired\":true,\"valueName\":\"search_term_string\"}}],\"inLanguage\":\"en-GB\"},{\"@type\":\"Organization\",\"@id\":\"https:\/\/tiempodetormentas.com\/#organization\",\"name\":\"Tiempo de Tormentas\",\"url\":\"https:\/\/tiempodetormentas.com\/\",\"logo\":{\"@type\":\"ImageObject\",\"inLanguage\":\"en-GB\",\"@id\":\"https:\/\/tiempodetormentas.com\/#\/schema\/logo\/image\/\",\"url\":\"https:\/\/tiempodetormentas.com\/wp-content\/uploads\/2022\/01\/tiempo-de-tormentas.png\",\"contentUrl\":\"https:\/\/tiempodetormentas.com\/wp-content\/uploads\/2022\/01\/tiempo-de-tormentas.png\",\"width\":448,\"height\":121,\"caption\":\"Tiempo de Tormentas\"},\"image\":{\"@id\":\"https:\/\/tiempodetormentas.com\/#\/schema\/logo\/image\/\"}},{\"@type\":\"Person\",\"@id\":\"https:\/\/tiempodetormentas.com\/#\/schema\/person\/9a9e95f6209f068f15d4e1c74cc3718e\",\"name\":\"Tiempo de Tormentas\",\"image\":{\"@type\":\"ImageObject\",\"inLanguage\":\"en-GB\",\"@id\":\"https:\/\/tiempodetormentas.com\/#\/schema\/person\/image\/\",\"url\":\"https:\/\/secure.gravatar.com\/avatar\/1b3c03cb36f6ab2f16882ddfcb878f0ebda1187829a7882b31ff8c8cfc477e50?s=96&d=mm&r=g\",\"contentUrl\":\"https:\/\/secure.gravatar.com\/avatar\/1b3c03cb36f6ab2f16882ddfcb878f0ebda1187829a7882b31ff8c8cfc477e50?s=96&d=mm&r=g\",\"caption\":\"Tiempo de Tormentas\"},\"url\":\"https:\/\/tiempodetormentas.com\/en\/author\/tiempo-de-tormentas\/\"}]}<\/script>\n<!-- \/ Yoast SEO plugin. -->","yoast_head_json":{"title":"Un tr\u00e1nsito desde la oscuridad a la alegr\u00eda 13 al 28 M - Tiempo de Tormentas","robots":{"index":"index","follow":"follow","max-snippet":"max-snippet:-1","max-image-preview":"max-image-preview:large","max-video-preview":"max-video-preview:-1"},"canonical":"https:\/\/tiempodetormentas.com\/en\/cartelera\/un-transito-desde-la-oscuridad-a-la-alegria-13-al-28-m\/","og_locale":"en_GB","og_type":"article","og_title":"Un tr\u00e1nsito desde la oscuridad a la alegr\u00eda 13 al 28 M - Tiempo de Tormentas","og_description":"&nbsp; Murmullo 13 \u00a0&#8211; 28 marzo 25 Un tr\u00e1nsito desde la oscuridad a la alegr\u00eda &nbsp; Murmullo\u00a0es la segunda parte del\u00a0Tr\u00edptico de la Vida, el \u00faltimo proyecto de la\u00a0Compa\u00f1\u00eda Cuarta Pared\u00a0que, por su\u00a040\u00ba aniversario, plante\u00f3 a tres directoras vinculadas a su trayectoria a desarrollar tres propuestas esc\u00e9nicas que partieron de unas mismas inquietudes:\u00a0\u00bfC\u00f3mo se aprende [&hellip;]","og_url":"https:\/\/tiempodetormentas.com\/en\/cartelera\/un-transito-desde-la-oscuridad-a-la-alegria-13-al-28-m\/","og_site_name":"Tiempo de Tormentas","article_published_time":"2025-02-25T04:57:11+00:00","article_modified_time":"2025-02-25T05:06:51+00:00","og_image":[{"width":2560,"height":1919,"url":"https:\/\/tiempodetormentas.com\/wp-content\/uploads\/2025\/02\/triptico-scaled.jpg","type":"image\/jpeg"}],"author":"Tiempo de Tormentas","twitter_card":"summary_large_image","twitter_misc":{"Written by":"Tiempo de Tormentas","Estimated reading time":"7 minutes"},"schema":{"@context":"https:\/\/schema.org","@graph":[{"@type":"Article","@id":"https:\/\/tiempodetormentas.com\/cartelera\/un-transito-desde-la-oscuridad-a-la-alegria-13-al-28-m\/#article","isPartOf":{"@id":"https:\/\/tiempodetormentas.com\/cartelera\/un-transito-desde-la-oscuridad-a-la-alegria-13-al-28-m\/"},"author":{"name":"Tiempo de Tormentas","@id":"https:\/\/tiempodetormentas.com\/#\/schema\/person\/9a9e95f6209f068f15d4e1c74cc3718e"},"headline":"Un tr\u00e1nsito desde la oscuridad a la alegr\u00eda 13 al 28 M","datePublished":"2025-02-25T04:57:11+00:00","dateModified":"2025-02-25T05:06:51+00:00","mainEntityOfPage":{"@id":"https:\/\/tiempodetormentas.com\/cartelera\/un-transito-desde-la-oscuridad-a-la-alegria-13-al-28-m\/"},"wordCount":1062,"commentCount":0,"publisher":{"@id":"https:\/\/tiempodetormentas.com\/#organization"},"image":{"@id":"https:\/\/tiempodetormentas.com\/cartelera\/un-transito-desde-la-oscuridad-a-la-alegria-13-al-28-m\/#primaryimage"},"thumbnailUrl":"https:\/\/tiempodetormentas.com\/wp-content\/uploads\/2025\/02\/triptico-scaled.jpg","articleSection":["Cartelera"],"inLanguage":"en-GB","potentialAction":[{"@type":"CommentAction","name":"Comment","target":["https:\/\/tiempodetormentas.com\/cartelera\/un-transito-desde-la-oscuridad-a-la-alegria-13-al-28-m\/#respond"]}]},{"@type":"WebPage","@id":"https:\/\/tiempodetormentas.com\/cartelera\/un-transito-desde-la-oscuridad-a-la-alegria-13-al-28-m\/","url":"https:\/\/tiempodetormentas.com\/cartelera\/un-transito-desde-la-oscuridad-a-la-alegria-13-al-28-m\/","name":"Un tr\u00e1nsito desde la oscuridad a la alegr\u00eda 13 al 28 M - Tiempo de Tormentas","isPartOf":{"@id":"https:\/\/tiempodetormentas.com\/#website"},"primaryImageOfPage":{"@id":"https:\/\/tiempodetormentas.com\/cartelera\/un-transito-desde-la-oscuridad-a-la-alegria-13-al-28-m\/#primaryimage"},"image":{"@id":"https:\/\/tiempodetormentas.com\/cartelera\/un-transito-desde-la-oscuridad-a-la-alegria-13-al-28-m\/#primaryimage"},"thumbnailUrl":"https:\/\/tiempodetormentas.com\/wp-content\/uploads\/2025\/02\/triptico-scaled.jpg","datePublished":"2025-02-25T04:57:11+00:00","dateModified":"2025-02-25T05:06:51+00:00","breadcrumb":{"@id":"https:\/\/tiempodetormentas.com\/cartelera\/un-transito-desde-la-oscuridad-a-la-alegria-13-al-28-m\/#breadcrumb"},"inLanguage":"en-GB","potentialAction":[{"@type":"ReadAction","target":["https:\/\/tiempodetormentas.com\/cartelera\/un-transito-desde-la-oscuridad-a-la-alegria-13-al-28-m\/"]}]},{"@type":"ImageObject","inLanguage":"en-GB","@id":"https:\/\/tiempodetormentas.com\/cartelera\/un-transito-desde-la-oscuridad-a-la-alegria-13-al-28-m\/#primaryimage","url":"https:\/\/tiempodetormentas.com\/wp-content\/uploads\/2025\/02\/triptico-scaled.jpg","contentUrl":"https:\/\/tiempodetormentas.com\/wp-content\/uploads\/2025\/02\/triptico-scaled.jpg","width":2560,"height":1919},{"@type":"BreadcrumbList","@id":"https:\/\/tiempodetormentas.com\/cartelera\/un-transito-desde-la-oscuridad-a-la-alegria-13-al-28-m\/#breadcrumb","itemListElement":[{"@type":"ListItem","position":1,"name":"Portada","item":"https:\/\/tiempodetormentas.com\/"},{"@type":"ListItem","position":2,"name":"Un tr\u00e1nsito desde la oscuridad a la alegr\u00eda 13 al 28 M"}]},{"@type":"WebSite","@id":"https:\/\/tiempodetormentas.com\/#website","url":"https:\/\/tiempodetormentas.com\/","name":"Tiempo de Tormentas","description":"Edita el club de la bruma","publisher":{"@id":"https:\/\/tiempodetormentas.com\/#organization"},"potentialAction":[{"@type":"SearchAction","target":{"@type":"EntryPoint","urlTemplate":"https:\/\/tiempodetormentas.com\/?s={search_term_string}"},"query-input":{"@type":"PropertyValueSpecification","valueRequired":true,"valueName":"search_term_string"}}],"inLanguage":"en-GB"},{"@type":"Organization","@id":"https:\/\/tiempodetormentas.com\/#organization","name":"Tiempo de Tormentas","url":"https:\/\/tiempodetormentas.com\/","logo":{"@type":"ImageObject","inLanguage":"en-GB","@id":"https:\/\/tiempodetormentas.com\/#\/schema\/logo\/image\/","url":"https:\/\/tiempodetormentas.com\/wp-content\/uploads\/2022\/01\/tiempo-de-tormentas.png","contentUrl":"https:\/\/tiempodetormentas.com\/wp-content\/uploads\/2022\/01\/tiempo-de-tormentas.png","width":448,"height":121,"caption":"Tiempo de Tormentas"},"image":{"@id":"https:\/\/tiempodetormentas.com\/#\/schema\/logo\/image\/"}},{"@type":"Person","@id":"https:\/\/tiempodetormentas.com\/#\/schema\/person\/9a9e95f6209f068f15d4e1c74cc3718e","name":"Tiempo de Tormentas","image":{"@type":"ImageObject","inLanguage":"en-GB","@id":"https:\/\/tiempodetormentas.com\/#\/schema\/person\/image\/","url":"https:\/\/secure.gravatar.com\/avatar\/1b3c03cb36f6ab2f16882ddfcb878f0ebda1187829a7882b31ff8c8cfc477e50?s=96&d=mm&r=g","contentUrl":"https:\/\/secure.gravatar.com\/avatar\/1b3c03cb36f6ab2f16882ddfcb878f0ebda1187829a7882b31ff8c8cfc477e50?s=96&d=mm&r=g","caption":"Tiempo de Tormentas"},"url":"https:\/\/tiempodetormentas.com\/en\/author\/tiempo-de-tormentas\/"}]}},"_links":{"self":[{"href":"https:\/\/tiempodetormentas.com\/en\/wp-json\/wp\/v2\/posts\/2061","targetHints":{"allow":["GET"]}}],"collection":[{"href":"https:\/\/tiempodetormentas.com\/en\/wp-json\/wp\/v2\/posts"}],"about":[{"href":"https:\/\/tiempodetormentas.com\/en\/wp-json\/wp\/v2\/types\/post"}],"author":[{"embeddable":true,"href":"https:\/\/tiempodetormentas.com\/en\/wp-json\/wp\/v2\/users\/13"}],"replies":[{"embeddable":true,"href":"https:\/\/tiempodetormentas.com\/en\/wp-json\/wp\/v2\/comments?post=2061"}],"version-history":[{"count":2,"href":"https:\/\/tiempodetormentas.com\/en\/wp-json\/wp\/v2\/posts\/2061\/revisions"}],"predecessor-version":[{"id":2064,"href":"https:\/\/tiempodetormentas.com\/en\/wp-json\/wp\/v2\/posts\/2061\/revisions\/2064"}],"wp:featuredmedia":[{"embeddable":true,"href":"https:\/\/tiempodetormentas.com\/en\/wp-json\/wp\/v2\/media\/2062"}],"wp:attachment":[{"href":"https:\/\/tiempodetormentas.com\/en\/wp-json\/wp\/v2\/media?parent=2061"}],"wp:term":[{"taxonomy":"category","embeddable":true,"href":"https:\/\/tiempodetormentas.com\/en\/wp-json\/wp\/v2\/categories?post=2061"},{"taxonomy":"post_tag","embeddable":true,"href":"https:\/\/tiempodetormentas.com\/en\/wp-json\/wp\/v2\/tags?post=2061"}],"curies":[{"name":"wp","href":"https:\/\/api.w.org\/{rel}","templated":true}]}}