{"id":2046,"date":"2025-02-25T03:16:04","date_gmt":"2025-02-25T03:16:04","guid":{"rendered":"https:\/\/tiempodetormentas.com\/?p=2046"},"modified":"2025-12-31T19:09:47","modified_gmt":"2025-12-31T19:09:47","slug":"la-energetica-existencialidad-cosmica-de-l-ramon-garcia-del-pomar","status":"publish","type":"post","link":"https:\/\/tiempodetormentas.com\/en\/cultura\/la-energetica-existencialidad-cosmica-de-l-ramon-garcia-del-pomar\/","title":{"rendered":"la energ\u00e9tica existencialidad c\u00f3smica de L.Ram\u00f3n Garc\u00eda del Pomar"},"content":{"rendered":"<p>&nbsp;<\/p>\n<h1><\/h1>\n<h1>\u00a0\u00abMe hace libre, sentirme \u00fatil al com\u00fan de mis semejantes\u00bb<\/h1>\n<p><img loading=\"lazy\" decoding=\"async\" class=\"aligncenter size-full wp-image-2048\" src=\"https:\/\/tiempodetormentas.com\/wp-content\/uploads\/2025\/02\/Ramon-y-Gus.jpg\" alt=\"\" width=\"414\" height=\"414\" srcset=\"https:\/\/tiempodetormentas.com\/wp-content\/uploads\/2025\/02\/Ramon-y-Gus.jpg 414w, https:\/\/tiempodetormentas.com\/wp-content\/uploads\/2025\/02\/Ramon-y-Gus-300x300.jpg 300w, https:\/\/tiempodetormentas.com\/wp-content\/uploads\/2025\/02\/Ramon-y-Gus-150x150.jpg 150w\" sizes=\"auto, (max-width: 414px) 100vw, 414px\" \/><\/p>\n<h1>la energ\u00e9tica existencialidad c\u00f3smica de<\/h1>\n<h1>L.Ram\u00f3n Garc\u00eda del Pomar<\/h1>\n<p>&nbsp;<\/p>\n<p>Llega al planeta un 17 de mayo de 1950 en Los Corrales de Buelna (Cantabria), en una familia acomodada, cuyo padre fue Juez, qu\u00edmico y comerciante de electrodom\u00e9sticos. Tambi\u00e9n su madre fue una mujer de gran cultura.<\/p>\n<p>Estudiante en el colegio de San Juan Bautista de La Salle, entra en un Seminario destinado a terminar siendo sacerdote o quiz\u00e1 obispo.<\/p>\n<p>Este era el deseo del padre, pero el nene solo quer\u00eda ser misionero y pobre. Aquel on\u00edrico futuro se interrumpe de forma abrupta cuando su padre espiritual, en el seminario de Monte Corb\u00e1n, Don Fidel, al confesarle una ma\u00f1ana de domingo y a la edad de 12 a\u00f1os que \u00abSatan\u00e1s ha venido a tentarle por la noche y no ha podido evitar la tentaci\u00f3n de hacer cosas feas\u00bb, le escucha con inter\u00e9s irreprimible mientras va introduciendo su mano por la pernera del pantal\u00f3n corto de Ram\u00f3n y, en vez de recriminarle por su pecado, trata de incitarle para que lo repita con \u00e9l.<\/p>\n<p>Ram\u00f3n salta como electrizado por un rayo, se aparta y con fuerza le grita, le insulta. Est\u00e1 asustado, es s\u00f3lo una reacci\u00f3n defensiva. Intenta salir por la puerta, que se encuentra cerrada a cal y canto.<\/p>\n<p>Quiere huir del seminario y cuenta a sus padres la escena de espanto que ha vivido.\u00a0 A todos les parece una gran mentira y nuestro Ramonc\u00edn todav\u00eda es expulsado del seminario por embustero, la excusa es que monchito ha perdido la vocaci\u00f3n y no se atreve a confesarlo.<\/p>\n<p>Ya en la despedida, dentro del coche de su padre, D. Fidel intenta volver a tocar al ni\u00f1o y este le propina un manotazo. Su padre se gira y le atiza un bofet\u00f3n, toda vez que el mal cura le propina un pu\u00f1etazo con su anillo y le abre una herida en los labios. La cicatriz hoy en d\u00eda\u00a0 sigue en el labio superior de Ram\u00f3n. Un recuerdo de aquel cura sexualmente reprimido y m\u00e1s falso que una perra chica. As\u00ed que en \u00e9l fue creciendo el rechazo de todo aquello en lo que le dijeron que deb\u00eda creer.<\/p>\n<p>Hasta que Don Guillermo \u00c1lvarez Roces, le ofreci\u00f3 el libro del Tao Te King que le abri\u00f3 la puerta para comunicar con ese maestro interior.<\/p>\n<p>Solo deb\u00eda aprender a conocerse a s\u00ed mismo para ejercitarse primero en el respeto a uno mismo para poder llegar a respetar al pr\u00f3jimo. Y as\u00ed comenz\u00f3 a soltar el lastre tra\u00eddo y acumulado por las malas experiencias.<\/p>\n<p>De aquella conexi\u00f3n sana, real , surge la conexi\u00f3n con una de las artes que le acompa\u00f1ar\u00e1 desde ese momento, la m\u00fasica. Aprende a tocar la guitarra y comienza a componer.<\/p>\n<p>La vida de Ram\u00f3n sigue buscando respuestas a todas las dudas existenciales que le surgen.<\/p>\n<p>De aquel resentimiento a todo lo establecido surge la magia de Guillermo, surge el aut\u00e9ntico amor por todo lo que existe. Nace el entendimiento, la empat\u00eda, el saber escuchar, pero tambi\u00e9n a alcanzar el trabajo m\u00e1s dif\u00edcil: el silencio que abre la puerta de todas las cosas al conseguir parar el ruido del soliloquio interior perpetuo, las interferencias del cerebro de viajar al pasado para saltar a proyectar hacia el futuro, de forma constante, olvid\u00e1ndose de permanecer en el aqu\u00ed y ahora dentro de su cuerpo, escuchando su cuerpo, y la mente quieta y calma hasta llegar al\u00a0 silencio. La luz nace en la oscuridad. Y de esa iluminaci\u00f3n interior la apertura de todas las cosas, de forma humilde y agradecida, a todo lo existente, todo lo creado por la vida y el orden de los universos. Es el camino, el Tao. En Occidente Espinosa. Y en Ram\u00f3n Guillermo fue su suerte de Maestro Espiritual.\u00a0 El amor de un hombre con Fe, es como lo describe nuestro Ram\u00f3n.<\/p>\n<p>Al correr del tiempo cuando le lleg\u00f3 la propuesta para participar en el Segundo Festival de M\u00fasica M\u00edstica, por invitaci\u00f3n de una organista (como lo fue su mentor) sinti\u00f3 que aqu\u00e9l maestro tan especial se lo enviaba para que hiciera un regreso a los tantos a\u00f1os que le dio de su saber, de su paciencia, de su bondad, y \u00abRamon\u00edn\u00bb, como le llamaban D. Guillermo y su madre Do\u00f1a Germana, sinti\u00f3 que al igual que hab\u00eda recibido deb\u00eda dar para que continuara viva esa cadena fraternal invisible que existe entre los seres de buena voluntad.<\/p>\n<p>Por eso cuando Ram\u00f3n contacta con su ni\u00f1o interior y recuerda qu\u00e9 es ser ni\u00f1o se responde que ser ni\u00f1o es la verdad, la inocencia del ego\u00edsmo, el Ser que nos ense\u00f1a a ver c\u00f3mo somos. Y entonces es cuando se alcanza el cielo porque \u00abel cielo es la conciencia de estar en paz con uno mismo\u00bb. Sabe muy bien que el odio es una forma de auto herirse. Y no merece la pena porque el haber venido aqu\u00ed significa la suerte de vivir \u00abpara ser maestro y alumno a la vez y poder compartir\u00bb.<\/p>\n<p>Ram\u00f3n ama tanto la vida que no se quiere morir porque disfruta a cada segundo de ella. En verdad que vuela liberado de todo lastre. Y sabe que se puede herir desde la prepotencia del car\u00e1cter.<\/p>\n<p>\u00bb Una vez, p<em>or venganza, mi padre me impide ir a un Festival que se celebra en la Isla de Wight<\/em>\u00a0<em>y me obliga a que saque 5 sobresalientes. Yo le traigo 7 y, no obstante, continu\u00f3 prohibi\u00e9ndomelo. Siendo \u00e9l un juez, \u00bfqu\u00e9 mayor venganza que la de desacreditarle ante la sociedad con un hijo delincuente?. Entonces ten\u00eda 16 a\u00f1os y me dediqu\u00e9 a robar coches en Santander, donde resid\u00eda, aunque en realidad solo los cambiaba de sitio y los dejaba en lo lugares m\u00e1s variopintos, hasta que tuve un accidente y me <\/em><em>detuvieron. Fueron 80 coches en un mes, d\u00edas de dos tres y hasta cuatro. Citroen Dos Caballos, los que repart\u00ed. La justicia me podr\u00eda haber llevado a la c\u00e1rcel de menores, pero mi padre lo evit\u00f3 pagando un dineral en multas por hurto de uso, conducci\u00f3n temeraria, etc. \u00c9l, por este hecho, dimiti\u00f3 de su cargo. Yo, para mayor castigo, pas\u00e9 10 d\u00edas eternos en la Prisi\u00f3n Provincial de Santander, para que viera las orejas al lobo. Quiz\u00e1 aprend\u00ed cosas que no deber\u00eda haber aprendido pero, por hacer algo indebido, tambi\u00e9n supe que la mayor realidad de la venganza consiste en cavar dos tumbas.\u201d<\/em><\/p>\n<p>Por eso Ram\u00f3n donde m\u00e1s amigos tiene es en el infierno. Pero ha aprendido a no juzgar. Eso le ha dado \u00ab<em>la oportunidad de poder entrar en las c\u00e1rceles para ense\u00f1arles a que no reincidan\u00bb y que no vuelva a reincidir tampoco \u00e9l.<\/em><\/p>\n<p>Ahora va a las c\u00e1rceles \u201cpara convertirlos en artistas. Muchos de ellos lo son. Est\u00e1n deseando expresar.\u201d Como desea seguir expresando \u00e9l mismo:<\/p>\n<p>\u201c<em>Yo escribo poes\u00eda y textos para estar en escena, lo mismo que represento textos de otros autores. Siento la verdad, siento al personaje que me permito ser.\u201d<\/em><\/p>\n<p>\u201c<em>La poes\u00eda es un ratito corto lleno de mensajes bellos y de verdades.<\/em>\u201d<\/p>\n<p><img decoding=\"async\" src=\"https:\/\/scontent.fmad10-2.fna.fbcdn.net\/v\/t39.30808-6\/434031943_10230064910619544_5536845027583065976_n.jpg?stp=c0.169.1536.1536a_dst-jpg_s552x414_tt6&amp;_nc_cat=105&amp;ccb=1-7&amp;_nc_sid=714c7a&amp;_nc_ohc=NPPYSE5E1Y8Q7kNvgEKSmQe&amp;_nc_oc=AdjfDW54CwF4wF9tvufQur4_RkK4AB3WFgTe-dibjTahS76kfEmK5iCCI3VjjDoGc48&amp;_nc_zt=23&amp;_nc_ht=scontent.fmad10-2.fna&amp;_nc_gid=AddaC_gF-CZB4o5OZjuPu8t&amp;oh=00_AYCKZiwWYh6t04x7A4AFped-NYY95BFNRmL9YCmcSd4Fjw&amp;oe=67C2D242\" alt=\"No hay ninguna descripci\u00f3n de la foto disponible.\" \/><\/p>\n<p>En el a\u00f1o 1967, se march\u00f3 a Madrid <em>\u201cHaciendo autostop\u00bb dijo que se iba \u00aba hacer lo que ten\u00eda que hacer\u2026\u201d<\/em> y veo que despu\u00e9s de numerosos avatares y aventuras L. Ram\u00f3n contin\u00faa desarroll\u00e1ndose &#8230;<\/p>\n<p>&nbsp;<\/p>\n<div class=\"x9f619 x1n2onr6 x1ja2u2z x78zum5 xdt5ytf x193iq5w xeuugli x1r8uery x1iyjqo2 xs83m0k xsyo7zv x16hj40l x10b6aqq x1yrsyyn\"><span class=\"x193iq5w xeuugli x13faqbe x1vvkbs xlh3980 xvmahel x1n0sxbx x1lliihq x1s928wv xhkezso x1gmr53x x1cpjm7i x1fgarty x1943h6x x4zkp8e x3x7a5m x6prxxf xvq8zen xo1l8bm xzsf02u\" dir=\"auto\">Como componente y creador de grupo musica<strong>l<\/strong> <strong>L\u00ednea Vienesa<\/strong>\u00a0<\/span><\/div>\n<div><\/div>\n<div class=\"x9f619 x1n2onr6 x1ja2u2z x78zum5 xdt5ytf x193iq5w xeuugli x1r8uery x1iyjqo2 xs83m0k xsyo7zv x16hj40l x10b6aqq x1yrsyyn\"><span class=\"x193iq5w xeuugli x13faqbe x1vvkbs xlh3980 xvmahel x1n0sxbx x1lliihq x1s928wv xhkezso x1gmr53x x1cpjm7i x1fgarty x1943h6x x4zkp8e x3x7a5m x6prxxf xvq8zen xo1l8bm xzsf02u\" dir=\"auto\"><img decoding=\"async\" src=\"https:\/\/database.unearthingthemusic.eu\/images\/thumb\/7\/7a\/Linea-Vienesa-650x875.jpg\/300px-Linea-Vienesa-650x875.jpg\" alt=\"L\u00ednea Vienesa - Unearthing The Music\" \/><\/span><\/div>\n<div class=\"x9f619 x1n2onr6 x1ja2u2z x78zum5 xdt5ytf x193iq5w xeuugli x1r8uery x1iyjqo2 xs83m0k xsyo7zv x16hj40l x10b6aqq x1yrsyyn\">\n<div class=\"x9f619 x1n2onr6 x1ja2u2z x78zum5 xdt5ytf x193iq5w xeuugli x1r8uery x1iyjqo2 xs83m0k xsyo7zv x16hj40l x10b6aqq x1yrsyyn\"><span class=\"x193iq5w xeuugli x13faqbe x1vvkbs xlh3980 xvmahel x1n0sxbx x1lliihq x1s928wv xhkezso x1gmr53x x1cpjm7i x1fgarty x1943h6x x4zkp8e x3x7a5m x6prxxf xvq8zen xo1l8bm xzsf02u\" dir=\"auto\">M\u00e1s tarde se integr\u00f3 en el proyecto <strong>Rock-Ola<\/strong> como Director de Eventos (La Movida Madrile\u00f1a).<\/span><\/div>\n<div class=\"x9f619 x1n2onr6 x1ja2u2z x78zum5 xdt5ytf x193iq5w xeuugli x1r8uery x1iyjqo2 xs83m0k xsyo7zv x16hj40l x10b6aqq x1yrsyyn\">\n<h4 class=\"x2b8uid x80vd3b x1q0q8m5 xso031l x1l90r2v\"><\/h4>\n<\/div>\n<\/div>\n<div><img decoding=\"async\" src=\"https:\/\/scontent.fmad10-2.fna.fbcdn.net\/v\/t39.30808-6\/393487593_10229138603622448_6882505571553374885_n.jpg?stp=c0.290.721.721a_dst-jpg_s552x414_tt6&amp;_nc_cat=109&amp;ccb=1-7&amp;_nc_sid=714c7a&amp;_nc_ohc=0TIcb0c74v0Q7kNvgGy5DDC&amp;_nc_oc=AdjtkFvkRgtkl6Wn7-N4IZ_kCGfscK-fcZJ_94KF8tInj7PaY2F5Q1xHMXSbPHOfM9o&amp;_nc_zt=23&amp;_nc_ht=scontent.fmad10-2.fna&amp;_nc_gid=AN8v_fuuzZB3g0FDzEZZo2M&amp;oh=00_AYA4kIaesbZFbeCshfPZkXbWn-hng3r8af0zv6aQ6_k9Wg&amp;oe=67C2D9FE\" alt=\"No hay ninguna descripci\u00f3n de la foto disponible.\" \/><img decoding=\"async\" src=\"https:\/\/scontent.fmad10-2.fna.fbcdn.net\/v\/t39.30808-6\/393470241_10229138609102585_6914838150504731518_n.jpg?_nc_cat=100&amp;ccb=1-7&amp;_nc_sid=127cfc&amp;_nc_ohc=zKXYoJKzXCMQ7kNvgFzoeSI&amp;_nc_oc=AdiGR5735XATGn9MVz45lOrb9JYif-xjRkX2sWz3HOF344Q1SjXMc9VnLwJzz1JX8Bk&amp;_nc_zt=23&amp;_nc_ht=scontent.fmad10-2.fna&amp;_nc_gid=APitQHoVxTXw8xS3vxqjrr0&amp;oh=00_AYDDK8DcMSTsHgk1a-O3MapgWuiW0HLm0avwxmN-MmPYtA&amp;oe=67C2E547\" alt=\"No hay ninguna descripci\u00f3n de la foto disponible.\" \/><\/div>\n<h6><em>Foto: Clamores en un homenaje a La Movida Madrile\u00f1a<\/em><\/h6>\n<p>&nbsp;<\/p>\n<div class=\"x9f619 x1n2onr6 x1ja2u2z x78zum5 xdt5ytf x193iq5w xeuugli x1r8uery x1iyjqo2 xs83m0k xsyo7zv x16hj40l x10b6aqq x1yrsyyn\"><span class=\"x193iq5w xeuugli x13faqbe x1vvkbs xlh3980 xvmahel x1n0sxbx x1lliihq x1s928wv xhkezso x1gmr53x x1cpjm7i x1fgarty x1943h6x x4zkp8e x3x7a5m x6prxxf xvq8zen xo1l8bm xzsf02u\" dir=\"auto\">Fue fundador de la <strong>Asociaci\u00f3n de Creadores para la Moda de Espa\u00f1a y director de la Escuela de Dise\u00f1o A.C.M.E.<\/strong> donde trabaj\u00f3 dise\u00f1ando vestuarios para <strong>Tina<\/strong> <strong>Turner<\/strong>, <strong>Eric Clapton<\/strong>, <strong>Roxet<\/strong>, <strong>Los Manolos<\/strong>, <strong>La Frontera<\/strong> y tant\u00edsimos m\u00e1s, incluyendo a importantes compa\u00f1\u00edas de teatro.<\/span><\/div>\n<div><\/div>\n<div class=\"x9f619 x1n2onr6 x1ja2u2z x78zum5 xdt5ytf x193iq5w xeuugli x1r8uery x1iyjqo2 xs83m0k xsyo7zv x16hj40l x10b6aqq x1yrsyyn\"><span class=\"x193iq5w xeuugli x13faqbe x1vvkbs xlh3980 xvmahel x1n0sxbx x1lliihq x1s928wv xhkezso x1gmr53x x1cpjm7i x1fgarty x1943h6x x4zkp8e x3x7a5m x6prxxf xvq8zen xo1l8bm xzsf02u\" dir=\"auto\"><img decoding=\"async\" src=\"https:\/\/scontent.fmad10-2.fna.fbcdn.net\/v\/t39.30808-6\/358145164_10228363140756361_3896181749775981572_n.jpg?_nc_cat=100&amp;ccb=1-7&amp;_nc_sid=833d8c&amp;_nc_ohc=iWCPUyYyD8wQ7kNvgG33oRS&amp;_nc_oc=AdjVJGk7XNLgz-JtzaDtQGLgCjJ4Zy1P6Za3_BI8zSqqm7llk4ZuRqq7AJzA8Mm0k3o&amp;_nc_zt=23&amp;_nc_ht=scontent.fmad10-2.fna&amp;_nc_gid=A34ci91ZFw5ODHjeXCD4jN2&amp;oh=00_AYCKaHtx8bjvoRw0YgwdgY0mz14BjopOWovUQoDo4_8vzQ&amp;oe=67C2EFEC\" alt=\"No hay ninguna descripci\u00f3n de la foto disponible.\" \/><\/span><\/div>\n<div><\/div>\n<div class=\"x9f619 x1n2onr6 x1ja2u2z x78zum5 xdt5ytf x193iq5w xeuugli x1r8uery x1iyjqo2 xs83m0k xsyo7zv x16hj40l x10b6aqq x1yrsyyn\"><strong style=\"font-family: Verdana, BlinkMacSystemFont, -apple-system, 'Segoe UI', Roboto, Oxygen, Ubuntu, Cantarell, 'Open Sans', 'Helvetica Neue', sans-serif;\">En la radio<\/strong><span style=\"font-family: Verdana, BlinkMacSystemFont, -apple-system, 'Segoe UI', Roboto, Oxygen, Ubuntu, Cantarell, 'Open Sans', 'Helvetica Neue', sans-serif;\"> con el programa semanal en RNE, Radio 3, <\/span><em style=\"font-family: Verdana, BlinkMacSystemFont, -apple-system, 'Segoe UI', Roboto, Oxygen, Ubuntu, Cantarell, 'Open Sans', 'Helvetica Neue', sans-serif;\">En El Aire<\/em><span style=\"font-family: Verdana, BlinkMacSystemFont, -apple-system, 'Segoe UI', Roboto, Oxygen, Ubuntu, Cantarell, 'Open Sans', 'Helvetica Neue', sans-serif;\">. Y asiduo de muchos programas<\/span><\/div>\n<div><\/div>\n<div class=\"x9f619 x1n2onr6 x1ja2u2z x78zum5 xdt5ytf x193iq5w xeuugli x1r8uery x1iyjqo2 xs83m0k xsyo7zv x16hj40l x10b6aqq x1yrsyyn\"><span style=\"font-family: Verdana, BlinkMacSystemFont, -apple-system, 'Segoe UI', Roboto, Oxygen, Ubuntu, Cantarell, 'Open Sans', 'Helvetica Neue', sans-serif;\"><img decoding=\"async\" src=\"https:\/\/static.wixstatic.com\/media\/323c65_6d611411090e410cbd52514bb6085c2b~mv2.png\/v1\/fill\/w_448,h_448,al_c,lg_1,q_85,enc_avif,quality_auto\/323c65_6d611411090e410cbd52514bb6085c2b~mv2.png\" \/><\/span><\/div>\n<div><\/div>\n<div>Y sin dudarlo saltando a las Radios Alternativas y entrevistando buenos amigos como a <strong>Pato Vald\u00e9s<\/strong><\/div>\n<div><\/div>\n<div class=\"x9f619 x1n2onr6 x1ja2u2z x78zum5 xdt5ytf x193iq5w xeuugli x1r8uery x1iyjqo2 xs83m0k xsyo7zv x16hj40l x10b6aqq x1yrsyyn\"><span style=\"font-family: Verdana, BlinkMacSystemFont, -apple-system, 'Segoe UI', Roboto, Oxygen, Ubuntu, Cantarell, 'Open Sans', 'Helvetica Neue', sans-serif;\"><img decoding=\"async\" src=\"https:\/\/scontent.fmad10-2.fna.fbcdn.net\/v\/t1.6435-9\/75394746_10218489114671880_5649734898966069248_n.jpg?_nc_cat=110&amp;ccb=1-7&amp;_nc_sid=127cfc&amp;_nc_ohc=CJhqGPjSXY0Q7kNvgGjpxHe&amp;_nc_oc=AdggwJgFmn3E7dcv4vGbCtosjfiPRIOT42QCGgnzaLP5RkeZs2ka16vqC78VKGacVg8&amp;_nc_zt=23&amp;_nc_ht=scontent.fmad10-2.fna&amp;_nc_gid=Adm84s8dL4OsTJkJNakEtxe&amp;oh=00_AYC7uBIyrc4rN5Dis0L9a7kDj2qDnXSHd3O2843CVJQQMw&amp;oe=67E4A917\" alt=\"No hay ninguna descripci\u00f3n de la foto disponible.\" \/><img decoding=\"async\" src=\"https:\/\/scontent.fmad10-2.fna.fbcdn.net\/v\/t1.6435-9\/73164343_10218489113751857_3141288008838283264_n.jpg?_nc_cat=101&amp;ccb=1-7&amp;_nc_sid=127cfc&amp;_nc_ohc=lscFyrbxt14Q7kNvgFK3qDi&amp;_nc_oc=AdjQ36Kcvdju1cfWc-DTvnVDoHag1Kq1SrWcN1NGbrPUZ8IEfCgF3hdsRiP0aJW_A8A&amp;_nc_zt=23&amp;_nc_ht=scontent.fmad10-2.fna&amp;_nc_gid=AKeLa2tuqHfBzBh_se_5bUT&amp;oh=00_AYDunjfGKKLMBF216mMnuB-_TrAzOHAR8z22tGVcb7UyGA&amp;oe=67E4A9D4\" alt=\"No hay ninguna descripci\u00f3n de la foto disponible.\" \/><\/span><\/div>\n<div><\/div>\n<div><\/div>\n<div><img loading=\"lazy\" decoding=\"async\" class=\"aligncenter wp-image-2093\" src=\"https:\/\/tiempodetormentas.com\/wp-content\/uploads\/2025\/02\/sonia-radiojpg.jpeg\" alt=\"\" width=\"419\" height=\"419\" srcset=\"https:\/\/tiempodetormentas.com\/wp-content\/uploads\/2025\/02\/sonia-radiojpg.jpeg 206w, https:\/\/tiempodetormentas.com\/wp-content\/uploads\/2025\/02\/sonia-radiojpg-150x150.jpeg 150w\" sizes=\"auto, (max-width: 419px) 100vw, 419px\" \/><\/div>\n<h6><em>Foto: Ram\u00f3n Garc\u00eda del Pomar en <\/em><em>Onda Latina en el <\/em><em>programa\u00a0 \u00absubjetividades\u00bb, con Pato Vald\u00e9s y Sonia Est\u00e9vez Pico<\/em><\/h6>\n<p>&nbsp;<\/p>\n<h3><span class=\"x193iq5w xeuugli x13faqbe x1vvkbs xlh3980 xvmahel x1n0sxbx x1lliihq x1s928wv xhkezso x1gmr53x x1cpjm7i x1fgarty x1943h6x x4zkp8e x3x7a5m x6prxxf xvq8zen xo1l8bm xzsf02u\" dir=\"auto\"><strong>Series de TV<\/strong>: El Comisario,\u00a0Toledo,\u00a0La que se avecina,\u00a0Centro M\u00e9dico&#8230;<\/span><\/h3>\n<div><\/div>\n<div class=\"x9f619 x1n2onr6 x1ja2u2z x78zum5 xdt5ytf x193iq5w xeuugli x1r8uery x1iyjqo2 xs83m0k xsyo7zv x16hj40l x10b6aqq x1yrsyyn\"><span class=\"x193iq5w xeuugli x13faqbe x1vvkbs xlh3980 xvmahel x1n0sxbx x1lliihq x1s928wv xhkezso x1gmr53x x1cpjm7i x1fgarty x1943h6x x4zkp8e x3x7a5m x6prxxf xvq8zen xo1l8bm xzsf02u\" dir=\"auto\"><img loading=\"lazy\" decoding=\"async\" class=\"\" src=\"https:\/\/www.valledebuelnafm.com\/media\/k2\/items\/cache\/83dd83a59a83e60761951481f5cd34e2_XL.jpg\" alt=\"Ram\u00f3n Garc\u00eda del Pomar, nos habla de su papel en &#96;Toledo\u00b4\" width=\"487\" height=\"367\" \/><\/span><\/div>\n<div><\/div>\n<h3><strong>En el cine<\/strong> es conocido por su papel en <span style=\"color: #000000;\"><a class=\"ipc-md-link ipc-md-link--entity\" style=\"color: #000000;\" href=\"https:\/\/www.imdb.com\/title\/tt0292886\/?ref_=nmbio_mbio\">800 balas (2002)<\/a>,\u00a0<a class=\"ipc-md-link ipc-md-link--entity\" style=\"color: #000000;\" href=\"https:\/\/www.imdb.com\/title\/tt0396912\/?ref_=nmbio_mbio\">Una de zombis (2003) <\/a>, Alacr\u00e1n enamorado (2013), <\/span><span style=\"color: #000000;\">Into the Mud (2016), pel\u00edcula que la vali\u00f3 el premio de Ridley Scott en el festival de cine de cortometrajes de Los \u00c1ngeles , EE.UU, al mejor actor. En historias <\/span><span style=\"color: #000000;\">de Lavapi\u00e9s (2016),\u00a0 Rosalinda (2020) , ambas pel\u00edculas por la que fue candidato a la nominaci\u00f3n al Goya como actor de reparto, participando tambi\u00e9n en\u00a0 <em>H6-,diario de un asesino (2006 )<\/em>,\u00a0<em>Alacr\u00e1n Enamorado&#8230;y otras m\u00e1s.<\/em><\/span><\/h3>\n<p>&nbsp;<\/p>\n<p><span style=\"color: #000000;\"><em><img decoding=\"async\" src=\"https:\/\/pics.filmaffinity.com\/into_the_mud-965342636-msmall.jpg\" alt=\"Ram\u00f3n Garc\u00eda del Pomar - Filmaffinity\" \/><img decoding=\"async\" src=\"https:\/\/encrypted-tbn0.gstatic.com\/images?q=tbn:ANd9GcS8KKMyLhyGEjNZv_QIf3I53nQGAbTeom-LCEf7UbCmq39utaN8T3YGQa8cQmxmHv3eVZU&amp;usqp=CAU\" alt=\"Ram\u00f3n Garc\u00eda del Pomar - Filmaffinity\" \/><img loading=\"lazy\" decoding=\"async\" class=\"\" src=\"https:\/\/encrypted-tbn0.gstatic.com\/images?q=tbn:ANd9GcTTX_gTgoq3ro_DW7q_MuNH3ZATGg__LoPDKVrtofSGj3by1xjrPg86jyJUjw3zMxk0gdw&amp;usqp=CAU\" alt=\"Ram\u00f3n Garc\u00eda del Pomar - Filmaffinity\" width=\"464\" height=\"696\" \/><\/em><\/span><\/p>\n<h4><\/h4>\n<p><span style=\"color: #000000;\"><em><img decoding=\"async\" src=\"https:\/\/www.lavanguardia.com\/peliculas-series\/images\/movie\/poster\/2022\/9\/w300\/mdh500AAzDwbJtR82UOkdgJekGT.jpg\" alt=\"Lib\u00e9lulas\" \/><\/em><\/span><\/p>\n<h4><img loading=\"lazy\" decoding=\"async\" class=\"aligncenter size-full wp-image-2050\" src=\"https:\/\/tiempodetormentas.com\/wp-content\/uploads\/2025\/02\/800.jpg\" alt=\"\" width=\"300\" height=\"450\" srcset=\"https:\/\/tiempodetormentas.com\/wp-content\/uploads\/2025\/02\/800.jpg 300w, https:\/\/tiempodetormentas.com\/wp-content\/uploads\/2025\/02\/800-200x300.jpg 200w, https:\/\/tiempodetormentas.com\/wp-content\/uploads\/2025\/02\/800-280x420.jpg 280w, https:\/\/tiempodetormentas.com\/wp-content\/uploads\/2025\/02\/800-150x225.jpg 150w\" sizes=\"auto, (max-width: 300px) 100vw, 300px\" \/><\/h4>\n<p>&nbsp;<\/p>\n<p><span style=\"color: #000000;\">Y est\u00e1 a punto de ser estrenada la nueva pel\u00edcula del director de culto <strong>Rafael Gord\u00f3n:<\/strong> \u00abLa Ley de Sodoma\u00bb que el mismo Ram\u00f3n ha protagonizado.<\/span><\/p>\n<p><span style=\"color: #000000;\"><img decoding=\"async\" src=\"https:\/\/scontent.fmad10-2.fna.fbcdn.net\/v\/t51.75761-15\/475181022_18479716948030607_5861112865276759756_n.jpg?stp=dst-jpg_s1080x2048_tt6&amp;_nc_cat=103&amp;ccb=1-7&amp;_nc_sid=127cfc&amp;_nc_ohc=hS68Ol-A22oQ7kNvgEVUKD2&amp;_nc_oc=Adil0IdAEcuiZOoDPHtsFKIwQISiLdBKdyYSVZww2HQqsS02xG7Ek1neE_ligiavnHA&amp;_nc_zt=23&amp;_nc_ht=scontent.fmad10-2.fna&amp;_nc_gid=ATMcACa3nba5zjlbuI6rqGF&amp;oh=00_AYAUUT1m6Wfx0fsrbp1k831UyFnO76k4qRQ8oqjS4-iQJg&amp;oe=67C2E69D\" alt=\"Puede ser una imagen de una persona y texto que dice &quot;Una pel\u00edcula de Rafael Gordon LA LEY DE SODOMA V\u00edctor Rivas Santiago SantiagoTranc\u00f3n Tranc\u00f3n xa de Arantxadejuan juan Ramon G. Del Pomar LA LEY DE SODOMA M\u00fasica Jorge Magaz DecoradorAntonioBeliz\u00f3n Decorador Antonio Beliz\u00f3n&quot;\" \/><\/span><\/p>\n<h4><\/h4>\n<h3><strong>En el Teatro <\/strong>no deja indiferente su huella, destacaremos dos de tantas producciones<\/h3>\n<p>&nbsp;<\/p>\n<p><img loading=\"lazy\" decoding=\"async\" class=\"aligncenter wp-image-2051\" src=\"https:\/\/tiempodetormentas.com\/wp-content\/uploads\/2025\/02\/pareja.jpg\" alt=\"\" width=\"515\" height=\"290\" srcset=\"https:\/\/tiempodetormentas.com\/wp-content\/uploads\/2025\/02\/pareja.jpg 300w, https:\/\/tiempodetormentas.com\/wp-content\/uploads\/2025\/02\/pareja-150x85.jpg 150w\" sizes=\"auto, (max-width: 515px) 100vw, 515px\" \/><\/p>\n<p>Ram\u00f3n contin\u00faa desarroll\u00e1ndose y creciendo entre las actividades que se sirven del arte m\u00e1s vanguardista como expresi\u00f3n, seg\u00fan sus propias palabras\u2026 Y teniendo adem\u00e1s la suerte de trabajar con <strong>Sonia Est\u00e9vez Pico<\/strong> que es descrita, por todos los que la conocen como artista polifac\u00e9tica, poli\u00e9drica, pluricultural, algunas veces, y otras veces convertida en <strong>Aruna Nisad<\/strong>, que es bailarina, actriz\u2026, y lo hace tan bien, que nunca sabes si est\u00e1s hablando con Sonia o con Aruna<\/p>\n<p><img decoding=\"async\" src=\"https:\/\/scontent.fmad10-2.fna.fbcdn.net\/v\/t39.30808-6\/461199136_8305849616173765_7379939444876139193_n.jpg?_nc_cat=110&amp;ccb=1-7&amp;_nc_sid=cf85f3&amp;_nc_ohc=CGQAwgdx3D0Q7kNvgGSczf9&amp;_nc_oc=AdjaIR34dJwz4ccVH2KeCSwsZaqrTMmuQus5iy3E0Mt7qQBfmDDwWjNIB6LYMpsB42I&amp;_nc_zt=23&amp;_nc_ht=scontent.fmad10-2.fna&amp;_nc_gid=ARfRAqPKy2DNKaSwoGZ0d5V&amp;oh=00_AYC8rHEkeZgnUEIBwrFQTqRkjWjXl8W1NJiGzuaOnXtbXQ&amp;oe=67C304E7\" alt=\"No hay ninguna descripci\u00f3n de la foto disponible.\" \/><\/p>\n<p>Estas dos (o tres) personas, pareja en la vida y pareja en el escenario, montaron <strong>\u00abEl Rescate\u201d<\/strong><\/p>\n<p><img loading=\"lazy\" decoding=\"async\" class=\"aligncenter wp-image-2095\" src=\"https:\/\/tiempodetormentas.com\/wp-content\/uploads\/2025\/02\/el-rescate-garito.jpg\" alt=\"\" width=\"405\" height=\"405\" srcset=\"https:\/\/tiempodetormentas.com\/wp-content\/uploads\/2025\/02\/el-rescate-garito.jpg 206w, https:\/\/tiempodetormentas.com\/wp-content\/uploads\/2025\/02\/el-rescate-garito-150x150.jpg 150w\" sizes=\"auto, (max-width: 405px) 100vw, 405px\" \/><\/p>\n<p>La obra que tanto Ram\u00f3n como Sonia estuvieron representando y\u00a0 terminaron subiendo a las tablas en Off de La Latina, bajo la direcci\u00f3n de <strong>Sara N\u00fa\u00f1ez de Arenas<\/strong>\u2026<\/p>\n<p><img loading=\"lazy\" decoding=\"async\" class=\"aligncenter wp-image-2089\" src=\"https:\/\/tiempodetormentas.com\/wp-content\/uploads\/2025\/02\/sonia.jpeg\" alt=\"\" width=\"431\" height=\"287\" srcset=\"https:\/\/tiempodetormentas.com\/wp-content\/uploads\/2025\/02\/sonia.jpeg 275w, https:\/\/tiempodetormentas.com\/wp-content\/uploads\/2025\/02\/sonia-150x100.jpeg 150w\" sizes=\"auto, (max-width: 431px) 100vw, 431px\" \/><\/p>\n<h2><\/h2>\n<h2><\/h2>\n<h2><strong>\u00abIter Spirituale Santiago\u00bb<\/strong><\/h2>\n<p><img decoding=\"async\" src=\"https:\/\/external.fmad10-2.fna.fbcdn.net\/emg1\/v\/t13\/5427724821757808191?url=https%3A%2F%2Fwww.revistavisionmedia.es%2Fwp-content%2Fuploads%2F2022%2F07%2FIter_Spirituale_Santiago.jpg&amp;fb_obo=1&amp;utld=revistavisionmedia.es&amp;stp=c0.5000x0.5000f_dst-jpg_flffffff_p1000x522_q75_tt6&amp;ccb=13-1&amp;oh=06_Q399_o2Ej7qY5ZtvpyeIiXTLqJDqGp1ovXz0nmTcuPaQJrg&amp;oe=67BF13C4&amp;_nc_sid=c97757\" alt=\"La obra 'Iter Spirituale Santiago', interpretada por Ram\u00f3n G. del Pomar, estreno en Huesca\" \/><\/p>\n<p><strong>\u00abIter Spirituale Santiago\u00bb <\/strong>( 2022)\u00a0 Espect\u00e1culo dirigido por el compositor y concertista Hermes Luaces y producido por la tambi\u00e9n concertista, Esther Ciudad Capdevilla, que junto con Mohamed El Sayed y Guillermo Calvillo nos present\u00f3 una magn\u00edfica obra esc\u00e9nica inspirada en el C\u00f3dice Calixtino para el Camino de Santiago.<\/p>\n<p>&nbsp;<\/p>\n<h3><strong>Bibliograf\u00eda<\/strong><\/h3>\n<p><strong>\u00abEl mal amor-Historia de un alegato\u00bb, <\/strong>del que escribe su autor:<strong> \u00ab<\/strong>quise concebir la historia como una novela de intriga y aventura, sirvi\u00e9ndome de los muchos incidentes para reflexionar sobre filosof\u00eda, \u00e9tica, chamanismo, sexualidad y delincuencia pol\u00edtica, dejando para el lector el veredicto final. En \u00e9sta, mi primera novela publicada y que escrib\u00ed viviendo unos enriquecedores meses en Par\u00eds, creo haber conseguido una f\u00e1bula original y particular para quien la lea. Porque este libro, como todos, toma forma definitiva en el cerebro de cada lector. En su condici\u00f3n personal cient\u00edfica o m\u00edstica, es donde llega a formalizarse la obra. Mi af\u00e1n es que t\u00fa, gracias al lenguaje ligero y r\u00edtmico que he buscado, entres hasta el fondo de la aventura y hables, cara a cara, con sus personajes. Algunos te resultar\u00e1n m\u00e1s cercanos que otros, puede que llegues a identificarte con cualquiera de ellos\u00bb.<\/p>\n<p><img decoding=\"async\" src=\"https:\/\/scontent.fmad10-2.fna.fbcdn.net\/v\/t39.30808-6\/466682179_10232228366424587_1163031374880457470_n.jpg?_nc_cat=102&amp;ccb=1-7&amp;_nc_sid=cf85f3&amp;_nc_ohc=NEpUWdS3_8kQ7kNvgG9b9_4&amp;_nc_oc=Adi3R4_r1qHb8e7BrQuxJAI1BVqiez-u8NvqL736qtxn2XfaJFcvh3hnxdUEjTPnxSc&amp;_nc_zt=23&amp;_nc_ht=scontent.fmad10-2.fna&amp;_nc_gid=AVZO9QTYdkz2bYXSn8LeI8B&amp;oh=00_AYC1qrPN-rg7sZmDg_7N2igGFNGDb8NqXHV1pinAJ4nwAw&amp;oe=67C2F5BD\" alt=\"No hay ninguna descripci\u00f3n de la foto disponible.\" \/><\/p>\n<p>&nbsp;<\/p>\n<p><strong>\u00abHijos de mentiras\u00bb<\/strong><\/p>\n<p>\u00abEl que quiera vivir constre\u00f1ido, all\u00e1 \u00e9l. La realidad es que seriamos m\u00e1s felices con menos mentiras, menos apariencias, menos complejos, menos dogmas inamovibles, menos miedos&#8230;\u00bb<\/p>\n<p><img decoding=\"async\" src=\"https:\/\/www.elfielato.es\/asset\/thumbnail,1280,720,center,center\/media\/elfielato\/images\/2018\/12\/27\/ramon-g-del-pomar-parador.gif\" alt=\"ramon-g-del-pomar-parador.gif\" \/><\/p>\n<p class=\"font_8 wixui-rich-text__text\"><span class=\"wixui-rich-text__text\">un soliloquio desde la c\u00e1rcel por parte del protagonista, que evoca su vida y la de quienes con \u00e9l vivieron y quiz\u00e1s vuelvan a vivir, que son seres humanos en cierta manera socialmente Very Importants Persons. <\/span><strong>Hijos de mentiras <\/strong>(su segunda novela)<\/p>\n<p>Es una novela de ensayo donde lo narrado, sirvi\u00e9ndose de distintos g\u00e9neros, haciendo c\u00f3mplice al lector e indagando en los infinitos laberintos de la condici\u00f3n humana, activa los resortes que escrutan en la subjetiva rectitud de cada cual. Drama, locura, humor negro y urbano, amor a ultranza, memoria hist\u00f3rica, celos, dudas, traiciones, sexo, alucinaciones, asesinatos, cuajo frente a la enfermedad, fascismo, avaricia, lealtad, sin olvidar el espacio-poder que las profundidades abisales de Internet han conseguido en la vida de tantas personas, hasta llegar a deshumanizarlas.<\/p>\n<p><img decoding=\"async\" src=\"https:\/\/scontent.fmad10-2.fna.fbcdn.net\/v\/t1.6435-9\/34387753_10214592645662590_5059856935117914112_n.jpg?_nc_cat=104&amp;ccb=1-7&amp;_nc_sid=127cfc&amp;_nc_ohc=bmFwWGSvPg0Q7kNvgFLmeK-&amp;_nc_oc=AdjMMMe61bVOiV2UQUvt054_qvsrhIsDMzp7crxc8uzyKCtMNs1yRamr5EEuZdRn1L8&amp;_nc_zt=23&amp;_nc_ht=scontent.fmad10-2.fna&amp;_nc_gid=A3oQ2n0PKI_V3juiLEqPt3g&amp;oh=00_AYDXexRz6FR-w5U3xiLlto30ssXrjlC0l7-1UvbH-WNnGg&amp;oe=67E4A62E\" alt=\"No hay ninguna descripci\u00f3n de la foto disponible.\" \/><\/p>\n<p>&nbsp;<\/p>\n<p class=\"font_8 wixui-rich-text__text\"><span class=\"wixui-rich-text__text\"><strong>Hijos de mentiras<\/strong> me llev\u00f3 a recorrer pa\u00edses y emociones que me envolvieron en la magia de la aventura. Nunca es tarea sencilla. Todo episodio puede conllevar su dosis de inevitable esperanza, igual que su carga de impert\u00e9rrita e ineludible crueldad. Y si la realidad se expresa en las bandejas de nuestra subjetividad, ah\u00ed es, sin el m\u00ednimo pudor y escr\u00fapulo, donde se debe instalar la consciencia del escritor. Lugar interior en donde la absoluta sinceridad, a\u00fan por ser ficci\u00f3n, nos sit\u00faa ante el continuo peligro para nuestra alma o entra\u00f1a. Esta es mi aventura para reflexionar sobre nuestras emociones que, de tan cotidianas, tantas veces olvidamos sus cuidados.<\/span><\/p>\n<p class=\"font_8 wixui-rich-text__text\"><span class=\"wixui-rich-text__text\">Los m\u00e1s despiadados tienen, en todo momento, un lugar a mano donde ducharse de olvido. Para ellos las fresas brotan maduras sobre el mantel. Son ganadores flem\u00e1ticos y no comprenden el sentimiento del aplastado, el miedo no les autoriza a conocerlo. All\u00e1 si sus invitados al banquete resultan o no los sacrificados. S\u00f3lo son compa\u00f1eros indispensables para estos juegos de vanidad.<\/span><\/p>\n<p class=\"font_8 wixui-rich-text__text\"><span class=\"wixui-rich-text__text\">Hijos de mentiras es una experiencia en la que se hace imprescindible la entereza humana y psicol\u00f3gica del lector, solo as\u00ed podr\u00e1 hacer frente al desenfreno de la locura, a valores que pudieran perderle en el desatino y a la existencia del mal.<\/span><\/p>\n<p>De los ocho libros que me han publicado, cuatro lo fueron de poes\u00eda y relatos.<\/p>\n<h3><strong>La materia de mis edades, mejor novela del 2021, Premio Internacional Fam Cultura Pop-Eye<\/strong><\/h3>\n<p>Los premios internacionales Fam Cultura Pop-Eye catalogaron \u00abla materia de mis edades \u00bb como la mejor novela del a\u00f1o.<\/p>\n<p><img loading=\"lazy\" decoding=\"async\" class=\"aligncenter size-full wp-image-2090\" src=\"https:\/\/tiempodetormentas.com\/wp-content\/uploads\/2025\/02\/cartel-pop.jpeg\" alt=\"\" width=\"1920\" height=\"1080\" srcset=\"https:\/\/tiempodetormentas.com\/wp-content\/uploads\/2025\/02\/cartel-pop.jpeg 1920w, https:\/\/tiempodetormentas.com\/wp-content\/uploads\/2025\/02\/cartel-pop-300x169.jpeg 300w, https:\/\/tiempodetormentas.com\/wp-content\/uploads\/2025\/02\/cartel-pop-1024x576.jpeg 1024w, https:\/\/tiempodetormentas.com\/wp-content\/uploads\/2025\/02\/cartel-pop-768x432.jpeg 768w, https:\/\/tiempodetormentas.com\/wp-content\/uploads\/2025\/02\/cartel-pop-1536x864.jpeg 1536w, https:\/\/tiempodetormentas.com\/wp-content\/uploads\/2025\/02\/cartel-pop-747x420.jpeg 747w, https:\/\/tiempodetormentas.com\/wp-content\/uploads\/2025\/02\/cartel-pop-150x84.jpeg 150w, https:\/\/tiempodetormentas.com\/wp-content\/uploads\/2025\/02\/cartel-pop-696x392.jpeg 696w, https:\/\/tiempodetormentas.com\/wp-content\/uploads\/2025\/02\/cartel-pop-1068x601.jpeg 1068w\" sizes=\"auto, (max-width: 1920px) 100vw, 1920px\" \/><\/p>\n<p>\u00abCualquier ser humano, y hasta me atrever\u00eda a decir cualquier animal, debe estar agradecido a aquellos que, por sus dones de predicci\u00f3n, sacrificio y conocimiento, est\u00e1n esforz\u00e1ndose en protegernos de nuestra propia ignorancia\u00bb nota del autor.<\/p>\n<p><img decoding=\"async\" src=\"https:\/\/static.wixstatic.com\/media\/225a61_57a5135b0dda4252aadd5da4c7b6c685~mv2.jpg\/v1\/fill\/w_539,h_960,al_c,q_85,enc_avif,quality_auto\/225a61_57a5135b0dda4252aadd5da4c7b6c685~mv2.jpg\" alt=\"Cubierta La materia de mis edades\" \/><\/p>\n<p>\u201cDesde Argelia a Rock-Ola\u201d. <strong>Una biografi\u00e1 de Jorge Gonz\u00e1lez<\/strong> \u201cPancho\u201d.<\/p>\n<p class=\"txt\">\u201cconfesi\u00f3n\u201d de la apasionante y arriesgada vida de Jorge Gonz\u00e1lez, conocido propietario del templo de la \u201cMovida Madrile\u00f1a\u201d, el m\u00edtico Rock-Ola. Nacido en una chabola de un suburbio en Argel, hijo de una familia muy humilde, se hace a s\u00ed mismo en condiciones muy dif\u00edciles y termina formando parte del n\u00facleo de las familias pudientes de la colonia francesa. Por duros avatares del destino, llega a ser uno de los l\u00edderes del grupo terrorista franc\u00e9s OAS, dej\u00e1ndonos un relato ver\u00eddico muy interesante, desde sus tripas, sobre todo el proceso de la lucha e independencia de Argelia y, ya en su condici\u00f3n de fugitivo, sus posteriores peripecias, la m\u00e1s intensa de inc\u00f3gnito en Par\u00eds, hasta desembocar en su huida a la Espa\u00f1a de finales de los sesenta, donde comienza su nueva trayectoria.<\/p>\n<p class=\"txt\"><img decoding=\"async\" src=\"https:\/\/scontent.fmad10-2.fna.fbcdn.net\/v\/t1.6435-9\/81911052_10219030019274157_447228965938003968_n.jpg?stp=c180.0.1080.1080a_dst-jpg_s552x414_tt6&amp;_nc_cat=110&amp;ccb=1-7&amp;_nc_sid=714c7a&amp;_nc_ohc=RmGJ20GifRIQ7kNvgHrW83i&amp;_nc_oc=AdgwOVzLZP3q65Urgt6G2u9DUSKpuEPrBMRX2TYBiD8dAeAgkELULYUZIHfsOjGP4xk&amp;_nc_zt=23&amp;_nc_ht=scontent.fmad10-2.fna&amp;_nc_gid=A0et7cXK_sKAi9p_8LRK-IH&amp;oh=00_AYAL8FHaOJ-gz9GNgmbaX3KXLxd71q5NdZ7ylUsRdEocEw&amp;oe=67E49B0E\" alt=\"No hay ninguna descripci\u00f3n de la foto disponible.\" \/><\/p>\n<p class=\"txt\">A partir de ah\u00ed nos encontramos con todo un relato del mundo de la noche y el ocio en nuestro pa\u00eds, durante casi dos d\u00e9cadas, donde sus proyectos como empresario resultan en muchos casos pioneros y exitosos, desde restaurantes a salas, bares y discotecas, acompa\u00f1ados de todo el glamour de ricos, famosos, gentes del espect\u00e1culo y de la cultura, que desfilan en estas p\u00e1ginas de manera sugestiva, de acuerdo a las tendencias y movimientos de cada periodo, principalmente en Madrid, sin olvidar a Ibiza y la Costa del Sol. En paralelo, sus dificultades con su matrimonio y toda una serie de amor\u00edos, tanto con estrellas de esas \u00e9pocas como con otras mujeres que le ayudar\u00e1n en momentos complicados, asoman de manera descarnada. De igual modo el mundillo de las mafias y cuerpos policiales, aparecen tambi\u00e9n de manera inevitable, de forma recurrente en la problem\u00e1tica de su vida.<\/p>\n<p><img loading=\"lazy\" decoding=\"async\" class=\"aligncenter size-full wp-image-2097\" src=\"https:\/\/tiempodetormentas.com\/wp-content\/uploads\/2025\/02\/homenaj-bowie-clan.jpg\" alt=\"\" width=\"206\" height=\"206\" srcset=\"https:\/\/tiempodetormentas.com\/wp-content\/uploads\/2025\/02\/homenaj-bowie-clan.jpg 206w, https:\/\/tiempodetormentas.com\/wp-content\/uploads\/2025\/02\/homenaj-bowie-clan-150x150.jpg 150w\" sizes=\"auto, (max-width: 206px) 100vw, 206px\" \/><\/p>\n<p class=\"txt\">Su descripci\u00f3n de aspectos interesantes de la \u201cMovida Madrile\u00f1a\u201d, en torno a la catedral del Rock-Ola, son de imprescindible lectura para disponer de una mayor informaci\u00f3n de lo que realmente fue y supuso aquellos ochenta, de la mirada que tuvo en esos momentos Madrid en el mundo debido a una explosi\u00f3n de colorido, vitalidad y libertad, por la cantidad en definitiva de acciones y personas embarcadas en la m\u00fasica y en todas las actividades creativas, culturales\u00a0 y \u201crompedoras\u201d.<\/p>\n<p>&nbsp;<\/p>\n<p><img loading=\"lazy\" decoding=\"async\" class=\"aligncenter wp-image-2091\" src=\"https:\/\/tiempodetormentas.com\/wp-content\/uploads\/2025\/02\/clavel-mordido.jpg\" alt=\"\" width=\"312\" height=\"312\" srcset=\"https:\/\/tiempodetormentas.com\/wp-content\/uploads\/2025\/02\/clavel-mordido.jpg 206w, https:\/\/tiempodetormentas.com\/wp-content\/uploads\/2025\/02\/clavel-mordido-150x150.jpg 150w\" sizes=\"auto, (max-width: 312px) 100vw, 312px\" \/><\/p>\n<p>&nbsp;<\/p>\n<p class=\"txt\">Sin embargo en medio de todo eso, Jorge Gonz\u00e1lez se ver\u00eda envuelto en los trasuntos asociados a la lucha contra ETA por su antigua experiencia con la OAS y finalmente, producto de serios enredos, tras el \u201cforzoso\u201d cierre del Rock-Ola, terminar\u00e1 saliendo de Espa\u00f1a, momento en que concluye esta genuina biograf\u00eda.<\/p>\n<p class=\"txt\">Resulta por tanto un fascinante recorrido de fen\u00f3menos sociales, poderes pol\u00edticos y econ\u00f3micos, intrigas, fugas, pasiones amorosas, cr\u00edmenes, modas, ocio, famosos, mafias\u2026 que componen todo un reflejo hist\u00f3rico de varias d\u00e9cadas de Argelia, Francia, Alemania y Espa\u00f1a, conmigo como testigo y part\u00edcipe excepcional de muchos de sus acontecimientos, expuesto todo bajo mi fluida y fidedigna narraci\u00f3n.<\/p>\n<p><strong>\u00abPoetry Slam Cantabria\u00bb, <\/strong>2013 &#8211; 2014, una antolog\u00eda publicada por la editorial Tant\u00edn en la que participan varios autores.<img loading=\"lazy\" decoding=\"async\" class=\"aligncenter size-full wp-image-2083\" src=\"https:\/\/tiempodetormentas.com\/wp-content\/uploads\/2025\/02\/products-poetry-slam-cantabria-libreria-tantin-editorial-santander-cantabria_280x420.jpg\" alt=\"\" width=\"353\" height=\"492\" srcset=\"https:\/\/tiempodetormentas.com\/wp-content\/uploads\/2025\/02\/products-poetry-slam-cantabria-libreria-tantin-editorial-santander-cantabria_280x420.jpg 353w, https:\/\/tiempodetormentas.com\/wp-content\/uploads\/2025\/02\/products-poetry-slam-cantabria-libreria-tantin-editorial-santander-cantabria_280x420-215x300.jpg 215w, https:\/\/tiempodetormentas.com\/wp-content\/uploads\/2025\/02\/products-poetry-slam-cantabria-libreria-tantin-editorial-santander-cantabria_280x420-301x420.jpg 301w, https:\/\/tiempodetormentas.com\/wp-content\/uploads\/2025\/02\/products-poetry-slam-cantabria-libreria-tantin-editorial-santander-cantabria_280x420-150x209.jpg 150w, https:\/\/tiempodetormentas.com\/wp-content\/uploads\/2025\/02\/products-poetry-slam-cantabria-libreria-tantin-editorial-santander-cantabria_280x420-300x418.jpg 300w\" sizes=\"auto, (max-width: 353px) 100vw, 353px\" \/><\/p>\n<p>\u00abEn 1985, un alba\u00f1il norteamericano llamado <strong>Marc Smith<\/strong> decidi\u00f3 subirse al escenario de un club de jazz de Chicago conocido como \u00ab<strong>Get me high lounge<\/strong>\u00bb para dar a conocer su producci\u00f3n po\u00e9tica en directo y a micr\u00f3fono abierto.<\/p>\n<p><img decoding=\"async\" src=\"https:\/\/upload.wikimedia.org\/wikipedia\/commons\/thumb\/8\/89\/Marc_Smith_-_Slam_%C3%A0_La_Zone_de_Liege_-_19_mars_2009.jpg\/220px-Marc_Smith_-_Slam_%C3%A0_La_Zone_de_Liege_-_19_mars_2009.jpg\" \/><\/p>\n<h6><em>Foto: Marc Smith<\/em><\/h6>\n<p>Buscaba un nuevo modo de abrirle camino a la poes\u00eda en la tecnol\u00f3gicamente estresada sociedad de finales del siglo XX y de alguna forma, lo logr\u00f3.<\/p>\n<p><img loading=\"lazy\" decoding=\"async\" class=\"aligncenter size-full wp-image-2047\" src=\"https:\/\/tiempodetormentas.com\/wp-content\/uploads\/2025\/02\/ramon.jpg\" alt=\"\" width=\"414\" height=\"414\" srcset=\"https:\/\/tiempodetormentas.com\/wp-content\/uploads\/2025\/02\/ramon.jpg 414w, https:\/\/tiempodetormentas.com\/wp-content\/uploads\/2025\/02\/ramon-300x300.jpg 300w, https:\/\/tiempodetormentas.com\/wp-content\/uploads\/2025\/02\/ramon-150x150.jpg 150w\" sizes=\"auto, (max-width: 414px) 100vw, 414px\" \/><\/p>\n<p>Aquellos primeros recitales derivaron con el tiempo en torneos de poetas, reglados de acuerdo a una normativa semejante a la de los combates de boxeo. All\u00ed surgi\u00f3 este manantial que se extender\u00eda por todo el mundo, una forma de expresar la poes\u00eda dejando a un lado lo r\u00edgido de la erudici\u00f3n acad\u00e9mica y dando cabida a todos los g\u00e9neros de poes\u00eda y poetas: sesiones a micr\u00f3fono abierto.<\/p>\n<p>En pocos a\u00f1os, estos campeonatos se extendieron a Europa. Ciudad a ciudad, comenzaron a reconquistar la calle para la l\u00edrica, y a devolverle a la poes\u00eda un lugar entre la gente, preferentemente entre la juventud. Los torneos se bautizan, sistem\u00e1ticamente, con el nombre de la ciudad a\u00f1adido al del Poetry Slam correspondiente.<\/p>\n<p>En nuestro caso, Cantabria. Tres condiciones para participar: que el poema sea de autor\u00eda propia, que no se utilizaran m\u00fasica, accesorios o disfraces, y un tiempo l\u00edmite para cada poema de tres minutos\u00bb.<\/p>\n<p>Pues de aquel Poetry Slam Cantabria naci\u00f3 este libro de 90 p\u00e1ginas en el que <strong>Ram\u00f3n Garc\u00eda del Pomar<\/strong> particip\u00f3 con sus poemas.<\/p>\n<p>&nbsp;<\/p>\n<p>&nbsp;<\/p>\n<p><strong>\u00abEl Subjuntivo errante\u00bb<\/strong>, obra po\u00e9tica de Ram\u00f3n G. del Pomar, que se public\u00f3 dentro de la colecci\u00f3n El Levitador de la cuidadosa editorial POLIBEA 2014<\/p>\n<p>&nbsp;<\/p>\n<p><img decoding=\"async\" src=\"https:\/\/scontent.fmad10-2.fna.fbcdn.net\/v\/t39.30808-6\/476160654_945326664355959_6365523289415861560_n.jpg?_nc_cat=105&amp;ccb=1-7&amp;_nc_sid=cc71e4&amp;_nc_ohc=_lQ5jroidrgQ7kNvgEUbB46&amp;_nc_oc=AdhbQqFQqj1E0Wpx5fHvHP2hIqNB3ZCgd7rXOCi5gidFrt8cN53N00-y9SKZeeiddYo&amp;_nc_zt=23&amp;_nc_ht=scontent.fmad10-2.fna&amp;_nc_gid=AZ8yg1mNyHqWEilAvAydGU1&amp;oh=00_AYCJCVdE01NsF59Wk7oCGg9grc95dozDV9XApscRf_cG1g&amp;oe=67C2E1D9\" alt=\"No hay ninguna descripci\u00f3n de la foto disponible.\" \/><em>Mon\u00f3logo a flor de piel, parad\u00f3jicamente tan reflexivo y distante como al tiempo que desnudo y directo, dentro de un espacio golpeado por sus propios sue\u00f1os y experiencias.<\/em><\/p>\n<p><em><img decoding=\"async\" src=\"https:\/\/revistatarantula.com\/wp-content\/uploads\/2014\/03\/polibea2.jpg\" alt=\"polibea2\" \/><\/em><\/p>\n<h6><em>Foto: Cartel Xisco Fern\u00e1ndez\u00a0<\/em><em>de presentaci\u00f3n del Subjuntivo Errante, inspirado en el cuadro de Ram\u00f3n.<\/em><\/h6>\n<p>&nbsp;<\/p>\n<h6><img loading=\"lazy\" decoding=\"async\" class=\"aligncenter size-full wp-image-2101\" src=\"https:\/\/tiempodetormentas.com\/wp-content\/uploads\/2025\/02\/cuadro.jpg\" alt=\"\" width=\"1458\" height=\"1973\" srcset=\"https:\/\/tiempodetormentas.com\/wp-content\/uploads\/2025\/02\/cuadro.jpg 1458w, https:\/\/tiempodetormentas.com\/wp-content\/uploads\/2025\/02\/cuadro-222x300.jpg 222w, https:\/\/tiempodetormentas.com\/wp-content\/uploads\/2025\/02\/cuadro-757x1024.jpg 757w, https:\/\/tiempodetormentas.com\/wp-content\/uploads\/2025\/02\/cuadro-768x1039.jpg 768w, https:\/\/tiempodetormentas.com\/wp-content\/uploads\/2025\/02\/cuadro-1135x1536.jpg 1135w, https:\/\/tiempodetormentas.com\/wp-content\/uploads\/2025\/02\/cuadro-310x420.jpg 310w, https:\/\/tiempodetormentas.com\/wp-content\/uploads\/2025\/02\/cuadro-150x203.jpg 150w, https:\/\/tiempodetormentas.com\/wp-content\/uploads\/2025\/02\/cuadro-300x406.jpg 300w, https:\/\/tiempodetormentas.com\/wp-content\/uploads\/2025\/02\/cuadro-696x942.jpg 696w, https:\/\/tiempodetormentas.com\/wp-content\/uploads\/2025\/02\/cuadro-1068x1445.jpg 1068w\" sizes=\"auto, (max-width: 1458px) 100vw, 1458px\" \/><\/h6>\n<h6><em>Foto: \u00abNuestro Tr\u00e1nsito\u00bb (2008), t\u00e9cnica mixta , de Ram\u00f3n Garc\u00eda del Pomar<\/em><\/h6>\n<p>&nbsp;<\/p>\n<p><em><strong>Un Ram\u00f3n afilado nos llena con tantos interrogantes<\/strong>, reflejo de sus promiscuas aventuras. Prosigamos por ello con esta invitaci\u00f3n a imbuirnos de este <strong>material aparentemente pret\u00e9rito y errante.<\/strong><\/em><\/p>\n<p>&nbsp;<\/p>\n<p><em>Ram\u00f3n Garc\u00eda del Pomar, por <strong>entonces el dandy de las noches de la movida madrile\u00f1a<\/strong>, en el templo m\u00e1s sagrado de la posmodernidad. (\u2026) \u00bfhay algo de los llamados felices ochenta en su poemario Subjuntivo errante?<\/em><\/p>\n<p><img loading=\"lazy\" decoding=\"async\" class=\"aligncenter size-full wp-image-2099\" src=\"https:\/\/tiempodetormentas.com\/wp-content\/uploads\/2025\/02\/pomar-bicolor.jpg\" alt=\"\" width=\"600\" height=\"600\" srcset=\"https:\/\/tiempodetormentas.com\/wp-content\/uploads\/2025\/02\/pomar-bicolor.jpg 600w, https:\/\/tiempodetormentas.com\/wp-content\/uploads\/2025\/02\/pomar-bicolor-300x300.jpg 300w, https:\/\/tiempodetormentas.com\/wp-content\/uploads\/2025\/02\/pomar-bicolor-150x150.jpg 150w, https:\/\/tiempodetormentas.com\/wp-content\/uploads\/2025\/02\/pomar-bicolor-420x420.jpg 420w\" sizes=\"auto, (max-width: 600px) 100vw, 600px\" \/><\/p>\n<p><em>Hay la caverna, el puerto desde donde parten ignotos seres que anduvieron a la deriva de sus corazones, iniciados a\u00f1os despu\u00e9s en inimaginables t\u00e9cnicas del alma.\u00a0(\u2026) <\/em><\/p>\n<p><em>\u00bfC\u00f3mo nombrar el lugar sin lugar donde la \u00fanica palabra es Amor? Garc\u00eda del Pomar lo hace dejando desnudos los m\u00e1rgenes de su vida, arrojando por la borda, en el viaje, los errores y las mentiras que conformaron el ego de la destrucci\u00f3n.\u00bb<\/em><\/p>\n<h5><\/h5>\n<h5><strong>\u00abMemorias de un pegaplatos\u00bb <\/strong><span id=\"productTitle\" class=\"a-size-large celwidget\" data-csa-c-id=\"3toos5-c9o0x2-qmrkzh-2g20vq\" data-cel-widget=\"productTitle\">(Hecho en Lavapi\u00e9s)<\/span><\/h5>\n<h5>Libro de poes\u00eda publicado por la <span style=\"color: #000000;\">Editorial Amargord 2011<\/span><\/h5>\n<h5><span style=\"color: #000000;\"><img decoding=\"async\" src=\"https:\/\/www.libroslowcost.es\/imagenes\/9788492\/978849256045.GIF\" alt=\"MEMORIAS DE UN PEGAPLATOS\" \/>Los sue\u00f1os y los deseos son, a veces, armas bien peligrosas. Sobre todo si no se utilizan con prudencia. Celaya dec\u00eda que la poes\u00eda era un arma cargada de futuro. \u00bfY qu\u00e9 son acaso los sue\u00f1os y los deseos sino la vol\u00e1til poes\u00eda de nuestros posibles futuros? Por ello, las armas deben estar siempre lejos de los ni\u00f1os, que , por otra parte, son los que m\u00e1s sue\u00f1an y tambi\u00e9n los que poseen todo el futuro por delante.\u00a0<\/span><\/h5>\n<h5><span style=\"color: #000000;\"> Primero su maestro don Guillermo (al que est\u00e1 dedicado el libro), un cura astr\u00f3nomo aficionado a las estrellas a las que invitaba a escudri\u00f1ar a los chiquillos del pueblo, a los que intentaba, en su af\u00e1n did\u00e1ctico, traspasar afici\u00f3n y conocimientos, e inventor incansable de historietas que dibujaba y luego proyectaba, para que los pasmados ojos infantiles las pudieran absorber con atenci\u00f3n.<\/span><\/h5>\n<p>&nbsp;<\/p>\n<h5><span style=\"color: #000000;\">Luego, los cuentos que la voz cercana de su abuelo materno le narraba por las noches, en ese momento incierto cuando la vitalidad remite para entrar en la nebulosa y nutricia existencia que les hace a los ni\u00f1os crecer, almacenar y ordenar lo vivido y sentido durante el d\u00eda.\u00a0<\/span><\/h5>\n<h5><span style=\"color: #000000;\">Finalmente, las ignotas historias salidas de los m\u00faltiples traslados comerciales por medio mundo de su otro abuelo, el paterno, que -con vocaci\u00f3n de Tartar\u00edn- azuzaba el ingenio de quien estaba llamado a preservar su recuerdo hasta m\u00e1s all\u00e1 de su propia existencia, tal y como aseveraba Saramago.<\/span><\/h5>\n<p>&nbsp;<\/p>\n<h5><span style=\"color: #000000;\"><img loading=\"lazy\" decoding=\"async\" class=\"aligncenter wp-image-2085\" src=\"https:\/\/tiempodetormentas.com\/wp-content\/uploads\/2025\/02\/pegaplatos.jpeg\" alt=\"\" width=\"525\" height=\"294\" srcset=\"https:\/\/tiempodetormentas.com\/wp-content\/uploads\/2025\/02\/pegaplatos.jpeg 300w, https:\/\/tiempodetormentas.com\/wp-content\/uploads\/2025\/02\/pegaplatos-150x84.jpeg 150w\" sizes=\"auto, (max-width: 525px) 100vw, 525px\" \/><\/span><\/h5>\n<h5><span style=\"color: #000000;\">\u00a0<br class=\"html-br\" \/><\/span><\/h5>\n<div class=\"fullscreen-side-bar-title focus-within\" tabindex=\"-1\"><strong>\u00abUn tiempo fuera del tiempo\u00bb<\/strong>Una recopilaci\u00f3n de textos, poemas, ilustraciones, fotograf\u00eda de lo que sintieron diferentes autores durante ese tiempo fuera del tiempo. Editorial ocho y medio<\/div>\n<div tabindex=\"-1\"><\/div>\n<div class=\"fullscreen-side-bar-title focus-within\" tabindex=\"-1\"><img decoding=\"async\" src=\"https:\/\/imagessl9.casadellibro.com\/a\/l\/s5\/39\/9788494953439.webp\" alt=\"un tiempo fuera del tiempo-ramon g. del pomar-9788494953439\" \/><\/div>\n<div class=\"fullscreen-side-bar-description\" tabindex=\"-1\">\n<p><span style=\"color: #000000;\">El libro \u00abUn Tiempo Fuera del Tiempo \u2013 El Baile del Infinito\u00bb es una idea original del escritor, m\u00fasico y artista\u00a0<a style=\"color: #000000;\" href=\"https:\/\/www.revistavisionmedia.es\/20\/01\/2020\/cultura-y-espectaculos\/literatura\/entrevistamos-a-ramon-g-del-pomar-sobre-su-novela-la-materia-de-mis-edades\/\" target=\"_blank\" rel=\"noreferrer noopener\">Ram\u00f3n G. del Pomar<\/a>\u00a0y al que posteriormente se uni\u00f3 Antonino Nieto Rodr\u00edguez, editado por Ocho y Medio Libros de Cine. El libro fue presentado por el\u00a0<a style=\"color: #000000;\" href=\"https:\/\/es.wikipedia.org\/wiki\/Carlos_Osoro\" target=\"_blank\" rel=\"noreferrer noopener\">Arzobispo de Madrid <strong>Carlos Osoro<\/strong><\/a> el d\u00eda 24 de julio de 2020 en el edificio de la Antigua F\u00e1brica de Cervezas El \u00c1guila, en la actualidad, el Archivo Regional de la Comunidad de Madrid.<\/span><\/p>\n<p><img loading=\"lazy\" decoding=\"async\" class=\"aligncenter size-full wp-image-2107\" src=\"https:\/\/tiempodetormentas.com\/wp-content\/uploads\/2025\/02\/curilla.jpg\" alt=\"\" width=\"800\" height=\"822\" srcset=\"https:\/\/tiempodetormentas.com\/wp-content\/uploads\/2025\/02\/curilla.jpg 800w, https:\/\/tiempodetormentas.com\/wp-content\/uploads\/2025\/02\/curilla-292x300.jpg 292w, https:\/\/tiempodetormentas.com\/wp-content\/uploads\/2025\/02\/curilla-768x789.jpg 768w, https:\/\/tiempodetormentas.com\/wp-content\/uploads\/2025\/02\/curilla-409x420.jpg 409w, https:\/\/tiempodetormentas.com\/wp-content\/uploads\/2025\/02\/curilla-150x154.jpg 150w, https:\/\/tiempodetormentas.com\/wp-content\/uploads\/2025\/02\/curilla-300x308.jpg 300w, https:\/\/tiempodetormentas.com\/wp-content\/uploads\/2025\/02\/curilla-696x715.jpg 696w\" sizes=\"auto, (max-width: 800px) 100vw, 800px\" \/><\/p>\n<p>&nbsp;<\/p>\n<p>Los poetas han conseguido reunir a 138 autores de todas las disciplinas, para plasmar en un libro sus reflexiones y experiencias vividas durante el confinamiento por la alarma del nuevo coronavirus chino.<\/p>\n<p>&nbsp;<\/p>\n<p><strong>\u00abSubjetividades\u00bb<\/strong><\/p>\n<p class=\"p2\">\u00abM\u00e1s all\u00e1 de la belleza de las formas hay algo impalpable, inefable, interno, profundo. Se trata de la esencia humana. As\u00ed abre el texto de su performance sobre la moda, Luis Ram\u00f3n Garc\u00eda del Pomar, iba vestido de blanco, impresionante, como un druida y sus palabras sal\u00edan inefables, certeras, bajo la n\u00edvea capucha dise\u00f1ada por <strong>Rabaneda<\/strong>. Fue un espect\u00e1culo incre\u00edble, donde la poes\u00eda y la tremenda voz del poeta daban la mano a la moda. Cualquiera, despu\u00e9s de verle y escucharle, le habr\u00eda seguido ciegamente, all\u00ed donde fuera. Con raz\u00f3n le llaman cham\u00e1n. Impresiona su figura, pero al segundo la desmantela con una sonrisa dulc\u00edsima de ni\u00f1o indefenso y juguet\u00f3n, no sabes si es m\u00e1s viejo que Matusal\u00e9n o un infante saltimbanqui. Con su pelo casi blanco, le he visto trepar por alt\u00edsimas paredes y bajar boca abajo con la sola fuerza de sus brazos\u00bb. <span class=\"s3\"><b>O<\/b><\/span><span class=\"s4\"><b>U<\/b><\/span><span class=\"s5\"><b>K<\/b><\/span><b>A <\/b><span class=\"s6\"><b>L<\/b><\/span><span class=\"s7\"><b>E<\/b><\/span><span class=\"s8\"><b>E<\/b><\/span><span class=\"s5\"><b>L<\/b><\/span><span class=\"s4\"><b>E<\/b><\/span><\/p>\n<p><img loading=\"lazy\" decoding=\"async\" class=\"\" src=\"https:\/\/scontent.fmad10-2.fna.fbcdn.net\/v\/t39.30808-6\/465722604_10232087431461301_6015897898743375099_n.jpg?_nc_cat=106&amp;ccb=1-7&amp;_nc_sid=127cfc&amp;_nc_ohc=Y44txKL_plIQ7kNvgFN_yEq&amp;_nc_oc=AdgB0jwT31uIIVC85_lhlQ8SeZeTtgVRxr4PKfndp2H8K8lRD5rMMhIa4ZCr6ZQK9Lg&amp;_nc_zt=23&amp;_nc_ht=scontent.fmad10-2.fna&amp;_nc_gid=ARlUTTmJ5aaARCfCWqL25z4&amp;oh=00_AYASsnwL5S5HlZsxw-bweJiWvo8ghYGkURUgia4LNWa_gg&amp;oe=67C2FBA6\" alt=\"No hay ninguna descripci\u00f3n de la foto disponible.\" width=\"280\" height=\"436\" \/><\/p>\n<p>Deberemos olvidar lo aprendido, porque la locura no viene de ser varios, sino de querer ser s\u00f3lo uno, de censurarnos, de prohibirnos ser todos los que somos.<\/p>\n<p><strong><em>Subjetividades<\/em><\/strong>\u00a0materializa este reconocimiento, y as\u00ed cada poema es la expresi\u00f3n de los distintos hombres que Ram\u00f3n guarda. Conoceremos al nocturno, al callejero, al que reniega de los hombres y de su estupidez, al que choca contra o real, al que lo afirma sin fisuras y acepta, y al que es capaz de elevarse y encontrar, a pesar de todo, belleza y unidad en el mundo.<\/p>\n<p>Se nos ense\u00f1a, que ese ser muchos es propio de la inmadurez, que se debe a que a\u00fan somos j\u00f3venes y no nos hemos definido, y se nos invita a convertirnos en asesinos m\u00faltiples de nosotros mismos. El \u201cpremio\u201d ser\u00e1 un yo compacto, gran\u00edtico, capaz de afirmarse en el mundo. \u00a0Estamos ante una mentira m\u00e1s, otro veneno bien administrado por los domadores de hombres, porque lo \u00fanico que quedar\u00e1 es alguien sin movimiento interno, y esa quietud no es propia de la vida, sino de la muerte.<\/p>\n<p>La vida como movimiento, como multiplicidad, como un juego siempre equivoco, es el canto y reconocimiento que\u00a0<strong><em>Subjetividades<\/em><\/strong>\u00a0guarda, una bella canci\u00f3n que al lector atento entrega el secreto de permanecer siempre joven. Una discreta piedra filosofal \u2013y que nadie se enga\u00f1e, porque no hay otra- que no deber\u00edamos negarnos y que Ram\u00f3n ofrece con sonrisa de ni\u00f1o y voz bien madurada por el tiempo.<\/p>\n<p>&nbsp;<\/p>\n<p>&nbsp;<\/p>\n<p><strong>\u00abPoes\u00eda Tar\u00f3tica\u00bb<\/strong><\/p>\n<p><strong><img loading=\"lazy\" decoding=\"async\" class=\"\" src=\"https:\/\/tiempodetormentas.com\/wp-content\/uploads\/2025\/02\/libro-pomar.jpg\" width=\"425\" height=\"425\" \/><\/strong><\/p>\n<p>Mientras que las im\u00e1genes en las cartas del tarot son siempre las mismas, las tiradas y las interpretaciones cambian seg\u00fan la persona y el tiempo presente. \u00bfSucede lo mismo con la lectura de poes\u00eda cada vez que un poema resuena distinto seg\u00fan quien lea y el contexto en que se encuentre?<\/p>\n<p>Eso tiene mucho que ver con c\u00f3mo se lee la poes\u00eda, porque a diferencia de la narrativa, un poema puede tener muchas cosas que decirnos, podemos leerlo de una forma nueva cada vez.<\/p>\n<p>La poes\u00eda y el tarot devienen en una fusi\u00f3n que acerca la literatura a las personas desde lo l\u00fadico. Aqu\u00ed se mezcla lo cotidiano con lo trascendental.<\/p>\n<p><img decoding=\"async\" src=\"https:\/\/blogger.googleusercontent.com\/img\/b\/R29vZ2xl\/AVvXsEgKfIBmBhHD94-1gdSB8oPcGvcodL1CEu9iI1lOd_C2UjXEDrra8uwn17v1o-4DKUAtvuxuR39QXy5F8Wc1tZ5sXTEFQSrobgohxAw52s8QS8Hrnae4aOawfnxms4Rt_xsgSxdBzuE48F8\/s640\/75.jpg\" \/><\/p>\n<div data-breakout=\"normal\">\n<h3 id=\"viewer-4ms30\" class=\"j-JU7 WOBLT iRNRX KdLlf\" dir=\"auto\"><span class=\"eyR0C\">La Generosidad. Equivalente tarot marsell\u00e9s: <strong>Diez de oros.<\/strong><\/span><\/h3>\n<\/div>\n<div data-breakout=\"normal\">\n<p id=\"viewer-4gcvr\" class=\"j-JU7 WOBLT iRNRX KdLlf\" dir=\"auto\"><span class=\"eyR0C\"><em>&lt;&lt;<\/em><em>Lo que hoy haces, ma\u00f1ana se volver\u00e1 contra ti<\/em><em>&gt;&gt;<\/em><\/span><\/p>\n<\/div>\n<div data-breakout=\"normal\">\n<p id=\"viewer-1p93o\" class=\"j-JU7 WOBLT iRNRX KdLlf\" dir=\"auto\"><span class=\"eyR0C\">Asist\u00ed al ritual inici\u00e1tico de mi nacimiento<\/span><\/p>\n<\/div>\n<div data-breakout=\"normal\">\n<p id=\"viewer-3eglu\" class=\"j-JU7 WOBLT iRNRX KdLlf\" dir=\"auto\"><span class=\"eyR0C\">Vengo de un largo linaje de gatos<\/span><\/p>\n<\/div>\n<div data-breakout=\"normal\">\n<p id=\"viewer-9r650\" class=\"j-JU7 WOBLT iRNRX KdLlf\" dir=\"auto\"><span class=\"eyR0C\">que se humanizaron con el ego\u00edsmo.<\/span><\/p>\n<\/div>\n<div data-breakout=\"normal\">\n<p id=\"viewer-c5f3g\" class=\"j-JU7 WOBLT iRNRX KdLlf\" dir=\"auto\"><span class=\"eyR0C\">Ahora soy un sabio,<\/span><\/p>\n<\/div>\n<div data-hook=\"rcv-block16\"><span style=\"font-family: Verdana, BlinkMacSystemFont, -apple-system, 'Segoe UI', Roboto, Oxygen, Ubuntu, Cantarell, 'Open Sans', 'Helvetica Neue', sans-serif;\">un suspiro form\u00e1ndose en este nuevo destino.<\/span><\/div>\n<div data-hook=\"rcv-block17\"><\/div>\n<div data-breakout=\"normal\">\n<p id=\"viewer-2tesl\" class=\"j-JU7 WOBLT iRNRX KdLlf\" dir=\"auto\"><span class=\"eyR0C\">Mis iguales me difaman y los inferiores me critican.<\/span><\/p>\n<p class=\"j-JU7 WOBLT iRNRX KdLlf\" dir=\"auto\"><span style=\"font-family: Verdana, BlinkMacSystemFont, -apple-system, 'Segoe UI', Roboto, Oxygen, Ubuntu, Cantarell, 'Open Sans', 'Helvetica Neue', sans-serif;\">Pero he nacido para triunfar<\/span><\/p>\n<\/div>\n<div data-hook=\"rcv-block19\"><span style=\"font-family: Verdana, BlinkMacSystemFont, -apple-system, 'Segoe UI', Roboto, Oxygen, Ubuntu, Cantarell, 'Open Sans', 'Helvetica Neue', sans-serif;\">y ser\u00e9 m\u00e1s decisivo que el fara\u00f3n.<\/span><\/div>\n<div data-hook=\"rcv-block20\"><\/div>\n<div data-breakout=\"normal\">\n<p id=\"viewer-ejrhs\" class=\"j-JU7 WOBLT iRNRX KdLlf\" dir=\"auto\"><span class=\"eyR0C\">Admirar\u00e1n mi lujo y envidiar\u00e1n mi esfuerzo.<\/span><\/p>\n<\/div>\n<div data-hook=\"rcv-block21\"><span style=\"font-family: Verdana, BlinkMacSystemFont, -apple-system, 'Segoe UI', Roboto, Oxygen, Ubuntu, Cantarell, 'Open Sans', 'Helvetica Neue', sans-serif;\">Saciar\u00e9 los deseos en una persona que no tema amar.<\/span><\/div>\n<div data-hook=\"rcv-block22\"><\/div>\n<div data-breakout=\"normal\">\n<p id=\"viewer-77ljl\" class=\"j-JU7 WOBLT iRNRX KdLlf\" dir=\"auto\"><span class=\"eyR0C\">Que no pretenda fingir cordura,<\/span><\/p>\n<\/div>\n<div data-hook=\"rcv-block23\"><span style=\"font-family: Verdana, BlinkMacSystemFont, -apple-system, 'Segoe UI', Roboto, Oxygen, Ubuntu, Cantarell, 'Open Sans', 'Helvetica Neue', sans-serif;\">cuando una l\u00e1grima m\u00eda queme su pecho.<\/span><\/div>\n<div data-hook=\"rcv-block24\"><\/div>\n<div data-breakout=\"normal\">\n<p id=\"viewer-cu9do\" class=\"j-JU7 WOBLT iRNRX KdLlf\" dir=\"auto\"><span class=\"eyR0C\">No quiero que me pregunte el por qu\u00e9 de mis acciones<\/span><\/p>\n<\/div>\n<div data-hook=\"rcv-block25\"><span style=\"font-family: Verdana, BlinkMacSystemFont, -apple-system, 'Segoe UI', Roboto, Oxygen, Ubuntu, Cantarell, 'Open Sans', 'Helvetica Neue', sans-serif;\">ni que pretenda cambiar el por qu\u00e9 de mis flagelos.<\/span><\/div>\n<div data-hook=\"rcv-block26\"><\/div>\n<div data-breakout=\"normal\">\n<p id=\"viewer-a395h\" class=\"j-JU7 WOBLT iRNRX KdLlf\" dir=\"auto\"><span class=\"eyR0C\">\u00bfRelegar mi alegr\u00eda por el infierno de nadie,<\/span><\/p>\n<\/div>\n<div data-hook=\"rcv-block27\"><span style=\"font-family: Verdana, BlinkMacSystemFont, -apple-system, 'Segoe UI', Roboto, Oxygen, Ubuntu, Cantarell, 'Open Sans', 'Helvetica Neue', sans-serif;\">o quebrar mi piel por el miedo ajeno?<\/span><\/div>\n<div data-hook=\"rcv-block28\"><\/div>\n<div data-hook=\"rcv-block28\"><span style=\"font-family: Verdana, BlinkMacSystemFont, -apple-system, 'Segoe UI', Roboto, Oxygen, Ubuntu, Cantarell, 'Open Sans', 'Helvetica Neue', sans-serif;\">Jam\u00e1s.<\/span><\/div>\n<div data-hook=\"rcv-block29\"><\/div>\n<div data-breakout=\"normal\">\n<p id=\"viewer-8d7n\" class=\"j-JU7 WOBLT iRNRX KdLlf\" dir=\"auto\"><span class=\"eyR0C\">Soy un ser del polimorfismo, <\/span><\/p>\n<\/div>\n<div data-hook=\"rcv-block30\"><span style=\"font-family: Verdana, BlinkMacSystemFont, -apple-system, 'Segoe UI', Roboto, Oxygen, Ubuntu, Cantarell, 'Open Sans', 'Helvetica Neue', sans-serif;\">con antecedentes en mam\u00edferos Dioses,<\/span><\/div>\n<div data-hook=\"rcv-block31\"><\/div>\n<div data-breakout=\"normal\">\n<p id=\"viewer-elole\" class=\"j-JU7 WOBLT iRNRX KdLlf\" dir=\"auto\"><span class=\"eyR0C\">y no fue mi culpa so\u00f1ar m\u00e1s all\u00e1 del miedo.<\/span><\/p>\n<\/div>\n<div data-hook=\"rcv-block32\"><span style=\"font-family: Verdana, BlinkMacSystemFont, -apple-system, 'Segoe UI', Roboto, Oxygen, Ubuntu, Cantarell, 'Open Sans', 'Helvetica Neue', sans-serif;\">El destino quiso obligarme a ser fuerte,<\/span><\/div>\n<div data-hook=\"rcv-block33\"><\/div>\n<div data-breakout=\"normal\">\n<p id=\"viewer-ef2u7\" class=\"j-JU7 WOBLT iRNRX KdLlf\" dir=\"auto\"><span class=\"eyR0C\">al darme un amor para atormentar mis ojos,<\/span><\/p>\n<\/div>\n<div data-hook=\"rcv-block34\"><span style=\"font-family: Verdana, BlinkMacSystemFont, -apple-system, 'Segoe UI', Roboto, Oxygen, Ubuntu, Cantarell, 'Open Sans', 'Helvetica Neue', sans-serif;\">y esta soledad me impide extender las manos.<\/span><\/div>\n<div data-hook=\"rcv-block35\"><\/div>\n<div data-breakout=\"normal\">\n<p id=\"viewer-3sqqm\" class=\"j-JU7 WOBLT iRNRX KdLlf\" dir=\"auto\"><span class=\"eyR0C\">Ay, humano descarriado.<\/span><\/p>\n<\/div>\n<div data-hook=\"rcv-block36\"><span style=\"font-family: Verdana, BlinkMacSystemFont, -apple-system, 'Segoe UI', Roboto, Oxygen, Ubuntu, Cantarell, 'Open Sans', 'Helvetica Neue', sans-serif;\">El desamor solo es una fuerza del ego\u00edsmo,<\/span><\/div>\n<div data-hook=\"rcv-block37\"><\/div>\n<div data-breakout=\"normal\">\n<p id=\"viewer-4tqk0\" class=\"j-JU7 WOBLT iRNRX KdLlf\" dir=\"auto\"><span class=\"eyR0C\">m\u00e1s vale que reabras el coraz\u00f3n<\/span><\/p>\n<\/div>\n<div data-hook=\"rcv-block38\"><span style=\"font-family: Verdana, BlinkMacSystemFont, -apple-system, 'Segoe UI', Roboto, Oxygen, Ubuntu, Cantarell, 'Open Sans', 'Helvetica Neue', sans-serif;\">y vuelvas de la tiniebla que empujas.<\/span><\/div>\n<div data-hook=\"rcv-block39\"><\/div>\n<div data-breakout=\"normal\">\n<p id=\"viewer-c5pm8\" class=\"j-JU7 WOBLT iRNRX KdLlf\" dir=\"auto\"><span class=\"eyR0C\">Soy Thot.<\/span><\/p>\n<\/div>\n<div data-hook=\"rcv-block40\"><\/div>\n<div data-breakout=\"normal\">\n<p id=\"viewer-9lnm7\" class=\"j-JU7 WOBLT iRNRX KdLlf\" dir=\"auto\"><span class=\"eyR0C\">Te tend\u00ed la mano para que ascendieras<\/span><\/p>\n<\/div>\n<div data-hook=\"rcv-block41\"><\/div>\n<div data-breakout=\"normal\">\n<p id=\"viewer-1dg6u\" class=\"j-JU7 WOBLT iRNRX KdLlf\" dir=\"auto\"><span class=\"eyR0C\">al pedestal que ped\u00edas.<\/span><\/p>\n<\/div>\n<div data-hook=\"rcv-block42\"><\/div>\n<div data-breakout=\"normal\">\n<p id=\"viewer-69u49\" class=\"j-JU7 WOBLT iRNRX KdLlf\" dir=\"auto\"><span class=\"eyR0C\">Te di compa\u00f1era y en ella la luz.<\/span><\/p>\n<\/div>\n<div data-hook=\"rcv-block43\"><\/div>\n<div data-breakout=\"normal\">\n<p id=\"viewer-5l2o6\" class=\"j-JU7 WOBLT iRNRX KdLlf\" dir=\"auto\"><span class=\"eyR0C\">\u00bfAcaso no la apag\u00f3 tu individualismo?<\/span><\/p>\n<\/div>\n<div data-hook=\"rcv-block44\"><\/div>\n<div data-breakout=\"normal\">\n<p id=\"viewer-ch4b5\" class=\"j-JU7 WOBLT iRNRX KdLlf\" dir=\"auto\"><span class=\"eyR0C\">\u00bfNo fue ella ignorada por tu ego\u00edsmo?<\/span><\/p>\n<\/div>\n<div data-hook=\"rcv-block45\"><\/div>\n<div data-breakout=\"normal\">\n<p id=\"viewer-54o7r\" class=\"j-JU7 WOBLT iRNRX KdLlf\" dir=\"auto\"><span class=\"eyR0C\">Salvo cuando el tedio carnal<\/span><\/p>\n<\/div>\n<div data-hook=\"rcv-block46\"><\/div>\n<div data-breakout=\"normal\">\n<p id=\"viewer-alkb8\" class=\"j-JU7 WOBLT iRNRX KdLlf\" dir=\"auto\"><span class=\"eyR0C\">te hizo reclamarla para tus estancias,<\/span><\/p>\n<\/div>\n<div data-hook=\"rcv-block47\"><\/div>\n<div data-breakout=\"normal\">\n<p id=\"viewer-dg58c\" class=\"j-JU7 WOBLT iRNRX KdLlf\" dir=\"auto\"><span class=\"eyR0C\">apenas apreciaste su existencia.<\/span><\/p>\n<\/div>\n<div data-hook=\"rcv-block48\"><\/div>\n<div data-breakout=\"normal\">\n<p id=\"viewer-f2trp\" class=\"j-JU7 WOBLT iRNRX KdLlf\" dir=\"auto\"><span class=\"eyR0C\">El error es una puerta hacia la ceguera,<\/span><\/p>\n<\/div>\n<div data-hook=\"rcv-block49\"><\/div>\n<div data-breakout=\"normal\">\n<p id=\"viewer-e87hr\" class=\"j-JU7 WOBLT iRNRX KdLlf\" dir=\"auto\"><span class=\"eyR0C\">all\u00ed la prepotencia hace estragos.<\/span><\/p>\n<\/div>\n<div data-hook=\"rcv-block50\"><\/div>\n<div data-breakout=\"normal\">\n<p id=\"viewer-b525l\" class=\"j-JU7 WOBLT iRNRX KdLlf\" dir=\"auto\"><span class=\"eyR0C\">No soy yo qui\u00e9n para juzgarte,<\/span><\/p>\n<\/div>\n<div data-hook=\"rcv-block51\"><\/div>\n<div data-breakout=\"normal\">\n<p id=\"viewer-amjo\" class=\"j-JU7 WOBLT iRNRX KdLlf\" dir=\"auto\"><span class=\"eyR0C\">solo estoy aqu\u00ed para protegerte.<\/span><\/p>\n<\/div>\n<div data-hook=\"rcv-block52\"><\/div>\n<div data-breakout=\"normal\">\n<p id=\"viewer-109bp\" class=\"j-JU7 WOBLT iRNRX KdLlf\" dir=\"auto\"><span class=\"eyR0C\">Resultar\u00e1 muy dif\u00edcil salvarte de ti. Autor: Luis Ram\u00f3n Garc\u00eda del Pomar y San Emeterio.<\/span><\/p>\n<\/div>\n<div data-hook=\"rcv-block53\"><\/div>\n<div data-breakout=\"normal\">\n<div id=\"viewer-54lnv\" class=\"j-JU7 WOBLT iRNRX KdLlf\" dir=\"auto\"><\/div>\n<\/div>\n<h2><strong style=\"color: var(--td_text_color, #111111); font-family: Roboto, sans-serif; font-size: 22px;\">Y su pr\u00f3ximo libro ya en imprenta y apuntito de salir<\/strong><\/h2>\n<\/div>\n<h1><strong>\u00abProx\u00e9mica\u00bb<\/strong><\/h1>\n<p>En <strong>prox\u00e9mica<\/strong> bucea el autor en trasfondos antropol\u00f3gicos, en la neurofisiolog\u00eda de la percepci\u00f3n y las emociones, en las tres partes cl\u00e1sicas que comprende la filosof\u00eda: f\u00edsica, moral y, la que examina las razones de ambas, la dial\u00e9ctica. Cita a Arist\u00f3teles, Plat\u00f3n y Her\u00e1clito, para quienes la \u00fanica sabidur\u00eda era conocer al gnomen, la mente, Dios.<br \/>\nAparece en la colecci\u00f3n \u00abperversa\u00bb de AVERSO. Sin duda, poes\u00eda para reflexionar.<\/p>\n<p><img loading=\"lazy\" decoding=\"async\" class=\"aligncenter size-full wp-image-2049\" src=\"https:\/\/tiempodetormentas.com\/wp-content\/uploads\/2025\/02\/proxemica.jpg\" alt=\"\" width=\"2048\" height=\"2048\" srcset=\"https:\/\/tiempodetormentas.com\/wp-content\/uploads\/2025\/02\/proxemica.jpg 2048w, https:\/\/tiempodetormentas.com\/wp-content\/uploads\/2025\/02\/proxemica-300x300.jpg 300w, https:\/\/tiempodetormentas.com\/wp-content\/uploads\/2025\/02\/proxemica-1024x1024.jpg 1024w, https:\/\/tiempodetormentas.com\/wp-content\/uploads\/2025\/02\/proxemica-150x150.jpg 150w, https:\/\/tiempodetormentas.com\/wp-content\/uploads\/2025\/02\/proxemica-768x768.jpg 768w, https:\/\/tiempodetormentas.com\/wp-content\/uploads\/2025\/02\/proxemica-1536x1536.jpg 1536w, https:\/\/tiempodetormentas.com\/wp-content\/uploads\/2025\/02\/proxemica-420x420.jpg 420w, https:\/\/tiempodetormentas.com\/wp-content\/uploads\/2025\/02\/proxemica-696x696.jpg 696w, https:\/\/tiempodetormentas.com\/wp-content\/uploads\/2025\/02\/proxemica-1068x1068.jpg 1068w, https:\/\/tiempodetormentas.com\/wp-content\/uploads\/2025\/02\/proxemica-1920x1920.jpg 1920w\" sizes=\"auto, (max-width: 2048px) 100vw, 2048px\" \/>El antrop\u00f3logo\u00a0<span style=\"color: #000000;\"><a style=\"color: #000000;\" title=\"Edward T. Hall\" href=\"https:\/\/es.wikipedia.org\/wiki\/Edward_T._Hall\">Edward T. Hall<\/a>\u00a0<\/span>es quien acu\u00f1\u00f3 el t\u00e9rmino prox\u00e9mica, ideando un sistema de notaci\u00f3n para transcribir el comportamiento prox\u00e9mico. La define como el estudio de la forma en que un hombre, de manera inconsciente, estructura su microespacio, la distancia interpersonal en las interacciones diarias, la organizaci\u00f3n del espacio sus casas y el dise\u00f1o de sus ciudades.<\/p>\n<p>La prox\u00e9mica estudia la manera en que las personas estructuran, utilizan y perciben el espacio en el proceso de interacci\u00f3n diaria, es decir, la proximidad y el alejamiento interpersonal, sus posturas, gestos y la presencia o ausencia del contacto f\u00edsico.<\/p>\n<div data-breakout=\"normal\"><\/div>\n<div data-breakout=\"normal\">\n<div id=\"viewer-54lnv\" class=\"j-JU7 WOBLT iRNRX KdLlf\" dir=\"auto\"><\/div>\n<\/div>\n<p>&nbsp;<\/p>\n<h1><span style=\"color: #000000;\">Al fin y al cabo, tal como le gusta repetir, como proclama : \u201cSomos personas que so\u00f1amos\u201d.<\/span><\/h1>\n<h4>El mundo est\u00e1 lleno de gente interesante, sin duda, pero encontrarse en la vida con gente como <strong>Ram\u00f3n Garc\u00eda del Pomar y su amigo \u00abGus\u00bb<\/strong> es un verdadero regalo del universo.<\/h4>\n<h1><\/h1>\n<p><em>Con especial dedicatoria <strong>a los peludos de Ram\u00f3n<\/strong><\/em>:<\/p>\n<p><img loading=\"lazy\" decoding=\"async\" class=\"aligncenter wp-image-2086\" src=\"https:\/\/tiempodetormentas.com\/wp-content\/uploads\/2025\/02\/gatos-david-vela-1.jpg\" alt=\"\" width=\"387\" height=\"515\" srcset=\"https:\/\/tiempodetormentas.com\/wp-content\/uploads\/2025\/02\/gatos-david-vela-1.jpg 1200w, https:\/\/tiempodetormentas.com\/wp-content\/uploads\/2025\/02\/gatos-david-vela-1-225x300.jpg 225w, https:\/\/tiempodetormentas.com\/wp-content\/uploads\/2025\/02\/gatos-david-vela-1-768x1023.jpg 768w, https:\/\/tiempodetormentas.com\/wp-content\/uploads\/2025\/02\/gatos-david-vela-1-1153x1536.jpg 1153w, https:\/\/tiempodetormentas.com\/wp-content\/uploads\/2025\/02\/gatos-david-vela-1-315x420.jpg 315w, https:\/\/tiempodetormentas.com\/wp-content\/uploads\/2025\/02\/gatos-david-vela-1-150x200.jpg 150w, https:\/\/tiempodetormentas.com\/wp-content\/uploads\/2025\/02\/gatos-david-vela-1-300x400.jpg 300w, https:\/\/tiempodetormentas.com\/wp-content\/uploads\/2025\/02\/gatos-david-vela-1-696x927.jpg 696w, https:\/\/tiempodetormentas.com\/wp-content\/uploads\/2025\/02\/gatos-david-vela-1-1068x1423.jpg 1068w\" sizes=\"auto, (max-width: 387px) 100vw, 387px\" \/><\/p>\n<h6><span style=\"color: #000000;\">\u00a0 \u00a0 \u00a0 \u00a0 \u00a0 \u00a0 \u00a0 \u00a0 \u00a0 \u00a0 \u00a0 \u00a0 \u00a0 \u00a0 \u00a0 \u00a0 \u00a0 \u00a0<em>Cartel: \u00ab<strong>A los Gatos de Ram\u00f3n<\/strong>\u00bb , <strong>que son siete<\/strong>, de David Vela:<\/em><br class=\"html-br\" \/><\/span><\/h6>\n<p><strong><em>Pinzas, Mika, Ron Ron, Vida, Chupete, Mina, Carioca<\/em><\/strong><\/p>\n<div class=\"x1i10hfl xjbqb8w x1ejq31n xd10rxx x1sy0etr x17r0tee x972fbf xcfux6l x1qhh985 xm0m39n x9f619 x1ypdohk xt0psk2 xe8uvvx xdj266r x11i5rnm xat24cr x1mh8g0r xexx8yu x4uap5 x18d9i69 xkhd6sd x16tdsg8 x1hl2dhg xggy1nq x1a2a7pz xkrqix3 x1sur9pj xzsf02u x1s688f\" tabindex=\"0\" role=\"button\">Y a su amigo El Gran \u00abGus\u00bb\/ Fotos de Aruna Nisad<\/div>\n<h6><img loading=\"lazy\" decoding=\"async\" class=\"aligncenter size-full wp-image-2052\" src=\"https:\/\/tiempodetormentas.com\/wp-content\/uploads\/2025\/02\/gus-bostezando.jpg\" alt=\"\" width=\"1200\" height=\"1600\" srcset=\"https:\/\/tiempodetormentas.com\/wp-content\/uploads\/2025\/02\/gus-bostezando.jpg 1200w, https:\/\/tiempodetormentas.com\/wp-content\/uploads\/2025\/02\/gus-bostezando-225x300.jpg 225w, https:\/\/tiempodetormentas.com\/wp-content\/uploads\/2025\/02\/gus-bostezando-768x1024.jpg 768w, https:\/\/tiempodetormentas.com\/wp-content\/uploads\/2025\/02\/gus-bostezando-1152x1536.jpg 1152w, https:\/\/tiempodetormentas.com\/wp-content\/uploads\/2025\/02\/gus-bostezando-315x420.jpg 315w, https:\/\/tiempodetormentas.com\/wp-content\/uploads\/2025\/02\/gus-bostezando-150x200.jpg 150w, https:\/\/tiempodetormentas.com\/wp-content\/uploads\/2025\/02\/gus-bostezando-300x400.jpg 300w, https:\/\/tiempodetormentas.com\/wp-content\/uploads\/2025\/02\/gus-bostezando-696x928.jpg 696w, https:\/\/tiempodetormentas.com\/wp-content\/uploads\/2025\/02\/gus-bostezando-1068x1424.jpg 1068w\" sizes=\"auto, (max-width: 1200px) 100vw, 1200px\" \/><\/h6>\n<p>&nbsp;<\/p>\n<h3>Como, all\u00e1 en el 2011, lo describe perfectamente su amigo <span style=\"color: #000000;\"><strong>Javier D\u00edez Madrid<\/strong>, a qui\u00e9n deseo, para acabar, muy gustosamente\u00a0 dar aqu\u00ed espacio:<\/span><\/h3>\n<h5><span style=\"color: #000000;\">\u00abY siempre en veloz carrera. A ritmo de potente e imparable Ferrari. Quemando d\u00edas y noches sin distinci\u00f3n; persiguiendo quimeras y para\u00edsos; sombras y luces; lib\u00e9lulas y gatos negros. Desde que le conozco ha desempe\u00f1ado tareas de aglutinante, impulsor e inventor de la tan tra\u00edda y llevada \u201cmovida madriela\u00f1a\u201d a trav\u00e9s de su puesto de vig\u00eda y oteador de vanguardias en su puesto de Director de Eventos de la m\u00edtica <strong>Rock-Ola<\/strong>, una sala por la que pasaron lo m\u00e1s granado y representativo de la modernidad del momento, cuajada en nombres como<strong> Alaska y los Pegamoides<\/strong>,<strong> Pedro Almod\u00f3var y Fanny McNamara<\/strong> , <strong>Radio<\/strong> <strong>Futura<\/strong>,<strong> Nacha Pop<\/strong>, <strong>Gabinete Caligari<\/strong>, <strong>Siniestro Total<\/strong> y un largo etc\u00e9tera de grupos que forman ya parte importante de la historia del pop hispano, unidos a figuras internacionales que \u00e9l dio a conocer en el olvidado, paup\u00e9rrimo, escu\u00e1lido y algo retrasado panorama esc\u00e9nico patrio como <strong>Iggy Pop<\/strong>, <strong>Echo and the Bunnymen<\/strong>, <strong>Spandau Ballet<\/strong>, <strong>Siouxsie and the Banshees<\/strong>, <strong>The Sound<\/strong>, <strong>Classix Nouveaux<\/strong>&#8230; y posteriormente en locales tan se\u00f1eros como <strong>Aqualung<\/strong>, la <strong>Sala Morasol<\/strong> ( donde llev\u00f3 a la inigualable y simpar <strong>Nina Hagen)<\/strong> o <strong>Universal Sur<\/strong> y otras muchas m\u00e1s; trabajos en el campo de la moda y el dise\u00f1o, creando ACME (Asociaci\u00f3n de Creadores de Moda de Espa\u00f1a), donde realiz\u00f3 vestuarios especiales para las giras de<strong> Los Manolos<\/strong> y<strong> Paco Clavel<\/strong> e incluso para <strong>Eric Clapton<\/strong> o la incre\u00edble y rutilante <strong>Tina Turner<\/strong>, etapa en la que interactu\u00f3 con modistos de la talla de <strong>Antonio Alvarado<\/strong> y reminiscencia y digna continuaci\u00f3n a etapas anteriores donde hab\u00eda ejercido de aventajado dise\u00f1ador hippy de abalorios \u00f3seos de gran \u00e9xito y sus devaneos con la est\u00e9tica y la alta peluquer\u00eda, oficios que ejerci\u00f3 con dedicaci\u00f3n y fortuna; actuando como actor en obras de teatro, series, v\u00eddeos y anuncios; ejerciendo como periodista para distintas publicaciones, revistas o programas de radio como el programa en <strong>\u201cEn el aire\u201d<\/strong> de <strong>Radio 3<\/strong>, con <strong>Carlos Tena<\/strong> como conductor, y proyectando tambi\u00e9n programas de televisi\u00f3n sobre salud y modos de vida; montando grupos musicales como <strong>L\u00ednea Vienesa<\/strong>, componiendo para otros, grabando en solitario y produciendo discos ajenos; form\u00e1ndose y trabajando como hipnoterapeuta; pintando y realizando esculturas; escribiendo poemas y novelas, fusionando la poes\u00eda con la danza \u00e1rabe, la m\u00fasica y el espect\u00e1culo; realizando performances y puestas en escena para modistos de la \u00faltima y m\u00e1s brillante generaci\u00f3n como <strong>Daniel Rabaneda<\/strong>&#8230; todo eso por el momento, dentro de su incendiaria forma de so\u00f1ar despierto.<br class=\"html-br\" \/><br class=\"html-br\" \/><\/span><\/h5>\n<p><img loading=\"lazy\" decoding=\"async\" class=\"aligncenter size-full wp-image-2053\" style=\"font-family: Verdana, BlinkMacSystemFont, -apple-system, 'Segoe UI', Roboto, Oxygen, Ubuntu, Cantarell, 'Open Sans', 'Helvetica Neue', sans-serif;\" src=\"https:\/\/tiempodetormentas.com\/wp-content\/uploads\/2025\/02\/gus-nene.jpg\" alt=\"\" width=\"1200\" height=\"1600\" srcset=\"https:\/\/tiempodetormentas.com\/wp-content\/uploads\/2025\/02\/gus-nene.jpg 1200w, https:\/\/tiempodetormentas.com\/wp-content\/uploads\/2025\/02\/gus-nene-225x300.jpg 225w, https:\/\/tiempodetormentas.com\/wp-content\/uploads\/2025\/02\/gus-nene-768x1024.jpg 768w, https:\/\/tiempodetormentas.com\/wp-content\/uploads\/2025\/02\/gus-nene-1152x1536.jpg 1152w, https:\/\/tiempodetormentas.com\/wp-content\/uploads\/2025\/02\/gus-nene-315x420.jpg 315w, https:\/\/tiempodetormentas.com\/wp-content\/uploads\/2025\/02\/gus-nene-150x200.jpg 150w, https:\/\/tiempodetormentas.com\/wp-content\/uploads\/2025\/02\/gus-nene-300x400.jpg 300w, https:\/\/tiempodetormentas.com\/wp-content\/uploads\/2025\/02\/gus-nene-696x928.jpg 696w, https:\/\/tiempodetormentas.com\/wp-content\/uploads\/2025\/02\/gus-nene-1068x1424.jpg 1068w\" sizes=\"auto, (max-width: 1200px) 100vw, 1200px\" \/><\/p>\n<h5><span style=\"color: #000000;\">M\u00e1s, su sue\u00f1o silente, en estas muy distintas ocupaciones y papeles por los que ha pasado en la vida, no ha sido otro que ese: cautivar por las palabras y los hechos; explorar el mundo agotando sus posibilidades; profundizar en sue\u00f1os y utop\u00edas; viajar a lugares distantes y distintos; crear realidades paralelas; embellecer lo m\u00e1s posible la grisura que nos envuelve; meter de matute en nuestras vidas todo lo nuevo y tambi\u00e9n lo invisible; amar y reamar una y mil veces; jugar y jugar y armar la marimorena, en definitiva.<\/span><\/h5>\n<h5><span style=\"color: #000000;\"><br class=\"html-br\" \/>Y en esos intentos de saltimbanqui naturalmente que se han roto muchos platos, que m\u00e1s tarde han tenido que ser cuidadosamente pegados, seg\u00fan reza el t\u00edtulo de estas memorias, que m\u00e1s que memorias son confesiones, letan\u00edas \u00edntimas de su vida movediza. Pirot\u00e9cnica escrita en un singular modelo de expresi\u00f3n po\u00e9tica, h\u00edbrido entre narraci\u00f3n sentimental, canci\u00f3n personal, haikus o sentencias que conforman un recorrido por vivencias interiores, acrisoladas en el convulso y retorcido alambique de una vida llena de meandros y matices.<\/span><\/h5>\n<p>&nbsp;<\/p>\n<p><img loading=\"lazy\" decoding=\"async\" class=\"aligncenter size-full wp-image-2054\" style=\"font-family: Verdana, BlinkMacSystemFont, -apple-system, 'Segoe UI', Roboto, Oxygen, Ubuntu, Cantarell, 'Open Sans', 'Helvetica Neue', sans-serif;\" src=\"https:\/\/tiempodetormentas.com\/wp-content\/uploads\/2025\/02\/gus-gus.jpg\" alt=\"\" width=\"1200\" height=\"1600\" srcset=\"https:\/\/tiempodetormentas.com\/wp-content\/uploads\/2025\/02\/gus-gus.jpg 1200w, https:\/\/tiempodetormentas.com\/wp-content\/uploads\/2025\/02\/gus-gus-225x300.jpg 225w, https:\/\/tiempodetormentas.com\/wp-content\/uploads\/2025\/02\/gus-gus-768x1024.jpg 768w, https:\/\/tiempodetormentas.com\/wp-content\/uploads\/2025\/02\/gus-gus-1152x1536.jpg 1152w, https:\/\/tiempodetormentas.com\/wp-content\/uploads\/2025\/02\/gus-gus-315x420.jpg 315w, https:\/\/tiempodetormentas.com\/wp-content\/uploads\/2025\/02\/gus-gus-150x200.jpg 150w, https:\/\/tiempodetormentas.com\/wp-content\/uploads\/2025\/02\/gus-gus-300x400.jpg 300w, https:\/\/tiempodetormentas.com\/wp-content\/uploads\/2025\/02\/gus-gus-696x928.jpg 696w, https:\/\/tiempodetormentas.com\/wp-content\/uploads\/2025\/02\/gus-gus-1068x1424.jpg 1068w\" sizes=\"auto, (max-width: 1200px) 100vw, 1200px\" \/><\/p>\n<h5><span style=\"color: #000000;\">Un d\u00e9dalo personal, en suma, que tiene mucho de striptease l\u00fadico y sensitivo, de tobog\u00e1n arriesgado de l\u00edricos recuerdos y enso\u00f1aciones particulares donde -se ha apuntado con acierto- se mezclan la carnalidad de <strong>Bukowski<\/strong>, la sabidur\u00eda y la autoexploraci\u00f3n de <strong>Lao Tse,<\/strong> el nomadismo aventurero de <strong>Kerouac<\/strong> y hasta una pizca, y esto lo a\u00f1ado de mi propia cosecha, la desmadrada capacidad para la mentirijilla del <strong>bar\u00f3n M\u00fcnchhausen<\/strong>. Intenso y l\u00edrico, tienen sus libros el veneno del et\u00e9reo del sue\u00f1o. Al fin y al cabo, como le gusta repetir como proclama y confesi\u00f3n a nuestro confesado: \u201cSomos personas que so\u00f1amos\u201d.<\/span><\/h5>","protected":false},"excerpt":{"rendered":"<p>&nbsp; \u00a0\u00abMe hace libre, sentirme \u00fatil al com\u00fan de mis semejantes\u00bb la energ\u00e9tica existencialidad c\u00f3smica de L.Ram\u00f3n Garc\u00eda del Pomar &nbsp; Llega al planeta un 17 de mayo de 1950 en Los Corrales de Buelna (Cantabria), en una familia acomodada, cuyo padre fue Juez, qu\u00edmico y comerciante de electrodom\u00e9sticos. Tambi\u00e9n su madre fue una mujer [&hellip;]<\/p>","protected":false},"author":13,"featured_media":2052,"comment_status":"open","ping_status":"open","sticky":false,"template":"","format":"standard","meta":{"footnotes":""},"categories":[6],"tags":[],"class_list":["post-2046","post","type-post","status-publish","format-standard","has-post-thumbnail","category-cultura"],"yoast_head":"<!-- This site is optimized with the Yoast SEO plugin v26.2 - https:\/\/yoast.com\/wordpress\/plugins\/seo\/ -->\n<title>la energ\u00e9tica existencialidad c\u00f3smica de L.Ram\u00f3n Garc\u00eda del Pomar - Tiempo de Tormentas<\/title>\n<meta name=\"robots\" content=\"index, follow, max-snippet:-1, max-image-preview:large, max-video-preview:-1\" \/>\n<link rel=\"canonical\" href=\"https:\/\/tiempodetormentas.com\/en\/cultura\/la-energetica-existencialidad-cosmica-de-l-ramon-garcia-del-pomar\/\" \/>\n<meta property=\"og:locale\" content=\"en_GB\" \/>\n<meta property=\"og:type\" content=\"article\" \/>\n<meta property=\"og:title\" content=\"la energ\u00e9tica existencialidad c\u00f3smica de L.Ram\u00f3n Garc\u00eda del Pomar - Tiempo de Tormentas\" \/>\n<meta property=\"og:description\" content=\"&nbsp; \u00a0\u00abMe hace libre, sentirme \u00fatil al com\u00fan de mis semejantes\u00bb la energ\u00e9tica existencialidad c\u00f3smica de L.Ram\u00f3n Garc\u00eda del Pomar &nbsp; Llega al planeta un 17 de mayo de 1950 en Los Corrales de Buelna (Cantabria), en una familia acomodada, cuyo padre fue Juez, qu\u00edmico y comerciante de electrodom\u00e9sticos. Tambi\u00e9n su madre fue una mujer [&hellip;]\" \/>\n<meta property=\"og:url\" content=\"https:\/\/tiempodetormentas.com\/en\/cultura\/la-energetica-existencialidad-cosmica-de-l-ramon-garcia-del-pomar\/\" \/>\n<meta property=\"og:site_name\" content=\"Tiempo de Tormentas\" \/>\n<meta property=\"article:published_time\" content=\"2025-02-25T03:16:04+00:00\" \/>\n<meta property=\"article:modified_time\" content=\"2025-12-31T19:09:47+00:00\" \/>\n<meta property=\"og:image\" content=\"https:\/\/tiempodetormentas.com\/wp-content\/uploads\/2025\/02\/gus-bostezando.jpg\" \/>\n\t<meta property=\"og:image:width\" content=\"1200\" \/>\n\t<meta property=\"og:image:height\" content=\"1600\" \/>\n\t<meta property=\"og:image:type\" content=\"image\/jpeg\" \/>\n<meta name=\"author\" content=\"Tiempo de Tormentas\" \/>\n<meta name=\"twitter:card\" content=\"summary_large_image\" \/>\n<meta name=\"twitter:label1\" content=\"Written by\" \/>\n\t<meta name=\"twitter:data1\" content=\"Tiempo de Tormentas\" \/>\n\t<meta name=\"twitter:label2\" content=\"Estimated reading time\" \/>\n\t<meta name=\"twitter:data2\" content=\"35 minutes\" \/>\n<script type=\"application\/ld+json\" class=\"yoast-schema-graph\">{\"@context\":\"https:\/\/schema.org\",\"@graph\":[{\"@type\":\"Article\",\"@id\":\"https:\/\/tiempodetormentas.com\/cultura\/la-energetica-existencialidad-cosmica-de-l-ramon-garcia-del-pomar\/#article\",\"isPartOf\":{\"@id\":\"https:\/\/tiempodetormentas.com\/cultura\/la-energetica-existencialidad-cosmica-de-l-ramon-garcia-del-pomar\/\"},\"author\":{\"name\":\"Tiempo de Tormentas\",\"@id\":\"https:\/\/tiempodetormentas.com\/#\/schema\/person\/9a9e95f6209f068f15d4e1c74cc3718e\"},\"headline\":\"la energ\u00e9tica existencialidad c\u00f3smica de L.Ram\u00f3n Garc\u00eda del Pomar\",\"datePublished\":\"2025-02-25T03:16:04+00:00\",\"dateModified\":\"2025-12-31T19:09:47+00:00\",\"mainEntityOfPage\":{\"@id\":\"https:\/\/tiempodetormentas.com\/cultura\/la-energetica-existencialidad-cosmica-de-l-ramon-garcia-del-pomar\/\"},\"wordCount\":5841,\"commentCount\":2,\"publisher\":{\"@id\":\"https:\/\/tiempodetormentas.com\/#organization\"},\"image\":{\"@id\":\"https:\/\/tiempodetormentas.com\/cultura\/la-energetica-existencialidad-cosmica-de-l-ramon-garcia-del-pomar\/#primaryimage\"},\"thumbnailUrl\":\"https:\/\/tiempodetormentas.com\/wp-content\/uploads\/2025\/02\/gus-bostezando.jpg\",\"articleSection\":[\"Cultura\"],\"inLanguage\":\"en-GB\",\"potentialAction\":[{\"@type\":\"CommentAction\",\"name\":\"Comment\",\"target\":[\"https:\/\/tiempodetormentas.com\/cultura\/la-energetica-existencialidad-cosmica-de-l-ramon-garcia-del-pomar\/#respond\"]}]},{\"@type\":\"WebPage\",\"@id\":\"https:\/\/tiempodetormentas.com\/cultura\/la-energetica-existencialidad-cosmica-de-l-ramon-garcia-del-pomar\/\",\"url\":\"https:\/\/tiempodetormentas.com\/cultura\/la-energetica-existencialidad-cosmica-de-l-ramon-garcia-del-pomar\/\",\"name\":\"la energ\u00e9tica existencialidad c\u00f3smica de L.Ram\u00f3n Garc\u00eda del Pomar - Tiempo de Tormentas\",\"isPartOf\":{\"@id\":\"https:\/\/tiempodetormentas.com\/#website\"},\"primaryImageOfPage\":{\"@id\":\"https:\/\/tiempodetormentas.com\/cultura\/la-energetica-existencialidad-cosmica-de-l-ramon-garcia-del-pomar\/#primaryimage\"},\"image\":{\"@id\":\"https:\/\/tiempodetormentas.com\/cultura\/la-energetica-existencialidad-cosmica-de-l-ramon-garcia-del-pomar\/#primaryimage\"},\"thumbnailUrl\":\"https:\/\/tiempodetormentas.com\/wp-content\/uploads\/2025\/02\/gus-bostezando.jpg\",\"datePublished\":\"2025-02-25T03:16:04+00:00\",\"dateModified\":\"2025-12-31T19:09:47+00:00\",\"breadcrumb\":{\"@id\":\"https:\/\/tiempodetormentas.com\/cultura\/la-energetica-existencialidad-cosmica-de-l-ramon-garcia-del-pomar\/#breadcrumb\"},\"inLanguage\":\"en-GB\",\"potentialAction\":[{\"@type\":\"ReadAction\",\"target\":[\"https:\/\/tiempodetormentas.com\/cultura\/la-energetica-existencialidad-cosmica-de-l-ramon-garcia-del-pomar\/\"]}]},{\"@type\":\"ImageObject\",\"inLanguage\":\"en-GB\",\"@id\":\"https:\/\/tiempodetormentas.com\/cultura\/la-energetica-existencialidad-cosmica-de-l-ramon-garcia-del-pomar\/#primaryimage\",\"url\":\"https:\/\/tiempodetormentas.com\/wp-content\/uploads\/2025\/02\/gus-bostezando.jpg\",\"contentUrl\":\"https:\/\/tiempodetormentas.com\/wp-content\/uploads\/2025\/02\/gus-bostezando.jpg\",\"width\":1200,\"height\":1600},{\"@type\":\"BreadcrumbList\",\"@id\":\"https:\/\/tiempodetormentas.com\/cultura\/la-energetica-existencialidad-cosmica-de-l-ramon-garcia-del-pomar\/#breadcrumb\",\"itemListElement\":[{\"@type\":\"ListItem\",\"position\":1,\"name\":\"Portada\",\"item\":\"https:\/\/tiempodetormentas.com\/\"},{\"@type\":\"ListItem\",\"position\":2,\"name\":\"la energ\u00e9tica existencialidad c\u00f3smica de L.Ram\u00f3n Garc\u00eda del Pomar\"}]},{\"@type\":\"WebSite\",\"@id\":\"https:\/\/tiempodetormentas.com\/#website\",\"url\":\"https:\/\/tiempodetormentas.com\/\",\"name\":\"Tiempo de Tormentas\",\"description\":\"Edita el club de la bruma\",\"publisher\":{\"@id\":\"https:\/\/tiempodetormentas.com\/#organization\"},\"potentialAction\":[{\"@type\":\"SearchAction\",\"target\":{\"@type\":\"EntryPoint\",\"urlTemplate\":\"https:\/\/tiempodetormentas.com\/?s={search_term_string}\"},\"query-input\":{\"@type\":\"PropertyValueSpecification\",\"valueRequired\":true,\"valueName\":\"search_term_string\"}}],\"inLanguage\":\"en-GB\"},{\"@type\":\"Organization\",\"@id\":\"https:\/\/tiempodetormentas.com\/#organization\",\"name\":\"Tiempo de Tormentas\",\"url\":\"https:\/\/tiempodetormentas.com\/\",\"logo\":{\"@type\":\"ImageObject\",\"inLanguage\":\"en-GB\",\"@id\":\"https:\/\/tiempodetormentas.com\/#\/schema\/logo\/image\/\",\"url\":\"https:\/\/tiempodetormentas.com\/wp-content\/uploads\/2022\/01\/tiempo-de-tormentas.png\",\"contentUrl\":\"https:\/\/tiempodetormentas.com\/wp-content\/uploads\/2022\/01\/tiempo-de-tormentas.png\",\"width\":448,\"height\":121,\"caption\":\"Tiempo de Tormentas\"},\"image\":{\"@id\":\"https:\/\/tiempodetormentas.com\/#\/schema\/logo\/image\/\"}},{\"@type\":\"Person\",\"@id\":\"https:\/\/tiempodetormentas.com\/#\/schema\/person\/9a9e95f6209f068f15d4e1c74cc3718e\",\"name\":\"Tiempo de Tormentas\",\"image\":{\"@type\":\"ImageObject\",\"inLanguage\":\"en-GB\",\"@id\":\"https:\/\/tiempodetormentas.com\/#\/schema\/person\/image\/\",\"url\":\"https:\/\/secure.gravatar.com\/avatar\/1b3c03cb36f6ab2f16882ddfcb878f0ebda1187829a7882b31ff8c8cfc477e50?s=96&d=mm&r=g\",\"contentUrl\":\"https:\/\/secure.gravatar.com\/avatar\/1b3c03cb36f6ab2f16882ddfcb878f0ebda1187829a7882b31ff8c8cfc477e50?s=96&d=mm&r=g\",\"caption\":\"Tiempo de Tormentas\"},\"url\":\"https:\/\/tiempodetormentas.com\/en\/author\/tiempo-de-tormentas\/\"}]}<\/script>\n<!-- \/ Yoast SEO plugin. -->","yoast_head_json":{"title":"la energ\u00e9tica existencialidad c\u00f3smica de L.Ram\u00f3n Garc\u00eda del Pomar - Tiempo de Tormentas","robots":{"index":"index","follow":"follow","max-snippet":"max-snippet:-1","max-image-preview":"max-image-preview:large","max-video-preview":"max-video-preview:-1"},"canonical":"https:\/\/tiempodetormentas.com\/en\/cultura\/la-energetica-existencialidad-cosmica-de-l-ramon-garcia-del-pomar\/","og_locale":"en_GB","og_type":"article","og_title":"la energ\u00e9tica existencialidad c\u00f3smica de L.Ram\u00f3n Garc\u00eda del Pomar - Tiempo de Tormentas","og_description":"&nbsp; \u00a0\u00abMe hace libre, sentirme \u00fatil al com\u00fan de mis semejantes\u00bb la energ\u00e9tica existencialidad c\u00f3smica de L.Ram\u00f3n Garc\u00eda del Pomar &nbsp; Llega al planeta un 17 de mayo de 1950 en Los Corrales de Buelna (Cantabria), en una familia acomodada, cuyo padre fue Juez, qu\u00edmico y comerciante de electrodom\u00e9sticos. Tambi\u00e9n su madre fue una mujer [&hellip;]","og_url":"https:\/\/tiempodetormentas.com\/en\/cultura\/la-energetica-existencialidad-cosmica-de-l-ramon-garcia-del-pomar\/","og_site_name":"Tiempo de Tormentas","article_published_time":"2025-02-25T03:16:04+00:00","article_modified_time":"2025-12-31T19:09:47+00:00","og_image":[{"width":1200,"height":1600,"url":"https:\/\/tiempodetormentas.com\/wp-content\/uploads\/2025\/02\/gus-bostezando.jpg","type":"image\/jpeg"}],"author":"Tiempo de Tormentas","twitter_card":"summary_large_image","twitter_misc":{"Written by":"Tiempo de Tormentas","Estimated reading time":"35 minutes"},"schema":{"@context":"https:\/\/schema.org","@graph":[{"@type":"Article","@id":"https:\/\/tiempodetormentas.com\/cultura\/la-energetica-existencialidad-cosmica-de-l-ramon-garcia-del-pomar\/#article","isPartOf":{"@id":"https:\/\/tiempodetormentas.com\/cultura\/la-energetica-existencialidad-cosmica-de-l-ramon-garcia-del-pomar\/"},"author":{"name":"Tiempo de Tormentas","@id":"https:\/\/tiempodetormentas.com\/#\/schema\/person\/9a9e95f6209f068f15d4e1c74cc3718e"},"headline":"la energ\u00e9tica existencialidad c\u00f3smica de L.Ram\u00f3n Garc\u00eda del Pomar","datePublished":"2025-02-25T03:16:04+00:00","dateModified":"2025-12-31T19:09:47+00:00","mainEntityOfPage":{"@id":"https:\/\/tiempodetormentas.com\/cultura\/la-energetica-existencialidad-cosmica-de-l-ramon-garcia-del-pomar\/"},"wordCount":5841,"commentCount":2,"publisher":{"@id":"https:\/\/tiempodetormentas.com\/#organization"},"image":{"@id":"https:\/\/tiempodetormentas.com\/cultura\/la-energetica-existencialidad-cosmica-de-l-ramon-garcia-del-pomar\/#primaryimage"},"thumbnailUrl":"https:\/\/tiempodetormentas.com\/wp-content\/uploads\/2025\/02\/gus-bostezando.jpg","articleSection":["Cultura"],"inLanguage":"en-GB","potentialAction":[{"@type":"CommentAction","name":"Comment","target":["https:\/\/tiempodetormentas.com\/cultura\/la-energetica-existencialidad-cosmica-de-l-ramon-garcia-del-pomar\/#respond"]}]},{"@type":"WebPage","@id":"https:\/\/tiempodetormentas.com\/cultura\/la-energetica-existencialidad-cosmica-de-l-ramon-garcia-del-pomar\/","url":"https:\/\/tiempodetormentas.com\/cultura\/la-energetica-existencialidad-cosmica-de-l-ramon-garcia-del-pomar\/","name":"la energ\u00e9tica existencialidad c\u00f3smica de L.Ram\u00f3n Garc\u00eda del Pomar - Tiempo de Tormentas","isPartOf":{"@id":"https:\/\/tiempodetormentas.com\/#website"},"primaryImageOfPage":{"@id":"https:\/\/tiempodetormentas.com\/cultura\/la-energetica-existencialidad-cosmica-de-l-ramon-garcia-del-pomar\/#primaryimage"},"image":{"@id":"https:\/\/tiempodetormentas.com\/cultura\/la-energetica-existencialidad-cosmica-de-l-ramon-garcia-del-pomar\/#primaryimage"},"thumbnailUrl":"https:\/\/tiempodetormentas.com\/wp-content\/uploads\/2025\/02\/gus-bostezando.jpg","datePublished":"2025-02-25T03:16:04+00:00","dateModified":"2025-12-31T19:09:47+00:00","breadcrumb":{"@id":"https:\/\/tiempodetormentas.com\/cultura\/la-energetica-existencialidad-cosmica-de-l-ramon-garcia-del-pomar\/#breadcrumb"},"inLanguage":"en-GB","potentialAction":[{"@type":"ReadAction","target":["https:\/\/tiempodetormentas.com\/cultura\/la-energetica-existencialidad-cosmica-de-l-ramon-garcia-del-pomar\/"]}]},{"@type":"ImageObject","inLanguage":"en-GB","@id":"https:\/\/tiempodetormentas.com\/cultura\/la-energetica-existencialidad-cosmica-de-l-ramon-garcia-del-pomar\/#primaryimage","url":"https:\/\/tiempodetormentas.com\/wp-content\/uploads\/2025\/02\/gus-bostezando.jpg","contentUrl":"https:\/\/tiempodetormentas.com\/wp-content\/uploads\/2025\/02\/gus-bostezando.jpg","width":1200,"height":1600},{"@type":"BreadcrumbList","@id":"https:\/\/tiempodetormentas.com\/cultura\/la-energetica-existencialidad-cosmica-de-l-ramon-garcia-del-pomar\/#breadcrumb","itemListElement":[{"@type":"ListItem","position":1,"name":"Portada","item":"https:\/\/tiempodetormentas.com\/"},{"@type":"ListItem","position":2,"name":"la energ\u00e9tica existencialidad c\u00f3smica de L.Ram\u00f3n Garc\u00eda del Pomar"}]},{"@type":"WebSite","@id":"https:\/\/tiempodetormentas.com\/#website","url":"https:\/\/tiempodetormentas.com\/","name":"Tiempo de Tormentas","description":"Edita el club de la bruma","publisher":{"@id":"https:\/\/tiempodetormentas.com\/#organization"},"potentialAction":[{"@type":"SearchAction","target":{"@type":"EntryPoint","urlTemplate":"https:\/\/tiempodetormentas.com\/?s={search_term_string}"},"query-input":{"@type":"PropertyValueSpecification","valueRequired":true,"valueName":"search_term_string"}}],"inLanguage":"en-GB"},{"@type":"Organization","@id":"https:\/\/tiempodetormentas.com\/#organization","name":"Tiempo de Tormentas","url":"https:\/\/tiempodetormentas.com\/","logo":{"@type":"ImageObject","inLanguage":"en-GB","@id":"https:\/\/tiempodetormentas.com\/#\/schema\/logo\/image\/","url":"https:\/\/tiempodetormentas.com\/wp-content\/uploads\/2022\/01\/tiempo-de-tormentas.png","contentUrl":"https:\/\/tiempodetormentas.com\/wp-content\/uploads\/2022\/01\/tiempo-de-tormentas.png","width":448,"height":121,"caption":"Tiempo de Tormentas"},"image":{"@id":"https:\/\/tiempodetormentas.com\/#\/schema\/logo\/image\/"}},{"@type":"Person","@id":"https:\/\/tiempodetormentas.com\/#\/schema\/person\/9a9e95f6209f068f15d4e1c74cc3718e","name":"Tiempo de Tormentas","image":{"@type":"ImageObject","inLanguage":"en-GB","@id":"https:\/\/tiempodetormentas.com\/#\/schema\/person\/image\/","url":"https:\/\/secure.gravatar.com\/avatar\/1b3c03cb36f6ab2f16882ddfcb878f0ebda1187829a7882b31ff8c8cfc477e50?s=96&d=mm&r=g","contentUrl":"https:\/\/secure.gravatar.com\/avatar\/1b3c03cb36f6ab2f16882ddfcb878f0ebda1187829a7882b31ff8c8cfc477e50?s=96&d=mm&r=g","caption":"Tiempo de Tormentas"},"url":"https:\/\/tiempodetormentas.com\/en\/author\/tiempo-de-tormentas\/"}]}},"_links":{"self":[{"href":"https:\/\/tiempodetormentas.com\/en\/wp-json\/wp\/v2\/posts\/2046","targetHints":{"allow":["GET"]}}],"collection":[{"href":"https:\/\/tiempodetormentas.com\/en\/wp-json\/wp\/v2\/posts"}],"about":[{"href":"https:\/\/tiempodetormentas.com\/en\/wp-json\/wp\/v2\/types\/post"}],"author":[{"embeddable":true,"href":"https:\/\/tiempodetormentas.com\/en\/wp-json\/wp\/v2\/users\/13"}],"replies":[{"embeddable":true,"href":"https:\/\/tiempodetormentas.com\/en\/wp-json\/wp\/v2\/comments?post=2046"}],"version-history":[{"count":17,"href":"https:\/\/tiempodetormentas.com\/en\/wp-json\/wp\/v2\/posts\/2046\/revisions"}],"predecessor-version":[{"id":2157,"href":"https:\/\/tiempodetormentas.com\/en\/wp-json\/wp\/v2\/posts\/2046\/revisions\/2157"}],"wp:featuredmedia":[{"embeddable":true,"href":"https:\/\/tiempodetormentas.com\/en\/wp-json\/wp\/v2\/media\/2052"}],"wp:attachment":[{"href":"https:\/\/tiempodetormentas.com\/en\/wp-json\/wp\/v2\/media?parent=2046"}],"wp:term":[{"taxonomy":"category","embeddable":true,"href":"https:\/\/tiempodetormentas.com\/en\/wp-json\/wp\/v2\/categories?post=2046"},{"taxonomy":"post_tag","embeddable":true,"href":"https:\/\/tiempodetormentas.com\/en\/wp-json\/wp\/v2\/tags?post=2046"}],"curies":[{"name":"wp","href":"https:\/\/api.w.org\/{rel}","templated":true}]}}