{"id":201,"date":"2022-02-04T11:36:38","date_gmt":"2022-02-04T11:36:38","guid":{"rendered":"https:\/\/tiempodetormentas.com\/?p=201"},"modified":"2023-12-13T22:19:18","modified_gmt":"2023-12-13T22:19:18","slug":"descubierta-en-el-espacio-etanolamina-molecula-clave-en-el-origen-de-la-vida","status":"publish","type":"post","link":"https:\/\/tiempodetormentas.com\/en\/ciencias\/universo\/descubierta-en-el-espacio-etanolamina-molecula-clave-en-el-origen-de-la-vida\/","title":{"rendered":"Descubierta en el Espacio Etanolamina, Mol\u00e9cula Clave en el Origen de la Vida"},"content":{"rendered":"<p>Descubrimiento de etanolamina (NH2CH2CH2OH) en la nube molecular G+0.693-0.027 situada en el centro de nuestra Galaxia.<strong><em>\u00a0Cr\u00e9ditos: V.M. Rivilla y C. Briones (CAB) \/ c\u00e1mara IRAC4 a bordo del Telescopio Espacial Spitzer (NASA)<\/em><\/strong><\/p>\n<p>Un equipo cient\u00edfico internacional liderado por el Centro de Astrobiolog\u00eda (CAB, CSIC-INTA) de Espa\u00f1a ha detectado por vez primera etanolamina en el espacio interestelar. La etanolamina forma parte de los fosfol\u00edpidos, las mol\u00e9culas que constituyen las membranas celulares. Este descubrimiento ayudar\u00e1 a entender la evoluci\u00f3n de las membranas de las primeras c\u00e9lulas, un tema crucial en el estudio del origen de la vida.<\/p>\n<p>La aparici\u00f3n de membranas celulares representa un hito crucial en el origen y la evoluci\u00f3n temprana de la vida en la Tierra, ya que se encargan de mantener unas condiciones estables en el interior de las c\u00e9lulas, protegiendo tanto el material gen\u00e9tico como la maquinaria metab\u00f3lica. Aunque las membranas de todas las c\u00e9lulas que existen en la actualidad est\u00e1n hechas de fosfol\u00edpidos, todav\u00eda hay un gran debate en torno a la naturaleza de las primeras membranas y al propio origen de los fosfol\u00edpidos.<\/p>\n<p>Un equipo cient\u00edfico internacional y multidisciplinar de astrof\u00edsicos, astroqu\u00edmicos y bioqu\u00edmicos liderado por Victor M. Rivilla, investigador del Centro de Astrobiolog\u00eda (CAB, CSIC-INTA), acaba de hacer un descubrimiento de enorme importancia para la astrobiolog\u00eda, y que ha sido publicado en la revista Proceedings of the National Academy of Sciences of the United States of America (PNAS). Se trata de la primera detecci\u00f3n en el espacio de la etanolamina (NH2CH2CH2OH), una mol\u00e9cula que contiene cuatro de los seis elementos qu\u00edmicos fundamentales para la vida, puede actuar como precursora del amino\u00e1cido glicina, y adem\u00e1s forma parte de los fosfol\u00edpidos m\u00e1s simples (y los segundos m\u00e1s abundantes) que constituyen las membranas celulares.<\/p>\n<p>El descubrimiento de esta importante mol\u00e9cula prebi\u00f3tica se ha producido concretamente en la nube molecular G+0.693-0.027, situada cerca del centro gal\u00e1ctico, utilizando para ello el radiotelescopio IRAM de 30 metros de di\u00e1metro de Pico Veleta (Granada) y el de 40 metros del Observatorio de Yebes (Guadalajara). Como se\u00f1ala Rivilla, \u201cEstos resultados sugieren que la etanolamina se sintetiza eficientemente en el espacio interestelar en nubes moleculares donde se forman nuevas estrellas y sistemas planetarios\u201d.<\/p>\n<p>Los investigadores han hallado que la abundancia en el medio interestelar de la etanolamina en relaci\u00f3n con la del agua indica que la etanolamina se form\u00f3 probablemente en el espacio y pudo m\u00e1s tarde ser transferida a los gr\u00e1nulos que forman los asteroides, de los cuales provienen los meteoritos. \u00abSabemos que un amplio repertorio de mol\u00e9culas prebi\u00f3ticas podr\u00eda haber llegado a la Tierra primitiva a trav\u00e9s del bombardeo de cometas y meteoritos\u201d, se\u00f1ala Izaskun Jim\u00e9nez-Serra, investigadora del CAB y coautora del estudio. \u201cEstimamos que alrededor de mil billones (\u00a1un 1 seguido de 15 ceros!) de litros de etanolamina podr\u00edan haber sido transferidos a la Tierra primitiva a trav\u00e9s de impactos meteor\u00edticos. Esto equivale al volumen total del lago Victoria, el m\u00e1s grande de \u00c1frica por \u00e1rea\u00bb, a\u00f1ade Jim\u00e9nez-Serra.<\/p>\n<p>Los experimentos que simulan las condiciones qu\u00edmicas en la Tierra primitiva confirman que la etanolamina podr\u00eda haber colaborado en la producci\u00f3n de los fosfol\u00edpidos m\u00e1s simples en esas \u00e9pocas tempranas de nuestro planeta. Para Carlos Briones, investigador del CAB en bioqu\u00edmica y biolog\u00eda molecular, y coautor del estudio, \u00abLa disponibilidad de etanolamina en la Tierra primitiva, junto con glicerol, grupos fosfato y \u00e1cidos o alcoholes grasos, pudo haber contribuido a la evoluci\u00f3n de las membranas celulares primitivas. Esto tiene importantes implicaciones no s\u00f3lo para el estudio del origen de la vida en la Tierra, sino tambi\u00e9n en otros planetas y sat\u00e9lites habitables dentro del Sistema Solar o en cualquier parte del Universo\u00bb.<\/p>\n<p>El descubrimiento de la etanolamina viene a sumarse a las importantes contribuciones que ha hecho el CAB en el campo de la qu\u00edmica en el medio interestelar, incluyendo las primeras detecciones en el espacio de otras mol\u00e9culas de gran inter\u00e9s astrobiol\u00f3gico, como la hidroxilamina o el \u00e1cido tiof\u00f3rmico. Es destacable que Briones y Jim\u00e9nez-Serra, coautores del presente trabajo, coordinan el Reto de Investigaci\u00f3n \u201cThe origins of life: from chemistry to biology\u201d dentro de la Tem\u00e1tica Estrat\u00e9gica \u201cOrigins, (co)evolution, diversity and synthesis of life\u201d en los Libros Blancos del CSIC 2030.<\/p>\n<p>La b\u00fasqueda en el medio interestelar de mol\u00e9culas precursoras de la qu\u00edmica prebi\u00f3tica continuar\u00e1 en los pr\u00f3ximos a\u00f1os. \u00abGracias a la mejora de la sensibilidad de los radiotelescopios actuales y los de pr\u00f3xima generaci\u00f3n, seremos capaces de detectar en el espacio mol\u00e9culas cada vez m\u00e1s complejas y que pudieron dar lugar a los tres componentes moleculares b\u00e1sicos de la vida: los l\u00edpidos (que forman las membranas), los \u00e1cidos nucleicos ARN y ADN (que contienen y transmiten la informaci\u00f3n gen\u00e9tica), y las prote\u00ednas (que se encargan de la actividad metab\u00f3lica)\u00bb, se\u00f1ala Rivilla. \u00abComprender c\u00f3mo se forman estas semillas prebi\u00f3ticas en el espacio podr\u00eda ser clave para entender el origen de la vida\u00bb, concluye Rivilla.<\/p>","protected":false},"excerpt":{"rendered":"<p>Un equipo cient\u00edfico internacional liderado por el Centro de Astrobiolog\u00eda (CAB, CSIC-INTA) de Espa\u00f1a ha detectado por vez primera etanolamina en el espacio interestelar.<\/p>","protected":false},"author":1,"featured_media":202,"comment_status":"open","ping_status":"open","sticky":false,"template":"","format":"standard","meta":{"footnotes":""},"categories":[7,39],"tags":[],"class_list":{"0":"post-201","1":"post","2":"type-post","3":"status-publish","4":"format-standard","5":"has-post-thumbnail","7":"category-ciencias","8":"category-universo"},"yoast_head":"<!-- This site is optimized with the Yoast SEO plugin v26.2 - https:\/\/yoast.com\/wordpress\/plugins\/seo\/ -->\n<title>Descubierta en el Espacio Etanolamina, Mol\u00e9cula Clave en el Origen de la Vida - Tiempo de Tormentas<\/title>\n<meta name=\"robots\" content=\"index, follow, max-snippet:-1, max-image-preview:large, max-video-preview:-1\" \/>\n<link rel=\"canonical\" href=\"https:\/\/tiempodetormentas.com\/en\/ciencias\/universo\/descubierta-en-el-espacio-etanolamina-molecula-clave-en-el-origen-de-la-vida\/\" \/>\n<meta property=\"og:locale\" content=\"en_GB\" \/>\n<meta property=\"og:type\" content=\"article\" \/>\n<meta property=\"og:title\" content=\"Descubierta en el Espacio Etanolamina, Mol\u00e9cula Clave en el Origen de la Vida - Tiempo de Tormentas\" \/>\n<meta property=\"og:description\" content=\"Un equipo cient\u00edfico internacional liderado por el Centro de Astrobiolog\u00eda (CAB, CSIC-INTA) de Espa\u00f1a ha detectado por vez primera etanolamina en el espacio interestelar.\" \/>\n<meta property=\"og:url\" content=\"https:\/\/tiempodetormentas.com\/en\/ciencias\/universo\/descubierta-en-el-espacio-etanolamina-molecula-clave-en-el-origen-de-la-vida\/\" \/>\n<meta property=\"og:site_name\" content=\"Tiempo de Tormentas\" \/>\n<meta property=\"article:published_time\" content=\"2022-02-04T11:36:38+00:00\" \/>\n<meta property=\"article:modified_time\" content=\"2023-12-13T22:19:18+00:00\" \/>\n<meta property=\"og:image\" content=\"https:\/\/tiempodetormentas.com\/wp-content\/uploads\/2022\/02\/etanolamina.jpg\" \/>\n\t<meta property=\"og:image:width\" content=\"425\" \/>\n\t<meta property=\"og:image:height\" content=\"239\" \/>\n\t<meta property=\"og:image:type\" content=\"image\/jpeg\" \/>\n<meta name=\"author\" content=\"Ray Lorens\" \/>\n<meta name=\"twitter:card\" content=\"summary_large_image\" \/>\n<meta name=\"twitter:label1\" content=\"Written by\" \/>\n\t<meta name=\"twitter:data1\" content=\"Ray Lorens\" \/>\n\t<meta name=\"twitter:label2\" content=\"Estimated reading time\" \/>\n\t<meta name=\"twitter:data2\" content=\"4 minutes\" \/>\n<script type=\"application\/ld+json\" class=\"yoast-schema-graph\">{\"@context\":\"https:\/\/schema.org\",\"@graph\":[{\"@type\":\"Article\",\"@id\":\"https:\/\/tiempodetormentas.com\/ciencias\/universo\/descubierta-en-el-espacio-etanolamina-molecula-clave-en-el-origen-de-la-vida\/#article\",\"isPartOf\":{\"@id\":\"https:\/\/tiempodetormentas.com\/ciencias\/universo\/descubierta-en-el-espacio-etanolamina-molecula-clave-en-el-origen-de-la-vida\/\"},\"author\":{\"name\":\"Ray Lorens\",\"@id\":\"https:\/\/tiempodetormentas.com\/#\/schema\/person\/7e59b0ab3f525f413b127a9f2727eee7\"},\"headline\":\"Descubierta en el Espacio Etanolamina, Mol\u00e9cula Clave en el Origen de la Vida\",\"datePublished\":\"2022-02-04T11:36:38+00:00\",\"dateModified\":\"2023-12-13T22:19:18+00:00\",\"mainEntityOfPage\":{\"@id\":\"https:\/\/tiempodetormentas.com\/ciencias\/universo\/descubierta-en-el-espacio-etanolamina-molecula-clave-en-el-origen-de-la-vida\/\"},\"wordCount\":915,\"commentCount\":0,\"publisher\":{\"@id\":\"https:\/\/tiempodetormentas.com\/#organization\"},\"image\":{\"@id\":\"https:\/\/tiempodetormentas.com\/ciencias\/universo\/descubierta-en-el-espacio-etanolamina-molecula-clave-en-el-origen-de-la-vida\/#primaryimage\"},\"thumbnailUrl\":\"https:\/\/tiempodetormentas.com\/wp-content\/uploads\/2022\/02\/etanolamina.jpg\",\"articleSection\":[\"Ciencias\",\"Universo\"],\"inLanguage\":\"en-GB\",\"potentialAction\":[{\"@type\":\"CommentAction\",\"name\":\"Comment\",\"target\":[\"https:\/\/tiempodetormentas.com\/ciencias\/universo\/descubierta-en-el-espacio-etanolamina-molecula-clave-en-el-origen-de-la-vida\/#respond\"]}]},{\"@type\":\"WebPage\",\"@id\":\"https:\/\/tiempodetormentas.com\/ciencias\/universo\/descubierta-en-el-espacio-etanolamina-molecula-clave-en-el-origen-de-la-vida\/\",\"url\":\"https:\/\/tiempodetormentas.com\/ciencias\/universo\/descubierta-en-el-espacio-etanolamina-molecula-clave-en-el-origen-de-la-vida\/\",\"name\":\"Descubierta en el Espacio Etanolamina, Mol\u00e9cula Clave en el Origen de la Vida - Tiempo de Tormentas\",\"isPartOf\":{\"@id\":\"https:\/\/tiempodetormentas.com\/#website\"},\"primaryImageOfPage\":{\"@id\":\"https:\/\/tiempodetormentas.com\/ciencias\/universo\/descubierta-en-el-espacio-etanolamina-molecula-clave-en-el-origen-de-la-vida\/#primaryimage\"},\"image\":{\"@id\":\"https:\/\/tiempodetormentas.com\/ciencias\/universo\/descubierta-en-el-espacio-etanolamina-molecula-clave-en-el-origen-de-la-vida\/#primaryimage\"},\"thumbnailUrl\":\"https:\/\/tiempodetormentas.com\/wp-content\/uploads\/2022\/02\/etanolamina.jpg\",\"datePublished\":\"2022-02-04T11:36:38+00:00\",\"dateModified\":\"2023-12-13T22:19:18+00:00\",\"breadcrumb\":{\"@id\":\"https:\/\/tiempodetormentas.com\/ciencias\/universo\/descubierta-en-el-espacio-etanolamina-molecula-clave-en-el-origen-de-la-vida\/#breadcrumb\"},\"inLanguage\":\"en-GB\",\"potentialAction\":[{\"@type\":\"ReadAction\",\"target\":[\"https:\/\/tiempodetormentas.com\/ciencias\/universo\/descubierta-en-el-espacio-etanolamina-molecula-clave-en-el-origen-de-la-vida\/\"]}]},{\"@type\":\"ImageObject\",\"inLanguage\":\"en-GB\",\"@id\":\"https:\/\/tiempodetormentas.com\/ciencias\/universo\/descubierta-en-el-espacio-etanolamina-molecula-clave-en-el-origen-de-la-vida\/#primaryimage\",\"url\":\"https:\/\/tiempodetormentas.com\/wp-content\/uploads\/2022\/02\/etanolamina.jpg\",\"contentUrl\":\"https:\/\/tiempodetormentas.com\/wp-content\/uploads\/2022\/02\/etanolamina.jpg\",\"width\":425,\"height\":239},{\"@type\":\"BreadcrumbList\",\"@id\":\"https:\/\/tiempodetormentas.com\/ciencias\/universo\/descubierta-en-el-espacio-etanolamina-molecula-clave-en-el-origen-de-la-vida\/#breadcrumb\",\"itemListElement\":[{\"@type\":\"ListItem\",\"position\":1,\"name\":\"Portada\",\"item\":\"https:\/\/tiempodetormentas.com\/\"},{\"@type\":\"ListItem\",\"position\":2,\"name\":\"Descubierta en el Espacio Etanolamina, Mol\u00e9cula Clave en el Origen de la Vida\"}]},{\"@type\":\"WebSite\",\"@id\":\"https:\/\/tiempodetormentas.com\/#website\",\"url\":\"https:\/\/tiempodetormentas.com\/\",\"name\":\"Tiempo de Tormentas\",\"description\":\"Edita el club de la bruma\",\"publisher\":{\"@id\":\"https:\/\/tiempodetormentas.com\/#organization\"},\"potentialAction\":[{\"@type\":\"SearchAction\",\"target\":{\"@type\":\"EntryPoint\",\"urlTemplate\":\"https:\/\/tiempodetormentas.com\/?s={search_term_string}\"},\"query-input\":{\"@type\":\"PropertyValueSpecification\",\"valueRequired\":true,\"valueName\":\"search_term_string\"}}],\"inLanguage\":\"en-GB\"},{\"@type\":\"Organization\",\"@id\":\"https:\/\/tiempodetormentas.com\/#organization\",\"name\":\"Tiempo de Tormentas\",\"url\":\"https:\/\/tiempodetormentas.com\/\",\"logo\":{\"@type\":\"ImageObject\",\"inLanguage\":\"en-GB\",\"@id\":\"https:\/\/tiempodetormentas.com\/#\/schema\/logo\/image\/\",\"url\":\"https:\/\/tiempodetormentas.com\/wp-content\/uploads\/2022\/01\/tiempo-de-tormentas.png\",\"contentUrl\":\"https:\/\/tiempodetormentas.com\/wp-content\/uploads\/2022\/01\/tiempo-de-tormentas.png\",\"width\":448,\"height\":121,\"caption\":\"Tiempo de Tormentas\"},\"image\":{\"@id\":\"https:\/\/tiempodetormentas.com\/#\/schema\/logo\/image\/\"}},{\"@type\":\"Person\",\"@id\":\"https:\/\/tiempodetormentas.com\/#\/schema\/person\/7e59b0ab3f525f413b127a9f2727eee7\",\"name\":\"Ray Lorens\",\"image\":{\"@type\":\"ImageObject\",\"inLanguage\":\"en-GB\",\"@id\":\"https:\/\/tiempodetormentas.com\/#\/schema\/person\/image\/\",\"url\":\"https:\/\/secure.gravatar.com\/avatar\/455622daf1ca0bf2f3b43adae4fc14ec90d08bdcfdbfc9c5f24527bb1d711a5a?s=96&d=mm&r=g\",\"contentUrl\":\"https:\/\/secure.gravatar.com\/avatar\/455622daf1ca0bf2f3b43adae4fc14ec90d08bdcfdbfc9c5f24527bb1d711a5a?s=96&d=mm&r=g\",\"caption\":\"Ray Lorens\"},\"description\":\"cineasta, escritor, periodista\",\"sameAs\":[\"https:\/\/tiempodetormentas.com\"],\"url\":\"https:\/\/tiempodetormentas.com\/en\/author\/ray\/\"}]}<\/script>\n<!-- \/ Yoast SEO plugin. -->","yoast_head_json":{"title":"Descubierta en el Espacio Etanolamina, Mol\u00e9cula Clave en el Origen de la Vida - Tiempo de Tormentas","robots":{"index":"index","follow":"follow","max-snippet":"max-snippet:-1","max-image-preview":"max-image-preview:large","max-video-preview":"max-video-preview:-1"},"canonical":"https:\/\/tiempodetormentas.com\/en\/ciencias\/universo\/descubierta-en-el-espacio-etanolamina-molecula-clave-en-el-origen-de-la-vida\/","og_locale":"en_GB","og_type":"article","og_title":"Descubierta en el Espacio Etanolamina, Mol\u00e9cula Clave en el Origen de la Vida - Tiempo de Tormentas","og_description":"Un equipo cient\u00edfico internacional liderado por el Centro de Astrobiolog\u00eda (CAB, CSIC-INTA) de Espa\u00f1a ha detectado por vez primera etanolamina en el espacio interestelar.","og_url":"https:\/\/tiempodetormentas.com\/en\/ciencias\/universo\/descubierta-en-el-espacio-etanolamina-molecula-clave-en-el-origen-de-la-vida\/","og_site_name":"Tiempo de Tormentas","article_published_time":"2022-02-04T11:36:38+00:00","article_modified_time":"2023-12-13T22:19:18+00:00","og_image":[{"width":425,"height":239,"url":"https:\/\/tiempodetormentas.com\/wp-content\/uploads\/2022\/02\/etanolamina.jpg","type":"image\/jpeg"}],"author":"Ray Lorens","twitter_card":"summary_large_image","twitter_misc":{"Written by":"Ray Lorens","Estimated reading time":"4 minutes"},"schema":{"@context":"https:\/\/schema.org","@graph":[{"@type":"Article","@id":"https:\/\/tiempodetormentas.com\/ciencias\/universo\/descubierta-en-el-espacio-etanolamina-molecula-clave-en-el-origen-de-la-vida\/#article","isPartOf":{"@id":"https:\/\/tiempodetormentas.com\/ciencias\/universo\/descubierta-en-el-espacio-etanolamina-molecula-clave-en-el-origen-de-la-vida\/"},"author":{"name":"Ray Lorens","@id":"https:\/\/tiempodetormentas.com\/#\/schema\/person\/7e59b0ab3f525f413b127a9f2727eee7"},"headline":"Descubierta en el Espacio Etanolamina, Mol\u00e9cula Clave en el Origen de la Vida","datePublished":"2022-02-04T11:36:38+00:00","dateModified":"2023-12-13T22:19:18+00:00","mainEntityOfPage":{"@id":"https:\/\/tiempodetormentas.com\/ciencias\/universo\/descubierta-en-el-espacio-etanolamina-molecula-clave-en-el-origen-de-la-vida\/"},"wordCount":915,"commentCount":0,"publisher":{"@id":"https:\/\/tiempodetormentas.com\/#organization"},"image":{"@id":"https:\/\/tiempodetormentas.com\/ciencias\/universo\/descubierta-en-el-espacio-etanolamina-molecula-clave-en-el-origen-de-la-vida\/#primaryimage"},"thumbnailUrl":"https:\/\/tiempodetormentas.com\/wp-content\/uploads\/2022\/02\/etanolamina.jpg","articleSection":["Ciencias","Universo"],"inLanguage":"en-GB","potentialAction":[{"@type":"CommentAction","name":"Comment","target":["https:\/\/tiempodetormentas.com\/ciencias\/universo\/descubierta-en-el-espacio-etanolamina-molecula-clave-en-el-origen-de-la-vida\/#respond"]}]},{"@type":"WebPage","@id":"https:\/\/tiempodetormentas.com\/ciencias\/universo\/descubierta-en-el-espacio-etanolamina-molecula-clave-en-el-origen-de-la-vida\/","url":"https:\/\/tiempodetormentas.com\/ciencias\/universo\/descubierta-en-el-espacio-etanolamina-molecula-clave-en-el-origen-de-la-vida\/","name":"Descubierta en el Espacio Etanolamina, Mol\u00e9cula Clave en el Origen de la Vida - Tiempo de Tormentas","isPartOf":{"@id":"https:\/\/tiempodetormentas.com\/#website"},"primaryImageOfPage":{"@id":"https:\/\/tiempodetormentas.com\/ciencias\/universo\/descubierta-en-el-espacio-etanolamina-molecula-clave-en-el-origen-de-la-vida\/#primaryimage"},"image":{"@id":"https:\/\/tiempodetormentas.com\/ciencias\/universo\/descubierta-en-el-espacio-etanolamina-molecula-clave-en-el-origen-de-la-vida\/#primaryimage"},"thumbnailUrl":"https:\/\/tiempodetormentas.com\/wp-content\/uploads\/2022\/02\/etanolamina.jpg","datePublished":"2022-02-04T11:36:38+00:00","dateModified":"2023-12-13T22:19:18+00:00","breadcrumb":{"@id":"https:\/\/tiempodetormentas.com\/ciencias\/universo\/descubierta-en-el-espacio-etanolamina-molecula-clave-en-el-origen-de-la-vida\/#breadcrumb"},"inLanguage":"en-GB","potentialAction":[{"@type":"ReadAction","target":["https:\/\/tiempodetormentas.com\/ciencias\/universo\/descubierta-en-el-espacio-etanolamina-molecula-clave-en-el-origen-de-la-vida\/"]}]},{"@type":"ImageObject","inLanguage":"en-GB","@id":"https:\/\/tiempodetormentas.com\/ciencias\/universo\/descubierta-en-el-espacio-etanolamina-molecula-clave-en-el-origen-de-la-vida\/#primaryimage","url":"https:\/\/tiempodetormentas.com\/wp-content\/uploads\/2022\/02\/etanolamina.jpg","contentUrl":"https:\/\/tiempodetormentas.com\/wp-content\/uploads\/2022\/02\/etanolamina.jpg","width":425,"height":239},{"@type":"BreadcrumbList","@id":"https:\/\/tiempodetormentas.com\/ciencias\/universo\/descubierta-en-el-espacio-etanolamina-molecula-clave-en-el-origen-de-la-vida\/#breadcrumb","itemListElement":[{"@type":"ListItem","position":1,"name":"Portada","item":"https:\/\/tiempodetormentas.com\/"},{"@type":"ListItem","position":2,"name":"Descubierta en el Espacio Etanolamina, Mol\u00e9cula Clave en el Origen de la Vida"}]},{"@type":"WebSite","@id":"https:\/\/tiempodetormentas.com\/#website","url":"https:\/\/tiempodetormentas.com\/","name":"Tiempo de Tormentas","description":"Edita el club de la bruma","publisher":{"@id":"https:\/\/tiempodetormentas.com\/#organization"},"potentialAction":[{"@type":"SearchAction","target":{"@type":"EntryPoint","urlTemplate":"https:\/\/tiempodetormentas.com\/?s={search_term_string}"},"query-input":{"@type":"PropertyValueSpecification","valueRequired":true,"valueName":"search_term_string"}}],"inLanguage":"en-GB"},{"@type":"Organization","@id":"https:\/\/tiempodetormentas.com\/#organization","name":"Tiempo de Tormentas","url":"https:\/\/tiempodetormentas.com\/","logo":{"@type":"ImageObject","inLanguage":"en-GB","@id":"https:\/\/tiempodetormentas.com\/#\/schema\/logo\/image\/","url":"https:\/\/tiempodetormentas.com\/wp-content\/uploads\/2022\/01\/tiempo-de-tormentas.png","contentUrl":"https:\/\/tiempodetormentas.com\/wp-content\/uploads\/2022\/01\/tiempo-de-tormentas.png","width":448,"height":121,"caption":"Tiempo de Tormentas"},"image":{"@id":"https:\/\/tiempodetormentas.com\/#\/schema\/logo\/image\/"}},{"@type":"Person","@id":"https:\/\/tiempodetormentas.com\/#\/schema\/person\/7e59b0ab3f525f413b127a9f2727eee7","name":"Ray Lorens","image":{"@type":"ImageObject","inLanguage":"en-GB","@id":"https:\/\/tiempodetormentas.com\/#\/schema\/person\/image\/","url":"https:\/\/secure.gravatar.com\/avatar\/455622daf1ca0bf2f3b43adae4fc14ec90d08bdcfdbfc9c5f24527bb1d711a5a?s=96&d=mm&r=g","contentUrl":"https:\/\/secure.gravatar.com\/avatar\/455622daf1ca0bf2f3b43adae4fc14ec90d08bdcfdbfc9c5f24527bb1d711a5a?s=96&d=mm&r=g","caption":"Ray Lorens"},"description":"cineasta, escritor, periodista","sameAs":["https:\/\/tiempodetormentas.com"],"url":"https:\/\/tiempodetormentas.com\/en\/author\/ray\/"}]}},"_links":{"self":[{"href":"https:\/\/tiempodetormentas.com\/en\/wp-json\/wp\/v2\/posts\/201","targetHints":{"allow":["GET"]}}],"collection":[{"href":"https:\/\/tiempodetormentas.com\/en\/wp-json\/wp\/v2\/posts"}],"about":[{"href":"https:\/\/tiempodetormentas.com\/en\/wp-json\/wp\/v2\/types\/post"}],"author":[{"embeddable":true,"href":"https:\/\/tiempodetormentas.com\/en\/wp-json\/wp\/v2\/users\/1"}],"replies":[{"embeddable":true,"href":"https:\/\/tiempodetormentas.com\/en\/wp-json\/wp\/v2\/comments?post=201"}],"version-history":[{"count":2,"href":"https:\/\/tiempodetormentas.com\/en\/wp-json\/wp\/v2\/posts\/201\/revisions"}],"predecessor-version":[{"id":240,"href":"https:\/\/tiempodetormentas.com\/en\/wp-json\/wp\/v2\/posts\/201\/revisions\/240"}],"wp:featuredmedia":[{"embeddable":true,"href":"https:\/\/tiempodetormentas.com\/en\/wp-json\/wp\/v2\/media\/202"}],"wp:attachment":[{"href":"https:\/\/tiempodetormentas.com\/en\/wp-json\/wp\/v2\/media?parent=201"}],"wp:term":[{"taxonomy":"category","embeddable":true,"href":"https:\/\/tiempodetormentas.com\/en\/wp-json\/wp\/v2\/categories?post=201"},{"taxonomy":"post_tag","embeddable":true,"href":"https:\/\/tiempodetormentas.com\/en\/wp-json\/wp\/v2\/tags?post=201"}],"curies":[{"name":"wp","href":"https:\/\/api.w.org\/{rel}","templated":true}]}}