{"id":1906,"date":"2025-02-17T00:38:46","date_gmt":"2025-02-17T00:38:46","guid":{"rendered":"https:\/\/tiempodetormentas.com\/?p=1906"},"modified":"2025-02-17T04:36:11","modified_gmt":"2025-02-17T04:36:11","slug":"reino-unido-y-ee-uu-en-busca-de-la-destruccion-de-la-u-e","status":"publish","type":"post","link":"https:\/\/tiempodetormentas.com\/en\/humanidad\/reino-unido-y-ee-uu-en-busca-de-la-destruccion-de-la-u-e\/","title":{"rendered":"Reino Unido y  EE.UU: La historia de nuestros malos vecinos"},"content":{"rendered":"<h1><strong>Reino Unido y EE.UU: nuestros malos vecinos<\/strong><\/h1>\n<h1><strong><img decoding=\"async\" src=\"https:\/\/ichef.bbci.co.uk\/ace\/ws\/640\/cpsprodpb\/14EDB\/production\/_93832758_gettyimages-2628488.jpg.webp\" alt=\"Ronald Reagan y Margaret Thatcher.\" \/><\/strong><\/h1>\n<h6><em>Foto: Margaret Thatcher lleg\u00f3 a decir que Ronald Reagan era el segundo hombre m\u00e1s importante de su vida, despu\u00e9s de su esposo.<\/em><\/h6>\n<p>&nbsp;<\/p>\n<p>No es una novedad, salvo para la gente con miop\u00eda, que los Estados Unidos de Am\u00e9rica nunca vieron con buenos ojos el proyecto de integraci\u00f3n pol\u00edtica de Europa. Ellos comparten la misma doctrina que los ingleses: \u00abEuropa abajo, Rusia fuera y el Imperio Arriba\u00bb. Este \u00e1nimo pol\u00edtico viene de lejos, no hay nada m\u00e1s que recordar las teor\u00edas del Heartland de Mackinder, el ge\u00f3grafo brit\u00e1nico, en 1904.<\/p>\n<p>Durante la presidencia de <strong>Jacques Delors<\/strong>, que escribi\u00f3 \u00bb Europa nacer\u00e1 en las calles , lejos de los palacios, o no nacer\u00e1\u00bb, se intensificaron las pesadillas con el mal amigo dentro: Reino Unido.<\/p>\n<p>Hubo un tiempo que la U.E aspiraba no s\u00f3lo a una moneda \u00fanica, a la libre circulaci\u00f3n y residencia de ciudadanos europeos en la U.E y abolici\u00f3n de fronteras interiores. La U.E tambi\u00e9n impuls\u00f3 la idea de elegir una presidencia de la Uni\u00f3n directamente por la ciudadan\u00eda a trav\u00e9s de las urnas y el voto secreto, hacer una diplomacia y consulados conjuntos de todos los estados miembros fuera de la U.E que representara por igual a todos los ciudadanos de la U.E y, por supuesto, crear un ej\u00e9rcito netamente europeo &#8211; sin presencia de los Estados Unidos- as\u00ed como un parlamento de Europa dotado de poder legislativo. Tales propuestas pretend\u00edan alcanzar la construcci\u00f3n de la Europa federal.<\/p>\n<p>Haciendo un poco de memoria, podemos recordar que cuando Inglaterra pretendi\u00f3 entrar en la entonces Comunidad Econ\u00f3mica Europea el general Charles de Gaulle puso como condici\u00f3n que Inglaterra abandonara el \u00bb Tratado de\u00a0 Relaci\u00f3n Especial\u00bb con los norteamericanos. Inglaterra no acept\u00f3 y De Gaulle se opuso a su ingreso.<\/p>\n<div class=\"bbc-19j92fr ebmt73l0\" dir=\"ltr\">\n<p class=\"bbc-hhl7in e17g058b0\" dir=\"ltr\">La referencia a ese v\u00ednculo particular entre EE.UU. y Reino Unido fue acu\u00f1ada por\u00a0<b>el primer ministro brit\u00e1nico, Winston Churchill<\/b><b>,\u00a0<\/b>en 1946 en un discurso que pronunci\u00f3 en Fulton, Misuri.<\/p>\n<\/div>\n<div class=\"bbc-19j92fr ebmt73l0\" dir=\"ltr\">\n<p class=\"bbc-hhl7in e17g058b0\" dir=\"ltr\">All\u00ed, hizo un llamado a \u00abuna relaci\u00f3n especial\u00bb entre ambas naciones que, seg\u00fan asegur\u00f3, pod\u00edan \u00abtrabajar juntas en las tareas comunes como amigos y socios\u00bb.<\/p>\n<p class=\"bbc-hhl7in e17g058b0\" dir=\"ltr\"><img decoding=\"async\" src=\"https:\/\/ichef.bbci.co.uk\/ace\/ws\/640\/cpsprodpb\/647B\/production\/_93832752_gettyimages-88187943.jpg.webp\" alt=\"Franklin Delano Roosevelt y Winston Churchill.\" \/><\/p>\n<\/div>\n<p><em>Foto: Franklin. D. Roosevelt y Winston Churchill\u00a0<\/em><\/p>\n<p>As\u00ed llevan llamando los ingleses y los americanos a la relaci\u00f3n entre ambos pa\u00edses desde que en\u00a0<strong>1946<\/strong>\u00a0el primer ministro\u00a0<strong>Winston Churchill\u00a0<\/strong>la calificara as\u00ed tras el \u00e9xito de la alianza en la Segunda Guerra Mundial. Y as\u00ed ha seguido siendo durante d\u00e9cadas hasta el momento.Estados Unidos es el mayor socio comercial de Gran Breta\u00f1a y este es el s\u00e9ptimo para los americanos. Los dos pa\u00edses presumen de super\u00e1vit en las balanzas comerciales entre ambos. Pero la relaci\u00f3n tambi\u00e9n ha sido muy especial fuera del terreno econ\u00f3mico.<\/p>\n<div class=\"bbc-19j92fr ebmt73l0\" dir=\"ltr\">\n<p class=\"bbc-hhl7in e17g058b0\" dir=\"ltr\"><b>Ambos firmaron en 1941 un documento que se conoce como la \u00abCarta del Atl\u00e1ntico\u00bb, en la que fijaron algunos principios comunes de cara a la posguerra y\u00a0<\/b><b>en el que se compromet\u00edan\u00a0<\/b><b>a la derrota total de los nazis.<\/b><\/p>\n<\/div>\n<div class=\"bbc-19j92fr ebmt73l0\" dir=\"ltr\">\n<p class=\"bbc-hhl7in e17g058b0\" dir=\"ltr\">En los a\u00f1os siguientes, hasta el final de la guerra, Churchill sigui\u00f3 trabajando con Roosevelt y, luego, con Harry Truman dando forma al nuevo sistema internacional y en la creaci\u00f3n del sistema de Naciones Unidas.<\/p>\n<\/div>\n<p>En lo militar\u00a0<strong>Reino Unido y Estados Unidos han luchado mano a mano en cas\u00ed todos los conflictos<\/strong> (incluidas las guerras mundiales y los conflictos en Kuwait, Irak o Afganist\u00e1n, Yugoslavia, Ucrania, Siria), y en materia de inteligencia ambos entran dentro del tratado de los <strong>\u2018Cinco Ojos\u2019<\/strong>, que unen los potentes equipos de espionaje americanos y el capital humano de las investigaciones brit\u00e1nicas.<\/p>\n<p><strong>EL ENEMIGO EN CASA : EL REINO UNIDO CABALLO DE TROYA<\/strong><\/p>\n<h4 style=\"clear: both;\"><span style=\"color: #000000;\">Las relaciones\u00a0 del Reino Unido con Europa se remontan a la fundaci\u00f3n de la <a style=\"color: #000000;\" title=\"Comunidad Econ\u00f3mica Europea\" href=\"https:\/\/es.wikipedia.org\/wiki\/Comunidad_Econ%C3%B3mica_Europea\">Comunidad Econ\u00f3mica Europea<\/a> en 1957.<\/span><\/h4>\n<h4 style=\"clear: both;\"><span style=\"color: #000000;\">En Agosto de 1961 el entonces primer ministro conservador brit\u00e1nico Harold Macmillan presenta la candidatura del pa\u00eds para entrar en la CEE.<\/span><\/h4>\n<h4 style=\"clear: both;\"><span style=\"color: #000000;\">Las solicitudes del Reino Unido para unirse en 1963 y 1967 fueron vetadas por el presidente de Francia, Charles de Gaulle, quien dijo que \u00abvarios aspectos de la econom\u00eda brit\u00e1nica, desde las pr\u00e1cticas laborales hasta la agricultura\u00bb hab\u00edan \u00abhecho a Gran Breta\u00f1a incompatible con Europa\u00bb y que Gran Breta\u00f1a albergaba una \u00abhostilidad profundamente arraigada\u00bb a cualquier proyecto paneuropeo.<\/span><\/h4>\n<h4 style=\"clear: both;\"><span style=\"color: #000000;\">Una vez que De Gaulle renunci\u00f3 a la presidencia francesa en 1969, el Reino Unido present\u00f3 una tercera y exitosa solicitud de membres\u00eda.<\/span><\/h4>\n<h4 class=\"paragraph\" data-gtm-element-container=\"modulo-texto-link\">El 1 de enero de 1973.- Reino Unido, junto con Dinamarca e Irlanda, ingresa en la UE.<\/h4>\n<h4>El 5 de junio de 1975 se convoca un refer\u00e9ndum para conocer la opini\u00f3n de los ciudadanos brit\u00e1nicos sobre la CEE, en el que gana el s\u00ed con un 67 % de los votos.<\/h4>\n<h4 class=\"paragraph\" data-gtm-element-container=\"modulo-texto-link\">En Julio de 1978.- Se acuerda crear un Sistema Monetario Europeo (SME), que entra en vigor en marzo de 1979 y del que el pa\u00eds insular rechaza formar parte.<\/h4>\n<h4 class=\"paragraph\" data-gtm-element-container=\"modulo-texto-link\">En Agosto de 1984 la primera ministra \u00abtory\u00bb Margaret Thatcher logra el llamado \u00abcheque brit\u00e1nico\u00bb, un acuerdo por el que el organismo europeo devuelve al pa\u00eds anualmente una parte de sus aportaciones. Thatcher alega la diferencia que hay entre lo que contribuye el pa\u00eds a los fondos de la CEE y lo que recibe a cambio.<\/h4>\n<h4 class=\"paragraph\" data-gtm-element-container=\"modulo-texto-link\">El 7 de febrero de 1992 los doce pa\u00edses miembros firman el Tratado de Maastricht, que incluye la Uni\u00f3n Econ\u00f3mica y Monetaria, y el Reino Unido se beneficia de una cl\u00e1usula de exenci\u00f3n que le permite quedarse fuera del euro.<\/h4>\n<h4 data-gtm-element-container=\"modulo-texto-link\">El 26 de marzo de 1995 entra en vigor el tratado de Schengen, que suprime las fronteras terrestres entre los pa\u00edses miembros, a excepci\u00f3n del Reino Unido e Irlanda que rechazan adscribirse.<\/h4>\n<h4 class=\"paragraph\" data-gtm-element-container=\"modulo-texto-link\">\u00a0El 1 de enero de 1993 entra en vigor el Mercado \u00danico Europeo, con libre circulaci\u00f3n de mercanc\u00edas, servicios y capitales.<\/h4>\n<h4 class=\"paragraph\" data-gtm-element-container=\"modulo-texto-link\">El 1 de noviembre de 1993 nace oficialmente la Uni\u00f3n Europea (UE) al entrar en vigor el Tratado de Maastricht.<\/h4>\n<h4 class=\"paragraph\" data-gtm-element-container=\"modulo-texto-link\">El 1 de enero de 2002 el euro entra en circulaci\u00f3n en 12 de los 15 pa\u00edses miembros, ya que el Reino Unido, Suecia y Dinamarca rechazan usar la moneda com\u00fan.<\/h4>\n<h3><strong>Torpedo bajo la l\u00ednea de flotaci\u00f3n del proyecto de una pol\u00edtica exterior europea: LA GUERRA DEL GOLFO<\/strong><\/h3>\n<p>Durante el 2010 Los Estados Unidos de Norteam\u00e9rica y el Reino Unido junto al Reino de Espa\u00f1a lanzan un torpedo definitivo al proyecto de una pol\u00edtica exterior de la U.E, rompiendo su unidad provocando la Guerra del Golfo.<\/p>\n<p><span style=\"color: #000000;\">La\u00a0<b>Cumbre de las Azores<\/b>\u00a0fue una reuni\u00f3n mantenida en la\u00a0<a style=\"color: #000000;\" title=\"Base a\u00e9rea de Lajes\" href=\"https:\/\/es.wikipedia.org\/wiki\/Base_a%C3%A9rea_de_Lajes\">base a\u00e9rea de Lajes<\/a>, en la\u00a0<a style=\"color: #000000;\" title=\"Isla Terceira\" href=\"https:\/\/es.wikipedia.org\/wiki\/Isla_Terceira\">Isla Terceira<\/a>\u00a0de las\u00a0<a class=\"mw-redirect\" style=\"color: #000000;\" title=\"Islas Azores\" href=\"https:\/\/es.wikipedia.org\/wiki\/Islas_Azores\">islas Azores<\/a>\u00a0el 16 de marzo de 2003<sup id=\"cite_ref-1\" class=\"reference separada\"><\/sup>\u200b por los jefes de gobierno de Estados Unidos (<a style=\"color: #000000;\" title=\"George W. Bush\" href=\"https:\/\/es.wikipedia.org\/wiki\/George_W._Bush\">George W. Bush<\/a>), Reino Unido (<a style=\"color: #000000;\" title=\"Tony Blair\" href=\"https:\/\/es.wikipedia.org\/wiki\/Tony_Blair\">Tony Blair<\/a>), Espa\u00f1a (<a style=\"color: #000000;\" title=\"Jos\u00e9 Mar\u00eda Aznar\" href=\"https:\/\/es.wikipedia.org\/wiki\/Jos%C3%A9_Mar%C3%ADa_Aznar\">Jos\u00e9 Mar\u00eda Aznar<\/a>) y Portugal (<a style=\"color: #000000;\" title=\"Jos\u00e9 Manuel Dur\u00e3o Barroso\" href=\"https:\/\/es.wikipedia.org\/wiki\/Jos%C3%A9_Manuel_Dur%C3%A3o_Barroso\">Jos\u00e9 Manuel Dur\u00e3o Barroso<\/a>) -quien ejerc\u00eda adem\u00e1s de anfitri\u00f3n- previa a la\u00a0<a style=\"color: #000000;\" title=\"Invasi\u00f3n de Irak de 2003\" href=\"https:\/\/es.wikipedia.org\/wiki\/Invasi%C3%B3n_de_Irak_de_2003\">Invasi\u00f3n de Irak el 20 de marzo de 2003<\/a>.<sup id=\"cite_ref-LaocupaciondeIraPaniagua_2-0\" class=\"reference separada\"><\/sup><\/span><\/p>\n<p><span style=\"color: #000000;\">Aparte del ultim\u00e1tum, la Cumbre de las Azores aprob\u00f3 una declaraci\u00f3n sobre la solidaridad transatl\u00e1ntica en la que los firmantes pretend\u00edan declarar sus puntos de vista particulares sobre los valores comunes a ambos lados del\u00a0<a style=\"color: #000000;\" title=\"Oc\u00e9ano Atl\u00e1ntico\" href=\"https:\/\/es.wikipedia.org\/wiki\/Oc%C3%A9ano_Atl%C3%A1ntico\">Atl\u00e1ntico<\/a>\u00a0de la\u00a0<a style=\"color: #000000;\" title=\"Democracia\" href=\"https:\/\/es.wikipedia.org\/wiki\/Democracia\">democracia<\/a>, la\u00a0<a style=\"color: #000000;\" title=\"Libertad\" href=\"https:\/\/es.wikipedia.org\/wiki\/Libertad\">libertad<\/a>\u00a0y el\u00a0<a style=\"color: #000000;\" title=\"\" href=\"https:\/\/es.wikipedia.org\/wiki\/Estado_de_derecho\">Estado de derecho<\/a>, y que juntos har\u00edan frente a las dos amenazas del siglo\u00a0xxi\u00a0el\u00a0<a style=\"color: #000000;\" title=\"Terrorismo\" href=\"https:\/\/es.wikipedia.org\/wiki\/Terrorismo\">terrorismo<\/a>\u00a0y la proliferaci\u00f3n de\u00a0<a style=\"color: #000000;\" title=\"Armas de destrucci\u00f3n masiva\" href=\"https:\/\/es.wikipedia.org\/wiki\/Armas_de_destrucci%C3%B3n_masiva\">armas de destrucci\u00f3n masiva<\/a>.<\/span><\/p>\n<p><span style=\"color: #000000;\">La Cumbre de las Azores es el preludio a la\u00a0<a style=\"color: #000000;\" title=\"Invasi\u00f3n de Irak de 2003\" href=\"https:\/\/es.wikipedia.org\/wiki\/Invasi%C3%B3n_de_Irak_de_2003\">Invasi\u00f3n de Irak de 2003<\/a>\u00a0y su posterior ocupaci\u00f3n y la prolongaci\u00f3n hasta el 19 de agosto de 2010 de la\u00a0<a style=\"color: #000000;\" title=\"Guerra de Irak\" href=\"https:\/\/es.wikipedia.org\/wiki\/Guerra_de_Irak\">Guerra de Irak<\/a>.<\/span><\/p>\n<p><span style=\"color: #000000;\">No se demostr\u00f3 la existencia de armas qu\u00edmicas (<a style=\"color: #000000;\" title=\"Armas de destrucci\u00f3n masiva\" href=\"https:\/\/es.wikipedia.org\/wiki\/Armas_de_destrucci%C3%B3n_masiva\">armas de destrucci\u00f3n masiva<\/a>) en\u00a0<a style=\"color: #000000;\" title=\"Irak\" href=\"https:\/\/es.wikipedia.org\/wiki\/Irak\">Irak<\/a>, principal argumento que se esgrimi\u00f3 para la declaraci\u00f3n de\u00a0<a class=\"mw-redirect\" style=\"color: #000000;\" title=\"Guerra de Iraq\" href=\"https:\/\/es.wikipedia.org\/wiki\/Guerra_de_Iraq\">guerra<\/a>.No ser\u00eda hasta 2015 cuando\u00a0<a style=\"color: #000000;\" title=\"Tony Blair\" href=\"https:\/\/es.wikipedia.org\/wiki\/Tony_Blair\">Tony Blair<\/a>\u00a0reconocer\u00eda que fue un error invadir Irak.<sup id=\"cite_ref-4\" class=\"reference separada\"><a style=\"color: #000000;\" href=\"https:\/\/es.wikipedia.org\/wiki\/Cumbre_de_las_Azores#cite_note-4\">4<\/a><\/sup>\u200b<\/span><\/p>\n<p>&nbsp;<\/p>\n<h4 class=\"paragraph\" data-gtm-element-container=\"modulo-texto-link\"><strong>El 29 de octubre de 2004 los Veinticinco firman en Roma el tratado que establece una Constituci\u00f3n para Europa.<\/strong><\/h4>\n<h4 class=\"paragraph\" data-gtm-element-container=\"modulo-texto-link\">El 29 de mayo de 2005\u00a0 el 54,67 % de los franceses rechaza la Constituci\u00f3n en refer\u00e9ndum, y el primero de junio de ese a\u00f1o el 61,5 % de los holandeses se pronuncia en el mismo sentido. Tras estos resultados, el Reino Unido cancela su refer\u00e9ndum.<\/h4>\n<h4 class=\"paragraph\" data-gtm-element-container=\"modulo-texto-link\">El 1 de diciembre de 2009\u00a0 entra en vigor el Tratado de Lisboa, por el que la UE tiene personalidad jur\u00eddica propia para firmar acuerdos internacionales a nivel comunitario.<\/h4>\n<h3><strong>SABOTAJE BRIT\u00c1NICO DEL PROYECTO DE UNA POL\u00cdTICA EXTERIOR EUROPEA<\/strong><\/h3>\n<h3><strong>Boicot brit\u00e1nico a crear embajadas de la U.E en terceros pa\u00edses<\/strong><\/h3>\n<h3><\/h3>\n<h4>El 26 de octubre del 2009 Los ministros de Exteriores de la UE aprobaron los principios del futuro Servicio Europeo de Acci\u00f3n Exterior (SEAE), un instrumento en torno al que se construir\u00e1 la diplomacia com\u00fan de la Uni\u00f3n. La aprobaci\u00f3n de los detalles concretos de su funcionamiento tuvieron lugar durante la Presidencia espa\u00f1ola de la UE al siguiente semestre. Este servicio era una de las grandes novedades del Tratado de Lisboa.<\/h4>\n<h4 class=\"article-body__text\">El Servicio se crear\u00eda a partir de diversos elementos ya existentes y, en primer lugar, absorber\u00eda las aproximadamente 130 representaciones exteriores que ya ten\u00eda la Comisi\u00f3n Europea (una especie de embajadas con personal comunitario en la mayor parte de pa\u00edses del mundo). Esas representaciones se convertir\u00e1n en el futuro en aut\u00e9nticas misiones diplom\u00e1ticas de la UE, con una dimensi\u00f3n mucho m\u00e1s pol\u00edtica.<\/h4>\n<h4 class=\"article-body__text\">Los Veintisiete tambi\u00e9n quisieron avanzar para que las oficinas diplom\u00e1ticas comunitarias se encargaran de cuestiones consulares, como expedici\u00f3n de visados o pasaportes, un punto al que se opuso frontalmente el Reino Unido, mientras que la idea ten\u00eda el apoyo de muchos pa\u00edses, especialmente los m\u00e1s peque\u00f1os.<\/h4>\n<h4><strong>BOICOT A LA CONSTRUCCI\u00d3N DE UNA ECONOM\u00cdA UNIDA<\/strong><\/h4>\n<p>En Diciembre de 2011 el Reino Unido es el \u00fanico pa\u00eds miembro que se opone al pacto europeo para reforzar la disciplina fiscal y atajar la crisis econ\u00f3mica.<\/p>\n<div class=\"article-modules\" data-mrf-recirculation=\"Enlaces en p\u00e1rrafos\">\n<p>El 2 de marzo de 2012 todos los pa\u00edses de la UE, menos el Reino Unido y la Rep\u00fablica Checa, firman el \u00abTratado para la Estabilidad, la Coordinaci\u00f3n y la Gobernanza en la Uni\u00f3n Econ\u00f3mica y Monetaria\u00bb, con lo que sellan su compromiso con la disciplina presupuestaria.El 23 de enero de 2013 el primer ministro brit\u00e1nico, David Cameron, anuncia que convocar\u00e1 un plebiscito sobre la permanencia del pa\u00eds en la UE si resulta reelegido en las elecciones generales de 2015.El 26 de mayo de 2014 el eur\u00f3fobo Partido para la Independencia de Reino Unido (UKIP) gana los comicios europeos con el 26,77 % de los votos.El 7 de mayo de 2015 el partido conservador de David Cameron gana las elecciones generales por mayor\u00eda absoluta al hacerse con 330 de los 650 esca\u00f1os de la C\u00e1mara de los Comunes del Parlamento de Westminster.El 20 febrero 2016 el Reino Unido acuerda una serie de reformas con la UE que entrar\u00e1n en vigor si el pa\u00eds contin\u00faa dentro del organismo continental. Tras el acuerdo, Cameron convoca para el 23 de junio el refer\u00e9ndum para decidir si el Reino Unido debe permanecer o salir de la UE. EFE<strong>OPOSICI\u00d3N FRONTAL BRIT\u00c1NICA AL EJ\u00c9RCITO EUROPEO Y DEFENSA A ULTRANZA DEL SOMETIMIENTO A LA OTAN DEL CONTINENTE Y SU MANDO AMERICANO<\/strong><\/p>\n<h4>El 26 de septiembre del 2016 \u00abEl Reino Unido se opondr\u00e1 a cualquier intento de crear un ej\u00e9rcito europeo\u00bb. As\u00ed lo ha dej\u00f3 claro el ministro de Defensa brit\u00e1nico, <strong>Michael Fallon<\/strong>, en la reuni\u00f3n con sus colegas comunitarios en Bratislava. Un encuentro cuya finalidad consist\u00eda en mejorar la cooperaci\u00f3n y coordinaci\u00f3n militar entre los Estados miembros.<\/h4>\n<h4>Para <strong>Fallon<\/strong>, la OTAN tiene que seguir siendo la piedra angular de la defensa del Viejo Continente: \u201cEstamos de acuerdo en que Europa tiene que reforzarse ante los desaf\u00edos del terrorismo y de la migraci\u00f3n. Pero vamos a seguir oponi\u00e9ndonos a cualquier idea de un ej\u00e9rcito europeo o un cuartel general europeo que simplemente socava a la OTAN\u201d.<\/h4>\n<h4>La idea de que la UE crear\u00eda un Ej\u00e9rcito es una cuesti\u00f3n particularmente emotiva, de ah\u00ed su susceptibilidad a narrativas falsas: por un lado, est\u00e1n los\u00a0<strong>federalistas europeos<\/strong> que anhelan un Ej\u00e9rcito europeo plenamente integrado, mientras que, por el otro, est\u00e1n los que creen que destruye la noci\u00f3n de independencia nacional.<\/h4>\n<h4>La idea de un Ej\u00e9rcito de la UE tiene en realidad alg\u00fan fundamento lejano:despu\u00e9s de la Segunda Guerra Mundial, en la d\u00e9cada de 1950,\u00a0<strong>hubo un intento de crear un Ej\u00e9rcito europeo, pero fracas\u00f3 . <\/strong>B\u00e9lgica, Alemania Occidental, Luxemburgo y los Pa\u00edses Bajos ratificaron el tratado de la Comunidad Europea de Defensa, que habr\u00eda creado un Ej\u00e9rcito supranacional, pero finalmente qued\u00f3 en el camino cuando\u00a0Francia\u00a0y m\u00e1s tarde\u00a0Italia abortaron el proceso por presiones norteamericanas.<\/h4>\n<h4>A d\u00eda de hoy, tal como est\u00e1n las cosas, <strong>las fuerzas europeas dentro de la OTAN s\u00f3lo pueden ser plenamente operativas con el apoyo de Estados Unidos pues dependen del Saceur: el llamado Comandante Supremo Aliado en Europa, que <span style=\"color: #000000;\"><a style=\"color: #000000;\" href=\"https:\/\/shape.nato.int\/saceur-2\">siempre es un general estadounidense\u00bb<\/a>.<\/span><\/strong><\/h4>\n<p><strong><span style=\"color: #000000;\"><img decoding=\"async\" src=\"https:\/\/shape.nato.int\/resources\/uploads\/11675\/gen-christopher-g-cavoli-qhI0p1.jpg\" alt=\"Wolters-wfTwV1\" \/><\/span><\/strong><\/p>\n<h2>Comandante supremo aliado en Europa<\/h2>\n<h6><em>General Christopher G. Cavoli<\/em><\/h6>\n<h6><em>El general Christopher G. Cavoli asumi\u00f3 sus funciones como comandante del Comando Europeo de EE. UU. el 1 de julio de 2022 y como comandante supremo aliado en Europa (SACEUR) el 4 de julio de 2022.<\/em><\/h6>\n<p>&nbsp;<\/p>\n<\/div>\n<h4>Durante estos a\u00f1os no s\u00f3lo han votado en contra de una moneda com\u00fan, el Euro, y se han opuesto a cualquier idea de dar paso hacia un mercado y una fiscalidad unida. Tambi\u00e9n en materia de derechos para la ciudadan\u00eda han saboteado cualquier propuesta federalizante de Europa.\u00a0 Entonces \u00bfpara qu\u00e9 estaba dentro de la U.E sino era para torpedear bajo su l\u00ednea de flotaci\u00f3n y con qu\u00e9 aliado contaban?<\/h4>\n<h4>El 26 de septiembre del 2016 \u00abEl Reino Unido se opondr\u00e1 a cualquier intento de crear un ej\u00e9rcito europeo\u00bb. As\u00ed lo ha dej\u00f3 claro el ministro de Defensa brit\u00e1nico, <strong>Michael Fallon<\/strong>, en la reuni\u00f3n con sus colegas comunitarios en Bratislava. Un encuentro cuya finalidad consist\u00eda en mejorar la cooperaci\u00f3n y coordinaci\u00f3n militar entre los Estados miembros.<\/h4>\n<h4>Para <strong>Fallon<\/strong>, la OTAN tiene que seguir siendo la piedra angular de la defensa del Viejo Continente: \u201cEstamos de acuerdo en que Europa tiene que reforzarse ante los desaf\u00edos del terrorismo y de la migraci\u00f3n. Pero vamos a seguir oponi\u00e9ndonos a cualquier idea de un ej\u00e9rcito europeo o un cuartel general europeo que simplemente socava a la OTAN\u201d.<\/h4>\n<p>&nbsp;<\/p>\n<p><strong>PRESIONES ANGLOAMERICANAS PARA LA AMPLIACI\u00d3N CONTRA LA PROFUNDIZACION EN LA CONSTRUCCI\u00d3N POL\u00cdTICA DE LA UNI\u00d3N<\/strong><\/p>\n<p>La ampliaci\u00f3n de la U.E por presiones de la alianza USA-UK se desarroll\u00f3 con el debate \u00abprofundizaci\u00f3n en la construcci\u00f3n de la Europa pol\u00edtica o ampliaci\u00f3n\u00bb. Inglaterra presion\u00f3 para admitir en la U.E a los pa\u00edses del Este de Europa, del reci\u00e9n derrumbado \u00abbloque socialista\u00bb y Estados Unidos presion\u00f3 , con el apoyo ingl\u00e9s al ingreso de Turqu\u00eda en la U.E.<\/p>\n<p>La UE que se ampli\u00f3 el 1 de mayo de 2004 no s\u00f3lo obtuvo un mayor n\u00famero de miembros, m\u00e1s de cuatro veces el de sus fundadores, sino que lo increment\u00f3 con dos m\u00e1s en el\u00a0 2007 y tres m\u00e1s pasado el\u00a0 final del decenio; estableciendo una institucionalidad renovada, centrada en el nuevo Tratado Constitucional -aprobado en junio de 2004 y cuyo proceso de ratificaci\u00f3n se extendi\u00f3 varios a\u00f1os- y en instituciones adicionales o radicalmente transformadas; definiendo un nuevo tipo de relaciones con sus nuevos vecinos en las fronteras oriental, suroriental y mediterr\u00e1nea; \u00a0acordando el establecimiento de l\u00edmites a lo que por decenios ha parecido un proceso abierto de ampliaciones sucesivas, y resolviendo\u00a0 la cuesti\u00f3n de Turqu\u00eda con un portazo.<\/p>\n<p>Estos pasos\u00a0 consiguieron el efecto deseado por el eje de la anglosfera: diluir\u00a0 el objetivo de la construcci\u00f3n de Europa como naci\u00f3n para volver a una mala reedici\u00f3n del Club de Naciones al abrir las puertas a una Europa Oriental sin vocaci\u00f3n europe\u00edsta alguna: nacionalista, ultraconservadora, abanderada de valores religiosos, hom\u00f3foba y marcadamente xen\u00f3foba.<\/p>\n<p>El divide y vencer\u00e1 de Julio C\u00e9sar puesto de nuevo en pr\u00e1ctica por el imperio del Washington y el Londres imperial.<\/p>\n<h1><strong>INTERMARUM: EL SUPOSITORIO EXPLOSIVO CONTRA LA U.E<\/strong><\/h1>\n<p>Cuando Margaret Thatcher se refer\u00eda a \u00ab<strong>una Commonwealth de pa\u00edses europeos\u00bb<\/strong> ten\u00eda claramente en mente a las naciones eslavas , neoconservadoras en lo pol\u00edtico y neoliberales en lo econ\u00f3mico, m\u00e1s fiel a Norteam\u00e9rica y el Reino Unido que a los valores Ilustrados de la Europa Occidental.\u00a0 Un muro de contenci\u00f3n para los rusos y un aut\u00e9ntico cortocircuito para sus relaciones econ\u00f3micas con los Occidentales europeos, evitando as\u00ed el crecimiento y desarrollo de una U.E federal que sea una competencia comercial y pol\u00edtica directa contra los intereses angloamericanos.<\/p>\n<p>El proyecto de Intermarun : una federaci\u00f3n europea s\u00f3lo de pa\u00edses eslavos que une tres mares: el mar del norte, el mediterr\u00e1neo y el mar negro, capitaneada por Polonia y s\u00fabdita absoluta de las tropas de ocupaci\u00f3n extranjera en Europa con sus 250 bases militares de la OTAN que realmente son yankees.<\/p>\n<p><img decoding=\"async\" src=\"https:\/\/www.dnevno.hr\/wp-content\/uploads\/2017\/07\/me%C4%91umorje2-800x478.jpg\" alt=\"INTERMARUM (2. dio): Na ovome se temelji 'Inicijativa triju mora' - Dnevno.hr\" \/><\/p>\n<h6><em>Foto: Mapa del proyecto de naci\u00f3n Intermarum, revivida por los neoconservadores para usarla como cintur\u00f3n de castidad contra la Europa Occidental y Rusia<\/em><\/h6>\n<p><strong>EL CONCEPTO DE INTERMARUM<\/strong><\/p>\n<p>Intermarium (Mi\u0119dzymorze en polaco) hunde sus ra\u00edces en la historia en la medieval uni\u00f3n pol\u00edtica de Polonia y Lituania. Ha sido un proyecto que aspiraba a desarrollar una federaci\u00f3n en el centro y el este de Europa, con Polonia como l\u00edder y mediador de las posibles disputas entre sus miembros. Se le conoce por su definici\u00f3n en lat\u00edn ya que pretend\u00eda asociar estados con costas en el mar b\u00e1ltico, mar adri\u00e1tico y mar negro.<img decoding=\"async\" src=\"https:\/\/cdn.labrujulaverde.com\/wp-content\/uploads\/2017\/06\/Jozef_Pilsudski1-2.jpg\" \/><\/p>\n<div class=\"wp-block-image size-full wp-image-33651\"><em><span style=\"color: #000000;\">Jozef Pilsudski \/ foto\u00a0<a style=\"color: #000000;\" href=\"https:\/\/commons.wikimedia.org\/wiki\/File:Jozef_Pilsudski1.jpg\">dominio p\u00fablico en Wikimedia Commons<\/a><\/span><\/em><\/div>\n<p>&nbsp;<\/p>\n<p>La\u00a0<em>Mi\u0119dzymorze<\/em>\u00a0no sal\u00eda de la nada; estaba basada en una instituci\u00f3n hist\u00f3rica que se desarroll\u00f3 entre los siglos XVI y XVIII uniendo al Reino de Polonia con el Gran Ducado de Lituania: la Rep\u00fablica de las Dos Naciones, fundada en 1569 por la llamada Uni\u00f3n de Lublin y que, en realidad, hund\u00eda sus ra\u00edces cronol\u00f3gicas mucho m\u00e1s atr\u00e1s, en la Baja Edad Media, como uni\u00f3n entre ambas ante la amenaza que constitu\u00eda el expansionismo de la Orden Teut\u00f3nica.<\/p>\n<p>Lo cierto es que polacos y lituanos manten\u00edan estrechos v\u00ednculos desde el a\u00f1o 1386, con la boda de la reina polaca Eduviges (Jadwiga) con el gran duque Vladislao (Jogaila), quien pas\u00f3 a ser llamado Vladislao II Jagellon. Aquella<\/p>\n<p>Lo propuso al final de la Primera Guerra Mundial el mariscal J\u00f3zef Pilsudski, art\u00edfice de la independencia de Polonia, primer ministro y posteriormente dictador. El concepto era el de una federaci\u00f3n de estados que integrase a Checoslovaquia, Ruman\u00eda, Hungr\u00eda, Yugoslavia, Bielorrusia, Ucrania, Finlandia, Lituania, Letonia y Estonia, aparte de la propia Polonia.<\/p>\n<p>Cuando Polonia, tras tres particiones volvi\u00f3 a aparecer en el mapa europeo tras la Primera Guerra Mundial, el l\u00edder polaco Josef Pilsudsky retom\u00f3 este proyecto con el objetivo principal de debilitar a Rusia y posteriormente a la Uni\u00f3n Sovi\u00e9tica, se llam\u00f3 <strong>proyecto Promete\u00edsta<\/strong>. El m\u00e9todo para conseguirlo consist\u00eda en fomentar el separatismo por motivos \u00e9tnicos, religiosos o regionalistas, que dieran lugar a nuevas naciones, pero lo suficientemente d\u00e9biles para no impedir la hegemon\u00eda de Polonia. Otro objetivo asociado, era separar a la Uni\u00f3n Sovi\u00e9tica, de Europa, especialmente de Alemania, otro rival de Polonia.Las pretensiones polacas tambi\u00e9n significaban un debilitamiento patente de Alemania, lo que pon\u00eda en peligro el pago de las indemnizaciones de guerra y adem\u00e1s alteraba el equilibrio de poder habitual en el continente. Pero es que los lituanos, que hab\u00edan obtenido la independencia en 1918, tampoco quer\u00edan arriesgarse a perderla, mientras que en Bielorrusia no hab\u00eda conciencia nacional, as\u00ed que Pilsudski se qued\u00f3 solo y perfilado ante todos como una especie de iluso que viv\u00eda en su propia burbuja.<\/p>\n<h6>Y aunque la guerra polaco-sovi\u00e9tica puso fin a la posibilidad de una\u00a0<em>Mi\u0119dzymorze<\/em>, su defensor a\u00fan insisti\u00f3 proponiendo una alianza b\u00e1ltico-balc\u00e1nica con los pa\u00edses rese\u00f1ados al principio de este art\u00edculo m\u00e1s los de Escandinavia e incluso algunos mediterr\u00e1neos como Grecia e Italia. La realidad, las tensiones entre ellos, hicieron que \u00fanicamente Ruman\u00eda se acercara a Polonia en 1921.<img decoding=\"async\" src=\"https:\/\/cdn.labrujulaverde.com\/wp-content\/uploads\/2017\/06\/486px-Wladyslaw_Sikorski_2-2.jpg\" \/><span style=\"color: #000000;\"><em>W\u0142adys\u0142aw Sikorski en 1942\/Imagen:\u00a0<a style=\"color: #000000;\" href=\"https:\/\/commons.wikimedia.org\/wiki\/W%C5%82adys%C5%82aw_Sikorski#\/media\/File:Wladyslaw_Sikorski_2.jpg\">dominio p\u00fablico en Wikimedia Commons<\/a><\/em><\/span><\/h6>\n<p>&nbsp;<\/p>\n<p>El estallido de la Segunda Guerra Mundial pareci\u00f3 darle la raz\u00f3n a Pilsudski: todos los pa\u00edses que hab\u00eda considerado candidatos a integrarse en la\u00a0<em>Mi\u0119dzymorze<\/em> hab\u00edan sido absorbidos por Alemania y la Uni\u00f3n Sovi\u00e9tica, excepto Finlandia que, de todos modos, se hallaba inmersa en la llamada Guerra de Invierno contra el Ej\u00e9rcito Rojo para mantener su independencia. Un rescoldo de la idea se manten\u00eda por obra y gracia del gobierno polaco en el exilio que encarnaba el general Wladyslaw Sikorski.la idea de una uni\u00f3n de estados del centro y este continental qued\u00f3 guardada pero latente y resurgi\u00f3 tras el final del Pacto de Varsovia, aunque bajo una forma ins\u00f3lita: la incorporaci\u00f3n de muchos de esos pa\u00edses a la OTAN y la Uni\u00f3n Europea, sin perjuicio de asociaciones m\u00e1s peque\u00f1as como el\u00a0<em>Grupo Visegrad<\/em> (Polonia, Rep\u00fablica Checa, Hungr\u00eda y Eslovaquia). La reciente guerra entre Rusia y Ucrania tambi\u00e9n ha resucitado el rescoldo en esta \u00faltima.<\/p>\n<p>Tras el fin del comunismo en Europa, esta estrategia que ha guiado en buena medida el posicionamiento geoestrat\u00e9gico de Polonia, concuerda con los intereses norteamericanos en Europa. Con la tradicional animadversi\u00f3n de Polonia a Rusia, Estados Unidos tiene un firme baluarte en Europa Oriental.<\/p>\n<p>La pertenencia al bloque comunitario y a la OTAN cimentaron la posici\u00f3n de Polonia en los aspectos econ\u00f3micos y de seguridad, sin embargo, el proyecto geoestrat\u00e9gico de Intermarium no ha perdido vigencia. Prueba de ello es el decidido apoyo polaco al r\u00e9gimen ucraniano, a pesar del fuerte sentimiento anti-polaco de parte del espectro pol\u00edtico ucraniano. Por otro lado, el grupo de Visegrado, donde Polonia es sin duda el actor con m\u00e1s peso, no deja de ser un foro alternativo que permite a Polonia ejercer su influencia, en este caso dirigida a Bruselas.<\/p>\n<p>Las variables explicativas del mismo son el poder econ\u00f3mico de Alemania y el militar de Rusia, as\u00ed como el apoyo estadounidense a Polonia.<\/p>\n<div class=\"bbc-19j92fr ebmt73l0\" dir=\"ltr\">\n<p class=\"bbc-hhl7in e17g058b0\" dir=\"ltr\">Cuatrocientos mil reportes sobre la guerra de Irak, 90.000 sobre la guerra en Afganist\u00e1n, 800 desde la prisi\u00f3n de Guant\u00e1namo y m\u00e1s de 250.000 cables diplom\u00e1ticos redactados en varias partes del mundo.<\/p>\n<div class=\"bbc-19j92fr ebmt73l0\" dir=\"ltr\">\n<p class=\"bbc-hhl7in e17g058b0\" dir=\"ltr\">Fue considerada la\u00a0<b>mayor filtraci\u00f3n de la historia<\/b>\u00a0hasta ese entonces y provoc\u00f3 que Estados Unidos pidiera la extradici\u00f3n del hacker,<\/p>\n<\/div>\n<p>&nbsp;<\/p>\n<p class=\"bbc-hhl7in e17g058b0\" dir=\"ltr\"><img decoding=\"async\" src=\"https:\/\/ichef.bbci.co.uk\/ace\/ws\/640\/amz\/worldservice\/live\/assets\/images\/2012\/02\/27\/120227220409_assange_304x171_afp.jpg.webp\" alt=\"Julian Assange\" \/><\/p>\n<h6 dir=\"ltr\"><em>Foto:Julian Assange, jefe de WikiLeaks, anunci\u00f3 en Londres la publicaci\u00f3n de los correos electr\u00f3nicos.<\/em><\/h6>\n<\/div>\n<div class=\"bbc-19j92fr ebmt73l0\" dir=\"ltr\">\n<p class=\"bbc-hhl7in e17g058b0\" dir=\"ltr\">Todos esos documentos estadounidenses fueron hechos p\u00fablicos por WikiLeaks, la p\u00e1gina de filtraciones creada por <strong>Julian Assange,<\/strong> durante 2010. Gracias a \u00e9l la Humanidad pudo enterarse de las mentiras, del juego sucio, criminal y antidemocr\u00e1tico de los Estados Unidos y sus aliados en el mundo. Entre todos estos documentos aparece Intermarum, desde la oficina de Stratfor.<\/p>\n<p class=\"bbc-hhl7in e17g058b0\" dir=\"ltr\"><b>Stratfor es una empresa privada de an\u00e1lisis de inteligencia y seguridad internacional al servicio de varias agencias del gobierno de Estados Unidos y de empresas multinacionales y se ha convertido en el m\u00e1s reciente blanco del sitio de filtraciones de internet Wikileaks.<\/b><\/p>\n<div class=\"bbc-19j92fr ebmt73l0\" dir=\"ltr\">\n<p class=\"bbc-hhl7in e17g058b0\" dir=\"ltr\">Wikileaks empez\u00f3 a publicar m\u00e1s de cinco millones de correos electr\u00f3nicos confidenciales de Stratfor -supuestamente \u00abhackeados\u00bb por el grupo activista\u00a0<i class=\"bbc-h1y5j7 eih42320\">Anonymous<\/i>&#8211; y podr\u00edan revelar las caracter\u00edsticas y las actividades del grupo, que generalmente se mueve con gran discreci\u00f3n.<\/p>\n<\/div>\n<div class=\"bbc-19j92fr ebmt73l0\" dir=\"ltr\">\n<p class=\"bbc-hhl7in e17g058b0\" dir=\"ltr\">Seg\u00fan Wikileaks las comunicaciones revelar\u00e1n sobre \u00abredes de informantes, la estructura de pagos, t\u00e9cnicas de entrega y lavado de dinero y m\u00e9todos psicol\u00f3gicos\u00bb usados por al empresa.<\/p>\n<\/div>\n<div class=\"bbc-19j92fr ebmt73l0\" dir=\"ltr\">\n<p class=\"bbc-hhl7in e17g058b0\" dir=\"ltr\">Stratfor advirti\u00f3 en un comunicado que se no comentar\u00e1 sobre la publicaci\u00f3n de los correos ni sobre su autenticidad o veracidad.<\/p>\n<div class=\"bbc-19j92fr ebmt73l0\" dir=\"ltr\">\n<p class=\"bbc-hhl7in e17g058b0\" dir=\"ltr\">La empresa ha sido tildada en ocasiones como una \u00abCIA en las sombras\u00bb por el tipo de investigaci\u00f3n y an\u00e1lisis que realiza, la forma en que obtiene la informaci\u00f3n, qui\u00e9nes la comisionan y porque su fundador, George Friedman, proviene de la comunidad de inteligencia estadounidense. Su sede est\u00e1 en Texas.<\/p>\n<div class=\"bbc-19j92fr ebmt73l0\" dir=\"ltr\">\n<p class=\"bbc-hhl7in e17g058b0\" dir=\"ltr\">\u00abFue fundada por gente del \u00e1mbito empresarial y de inteligencia pero lo que m\u00e1s la distingue es que no est\u00e1 directamente afiliada a acad\u00e9micos ni a ninguna organizaci\u00f3n del gobierno. Es b\u00e1sicamente la creaci\u00f3n de George Friedman\u00bb.<\/p>\n<p class=\"bbc-hhl7in e17g058b0\" dir=\"ltr\"><img decoding=\"async\" src=\"https:\/\/media.bizj.us\/view\/img\/7842982\/fha1606*900xx3960-2228-0-206.jpg\" alt=\"George Friedman puts Stratfor behind him to start Geopolitical Futures - Austin Business Journal\" \/><\/p>\n<h6 dir=\"ltr\"><em>Foto: George Friedman<\/em><\/h6>\n<p>&nbsp;<\/p>\n<\/div>\n<div class=\"bbc-19j92fr ebmt73l0\" dir=\"ltr\">\n<p class=\"bbc-hhl7in e17g058b0\" dir=\"ltr\">Friedman, que tiene una trayectoria como asesor en temas de seguridad de altos oficiales de las Fuerzas Armadas, del Colegio de Guerra del Ej\u00e9rcito de EE.UU. y de la Universidad de Defensa Nacional, fund\u00f3 Stratfor en 1996 como una empresa privada de evaluaci\u00f3n de riesgo.<\/p>\n<\/div>\n<div class=\"bbc-19j92fr ebmt73l0\" dir=\"ltr\">\n<p class=\"bbc-hhl7in e17g058b0\" dir=\"ltr\">Los servicios se ofrecen por suscripci\u00f3n, la cual es bastante amplia, adem\u00e1s de realizar reportajes de profundo an\u00e1lisis sobre un pa\u00eds, un gobierno o un grupo para corporaciones que quieran invertir en una regi\u00f3n en particular.<\/p>\n<\/div>\n<div class=\"bbc-19j92fr ebmt73l0\" dir=\"ltr\">\n<p class=\"bbc-hhl7in e17g058b0\" dir=\"ltr\">\u00abComo se trata de una empresa privada tienen un alcance que otros no tienen\u00bb, explico Weitz. \u00abNo tienen que justificar de d\u00f3nde viene el dinero ni qui\u00e9n los comisiona ni para qu\u00e9\u00bb.<\/p>\n<\/div>\n<\/div>\n<div class=\"bbc-19j92fr ebmt73l0\" dir=\"ltr\">\n<p class=\"bbc-hhl7in e17g058b0\" dir=\"ltr\">Ciertamente Stratfor opera en la periferia de lo que son las instituciones especializadas en Washington como Brookings Institute, American Enterprise Institute, Hudson Institute, Centre for American Progress, etc., que son utilizados por los medios en varias \u00e1reas de inter\u00e9s.<\/p>\n<div class=\"bbc-19j92fr ebmt73l0\" dir=\"ltr\">\n<p class=\"bbc-hhl7in e17g058b0\" dir=\"ltr\">Algunos de los clientes de Stratfor son grandes corporaciones para las que oficialmente ofrece \u00abinteligencia estrat\u00e9gica en negocios globales, econom\u00eda, seguridad y asuntos geopol\u00edticos\u00bb.<\/p>\n<\/div>\n<div class=\"bbc-19j92fr ebmt73l0\" dir=\"ltr\">\n<p class=\"bbc-hhl7in e17g058b0\" dir=\"ltr\">Seg\u00fan Richard Weitz, pueden recibir dinero de una petrolera para conducir una investigaci\u00f3n o, como en Bhopal, India, observar y analizar los movimientos de activistas del desastre t\u00f3xico de la f\u00e1brica de Dow Chemical\/Union Carbide, en 1984, que afect\u00f3 a m\u00e1s de medio mill\u00f3n de personas.<\/p>\n<\/div>\n<div class=\"bbc-19j92fr ebmt73l0\" dir=\"ltr\">\n<p class=\"bbc-hhl7in e17g058b0\" dir=\"ltr\">Tambi\u00e9n pueden espiar un gobierno extranjero a pedido de una agencia gubernamental. Muchos de sus clientes trabajan en las Fuerzas Armadas y los servicios de inteligencia.<\/p>\n<\/div>\n<div class=\"bbc-19j92fr ebmt73l0\" dir=\"ltr\">\n<p class=\"bbc-hhl7in e17g058b0\" dir=\"ltr\">\u00abSi la CIA necesita informaci\u00f3n pero no puede quedar involucrada por la delicadeza de la situaci\u00f3n -como espiar a Israel o a los pa\u00edses de la OTAN-, utiliza a la gente de Stratfor para que lo hagan directamente\u00bb, se\u00f1al\u00f3 el analista en seguridad.<\/p>\n<p class=\"bbc-hhl7in e17g058b0\" dir=\"ltr\"><img decoding=\"async\" src=\"https:\/\/blog.usni.org\/wp-content\/uploads\/2011\/01\/STRATFOR-logo.jpg\" alt=\"U.S. Naval Institute Blog\" \/><\/p>\n<\/div>\n<div class=\"bbc-19j92fr ebmt73l0\" dir=\"ltr\">\n<p class=\"bbc-hhl7in e17g058b0\" dir=\"ltr\">Por la misma naturaleza de la empresa, los m\u00e9todos de extracci\u00f3n de la informaci\u00f3n tambi\u00e9n pueden ser cuestionables.<\/p>\n<p class=\"bbc-hhl7in e17g058b0\" dir=\"ltr\"><img decoding=\"async\" src=\"https:\/\/www.cuvantul-ortodox.ro\/recomandari\/wp-content\/uploads\/2016\/05\/infografic-hotnews-deveselu.jpg\" alt=\"George Friedman\/ Stratfor - Cuv\u00e2ntul Ortodox\" \/><\/p>\n<\/div>\n<div class=\"bbc-19j92fr ebmt73l0\" dir=\"ltr\">\n<p class=\"bbc-hhl7in e17g058b0\" dir=\"ltr\">Sus amplias redes de informantes pueden producir datos y documentos que han sido robados de las oficinas de los grupos o gobiernos que investigan, con los que negocian un precio. El soborno de funcionarios p\u00fablicos tampoco estar\u00eda fuerza de su metodolog\u00eda.<\/p>\n<p><strong>M\u00e1s de cuatrocientos de los correos de Stratford publicados por Wikiliks citaban a Stratford.<\/strong><\/p>\n<\/div>\n<\/div>\n<\/div>\n<\/div>\n<div class=\"bbc-19j92fr ebmt73l0\" dir=\"ltr\">\n<p class=\"bbc-hhl7in e17g058b0\" dir=\"ltr\"><span style=\"color: #000000;\">Friedman naci\u00f3 en\u00a0<a style=\"color: #000000;\" title=\"Budapest\" href=\"https:\/\/es.wikipedia.org\/wiki\/Budapest\">Budapest, Hungr\u00eda<\/a>\u00a0de padres jud\u00edos que sobrevivieron al\u00a0<a style=\"color: #000000;\" title=\"Holocausto\" href=\"https:\/\/es.wikipedia.org\/wiki\/Holocausto\">Holocausto<\/a>. Su familia huy\u00f3 de Hungr\u00eda cuando era un ni\u00f1o para escapar del r\u00e9gimen comunista, se estableci\u00f3 primero en un campamento para personas desplazadas en Austria y luego emigr\u00f3 a los\u00a0<a style=\"color: #000000;\" title=\"Estados Unidos\" href=\"https:\/\/es.wikipedia.org\/wiki\/Estados_Unidos\">Estados Unidos<\/a>, donde asisti\u00f3 a escuelas p\u00fablicas en\u00a0<a style=\"color: #000000;\" title=\"Nueva York\" href=\"https:\/\/es.wikipedia.org\/wiki\/Nueva_York\">Nueva York<\/a> , y fue uno de los primeros dise\u00f1adores de juegos de guerra computarizados.Friedman persigui\u00f3 la\u00a0<a style=\"color: #000000;\" title=\"Filosof\u00eda pol\u00edtica\" href=\"https:\/\/es.wikipedia.org\/wiki\/Filosof%C3%ADa_pol%C3%ADtica\">filosof\u00eda pol\u00edtica<\/a>\u00a0con su trabajo inicial enfoc\u00e1ndose en el conflicto con el\u00a0<a style=\"color: #000000;\" title=\"Marxismo\" href=\"https:\/\/es.wikipedia.org\/wiki\/Marxismo\">marxismo<\/a>, as\u00ed como tambi\u00e9n el \u00e1mbito internacional, incluido el examen de las\u00a0<a class=\"mw-redirect\" style=\"color: #000000;\" title=\"Relaciones entre Estados Unidos y Rusia\" href=\"https:\/\/es.wikipedia.org\/wiki\/Relaciones_entre_Estados_Unidos_y_Rusia\">relaciones entre Estados Unidos y Rusia<\/a> de una perspectiva militar. En 1996, fund\u00f3\u00a0<a style=\"color: #000000;\" title=\"Stratfor\" href=\"https:\/\/es.wikipedia.org\/wiki\/Stratfor\">Stratfor<\/a>, una empresa privada de inteligencia y previsi\u00f3n. La oficina central de Stratfor est\u00e1 en\u00a0<a style=\"color: #000000;\" title=\"Austin\" href=\"https:\/\/es.wikipedia.org\/wiki\/Austin\">Austin<\/a>,\u00a0<a style=\"color: #000000;\" title=\"Texas\" href=\"https:\/\/es.wikipedia.org\/wiki\/Texas\">Texas<\/a>.<\/span><\/p>\n<\/div>\n<p>&nbsp;<\/p>\n<p>No s\u00f3lo enga\u00f1aron a los rusos con los acuerdos de Minsk diciendo que la OTAN no se ampliarla al Este, tambi\u00e9n enga\u00f1aron a los europeos occidentales con sus presiones para aceptar la ampliaci\u00f3n de todos los pa\u00edses que fueron parte de la COMECON.\u00a0 Y en ese juego las administraciones americana e inglesa han bailado juntas. Hoy la U.E ha sido invadida por la OTAN que es qui\u00e9n la dirige.<\/p>\n<p><strong>EL EJE CONTRA. LA U.E: USA, REINO UNIDO Y POLONIA<\/strong><\/p>\n<p>No nos puede extra\u00f1ar a estas alturas del art\u00edculo, los discursos insultantes, arrogantes, de los pol\u00edticos polacos que llamaron a las puertas de la U.E y que recibiendo miles de millones de euros en ayudas en concepto de \u00abfondos de compensaci\u00f3n\u00bb no han perdido ocasi\u00f3n de\u00a0 lanzar discursos ofensivos , incluso agresivos, contra la idea europea y su visi\u00f3n de respeto a las minor\u00edas, el laicismo, la pluralidad y la tolerancia.<\/p>\n<p>Tampoco nos puede extra\u00f1ar la obsesi\u00f3n de los pa\u00edses eslavos en arrastrar a toda Europa a una guerra contra Rusia, no est\u00e1n solos, detr\u00e1s de ellos : los amigos americanos e ingleses. La promesa, el apoyo de Intermarum.<\/p>\n<p>Presidentes como Joe Biden o Donald Trump han estado presentes en las cumbres de los pa\u00edses que aspiran a la federaci\u00f3n europea con ese nombre y a la que la U.E no est\u00e1 invitada. Su objetivo es romperla.<\/p>\n<h6><img loading=\"lazy\" decoding=\"async\" class=\"\" src=\"https:\/\/www.voltairenet.org\/local\/cache-vignettes\/L400xH300\/voltairenet.org_-_1_1_-110-2-909bd.jpg?1730788440\" alt=\"C\u00f3mo se est\u00e1 torpedeando la paz en Europa\u200e, por Thierry Meyssan\" width=\"665\" height=\"499\" \/><em>Foto: Donald Trump el 6 y 7 de junio en Varsovia en la cumbre de pa\u00edses Intermarium, un proyecto de federaci\u00f3n de los pa\u00edses del Este<\/em><\/h6>\n<p>&nbsp;<\/p>\n<p><img loading=\"lazy\" decoding=\"async\" class=\"\" src=\"https:\/\/www.voltairenet.org\/local\/cache-vignettes\/L400xH233\/voltairenet.org_-_1-357-2-67970.jpg?1730788440\" alt=\"C\u00f3mo se est\u00e1 torpedeando la paz en Europa\u200e, por Thierry Meyssan\" width=\"767\" height=\"447\" \/><\/p>\n<h6><em>Foto: Cumbre de Intermarium celebrada el 20 y 21 de junio del 2022 en Riga con presencia de Joe Biden<\/em><\/h6>\n<h6>Y la guerra de Ucrania ha servido para desarmar los arsenales de los Estados Miembros de la U.E, empobrecerla econ\u00f3micamente, energ\u00e9ticamente y desindustrializada. Nunca ha sido m\u00e1s dependiente e insultada Europa que ahora.<\/h6>\n<p>En el 2022, el 20 de junio, el presidente de Ucrania, Volodymyr Zelensky, dijo que Ucrania deber\u00eda unirse al proyecto Trimorya (Iniciativa de los Tres Mares).<\/p>\n<p>\u201cUcrania deber\u00eda ser miembro de la Iniciativa Tres Mares.\u00a0Est\u00e1 mal que nuestro estado est\u00e9 fuera de esta maravillosa iniciativa\u201d, enfatiz\u00f3 el jefe del r\u00e9gimen de Kyiv, hablando en la cumbre de unificaci\u00f3n el 20 de junio.<\/p>\n<p>La Cumbre de la Iniciativa Three Seas se celebr\u00f3 del 20 al 21 de junio en Riga.\u00a0La Iniciativa Tres Mares fue lanzada oficialmente en 2015 por el presidente polaco Andrzej Duda y la presidenta croata Kolinda Grabar-Kitarovic.\u00a0Estados Unidos participa activamente en las actividades y el desarrollo de esta iniciativa, que es esencialmente un renacimiento de la idea polaca de \u00abIntermarium\u00bb hace cien a\u00f1os.\u00a0Este es un concepto que fue promovido por los pol\u00edticos y autoridades de la Polonia de entreguerras: la creaci\u00f3n de un bloque de estados en el oeste de Rusia, extendi\u00e9ndose desde el B\u00e1ltico hasta el Mar Negro, oponi\u00e9ndose a Rusia y Alemania.<\/p>\n<p>A su vez, las ideas del \u00abTrimorye\u00bb (un bloque entre los mares B\u00e1ltico, Negro y Adri\u00e1tico) se remontan a los conceptos de Jan Brzezinski, hijo del famoso geopol\u00edtico estadounidense de origen polaco Zbigniew Brzezinski y hermano del actual estadounidense. Embajador en Polonia Marek Brzezinski.<\/p>\n<p>El principal objetivo declarado de la Iniciativa de los Tres Mares es crear una alternativa energ\u00e9tica a los proyectos rusos en los mares B\u00e1ltico, Negro y Adri\u00e1tico.\u00a0Austria, Bulgaria, Hungr\u00eda, Letonia, Lituania, Polonia, Rumania, Eslovaquia, Eslovenia, Croacia, Rep\u00fablica Checa, Estonia, Albania, Kosovo, Montenegro participan en la iniciativa.\u00a0El liderazgo de Ucrania participa activamente en la promoci\u00f3n del concepto de \u00abIntermarium\u00bb como herramienta para luchar contra Rusia, pero formalmente no participa en la iniciativa \u00abTrimorye\u00bb.\u00a0Sin embargo, Kyiv entra en un formato de interacci\u00f3n diferente y m\u00e1s estrecho con dos miembros de la \u00abTrimorye\u00bb \u2013 Varsovia y Vilnius \u2013 en el mismo espacio: el \u00abTri\u00e1ngulo de Lublin\u00bb.\u00a0Este a\u00f1o, Ucrania fue invitada a participar en la cumbre de Trimorya con la perspectiva de una mayor participaci\u00f3n en esta iniciativa.<\/p>\n<p>El 20 de junio, Zelensky, asustando a los pa\u00edses de Europa del Este con Rusia, llam\u00f3 en la cumbre de Trimorya a incluir a Ucrania en el n\u00famero de pa\u00edses que participan en la Iniciativa de los Tres Mares y fortalecer la cooperaci\u00f3n entre los estados del bloque.\u00a0El presidente de Ucrania tambi\u00e9n prometi\u00f3 cubrir las necesidades energ\u00e9ticas de Europa del Este a expensas de Ucrania.\u00a0Seg\u00fan \u00e9l, Ucrania est\u00e1 interesada en el desarrollo de proyectos log\u00edsticos a gran escala que unir\u00edan a los pa\u00edses de Europa del Este entre s\u00ed, lo que permitir\u00eda la transferencia de armas a Ucrania y la exportaci\u00f3n de recursos estrat\u00e9gicos (por ejemplo, cereales) desde el pa\u00eds.\u00a0Tambi\u00e9n prometi\u00f3 a los europeos del este que participar\u00edan en la restauraci\u00f3n de Ucrania.<\/p>\n<p>El secretario de Estado de EE. UU., Anthony Blinken, hablando en un foro en Riga, a su vez, dijo que Estados Unidos brindar\u00e1 asistencia financiera a proyectos bajo la Iniciativa Three Seas.<\/p>\n<p>\u201cUcrania finalmente fue invitada a la cumbre de Riga, y conectar los tres mares con enlaces terrestres, digitales y energ\u00e9ticos se remonta a la idea original del Intermarium y la visi\u00f3n de Jozef Pi\u0142sudski en la d\u00e9cada de 1920 que quer\u00eda detener el \u201cexpansionismo alem\u00e1n en Occidente y el imperialismo ruso en Oriente\u00bb en el per\u00edodo de entreguerras e incluyen a Polonia, Lituania, Bielorrusia y Ucrania, y \u00abrecrean as\u00ed parcialmente el estado medieval polaco-lituano\u00bb, dice Sabina Fati,\u00a0\u00a0<a href=\"https:\/\/www.dw.com\/ro\/egoismul-rom%C3%A2nesc-%C8%99i-proiectul-intermarium\/a-62198178\" target=\"_blank\" rel=\"noreferrer noopener\">columnista<\/a>\u00a0\u00a0rumana\u00a0\u00a0de\u00a0\u00a0<em>Deutsche Welle .<\/em><\/p>\n<h2 class=\"wp-block-heading\">iniciativa brit\u00e1nica<\/h2>\n<p>Anteriormente, la embajadora de Estados Unidos ante la OTAN, Julianne Smith\u00a0\u00a0<a href=\"https:\/\/www.kp.ru\/daily\/27406\/4602749\/\" target=\"_blank\" rel=\"noreferrer noopener\">, dijo<\/a>\u00a0que Washington apoya la unificaci\u00f3n de Gran Breta\u00f1a, Polonia, Ucrania y los estados b\u00e1lticos en una alianza separada para fortalecer las capacidades de defensa.<\/p>\n<p>El apoyo, sin embargo, se expres\u00f3 con moderaci\u00f3n y s\u00f3lo como parte de una respuesta a la pregunta \u00abprincipal\u00bb del periodista.<\/p>\n<p>\u201cObviamente, la Alianza de la OTAN est\u00e1 prestando mucha atenci\u00f3n a las iniciativas relacionadas con la OTAN.\u00a0Y, como acabo de se\u00f1alar, ahora estamos considerando qu\u00e9 m\u00e1s puede hacer la Alianza de la OTAN en su flanco oriental para fortalecer a\u00fan m\u00e1s este rinc\u00f3n de la Alianza.\u00a0Pero quiero decir que, ciertamente desde la perspectiva de los Estados Unidos, hemos visto florecer numerosas relaciones bilaterales a lo largo de los a\u00f1os.\u00a0Hubo pa\u00edses que se unieron para lanzar nuevas iniciativas de defensa.\u00a0A lo largo de los a\u00f1os, hemos visto crearse miniformaciones que yo llamar\u00eda de dos caras.\u00a0Obviamente, apoyamos iniciativas que ayuden a desarrollar capacidades.\u00a0Y en la medida en que los miembros de la OTAN se re\u00fanan en asociaciones o en alg\u00fan tipo de grupo para desarrollar capacidades y fortalecer colectivamente la Alianza, nos gustar\u00eda apoyar esto\u201d.\u00a0<a href=\"https:\/\/www.state.gov\/online-press-briefing-with-ambassador-julianne-smith-u-s-permanent-representative-to-nato-2\/\" target=\"_blank\" rel=\"noreferrer noopener\">enfatiz\u00f3<\/a>\u00a0\u00a0Smith, hablando con los periodistas el 14 de junio.<\/p>\n<p><em>El peri\u00f3dico italiano Corriere della Serra<\/em>\u00a0inform\u00f3 a fines de mayo sobre el proyecto de combinar los potenciales de defensa de los pa\u00edses b\u00e1lticos, Polonia, Ucrania y Gran Breta\u00f1a\u00a0\u00a0.\u00a0El plan propuesto por el primer ministro brit\u00e1nico, Boris Johnson, tendr\u00e1 como objetivo crear \u00abun nuevo sistema de alianzas pol\u00edticas, econ\u00f3micas y militares -una alternativa a la Uni\u00f3n Europea- que unir\u00e1 a los pa\u00edses unidos por la desconfianza hacia Bruselas, as\u00ed como la respuesta de Alemania a la agresi\u00f3n militar rusa\u00bb. \u00bb\u00a0<a href=\"https:\/\/www.corriere.it\/economia\/finanza\/22_maggio_26\/piano-segreto-boris-johnson-dividere-l-ucraina-russia-ue-commonwealth-europeo-02d3b232-dc6b-11ec-b480-f783b433fe60.sshtml\" target=\"_blank\" rel=\"noreferrer noopener\">, dijeron las fuentes .\u00a0<\/a>Supuestamente, Gran Breta\u00f1a, Lituania, Letonia, Estonia, Polonia, Ucrania y, posiblemente, Turqu\u00eda pueden ingresar a la nueva uni\u00f3n.\u00a0El Reino Unido no ha confirmado ni negado oficialmente la existencia de tal iniciativa.<\/p>\n<p>La \u00abCommonwealth Europea\u00bb (\u00a0<em>European Commonwealth<\/em>\u00a0) como nuevo formato de integraci\u00f3n en Europa est\u00e1 en l\u00ednea con la tradicional pol\u00edtica brit\u00e1nica hacia el continente: divide y vencer\u00e1s.\u00a0La dependencia de los pa\u00edses de Europa del Este refleja la idea atlantista tradicional de un \u00abcord\u00f3n sanitario\u00bb: la separaci\u00f3n de los potenciales geopol\u00edticos de Europa continental y Rusia.<\/p>\n<p>El formato de la \u00abCommonwealth Europea\u00bb recuerda los intentos de Gran Breta\u00f1a en la d\u00e9cada de 1960 de crear una alternativa a la Comunidad Econ\u00f3mica Europea (CEE) en la forma de la Asociaci\u00f3n Europea de Libre Comercio (AELC), que entonces inclu\u00eda, adem\u00e1s de la Reino Unido, Dinamarca, Noruega y Suecia, Austria, Portugal, tradicionalmente orientados hacia Gran Breta\u00f1a y Suiza.<\/p>\n<p>Ahora Gran Breta\u00f1a es el m\u00e1s activo de todos los pa\u00edses europeos bombeando armas a Ucrania y apoyando las acciones agresivas de Kyiv, tratando de consolidarla en su esfera de influencia.<\/p>\n<h2 class=\"wp-block-heading\"><strong>Liberales y nazis por Intermarium<\/strong><\/h2>\n<p>En 2017, la idea de crear una alianza militar en el Intermarium la plante\u00f3 el polit\u00f3logo atlantista\u00a0\u00a0<a href=\"https:\/\/katehon.com\/ru\/article\/sodomity-soros-i-nato\" target=\"_blank\" rel=\"noreferrer noopener\">Andreas Umland<\/a>\u00a0, investigador principal del Instituto para la Cooperaci\u00f3n Euroatl\u00e1ntica de Kiev y exasesor del expresidente de Ucrania Viktor Yushchenko. y su colega del Instituto para la Cooperaci\u00f3n Euroatl\u00e1ntica en Kiev\u00a0\u00a0<a href=\"https:\/\/warontherocks.com\/2017\/08\/how-to-solve-ukraines-security-dilemma-the-idea-of-an-intermarium-coalition-in-east-central-europe\/\" target=\"_blank\" rel=\"noreferrer noopener\">Konstantin Fedorenko<\/a>\u00a0.<\/p>\n<p>La idea de crear un bloque llamado\u00a0\u00a0<em>Intermarium<\/em>\u00a0\u00a0(traducido del lat\u00edn como \u201cIntermarium\u201d) dentro de las mismas fronteras fue propuesta un a\u00f1o antes por c\u00edrculos neonazis en Ucrania y Europa del Este.\u00a0En Ucrania, el proyecto fue promovido activamente por el \u00abmovimiento Azov\u00bb y su ala pol\u00edtica, el partido Cuerpo Nacional.\u00a0Los nacionalistas ucranianos contaron con el apoyo activo de la vicepresidenta del parlamento polaco,\u00a0\u00a0<a>Malgorzata Gosevskaya<\/a>\u00a0, cuya protegida es Olena Semenyaka, secretaria internacional del Cuerpo Nacional, que ahora trabaja en Polonia.\u00a0Igor Zagrebelny, ex ide\u00f3logo de la organizaci\u00f3n neonazi ucraniana Trizub, ahora uno de los ide\u00f3logos del Sector Derecha proscritos en Rusia, tambi\u00e9n promueve Intermarium.\u00a0Incluso escribi\u00f3 un libro, Intermarium: Casi una oportunidad perdida.<\/p>\n<p>El proyecto recibi\u00f3 el apoyo de neonazis tanto de Europa del Este como de Alemania, Italia, Escandinavia y Estados Unidos.<\/p>\n<p><span style=\"color: #000000;\">A pesar de que Umland y Fedorenko prefieren verbalmente desvincularse del proyecto neonazi, hay mucho en com\u00fan entre sus ideas y el concepto de neonazi.\u00a0Lo principal es una actitud hostil hacia Rusia y la rusofobia.\u00a0Incluso en la parte descriptiva de los proyectos, sus tesis coinciden casi textualmente.\u00a0Entonces,\u00a0\u00a0<a style=\"color: #000000;\" href=\"https:\/\/ru.rebaltica.lv\/archives\/1701\" target=\"_blank\" rel=\"noreferrer noopener\">seg\u00fan el secretario general<\/a>\u00a0del \u00a0partido neonazi let\u00f3n \u00abAsociaci\u00f3n Nacional\u00bb (HA) Raivis Zeltits,\u00a0\u00a0<em>Intermarium<\/em>\u00a0\u00a0se extender\u00e1 \u00abdesde las playas de Crimea hasta el Golfo de Riga\u00bb.\u00a0\u201cHoy, Intermarium puede extenderse desde Narva en el norte hasta Batumi en el sur\u201d, dicen Umland y Fedorenko.<\/span><\/p>\n<p><span style=\"color: #000000;\">Los expertos atlantistas han desarrollado un modelo para el funcionamiento de una alianza de defensa, que podr\u00eda incluir tanto a miembros de la OTAN como a pa\u00edses que no son miembros de la Alianza del Atl\u00e1ntico Norte.\u00a0Sugieren tomar\u00a0 el Acuerdo\u00a0<a style=\"color: #000000;\" href=\"https:\/\/warontherocks.com\/2017\/08\/how-to-solve-ukraines-security-dilemma-the-idea-of-an-intermarium-coalition-in-east-central-europe\/\" target=\"_blank\" rel=\"noreferrer noopener\">de Asociaci\u00f3n Estrat\u00e9gica<\/a> \u00a0y Apoyo Mutuo de 2010 entre Turqu\u00eda y Azerbaiy\u00e1n como modelo a seguir.<\/span><\/p>\n<h3><strong>En el 2008 George Busch presion\u00f3 para expandir la OTAN en Ucrania<\/strong><\/h3>\n<h4>El presidente de EE UU, <strong>George Bush<\/strong>, asumi\u00f3 ayer en Kiev el papel de abanderado vehemente de la pol\u00edtica de ingreso en la OTAN de Ucrania y Georgia y se mostr\u00f3 presto a defenderla frente a la oposici\u00f3n de Rusia y a los esc\u00e9pticos aliados de la vieja Europa, como Francia y Alemania.<br \/>\nNo respetando los acuerdos de Minsk y a pesar de las advertencias de Merkel y el mandatario franc\u00e9s presentes, donde \u00c1ngela Merkel reconoci\u00f3 hace poco haber mentido para ganar tiempo contra Rusia.<\/h4>\n<h4>La canciller alemana, <strong>Angela Merkel<\/strong>, reiter\u00f3 en sas fechas que no consideraba pertinente ese ingreso y el primer ministro franc\u00e9s, <strong>Fran\u00e7ois Fillon<\/strong>, asegur\u00f3 que la oposici\u00f3n gala estriba en que la ampliaci\u00f3n al C\u00e1ucaso \u00abno es la respuesta adecuada al equilibrio de fuerzas en Europa entre Europa y Rusia\u00bb. Alemania y Francia encabezaron un grupo en el que tambi\u00e9n figuraban Espa\u00f1a, Italia, Portugal y los tres pa\u00edses del Benelux. \u00abSomos muchos lo que creemos que Ucrania y Georgia no est\u00e1n preparadas\u00bb, resum\u00edo un embajador. Estos pa\u00edses consideraron innecesario provocar a Rusia en momentos de relevo en el Kremlin y esgrimieron razones objetivas para no ir m\u00e1s all\u00e1 de una declaraci\u00f3n gen\u00e9rica de apoyo a Kiev y Tbilisi: la divisi\u00f3n de la opini\u00f3n p\u00fablica de Ucrania y que Georgia aportar\u00eda a la Alianza los conflictos abiertos con Rusia de Abjazia y Osetia del Sur.<\/h4>\n<h4><img loading=\"lazy\" decoding=\"async\" class=\"\" src=\"https:\/\/imagenes.elpais.com\/resizer\/v2\/R3NO5ZABA2BQPZWTZGD42MBOYM.jpg?auth=656cc8101b44dceb02be23770ad437ceb87455c362617b429b718178c9c6e414&amp;width=414\" alt=\"El presidente de EE UU, George W. Bush, brinda ante el presidente de Ucrania, V\u00edctor Y\u00fashenko, ayer en Kiev.\" width=\"652\" height=\"263\" \/><\/h4>\n<h6><em>Foto:<\/em><\/h6>\n<div class=\"a_c clearfix\" data-dtm-region=\"articulo_cuerpo\">\n<h4 class=\"a_m a_m-h\"><em>El presidente de EE UU, George W. Bush, brinda ante el presidente de Ucrania, V\u00edctor Y\u00fashenko, ayer en Kiev.<span class=\"a_m_m\">REUTE<\/span><\/em><\/h4>\n<p>&nbsp;<\/p>\n<p><span class=\"a_m_m\">Ya con Barack Hussein Obama, como presidente de EE.UU, norteam\u00e9rica entreg\u00f3 8.000 millones de d\u00f3lares a la oposici\u00f3n Ucraniana para fomentar el nacionalismo anti ruso, apoyar un golpe de Estado y callar y respaldar la limpieza \u00e9tnica del r\u00e9gimen de Kiev contra la poblaci\u00f3n rus\u00f3fona del Este de Ucrania hasta conseguir la respuesta militar de Rusia y tener el pretexto para desangrarla y arrastrar a toda Europa a la guerra.<\/span><strong>EL PAPEL RID\u00cdCULO ANTE EL MUNDO POR EL SEGUIDISMO PAT\u00c9TICO DE LOS L\u00cdDERES EUROPEOS QUE AVERG\u00dcENZA A SU CIUDADAN\u00cdA.<\/strong><\/p>\n<h4>250 bases militares norteamericanas y no paran de crecer en su obsesi\u00f3n por acorralar a Rusia .<\/h4>\n<h4>La imposici\u00f3n de aumentar el gasto militar de los Estados Europeos y de apoyar un r\u00e9gimen de nulas garant\u00edas democr\u00e1ticas con desproporcionadas sumas de dinero a\u00fan a costa de recortar en gastos sociales y de bienestar de la ciudadan\u00eda.<\/h4>\n<h4>Las declaraciones y discursos absurdos de los dirigentes de la U.E belicistas y llamando incluso a la guerra directa.<\/h4>\n<h4>La voladura del Nord Stream, el gaseoducto ruso alem\u00e1n para sabotear la relaci\u00f3n econ\u00f3mica de Europa con Rusia y c\u00f3mo Europa lo ha tapado y no ha hecho ni una sola cr\u00edtica a los EE.UU, qui\u00e9n adem\u00e1s nos vende el gas y el petr\u00f3leo 7 veces m\u00e1s caro.<\/h4>\n<h4>La mordaza medi\u00e1tica impidiendo ver RT o Russia Today a los pueblos de Europa, censura pura, o las mentiras reiteradas de las cotorras medi\u00e1ticas (medios de comunicaci\u00f3n de masas) ha resultado escandaloso.<\/h4>\n<h4>Ni una s\u00f3la manifestaci\u00f3n en toda Europa contra la guerra ni contra la OTAN ha sido convocada por las fuerzas de izquierdas, de centro o conservadoras para intentar salvar a nuestro continente del desastre, salvo la manifestaci\u00f3n de Berl\u00edn convocada por Sahra Wagenknecht y que reuni\u00f3 10.000 personas . Asqueroso y humillante comportamiento propio de traidores y de cobardes.<\/h4>\n<h4>Todo ello s\u00f3lo ha demostrado ante el mundo la nula democracia y el verdadero estatus de continente sometido militarmente y de forma colonial a los USA.<\/h4>\n<h4>En esta situaci\u00f3n de debilitamiento interno, la elecci\u00f3n de Donald Trump y su nueva administraci\u00f3n ha facilitado su entrada con desprecio y humillaciones p\u00fablicas a nuestros dirigentes pol\u00edticos y nuestras instituciones. Como ha demostrado las declaraciones de Elon Musk contra el Primer Ministro del Reino Unido y su pol\u00edtica y apoyo a la extrema derecha insular, muy buena lecci\u00f3n para que aprenda Inglaterra que su sitio estaba en Europa y no trabajando contra ella.<br \/>\nMusk lleg\u00f3 a escribir en las redes sociales que hab\u00eda que plantearse invadir el Reino Unido. Y cambiar el nombre de Canal de la Mancha por el de Canal de George Washington.<\/h4>\n<h4>Y , todo ello, al tiempo que Trump amenaza en plan Mat\u00f3n a Dinamarca y la Uni\u00f3n Europea en un intento de apropiarse de Groenlandia.<\/h4>\n<h4>Y, como colof\u00f3n,\u00a0 env\u00eda de embajador de Estados Unidos al vicepresidente de Estados Unidos, JD Vance, qui\u00e9n se atreve en la cumbre defensiva de Munich decir c\u00f3mo debemos gobernarnos y con qu\u00e9 criterios. Un chaquetero que estuvo contra Trump lanzando el lema de \u00abTrump nunca\u00bb y que al ver como iban los sondeos y aumentaba sus posibilidades en las encuestas pas\u00f3 en las redes sociales a hacerle la pelota para conseguir trepar entre las filas dem\u00f3cratas. Pero que su discurso en Alemania ha ido orientado a animar a otros Estados a seguir el ejemplo del Brexit, para dividir , romper y hundir, la U.E y a potenciar a la extrema derecha de la AfD de un indirectamente muy directo.<\/h4>\n<h4>La injerencia descarada, p\u00fablica y salvaje en los asuntos externos de otras naciones tira por tierra todas las bases de la diplomacia internacional y no s\u00f3lo humilla a los dirigentes europeos , tambi\u00e9n insulta al pueblo de Europa.<\/h4>\n<h4>Donald Trump amenaza con llevarse 20.ooo soldados de la U.E sino pagamos m\u00e1s dinero por mantener aqu\u00ed sus tropas y comprar las armas de sus industrias armament\u00edsticas. Pues bien, tal vez ser\u00eda el momento de decirles: \u00ab20.000 tropas no, llevate de la Uni\u00f3n Europea hasta el \u00faltimo soldado\u00bb. Y ya puestos que les entreguen pasaportes y se vayan con ellos Ursula von der Leyer Marc Rutter y Kaja Kallas, qui\u00e9n olvid\u00e1ndose de su identidad han defendido a los Estados Unidos en lugar de posicionarse a favor de la integridad territorial de Europa y de Groenlandia.<br \/>\nComo dec\u00edan los romanos: \u00abRoma no paga traidores\u00bb. Ni un duro m\u00e1s para la OTAN.<\/h4>\n<h4><img loading=\"lazy\" decoding=\"async\" class=\"\" src=\"https:\/\/gdb.voanews.com\/b62e52d8-52ca-4257-843f-08dd4a843460_cx0_cy4_cw0_w408_r1_s.jpg\" alt=\"Vicepresidente Vance advierte a los aliados europeos de EEUU sobre una \u201camenaza desde dentro\u201d\" width=\"697\" height=\"393\" \/><em>Foto: Reuters\/ El vicepresidente de Estados Unidos, JD Vance, habla en la Conferencia de Seguridad de M\u00fanich (MSC), en M\u00fanich, Alemania, el 14 de febrero de 2025.<\/em><\/h4>\n<h4>\u00bf De verdad, hay que seguir haciendo como si no pasara nada?<\/h4>\n<h4>Desde el derrumbe de la Uni\u00f3n Sovi\u00e9tica, Yugoslavia ya no existe por una guerra provocada por alimentar unos nacionalismos separatistas a costa de enriquecer a pol\u00edticos separatistas\u00a0 para enriquecer intereses extranjeros. Checoslovaquia hoy tampoco existe, son la Rep\u00fablica Checa y la Rep\u00fablica Eslava, Ucrania en guerra, Conflicto Otan en Nagorno Karabaj, Chechenia, intentos de Primaveras de colores en Moldavia, Croacia; suspensi\u00f3n de elecciones en Ruman\u00eda&#8230;. y detr\u00e1s siempre la sombra americana. Ahora esa misma amenaza de desintegraci\u00f3n\u00a0 se extiende como una mancha desde la orillas del Naisser al Oder hacia la parte occidental de nuestra continente por esa internacional oscura del techno feudalismo, el peligro: la balcanizaci\u00f3n, la p\u00e9rdida de libertades en nombre de esa Libertad aclamada por los Milei o los Vance o los Musk de turno. Ayer fueron los jud\u00edos, hoy lo son los emigrantes, los LGTB y los \u00abprogres\u00bb ( forma despectiva de hablar de las personas de izquierda). Han ganado el relato en las Redes Sociales y m\u00faltiples medios de comunicaci\u00f3n de masas son de su propiedad y no paran de soltar fakes news, bulos, con los que generar odio y animadversi\u00f3n.<\/h4>\n<p>Sin lugar a duda, el mundo es un lugar m\u00e1s peligroso que durante la Guerra fr\u00eda.<\/p>\n<h4><\/h4>\n<\/div>\n<p>&nbsp;<\/p>","protected":false},"excerpt":{"rendered":"<p>Reino Unido y EE.UU: nuestros malos vecinos Foto: Margaret Thatcher lleg\u00f3 a decir que Ronald Reagan era el segundo hombre m\u00e1s importante de su vida, despu\u00e9s de su esposo. &nbsp; No es una novedad, salvo para la gente con miop\u00eda, que los Estados Unidos de Am\u00e9rica nunca vieron con buenos ojos el proyecto de integraci\u00f3n [&hellip;]<\/p>","protected":false},"author":1,"featured_media":1910,"comment_status":"open","ping_status":"open","sticky":false,"template":"","format":"standard","meta":{"footnotes":""},"categories":[36,35,2],"tags":[],"class_list":{"0":"post-1906","1":"post","2":"type-post","3":"status-publish","4":"format-standard","5":"has-post-thumbnail","7":"category-europa","8":"category-internacional","9":"category-humanidad"},"yoast_head":"<!-- This site is optimized with the Yoast SEO plugin v26.2 - https:\/\/yoast.com\/wordpress\/plugins\/seo\/ -->\n<title>Reino Unido y EE.UU: La historia de nuestros malos vecinos - Tiempo de Tormentas<\/title>\n<meta name=\"robots\" content=\"index, follow, max-snippet:-1, max-image-preview:large, max-video-preview:-1\" \/>\n<link rel=\"canonical\" href=\"https:\/\/tiempodetormentas.com\/en\/humanidad\/reino-unido-y-ee-uu-en-busca-de-la-destruccion-de-la-u-e\/\" \/>\n<meta property=\"og:locale\" content=\"en_GB\" \/>\n<meta property=\"og:type\" content=\"article\" \/>\n<meta property=\"og:title\" content=\"Reino Unido y EE.UU: La historia de nuestros malos vecinos - Tiempo de Tormentas\" \/>\n<meta property=\"og:description\" content=\"Reino Unido y EE.UU: nuestros malos vecinos Foto: Margaret Thatcher lleg\u00f3 a decir que Ronald Reagan era el segundo hombre m\u00e1s importante de su vida, despu\u00e9s de su esposo. &nbsp; No es una novedad, salvo para la gente con miop\u00eda, que los Estados Unidos de Am\u00e9rica nunca vieron con buenos ojos el proyecto de integraci\u00f3n [&hellip;]\" \/>\n<meta property=\"og:url\" content=\"https:\/\/tiempodetormentas.com\/en\/humanidad\/reino-unido-y-ee-uu-en-busca-de-la-destruccion-de-la-u-e\/\" \/>\n<meta property=\"og:site_name\" content=\"Tiempo de Tormentas\" \/>\n<meta property=\"article:published_time\" content=\"2025-02-17T00:38:46+00:00\" \/>\n<meta property=\"article:modified_time\" content=\"2025-02-17T04:36:11+00:00\" \/>\n<meta property=\"og:image\" content=\"https:\/\/tiempodetormentas.com\/wp-content\/uploads\/2025\/02\/Donald-y-Boris.jpg\" \/>\n\t<meta property=\"og:image:width\" content=\"414\" \/>\n\t<meta property=\"og:image:height\" content=\"276\" \/>\n\t<meta property=\"og:image:type\" content=\"image\/jpeg\" \/>\n<meta name=\"author\" content=\"Ray Lorens\" \/>\n<meta name=\"twitter:card\" content=\"summary_large_image\" \/>\n<meta name=\"twitter:label1\" content=\"Written by\" \/>\n\t<meta name=\"twitter:data1\" content=\"Ray Lorens\" \/>\n\t<meta name=\"twitter:label2\" content=\"Estimated reading time\" \/>\n\t<meta name=\"twitter:data2\" content=\"37 minutes\" \/>\n<script type=\"application\/ld+json\" class=\"yoast-schema-graph\">{\"@context\":\"https:\/\/schema.org\",\"@graph\":[{\"@type\":\"Article\",\"@id\":\"https:\/\/tiempodetormentas.com\/humanidad\/reino-unido-y-ee-uu-en-busca-de-la-destruccion-de-la-u-e\/#article\",\"isPartOf\":{\"@id\":\"https:\/\/tiempodetormentas.com\/humanidad\/reino-unido-y-ee-uu-en-busca-de-la-destruccion-de-la-u-e\/\"},\"author\":{\"name\":\"Ray Lorens\",\"@id\":\"https:\/\/tiempodetormentas.com\/#\/schema\/person\/7e59b0ab3f525f413b127a9f2727eee7\"},\"headline\":\"Reino Unido y EE.UU: La historia de nuestros malos vecinos\",\"datePublished\":\"2025-02-17T00:38:46+00:00\",\"dateModified\":\"2025-02-17T04:36:11+00:00\",\"mainEntityOfPage\":{\"@id\":\"https:\/\/tiempodetormentas.com\/humanidad\/reino-unido-y-ee-uu-en-busca-de-la-destruccion-de-la-u-e\/\"},\"wordCount\":7923,\"commentCount\":0,\"publisher\":{\"@id\":\"https:\/\/tiempodetormentas.com\/#organization\"},\"image\":{\"@id\":\"https:\/\/tiempodetormentas.com\/humanidad\/reino-unido-y-ee-uu-en-busca-de-la-destruccion-de-la-u-e\/#primaryimage\"},\"thumbnailUrl\":\"https:\/\/tiempodetormentas.com\/wp-content\/uploads\/2025\/02\/Donald-y-Boris.jpg\",\"articleSection\":[\"Europa\",\"Internacional\",\"La Humanidad\"],\"inLanguage\":\"en-GB\",\"potentialAction\":[{\"@type\":\"CommentAction\",\"name\":\"Comment\",\"target\":[\"https:\/\/tiempodetormentas.com\/humanidad\/reino-unido-y-ee-uu-en-busca-de-la-destruccion-de-la-u-e\/#respond\"]}]},{\"@type\":\"WebPage\",\"@id\":\"https:\/\/tiempodetormentas.com\/humanidad\/reino-unido-y-ee-uu-en-busca-de-la-destruccion-de-la-u-e\/\",\"url\":\"https:\/\/tiempodetormentas.com\/humanidad\/reino-unido-y-ee-uu-en-busca-de-la-destruccion-de-la-u-e\/\",\"name\":\"Reino Unido y EE.UU: La historia de nuestros malos vecinos - Tiempo de Tormentas\",\"isPartOf\":{\"@id\":\"https:\/\/tiempodetormentas.com\/#website\"},\"primaryImageOfPage\":{\"@id\":\"https:\/\/tiempodetormentas.com\/humanidad\/reino-unido-y-ee-uu-en-busca-de-la-destruccion-de-la-u-e\/#primaryimage\"},\"image\":{\"@id\":\"https:\/\/tiempodetormentas.com\/humanidad\/reino-unido-y-ee-uu-en-busca-de-la-destruccion-de-la-u-e\/#primaryimage\"},\"thumbnailUrl\":\"https:\/\/tiempodetormentas.com\/wp-content\/uploads\/2025\/02\/Donald-y-Boris.jpg\",\"datePublished\":\"2025-02-17T00:38:46+00:00\",\"dateModified\":\"2025-02-17T04:36:11+00:00\",\"breadcrumb\":{\"@id\":\"https:\/\/tiempodetormentas.com\/humanidad\/reino-unido-y-ee-uu-en-busca-de-la-destruccion-de-la-u-e\/#breadcrumb\"},\"inLanguage\":\"en-GB\",\"potentialAction\":[{\"@type\":\"ReadAction\",\"target\":[\"https:\/\/tiempodetormentas.com\/humanidad\/reino-unido-y-ee-uu-en-busca-de-la-destruccion-de-la-u-e\/\"]}]},{\"@type\":\"ImageObject\",\"inLanguage\":\"en-GB\",\"@id\":\"https:\/\/tiempodetormentas.com\/humanidad\/reino-unido-y-ee-uu-en-busca-de-la-destruccion-de-la-u-e\/#primaryimage\",\"url\":\"https:\/\/tiempodetormentas.com\/wp-content\/uploads\/2025\/02\/Donald-y-Boris.jpg\",\"contentUrl\":\"https:\/\/tiempodetormentas.com\/wp-content\/uploads\/2025\/02\/Donald-y-Boris.jpg\",\"width\":414,\"height\":276},{\"@type\":\"BreadcrumbList\",\"@id\":\"https:\/\/tiempodetormentas.com\/humanidad\/reino-unido-y-ee-uu-en-busca-de-la-destruccion-de-la-u-e\/#breadcrumb\",\"itemListElement\":[{\"@type\":\"ListItem\",\"position\":1,\"name\":\"Portada\",\"item\":\"https:\/\/tiempodetormentas.com\/\"},{\"@type\":\"ListItem\",\"position\":2,\"name\":\"Reino Unido y EE.UU: La historia de nuestros malos vecinos\"}]},{\"@type\":\"WebSite\",\"@id\":\"https:\/\/tiempodetormentas.com\/#website\",\"url\":\"https:\/\/tiempodetormentas.com\/\",\"name\":\"Tiempo de Tormentas\",\"description\":\"Edita el club de la bruma\",\"publisher\":{\"@id\":\"https:\/\/tiempodetormentas.com\/#organization\"},\"potentialAction\":[{\"@type\":\"SearchAction\",\"target\":{\"@type\":\"EntryPoint\",\"urlTemplate\":\"https:\/\/tiempodetormentas.com\/?s={search_term_string}\"},\"query-input\":{\"@type\":\"PropertyValueSpecification\",\"valueRequired\":true,\"valueName\":\"search_term_string\"}}],\"inLanguage\":\"en-GB\"},{\"@type\":\"Organization\",\"@id\":\"https:\/\/tiempodetormentas.com\/#organization\",\"name\":\"Tiempo de Tormentas\",\"url\":\"https:\/\/tiempodetormentas.com\/\",\"logo\":{\"@type\":\"ImageObject\",\"inLanguage\":\"en-GB\",\"@id\":\"https:\/\/tiempodetormentas.com\/#\/schema\/logo\/image\/\",\"url\":\"https:\/\/tiempodetormentas.com\/wp-content\/uploads\/2022\/01\/tiempo-de-tormentas.png\",\"contentUrl\":\"https:\/\/tiempodetormentas.com\/wp-content\/uploads\/2022\/01\/tiempo-de-tormentas.png\",\"width\":448,\"height\":121,\"caption\":\"Tiempo de Tormentas\"},\"image\":{\"@id\":\"https:\/\/tiempodetormentas.com\/#\/schema\/logo\/image\/\"}},{\"@type\":\"Person\",\"@id\":\"https:\/\/tiempodetormentas.com\/#\/schema\/person\/7e59b0ab3f525f413b127a9f2727eee7\",\"name\":\"Ray Lorens\",\"image\":{\"@type\":\"ImageObject\",\"inLanguage\":\"en-GB\",\"@id\":\"https:\/\/tiempodetormentas.com\/#\/schema\/person\/image\/\",\"url\":\"https:\/\/secure.gravatar.com\/avatar\/455622daf1ca0bf2f3b43adae4fc14ec90d08bdcfdbfc9c5f24527bb1d711a5a?s=96&d=mm&r=g\",\"contentUrl\":\"https:\/\/secure.gravatar.com\/avatar\/455622daf1ca0bf2f3b43adae4fc14ec90d08bdcfdbfc9c5f24527bb1d711a5a?s=96&d=mm&r=g\",\"caption\":\"Ray Lorens\"},\"description\":\"cineasta, escritor, periodista\",\"sameAs\":[\"https:\/\/tiempodetormentas.com\"],\"url\":\"https:\/\/tiempodetormentas.com\/en\/author\/ray\/\"}]}<\/script>\n<!-- \/ Yoast SEO plugin. -->","yoast_head_json":{"title":"Reino Unido y EE.UU: La historia de nuestros malos vecinos - Tiempo de Tormentas","robots":{"index":"index","follow":"follow","max-snippet":"max-snippet:-1","max-image-preview":"max-image-preview:large","max-video-preview":"max-video-preview:-1"},"canonical":"https:\/\/tiempodetormentas.com\/en\/humanidad\/reino-unido-y-ee-uu-en-busca-de-la-destruccion-de-la-u-e\/","og_locale":"en_GB","og_type":"article","og_title":"Reino Unido y EE.UU: La historia de nuestros malos vecinos - Tiempo de Tormentas","og_description":"Reino Unido y EE.UU: nuestros malos vecinos Foto: Margaret Thatcher lleg\u00f3 a decir que Ronald Reagan era el segundo hombre m\u00e1s importante de su vida, despu\u00e9s de su esposo. &nbsp; No es una novedad, salvo para la gente con miop\u00eda, que los Estados Unidos de Am\u00e9rica nunca vieron con buenos ojos el proyecto de integraci\u00f3n [&hellip;]","og_url":"https:\/\/tiempodetormentas.com\/en\/humanidad\/reino-unido-y-ee-uu-en-busca-de-la-destruccion-de-la-u-e\/","og_site_name":"Tiempo de Tormentas","article_published_time":"2025-02-17T00:38:46+00:00","article_modified_time":"2025-02-17T04:36:11+00:00","og_image":[{"width":414,"height":276,"url":"https:\/\/tiempodetormentas.com\/wp-content\/uploads\/2025\/02\/Donald-y-Boris.jpg","type":"image\/jpeg"}],"author":"Ray Lorens","twitter_card":"summary_large_image","twitter_misc":{"Written by":"Ray Lorens","Estimated reading time":"37 minutes"},"schema":{"@context":"https:\/\/schema.org","@graph":[{"@type":"Article","@id":"https:\/\/tiempodetormentas.com\/humanidad\/reino-unido-y-ee-uu-en-busca-de-la-destruccion-de-la-u-e\/#article","isPartOf":{"@id":"https:\/\/tiempodetormentas.com\/humanidad\/reino-unido-y-ee-uu-en-busca-de-la-destruccion-de-la-u-e\/"},"author":{"name":"Ray Lorens","@id":"https:\/\/tiempodetormentas.com\/#\/schema\/person\/7e59b0ab3f525f413b127a9f2727eee7"},"headline":"Reino Unido y EE.UU: La historia de nuestros malos vecinos","datePublished":"2025-02-17T00:38:46+00:00","dateModified":"2025-02-17T04:36:11+00:00","mainEntityOfPage":{"@id":"https:\/\/tiempodetormentas.com\/humanidad\/reino-unido-y-ee-uu-en-busca-de-la-destruccion-de-la-u-e\/"},"wordCount":7923,"commentCount":0,"publisher":{"@id":"https:\/\/tiempodetormentas.com\/#organization"},"image":{"@id":"https:\/\/tiempodetormentas.com\/humanidad\/reino-unido-y-ee-uu-en-busca-de-la-destruccion-de-la-u-e\/#primaryimage"},"thumbnailUrl":"https:\/\/tiempodetormentas.com\/wp-content\/uploads\/2025\/02\/Donald-y-Boris.jpg","articleSection":["Europa","Internacional","La Humanidad"],"inLanguage":"en-GB","potentialAction":[{"@type":"CommentAction","name":"Comment","target":["https:\/\/tiempodetormentas.com\/humanidad\/reino-unido-y-ee-uu-en-busca-de-la-destruccion-de-la-u-e\/#respond"]}]},{"@type":"WebPage","@id":"https:\/\/tiempodetormentas.com\/humanidad\/reino-unido-y-ee-uu-en-busca-de-la-destruccion-de-la-u-e\/","url":"https:\/\/tiempodetormentas.com\/humanidad\/reino-unido-y-ee-uu-en-busca-de-la-destruccion-de-la-u-e\/","name":"Reino Unido y EE.UU: La historia de nuestros malos vecinos - Tiempo de Tormentas","isPartOf":{"@id":"https:\/\/tiempodetormentas.com\/#website"},"primaryImageOfPage":{"@id":"https:\/\/tiempodetormentas.com\/humanidad\/reino-unido-y-ee-uu-en-busca-de-la-destruccion-de-la-u-e\/#primaryimage"},"image":{"@id":"https:\/\/tiempodetormentas.com\/humanidad\/reino-unido-y-ee-uu-en-busca-de-la-destruccion-de-la-u-e\/#primaryimage"},"thumbnailUrl":"https:\/\/tiempodetormentas.com\/wp-content\/uploads\/2025\/02\/Donald-y-Boris.jpg","datePublished":"2025-02-17T00:38:46+00:00","dateModified":"2025-02-17T04:36:11+00:00","breadcrumb":{"@id":"https:\/\/tiempodetormentas.com\/humanidad\/reino-unido-y-ee-uu-en-busca-de-la-destruccion-de-la-u-e\/#breadcrumb"},"inLanguage":"en-GB","potentialAction":[{"@type":"ReadAction","target":["https:\/\/tiempodetormentas.com\/humanidad\/reino-unido-y-ee-uu-en-busca-de-la-destruccion-de-la-u-e\/"]}]},{"@type":"ImageObject","inLanguage":"en-GB","@id":"https:\/\/tiempodetormentas.com\/humanidad\/reino-unido-y-ee-uu-en-busca-de-la-destruccion-de-la-u-e\/#primaryimage","url":"https:\/\/tiempodetormentas.com\/wp-content\/uploads\/2025\/02\/Donald-y-Boris.jpg","contentUrl":"https:\/\/tiempodetormentas.com\/wp-content\/uploads\/2025\/02\/Donald-y-Boris.jpg","width":414,"height":276},{"@type":"BreadcrumbList","@id":"https:\/\/tiempodetormentas.com\/humanidad\/reino-unido-y-ee-uu-en-busca-de-la-destruccion-de-la-u-e\/#breadcrumb","itemListElement":[{"@type":"ListItem","position":1,"name":"Portada","item":"https:\/\/tiempodetormentas.com\/"},{"@type":"ListItem","position":2,"name":"Reino Unido y EE.UU: La historia de nuestros malos vecinos"}]},{"@type":"WebSite","@id":"https:\/\/tiempodetormentas.com\/#website","url":"https:\/\/tiempodetormentas.com\/","name":"Tiempo de Tormentas","description":"Edita el club de la bruma","publisher":{"@id":"https:\/\/tiempodetormentas.com\/#organization"},"potentialAction":[{"@type":"SearchAction","target":{"@type":"EntryPoint","urlTemplate":"https:\/\/tiempodetormentas.com\/?s={search_term_string}"},"query-input":{"@type":"PropertyValueSpecification","valueRequired":true,"valueName":"search_term_string"}}],"inLanguage":"en-GB"},{"@type":"Organization","@id":"https:\/\/tiempodetormentas.com\/#organization","name":"Tiempo de Tormentas","url":"https:\/\/tiempodetormentas.com\/","logo":{"@type":"ImageObject","inLanguage":"en-GB","@id":"https:\/\/tiempodetormentas.com\/#\/schema\/logo\/image\/","url":"https:\/\/tiempodetormentas.com\/wp-content\/uploads\/2022\/01\/tiempo-de-tormentas.png","contentUrl":"https:\/\/tiempodetormentas.com\/wp-content\/uploads\/2022\/01\/tiempo-de-tormentas.png","width":448,"height":121,"caption":"Tiempo de Tormentas"},"image":{"@id":"https:\/\/tiempodetormentas.com\/#\/schema\/logo\/image\/"}},{"@type":"Person","@id":"https:\/\/tiempodetormentas.com\/#\/schema\/person\/7e59b0ab3f525f413b127a9f2727eee7","name":"Ray Lorens","image":{"@type":"ImageObject","inLanguage":"en-GB","@id":"https:\/\/tiempodetormentas.com\/#\/schema\/person\/image\/","url":"https:\/\/secure.gravatar.com\/avatar\/455622daf1ca0bf2f3b43adae4fc14ec90d08bdcfdbfc9c5f24527bb1d711a5a?s=96&d=mm&r=g","contentUrl":"https:\/\/secure.gravatar.com\/avatar\/455622daf1ca0bf2f3b43adae4fc14ec90d08bdcfdbfc9c5f24527bb1d711a5a?s=96&d=mm&r=g","caption":"Ray Lorens"},"description":"cineasta, escritor, periodista","sameAs":["https:\/\/tiempodetormentas.com"],"url":"https:\/\/tiempodetormentas.com\/en\/author\/ray\/"}]}},"_links":{"self":[{"href":"https:\/\/tiempodetormentas.com\/en\/wp-json\/wp\/v2\/posts\/1906","targetHints":{"allow":["GET"]}}],"collection":[{"href":"https:\/\/tiempodetormentas.com\/en\/wp-json\/wp\/v2\/posts"}],"about":[{"href":"https:\/\/tiempodetormentas.com\/en\/wp-json\/wp\/v2\/types\/post"}],"author":[{"embeddable":true,"href":"https:\/\/tiempodetormentas.com\/en\/wp-json\/wp\/v2\/users\/1"}],"replies":[{"embeddable":true,"href":"https:\/\/tiempodetormentas.com\/en\/wp-json\/wp\/v2\/comments?post=1906"}],"version-history":[{"count":5,"href":"https:\/\/tiempodetormentas.com\/en\/wp-json\/wp\/v2\/posts\/1906\/revisions"}],"predecessor-version":[{"id":1915,"href":"https:\/\/tiempodetormentas.com\/en\/wp-json\/wp\/v2\/posts\/1906\/revisions\/1915"}],"wp:featuredmedia":[{"embeddable":true,"href":"https:\/\/tiempodetormentas.com\/en\/wp-json\/wp\/v2\/media\/1910"}],"wp:attachment":[{"href":"https:\/\/tiempodetormentas.com\/en\/wp-json\/wp\/v2\/media?parent=1906"}],"wp:term":[{"taxonomy":"category","embeddable":true,"href":"https:\/\/tiempodetormentas.com\/en\/wp-json\/wp\/v2\/categories?post=1906"},{"taxonomy":"post_tag","embeddable":true,"href":"https:\/\/tiempodetormentas.com\/en\/wp-json\/wp\/v2\/tags?post=1906"}],"curies":[{"name":"wp","href":"https:\/\/api.w.org\/{rel}","templated":true}]}}