{"id":1553,"date":"2025-02-04T17:19:45","date_gmt":"2025-02-04T17:19:45","guid":{"rendered":"https:\/\/tiempodetormentas.com\/?p=1553"},"modified":"2025-02-09T00:10:37","modified_gmt":"2025-02-09T00:10:37","slug":"kaja-kallas-y-marc-rutter-traicionan-a-europa","status":"publish","type":"post","link":"https:\/\/tiempodetormentas.com\/en\/humanidad\/europa\/kaja-kallas-y-marc-rutter-traicionan-a-europa\/","title":{"rendered":"KAJA KALLAS Y MARC RUTTER TRAICIONAN A EUROPA"},"content":{"rendered":"<h1><strong>KAJA KALLAS Y MARC RUTTER MUESTRAN PUBLICAMENTE SU LEALTAD A LOS ESTADOS UNIDOS Y TRAICIONAN A DINAMARCA Y A EUROPA<\/strong><\/h1>\n<p><img decoding=\"async\" src=\"https:\/\/img.welt.de\/img\/politik\/ausland\/mobile252128298\/7467937777-ci23x11-w1200\/DWO-AP-Teaser-EU-Nato-Personal-pd-jpg.jpg\" alt=\"Mark Rutte und Kaja Kallas: Ein europ\u00e4isches Bollwerk gegen Putin - WELT\" \/><\/p>\n<p><em><span class=\"figure__caption--title\">Kaja Kallas y Mark Rutte. Welt<\/span><\/em><\/p>\n<h6>La alta Representante de la Uni\u00f3n Europeo de Exteriores y seguridad de la U.E.<br \/>\nEs hija de un pol\u00edtico Estonio, que en los \u00faltimos a\u00f1os de la URSS hab\u00eda desempe\u00f1ado importantes funciones en el r\u00e9gimen sovi\u00e9tico y que con gran habilidad ,una vez terminada la Uni\u00f3n Sovi\u00e9tica, lider\u00f3 un proceso de independencia de Estonia de la Federaci\u00f3n Rusa y que termin\u00f3 vulnerando los derechos civiles y pol\u00edticos del 40% de su poblaci\u00f3n s\u00f3lo por ser rusofona y que los dejaron siendo ap\u00e1tridas en el pa\u00eds d\u00f3nde hab\u00edan nacido ellos, sus padres y en algunos casos sus abuelos y tatarabuelos.<\/h6>\n<p>Kaja Kallas ha sido <strong>Primera Ministra de Polonia hasta hace pocos meses se\u00f1alaba que \u00ab<em>la guerra de Ucrania deb\u00eda de continuar hasta la derrota total de Rusia y que ha continuaci\u00f3n hab\u00eda que proceder a trocear Rusia\u00bb<\/em>.<\/strong><\/p>\n<p>El problema de estos pa\u00edses es que hab\u00edan sufrido mucho primero porque la mitad de Estonia dieron v\u00edtores a Hitler cuando entr\u00f3 y la otra mitad a Estal\u00edn cuando los liber\u00f3 del naz\u00edsmo. Y el problma de sus pol\u00edticos actuals est\u00e1n fijados con la idea no de la Rusia actual sino de la Rusia que fue con la Uni\u00f3n Sovi\u00e9tica.<\/p>\n<p>Y el problema es que las amenazas de Trump, no ya s\u00f3lo ha M\u00e9xico, a Canada, a Panam\u00e1, sino tambi\u00e9n a Dinamarca pretendi\u00e9ndola robar a ella y, por tanto, a la U.E el territorio de Dinamarca, <strong>lo m\u00e1s que se le ocurre en su discurso\u00a0 decir a la Alta Reprsentante de Asuntos Exteriores y de Defensa Kaja Kallas es decir que \u00ablas guerras comerciales no benefician a nadie\u00bb y luego dijo en voz muy bajita \u00bb a algunos de nosotros no les gusta todo de algunos de nuestros aliados pero que hay que acomodarse a los intereses de los Estados Unidos\u00bb<\/strong>.\u00a1 Verg\u00fcenza y deslealtad !<\/p>\n<p>Y en medio de esa tormenta dedica m\u00e1s del 50% de su discurso en tono triunfalista que hay que atacar a Rusia porque la guerra en Ucrania va muy bien. Y c\u00f3mo remate\u00a0 que \u00ablo que est\u00e1 pasando en Siria d\u00f3nde se est\u00e1 estableciendo un r\u00e9gimen yihadistas son muy buenas noticias\u00bb ( a pesar del tratamiento discriminatorio a la ministra alemana de exteriores) o no mencionando el horror de Gaza y s\u00f3lo trat\u00e1ndolo como una crisis humanitaria , no como un genocidio.<\/p>\n<p>Su fijaci\u00f3n contra Rusia le nubla la mente y la inhabilita para el objetivismo necesario para representar nuestros intereses y nuestra integridad.<\/p>\n<p><strong>Era el momento de defender a Dinamarca o de responder que si las amenazas americanas contra Europa continuaban la U.E responder\u00e1 contundentemente en su defensa y en la de Dinamarca. Pero hizo lo contrario. Y eso se llama traici\u00f3n.<\/strong><\/p>\n<p>Esta funcionaria Europea dej\u00f3 atr\u00e1s su patriotismo estonio sin terminar su mandato por el que cobraba 6.000 euros mensuales por aceptar\u00a0 un sueldo de 30.000 euros mensuales m\u00e1s dietas como Alta Representante de la U.E \u00bfc\u00f3mo perder la ocasi\u00f3n de su vida? antes dejar a Estonia sin Primera Ministra, claro.<\/p>\n<p><strong>Marc Rutter, preguntado que opinaba sobre las amenazas de EE.UU a Dinamarca y la U.E ha respondido:<\/strong> \u00abEstados Unidos tiene raz\u00f3n, hay que preocuparse mucho por el Atl\u00e1ntico norte y el Artico y vamos a hacerlo de la mano de Estados Unidos\u00bb. Es decir, el que fue Primer Ministro d Holanda y hoy Secretario General de la OTAN , puesto entre la espada y la pared, se le ha ca\u00eddo la careta y nos muestra desnuda su cara de <strong>TRAIDOR<\/strong><\/p>\n<p>Ursula Von der Leyen, Marc Rutter, Kaja Kallas, Josep Borrell y otros deber\u00edan recoger su pasaporte norteamericano otorgado por sus buenos servicios a los intereses de esa naci\u00f3n, que han contribuido a enriquecer a costa de empobrecer a Europa y aumentar nuestra dependencia hasta reducirnos a colonia USA y dejarnos en paz . <strong>Europa no debe de seguir pagando traidores.<\/strong><\/p>\n<p>El sue\u00f1o de una Europa Unida y federal , democr\u00e1tica y progresista sencillamente ha sido asesinado por todo este reba\u00f1o de mercenarios.<\/p>\n<p><strong>Un ej\u00e9rcito europeo debe de organizarse<\/strong> y hacerse realidad lo antes posible, pero s\u00f3lo con los estados miembros de la U.E, <strong>sin presencia ni del Reino Unido ni de Estados Unidos que tanto da\u00f1o han hecho al proceso de integraci\u00f3n y desarrollo europeo<\/strong> de nuestros pueblos.<\/p>\n<p><strong>La U.E en su conjunto deber\u00eda de abandonar la OTAN de inmediato y hacer una buena limpia de funcionarios desleales.<\/strong><\/p>\n<p>&nbsp;<\/p>\n<p>&nbsp;<\/p>\n<p>&nbsp;<\/p>\n<p>&nbsp;<\/p>","protected":false},"excerpt":{"rendered":"<p>KAJA KALLAS Y MARC RUTTER MUESTRAN PUBLICAMENTE SU LEALTAD A LOS ESTADOS UNIDOS Y TRAICIONAN A DINAMARCA Y A EUROPA Kaja Kallas y Mark Rutte. Welt La alta Representante de la Uni\u00f3n Europeo de Exteriores y seguridad de la U.E. Es hija de un pol\u00edtico Estonio, que en los \u00faltimos a\u00f1os de la URSS hab\u00eda [&hellip;]<\/p>","protected":false},"author":1,"featured_media":1554,"comment_status":"open","ping_status":"open","sticky":true,"template":"","format":"standard","meta":{"footnotes":""},"categories":[36,35,2],"tags":[],"class_list":{"0":"post-1553","1":"post","2":"type-post","3":"status-publish","4":"format-standard","5":"has-post-thumbnail","7":"category-europa","8":"category-internacional","9":"category-humanidad"},"yoast_head":"<!-- This site is optimized with the Yoast SEO plugin v26.2 - https:\/\/yoast.com\/wordpress\/plugins\/seo\/ -->\n<title>KAJA KALLAS Y MARC RUTTER TRAICIONAN A EUROPA - Tiempo de Tormentas<\/title>\n<meta name=\"robots\" content=\"index, follow, max-snippet:-1, max-image-preview:large, max-video-preview:-1\" \/>\n<link rel=\"canonical\" href=\"https:\/\/tiempodetormentas.com\/en\/humanidad\/europa\/kaja-kallas-y-marc-rutter-traicionan-a-europa\/\" \/>\n<meta property=\"og:locale\" content=\"en_GB\" \/>\n<meta property=\"og:type\" content=\"article\" \/>\n<meta property=\"og:title\" content=\"KAJA KALLAS Y MARC RUTTER TRAICIONAN A EUROPA - Tiempo de Tormentas\" \/>\n<meta property=\"og:description\" content=\"KAJA KALLAS Y MARC RUTTER MUESTRAN PUBLICAMENTE SU LEALTAD A LOS ESTADOS UNIDOS Y TRAICIONAN A DINAMARCA Y A EUROPA Kaja Kallas y Mark Rutte. Welt La alta Representante de la Uni\u00f3n Europeo de Exteriores y seguridad de la U.E. Es hija de un pol\u00edtico Estonio, que en los \u00faltimos a\u00f1os de la URSS hab\u00eda [&hellip;]\" \/>\n<meta property=\"og:url\" content=\"https:\/\/tiempodetormentas.com\/en\/humanidad\/europa\/kaja-kallas-y-marc-rutter-traicionan-a-europa\/\" \/>\n<meta property=\"og:site_name\" content=\"Tiempo de Tormentas\" \/>\n<meta property=\"article:published_time\" content=\"2025-02-04T17:19:45+00:00\" \/>\n<meta property=\"article:modified_time\" content=\"2025-02-09T00:10:37+00:00\" \/>\n<meta property=\"og:image\" content=\"https:\/\/tiempodetormentas.com\/wp-content\/uploads\/2025\/02\/kaja-y-marc.webp\" \/>\n\t<meta property=\"og:image:width\" content=\"685\" \/>\n\t<meta property=\"og:image:height\" content=\"457\" \/>\n\t<meta property=\"og:image:type\" content=\"image\/webp\" \/>\n<meta name=\"author\" content=\"Ray Lorens\" \/>\n<meta name=\"twitter:card\" content=\"summary_large_image\" \/>\n<meta name=\"twitter:label1\" content=\"Written by\" \/>\n\t<meta name=\"twitter:data1\" content=\"Ray Lorens\" \/>\n\t<meta name=\"twitter:label2\" content=\"Estimated reading time\" \/>\n\t<meta name=\"twitter:data2\" content=\"4 minutes\" \/>\n<script type=\"application\/ld+json\" class=\"yoast-schema-graph\">{\"@context\":\"https:\/\/schema.org\",\"@graph\":[{\"@type\":\"Article\",\"@id\":\"https:\/\/tiempodetormentas.com\/humanidad\/europa\/kaja-kallas-y-marc-rutter-traicionan-a-europa\/#article\",\"isPartOf\":{\"@id\":\"https:\/\/tiempodetormentas.com\/humanidad\/europa\/kaja-kallas-y-marc-rutter-traicionan-a-europa\/\"},\"author\":{\"name\":\"Ray Lorens\",\"@id\":\"https:\/\/tiempodetormentas.com\/#\/schema\/person\/7e59b0ab3f525f413b127a9f2727eee7\"},\"headline\":\"KAJA KALLAS Y MARC RUTTER TRAICIONAN A EUROPA\",\"datePublished\":\"2025-02-04T17:19:45+00:00\",\"dateModified\":\"2025-02-09T00:10:37+00:00\",\"mainEntityOfPage\":{\"@id\":\"https:\/\/tiempodetormentas.com\/humanidad\/europa\/kaja-kallas-y-marc-rutter-traicionan-a-europa\/\"},\"wordCount\":818,\"commentCount\":4,\"publisher\":{\"@id\":\"https:\/\/tiempodetormentas.com\/#organization\"},\"image\":{\"@id\":\"https:\/\/tiempodetormentas.com\/humanidad\/europa\/kaja-kallas-y-marc-rutter-traicionan-a-europa\/#primaryimage\"},\"thumbnailUrl\":\"https:\/\/tiempodetormentas.com\/wp-content\/uploads\/2025\/02\/kaja-y-marc.webp\",\"articleSection\":[\"Europa\",\"Internacional\",\"La Humanidad\"],\"inLanguage\":\"en-GB\",\"potentialAction\":[{\"@type\":\"CommentAction\",\"name\":\"Comment\",\"target\":[\"https:\/\/tiempodetormentas.com\/humanidad\/europa\/kaja-kallas-y-marc-rutter-traicionan-a-europa\/#respond\"]}]},{\"@type\":\"WebPage\",\"@id\":\"https:\/\/tiempodetormentas.com\/humanidad\/europa\/kaja-kallas-y-marc-rutter-traicionan-a-europa\/\",\"url\":\"https:\/\/tiempodetormentas.com\/humanidad\/europa\/kaja-kallas-y-marc-rutter-traicionan-a-europa\/\",\"name\":\"KAJA KALLAS Y MARC RUTTER TRAICIONAN A EUROPA - Tiempo de Tormentas\",\"isPartOf\":{\"@id\":\"https:\/\/tiempodetormentas.com\/#website\"},\"primaryImageOfPage\":{\"@id\":\"https:\/\/tiempodetormentas.com\/humanidad\/europa\/kaja-kallas-y-marc-rutter-traicionan-a-europa\/#primaryimage\"},\"image\":{\"@id\":\"https:\/\/tiempodetormentas.com\/humanidad\/europa\/kaja-kallas-y-marc-rutter-traicionan-a-europa\/#primaryimage\"},\"thumbnailUrl\":\"https:\/\/tiempodetormentas.com\/wp-content\/uploads\/2025\/02\/kaja-y-marc.webp\",\"datePublished\":\"2025-02-04T17:19:45+00:00\",\"dateModified\":\"2025-02-09T00:10:37+00:00\",\"breadcrumb\":{\"@id\":\"https:\/\/tiempodetormentas.com\/humanidad\/europa\/kaja-kallas-y-marc-rutter-traicionan-a-europa\/#breadcrumb\"},\"inLanguage\":\"en-GB\",\"potentialAction\":[{\"@type\":\"ReadAction\",\"target\":[\"https:\/\/tiempodetormentas.com\/humanidad\/europa\/kaja-kallas-y-marc-rutter-traicionan-a-europa\/\"]}]},{\"@type\":\"ImageObject\",\"inLanguage\":\"en-GB\",\"@id\":\"https:\/\/tiempodetormentas.com\/humanidad\/europa\/kaja-kallas-y-marc-rutter-traicionan-a-europa\/#primaryimage\",\"url\":\"https:\/\/tiempodetormentas.com\/wp-content\/uploads\/2025\/02\/kaja-y-marc.webp\",\"contentUrl\":\"https:\/\/tiempodetormentas.com\/wp-content\/uploads\/2025\/02\/kaja-y-marc.webp\",\"width\":685,\"height\":457},{\"@type\":\"BreadcrumbList\",\"@id\":\"https:\/\/tiempodetormentas.com\/humanidad\/europa\/kaja-kallas-y-marc-rutter-traicionan-a-europa\/#breadcrumb\",\"itemListElement\":[{\"@type\":\"ListItem\",\"position\":1,\"name\":\"Portada\",\"item\":\"https:\/\/tiempodetormentas.com\/\"},{\"@type\":\"ListItem\",\"position\":2,\"name\":\"KAJA KALLAS Y MARC RUTTER TRAICIONAN A EUROPA\"}]},{\"@type\":\"WebSite\",\"@id\":\"https:\/\/tiempodetormentas.com\/#website\",\"url\":\"https:\/\/tiempodetormentas.com\/\",\"name\":\"Tiempo de Tormentas\",\"description\":\"Edita el club de la bruma\",\"publisher\":{\"@id\":\"https:\/\/tiempodetormentas.com\/#organization\"},\"potentialAction\":[{\"@type\":\"SearchAction\",\"target\":{\"@type\":\"EntryPoint\",\"urlTemplate\":\"https:\/\/tiempodetormentas.com\/?s={search_term_string}\"},\"query-input\":{\"@type\":\"PropertyValueSpecification\",\"valueRequired\":true,\"valueName\":\"search_term_string\"}}],\"inLanguage\":\"en-GB\"},{\"@type\":\"Organization\",\"@id\":\"https:\/\/tiempodetormentas.com\/#organization\",\"name\":\"Tiempo de Tormentas\",\"url\":\"https:\/\/tiempodetormentas.com\/\",\"logo\":{\"@type\":\"ImageObject\",\"inLanguage\":\"en-GB\",\"@id\":\"https:\/\/tiempodetormentas.com\/#\/schema\/logo\/image\/\",\"url\":\"https:\/\/tiempodetormentas.com\/wp-content\/uploads\/2022\/01\/tiempo-de-tormentas.png\",\"contentUrl\":\"https:\/\/tiempodetormentas.com\/wp-content\/uploads\/2022\/01\/tiempo-de-tormentas.png\",\"width\":448,\"height\":121,\"caption\":\"Tiempo de Tormentas\"},\"image\":{\"@id\":\"https:\/\/tiempodetormentas.com\/#\/schema\/logo\/image\/\"}},{\"@type\":\"Person\",\"@id\":\"https:\/\/tiempodetormentas.com\/#\/schema\/person\/7e59b0ab3f525f413b127a9f2727eee7\",\"name\":\"Ray Lorens\",\"image\":{\"@type\":\"ImageObject\",\"inLanguage\":\"en-GB\",\"@id\":\"https:\/\/tiempodetormentas.com\/#\/schema\/person\/image\/\",\"url\":\"https:\/\/secure.gravatar.com\/avatar\/455622daf1ca0bf2f3b43adae4fc14ec90d08bdcfdbfc9c5f24527bb1d711a5a?s=96&d=mm&r=g\",\"contentUrl\":\"https:\/\/secure.gravatar.com\/avatar\/455622daf1ca0bf2f3b43adae4fc14ec90d08bdcfdbfc9c5f24527bb1d711a5a?s=96&d=mm&r=g\",\"caption\":\"Ray Lorens\"},\"description\":\"cineasta, escritor, periodista\",\"sameAs\":[\"https:\/\/tiempodetormentas.com\"],\"url\":\"https:\/\/tiempodetormentas.com\/en\/author\/ray\/\"}]}<\/script>\n<!-- \/ Yoast SEO plugin. -->","yoast_head_json":{"title":"KAJA KALLAS Y MARC RUTTER TRAICIONAN A EUROPA - Tiempo de Tormentas","robots":{"index":"index","follow":"follow","max-snippet":"max-snippet:-1","max-image-preview":"max-image-preview:large","max-video-preview":"max-video-preview:-1"},"canonical":"https:\/\/tiempodetormentas.com\/en\/humanidad\/europa\/kaja-kallas-y-marc-rutter-traicionan-a-europa\/","og_locale":"en_GB","og_type":"article","og_title":"KAJA KALLAS Y MARC RUTTER TRAICIONAN A EUROPA - Tiempo de Tormentas","og_description":"KAJA KALLAS Y MARC RUTTER MUESTRAN PUBLICAMENTE SU LEALTAD A LOS ESTADOS UNIDOS Y TRAICIONAN A DINAMARCA Y A EUROPA Kaja Kallas y Mark Rutte. Welt La alta Representante de la Uni\u00f3n Europeo de Exteriores y seguridad de la U.E. Es hija de un pol\u00edtico Estonio, que en los \u00faltimos a\u00f1os de la URSS hab\u00eda [&hellip;]","og_url":"https:\/\/tiempodetormentas.com\/en\/humanidad\/europa\/kaja-kallas-y-marc-rutter-traicionan-a-europa\/","og_site_name":"Tiempo de Tormentas","article_published_time":"2025-02-04T17:19:45+00:00","article_modified_time":"2025-02-09T00:10:37+00:00","og_image":[{"width":685,"height":457,"url":"https:\/\/tiempodetormentas.com\/wp-content\/uploads\/2025\/02\/kaja-y-marc.webp","type":"image\/webp"}],"author":"Ray Lorens","twitter_card":"summary_large_image","twitter_misc":{"Written by":"Ray Lorens","Estimated reading time":"4 minutes"},"schema":{"@context":"https:\/\/schema.org","@graph":[{"@type":"Article","@id":"https:\/\/tiempodetormentas.com\/humanidad\/europa\/kaja-kallas-y-marc-rutter-traicionan-a-europa\/#article","isPartOf":{"@id":"https:\/\/tiempodetormentas.com\/humanidad\/europa\/kaja-kallas-y-marc-rutter-traicionan-a-europa\/"},"author":{"name":"Ray Lorens","@id":"https:\/\/tiempodetormentas.com\/#\/schema\/person\/7e59b0ab3f525f413b127a9f2727eee7"},"headline":"KAJA KALLAS Y MARC RUTTER TRAICIONAN A EUROPA","datePublished":"2025-02-04T17:19:45+00:00","dateModified":"2025-02-09T00:10:37+00:00","mainEntityOfPage":{"@id":"https:\/\/tiempodetormentas.com\/humanidad\/europa\/kaja-kallas-y-marc-rutter-traicionan-a-europa\/"},"wordCount":818,"commentCount":4,"publisher":{"@id":"https:\/\/tiempodetormentas.com\/#organization"},"image":{"@id":"https:\/\/tiempodetormentas.com\/humanidad\/europa\/kaja-kallas-y-marc-rutter-traicionan-a-europa\/#primaryimage"},"thumbnailUrl":"https:\/\/tiempodetormentas.com\/wp-content\/uploads\/2025\/02\/kaja-y-marc.webp","articleSection":["Europa","Internacional","La Humanidad"],"inLanguage":"en-GB","potentialAction":[{"@type":"CommentAction","name":"Comment","target":["https:\/\/tiempodetormentas.com\/humanidad\/europa\/kaja-kallas-y-marc-rutter-traicionan-a-europa\/#respond"]}]},{"@type":"WebPage","@id":"https:\/\/tiempodetormentas.com\/humanidad\/europa\/kaja-kallas-y-marc-rutter-traicionan-a-europa\/","url":"https:\/\/tiempodetormentas.com\/humanidad\/europa\/kaja-kallas-y-marc-rutter-traicionan-a-europa\/","name":"KAJA KALLAS Y MARC RUTTER TRAICIONAN A EUROPA - Tiempo de Tormentas","isPartOf":{"@id":"https:\/\/tiempodetormentas.com\/#website"},"primaryImageOfPage":{"@id":"https:\/\/tiempodetormentas.com\/humanidad\/europa\/kaja-kallas-y-marc-rutter-traicionan-a-europa\/#primaryimage"},"image":{"@id":"https:\/\/tiempodetormentas.com\/humanidad\/europa\/kaja-kallas-y-marc-rutter-traicionan-a-europa\/#primaryimage"},"thumbnailUrl":"https:\/\/tiempodetormentas.com\/wp-content\/uploads\/2025\/02\/kaja-y-marc.webp","datePublished":"2025-02-04T17:19:45+00:00","dateModified":"2025-02-09T00:10:37+00:00","breadcrumb":{"@id":"https:\/\/tiempodetormentas.com\/humanidad\/europa\/kaja-kallas-y-marc-rutter-traicionan-a-europa\/#breadcrumb"},"inLanguage":"en-GB","potentialAction":[{"@type":"ReadAction","target":["https:\/\/tiempodetormentas.com\/humanidad\/europa\/kaja-kallas-y-marc-rutter-traicionan-a-europa\/"]}]},{"@type":"ImageObject","inLanguage":"en-GB","@id":"https:\/\/tiempodetormentas.com\/humanidad\/europa\/kaja-kallas-y-marc-rutter-traicionan-a-europa\/#primaryimage","url":"https:\/\/tiempodetormentas.com\/wp-content\/uploads\/2025\/02\/kaja-y-marc.webp","contentUrl":"https:\/\/tiempodetormentas.com\/wp-content\/uploads\/2025\/02\/kaja-y-marc.webp","width":685,"height":457},{"@type":"BreadcrumbList","@id":"https:\/\/tiempodetormentas.com\/humanidad\/europa\/kaja-kallas-y-marc-rutter-traicionan-a-europa\/#breadcrumb","itemListElement":[{"@type":"ListItem","position":1,"name":"Portada","item":"https:\/\/tiempodetormentas.com\/"},{"@type":"ListItem","position":2,"name":"KAJA KALLAS Y MARC RUTTER TRAICIONAN A EUROPA"}]},{"@type":"WebSite","@id":"https:\/\/tiempodetormentas.com\/#website","url":"https:\/\/tiempodetormentas.com\/","name":"Tiempo de Tormentas","description":"Edita el club de la bruma","publisher":{"@id":"https:\/\/tiempodetormentas.com\/#organization"},"potentialAction":[{"@type":"SearchAction","target":{"@type":"EntryPoint","urlTemplate":"https:\/\/tiempodetormentas.com\/?s={search_term_string}"},"query-input":{"@type":"PropertyValueSpecification","valueRequired":true,"valueName":"search_term_string"}}],"inLanguage":"en-GB"},{"@type":"Organization","@id":"https:\/\/tiempodetormentas.com\/#organization","name":"Tiempo de Tormentas","url":"https:\/\/tiempodetormentas.com\/","logo":{"@type":"ImageObject","inLanguage":"en-GB","@id":"https:\/\/tiempodetormentas.com\/#\/schema\/logo\/image\/","url":"https:\/\/tiempodetormentas.com\/wp-content\/uploads\/2022\/01\/tiempo-de-tormentas.png","contentUrl":"https:\/\/tiempodetormentas.com\/wp-content\/uploads\/2022\/01\/tiempo-de-tormentas.png","width":448,"height":121,"caption":"Tiempo de Tormentas"},"image":{"@id":"https:\/\/tiempodetormentas.com\/#\/schema\/logo\/image\/"}},{"@type":"Person","@id":"https:\/\/tiempodetormentas.com\/#\/schema\/person\/7e59b0ab3f525f413b127a9f2727eee7","name":"Ray Lorens","image":{"@type":"ImageObject","inLanguage":"en-GB","@id":"https:\/\/tiempodetormentas.com\/#\/schema\/person\/image\/","url":"https:\/\/secure.gravatar.com\/avatar\/455622daf1ca0bf2f3b43adae4fc14ec90d08bdcfdbfc9c5f24527bb1d711a5a?s=96&d=mm&r=g","contentUrl":"https:\/\/secure.gravatar.com\/avatar\/455622daf1ca0bf2f3b43adae4fc14ec90d08bdcfdbfc9c5f24527bb1d711a5a?s=96&d=mm&r=g","caption":"Ray Lorens"},"description":"cineasta, escritor, periodista","sameAs":["https:\/\/tiempodetormentas.com"],"url":"https:\/\/tiempodetormentas.com\/en\/author\/ray\/"}]}},"_links":{"self":[{"href":"https:\/\/tiempodetormentas.com\/en\/wp-json\/wp\/v2\/posts\/1553","targetHints":{"allow":["GET"]}}],"collection":[{"href":"https:\/\/tiempodetormentas.com\/en\/wp-json\/wp\/v2\/posts"}],"about":[{"href":"https:\/\/tiempodetormentas.com\/en\/wp-json\/wp\/v2\/types\/post"}],"author":[{"embeddable":true,"href":"https:\/\/tiempodetormentas.com\/en\/wp-json\/wp\/v2\/users\/1"}],"replies":[{"embeddable":true,"href":"https:\/\/tiempodetormentas.com\/en\/wp-json\/wp\/v2\/comments?post=1553"}],"version-history":[{"count":4,"href":"https:\/\/tiempodetormentas.com\/en\/wp-json\/wp\/v2\/posts\/1553\/revisions"}],"predecessor-version":[{"id":1558,"href":"https:\/\/tiempodetormentas.com\/en\/wp-json\/wp\/v2\/posts\/1553\/revisions\/1558"}],"wp:featuredmedia":[{"embeddable":true,"href":"https:\/\/tiempodetormentas.com\/en\/wp-json\/wp\/v2\/media\/1554"}],"wp:attachment":[{"href":"https:\/\/tiempodetormentas.com\/en\/wp-json\/wp\/v2\/media?parent=1553"}],"wp:term":[{"taxonomy":"category","embeddable":true,"href":"https:\/\/tiempodetormentas.com\/en\/wp-json\/wp\/v2\/categories?post=1553"},{"taxonomy":"post_tag","embeddable":true,"href":"https:\/\/tiempodetormentas.com\/en\/wp-json\/wp\/v2\/tags?post=1553"}],"curies":[{"name":"wp","href":"https:\/\/api.w.org\/{rel}","templated":true}]}}