{"id":1403,"date":"2025-01-29T20:18:14","date_gmt":"2025-01-29T20:18:14","guid":{"rendered":"https:\/\/tiempodetormentas.com\/?p=1403"},"modified":"2025-01-29T20:19:20","modified_gmt":"2025-01-29T20:19:20","slug":"agraden-al-alumno-que-denuncio-excursion-al-valle-de-los-caidos","status":"publish","type":"post","link":"https:\/\/tiempodetormentas.com\/en\/humanidad\/agraden-al-alumno-que-denuncio-excursion-al-valle-de-los-caidos\/","title":{"rendered":"AGRADEN AL ALUMNO QUE DENUNCI\u00d3 EXCURSI\u00d3N AL VALLE DE LOS CA\u00cdDOS"},"content":{"rendered":"<h1 class=\"c-detail__title\"><strong>Agreden al estudiante que denunci\u00f3 la excursi\u00f3n al Valle de los Ca\u00eddos del N\u00fa\u00f1ez de Arce: \u00abRojo de mierda\u00bb<\/strong><\/h1>\n<p>Seg\u00fan informa el Diario de Valladolid en su edici\u00f3n de hoy:<\/p>\n<p>El portavoz del Sindicatos de Estudiantes de Castilla y Le\u00f3n, V\u00edctor Mart\u00ednez, asegura haber sido \u00abviolentamente agredido por dos energ\u00famenos de extrema derecha\u00bb<\/p>\n<p><img loading=\"lazy\" decoding=\"async\" class=\"aligncenter size-full wp-image-1404\" src=\"https:\/\/tiempodetormentas.com\/wp-content\/uploads\/2025\/01\/ALUMNO-AGREDIDO.jpeg\" alt=\"\" width=\"990\" height=\"660\" srcset=\"https:\/\/tiempodetormentas.com\/wp-content\/uploads\/2025\/01\/ALUMNO-AGREDIDO.jpeg 990w, https:\/\/tiempodetormentas.com\/wp-content\/uploads\/2025\/01\/ALUMNO-AGREDIDO-300x200.jpeg 300w, https:\/\/tiempodetormentas.com\/wp-content\/uploads\/2025\/01\/ALUMNO-AGREDIDO-768x512.jpeg 768w, https:\/\/tiempodetormentas.com\/wp-content\/uploads\/2025\/01\/ALUMNO-AGREDIDO-630x420.jpeg 630w, https:\/\/tiempodetormentas.com\/wp-content\/uploads\/2025\/01\/ALUMNO-AGREDIDO-150x100.jpeg 150w, https:\/\/tiempodetormentas.com\/wp-content\/uploads\/2025\/01\/ALUMNO-AGREDIDO-696x464.jpeg 696w\" sizes=\"auto, (max-width: 990px) 100vw, 990px\" \/><\/p>\n<p class=\"paragraph\">Denuncian una<b>\u00a0\u00abagresi\u00f3n fascista\u00bb\u00a0<\/b>al portavoz del Sindicato de Estudiantes, V\u00edctor Mart\u00ednez, quien ha sido la cara visible de las acciones sindicales sobre la pol\u00e9mica excursi\u00f3n al Valle de los Ca\u00eddos del instituto vallisoletano del N\u00fa\u00f1ez de Arce. \u00abV\u00edctor Mart\u00ednez\u00a0<b>fue violentamente agredido por dos energ\u00famenos de extrema derecha de su propio instituto<\/b>. Mientras recib\u00eda golpes e insultos, el profesor que presenci\u00f3 esta agresi\u00f3n no hizo nada para detenerla\u00bb, denuncian en un comunicado.<\/p>\n<p class=\"paragraph\">Este joven, estudiante del centro de Formaci\u00f3n Profesional B\u00e1sica de La Salle Managua de Palencia, denunci\u00f3 en los \u00faltimos tiempos los c\u00e1nticos fascistas que, seg\u00fan su sindicato, profirieron varios alumnos del N\u00fa\u00f1ez en la ya famosa excursi\u00f3n al Valle de Cuelgamuros. En su escrito, la organizaci\u00f3n tambi\u00e9n carga contra las autoridades educativas por no \u00absancionar\u00bb este viaje escolar. \u00abEsta denuncia tuvo gran repercusi\u00f3n medi\u00e1tica pero\u00a0<b>las autoridades educativas no han hecho nada por sancionar estos hechos<\/b>. Ahora nuestro compa\u00f1ero es v\u00edctima de una agresi\u00f3n de dos fascistas que lo golpearon\u00a0<b>al grito de &#8216;rojo de mierda&#8217;, &#8216;te la est\u00e1s ganando&#8217; y &#8216;hay otros preguntando d\u00f3nde vives&#8217;<\/b>\u00ab, critica a trav\u00e9s de un duro comunicado.<\/p>","protected":false},"excerpt":{"rendered":"<p>Agreden al estudiante que denunci\u00f3 la excursi\u00f3n al Valle de los Ca\u00eddos del N\u00fa\u00f1ez de Arce: \u00abRojo de mierda\u00bb Seg\u00fan informa el Diario de Valladolid en su edici\u00f3n de hoy: El portavoz del Sindicatos de Estudiantes de Castilla y Le\u00f3n, V\u00edctor Mart\u00ednez, asegura haber sido \u00abviolentamente agredido por dos energ\u00famenos de extrema derecha\u00bb Denuncian una\u00a0\u00abagresi\u00f3n [&hellip;]<\/p>","protected":false},"author":8,"featured_media":1404,"comment_status":"open","ping_status":"open","sticky":false,"template":"","format":"standard","meta":{"footnotes":""},"categories":[37,2],"tags":[],"class_list":["post-1403","post","type-post","status-publish","format-standard","has-post-thumbnail","category-espana","category-humanidad"],"yoast_head":"<!-- This site is optimized with the Yoast SEO plugin v26.2 - https:\/\/yoast.com\/wordpress\/plugins\/seo\/ -->\n<title>AGRADEN AL ALUMNO QUE DENUNCI\u00d3 EXCURSI\u00d3N AL VALLE DE LOS CA\u00cdDOS - Tiempo de Tormentas<\/title>\n<meta name=\"robots\" content=\"index, follow, max-snippet:-1, max-image-preview:large, max-video-preview:-1\" \/>\n<link rel=\"canonical\" href=\"https:\/\/tiempodetormentas.com\/en\/humanidad\/agraden-al-alumno-que-denuncio-excursion-al-valle-de-los-caidos\/\" \/>\n<meta property=\"og:locale\" content=\"en_GB\" \/>\n<meta property=\"og:type\" content=\"article\" \/>\n<meta property=\"og:title\" content=\"AGRADEN AL ALUMNO QUE DENUNCI\u00d3 EXCURSI\u00d3N AL VALLE DE LOS CA\u00cdDOS - Tiempo de Tormentas\" \/>\n<meta property=\"og:description\" content=\"Agreden al estudiante que denunci\u00f3 la excursi\u00f3n al Valle de los Ca\u00eddos del N\u00fa\u00f1ez de Arce: \u00abRojo de mierda\u00bb Seg\u00fan informa el Diario de Valladolid en su edici\u00f3n de hoy: El portavoz del Sindicatos de Estudiantes de Castilla y Le\u00f3n, V\u00edctor Mart\u00ednez, asegura haber sido \u00abviolentamente agredido por dos energ\u00famenos de extrema derecha\u00bb Denuncian una\u00a0\u00abagresi\u00f3n [&hellip;]\" \/>\n<meta property=\"og:url\" content=\"https:\/\/tiempodetormentas.com\/en\/humanidad\/agraden-al-alumno-que-denuncio-excursion-al-valle-de-los-caidos\/\" \/>\n<meta property=\"og:site_name\" content=\"Tiempo de Tormentas\" \/>\n<meta property=\"article:published_time\" content=\"2025-01-29T20:18:14+00:00\" \/>\n<meta property=\"article:modified_time\" content=\"2025-01-29T20:19:20+00:00\" \/>\n<meta property=\"og:image\" content=\"https:\/\/tiempodetormentas.com\/wp-content\/uploads\/2025\/01\/ALUMNO-AGREDIDO.jpeg\" \/>\n\t<meta property=\"og:image:width\" content=\"990\" \/>\n\t<meta property=\"og:image:height\" content=\"660\" \/>\n\t<meta property=\"og:image:type\" content=\"image\/jpeg\" \/>\n<meta name=\"author\" content=\"Tiempo de Tormentas\" \/>\n<meta name=\"twitter:card\" content=\"summary_large_image\" \/>\n<meta name=\"twitter:label1\" content=\"Written by\" \/>\n\t<meta name=\"twitter:data1\" content=\"Tiempo de Tormentas\" \/>\n\t<meta name=\"twitter:label2\" content=\"Estimated reading time\" \/>\n\t<meta name=\"twitter:data2\" content=\"2 minutes\" \/>\n<script type=\"application\/ld+json\" class=\"yoast-schema-graph\">{\"@context\":\"https:\/\/schema.org\",\"@graph\":[{\"@type\":\"Article\",\"@id\":\"https:\/\/tiempodetormentas.com\/humanidad\/agraden-al-alumno-que-denuncio-excursion-al-valle-de-los-caidos\/#article\",\"isPartOf\":{\"@id\":\"https:\/\/tiempodetormentas.com\/humanidad\/agraden-al-alumno-que-denuncio-excursion-al-valle-de-los-caidos\/\"},\"author\":{\"name\":\"Tiempo de Tormentas\",\"@id\":\"https:\/\/tiempodetormentas.com\/#\/schema\/person\/f8c15d9e322a5a2a0529ae24c9bb4409\"},\"headline\":\"AGRADEN AL ALUMNO QUE DENUNCI\u00d3 EXCURSI\u00d3N AL VALLE DE LOS CA\u00cdDOS\",\"datePublished\":\"2025-01-29T20:18:14+00:00\",\"dateModified\":\"2025-01-29T20:19:20+00:00\",\"mainEntityOfPage\":{\"@id\":\"https:\/\/tiempodetormentas.com\/humanidad\/agraden-al-alumno-que-denuncio-excursion-al-valle-de-los-caidos\/\"},\"wordCount\":289,\"commentCount\":0,\"publisher\":{\"@id\":\"https:\/\/tiempodetormentas.com\/#organization\"},\"image\":{\"@id\":\"https:\/\/tiempodetormentas.com\/humanidad\/agraden-al-alumno-que-denuncio-excursion-al-valle-de-los-caidos\/#primaryimage\"},\"thumbnailUrl\":\"https:\/\/tiempodetormentas.com\/wp-content\/uploads\/2025\/01\/ALUMNO-AGREDIDO.jpeg\",\"articleSection\":[\"Espa\u00f1a\",\"La Humanidad\"],\"inLanguage\":\"en-GB\",\"potentialAction\":[{\"@type\":\"CommentAction\",\"name\":\"Comment\",\"target\":[\"https:\/\/tiempodetormentas.com\/humanidad\/agraden-al-alumno-que-denuncio-excursion-al-valle-de-los-caidos\/#respond\"]}]},{\"@type\":\"WebPage\",\"@id\":\"https:\/\/tiempodetormentas.com\/humanidad\/agraden-al-alumno-que-denuncio-excursion-al-valle-de-los-caidos\/\",\"url\":\"https:\/\/tiempodetormentas.com\/humanidad\/agraden-al-alumno-que-denuncio-excursion-al-valle-de-los-caidos\/\",\"name\":\"AGRADEN AL ALUMNO QUE DENUNCI\u00d3 EXCURSI\u00d3N AL VALLE DE LOS CA\u00cdDOS - Tiempo de Tormentas\",\"isPartOf\":{\"@id\":\"https:\/\/tiempodetormentas.com\/#website\"},\"primaryImageOfPage\":{\"@id\":\"https:\/\/tiempodetormentas.com\/humanidad\/agraden-al-alumno-que-denuncio-excursion-al-valle-de-los-caidos\/#primaryimage\"},\"image\":{\"@id\":\"https:\/\/tiempodetormentas.com\/humanidad\/agraden-al-alumno-que-denuncio-excursion-al-valle-de-los-caidos\/#primaryimage\"},\"thumbnailUrl\":\"https:\/\/tiempodetormentas.com\/wp-content\/uploads\/2025\/01\/ALUMNO-AGREDIDO.jpeg\",\"datePublished\":\"2025-01-29T20:18:14+00:00\",\"dateModified\":\"2025-01-29T20:19:20+00:00\",\"breadcrumb\":{\"@id\":\"https:\/\/tiempodetormentas.com\/humanidad\/agraden-al-alumno-que-denuncio-excursion-al-valle-de-los-caidos\/#breadcrumb\"},\"inLanguage\":\"en-GB\",\"potentialAction\":[{\"@type\":\"ReadAction\",\"target\":[\"https:\/\/tiempodetormentas.com\/humanidad\/agraden-al-alumno-que-denuncio-excursion-al-valle-de-los-caidos\/\"]}]},{\"@type\":\"ImageObject\",\"inLanguage\":\"en-GB\",\"@id\":\"https:\/\/tiempodetormentas.com\/humanidad\/agraden-al-alumno-que-denuncio-excursion-al-valle-de-los-caidos\/#primaryimage\",\"url\":\"https:\/\/tiempodetormentas.com\/wp-content\/uploads\/2025\/01\/ALUMNO-AGREDIDO.jpeg\",\"contentUrl\":\"https:\/\/tiempodetormentas.com\/wp-content\/uploads\/2025\/01\/ALUMNO-AGREDIDO.jpeg\",\"width\":990,\"height\":660},{\"@type\":\"BreadcrumbList\",\"@id\":\"https:\/\/tiempodetormentas.com\/humanidad\/agraden-al-alumno-que-denuncio-excursion-al-valle-de-los-caidos\/#breadcrumb\",\"itemListElement\":[{\"@type\":\"ListItem\",\"position\":1,\"name\":\"Portada\",\"item\":\"https:\/\/tiempodetormentas.com\/\"},{\"@type\":\"ListItem\",\"position\":2,\"name\":\"AGRADEN AL ALUMNO QUE DENUNCI\u00d3 EXCURSI\u00d3N AL VALLE DE LOS CA\u00cdDOS\"}]},{\"@type\":\"WebSite\",\"@id\":\"https:\/\/tiempodetormentas.com\/#website\",\"url\":\"https:\/\/tiempodetormentas.com\/\",\"name\":\"Tiempo de Tormentas\",\"description\":\"Edita el club de la bruma\",\"publisher\":{\"@id\":\"https:\/\/tiempodetormentas.com\/#organization\"},\"potentialAction\":[{\"@type\":\"SearchAction\",\"target\":{\"@type\":\"EntryPoint\",\"urlTemplate\":\"https:\/\/tiempodetormentas.com\/?s={search_term_string}\"},\"query-input\":{\"@type\":\"PropertyValueSpecification\",\"valueRequired\":true,\"valueName\":\"search_term_string\"}}],\"inLanguage\":\"en-GB\"},{\"@type\":\"Organization\",\"@id\":\"https:\/\/tiempodetormentas.com\/#organization\",\"name\":\"Tiempo de Tormentas\",\"url\":\"https:\/\/tiempodetormentas.com\/\",\"logo\":{\"@type\":\"ImageObject\",\"inLanguage\":\"en-GB\",\"@id\":\"https:\/\/tiempodetormentas.com\/#\/schema\/logo\/image\/\",\"url\":\"https:\/\/tiempodetormentas.com\/wp-content\/uploads\/2022\/01\/tiempo-de-tormentas.png\",\"contentUrl\":\"https:\/\/tiempodetormentas.com\/wp-content\/uploads\/2022\/01\/tiempo-de-tormentas.png\",\"width\":448,\"height\":121,\"caption\":\"Tiempo de Tormentas\"},\"image\":{\"@id\":\"https:\/\/tiempodetormentas.com\/#\/schema\/logo\/image\/\"}},{\"@type\":\"Person\",\"@id\":\"https:\/\/tiempodetormentas.com\/#\/schema\/person\/f8c15d9e322a5a2a0529ae24c9bb4409\",\"name\":\"Tiempo de Tormentas\",\"image\":{\"@type\":\"ImageObject\",\"inLanguage\":\"en-GB\",\"@id\":\"https:\/\/tiempodetormentas.com\/#\/schema\/person\/image\/\",\"url\":\"https:\/\/secure.gravatar.com\/avatar\/41ab5f71e764337e074e1cc8a08a5205b1c5c846b93c75fefbe2bec43bc13ab8?s=96&d=mm&r=g\",\"contentUrl\":\"https:\/\/secure.gravatar.com\/avatar\/41ab5f71e764337e074e1cc8a08a5205b1c5c846b93c75fefbe2bec43bc13ab8?s=96&d=mm&r=g\",\"caption\":\"Tiempo de Tormentas\"},\"url\":\"https:\/\/tiempodetormentas.com\/en\/author\/tiempo\/\"}]}<\/script>\n<!-- \/ Yoast SEO plugin. -->","yoast_head_json":{"title":"AGRADEN AL ALUMNO QUE DENUNCI\u00d3 EXCURSI\u00d3N AL VALLE DE LOS CA\u00cdDOS - Tiempo de Tormentas","robots":{"index":"index","follow":"follow","max-snippet":"max-snippet:-1","max-image-preview":"max-image-preview:large","max-video-preview":"max-video-preview:-1"},"canonical":"https:\/\/tiempodetormentas.com\/en\/humanidad\/agraden-al-alumno-que-denuncio-excursion-al-valle-de-los-caidos\/","og_locale":"en_GB","og_type":"article","og_title":"AGRADEN AL ALUMNO QUE DENUNCI\u00d3 EXCURSI\u00d3N AL VALLE DE LOS CA\u00cdDOS - Tiempo de Tormentas","og_description":"Agreden al estudiante que denunci\u00f3 la excursi\u00f3n al Valle de los Ca\u00eddos del N\u00fa\u00f1ez de Arce: \u00abRojo de mierda\u00bb Seg\u00fan informa el Diario de Valladolid en su edici\u00f3n de hoy: El portavoz del Sindicatos de Estudiantes de Castilla y Le\u00f3n, V\u00edctor Mart\u00ednez, asegura haber sido \u00abviolentamente agredido por dos energ\u00famenos de extrema derecha\u00bb Denuncian una\u00a0\u00abagresi\u00f3n [&hellip;]","og_url":"https:\/\/tiempodetormentas.com\/en\/humanidad\/agraden-al-alumno-que-denuncio-excursion-al-valle-de-los-caidos\/","og_site_name":"Tiempo de Tormentas","article_published_time":"2025-01-29T20:18:14+00:00","article_modified_time":"2025-01-29T20:19:20+00:00","og_image":[{"width":990,"height":660,"url":"https:\/\/tiempodetormentas.com\/wp-content\/uploads\/2025\/01\/ALUMNO-AGREDIDO.jpeg","type":"image\/jpeg"}],"author":"Tiempo de Tormentas","twitter_card":"summary_large_image","twitter_misc":{"Written by":"Tiempo de Tormentas","Estimated reading time":"2 minutes"},"schema":{"@context":"https:\/\/schema.org","@graph":[{"@type":"Article","@id":"https:\/\/tiempodetormentas.com\/humanidad\/agraden-al-alumno-que-denuncio-excursion-al-valle-de-los-caidos\/#article","isPartOf":{"@id":"https:\/\/tiempodetormentas.com\/humanidad\/agraden-al-alumno-que-denuncio-excursion-al-valle-de-los-caidos\/"},"author":{"name":"Tiempo de Tormentas","@id":"https:\/\/tiempodetormentas.com\/#\/schema\/person\/f8c15d9e322a5a2a0529ae24c9bb4409"},"headline":"AGRADEN AL ALUMNO QUE DENUNCI\u00d3 EXCURSI\u00d3N AL VALLE DE LOS CA\u00cdDOS","datePublished":"2025-01-29T20:18:14+00:00","dateModified":"2025-01-29T20:19:20+00:00","mainEntityOfPage":{"@id":"https:\/\/tiempodetormentas.com\/humanidad\/agraden-al-alumno-que-denuncio-excursion-al-valle-de-los-caidos\/"},"wordCount":289,"commentCount":0,"publisher":{"@id":"https:\/\/tiempodetormentas.com\/#organization"},"image":{"@id":"https:\/\/tiempodetormentas.com\/humanidad\/agraden-al-alumno-que-denuncio-excursion-al-valle-de-los-caidos\/#primaryimage"},"thumbnailUrl":"https:\/\/tiempodetormentas.com\/wp-content\/uploads\/2025\/01\/ALUMNO-AGREDIDO.jpeg","articleSection":["Espa\u00f1a","La Humanidad"],"inLanguage":"en-GB","potentialAction":[{"@type":"CommentAction","name":"Comment","target":["https:\/\/tiempodetormentas.com\/humanidad\/agraden-al-alumno-que-denuncio-excursion-al-valle-de-los-caidos\/#respond"]}]},{"@type":"WebPage","@id":"https:\/\/tiempodetormentas.com\/humanidad\/agraden-al-alumno-que-denuncio-excursion-al-valle-de-los-caidos\/","url":"https:\/\/tiempodetormentas.com\/humanidad\/agraden-al-alumno-que-denuncio-excursion-al-valle-de-los-caidos\/","name":"AGRADEN AL ALUMNO QUE DENUNCI\u00d3 EXCURSI\u00d3N AL VALLE DE LOS CA\u00cdDOS - Tiempo de Tormentas","isPartOf":{"@id":"https:\/\/tiempodetormentas.com\/#website"},"primaryImageOfPage":{"@id":"https:\/\/tiempodetormentas.com\/humanidad\/agraden-al-alumno-que-denuncio-excursion-al-valle-de-los-caidos\/#primaryimage"},"image":{"@id":"https:\/\/tiempodetormentas.com\/humanidad\/agraden-al-alumno-que-denuncio-excursion-al-valle-de-los-caidos\/#primaryimage"},"thumbnailUrl":"https:\/\/tiempodetormentas.com\/wp-content\/uploads\/2025\/01\/ALUMNO-AGREDIDO.jpeg","datePublished":"2025-01-29T20:18:14+00:00","dateModified":"2025-01-29T20:19:20+00:00","breadcrumb":{"@id":"https:\/\/tiempodetormentas.com\/humanidad\/agraden-al-alumno-que-denuncio-excursion-al-valle-de-los-caidos\/#breadcrumb"},"inLanguage":"en-GB","potentialAction":[{"@type":"ReadAction","target":["https:\/\/tiempodetormentas.com\/humanidad\/agraden-al-alumno-que-denuncio-excursion-al-valle-de-los-caidos\/"]}]},{"@type":"ImageObject","inLanguage":"en-GB","@id":"https:\/\/tiempodetormentas.com\/humanidad\/agraden-al-alumno-que-denuncio-excursion-al-valle-de-los-caidos\/#primaryimage","url":"https:\/\/tiempodetormentas.com\/wp-content\/uploads\/2025\/01\/ALUMNO-AGREDIDO.jpeg","contentUrl":"https:\/\/tiempodetormentas.com\/wp-content\/uploads\/2025\/01\/ALUMNO-AGREDIDO.jpeg","width":990,"height":660},{"@type":"BreadcrumbList","@id":"https:\/\/tiempodetormentas.com\/humanidad\/agraden-al-alumno-que-denuncio-excursion-al-valle-de-los-caidos\/#breadcrumb","itemListElement":[{"@type":"ListItem","position":1,"name":"Portada","item":"https:\/\/tiempodetormentas.com\/"},{"@type":"ListItem","position":2,"name":"AGRADEN AL ALUMNO QUE DENUNCI\u00d3 EXCURSI\u00d3N AL VALLE DE LOS CA\u00cdDOS"}]},{"@type":"WebSite","@id":"https:\/\/tiempodetormentas.com\/#website","url":"https:\/\/tiempodetormentas.com\/","name":"Tiempo de Tormentas","description":"Edita el club de la bruma","publisher":{"@id":"https:\/\/tiempodetormentas.com\/#organization"},"potentialAction":[{"@type":"SearchAction","target":{"@type":"EntryPoint","urlTemplate":"https:\/\/tiempodetormentas.com\/?s={search_term_string}"},"query-input":{"@type":"PropertyValueSpecification","valueRequired":true,"valueName":"search_term_string"}}],"inLanguage":"en-GB"},{"@type":"Organization","@id":"https:\/\/tiempodetormentas.com\/#organization","name":"Tiempo de Tormentas","url":"https:\/\/tiempodetormentas.com\/","logo":{"@type":"ImageObject","inLanguage":"en-GB","@id":"https:\/\/tiempodetormentas.com\/#\/schema\/logo\/image\/","url":"https:\/\/tiempodetormentas.com\/wp-content\/uploads\/2022\/01\/tiempo-de-tormentas.png","contentUrl":"https:\/\/tiempodetormentas.com\/wp-content\/uploads\/2022\/01\/tiempo-de-tormentas.png","width":448,"height":121,"caption":"Tiempo de Tormentas"},"image":{"@id":"https:\/\/tiempodetormentas.com\/#\/schema\/logo\/image\/"}},{"@type":"Person","@id":"https:\/\/tiempodetormentas.com\/#\/schema\/person\/f8c15d9e322a5a2a0529ae24c9bb4409","name":"Tiempo de Tormentas","image":{"@type":"ImageObject","inLanguage":"en-GB","@id":"https:\/\/tiempodetormentas.com\/#\/schema\/person\/image\/","url":"https:\/\/secure.gravatar.com\/avatar\/41ab5f71e764337e074e1cc8a08a5205b1c5c846b93c75fefbe2bec43bc13ab8?s=96&d=mm&r=g","contentUrl":"https:\/\/secure.gravatar.com\/avatar\/41ab5f71e764337e074e1cc8a08a5205b1c5c846b93c75fefbe2bec43bc13ab8?s=96&d=mm&r=g","caption":"Tiempo de Tormentas"},"url":"https:\/\/tiempodetormentas.com\/en\/author\/tiempo\/"}]}},"_links":{"self":[{"href":"https:\/\/tiempodetormentas.com\/en\/wp-json\/wp\/v2\/posts\/1403","targetHints":{"allow":["GET"]}}],"collection":[{"href":"https:\/\/tiempodetormentas.com\/en\/wp-json\/wp\/v2\/posts"}],"about":[{"href":"https:\/\/tiempodetormentas.com\/en\/wp-json\/wp\/v2\/types\/post"}],"author":[{"embeddable":true,"href":"https:\/\/tiempodetormentas.com\/en\/wp-json\/wp\/v2\/users\/8"}],"replies":[{"embeddable":true,"href":"https:\/\/tiempodetormentas.com\/en\/wp-json\/wp\/v2\/comments?post=1403"}],"version-history":[{"count":1,"href":"https:\/\/tiempodetormentas.com\/en\/wp-json\/wp\/v2\/posts\/1403\/revisions"}],"predecessor-version":[{"id":1405,"href":"https:\/\/tiempodetormentas.com\/en\/wp-json\/wp\/v2\/posts\/1403\/revisions\/1405"}],"wp:featuredmedia":[{"embeddable":true,"href":"https:\/\/tiempodetormentas.com\/en\/wp-json\/wp\/v2\/media\/1404"}],"wp:attachment":[{"href":"https:\/\/tiempodetormentas.com\/en\/wp-json\/wp\/v2\/media?parent=1403"}],"wp:term":[{"taxonomy":"category","embeddable":true,"href":"https:\/\/tiempodetormentas.com\/en\/wp-json\/wp\/v2\/categories?post=1403"},{"taxonomy":"post_tag","embeddable":true,"href":"https:\/\/tiempodetormentas.com\/en\/wp-json\/wp\/v2\/tags?post=1403"}],"curies":[{"name":"wp","href":"https:\/\/api.w.org\/{rel}","templated":true}]}}