{"id":1400,"date":"2025-01-29T20:01:12","date_gmt":"2025-01-29T20:01:12","guid":{"rendered":"https:\/\/tiempodetormentas.com\/?p=1400"},"modified":"2025-01-29T20:02:24","modified_gmt":"2025-01-29T20:02:24","slug":"arte-y-memoria","status":"publish","type":"post","link":"https:\/\/tiempodetormentas.com\/en\/cartelera\/arte-y-memoria\/","title":{"rendered":"ARTE Y MEMORIA"},"content":{"rendered":"<p><img loading=\"lazy\" decoding=\"async\" class=\"aligncenter size-full wp-image-1401\" src=\"https:\/\/tiempodetormentas.com\/wp-content\/uploads\/2025\/01\/cartel-aragones.jpg\" alt=\"\" width=\"1080\" height=\"1350\" srcset=\"https:\/\/tiempodetormentas.com\/wp-content\/uploads\/2025\/01\/cartel-aragones.jpg 1080w, https:\/\/tiempodetormentas.com\/wp-content\/uploads\/2025\/01\/cartel-aragones-240x300.jpg 240w, https:\/\/tiempodetormentas.com\/wp-content\/uploads\/2025\/01\/cartel-aragones-819x1024.jpg 819w, https:\/\/tiempodetormentas.com\/wp-content\/uploads\/2025\/01\/cartel-aragones-768x960.jpg 768w, https:\/\/tiempodetormentas.com\/wp-content\/uploads\/2025\/01\/cartel-aragones-336x420.jpg 336w, https:\/\/tiempodetormentas.com\/wp-content\/uploads\/2025\/01\/cartel-aragones-150x188.jpg 150w, https:\/\/tiempodetormentas.com\/wp-content\/uploads\/2025\/01\/cartel-aragones-300x375.jpg 300w, https:\/\/tiempodetormentas.com\/wp-content\/uploads\/2025\/01\/cartel-aragones-696x870.jpg 696w, https:\/\/tiempodetormentas.com\/wp-content\/uploads\/2025\/01\/cartel-aragones-1068x1335.jpg 1068w\" sizes=\"auto, (max-width: 1080px) 100vw, 1080px\" \/><\/p>\n<p><strong>Viernes 31 de enero 2025 a las 19.00h<\/strong><\/p>\n<p><strong>\u00c1NGEL ARAGON\u00c9S HABLAR\u00c1 DE ARTE Y MEMORIA<\/strong><\/p>\n<p><em>Un recorrido por nuestra historia reciente, desde los tiempos en que pintaba s mano carteles electorales y aun antes, en la oscuridad del franquismo.<\/em><br \/>\n<em>Una mirada a c\u00f3mo las Artes Pl\u00e1sticas fueron, y pueden ser, palancas del cambio social. Una reflexi\u00f3n sobre las relaciones entre Cultura y Trabajo.<\/em><\/p>\n<p><strong>Charla &#8211; Exposici\u00f3n y Coloquio &#8211; Debate entre los asistentes al acto.<\/strong><\/p>\n<p><strong>Entrada Libre<\/strong><\/p>","protected":false},"excerpt":{"rendered":"<p>Viernes 31 de enero 2025 a las 19.00h \u00c1NGEL ARAGON\u00c9S HABLAR\u00c1 DE ARTE Y MEMORIA Un recorrido por nuestra historia reciente, desde los tiempos en que pintaba s mano carteles electorales y aun antes, en la oscuridad del franquismo. Una mirada a c\u00f3mo las Artes Pl\u00e1sticas fueron, y pueden ser, palancas del cambio social. Una [&hellip;]<\/p>","protected":false},"author":8,"featured_media":1401,"comment_status":"open","ping_status":"open","sticky":false,"template":"","format":"standard","meta":{"footnotes":""},"categories":[8],"tags":[],"class_list":{"0":"post-1400","1":"post","2":"type-post","3":"status-publish","4":"format-standard","5":"has-post-thumbnail","7":"category-cartelera"},"yoast_head":"<!-- This site is optimized with the Yoast SEO plugin v26.2 - https:\/\/yoast.com\/wordpress\/plugins\/seo\/ -->\n<title>ARTE Y MEMORIA - Tiempo de Tormentas<\/title>\n<meta name=\"robots\" content=\"index, follow, max-snippet:-1, max-image-preview:large, max-video-preview:-1\" \/>\n<link rel=\"canonical\" href=\"https:\/\/tiempodetormentas.com\/en\/cartelera\/arte-y-memoria\/\" \/>\n<meta property=\"og:locale\" content=\"en_GB\" \/>\n<meta property=\"og:type\" content=\"article\" \/>\n<meta property=\"og:title\" content=\"ARTE Y MEMORIA - Tiempo de Tormentas\" \/>\n<meta property=\"og:description\" content=\"Viernes 31 de enero 2025 a las 19.00h \u00c1NGEL ARAGON\u00c9S HABLAR\u00c1 DE ARTE Y MEMORIA Un recorrido por nuestra historia reciente, desde los tiempos en que pintaba s mano carteles electorales y aun antes, en la oscuridad del franquismo. Una mirada a c\u00f3mo las Artes Pl\u00e1sticas fueron, y pueden ser, palancas del cambio social. Una [&hellip;]\" \/>\n<meta property=\"og:url\" content=\"https:\/\/tiempodetormentas.com\/en\/cartelera\/arte-y-memoria\/\" \/>\n<meta property=\"og:site_name\" content=\"Tiempo de Tormentas\" \/>\n<meta property=\"article:published_time\" content=\"2025-01-29T20:01:12+00:00\" \/>\n<meta property=\"article:modified_time\" content=\"2025-01-29T20:02:24+00:00\" \/>\n<meta property=\"og:image\" content=\"https:\/\/tiempodetormentas.com\/wp-content\/uploads\/2025\/01\/cartel-aragones.jpg\" \/>\n\t<meta property=\"og:image:width\" content=\"1080\" \/>\n\t<meta property=\"og:image:height\" content=\"1350\" \/>\n\t<meta property=\"og:image:type\" content=\"image\/jpeg\" \/>\n<meta name=\"author\" content=\"Tiempo de Tormentas\" \/>\n<meta name=\"twitter:card\" content=\"summary_large_image\" \/>\n<meta name=\"twitter:label1\" content=\"Written by\" \/>\n\t<meta name=\"twitter:data1\" content=\"Tiempo de Tormentas\" \/>\n\t<meta name=\"twitter:label2\" content=\"Estimated reading time\" \/>\n\t<meta name=\"twitter:data2\" content=\"1 minute\" \/>\n<script type=\"application\/ld+json\" class=\"yoast-schema-graph\">{\"@context\":\"https:\/\/schema.org\",\"@graph\":[{\"@type\":\"Article\",\"@id\":\"https:\/\/tiempodetormentas.com\/cartelera\/arte-y-memoria\/#article\",\"isPartOf\":{\"@id\":\"https:\/\/tiempodetormentas.com\/cartelera\/arte-y-memoria\/\"},\"author\":{\"name\":\"Tiempo de Tormentas\",\"@id\":\"https:\/\/tiempodetormentas.com\/#\/schema\/person\/f8c15d9e322a5a2a0529ae24c9bb4409\"},\"headline\":\"ARTE Y MEMORIA\",\"datePublished\":\"2025-01-29T20:01:12+00:00\",\"dateModified\":\"2025-01-29T20:02:24+00:00\",\"mainEntityOfPage\":{\"@id\":\"https:\/\/tiempodetormentas.com\/cartelera\/arte-y-memoria\/\"},\"wordCount\":83,\"commentCount\":0,\"publisher\":{\"@id\":\"https:\/\/tiempodetormentas.com\/#organization\"},\"image\":{\"@id\":\"https:\/\/tiempodetormentas.com\/cartelera\/arte-y-memoria\/#primaryimage\"},\"thumbnailUrl\":\"https:\/\/tiempodetormentas.com\/wp-content\/uploads\/2025\/01\/cartel-aragones.jpg\",\"articleSection\":[\"Cartelera\"],\"inLanguage\":\"en-GB\",\"potentialAction\":[{\"@type\":\"CommentAction\",\"name\":\"Comment\",\"target\":[\"https:\/\/tiempodetormentas.com\/cartelera\/arte-y-memoria\/#respond\"]}]},{\"@type\":\"WebPage\",\"@id\":\"https:\/\/tiempodetormentas.com\/cartelera\/arte-y-memoria\/\",\"url\":\"https:\/\/tiempodetormentas.com\/cartelera\/arte-y-memoria\/\",\"name\":\"ARTE Y MEMORIA - Tiempo de Tormentas\",\"isPartOf\":{\"@id\":\"https:\/\/tiempodetormentas.com\/#website\"},\"primaryImageOfPage\":{\"@id\":\"https:\/\/tiempodetormentas.com\/cartelera\/arte-y-memoria\/#primaryimage\"},\"image\":{\"@id\":\"https:\/\/tiempodetormentas.com\/cartelera\/arte-y-memoria\/#primaryimage\"},\"thumbnailUrl\":\"https:\/\/tiempodetormentas.com\/wp-content\/uploads\/2025\/01\/cartel-aragones.jpg\",\"datePublished\":\"2025-01-29T20:01:12+00:00\",\"dateModified\":\"2025-01-29T20:02:24+00:00\",\"breadcrumb\":{\"@id\":\"https:\/\/tiempodetormentas.com\/cartelera\/arte-y-memoria\/#breadcrumb\"},\"inLanguage\":\"en-GB\",\"potentialAction\":[{\"@type\":\"ReadAction\",\"target\":[\"https:\/\/tiempodetormentas.com\/cartelera\/arte-y-memoria\/\"]}]},{\"@type\":\"ImageObject\",\"inLanguage\":\"en-GB\",\"@id\":\"https:\/\/tiempodetormentas.com\/cartelera\/arte-y-memoria\/#primaryimage\",\"url\":\"https:\/\/tiempodetormentas.com\/wp-content\/uploads\/2025\/01\/cartel-aragones.jpg\",\"contentUrl\":\"https:\/\/tiempodetormentas.com\/wp-content\/uploads\/2025\/01\/cartel-aragones.jpg\",\"width\":1080,\"height\":1350},{\"@type\":\"BreadcrumbList\",\"@id\":\"https:\/\/tiempodetormentas.com\/cartelera\/arte-y-memoria\/#breadcrumb\",\"itemListElement\":[{\"@type\":\"ListItem\",\"position\":1,\"name\":\"Portada\",\"item\":\"https:\/\/tiempodetormentas.com\/\"},{\"@type\":\"ListItem\",\"position\":2,\"name\":\"ARTE Y MEMORIA\"}]},{\"@type\":\"WebSite\",\"@id\":\"https:\/\/tiempodetormentas.com\/#website\",\"url\":\"https:\/\/tiempodetormentas.com\/\",\"name\":\"Tiempo de Tormentas\",\"description\":\"Edita el club de la bruma\",\"publisher\":{\"@id\":\"https:\/\/tiempodetormentas.com\/#organization\"},\"potentialAction\":[{\"@type\":\"SearchAction\",\"target\":{\"@type\":\"EntryPoint\",\"urlTemplate\":\"https:\/\/tiempodetormentas.com\/?s={search_term_string}\"},\"query-input\":{\"@type\":\"PropertyValueSpecification\",\"valueRequired\":true,\"valueName\":\"search_term_string\"}}],\"inLanguage\":\"en-GB\"},{\"@type\":\"Organization\",\"@id\":\"https:\/\/tiempodetormentas.com\/#organization\",\"name\":\"Tiempo de Tormentas\",\"url\":\"https:\/\/tiempodetormentas.com\/\",\"logo\":{\"@type\":\"ImageObject\",\"inLanguage\":\"en-GB\",\"@id\":\"https:\/\/tiempodetormentas.com\/#\/schema\/logo\/image\/\",\"url\":\"https:\/\/tiempodetormentas.com\/wp-content\/uploads\/2022\/01\/tiempo-de-tormentas.png\",\"contentUrl\":\"https:\/\/tiempodetormentas.com\/wp-content\/uploads\/2022\/01\/tiempo-de-tormentas.png\",\"width\":448,\"height\":121,\"caption\":\"Tiempo de Tormentas\"},\"image\":{\"@id\":\"https:\/\/tiempodetormentas.com\/#\/schema\/logo\/image\/\"}},{\"@type\":\"Person\",\"@id\":\"https:\/\/tiempodetormentas.com\/#\/schema\/person\/f8c15d9e322a5a2a0529ae24c9bb4409\",\"name\":\"Tiempo de Tormentas\",\"image\":{\"@type\":\"ImageObject\",\"inLanguage\":\"en-GB\",\"@id\":\"https:\/\/tiempodetormentas.com\/#\/schema\/person\/image\/\",\"url\":\"https:\/\/secure.gravatar.com\/avatar\/41ab5f71e764337e074e1cc8a08a5205b1c5c846b93c75fefbe2bec43bc13ab8?s=96&d=mm&r=g\",\"contentUrl\":\"https:\/\/secure.gravatar.com\/avatar\/41ab5f71e764337e074e1cc8a08a5205b1c5c846b93c75fefbe2bec43bc13ab8?s=96&d=mm&r=g\",\"caption\":\"Tiempo de Tormentas\"},\"url\":\"https:\/\/tiempodetormentas.com\/en\/author\/tiempo\/\"}]}<\/script>\n<!-- \/ Yoast SEO plugin. -->","yoast_head_json":{"title":"ARTE Y MEMORIA - Tiempo de Tormentas","robots":{"index":"index","follow":"follow","max-snippet":"max-snippet:-1","max-image-preview":"max-image-preview:large","max-video-preview":"max-video-preview:-1"},"canonical":"https:\/\/tiempodetormentas.com\/en\/cartelera\/arte-y-memoria\/","og_locale":"en_GB","og_type":"article","og_title":"ARTE Y MEMORIA - Tiempo de Tormentas","og_description":"Viernes 31 de enero 2025 a las 19.00h \u00c1NGEL ARAGON\u00c9S HABLAR\u00c1 DE ARTE Y MEMORIA Un recorrido por nuestra historia reciente, desde los tiempos en que pintaba s mano carteles electorales y aun antes, en la oscuridad del franquismo. Una mirada a c\u00f3mo las Artes Pl\u00e1sticas fueron, y pueden ser, palancas del cambio social. Una [&hellip;]","og_url":"https:\/\/tiempodetormentas.com\/en\/cartelera\/arte-y-memoria\/","og_site_name":"Tiempo de Tormentas","article_published_time":"2025-01-29T20:01:12+00:00","article_modified_time":"2025-01-29T20:02:24+00:00","og_image":[{"width":1080,"height":1350,"url":"https:\/\/tiempodetormentas.com\/wp-content\/uploads\/2025\/01\/cartel-aragones.jpg","type":"image\/jpeg"}],"author":"Tiempo de Tormentas","twitter_card":"summary_large_image","twitter_misc":{"Written by":"Tiempo de Tormentas","Estimated reading time":"1 minute"},"schema":{"@context":"https:\/\/schema.org","@graph":[{"@type":"Article","@id":"https:\/\/tiempodetormentas.com\/cartelera\/arte-y-memoria\/#article","isPartOf":{"@id":"https:\/\/tiempodetormentas.com\/cartelera\/arte-y-memoria\/"},"author":{"name":"Tiempo de Tormentas","@id":"https:\/\/tiempodetormentas.com\/#\/schema\/person\/f8c15d9e322a5a2a0529ae24c9bb4409"},"headline":"ARTE Y MEMORIA","datePublished":"2025-01-29T20:01:12+00:00","dateModified":"2025-01-29T20:02:24+00:00","mainEntityOfPage":{"@id":"https:\/\/tiempodetormentas.com\/cartelera\/arte-y-memoria\/"},"wordCount":83,"commentCount":0,"publisher":{"@id":"https:\/\/tiempodetormentas.com\/#organization"},"image":{"@id":"https:\/\/tiempodetormentas.com\/cartelera\/arte-y-memoria\/#primaryimage"},"thumbnailUrl":"https:\/\/tiempodetormentas.com\/wp-content\/uploads\/2025\/01\/cartel-aragones.jpg","articleSection":["Cartelera"],"inLanguage":"en-GB","potentialAction":[{"@type":"CommentAction","name":"Comment","target":["https:\/\/tiempodetormentas.com\/cartelera\/arte-y-memoria\/#respond"]}]},{"@type":"WebPage","@id":"https:\/\/tiempodetormentas.com\/cartelera\/arte-y-memoria\/","url":"https:\/\/tiempodetormentas.com\/cartelera\/arte-y-memoria\/","name":"ARTE Y MEMORIA - Tiempo de Tormentas","isPartOf":{"@id":"https:\/\/tiempodetormentas.com\/#website"},"primaryImageOfPage":{"@id":"https:\/\/tiempodetormentas.com\/cartelera\/arte-y-memoria\/#primaryimage"},"image":{"@id":"https:\/\/tiempodetormentas.com\/cartelera\/arte-y-memoria\/#primaryimage"},"thumbnailUrl":"https:\/\/tiempodetormentas.com\/wp-content\/uploads\/2025\/01\/cartel-aragones.jpg","datePublished":"2025-01-29T20:01:12+00:00","dateModified":"2025-01-29T20:02:24+00:00","breadcrumb":{"@id":"https:\/\/tiempodetormentas.com\/cartelera\/arte-y-memoria\/#breadcrumb"},"inLanguage":"en-GB","potentialAction":[{"@type":"ReadAction","target":["https:\/\/tiempodetormentas.com\/cartelera\/arte-y-memoria\/"]}]},{"@type":"ImageObject","inLanguage":"en-GB","@id":"https:\/\/tiempodetormentas.com\/cartelera\/arte-y-memoria\/#primaryimage","url":"https:\/\/tiempodetormentas.com\/wp-content\/uploads\/2025\/01\/cartel-aragones.jpg","contentUrl":"https:\/\/tiempodetormentas.com\/wp-content\/uploads\/2025\/01\/cartel-aragones.jpg","width":1080,"height":1350},{"@type":"BreadcrumbList","@id":"https:\/\/tiempodetormentas.com\/cartelera\/arte-y-memoria\/#breadcrumb","itemListElement":[{"@type":"ListItem","position":1,"name":"Portada","item":"https:\/\/tiempodetormentas.com\/"},{"@type":"ListItem","position":2,"name":"ARTE Y MEMORIA"}]},{"@type":"WebSite","@id":"https:\/\/tiempodetormentas.com\/#website","url":"https:\/\/tiempodetormentas.com\/","name":"Tiempo de Tormentas","description":"Edita el club de la bruma","publisher":{"@id":"https:\/\/tiempodetormentas.com\/#organization"},"potentialAction":[{"@type":"SearchAction","target":{"@type":"EntryPoint","urlTemplate":"https:\/\/tiempodetormentas.com\/?s={search_term_string}"},"query-input":{"@type":"PropertyValueSpecification","valueRequired":true,"valueName":"search_term_string"}}],"inLanguage":"en-GB"},{"@type":"Organization","@id":"https:\/\/tiempodetormentas.com\/#organization","name":"Tiempo de Tormentas","url":"https:\/\/tiempodetormentas.com\/","logo":{"@type":"ImageObject","inLanguage":"en-GB","@id":"https:\/\/tiempodetormentas.com\/#\/schema\/logo\/image\/","url":"https:\/\/tiempodetormentas.com\/wp-content\/uploads\/2022\/01\/tiempo-de-tormentas.png","contentUrl":"https:\/\/tiempodetormentas.com\/wp-content\/uploads\/2022\/01\/tiempo-de-tormentas.png","width":448,"height":121,"caption":"Tiempo de Tormentas"},"image":{"@id":"https:\/\/tiempodetormentas.com\/#\/schema\/logo\/image\/"}},{"@type":"Person","@id":"https:\/\/tiempodetormentas.com\/#\/schema\/person\/f8c15d9e322a5a2a0529ae24c9bb4409","name":"Tiempo de Tormentas","image":{"@type":"ImageObject","inLanguage":"en-GB","@id":"https:\/\/tiempodetormentas.com\/#\/schema\/person\/image\/","url":"https:\/\/secure.gravatar.com\/avatar\/41ab5f71e764337e074e1cc8a08a5205b1c5c846b93c75fefbe2bec43bc13ab8?s=96&d=mm&r=g","contentUrl":"https:\/\/secure.gravatar.com\/avatar\/41ab5f71e764337e074e1cc8a08a5205b1c5c846b93c75fefbe2bec43bc13ab8?s=96&d=mm&r=g","caption":"Tiempo de Tormentas"},"url":"https:\/\/tiempodetormentas.com\/en\/author\/tiempo\/"}]}},"_links":{"self":[{"href":"https:\/\/tiempodetormentas.com\/en\/wp-json\/wp\/v2\/posts\/1400","targetHints":{"allow":["GET"]}}],"collection":[{"href":"https:\/\/tiempodetormentas.com\/en\/wp-json\/wp\/v2\/posts"}],"about":[{"href":"https:\/\/tiempodetormentas.com\/en\/wp-json\/wp\/v2\/types\/post"}],"author":[{"embeddable":true,"href":"https:\/\/tiempodetormentas.com\/en\/wp-json\/wp\/v2\/users\/8"}],"replies":[{"embeddable":true,"href":"https:\/\/tiempodetormentas.com\/en\/wp-json\/wp\/v2\/comments?post=1400"}],"version-history":[{"count":1,"href":"https:\/\/tiempodetormentas.com\/en\/wp-json\/wp\/v2\/posts\/1400\/revisions"}],"predecessor-version":[{"id":1402,"href":"https:\/\/tiempodetormentas.com\/en\/wp-json\/wp\/v2\/posts\/1400\/revisions\/1402"}],"wp:featuredmedia":[{"embeddable":true,"href":"https:\/\/tiempodetormentas.com\/en\/wp-json\/wp\/v2\/media\/1401"}],"wp:attachment":[{"href":"https:\/\/tiempodetormentas.com\/en\/wp-json\/wp\/v2\/media?parent=1400"}],"wp:term":[{"taxonomy":"category","embeddable":true,"href":"https:\/\/tiempodetormentas.com\/en\/wp-json\/wp\/v2\/categories?post=1400"},{"taxonomy":"post_tag","embeddable":true,"href":"https:\/\/tiempodetormentas.com\/en\/wp-json\/wp\/v2\/tags?post=1400"}],"curies":[{"name":"wp","href":"https:\/\/api.w.org\/{rel}","templated":true}]}}