{"id":1393,"date":"2025-01-29T16:45:33","date_gmt":"2025-01-29T16:45:33","guid":{"rendered":"https:\/\/tiempodetormentas.com\/?p=1393"},"modified":"2025-01-29T16:55:55","modified_gmt":"2025-01-29T16:55:55","slug":"2-de-febrero-a-la-calle-contra-el-asalto-a-los-bolsillos-de-la-gente","status":"publish","type":"post","link":"https:\/\/tiempodetormentas.com\/en\/cartelera\/2-de-febrero-a-la-calle-contra-el-asalto-a-los-bolsillos-de-la-gente\/","title":{"rendered":"2 DE FEBRERO A LA CALLE CONTRA EL ASALTO A LOS BOLSILLOS DE LA GENTE"},"content":{"rendered":"<p>&nbsp;<\/p>\n<p><img loading=\"lazy\" decoding=\"async\" class=\"aligncenter size-full wp-image-1397\" src=\"https:\/\/tiempodetormentas.com\/wp-content\/uploads\/2025\/01\/MANI.jpeg\" alt=\"\" width=\"1600\" height=\"901\" srcset=\"https:\/\/tiempodetormentas.com\/wp-content\/uploads\/2025\/01\/MANI.jpeg 1600w, https:\/\/tiempodetormentas.com\/wp-content\/uploads\/2025\/01\/MANI-300x169.jpeg 300w, https:\/\/tiempodetormentas.com\/wp-content\/uploads\/2025\/01\/MANI-1024x577.jpeg 1024w, https:\/\/tiempodetormentas.com\/wp-content\/uploads\/2025\/01\/MANI-768x432.jpeg 768w, https:\/\/tiempodetormentas.com\/wp-content\/uploads\/2025\/01\/MANI-1536x865.jpeg 1536w, https:\/\/tiempodetormentas.com\/wp-content\/uploads\/2025\/01\/MANI-746x420.jpeg 746w, https:\/\/tiempodetormentas.com\/wp-content\/uploads\/2025\/01\/MANI-150x84.jpeg 150w, https:\/\/tiempodetormentas.com\/wp-content\/uploads\/2025\/01\/MANI-696x392.jpeg 696w, https:\/\/tiempodetormentas.com\/wp-content\/uploads\/2025\/01\/MANI-1068x601.jpeg 1068w\" sizes=\"auto, (max-width: 1600px) 100vw, 1600px\" \/><\/p>\n<p><strong>COMO RESPUESTA A LA DERECHA REACCIONARIA LOS SINDICATOS CC.OO Y U.GT ASI COMO EL PARTIDO COMUNISTA DE ESPA\u00d1A LLAMA A LA MOVILIZACI\u00d3N CONTRA \u00bb UNA ESTRATEGIA DESESTABILIZADORA Y GOLPISTA QUE TRATA DE DEBILITAR Y HACER CAER EL GOBIERNO DE IZQUIERDAS POR CUALQUIER MEDIO<\/strong><\/p>\n<p><img loading=\"lazy\" decoding=\"async\" class=\"aligncenter size-full wp-image-1394\" src=\"https:\/\/tiempodetormentas.com\/wp-content\/uploads\/2025\/01\/movilizacion_sindicatos_2febrero.webp\" alt=\"\" width=\"760\" height=\"760\" srcset=\"https:\/\/tiempodetormentas.com\/wp-content\/uploads\/2025\/01\/movilizacion_sindicatos_2febrero.webp 760w, https:\/\/tiempodetormentas.com\/wp-content\/uploads\/2025\/01\/movilizacion_sindicatos_2febrero-300x300.webp 300w, https:\/\/tiempodetormentas.com\/wp-content\/uploads\/2025\/01\/movilizacion_sindicatos_2febrero-150x150.webp 150w, https:\/\/tiempodetormentas.com\/wp-content\/uploads\/2025\/01\/movilizacion_sindicatos_2febrero-420x420.webp 420w, https:\/\/tiempodetormentas.com\/wp-content\/uploads\/2025\/01\/movilizacion_sindicatos_2febrero-696x696.webp 696w\" sizes=\"auto, (max-width: 760px) 100vw, 760px\" \/><\/p>\n<p>El pasado d\u00eda 22 de enero el Congreso de los Diputados tumbaba, con la posici\u00f3n antisocial de PP, VOX y Junts y sus votos en contra, el decreto de medidas sociales impulsado por el Gobierno, una acci\u00f3n que representa un atentado contra la mayor\u00eda social trabajadora, que va a afectar dr\u00e1sticamente a millones de pensionistas y familias trabajadoras, ceb\u00e1ndose especialmente en las que se encuentran en situaci\u00f3n de m\u00e1s vulnerabilidad.<\/p>\n<p>Esta negativa de la derecha reaccionaria tiene efectos en la rebaja de la pensi\u00f3n a m\u00e1s de 12 millones de pensionistas; el Salario M\u00ednimo Interprofesional (SMI) y el Ingreso M\u00ednimo Vital a m\u00e1s de tres millones de personas; quitan las ayudas al transporte p\u00fablico a 24 millones de personas, privando de las ayudas para comprar suministros b\u00e1sicos a centenares de miles de hogares humildes, dej\u00e1ndoles en peligro de perder su vivienda con el fin la moratoria contra los desahucios, y lo m\u00e1s sangrante y miserable, dejan sin ayudas a las familias afectadas por la DANA.<\/p>\n<p>Es notoria, se\u00f1alan los sendos comunicados de PCE e IU, la hipocres\u00eda de las derechas catalana y espa\u00f1olas, que ayer trataban de enfrentarnos por las banderas y hoy llegan a acuerdos en defensa de los privilegios de la oligarqu\u00eda.<\/p>\n<p>Desde el PCE e Izquierda Unida apelan a que el Gobierno apruebe por Decreto Ley con car\u00e1cter de urgencia las medidas sociales, siendo conscientes que para que puedan ser posteriormente aprobadas en el tr\u00e1mite parlamentario, se va a hacer necesaria la presi\u00f3n social por medio de la movilizaci\u00f3n.<\/p>\n<p>Desde CC.OO. y UGT han dado un paso al frente y han convocado movilizaciones para el pr\u00f3ximo domingo 2 de febrero en toda Espa\u00f1a. Desde el PCE e IU llaman a las fuerzas sociales, fuerzas democr\u00e1ticas, pensionistas, trabajadores y trabajadoras a una participaci\u00f3n masiva en estas movilizaciones en defensa de la revalorizaci\u00f3n de las pensiones p\u00fablicas, del escudo social y la moratoria de los desahucios; ayudas al transporte p\u00fablico y ayudas a las personas afectadas por la DANA, as\u00ed como para desbaratar los planes desestabilizadores de la derecha y la ultraderecha.<\/p>","protected":false},"excerpt":{"rendered":"<p>&nbsp; COMO RESPUESTA A LA DERECHA REACCIONARIA LOS SINDICATOS CC.OO Y U.GT ASI COMO EL PARTIDO COMUNISTA DE ESPA\u00d1A LLAMA A LA MOVILIZACI\u00d3N CONTRA \u00bb UNA ESTRATEGIA DESESTABILIZADORA Y GOLPISTA QUE TRATA DE DEBILITAR Y HACER CAER EL GOBIERNO DE IZQUIERDAS POR CUALQUIER MEDIO El pasado d\u00eda 22 de enero el Congreso de los Diputados [&hellip;]<\/p>","protected":false},"author":8,"featured_media":1394,"comment_status":"open","ping_status":"open","sticky":false,"template":"","format":"standard","meta":{"footnotes":""},"categories":[8],"tags":[],"class_list":{"0":"post-1393","1":"post","2":"type-post","3":"status-publish","4":"format-standard","5":"has-post-thumbnail","7":"category-cartelera"},"yoast_head":"<!-- This site is optimized with the Yoast SEO plugin v26.2 - https:\/\/yoast.com\/wordpress\/plugins\/seo\/ -->\n<title>2 DE FEBRERO A LA CALLE CONTRA EL ASALTO A LOS BOLSILLOS DE LA GENTE - Tiempo de Tormentas<\/title>\n<meta name=\"robots\" content=\"index, follow, max-snippet:-1, max-image-preview:large, max-video-preview:-1\" \/>\n<link rel=\"canonical\" href=\"https:\/\/tiempodetormentas.com\/en\/cartelera\/2-de-febrero-a-la-calle-contra-el-asalto-a-los-bolsillos-de-la-gente\/\" \/>\n<meta property=\"og:locale\" content=\"en_GB\" \/>\n<meta property=\"og:type\" content=\"article\" \/>\n<meta property=\"og:title\" content=\"2 DE FEBRERO A LA CALLE CONTRA EL ASALTO A LOS BOLSILLOS DE LA GENTE - Tiempo de Tormentas\" \/>\n<meta property=\"og:description\" content=\"&nbsp; COMO RESPUESTA A LA DERECHA REACCIONARIA LOS SINDICATOS CC.OO Y U.GT ASI COMO EL PARTIDO COMUNISTA DE ESPA\u00d1A LLAMA A LA MOVILIZACI\u00d3N CONTRA \u00bb UNA ESTRATEGIA DESESTABILIZADORA Y GOLPISTA QUE TRATA DE DEBILITAR Y HACER CAER EL GOBIERNO DE IZQUIERDAS POR CUALQUIER MEDIO El pasado d\u00eda 22 de enero el Congreso de los Diputados [&hellip;]\" \/>\n<meta property=\"og:url\" content=\"https:\/\/tiempodetormentas.com\/en\/cartelera\/2-de-febrero-a-la-calle-contra-el-asalto-a-los-bolsillos-de-la-gente\/\" \/>\n<meta property=\"og:site_name\" content=\"Tiempo de Tormentas\" \/>\n<meta property=\"article:published_time\" content=\"2025-01-29T16:45:33+00:00\" \/>\n<meta property=\"article:modified_time\" content=\"2025-01-29T16:55:55+00:00\" \/>\n<meta property=\"og:image\" content=\"https:\/\/tiempodetormentas.com\/wp-content\/uploads\/2025\/01\/movilizacion_sindicatos_2febrero.webp\" \/>\n\t<meta property=\"og:image:width\" content=\"760\" \/>\n\t<meta property=\"og:image:height\" content=\"760\" \/>\n\t<meta property=\"og:image:type\" content=\"image\/webp\" \/>\n<meta name=\"author\" content=\"Tiempo de Tormentas\" \/>\n<meta name=\"twitter:card\" content=\"summary_large_image\" \/>\n<meta name=\"twitter:label1\" content=\"Written by\" \/>\n\t<meta name=\"twitter:data1\" content=\"Tiempo de Tormentas\" \/>\n\t<meta name=\"twitter:label2\" content=\"Estimated reading time\" \/>\n\t<meta name=\"twitter:data2\" content=\"3 minutes\" \/>\n<script type=\"application\/ld+json\" class=\"yoast-schema-graph\">{\"@context\":\"https:\/\/schema.org\",\"@graph\":[{\"@type\":\"Article\",\"@id\":\"https:\/\/tiempodetormentas.com\/cartelera\/2-de-febrero-a-la-calle-contra-el-asalto-a-los-bolsillos-de-la-gente\/#article\",\"isPartOf\":{\"@id\":\"https:\/\/tiempodetormentas.com\/cartelera\/2-de-febrero-a-la-calle-contra-el-asalto-a-los-bolsillos-de-la-gente\/\"},\"author\":{\"name\":\"Tiempo de Tormentas\",\"@id\":\"https:\/\/tiempodetormentas.com\/#\/schema\/person\/f8c15d9e322a5a2a0529ae24c9bb4409\"},\"headline\":\"2 DE FEBRERO A LA CALLE CONTRA EL ASALTO A LOS BOLSILLOS DE LA GENTE\",\"datePublished\":\"2025-01-29T16:45:33+00:00\",\"dateModified\":\"2025-01-29T16:55:55+00:00\",\"mainEntityOfPage\":{\"@id\":\"https:\/\/tiempodetormentas.com\/cartelera\/2-de-febrero-a-la-calle-contra-el-asalto-a-los-bolsillos-de-la-gente\/\"},\"wordCount\":433,\"commentCount\":0,\"publisher\":{\"@id\":\"https:\/\/tiempodetormentas.com\/#organization\"},\"image\":{\"@id\":\"https:\/\/tiempodetormentas.com\/cartelera\/2-de-febrero-a-la-calle-contra-el-asalto-a-los-bolsillos-de-la-gente\/#primaryimage\"},\"thumbnailUrl\":\"https:\/\/tiempodetormentas.com\/wp-content\/uploads\/2025\/01\/movilizacion_sindicatos_2febrero.webp\",\"articleSection\":[\"Cartelera\"],\"inLanguage\":\"en-GB\",\"potentialAction\":[{\"@type\":\"CommentAction\",\"name\":\"Comment\",\"target\":[\"https:\/\/tiempodetormentas.com\/cartelera\/2-de-febrero-a-la-calle-contra-el-asalto-a-los-bolsillos-de-la-gente\/#respond\"]}]},{\"@type\":\"WebPage\",\"@id\":\"https:\/\/tiempodetormentas.com\/cartelera\/2-de-febrero-a-la-calle-contra-el-asalto-a-los-bolsillos-de-la-gente\/\",\"url\":\"https:\/\/tiempodetormentas.com\/cartelera\/2-de-febrero-a-la-calle-contra-el-asalto-a-los-bolsillos-de-la-gente\/\",\"name\":\"2 DE FEBRERO A LA CALLE CONTRA EL ASALTO A LOS BOLSILLOS DE LA GENTE - Tiempo de Tormentas\",\"isPartOf\":{\"@id\":\"https:\/\/tiempodetormentas.com\/#website\"},\"primaryImageOfPage\":{\"@id\":\"https:\/\/tiempodetormentas.com\/cartelera\/2-de-febrero-a-la-calle-contra-el-asalto-a-los-bolsillos-de-la-gente\/#primaryimage\"},\"image\":{\"@id\":\"https:\/\/tiempodetormentas.com\/cartelera\/2-de-febrero-a-la-calle-contra-el-asalto-a-los-bolsillos-de-la-gente\/#primaryimage\"},\"thumbnailUrl\":\"https:\/\/tiempodetormentas.com\/wp-content\/uploads\/2025\/01\/movilizacion_sindicatos_2febrero.webp\",\"datePublished\":\"2025-01-29T16:45:33+00:00\",\"dateModified\":\"2025-01-29T16:55:55+00:00\",\"breadcrumb\":{\"@id\":\"https:\/\/tiempodetormentas.com\/cartelera\/2-de-febrero-a-la-calle-contra-el-asalto-a-los-bolsillos-de-la-gente\/#breadcrumb\"},\"inLanguage\":\"en-GB\",\"potentialAction\":[{\"@type\":\"ReadAction\",\"target\":[\"https:\/\/tiempodetormentas.com\/cartelera\/2-de-febrero-a-la-calle-contra-el-asalto-a-los-bolsillos-de-la-gente\/\"]}]},{\"@type\":\"ImageObject\",\"inLanguage\":\"en-GB\",\"@id\":\"https:\/\/tiempodetormentas.com\/cartelera\/2-de-febrero-a-la-calle-contra-el-asalto-a-los-bolsillos-de-la-gente\/#primaryimage\",\"url\":\"https:\/\/tiempodetormentas.com\/wp-content\/uploads\/2025\/01\/movilizacion_sindicatos_2febrero.webp\",\"contentUrl\":\"https:\/\/tiempodetormentas.com\/wp-content\/uploads\/2025\/01\/movilizacion_sindicatos_2febrero.webp\",\"width\":760,\"height\":760},{\"@type\":\"BreadcrumbList\",\"@id\":\"https:\/\/tiempodetormentas.com\/cartelera\/2-de-febrero-a-la-calle-contra-el-asalto-a-los-bolsillos-de-la-gente\/#breadcrumb\",\"itemListElement\":[{\"@type\":\"ListItem\",\"position\":1,\"name\":\"Portada\",\"item\":\"https:\/\/tiempodetormentas.com\/\"},{\"@type\":\"ListItem\",\"position\":2,\"name\":\"2 DE FEBRERO A LA CALLE CONTRA EL ASALTO A LOS BOLSILLOS DE LA GENTE\"}]},{\"@type\":\"WebSite\",\"@id\":\"https:\/\/tiempodetormentas.com\/#website\",\"url\":\"https:\/\/tiempodetormentas.com\/\",\"name\":\"Tiempo de Tormentas\",\"description\":\"Edita el club de la bruma\",\"publisher\":{\"@id\":\"https:\/\/tiempodetormentas.com\/#organization\"},\"potentialAction\":[{\"@type\":\"SearchAction\",\"target\":{\"@type\":\"EntryPoint\",\"urlTemplate\":\"https:\/\/tiempodetormentas.com\/?s={search_term_string}\"},\"query-input\":{\"@type\":\"PropertyValueSpecification\",\"valueRequired\":true,\"valueName\":\"search_term_string\"}}],\"inLanguage\":\"en-GB\"},{\"@type\":\"Organization\",\"@id\":\"https:\/\/tiempodetormentas.com\/#organization\",\"name\":\"Tiempo de Tormentas\",\"url\":\"https:\/\/tiempodetormentas.com\/\",\"logo\":{\"@type\":\"ImageObject\",\"inLanguage\":\"en-GB\",\"@id\":\"https:\/\/tiempodetormentas.com\/#\/schema\/logo\/image\/\",\"url\":\"https:\/\/tiempodetormentas.com\/wp-content\/uploads\/2022\/01\/tiempo-de-tormentas.png\",\"contentUrl\":\"https:\/\/tiempodetormentas.com\/wp-content\/uploads\/2022\/01\/tiempo-de-tormentas.png\",\"width\":448,\"height\":121,\"caption\":\"Tiempo de Tormentas\"},\"image\":{\"@id\":\"https:\/\/tiempodetormentas.com\/#\/schema\/logo\/image\/\"}},{\"@type\":\"Person\",\"@id\":\"https:\/\/tiempodetormentas.com\/#\/schema\/person\/f8c15d9e322a5a2a0529ae24c9bb4409\",\"name\":\"Tiempo de Tormentas\",\"image\":{\"@type\":\"ImageObject\",\"inLanguage\":\"en-GB\",\"@id\":\"https:\/\/tiempodetormentas.com\/#\/schema\/person\/image\/\",\"url\":\"https:\/\/secure.gravatar.com\/avatar\/41ab5f71e764337e074e1cc8a08a5205b1c5c846b93c75fefbe2bec43bc13ab8?s=96&d=mm&r=g\",\"contentUrl\":\"https:\/\/secure.gravatar.com\/avatar\/41ab5f71e764337e074e1cc8a08a5205b1c5c846b93c75fefbe2bec43bc13ab8?s=96&d=mm&r=g\",\"caption\":\"Tiempo de Tormentas\"},\"url\":\"https:\/\/tiempodetormentas.com\/en\/author\/tiempo\/\"}]}<\/script>\n<!-- \/ Yoast SEO plugin. -->","yoast_head_json":{"title":"2 DE FEBRERO A LA CALLE CONTRA EL ASALTO A LOS BOLSILLOS DE LA GENTE - Tiempo de Tormentas","robots":{"index":"index","follow":"follow","max-snippet":"max-snippet:-1","max-image-preview":"max-image-preview:large","max-video-preview":"max-video-preview:-1"},"canonical":"https:\/\/tiempodetormentas.com\/en\/cartelera\/2-de-febrero-a-la-calle-contra-el-asalto-a-los-bolsillos-de-la-gente\/","og_locale":"en_GB","og_type":"article","og_title":"2 DE FEBRERO A LA CALLE CONTRA EL ASALTO A LOS BOLSILLOS DE LA GENTE - Tiempo de Tormentas","og_description":"&nbsp; COMO RESPUESTA A LA DERECHA REACCIONARIA LOS SINDICATOS CC.OO Y U.GT ASI COMO EL PARTIDO COMUNISTA DE ESPA\u00d1A LLAMA A LA MOVILIZACI\u00d3N CONTRA \u00bb UNA ESTRATEGIA DESESTABILIZADORA Y GOLPISTA QUE TRATA DE DEBILITAR Y HACER CAER EL GOBIERNO DE IZQUIERDAS POR CUALQUIER MEDIO El pasado d\u00eda 22 de enero el Congreso de los Diputados [&hellip;]","og_url":"https:\/\/tiempodetormentas.com\/en\/cartelera\/2-de-febrero-a-la-calle-contra-el-asalto-a-los-bolsillos-de-la-gente\/","og_site_name":"Tiempo de Tormentas","article_published_time":"2025-01-29T16:45:33+00:00","article_modified_time":"2025-01-29T16:55:55+00:00","og_image":[{"width":760,"height":760,"url":"https:\/\/tiempodetormentas.com\/wp-content\/uploads\/2025\/01\/movilizacion_sindicatos_2febrero.webp","type":"image\/webp"}],"author":"Tiempo de Tormentas","twitter_card":"summary_large_image","twitter_misc":{"Written by":"Tiempo de Tormentas","Estimated reading time":"3 minutes"},"schema":{"@context":"https:\/\/schema.org","@graph":[{"@type":"Article","@id":"https:\/\/tiempodetormentas.com\/cartelera\/2-de-febrero-a-la-calle-contra-el-asalto-a-los-bolsillos-de-la-gente\/#article","isPartOf":{"@id":"https:\/\/tiempodetormentas.com\/cartelera\/2-de-febrero-a-la-calle-contra-el-asalto-a-los-bolsillos-de-la-gente\/"},"author":{"name":"Tiempo de Tormentas","@id":"https:\/\/tiempodetormentas.com\/#\/schema\/person\/f8c15d9e322a5a2a0529ae24c9bb4409"},"headline":"2 DE FEBRERO A LA CALLE CONTRA EL ASALTO A LOS BOLSILLOS DE LA GENTE","datePublished":"2025-01-29T16:45:33+00:00","dateModified":"2025-01-29T16:55:55+00:00","mainEntityOfPage":{"@id":"https:\/\/tiempodetormentas.com\/cartelera\/2-de-febrero-a-la-calle-contra-el-asalto-a-los-bolsillos-de-la-gente\/"},"wordCount":433,"commentCount":0,"publisher":{"@id":"https:\/\/tiempodetormentas.com\/#organization"},"image":{"@id":"https:\/\/tiempodetormentas.com\/cartelera\/2-de-febrero-a-la-calle-contra-el-asalto-a-los-bolsillos-de-la-gente\/#primaryimage"},"thumbnailUrl":"https:\/\/tiempodetormentas.com\/wp-content\/uploads\/2025\/01\/movilizacion_sindicatos_2febrero.webp","articleSection":["Cartelera"],"inLanguage":"en-GB","potentialAction":[{"@type":"CommentAction","name":"Comment","target":["https:\/\/tiempodetormentas.com\/cartelera\/2-de-febrero-a-la-calle-contra-el-asalto-a-los-bolsillos-de-la-gente\/#respond"]}]},{"@type":"WebPage","@id":"https:\/\/tiempodetormentas.com\/cartelera\/2-de-febrero-a-la-calle-contra-el-asalto-a-los-bolsillos-de-la-gente\/","url":"https:\/\/tiempodetormentas.com\/cartelera\/2-de-febrero-a-la-calle-contra-el-asalto-a-los-bolsillos-de-la-gente\/","name":"2 DE FEBRERO A LA CALLE CONTRA EL ASALTO A LOS BOLSILLOS DE LA GENTE - Tiempo de Tormentas","isPartOf":{"@id":"https:\/\/tiempodetormentas.com\/#website"},"primaryImageOfPage":{"@id":"https:\/\/tiempodetormentas.com\/cartelera\/2-de-febrero-a-la-calle-contra-el-asalto-a-los-bolsillos-de-la-gente\/#primaryimage"},"image":{"@id":"https:\/\/tiempodetormentas.com\/cartelera\/2-de-febrero-a-la-calle-contra-el-asalto-a-los-bolsillos-de-la-gente\/#primaryimage"},"thumbnailUrl":"https:\/\/tiempodetormentas.com\/wp-content\/uploads\/2025\/01\/movilizacion_sindicatos_2febrero.webp","datePublished":"2025-01-29T16:45:33+00:00","dateModified":"2025-01-29T16:55:55+00:00","breadcrumb":{"@id":"https:\/\/tiempodetormentas.com\/cartelera\/2-de-febrero-a-la-calle-contra-el-asalto-a-los-bolsillos-de-la-gente\/#breadcrumb"},"inLanguage":"en-GB","potentialAction":[{"@type":"ReadAction","target":["https:\/\/tiempodetormentas.com\/cartelera\/2-de-febrero-a-la-calle-contra-el-asalto-a-los-bolsillos-de-la-gente\/"]}]},{"@type":"ImageObject","inLanguage":"en-GB","@id":"https:\/\/tiempodetormentas.com\/cartelera\/2-de-febrero-a-la-calle-contra-el-asalto-a-los-bolsillos-de-la-gente\/#primaryimage","url":"https:\/\/tiempodetormentas.com\/wp-content\/uploads\/2025\/01\/movilizacion_sindicatos_2febrero.webp","contentUrl":"https:\/\/tiempodetormentas.com\/wp-content\/uploads\/2025\/01\/movilizacion_sindicatos_2febrero.webp","width":760,"height":760},{"@type":"BreadcrumbList","@id":"https:\/\/tiempodetormentas.com\/cartelera\/2-de-febrero-a-la-calle-contra-el-asalto-a-los-bolsillos-de-la-gente\/#breadcrumb","itemListElement":[{"@type":"ListItem","position":1,"name":"Portada","item":"https:\/\/tiempodetormentas.com\/"},{"@type":"ListItem","position":2,"name":"2 DE FEBRERO A LA CALLE CONTRA EL ASALTO A LOS BOLSILLOS DE LA GENTE"}]},{"@type":"WebSite","@id":"https:\/\/tiempodetormentas.com\/#website","url":"https:\/\/tiempodetormentas.com\/","name":"Tiempo de Tormentas","description":"Edita el club de la bruma","publisher":{"@id":"https:\/\/tiempodetormentas.com\/#organization"},"potentialAction":[{"@type":"SearchAction","target":{"@type":"EntryPoint","urlTemplate":"https:\/\/tiempodetormentas.com\/?s={search_term_string}"},"query-input":{"@type":"PropertyValueSpecification","valueRequired":true,"valueName":"search_term_string"}}],"inLanguage":"en-GB"},{"@type":"Organization","@id":"https:\/\/tiempodetormentas.com\/#organization","name":"Tiempo de Tormentas","url":"https:\/\/tiempodetormentas.com\/","logo":{"@type":"ImageObject","inLanguage":"en-GB","@id":"https:\/\/tiempodetormentas.com\/#\/schema\/logo\/image\/","url":"https:\/\/tiempodetormentas.com\/wp-content\/uploads\/2022\/01\/tiempo-de-tormentas.png","contentUrl":"https:\/\/tiempodetormentas.com\/wp-content\/uploads\/2022\/01\/tiempo-de-tormentas.png","width":448,"height":121,"caption":"Tiempo de Tormentas"},"image":{"@id":"https:\/\/tiempodetormentas.com\/#\/schema\/logo\/image\/"}},{"@type":"Person","@id":"https:\/\/tiempodetormentas.com\/#\/schema\/person\/f8c15d9e322a5a2a0529ae24c9bb4409","name":"Tiempo de Tormentas","image":{"@type":"ImageObject","inLanguage":"en-GB","@id":"https:\/\/tiempodetormentas.com\/#\/schema\/person\/image\/","url":"https:\/\/secure.gravatar.com\/avatar\/41ab5f71e764337e074e1cc8a08a5205b1c5c846b93c75fefbe2bec43bc13ab8?s=96&d=mm&r=g","contentUrl":"https:\/\/secure.gravatar.com\/avatar\/41ab5f71e764337e074e1cc8a08a5205b1c5c846b93c75fefbe2bec43bc13ab8?s=96&d=mm&r=g","caption":"Tiempo de Tormentas"},"url":"https:\/\/tiempodetormentas.com\/en\/author\/tiempo\/"}]}},"_links":{"self":[{"href":"https:\/\/tiempodetormentas.com\/en\/wp-json\/wp\/v2\/posts\/1393","targetHints":{"allow":["GET"]}}],"collection":[{"href":"https:\/\/tiempodetormentas.com\/en\/wp-json\/wp\/v2\/posts"}],"about":[{"href":"https:\/\/tiempodetormentas.com\/en\/wp-json\/wp\/v2\/types\/post"}],"author":[{"embeddable":true,"href":"https:\/\/tiempodetormentas.com\/en\/wp-json\/wp\/v2\/users\/8"}],"replies":[{"embeddable":true,"href":"https:\/\/tiempodetormentas.com\/en\/wp-json\/wp\/v2\/comments?post=1393"}],"version-history":[{"count":3,"href":"https:\/\/tiempodetormentas.com\/en\/wp-json\/wp\/v2\/posts\/1393\/revisions"}],"predecessor-version":[{"id":1398,"href":"https:\/\/tiempodetormentas.com\/en\/wp-json\/wp\/v2\/posts\/1393\/revisions\/1398"}],"wp:featuredmedia":[{"embeddable":true,"href":"https:\/\/tiempodetormentas.com\/en\/wp-json\/wp\/v2\/media\/1394"}],"wp:attachment":[{"href":"https:\/\/tiempodetormentas.com\/en\/wp-json\/wp\/v2\/media?parent=1393"}],"wp:term":[{"taxonomy":"category","embeddable":true,"href":"https:\/\/tiempodetormentas.com\/en\/wp-json\/wp\/v2\/categories?post=1393"},{"taxonomy":"post_tag","embeddable":true,"href":"https:\/\/tiempodetormentas.com\/en\/wp-json\/wp\/v2\/tags?post=1393"}],"curies":[{"name":"wp","href":"https:\/\/api.w.org\/{rel}","templated":true}]}}