{"id":1173,"date":"2025-01-22T19:52:32","date_gmt":"2025-01-22T19:52:32","guid":{"rendered":"https:\/\/tiempodetormentas.com\/?p=1173"},"modified":"2025-01-22T19:54:13","modified_gmt":"2025-01-22T19:54:13","slug":"panama-resistencia-y-dignidad-frente-a-la-injerencia-imperialista","status":"publish","type":"post","link":"https:\/\/tiempodetormentas.com\/en\/humanidad\/internacional\/panama-resistencia-y-dignidad-frente-a-la-injerencia-imperialista\/","title":{"rendered":"PANAM\u00c1, RESISTENCIA Y DIGNIDAD FRENTE A LA INJERENCIA IMPERIALISTA"},"content":{"rendered":"<p><img loading=\"lazy\" decoding=\"async\" class=\"aligncenter size-full wp-image-1174\" src=\"https:\/\/tiempodetormentas.com\/wp-content\/uploads\/2025\/01\/el-canal-12.jpeg\" alt=\"\" width=\"540\" height=\"312\" srcset=\"https:\/\/tiempodetormentas.com\/wp-content\/uploads\/2025\/01\/el-canal-12.jpeg 540w, https:\/\/tiempodetormentas.com\/wp-content\/uploads\/2025\/01\/el-canal-12-300x173.jpeg 300w, https:\/\/tiempodetormentas.com\/wp-content\/uploads\/2025\/01\/el-canal-12-150x87.jpeg 150w\" sizes=\"auto, (max-width: 540px) 100vw, 540px\" \/><strong>Hoy, en medio de la decadente hegemon\u00eda de EE. UU., Panam\u00e1 adquiere nuevamente relevancia en los planes imperiales. Por ello, se alimenta otra vez la amenaza de la intervenci\u00f3n, actitud que refleja el talante con el que la administraci\u00f3n Trump trata al a regi\u00f3n latinoamericana.<\/strong><\/p>\n<p>Desde la formulaci\u00f3n de la Doctrina Monroe, en 1822, el Istmo se convirti\u00f3 en un objetivo fundamental para la expansi\u00f3n norteamericana. Su localizaci\u00f3n es estrat\u00e9gica para conectar el mar Caribe con el oc\u00e9ano Pac\u00edfico, una plataforma que los Estados Unidos consideran como espacio de influencia primaria.<\/p>\n<p>El pueblo paname\u00f1o nunca ha cedido en la defensa de su soberan\u00eda y su derecho a decidir sobre su destino. Desde Jos\u00e9 Manuel Luna, el vendedor de sand\u00edas que, en 1856, se convirti\u00f3 en un \u00edcono de la resistencia contra los abusos de la empresa norteamericana del ferrocarril; pasando por el radical afrodescendiente Pedro Prest\u00e1n, quien en 1885 pag\u00f3 con su vida el sue\u00f1o de liberar al Istmo del conservadurismo entreguista; hasta el general Omar Torrijos, quien puso todos sus esfuerzos en recuperar la soberan\u00eda sobre el Canal, Panam\u00e1 le ha legado a Nuestra Am\u00e9rica un ejemplo de dignidad.<\/p>\n<h1 class=\"g-story-heading\">El general Torrijos y su lucha por la soberan\u00eda de un pa\u00eds<img loading=\"lazy\" decoding=\"async\" class=\"aligncenter size-full wp-image-1176\" src=\"https:\/\/tiempodetormentas.com\/wp-content\/uploads\/2025\/01\/torrijos-conferencia-de-prensa-dia-de-la-lealtad.jpg\" alt=\"\" width=\"454\" height=\"480\" srcset=\"https:\/\/tiempodetormentas.com\/wp-content\/uploads\/2025\/01\/torrijos-conferencia-de-prensa-dia-de-la-lealtad.jpg 454w, https:\/\/tiempodetormentas.com\/wp-content\/uploads\/2025\/01\/torrijos-conferencia-de-prensa-dia-de-la-lealtad-284x300.jpg 284w, https:\/\/tiempodetormentas.com\/wp-content\/uploads\/2025\/01\/torrijos-conferencia-de-prensa-dia-de-la-lealtad-397x420.jpg 397w, https:\/\/tiempodetormentas.com\/wp-content\/uploads\/2025\/01\/torrijos-conferencia-de-prensa-dia-de-la-lealtad-150x159.jpg 150w, https:\/\/tiempodetormentas.com\/wp-content\/uploads\/2025\/01\/torrijos-conferencia-de-prensa-dia-de-la-lealtad-300x317.jpg 300w\" sizes=\"auto, (max-width: 454px) 100vw, 454px\" \/><\/h1>\n<p>&nbsp;<\/p>\n<p class=\"g-story-description\"><strong>Omar Efra\u00edn Torrijos Herrera, ha trascendido por ser el primer presidente en sentarse \u201cde t\u00fa a t\u00fa\u201d con Washington, y poner las cosas en orden respecto a la soberan\u00eda paname\u00f1a en el canal<\/strong><\/p>\n<p>California, a\u00f1o 1848. Los rumores sobre el encuentro de pepitas de un metal precioso amarillento en las monta\u00f1as dan paso a un gran movimiento de personas por el continente americano. Es el inicio de la fiebre del oro. La obsesi\u00f3n de aquellos buscadores los hace cruzar Estados Unidos en carretas tiradas por caballos o mulas. Es el inicio del esplendor de la costa oeste. Viajar por mar dando la vuelta por el Cabo de Hornos en la zona austral de Chile y atravesar el Istmo de Panam\u00e1, un accidente geogr\u00e1fico entre los oc\u00e9anos Pac\u00edfico y Atl\u00e1ntico que une el centro con el sur de Am\u00e9rica, se convierten en rutas vitales.<\/p>\n<p>La \u00faltima opci\u00f3n se convierte r\u00e1pidamente en la m\u00e1s viable ya que es necesario acortar las distancias. Motivado por la idea, Estados Unidos crea una comisi\u00f3n en 1876 para construir un ambicioso Canal Interoce\u00e1nico por Nicaragua, proyecto del entonces presidente Ulysses S. Grant (1869\u20131877). Sin embargo, otra incipiente potencia como Francia se adelanta y el 5 de julio de 1874 el conde Fer\u00addinand de Lesseps funda la Compa\u00f1\u00eda Universal del Canal Interoce\u00e1nico con el prop\u00f3sito de erigir un conducto, pero por Pana\u00adm\u00e1. Ya desde el siglo XVI se viene pensando en unir al Atl\u00e1ntico con el Pac\u00edfico para el trasiego de mercanc\u00edas.<\/p>\n<p>Lesseps insiste en realizar un canal parecido al que ha proyectado en Suez, Egipto, pero fracasa, entre otras cuestiones por las enfermedades t\u00edpicas de la zona tropical que causan miles de bajas entre los obreros. Ago\u00adbiado, Lesseps encarga la obra al ingeniero franc\u00e9s Philippe Jean Bunau-Varilla, y vende los derechos de construcci\u00f3n a Estados Uni\u00addos por cerca de 40 millones de d\u00f3lares.<\/p>\n<p><strong>ESTADOS UNIDOS: DUE\u00d1O Y SE\u00d1OR POR CASI UN SIGLO<\/strong><br \/>\nEn apenas diez a\u00f1os, la astucia y el esfuerzo heroico de 56 000 personas en su mayor\u00eda inmigrantes, terminan la construcci\u00f3n de una de las mayores obras de ingenier\u00eda de la historia. El canal se inaugura el 15 de agosto de 1914 con la circulaci\u00f3n hacia el Sur de un buque a vapor.<\/p>\n<p>Antes, Bunau-Varilla convence a los en\u00adcargados norteamericanos que desistan de realizar el trabajo por Nicaragua. Para que Estados Unidos financie el plan, el proyectista firma en 1903 el tratado Hay-Bunau Varilla, ofreci\u00e9ndole a Washington derecho a perpetuidad sobre el canal y soberan\u00eda en parte del istmo paname\u00f1o.<\/p>\n<p>El decreto provoca tensiones porque Pana\u00adm\u00e1 se convierte, autom\u00e1ticamente, en una colonia dependiente de la poderosa naci\u00f3n norte\u00f1a. Los paname\u00f1os son despojados de los ingresos y manejo de la obra que, a su vez, le es funcional a los intereses econ\u00f3micos y militares de Washington. A partir de ese momento ambos pa\u00edses entran en una etapa de relaciones marcadas por la demanda de la peque\u00f1a naci\u00f3n centroamericana de una mayor participaci\u00f3n en los beneficios.<br \/>\nCorren los tiempos de la doctrina del Big Stick o del garrote del presidente Theodore Roosevelt, que marcan la pol\u00edtica de Estados Unidos hacia Latinoam\u00e9rica: \u201cHabla suavemente y lleva un gran palo, as\u00ed llegar\u00e1s lejos\u201d. En 1903 Panam\u00e1 se separa de Colombia.\u00a0 Washing\u00adton aprovecha e incentiva la situaci\u00f3n, ya que\u00a0 le conviene, para echar a andar su proyecto del canal. La soberan\u00eda paname\u00f1a se trunca de\u00adbido a la ocupaci\u00f3n norteamericana de parte de su territorio ese propio a\u00f1o.<\/p>\n<p>Los paname\u00f1os pueden entrar en la Zona del Canal \u2014una franja de 1 380,5 kil\u00f3metros cuadrados\u2014 para trabajar, pero no se benefician de los privilegios de los estadounidenses, quienes aumentan su presencia militar y civil en el lugar. La Zona es administrada por la Compa\u00f1\u00eda del Canal de Panam\u00e1 y financiada por el Departamento de Defensa.<\/p>\n<p>La ocupaci\u00f3n da paso adem\u00e1s a un fen\u00f3meno social interesante: los zone\u00edtas o zonianos \u2014por el t\u00e9rmino en ingl\u00e9s, \u201czonians\u201d\u2014, quienes conforman la comunidad de estadounidenses que hacen vida all\u00ed. El ingl\u00e9s desplaza al espa\u00f1ol como principal idioma.<\/p>\n<p>Las tensiones entre los nuevos residentes y los paname\u00f1os se acrecientan y tocan su punto \u00e1lgido el 9 de enero de 1964. Ese d\u00eda\u00a0 tropas estadounidenses matan a 24 estudiantes paname\u00f1os que intentan izar la ense\u00f1a nacional en la Zona del Canal. Tras varios a\u00f1os de incongruencias el hecho impulsa a ambos pa\u00edses a firmar en 1977 los Tratados Torrijos-Carter que derogan el Hay-Bunau Varilla.<\/p>\n<p><strong>EL HOMBRE QUE CIERRA EL CICLO DE INTROMISI\u00d3N DE EE.UU.<\/strong><br \/>\nOchenta kil\u00f3metros de largo y tres juegos de esclusas nombradas Miraflores, Pedro Miguel y Gat\u00fan, son el icono de todo un pa\u00eds. Panam\u00e1, que en la tradici\u00f3n ind\u00edgena significa abundancia de peces y mariposas, no recupera hasta 1999 su obra insigne. Un hombre: Omar Efra\u00edn Torrijos Herrera (1929-1981) se encarga de cerrar el ciclo de intromisi\u00f3n norteamericana en su tierra natal.<\/p>\n<p>Este paname\u00f1o descendiente de maestros rurales opta por la carrera militar como una de las v\u00edas que tienen los pobres para hacerse de una profesi\u00f3n. Su perseverancia y el compromiso de sacar adelante a su familia \u2014con \u00e9l son 12 los hijos de Jos\u00e9 Mar\u00eda Torrijos y Joaquina Herrera\u2014, le permiten graduarse de subteniente de Infanter\u00eda en la Academia Militar Gerardo Barrios en El Salvador. Tam\u00adbi\u00e9n recibe cursos en la Escuela de las Am\u00e9\u00adricas instalada en la Zona ocupada por Estados Unidos.<\/p>\n<p>Su participaci\u00f3n en 1968 en el golpe de Estado contra el presidente Arnulfo Arias lo lleva a iniciar una serie de cambios en su pa\u00eds. Tras el golpe, Jos\u00e9 Mar\u00eda Pinilla F\u00e1brega se proclama presidente, pero cambios internos en el mando militar colocan a Torrijos como l\u00edder de ese sector. Asume la conducci\u00f3n pol\u00edtica en marzo de 1969 como General y en 1970, despu\u00e9s de 30 a\u00f1os de ocupaci\u00f3n, recibe de los norteamericanos la Base Militar de R\u00edo Hato ubicada en la provincia de Cocl\u00e9. All\u00ed instala un centro de instrucci\u00f3n militar.<\/p>\n<p>Llama a elecciones para crear una Asam\u00adblea Constituyente que redactar\u00eda una nueva Constituci\u00f3n, la cual en su art\u00edculo 277 lo reconoce como l\u00edder m\u00e1ximo de la revoluci\u00f3n paname\u00f1a.<\/p>\n<p>Torrijos fomenta un gobierno acompa\u00f1ado por reformas sociales y p\u00fablicas, tal como la agraria. Sin embargo, trasciende al convertirse en el primer presidente en sentarse \u201cde t\u00fa a t\u00fa\u201d con Washington y poner las cosas en orden respecto a la soberan\u00eda paname\u00f1a en el canal, cumpliendo as\u00ed su promesa y resaltando los valores nacionales.<\/p>\n<p>Consolidarse como figura pol\u00edtica le permite impulsar la lucha por la devoluci\u00f3n de la v\u00eda interoce\u00e1nica y firmar el 7 de septiembre de 1977 el Tratado Torrijos-Carter. El acuerdo rubricado en la sede la Organizaci\u00f3n de Esta\u00addos Americanos con el presidente estadounidense Jimmy Carter (1977\u20131981), establece el traspaso gradual de bienes del Canal y del territorio de la Zona a Panam\u00e1, en un plazo que vence el 31 de diciembre de 1999, cuando la obra pasa a manos paname\u00f1as. Comprende adem\u00e1s el desmantelamiento de las bases militares norteamericanas. El propio General reconoce que el Tratado no es el mejor ni el que ha so\u00f1ado el pueblo paname\u00f1o, \u201cpero en este preciso instante representan la mejor oferta\u201d, tal y como se recoge en ediciones del diario paname\u00f1o La Estrella de la \u00e9poca.<\/p>\n<p>Para llegar a ese d\u00eda hist\u00f3rico, Torrijos em\u00adprende una campa\u00f1a de presi\u00f3n que gana fuerte apoyo nacional y externo.<\/p>\n<p>Tres a\u00f1os antes se comunica con Carter en pos de establecer un principio de acuerdo. Una vez ratificados los nuevos pactos sobre el canal (por plebiscito en Panam\u00e1 y por el Senado en Estados Unidos), Torrijos nombra presidente en 1978 al ministro de Educaci\u00f3n, Ar\u00edstides Royo. As\u00ed, el 11 de octubre ordena la retirada a los cuarteles de la Guardia Nacional y deja el Gobierno en manos de los civiles.<\/p>\n<p>El General muere el 31 de julio de 1981 cuando su aeronave DHC-6 explota en pleno vuelo en el cerro Marta, en la localidad de Cocl\u00e9. Con ella, desaparece el hombre que le devuelve la soberan\u00eda a todo un pa\u00eds. En el libro Confesiones de un sicario econ\u00f3mico, el escritor estadounidense, John Perkins, asu\u00adme que la muerte del General a los 52 a\u00f1os no es accidental, \u201cfue asesinado por miembros de la pol\u00edtica estadounidense quienes se opon\u00edan a las negociaciones entre Torrijos y un grupo de empresarios japoneses liderados por Shigeo Pagano, que propon\u00edan la construcci\u00f3n de un canal a nivel por Panam\u00e1\u201d.<\/p>\n<p>Torrijos muere poco despu\u00e9s de la llegada de Ronald Reagan (1981-1989) a la Casa Blan\u00adca y tres meses despu\u00e9s de que el presidente ecuatoriano Jaime Rold\u00f3s sucumbiera en circunstancias similares.<\/p>\n<p>La aeronave desaparece durante condiciones clim\u00e1ticas extremas, pero debido a la limitada cobertura del radar paname\u00f1o, no es reportada perdida por cerca de un d\u00eda, acota Perkins.<\/p>\n<p>Su desaparici\u00f3n es un duro golpe a las aspiraciones nacionalistas del pueblo paname\u00f1o, mas el sue\u00f1o de Torrijos de alcanzar un crecimiento equitativo es truncado con la invasi\u00f3n estadounidense en 1989.<\/p>\n<p><strong>CUBA-PANAM\u00c1: HERMANOS EN LA HISTORIA DE LAS AGRESIONES<\/strong><br \/>\nEl periodista cubano Luis B\u00e1ez recoge en un cable de la agencia Prensa Latina titulado Desaparici\u00f3n f\u00edsica de Omar Torrijos, \u00bfaccidente o asesinato? que el General es presionado por Estados Unidos para que rompa relaciones con Cuba. El l\u00edder paname\u00f1o considera eso como una verg\u00fcenza y hace crecer su admiraci\u00f3n por la Isla caribe\u00f1a.<\/p>\n<p>\u201cDesde el triunfo de la Revoluci\u00f3n, Cuba ha estado sometida a un incesante y cruel bloqueo que es una verdadera verg\u00fcenza para todo el hemisferio. Es l\u00f3gico que Cuba agudizara su proceso revolucionario en estas condiciones. Los norteamericanos deben convencerse de que los cubanos son un pueblo que nunca se dejar\u00e1 pisotear\u201d, dice, acorde con B\u00e1ez.<\/p>\n<p>Torrijos expresa que el triunfo de enero de 1959 esparce el sentimiento libertario en los pueblos de la regi\u00f3n, y reconoce que sin la inspiraci\u00f3n de ese proceso, Panam\u00e1 no se habr\u00eda sentado de t\u00fa a t\u00fa con los norteamericanos. Para el l\u00edder, Fidel es \u201cun gran amigo, un hombre de firmes principios\u201d.<\/p>\n<p>\u201cFidel y yo mantenemos excelentes relaciones. Tenemos nuestras discrepancias, pe\u00adro siempre dentro de un gran respeto y cari\u00f1o. Estamos en estrecha comunicaci\u00f3n. Siempre me ha dado sabios consejos\u201d, manifiesta se\u00adg\u00fan lo registrado por B\u00e1ez.<\/p>\n<p>Torrijos visita en dos ocasiones Cuba, en enero de 1976 oficialmente, y durante la VI Cumbre de Pa\u00edses No Alineados en 1979.<\/p>\n<p>Panam\u00e1 ha sido el escenario de duros conflictos sociales, causados por la rapaz pol\u00edtica internacional yankee hacia Am\u00e9rica Latina.<\/p>\n<p>Desde la formulaci\u00f3n de la Doctrina Monroe, en 1822, el Istmo se convirti\u00f3 en un objetivo fundamental para la expansi\u00f3n norteamericana. Su localizaci\u00f3n es estrat\u00e9gica para conectar el mar Caribe con el oc\u00e9ano Pac\u00edfico, una plataforma que los Estados Unidos consideran como espacio de influencia primaria.<\/p>\n<p>El pueblo paname\u00f1o nunca ha cedido en la defensa de su soberan\u00eda y su derecho a decidir sobre su destino. Desde Jos\u00e9 Manuel Luna, el vendedor de sand\u00edas que, en 1856, se convirti\u00f3 en un \u00edcono de la resistencia contra los abusos de la empresa norteamericana del ferrocarril; pasando por el radical afrodescendiente Pedro Prest\u00e1n, quien en 1885 pag\u00f3 con su vida el sue\u00f1o de liberar al Istmo del conservadurismo entreguista; hasta el general Omar Torrijos, quien puso todos sus esfuerzos en recuperar la soberan\u00eda sobre el Canal, Panam\u00e1 le ha legado a Nuestra Am\u00e9rica un ejemplo de dignidad.<\/p>\n<p>Hoy, en medio de la decadente hegemon\u00eda de EE. UU., Panam\u00e1 adquiere nuevamente relevancia en los planes imperiales. Por ello, se alimenta otra vez la amenaza de la intervenci\u00f3n, actitud que refleja el talante con el que la administraci\u00f3n Trump trata al a regi\u00f3n latinoamericana.<\/p>\n<p>Fidel, a su vez, considera a ambos pueblos como hermanos en su lucha com\u00fan ante las agresiones del imperialismo. En un multitudinario acto en honor al General Torrijos, quien se encuentra de visita en Cuba el 12 de enero de 1976, Fidel exclama: \u201cHan hecho all\u00ed todo lo que han hecho aqu\u00ed. De Cuba se quer\u00edan apoderar desde el siglo pasado; de Panam\u00e1 se quer\u00edan apoderar desde el siglo pasado. A nosotros nos impusieron una Enmienda Platt y una base; a Panam\u00e1 le impusieron un tratado m\u00e1s o menos por la misma fecha que a nosotros, a nosotros en 1902 y a ellos en 1903; les impusieron un tratado y les impusieron una zona en medio del territorio y les construyeron no una base, sino 14 bases militares en aquel territorio\u201d.<\/p>\n<p>La Ciudad Escolar 26 de Julio en San\u00adtiago de Cuba al oriente del pa\u00eds, se queda peque\u00f1a cuando finalmente considera que esa etapa de presiones \u201cse acab\u00f3 al triunfo de la Revoluci\u00f3n, y todo eso se acab\u00f3 tambi\u00e9n en Panam\u00e1 \u2014eso de darle \u00f3rdenes a todo el mundo y decidir qui\u00e9n gobernaba y no gobernaba\u2014 a ra\u00edz del movimiento revolucionario que dirigi\u00f3 el general Omar Torrijos\u201d.<img loading=\"lazy\" decoding=\"async\" class=\"aligncenter size-full wp-image-1175\" src=\"https:\/\/tiempodetormentas.com\/wp-content\/uploads\/2025\/01\/torrijos.jpg\" alt=\"\" width=\"700\" height=\"566\" srcset=\"https:\/\/tiempodetormentas.com\/wp-content\/uploads\/2025\/01\/torrijos.jpg 700w, https:\/\/tiempodetormentas.com\/wp-content\/uploads\/2025\/01\/torrijos-300x243.jpg 300w, https:\/\/tiempodetormentas.com\/wp-content\/uploads\/2025\/01\/torrijos-519x420.jpg 519w, https:\/\/tiempodetormentas.com\/wp-content\/uploads\/2025\/01\/torrijos-150x121.jpg 150w, https:\/\/tiempodetormentas.com\/wp-content\/uploads\/2025\/01\/torrijos-696x563.jpg 696w\" sizes=\"auto, (max-width: 700px) 100vw, 700px\" \/><\/p>\n<p><strong>El Partido Comunista de Colombia hace el llamado \u00aba todas las fuerzas patri\u00f3ticas y antiimperialistas del continente latinoamericano a rechazar las pretensiones neocoloniales de la administraci\u00f3n Trump\u00bb.<\/strong><\/p>","protected":false},"excerpt":{"rendered":"<p>Hoy, en medio de la decadente hegemon\u00eda de EE. UU., Panam\u00e1 adquiere nuevamente relevancia en los planes imperiales. Por ello, se alimenta otra vez la amenaza de la intervenci\u00f3n, actitud que refleja el talante con el que la administraci\u00f3n Trump trata al a regi\u00f3n latinoamericana. Desde la formulaci\u00f3n de la Doctrina Monroe, en 1822, el [&hellip;]<\/p>","protected":false},"author":8,"featured_media":1175,"comment_status":"open","ping_status":"open","sticky":true,"template":"","format":"standard","meta":{"footnotes":""},"categories":[35],"tags":[],"class_list":{"0":"post-1173","1":"post","2":"type-post","3":"status-publish","4":"format-standard","5":"has-post-thumbnail","7":"category-internacional"},"yoast_head":"<!-- This site is optimized with the Yoast SEO plugin v26.2 - https:\/\/yoast.com\/wordpress\/plugins\/seo\/ -->\n<title>PANAM\u00c1, RESISTENCIA Y DIGNIDAD FRENTE A LA INJERENCIA IMPERIALISTA - Tiempo de Tormentas<\/title>\n<meta name=\"robots\" content=\"index, follow, max-snippet:-1, max-image-preview:large, max-video-preview:-1\" \/>\n<link rel=\"canonical\" href=\"https:\/\/tiempodetormentas.com\/en\/humanidad\/internacional\/panama-resistencia-y-dignidad-frente-a-la-injerencia-imperialista\/\" \/>\n<meta property=\"og:locale\" content=\"en_GB\" \/>\n<meta property=\"og:type\" content=\"article\" \/>\n<meta property=\"og:title\" content=\"PANAM\u00c1, RESISTENCIA Y DIGNIDAD FRENTE A LA INJERENCIA IMPERIALISTA - Tiempo de Tormentas\" \/>\n<meta property=\"og:description\" content=\"Hoy, en medio de la decadente hegemon\u00eda de EE. UU., Panam\u00e1 adquiere nuevamente relevancia en los planes imperiales. Por ello, se alimenta otra vez la amenaza de la intervenci\u00f3n, actitud que refleja el talante con el que la administraci\u00f3n Trump trata al a regi\u00f3n latinoamericana. Desde la formulaci\u00f3n de la Doctrina Monroe, en 1822, el [&hellip;]\" \/>\n<meta property=\"og:url\" content=\"https:\/\/tiempodetormentas.com\/en\/humanidad\/internacional\/panama-resistencia-y-dignidad-frente-a-la-injerencia-imperialista\/\" \/>\n<meta property=\"og:site_name\" content=\"Tiempo de Tormentas\" \/>\n<meta property=\"article:published_time\" content=\"2025-01-22T19:52:32+00:00\" \/>\n<meta property=\"article:modified_time\" content=\"2025-01-22T19:54:13+00:00\" \/>\n<meta property=\"og:image\" content=\"https:\/\/tiempodetormentas.com\/wp-content\/uploads\/2025\/01\/torrijos.jpg\" \/>\n\t<meta property=\"og:image:width\" content=\"700\" \/>\n\t<meta property=\"og:image:height\" content=\"566\" \/>\n\t<meta property=\"og:image:type\" content=\"image\/jpeg\" \/>\n<meta name=\"author\" content=\"Tiempo de Tormentas\" \/>\n<meta name=\"twitter:card\" content=\"summary_large_image\" \/>\n<meta name=\"twitter:label1\" content=\"Written by\" \/>\n\t<meta name=\"twitter:data1\" content=\"Tiempo de Tormentas\" \/>\n\t<meta name=\"twitter:label2\" content=\"Estimated reading time\" \/>\n\t<meta name=\"twitter:data2\" content=\"12 minutes\" \/>\n<script type=\"application\/ld+json\" class=\"yoast-schema-graph\">{\"@context\":\"https:\/\/schema.org\",\"@graph\":[{\"@type\":\"Article\",\"@id\":\"https:\/\/tiempodetormentas.com\/humanidad\/internacional\/panama-resistencia-y-dignidad-frente-a-la-injerencia-imperialista\/#article\",\"isPartOf\":{\"@id\":\"https:\/\/tiempodetormentas.com\/humanidad\/internacional\/panama-resistencia-y-dignidad-frente-a-la-injerencia-imperialista\/\"},\"author\":{\"name\":\"Tiempo de Tormentas\",\"@id\":\"https:\/\/tiempodetormentas.com\/#\/schema\/person\/f8c15d9e322a5a2a0529ae24c9bb4409\"},\"headline\":\"PANAM\u00c1, RESISTENCIA Y DIGNIDAD FRENTE A LA INJERENCIA IMPERIALISTA\",\"datePublished\":\"2025-01-22T19:52:32+00:00\",\"dateModified\":\"2025-01-22T19:54:13+00:00\",\"mainEntityOfPage\":{\"@id\":\"https:\/\/tiempodetormentas.com\/humanidad\/internacional\/panama-resistencia-y-dignidad-frente-a-la-injerencia-imperialista\/\"},\"wordCount\":2518,\"commentCount\":3,\"publisher\":{\"@id\":\"https:\/\/tiempodetormentas.com\/#organization\"},\"image\":{\"@id\":\"https:\/\/tiempodetormentas.com\/humanidad\/internacional\/panama-resistencia-y-dignidad-frente-a-la-injerencia-imperialista\/#primaryimage\"},\"thumbnailUrl\":\"https:\/\/tiempodetormentas.com\/wp-content\/uploads\/2025\/01\/torrijos.jpg\",\"articleSection\":[\"Internacional\"],\"inLanguage\":\"en-GB\",\"potentialAction\":[{\"@type\":\"CommentAction\",\"name\":\"Comment\",\"target\":[\"https:\/\/tiempodetormentas.com\/humanidad\/internacional\/panama-resistencia-y-dignidad-frente-a-la-injerencia-imperialista\/#respond\"]}]},{\"@type\":\"WebPage\",\"@id\":\"https:\/\/tiempodetormentas.com\/humanidad\/internacional\/panama-resistencia-y-dignidad-frente-a-la-injerencia-imperialista\/\",\"url\":\"https:\/\/tiempodetormentas.com\/humanidad\/internacional\/panama-resistencia-y-dignidad-frente-a-la-injerencia-imperialista\/\",\"name\":\"PANAM\u00c1, RESISTENCIA Y DIGNIDAD FRENTE A LA INJERENCIA IMPERIALISTA - Tiempo de Tormentas\",\"isPartOf\":{\"@id\":\"https:\/\/tiempodetormentas.com\/#website\"},\"primaryImageOfPage\":{\"@id\":\"https:\/\/tiempodetormentas.com\/humanidad\/internacional\/panama-resistencia-y-dignidad-frente-a-la-injerencia-imperialista\/#primaryimage\"},\"image\":{\"@id\":\"https:\/\/tiempodetormentas.com\/humanidad\/internacional\/panama-resistencia-y-dignidad-frente-a-la-injerencia-imperialista\/#primaryimage\"},\"thumbnailUrl\":\"https:\/\/tiempodetormentas.com\/wp-content\/uploads\/2025\/01\/torrijos.jpg\",\"datePublished\":\"2025-01-22T19:52:32+00:00\",\"dateModified\":\"2025-01-22T19:54:13+00:00\",\"breadcrumb\":{\"@id\":\"https:\/\/tiempodetormentas.com\/humanidad\/internacional\/panama-resistencia-y-dignidad-frente-a-la-injerencia-imperialista\/#breadcrumb\"},\"inLanguage\":\"en-GB\",\"potentialAction\":[{\"@type\":\"ReadAction\",\"target\":[\"https:\/\/tiempodetormentas.com\/humanidad\/internacional\/panama-resistencia-y-dignidad-frente-a-la-injerencia-imperialista\/\"]}]},{\"@type\":\"ImageObject\",\"inLanguage\":\"en-GB\",\"@id\":\"https:\/\/tiempodetormentas.com\/humanidad\/internacional\/panama-resistencia-y-dignidad-frente-a-la-injerencia-imperialista\/#primaryimage\",\"url\":\"https:\/\/tiempodetormentas.com\/wp-content\/uploads\/2025\/01\/torrijos.jpg\",\"contentUrl\":\"https:\/\/tiempodetormentas.com\/wp-content\/uploads\/2025\/01\/torrijos.jpg\",\"width\":700,\"height\":566},{\"@type\":\"BreadcrumbList\",\"@id\":\"https:\/\/tiempodetormentas.com\/humanidad\/internacional\/panama-resistencia-y-dignidad-frente-a-la-injerencia-imperialista\/#breadcrumb\",\"itemListElement\":[{\"@type\":\"ListItem\",\"position\":1,\"name\":\"Portada\",\"item\":\"https:\/\/tiempodetormentas.com\/\"},{\"@type\":\"ListItem\",\"position\":2,\"name\":\"PANAM\u00c1, RESISTENCIA Y DIGNIDAD FRENTE A LA INJERENCIA IMPERIALISTA\"}]},{\"@type\":\"WebSite\",\"@id\":\"https:\/\/tiempodetormentas.com\/#website\",\"url\":\"https:\/\/tiempodetormentas.com\/\",\"name\":\"Tiempo de Tormentas\",\"description\":\"Edita el club de la bruma\",\"publisher\":{\"@id\":\"https:\/\/tiempodetormentas.com\/#organization\"},\"potentialAction\":[{\"@type\":\"SearchAction\",\"target\":{\"@type\":\"EntryPoint\",\"urlTemplate\":\"https:\/\/tiempodetormentas.com\/?s={search_term_string}\"},\"query-input\":{\"@type\":\"PropertyValueSpecification\",\"valueRequired\":true,\"valueName\":\"search_term_string\"}}],\"inLanguage\":\"en-GB\"},{\"@type\":\"Organization\",\"@id\":\"https:\/\/tiempodetormentas.com\/#organization\",\"name\":\"Tiempo de Tormentas\",\"url\":\"https:\/\/tiempodetormentas.com\/\",\"logo\":{\"@type\":\"ImageObject\",\"inLanguage\":\"en-GB\",\"@id\":\"https:\/\/tiempodetormentas.com\/#\/schema\/logo\/image\/\",\"url\":\"https:\/\/tiempodetormentas.com\/wp-content\/uploads\/2022\/01\/tiempo-de-tormentas.png\",\"contentUrl\":\"https:\/\/tiempodetormentas.com\/wp-content\/uploads\/2022\/01\/tiempo-de-tormentas.png\",\"width\":448,\"height\":121,\"caption\":\"Tiempo de Tormentas\"},\"image\":{\"@id\":\"https:\/\/tiempodetormentas.com\/#\/schema\/logo\/image\/\"}},{\"@type\":\"Person\",\"@id\":\"https:\/\/tiempodetormentas.com\/#\/schema\/person\/f8c15d9e322a5a2a0529ae24c9bb4409\",\"name\":\"Tiempo de Tormentas\",\"image\":{\"@type\":\"ImageObject\",\"inLanguage\":\"en-GB\",\"@id\":\"https:\/\/tiempodetormentas.com\/#\/schema\/person\/image\/\",\"url\":\"https:\/\/secure.gravatar.com\/avatar\/41ab5f71e764337e074e1cc8a08a5205b1c5c846b93c75fefbe2bec43bc13ab8?s=96&d=mm&r=g\",\"contentUrl\":\"https:\/\/secure.gravatar.com\/avatar\/41ab5f71e764337e074e1cc8a08a5205b1c5c846b93c75fefbe2bec43bc13ab8?s=96&d=mm&r=g\",\"caption\":\"Tiempo de Tormentas\"},\"url\":\"https:\/\/tiempodetormentas.com\/en\/author\/tiempo\/\"}]}<\/script>\n<!-- \/ Yoast SEO plugin. -->","yoast_head_json":{"title":"PANAM\u00c1, RESISTENCIA Y DIGNIDAD FRENTE A LA INJERENCIA IMPERIALISTA - Tiempo de Tormentas","robots":{"index":"index","follow":"follow","max-snippet":"max-snippet:-1","max-image-preview":"max-image-preview:large","max-video-preview":"max-video-preview:-1"},"canonical":"https:\/\/tiempodetormentas.com\/en\/humanidad\/internacional\/panama-resistencia-y-dignidad-frente-a-la-injerencia-imperialista\/","og_locale":"en_GB","og_type":"article","og_title":"PANAM\u00c1, RESISTENCIA Y DIGNIDAD FRENTE A LA INJERENCIA IMPERIALISTA - Tiempo de Tormentas","og_description":"Hoy, en medio de la decadente hegemon\u00eda de EE. UU., Panam\u00e1 adquiere nuevamente relevancia en los planes imperiales. Por ello, se alimenta otra vez la amenaza de la intervenci\u00f3n, actitud que refleja el talante con el que la administraci\u00f3n Trump trata al a regi\u00f3n latinoamericana. Desde la formulaci\u00f3n de la Doctrina Monroe, en 1822, el [&hellip;]","og_url":"https:\/\/tiempodetormentas.com\/en\/humanidad\/internacional\/panama-resistencia-y-dignidad-frente-a-la-injerencia-imperialista\/","og_site_name":"Tiempo de Tormentas","article_published_time":"2025-01-22T19:52:32+00:00","article_modified_time":"2025-01-22T19:54:13+00:00","og_image":[{"width":700,"height":566,"url":"https:\/\/tiempodetormentas.com\/wp-content\/uploads\/2025\/01\/torrijos.jpg","type":"image\/jpeg"}],"author":"Tiempo de Tormentas","twitter_card":"summary_large_image","twitter_misc":{"Written by":"Tiempo de Tormentas","Estimated reading time":"12 minutes"},"schema":{"@context":"https:\/\/schema.org","@graph":[{"@type":"Article","@id":"https:\/\/tiempodetormentas.com\/humanidad\/internacional\/panama-resistencia-y-dignidad-frente-a-la-injerencia-imperialista\/#article","isPartOf":{"@id":"https:\/\/tiempodetormentas.com\/humanidad\/internacional\/panama-resistencia-y-dignidad-frente-a-la-injerencia-imperialista\/"},"author":{"name":"Tiempo de Tormentas","@id":"https:\/\/tiempodetormentas.com\/#\/schema\/person\/f8c15d9e322a5a2a0529ae24c9bb4409"},"headline":"PANAM\u00c1, RESISTENCIA Y DIGNIDAD FRENTE A LA INJERENCIA IMPERIALISTA","datePublished":"2025-01-22T19:52:32+00:00","dateModified":"2025-01-22T19:54:13+00:00","mainEntityOfPage":{"@id":"https:\/\/tiempodetormentas.com\/humanidad\/internacional\/panama-resistencia-y-dignidad-frente-a-la-injerencia-imperialista\/"},"wordCount":2518,"commentCount":3,"publisher":{"@id":"https:\/\/tiempodetormentas.com\/#organization"},"image":{"@id":"https:\/\/tiempodetormentas.com\/humanidad\/internacional\/panama-resistencia-y-dignidad-frente-a-la-injerencia-imperialista\/#primaryimage"},"thumbnailUrl":"https:\/\/tiempodetormentas.com\/wp-content\/uploads\/2025\/01\/torrijos.jpg","articleSection":["Internacional"],"inLanguage":"en-GB","potentialAction":[{"@type":"CommentAction","name":"Comment","target":["https:\/\/tiempodetormentas.com\/humanidad\/internacional\/panama-resistencia-y-dignidad-frente-a-la-injerencia-imperialista\/#respond"]}]},{"@type":"WebPage","@id":"https:\/\/tiempodetormentas.com\/humanidad\/internacional\/panama-resistencia-y-dignidad-frente-a-la-injerencia-imperialista\/","url":"https:\/\/tiempodetormentas.com\/humanidad\/internacional\/panama-resistencia-y-dignidad-frente-a-la-injerencia-imperialista\/","name":"PANAM\u00c1, RESISTENCIA Y DIGNIDAD FRENTE A LA INJERENCIA IMPERIALISTA - Tiempo de Tormentas","isPartOf":{"@id":"https:\/\/tiempodetormentas.com\/#website"},"primaryImageOfPage":{"@id":"https:\/\/tiempodetormentas.com\/humanidad\/internacional\/panama-resistencia-y-dignidad-frente-a-la-injerencia-imperialista\/#primaryimage"},"image":{"@id":"https:\/\/tiempodetormentas.com\/humanidad\/internacional\/panama-resistencia-y-dignidad-frente-a-la-injerencia-imperialista\/#primaryimage"},"thumbnailUrl":"https:\/\/tiempodetormentas.com\/wp-content\/uploads\/2025\/01\/torrijos.jpg","datePublished":"2025-01-22T19:52:32+00:00","dateModified":"2025-01-22T19:54:13+00:00","breadcrumb":{"@id":"https:\/\/tiempodetormentas.com\/humanidad\/internacional\/panama-resistencia-y-dignidad-frente-a-la-injerencia-imperialista\/#breadcrumb"},"inLanguage":"en-GB","potentialAction":[{"@type":"ReadAction","target":["https:\/\/tiempodetormentas.com\/humanidad\/internacional\/panama-resistencia-y-dignidad-frente-a-la-injerencia-imperialista\/"]}]},{"@type":"ImageObject","inLanguage":"en-GB","@id":"https:\/\/tiempodetormentas.com\/humanidad\/internacional\/panama-resistencia-y-dignidad-frente-a-la-injerencia-imperialista\/#primaryimage","url":"https:\/\/tiempodetormentas.com\/wp-content\/uploads\/2025\/01\/torrijos.jpg","contentUrl":"https:\/\/tiempodetormentas.com\/wp-content\/uploads\/2025\/01\/torrijos.jpg","width":700,"height":566},{"@type":"BreadcrumbList","@id":"https:\/\/tiempodetormentas.com\/humanidad\/internacional\/panama-resistencia-y-dignidad-frente-a-la-injerencia-imperialista\/#breadcrumb","itemListElement":[{"@type":"ListItem","position":1,"name":"Portada","item":"https:\/\/tiempodetormentas.com\/"},{"@type":"ListItem","position":2,"name":"PANAM\u00c1, RESISTENCIA Y DIGNIDAD FRENTE A LA INJERENCIA IMPERIALISTA"}]},{"@type":"WebSite","@id":"https:\/\/tiempodetormentas.com\/#website","url":"https:\/\/tiempodetormentas.com\/","name":"Tiempo de Tormentas","description":"Edita el club de la bruma","publisher":{"@id":"https:\/\/tiempodetormentas.com\/#organization"},"potentialAction":[{"@type":"SearchAction","target":{"@type":"EntryPoint","urlTemplate":"https:\/\/tiempodetormentas.com\/?s={search_term_string}"},"query-input":{"@type":"PropertyValueSpecification","valueRequired":true,"valueName":"search_term_string"}}],"inLanguage":"en-GB"},{"@type":"Organization","@id":"https:\/\/tiempodetormentas.com\/#organization","name":"Tiempo de Tormentas","url":"https:\/\/tiempodetormentas.com\/","logo":{"@type":"ImageObject","inLanguage":"en-GB","@id":"https:\/\/tiempodetormentas.com\/#\/schema\/logo\/image\/","url":"https:\/\/tiempodetormentas.com\/wp-content\/uploads\/2022\/01\/tiempo-de-tormentas.png","contentUrl":"https:\/\/tiempodetormentas.com\/wp-content\/uploads\/2022\/01\/tiempo-de-tormentas.png","width":448,"height":121,"caption":"Tiempo de Tormentas"},"image":{"@id":"https:\/\/tiempodetormentas.com\/#\/schema\/logo\/image\/"}},{"@type":"Person","@id":"https:\/\/tiempodetormentas.com\/#\/schema\/person\/f8c15d9e322a5a2a0529ae24c9bb4409","name":"Tiempo de Tormentas","image":{"@type":"ImageObject","inLanguage":"en-GB","@id":"https:\/\/tiempodetormentas.com\/#\/schema\/person\/image\/","url":"https:\/\/secure.gravatar.com\/avatar\/41ab5f71e764337e074e1cc8a08a5205b1c5c846b93c75fefbe2bec43bc13ab8?s=96&d=mm&r=g","contentUrl":"https:\/\/secure.gravatar.com\/avatar\/41ab5f71e764337e074e1cc8a08a5205b1c5c846b93c75fefbe2bec43bc13ab8?s=96&d=mm&r=g","caption":"Tiempo de Tormentas"},"url":"https:\/\/tiempodetormentas.com\/en\/author\/tiempo\/"}]}},"_links":{"self":[{"href":"https:\/\/tiempodetormentas.com\/en\/wp-json\/wp\/v2\/posts\/1173","targetHints":{"allow":["GET"]}}],"collection":[{"href":"https:\/\/tiempodetormentas.com\/en\/wp-json\/wp\/v2\/posts"}],"about":[{"href":"https:\/\/tiempodetormentas.com\/en\/wp-json\/wp\/v2\/types\/post"}],"author":[{"embeddable":true,"href":"https:\/\/tiempodetormentas.com\/en\/wp-json\/wp\/v2\/users\/8"}],"replies":[{"embeddable":true,"href":"https:\/\/tiempodetormentas.com\/en\/wp-json\/wp\/v2\/comments?post=1173"}],"version-history":[{"count":1,"href":"https:\/\/tiempodetormentas.com\/en\/wp-json\/wp\/v2\/posts\/1173\/revisions"}],"predecessor-version":[{"id":1177,"href":"https:\/\/tiempodetormentas.com\/en\/wp-json\/wp\/v2\/posts\/1173\/revisions\/1177"}],"wp:featuredmedia":[{"embeddable":true,"href":"https:\/\/tiempodetormentas.com\/en\/wp-json\/wp\/v2\/media\/1175"}],"wp:attachment":[{"href":"https:\/\/tiempodetormentas.com\/en\/wp-json\/wp\/v2\/media?parent=1173"}],"wp:term":[{"taxonomy":"category","embeddable":true,"href":"https:\/\/tiempodetormentas.com\/en\/wp-json\/wp\/v2\/categories?post=1173"},{"taxonomy":"post_tag","embeddable":true,"href":"https:\/\/tiempodetormentas.com\/en\/wp-json\/wp\/v2\/tags?post=1173"}],"curies":[{"name":"wp","href":"https:\/\/api.w.org\/{rel}","templated":true}]}}