{"id":1147,"date":"2025-01-22T12:57:08","date_gmt":"2025-01-22T12:57:08","guid":{"rendered":"https:\/\/tiempodetormentas.com\/?p=1147"},"modified":"2025-01-22T13:04:59","modified_gmt":"2025-01-22T13:04:59","slug":"trump-ya-es-presidente","status":"publish","type":"post","link":"https:\/\/tiempodetormentas.com\/en\/humanidad\/internacional\/trump-ya-es-presidente\/","title":{"rendered":"TRUMP YA ES PRESIDENTE"},"content":{"rendered":"<p><img loading=\"lazy\" decoding=\"async\" class=\"aligncenter size-full wp-image-1148\" src=\"https:\/\/tiempodetormentas.com\/wp-content\/uploads\/2025\/01\/1737545210335.gif\" alt=\"\" width=\"450\" height=\"253\" \/><br \/>\nEl ni\u00f1o pijo y Showman televisivo y medi\u00e1tico, que hered\u00f3 de su pap\u00e1 una fortuna de 200 millones de d\u00f3lares y la multiplic\u00f3 y la multiplic\u00f3 hasta sus 78 a\u00f1os cumplidos, as\u00ed cualquiera, ( dicen que el primer mill\u00f3n de d\u00f3lares es el m\u00e1s dif\u00edcil de ganar), ya ha prometido el cargo con dos biblias: la tradicional de Lincoln y la de su mam\u00e1 -eso si- sin poner su mano sobre ninguna.<br \/>\nEl vibrante discurso que cautiv\u00f3 a sus ac\u00f3litos fue pronunciado ante la oculta mirada de una primera dama cuyo sombrero ,dise\u00f1o de Eric Javits, ex pareja de Di Mondo, le hac\u00eda imposible ver los ojos, pero que consegu\u00eda lo imposible: poner a salvo sus mejillas del intento fallido de beso presidencial.<\/p>\n<p><img loading=\"lazy\" decoding=\"async\" class=\"aligncenter size-full wp-image-1150\" src=\"https:\/\/tiempodetormentas.com\/wp-content\/uploads\/2025\/01\/descarga-9-1.jpeg\" alt=\"\" width=\"300\" height=\"168\" srcset=\"https:\/\/tiempodetormentas.com\/wp-content\/uploads\/2025\/01\/descarga-9-1.jpeg 300w, https:\/\/tiempodetormentas.com\/wp-content\/uploads\/2025\/01\/descarga-9-1-150x84.jpeg 150w\" sizes=\"auto, (max-width: 300px) 100vw, 300px\" \/><\/p>\n<p>&nbsp;<\/p>\n<p>No falt\u00f3 de nada, pero de nada de nada, hubo para todos. Anunci\u00f3 sus medidas, su visi\u00f3n del mundo. Hubo hostias para todos: El Canal de M\u00e9xico rebautizado por \u00abCanal de Am\u00e9rica\u00bb, recuperaci\u00f3n para los Estados Unidos del canal de Panam\u00e1, Comprar Groelandia a Dinamarca o quedarse con ella por \u00abInter\u00e9s Nacional\u00bb, convertir a Canada en el Estado 51 de los USA, indulto a todos los que tomaron el Capitolio el d\u00eda que perdi\u00f3 las elecciones&#8230;<\/p>\n<p><img loading=\"lazy\" decoding=\"async\" class=\"aligncenter size-full wp-image-1151\" src=\"https:\/\/tiempodetormentas.com\/wp-content\/uploads\/2025\/01\/images-5.jpeg\" alt=\"\" width=\"336\" height=\"150\" srcset=\"https:\/\/tiempodetormentas.com\/wp-content\/uploads\/2025\/01\/images-5.jpeg 336w, https:\/\/tiempodetormentas.com\/wp-content\/uploads\/2025\/01\/images-5-300x134.jpeg 300w, https:\/\/tiempodetormentas.com\/wp-content\/uploads\/2025\/01\/images-5-150x67.jpeg 150w\" sizes=\"auto, (max-width: 336px) 100vw, 336px\" \/><\/p>\n<p>Sanciones y aranceles para todo el mundo mundial para poder bajar los impuestos a los norteamericanos. Y el futurismo de llevar soldados norteamericanos a conquistar Marte. Algo que le encant\u00f3 al sue\u00f1o narcisista del otro ni\u00f1o pijo que arranc\u00f3 con la buena fortuna de papi: El\u00f3n Musk, qui\u00e9n ebrio de alegr\u00eda espacial subi\u00f3 al estrado a saludar en recuerdo del arquitecto de Hitler, Albert Speer, al m\u00e1s puro estilo nacional socialista<\/p>\n<p><img loading=\"lazy\" decoding=\"async\" class=\"aligncenter size-full wp-image-1149\" src=\"https:\/\/tiempodetormentas.com\/wp-content\/uploads\/2025\/01\/600x400_imito-saludo-nazi-polemica-gesto-elon-musk-al-finalizar-discurso-tras-asuncion-donald-trump-1068100-211228-1.webp\" alt=\"\" width=\"600\" height=\"400\" srcset=\"https:\/\/tiempodetormentas.com\/wp-content\/uploads\/2025\/01\/600x400_imito-saludo-nazi-polemica-gesto-elon-musk-al-finalizar-discurso-tras-asuncion-donald-trump-1068100-211228-1.webp 600w, https:\/\/tiempodetormentas.com\/wp-content\/uploads\/2025\/01\/600x400_imito-saludo-nazi-polemica-gesto-elon-musk-al-finalizar-discurso-tras-asuncion-donald-trump-1068100-211228-1-300x200.webp 300w, https:\/\/tiempodetormentas.com\/wp-content\/uploads\/2025\/01\/600x400_imito-saludo-nazi-polemica-gesto-elon-musk-al-finalizar-discurso-tras-asuncion-donald-trump-1068100-211228-1-150x100.webp 150w\" sizes=\"auto, (max-width: 600px) 100vw, 600px\" \/><\/p>\n<p>Y los contenidos totalmente fastuosos de unas arengas bien cargadas de testosterona y poca modernidad, todo hay que escribirlo, rezumaban el m\u00e1s brillante librepensamiento: nuestros \u00abvalores\u00bb son los \u00fanicos v\u00e1lidos y los que no piensan igual son poco menos que gilipollas despreciables que estaban a punto de cargarse la civilizaci\u00f3n y el mundo&#8230;. Puros dem\u00f3cratas.<\/p>\n<p>Con un nutrido reparto de actores internacionales como invitados: Meloni, Milei, Abascal&#8230;cu\u00e1nto m\u00e1s fachas mejor, ninguna invitaci\u00f3n a la Uni\u00f3n Europea (esa colonia norteamericana en Europa que encima desprecian).<\/p>\n<p><img loading=\"lazy\" decoding=\"async\" class=\"aligncenter size-full wp-image-1152\" src=\"https:\/\/tiempodetormentas.com\/wp-content\/uploads\/2025\/01\/descarga-10-1.jpeg\" alt=\"\" width=\"300\" height=\"168\" srcset=\"https:\/\/tiempodetormentas.com\/wp-content\/uploads\/2025\/01\/descarga-10-1.jpeg 300w, https:\/\/tiempodetormentas.com\/wp-content\/uploads\/2025\/01\/descarga-10-1-150x84.jpeg 150w\" sizes=\"auto, (max-width: 300px) 100vw, 300px\" \/><\/p>\n<p>As\u00ed que llega el futuro de armon\u00eda para todos. De aborto nada, mujeres americanas, sino quer\u00e9is tener hijos no foll\u00e9is; de mariconer\u00eda nada, todes al psiquiatra o al m\u00e9dico, el privado claro; de ateos nada porque el nuevo presidente ha sido salvado de la muerte por aquel tiro en la oreja gracias a la intervenci\u00f3n divina pues Dios le ha dado una misi\u00f3n presidencial a Donald Trump&#8230;: enviar tropas a la frontera para invadir M\u00e9xico y terminar con el derecho a la nacionalidad por nacimiento<\/p>\n<p><img loading=\"lazy\" decoding=\"async\" class=\"aligncenter size-full wp-image-1153\" src=\"https:\/\/tiempodetormentas.com\/wp-content\/uploads\/2025\/01\/abuelo-trump.webp\" alt=\"\" width=\"800\" height=\"450\" srcset=\"https:\/\/tiempodetormentas.com\/wp-content\/uploads\/2025\/01\/abuelo-trump.webp 800w, https:\/\/tiempodetormentas.com\/wp-content\/uploads\/2025\/01\/abuelo-trump-300x169.webp 300w, https:\/\/tiempodetormentas.com\/wp-content\/uploads\/2025\/01\/abuelo-trump-768x432.webp 768w, https:\/\/tiempodetormentas.com\/wp-content\/uploads\/2025\/01\/abuelo-trump-747x420.webp 747w, https:\/\/tiempodetormentas.com\/wp-content\/uploads\/2025\/01\/abuelo-trump-150x84.webp 150w, https:\/\/tiempodetormentas.com\/wp-content\/uploads\/2025\/01\/abuelo-trump-696x392.webp 696w\" sizes=\"auto, (max-width: 800px) 100vw, 800px\" \/><\/p>\n<p><strong>El abuelo alem\u00e1n de Donald Trump, Friedrich Trump<\/strong><\/p>\n<div class=\"bbc-19j92fr ebmt73l0\" dir=\"ltr\">\n<p class=\"bbc-hhl7in e17g058b0\" dir=\"ltr\">Lleg\u00f3 a Nueva York luego de un largo y duro viaje de varios d\u00edas con la intenci\u00f3n de buscar fortuna para enviar dinero a la familia -madre y cuatro hermanos- que hab\u00eda dejado en su pueblo natal.<\/p>\n<\/div>\n<div class=\"bbc-19j92fr ebmt73l0\" dir=\"ltr\">\n<p class=\"bbc-hhl7in e17g058b0\" dir=\"ltr\">No sab\u00eda ingl\u00e9s y tambi\u00e9n, como tantos otros inmigrantes, fue acogido durante varios a\u00f1os en la casa de una hermana mayor que se hab\u00eda instalado en Estados Unidos antes que \u00e9l.Al llegar a Nueva York, Friedrich fue recibido por su hermana Katherine y por el marido de esta, Fred Schuster, tambi\u00e9n nativo de Kallstadt, quienes le acogieron en su casa en el\u00a0<i class=\"bbc-h1y5j7 eih42320\">Lower East Side<\/i> de Nueva York. <strong>Es la inmigraci\u00f3n en cadena que su nieto Donald Trump quiere eliminar. <\/strong>En aquel entonces, el tr\u00e1mite de naturalizaci\u00f3n era extremadamente sencillo: solo se requer\u00eda haber vivido 7 a\u00f1os en el pa\u00eds y aportar el testimonio de alguien que diera fe de que el aspirante ten\u00eda \u00abun buen car\u00e1cter\u00bb.<\/p>\n<div class=\"bbc-19j92fr ebmt73l0\" dir=\"ltr\">\n<p class=\"bbc-hhl7in e17g058b0\" dir=\"ltr\">En agosto de 1902, su padre se cas\u00f3 y se mud\u00f3 a Nueva York, donde naci\u00f3 su primera hija y Frederick volver\u00eda a trabajar como barbero y como gerente de un hotel y restaurant.<\/p>\n<\/div>\n<div class=\"bbc-19j92fr ebmt73l0\" dir=\"ltr\">\n<p class=\"bbc-hhl7in e17g058b0\" dir=\"ltr\">Pero Elizabeth ,<strong> la madre del presidente Trump<\/strong>, extra\u00f1aba Alemania por lo que en 1904 retornaron all\u00ed con la intenci\u00f3n de establecerse definitivamente.<\/p>\n<\/div>\n<figure class=\"bbc-1qn0xuy\">\n<div class=\"bbc-18ywsw9\">\n<p><img loading=\"lazy\" decoding=\"async\" class=\"bbc-139onq\" src=\"https:\/\/ichef.bbci.co.uk\/ace\/ws\/640\/cpsprodpb\/848F\/production\/_102453933_friedrichyelisabethtrump-getty.jpg.webp\" sizes=\"auto, (min-width: 1008px) 760px, 100vw\" srcset=\"https:\/\/ichef.bbci.co.uk\/ace\/ws\/240\/cpsprodpb\/848F\/production\/_102453933_friedrichyelisabethtrump-getty.jpg.webp 240w, https:\/\/ichef.bbci.co.uk\/ace\/ws\/320\/cpsprodpb\/848F\/production\/_102453933_friedrichyelisabethtrump-getty.jpg.webp 320w, https:\/\/ichef.bbci.co.uk\/ace\/ws\/480\/cpsprodpb\/848F\/production\/_102453933_friedrichyelisabethtrump-getty.jpg.webp 480w, https:\/\/ichef.bbci.co.uk\/ace\/ws\/624\/cpsprodpb\/848F\/production\/_102453933_friedrichyelisabethtrump-getty.jpg.webp 624w, https:\/\/ichef.bbci.co.uk\/ace\/ws\/800\/cpsprodpb\/848F\/production\/_102453933_friedrichyelisabethtrump-getty.jpg.webp 800w\" alt=\"Elizabeth Christ y Frederick Trump.\" width=\"976\" height=\"549\" \/><\/p>\n<\/div><figcaption class=\"bbc-15f1ujd\" dir=\"ltr\"><em><span role=\"text\">Los abuelos paternos de Donald Trump emigraron a Estados Unidos procedentes de Alemania.<\/span><\/em><\/figcaption><\/figure>\n<div class=\"bbc-19j92fr ebmt73l0\" dir=\"ltr\">\n<p class=\"bbc-hhl7in e17g058b0\" dir=\"ltr\">Las cosas, sin embargo, no resultaron como estaba previsto.<\/p>\n<\/div>\n<div class=\"bbc-19j92fr ebmt73l0\" dir=\"ltr\">\n<p class=\"bbc-hhl7in e17g058b0\" dir=\"ltr\">En 1905, Frederick recibi\u00f3 una carta de las autoridades de Baviera en la que\u00a0<b>negaban su petici\u00f3n de repatriaci\u00f3n y le ordenaban abandonar el pa\u00eds en el plazo de ocho semanas<\/b>.<\/p>\n<\/div>\n<div class=\"bbc-19j92fr ebmt73l0\" dir=\"ltr\">\n<p class=\"bbc-hhl7in e17g058b0\" dir=\"ltr\">\u00bfLa raz\u00f3n?<\/p>\n<\/div>\n<div class=\"bbc-19j92fr ebmt73l0\" dir=\"ltr\">\n<p class=\"bbc-hhl7in e17g058b0\" dir=\"ltr\">Consideraban que su viaje a Estados Unidos, ocurrido 20 a\u00f1os antes, tuvo como objetivo evadir el servicio militar obligatorio, una falta que ten\u00eda como castigo la p\u00e9rdida de la ciudadan\u00eda alemana.<\/p>\n<p dir=\"ltr\"><img loading=\"lazy\" decoding=\"async\" class=\"aligncenter size-full wp-image-1154\" src=\"https:\/\/tiempodetormentas.com\/wp-content\/uploads\/2025\/01\/melania.jpeg\" alt=\"\" width=\"680\" height=\"680\" srcset=\"https:\/\/tiempodetormentas.com\/wp-content\/uploads\/2025\/01\/melania.jpeg 680w, https:\/\/tiempodetormentas.com\/wp-content\/uploads\/2025\/01\/melania-300x300.jpeg 300w, https:\/\/tiempodetormentas.com\/wp-content\/uploads\/2025\/01\/melania-150x150.jpeg 150w, https:\/\/tiempodetormentas.com\/wp-content\/uploads\/2025\/01\/melania-420x420.jpeg 420w\" sizes=\"auto, (max-width: 680px) 100vw, 680px\" \/><\/p>\n<p dir=\"ltr\"><em>Melania Trump \u200b\u200b ex-modelo eslovena<\/em><\/p>\n<p dir=\"ltr\">Es decir que <strong>la primera dama de los Estados Unidos, con qui\u00e9n est\u00e1 casado el presidente m\u00e1s racista de Am\u00e9rica del Norte es una inmigrante de la antigua Checoslovaqu\u00eda.<\/strong><\/p>\n<p>Y su hombre estrella Elon Musk de Sud\u00e1frica, nacido en 1971 en Pretoria e hijo del potentado Errol Musk. Eso s\u00ed , los extranjeros son los otros (los que no son blancos sino oscuros despreciables que hay que deportar masivamente \u00bfno nos suena ya esta canci\u00f3n?)<\/p>\n<p dir=\"ltr\">Esta gente es todo coherencia: hago para los dem\u00e1s lo que para mi no quiero aunque siendo igual que los que ataco, \u00a1Brav\u00edsimo! y muy propio de perfiles psic\u00f3patas narcisistas.<\/p>\n<\/div>\n<\/div>","protected":false},"excerpt":{"rendered":"<p>El ni\u00f1o pijo y Showman televisivo y medi\u00e1tico, que hered\u00f3 de su pap\u00e1 una fortuna de 200 millones de d\u00f3lares y la multiplic\u00f3 y la multiplic\u00f3 hasta sus 78 a\u00f1os cumplidos, as\u00ed cualquiera, ( dicen que el primer mill\u00f3n de d\u00f3lares es el m\u00e1s dif\u00edcil de ganar), ya ha prometido el cargo con dos biblias: [&hellip;]<\/p>","protected":false},"author":1,"featured_media":1155,"comment_status":"open","ping_status":"open","sticky":true,"template":"","format":"standard","meta":{"footnotes":""},"categories":[35],"tags":[],"class_list":{"0":"post-1147","1":"post","2":"type-post","3":"status-publish","4":"format-standard","5":"has-post-thumbnail","7":"category-internacional"},"yoast_head":"<!-- This site is optimized with the Yoast SEO plugin v26.2 - https:\/\/yoast.com\/wordpress\/plugins\/seo\/ -->\n<title>TRUMP YA ES PRESIDENTE - Tiempo de Tormentas<\/title>\n<meta name=\"robots\" content=\"index, follow, max-snippet:-1, max-image-preview:large, max-video-preview:-1\" \/>\n<link rel=\"canonical\" href=\"https:\/\/tiempodetormentas.com\/en\/humanidad\/internacional\/trump-ya-es-presidente\/\" \/>\n<meta property=\"og:locale\" content=\"en_GB\" \/>\n<meta property=\"og:type\" content=\"article\" \/>\n<meta property=\"og:title\" content=\"TRUMP YA ES PRESIDENTE - Tiempo de Tormentas\" \/>\n<meta property=\"og:description\" content=\"El ni\u00f1o pijo y Showman televisivo y medi\u00e1tico, que hered\u00f3 de su pap\u00e1 una fortuna de 200 millones de d\u00f3lares y la multiplic\u00f3 y la multiplic\u00f3 hasta sus 78 a\u00f1os cumplidos, as\u00ed cualquiera, ( dicen que el primer mill\u00f3n de d\u00f3lares es el m\u00e1s dif\u00edcil de ganar), ya ha prometido el cargo con dos biblias: [&hellip;]\" \/>\n<meta property=\"og:url\" content=\"https:\/\/tiempodetormentas.com\/en\/humanidad\/internacional\/trump-ya-es-presidente\/\" \/>\n<meta property=\"og:site_name\" content=\"Tiempo de Tormentas\" \/>\n<meta property=\"article:published_time\" content=\"2025-01-22T12:57:08+00:00\" \/>\n<meta property=\"article:modified_time\" content=\"2025-01-22T13:04:59+00:00\" \/>\n<meta property=\"og:image\" content=\"https:\/\/tiempodetormentas.com\/wp-content\/uploads\/2025\/01\/1737545407098.gif\" \/>\n\t<meta property=\"og:image:width\" content=\"528\" \/>\n\t<meta property=\"og:image:height\" content=\"336\" \/>\n\t<meta property=\"og:image:type\" content=\"image\/gif\" \/>\n<meta name=\"author\" content=\"Ray Lorens\" \/>\n<meta name=\"twitter:card\" content=\"summary_large_image\" \/>\n<meta name=\"twitter:label1\" content=\"Written by\" \/>\n\t<meta name=\"twitter:data1\" content=\"Ray Lorens\" \/>\n\t<meta name=\"twitter:label2\" content=\"Estimated reading time\" \/>\n\t<meta name=\"twitter:data2\" content=\"6 minutes\" \/>\n<script type=\"application\/ld+json\" class=\"yoast-schema-graph\">{\"@context\":\"https:\/\/schema.org\",\"@graph\":[{\"@type\":\"Article\",\"@id\":\"https:\/\/tiempodetormentas.com\/humanidad\/internacional\/trump-ya-es-presidente\/#article\",\"isPartOf\":{\"@id\":\"https:\/\/tiempodetormentas.com\/humanidad\/internacional\/trump-ya-es-presidente\/\"},\"author\":{\"name\":\"Ray Lorens\",\"@id\":\"https:\/\/tiempodetormentas.com\/#\/schema\/person\/7e59b0ab3f525f413b127a9f2727eee7\"},\"headline\":\"TRUMP YA ES PRESIDENTE\",\"datePublished\":\"2025-01-22T12:57:08+00:00\",\"dateModified\":\"2025-01-22T13:04:59+00:00\",\"mainEntityOfPage\":{\"@id\":\"https:\/\/tiempodetormentas.com\/humanidad\/internacional\/trump-ya-es-presidente\/\"},\"wordCount\":926,\"commentCount\":2,\"publisher\":{\"@id\":\"https:\/\/tiempodetormentas.com\/#organization\"},\"image\":{\"@id\":\"https:\/\/tiempodetormentas.com\/humanidad\/internacional\/trump-ya-es-presidente\/#primaryimage\"},\"thumbnailUrl\":\"https:\/\/tiempodetormentas.com\/wp-content\/uploads\/2025\/01\/1737545407098.gif\",\"articleSection\":[\"Internacional\"],\"inLanguage\":\"en-GB\",\"potentialAction\":[{\"@type\":\"CommentAction\",\"name\":\"Comment\",\"target\":[\"https:\/\/tiempodetormentas.com\/humanidad\/internacional\/trump-ya-es-presidente\/#respond\"]}]},{\"@type\":\"WebPage\",\"@id\":\"https:\/\/tiempodetormentas.com\/humanidad\/internacional\/trump-ya-es-presidente\/\",\"url\":\"https:\/\/tiempodetormentas.com\/humanidad\/internacional\/trump-ya-es-presidente\/\",\"name\":\"TRUMP YA ES PRESIDENTE - Tiempo de Tormentas\",\"isPartOf\":{\"@id\":\"https:\/\/tiempodetormentas.com\/#website\"},\"primaryImageOfPage\":{\"@id\":\"https:\/\/tiempodetormentas.com\/humanidad\/internacional\/trump-ya-es-presidente\/#primaryimage\"},\"image\":{\"@id\":\"https:\/\/tiempodetormentas.com\/humanidad\/internacional\/trump-ya-es-presidente\/#primaryimage\"},\"thumbnailUrl\":\"https:\/\/tiempodetormentas.com\/wp-content\/uploads\/2025\/01\/1737545407098.gif\",\"datePublished\":\"2025-01-22T12:57:08+00:00\",\"dateModified\":\"2025-01-22T13:04:59+00:00\",\"breadcrumb\":{\"@id\":\"https:\/\/tiempodetormentas.com\/humanidad\/internacional\/trump-ya-es-presidente\/#breadcrumb\"},\"inLanguage\":\"en-GB\",\"potentialAction\":[{\"@type\":\"ReadAction\",\"target\":[\"https:\/\/tiempodetormentas.com\/humanidad\/internacional\/trump-ya-es-presidente\/\"]}]},{\"@type\":\"ImageObject\",\"inLanguage\":\"en-GB\",\"@id\":\"https:\/\/tiempodetormentas.com\/humanidad\/internacional\/trump-ya-es-presidente\/#primaryimage\",\"url\":\"https:\/\/tiempodetormentas.com\/wp-content\/uploads\/2025\/01\/1737545407098.gif\",\"contentUrl\":\"https:\/\/tiempodetormentas.com\/wp-content\/uploads\/2025\/01\/1737545407098.gif\",\"width\":528,\"height\":336},{\"@type\":\"BreadcrumbList\",\"@id\":\"https:\/\/tiempodetormentas.com\/humanidad\/internacional\/trump-ya-es-presidente\/#breadcrumb\",\"itemListElement\":[{\"@type\":\"ListItem\",\"position\":1,\"name\":\"Portada\",\"item\":\"https:\/\/tiempodetormentas.com\/\"},{\"@type\":\"ListItem\",\"position\":2,\"name\":\"TRUMP YA ES PRESIDENTE\"}]},{\"@type\":\"WebSite\",\"@id\":\"https:\/\/tiempodetormentas.com\/#website\",\"url\":\"https:\/\/tiempodetormentas.com\/\",\"name\":\"Tiempo de Tormentas\",\"description\":\"Edita el club de la bruma\",\"publisher\":{\"@id\":\"https:\/\/tiempodetormentas.com\/#organization\"},\"potentialAction\":[{\"@type\":\"SearchAction\",\"target\":{\"@type\":\"EntryPoint\",\"urlTemplate\":\"https:\/\/tiempodetormentas.com\/?s={search_term_string}\"},\"query-input\":{\"@type\":\"PropertyValueSpecification\",\"valueRequired\":true,\"valueName\":\"search_term_string\"}}],\"inLanguage\":\"en-GB\"},{\"@type\":\"Organization\",\"@id\":\"https:\/\/tiempodetormentas.com\/#organization\",\"name\":\"Tiempo de Tormentas\",\"url\":\"https:\/\/tiempodetormentas.com\/\",\"logo\":{\"@type\":\"ImageObject\",\"inLanguage\":\"en-GB\",\"@id\":\"https:\/\/tiempodetormentas.com\/#\/schema\/logo\/image\/\",\"url\":\"https:\/\/tiempodetormentas.com\/wp-content\/uploads\/2022\/01\/tiempo-de-tormentas.png\",\"contentUrl\":\"https:\/\/tiempodetormentas.com\/wp-content\/uploads\/2022\/01\/tiempo-de-tormentas.png\",\"width\":448,\"height\":121,\"caption\":\"Tiempo de Tormentas\"},\"image\":{\"@id\":\"https:\/\/tiempodetormentas.com\/#\/schema\/logo\/image\/\"}},{\"@type\":\"Person\",\"@id\":\"https:\/\/tiempodetormentas.com\/#\/schema\/person\/7e59b0ab3f525f413b127a9f2727eee7\",\"name\":\"Ray Lorens\",\"image\":{\"@type\":\"ImageObject\",\"inLanguage\":\"en-GB\",\"@id\":\"https:\/\/tiempodetormentas.com\/#\/schema\/person\/image\/\",\"url\":\"https:\/\/secure.gravatar.com\/avatar\/455622daf1ca0bf2f3b43adae4fc14ec90d08bdcfdbfc9c5f24527bb1d711a5a?s=96&d=mm&r=g\",\"contentUrl\":\"https:\/\/secure.gravatar.com\/avatar\/455622daf1ca0bf2f3b43adae4fc14ec90d08bdcfdbfc9c5f24527bb1d711a5a?s=96&d=mm&r=g\",\"caption\":\"Ray Lorens\"},\"description\":\"cineasta, escritor, periodista\",\"sameAs\":[\"https:\/\/tiempodetormentas.com\"],\"url\":\"https:\/\/tiempodetormentas.com\/en\/author\/ray\/\"}]}<\/script>\n<!-- \/ Yoast SEO plugin. -->","yoast_head_json":{"title":"TRUMP YA ES PRESIDENTE - Tiempo de Tormentas","robots":{"index":"index","follow":"follow","max-snippet":"max-snippet:-1","max-image-preview":"max-image-preview:large","max-video-preview":"max-video-preview:-1"},"canonical":"https:\/\/tiempodetormentas.com\/en\/humanidad\/internacional\/trump-ya-es-presidente\/","og_locale":"en_GB","og_type":"article","og_title":"TRUMP YA ES PRESIDENTE - Tiempo de Tormentas","og_description":"El ni\u00f1o pijo y Showman televisivo y medi\u00e1tico, que hered\u00f3 de su pap\u00e1 una fortuna de 200 millones de d\u00f3lares y la multiplic\u00f3 y la multiplic\u00f3 hasta sus 78 a\u00f1os cumplidos, as\u00ed cualquiera, ( dicen que el primer mill\u00f3n de d\u00f3lares es el m\u00e1s dif\u00edcil de ganar), ya ha prometido el cargo con dos biblias: [&hellip;]","og_url":"https:\/\/tiempodetormentas.com\/en\/humanidad\/internacional\/trump-ya-es-presidente\/","og_site_name":"Tiempo de Tormentas","article_published_time":"2025-01-22T12:57:08+00:00","article_modified_time":"2025-01-22T13:04:59+00:00","og_image":[{"width":528,"height":336,"url":"https:\/\/tiempodetormentas.com\/wp-content\/uploads\/2025\/01\/1737545407098.gif","type":"image\/gif"}],"author":"Ray Lorens","twitter_card":"summary_large_image","twitter_misc":{"Written by":"Ray Lorens","Estimated reading time":"6 minutes"},"schema":{"@context":"https:\/\/schema.org","@graph":[{"@type":"Article","@id":"https:\/\/tiempodetormentas.com\/humanidad\/internacional\/trump-ya-es-presidente\/#article","isPartOf":{"@id":"https:\/\/tiempodetormentas.com\/humanidad\/internacional\/trump-ya-es-presidente\/"},"author":{"name":"Ray Lorens","@id":"https:\/\/tiempodetormentas.com\/#\/schema\/person\/7e59b0ab3f525f413b127a9f2727eee7"},"headline":"TRUMP YA ES PRESIDENTE","datePublished":"2025-01-22T12:57:08+00:00","dateModified":"2025-01-22T13:04:59+00:00","mainEntityOfPage":{"@id":"https:\/\/tiempodetormentas.com\/humanidad\/internacional\/trump-ya-es-presidente\/"},"wordCount":926,"commentCount":2,"publisher":{"@id":"https:\/\/tiempodetormentas.com\/#organization"},"image":{"@id":"https:\/\/tiempodetormentas.com\/humanidad\/internacional\/trump-ya-es-presidente\/#primaryimage"},"thumbnailUrl":"https:\/\/tiempodetormentas.com\/wp-content\/uploads\/2025\/01\/1737545407098.gif","articleSection":["Internacional"],"inLanguage":"en-GB","potentialAction":[{"@type":"CommentAction","name":"Comment","target":["https:\/\/tiempodetormentas.com\/humanidad\/internacional\/trump-ya-es-presidente\/#respond"]}]},{"@type":"WebPage","@id":"https:\/\/tiempodetormentas.com\/humanidad\/internacional\/trump-ya-es-presidente\/","url":"https:\/\/tiempodetormentas.com\/humanidad\/internacional\/trump-ya-es-presidente\/","name":"TRUMP YA ES PRESIDENTE - Tiempo de Tormentas","isPartOf":{"@id":"https:\/\/tiempodetormentas.com\/#website"},"primaryImageOfPage":{"@id":"https:\/\/tiempodetormentas.com\/humanidad\/internacional\/trump-ya-es-presidente\/#primaryimage"},"image":{"@id":"https:\/\/tiempodetormentas.com\/humanidad\/internacional\/trump-ya-es-presidente\/#primaryimage"},"thumbnailUrl":"https:\/\/tiempodetormentas.com\/wp-content\/uploads\/2025\/01\/1737545407098.gif","datePublished":"2025-01-22T12:57:08+00:00","dateModified":"2025-01-22T13:04:59+00:00","breadcrumb":{"@id":"https:\/\/tiempodetormentas.com\/humanidad\/internacional\/trump-ya-es-presidente\/#breadcrumb"},"inLanguage":"en-GB","potentialAction":[{"@type":"ReadAction","target":["https:\/\/tiempodetormentas.com\/humanidad\/internacional\/trump-ya-es-presidente\/"]}]},{"@type":"ImageObject","inLanguage":"en-GB","@id":"https:\/\/tiempodetormentas.com\/humanidad\/internacional\/trump-ya-es-presidente\/#primaryimage","url":"https:\/\/tiempodetormentas.com\/wp-content\/uploads\/2025\/01\/1737545407098.gif","contentUrl":"https:\/\/tiempodetormentas.com\/wp-content\/uploads\/2025\/01\/1737545407098.gif","width":528,"height":336},{"@type":"BreadcrumbList","@id":"https:\/\/tiempodetormentas.com\/humanidad\/internacional\/trump-ya-es-presidente\/#breadcrumb","itemListElement":[{"@type":"ListItem","position":1,"name":"Portada","item":"https:\/\/tiempodetormentas.com\/"},{"@type":"ListItem","position":2,"name":"TRUMP YA ES PRESIDENTE"}]},{"@type":"WebSite","@id":"https:\/\/tiempodetormentas.com\/#website","url":"https:\/\/tiempodetormentas.com\/","name":"Tiempo de Tormentas","description":"Edita el club de la bruma","publisher":{"@id":"https:\/\/tiempodetormentas.com\/#organization"},"potentialAction":[{"@type":"SearchAction","target":{"@type":"EntryPoint","urlTemplate":"https:\/\/tiempodetormentas.com\/?s={search_term_string}"},"query-input":{"@type":"PropertyValueSpecification","valueRequired":true,"valueName":"search_term_string"}}],"inLanguage":"en-GB"},{"@type":"Organization","@id":"https:\/\/tiempodetormentas.com\/#organization","name":"Tiempo de Tormentas","url":"https:\/\/tiempodetormentas.com\/","logo":{"@type":"ImageObject","inLanguage":"en-GB","@id":"https:\/\/tiempodetormentas.com\/#\/schema\/logo\/image\/","url":"https:\/\/tiempodetormentas.com\/wp-content\/uploads\/2022\/01\/tiempo-de-tormentas.png","contentUrl":"https:\/\/tiempodetormentas.com\/wp-content\/uploads\/2022\/01\/tiempo-de-tormentas.png","width":448,"height":121,"caption":"Tiempo de Tormentas"},"image":{"@id":"https:\/\/tiempodetormentas.com\/#\/schema\/logo\/image\/"}},{"@type":"Person","@id":"https:\/\/tiempodetormentas.com\/#\/schema\/person\/7e59b0ab3f525f413b127a9f2727eee7","name":"Ray Lorens","image":{"@type":"ImageObject","inLanguage":"en-GB","@id":"https:\/\/tiempodetormentas.com\/#\/schema\/person\/image\/","url":"https:\/\/secure.gravatar.com\/avatar\/455622daf1ca0bf2f3b43adae4fc14ec90d08bdcfdbfc9c5f24527bb1d711a5a?s=96&d=mm&r=g","contentUrl":"https:\/\/secure.gravatar.com\/avatar\/455622daf1ca0bf2f3b43adae4fc14ec90d08bdcfdbfc9c5f24527bb1d711a5a?s=96&d=mm&r=g","caption":"Ray Lorens"},"description":"cineasta, escritor, periodista","sameAs":["https:\/\/tiempodetormentas.com"],"url":"https:\/\/tiempodetormentas.com\/en\/author\/ray\/"}]}},"_links":{"self":[{"href":"https:\/\/tiempodetormentas.com\/en\/wp-json\/wp\/v2\/posts\/1147","targetHints":{"allow":["GET"]}}],"collection":[{"href":"https:\/\/tiempodetormentas.com\/en\/wp-json\/wp\/v2\/posts"}],"about":[{"href":"https:\/\/tiempodetormentas.com\/en\/wp-json\/wp\/v2\/types\/post"}],"author":[{"embeddable":true,"href":"https:\/\/tiempodetormentas.com\/en\/wp-json\/wp\/v2\/users\/1"}],"replies":[{"embeddable":true,"href":"https:\/\/tiempodetormentas.com\/en\/wp-json\/wp\/v2\/comments?post=1147"}],"version-history":[{"count":4,"href":"https:\/\/tiempodetormentas.com\/en\/wp-json\/wp\/v2\/posts\/1147\/revisions"}],"predecessor-version":[{"id":1159,"href":"https:\/\/tiempodetormentas.com\/en\/wp-json\/wp\/v2\/posts\/1147\/revisions\/1159"}],"wp:featuredmedia":[{"embeddable":true,"href":"https:\/\/tiempodetormentas.com\/en\/wp-json\/wp\/v2\/media\/1155"}],"wp:attachment":[{"href":"https:\/\/tiempodetormentas.com\/en\/wp-json\/wp\/v2\/media?parent=1147"}],"wp:term":[{"taxonomy":"category","embeddable":true,"href":"https:\/\/tiempodetormentas.com\/en\/wp-json\/wp\/v2\/categories?post=1147"},{"taxonomy":"post_tag","embeddable":true,"href":"https:\/\/tiempodetormentas.com\/en\/wp-json\/wp\/v2\/tags?post=1147"}],"curies":[{"name":"wp","href":"https:\/\/api.w.org\/{rel}","templated":true}]}}