{"id":1120,"date":"2025-01-19T13:14:54","date_gmt":"2025-01-19T13:14:54","guid":{"rendered":"https:\/\/tiempodetormentas.com\/?p=1120"},"modified":"2025-01-19T13:14:54","modified_gmt":"2025-01-19T13:14:54","slug":"la-izquierda-y-el-woke-son-absolutamente-opuestos","status":"publish","type":"post","link":"https:\/\/tiempodetormentas.com\/en\/cultura\/filosofia\/la-izquierda-y-el-woke-son-absolutamente-opuestos\/","title":{"rendered":"\u00abLA IZQUIERDA Y EL WOKE SON ABSOLUTAMENTE OPUESTOS\u00bb"},"content":{"rendered":"<p><img loading=\"lazy\" decoding=\"async\" class=\"aligncenter size-full wp-image-1121\" src=\"https:\/\/tiempodetormentas.com\/wp-content\/uploads\/2025\/01\/Susan-Neiman400x600.jpg\" alt=\"\" width=\"800\" height=\"915\" srcset=\"https:\/\/tiempodetormentas.com\/wp-content\/uploads\/2025\/01\/Susan-Neiman400x600.jpg 800w, https:\/\/tiempodetormentas.com\/wp-content\/uploads\/2025\/01\/Susan-Neiman400x600-262x300.jpg 262w, https:\/\/tiempodetormentas.com\/wp-content\/uploads\/2025\/01\/Susan-Neiman400x600-768x878.jpg 768w, https:\/\/tiempodetormentas.com\/wp-content\/uploads\/2025\/01\/Susan-Neiman400x600-367x420.jpg 367w, https:\/\/tiempodetormentas.com\/wp-content\/uploads\/2025\/01\/Susan-Neiman400x600-150x172.jpg 150w, https:\/\/tiempodetormentas.com\/wp-content\/uploads\/2025\/01\/Susan-Neiman400x600-300x343.jpg 300w, https:\/\/tiempodetormentas.com\/wp-content\/uploads\/2025\/01\/Susan-Neiman400x600-696x796.jpg 696w\" sizes=\"auto, (max-width: 800px) 100vw, 800px\" \/><\/p>\n<p><em>Susan Neiman:<\/em><\/p>\n<p><em>Autora de escritos sobre la Ilustraci\u00f3n, la filosof\u00eda moral, la metaf\u00edsica y la pol\u00edtica, y acad\u00e9mica en las universidades de Yale y Tel Aviv, ha dedicado su carrera a poner en t\u00e9rminos simples conceptos filos\u00f3ficos profundos.<\/em><\/p>\n<h1 class=\"com-title --font-primary --sixxl --font-extra\"><strong>\u201cLa izquierda y el woke son absolutamente opuestos. El woke es tribal y la izquierda es universal&#8230;\u00bb\u00a0<\/strong><\/h1>\n<h1 class=\"com-title --font-primary --sixxl --font-extra\">La confusi\u00f3n entre los derechos sociales de la izquierda y los derechos civiles han podido ayudar a Trump a ganar.<\/h1>\n<p>Se define de izquierda y desde el a\u00f1o 2000 dirige el Einstein Forum en Alemania, no s\u00f3lo considera que son conceptos opuestos; tambi\u00e9n dice que, al mezclarse, ayudaron al triunfo electoral de Donald Trump en Estados Unidos en noviembre.<\/p>\n<p><strong>BBC<\/strong> Mundo se entrevist\u00f3 con ella con motivo de su libro <strong>\u00abLa izquierda no es woke\u00bb.<\/strong><\/p>\n<p><img loading=\"lazy\" decoding=\"async\" class=\"aligncenter size-full wp-image-1126\" src=\"https:\/\/tiempodetormentas.com\/wp-content\/uploads\/2025\/01\/The-Woke-Movement.jpg\" alt=\"\" width=\"1024\" height=\"683\" srcset=\"https:\/\/tiempodetormentas.com\/wp-content\/uploads\/2025\/01\/The-Woke-Movement.jpg 1024w, https:\/\/tiempodetormentas.com\/wp-content\/uploads\/2025\/01\/The-Woke-Movement-300x200.jpg 300w, https:\/\/tiempodetormentas.com\/wp-content\/uploads\/2025\/01\/The-Woke-Movement-768x512.jpg 768w, https:\/\/tiempodetormentas.com\/wp-content\/uploads\/2025\/01\/The-Woke-Movement-630x420.jpg 630w, https:\/\/tiempodetormentas.com\/wp-content\/uploads\/2025\/01\/The-Woke-Movement-150x100.jpg 150w, https:\/\/tiempodetormentas.com\/wp-content\/uploads\/2025\/01\/The-Woke-Movement-696x464.jpg 696w\" sizes=\"auto, (max-width: 1024px) 100vw, 1024px\" \/><\/p>\n<p>\u00abEstuve conversando con amigos en varios pa\u00edses, a modo de sondeo, de encuesta, y todos me dec\u00edan algo as\u00ed como: \u201cMe temo que ya no soy de izquierda\u201d&#8230; Y sacaban a colaci\u00f3n alguna declaraci\u00f3n o acontecimiento woke con el que no se sent\u00edan identificados.<\/p>\n<p class=\"com-paragraph   --s\">Era algo que se repet\u00eda y me pareci\u00f3 importante profundizar en por qu\u00e9 tantos tenemos esa impresi\u00f3n de que a la izquierda le pasa algo.<\/p>\n<p><img loading=\"lazy\" decoding=\"async\" class=\"aligncenter size-full wp-image-1122\" src=\"https:\/\/tiempodetormentas.com\/wp-content\/uploads\/2025\/01\/61XDDHx-adL._SL1500_.jpg\" alt=\"\" width=\"988\" height=\"1500\" srcset=\"https:\/\/tiempodetormentas.com\/wp-content\/uploads\/2025\/01\/61XDDHx-adL._SL1500_.jpg 988w, https:\/\/tiempodetormentas.com\/wp-content\/uploads\/2025\/01\/61XDDHx-adL._SL1500_-198x300.jpg 198w, https:\/\/tiempodetormentas.com\/wp-content\/uploads\/2025\/01\/61XDDHx-adL._SL1500_-674x1024.jpg 674w, https:\/\/tiempodetormentas.com\/wp-content\/uploads\/2025\/01\/61XDDHx-adL._SL1500_-768x1166.jpg 768w, https:\/\/tiempodetormentas.com\/wp-content\/uploads\/2025\/01\/61XDDHx-adL._SL1500_-277x420.jpg 277w, https:\/\/tiempodetormentas.com\/wp-content\/uploads\/2025\/01\/61XDDHx-adL._SL1500_-150x228.jpg 150w, https:\/\/tiempodetormentas.com\/wp-content\/uploads\/2025\/01\/61XDDHx-adL._SL1500_-300x455.jpg 300w, https:\/\/tiempodetormentas.com\/wp-content\/uploads\/2025\/01\/61XDDHx-adL._SL1500_-696x1057.jpg 696w\" sizes=\"auto, (max-width: 988px) 100vw, 988px\" \/><\/p>\n<p class=\"com-paragraph   --s\"><strong>El objetivo del libro es precisamente analizar eso que la est\u00e1 debilitando, porque la gente est\u00e1 confundida.<\/strong><\/p>\n<p class=\"com-paragraph   --s\">\u00abEs un problema que empez\u00f3 en las universidades estadounidenses, pero se extendi\u00f3 muy r\u00e1pido por el mundo.<\/p>\n<p>La confusi\u00f3n viene porque el woke est\u00e1 muy alimentado por elementos que fueron tradicionales de la izquierda: \u201cEn caso de duda ponerse del lado de los oprimidos\u201d es uno de ellos.<\/p>\n<p class=\"com-paragraph   --s\">Ese es un sentimiento muy izquierdista, pero ahora es com\u00fan tanto para la izquierda como para el woke.<\/p>\n<p class=\"com-paragraph   --s\">El problema es que la gente tiende a no darse cuenta de que, junto con esta emoci\u00f3n tradicional de izquierda, en el woke hay algunos supuestos filos\u00f3ficos muy de derecha.<\/p>\n<p class=\"com-paragraph   --s\">Por ejemplo, \u00bfes de izquierda decidir que la diversidad es siempre el primer y m\u00e1s importante mandamiento, porque tanta gente se qued\u00f3 fuera de puestos de poder e influencia por pertenecer a minor\u00edas?<\/p>\n<p class=\"com-paragraph   --s\">Es una cuesti\u00f3n que surge todo el tiempo.<\/p>\n<p class=\"com-paragraph   --s\">Mi sensaci\u00f3n firme es que s\u00ed, la diversidad es un bien, pero no el bien supremo. Y es un insulto para las mujeres contratarlas s\u00f3lo porque son mujeres, de igual forma que es un insulto para la gente de color asumir que simplemente porque son gente de color tienen una especie de autoridad.<\/p>\n<p class=\"com-paragraph   --s\">Voy a entrar en m\u00e1s detalles sobre esto en mi pr\u00f3ximo libro: ser v\u00edctima no es por s\u00ed mismo una fuente de autoridad. Y tendemos a pensar que lo es\u00bb.<\/p>\n<p class=\"com-paragraph   --s\"><strong>\u00abNo defino el woke porque no creo que sea un concepto coherente, porque depende de una escisi\u00f3n entre emociones de izquierdas y pensamientos muy de derecha.<\/strong><\/p>\n<p class=\"com-paragraph   --s\">Lo que hago en el libro es definir lo que significa la izquierda hoy. Y el woke es la ant\u00edtesis de los tres primeros conceptos que se\u00f1alo como comunes a la izquierda liberal.<\/p>\n<p class=\"com-paragraph   --s\"><strong>Primero, universalismo<\/strong> en vez de tribalismo.<\/p>\n<p class=\"com-paragraph   --s\">La izquierda y los liberales son fundamentalmente universales.<\/p>\n<p class=\"com-paragraph   --s\">No asumimos, como hace la derecha, que s\u00f3lo puedes conectar profundamente con miembros de tu tribu y que, por lo tanto, s\u00f3lo tienes obligaciones genuinas con ellos.<\/p>\n<p class=\"com-paragraph   --s\"><strong>Segundo, luchamos por justicia<\/strong>, no s\u00f3lo por poder.<\/p>\n<p class=\"com-paragraph   --s\">A veces puede ser muy dif\u00edcil mantener ambas cosas separadas, pero la lucha por la justicia es de izquierda.<\/p>\n<p class=\"com-paragraph   --s\">Y aunque muchos renunciaron a la idea de que la justicia existe, creyendo que es una m\u00e1scara para el poder, para la izquierda es fundamental no renunciar a su b\u00fasqueda y su universalidad.<\/p>\n<p class=\"com-paragraph   --s\"><strong>Tercero, el progreso es posible<\/strong>; no es inevitable. S\u00ed, est\u00e1 en manos de los seres humanos, que son tan capaces de hacer retrocesos como progresos, pero es posible, y hay ejemplos de que ocurri\u00f3 en el pasado.<\/p>\n<p class=\"com-paragraph   --s\">Eso es algo importante que a menudo se ve negado por el woke. Pero no es verdad.<\/p>\n<p class=\"com-paragraph   --s\">Cuando dicen que los afroamericanos en EE.UU. siguen viviendo en condiciones de las leyes Jim Crow, o incluso de esclavitud, o que las mujeres siguen viviendo en el patriarcado, yo digo que s\u00ed, que seguimos viviendo con racismo y sexismo, pero decir que no hemos progresado en la lucha contra eso es una visi\u00f3n muy peligrosa, porque lleva a la gente a desesperarse por el progreso a futuro.<\/p>\n<p class=\"com-paragraph   --s\">Te dir\u00eda que hay un cuarto concepto: <strong>dado que el fascismo y el neofascismo est\u00e1n creciendo en el mundo, necesitamos frentes populares<\/strong> formados por izquierdistas y liberales.<\/p>\n<p class=\"com-paragraph   --s\">Pero hay que distinguir entre ambos, porque para <strong>la izquierda los derechos sociales son aut\u00e9nticos derechos, tan importantes como los derechos pol\u00edticos<\/strong>.<\/p>\n<p class=\"com-paragraph   --s\">Para la izquierda, el derecho a la vivienda, a la asistencia m\u00e9dica, a la educaci\u00f3n, el acceso a la cultura, las leyes laborales justas son tan importantes como por ejemplo la libertad de expresi\u00f3n\u00bb.<\/p>\n<p class=\"com-paragraph   --s\"><strong>\u00abLo que ahora llamamos woke es lo que en los \u201890 se llamaba pol\u00edticamente correcto.<\/strong><\/p>\n<p class=\"com-paragraph   --s\">Lo gracioso es que soy suficientemente mayor como para recordar cuando lo pol\u00edticamente correcto era usado ir\u00f3nicamente por gente que era socialista pero anti estalinista, para burlarse de los que parec\u00edan demasiado r\u00edgidos.<\/p>\n<p class=\"com-paragraph   --s\">Luego fue tomado por la derecha.<\/p>\n<p class=\"com-paragraph   --s\">Y es interesante que algo as\u00ed suceda con el woke, un t\u00e9rmino que comenz\u00f3 a usarse en los a\u00f1os \u201830 por los cantantes de blues afroamericanos para denunciar el racismo, y no se utiliz\u00f3 mucho m\u00e1s hasta que Trump lleg\u00f3 al poder.<\/p>\n<p class=\"com-paragraph   --s\">De hecho, no estuvo presente en las elecciones de 2016 en EE.UU.<\/p>\n<p class=\"com-paragraph   --s\">Creo que en cierto modo se desarroll\u00f3 como resultado de la generaci\u00f3n que creci\u00f3 pensando que la presencia de Obama era normal, que era normal tener en la Casa Blanca a alguien muy inteligente y competente.<\/p>\n<p class=\"com-paragraph   --s\">Pod\u00edas no estar de acuerdo con algunas de sus pol\u00edticas, pero era obvio que ten\u00eda integridad. Y fue un choque pasar de ocho a\u00f1os as\u00ed al primer gobierno de Trump.<\/p>\n<p class=\"com-paragraph   --s\">Hay una cita de Martin Luther King que a Obama le gusta usar: \u201cEl arco del universo es largo, pero se dobla hacia la justicia\u201d.<\/p>\n<p class=\"com-paragraph   --s\">Pero de repente, el arco se inclin\u00f3 en la direcci\u00f3n equivocada.<\/p>\n<p class=\"com-paragraph   --s\">Creo que hubo una sensaci\u00f3n de desesperanza, de que casi todo lo que se pod\u00eda hacer era una acci\u00f3n simb\u00f3lica, que es en lo que consiste buena parte del woke\u00edsmo.<\/p>\n<p class=\"com-paragraph   --s\">Cuando alguien de 20 a\u00f1os piensa que es muy importante cambiar sus pronombres, aunque no se pueda cambiar nada m\u00e1s, pienso que tiene 20 a\u00f1os.<\/p>\n<p class=\"com-paragraph   --s\">Pero hace unos meses escuch\u00e9 un podcast de Judith Butler y habl\u00f3 sobre cu\u00e1nto cambi\u00f3 el mundo porque la gente cambia sus pronombres.<\/p>\n<p class=\"com-paragraph   --s\">Es pat\u00e9tico que alguien tomada en serio como pensadora pol\u00edtica no vea que esto es un sustituto del cambio real\u00bb.<\/p>\n<p><strong>Izquierda y Woke son absolutamente opuestos<\/strong><\/p>\n<p class=\"com-paragraph   --s\">\u00abLa idea de que no hay nada m\u00e1s que poder, que las pretensiones de justicia no son m\u00e1s que exageraciones, le encanta a los dictadores de derecha y a los dictadores que se llaman a s\u00ed mismos de izquierda, pero est\u00e1 tambi\u00e9n muy presente en las tradiciones woke: no puedes esperar justicia, s\u00f3lo debes trabajar por el poder para tu tribu.<\/p>\n<p class=\"com-paragraph   --s\">Esa es una forma completamente diferente de estar en el mundo siendo un aut\u00e9ntico izquierdista.<\/p>\n<p class=\"com-paragraph   --s\">Esta es la raz\u00f3n principal por la que no puedes ser ambas cosas. Pero tambi\u00e9n hay una raz\u00f3n pr\u00e1ctica.<\/p>\n<p class=\"com-paragraph   --s\">Creo que aunque Kamala Harris no hizo una campa\u00f1a woke, Joe Biden s\u00ed la hizo. Es curioso: el viejo hombre blanco de la Casa Blanca era extremadamente woke.<\/p>\n<p class=\"com-paragraph   --s\">Intent\u00f3 enfatizar mucho la pol\u00edtica de identidad. Me enfurec\u00ed cuando nombr\u00f3 a Ketanji Brown Jackson para la Corte Suprema.<\/p>\n<p class=\"com-paragraph   --s\">Estoy segura de que es una buena jueza, pero decir en su campa\u00f1a cuando intentaba ganar las primarias de Carolina del Sur que nombrar\u00eda a la primera mujer negra jueza de la Corte Suprema es algo que socava a Ketanji Brown Jackson.<\/p>\n<p class=\"com-paragraph   --s\">As\u00ed que Biden, aunque no parezca woke, estaba dirigiendo el gobierno m\u00e1s woke posible\u00bb.<\/p>\n<p><img loading=\"lazy\" decoding=\"async\" class=\"aligncenter size-full wp-image-1125\" src=\"https:\/\/tiempodetormentas.com\/wp-content\/uploads\/2025\/01\/GenderNeutral-Bathrooms1.png\" alt=\"\" width=\"886\" height=\"665\" srcset=\"https:\/\/tiempodetormentas.com\/wp-content\/uploads\/2025\/01\/GenderNeutral-Bathrooms1.png 886w, https:\/\/tiempodetormentas.com\/wp-content\/uploads\/2025\/01\/GenderNeutral-Bathrooms1-300x225.png 300w, https:\/\/tiempodetormentas.com\/wp-content\/uploads\/2025\/01\/GenderNeutral-Bathrooms1-768x576.png 768w, https:\/\/tiempodetormentas.com\/wp-content\/uploads\/2025\/01\/GenderNeutral-Bathrooms1-560x420.png 560w, https:\/\/tiempodetormentas.com\/wp-content\/uploads\/2025\/01\/GenderNeutral-Bathrooms1-80x60.png 80w, https:\/\/tiempodetormentas.com\/wp-content\/uploads\/2025\/01\/GenderNeutral-Bathrooms1-150x113.png 150w, https:\/\/tiempodetormentas.com\/wp-content\/uploads\/2025\/01\/GenderNeutral-Bathrooms1-696x522.png 696w\" sizes=\"auto, (max-width: 886px) 100vw, 886px\" \/><\/p>\n<p><strong>Neiman sostiene que discusiones sobre temas como los ba\u00f1os de g\u00e9nero son un \u00abtema inventado\u00bb que fue usado con \u00e9xito por Trump<\/strong><\/p>\n<p class=\"com-paragraph   --s\">Pensaba que s\u00f3lo los pol\u00edticos republicanos de Carolina del Norte se preocupaban por este tipo de cosas.<\/p>\n<p class=\"com-paragraph   --s\">La mayor\u00eda de la gente, si va al ba\u00f1o, cierra la puerta. \u00bfA qui\u00e9n le importa? Es un tema inventado, pero se utiliz\u00f3 mucho. Trump lo us\u00f3 con mucho \u00e9xito.<\/p>\n<p class=\"com-paragraph   --s\">\n<p>&nbsp;<\/p>","protected":false},"excerpt":{"rendered":"<p>Susan Neiman: Autora de escritos sobre la Ilustraci\u00f3n, la filosof\u00eda moral, la metaf\u00edsica y la pol\u00edtica, y acad\u00e9mica en las universidades de Yale y Tel Aviv, ha dedicado su carrera a poner en t\u00e9rminos simples conceptos filos\u00f3ficos profundos. \u201cLa izquierda y el woke son absolutamente opuestos. El woke es tribal y la izquierda es universal&#8230;\u00bb\u00a0 [&hellip;]<\/p>","protected":false},"author":8,"featured_media":1127,"comment_status":"open","ping_status":"open","sticky":true,"template":"","format":"standard","meta":{"footnotes":""},"categories":[26],"tags":[],"class_list":{"0":"post-1120","1":"post","2":"type-post","3":"status-publish","4":"format-standard","5":"has-post-thumbnail","7":"category-filosofia"},"yoast_head":"<!-- This site is optimized with the Yoast SEO plugin v26.2 - https:\/\/yoast.com\/wordpress\/plugins\/seo\/ -->\n<title>&quot;LA IZQUIERDA Y EL WOKE SON ABSOLUTAMENTE OPUESTOS&quot; - Tiempo de Tormentas<\/title>\n<meta name=\"robots\" content=\"index, follow, max-snippet:-1, max-image-preview:large, max-video-preview:-1\" \/>\n<link rel=\"canonical\" href=\"https:\/\/tiempodetormentas.com\/en\/cultura\/filosofia\/la-izquierda-y-el-woke-son-absolutamente-opuestos\/\" \/>\n<meta property=\"og:locale\" content=\"en_GB\" \/>\n<meta property=\"og:type\" content=\"article\" \/>\n<meta property=\"og:title\" content=\"&quot;LA IZQUIERDA Y EL WOKE SON ABSOLUTAMENTE OPUESTOS&quot; - Tiempo de Tormentas\" \/>\n<meta property=\"og:description\" content=\"Susan Neiman: Autora de escritos sobre la Ilustraci\u00f3n, la filosof\u00eda moral, la metaf\u00edsica y la pol\u00edtica, y acad\u00e9mica en las universidades de Yale y Tel Aviv, ha dedicado su carrera a poner en t\u00e9rminos simples conceptos filos\u00f3ficos profundos. \u201cLa izquierda y el woke son absolutamente opuestos. El woke es tribal y la izquierda es universal&#8230;\u00bb\u00a0 [&hellip;]\" \/>\n<meta property=\"og:url\" content=\"https:\/\/tiempodetormentas.com\/en\/cultura\/filosofia\/la-izquierda-y-el-woke-son-absolutamente-opuestos\/\" \/>\n<meta property=\"og:site_name\" content=\"Tiempo de Tormentas\" \/>\n<meta property=\"article:published_time\" content=\"2025-01-19T13:14:54+00:00\" \/>\n<meta property=\"og:image\" content=\"https:\/\/tiempodetormentas.com\/wp-content\/uploads\/2025\/01\/social_image.jpeg\" \/>\n\t<meta property=\"og:image:width\" content=\"1200\" \/>\n\t<meta property=\"og:image:height\" content=\"630\" \/>\n\t<meta property=\"og:image:type\" content=\"image\/jpeg\" \/>\n<meta name=\"author\" content=\"Tiempo de Tormentas\" \/>\n<meta name=\"twitter:card\" content=\"summary_large_image\" \/>\n<meta name=\"twitter:label1\" content=\"Written by\" \/>\n\t<meta name=\"twitter:data1\" content=\"Tiempo de Tormentas\" \/>\n\t<meta name=\"twitter:label2\" content=\"Estimated reading time\" \/>\n\t<meta name=\"twitter:data2\" content=\"8 minutes\" \/>\n<script type=\"application\/ld+json\" class=\"yoast-schema-graph\">{\"@context\":\"https:\/\/schema.org\",\"@graph\":[{\"@type\":\"Article\",\"@id\":\"https:\/\/tiempodetormentas.com\/cultura\/filosofia\/la-izquierda-y-el-woke-son-absolutamente-opuestos\/#article\",\"isPartOf\":{\"@id\":\"https:\/\/tiempodetormentas.com\/cultura\/filosofia\/la-izquierda-y-el-woke-son-absolutamente-opuestos\/\"},\"author\":{\"name\":\"Tiempo de Tormentas\",\"@id\":\"https:\/\/tiempodetormentas.com\/#\/schema\/person\/f8c15d9e322a5a2a0529ae24c9bb4409\"},\"headline\":\"\u00abLA IZQUIERDA Y EL WOKE SON ABSOLUTAMENTE OPUESTOS\u00bb\",\"datePublished\":\"2025-01-19T13:14:54+00:00\",\"mainEntityOfPage\":{\"@id\":\"https:\/\/tiempodetormentas.com\/cultura\/filosofia\/la-izquierda-y-el-woke-son-absolutamente-opuestos\/\"},\"wordCount\":1481,\"commentCount\":4,\"publisher\":{\"@id\":\"https:\/\/tiempodetormentas.com\/#organization\"},\"image\":{\"@id\":\"https:\/\/tiempodetormentas.com\/cultura\/filosofia\/la-izquierda-y-el-woke-son-absolutamente-opuestos\/#primaryimage\"},\"thumbnailUrl\":\"https:\/\/tiempodetormentas.com\/wp-content\/uploads\/2025\/01\/social_image.jpeg\",\"articleSection\":[\"Filosof\u00eda\"],\"inLanguage\":\"en-GB\",\"potentialAction\":[{\"@type\":\"CommentAction\",\"name\":\"Comment\",\"target\":[\"https:\/\/tiempodetormentas.com\/cultura\/filosofia\/la-izquierda-y-el-woke-son-absolutamente-opuestos\/#respond\"]}]},{\"@type\":\"WebPage\",\"@id\":\"https:\/\/tiempodetormentas.com\/cultura\/filosofia\/la-izquierda-y-el-woke-son-absolutamente-opuestos\/\",\"url\":\"https:\/\/tiempodetormentas.com\/cultura\/filosofia\/la-izquierda-y-el-woke-son-absolutamente-opuestos\/\",\"name\":\"\\\"LA IZQUIERDA Y EL WOKE SON ABSOLUTAMENTE OPUESTOS\\\" - Tiempo de Tormentas\",\"isPartOf\":{\"@id\":\"https:\/\/tiempodetormentas.com\/#website\"},\"primaryImageOfPage\":{\"@id\":\"https:\/\/tiempodetormentas.com\/cultura\/filosofia\/la-izquierda-y-el-woke-son-absolutamente-opuestos\/#primaryimage\"},\"image\":{\"@id\":\"https:\/\/tiempodetormentas.com\/cultura\/filosofia\/la-izquierda-y-el-woke-son-absolutamente-opuestos\/#primaryimage\"},\"thumbnailUrl\":\"https:\/\/tiempodetormentas.com\/wp-content\/uploads\/2025\/01\/social_image.jpeg\",\"datePublished\":\"2025-01-19T13:14:54+00:00\",\"breadcrumb\":{\"@id\":\"https:\/\/tiempodetormentas.com\/cultura\/filosofia\/la-izquierda-y-el-woke-son-absolutamente-opuestos\/#breadcrumb\"},\"inLanguage\":\"en-GB\",\"potentialAction\":[{\"@type\":\"ReadAction\",\"target\":[\"https:\/\/tiempodetormentas.com\/cultura\/filosofia\/la-izquierda-y-el-woke-son-absolutamente-opuestos\/\"]}]},{\"@type\":\"ImageObject\",\"inLanguage\":\"en-GB\",\"@id\":\"https:\/\/tiempodetormentas.com\/cultura\/filosofia\/la-izquierda-y-el-woke-son-absolutamente-opuestos\/#primaryimage\",\"url\":\"https:\/\/tiempodetormentas.com\/wp-content\/uploads\/2025\/01\/social_image.jpeg\",\"contentUrl\":\"https:\/\/tiempodetormentas.com\/wp-content\/uploads\/2025\/01\/social_image.jpeg\",\"width\":1200,\"height\":630},{\"@type\":\"BreadcrumbList\",\"@id\":\"https:\/\/tiempodetormentas.com\/cultura\/filosofia\/la-izquierda-y-el-woke-son-absolutamente-opuestos\/#breadcrumb\",\"itemListElement\":[{\"@type\":\"ListItem\",\"position\":1,\"name\":\"Portada\",\"item\":\"https:\/\/tiempodetormentas.com\/\"},{\"@type\":\"ListItem\",\"position\":2,\"name\":\"\u00abLA IZQUIERDA Y EL WOKE SON ABSOLUTAMENTE OPUESTOS\u00bb\"}]},{\"@type\":\"WebSite\",\"@id\":\"https:\/\/tiempodetormentas.com\/#website\",\"url\":\"https:\/\/tiempodetormentas.com\/\",\"name\":\"Tiempo de Tormentas\",\"description\":\"Edita el club de la bruma\",\"publisher\":{\"@id\":\"https:\/\/tiempodetormentas.com\/#organization\"},\"potentialAction\":[{\"@type\":\"SearchAction\",\"target\":{\"@type\":\"EntryPoint\",\"urlTemplate\":\"https:\/\/tiempodetormentas.com\/?s={search_term_string}\"},\"query-input\":{\"@type\":\"PropertyValueSpecification\",\"valueRequired\":true,\"valueName\":\"search_term_string\"}}],\"inLanguage\":\"en-GB\"},{\"@type\":\"Organization\",\"@id\":\"https:\/\/tiempodetormentas.com\/#organization\",\"name\":\"Tiempo de Tormentas\",\"url\":\"https:\/\/tiempodetormentas.com\/\",\"logo\":{\"@type\":\"ImageObject\",\"inLanguage\":\"en-GB\",\"@id\":\"https:\/\/tiempodetormentas.com\/#\/schema\/logo\/image\/\",\"url\":\"https:\/\/tiempodetormentas.com\/wp-content\/uploads\/2022\/01\/tiempo-de-tormentas.png\",\"contentUrl\":\"https:\/\/tiempodetormentas.com\/wp-content\/uploads\/2022\/01\/tiempo-de-tormentas.png\",\"width\":448,\"height\":121,\"caption\":\"Tiempo de Tormentas\"},\"image\":{\"@id\":\"https:\/\/tiempodetormentas.com\/#\/schema\/logo\/image\/\"}},{\"@type\":\"Person\",\"@id\":\"https:\/\/tiempodetormentas.com\/#\/schema\/person\/f8c15d9e322a5a2a0529ae24c9bb4409\",\"name\":\"Tiempo de Tormentas\",\"image\":{\"@type\":\"ImageObject\",\"inLanguage\":\"en-GB\",\"@id\":\"https:\/\/tiempodetormentas.com\/#\/schema\/person\/image\/\",\"url\":\"https:\/\/secure.gravatar.com\/avatar\/41ab5f71e764337e074e1cc8a08a5205b1c5c846b93c75fefbe2bec43bc13ab8?s=96&d=mm&r=g\",\"contentUrl\":\"https:\/\/secure.gravatar.com\/avatar\/41ab5f71e764337e074e1cc8a08a5205b1c5c846b93c75fefbe2bec43bc13ab8?s=96&d=mm&r=g\",\"caption\":\"Tiempo de Tormentas\"},\"url\":\"https:\/\/tiempodetormentas.com\/en\/author\/tiempo\/\"}]}<\/script>\n<!-- \/ Yoast SEO plugin. -->","yoast_head_json":{"title":"\"LA IZQUIERDA Y EL WOKE SON ABSOLUTAMENTE OPUESTOS\" - Tiempo de Tormentas","robots":{"index":"index","follow":"follow","max-snippet":"max-snippet:-1","max-image-preview":"max-image-preview:large","max-video-preview":"max-video-preview:-1"},"canonical":"https:\/\/tiempodetormentas.com\/en\/cultura\/filosofia\/la-izquierda-y-el-woke-son-absolutamente-opuestos\/","og_locale":"en_GB","og_type":"article","og_title":"\"LA IZQUIERDA Y EL WOKE SON ABSOLUTAMENTE OPUESTOS\" - Tiempo de Tormentas","og_description":"Susan Neiman: Autora de escritos sobre la Ilustraci\u00f3n, la filosof\u00eda moral, la metaf\u00edsica y la pol\u00edtica, y acad\u00e9mica en las universidades de Yale y Tel Aviv, ha dedicado su carrera a poner en t\u00e9rminos simples conceptos filos\u00f3ficos profundos. \u201cLa izquierda y el woke son absolutamente opuestos. El woke es tribal y la izquierda es universal&#8230;\u00bb\u00a0 [&hellip;]","og_url":"https:\/\/tiempodetormentas.com\/en\/cultura\/filosofia\/la-izquierda-y-el-woke-son-absolutamente-opuestos\/","og_site_name":"Tiempo de Tormentas","article_published_time":"2025-01-19T13:14:54+00:00","og_image":[{"width":1200,"height":630,"url":"https:\/\/tiempodetormentas.com\/wp-content\/uploads\/2025\/01\/social_image.jpeg","type":"image\/jpeg"}],"author":"Tiempo de Tormentas","twitter_card":"summary_large_image","twitter_misc":{"Written by":"Tiempo de Tormentas","Estimated reading time":"8 minutes"},"schema":{"@context":"https:\/\/schema.org","@graph":[{"@type":"Article","@id":"https:\/\/tiempodetormentas.com\/cultura\/filosofia\/la-izquierda-y-el-woke-son-absolutamente-opuestos\/#article","isPartOf":{"@id":"https:\/\/tiempodetormentas.com\/cultura\/filosofia\/la-izquierda-y-el-woke-son-absolutamente-opuestos\/"},"author":{"name":"Tiempo de Tormentas","@id":"https:\/\/tiempodetormentas.com\/#\/schema\/person\/f8c15d9e322a5a2a0529ae24c9bb4409"},"headline":"\u00abLA IZQUIERDA Y EL WOKE SON ABSOLUTAMENTE OPUESTOS\u00bb","datePublished":"2025-01-19T13:14:54+00:00","mainEntityOfPage":{"@id":"https:\/\/tiempodetormentas.com\/cultura\/filosofia\/la-izquierda-y-el-woke-son-absolutamente-opuestos\/"},"wordCount":1481,"commentCount":4,"publisher":{"@id":"https:\/\/tiempodetormentas.com\/#organization"},"image":{"@id":"https:\/\/tiempodetormentas.com\/cultura\/filosofia\/la-izquierda-y-el-woke-son-absolutamente-opuestos\/#primaryimage"},"thumbnailUrl":"https:\/\/tiempodetormentas.com\/wp-content\/uploads\/2025\/01\/social_image.jpeg","articleSection":["Filosof\u00eda"],"inLanguage":"en-GB","potentialAction":[{"@type":"CommentAction","name":"Comment","target":["https:\/\/tiempodetormentas.com\/cultura\/filosofia\/la-izquierda-y-el-woke-son-absolutamente-opuestos\/#respond"]}]},{"@type":"WebPage","@id":"https:\/\/tiempodetormentas.com\/cultura\/filosofia\/la-izquierda-y-el-woke-son-absolutamente-opuestos\/","url":"https:\/\/tiempodetormentas.com\/cultura\/filosofia\/la-izquierda-y-el-woke-son-absolutamente-opuestos\/","name":"\"LA IZQUIERDA Y EL WOKE SON ABSOLUTAMENTE OPUESTOS\" - Tiempo de Tormentas","isPartOf":{"@id":"https:\/\/tiempodetormentas.com\/#website"},"primaryImageOfPage":{"@id":"https:\/\/tiempodetormentas.com\/cultura\/filosofia\/la-izquierda-y-el-woke-son-absolutamente-opuestos\/#primaryimage"},"image":{"@id":"https:\/\/tiempodetormentas.com\/cultura\/filosofia\/la-izquierda-y-el-woke-son-absolutamente-opuestos\/#primaryimage"},"thumbnailUrl":"https:\/\/tiempodetormentas.com\/wp-content\/uploads\/2025\/01\/social_image.jpeg","datePublished":"2025-01-19T13:14:54+00:00","breadcrumb":{"@id":"https:\/\/tiempodetormentas.com\/cultura\/filosofia\/la-izquierda-y-el-woke-son-absolutamente-opuestos\/#breadcrumb"},"inLanguage":"en-GB","potentialAction":[{"@type":"ReadAction","target":["https:\/\/tiempodetormentas.com\/cultura\/filosofia\/la-izquierda-y-el-woke-son-absolutamente-opuestos\/"]}]},{"@type":"ImageObject","inLanguage":"en-GB","@id":"https:\/\/tiempodetormentas.com\/cultura\/filosofia\/la-izquierda-y-el-woke-son-absolutamente-opuestos\/#primaryimage","url":"https:\/\/tiempodetormentas.com\/wp-content\/uploads\/2025\/01\/social_image.jpeg","contentUrl":"https:\/\/tiempodetormentas.com\/wp-content\/uploads\/2025\/01\/social_image.jpeg","width":1200,"height":630},{"@type":"BreadcrumbList","@id":"https:\/\/tiempodetormentas.com\/cultura\/filosofia\/la-izquierda-y-el-woke-son-absolutamente-opuestos\/#breadcrumb","itemListElement":[{"@type":"ListItem","position":1,"name":"Portada","item":"https:\/\/tiempodetormentas.com\/"},{"@type":"ListItem","position":2,"name":"\u00abLA IZQUIERDA Y EL WOKE SON ABSOLUTAMENTE OPUESTOS\u00bb"}]},{"@type":"WebSite","@id":"https:\/\/tiempodetormentas.com\/#website","url":"https:\/\/tiempodetormentas.com\/","name":"Tiempo de Tormentas","description":"Edita el club de la bruma","publisher":{"@id":"https:\/\/tiempodetormentas.com\/#organization"},"potentialAction":[{"@type":"SearchAction","target":{"@type":"EntryPoint","urlTemplate":"https:\/\/tiempodetormentas.com\/?s={search_term_string}"},"query-input":{"@type":"PropertyValueSpecification","valueRequired":true,"valueName":"search_term_string"}}],"inLanguage":"en-GB"},{"@type":"Organization","@id":"https:\/\/tiempodetormentas.com\/#organization","name":"Tiempo de Tormentas","url":"https:\/\/tiempodetormentas.com\/","logo":{"@type":"ImageObject","inLanguage":"en-GB","@id":"https:\/\/tiempodetormentas.com\/#\/schema\/logo\/image\/","url":"https:\/\/tiempodetormentas.com\/wp-content\/uploads\/2022\/01\/tiempo-de-tormentas.png","contentUrl":"https:\/\/tiempodetormentas.com\/wp-content\/uploads\/2022\/01\/tiempo-de-tormentas.png","width":448,"height":121,"caption":"Tiempo de Tormentas"},"image":{"@id":"https:\/\/tiempodetormentas.com\/#\/schema\/logo\/image\/"}},{"@type":"Person","@id":"https:\/\/tiempodetormentas.com\/#\/schema\/person\/f8c15d9e322a5a2a0529ae24c9bb4409","name":"Tiempo de Tormentas","image":{"@type":"ImageObject","inLanguage":"en-GB","@id":"https:\/\/tiempodetormentas.com\/#\/schema\/person\/image\/","url":"https:\/\/secure.gravatar.com\/avatar\/41ab5f71e764337e074e1cc8a08a5205b1c5c846b93c75fefbe2bec43bc13ab8?s=96&d=mm&r=g","contentUrl":"https:\/\/secure.gravatar.com\/avatar\/41ab5f71e764337e074e1cc8a08a5205b1c5c846b93c75fefbe2bec43bc13ab8?s=96&d=mm&r=g","caption":"Tiempo de Tormentas"},"url":"https:\/\/tiempodetormentas.com\/en\/author\/tiempo\/"}]}},"_links":{"self":[{"href":"https:\/\/tiempodetormentas.com\/en\/wp-json\/wp\/v2\/posts\/1120","targetHints":{"allow":["GET"]}}],"collection":[{"href":"https:\/\/tiempodetormentas.com\/en\/wp-json\/wp\/v2\/posts"}],"about":[{"href":"https:\/\/tiempodetormentas.com\/en\/wp-json\/wp\/v2\/types\/post"}],"author":[{"embeddable":true,"href":"https:\/\/tiempodetormentas.com\/en\/wp-json\/wp\/v2\/users\/8"}],"replies":[{"embeddable":true,"href":"https:\/\/tiempodetormentas.com\/en\/wp-json\/wp\/v2\/comments?post=1120"}],"version-history":[{"count":1,"href":"https:\/\/tiempodetormentas.com\/en\/wp-json\/wp\/v2\/posts\/1120\/revisions"}],"predecessor-version":[{"id":1128,"href":"https:\/\/tiempodetormentas.com\/en\/wp-json\/wp\/v2\/posts\/1120\/revisions\/1128"}],"wp:featuredmedia":[{"embeddable":true,"href":"https:\/\/tiempodetormentas.com\/en\/wp-json\/wp\/v2\/media\/1127"}],"wp:attachment":[{"href":"https:\/\/tiempodetormentas.com\/en\/wp-json\/wp\/v2\/media?parent=1120"}],"wp:term":[{"taxonomy":"category","embeddable":true,"href":"https:\/\/tiempodetormentas.com\/en\/wp-json\/wp\/v2\/categories?post=1120"},{"taxonomy":"post_tag","embeddable":true,"href":"https:\/\/tiempodetormentas.com\/en\/wp-json\/wp\/v2\/tags?post=1120"}],"curies":[{"name":"wp","href":"https:\/\/api.w.org\/{rel}","templated":true}]}}