{"id":1113,"date":"2025-01-19T11:48:24","date_gmt":"2025-01-19T11:48:24","guid":{"rendered":"https:\/\/tiempodetormentas.com\/?p=1113"},"modified":"2025-01-19T11:49:19","modified_gmt":"2025-01-19T11:49:19","slug":"musk-deberia-volverse-a-sudafrica","status":"publish","type":"post","link":"https:\/\/tiempodetormentas.com\/en\/humanidad\/internacional\/musk-deberia-volverse-a-sudafrica\/","title":{"rendered":"\u00a1MUSK, DEBER\u00cdA VOLVERSE A SUD\u00c1FRICA!"},"content":{"rendered":"<p><img loading=\"lazy\" decoding=\"async\" class=\"aligncenter size-full wp-image-1114\" src=\"https:\/\/tiempodetormentas.com\/wp-content\/uploads\/2025\/01\/Steve_Bannon_by_Gage_Skidmore.jpg\" alt=\"\" width=\"220\" height=\"294\" srcset=\"https:\/\/tiempodetormentas.com\/wp-content\/uploads\/2025\/01\/Steve_Bannon_by_Gage_Skidmore.jpg 220w, https:\/\/tiempodetormentas.com\/wp-content\/uploads\/2025\/01\/Steve_Bannon_by_Gage_Skidmore-150x200.jpg 150w\" sizes=\"auto, (max-width: 220px) 100vw, 220px\" \/><\/p>\n<p><em>Steve Banner<\/em><\/p>\n<h1 class=\"a_t\">Steve Bannon a Elon Musk: \u201cDeber\u00eda volverse a Sud\u00e1frica\u201d<\/h1>\n<p><strong>\u00bfPor qu\u00e9 tenemos sudafricanos, la gente m\u00e1s racista del mundo, sudafricanos blancos, haciendo comentarios sobre lo que pasa en Estados Unidos?\u201d, se pregunta Bannon.<\/strong><\/p>\n<p>Ha declarado <strong>Steve Bannon, <\/strong>il Corriere della Sera. Ex asesor de Donald Trump durante su primer mandato, luego presidente ejecutivo de Breitbart News y representante del conservadurismo extremo internacional, ha declarado la guerra a Elon Musk.<\/p>\n<p>\u201cHar\u00e9 que echen de aqu\u00ed a Elon Musk el d\u00eda de la toma de posesi\u00f3n. No tendr\u00e1 un pase azul a la Casa Blanca, no tendr\u00e1 acceso completo a la Casa Blanca, ser\u00e1 como cualquier otra persona\u201d, declar\u00f3 Bannon al medio italiano. \u201c\u00c9l es un tipo verdaderamente malvado, un tipo muy malo. Me he propuesto personalmente acabar con este tipo. Antes, porque pon\u00eda dinero, estaba dispuesto a tolerarlo, ya no estoy dispuesto a tolerarlo\u201d<\/p>\n<p>Con m\u00e1s de 260 millones de d\u00f3lares Musk fue el principal donante de la campa\u00f1a de Donald Trump.<\/p>\n<p>\u00bfRealmente es licito que los multimillonarios utilicen su dinero y sus empresas para promocionar candidatos o tumbarlos? S\u00f3lo hay una respuesta: No. Y ante esta realidad una pregunta se hace imprescindible plantearla <strong>\u00bf Hay que poner un limite a la concentraci\u00f3n de riqueza personal para salvar la democracia ?<\/strong> Pues parece que si.<\/p>\n<p>Despu\u00e9s de que Donald Trump fuese elegido presidente electo, se convirti\u00f3 en una sombra permanente y ruidosa a su lado. Trump le ha encargado una reforma dr\u00e1stica de la Administraci\u00f3n, pero el mayor potentado del mundo no se limita a eso, sino que opina de forma activa en toda clase de asuntos. Desde su papel en la pol\u00edtica estadounidense a dar el salto al otro lado del Atl\u00e1ntico, <span style=\"color: #000000;\"><a style=\"color: #000000;\" href=\"https:\/\/elpais.com\/internacional\/2025-01-09\/meloni-defiende-la-negociacion-de-su-gobierno-con-la-empresa-de-comunicaciones-de-musk-no-hay-alternativa.html\" target=\"_blank\" rel=\"noopener\" data-link-track-dtm=\"\" data-mrf-link=\"https:\/\/elpais.com\/internacional\/2025-01-09\/meloni-defiende-la-negociacion-de-su-gobierno-con-la-empresa-de-comunicaciones-de-musk-no-hay-alternativa.html\">apoyando a la primera ministra italiana, Giorgia Meloni admiradora de Mussolini,<\/a>\u00a0y\u00a0<a style=\"color: #000000;\" href=\"https:\/\/elpais.com\/internacional\/2024-12-20\/elon-musk-siembra-el-nerviosismo-en-alemania-al-apoyar-a-la-extrema-derecha.html\" target=\"_blank\" rel=\"noopener\" data-link-track-dtm=\"\" data-mrf-link=\"https:\/\/elpais.com\/internacional\/2024-12-20\/elon-musk-siembra-el-nerviosismo-en-alemania-al-apoyar-a-la-extrema-derecha.html\">a la extrema derecha alemana,<\/a>\u00a0adem\u00e1s de\u00a0<a style=\"color: #000000;\" href=\"https:\/\/elpais.com\/internacional\/2025-01-04\/elon-musk-acusa-al-primer-ministro-del-reino-unido-de-tapar-delitos-sexuales-contra-menores.html\" target=\"_blank\" rel=\"noopener\" data-link-track-dtm=\"\" data-mrf-link=\"https:\/\/elpais.com\/internacional\/2025-01-04\/elon-musk-acusa-al-primer-ministro-del-reino-unido-de-tapar-delitos-sexuales-contra-menores.html\">atacar sin parar al primer ministro brit\u00e1nico, Keir Starmer.<\/a><\/span><\/p>\n<p>\u201cLa gente que rodea a Trump est\u00e1 cansada de \u00e9l. Hemos visto el auge de Elon, su naturaleza intrusiva, su falta de comprensi\u00f3n de los verdaderos problemas y, francamente, su apoyo solo a s\u00ed mismo, cuyo \u00fanico objetivo es convertirse en trillonario. Ese es su objetivo. Har\u00e1 cualquier cosa relacionada para asegurarse de que cualquiera de sus empresas est\u00e9 protegida o tenga un mejor trato o \u00e9l gane m\u00e1s dinero. Su acumulaci\u00f3n de riqueza, y luego \u2014a trav\u00e9s de la riqueza\u2014 el poder: eso es en lo que est\u00e1 centrado. El pueblo trabajador de este pa\u00eds no lo va a tolerar\u201d, asegur\u00f3 Bannon <a href=\"https:\/\/www.corriere.it\/esteri\/25_gennaio_08\/steve-bannon-elon-musk-intervista-aca1876b-4035-4ce3-b978-5e5f4b6d9xlk.shtml\" target=\"_blank\" rel=\"noopener\" data-link-track-dtm=\"\" data-mrf-link=\"https:\/\/www.corriere.it\/esteri\/25_gennaio_08\/steve-bannon-elon-musk-intervista-aca1876b-4035-4ce3-b978-5e5f4b6d9xlk.shtml\"><span style=\"color: #000000;\">al diario italiano<\/span>.<\/a><\/p>\n<p>\u201cMi historia es que lo ech\u00e9 de la Casa Blanca todos los d\u00edas durante 30 d\u00edas seguidos en 2017, porque estaba buscando subsidios pagados por la clase trabajadora estadounidense, la gente que gana 35.000 d\u00f3lares al a\u00f1o se supon\u00eda que deb\u00eda pagar, b\u00e1sicamente, impuestos para apoyar la resurrecci\u00f3n en Tesla. Por lo tanto, no necesito hablar con Elon Musk. S\u00e9 lo que Elon Musk est\u00e1 haciendo\u201d<\/p>\n<p>Bannon es la m\u00e1s destacada figura de la ultraderecha estadounidense que ven con indignaci\u00f3n el papel del magnate estadounidense, al que consideran un advenedizo interesado en sus propios negocios.<\/p>\n<p>El \u00faltimo choque\u00a0 tuvo lugar en torno a la inmigraci\u00f3n y los <strong>visados H-1B<\/strong> para inmigrantes cualificados que trabajan en \u201cocupaciones especializadas\u201d, que Musk apoya, al igual que otros magnates tecnol\u00f3gicos. \u00abSe trata de que todo el sistema de inmigraci\u00f3n est\u00e1 manipulado por los se\u00f1ores de la tecnolog\u00eda, lo utilizan en su beneficio, la gente est\u00e1 furiosa\u201d, dijo Bannon, se\u00f1alando que \u201cel 76% de los ingenieros que trabajan en Silicon Valley no son estadounidenses\u201d.<\/p>\n<p>\u201cPeter Thiel, David Sachs, Elon Musk, son todos sudafricanos blancos&#8230; Deber\u00eda volverse a Sud\u00e1frica. \u00bfPor qu\u00e9 tenemos sudafricanos, la gente m\u00e1s racista del mundo, sudafricanos blancos, haciendo comentarios sobre lo que pasa en Estados Unidos?\u201d, se pregunta Bannon.<\/p>\n<p>\u201cLa gente que rodea a Trump est\u00e1 cansada de \u00e9l. Hemos visto el auge de Elon, su naturaleza intrusiva, su falta de comprensi\u00f3n de los verdaderos problemas y, francamente, su apoyo solo a s\u00ed mismo, cuyo \u00fanico objetivo es convertirse en trillonario. Ese es su objetivo. Har\u00e1 cualquier cosa relacionada para asegurarse de que cualquiera de sus empresas est\u00e9 protegida o tenga un mejor trato o \u00e9l gane m\u00e1s dinero. Su acumulaci\u00f3n de riqueza, y luego \u2014a trav\u00e9s de la riqueza\u2014 el poder: eso es en lo que est\u00e1 centrado. El pueblo trabajador de este pa\u00eds no lo va a tolerar\u201d<\/p>\n<p>\u201cMi historia es que lo ech\u00e9 de la Casa Blanca todos los d\u00edas durante 30 d\u00edas seguidos en 2017, porque estaba buscando subsidios pagados por la clase trabajadora estadounidense, la gente que gana 35.000 d\u00f3lares al a\u00f1o se supon\u00eda que deb\u00eda pagar, b\u00e1sicamente, impuestos para apoyar la resurrecci\u00f3n en Tesla. Por lo tanto, no necesito hablar con Elon Musk. S\u00e9 lo que Elon Musk est\u00e1 haciendo\u201d<\/p>\n<p>Para Tiempo de Tormentas la conclusi\u00f3n es clara: acumulaci\u00f3n de dinero y de poder para\u00a0 revivir una mala suerte de internacional nazi al objeto del secuestro del mundo.<\/p>","protected":false},"excerpt":{"rendered":"<p>Steve Banner Steve Bannon a Elon Musk: \u201cDeber\u00eda volverse a Sud\u00e1frica\u201d \u00bfPor qu\u00e9 tenemos sudafricanos, la gente m\u00e1s racista del mundo, sudafricanos blancos, haciendo comentarios sobre lo que pasa en Estados Unidos?\u201d, se pregunta Bannon. Ha declarado Steve Bannon, il Corriere della Sera. Ex asesor de Donald Trump durante su primer mandato, luego presidente ejecutivo [&hellip;]<\/p>","protected":false},"author":8,"featured_media":1114,"comment_status":"open","ping_status":"open","sticky":true,"template":"","format":"standard","meta":{"footnotes":""},"categories":[35],"tags":[],"class_list":{"0":"post-1113","1":"post","2":"type-post","3":"status-publish","4":"format-standard","5":"has-post-thumbnail","7":"category-internacional"},"yoast_head":"<!-- This site is optimized with the Yoast SEO plugin v26.2 - https:\/\/yoast.com\/wordpress\/plugins\/seo\/ -->\n<title>\u00a1MUSK, DEBER\u00cdA VOLVERSE A SUD\u00c1FRICA! - Tiempo de Tormentas<\/title>\n<meta name=\"robots\" content=\"index, follow, max-snippet:-1, max-image-preview:large, max-video-preview:-1\" \/>\n<link rel=\"canonical\" href=\"https:\/\/tiempodetormentas.com\/en\/humanidad\/internacional\/musk-deberia-volverse-a-sudafrica\/\" \/>\n<meta property=\"og:locale\" content=\"en_GB\" \/>\n<meta property=\"og:type\" content=\"article\" \/>\n<meta property=\"og:title\" content=\"\u00a1MUSK, DEBER\u00cdA VOLVERSE A SUD\u00c1FRICA! - Tiempo de Tormentas\" \/>\n<meta property=\"og:description\" content=\"Steve Banner Steve Bannon a Elon Musk: \u201cDeber\u00eda volverse a Sud\u00e1frica\u201d \u00bfPor qu\u00e9 tenemos sudafricanos, la gente m\u00e1s racista del mundo, sudafricanos blancos, haciendo comentarios sobre lo que pasa en Estados Unidos?\u201d, se pregunta Bannon. Ha declarado Steve Bannon, il Corriere della Sera. Ex asesor de Donald Trump durante su primer mandato, luego presidente ejecutivo [&hellip;]\" \/>\n<meta property=\"og:url\" content=\"https:\/\/tiempodetormentas.com\/en\/humanidad\/internacional\/musk-deberia-volverse-a-sudafrica\/\" \/>\n<meta property=\"og:site_name\" content=\"Tiempo de Tormentas\" \/>\n<meta property=\"article:published_time\" content=\"2025-01-19T11:48:24+00:00\" \/>\n<meta property=\"article:modified_time\" content=\"2025-01-19T11:49:19+00:00\" \/>\n<meta property=\"og:image\" content=\"https:\/\/tiempodetormentas.com\/wp-content\/uploads\/2025\/01\/Steve_Bannon_by_Gage_Skidmore.jpg\" \/>\n\t<meta property=\"og:image:width\" content=\"220\" \/>\n\t<meta property=\"og:image:height\" content=\"294\" \/>\n\t<meta property=\"og:image:type\" content=\"image\/jpeg\" \/>\n<meta name=\"author\" content=\"Tiempo de Tormentas\" \/>\n<meta name=\"twitter:card\" content=\"summary_large_image\" \/>\n<meta name=\"twitter:label1\" content=\"Written by\" \/>\n\t<meta name=\"twitter:data1\" content=\"Tiempo de Tormentas\" \/>\n\t<meta name=\"twitter:label2\" content=\"Estimated reading time\" \/>\n\t<meta name=\"twitter:data2\" content=\"5 minutes\" \/>\n<script type=\"application\/ld+json\" class=\"yoast-schema-graph\">{\"@context\":\"https:\/\/schema.org\",\"@graph\":[{\"@type\":\"Article\",\"@id\":\"https:\/\/tiempodetormentas.com\/humanidad\/internacional\/musk-deberia-volverse-a-sudafrica\/#article\",\"isPartOf\":{\"@id\":\"https:\/\/tiempodetormentas.com\/humanidad\/internacional\/musk-deberia-volverse-a-sudafrica\/\"},\"author\":{\"name\":\"Tiempo de Tormentas\",\"@id\":\"https:\/\/tiempodetormentas.com\/#\/schema\/person\/f8c15d9e322a5a2a0529ae24c9bb4409\"},\"headline\":\"\u00a1MUSK, DEBER\u00cdA VOLVERSE A SUD\u00c1FRICA!\",\"datePublished\":\"2025-01-19T11:48:24+00:00\",\"dateModified\":\"2025-01-19T11:49:19+00:00\",\"mainEntityOfPage\":{\"@id\":\"https:\/\/tiempodetormentas.com\/humanidad\/internacional\/musk-deberia-volverse-a-sudafrica\/\"},\"wordCount\":875,\"commentCount\":0,\"publisher\":{\"@id\":\"https:\/\/tiempodetormentas.com\/#organization\"},\"image\":{\"@id\":\"https:\/\/tiempodetormentas.com\/humanidad\/internacional\/musk-deberia-volverse-a-sudafrica\/#primaryimage\"},\"thumbnailUrl\":\"https:\/\/tiempodetormentas.com\/wp-content\/uploads\/2025\/01\/Steve_Bannon_by_Gage_Skidmore.jpg\",\"articleSection\":[\"Internacional\"],\"inLanguage\":\"en-GB\",\"potentialAction\":[{\"@type\":\"CommentAction\",\"name\":\"Comment\",\"target\":[\"https:\/\/tiempodetormentas.com\/humanidad\/internacional\/musk-deberia-volverse-a-sudafrica\/#respond\"]}]},{\"@type\":\"WebPage\",\"@id\":\"https:\/\/tiempodetormentas.com\/humanidad\/internacional\/musk-deberia-volverse-a-sudafrica\/\",\"url\":\"https:\/\/tiempodetormentas.com\/humanidad\/internacional\/musk-deberia-volverse-a-sudafrica\/\",\"name\":\"\u00a1MUSK, DEBER\u00cdA VOLVERSE A SUD\u00c1FRICA! - Tiempo de Tormentas\",\"isPartOf\":{\"@id\":\"https:\/\/tiempodetormentas.com\/#website\"},\"primaryImageOfPage\":{\"@id\":\"https:\/\/tiempodetormentas.com\/humanidad\/internacional\/musk-deberia-volverse-a-sudafrica\/#primaryimage\"},\"image\":{\"@id\":\"https:\/\/tiempodetormentas.com\/humanidad\/internacional\/musk-deberia-volverse-a-sudafrica\/#primaryimage\"},\"thumbnailUrl\":\"https:\/\/tiempodetormentas.com\/wp-content\/uploads\/2025\/01\/Steve_Bannon_by_Gage_Skidmore.jpg\",\"datePublished\":\"2025-01-19T11:48:24+00:00\",\"dateModified\":\"2025-01-19T11:49:19+00:00\",\"breadcrumb\":{\"@id\":\"https:\/\/tiempodetormentas.com\/humanidad\/internacional\/musk-deberia-volverse-a-sudafrica\/#breadcrumb\"},\"inLanguage\":\"en-GB\",\"potentialAction\":[{\"@type\":\"ReadAction\",\"target\":[\"https:\/\/tiempodetormentas.com\/humanidad\/internacional\/musk-deberia-volverse-a-sudafrica\/\"]}]},{\"@type\":\"ImageObject\",\"inLanguage\":\"en-GB\",\"@id\":\"https:\/\/tiempodetormentas.com\/humanidad\/internacional\/musk-deberia-volverse-a-sudafrica\/#primaryimage\",\"url\":\"https:\/\/tiempodetormentas.com\/wp-content\/uploads\/2025\/01\/Steve_Bannon_by_Gage_Skidmore.jpg\",\"contentUrl\":\"https:\/\/tiempodetormentas.com\/wp-content\/uploads\/2025\/01\/Steve_Bannon_by_Gage_Skidmore.jpg\",\"width\":220,\"height\":294},{\"@type\":\"BreadcrumbList\",\"@id\":\"https:\/\/tiempodetormentas.com\/humanidad\/internacional\/musk-deberia-volverse-a-sudafrica\/#breadcrumb\",\"itemListElement\":[{\"@type\":\"ListItem\",\"position\":1,\"name\":\"Portada\",\"item\":\"https:\/\/tiempodetormentas.com\/\"},{\"@type\":\"ListItem\",\"position\":2,\"name\":\"\u00a1MUSK, DEBER\u00cdA VOLVERSE A SUD\u00c1FRICA!\"}]},{\"@type\":\"WebSite\",\"@id\":\"https:\/\/tiempodetormentas.com\/#website\",\"url\":\"https:\/\/tiempodetormentas.com\/\",\"name\":\"Tiempo de Tormentas\",\"description\":\"Edita el club de la bruma\",\"publisher\":{\"@id\":\"https:\/\/tiempodetormentas.com\/#organization\"},\"potentialAction\":[{\"@type\":\"SearchAction\",\"target\":{\"@type\":\"EntryPoint\",\"urlTemplate\":\"https:\/\/tiempodetormentas.com\/?s={search_term_string}\"},\"query-input\":{\"@type\":\"PropertyValueSpecification\",\"valueRequired\":true,\"valueName\":\"search_term_string\"}}],\"inLanguage\":\"en-GB\"},{\"@type\":\"Organization\",\"@id\":\"https:\/\/tiempodetormentas.com\/#organization\",\"name\":\"Tiempo de Tormentas\",\"url\":\"https:\/\/tiempodetormentas.com\/\",\"logo\":{\"@type\":\"ImageObject\",\"inLanguage\":\"en-GB\",\"@id\":\"https:\/\/tiempodetormentas.com\/#\/schema\/logo\/image\/\",\"url\":\"https:\/\/tiempodetormentas.com\/wp-content\/uploads\/2022\/01\/tiempo-de-tormentas.png\",\"contentUrl\":\"https:\/\/tiempodetormentas.com\/wp-content\/uploads\/2022\/01\/tiempo-de-tormentas.png\",\"width\":448,\"height\":121,\"caption\":\"Tiempo de Tormentas\"},\"image\":{\"@id\":\"https:\/\/tiempodetormentas.com\/#\/schema\/logo\/image\/\"}},{\"@type\":\"Person\",\"@id\":\"https:\/\/tiempodetormentas.com\/#\/schema\/person\/f8c15d9e322a5a2a0529ae24c9bb4409\",\"name\":\"Tiempo de Tormentas\",\"image\":{\"@type\":\"ImageObject\",\"inLanguage\":\"en-GB\",\"@id\":\"https:\/\/tiempodetormentas.com\/#\/schema\/person\/image\/\",\"url\":\"https:\/\/secure.gravatar.com\/avatar\/41ab5f71e764337e074e1cc8a08a5205b1c5c846b93c75fefbe2bec43bc13ab8?s=96&d=mm&r=g\",\"contentUrl\":\"https:\/\/secure.gravatar.com\/avatar\/41ab5f71e764337e074e1cc8a08a5205b1c5c846b93c75fefbe2bec43bc13ab8?s=96&d=mm&r=g\",\"caption\":\"Tiempo de Tormentas\"},\"url\":\"https:\/\/tiempodetormentas.com\/en\/author\/tiempo\/\"}]}<\/script>\n<!-- \/ Yoast SEO plugin. -->","yoast_head_json":{"title":"\u00a1MUSK, DEBER\u00cdA VOLVERSE A SUD\u00c1FRICA! - Tiempo de Tormentas","robots":{"index":"index","follow":"follow","max-snippet":"max-snippet:-1","max-image-preview":"max-image-preview:large","max-video-preview":"max-video-preview:-1"},"canonical":"https:\/\/tiempodetormentas.com\/en\/humanidad\/internacional\/musk-deberia-volverse-a-sudafrica\/","og_locale":"en_GB","og_type":"article","og_title":"\u00a1MUSK, DEBER\u00cdA VOLVERSE A SUD\u00c1FRICA! - Tiempo de Tormentas","og_description":"Steve Banner Steve Bannon a Elon Musk: \u201cDeber\u00eda volverse a Sud\u00e1frica\u201d \u00bfPor qu\u00e9 tenemos sudafricanos, la gente m\u00e1s racista del mundo, sudafricanos blancos, haciendo comentarios sobre lo que pasa en Estados Unidos?\u201d, se pregunta Bannon. Ha declarado Steve Bannon, il Corriere della Sera. Ex asesor de Donald Trump durante su primer mandato, luego presidente ejecutivo [&hellip;]","og_url":"https:\/\/tiempodetormentas.com\/en\/humanidad\/internacional\/musk-deberia-volverse-a-sudafrica\/","og_site_name":"Tiempo de Tormentas","article_published_time":"2025-01-19T11:48:24+00:00","article_modified_time":"2025-01-19T11:49:19+00:00","og_image":[{"width":220,"height":294,"url":"https:\/\/tiempodetormentas.com\/wp-content\/uploads\/2025\/01\/Steve_Bannon_by_Gage_Skidmore.jpg","type":"image\/jpeg"}],"author":"Tiempo de Tormentas","twitter_card":"summary_large_image","twitter_misc":{"Written by":"Tiempo de Tormentas","Estimated reading time":"5 minutes"},"schema":{"@context":"https:\/\/schema.org","@graph":[{"@type":"Article","@id":"https:\/\/tiempodetormentas.com\/humanidad\/internacional\/musk-deberia-volverse-a-sudafrica\/#article","isPartOf":{"@id":"https:\/\/tiempodetormentas.com\/humanidad\/internacional\/musk-deberia-volverse-a-sudafrica\/"},"author":{"name":"Tiempo de Tormentas","@id":"https:\/\/tiempodetormentas.com\/#\/schema\/person\/f8c15d9e322a5a2a0529ae24c9bb4409"},"headline":"\u00a1MUSK, DEBER\u00cdA VOLVERSE A SUD\u00c1FRICA!","datePublished":"2025-01-19T11:48:24+00:00","dateModified":"2025-01-19T11:49:19+00:00","mainEntityOfPage":{"@id":"https:\/\/tiempodetormentas.com\/humanidad\/internacional\/musk-deberia-volverse-a-sudafrica\/"},"wordCount":875,"commentCount":0,"publisher":{"@id":"https:\/\/tiempodetormentas.com\/#organization"},"image":{"@id":"https:\/\/tiempodetormentas.com\/humanidad\/internacional\/musk-deberia-volverse-a-sudafrica\/#primaryimage"},"thumbnailUrl":"https:\/\/tiempodetormentas.com\/wp-content\/uploads\/2025\/01\/Steve_Bannon_by_Gage_Skidmore.jpg","articleSection":["Internacional"],"inLanguage":"en-GB","potentialAction":[{"@type":"CommentAction","name":"Comment","target":["https:\/\/tiempodetormentas.com\/humanidad\/internacional\/musk-deberia-volverse-a-sudafrica\/#respond"]}]},{"@type":"WebPage","@id":"https:\/\/tiempodetormentas.com\/humanidad\/internacional\/musk-deberia-volverse-a-sudafrica\/","url":"https:\/\/tiempodetormentas.com\/humanidad\/internacional\/musk-deberia-volverse-a-sudafrica\/","name":"\u00a1MUSK, DEBER\u00cdA VOLVERSE A SUD\u00c1FRICA! - Tiempo de Tormentas","isPartOf":{"@id":"https:\/\/tiempodetormentas.com\/#website"},"primaryImageOfPage":{"@id":"https:\/\/tiempodetormentas.com\/humanidad\/internacional\/musk-deberia-volverse-a-sudafrica\/#primaryimage"},"image":{"@id":"https:\/\/tiempodetormentas.com\/humanidad\/internacional\/musk-deberia-volverse-a-sudafrica\/#primaryimage"},"thumbnailUrl":"https:\/\/tiempodetormentas.com\/wp-content\/uploads\/2025\/01\/Steve_Bannon_by_Gage_Skidmore.jpg","datePublished":"2025-01-19T11:48:24+00:00","dateModified":"2025-01-19T11:49:19+00:00","breadcrumb":{"@id":"https:\/\/tiempodetormentas.com\/humanidad\/internacional\/musk-deberia-volverse-a-sudafrica\/#breadcrumb"},"inLanguage":"en-GB","potentialAction":[{"@type":"ReadAction","target":["https:\/\/tiempodetormentas.com\/humanidad\/internacional\/musk-deberia-volverse-a-sudafrica\/"]}]},{"@type":"ImageObject","inLanguage":"en-GB","@id":"https:\/\/tiempodetormentas.com\/humanidad\/internacional\/musk-deberia-volverse-a-sudafrica\/#primaryimage","url":"https:\/\/tiempodetormentas.com\/wp-content\/uploads\/2025\/01\/Steve_Bannon_by_Gage_Skidmore.jpg","contentUrl":"https:\/\/tiempodetormentas.com\/wp-content\/uploads\/2025\/01\/Steve_Bannon_by_Gage_Skidmore.jpg","width":220,"height":294},{"@type":"BreadcrumbList","@id":"https:\/\/tiempodetormentas.com\/humanidad\/internacional\/musk-deberia-volverse-a-sudafrica\/#breadcrumb","itemListElement":[{"@type":"ListItem","position":1,"name":"Portada","item":"https:\/\/tiempodetormentas.com\/"},{"@type":"ListItem","position":2,"name":"\u00a1MUSK, DEBER\u00cdA VOLVERSE A SUD\u00c1FRICA!"}]},{"@type":"WebSite","@id":"https:\/\/tiempodetormentas.com\/#website","url":"https:\/\/tiempodetormentas.com\/","name":"Tiempo de Tormentas","description":"Edita el club de la bruma","publisher":{"@id":"https:\/\/tiempodetormentas.com\/#organization"},"potentialAction":[{"@type":"SearchAction","target":{"@type":"EntryPoint","urlTemplate":"https:\/\/tiempodetormentas.com\/?s={search_term_string}"},"query-input":{"@type":"PropertyValueSpecification","valueRequired":true,"valueName":"search_term_string"}}],"inLanguage":"en-GB"},{"@type":"Organization","@id":"https:\/\/tiempodetormentas.com\/#organization","name":"Tiempo de Tormentas","url":"https:\/\/tiempodetormentas.com\/","logo":{"@type":"ImageObject","inLanguage":"en-GB","@id":"https:\/\/tiempodetormentas.com\/#\/schema\/logo\/image\/","url":"https:\/\/tiempodetormentas.com\/wp-content\/uploads\/2022\/01\/tiempo-de-tormentas.png","contentUrl":"https:\/\/tiempodetormentas.com\/wp-content\/uploads\/2022\/01\/tiempo-de-tormentas.png","width":448,"height":121,"caption":"Tiempo de Tormentas"},"image":{"@id":"https:\/\/tiempodetormentas.com\/#\/schema\/logo\/image\/"}},{"@type":"Person","@id":"https:\/\/tiempodetormentas.com\/#\/schema\/person\/f8c15d9e322a5a2a0529ae24c9bb4409","name":"Tiempo de Tormentas","image":{"@type":"ImageObject","inLanguage":"en-GB","@id":"https:\/\/tiempodetormentas.com\/#\/schema\/person\/image\/","url":"https:\/\/secure.gravatar.com\/avatar\/41ab5f71e764337e074e1cc8a08a5205b1c5c846b93c75fefbe2bec43bc13ab8?s=96&d=mm&r=g","contentUrl":"https:\/\/secure.gravatar.com\/avatar\/41ab5f71e764337e074e1cc8a08a5205b1c5c846b93c75fefbe2bec43bc13ab8?s=96&d=mm&r=g","caption":"Tiempo de Tormentas"},"url":"https:\/\/tiempodetormentas.com\/en\/author\/tiempo\/"}]}},"_links":{"self":[{"href":"https:\/\/tiempodetormentas.com\/en\/wp-json\/wp\/v2\/posts\/1113","targetHints":{"allow":["GET"]}}],"collection":[{"href":"https:\/\/tiempodetormentas.com\/en\/wp-json\/wp\/v2\/posts"}],"about":[{"href":"https:\/\/tiempodetormentas.com\/en\/wp-json\/wp\/v2\/types\/post"}],"author":[{"embeddable":true,"href":"https:\/\/tiempodetormentas.com\/en\/wp-json\/wp\/v2\/users\/8"}],"replies":[{"embeddable":true,"href":"https:\/\/tiempodetormentas.com\/en\/wp-json\/wp\/v2\/comments?post=1113"}],"version-history":[{"count":1,"href":"https:\/\/tiempodetormentas.com\/en\/wp-json\/wp\/v2\/posts\/1113\/revisions"}],"predecessor-version":[{"id":1115,"href":"https:\/\/tiempodetormentas.com\/en\/wp-json\/wp\/v2\/posts\/1113\/revisions\/1115"}],"wp:featuredmedia":[{"embeddable":true,"href":"https:\/\/tiempodetormentas.com\/en\/wp-json\/wp\/v2\/media\/1114"}],"wp:attachment":[{"href":"https:\/\/tiempodetormentas.com\/en\/wp-json\/wp\/v2\/media?parent=1113"}],"wp:term":[{"taxonomy":"category","embeddable":true,"href":"https:\/\/tiempodetormentas.com\/en\/wp-json\/wp\/v2\/categories?post=1113"},{"taxonomy":"post_tag","embeddable":true,"href":"https:\/\/tiempodetormentas.com\/en\/wp-json\/wp\/v2\/tags?post=1113"}],"curies":[{"name":"wp","href":"https:\/\/api.w.org\/{rel}","templated":true}]}}