{"id":1086,"date":"2025-01-14T15:23:55","date_gmt":"2025-01-14T15:23:55","guid":{"rendered":"https:\/\/tiempodetormentas.com\/?p=1086"},"modified":"2025-01-14T15:23:55","modified_gmt":"2025-01-14T15:23:55","slug":"la-ilustracion-oscura-nrx","status":"publish","type":"post","link":"https:\/\/tiempodetormentas.com\/en\/cultura\/filosofia\/la-ilustracion-oscura-nrx\/","title":{"rendered":"LA ILUSTRACION OSCURA NRx"},"content":{"rendered":"<p>&nbsp;<\/p>\n<p>&nbsp;<\/p>\n<p><strong>Si ya desde finales del S. XVII los fil\u00f3sofos ilustrados abogaban por la universalidad, la igualdad de oportunidades y la b\u00fasqueda del bien com\u00fan, este movimiento promueve exactamente la ant\u00edtesis: los\u00a0<span style=\"color: #000000;\"><a style=\"color: #000000;\" title=\"El negacionismo clim\u00e1tico mata: cuando la derecha antepone su ideolog\u00eda a la protecci\u00f3n de la ciudadan\u00eda\" href=\"https:\/\/www.publico.es\/sociedad\/negacionismo-climatico-mata-derecha-antepone-ideologia-proteccion-ciudadania.html\">negacionismos<\/a><\/span>, el supremacismo blanco y el respeto ciego a las jerarqu\u00edas sociales autoritarias.<\/strong><\/p>\n<p><span style=\"color: #000000;\">La\u00a0<b>ilustraci\u00f3n oscura<\/b>, o el\u00a0<b>movimiento neorreaccionario<\/b>, tambi\u00e9n conocido simplemente como\u00a0<b>neorreacci\u00f3n<\/b>\u00a0y abreviado\u00a0<b>NRx<\/b>\u00a0por sus defensores, es un movimiento de\u00a0<a style=\"color: #000000;\" title=\"Extrema derecha\" href=\"https:\/\/es.wikipedia.org\/wiki\/Extrema_derecha\">extrema derecha<\/a>,\u00a0<a style=\"color: #000000;\" title=\"Antidemocr\u00e1tico\" href=\"https:\/\/es.wikipedia.org\/wiki\/Antidemocr%C3%A1tico\">antidemocr\u00e1tico<\/a>,\u00a0<a style=\"color: #000000;\" title=\"Reacci\u00f3n (pol\u00edtica)\" href=\"https:\/\/es.wikipedia.org\/wiki\/Reacci%C3%B3n_(pol%C3%ADtica)\">reaccionario<\/a>\u00a0y\u00a0<a style=\"color: #000000;\" title=\"Tradicionalismo filos\u00f3fico\" href=\"https:\/\/es.wikipedia.org\/wiki\/Tradicionalismo_filos%C3%B3fico\">tradicionalista<\/a>\u00a0que se considera a s\u00ed mismo como la\u00a0<a style=\"color: #000000;\" title=\"Ant\u00edtesis\" href=\"https:\/\/es.wikipedia.org\/wiki\/Ant%C3%ADtesis\">ant\u00edtesis<\/a>\u00a0de la\u00a0<a style=\"color: #000000;\" title=\"Ilustraci\u00f3n\" href=\"https:\/\/es.wikipedia.org\/wiki\/Ilustraci%C3%B3n\">Ilustraci\u00f3n<\/a>.<sup id=\"cite_ref-TechCrunch:_Geeks_for_Monarchy_1-0\" class=\"reference separada\"><\/sup>\u200b En general, rechaza el\u00a0<a style=\"color: #000000;\" title=\"Igualitarismo\" href=\"https:\/\/es.wikipedia.org\/wiki\/Igualitarismo\">igualitarismo<\/a>\u00a0y la opini\u00f3n de que la historia muestra un progreso inevitable hacia una mayor\u00a0<a style=\"color: #000000;\" title=\"Libertad\" href=\"https:\/\/es.wikipedia.org\/wiki\/Libertad\">libertad<\/a>\u00a0e iluminaci\u00f3n, por lo que es en parte una reacci\u00f3n contra la historiograf\u00eda\u00a0<a style=\"color: #000000;\" title=\"Liberal\" href=\"https:\/\/es.wikipedia.org\/wiki\/Liberal\">liberal<\/a>\u00a0y\u00a0<a class=\"mw-redirect\" style=\"color: #000000;\" title=\"Marxista\" href=\"https:\/\/es.wikipedia.org\/wiki\/Marxista\">marxista<\/a>.\u200b El movimiento favorece el retorno a construcciones sociales y formas\u00a0<a style=\"color: #000000;\" title=\"Monarqu\u00eda\" href=\"https:\/\/es.wikipedia.org\/wiki\/Monarqu%C3%ADa\">mon\u00e1rquicas<\/a>\u00a0de gobierno propias del\u00a0<a style=\"color: #000000;\" title=\"Antiguo R\u00e9gimen\" href=\"https:\/\/es.wikipedia.org\/wiki\/Antiguo_R%C3%A9gimen\">Antiguo R\u00e9gimen<\/a>\u00a0(como el\u00a0<a style=\"color: #000000;\" title=\"Cameralismo\" href=\"https:\/\/es.wikipedia.org\/wiki\/Cameralismo\">cameralismo<\/a>) y la\u00a0<a style=\"color: #000000;\" title=\"Edad Media\" href=\"https:\/\/es.wikipedia.org\/wiki\/Edad_Media\">Edad Media<\/a>\u00a0(como el\u00a0<a style=\"color: #000000;\" title=\"Feudalismo\" href=\"https:\/\/es.wikipedia.org\/wiki\/Feudalismo\">feudalismo<\/a>).Sus defensores en general tambi\u00e9n apoyan puntos de vista\u00a0<a style=\"color: #000000;\" title=\"Conservadurismo social\" href=\"https:\/\/es.wikipedia.org\/wiki\/Conservadurismo_social\">socialmente conservadores<\/a>\u00a0sobre temas como los\u00a0<a class=\"mw-redirect\" style=\"color: #000000;\" title=\"Roles de g\u00e9nero\" href=\"https:\/\/es.wikipedia.org\/wiki\/Roles_de_g%C3%A9nero\">roles de g\u00e9nero<\/a>, las relaciones\u00a0<a style=\"color: #000000;\" title=\"Raza\" href=\"https:\/\/es.wikipedia.org\/wiki\/Raza\">raciales<\/a>\u00a0y la\u00a0<a style=\"color: #000000;\" title=\"Migraci\u00f3n\" href=\"https:\/\/es.wikipedia.org\/wiki\/Migraci%C3%B3n\">migraci\u00f3n<\/a>.<img decoding=\"async\" src=\"https:\/\/upload.wikimedia.org\/wikipedia\/commons\/thumb\/a\/a1\/Picture_of_Thomas_Carlyle.jpg\/220px-Picture_of_Thomas_Carlyle.jpg\" \/><\/span><\/p>\n<p><em>Thomas Carlyle<img decoding=\"async\" src=\"https:\/\/upload.wikimedia.org\/wikipedia\/commons\/c\/ce\/Evola.jpg\" alt=\"undefined\" \/><\/em><\/p>\n<p><em><span style=\"color: #000000;\">Julius Evola<\/span><\/em><\/p>\n<p><em><span style=\"color: #000000;\"><img decoding=\"async\" src=\"https:\/\/upload.wikimedia.org\/wikipedia\/commons\/thumb\/6\/61\/Hans-Hermann_Hoppe_2024_%28cropped%29.jpg\/220px-Hans-Hermann_Hoppe_2024_%28cropped%29.jpg\" \/><\/span><\/em><\/p>\n<p><em>Hans Hermann Hope<\/em><\/p>\n<p><span style=\"color: #000000;\">Los neorreaccionarios tienen la influencia de fil\u00f3sofos como\u00a0<a style=\"color: #000000;\" title=\"Thomas Carlyle\" href=\"https:\/\/es.wikipedia.org\/wiki\/Thomas_Carlyle\">Thomas Carlyle<\/a>,\u00a0<a style=\"color: #000000;\" title=\"Julius Evola\" href=\"https:\/\/es.wikipedia.org\/wiki\/Julius_Evola\">Julius Evola<\/a>\u00a0y\u00a0<a style=\"color: #000000;\" title=\"Hans-Hermann Hoppe\" href=\"https:\/\/es.wikipedia.org\/wiki\/Hans-Hermann_Hoppe\">Hans-Hermann Hoppe<\/a>. Adem\u00e1s del cient\u00edfico inform\u00e1tico estadounidense\u00a0<a style=\"color: #000000;\" title=\"Curtis Yarvin\" href=\"https:\/\/es.wikipedia.org\/wiki\/Curtis_Yarvin\">Curtis Yarvin<\/a>, y del escritor y fil\u00f3sofo ingl\u00e9s\u00a0<a style=\"color: #000000;\" title=\"Nick Land\" href=\"https:\/\/es.wikipedia.org\/wiki\/Nick_Land\">Nick Land<\/a>, entre otras voces destacadas de NRx se incluyen el \u00abmon\u00e1rquico\u00a0<a class=\"mw-redirect\" style=\"color: #000000;\" title=\"Transhumanista\" href=\"https:\/\/es.wikipedia.org\/wiki\/Transhumanista\">transhumanista<\/a>\u00a0Michael Anissimov, el\u00a0<a style=\"color: #000000;\" title=\"Paleolibertarismo\" href=\"https:\/\/es.wikipedia.org\/wiki\/Paleolibertarismo\">anarcoliberal cat\u00f3lico<\/a>\u00a0Bryce Laliberte, el artista post-libertario Jim y los satiristas sarc\u00e1sticos de\u00a0<i>Radish<\/i>.\u200b<\/span><\/p>\n<p><span style=\"color: #000000;\">La ilustraci\u00f3n oscura ha sido descrita como una escuela de pensamiento temprana de la\u00a0<a style=\"color: #000000;\" title=\"Derecha alternativa\" href=\"https:\/\/es.wikipedia.org\/wiki\/Derecha_alternativa\">derecha alternativa<\/a>.\u00a0Algunos cr\u00edticos tambi\u00e9n han calificado al movimiento como \u00ab<a style=\"color: #000000;\" title=\"Neofascismo\" href=\"https:\/\/es.wikipedia.org\/wiki\/Neofascismo\">neofascista<\/a>\u00ab.<\/span><\/p>\n<p>\u200b<img loading=\"lazy\" decoding=\"async\" class=\"aligncenter size-full wp-image-1087\" src=\"https:\/\/tiempodetormentas.com\/wp-content\/uploads\/2025\/01\/565721501.gif\" alt=\"\" width=\"225\" height=\"387\" \/><\/p>\n<p>las ideas del iluminismo oscuro propuestas por Nick Land, quien fuera el referente m\u00e1ximo de la Unidad de Investigaci\u00f3n de la Cultura Cibern\u00e9tica del departamento de filosof\u00eda de la Universidad de Warwick. Espacio que, entre otras figuras destacadas, vio nacer a su m\u00e1s brillante disc\u00edpulo, Mark Fisher. Lo que es casi inexplicable es como quien fuera el mentor del giro m\u00e1s novedoso de la filosof\u00eda contempor\u00e1nea de izquierdas de los a\u00f1os 90, hoy sea un reaccionario libertario racista.<\/p>\n<p><strong>LA NUEVA IDEOLOG\u00cdA DEL ANARCOCAPITALISMO:LA \u00abILUSTRACION OSCURA\u00bb<\/strong><\/p>\n<p><span style=\"color: #000000;\">Land reuni\u00f3 ideas de\u00a0<a style=\"color: #000000;\" title=\"Ocultismo\" href=\"https:\/\/es.wikipedia.org\/wiki\/Ocultismo\">ocultismo<\/a>,\u00a0<a style=\"color: #000000;\" title=\"Cibern\u00e9tica\" href=\"https:\/\/es.wikipedia.org\/wiki\/Cibern%C3%A9tica\">cibern\u00e9tica<\/a>,\u00a0<a style=\"color: #000000;\" title=\"Ciencia ficci\u00f3n\" href=\"https:\/\/es.wikipedia.org\/wiki\/Ciencia_ficci%C3%B3n\">ciencia ficci\u00f3n<\/a>\u00a0y filosof\u00eda\u00a0<a class=\"mw-redirect\" style=\"color: #000000;\" title=\"Postestructuralista\" href=\"https:\/\/es.wikipedia.org\/wiki\/Postestructuralista\">postestructuralista<\/a> para describir los fen\u00f3menos de la aceleraci\u00f3n tecno-capitalista. Uno de los conceptos m\u00e1s importantes de Land es \u00abhiperstici\u00f3n\u00bb, una combinaci\u00f3n de \u00absuperstici\u00f3n\u00bb y \u00abhype\u00bb que describe la acci\u00f3n de ideas exitosas en el \u00e1mbito de la cultura.<\/span><\/p>\n<p><img decoding=\"async\" src=\"https:\/\/encrypted-tbn0.gstatic.com\/images?q=tbn:ANd9GcQncIzIHyDQhVZVDkKJpw-M8SilRXd1hNL1g5Njxif0HTITiT6aLXcABGYndllpbACidFA&amp;usqp=CAU\" alt=\"Libro La Ilustraci\u00f3n oscura: Y otros ensayos sobre la Neorreacci\u00f3n De Nick  Land - Buscalibre\" \/><\/p>\n<p><span style=\"color: #000000;\">M\u00e1s recientemente, Land ha sido un prominente te\u00f3rico y defensor de la ilustraci\u00f3n oscura, una filosof\u00eda \u00abneorreaccionaria\u00bb que se opone al\u00a0<a style=\"color: #000000;\" title=\"Igualitarismo\" href=\"https:\/\/es.wikipedia.org\/wiki\/Igualitarismo\">igualitarismo<\/a>\u00a0y, a veces, se asocia con la\u00a0<a style=\"color: #000000;\" title=\"Derecha alternativa\" href=\"https:\/\/es.wikipedia.org\/wiki\/Derecha_alternativa\">derecha alternativa<\/a>\u00a0u otros movimientos de\u00a0<a style=\"color: #000000;\" title=\"Derecha pol\u00edtica\" href=\"https:\/\/es.wikipedia.org\/wiki\/Derecha_pol%C3%ADtica\">derecha<\/a>.\u00a0Shuja Haider se\u00f1ala: \u00abSu secuencia de ensayos que exponen sus principios se han convertido en la base del\u00a0<a style=\"color: #000000;\" title=\"Ilustraci\u00f3n oscura\" href=\"https:\/\/es.wikipedia.org\/wiki\/Ilustraci%C3%B3n_oscura\">canon NRx<\/a>\u00ab.<\/span><\/p>\n<p>El proyecto de la Dark Enligthement no solo es un proyecto que busca destruir las concepciones marxistas, sino que aspira a derribar los logros civilizatorios propios de casi todo el aparato cultural y filos\u00f3fico de la modernidad. Los objetivos del bien com\u00fan ser\u00e1n puestos en duda. Se cuestionar\u00e1 la validez de la concepci\u00f3n igualitaria y se pretender\u00e1 demoler el universalismo. El texto no es sofisticado, est\u00e1 escrito en situaci\u00f3n, y busca movilizar a sectores ultra radicalizados (principalmente de la sociedad norte americana, pero tambi\u00e9n empatizar con diversas corrientes similares del resto del planeta).<\/p>\n<p>El principal adversario a destruir, para Land, es el Universalismo entendido primero como enemigo filos\u00f3fico y luego como s\u00edntesis abstracta de su forma material, el Estado Moderno. En esta tarea de enfrentar a todo el edificio ideol\u00f3gico de la filosof\u00eda moderna, buscar\u00e1 impugnar a Martin Heidegger, Auguste Comte, Karl Marx, todo el idealismo alem\u00e1n, el existencialismo sartreano o a casi cualquier filosof\u00eda con alg\u00fan sentido modernista que haya pensado lo com\u00fan (sin importar su orientaci\u00f3n ideol\u00f3gica, si se trata de un comunista, o simplemente de un representante de una variante democr\u00e1tico burguesa del pensamiento: todo ser\u00e1 lo mismo para Land, todo representar\u00e1 la misma concepci\u00f3n equivocada del universalismo igualitario).<\/p>\n<p>As\u00ed, para la\u00a0<em>neo-reacci\u00f3n,\u00a0<\/em>el Estado (como la formaci\u00f3n socio-econ\u00f3mica-pol\u00edtica institucional m\u00e1s elevada del universalismo), los subsidios, el populismo de izquierda o la derecha tradicional, ser\u00e1n los s\u00edntomas que expresan una enfermedad terminal inoculada a la humanidad por el virus del \u201cproyecto social colectivista democr\u00e1tico\u201d.<\/p>\n<h2><\/h2>\n<div class=\"addtoany\"><\/div>","protected":false},"excerpt":{"rendered":"<p>&nbsp; &nbsp; Si ya desde finales del S. XVII los fil\u00f3sofos ilustrados abogaban por la universalidad, la igualdad de oportunidades y la b\u00fasqueda del bien com\u00fan, este movimiento promueve exactamente la ant\u00edtesis: los\u00a0negacionismos, el supremacismo blanco y el respeto ciego a las jerarqu\u00edas sociales autoritarias. La\u00a0ilustraci\u00f3n oscura, o el\u00a0movimiento neorreaccionario, tambi\u00e9n conocido simplemente como\u00a0neorreacci\u00f3n\u00a0y abreviado\u00a0NRx\u00a0por [&hellip;]<\/p>","protected":false},"author":8,"featured_media":1087,"comment_status":"open","ping_status":"open","sticky":true,"template":"","format":"standard","meta":{"footnotes":""},"categories":[26],"tags":[],"class_list":["post-1086","post","type-post","status-publish","format-standard","has-post-thumbnail","category-filosofia"],"yoast_head":"<!-- This site is optimized with the Yoast SEO plugin v26.2 - https:\/\/yoast.com\/wordpress\/plugins\/seo\/ -->\n<title>LA ILUSTRACION OSCURA NRx - Tiempo de Tormentas<\/title>\n<meta name=\"robots\" content=\"index, follow, max-snippet:-1, max-image-preview:large, max-video-preview:-1\" \/>\n<link rel=\"canonical\" href=\"https:\/\/tiempodetormentas.com\/en\/cultura\/filosofia\/la-ilustracion-oscura-nrx\/\" \/>\n<meta property=\"og:locale\" content=\"en_GB\" \/>\n<meta property=\"og:type\" content=\"article\" \/>\n<meta property=\"og:title\" content=\"LA ILUSTRACION OSCURA NRx - Tiempo de Tormentas\" \/>\n<meta property=\"og:description\" content=\"&nbsp; &nbsp; Si ya desde finales del S. XVII los fil\u00f3sofos ilustrados abogaban por la universalidad, la igualdad de oportunidades y la b\u00fasqueda del bien com\u00fan, este movimiento promueve exactamente la ant\u00edtesis: los\u00a0negacionismos, el supremacismo blanco y el respeto ciego a las jerarqu\u00edas sociales autoritarias. La\u00a0ilustraci\u00f3n oscura, o el\u00a0movimiento neorreaccionario, tambi\u00e9n conocido simplemente como\u00a0neorreacci\u00f3n\u00a0y abreviado\u00a0NRx\u00a0por [&hellip;]\" \/>\n<meta property=\"og:url\" content=\"https:\/\/tiempodetormentas.com\/en\/cultura\/filosofia\/la-ilustracion-oscura-nrx\/\" \/>\n<meta property=\"og:site_name\" content=\"Tiempo de Tormentas\" \/>\n<meta property=\"article:published_time\" content=\"2025-01-14T15:23:55+00:00\" \/>\n<meta property=\"og:image\" content=\"https:\/\/tiempodetormentas.com\/wp-content\/uploads\/2025\/01\/565721501.gif\" \/>\n\t<meta property=\"og:image:width\" content=\"225\" \/>\n\t<meta property=\"og:image:height\" content=\"387\" \/>\n\t<meta property=\"og:image:type\" content=\"image\/gif\" \/>\n<meta name=\"author\" content=\"Tiempo de Tormentas\" \/>\n<meta name=\"twitter:card\" content=\"summary_large_image\" \/>\n<meta name=\"twitter:label1\" content=\"Written by\" \/>\n\t<meta name=\"twitter:data1\" content=\"Tiempo de Tormentas\" \/>\n\t<meta name=\"twitter:label2\" content=\"Estimated reading time\" \/>\n\t<meta name=\"twitter:data2\" content=\"5 minutes\" \/>\n<script type=\"application\/ld+json\" class=\"yoast-schema-graph\">{\"@context\":\"https:\/\/schema.org\",\"@graph\":[{\"@type\":\"Article\",\"@id\":\"https:\/\/tiempodetormentas.com\/cultura\/filosofia\/la-ilustracion-oscura-nrx\/#article\",\"isPartOf\":{\"@id\":\"https:\/\/tiempodetormentas.com\/cultura\/filosofia\/la-ilustracion-oscura-nrx\/\"},\"author\":{\"name\":\"Tiempo de Tormentas\",\"@id\":\"https:\/\/tiempodetormentas.com\/#\/schema\/person\/f8c15d9e322a5a2a0529ae24c9bb4409\"},\"headline\":\"LA ILUSTRACION OSCURA NRx\",\"datePublished\":\"2025-01-14T15:23:55+00:00\",\"mainEntityOfPage\":{\"@id\":\"https:\/\/tiempodetormentas.com\/cultura\/filosofia\/la-ilustracion-oscura-nrx\/\"},\"wordCount\":787,\"commentCount\":3,\"publisher\":{\"@id\":\"https:\/\/tiempodetormentas.com\/#organization\"},\"image\":{\"@id\":\"https:\/\/tiempodetormentas.com\/cultura\/filosofia\/la-ilustracion-oscura-nrx\/#primaryimage\"},\"thumbnailUrl\":\"https:\/\/tiempodetormentas.com\/wp-content\/uploads\/2025\/01\/565721501.gif\",\"articleSection\":[\"Filosof\u00eda\"],\"inLanguage\":\"en-GB\",\"potentialAction\":[{\"@type\":\"CommentAction\",\"name\":\"Comment\",\"target\":[\"https:\/\/tiempodetormentas.com\/cultura\/filosofia\/la-ilustracion-oscura-nrx\/#respond\"]}]},{\"@type\":\"WebPage\",\"@id\":\"https:\/\/tiempodetormentas.com\/cultura\/filosofia\/la-ilustracion-oscura-nrx\/\",\"url\":\"https:\/\/tiempodetormentas.com\/cultura\/filosofia\/la-ilustracion-oscura-nrx\/\",\"name\":\"LA ILUSTRACION OSCURA NRx - Tiempo de Tormentas\",\"isPartOf\":{\"@id\":\"https:\/\/tiempodetormentas.com\/#website\"},\"primaryImageOfPage\":{\"@id\":\"https:\/\/tiempodetormentas.com\/cultura\/filosofia\/la-ilustracion-oscura-nrx\/#primaryimage\"},\"image\":{\"@id\":\"https:\/\/tiempodetormentas.com\/cultura\/filosofia\/la-ilustracion-oscura-nrx\/#primaryimage\"},\"thumbnailUrl\":\"https:\/\/tiempodetormentas.com\/wp-content\/uploads\/2025\/01\/565721501.gif\",\"datePublished\":\"2025-01-14T15:23:55+00:00\",\"breadcrumb\":{\"@id\":\"https:\/\/tiempodetormentas.com\/cultura\/filosofia\/la-ilustracion-oscura-nrx\/#breadcrumb\"},\"inLanguage\":\"en-GB\",\"potentialAction\":[{\"@type\":\"ReadAction\",\"target\":[\"https:\/\/tiempodetormentas.com\/cultura\/filosofia\/la-ilustracion-oscura-nrx\/\"]}]},{\"@type\":\"ImageObject\",\"inLanguage\":\"en-GB\",\"@id\":\"https:\/\/tiempodetormentas.com\/cultura\/filosofia\/la-ilustracion-oscura-nrx\/#primaryimage\",\"url\":\"https:\/\/tiempodetormentas.com\/wp-content\/uploads\/2025\/01\/565721501.gif\",\"contentUrl\":\"https:\/\/tiempodetormentas.com\/wp-content\/uploads\/2025\/01\/565721501.gif\",\"width\":225,\"height\":387},{\"@type\":\"BreadcrumbList\",\"@id\":\"https:\/\/tiempodetormentas.com\/cultura\/filosofia\/la-ilustracion-oscura-nrx\/#breadcrumb\",\"itemListElement\":[{\"@type\":\"ListItem\",\"position\":1,\"name\":\"Portada\",\"item\":\"https:\/\/tiempodetormentas.com\/\"},{\"@type\":\"ListItem\",\"position\":2,\"name\":\"LA ILUSTRACION OSCURA NRx\"}]},{\"@type\":\"WebSite\",\"@id\":\"https:\/\/tiempodetormentas.com\/#website\",\"url\":\"https:\/\/tiempodetormentas.com\/\",\"name\":\"Tiempo de Tormentas\",\"description\":\"Edita el club de la bruma\",\"publisher\":{\"@id\":\"https:\/\/tiempodetormentas.com\/#organization\"},\"potentialAction\":[{\"@type\":\"SearchAction\",\"target\":{\"@type\":\"EntryPoint\",\"urlTemplate\":\"https:\/\/tiempodetormentas.com\/?s={search_term_string}\"},\"query-input\":{\"@type\":\"PropertyValueSpecification\",\"valueRequired\":true,\"valueName\":\"search_term_string\"}}],\"inLanguage\":\"en-GB\"},{\"@type\":\"Organization\",\"@id\":\"https:\/\/tiempodetormentas.com\/#organization\",\"name\":\"Tiempo de Tormentas\",\"url\":\"https:\/\/tiempodetormentas.com\/\",\"logo\":{\"@type\":\"ImageObject\",\"inLanguage\":\"en-GB\",\"@id\":\"https:\/\/tiempodetormentas.com\/#\/schema\/logo\/image\/\",\"url\":\"https:\/\/tiempodetormentas.com\/wp-content\/uploads\/2022\/01\/tiempo-de-tormentas.png\",\"contentUrl\":\"https:\/\/tiempodetormentas.com\/wp-content\/uploads\/2022\/01\/tiempo-de-tormentas.png\",\"width\":448,\"height\":121,\"caption\":\"Tiempo de Tormentas\"},\"image\":{\"@id\":\"https:\/\/tiempodetormentas.com\/#\/schema\/logo\/image\/\"}},{\"@type\":\"Person\",\"@id\":\"https:\/\/tiempodetormentas.com\/#\/schema\/person\/f8c15d9e322a5a2a0529ae24c9bb4409\",\"name\":\"Tiempo de Tormentas\",\"image\":{\"@type\":\"ImageObject\",\"inLanguage\":\"en-GB\",\"@id\":\"https:\/\/tiempodetormentas.com\/#\/schema\/person\/image\/\",\"url\":\"https:\/\/secure.gravatar.com\/avatar\/41ab5f71e764337e074e1cc8a08a5205b1c5c846b93c75fefbe2bec43bc13ab8?s=96&d=mm&r=g\",\"contentUrl\":\"https:\/\/secure.gravatar.com\/avatar\/41ab5f71e764337e074e1cc8a08a5205b1c5c846b93c75fefbe2bec43bc13ab8?s=96&d=mm&r=g\",\"caption\":\"Tiempo de Tormentas\"},\"url\":\"https:\/\/tiempodetormentas.com\/en\/author\/tiempo\/\"}]}<\/script>\n<!-- \/ Yoast SEO plugin. -->","yoast_head_json":{"title":"LA ILUSTRACION OSCURA NRx - Tiempo de Tormentas","robots":{"index":"index","follow":"follow","max-snippet":"max-snippet:-1","max-image-preview":"max-image-preview:large","max-video-preview":"max-video-preview:-1"},"canonical":"https:\/\/tiempodetormentas.com\/en\/cultura\/filosofia\/la-ilustracion-oscura-nrx\/","og_locale":"en_GB","og_type":"article","og_title":"LA ILUSTRACION OSCURA NRx - Tiempo de Tormentas","og_description":"&nbsp; &nbsp; Si ya desde finales del S. XVII los fil\u00f3sofos ilustrados abogaban por la universalidad, la igualdad de oportunidades y la b\u00fasqueda del bien com\u00fan, este movimiento promueve exactamente la ant\u00edtesis: los\u00a0negacionismos, el supremacismo blanco y el respeto ciego a las jerarqu\u00edas sociales autoritarias. La\u00a0ilustraci\u00f3n oscura, o el\u00a0movimiento neorreaccionario, tambi\u00e9n conocido simplemente como\u00a0neorreacci\u00f3n\u00a0y abreviado\u00a0NRx\u00a0por [&hellip;]","og_url":"https:\/\/tiempodetormentas.com\/en\/cultura\/filosofia\/la-ilustracion-oscura-nrx\/","og_site_name":"Tiempo de Tormentas","article_published_time":"2025-01-14T15:23:55+00:00","og_image":[{"width":225,"height":387,"url":"https:\/\/tiempodetormentas.com\/wp-content\/uploads\/2025\/01\/565721501.gif","type":"image\/gif"}],"author":"Tiempo de Tormentas","twitter_card":"summary_large_image","twitter_misc":{"Written by":"Tiempo de Tormentas","Estimated reading time":"5 minutes"},"schema":{"@context":"https:\/\/schema.org","@graph":[{"@type":"Article","@id":"https:\/\/tiempodetormentas.com\/cultura\/filosofia\/la-ilustracion-oscura-nrx\/#article","isPartOf":{"@id":"https:\/\/tiempodetormentas.com\/cultura\/filosofia\/la-ilustracion-oscura-nrx\/"},"author":{"name":"Tiempo de Tormentas","@id":"https:\/\/tiempodetormentas.com\/#\/schema\/person\/f8c15d9e322a5a2a0529ae24c9bb4409"},"headline":"LA ILUSTRACION OSCURA NRx","datePublished":"2025-01-14T15:23:55+00:00","mainEntityOfPage":{"@id":"https:\/\/tiempodetormentas.com\/cultura\/filosofia\/la-ilustracion-oscura-nrx\/"},"wordCount":787,"commentCount":3,"publisher":{"@id":"https:\/\/tiempodetormentas.com\/#organization"},"image":{"@id":"https:\/\/tiempodetormentas.com\/cultura\/filosofia\/la-ilustracion-oscura-nrx\/#primaryimage"},"thumbnailUrl":"https:\/\/tiempodetormentas.com\/wp-content\/uploads\/2025\/01\/565721501.gif","articleSection":["Filosof\u00eda"],"inLanguage":"en-GB","potentialAction":[{"@type":"CommentAction","name":"Comment","target":["https:\/\/tiempodetormentas.com\/cultura\/filosofia\/la-ilustracion-oscura-nrx\/#respond"]}]},{"@type":"WebPage","@id":"https:\/\/tiempodetormentas.com\/cultura\/filosofia\/la-ilustracion-oscura-nrx\/","url":"https:\/\/tiempodetormentas.com\/cultura\/filosofia\/la-ilustracion-oscura-nrx\/","name":"LA ILUSTRACION OSCURA NRx - Tiempo de Tormentas","isPartOf":{"@id":"https:\/\/tiempodetormentas.com\/#website"},"primaryImageOfPage":{"@id":"https:\/\/tiempodetormentas.com\/cultura\/filosofia\/la-ilustracion-oscura-nrx\/#primaryimage"},"image":{"@id":"https:\/\/tiempodetormentas.com\/cultura\/filosofia\/la-ilustracion-oscura-nrx\/#primaryimage"},"thumbnailUrl":"https:\/\/tiempodetormentas.com\/wp-content\/uploads\/2025\/01\/565721501.gif","datePublished":"2025-01-14T15:23:55+00:00","breadcrumb":{"@id":"https:\/\/tiempodetormentas.com\/cultura\/filosofia\/la-ilustracion-oscura-nrx\/#breadcrumb"},"inLanguage":"en-GB","potentialAction":[{"@type":"ReadAction","target":["https:\/\/tiempodetormentas.com\/cultura\/filosofia\/la-ilustracion-oscura-nrx\/"]}]},{"@type":"ImageObject","inLanguage":"en-GB","@id":"https:\/\/tiempodetormentas.com\/cultura\/filosofia\/la-ilustracion-oscura-nrx\/#primaryimage","url":"https:\/\/tiempodetormentas.com\/wp-content\/uploads\/2025\/01\/565721501.gif","contentUrl":"https:\/\/tiempodetormentas.com\/wp-content\/uploads\/2025\/01\/565721501.gif","width":225,"height":387},{"@type":"BreadcrumbList","@id":"https:\/\/tiempodetormentas.com\/cultura\/filosofia\/la-ilustracion-oscura-nrx\/#breadcrumb","itemListElement":[{"@type":"ListItem","position":1,"name":"Portada","item":"https:\/\/tiempodetormentas.com\/"},{"@type":"ListItem","position":2,"name":"LA ILUSTRACION OSCURA NRx"}]},{"@type":"WebSite","@id":"https:\/\/tiempodetormentas.com\/#website","url":"https:\/\/tiempodetormentas.com\/","name":"Tiempo de Tormentas","description":"Edita el club de la bruma","publisher":{"@id":"https:\/\/tiempodetormentas.com\/#organization"},"potentialAction":[{"@type":"SearchAction","target":{"@type":"EntryPoint","urlTemplate":"https:\/\/tiempodetormentas.com\/?s={search_term_string}"},"query-input":{"@type":"PropertyValueSpecification","valueRequired":true,"valueName":"search_term_string"}}],"inLanguage":"en-GB"},{"@type":"Organization","@id":"https:\/\/tiempodetormentas.com\/#organization","name":"Tiempo de Tormentas","url":"https:\/\/tiempodetormentas.com\/","logo":{"@type":"ImageObject","inLanguage":"en-GB","@id":"https:\/\/tiempodetormentas.com\/#\/schema\/logo\/image\/","url":"https:\/\/tiempodetormentas.com\/wp-content\/uploads\/2022\/01\/tiempo-de-tormentas.png","contentUrl":"https:\/\/tiempodetormentas.com\/wp-content\/uploads\/2022\/01\/tiempo-de-tormentas.png","width":448,"height":121,"caption":"Tiempo de Tormentas"},"image":{"@id":"https:\/\/tiempodetormentas.com\/#\/schema\/logo\/image\/"}},{"@type":"Person","@id":"https:\/\/tiempodetormentas.com\/#\/schema\/person\/f8c15d9e322a5a2a0529ae24c9bb4409","name":"Tiempo de Tormentas","image":{"@type":"ImageObject","inLanguage":"en-GB","@id":"https:\/\/tiempodetormentas.com\/#\/schema\/person\/image\/","url":"https:\/\/secure.gravatar.com\/avatar\/41ab5f71e764337e074e1cc8a08a5205b1c5c846b93c75fefbe2bec43bc13ab8?s=96&d=mm&r=g","contentUrl":"https:\/\/secure.gravatar.com\/avatar\/41ab5f71e764337e074e1cc8a08a5205b1c5c846b93c75fefbe2bec43bc13ab8?s=96&d=mm&r=g","caption":"Tiempo de Tormentas"},"url":"https:\/\/tiempodetormentas.com\/en\/author\/tiempo\/"}]}},"_links":{"self":[{"href":"https:\/\/tiempodetormentas.com\/en\/wp-json\/wp\/v2\/posts\/1086","targetHints":{"allow":["GET"]}}],"collection":[{"href":"https:\/\/tiempodetormentas.com\/en\/wp-json\/wp\/v2\/posts"}],"about":[{"href":"https:\/\/tiempodetormentas.com\/en\/wp-json\/wp\/v2\/types\/post"}],"author":[{"embeddable":true,"href":"https:\/\/tiempodetormentas.com\/en\/wp-json\/wp\/v2\/users\/8"}],"replies":[{"embeddable":true,"href":"https:\/\/tiempodetormentas.com\/en\/wp-json\/wp\/v2\/comments?post=1086"}],"version-history":[{"count":1,"href":"https:\/\/tiempodetormentas.com\/en\/wp-json\/wp\/v2\/posts\/1086\/revisions"}],"predecessor-version":[{"id":1088,"href":"https:\/\/tiempodetormentas.com\/en\/wp-json\/wp\/v2\/posts\/1086\/revisions\/1088"}],"wp:featuredmedia":[{"embeddable":true,"href":"https:\/\/tiempodetormentas.com\/en\/wp-json\/wp\/v2\/media\/1087"}],"wp:attachment":[{"href":"https:\/\/tiempodetormentas.com\/en\/wp-json\/wp\/v2\/media?parent=1086"}],"wp:term":[{"taxonomy":"category","embeddable":true,"href":"https:\/\/tiempodetormentas.com\/en\/wp-json\/wp\/v2\/categories?post=1086"},{"taxonomy":"post_tag","embeddable":true,"href":"https:\/\/tiempodetormentas.com\/en\/wp-json\/wp\/v2\/tags?post=1086"}],"curies":[{"name":"wp","href":"https:\/\/api.w.org\/{rel}","templated":true}]}}