{"id":1047,"date":"2025-01-09T23:24:25","date_gmt":"2025-01-09T23:24:25","guid":{"rendered":"https:\/\/tiempodetormentas.com\/?p=1047"},"modified":"2025-03-01T18:15:26","modified_gmt":"2025-03-01T18:15:26","slug":"concierto-homenaje-a-murfy-en-lavapies","status":"publish","type":"post","link":"https:\/\/tiempodetormentas.com\/en\/cartelera\/concierto-homenaje-a-murfy-en-lavapies\/","title":{"rendered":"CONCIERTO HOMENAJE A MURFY EN LAVAPIES"},"content":{"rendered":"<p><img loading=\"lazy\" decoding=\"async\" class=\"aligncenter size-full wp-image-1053\" src=\"https:\/\/tiempodetormentas.com\/wp-content\/uploads\/2025\/01\/464092891_9196874347007740_8369932146094140825_n.jpg\" alt=\"\" width=\"960\" height=\"960\" srcset=\"https:\/\/tiempodetormentas.com\/wp-content\/uploads\/2025\/01\/464092891_9196874347007740_8369932146094140825_n.jpg 960w, https:\/\/tiempodetormentas.com\/wp-content\/uploads\/2025\/01\/464092891_9196874347007740_8369932146094140825_n-300x300.jpg 300w, https:\/\/tiempodetormentas.com\/wp-content\/uploads\/2025\/01\/464092891_9196874347007740_8369932146094140825_n-150x150.jpg 150w, https:\/\/tiempodetormentas.com\/wp-content\/uploads\/2025\/01\/464092891_9196874347007740_8369932146094140825_n-768x768.jpg 768w, https:\/\/tiempodetormentas.com\/wp-content\/uploads\/2025\/01\/464092891_9196874347007740_8369932146094140825_n-420x420.jpg 420w, https:\/\/tiempodetormentas.com\/wp-content\/uploads\/2025\/01\/464092891_9196874347007740_8369932146094140825_n-696x696.jpg 696w\" sizes=\"auto, (max-width: 960px) 100vw, 960px\" \/><\/p>\n<p><em>Murfy y Diego Ar\u00f3ca : \u00abLas M\u00e1gicas Palas\u00bb<\/em><\/p>\n<p><strong>EMOTIVO Y GRAN ACTO EN HOMENAJE A MURFY, UNA DE LAS GRANDES FIGURAS DEL ROCK MADRILE\u00d1O<\/strong><\/p>\n<p>Ya a principios de los a\u00f1os 80, por la calle Valverde d\u00f3nde se encontraba la m\u00edtica Sala de Concierto <strong>El Y\u00b4ASTA,\u00a0<\/strong>andaban tocando en su escenario el\u00a0<strong>Y\u00c1STA LA TRUP<\/strong>,\u00a0<strong>LOS TOREROS MUERTOS, CARLITOS BERLANGA&#8230;\u00a0<\/strong>incendiaban cada fin de semana hasta romper el alba del cielo nocturno de la Gran V\u00eda Madrile\u00f1a sin que la energ\u00eda se agotar\u00e1 ni las copas se secaran, ni los pies se quedaran quietos cuando al fondo de la sala aparec\u00eda con una doble canana llena de arm\u00f3nicas un aut\u00e9ntico talento de la m\u00fasica del blues y del rock, \u00c1ngel Le\u00f3n S\u00e1nchez, <strong>el MURFY.<\/strong><\/p>\n<p>Le han cedido espacio en el escenario entre otros m\u00edticos de la noche <strong>Mani Moure<\/strong> , <strong>Pablo Carbonell<\/strong> y el irrepetible <strong>Pedro Reyes<\/strong> que ,al terminar sus mon\u00f3logos, si el Murfy aparec\u00eda ya le provocaba desde la escena para que subiera con sus arm\u00f3nicas a tocar a la tarima aclamado siempre por ese gran y singular p\u00fablico que conformaba la movida madrile\u00f1a.<\/p>\n<p>Eran los tiempos de la bola de cristal con <strong>Lolo Rico<\/strong>, de <strong>Macnamara<\/strong> y <strong>Pedro Almodovar<\/strong> cantando aquello de \u00abladillas amor de alcantarillas\u00bb en el Morocco, de la redacci\u00f3n que ten\u00edamos en aquel Chalet de la calle Pintor Moreno Carbonero, al lado del metro de Cartagena y de Avenida de Am\u00e9rica, de nuestra revista\u00a0<strong>LA LUNA\u00a0<\/strong>de Madrid, de los carteles de <strong>Cessepe<\/strong> y de los libros de ediciones <strong>LIBERTARIAS<\/strong> que editaba nuestro <strong>Antonio Huerga<\/strong>.<\/p>\n<p>Y en todos los embolados estaba <strong>MURFY<\/strong>, sus arm\u00f3nicas, su condici\u00f3n de m\u00fasico maldito \u00fanicamente comparable a la de nuestro poeta y amigo tambi\u00e9n maldito <strong>Leopoldo Mar\u00eda Panero<\/strong>, ambos genios, los dos maldit\u00edsimos, e igualmente de imprevisibles.<\/p>\n<p>Ha hecho vibrar Lavapi\u00e9s junto a <strong>LOS PIRATONES<\/strong>\u00a0que tocaran en <strong>El Dore<\/strong> y en <strong>El Tasco del Blues<\/strong>, en el garito maravilloso de <strong>Hosteler\u00eda y Espect\u00e1culos<\/strong><\/p>\n<p>Madrid se lo debe. Y lo sabemos todos los que nos ha movido y nos mueve esa movida de un Madrid que no termina y nos sorprende.<\/p>\n<p>Se lo debe Madrid a \u00e9l y a todos los m\u00fasicos rockeros de las noches del Madrid Centro, pues ellos han producido la mejor m\u00fasica de blues y rock que con mucha diferencia se haya hecho ni de lejos nunca en este pa\u00eds. Se lo debemos a <strong>Murfy<\/strong> como se lo debemos a <strong>Carolo<\/strong> el lider Pirat\u00f3n o al <strong>Carlos Blues<\/strong>; y digo \u00abal\u00bb con ese orgullo del argot que da ser lo mejor que se puede ser : chico de barrio.<\/p>\n<p>De genialidad en genialidad saltaba <strong>MURFY<\/strong> hasta aterrizar en los ojos despiertos de otro irrepetible de la M\u00fasica, <strong>Diego Ar\u00f3ca<\/strong>. Y con ese encuentro aparece los muy recomendables temas y conciertos de <strong>Planeta Fritanga<\/strong> primero y del extraordinario d\u00fao de <strong>Diego&amp;Murfy<\/strong> con Murfy de voz y arm\u00f3nicas, Diego de Coros y Guitarras, creado en el <strong>AliFanFar\u00f3n<\/strong>. De ah\u00ed a <strong>Las M\u00e1gicas Palas<\/strong>. Memorable banda y de excelentes resultados con las qu grabaron un primer CD y tocando casi a diario en Madrid y alrededores.<\/p>\n<p><img loading=\"lazy\" decoding=\"async\" class=\"aligncenter size-full wp-image-1051\" src=\"https:\/\/tiempodetormentas.com\/wp-content\/uploads\/2025\/01\/00.jpeg\" alt=\"\" width=\"500\" height=\"451\" srcset=\"https:\/\/tiempodetormentas.com\/wp-content\/uploads\/2025\/01\/00.jpeg 500w, https:\/\/tiempodetormentas.com\/wp-content\/uploads\/2025\/01\/00-300x271.jpeg 300w, https:\/\/tiempodetormentas.com\/wp-content\/uploads\/2025\/01\/00-466x420.jpeg 466w, https:\/\/tiempodetormentas.com\/wp-content\/uploads\/2025\/01\/00-150x135.jpeg 150w\" sizes=\"auto, (max-width: 500px) 100vw, 500px\" \/><\/p>\n<p>Tuvo tanto \u00e9xito la formaci\u00f3n que los conciertos empezaron a saltar por toda Espa\u00f1a, a saber, Galicia, Pa\u00eds Vasco, C\u00e1diz, Sevilla &#8230;<\/p>\n<p>Gritos rasgados y con acordes callejeros, c\u00f3mo dice un articulo de la \u00e9poca \u00abAl gran Murfy\u00a0 se le cae la garganta al suelo &#8230; Han logrado entrelazar los ritmos de locomotora&#8230; El perro refresca los viejos acordes con sones africanos, inventa los colores al aire con las pinceladas del <strong>Gran Murfy\u00a0<\/strong>&#8230; vac\u00eda trenes con la arm\u00f3nica, ara\u00f1a la luz contra los fantasmas del alma y soplan huracanes. De su garganta brota la magia como un abismo al que caes en algo demasiado aut\u00e9ntico.<\/p>\n<p><img loading=\"lazy\" decoding=\"async\" class=\"aligncenter size-full wp-image-1058\" src=\"https:\/\/tiempodetormentas.com\/wp-content\/uploads\/2025\/01\/fot_palas_big-1.jpg\" alt=\"\" width=\"460\" height=\"260\" srcset=\"https:\/\/tiempodetormentas.com\/wp-content\/uploads\/2025\/01\/fot_palas_big-1.jpg 460w, https:\/\/tiempodetormentas.com\/wp-content\/uploads\/2025\/01\/fot_palas_big-1-300x170.jpg 300w, https:\/\/tiempodetormentas.com\/wp-content\/uploads\/2025\/01\/fot_palas_big-1-150x85.jpg 150w\" sizes=\"auto, (max-width: 460px) 100vw, 460px\" \/><\/p>\n<p>&nbsp;<\/p>\n<p>Murfy es esencial, tan esencial como Neptuno o la Cibeles en Madrid. Palabra de vividor. Y las hadas y Elfos de Madrid lo saben y sus amigos y p\u00fablico, tanto que le han organizado este gran homenaje.<\/p>\n<p>&nbsp;<\/p>\n<p><strong>Ram\u00f3n Llorente, Ray<\/strong><\/p>\n<p>colaborador fijo durante la Movida de <strong>LA LUNA de Madrid<\/strong><\/p>\n<p>&nbsp;<\/p>\n<p>&nbsp;<\/p>\n<p><img loading=\"lazy\" decoding=\"async\" class=\"aligncenter size-full wp-image-1049\" src=\"https:\/\/tiempodetormentas.com\/wp-content\/uploads\/2025\/01\/MURFI.jpg\" alt=\"\" width=\"1024\" height=\"1600\" srcset=\"https:\/\/tiempodetormentas.com\/wp-content\/uploads\/2025\/01\/MURFI.jpg 1024w, https:\/\/tiempodetormentas.com\/wp-content\/uploads\/2025\/01\/MURFI-192x300.jpg 192w, https:\/\/tiempodetormentas.com\/wp-content\/uploads\/2025\/01\/MURFI-655x1024.jpg 655w, https:\/\/tiempodetormentas.com\/wp-content\/uploads\/2025\/01\/MURFI-768x1200.jpg 768w, https:\/\/tiempodetormentas.com\/wp-content\/uploads\/2025\/01\/MURFI-983x1536.jpg 983w, https:\/\/tiempodetormentas.com\/wp-content\/uploads\/2025\/01\/MURFI-269x420.jpg 269w, https:\/\/tiempodetormentas.com\/wp-content\/uploads\/2025\/01\/MURFI-150x234.jpg 150w, https:\/\/tiempodetormentas.com\/wp-content\/uploads\/2025\/01\/MURFI-300x469.jpg 300w, https:\/\/tiempodetormentas.com\/wp-content\/uploads\/2025\/01\/MURFI-696x1088.jpg 696w\" sizes=\"auto, (max-width: 1024px) 100vw, 1024px\" \/> <strong>DOMINGO 26 DE ENERO A LAS 17.30H hasta las 22.00H, en la Sala El Juglar c\/ Lavapi\u00e9s 37 Madrid 280012. Entrada Libre<\/strong><\/p>\n<p><img loading=\"lazy\" decoding=\"async\" class=\"aligncenter size-full wp-image-1054\" src=\"https:\/\/tiempodetormentas.com\/wp-content\/uploads\/2025\/01\/sala-juglar-1513014600.25-scaled.jpg\" alt=\"\" width=\"2560\" height=\"1265\" srcset=\"https:\/\/tiempodetormentas.com\/wp-content\/uploads\/2025\/01\/sala-juglar-1513014600.25-scaled.jpg 2560w, https:\/\/tiempodetormentas.com\/wp-content\/uploads\/2025\/01\/sala-juglar-1513014600.25-300x148.jpg 300w, https:\/\/tiempodetormentas.com\/wp-content\/uploads\/2025\/01\/sala-juglar-1513014600.25-1024x506.jpg 1024w, https:\/\/tiempodetormentas.com\/wp-content\/uploads\/2025\/01\/sala-juglar-1513014600.25-768x379.jpg 768w, https:\/\/tiempodetormentas.com\/wp-content\/uploads\/2025\/01\/sala-juglar-1513014600.25-1536x759.jpg 1536w, https:\/\/tiempodetormentas.com\/wp-content\/uploads\/2025\/01\/sala-juglar-1513014600.25-2048x1012.jpg 2048w, https:\/\/tiempodetormentas.com\/wp-content\/uploads\/2025\/01\/sala-juglar-1513014600.25-850x420.jpg 850w, https:\/\/tiempodetormentas.com\/wp-content\/uploads\/2025\/01\/sala-juglar-1513014600.25-150x74.jpg 150w, https:\/\/tiempodetormentas.com\/wp-content\/uploads\/2025\/01\/sala-juglar-1513014600.25-696x344.jpg 696w, https:\/\/tiempodetormentas.com\/wp-content\/uploads\/2025\/01\/sala-juglar-1513014600.25-1068x528.jpg 1068w, https:\/\/tiempodetormentas.com\/wp-content\/uploads\/2025\/01\/sala-juglar-1513014600.25-1920x949.jpg 1920w\" sizes=\"auto, (max-width: 2560px) 100vw, 2560px\" \/><\/p>","protected":false},"excerpt":{"rendered":"<p>Murfy y Diego Ar\u00f3ca : \u00abLas M\u00e1gicas Palas\u00bb EMOTIVO Y GRAN ACTO EN HOMENAJE A MURFY, UNA DE LAS GRANDES FIGURAS DEL ROCK MADRILE\u00d1O Ya a principios de los a\u00f1os 80, por la calle Valverde d\u00f3nde se encontraba la m\u00edtica Sala de Concierto El Y\u00b4ASTA,\u00a0andaban tocando en su escenario el\u00a0Y\u00c1STA LA TRUP,\u00a0LOS TOREROS MUERTOS, CARLITOS [&hellip;]<\/p>","protected":false},"author":1,"featured_media":1052,"comment_status":"open","ping_status":"open","sticky":true,"template":"","format":"standard","meta":{"footnotes":""},"categories":[8,27],"tags":[],"class_list":{"0":"post-1047","1":"post","2":"type-post","3":"status-publish","4":"format-standard","5":"has-post-thumbnail","7":"category-cartelera","8":"category-musica"},"yoast_head":"<!-- This site is optimized with the Yoast SEO plugin v26.2 - https:\/\/yoast.com\/wordpress\/plugins\/seo\/ -->\n<title>CONCIERTO HOMENAJE A MURFY EN LAVAPIES - Tiempo de Tormentas<\/title>\n<meta name=\"robots\" content=\"index, follow, max-snippet:-1, max-image-preview:large, max-video-preview:-1\" \/>\n<link rel=\"canonical\" href=\"https:\/\/tiempodetormentas.com\/en\/cartelera\/concierto-homenaje-a-murfy-en-lavapies\/\" \/>\n<meta property=\"og:locale\" content=\"en_GB\" \/>\n<meta property=\"og:type\" content=\"article\" \/>\n<meta property=\"og:title\" content=\"CONCIERTO HOMENAJE A MURFY EN LAVAPIES - Tiempo de Tormentas\" \/>\n<meta property=\"og:description\" content=\"Murfy y Diego Ar\u00f3ca : \u00abLas M\u00e1gicas Palas\u00bb EMOTIVO Y GRAN ACTO EN HOMENAJE A MURFY, UNA DE LAS GRANDES FIGURAS DEL ROCK MADRILE\u00d1O Ya a principios de los a\u00f1os 80, por la calle Valverde d\u00f3nde se encontraba la m\u00edtica Sala de Concierto El Y\u00b4ASTA,\u00a0andaban tocando en su escenario el\u00a0Y\u00c1STA LA TRUP,\u00a0LOS TOREROS MUERTOS, CARLITOS [&hellip;]\" \/>\n<meta property=\"og:url\" content=\"https:\/\/tiempodetormentas.com\/en\/cartelera\/concierto-homenaje-a-murfy-en-lavapies\/\" \/>\n<meta property=\"og:site_name\" content=\"Tiempo de Tormentas\" \/>\n<meta property=\"article:published_time\" content=\"2025-01-09T23:24:25+00:00\" \/>\n<meta property=\"article:modified_time\" content=\"2025-03-01T18:15:26+00:00\" \/>\n<meta property=\"og:image\" content=\"https:\/\/tiempodetormentas.com\/wp-content\/uploads\/2025\/01\/images-4.jpeg\" \/>\n\t<meta property=\"og:image:width\" content=\"225\" \/>\n\t<meta property=\"og:image:height\" content=\"225\" \/>\n\t<meta property=\"og:image:type\" content=\"image\/jpeg\" \/>\n<meta name=\"author\" content=\"Ray Lorens\" \/>\n<meta name=\"twitter:card\" content=\"summary_large_image\" \/>\n<meta name=\"twitter:label1\" content=\"Written by\" \/>\n\t<meta name=\"twitter:data1\" content=\"Ray Lorens\" \/>\n\t<meta name=\"twitter:label2\" content=\"Estimated reading time\" \/>\n\t<meta name=\"twitter:data2\" content=\"5 minutes\" \/>\n<script type=\"application\/ld+json\" class=\"yoast-schema-graph\">{\"@context\":\"https:\/\/schema.org\",\"@graph\":[{\"@type\":\"Article\",\"@id\":\"https:\/\/tiempodetormentas.com\/cartelera\/concierto-homenaje-a-murfy-en-lavapies\/#article\",\"isPartOf\":{\"@id\":\"https:\/\/tiempodetormentas.com\/cartelera\/concierto-homenaje-a-murfy-en-lavapies\/\"},\"author\":{\"name\":\"Ray Lorens\",\"@id\":\"https:\/\/tiempodetormentas.com\/#\/schema\/person\/7e59b0ab3f525f413b127a9f2727eee7\"},\"headline\":\"CONCIERTO HOMENAJE A MURFY EN LAVAPIES\",\"datePublished\":\"2025-01-09T23:24:25+00:00\",\"dateModified\":\"2025-03-01T18:15:26+00:00\",\"mainEntityOfPage\":{\"@id\":\"https:\/\/tiempodetormentas.com\/cartelera\/concierto-homenaje-a-murfy-en-lavapies\/\"},\"wordCount\":754,\"commentCount\":3,\"publisher\":{\"@id\":\"https:\/\/tiempodetormentas.com\/#organization\"},\"image\":{\"@id\":\"https:\/\/tiempodetormentas.com\/cartelera\/concierto-homenaje-a-murfy-en-lavapies\/#primaryimage\"},\"thumbnailUrl\":\"https:\/\/tiempodetormentas.com\/wp-content\/uploads\/2025\/01\/images-4.jpeg\",\"articleSection\":[\"Cartelera\",\"M\u00fasica\"],\"inLanguage\":\"en-GB\",\"potentialAction\":[{\"@type\":\"CommentAction\",\"name\":\"Comment\",\"target\":[\"https:\/\/tiempodetormentas.com\/cartelera\/concierto-homenaje-a-murfy-en-lavapies\/#respond\"]}]},{\"@type\":\"WebPage\",\"@id\":\"https:\/\/tiempodetormentas.com\/cartelera\/concierto-homenaje-a-murfy-en-lavapies\/\",\"url\":\"https:\/\/tiempodetormentas.com\/cartelera\/concierto-homenaje-a-murfy-en-lavapies\/\",\"name\":\"CONCIERTO HOMENAJE A MURFY EN LAVAPIES - Tiempo de Tormentas\",\"isPartOf\":{\"@id\":\"https:\/\/tiempodetormentas.com\/#website\"},\"primaryImageOfPage\":{\"@id\":\"https:\/\/tiempodetormentas.com\/cartelera\/concierto-homenaje-a-murfy-en-lavapies\/#primaryimage\"},\"image\":{\"@id\":\"https:\/\/tiempodetormentas.com\/cartelera\/concierto-homenaje-a-murfy-en-lavapies\/#primaryimage\"},\"thumbnailUrl\":\"https:\/\/tiempodetormentas.com\/wp-content\/uploads\/2025\/01\/images-4.jpeg\",\"datePublished\":\"2025-01-09T23:24:25+00:00\",\"dateModified\":\"2025-03-01T18:15:26+00:00\",\"breadcrumb\":{\"@id\":\"https:\/\/tiempodetormentas.com\/cartelera\/concierto-homenaje-a-murfy-en-lavapies\/#breadcrumb\"},\"inLanguage\":\"en-GB\",\"potentialAction\":[{\"@type\":\"ReadAction\",\"target\":[\"https:\/\/tiempodetormentas.com\/cartelera\/concierto-homenaje-a-murfy-en-lavapies\/\"]}]},{\"@type\":\"ImageObject\",\"inLanguage\":\"en-GB\",\"@id\":\"https:\/\/tiempodetormentas.com\/cartelera\/concierto-homenaje-a-murfy-en-lavapies\/#primaryimage\",\"url\":\"https:\/\/tiempodetormentas.com\/wp-content\/uploads\/2025\/01\/images-4.jpeg\",\"contentUrl\":\"https:\/\/tiempodetormentas.com\/wp-content\/uploads\/2025\/01\/images-4.jpeg\",\"width\":225,\"height\":225},{\"@type\":\"BreadcrumbList\",\"@id\":\"https:\/\/tiempodetormentas.com\/cartelera\/concierto-homenaje-a-murfy-en-lavapies\/#breadcrumb\",\"itemListElement\":[{\"@type\":\"ListItem\",\"position\":1,\"name\":\"Portada\",\"item\":\"https:\/\/tiempodetormentas.com\/\"},{\"@type\":\"ListItem\",\"position\":2,\"name\":\"CONCIERTO HOMENAJE A MURFY EN LAVAPIES\"}]},{\"@type\":\"WebSite\",\"@id\":\"https:\/\/tiempodetormentas.com\/#website\",\"url\":\"https:\/\/tiempodetormentas.com\/\",\"name\":\"Tiempo de Tormentas\",\"description\":\"Edita el club de la bruma\",\"publisher\":{\"@id\":\"https:\/\/tiempodetormentas.com\/#organization\"},\"potentialAction\":[{\"@type\":\"SearchAction\",\"target\":{\"@type\":\"EntryPoint\",\"urlTemplate\":\"https:\/\/tiempodetormentas.com\/?s={search_term_string}\"},\"query-input\":{\"@type\":\"PropertyValueSpecification\",\"valueRequired\":true,\"valueName\":\"search_term_string\"}}],\"inLanguage\":\"en-GB\"},{\"@type\":\"Organization\",\"@id\":\"https:\/\/tiempodetormentas.com\/#organization\",\"name\":\"Tiempo de Tormentas\",\"url\":\"https:\/\/tiempodetormentas.com\/\",\"logo\":{\"@type\":\"ImageObject\",\"inLanguage\":\"en-GB\",\"@id\":\"https:\/\/tiempodetormentas.com\/#\/schema\/logo\/image\/\",\"url\":\"https:\/\/tiempodetormentas.com\/wp-content\/uploads\/2022\/01\/tiempo-de-tormentas.png\",\"contentUrl\":\"https:\/\/tiempodetormentas.com\/wp-content\/uploads\/2022\/01\/tiempo-de-tormentas.png\",\"width\":448,\"height\":121,\"caption\":\"Tiempo de Tormentas\"},\"image\":{\"@id\":\"https:\/\/tiempodetormentas.com\/#\/schema\/logo\/image\/\"}},{\"@type\":\"Person\",\"@id\":\"https:\/\/tiempodetormentas.com\/#\/schema\/person\/7e59b0ab3f525f413b127a9f2727eee7\",\"name\":\"Ray Lorens\",\"image\":{\"@type\":\"ImageObject\",\"inLanguage\":\"en-GB\",\"@id\":\"https:\/\/tiempodetormentas.com\/#\/schema\/person\/image\/\",\"url\":\"https:\/\/secure.gravatar.com\/avatar\/455622daf1ca0bf2f3b43adae4fc14ec90d08bdcfdbfc9c5f24527bb1d711a5a?s=96&d=mm&r=g\",\"contentUrl\":\"https:\/\/secure.gravatar.com\/avatar\/455622daf1ca0bf2f3b43adae4fc14ec90d08bdcfdbfc9c5f24527bb1d711a5a?s=96&d=mm&r=g\",\"caption\":\"Ray Lorens\"},\"description\":\"cineasta, escritor, periodista\",\"sameAs\":[\"https:\/\/tiempodetormentas.com\"],\"url\":\"https:\/\/tiempodetormentas.com\/en\/author\/ray\/\"}]}<\/script>\n<!-- \/ Yoast SEO plugin. -->","yoast_head_json":{"title":"CONCIERTO HOMENAJE A MURFY EN LAVAPIES - Tiempo de Tormentas","robots":{"index":"index","follow":"follow","max-snippet":"max-snippet:-1","max-image-preview":"max-image-preview:large","max-video-preview":"max-video-preview:-1"},"canonical":"https:\/\/tiempodetormentas.com\/en\/cartelera\/concierto-homenaje-a-murfy-en-lavapies\/","og_locale":"en_GB","og_type":"article","og_title":"CONCIERTO HOMENAJE A MURFY EN LAVAPIES - Tiempo de Tormentas","og_description":"Murfy y Diego Ar\u00f3ca : \u00abLas M\u00e1gicas Palas\u00bb EMOTIVO Y GRAN ACTO EN HOMENAJE A MURFY, UNA DE LAS GRANDES FIGURAS DEL ROCK MADRILE\u00d1O Ya a principios de los a\u00f1os 80, por la calle Valverde d\u00f3nde se encontraba la m\u00edtica Sala de Concierto El Y\u00b4ASTA,\u00a0andaban tocando en su escenario el\u00a0Y\u00c1STA LA TRUP,\u00a0LOS TOREROS MUERTOS, CARLITOS [&hellip;]","og_url":"https:\/\/tiempodetormentas.com\/en\/cartelera\/concierto-homenaje-a-murfy-en-lavapies\/","og_site_name":"Tiempo de Tormentas","article_published_time":"2025-01-09T23:24:25+00:00","article_modified_time":"2025-03-01T18:15:26+00:00","og_image":[{"width":225,"height":225,"url":"https:\/\/tiempodetormentas.com\/wp-content\/uploads\/2025\/01\/images-4.jpeg","type":"image\/jpeg"}],"author":"Ray Lorens","twitter_card":"summary_large_image","twitter_misc":{"Written by":"Ray Lorens","Estimated reading time":"5 minutes"},"schema":{"@context":"https:\/\/schema.org","@graph":[{"@type":"Article","@id":"https:\/\/tiempodetormentas.com\/cartelera\/concierto-homenaje-a-murfy-en-lavapies\/#article","isPartOf":{"@id":"https:\/\/tiempodetormentas.com\/cartelera\/concierto-homenaje-a-murfy-en-lavapies\/"},"author":{"name":"Ray Lorens","@id":"https:\/\/tiempodetormentas.com\/#\/schema\/person\/7e59b0ab3f525f413b127a9f2727eee7"},"headline":"CONCIERTO HOMENAJE A MURFY EN LAVAPIES","datePublished":"2025-01-09T23:24:25+00:00","dateModified":"2025-03-01T18:15:26+00:00","mainEntityOfPage":{"@id":"https:\/\/tiempodetormentas.com\/cartelera\/concierto-homenaje-a-murfy-en-lavapies\/"},"wordCount":754,"commentCount":3,"publisher":{"@id":"https:\/\/tiempodetormentas.com\/#organization"},"image":{"@id":"https:\/\/tiempodetormentas.com\/cartelera\/concierto-homenaje-a-murfy-en-lavapies\/#primaryimage"},"thumbnailUrl":"https:\/\/tiempodetormentas.com\/wp-content\/uploads\/2025\/01\/images-4.jpeg","articleSection":["Cartelera","M\u00fasica"],"inLanguage":"en-GB","potentialAction":[{"@type":"CommentAction","name":"Comment","target":["https:\/\/tiempodetormentas.com\/cartelera\/concierto-homenaje-a-murfy-en-lavapies\/#respond"]}]},{"@type":"WebPage","@id":"https:\/\/tiempodetormentas.com\/cartelera\/concierto-homenaje-a-murfy-en-lavapies\/","url":"https:\/\/tiempodetormentas.com\/cartelera\/concierto-homenaje-a-murfy-en-lavapies\/","name":"CONCIERTO HOMENAJE A MURFY EN LAVAPIES - Tiempo de Tormentas","isPartOf":{"@id":"https:\/\/tiempodetormentas.com\/#website"},"primaryImageOfPage":{"@id":"https:\/\/tiempodetormentas.com\/cartelera\/concierto-homenaje-a-murfy-en-lavapies\/#primaryimage"},"image":{"@id":"https:\/\/tiempodetormentas.com\/cartelera\/concierto-homenaje-a-murfy-en-lavapies\/#primaryimage"},"thumbnailUrl":"https:\/\/tiempodetormentas.com\/wp-content\/uploads\/2025\/01\/images-4.jpeg","datePublished":"2025-01-09T23:24:25+00:00","dateModified":"2025-03-01T18:15:26+00:00","breadcrumb":{"@id":"https:\/\/tiempodetormentas.com\/cartelera\/concierto-homenaje-a-murfy-en-lavapies\/#breadcrumb"},"inLanguage":"en-GB","potentialAction":[{"@type":"ReadAction","target":["https:\/\/tiempodetormentas.com\/cartelera\/concierto-homenaje-a-murfy-en-lavapies\/"]}]},{"@type":"ImageObject","inLanguage":"en-GB","@id":"https:\/\/tiempodetormentas.com\/cartelera\/concierto-homenaje-a-murfy-en-lavapies\/#primaryimage","url":"https:\/\/tiempodetormentas.com\/wp-content\/uploads\/2025\/01\/images-4.jpeg","contentUrl":"https:\/\/tiempodetormentas.com\/wp-content\/uploads\/2025\/01\/images-4.jpeg","width":225,"height":225},{"@type":"BreadcrumbList","@id":"https:\/\/tiempodetormentas.com\/cartelera\/concierto-homenaje-a-murfy-en-lavapies\/#breadcrumb","itemListElement":[{"@type":"ListItem","position":1,"name":"Portada","item":"https:\/\/tiempodetormentas.com\/"},{"@type":"ListItem","position":2,"name":"CONCIERTO HOMENAJE A MURFY EN LAVAPIES"}]},{"@type":"WebSite","@id":"https:\/\/tiempodetormentas.com\/#website","url":"https:\/\/tiempodetormentas.com\/","name":"Tiempo de Tormentas","description":"Edita el club de la bruma","publisher":{"@id":"https:\/\/tiempodetormentas.com\/#organization"},"potentialAction":[{"@type":"SearchAction","target":{"@type":"EntryPoint","urlTemplate":"https:\/\/tiempodetormentas.com\/?s={search_term_string}"},"query-input":{"@type":"PropertyValueSpecification","valueRequired":true,"valueName":"search_term_string"}}],"inLanguage":"en-GB"},{"@type":"Organization","@id":"https:\/\/tiempodetormentas.com\/#organization","name":"Tiempo de Tormentas","url":"https:\/\/tiempodetormentas.com\/","logo":{"@type":"ImageObject","inLanguage":"en-GB","@id":"https:\/\/tiempodetormentas.com\/#\/schema\/logo\/image\/","url":"https:\/\/tiempodetormentas.com\/wp-content\/uploads\/2022\/01\/tiempo-de-tormentas.png","contentUrl":"https:\/\/tiempodetormentas.com\/wp-content\/uploads\/2022\/01\/tiempo-de-tormentas.png","width":448,"height":121,"caption":"Tiempo de Tormentas"},"image":{"@id":"https:\/\/tiempodetormentas.com\/#\/schema\/logo\/image\/"}},{"@type":"Person","@id":"https:\/\/tiempodetormentas.com\/#\/schema\/person\/7e59b0ab3f525f413b127a9f2727eee7","name":"Ray Lorens","image":{"@type":"ImageObject","inLanguage":"en-GB","@id":"https:\/\/tiempodetormentas.com\/#\/schema\/person\/image\/","url":"https:\/\/secure.gravatar.com\/avatar\/455622daf1ca0bf2f3b43adae4fc14ec90d08bdcfdbfc9c5f24527bb1d711a5a?s=96&d=mm&r=g","contentUrl":"https:\/\/secure.gravatar.com\/avatar\/455622daf1ca0bf2f3b43adae4fc14ec90d08bdcfdbfc9c5f24527bb1d711a5a?s=96&d=mm&r=g","caption":"Ray Lorens"},"description":"cineasta, escritor, periodista","sameAs":["https:\/\/tiempodetormentas.com"],"url":"https:\/\/tiempodetormentas.com\/en\/author\/ray\/"}]}},"_links":{"self":[{"href":"https:\/\/tiempodetormentas.com\/en\/wp-json\/wp\/v2\/posts\/1047","targetHints":{"allow":["GET"]}}],"collection":[{"href":"https:\/\/tiempodetormentas.com\/en\/wp-json\/wp\/v2\/posts"}],"about":[{"href":"https:\/\/tiempodetormentas.com\/en\/wp-json\/wp\/v2\/types\/post"}],"author":[{"embeddable":true,"href":"https:\/\/tiempodetormentas.com\/en\/wp-json\/wp\/v2\/users\/1"}],"replies":[{"embeddable":true,"href":"https:\/\/tiempodetormentas.com\/en\/wp-json\/wp\/v2\/comments?post=1047"}],"version-history":[{"count":5,"href":"https:\/\/tiempodetormentas.com\/en\/wp-json\/wp\/v2\/posts\/1047\/revisions"}],"predecessor-version":[{"id":2173,"href":"https:\/\/tiempodetormentas.com\/en\/wp-json\/wp\/v2\/posts\/1047\/revisions\/2173"}],"wp:featuredmedia":[{"embeddable":true,"href":"https:\/\/tiempodetormentas.com\/en\/wp-json\/wp\/v2\/media\/1052"}],"wp:attachment":[{"href":"https:\/\/tiempodetormentas.com\/en\/wp-json\/wp\/v2\/media?parent=1047"}],"wp:term":[{"taxonomy":"category","embeddable":true,"href":"https:\/\/tiempodetormentas.com\/en\/wp-json\/wp\/v2\/categories?post=1047"},{"taxonomy":"post_tag","embeddable":true,"href":"https:\/\/tiempodetormentas.com\/en\/wp-json\/wp\/v2\/tags?post=1047"}],"curies":[{"name":"wp","href":"https:\/\/api.w.org\/{rel}","templated":true}]}}