{"id":1021,"date":"2025-01-09T16:43:27","date_gmt":"2025-01-09T16:43:27","guid":{"rendered":"https:\/\/tiempodetormentas.com\/?p=1021"},"modified":"2025-01-09T17:21:10","modified_gmt":"2025-01-09T17:21:10","slug":"rumania-primer-golpe-de-estado-del-siglo-xxi-la-union-europea","status":"publish","type":"post","link":"https:\/\/tiempodetormentas.com\/en\/humanidad\/internacional\/rumania-primer-golpe-de-estado-del-siglo-xxi-la-union-europea\/","title":{"rendered":"RUMAN\u00cdA PRIMER GOLPE DE ESTADO DEL SIGLO XXI DENTRO DE LA UNION EUROPEA"},"content":{"rendered":"<p>&nbsp;<\/p>\n<p>&nbsp;<\/p>\n<p><strong><span style=\"color: #000000;\">EL CANDIDATO A LA PRESIDENCIA DE RUMAN\u00cdA RESULT\u00d3 SER EL CANDIDATO APOYADO POR LOS COMUNISTAS, LOS SOCIALISTAS Y LOS SOCIALDEMOCRATAS RUMANOS<\/span><\/strong><\/p>\n<p><strong><span style=\"color: #000000;\">En la primera vuelta se alz\u00f3 como ganador el candidato Calin Georgescu, de proyecci\u00f3n nacionalista y al que se le atribuye ser proclive a Rusia y respaldar al presidente Vladimir Putin. El candidato es conocido por sus posiciones contra la Uni\u00f3n Europea (UE) y la Organizaci\u00f3n del Tratado del Atl\u00e1ntico Norte (OTAN).<\/span><\/strong><\/p>\n<p>El 24 de noviembre del 2024 tuvieron lugar las elecciones a la Presidencia de la Rep\u00fablica de Ruman\u00eda.<\/p>\n<p><img loading=\"lazy\" decoding=\"async\" class=\"aligncenter size-full wp-image-1029\" src=\"https:\/\/tiempodetormentas.com\/wp-content\/uploads\/2025\/01\/romania-mapa-politico.jpg\" alt=\"\" width=\"953\" height=\"1024\" srcset=\"https:\/\/tiempodetormentas.com\/wp-content\/uploads\/2025\/01\/romania-mapa-politico.jpg 953w, https:\/\/tiempodetormentas.com\/wp-content\/uploads\/2025\/01\/romania-mapa-politico-279x300.jpg 279w, https:\/\/tiempodetormentas.com\/wp-content\/uploads\/2025\/01\/romania-mapa-politico-768x825.jpg 768w, https:\/\/tiempodetormentas.com\/wp-content\/uploads\/2025\/01\/romania-mapa-politico-391x420.jpg 391w, https:\/\/tiempodetormentas.com\/wp-content\/uploads\/2025\/01\/romania-mapa-politico-150x161.jpg 150w, https:\/\/tiempodetormentas.com\/wp-content\/uploads\/2025\/01\/romania-mapa-politico-300x322.jpg 300w, https:\/\/tiempodetormentas.com\/wp-content\/uploads\/2025\/01\/romania-mapa-politico-696x748.jpg 696w\" sizes=\"auto, (max-width: 953px) 100vw, 953px\" \/><\/p>\n<p><img loading=\"lazy\" decoding=\"async\" class=\"aligncenter size-full wp-image-1024\" src=\"https:\/\/tiempodetormentas.com\/wp-content\/uploads\/2025\/01\/IMG-20241207-WA0001-e1736441492619.jpg\" alt=\"\" width=\"4\" height=\"4\" \/><\/p>\n<p>&nbsp;<\/p>\n<p><img loading=\"lazy\" decoding=\"async\" class=\"aligncenter size-full wp-image-1024\" src=\"https:\/\/tiempodetormentas.com\/wp-content\/uploads\/2025\/01\/IMG-20241207-WA0001-e1736441492619.jpg\" alt=\"\" width=\"4\" height=\"4\" \/><img loading=\"lazy\" decoding=\"async\" class=\"aligncenter size-full wp-image-1024\" src=\"https:\/\/tiempodetormentas.com\/wp-content\/uploads\/2025\/01\/IMG-20241207-WA0001-e1736441492619.jpg\" alt=\"\" width=\"4\" height=\"4\" \/><span style=\"color: #000000;\">El candidato <a style=\"color: #000000;\" title=\"Candidato independiente\" href=\"https:\/\/es.wikipedia.org\/wiki\/Candidato_independiente\">independiente<\/a> \u00a0<a style=\"color: #000000;\" title=\"C\u0103lin Georgescu\" href=\"https:\/\/es.wikipedia.org\/wiki\/C%C4%83lin_Georgescu\">C\u0103lin Georgescu<\/a> sorprendi\u00f3 al quedar primero con el 23% de los votos en la primera vuelta. \u200b Su votaci\u00f3n fue vista como un shock total para las \u00e9lites corporativistas financieras occidentales, ya que las encuestas lo situaban muy por detr\u00e1s de sus competidores todos pro Otanistas y proguerra contra Rusia<\/span><span style=\"font-family: Verdana, BlinkMacSystemFont, -apple-system, 'Segoe UI', Roboto, Oxygen, Ubuntu, Cantarell, 'Open Sans', 'Helvetica Neue', sans-serif;\">.<\/span><\/p>\n<p>&nbsp;<\/p>\n<p><img loading=\"lazy\" decoding=\"async\" class=\"aligncenter size-full wp-image-1022\" src=\"https:\/\/tiempodetormentas.com\/wp-content\/uploads\/2025\/01\/descarga-1.jpeg\" alt=\"\" width=\"300\" height=\"168\" srcset=\"https:\/\/tiempodetormentas.com\/wp-content\/uploads\/2025\/01\/descarga-1.jpeg 300w, https:\/\/tiempodetormentas.com\/wp-content\/uploads\/2025\/01\/descarga-1-150x84.jpeg 150w\" sizes=\"auto, (max-width: 300px) 100vw, 300px\" \/><\/p>\n<p>&nbsp;<\/p>\n<p>Su campa\u00f1a electoral se bas\u00f3 inicialmente en su apoyo al <span style=\"color: #000000;\"><a style=\"color: #000000;\" title=\"Medio rural\" href=\"https:\/\/es.wikipedia.org\/wiki\/Medio_rural\">mundo rural<\/a><\/span>\u00a0y a la\u00a0<a title=\"Soberan\u00eda alimentaria\" href=\"https:\/\/es.wikipedia.org\/wiki\/Soberan%C3%ADa_alimentaria\"><span style=\"color: #000000;\">soberan\u00eda<\/span> <span style=\"color: #000000;\">alimentaria<\/span><\/a>, en conexi\u00f3n con su trayectoria profesional dentro del Instituto Nacional de Investigaci\u00f3n y Desarrollo en el campo de la erosi\u00f3n de suelos. Sin embargo, se destaca especialmente por sus posiciones anti-OTAN y anti-Ucrania en el contexto de la\u00a0<span style=\"color: #000000;\"><a style=\"color: #000000;\" title=\"Invasi\u00f3n rusa de Ucrania\" href=\"https:\/\/es.wikipedia.org\/wiki\/Invasi%C3%B3n_rusa_de_Ucrania\">invasi\u00f3n de este \u00faltimo por parte de Rusia<\/a><\/span>, de las que culpa a Ucrania y llama a lograr \u00ab paz \u00bb retir\u00e1ndole todo apoyo.<\/p>\n<div class=\"mw-heading mw-heading3\">\n<h3 id=\"Primera_vuelta\"><strong>Resultado de la primera vuelta electoral<\/strong><\/h3>\n<\/div>\n<table class=\"wikitable\">\n<tbody>\n<tr>\n<th colspan=\"2\">Candidato<\/th>\n<th>Partido o Alianza<\/th>\n<th>Votos<\/th>\n<th>Porcentaje<\/th>\n<\/tr>\n<tr>\n<td><\/td>\n<td><a title=\"C\u0103lin Georgescu\" href=\"https:\/\/es.wikipedia.org\/wiki\/C%C4%83lin_Georgescu\">C\u0103lin Georgescu<\/a><\/td>\n<td><a title=\"Candidato independiente\" href=\"https:\/\/es.wikipedia.org\/wiki\/Candidato_independiente\">Candidato independiente<\/a><\/td>\n<td align=\"right\">2.120.401<\/td>\n<td>\n<table>\n<tbody>\n<tr>\n<td>\n<div>\n<div><\/div>\n<\/div>\n<\/td>\n<td>\u00a022.94\u00a0%<\/td>\n<\/tr>\n<\/tbody>\n<\/table>\n<\/td>\n<\/tr>\n<tr>\n<td><\/td>\n<td><a title=\"Elena Lasconi\" href=\"https:\/\/es.wikipedia.org\/wiki\/Elena_Lasconi\">Elena Lasconi<\/a><\/td>\n<td><a title=\"Uni\u00f3n Salvar Ruman\u00eda\" href=\"https:\/\/es.wikipedia.org\/wiki\/Uni%C3%B3n_Salvar_Ruman%C3%ADa\">Uni\u00f3n Salvar Ruman\u00eda<\/a>\u00a0(USR)\u00a0<small>(con el apoyo de la AFDLC y REPER)<\/small><\/td>\n<td align=\"right\">1.772.500<\/td>\n<td>\n<table>\n<tbody>\n<tr>\n<td>\n<div>\n<div><\/div>\n<\/div>\n<\/td>\n<td>\u00a019.18\u00a0%<\/td>\n<\/tr>\n<\/tbody>\n<\/table>\n<\/td>\n<\/tr>\n<tr>\n<td><\/td>\n<td><a title=\"Marcel Ciolacu\" href=\"https:\/\/es.wikipedia.org\/wiki\/Marcel_Ciolacu\">Marcel Ciolacu<\/a><\/td>\n<td><a title=\"Partido Socialdem\u00f3crata (Rumania)\" href=\"https:\/\/es.wikipedia.org\/wiki\/Partido_Socialdem%C3%B3crata_(Rumania)\">Partido Socialdem\u00f3crata<\/a>\u00a0(PSD)<\/td>\n<td align=\"right\">1.769.760<\/td>\n<td>\n<table>\n<tbody>\n<tr>\n<td>\n<div>\n<div><\/div>\n<\/div>\n<\/td>\n<td>\u00a019.15\u00a0%<\/td>\n<\/tr>\n<\/tbody>\n<\/table>\n<\/td>\n<\/tr>\n<tr>\n<td><\/td>\n<td><a title=\"George Simion\" href=\"https:\/\/es.wikipedia.org\/wiki\/George_Simion\">George Simion<\/a><\/td>\n<td><a title=\"Alianza para la Uni\u00f3n de los Rumanos\" href=\"https:\/\/es.wikipedia.org\/wiki\/Alianza_para_la_Uni%C3%B3n_de_los_Rumanos\">Alianza para la Uni\u00f3n de los Rumanos<\/a>\u00a0(AUR)<\/td>\n<td align=\"right\">1.281.325<\/td>\n<td>\n<table>\n<tbody>\n<tr>\n<td>\n<div>\n<div><\/div>\n<\/div>\n<\/td>\n<td>\u00a013.86\u00a0%<\/td>\n<\/tr>\n<\/tbody>\n<\/table>\n<\/td>\n<\/tr>\n<tr>\n<td><\/td>\n<td><a title=\"Nicolae Ciuc\u0103\" href=\"https:\/\/es.wikipedia.org\/wiki\/Nicolae_Ciuc%C4%83\">Nicolae Ciuc\u0103<\/a><\/td>\n<td><a title=\"Partido Nacional Liberal (Rumania)\" href=\"https:\/\/es.wikipedia.org\/wiki\/Partido_Nacional_Liberal_(Rumania)\">Partido Nacional Liberal<\/a>\u00a0(PNL)<\/td>\n<td align=\"right\">811.952<\/td>\n<td>\n<table>\n<tbody>\n<tr>\n<td>\n<div>\n<div><\/div>\n<\/div>\n<\/td>\n<td>\u00a08.79\u00a0%<\/td>\n<\/tr>\n<\/tbody>\n<\/table>\n<\/td>\n<\/tr>\n<tr>\n<td><\/td>\n<td><a title=\"Mircea Geoan\u0103\" href=\"https:\/\/es.wikipedia.org\/wiki\/Mircea_Geoan%C4%83\">Mircea Geoan\u0103<\/a><\/td>\n<td><a title=\"Candidato independiente\" href=\"https:\/\/es.wikipedia.org\/wiki\/Candidato_independiente\">Independiente<\/a>\u00a0<small>(con el apoyo de Rumania Renace y Rumania en Acci\u00f3n)<\/small><\/td>\n<td align=\"right\">583.898<\/td>\n<td>\n<table>\n<tbody>\n<tr>\n<td>\n<div>\n<div><\/div>\n<\/div>\n<\/td>\n<td>\u00a06.32\u00a0%<\/td>\n<\/tr>\n<\/tbody>\n<\/table>\n<\/td>\n<\/tr>\n<tr>\n<td><\/td>\n<td><a title=\"Hunor Kelemen\" href=\"https:\/\/es.wikipedia.org\/wiki\/Hunor_Kelemen\">Hunor Kelemen<\/a><\/td>\n<td><a title=\"Uni\u00f3n Democr\u00e1tica de H\u00fangaros en Rumania\" href=\"https:\/\/es.wikipedia.org\/wiki\/Uni%C3%B3n_Democr%C3%A1tica_de_H%C3%BAngaros_en_Rumania\">Uni\u00f3n Democr\u00e1tica de H\u00fangaros en Rumania<\/a>\u00a0(UDMR)<\/td>\n<td align=\"right\">416.353<\/td>\n<td>\n<table>\n<tbody>\n<tr>\n<td>\n<div>\n<div><\/div>\n<\/div>\n<\/td>\n<td>\u00a04.50\u00a0%<\/td>\n<\/tr>\n<\/tbody>\n<\/table>\n<\/td>\n<\/tr>\n<tr>\n<td><\/td>\n<td>Cristian Diaconescu<\/td>\n<td><a title=\"Candidato independiente\" href=\"https:\/\/es.wikipedia.org\/wiki\/Candidato_independiente\">Candidato independiente<\/a><\/td>\n<td align=\"right\">286.842<\/td>\n<td>\n<table>\n<tbody>\n<tr>\n<td>\n<div>\n<div><\/div>\n<\/div>\n<\/td>\n<td>\u00a03.10\u00a0%<\/td>\n<\/tr>\n<\/tbody>\n<\/table>\n<\/td>\n<\/tr>\n<tr>\n<td><\/td>\n<td>Cristian Terhe\u0219<\/td>\n<td>Partido Conservador Nacional Rumano (PNCR)<\/td>\n<td align=\"right\">95.782<\/td>\n<td>\n<table>\n<tbody>\n<tr>\n<td>\n<div>\n<div><\/div>\n<\/div>\n<\/td>\n<td>\u00a01.04\u00a0%<\/td>\n<\/tr>\n<\/tbody>\n<\/table>\n<\/td>\n<\/tr>\n<tr>\n<td><\/td>\n<td>Ana Birchall<\/td>\n<td><a title=\"Candidato independiente\" href=\"https:\/\/es.wikipedia.org\/wiki\/Candidato_independiente\">Candidato independiente<\/a><\/td>\n<td align=\"right\">42.853<\/td>\n<td>\n<table>\n<tbody>\n<tr>\n<td>\n<div>\n<div><\/div>\n<\/div>\n<\/td>\n<td>\u00a00.46\u00a0%<\/td>\n<\/tr>\n<\/tbody>\n<\/table>\n<\/td>\n<\/tr>\n<tr>\n<td><\/td>\n<td><a title=\"Ludovic Orban\" href=\"https:\/\/es.wikipedia.org\/wiki\/Ludovic_Orban\">Ludovic Orban<\/a><b><sup id=\"cite_ref-primero_41-1\" class=\"reference separada\"><a href=\"https:\/\/es.wikipedia.org\/wiki\/Elecciones_presidenciales_de_Rumania_de_2024#cite_note-primero-41\">nota 1<\/a><\/sup>\u200b<\/b><\/td>\n<td><a title=\"Fuerza de la Derecha (Rumania)\" href=\"https:\/\/es.wikipedia.org\/wiki\/Fuerza_de_la_Derecha_(Rumania)\">Fuerza de la Derecha<\/a>\u00a0(FD)<\/td>\n<td align=\"right\">20.089<\/td>\n<td>\n<table>\n<tbody>\n<tr>\n<td>\n<div>\n<div><\/div>\n<\/div>\n<\/td>\n<td>\u00a00.22\u00a0%<\/td>\n<\/tr>\n<\/tbody>\n<\/table>\n<\/td>\n<\/tr>\n<tr>\n<td><\/td>\n<td>Sebastian Popescu<\/td>\n<td>Partido Nueva Ruman\u00eda (PNR)<\/td>\n<td align=\"right\">14.683<\/td>\n<td>\n<table>\n<tbody>\n<tr>\n<td>\n<div>\n<div><\/div>\n<\/div>\n<\/td>\n<td>\u00a00.16\u00a0%<\/td>\n<\/tr>\n<\/tbody>\n<\/table>\n<\/td>\n<\/tr>\n<tr>\n<td><\/td>\n<td>Alexandra-Beatrice Bertalan-P\u0103curaru<\/td>\n<td><a title=\"Candidato independiente\" href=\"https:\/\/es.wikipedia.org\/wiki\/Candidato_independiente\">Candidato independiente<\/a><\/td>\n<td align=\"right\">14.502<\/td>\n<td>\n<table>\n<tbody>\n<tr>\n<td>\n<div>\n<div><\/div>\n<\/div>\n<\/td>\n<td>\u00a00.16\u00a0%<\/td>\n<\/tr>\n<\/tbody>\n<\/table>\n<\/td>\n<\/tr>\n<tr>\n<td><\/td>\n<td>Silviu Predoiu<\/td>\n<td>Partido Liga de Acci\u00f3n Nacional (PLAN)<\/td>\n<td align=\"right\">11.246<\/td>\n<td>\n<table>\n<tbody>\n<tr>\n<td>\n<div>\n<div><\/div>\n<\/div>\n<\/td>\n<td>\u00a00.12\u00a0%<\/td>\n<\/tr>\n<\/tbody>\n<\/table>\n<\/td>\n<\/tr>\n<tr>\n<td colspan=\"5\"><\/td>\n<\/tr>\n<tr>\n<td colspan=\"3\">Votos V\u00e1lidos<\/td>\n<td align=\"right\">9.242.186<\/td>\n<td>\n<table>\n<tbody>\n<tr>\n<td>\n<div>\n<div><\/div>\n<\/div>\n<\/td>\n<td>\u00a097.65\u00a0%<\/td>\n<\/tr>\n<\/tbody>\n<\/table>\n<\/td>\n<\/tr>\n<tr>\n<td colspan=\"3\">Votos Nulos<\/td>\n<td align=\"right\">223.071<\/td>\n<td>\n<table>\n<tbody>\n<tr>\n<td>\n<div>\n<div><\/div>\n<\/div>\n<\/td>\n<td>\u00a02.35\u00a0%<\/td>\n<\/tr>\n<\/tbody>\n<\/table>\n<\/td>\n<\/tr>\n<tr>\n<td colspan=\"3\"><b>Total<\/b><\/td>\n<td align=\"right\"><b>9.465.257<\/b><\/td>\n<td>\n<table>\n<tbody>\n<tr>\n<td>\n<div>\n<div><\/div>\n<\/div>\n<\/td>\n<td>\u00a0100.00\u00a0%<\/td>\n<\/tr>\n<\/tbody>\n<\/table>\n<\/td>\n<\/tr>\n<tr>\n<td colspan=\"3\">Registrados\/Participaci\u00f3n<\/td>\n<td>18,008,480<\/td>\n<td>\n<table>\n<tbody>\n<tr>\n<td>\n<div>\n<div><\/div>\n<\/div>\n<\/td>\n<td>\u00a052.56\u00a0%<\/td>\n<\/tr>\n<\/tbody>\n<\/table>\n<\/td>\n<\/tr>\n<\/tbody>\n<\/table>\n<p>&nbsp;<\/p>\n<p>Ante su victoria, la noche de las elecciones declar\u00f3 \u00abEsta noche el pueblo rumano clam\u00f3 por la paz. Y grit\u00f3 muy fuerte, muy fuerte\u00bb. El candidato habr\u00eda capitalizado una imagen de hombre \u00edntegro, serio y patri\u00f3tico, as\u00ed como una necesidad de \u00aborgullo y dignidad\u00bb frente a una pol\u00edtica exterior considerada demasiado sumisa ante la <span style=\"color: #000000;\"><a style=\"color: #000000;\" title=\"OTAN\" href=\"https:\/\/es.wikipedia.org\/wiki\/OTAN\">OTAN<\/a>\u00a0<\/span>por una parte del electorado.\u00a0<sup id=\"cite_ref-61\" class=\"reference separada\"><\/sup><\/p>\n<p>Los resultados electorales causaron , en las diferentes canciller\u00edas de la U.E, todas controladas por pol\u00edticos entreguistas a las fuerzas de ocupaci\u00f3n colonial norteamericanas en el viejo continente, gran nerviosismo ante el peligro de que un efecto domino antiimperialista recorriera de nuevo Europa.<\/p>\n<p>Los efectos contraindicados para los planes expansionistas de la OTAN eran evidentes al hacer peligrar el mantenimiento de las bases norteamericanas y OTAN en Ruman\u00eda, causando un efecto desestabilizador para la pol\u00edtica agresiva de Moldavia (una Moldavia cuya poblaci\u00f3n interna tambi\u00e9n ve como hostil la pol\u00edtica occidental en la zona) qui\u00e9n ya ha amenazado varias veces con invadir Transnitria debilitando el flanco militar de Odessa, a la par que impulsa la pol\u00edtica contra la guerra de Eslovaquia, Serbia y Hungr\u00eda.<\/p>\n<p>En este contexto <strong>de intensa propaganda antirrusa <\/strong>y, ante las presiones occidentales de la U.E, Inglaterra y Norteam\u00e9rica,<strong> el Tribunal Constitucional (TC) de Ruman\u00eda decidi\u00f3 anular la primera vuelta de las elecciones presidenciales.<\/strong><\/p>\n<p><strong>Medios de Occidente han difundido la narrativa de supuestas dudas sobre el proceso, aunque sin precisar cu\u00e1les ni mostrar pruebas.\u00a0<\/strong>Alegan que el Consejo Supremo de Defensa Nacional (CSDN)\u00a0<strong>hab\u00eda detectado intentos de injerencia rusa en el proceso electoral<\/strong>.<\/p>\n<p>Bajo presiones y en medio de protestas de seguidores de los partidos que perdieron los comicios,\u00a0<strong>el TC inform\u00f3 que recibi\u00f3 pedidos de anular las elecciones<\/strong>. Dijo que en esas peticiones se citaban documentos desclasificados por el CSDN, seg\u00fan los cuales la campa\u00f1a de Georgescu fue fruto de una \u00abmanipulaci\u00f3n orquestada desde el exterior del pa\u00eds\u00bb. Sin mostrar prueba alguna.La\u00a0<strong>inteligencia rumana calific\u00f3 como agresiva la promoci\u00f3n del candidato en TikTok y dijo que recibi\u00f3 financiaci\u00f3n externa no declarada de m\u00e1s de un mill\u00f3n de euros.<\/strong><\/p>\n<p><strong>EE.UU. acus\u00f3 a Rusia de interferir en los comicios. Subordinada a la pol\u00edtica exterior de la Casa Blanca, la UE amenaz\u00f3 a la red social TikTok con abrir una investigaci\u00f3n sobre su rol en la \u00abinjerencia rusa\u00bb<\/strong>, todo ello sin tomar en cuenta el programa electoral de Georgescu ni el desencanto del electorado ante la crisis econ\u00f3mica.<\/p>\n<p><strong>Georgescu record\u00f3 que enfrent\u00f3 las mismas restricciones que el resto de los candidatos, mientras TikTok inform\u00f3 que hab\u00eda tomado varias medidas para combatir la desinformaci\u00f3n y neg\u00f3 haber dado un trato preferencial a aquel.<\/strong><\/p>\n<p><strong>Georgescu, de 62 a\u00f1os y profesor universitario, defendi\u00f3 un programa que propone apoyar a los agricultores, aumentar la producci\u00f3n interna de alimentos y energ\u00eda, y reducir la dependencia de las importaciones.\u00a0<\/strong>De acuerdo con reportes de prensa, nadie lo daba como favorito y ni siquiera fue invitado a los debates presidenciales televisados.<\/p>\n<p><strong>\u00abEste es el momento en que el Estado rumano ha pisoteado la democracia<\/strong>\u00a0[\u2026] No se trata de m\u00ed. Est\u00e1n hundiendo la econom\u00eda, est\u00e1n destruyendo la democracia, est\u00e1n llevando al pa\u00eds a la anarqu\u00eda.\u00a0<strong>Deber\u00edamos haber seguido adelante con la votaci\u00f3n, deber\u00edamos haber respetado la voluntad del pueblo rumano<\/strong>\u00ab, denunci\u00f3.<\/p>\n<p>\u00abCondeno en\u00e9rgicamente lo que ha ocurrido hoy. Han arruinado todo lo que tanto ha costado ganar en los \u00faltimos 35 a\u00f1os. La decisi\u00f3n del Tribunal Constitucional es ilegal, inmoral y aplasta la esencia de la democracia: el voto\u00bb, agreg\u00f3.<\/p>\n<p>&nbsp;<\/p>\n<p><strong>LA PRENSA OCCIDENTAL HA MENTIDO A SUS LECTORES AL ACUSAR A TODOS LOS CANDIDATOS ANTI OTAN DE LA EUROPA DEL ESTE DE SER DE EXTREMA DERECHA. EL MOTIVO EVITAR LA SOLIDARIDAD DE LAS FUERZAS Y PARTIDOS PROGRESISTAS Y DE IZQUIERDAS DE LA U.E CON SUS HOMOLOGOS DEL ESTE EUROPEO.<\/strong><\/p>\n<p>Tiempodetormentas.com muestra documentos de la Alianza Socialista de Ruman\u00eda en la que\u00a0 el Partido Socialista, Partido Comunista de Ruman\u00eda, siglo XXI y el Partido Socialdem\u00f3crata hacen p\u00fablico su apoyo al candidato y profesor universitario Georgescu.<\/p>\n<p><img loading=\"lazy\" decoding=\"async\" class=\"aligncenter wp-image-1024\" src=\"https:\/\/tiempodetormentas.com\/wp-content\/uploads\/2025\/01\/IMG-20241207-WA0001.jpg\" alt=\"\" width=\"522\" height=\"718\" \/><\/p>","protected":false},"excerpt":{"rendered":"<p>&nbsp; &nbsp; EL CANDIDATO A LA PRESIDENCIA DE RUMAN\u00cdA RESULT\u00d3 SER EL CANDIDATO APOYADO POR LOS COMUNISTAS, LOS SOCIALISTAS Y LOS SOCIALDEMOCRATAS RUMANOS En la primera vuelta se alz\u00f3 como ganador el candidato Calin Georgescu, de proyecci\u00f3n nacionalista y al que se le atribuye ser proclive a Rusia y respaldar al presidente Vladimir Putin. El [&hellip;]<\/p>","protected":false},"author":8,"featured_media":1023,"comment_status":"open","ping_status":"open","sticky":true,"template":"","format":"standard","meta":{"footnotes":""},"categories":[35],"tags":[],"class_list":{"0":"post-1021","1":"post","2":"type-post","3":"status-publish","4":"format-standard","5":"has-post-thumbnail","7":"category-internacional"},"yoast_head":"<!-- This site is optimized with the Yoast SEO plugin v26.2 - https:\/\/yoast.com\/wordpress\/plugins\/seo\/ -->\n<title>RUMAN\u00cdA PRIMER GOLPE DE ESTADO DEL SIGLO XXI DENTRO DE LA UNION EUROPEA - Tiempo de Tormentas<\/title>\n<meta name=\"robots\" content=\"index, follow, max-snippet:-1, max-image-preview:large, max-video-preview:-1\" \/>\n<link rel=\"canonical\" href=\"https:\/\/tiempodetormentas.com\/en\/humanidad\/internacional\/rumania-primer-golpe-de-estado-del-siglo-xxi-la-union-europea\/\" \/>\n<meta property=\"og:locale\" content=\"en_GB\" \/>\n<meta property=\"og:type\" content=\"article\" \/>\n<meta property=\"og:title\" content=\"RUMAN\u00cdA PRIMER GOLPE DE ESTADO DEL SIGLO XXI DENTRO DE LA UNION EUROPEA - Tiempo de Tormentas\" \/>\n<meta property=\"og:description\" content=\"&nbsp; &nbsp; EL CANDIDATO A LA PRESIDENCIA DE RUMAN\u00cdA RESULT\u00d3 SER EL CANDIDATO APOYADO POR LOS COMUNISTAS, LOS SOCIALISTAS Y LOS SOCIALDEMOCRATAS RUMANOS En la primera vuelta se alz\u00f3 como ganador el candidato Calin Georgescu, de proyecci\u00f3n nacionalista y al que se le atribuye ser proclive a Rusia y respaldar al presidente Vladimir Putin. El [&hellip;]\" \/>\n<meta property=\"og:url\" content=\"https:\/\/tiempodetormentas.com\/en\/humanidad\/internacional\/rumania-primer-golpe-de-estado-del-siglo-xxi-la-union-europea\/\" \/>\n<meta property=\"og:site_name\" content=\"Tiempo de Tormentas\" \/>\n<meta property=\"article:published_time\" content=\"2025-01-09T16:43:27+00:00\" \/>\n<meta property=\"article:modified_time\" content=\"2025-01-09T17:21:10+00:00\" \/>\n<meta property=\"og:image\" content=\"https:\/\/tiempodetormentas.com\/wp-content\/uploads\/2025\/01\/mapa-de-rumania-zoom-en-el-mundial-imagenes-video-k-graficos-movimiento-del-mundo-material-stock-265570117.webp\" \/>\n\t<meta property=\"og:image:width\" content=\"800\" \/>\n\t<meta property=\"og:image:height\" content=\"450\" \/>\n\t<meta property=\"og:image:type\" content=\"image\/webp\" \/>\n<meta name=\"author\" content=\"Tiempo de Tormentas\" \/>\n<meta name=\"twitter:card\" content=\"summary_large_image\" \/>\n<meta name=\"twitter:label1\" content=\"Written by\" \/>\n\t<meta name=\"twitter:data1\" content=\"Tiempo de Tormentas\" \/>\n\t<meta name=\"twitter:label2\" content=\"Estimated reading time\" \/>\n\t<meta name=\"twitter:data2\" content=\"7 minutes\" \/>\n<script type=\"application\/ld+json\" class=\"yoast-schema-graph\">{\"@context\":\"https:\/\/schema.org\",\"@graph\":[{\"@type\":\"Article\",\"@id\":\"https:\/\/tiempodetormentas.com\/humanidad\/internacional\/rumania-primer-golpe-de-estado-del-siglo-xxi-la-union-europea\/#article\",\"isPartOf\":{\"@id\":\"https:\/\/tiempodetormentas.com\/humanidad\/internacional\/rumania-primer-golpe-de-estado-del-siglo-xxi-la-union-europea\/\"},\"author\":{\"name\":\"Tiempo de Tormentas\",\"@id\":\"https:\/\/tiempodetormentas.com\/#\/schema\/person\/f8c15d9e322a5a2a0529ae24c9bb4409\"},\"headline\":\"RUMAN\u00cdA PRIMER GOLPE DE ESTADO DEL SIGLO XXI DENTRO DE LA UNION EUROPEA\",\"datePublished\":\"2025-01-09T16:43:27+00:00\",\"dateModified\":\"2025-01-09T17:21:10+00:00\",\"mainEntityOfPage\":{\"@id\":\"https:\/\/tiempodetormentas.com\/humanidad\/internacional\/rumania-primer-golpe-de-estado-del-siglo-xxi-la-union-europea\/\"},\"wordCount\":1099,\"commentCount\":4,\"publisher\":{\"@id\":\"https:\/\/tiempodetormentas.com\/#organization\"},\"image\":{\"@id\":\"https:\/\/tiempodetormentas.com\/humanidad\/internacional\/rumania-primer-golpe-de-estado-del-siglo-xxi-la-union-europea\/#primaryimage\"},\"thumbnailUrl\":\"https:\/\/tiempodetormentas.com\/wp-content\/uploads\/2025\/01\/mapa-de-rumania-zoom-en-el-mundial-imagenes-video-k-graficos-movimiento-del-mundo-material-stock-265570117.webp\",\"articleSection\":[\"Internacional\"],\"inLanguage\":\"en-GB\",\"potentialAction\":[{\"@type\":\"CommentAction\",\"name\":\"Comment\",\"target\":[\"https:\/\/tiempodetormentas.com\/humanidad\/internacional\/rumania-primer-golpe-de-estado-del-siglo-xxi-la-union-europea\/#respond\"]}]},{\"@type\":\"WebPage\",\"@id\":\"https:\/\/tiempodetormentas.com\/humanidad\/internacional\/rumania-primer-golpe-de-estado-del-siglo-xxi-la-union-europea\/\",\"url\":\"https:\/\/tiempodetormentas.com\/humanidad\/internacional\/rumania-primer-golpe-de-estado-del-siglo-xxi-la-union-europea\/\",\"name\":\"RUMAN\u00cdA PRIMER GOLPE DE ESTADO DEL SIGLO XXI DENTRO DE LA UNION EUROPEA - Tiempo de Tormentas\",\"isPartOf\":{\"@id\":\"https:\/\/tiempodetormentas.com\/#website\"},\"primaryImageOfPage\":{\"@id\":\"https:\/\/tiempodetormentas.com\/humanidad\/internacional\/rumania-primer-golpe-de-estado-del-siglo-xxi-la-union-europea\/#primaryimage\"},\"image\":{\"@id\":\"https:\/\/tiempodetormentas.com\/humanidad\/internacional\/rumania-primer-golpe-de-estado-del-siglo-xxi-la-union-europea\/#primaryimage\"},\"thumbnailUrl\":\"https:\/\/tiempodetormentas.com\/wp-content\/uploads\/2025\/01\/mapa-de-rumania-zoom-en-el-mundial-imagenes-video-k-graficos-movimiento-del-mundo-material-stock-265570117.webp\",\"datePublished\":\"2025-01-09T16:43:27+00:00\",\"dateModified\":\"2025-01-09T17:21:10+00:00\",\"breadcrumb\":{\"@id\":\"https:\/\/tiempodetormentas.com\/humanidad\/internacional\/rumania-primer-golpe-de-estado-del-siglo-xxi-la-union-europea\/#breadcrumb\"},\"inLanguage\":\"en-GB\",\"potentialAction\":[{\"@type\":\"ReadAction\",\"target\":[\"https:\/\/tiempodetormentas.com\/humanidad\/internacional\/rumania-primer-golpe-de-estado-del-siglo-xxi-la-union-europea\/\"]}]},{\"@type\":\"ImageObject\",\"inLanguage\":\"en-GB\",\"@id\":\"https:\/\/tiempodetormentas.com\/humanidad\/internacional\/rumania-primer-golpe-de-estado-del-siglo-xxi-la-union-europea\/#primaryimage\",\"url\":\"https:\/\/tiempodetormentas.com\/wp-content\/uploads\/2025\/01\/mapa-de-rumania-zoom-en-el-mundial-imagenes-video-k-graficos-movimiento-del-mundo-material-stock-265570117.webp\",\"contentUrl\":\"https:\/\/tiempodetormentas.com\/wp-content\/uploads\/2025\/01\/mapa-de-rumania-zoom-en-el-mundial-imagenes-video-k-graficos-movimiento-del-mundo-material-stock-265570117.webp\",\"width\":800,\"height\":450},{\"@type\":\"BreadcrumbList\",\"@id\":\"https:\/\/tiempodetormentas.com\/humanidad\/internacional\/rumania-primer-golpe-de-estado-del-siglo-xxi-la-union-europea\/#breadcrumb\",\"itemListElement\":[{\"@type\":\"ListItem\",\"position\":1,\"name\":\"Portada\",\"item\":\"https:\/\/tiempodetormentas.com\/\"},{\"@type\":\"ListItem\",\"position\":2,\"name\":\"RUMAN\u00cdA PRIMER GOLPE DE ESTADO DEL SIGLO XXI DENTRO DE LA UNION EUROPEA\"}]},{\"@type\":\"WebSite\",\"@id\":\"https:\/\/tiempodetormentas.com\/#website\",\"url\":\"https:\/\/tiempodetormentas.com\/\",\"name\":\"Tiempo de Tormentas\",\"description\":\"Edita el club de la bruma\",\"publisher\":{\"@id\":\"https:\/\/tiempodetormentas.com\/#organization\"},\"potentialAction\":[{\"@type\":\"SearchAction\",\"target\":{\"@type\":\"EntryPoint\",\"urlTemplate\":\"https:\/\/tiempodetormentas.com\/?s={search_term_string}\"},\"query-input\":{\"@type\":\"PropertyValueSpecification\",\"valueRequired\":true,\"valueName\":\"search_term_string\"}}],\"inLanguage\":\"en-GB\"},{\"@type\":\"Organization\",\"@id\":\"https:\/\/tiempodetormentas.com\/#organization\",\"name\":\"Tiempo de Tormentas\",\"url\":\"https:\/\/tiempodetormentas.com\/\",\"logo\":{\"@type\":\"ImageObject\",\"inLanguage\":\"en-GB\",\"@id\":\"https:\/\/tiempodetormentas.com\/#\/schema\/logo\/image\/\",\"url\":\"https:\/\/tiempodetormentas.com\/wp-content\/uploads\/2022\/01\/tiempo-de-tormentas.png\",\"contentUrl\":\"https:\/\/tiempodetormentas.com\/wp-content\/uploads\/2022\/01\/tiempo-de-tormentas.png\",\"width\":448,\"height\":121,\"caption\":\"Tiempo de Tormentas\"},\"image\":{\"@id\":\"https:\/\/tiempodetormentas.com\/#\/schema\/logo\/image\/\"}},{\"@type\":\"Person\",\"@id\":\"https:\/\/tiempodetormentas.com\/#\/schema\/person\/f8c15d9e322a5a2a0529ae24c9bb4409\",\"name\":\"Tiempo de Tormentas\",\"image\":{\"@type\":\"ImageObject\",\"inLanguage\":\"en-GB\",\"@id\":\"https:\/\/tiempodetormentas.com\/#\/schema\/person\/image\/\",\"url\":\"https:\/\/secure.gravatar.com\/avatar\/41ab5f71e764337e074e1cc8a08a5205b1c5c846b93c75fefbe2bec43bc13ab8?s=96&d=mm&r=g\",\"contentUrl\":\"https:\/\/secure.gravatar.com\/avatar\/41ab5f71e764337e074e1cc8a08a5205b1c5c846b93c75fefbe2bec43bc13ab8?s=96&d=mm&r=g\",\"caption\":\"Tiempo de Tormentas\"},\"url\":\"https:\/\/tiempodetormentas.com\/en\/author\/tiempo\/\"}]}<\/script>\n<!-- \/ Yoast SEO plugin. -->","yoast_head_json":{"title":"RUMAN\u00cdA PRIMER GOLPE DE ESTADO DEL SIGLO XXI DENTRO DE LA UNION EUROPEA - Tiempo de Tormentas","robots":{"index":"index","follow":"follow","max-snippet":"max-snippet:-1","max-image-preview":"max-image-preview:large","max-video-preview":"max-video-preview:-1"},"canonical":"https:\/\/tiempodetormentas.com\/en\/humanidad\/internacional\/rumania-primer-golpe-de-estado-del-siglo-xxi-la-union-europea\/","og_locale":"en_GB","og_type":"article","og_title":"RUMAN\u00cdA PRIMER GOLPE DE ESTADO DEL SIGLO XXI DENTRO DE LA UNION EUROPEA - Tiempo de Tormentas","og_description":"&nbsp; &nbsp; EL CANDIDATO A LA PRESIDENCIA DE RUMAN\u00cdA RESULT\u00d3 SER EL CANDIDATO APOYADO POR LOS COMUNISTAS, LOS SOCIALISTAS Y LOS SOCIALDEMOCRATAS RUMANOS En la primera vuelta se alz\u00f3 como ganador el candidato Calin Georgescu, de proyecci\u00f3n nacionalista y al que se le atribuye ser proclive a Rusia y respaldar al presidente Vladimir Putin. El [&hellip;]","og_url":"https:\/\/tiempodetormentas.com\/en\/humanidad\/internacional\/rumania-primer-golpe-de-estado-del-siglo-xxi-la-union-europea\/","og_site_name":"Tiempo de Tormentas","article_published_time":"2025-01-09T16:43:27+00:00","article_modified_time":"2025-01-09T17:21:10+00:00","og_image":[{"width":800,"height":450,"url":"https:\/\/tiempodetormentas.com\/wp-content\/uploads\/2025\/01\/mapa-de-rumania-zoom-en-el-mundial-imagenes-video-k-graficos-movimiento-del-mundo-material-stock-265570117.webp","type":"image\/webp"}],"author":"Tiempo de Tormentas","twitter_card":"summary_large_image","twitter_misc":{"Written by":"Tiempo de Tormentas","Estimated reading time":"7 minutes"},"schema":{"@context":"https:\/\/schema.org","@graph":[{"@type":"Article","@id":"https:\/\/tiempodetormentas.com\/humanidad\/internacional\/rumania-primer-golpe-de-estado-del-siglo-xxi-la-union-europea\/#article","isPartOf":{"@id":"https:\/\/tiempodetormentas.com\/humanidad\/internacional\/rumania-primer-golpe-de-estado-del-siglo-xxi-la-union-europea\/"},"author":{"name":"Tiempo de Tormentas","@id":"https:\/\/tiempodetormentas.com\/#\/schema\/person\/f8c15d9e322a5a2a0529ae24c9bb4409"},"headline":"RUMAN\u00cdA PRIMER GOLPE DE ESTADO DEL SIGLO XXI DENTRO DE LA UNION EUROPEA","datePublished":"2025-01-09T16:43:27+00:00","dateModified":"2025-01-09T17:21:10+00:00","mainEntityOfPage":{"@id":"https:\/\/tiempodetormentas.com\/humanidad\/internacional\/rumania-primer-golpe-de-estado-del-siglo-xxi-la-union-europea\/"},"wordCount":1099,"commentCount":4,"publisher":{"@id":"https:\/\/tiempodetormentas.com\/#organization"},"image":{"@id":"https:\/\/tiempodetormentas.com\/humanidad\/internacional\/rumania-primer-golpe-de-estado-del-siglo-xxi-la-union-europea\/#primaryimage"},"thumbnailUrl":"https:\/\/tiempodetormentas.com\/wp-content\/uploads\/2025\/01\/mapa-de-rumania-zoom-en-el-mundial-imagenes-video-k-graficos-movimiento-del-mundo-material-stock-265570117.webp","articleSection":["Internacional"],"inLanguage":"en-GB","potentialAction":[{"@type":"CommentAction","name":"Comment","target":["https:\/\/tiempodetormentas.com\/humanidad\/internacional\/rumania-primer-golpe-de-estado-del-siglo-xxi-la-union-europea\/#respond"]}]},{"@type":"WebPage","@id":"https:\/\/tiempodetormentas.com\/humanidad\/internacional\/rumania-primer-golpe-de-estado-del-siglo-xxi-la-union-europea\/","url":"https:\/\/tiempodetormentas.com\/humanidad\/internacional\/rumania-primer-golpe-de-estado-del-siglo-xxi-la-union-europea\/","name":"RUMAN\u00cdA PRIMER GOLPE DE ESTADO DEL SIGLO XXI DENTRO DE LA UNION EUROPEA - Tiempo de Tormentas","isPartOf":{"@id":"https:\/\/tiempodetormentas.com\/#website"},"primaryImageOfPage":{"@id":"https:\/\/tiempodetormentas.com\/humanidad\/internacional\/rumania-primer-golpe-de-estado-del-siglo-xxi-la-union-europea\/#primaryimage"},"image":{"@id":"https:\/\/tiempodetormentas.com\/humanidad\/internacional\/rumania-primer-golpe-de-estado-del-siglo-xxi-la-union-europea\/#primaryimage"},"thumbnailUrl":"https:\/\/tiempodetormentas.com\/wp-content\/uploads\/2025\/01\/mapa-de-rumania-zoom-en-el-mundial-imagenes-video-k-graficos-movimiento-del-mundo-material-stock-265570117.webp","datePublished":"2025-01-09T16:43:27+00:00","dateModified":"2025-01-09T17:21:10+00:00","breadcrumb":{"@id":"https:\/\/tiempodetormentas.com\/humanidad\/internacional\/rumania-primer-golpe-de-estado-del-siglo-xxi-la-union-europea\/#breadcrumb"},"inLanguage":"en-GB","potentialAction":[{"@type":"ReadAction","target":["https:\/\/tiempodetormentas.com\/humanidad\/internacional\/rumania-primer-golpe-de-estado-del-siglo-xxi-la-union-europea\/"]}]},{"@type":"ImageObject","inLanguage":"en-GB","@id":"https:\/\/tiempodetormentas.com\/humanidad\/internacional\/rumania-primer-golpe-de-estado-del-siglo-xxi-la-union-europea\/#primaryimage","url":"https:\/\/tiempodetormentas.com\/wp-content\/uploads\/2025\/01\/mapa-de-rumania-zoom-en-el-mundial-imagenes-video-k-graficos-movimiento-del-mundo-material-stock-265570117.webp","contentUrl":"https:\/\/tiempodetormentas.com\/wp-content\/uploads\/2025\/01\/mapa-de-rumania-zoom-en-el-mundial-imagenes-video-k-graficos-movimiento-del-mundo-material-stock-265570117.webp","width":800,"height":450},{"@type":"BreadcrumbList","@id":"https:\/\/tiempodetormentas.com\/humanidad\/internacional\/rumania-primer-golpe-de-estado-del-siglo-xxi-la-union-europea\/#breadcrumb","itemListElement":[{"@type":"ListItem","position":1,"name":"Portada","item":"https:\/\/tiempodetormentas.com\/"},{"@type":"ListItem","position":2,"name":"RUMAN\u00cdA PRIMER GOLPE DE ESTADO DEL SIGLO XXI DENTRO DE LA UNION EUROPEA"}]},{"@type":"WebSite","@id":"https:\/\/tiempodetormentas.com\/#website","url":"https:\/\/tiempodetormentas.com\/","name":"Tiempo de Tormentas","description":"Edita el club de la bruma","publisher":{"@id":"https:\/\/tiempodetormentas.com\/#organization"},"potentialAction":[{"@type":"SearchAction","target":{"@type":"EntryPoint","urlTemplate":"https:\/\/tiempodetormentas.com\/?s={search_term_string}"},"query-input":{"@type":"PropertyValueSpecification","valueRequired":true,"valueName":"search_term_string"}}],"inLanguage":"en-GB"},{"@type":"Organization","@id":"https:\/\/tiempodetormentas.com\/#organization","name":"Tiempo de Tormentas","url":"https:\/\/tiempodetormentas.com\/","logo":{"@type":"ImageObject","inLanguage":"en-GB","@id":"https:\/\/tiempodetormentas.com\/#\/schema\/logo\/image\/","url":"https:\/\/tiempodetormentas.com\/wp-content\/uploads\/2022\/01\/tiempo-de-tormentas.png","contentUrl":"https:\/\/tiempodetormentas.com\/wp-content\/uploads\/2022\/01\/tiempo-de-tormentas.png","width":448,"height":121,"caption":"Tiempo de Tormentas"},"image":{"@id":"https:\/\/tiempodetormentas.com\/#\/schema\/logo\/image\/"}},{"@type":"Person","@id":"https:\/\/tiempodetormentas.com\/#\/schema\/person\/f8c15d9e322a5a2a0529ae24c9bb4409","name":"Tiempo de Tormentas","image":{"@type":"ImageObject","inLanguage":"en-GB","@id":"https:\/\/tiempodetormentas.com\/#\/schema\/person\/image\/","url":"https:\/\/secure.gravatar.com\/avatar\/41ab5f71e764337e074e1cc8a08a5205b1c5c846b93c75fefbe2bec43bc13ab8?s=96&d=mm&r=g","contentUrl":"https:\/\/secure.gravatar.com\/avatar\/41ab5f71e764337e074e1cc8a08a5205b1c5c846b93c75fefbe2bec43bc13ab8?s=96&d=mm&r=g","caption":"Tiempo de Tormentas"},"url":"https:\/\/tiempodetormentas.com\/en\/author\/tiempo\/"}]}},"_links":{"self":[{"href":"https:\/\/tiempodetormentas.com\/en\/wp-json\/wp\/v2\/posts\/1021","targetHints":{"allow":["GET"]}}],"collection":[{"href":"https:\/\/tiempodetormentas.com\/en\/wp-json\/wp\/v2\/posts"}],"about":[{"href":"https:\/\/tiempodetormentas.com\/en\/wp-json\/wp\/v2\/types\/post"}],"author":[{"embeddable":true,"href":"https:\/\/tiempodetormentas.com\/en\/wp-json\/wp\/v2\/users\/8"}],"replies":[{"embeddable":true,"href":"https:\/\/tiempodetormentas.com\/en\/wp-json\/wp\/v2\/comments?post=1021"}],"version-history":[{"count":5,"href":"https:\/\/tiempodetormentas.com\/en\/wp-json\/wp\/v2\/posts\/1021\/revisions"}],"predecessor-version":[{"id":1030,"href":"https:\/\/tiempodetormentas.com\/en\/wp-json\/wp\/v2\/posts\/1021\/revisions\/1030"}],"wp:featuredmedia":[{"embeddable":true,"href":"https:\/\/tiempodetormentas.com\/en\/wp-json\/wp\/v2\/media\/1023"}],"wp:attachment":[{"href":"https:\/\/tiempodetormentas.com\/en\/wp-json\/wp\/v2\/media?parent=1021"}],"wp:term":[{"taxonomy":"category","embeddable":true,"href":"https:\/\/tiempodetormentas.com\/en\/wp-json\/wp\/v2\/categories?post=1021"},{"taxonomy":"post_tag","embeddable":true,"href":"https:\/\/tiempodetormentas.com\/en\/wp-json\/wp\/v2\/tags?post=1021"}],"curies":[{"name":"wp","href":"https:\/\/api.w.org\/{rel}","templated":true}]}}