{"id":1009,"date":"2025-01-08T19:47:19","date_gmt":"2025-01-08T19:47:19","guid":{"rendered":"https:\/\/tiempodetormentas.com\/?p=1009"},"modified":"2025-01-08T20:00:55","modified_gmt":"2025-01-08T20:00:55","slug":"la-libertad-de-la-prensa-otanazi","status":"publish","type":"post","link":"https:\/\/tiempodetormentas.com\/en\/editorial\/la-libertad-de-la-prensa-otanazi\/","title":{"rendered":"LA LIBERTAD DE EXPRESION EN LA U.E"},"content":{"rendered":"<p><img loading=\"lazy\" decoding=\"async\" class=\"aligncenter size-full wp-image-1010\" src=\"https:\/\/tiempodetormentas.com\/wp-content\/uploads\/2025\/01\/872923324_248022590_1706x3067-scaled.webp\" alt=\"\" width=\"1424\" height=\"2560\" srcset=\"https:\/\/tiempodetormentas.com\/wp-content\/uploads\/2025\/01\/872923324_248022590_1706x3067-scaled.webp 1424w, https:\/\/tiempodetormentas.com\/wp-content\/uploads\/2025\/01\/872923324_248022590_1706x3067-167x300.webp 167w, https:\/\/tiempodetormentas.com\/wp-content\/uploads\/2025\/01\/872923324_248022590_1706x3067-570x1024.webp 570w, https:\/\/tiempodetormentas.com\/wp-content\/uploads\/2025\/01\/872923324_248022590_1706x3067-768x1381.webp 768w, https:\/\/tiempodetormentas.com\/wp-content\/uploads\/2025\/01\/872923324_248022590_1706x3067-854x1536.webp 854w, https:\/\/tiempodetormentas.com\/wp-content\/uploads\/2025\/01\/872923324_248022590_1706x3067-1139x2048.webp 1139w, https:\/\/tiempodetormentas.com\/wp-content\/uploads\/2025\/01\/872923324_248022590_1706x3067-234x420.webp 234w, https:\/\/tiempodetormentas.com\/wp-content\/uploads\/2025\/01\/872923324_248022590_1706x3067-150x270.webp 150w, https:\/\/tiempodetormentas.com\/wp-content\/uploads\/2025\/01\/872923324_248022590_1706x3067-300x539.webp 300w, https:\/\/tiempodetormentas.com\/wp-content\/uploads\/2025\/01\/872923324_248022590_1706x3067-696x1251.webp 696w, https:\/\/tiempodetormentas.com\/wp-content\/uploads\/2025\/01\/872923324_248022590_1706x3067-1068x1920.webp 1068w\" sizes=\"auto, (max-width: 1424px) 100vw, 1424px\" \/><\/p>\n<p><strong>EDITORIAL<\/strong><\/p>\n<p>Es muy triste el estado no ya de deterioro, sino de inquilinaje y vasallaje, de la mayor\u00eda de los medios de comunicaci\u00f3n de masas en toda la U.E<\/p>\n<p>Inquilinaje porque est\u00e1n m\u00e1s pendientes de que no les falte la publicidad institucional y de las grandes empresas que de difundir la verdad objetiva de los hechos que la ciudadan\u00eda tiene derecho a conocer.<\/p>\n<p>Vasallaje, pues repiten como cotorras medi\u00e1ticas, c\u00f3mo consignas de guerra los bulos, las falsedades y las revisiones de la historia para mostrar ante la poblaci\u00f3n una guerra imperialista, organizada de largo, como una necesidad defensiva por la \u00ablibertad de Europa\u00bb.<\/p>\n<p>Eso s\u00ed RT y otros medios censurados para que no nos enga\u00f1en porque somos ni\u00f1os.<\/p>\n<p>Lo cierto es que la \u00fanica pol\u00edtica expansionista la hizo la OTAN en Yugoslavia, 79 d\u00edas de bombardeos, sobre Belgrado con Javier Solana de Secretario General; la hizo en Checoslovaquia hoy dos pa\u00edses distintos; la hizo entrando en Estonia, Lituania, Letonia, Polonia&#8230;; la hizo pretendiendo rodear a Rusia de Bases Norteamericanas cargadas de misiles a la par que acusan a los rusos de expansionistas. \u00bfPara qu\u00e9? Por lo de siempre, invadirles, trocearles, desmembrarles, colocar gobiernos monigotes y a trav\u00e9s de contratos preferenciales robar todas sus materias primas&#8230; Y lo tienen metido en vena, el sue\u00f1o imperialista de Mackinder y Spikman, del Heartland y del Rimland. Y si para ello es necesaria la guerra, sin dudar en mandar a los europeos a combatir y morir entre ellos en nombre de la \u00abLibertad\u00bb; pero no la \u00abLibertad de los pueblos\u00bb sino la libertad (con min\u00fascula) de las corporaciones financieras norteamericanas e inglesas.<\/p>\n<p>\u00bfY en todo este hermoso collage paisaj\u00edstico cabe preguntarse qu\u00e9 ha pasado con la izquierda europea antiimperialista, pacif\u00edsta, antisistema, que no ha convocado marchas contra la OTAN en Europa, que justifica la guerra para defender al dictador de Kiev? Tal vez, que la han infiltrado desde el final de la II Gran Guerra con la escuela de Frankfort llena de falsos marxistas con carnet de la OSS y la CIA, con las miles y miles de ONG\u00b4S \u00abhumanitarias\u00bb de cuyos dineros de dif\u00edcil rastreo son en su mayor\u00eda de procedencia for\u00e1nea. Y ah\u00ed est\u00e1 el resultado:<\/p>\n<p>No ya la escandalosa ausencia de marchas \u00abcontra la guerra\u00bb, es que ni siquiera una palabra cr\u00edtica acerca de las tropas de ocupaci\u00f3n norteamericanas, de las ambiciones anglosajonas y del estado colonial al que mantienen sometidas a la econom\u00eda, la soberan\u00eda pol\u00edtica, la libertad real de la ciudadan\u00eda para discrepar o informarse. Ni c\u00f3mo, los de siempre, defienden el libre mercado aunque hip\u00f3critamente el Imperio vuele el Nord Stream y nos obligue a comprar petr\u00f3leo y gas siete veces m\u00e1s caro a esos mismos Estados Unidos que el que compr\u00e1bamos a Rusia durante d\u00e9cadas sin que nos diera ning\u00fan problema y que adem\u00e1s nos obligan a gastar dinero p\u00fablico, cuyo destino racional es m\u00e1s sanidad, educaci\u00f3n, viviendas, ciencia, tecnolog\u00eda, bienestar de la ciudadan\u00eda, en compras escandalosas de dinero en armas a la industria norteamericana para alimentar una guerra cuyo dise\u00f1o en Ucrania ya lo p\u00fablico la Rand corporation antes de ser iniciada.<\/p>\n<p>Termin\u00f3 la II guerra mundial y los que vinieron se quedaron, no como aliados, si como ocupantes. Y si no es as\u00ed preg\u00fanteles simplemente si estar\u00edan dispuestos en nombre de la alianza a dejarse instalar bases militares europeas en Norteam\u00e9rica, con los mismos n\u00fameros de asentamientos y de tropas que tienen aqu\u00ed y f\u00edjense que cara les ponen.<\/p>\n<p>No es censura, es arte dram\u00e1tico en los despachos, en los parlamentos, en las c\u00e1maras de justicia, en los plat\u00f3s y redacciones. Es dramaturgia en estado puro pues esto es Europa, la del rapto, y nosotros el p\u00fablico de esta p\u00fablica farsa.<\/p>","protected":false},"excerpt":{"rendered":"<p>EDITORIAL Es muy triste el estado no ya de deterioro, sino de inquilinaje y vasallaje, de la mayor\u00eda de los medios de comunicaci\u00f3n de masas en toda la U.E Inquilinaje porque est\u00e1n m\u00e1s pendientes de que no les falte la publicidad institucional y de las grandes empresas que de difundir la verdad objetiva de los [&hellip;]<\/p>","protected":false},"author":8,"featured_media":1010,"comment_status":"open","ping_status":"open","sticky":true,"template":"","format":"standard","meta":{"footnotes":""},"categories":[23],"tags":[],"class_list":{"0":"post-1009","1":"post","2":"type-post","3":"status-publish","4":"format-standard","5":"has-post-thumbnail","7":"category-editorial"},"yoast_head":"<!-- This site is optimized with the Yoast SEO plugin v26.2 - https:\/\/yoast.com\/wordpress\/plugins\/seo\/ -->\n<title>LA LIBERTAD DE EXPRESION EN LA U.E - Tiempo de Tormentas<\/title>\n<meta name=\"robots\" content=\"index, follow, max-snippet:-1, max-image-preview:large, max-video-preview:-1\" \/>\n<link rel=\"canonical\" href=\"https:\/\/tiempodetormentas.com\/en\/editorial\/la-libertad-de-la-prensa-otanazi\/\" \/>\n<meta property=\"og:locale\" content=\"en_GB\" \/>\n<meta property=\"og:type\" content=\"article\" \/>\n<meta property=\"og:title\" content=\"LA LIBERTAD DE EXPRESION EN LA U.E - Tiempo de Tormentas\" \/>\n<meta property=\"og:description\" content=\"EDITORIAL Es muy triste el estado no ya de deterioro, sino de inquilinaje y vasallaje, de la mayor\u00eda de los medios de comunicaci\u00f3n de masas en toda la U.E Inquilinaje porque est\u00e1n m\u00e1s pendientes de que no les falte la publicidad institucional y de las grandes empresas que de difundir la verdad objetiva de los [&hellip;]\" \/>\n<meta property=\"og:url\" content=\"https:\/\/tiempodetormentas.com\/en\/editorial\/la-libertad-de-la-prensa-otanazi\/\" \/>\n<meta property=\"og:site_name\" content=\"Tiempo de Tormentas\" \/>\n<meta property=\"article:published_time\" content=\"2025-01-08T19:47:19+00:00\" \/>\n<meta property=\"article:modified_time\" content=\"2025-01-08T20:00:55+00:00\" \/>\n<meta property=\"og:image\" content=\"https:\/\/tiempodetormentas.com\/wp-content\/uploads\/2025\/01\/872923324_248022590_1706x3067-scaled.webp\" \/>\n\t<meta property=\"og:image:width\" content=\"1424\" \/>\n\t<meta property=\"og:image:height\" content=\"2560\" \/>\n\t<meta property=\"og:image:type\" content=\"image\/webp\" \/>\n<meta name=\"author\" content=\"Tiempo de Tormentas\" \/>\n<meta name=\"twitter:card\" content=\"summary_large_image\" \/>\n<meta name=\"twitter:label1\" content=\"Written by\" \/>\n\t<meta name=\"twitter:data1\" content=\"Tiempo de Tormentas\" \/>\n\t<meta name=\"twitter:label2\" content=\"Estimated reading time\" \/>\n\t<meta name=\"twitter:data2\" content=\"4 minutes\" \/>\n<script type=\"application\/ld+json\" class=\"yoast-schema-graph\">{\"@context\":\"https:\/\/schema.org\",\"@graph\":[{\"@type\":\"Article\",\"@id\":\"https:\/\/tiempodetormentas.com\/editorial\/la-libertad-de-la-prensa-otanazi\/#article\",\"isPartOf\":{\"@id\":\"https:\/\/tiempodetormentas.com\/editorial\/la-libertad-de-la-prensa-otanazi\/\"},\"author\":{\"name\":\"Tiempo de Tormentas\",\"@id\":\"https:\/\/tiempodetormentas.com\/#\/schema\/person\/f8c15d9e322a5a2a0529ae24c9bb4409\"},\"headline\":\"LA LIBERTAD DE EXPRESION EN LA U.E\",\"datePublished\":\"2025-01-08T19:47:19+00:00\",\"dateModified\":\"2025-01-08T20:00:55+00:00\",\"mainEntityOfPage\":{\"@id\":\"https:\/\/tiempodetormentas.com\/editorial\/la-libertad-de-la-prensa-otanazi\/\"},\"wordCount\":677,\"commentCount\":2,\"publisher\":{\"@id\":\"https:\/\/tiempodetormentas.com\/#organization\"},\"image\":{\"@id\":\"https:\/\/tiempodetormentas.com\/editorial\/la-libertad-de-la-prensa-otanazi\/#primaryimage\"},\"thumbnailUrl\":\"https:\/\/tiempodetormentas.com\/wp-content\/uploads\/2025\/01\/872923324_248022590_1706x3067-scaled.webp\",\"articleSection\":[\"Editorial\"],\"inLanguage\":\"en-GB\",\"potentialAction\":[{\"@type\":\"CommentAction\",\"name\":\"Comment\",\"target\":[\"https:\/\/tiempodetormentas.com\/editorial\/la-libertad-de-la-prensa-otanazi\/#respond\"]}]},{\"@type\":\"WebPage\",\"@id\":\"https:\/\/tiempodetormentas.com\/editorial\/la-libertad-de-la-prensa-otanazi\/\",\"url\":\"https:\/\/tiempodetormentas.com\/editorial\/la-libertad-de-la-prensa-otanazi\/\",\"name\":\"LA LIBERTAD DE EXPRESION EN LA U.E - Tiempo de Tormentas\",\"isPartOf\":{\"@id\":\"https:\/\/tiempodetormentas.com\/#website\"},\"primaryImageOfPage\":{\"@id\":\"https:\/\/tiempodetormentas.com\/editorial\/la-libertad-de-la-prensa-otanazi\/#primaryimage\"},\"image\":{\"@id\":\"https:\/\/tiempodetormentas.com\/editorial\/la-libertad-de-la-prensa-otanazi\/#primaryimage\"},\"thumbnailUrl\":\"https:\/\/tiempodetormentas.com\/wp-content\/uploads\/2025\/01\/872923324_248022590_1706x3067-scaled.webp\",\"datePublished\":\"2025-01-08T19:47:19+00:00\",\"dateModified\":\"2025-01-08T20:00:55+00:00\",\"breadcrumb\":{\"@id\":\"https:\/\/tiempodetormentas.com\/editorial\/la-libertad-de-la-prensa-otanazi\/#breadcrumb\"},\"inLanguage\":\"en-GB\",\"potentialAction\":[{\"@type\":\"ReadAction\",\"target\":[\"https:\/\/tiempodetormentas.com\/editorial\/la-libertad-de-la-prensa-otanazi\/\"]}]},{\"@type\":\"ImageObject\",\"inLanguage\":\"en-GB\",\"@id\":\"https:\/\/tiempodetormentas.com\/editorial\/la-libertad-de-la-prensa-otanazi\/#primaryimage\",\"url\":\"https:\/\/tiempodetormentas.com\/wp-content\/uploads\/2025\/01\/872923324_248022590_1706x3067-scaled.webp\",\"contentUrl\":\"https:\/\/tiempodetormentas.com\/wp-content\/uploads\/2025\/01\/872923324_248022590_1706x3067-scaled.webp\",\"width\":1424,\"height\":2560},{\"@type\":\"BreadcrumbList\",\"@id\":\"https:\/\/tiempodetormentas.com\/editorial\/la-libertad-de-la-prensa-otanazi\/#breadcrumb\",\"itemListElement\":[{\"@type\":\"ListItem\",\"position\":1,\"name\":\"Portada\",\"item\":\"https:\/\/tiempodetormentas.com\/\"},{\"@type\":\"ListItem\",\"position\":2,\"name\":\"LA LIBERTAD DE EXPRESION EN LA U.E\"}]},{\"@type\":\"WebSite\",\"@id\":\"https:\/\/tiempodetormentas.com\/#website\",\"url\":\"https:\/\/tiempodetormentas.com\/\",\"name\":\"Tiempo de Tormentas\",\"description\":\"Edita el club de la bruma\",\"publisher\":{\"@id\":\"https:\/\/tiempodetormentas.com\/#organization\"},\"potentialAction\":[{\"@type\":\"SearchAction\",\"target\":{\"@type\":\"EntryPoint\",\"urlTemplate\":\"https:\/\/tiempodetormentas.com\/?s={search_term_string}\"},\"query-input\":{\"@type\":\"PropertyValueSpecification\",\"valueRequired\":true,\"valueName\":\"search_term_string\"}}],\"inLanguage\":\"en-GB\"},{\"@type\":\"Organization\",\"@id\":\"https:\/\/tiempodetormentas.com\/#organization\",\"name\":\"Tiempo de Tormentas\",\"url\":\"https:\/\/tiempodetormentas.com\/\",\"logo\":{\"@type\":\"ImageObject\",\"inLanguage\":\"en-GB\",\"@id\":\"https:\/\/tiempodetormentas.com\/#\/schema\/logo\/image\/\",\"url\":\"https:\/\/tiempodetormentas.com\/wp-content\/uploads\/2022\/01\/tiempo-de-tormentas.png\",\"contentUrl\":\"https:\/\/tiempodetormentas.com\/wp-content\/uploads\/2022\/01\/tiempo-de-tormentas.png\",\"width\":448,\"height\":121,\"caption\":\"Tiempo de Tormentas\"},\"image\":{\"@id\":\"https:\/\/tiempodetormentas.com\/#\/schema\/logo\/image\/\"}},{\"@type\":\"Person\",\"@id\":\"https:\/\/tiempodetormentas.com\/#\/schema\/person\/f8c15d9e322a5a2a0529ae24c9bb4409\",\"name\":\"Tiempo de Tormentas\",\"image\":{\"@type\":\"ImageObject\",\"inLanguage\":\"en-GB\",\"@id\":\"https:\/\/tiempodetormentas.com\/#\/schema\/person\/image\/\",\"url\":\"https:\/\/secure.gravatar.com\/avatar\/41ab5f71e764337e074e1cc8a08a5205b1c5c846b93c75fefbe2bec43bc13ab8?s=96&d=mm&r=g\",\"contentUrl\":\"https:\/\/secure.gravatar.com\/avatar\/41ab5f71e764337e074e1cc8a08a5205b1c5c846b93c75fefbe2bec43bc13ab8?s=96&d=mm&r=g\",\"caption\":\"Tiempo de Tormentas\"},\"url\":\"https:\/\/tiempodetormentas.com\/en\/author\/tiempo\/\"}]}<\/script>\n<!-- \/ Yoast SEO plugin. -->","yoast_head_json":{"title":"LA LIBERTAD DE EXPRESION EN LA U.E - Tiempo de Tormentas","robots":{"index":"index","follow":"follow","max-snippet":"max-snippet:-1","max-image-preview":"max-image-preview:large","max-video-preview":"max-video-preview:-1"},"canonical":"https:\/\/tiempodetormentas.com\/en\/editorial\/la-libertad-de-la-prensa-otanazi\/","og_locale":"en_GB","og_type":"article","og_title":"LA LIBERTAD DE EXPRESION EN LA U.E - Tiempo de Tormentas","og_description":"EDITORIAL Es muy triste el estado no ya de deterioro, sino de inquilinaje y vasallaje, de la mayor\u00eda de los medios de comunicaci\u00f3n de masas en toda la U.E Inquilinaje porque est\u00e1n m\u00e1s pendientes de que no les falte la publicidad institucional y de las grandes empresas que de difundir la verdad objetiva de los [&hellip;]","og_url":"https:\/\/tiempodetormentas.com\/en\/editorial\/la-libertad-de-la-prensa-otanazi\/","og_site_name":"Tiempo de Tormentas","article_published_time":"2025-01-08T19:47:19+00:00","article_modified_time":"2025-01-08T20:00:55+00:00","og_image":[{"width":1424,"height":2560,"url":"https:\/\/tiempodetormentas.com\/wp-content\/uploads\/2025\/01\/872923324_248022590_1706x3067-scaled.webp","type":"image\/webp"}],"author":"Tiempo de Tormentas","twitter_card":"summary_large_image","twitter_misc":{"Written by":"Tiempo de Tormentas","Estimated reading time":"4 minutes"},"schema":{"@context":"https:\/\/schema.org","@graph":[{"@type":"Article","@id":"https:\/\/tiempodetormentas.com\/editorial\/la-libertad-de-la-prensa-otanazi\/#article","isPartOf":{"@id":"https:\/\/tiempodetormentas.com\/editorial\/la-libertad-de-la-prensa-otanazi\/"},"author":{"name":"Tiempo de Tormentas","@id":"https:\/\/tiempodetormentas.com\/#\/schema\/person\/f8c15d9e322a5a2a0529ae24c9bb4409"},"headline":"LA LIBERTAD DE EXPRESION EN LA U.E","datePublished":"2025-01-08T19:47:19+00:00","dateModified":"2025-01-08T20:00:55+00:00","mainEntityOfPage":{"@id":"https:\/\/tiempodetormentas.com\/editorial\/la-libertad-de-la-prensa-otanazi\/"},"wordCount":677,"commentCount":2,"publisher":{"@id":"https:\/\/tiempodetormentas.com\/#organization"},"image":{"@id":"https:\/\/tiempodetormentas.com\/editorial\/la-libertad-de-la-prensa-otanazi\/#primaryimage"},"thumbnailUrl":"https:\/\/tiempodetormentas.com\/wp-content\/uploads\/2025\/01\/872923324_248022590_1706x3067-scaled.webp","articleSection":["Editorial"],"inLanguage":"en-GB","potentialAction":[{"@type":"CommentAction","name":"Comment","target":["https:\/\/tiempodetormentas.com\/editorial\/la-libertad-de-la-prensa-otanazi\/#respond"]}]},{"@type":"WebPage","@id":"https:\/\/tiempodetormentas.com\/editorial\/la-libertad-de-la-prensa-otanazi\/","url":"https:\/\/tiempodetormentas.com\/editorial\/la-libertad-de-la-prensa-otanazi\/","name":"LA LIBERTAD DE EXPRESION EN LA U.E - Tiempo de Tormentas","isPartOf":{"@id":"https:\/\/tiempodetormentas.com\/#website"},"primaryImageOfPage":{"@id":"https:\/\/tiempodetormentas.com\/editorial\/la-libertad-de-la-prensa-otanazi\/#primaryimage"},"image":{"@id":"https:\/\/tiempodetormentas.com\/editorial\/la-libertad-de-la-prensa-otanazi\/#primaryimage"},"thumbnailUrl":"https:\/\/tiempodetormentas.com\/wp-content\/uploads\/2025\/01\/872923324_248022590_1706x3067-scaled.webp","datePublished":"2025-01-08T19:47:19+00:00","dateModified":"2025-01-08T20:00:55+00:00","breadcrumb":{"@id":"https:\/\/tiempodetormentas.com\/editorial\/la-libertad-de-la-prensa-otanazi\/#breadcrumb"},"inLanguage":"en-GB","potentialAction":[{"@type":"ReadAction","target":["https:\/\/tiempodetormentas.com\/editorial\/la-libertad-de-la-prensa-otanazi\/"]}]},{"@type":"ImageObject","inLanguage":"en-GB","@id":"https:\/\/tiempodetormentas.com\/editorial\/la-libertad-de-la-prensa-otanazi\/#primaryimage","url":"https:\/\/tiempodetormentas.com\/wp-content\/uploads\/2025\/01\/872923324_248022590_1706x3067-scaled.webp","contentUrl":"https:\/\/tiempodetormentas.com\/wp-content\/uploads\/2025\/01\/872923324_248022590_1706x3067-scaled.webp","width":1424,"height":2560},{"@type":"BreadcrumbList","@id":"https:\/\/tiempodetormentas.com\/editorial\/la-libertad-de-la-prensa-otanazi\/#breadcrumb","itemListElement":[{"@type":"ListItem","position":1,"name":"Portada","item":"https:\/\/tiempodetormentas.com\/"},{"@type":"ListItem","position":2,"name":"LA LIBERTAD DE EXPRESION EN LA U.E"}]},{"@type":"WebSite","@id":"https:\/\/tiempodetormentas.com\/#website","url":"https:\/\/tiempodetormentas.com\/","name":"Tiempo de Tormentas","description":"Edita el club de la bruma","publisher":{"@id":"https:\/\/tiempodetormentas.com\/#organization"},"potentialAction":[{"@type":"SearchAction","target":{"@type":"EntryPoint","urlTemplate":"https:\/\/tiempodetormentas.com\/?s={search_term_string}"},"query-input":{"@type":"PropertyValueSpecification","valueRequired":true,"valueName":"search_term_string"}}],"inLanguage":"en-GB"},{"@type":"Organization","@id":"https:\/\/tiempodetormentas.com\/#organization","name":"Tiempo de Tormentas","url":"https:\/\/tiempodetormentas.com\/","logo":{"@type":"ImageObject","inLanguage":"en-GB","@id":"https:\/\/tiempodetormentas.com\/#\/schema\/logo\/image\/","url":"https:\/\/tiempodetormentas.com\/wp-content\/uploads\/2022\/01\/tiempo-de-tormentas.png","contentUrl":"https:\/\/tiempodetormentas.com\/wp-content\/uploads\/2022\/01\/tiempo-de-tormentas.png","width":448,"height":121,"caption":"Tiempo de Tormentas"},"image":{"@id":"https:\/\/tiempodetormentas.com\/#\/schema\/logo\/image\/"}},{"@type":"Person","@id":"https:\/\/tiempodetormentas.com\/#\/schema\/person\/f8c15d9e322a5a2a0529ae24c9bb4409","name":"Tiempo de Tormentas","image":{"@type":"ImageObject","inLanguage":"en-GB","@id":"https:\/\/tiempodetormentas.com\/#\/schema\/person\/image\/","url":"https:\/\/secure.gravatar.com\/avatar\/41ab5f71e764337e074e1cc8a08a5205b1c5c846b93c75fefbe2bec43bc13ab8?s=96&d=mm&r=g","contentUrl":"https:\/\/secure.gravatar.com\/avatar\/41ab5f71e764337e074e1cc8a08a5205b1c5c846b93c75fefbe2bec43bc13ab8?s=96&d=mm&r=g","caption":"Tiempo de Tormentas"},"url":"https:\/\/tiempodetormentas.com\/en\/author\/tiempo\/"}]}},"_links":{"self":[{"href":"https:\/\/tiempodetormentas.com\/en\/wp-json\/wp\/v2\/posts\/1009","targetHints":{"allow":["GET"]}}],"collection":[{"href":"https:\/\/tiempodetormentas.com\/en\/wp-json\/wp\/v2\/posts"}],"about":[{"href":"https:\/\/tiempodetormentas.com\/en\/wp-json\/wp\/v2\/types\/post"}],"author":[{"embeddable":true,"href":"https:\/\/tiempodetormentas.com\/en\/wp-json\/wp\/v2\/users\/8"}],"replies":[{"embeddable":true,"href":"https:\/\/tiempodetormentas.com\/en\/wp-json\/wp\/v2\/comments?post=1009"}],"version-history":[{"count":4,"href":"https:\/\/tiempodetormentas.com\/en\/wp-json\/wp\/v2\/posts\/1009\/revisions"}],"predecessor-version":[{"id":1015,"href":"https:\/\/tiempodetormentas.com\/en\/wp-json\/wp\/v2\/posts\/1009\/revisions\/1015"}],"wp:featuredmedia":[{"embeddable":true,"href":"https:\/\/tiempodetormentas.com\/en\/wp-json\/wp\/v2\/media\/1010"}],"wp:attachment":[{"href":"https:\/\/tiempodetormentas.com\/en\/wp-json\/wp\/v2\/media?parent=1009"}],"wp:term":[{"taxonomy":"category","embeddable":true,"href":"https:\/\/tiempodetormentas.com\/en\/wp-json\/wp\/v2\/categories?post=1009"},{"taxonomy":"post_tag","embeddable":true,"href":"https:\/\/tiempodetormentas.com\/en\/wp-json\/wp\/v2\/tags?post=1009"}],"curies":[{"name":"wp","href":"https:\/\/api.w.org\/{rel}","templated":true}]}}